{"id":393151,"date":"2023-07-20T11:38:42","date_gmt":"2023-07-20T09:38:42","guid":{"rendered":"https:\/\/dicodusport.fr\/blog\/?p=393151&#038;preview=true&#038;preview_id=393151"},"modified":"2023-07-20T11:38:46","modified_gmt":"2023-07-20T09:38:46","slug":"tour-de-france-2023-parcours-et-profil-de-la-18eme-etape","status":"publish","type":"post","link":"https:\/\/dicodusport.fr\/blog\/tour-de-france-2023-parcours-et-profil-de-la-18eme-etape\/","title":{"rendered":"Tour de France 2023 : Parcours et profil de la 18\u00e8me \u00e9tape"},"content":{"rendered":"<p style=\"text-align: justify;\"><b><i><a href=\"https:\/\/dicodusport.fr\/blog\/actualites\/cyclisme\/cyclisme-sur-route-2023\/tour-de-france-2023\/\">TOUR DE FRANCE 2023<\/a>\u00a0\u2013 La 18\u00e8me \u00e9tape, ce jeudi 20 juillet 2023, sera une \u00e9tape de plaine entre Mo\u00fbtiers et Bourg-en-Bresse (184,9 kilom\u00e8tres), \u00e0 travers les routes de la Savoie et de l&rsquo;Ain. Parcours et profil.<\/i><\/b><\/p>\n<h2 style=\"text-align: justify;\">Parcours de la 18\u00e8me \u00e9tape du Tour de France 2023<\/h2>\n<p style=\"text-align: justify;\">D&rsquo;abord, le d\u00e9part sera donn\u00e9 sur la <span dir=\"ltr\" role=\"presentation\">place du March\u00e9<\/span> \u00e0 <strong>Mo\u00fbtiers<\/strong> \u00e0 13h05 pour 50 kilom\u00e8tres en vall\u00e9e sur un faux plat descendant. Le peloton passera par <strong>Albertville<\/strong> et <strong>Sainte-H\u00e9l\u00e8ne-sur-Is\u00e8re\u00a0<\/strong>dans la vall\u00e9e de l&rsquo;Is\u00e8re.<\/p>\n<p style=\"text-align: justify;\">De <strong>Montm\u00e9lian<\/strong> \u00e0 <strong>Chamb\u00e9ry,<\/strong> il y aura une portion de 15 kilom\u00e8tres en plaine avant une petite bosse avant la <strong>C\u00f4te de Chamb\u00e9ry-le-Haut<\/strong> (1,6 km \u00e0 4,1 %), avec, au sommet, un plateau de pr\u00e8s de 6 kilom\u00e8tres. Les pourcentages de cette bosse iront crescendo.<\/p>\n<p style=\"text-align: justify;\">Apr\u00e8s une petite partie plate pour rejoindre les bords du Lac du Bourget, la route s&rsquo;\u00e9l\u00e8vera de nouveau via le Tunnel du Chat sur 4 kilom\u00e8tres \u00e0 4 % de moyenne.<\/p>\n<p style=\"text-align: justify;\">Ensuite, ce sera plat dans la vall\u00e9e de Rh\u00f4ne par <strong>Belley<\/strong> pendant 17 kilom\u00e8tres pour atteindre la <strong>C\u00f4te de Boissieu<\/strong> (2,4 km \u00e0 4,7 %). Cette c\u00f4te sera class\u00e9e en quatri\u00e8me cat\u00e9gorie avec des pourcentages assez irr\u00e9guliers.<\/p>\n<p style=\"text-align: justify;\">Apr\u00e8s 37 kilom\u00e8tres en faux plat descendant par <strong>Saint-Rambert-en-Bugey<\/strong>, avec le sprint interm\u00e9diaire, jusqu&rsquo;\u00e0 <strong>Amb\u00e9rieu-en-Bugey<\/strong>, la route restera plate sur 24 kilom\u00e8tres sur de grandes lignes droites, avant un dernier petit relief avec la mont\u00e9e roulante de Revonnas (2 km \u00e0 3,2 %), dont le sommet se trouvera \u00e0 moins de 12 kilom\u00e8tres du terme.<\/p>\n<p style=\"text-align: justify;\">Enfin, les derniers kilom\u00e8tres devraient \u00eatre rapides avec du faux plat descendant sur des routes rectilignes jusqu&rsquo;\u00e0 <strong>Bourg-en-Bresse<\/strong>, \u00e0 l&rsquo;extr\u00e9mit\u00e9 sud-est de la plaine bocag\u00e8re de Bresse. Dans le final, il y aura cinq ronds-points avant d&rsquo;entamer les deux derniers kilom\u00e8tres. Apr\u00e8s une courbe \u00e0 droite, l&rsquo;arriv\u00e9e se situera sur le boulevard Charles-de-Gaulle et sera jug\u00e9e vers 17h30, au bout d&rsquo;une ligne droite de 750 m\u00e8tres.<\/p>\n<p style=\"text-align: justify;\">Ce sera la troisi\u00e8me arriv\u00e9e \u00e0 <strong>Bourg-en-Bresse\u00a0<\/strong>sur le Tour de France, apr\u00e8s 2002 avec le succ\u00e8s de Thor Hushovd et 2007 avec la victoire au sprint de Tom Boonen.<\/p>\n<div id=\"attachment_401064\" style=\"width: 970px\" class=\"wp-caption aligncenter\"><a href=\"https:\/\/dicodusport.fr\/blog\/wp-content\/uploads\/2023\/06\/Carte-du-parcours-de-la-18eme-etape-du-Tour-de-France-2023.jpg\"><img loading=\"lazy\" decoding=\"async\" aria-describedby=\"caption-attachment-401064\" class=\"size-full wp-image-401064\" src=\"https:\/\/dicodusport.fr\/blog\/wp-content\/uploads\/2023\/06\/Carte-du-parcours-de-la-18eme-etape-du-Tour-de-France-2023.jpg\" alt=\"Carte du parcours de la 18\u00e8me \u00e9tape du Tour de France 2023\" width=\"960\" height=\"678\" srcset=\"https:\/\/dicodusport.fr\/blog\/wp-content\/uploads\/2023\/06\/Carte-du-parcours-de-la-18eme-etape-du-Tour-de-France-2023.jpg 960w, https:\/\/dicodusport.fr\/blog\/wp-content\/uploads\/2023\/06\/Carte-du-parcours-de-la-18eme-etape-du-Tour-de-France-2023-300x212.jpg 300w, https:\/\/dicodusport.fr\/blog\/wp-content\/uploads\/2023\/06\/Carte-du-parcours-de-la-18eme-etape-du-Tour-de-France-2023-768x542.jpg 768w\" sizes=\"auto, (max-width: 960px) 100vw, 960px\" \/><\/a><p id=\"caption-attachment-401064\" class=\"wp-caption-text\">Carte du parcours de la 18\u00e8me \u00e9tape du Tour de France 2023 &#8211; Via ASO<\/p><\/div>\n<h2 style=\"text-align: justify;\">Profil de la 18\u00e8me \u00e9tape du Tour de France 2023<\/h2>\n<div id=\"attachment_394764\" style=\"width: 970px\" class=\"wp-caption aligncenter\"><a href=\"https:\/\/dicodusport.fr\/blog\/wp-content\/uploads\/2023\/06\/Profil-18eme-etape-Tour-de-France-2023.jpg\"><img loading=\"lazy\" decoding=\"async\" aria-describedby=\"caption-attachment-394764\" class=\"size-full wp-image-394764\" src=\"https:\/\/dicodusport.fr\/blog\/wp-content\/uploads\/2023\/06\/Profil-18eme-etape-Tour-de-France-2023.jpg\" alt=\"Profil 18\u00e8me \u00e9tape Tour de France 2023\" width=\"960\" height=\"576\" srcset=\"https:\/\/dicodusport.fr\/blog\/wp-content\/uploads\/2023\/06\/Profil-18eme-etape-Tour-de-France-2023.jpg 960w, https:\/\/dicodusport.fr\/blog\/wp-content\/uploads\/2023\/06\/Profil-18eme-etape-Tour-de-France-2023-300x180.jpg 300w, https:\/\/dicodusport.fr\/blog\/wp-content\/uploads\/2023\/06\/Profil-18eme-etape-Tour-de-France-2023-768x461.jpg 768w, https:\/\/dicodusport.fr\/blog\/wp-content\/uploads\/2023\/06\/Profil-18eme-etape-Tour-de-France-2023-590x354.jpg 590w, https:\/\/dicodusport.fr\/blog\/wp-content\/uploads\/2023\/06\/Profil-18eme-etape-Tour-de-France-2023-400x240.jpg 400w\" sizes=\"auto, (max-width: 960px) 100vw, 960px\" \/><\/a><p id=\"caption-attachment-394764\" class=\"wp-caption-text\">Profil 18\u00e8me \u00e9tape Tour de France 2023 &#8211; Via ASO<\/p><\/div>\n<h2 style=\"text-align: justify;\">\u00c0 lire aussi<\/h2>\n<ul>\n<li style=\"text-align: justify;\"><strong><a href=\"https:\/\/dicodusport.fr\/blog\/tour-de-france-2023-nos-favoris-pour-la-18eme-etape\/\">Nos favoris pour la 18\u00e8me \u00e9tape<\/a>\u00a0<\/strong><\/li>\n<li style=\"text-align: justify;\"><a href=\"https:\/\/dicodusport.fr\/blog\/tour-de-france-2023-classement-general-maillot-jaune\/\"><strong>Classement g\u00e9n\u00e9ral du Tour de France 2023<\/strong><\/a><\/li>\n<li style=\"text-align: justify;\"><a href=\"https:\/\/dicodusport.fr\/blog\/tour-de-france-2023-classement-par-points-maillot-vert\/\"><strong>Classement du Maillot vert du Tour de France 2023<\/strong><\/a><\/li>\n<li style=\"text-align: justify;\"><a href=\"https:\/\/dicodusport.fr\/blog\/tour-de-france-2023-classement-montagne-maillot-a-pois\/\"><strong>Classement du Maillot \u00e0 pois du Tour de France 2023<\/strong><\/a><\/li>\n<li style=\"text-align: justify;\"><a href=\"https:\/\/dicodusport.fr\/blog\/tour-de-france-2023-classement-meilleur-jeune-maillot-blanc\/\"><strong>Classement du Maillot blanc du Tour de France 2023<\/strong><\/a><\/li>\n<\/ul>\n","protected":false},"excerpt":{"rendered":"<p>TOUR DE FRANCE 2023\u00a0\u2013 La 18\u00e8me \u00e9tape, ce jeudi 20 juillet 2023, ralliera Mo\u00fbtiers \u00e0 Bourg-en-Bresse (184,9 kilom\u00e8tres). Parcours et profil.<\/p>\n","protected":false},"author":48,"featured_media":401067,"comment_status":"open","ping_status":"closed","sticky":false,"template":"","format":"standard","meta":{"_acf_changed":false,"_daextam_enable_autolinks":"","footnotes":""},"categories":[46994],"tags":[16878,1262],"class_list":["post-393151","post","type-post","status-publish","format-standard","has-post-thumbnail","hentry","category-cyclisme-sur-route","tag-breve","tag-tour-de-france"],"acf":[],"yoast_head":"<!-- This site is optimized with the Yoast SEO Premium plugin v26.7 (Yoast SEO v26.7) - https:\/\/yoast.com\/wordpress\/plugins\/seo\/ -->\n<title>Tour de France 2023 : Parcours et profil de la 18\u00e8me \u00e9tape<\/title>\n<meta name=\"description\" content=\"TOUR DE FRANCE 2023\u00a0\u2013 La 18\u00e8me \u00e9tape, ce jeudi 20 juillet 2023, ralliera Mo\u00fbtiers \u00e0 Bourg-en-Bresse (184,9 kilom\u00e8tres). Parcours et profil.\" \/>\n<meta name=\"robots\" content=\"index, follow, max-snippet:-1, max-image-preview:large, max-video-preview:-1\" \/>\n<link rel=\"canonical\" href=\"https:\/\/dicodusport.fr\/blog\/tour-de-france-2023-parcours-et-profil-de-la-18eme-etape\/\" \/>\n<meta property=\"og:locale\" content=\"fr_FR\" \/>\n<meta property=\"og:type\" content=\"article\" \/>\n<meta property=\"og:title\" content=\"Tour de France 2023 : Parcours et profil de la 18\u00e8me \u00e9tape\" \/>\n<meta property=\"og:description\" content=\"TOUR DE FRANCE 2023\u00a0\u2013 La 18\u00e8me \u00e9tape, ce jeudi 20 juillet 2023, ralliera Mo\u00fbtiers \u00e0 Bourg-en-Bresse (184,9 kilom\u00e8tres). Parcours et profil.\" \/>\n<meta property=\"og:url\" content=\"https:\/\/dicodusport.fr\/blog\/tour-de-france-2023-parcours-et-profil-de-la-18eme-etape\/\" \/>\n<meta property=\"og:site_name\" content=\"Dicodusport\" \/>\n<meta property=\"article:publisher\" content=\"https:\/\/www.facebook.com\/dicodusport\" \/>\n<meta property=\"article:author\" content=\"https:\/\/www.facebook.com\/groups\/LesRoisDuPeloton\" \/>\n<meta property=\"article:published_time\" content=\"2023-07-20T09:38:42+00:00\" \/>\n<meta property=\"article:modified_time\" content=\"2023-07-20T09:38:46+00:00\" \/>\n<meta property=\"og:image\" content=\"https:\/\/dicodusport.fr\/blog\/wp-content\/uploads\/2023\/06\/Tour-de-France-2023-Parcours-et-profil-de-la-18eme-etape.png\" \/>\n\t<meta property=\"og:image:width\" content=\"800\" \/>\n\t<meta property=\"og:image:height\" content=\"445\" \/>\n\t<meta property=\"og:image:type\" content=\"image\/png\" \/>\n<meta name=\"author\" content=\"Emilien Descampiaux\" \/>\n<meta name=\"twitter:card\" content=\"summary_large_image\" \/>\n<meta name=\"twitter:title\" content=\"Tour de France 2023 : Parcours et profil de la 18\u00e8me \u00e9tape\" \/>\n<meta name=\"twitter:creator\" content=\"@https:\/\/twitter.com\/LRoisDuPeloton\" \/>\n<meta name=\"twitter:site\" content=\"@dicodusport\" \/>\n<script type=\"application\/ld+json\" class=\"yoast-schema-graph\">{\"@context\":\"https:\/\/schema.org\",\"@graph\":[{\"@type\":\"NewsArticle\",\"@id\":\"https:\/\/dicodusport.fr\/blog\/tour-de-france-2023-parcours-et-profil-de-la-18eme-etape\/#article\",\"isPartOf\":{\"@id\":\"https:\/\/dicodusport.fr\/blog\/tour-de-france-2023-parcours-et-profil-de-la-18eme-etape\/\"},\"author\":{\"name\":\"Emilien Descampiaux\",\"@id\":\"https:\/\/dicodusport.fr\/blog\/#\/schema\/person\/6db4bae06b171592211be385b32876a7\"},\"headline\":\"Tour de France 2023 : Parcours et profil de la 18\u00e8me \u00e9tape\",\"datePublished\":\"2023-07-20T09:38:42+00:00\",\"dateModified\":\"2023-07-20T09:38:46+00:00\",\"mainEntityOfPage\":{\"@id\":\"https:\/\/dicodusport.fr\/blog\/tour-de-france-2023-parcours-et-profil-de-la-18eme-etape\/\"},\"wordCount\":460,\"commentCount\":0,\"publisher\":{\"@id\":\"https:\/\/dicodusport.fr\/blog\/#organization\"},\"image\":{\"@id\":\"https:\/\/dicodusport.fr\/blog\/tour-de-france-2023-parcours-et-profil-de-la-18eme-etape\/#primaryimage\"},\"thumbnailUrl\":\"https:\/\/dicodusport.fr\/blog\/wp-content\/uploads\/2023\/06\/Tour-de-France-2023-Parcours-et-profil-de-la-18eme-etape.png\",\"keywords\":[\"br\u00e8ve\",\"Tour de France\"],\"articleSection\":[\"Cyclisme sur route\"],\"inLanguage\":\"fr-FR\",\"potentialAction\":[{\"@type\":\"CommentAction\",\"name\":\"Comment\",\"target\":[\"https:\/\/dicodusport.fr\/blog\/tour-de-france-2023-parcours-et-profil-de-la-18eme-etape\/#respond\"]}],\"copyrightYear\":\"2023\",\"copyrightHolder\":{\"@id\":\"https:\/\/dicodusport.fr\/blog\/#organization\"}},{\"@type\":\"WebPage\",\"@id\":\"https:\/\/dicodusport.fr\/blog\/tour-de-france-2023-parcours-et-profil-de-la-18eme-etape\/\",\"url\":\"https:\/\/dicodusport.fr\/blog\/tour-de-france-2023-parcours-et-profil-de-la-18eme-etape\/\",\"name\":\"Tour de France 2023 : Parcours et profil de la 18\u00e8me \u00e9tape\",\"isPartOf\":{\"@id\":\"https:\/\/dicodusport.fr\/blog\/#website\"},\"primaryImageOfPage\":{\"@id\":\"https:\/\/dicodusport.fr\/blog\/tour-de-france-2023-parcours-et-profil-de-la-18eme-etape\/#primaryimage\"},\"image\":{\"@id\":\"https:\/\/dicodusport.fr\/blog\/tour-de-france-2023-parcours-et-profil-de-la-18eme-etape\/#primaryimage\"},\"thumbnailUrl\":\"https:\/\/dicodusport.fr\/blog\/wp-content\/uploads\/2023\/06\/Tour-de-France-2023-Parcours-et-profil-de-la-18eme-etape.png\",\"datePublished\":\"2023-07-20T09:38:42+00:00\",\"dateModified\":\"2023-07-20T09:38:46+00:00\",\"description\":\"TOUR DE FRANCE 2023\u00a0\u2013 La 18\u00e8me \u00e9tape, ce jeudi 20 juillet 2023, ralliera Mo\u00fbtiers \u00e0 Bourg-en-Bresse (184,9 kilom\u00e8tres). Parcours et profil.\",\"breadcrumb\":{\"@id\":\"https:\/\/dicodusport.fr\/blog\/tour-de-france-2023-parcours-et-profil-de-la-18eme-etape\/#breadcrumb\"},\"inLanguage\":\"fr-FR\",\"potentialAction\":[{\"@type\":\"ReadAction\",\"target\":[\"https:\/\/dicodusport.fr\/blog\/tour-de-france-2023-parcours-et-profil-de-la-18eme-etape\/\"]}]},{\"@type\":\"ImageObject\",\"inLanguage\":\"fr-FR\",\"@id\":\"https:\/\/dicodusport.fr\/blog\/tour-de-france-2023-parcours-et-profil-de-la-18eme-etape\/#primaryimage\",\"url\":\"https:\/\/dicodusport.fr\/blog\/wp-content\/uploads\/2023\/06\/Tour-de-France-2023-Parcours-et-profil-de-la-18eme-etape.png\",\"contentUrl\":\"https:\/\/dicodusport.fr\/blog\/wp-content\/uploads\/2023\/06\/Tour-de-France-2023-Parcours-et-profil-de-la-18eme-etape.png\",\"width\":800,\"height\":445,\"caption\":\"Tour de France 2023 Parcours et profil de la 18\u00e8me \u00e9tape\"},{\"@type\":\"BreadcrumbList\",\"@id\":\"https:\/\/dicodusport.fr\/blog\/tour-de-france-2023-parcours-et-profil-de-la-18eme-etape\/#breadcrumb\",\"itemListElement\":[{\"@type\":\"ListItem\",\"position\":1,\"name\":\"Accueil\",\"item\":\"https:\/\/dicodusport.fr\/blog\/\"},{\"@type\":\"ListItem\",\"position\":2,\"name\":\"Tour de France 2023 : Parcours et profil de la 18\u00e8me \u00e9tape\"}]},{\"@type\":\"WebSite\",\"@id\":\"https:\/\/dicodusport.fr\/blog\/#website\",\"url\":\"https:\/\/dicodusport.fr\/blog\/\",\"name\":\"Dicodusport\",\"description\":\"L&#039;encyclop\u00e9die de l&#039;actualit\u00e9 sportive\",\"publisher\":{\"@id\":\"https:\/\/dicodusport.fr\/blog\/#organization\"},\"potentialAction\":[{\"@type\":\"SearchAction\",\"target\":{\"@type\":\"EntryPoint\",\"urlTemplate\":\"https:\/\/dicodusport.fr\/blog\/?s={search_term_string}\"},\"query-input\":{\"@type\":\"PropertyValueSpecification\",\"valueRequired\":true,\"valueName\":\"search_term_string\"}}],\"inLanguage\":\"fr-FR\"},{\"@type\":\"NewsMediaOrganization\",\"@id\":\"https:\/\/dicodusport.fr\/blog\/#organization\",\"name\":\"Dicodusport\",\"url\":\"https:\/\/dicodusport.fr\/blog\/\",\"logo\":{\"@type\":\"ImageObject\",\"inLanguage\":\"fr-FR\",\"@id\":\"https:\/\/dicodusport.fr\/blog\/#\/schema\/logo\/image\/\",\"url\":\"https:\/\/dicodusport.fr\/blog\/wp-content\/uploads\/2020\/06\/cropped-LOGO-DICODUSPORT-2020-SANS-FOND-SANS-TEXTE.png\",\"contentUrl\":\"https:\/\/dicodusport.fr\/blog\/wp-content\/uploads\/2020\/06\/cropped-LOGO-DICODUSPORT-2020-SANS-FOND-SANS-TEXTE.png\",\"width\":512,\"height\":512,\"caption\":\"Dicodusport\"},\"image\":{\"@id\":\"https:\/\/dicodusport.fr\/blog\/#\/schema\/logo\/image\/\"},\"sameAs\":[\"https:\/\/www.facebook.com\/dicodusport\",\"https:\/\/x.com\/dicodusport\",\"https:\/\/www.instagram.com\/dicodusport\/\",\"https:\/\/www.youtube.com\/channel\/UC7V2KZ5sd3htJivAbA4ZG3w\"],\"description\":\"Dicodusport est l'encyclop\u00e9die de l'actualit\u00e9 sportive.\",\"email\":\"bonjour@dicodusport.fr\",\"legalName\":\"DICODUSPORT\",\"foundingDate\":\"2018-01-14\",\"vatID\":\"FR71834470973\",\"taxID\":\"83447097300043\",\"numberOfEmployees\":{\"@type\":\"QuantitativeValue\",\"minValue\":\"1\",\"maxValue\":\"10\"}},{\"@type\":\"Person\",\"@id\":\"https:\/\/dicodusport.fr\/blog\/#\/schema\/person\/6db4bae06b171592211be385b32876a7\",\"name\":\"Emilien Descampiaux\",\"image\":{\"@type\":\"ImageObject\",\"inLanguage\":\"fr-FR\",\"@id\":\"https:\/\/dicodusport.fr\/blog\/#\/schema\/person\/image\/\",\"url\":\"https:\/\/dicodusport.fr\/blog\/wp-content\/uploads\/2021\/05\/Emilien-Descampiaux-150x150.jpg\",\"contentUrl\":\"https:\/\/dicodusport.fr\/blog\/wp-content\/uploads\/2021\/05\/Emilien-Descampiaux-150x150.jpg\",\"caption\":\"Emilien Descampiaux\"},\"description\":\"Journaliste\/r\u00e9dacteur depuis 2014 - Fan de la classe de Frank Vandenbroucke, je vis cyclisme (et de ses paysages) depuis plus de 20 ans. Je suis tr\u00e8s impliqu\u00e9 sur mes diff\u00e9rents r\u00e9seaux sociaux pour partager ma passion sur le monde et l'Histoire de la bicyclette avec ma voix sur les images en noir et blanc du succ\u00e8s de Rik Van Steenbergen lors du Ronde sur le V\u00e9lodrome de Gand.\",\"sameAs\":[\"https:\/\/www.facebook.com\/groups\/LesRoisDuPeloton\",\"https:\/\/x.com\/https:\/\/twitter.com\/LRoisDuPeloton\"],\"url\":\"https:\/\/dicodusport.fr\/blog\/author\/emiliend\/\"}]}<\/script>\n<!-- \/ Yoast SEO Premium plugin. -->","yoast_head_json":{"title":"Tour de France 2023 : Parcours et profil de la 18\u00e8me \u00e9tape","description":"TOUR DE FRANCE 2023\u00a0\u2013 La 18\u00e8me \u00e9tape, ce jeudi 20 juillet 2023, ralliera Mo\u00fbtiers \u00e0 Bourg-en-Bresse (184,9 kilom\u00e8tres). Parcours et profil.","robots":{"index":"index","follow":"follow","max-snippet":"max-snippet:-1","max-image-preview":"max-image-preview:large","max-video-preview":"max-video-preview:-1"},"canonical":"https:\/\/dicodusport.fr\/blog\/tour-de-france-2023-parcours-et-profil-de-la-18eme-etape\/","og_locale":"fr_FR","og_type":"article","og_title":"Tour de France 2023 : Parcours et profil de la 18\u00e8me \u00e9tape","og_description":"TOUR DE FRANCE 2023\u00a0\u2013 La 18\u00e8me \u00e9tape, ce jeudi 20 juillet 2023, ralliera Mo\u00fbtiers \u00e0 Bourg-en-Bresse (184,9 kilom\u00e8tres). Parcours et profil.","og_url":"https:\/\/dicodusport.fr\/blog\/tour-de-france-2023-parcours-et-profil-de-la-18eme-etape\/","og_site_name":"Dicodusport","article_publisher":"https:\/\/www.facebook.com\/dicodusport","article_author":"https:\/\/www.facebook.com\/groups\/LesRoisDuPeloton","article_published_time":"2023-07-20T09:38:42+00:00","article_modified_time":"2023-07-20T09:38:46+00:00","og_image":[{"width":800,"height":445,"url":"https:\/\/dicodusport.fr\/blog\/wp-content\/uploads\/2023\/06\/Tour-de-France-2023-Parcours-et-profil-de-la-18eme-etape.png","type":"image\/png"}],"author":"Emilien Descampiaux","twitter_card":"summary_large_image","twitter_title":"Tour de France 2023 : Parcours et profil de la 18\u00e8me \u00e9tape","twitter_creator":"@https:\/\/twitter.com\/LRoisDuPeloton","twitter_site":"@dicodusport","schema":{"@context":"https:\/\/schema.org","@graph":[{"@type":"NewsArticle","@id":"https:\/\/dicodusport.fr\/blog\/tour-de-france-2023-parcours-et-profil-de-la-18eme-etape\/#article","isPartOf":{"@id":"https:\/\/dicodusport.fr\/blog\/tour-de-france-2023-parcours-et-profil-de-la-18eme-etape\/"},"author":{"name":"Emilien Descampiaux","@id":"https:\/\/dicodusport.fr\/blog\/#\/schema\/person\/6db4bae06b171592211be385b32876a7"},"headline":"Tour de France 2023 : Parcours et profil de la 18\u00e8me \u00e9tape","datePublished":"2023-07-20T09:38:42+00:00","dateModified":"2023-07-20T09:38:46+00:00","mainEntityOfPage":{"@id":"https:\/\/dicodusport.fr\/blog\/tour-de-france-2023-parcours-et-profil-de-la-18eme-etape\/"},"wordCount":460,"commentCount":0,"publisher":{"@id":"https:\/\/dicodusport.fr\/blog\/#organization"},"image":{"@id":"https:\/\/dicodusport.fr\/blog\/tour-de-france-2023-parcours-et-profil-de-la-18eme-etape\/#primaryimage"},"thumbnailUrl":"https:\/\/dicodusport.fr\/blog\/wp-content\/uploads\/2023\/06\/Tour-de-France-2023-Parcours-et-profil-de-la-18eme-etape.png","keywords":["br\u00e8ve","Tour de France"],"articleSection":["Cyclisme sur route"],"inLanguage":"fr-FR","potentialAction":[{"@type":"CommentAction","name":"Comment","target":["https:\/\/dicodusport.fr\/blog\/tour-de-france-2023-parcours-et-profil-de-la-18eme-etape\/#respond"]}],"copyrightYear":"2023","copyrightHolder":{"@id":"https:\/\/dicodusport.fr\/blog\/#organization"}},{"@type":"WebPage","@id":"https:\/\/dicodusport.fr\/blog\/tour-de-france-2023-parcours-et-profil-de-la-18eme-etape\/","url":"https:\/\/dicodusport.fr\/blog\/tour-de-france-2023-parcours-et-profil-de-la-18eme-etape\/","name":"Tour de France 2023 : Parcours et profil de la 18\u00e8me \u00e9tape","isPartOf":{"@id":"https:\/\/dicodusport.fr\/blog\/#website"},"primaryImageOfPage":{"@id":"https:\/\/dicodusport.fr\/blog\/tour-de-france-2023-parcours-et-profil-de-la-18eme-etape\/#primaryimage"},"image":{"@id":"https:\/\/dicodusport.fr\/blog\/tour-de-france-2023-parcours-et-profil-de-la-18eme-etape\/#primaryimage"},"thumbnailUrl":"https:\/\/dicodusport.fr\/blog\/wp-content\/uploads\/2023\/06\/Tour-de-France-2023-Parcours-et-profil-de-la-18eme-etape.png","datePublished":"2023-07-20T09:38:42+00:00","dateModified":"2023-07-20T09:38:46+00:00","description":"TOUR DE FRANCE 2023\u00a0\u2013 La 18\u00e8me \u00e9tape, ce jeudi 20 juillet 2023, ralliera Mo\u00fbtiers \u00e0 Bourg-en-Bresse (184,9 kilom\u00e8tres). Parcours et profil.","breadcrumb":{"@id":"https:\/\/dicodusport.fr\/blog\/tour-de-france-2023-parcours-et-profil-de-la-18eme-etape\/#breadcrumb"},"inLanguage":"fr-FR","potentialAction":[{"@type":"ReadAction","target":["https:\/\/dicodusport.fr\/blog\/tour-de-france-2023-parcours-et-profil-de-la-18eme-etape\/"]}]},{"@type":"ImageObject","inLanguage":"fr-FR","@id":"https:\/\/dicodusport.fr\/blog\/tour-de-france-2023-parcours-et-profil-de-la-18eme-etape\/#primaryimage","url":"https:\/\/dicodusport.fr\/blog\/wp-content\/uploads\/2023\/06\/Tour-de-France-2023-Parcours-et-profil-de-la-18eme-etape.png","contentUrl":"https:\/\/dicodusport.fr\/blog\/wp-content\/uploads\/2023\/06\/Tour-de-France-2023-Parcours-et-profil-de-la-18eme-etape.png","width":800,"height":445,"caption":"Tour de France 2023 Parcours et profil de la 18\u00e8me \u00e9tape"},{"@type":"BreadcrumbList","@id":"https:\/\/dicodusport.fr\/blog\/tour-de-france-2023-parcours-et-profil-de-la-18eme-etape\/#breadcrumb","itemListElement":[{"@type":"ListItem","position":1,"name":"Accueil","item":"https:\/\/dicodusport.fr\/blog\/"},{"@type":"ListItem","position":2,"name":"Tour de France 2023 : Parcours et profil de la 18\u00e8me \u00e9tape"}]},{"@type":"WebSite","@id":"https:\/\/dicodusport.fr\/blog\/#website","url":"https:\/\/dicodusport.fr\/blog\/","name":"Dicodusport","description":"L&#039;encyclop\u00e9die de l&#039;actualit\u00e9 sportive","publisher":{"@id":"https:\/\/dicodusport.fr\/blog\/#organization"},"potentialAction":[{"@type":"SearchAction","target":{"@type":"EntryPoint","urlTemplate":"https:\/\/dicodusport.fr\/blog\/?s={search_term_string}"},"query-input":{"@type":"PropertyValueSpecification","valueRequired":true,"valueName":"search_term_string"}}],"inLanguage":"fr-FR"},{"@type":"NewsMediaOrganization","@id":"https:\/\/dicodusport.fr\/blog\/#organization","name":"Dicodusport","url":"https:\/\/dicodusport.fr\/blog\/","logo":{"@type":"ImageObject","inLanguage":"fr-FR","@id":"https:\/\/dicodusport.fr\/blog\/#\/schema\/logo\/image\/","url":"https:\/\/dicodusport.fr\/blog\/wp-content\/uploads\/2020\/06\/cropped-LOGO-DICODUSPORT-2020-SANS-FOND-SANS-TEXTE.png","contentUrl":"https:\/\/dicodusport.fr\/blog\/wp-content\/uploads\/2020\/06\/cropped-LOGO-DICODUSPORT-2020-SANS-FOND-SANS-TEXTE.png","width":512,"height":512,"caption":"Dicodusport"},"image":{"@id":"https:\/\/dicodusport.fr\/blog\/#\/schema\/logo\/image\/"},"sameAs":["https:\/\/www.facebook.com\/dicodusport","https:\/\/x.com\/dicodusport","https:\/\/www.instagram.com\/dicodusport\/","https:\/\/www.youtube.com\/channel\/UC7V2KZ5sd3htJivAbA4ZG3w"],"description":"Dicodusport est l'encyclop\u00e9die de l'actualit\u00e9 sportive.","email":"bonjour@dicodusport.fr","legalName":"DICODUSPORT","foundingDate":"2018-01-14","vatID":"FR71834470973","taxID":"83447097300043","numberOfEmployees":{"@type":"QuantitativeValue","minValue":"1","maxValue":"10"}},{"@type":"Person","@id":"https:\/\/dicodusport.fr\/blog\/#\/schema\/person\/6db4bae06b171592211be385b32876a7","name":"Emilien Descampiaux","image":{"@type":"ImageObject","inLanguage":"fr-FR","@id":"https:\/\/dicodusport.fr\/blog\/#\/schema\/person\/image\/","url":"https:\/\/dicodusport.fr\/blog\/wp-content\/uploads\/2021\/05\/Emilien-Descampiaux-150x150.jpg","contentUrl":"https:\/\/dicodusport.fr\/blog\/wp-content\/uploads\/2021\/05\/Emilien-Descampiaux-150x150.jpg","caption":"Emilien Descampiaux"},"description":"Journaliste\/r\u00e9dacteur depuis 2014 - Fan de la classe de Frank Vandenbroucke, je vis cyclisme (et de ses paysages) depuis plus de 20 ans. Je suis tr\u00e8s impliqu\u00e9 sur mes diff\u00e9rents r\u00e9seaux sociaux pour partager ma passion sur le monde et l'Histoire de la bicyclette avec ma voix sur les images en noir et blanc du succ\u00e8s de Rik Van Steenbergen lors du Ronde sur le V\u00e9lodrome de Gand.","sameAs":["https:\/\/www.facebook.com\/groups\/LesRoisDuPeloton","https:\/\/x.com\/https:\/\/twitter.com\/LRoisDuPeloton"],"url":"https:\/\/dicodusport.fr\/blog\/author\/emiliend\/"}]}},"_links":{"self":[{"href":"https:\/\/dicodusport.fr\/blog\/wp-json\/wp\/v2\/posts\/393151","targetHints":{"allow":["GET"]}}],"collection":[{"href":"https:\/\/dicodusport.fr\/blog\/wp-json\/wp\/v2\/posts"}],"about":[{"href":"https:\/\/dicodusport.fr\/blog\/wp-json\/wp\/v2\/types\/post"}],"author":[{"embeddable":true,"href":"https:\/\/dicodusport.fr\/blog\/wp-json\/wp\/v2\/users\/48"}],"replies":[{"embeddable":true,"href":"https:\/\/dicodusport.fr\/blog\/wp-json\/wp\/v2\/comments?post=393151"}],"version-history":[{"count":0,"href":"https:\/\/dicodusport.fr\/blog\/wp-json\/wp\/v2\/posts\/393151\/revisions"}],"wp:featuredmedia":[{"embeddable":true,"href":"https:\/\/dicodusport.fr\/blog\/wp-json\/wp\/v2\/media\/401067"}],"wp:attachment":[{"href":"https:\/\/dicodusport.fr\/blog\/wp-json\/wp\/v2\/media?parent=393151"}],"wp:term":[{"taxonomy":"category","embeddable":true,"href":"https:\/\/dicodusport.fr\/blog\/wp-json\/wp\/v2\/categories?post=393151"},{"taxonomy":"post_tag","embeddable":true,"href":"https:\/\/dicodusport.fr\/blog\/wp-json\/wp\/v2\/tags?post=393151"}],"curies":[{"name":"wp","href":"https:\/\/api.w.org\/{rel}","templated":true}]}}