{"id":393167,"date":"2023-06-25T09:56:03","date_gmt":"2023-06-25T07:56:03","guid":{"rendered":"https:\/\/dicodusport.fr\/blog\/?p=393167&#038;preview=true&#038;preview_id=393167"},"modified":"2023-06-25T09:56:57","modified_gmt":"2023-06-25T07:56:57","slug":"championnats-de-france-de-cyclisme-2023-a-quelle-heure-et-sur-quelle-chaine-tv","status":"publish","type":"post","link":"https:\/\/dicodusport.fr\/blog\/championnats-de-france-de-cyclisme-2023-a-quelle-heure-et-sur-quelle-chaine-tv\/","title":{"rendered":"Championnats de France de cyclisme 2023 : \u00c0 quelle heure et sur quelle cha\u00eene TV"},"content":{"rendered":"<p style=\"text-align: justify;\"><strong><em><a href=\"https:\/\/dicodusport.fr\/blog\/cyclisme-championnats-de-france-2023-programme-et-resultats\/\" target=\"_blank\" rel=\"noopener\">CHAMPIONNATS DE FRANCE DE CYCLISME SUR ROUTE 2023<\/a> &#8211; Les championnats de France de cyclisme sur route 2023 se d\u00e9roulent du 22 au 25 juin \u00e0 Hazebrouck et Cassel. D\u00e9couvrez le programme TV.<\/em><\/strong><\/p>\n<p style=\"text-align: justify;\">Comme chaque ann\u00e9e ou presque, les championnats de France de cyclisme sur route ont lieu le week-end avant le d\u00e9part du <strong>Tour de France<\/strong>. Le contre-la-montre femmes sera la premi\u00e8re \u00e9preuve jeudi. <strong>Audrey Cordon-Ragot<\/strong> (Human Powered Health) tentera de conserver son titre remport\u00e9 l&rsquo;ann\u00e9e derni\u00e8re. Dans la foul\u00e9e, ce sont les hommes qui s&rsquo;affronteront sur un chrono de 31 kilom\u00e8tres avec un final en bosse au Mont Cassel.<\/p>\n<p style=\"text-align: justify;\"><strong>Bruno<\/strong> <strong>Armirail<\/strong> (Groupema &#8211; FDJ) remet son titre en jeu et devra tenter de battre <strong>R\u00e9mi<\/strong> <strong>Cavagna<\/strong> (Soudal &#8211; Quick Step), tr\u00e8s en forme ces derni\u00e8res semaines. Samedi, la course amateurs hommes ouvrira la journ\u00e9e pour d\u00e9signer le successeur de <strong>Matt\u00e9o<\/strong> <strong>Vercher<\/strong>, qui est depuis pass\u00e9 chez les professionnels avec la formation <strong>TotalEnergies<\/strong>. <strong>Audrey<\/strong> <strong>Cordon-Ragot,<\/strong> qui a fait le doubl\u00e9, sera encore une des favorites pour la course en ligne pr\u00e9vue samedi apr\u00e8s-midi.<\/p>\n<p style=\"text-align: justify;\">Dimanche, la course en ligne hommes pour cl\u00f4turer les championnats de France 2023. <strong>Florian<\/strong> <strong>S\u00e9n\u00e9chal <\/strong>(Soudal &#8211; Quick Step), champion de France 2022, sera au d\u00e9part, mais devrait travailler pour <strong>Julian<\/strong> <strong>Alaphilippe<\/strong> (Soudal &#8211; Quick Step), qui sera un des favoris. <strong>Romain<\/strong> <strong>Gr\u00e9goire<\/strong> (Groupama &#8211; FDJ) aura aussi son mot \u00e0 dire, tout comme <strong>Beno\u00eet Cosnefroy<\/strong> (AG2R Citro\u00ebn). \u00c0 noter que <strong>Christophe<\/strong> <strong>Laporte<\/strong> (Team Jumbo &#8211; Visma) fait l&rsquo;impasse sur les championnats de France.<\/p>\n<h2 style=\"text-align: justify;\">Cyclisme sur route : Le Programme TV des championnats de France 2023<\/h2>\n<h3 style=\"text-align: justify;\">Jeudi 22 juin 2023<\/h3>\n<p style=\"text-align: justify;\"><span style=\"text-decoration: underline;\">Contre-la-montre femmes<\/span><\/p>\n<p style=\"text-align: justify;\"><strong>Eurosport 1 :<\/strong> 13h<\/p>\n<p style=\"text-align: justify;\"><span style=\"text-decoration: underline;\">Contre-la-montre hommes<\/span><\/p>\n<p style=\"text-align: justify;\"><strong>Eurosport 1 :<\/strong> 15h30<\/p>\n<hr \/>\n<h3 style=\"text-align: justify;\">Samedi 24 juin 2023<\/h3>\n<p style=\"text-align: justify;\"><span style=\"text-decoration: underline;\">Course en ligne femmes<\/span><\/p>\n<p style=\"text-align: justify;\"><strong>Eurosport 1 :<\/strong> 14h30<br \/>\n<strong>France 3 :<\/strong> 15h15<\/p>\n<hr \/>\n<h3 style=\"text-align: justify;\">Dimanche 25 juin 2023<\/h3>\n<p style=\"text-align: justify;\"><span style=\"text-decoration: underline;\">Course en ligne hommes<\/span><\/p>\n<p style=\"text-align: justify;\"><strong>Eurosport 1 :<\/strong> 14h00<br \/>\n<strong>France 3 :<\/strong> 15h15<\/p>\n<h2 style=\"text-align: justify;\">\u00c0 lire aussi<\/h2>\n<ul>\n<li style=\"text-align: justify;\"><strong><a href=\"https:\/\/dicodusport.fr\/blog\/cyclisme-championnats-de-france-parcours-et-profil-de-la-course-en-ligne\/\">Le parcours de la course en ligne des championnats de France 2023<\/a>\u00a0<\/strong><\/li>\n<\/ul>\n","protected":false},"excerpt":{"rendered":"<p>CHAMPIONNATS DE FRANCE DE CYCLISME SUR ROUTE 2023 &#8211; Les championnats de France de cyclisme sur route 2023 se d\u00e9roulent du 22 au 25 juin \u00e0 Hazebrouck et Cassel. D\u00e9couvrez le programme TV.<\/p>\n","protected":false},"author":1,"featured_media":393197,"comment_status":"open","ping_status":"closed","sticky":false,"template":"","format":"standard","meta":{"_acf_changed":false,"_daextam_enable_autolinks":"","footnotes":""},"categories":[46994],"tags":[17213,11049,574,21872,21768,8799],"class_list":["post-393167","post","type-post","status-publish","format-standard","has-post-thumbnail","hentry","category-cyclisme-sur-route","tag-chaine","tag-championnats-de-france-cyclisme","tag-cyclisme","tag-heure","tag-horaire","tag-programme-tv"],"acf":[],"yoast_head":"<!-- This site is optimized with the Yoast SEO Premium plugin v26.7 (Yoast SEO v26.7) - https:\/\/yoast.com\/wordpress\/plugins\/seo\/ -->\n<title>Championnats de France de cyclisme 2023 : \u00c0 quelle heure et sur quelle cha\u00eene TV<\/title>\n<meta name=\"description\" content=\"Les championnats de France de cyclisme sur route 2023 se d\u00e9roulent du 22 au 25 juin \u00e0 Hazebrouck et Cassel. D\u00e9couvrez le programme TV.\" \/>\n<meta name=\"robots\" content=\"index, follow, max-snippet:-1, max-image-preview:large, max-video-preview:-1\" \/>\n<link rel=\"canonical\" href=\"https:\/\/dicodusport.fr\/blog\/championnats-de-france-de-cyclisme-2023-a-quelle-heure-et-sur-quelle-chaine-tv\/\" \/>\n<meta property=\"og:locale\" content=\"fr_FR\" \/>\n<meta property=\"og:type\" content=\"article\" \/>\n<meta property=\"og:title\" content=\"Championnats de France de cyclisme 2023 : \u00c0 quelle heure et sur quelle cha\u00eene TV\" \/>\n<meta property=\"og:description\" content=\"Les championnats de France de cyclisme sur route 2023 se d\u00e9roulent du 22 au 25 juin \u00e0 Hazebrouck et Cassel. D\u00e9couvrez le programme TV.\" \/>\n<meta property=\"og:url\" content=\"https:\/\/dicodusport.fr\/blog\/championnats-de-france-de-cyclisme-2023-a-quelle-heure-et-sur-quelle-chaine-tv\/\" \/>\n<meta property=\"og:site_name\" content=\"Dicodusport\" \/>\n<meta property=\"article:publisher\" content=\"https:\/\/www.facebook.com\/dicodusport\" \/>\n<meta property=\"article:author\" content=\"https:\/\/www.facebook.com\/dicodusport\" \/>\n<meta property=\"article:published_time\" content=\"2023-06-25T07:56:03+00:00\" \/>\n<meta property=\"article:modified_time\" content=\"2023-06-25T07:56:57+00:00\" \/>\n<meta property=\"og:image\" content=\"https:\/\/dicodusport.fr\/blog\/wp-content\/uploads\/2023\/06\/Championnats-de-France-de-cyclisme-2023-A-quelle-heure-et-sur-quelle-chaine-TV-.png\" \/>\n\t<meta property=\"og:image:width\" content=\"800\" \/>\n\t<meta property=\"og:image:height\" content=\"445\" \/>\n\t<meta property=\"og:image:type\" content=\"image\/png\" \/>\n<meta name=\"author\" content=\"Nicolas Jacquemard\" \/>\n<meta name=\"twitter:card\" content=\"summary_large_image\" \/>\n<meta name=\"twitter:title\" content=\"Championnats de France de cyclisme 2023 : \u00c0 quelle heure et sur quelle cha\u00eene TV\" \/>\n<meta name=\"twitter:creator\" content=\"@https:\/\/twitter.com\/Nico_Jacquemard\" \/>\n<meta name=\"twitter:site\" content=\"@dicodusport\" \/>\n<script type=\"application\/ld+json\" class=\"yoast-schema-graph\">{\"@context\":\"https:\/\/schema.org\",\"@graph\":[{\"@type\":\"NewsArticle\",\"@id\":\"https:\/\/dicodusport.fr\/blog\/championnats-de-france-de-cyclisme-2023-a-quelle-heure-et-sur-quelle-chaine-tv\/#article\",\"isPartOf\":{\"@id\":\"https:\/\/dicodusport.fr\/blog\/championnats-de-france-de-cyclisme-2023-a-quelle-heure-et-sur-quelle-chaine-tv\/\"},\"author\":{\"name\":\"Nicolas Jacquemard\",\"@id\":\"https:\/\/dicodusport.fr\/blog\/#\/schema\/person\/55dcb50ad410894e431ed812bbb70191\"},\"headline\":\"Championnats de France de cyclisme 2023 : \u00c0 quelle heure et sur quelle cha\u00eene TV\",\"datePublished\":\"2023-06-25T07:56:03+00:00\",\"dateModified\":\"2023-06-25T07:56:57+00:00\",\"mainEntityOfPage\":{\"@id\":\"https:\/\/dicodusport.fr\/blog\/championnats-de-france-de-cyclisme-2023-a-quelle-heure-et-sur-quelle-chaine-tv\/\"},\"wordCount\":332,\"commentCount\":0,\"publisher\":{\"@id\":\"https:\/\/dicodusport.fr\/blog\/#organization\"},\"image\":{\"@id\":\"https:\/\/dicodusport.fr\/blog\/championnats-de-france-de-cyclisme-2023-a-quelle-heure-et-sur-quelle-chaine-tv\/#primaryimage\"},\"thumbnailUrl\":\"https:\/\/dicodusport.fr\/blog\/wp-content\/uploads\/2023\/06\/Championnats-de-France-de-cyclisme-2023-A-quelle-heure-et-sur-quelle-chaine-TV-.png\",\"keywords\":[\"Cha\u00eene\",\"Championnats de France cyclisme\",\"Cyclisme\",\"Heure\",\"Horaire\",\"Programme TV\"],\"articleSection\":[\"Cyclisme sur route\"],\"inLanguage\":\"fr-FR\",\"potentialAction\":[{\"@type\":\"CommentAction\",\"name\":\"Comment\",\"target\":[\"https:\/\/dicodusport.fr\/blog\/championnats-de-france-de-cyclisme-2023-a-quelle-heure-et-sur-quelle-chaine-tv\/#respond\"]}],\"copyrightYear\":\"2023\",\"copyrightHolder\":{\"@id\":\"https:\/\/dicodusport.fr\/blog\/#organization\"}},{\"@type\":\"WebPage\",\"@id\":\"https:\/\/dicodusport.fr\/blog\/championnats-de-france-de-cyclisme-2023-a-quelle-heure-et-sur-quelle-chaine-tv\/\",\"url\":\"https:\/\/dicodusport.fr\/blog\/championnats-de-france-de-cyclisme-2023-a-quelle-heure-et-sur-quelle-chaine-tv\/\",\"name\":\"Championnats de France de cyclisme 2023 : \u00c0 quelle heure et sur quelle cha\u00eene TV\",\"isPartOf\":{\"@id\":\"https:\/\/dicodusport.fr\/blog\/#website\"},\"primaryImageOfPage\":{\"@id\":\"https:\/\/dicodusport.fr\/blog\/championnats-de-france-de-cyclisme-2023-a-quelle-heure-et-sur-quelle-chaine-tv\/#primaryimage\"},\"image\":{\"@id\":\"https:\/\/dicodusport.fr\/blog\/championnats-de-france-de-cyclisme-2023-a-quelle-heure-et-sur-quelle-chaine-tv\/#primaryimage\"},\"thumbnailUrl\":\"https:\/\/dicodusport.fr\/blog\/wp-content\/uploads\/2023\/06\/Championnats-de-France-de-cyclisme-2023-A-quelle-heure-et-sur-quelle-chaine-TV-.png\",\"datePublished\":\"2023-06-25T07:56:03+00:00\",\"dateModified\":\"2023-06-25T07:56:57+00:00\",\"description\":\"Les championnats de France de cyclisme sur route 2023 se d\u00e9roulent du 22 au 25 juin \u00e0 Hazebrouck et Cassel. D\u00e9couvrez le programme TV.\",\"breadcrumb\":{\"@id\":\"https:\/\/dicodusport.fr\/blog\/championnats-de-france-de-cyclisme-2023-a-quelle-heure-et-sur-quelle-chaine-tv\/#breadcrumb\"},\"inLanguage\":\"fr-FR\",\"potentialAction\":[{\"@type\":\"ReadAction\",\"target\":[\"https:\/\/dicodusport.fr\/blog\/championnats-de-france-de-cyclisme-2023-a-quelle-heure-et-sur-quelle-chaine-tv\/\"]}]},{\"@type\":\"ImageObject\",\"inLanguage\":\"fr-FR\",\"@id\":\"https:\/\/dicodusport.fr\/blog\/championnats-de-france-de-cyclisme-2023-a-quelle-heure-et-sur-quelle-chaine-tv\/#primaryimage\",\"url\":\"https:\/\/dicodusport.fr\/blog\/wp-content\/uploads\/2023\/06\/Championnats-de-France-de-cyclisme-2023-A-quelle-heure-et-sur-quelle-chaine-TV-.png\",\"contentUrl\":\"https:\/\/dicodusport.fr\/blog\/wp-content\/uploads\/2023\/06\/Championnats-de-France-de-cyclisme-2023-A-quelle-heure-et-sur-quelle-chaine-TV-.png\",\"width\":800,\"height\":445},{\"@type\":\"BreadcrumbList\",\"@id\":\"https:\/\/dicodusport.fr\/blog\/championnats-de-france-de-cyclisme-2023-a-quelle-heure-et-sur-quelle-chaine-tv\/#breadcrumb\",\"itemListElement\":[{\"@type\":\"ListItem\",\"position\":1,\"name\":\"Accueil\",\"item\":\"https:\/\/dicodusport.fr\/blog\/\"},{\"@type\":\"ListItem\",\"position\":2,\"name\":\"Championnats de France de cyclisme 2023 : \u00c0 quelle heure et sur quelle cha\u00eene TV\"}]},{\"@type\":\"WebSite\",\"@id\":\"https:\/\/dicodusport.fr\/blog\/#website\",\"url\":\"https:\/\/dicodusport.fr\/blog\/\",\"name\":\"Dicodusport\",\"description\":\"L&#039;encyclop\u00e9die de l&#039;actualit\u00e9 sportive\",\"publisher\":{\"@id\":\"https:\/\/dicodusport.fr\/blog\/#organization\"},\"potentialAction\":[{\"@type\":\"SearchAction\",\"target\":{\"@type\":\"EntryPoint\",\"urlTemplate\":\"https:\/\/dicodusport.fr\/blog\/?s={search_term_string}\"},\"query-input\":{\"@type\":\"PropertyValueSpecification\",\"valueRequired\":true,\"valueName\":\"search_term_string\"}}],\"inLanguage\":\"fr-FR\"},{\"@type\":\"NewsMediaOrganization\",\"@id\":\"https:\/\/dicodusport.fr\/blog\/#organization\",\"name\":\"Dicodusport\",\"url\":\"https:\/\/dicodusport.fr\/blog\/\",\"logo\":{\"@type\":\"ImageObject\",\"inLanguage\":\"fr-FR\",\"@id\":\"https:\/\/dicodusport.fr\/blog\/#\/schema\/logo\/image\/\",\"url\":\"https:\/\/dicodusport.fr\/blog\/wp-content\/uploads\/2020\/06\/cropped-LOGO-DICODUSPORT-2020-SANS-FOND-SANS-TEXTE.png\",\"contentUrl\":\"https:\/\/dicodusport.fr\/blog\/wp-content\/uploads\/2020\/06\/cropped-LOGO-DICODUSPORT-2020-SANS-FOND-SANS-TEXTE.png\",\"width\":512,\"height\":512,\"caption\":\"Dicodusport\"},\"image\":{\"@id\":\"https:\/\/dicodusport.fr\/blog\/#\/schema\/logo\/image\/\"},\"sameAs\":[\"https:\/\/www.facebook.com\/dicodusport\",\"https:\/\/x.com\/dicodusport\",\"https:\/\/www.instagram.com\/dicodusport\/\",\"https:\/\/www.youtube.com\/channel\/UC7V2KZ5sd3htJivAbA4ZG3w\"],\"description\":\"Dicodusport est l'encyclop\u00e9die de l'actualit\u00e9 sportive.\",\"email\":\"bonjour@dicodusport.fr\",\"legalName\":\"DICODUSPORT\",\"foundingDate\":\"2018-01-14\",\"vatID\":\"FR71834470973\",\"taxID\":\"83447097300043\",\"numberOfEmployees\":{\"@type\":\"QuantitativeValue\",\"minValue\":\"1\",\"maxValue\":\"10\"}},{\"@type\":\"Person\",\"@id\":\"https:\/\/dicodusport.fr\/blog\/#\/schema\/person\/55dcb50ad410894e431ed812bbb70191\",\"name\":\"Nicolas Jacquemard\",\"image\":{\"@type\":\"ImageObject\",\"inLanguage\":\"fr-FR\",\"@id\":\"https:\/\/dicodusport.fr\/blog\/#\/schema\/person\/image\/\",\"url\":\"https:\/\/dicodusport.fr\/blog\/wp-content\/uploads\/2021\/05\/Nicolas-Jacquemard-150x150.jpeg\",\"contentUrl\":\"https:\/\/dicodusport.fr\/blog\/wp-content\/uploads\/2021\/05\/Nicolas-Jacquemard-150x150.jpeg\",\"caption\":\"Nicolas Jacquemard\"},\"description\":\"Passionn\u00e9 de sport et entrepreneur depuis mes 18 ans, la cr\u00e9ation de Dicodusport m'a sembl\u00e9 \u00e9vidente pour participer \u00e0 la m\u00e9diatisation d'un plus grand nombre de sports. Le chemin est long mais avec une \u00e9quipe des plus motiv\u00e9es et les Jeux Olympiques de Paris 2024 en point de mire, nous y arriverons ! Journaliste dans le monde du sport depuis plus de 5 ans, je traite aussi bien de football, de rugby, de biathlon que de cyclisme.\",\"sameAs\":[\"https:\/\/www.facebook.com\/dicodusport\",\"https:\/\/x.com\/https:\/\/twitter.com\/Nico_Jacquemard\"],\"url\":\"https:\/\/dicodusport.fr\/blog\/author\/dicodusport\/\"}]}<\/script>\n<!-- \/ Yoast SEO Premium plugin. -->","yoast_head_json":{"title":"Championnats de France de cyclisme 2023 : \u00c0 quelle heure et sur quelle cha\u00eene TV","description":"Les championnats de France de cyclisme sur route 2023 se d\u00e9roulent du 22 au 25 juin \u00e0 Hazebrouck et Cassel. D\u00e9couvrez le programme TV.","robots":{"index":"index","follow":"follow","max-snippet":"max-snippet:-1","max-image-preview":"max-image-preview:large","max-video-preview":"max-video-preview:-1"},"canonical":"https:\/\/dicodusport.fr\/blog\/championnats-de-france-de-cyclisme-2023-a-quelle-heure-et-sur-quelle-chaine-tv\/","og_locale":"fr_FR","og_type":"article","og_title":"Championnats de France de cyclisme 2023 : \u00c0 quelle heure et sur quelle cha\u00eene TV","og_description":"Les championnats de France de cyclisme sur route 2023 se d\u00e9roulent du 22 au 25 juin \u00e0 Hazebrouck et Cassel. D\u00e9couvrez le programme TV.","og_url":"https:\/\/dicodusport.fr\/blog\/championnats-de-france-de-cyclisme-2023-a-quelle-heure-et-sur-quelle-chaine-tv\/","og_site_name":"Dicodusport","article_publisher":"https:\/\/www.facebook.com\/dicodusport","article_author":"https:\/\/www.facebook.com\/dicodusport","article_published_time":"2023-06-25T07:56:03+00:00","article_modified_time":"2023-06-25T07:56:57+00:00","og_image":[{"width":800,"height":445,"url":"https:\/\/dicodusport.fr\/blog\/wp-content\/uploads\/2023\/06\/Championnats-de-France-de-cyclisme-2023-A-quelle-heure-et-sur-quelle-chaine-TV-.png","type":"image\/png"}],"author":"Nicolas Jacquemard","twitter_card":"summary_large_image","twitter_title":"Championnats de France de cyclisme 2023 : \u00c0 quelle heure et sur quelle cha\u00eene TV","twitter_creator":"@https:\/\/twitter.com\/Nico_Jacquemard","twitter_site":"@dicodusport","schema":{"@context":"https:\/\/schema.org","@graph":[{"@type":"NewsArticle","@id":"https:\/\/dicodusport.fr\/blog\/championnats-de-france-de-cyclisme-2023-a-quelle-heure-et-sur-quelle-chaine-tv\/#article","isPartOf":{"@id":"https:\/\/dicodusport.fr\/blog\/championnats-de-france-de-cyclisme-2023-a-quelle-heure-et-sur-quelle-chaine-tv\/"},"author":{"name":"Nicolas Jacquemard","@id":"https:\/\/dicodusport.fr\/blog\/#\/schema\/person\/55dcb50ad410894e431ed812bbb70191"},"headline":"Championnats de France de cyclisme 2023 : \u00c0 quelle heure et sur quelle cha\u00eene TV","datePublished":"2023-06-25T07:56:03+00:00","dateModified":"2023-06-25T07:56:57+00:00","mainEntityOfPage":{"@id":"https:\/\/dicodusport.fr\/blog\/championnats-de-france-de-cyclisme-2023-a-quelle-heure-et-sur-quelle-chaine-tv\/"},"wordCount":332,"commentCount":0,"publisher":{"@id":"https:\/\/dicodusport.fr\/blog\/#organization"},"image":{"@id":"https:\/\/dicodusport.fr\/blog\/championnats-de-france-de-cyclisme-2023-a-quelle-heure-et-sur-quelle-chaine-tv\/#primaryimage"},"thumbnailUrl":"https:\/\/dicodusport.fr\/blog\/wp-content\/uploads\/2023\/06\/Championnats-de-France-de-cyclisme-2023-A-quelle-heure-et-sur-quelle-chaine-TV-.png","keywords":["Cha\u00eene","Championnats de France cyclisme","Cyclisme","Heure","Horaire","Programme TV"],"articleSection":["Cyclisme sur route"],"inLanguage":"fr-FR","potentialAction":[{"@type":"CommentAction","name":"Comment","target":["https:\/\/dicodusport.fr\/blog\/championnats-de-france-de-cyclisme-2023-a-quelle-heure-et-sur-quelle-chaine-tv\/#respond"]}],"copyrightYear":"2023","copyrightHolder":{"@id":"https:\/\/dicodusport.fr\/blog\/#organization"}},{"@type":"WebPage","@id":"https:\/\/dicodusport.fr\/blog\/championnats-de-france-de-cyclisme-2023-a-quelle-heure-et-sur-quelle-chaine-tv\/","url":"https:\/\/dicodusport.fr\/blog\/championnats-de-france-de-cyclisme-2023-a-quelle-heure-et-sur-quelle-chaine-tv\/","name":"Championnats de France de cyclisme 2023 : \u00c0 quelle heure et sur quelle cha\u00eene TV","isPartOf":{"@id":"https:\/\/dicodusport.fr\/blog\/#website"},"primaryImageOfPage":{"@id":"https:\/\/dicodusport.fr\/blog\/championnats-de-france-de-cyclisme-2023-a-quelle-heure-et-sur-quelle-chaine-tv\/#primaryimage"},"image":{"@id":"https:\/\/dicodusport.fr\/blog\/championnats-de-france-de-cyclisme-2023-a-quelle-heure-et-sur-quelle-chaine-tv\/#primaryimage"},"thumbnailUrl":"https:\/\/dicodusport.fr\/blog\/wp-content\/uploads\/2023\/06\/Championnats-de-France-de-cyclisme-2023-A-quelle-heure-et-sur-quelle-chaine-TV-.png","datePublished":"2023-06-25T07:56:03+00:00","dateModified":"2023-06-25T07:56:57+00:00","description":"Les championnats de France de cyclisme sur route 2023 se d\u00e9roulent du 22 au 25 juin \u00e0 Hazebrouck et Cassel. D\u00e9couvrez le programme TV.","breadcrumb":{"@id":"https:\/\/dicodusport.fr\/blog\/championnats-de-france-de-cyclisme-2023-a-quelle-heure-et-sur-quelle-chaine-tv\/#breadcrumb"},"inLanguage":"fr-FR","potentialAction":[{"@type":"ReadAction","target":["https:\/\/dicodusport.fr\/blog\/championnats-de-france-de-cyclisme-2023-a-quelle-heure-et-sur-quelle-chaine-tv\/"]}]},{"@type":"ImageObject","inLanguage":"fr-FR","@id":"https:\/\/dicodusport.fr\/blog\/championnats-de-france-de-cyclisme-2023-a-quelle-heure-et-sur-quelle-chaine-tv\/#primaryimage","url":"https:\/\/dicodusport.fr\/blog\/wp-content\/uploads\/2023\/06\/Championnats-de-France-de-cyclisme-2023-A-quelle-heure-et-sur-quelle-chaine-TV-.png","contentUrl":"https:\/\/dicodusport.fr\/blog\/wp-content\/uploads\/2023\/06\/Championnats-de-France-de-cyclisme-2023-A-quelle-heure-et-sur-quelle-chaine-TV-.png","width":800,"height":445},{"@type":"BreadcrumbList","@id":"https:\/\/dicodusport.fr\/blog\/championnats-de-france-de-cyclisme-2023-a-quelle-heure-et-sur-quelle-chaine-tv\/#breadcrumb","itemListElement":[{"@type":"ListItem","position":1,"name":"Accueil","item":"https:\/\/dicodusport.fr\/blog\/"},{"@type":"ListItem","position":2,"name":"Championnats de France de cyclisme 2023 : \u00c0 quelle heure et sur quelle cha\u00eene TV"}]},{"@type":"WebSite","@id":"https:\/\/dicodusport.fr\/blog\/#website","url":"https:\/\/dicodusport.fr\/blog\/","name":"Dicodusport","description":"L&#039;encyclop\u00e9die de l&#039;actualit\u00e9 sportive","publisher":{"@id":"https:\/\/dicodusport.fr\/blog\/#organization"},"potentialAction":[{"@type":"SearchAction","target":{"@type":"EntryPoint","urlTemplate":"https:\/\/dicodusport.fr\/blog\/?s={search_term_string}"},"query-input":{"@type":"PropertyValueSpecification","valueRequired":true,"valueName":"search_term_string"}}],"inLanguage":"fr-FR"},{"@type":"NewsMediaOrganization","@id":"https:\/\/dicodusport.fr\/blog\/#organization","name":"Dicodusport","url":"https:\/\/dicodusport.fr\/blog\/","logo":{"@type":"ImageObject","inLanguage":"fr-FR","@id":"https:\/\/dicodusport.fr\/blog\/#\/schema\/logo\/image\/","url":"https:\/\/dicodusport.fr\/blog\/wp-content\/uploads\/2020\/06\/cropped-LOGO-DICODUSPORT-2020-SANS-FOND-SANS-TEXTE.png","contentUrl":"https:\/\/dicodusport.fr\/blog\/wp-content\/uploads\/2020\/06\/cropped-LOGO-DICODUSPORT-2020-SANS-FOND-SANS-TEXTE.png","width":512,"height":512,"caption":"Dicodusport"},"image":{"@id":"https:\/\/dicodusport.fr\/blog\/#\/schema\/logo\/image\/"},"sameAs":["https:\/\/www.facebook.com\/dicodusport","https:\/\/x.com\/dicodusport","https:\/\/www.instagram.com\/dicodusport\/","https:\/\/www.youtube.com\/channel\/UC7V2KZ5sd3htJivAbA4ZG3w"],"description":"Dicodusport est l'encyclop\u00e9die de l'actualit\u00e9 sportive.","email":"bonjour@dicodusport.fr","legalName":"DICODUSPORT","foundingDate":"2018-01-14","vatID":"FR71834470973","taxID":"83447097300043","numberOfEmployees":{"@type":"QuantitativeValue","minValue":"1","maxValue":"10"}},{"@type":"Person","@id":"https:\/\/dicodusport.fr\/blog\/#\/schema\/person\/55dcb50ad410894e431ed812bbb70191","name":"Nicolas Jacquemard","image":{"@type":"ImageObject","inLanguage":"fr-FR","@id":"https:\/\/dicodusport.fr\/blog\/#\/schema\/person\/image\/","url":"https:\/\/dicodusport.fr\/blog\/wp-content\/uploads\/2021\/05\/Nicolas-Jacquemard-150x150.jpeg","contentUrl":"https:\/\/dicodusport.fr\/blog\/wp-content\/uploads\/2021\/05\/Nicolas-Jacquemard-150x150.jpeg","caption":"Nicolas Jacquemard"},"description":"Passionn\u00e9 de sport et entrepreneur depuis mes 18 ans, la cr\u00e9ation de Dicodusport m'a sembl\u00e9 \u00e9vidente pour participer \u00e0 la m\u00e9diatisation d'un plus grand nombre de sports. Le chemin est long mais avec une \u00e9quipe des plus motiv\u00e9es et les Jeux Olympiques de Paris 2024 en point de mire, nous y arriverons ! Journaliste dans le monde du sport depuis plus de 5 ans, je traite aussi bien de football, de rugby, de biathlon que de cyclisme.","sameAs":["https:\/\/www.facebook.com\/dicodusport","https:\/\/x.com\/https:\/\/twitter.com\/Nico_Jacquemard"],"url":"https:\/\/dicodusport.fr\/blog\/author\/dicodusport\/"}]}},"_links":{"self":[{"href":"https:\/\/dicodusport.fr\/blog\/wp-json\/wp\/v2\/posts\/393167","targetHints":{"allow":["GET"]}}],"collection":[{"href":"https:\/\/dicodusport.fr\/blog\/wp-json\/wp\/v2\/posts"}],"about":[{"href":"https:\/\/dicodusport.fr\/blog\/wp-json\/wp\/v2\/types\/post"}],"author":[{"embeddable":true,"href":"https:\/\/dicodusport.fr\/blog\/wp-json\/wp\/v2\/users\/1"}],"replies":[{"embeddable":true,"href":"https:\/\/dicodusport.fr\/blog\/wp-json\/wp\/v2\/comments?post=393167"}],"version-history":[{"count":0,"href":"https:\/\/dicodusport.fr\/blog\/wp-json\/wp\/v2\/posts\/393167\/revisions"}],"wp:featuredmedia":[{"embeddable":true,"href":"https:\/\/dicodusport.fr\/blog\/wp-json\/wp\/v2\/media\/393197"}],"wp:attachment":[{"href":"https:\/\/dicodusport.fr\/blog\/wp-json\/wp\/v2\/media?parent=393167"}],"wp:term":[{"taxonomy":"category","embeddable":true,"href":"https:\/\/dicodusport.fr\/blog\/wp-json\/wp\/v2\/categories?post=393167"},{"taxonomy":"post_tag","embeddable":true,"href":"https:\/\/dicodusport.fr\/blog\/wp-json\/wp\/v2\/tags?post=393167"}],"curies":[{"name":"wp","href":"https:\/\/api.w.org\/{rel}","templated":true}]}}