{"id":39325,"date":"2019-05-16T10:02:58","date_gmt":"2019-05-16T08:02:58","guid":{"rendered":"http:\/\/dicodusport.fr\/blog\/?p=39325"},"modified":"2019-05-16T10:35:32","modified_gmt":"2019-05-16T08:35:32","slug":"quand-nick-kyrgios-desosse-rafael-nadal-et-novak-djokovic","status":"publish","type":"post","link":"https:\/\/dicodusport.fr\/blog\/quand-nick-kyrgios-desosse-rafael-nadal-et-novak-djokovic\/","title":{"rendered":"Quand Nick Kyrgios d\u00e9sosse Rafael Nadal et Novak Djokovic"},"content":{"rendered":"<p style=\"text-align: justify;\"><strong><em>On le sait, Nick Kyrgios est (bien) connu pour dire ce qu&rsquo;il pense, quitte \u00e0 faire pol\u00e9mique. Lors d&rsquo;un entretien accord\u00e9 \u00e0 <a href=\"https:\/\/nochallengesremaining.podbean.com\/e\/episode-226-nick-kyrgios\/\" target=\"_blank\" rel=\"noopener\">NCR Tennis Podcast<\/a>, l&rsquo;Australien a ressorti la sulfateuse en r\u00e9glant ses comptes avec Novak Djokovic et Rafael Nadal. Extraits.<\/em> <\/strong><\/p>\n<p style=\"text-align: justify;\">36\u00e8me au classement ATP, <strong>Nick Kyrgios<\/strong>, d\u00e9sormais sp\u00e9cialiste du service \u00e0 la cuill\u00e8re, avait beaucoup \u00e0 dire lors de son interview donn\u00e9e \u00e0 <em>NCR Tennis Podcast. <\/em>Le joueur de 24 ans s&rsquo;en est d&rsquo;abord pris au num\u00e9ro un mondial, <strong>Novak Djokovic<\/strong>, un champion qu&rsquo;il ne porte pas sp\u00e9cialement dans son c\u0153ur, et pour cause : <em>\u00ab\u2009J\u2019ai l\u2019impression qu\u2019il a un besoin maladif d\u2019\u00eatre aim\u00e9. Il veut \u00eatre comme Roger. Il veut tellement \u00eatre aim\u00e9 que je ne peux pas le supporter. Sa c\u00e9l\u00e9bration apr\u00e8s les matches, c\u2019est tr\u00e8s embarrassant.\u2009\u00bb<\/em><\/p>\n<p style=\"text-align: justify;\">Apr\u00e8s ce premier coup, l&rsquo;Australien en a remis une couche, tout en ayant, encore, un mot flatteur pour le Suisse <strong>Roger Federer<\/strong> : <em>\u00ab\u2009C\u2019est un des plus grands champions de ce sport, un des meilleurs de l\u2019histoire. Peu importe le nombre de Grands Chelems qu\u2019il gagnera, il ne sera jamais le plus grand pour moi. Tout simplement parce que je l\u2019ai affront\u00e9 deux fois et, d\u00e9sol\u00e9, si tu ne peux pas me battre, tu n\u2019es pas le plus grand de l\u2019histoire. Federer sera toujours le plus grand pour moi.\u2009\u00bb <\/em>En attendant, on a d\u00e9j\u00e0 h\u00e2te de voir la prochaine opposition entre Nick Kyrgios et son meilleur ami.<\/p>\n<div id=\"attachment_39326\" style=\"width: 1360px\" class=\"wp-caption aligncenter\"><img loading=\"lazy\" decoding=\"async\" aria-describedby=\"caption-attachment-39326\" class=\"wp-image-39326 size-full\" src=\"http:\/\/dicodusport.fr\/blog\/wp-content\/uploads\/2019\/05\/Djokovic-Kyrgios-gare-aux-\u00e9tincelles-AFP.jpg\" alt=\"\" width=\"1350\" height=\"759\" srcset=\"https:\/\/dicodusport.fr\/blog\/wp-content\/uploads\/2019\/05\/Djokovic-Kyrgios-gare-aux-\u00e9tincelles-AFP.jpg 1350w, https:\/\/dicodusport.fr\/blog\/wp-content\/uploads\/2019\/05\/Djokovic-Kyrgios-gare-aux-\u00e9tincelles-AFP-300x169.jpg 300w, https:\/\/dicodusport.fr\/blog\/wp-content\/uploads\/2019\/05\/Djokovic-Kyrgios-gare-aux-\u00e9tincelles-AFP-768x432.jpg 768w, https:\/\/dicodusport.fr\/blog\/wp-content\/uploads\/2019\/05\/Djokovic-Kyrgios-gare-aux-\u00e9tincelles-AFP-1024x576.jpg 1024w\" sizes=\"auto, (max-width: 1350px) 100vw, 1350px\" \/><p id=\"caption-attachment-39326\" class=\"wp-caption-text\">Djokovic &#8211; Kyrgios, gare aux \u00e9tincelles &#8211; AFP<\/p><\/div>\n<h1 style=\"text-align: justify;\">Le clan Nadal en prend aussi pour son grade<\/h1>\n<p style=\"text-align: justify;\">Mais Nick Kyrgios ne s&rsquo;est pas arr\u00eat\u00e9 l\u00e0. Non. Sur sa liste des (grands) joueurs avec lesquels il est en conflit, le trublion du circuit ATP a \u00e9galement coch\u00e9 <strong>Rafael<\/strong> <strong>Nadal<\/strong>. Depuis leur match anim\u00e9 \u00e0 Acapulco en d\u00e9but d&rsquo;ann\u00e9e (tournoi remport\u00e9 par Kyrgios) et le fameux service \u00e0 la cuill\u00e8re de l&rsquo;Australien, la guerre est ouverte. Une guerre que ce dernier n&rsquo;a pas manqu\u00e9 d&rsquo;entretenir : <em>\u00ab\u2009Rafa est mon exact oppos\u00e9. Quand il gagne, tout va bien, il ne critique pas l\u2019adversaire, mais d\u00e8s que je le bats, il dit\u2009: \u00ab\u2009Il n\u2019a pas de respect pour moi, pour mes fans, pour le jeu\u2009\u00bb. Qu\u2019est-ce que tu racontes\u2009?. \u00bb<br \/>\n<\/em><\/p>\n<p style=\"text-align: justify;\">Kyrgios s&rsquo;est \u00e9galement permis d&rsquo;\u00e9gratigner <strong>Toni Nadal<\/strong>, l&rsquo;oncle de Rafael : <em>\u00ab Puis son oncle Toni a dit\u2009: \u00ab\u2009Il manque d\u2019\u00e9ducation\u2009\u00bb. Mec, j\u2019ai \u00e9t\u00e9 \u00e0 l\u2019\u00e9cole pendant douze ans, je suis \u00e9duqu\u00e9. Je comprends que tu sois d\u00e9\u00e7u que j\u2019ai encore battu ta famille, mais je ne serai jamais comme Nadal, on est trop diff\u00e9rents, il faut juste l\u2019accepter.\u2009\u00bb <\/em>Bref, Nick Kyrgios s&rsquo;est (encore) fait remarquer. A quand le prochain \u00e9pisode ?<\/p>\n<p><strong><em>Dicodusport<br \/>\n<a href=\"https:\/\/www.facebook.com\/dicodusport\/\" target=\"_blank\" rel=\"noopener\"><img loading=\"lazy\" decoding=\"async\" class=\"alignnone wp-image-2909\" src=\"http:\/\/dicodusport.fr\/blog\/wp-content\/uploads\/2017\/07\/logo-facebook-150x150.png\" sizes=\"auto, (max-width: 40px) 100vw, 40px\" srcset=\"https:\/\/dicodusport.fr\/blog\/wp-content\/uploads\/2017\/07\/logo-facebook-150x150.png 150w, https:\/\/dicodusport.fr\/blog\/wp-content\/uploads\/2017\/07\/logo-facebook-300x300.png 300w, https:\/\/dicodusport.fr\/blog\/wp-content\/uploads\/2017\/07\/logo-facebook.png 400w\" alt=\"\" width=\"40\" height=\"40\" \/><\/a><a href=\"https:\/\/twitter.com\/dicodusport\" target=\"_blank\" rel=\"noopener\"><img loading=\"lazy\" decoding=\"async\" class=\"alignnone wp-image-2908\" src=\"http:\/\/dicodusport.fr\/blog\/wp-content\/uploads\/2017\/07\/logo-twitter-150x150.png\" alt=\"\" width=\"39\" height=\"39\" \/><\/a><\/em><\/strong><\/p>\n<p>&nbsp;<\/p>\n<p>&nbsp;<\/p>\n","protected":false},"excerpt":{"rendered":"<p>On le sait, Nick Kyrgios est (bien) connu pour dire ce qu&rsquo;il pense, quitte \u00e0 faire pol\u00e9mique. Lors d&rsquo;un entretien accord\u00e9 \u00e0 NCR Tennis Podcast, l&rsquo;Australien a ressorti la sulfateuse en r\u00e9glant ses comptes avec Novak Djokovic et Rafael Nadal. Extraits. <\/p>\n","protected":false},"author":4,"featured_media":39327,"comment_status":"open","ping_status":"closed","sticky":false,"template":"","format":"standard","meta":{"_acf_changed":false,"_daextam_enable_autolinks":"","footnotes":""},"categories":[2,2365,2302],"tags":[156,5216,3224,3223,136],"class_list":["post-39325","post","type-post","status-publish","format-standard","has-post-thumbnail","hentry","category-actualites","category-sports-de-raquette","category-tennis","tag-atp","tag-nick-kyrgios","tag-novak-djokovic","tag-rafael-nadal","tag-tennis"],"acf":[],"yoast_head":"<!-- This site is optimized with the Yoast SEO Premium plugin v26.7 (Yoast SEO v26.7) - https:\/\/yoast.com\/wordpress\/plugins\/seo\/ -->\n<title>Quand Nick Kyrgios d\u00e9sosse Rafael Nadal et Novak Djokovic<\/title>\n<meta name=\"description\" content=\"Lors d&#039;un entretien accord\u00e9 \u00e0 NCR Tennis Podcast, Nick Kyrgios a sorti la sulfateuse en r\u00e9glant ses comptes avec Novak Djokovic et Rafael Nadal. Extraits.\" \/>\n<meta name=\"robots\" content=\"index, follow, max-snippet:-1, max-image-preview:large, max-video-preview:-1\" \/>\n<link rel=\"canonical\" href=\"https:\/\/dicodusport.fr\/blog\/quand-nick-kyrgios-desosse-rafael-nadal-et-novak-djokovic\/\" \/>\n<meta property=\"og:locale\" content=\"fr_FR\" \/>\n<meta property=\"og:type\" content=\"article\" \/>\n<meta property=\"og:title\" content=\"Quand Nick Kyrgios d\u00e9sosse Rafael Nadal et Novak Djokovic\" \/>\n<meta property=\"og:description\" content=\"Lors d&#039;un entretien accord\u00e9 \u00e0 NCR Tennis Podcast, Nick Kyrgios a sorti la sulfateuse en r\u00e9glant ses comptes avec Novak Djokovic et Rafael Nadal. Extraits.\" \/>\n<meta property=\"og:url\" content=\"https:\/\/dicodusport.fr\/blog\/quand-nick-kyrgios-desosse-rafael-nadal-et-novak-djokovic\/\" \/>\n<meta property=\"og:site_name\" content=\"Dicodusport\" \/>\n<meta property=\"article:publisher\" content=\"https:\/\/www.facebook.com\/dicodusport\" \/>\n<meta property=\"article:author\" content=\"https:\/\/www.facebook.com\/florent.ostermann\" \/>\n<meta property=\"article:published_time\" content=\"2019-05-16T08:02:58+00:00\" \/>\n<meta property=\"article:modified_time\" content=\"2019-05-16T08:35:32+00:00\" \/>\n<meta property=\"og:image\" content=\"https:\/\/dicodusport.fr\/blog\/wp-content\/uploads\/2019\/05\/Nick-Kyrgios.png\" \/>\n\t<meta property=\"og:image:width\" content=\"800\" \/>\n\t<meta property=\"og:image:height\" content=\"445\" \/>\n\t<meta property=\"og:image:type\" content=\"image\/png\" \/>\n<meta name=\"author\" content=\"Flo Ostermann\" \/>\n<meta name=\"twitter:card\" content=\"summary_large_image\" \/>\n<meta name=\"twitter:creator\" content=\"@https:\/\/twitter.com\/FlOstermann\" \/>\n<meta name=\"twitter:site\" content=\"@dicodusport\" \/>\n<script type=\"application\/ld+json\" class=\"yoast-schema-graph\">{\"@context\":\"https:\/\/schema.org\",\"@graph\":[{\"@type\":\"NewsArticle\",\"@id\":\"https:\/\/dicodusport.fr\/blog\/quand-nick-kyrgios-desosse-rafael-nadal-et-novak-djokovic\/#article\",\"isPartOf\":{\"@id\":\"https:\/\/dicodusport.fr\/blog\/quand-nick-kyrgios-desosse-rafael-nadal-et-novak-djokovic\/\"},\"author\":{\"name\":\"Flo Ostermann\",\"@id\":\"https:\/\/dicodusport.fr\/blog\/#\/schema\/person\/cb02af4c173ce4a653b55e9baf388d4a\"},\"headline\":\"Quand Nick Kyrgios d\u00e9sosse Rafael Nadal et Novak Djokovic\",\"datePublished\":\"2019-05-16T08:02:58+00:00\",\"dateModified\":\"2019-05-16T08:35:32+00:00\",\"mainEntityOfPage\":{\"@id\":\"https:\/\/dicodusport.fr\/blog\/quand-nick-kyrgios-desosse-rafael-nadal-et-novak-djokovic\/\"},\"wordCount\":498,\"commentCount\":0,\"publisher\":{\"@id\":\"https:\/\/dicodusport.fr\/blog\/#organization\"},\"image\":{\"@id\":\"https:\/\/dicodusport.fr\/blog\/quand-nick-kyrgios-desosse-rafael-nadal-et-novak-djokovic\/#primaryimage\"},\"thumbnailUrl\":\"https:\/\/dicodusport.fr\/blog\/wp-content\/uploads\/2019\/05\/Nick-Kyrgios.png\",\"keywords\":[\"ATP\",\"Nick Kyrgios\",\"Novak Djokovic\",\"Rafael Nadal\",\"Tennis\"],\"articleSection\":[\"Actualit\u00e9s\",\"Sports de raquette\",\"Tennis\"],\"inLanguage\":\"fr-FR\",\"potentialAction\":[{\"@type\":\"CommentAction\",\"name\":\"Comment\",\"target\":[\"https:\/\/dicodusport.fr\/blog\/quand-nick-kyrgios-desosse-rafael-nadal-et-novak-djokovic\/#respond\"]}],\"copyrightYear\":\"2019\",\"copyrightHolder\":{\"@id\":\"https:\/\/dicodusport.fr\/blog\/#organization\"}},{\"@type\":\"WebPage\",\"@id\":\"https:\/\/dicodusport.fr\/blog\/quand-nick-kyrgios-desosse-rafael-nadal-et-novak-djokovic\/\",\"url\":\"https:\/\/dicodusport.fr\/blog\/quand-nick-kyrgios-desosse-rafael-nadal-et-novak-djokovic\/\",\"name\":\"Quand Nick Kyrgios d\u00e9sosse Rafael Nadal et Novak Djokovic\",\"isPartOf\":{\"@id\":\"https:\/\/dicodusport.fr\/blog\/#website\"},\"primaryImageOfPage\":{\"@id\":\"https:\/\/dicodusport.fr\/blog\/quand-nick-kyrgios-desosse-rafael-nadal-et-novak-djokovic\/#primaryimage\"},\"image\":{\"@id\":\"https:\/\/dicodusport.fr\/blog\/quand-nick-kyrgios-desosse-rafael-nadal-et-novak-djokovic\/#primaryimage\"},\"thumbnailUrl\":\"https:\/\/dicodusport.fr\/blog\/wp-content\/uploads\/2019\/05\/Nick-Kyrgios.png\",\"datePublished\":\"2019-05-16T08:02:58+00:00\",\"dateModified\":\"2019-05-16T08:35:32+00:00\",\"description\":\"Lors d'un entretien accord\u00e9 \u00e0 NCR Tennis Podcast, Nick Kyrgios a sorti la sulfateuse en r\u00e9glant ses comptes avec Novak Djokovic et Rafael Nadal. Extraits.\",\"breadcrumb\":{\"@id\":\"https:\/\/dicodusport.fr\/blog\/quand-nick-kyrgios-desosse-rafael-nadal-et-novak-djokovic\/#breadcrumb\"},\"inLanguage\":\"fr-FR\",\"potentialAction\":[{\"@type\":\"ReadAction\",\"target\":[\"https:\/\/dicodusport.fr\/blog\/quand-nick-kyrgios-desosse-rafael-nadal-et-novak-djokovic\/\"]}]},{\"@type\":\"ImageObject\",\"inLanguage\":\"fr-FR\",\"@id\":\"https:\/\/dicodusport.fr\/blog\/quand-nick-kyrgios-desosse-rafael-nadal-et-novak-djokovic\/#primaryimage\",\"url\":\"https:\/\/dicodusport.fr\/blog\/wp-content\/uploads\/2019\/05\/Nick-Kyrgios.png\",\"contentUrl\":\"https:\/\/dicodusport.fr\/blog\/wp-content\/uploads\/2019\/05\/Nick-Kyrgios.png\",\"width\":800,\"height\":445},{\"@type\":\"BreadcrumbList\",\"@id\":\"https:\/\/dicodusport.fr\/blog\/quand-nick-kyrgios-desosse-rafael-nadal-et-novak-djokovic\/#breadcrumb\",\"itemListElement\":[{\"@type\":\"ListItem\",\"position\":1,\"name\":\"Accueil\",\"item\":\"https:\/\/dicodusport.fr\/blog\/\"},{\"@type\":\"ListItem\",\"position\":2,\"name\":\"Quand Nick Kyrgios d\u00e9sosse Rafael Nadal et Novak Djokovic\"}]},{\"@type\":\"WebSite\",\"@id\":\"https:\/\/dicodusport.fr\/blog\/#website\",\"url\":\"https:\/\/dicodusport.fr\/blog\/\",\"name\":\"Dicodusport\",\"description\":\"L&#039;encyclop\u00e9die de l&#039;actualit\u00e9 sportive\",\"publisher\":{\"@id\":\"https:\/\/dicodusport.fr\/blog\/#organization\"},\"potentialAction\":[{\"@type\":\"SearchAction\",\"target\":{\"@type\":\"EntryPoint\",\"urlTemplate\":\"https:\/\/dicodusport.fr\/blog\/?s={search_term_string}\"},\"query-input\":{\"@type\":\"PropertyValueSpecification\",\"valueRequired\":true,\"valueName\":\"search_term_string\"}}],\"inLanguage\":\"fr-FR\"},{\"@type\":\"NewsMediaOrganization\",\"@id\":\"https:\/\/dicodusport.fr\/blog\/#organization\",\"name\":\"Dicodusport\",\"url\":\"https:\/\/dicodusport.fr\/blog\/\",\"logo\":{\"@type\":\"ImageObject\",\"inLanguage\":\"fr-FR\",\"@id\":\"https:\/\/dicodusport.fr\/blog\/#\/schema\/logo\/image\/\",\"url\":\"https:\/\/dicodusport.fr\/blog\/wp-content\/uploads\/2020\/06\/cropped-LOGO-DICODUSPORT-2020-SANS-FOND-SANS-TEXTE.png\",\"contentUrl\":\"https:\/\/dicodusport.fr\/blog\/wp-content\/uploads\/2020\/06\/cropped-LOGO-DICODUSPORT-2020-SANS-FOND-SANS-TEXTE.png\",\"width\":512,\"height\":512,\"caption\":\"Dicodusport\"},\"image\":{\"@id\":\"https:\/\/dicodusport.fr\/blog\/#\/schema\/logo\/image\/\"},\"sameAs\":[\"https:\/\/www.facebook.com\/dicodusport\",\"https:\/\/x.com\/dicodusport\",\"https:\/\/www.instagram.com\/dicodusport\/\",\"https:\/\/www.youtube.com\/channel\/UC7V2KZ5sd3htJivAbA4ZG3w\"],\"description\":\"Dicodusport est l'encyclop\u00e9die de l'actualit\u00e9 sportive.\",\"email\":\"bonjour@dicodusport.fr\",\"legalName\":\"DICODUSPORT\",\"foundingDate\":\"2018-01-14\",\"vatID\":\"FR71834470973\",\"taxID\":\"83447097300043\",\"numberOfEmployees\":{\"@type\":\"QuantitativeValue\",\"minValue\":\"1\",\"maxValue\":\"10\"}},{\"@type\":\"Person\",\"@id\":\"https:\/\/dicodusport.fr\/blog\/#\/schema\/person\/cb02af4c173ce4a653b55e9baf388d4a\",\"name\":\"Flo Ostermann\",\"image\":{\"@type\":\"ImageObject\",\"inLanguage\":\"fr-FR\",\"@id\":\"https:\/\/dicodusport.fr\/blog\/#\/schema\/person\/image\/\",\"url\":\"https:\/\/dicodusport.fr\/blog\/wp-content\/uploads\/2021\/05\/Flo-Ostermann-150x150.jpg\",\"contentUrl\":\"https:\/\/dicodusport.fr\/blog\/wp-content\/uploads\/2021\/05\/Flo-Ostermann-150x150.jpg\",\"caption\":\"Flo Ostermann\"},\"description\":\"Journaliste\/R\u00e9dacteur depuis septembre 2015 - Mes premiers souvenirs dans le sport ? Les envol\u00e9es du Stade Toulousain et les duels Villeneuve-Schumacher et H\u00e4kkinen-Schumacher \u00e0 la fin des ann\u00e9es 90, la Coupe du monde de football en 1998, l\u2019exploit du XV de France face aux All Blacks en 1999, mais aussi Richard C\u0153ur de Lion qui vole sur les montagnes du Tour de France. Bien parti pour devenir professeur d\u2019EPS, les \u00e9v\u00e9nements de la vie (et la flemme d\u2019animer des s\u00e9ances de 3x500 m\u00e8tres toute ma vie) m\u2019ont conduit \u00e0 revoir mes plans. Me voil\u00e0 depuis fin 2017 sur Dicodusport, m\u00e9dia gr\u00e2ce (et pour) lequel je partage ma passion : le sport dans tous ses \u00e9tats. Le tout accompagn\u00e9 par les fous furieux et folles furieuses cit\u00e9s sur cette page !\",\"sameAs\":[\"https:\/\/www.facebook.com\/florent.ostermann\",\"https:\/\/x.com\/https:\/\/twitter.com\/FlOstermann\",\"admin\"],\"url\":\"https:\/\/dicodusport.fr\/blog\/author\/flo\/\"}]}<\/script>\n<!-- \/ Yoast SEO Premium plugin. -->","yoast_head_json":{"title":"Quand Nick Kyrgios d\u00e9sosse Rafael Nadal et Novak Djokovic","description":"Lors d'un entretien accord\u00e9 \u00e0 NCR Tennis Podcast, Nick Kyrgios a sorti la sulfateuse en r\u00e9glant ses comptes avec Novak Djokovic et Rafael Nadal. Extraits.","robots":{"index":"index","follow":"follow","max-snippet":"max-snippet:-1","max-image-preview":"max-image-preview:large","max-video-preview":"max-video-preview:-1"},"canonical":"https:\/\/dicodusport.fr\/blog\/quand-nick-kyrgios-desosse-rafael-nadal-et-novak-djokovic\/","og_locale":"fr_FR","og_type":"article","og_title":"Quand Nick Kyrgios d\u00e9sosse Rafael Nadal et Novak Djokovic","og_description":"Lors d'un entretien accord\u00e9 \u00e0 NCR Tennis Podcast, Nick Kyrgios a sorti la sulfateuse en r\u00e9glant ses comptes avec Novak Djokovic et Rafael Nadal. Extraits.","og_url":"https:\/\/dicodusport.fr\/blog\/quand-nick-kyrgios-desosse-rafael-nadal-et-novak-djokovic\/","og_site_name":"Dicodusport","article_publisher":"https:\/\/www.facebook.com\/dicodusport","article_author":"https:\/\/www.facebook.com\/florent.ostermann","article_published_time":"2019-05-16T08:02:58+00:00","article_modified_time":"2019-05-16T08:35:32+00:00","og_image":[{"width":800,"height":445,"url":"https:\/\/dicodusport.fr\/blog\/wp-content\/uploads\/2019\/05\/Nick-Kyrgios.png","type":"image\/png"}],"author":"Flo Ostermann","twitter_card":"summary_large_image","twitter_creator":"@https:\/\/twitter.com\/FlOstermann","twitter_site":"@dicodusport","schema":{"@context":"https:\/\/schema.org","@graph":[{"@type":"NewsArticle","@id":"https:\/\/dicodusport.fr\/blog\/quand-nick-kyrgios-desosse-rafael-nadal-et-novak-djokovic\/#article","isPartOf":{"@id":"https:\/\/dicodusport.fr\/blog\/quand-nick-kyrgios-desosse-rafael-nadal-et-novak-djokovic\/"},"author":{"name":"Flo Ostermann","@id":"https:\/\/dicodusport.fr\/blog\/#\/schema\/person\/cb02af4c173ce4a653b55e9baf388d4a"},"headline":"Quand Nick Kyrgios d\u00e9sosse Rafael Nadal et Novak Djokovic","datePublished":"2019-05-16T08:02:58+00:00","dateModified":"2019-05-16T08:35:32+00:00","mainEntityOfPage":{"@id":"https:\/\/dicodusport.fr\/blog\/quand-nick-kyrgios-desosse-rafael-nadal-et-novak-djokovic\/"},"wordCount":498,"commentCount":0,"publisher":{"@id":"https:\/\/dicodusport.fr\/blog\/#organization"},"image":{"@id":"https:\/\/dicodusport.fr\/blog\/quand-nick-kyrgios-desosse-rafael-nadal-et-novak-djokovic\/#primaryimage"},"thumbnailUrl":"https:\/\/dicodusport.fr\/blog\/wp-content\/uploads\/2019\/05\/Nick-Kyrgios.png","keywords":["ATP","Nick Kyrgios","Novak Djokovic","Rafael Nadal","Tennis"],"articleSection":["Actualit\u00e9s","Sports de raquette","Tennis"],"inLanguage":"fr-FR","potentialAction":[{"@type":"CommentAction","name":"Comment","target":["https:\/\/dicodusport.fr\/blog\/quand-nick-kyrgios-desosse-rafael-nadal-et-novak-djokovic\/#respond"]}],"copyrightYear":"2019","copyrightHolder":{"@id":"https:\/\/dicodusport.fr\/blog\/#organization"}},{"@type":"WebPage","@id":"https:\/\/dicodusport.fr\/blog\/quand-nick-kyrgios-desosse-rafael-nadal-et-novak-djokovic\/","url":"https:\/\/dicodusport.fr\/blog\/quand-nick-kyrgios-desosse-rafael-nadal-et-novak-djokovic\/","name":"Quand Nick Kyrgios d\u00e9sosse Rafael Nadal et Novak Djokovic","isPartOf":{"@id":"https:\/\/dicodusport.fr\/blog\/#website"},"primaryImageOfPage":{"@id":"https:\/\/dicodusport.fr\/blog\/quand-nick-kyrgios-desosse-rafael-nadal-et-novak-djokovic\/#primaryimage"},"image":{"@id":"https:\/\/dicodusport.fr\/blog\/quand-nick-kyrgios-desosse-rafael-nadal-et-novak-djokovic\/#primaryimage"},"thumbnailUrl":"https:\/\/dicodusport.fr\/blog\/wp-content\/uploads\/2019\/05\/Nick-Kyrgios.png","datePublished":"2019-05-16T08:02:58+00:00","dateModified":"2019-05-16T08:35:32+00:00","description":"Lors d'un entretien accord\u00e9 \u00e0 NCR Tennis Podcast, Nick Kyrgios a sorti la sulfateuse en r\u00e9glant ses comptes avec Novak Djokovic et Rafael Nadal. Extraits.","breadcrumb":{"@id":"https:\/\/dicodusport.fr\/blog\/quand-nick-kyrgios-desosse-rafael-nadal-et-novak-djokovic\/#breadcrumb"},"inLanguage":"fr-FR","potentialAction":[{"@type":"ReadAction","target":["https:\/\/dicodusport.fr\/blog\/quand-nick-kyrgios-desosse-rafael-nadal-et-novak-djokovic\/"]}]},{"@type":"ImageObject","inLanguage":"fr-FR","@id":"https:\/\/dicodusport.fr\/blog\/quand-nick-kyrgios-desosse-rafael-nadal-et-novak-djokovic\/#primaryimage","url":"https:\/\/dicodusport.fr\/blog\/wp-content\/uploads\/2019\/05\/Nick-Kyrgios.png","contentUrl":"https:\/\/dicodusport.fr\/blog\/wp-content\/uploads\/2019\/05\/Nick-Kyrgios.png","width":800,"height":445},{"@type":"BreadcrumbList","@id":"https:\/\/dicodusport.fr\/blog\/quand-nick-kyrgios-desosse-rafael-nadal-et-novak-djokovic\/#breadcrumb","itemListElement":[{"@type":"ListItem","position":1,"name":"Accueil","item":"https:\/\/dicodusport.fr\/blog\/"},{"@type":"ListItem","position":2,"name":"Quand Nick Kyrgios d\u00e9sosse Rafael Nadal et Novak Djokovic"}]},{"@type":"WebSite","@id":"https:\/\/dicodusport.fr\/blog\/#website","url":"https:\/\/dicodusport.fr\/blog\/","name":"Dicodusport","description":"L&#039;encyclop\u00e9die de l&#039;actualit\u00e9 sportive","publisher":{"@id":"https:\/\/dicodusport.fr\/blog\/#organization"},"potentialAction":[{"@type":"SearchAction","target":{"@type":"EntryPoint","urlTemplate":"https:\/\/dicodusport.fr\/blog\/?s={search_term_string}"},"query-input":{"@type":"PropertyValueSpecification","valueRequired":true,"valueName":"search_term_string"}}],"inLanguage":"fr-FR"},{"@type":"NewsMediaOrganization","@id":"https:\/\/dicodusport.fr\/blog\/#organization","name":"Dicodusport","url":"https:\/\/dicodusport.fr\/blog\/","logo":{"@type":"ImageObject","inLanguage":"fr-FR","@id":"https:\/\/dicodusport.fr\/blog\/#\/schema\/logo\/image\/","url":"https:\/\/dicodusport.fr\/blog\/wp-content\/uploads\/2020\/06\/cropped-LOGO-DICODUSPORT-2020-SANS-FOND-SANS-TEXTE.png","contentUrl":"https:\/\/dicodusport.fr\/blog\/wp-content\/uploads\/2020\/06\/cropped-LOGO-DICODUSPORT-2020-SANS-FOND-SANS-TEXTE.png","width":512,"height":512,"caption":"Dicodusport"},"image":{"@id":"https:\/\/dicodusport.fr\/blog\/#\/schema\/logo\/image\/"},"sameAs":["https:\/\/www.facebook.com\/dicodusport","https:\/\/x.com\/dicodusport","https:\/\/www.instagram.com\/dicodusport\/","https:\/\/www.youtube.com\/channel\/UC7V2KZ5sd3htJivAbA4ZG3w"],"description":"Dicodusport est l'encyclop\u00e9die de l'actualit\u00e9 sportive.","email":"bonjour@dicodusport.fr","legalName":"DICODUSPORT","foundingDate":"2018-01-14","vatID":"FR71834470973","taxID":"83447097300043","numberOfEmployees":{"@type":"QuantitativeValue","minValue":"1","maxValue":"10"}},{"@type":"Person","@id":"https:\/\/dicodusport.fr\/blog\/#\/schema\/person\/cb02af4c173ce4a653b55e9baf388d4a","name":"Flo Ostermann","image":{"@type":"ImageObject","inLanguage":"fr-FR","@id":"https:\/\/dicodusport.fr\/blog\/#\/schema\/person\/image\/","url":"https:\/\/dicodusport.fr\/blog\/wp-content\/uploads\/2021\/05\/Flo-Ostermann-150x150.jpg","contentUrl":"https:\/\/dicodusport.fr\/blog\/wp-content\/uploads\/2021\/05\/Flo-Ostermann-150x150.jpg","caption":"Flo Ostermann"},"description":"Journaliste\/R\u00e9dacteur depuis septembre 2015 - Mes premiers souvenirs dans le sport ? Les envol\u00e9es du Stade Toulousain et les duels Villeneuve-Schumacher et H\u00e4kkinen-Schumacher \u00e0 la fin des ann\u00e9es 90, la Coupe du monde de football en 1998, l\u2019exploit du XV de France face aux All Blacks en 1999, mais aussi Richard C\u0153ur de Lion qui vole sur les montagnes du Tour de France. Bien parti pour devenir professeur d\u2019EPS, les \u00e9v\u00e9nements de la vie (et la flemme d\u2019animer des s\u00e9ances de 3x500 m\u00e8tres toute ma vie) m\u2019ont conduit \u00e0 revoir mes plans. Me voil\u00e0 depuis fin 2017 sur Dicodusport, m\u00e9dia gr\u00e2ce (et pour) lequel je partage ma passion : le sport dans tous ses \u00e9tats. Le tout accompagn\u00e9 par les fous furieux et folles furieuses cit\u00e9s sur cette page !","sameAs":["https:\/\/www.facebook.com\/florent.ostermann","https:\/\/x.com\/https:\/\/twitter.com\/FlOstermann","admin"],"url":"https:\/\/dicodusport.fr\/blog\/author\/flo\/"}]}},"_links":{"self":[{"href":"https:\/\/dicodusport.fr\/blog\/wp-json\/wp\/v2\/posts\/39325","targetHints":{"allow":["GET"]}}],"collection":[{"href":"https:\/\/dicodusport.fr\/blog\/wp-json\/wp\/v2\/posts"}],"about":[{"href":"https:\/\/dicodusport.fr\/blog\/wp-json\/wp\/v2\/types\/post"}],"author":[{"embeddable":true,"href":"https:\/\/dicodusport.fr\/blog\/wp-json\/wp\/v2\/users\/4"}],"replies":[{"embeddable":true,"href":"https:\/\/dicodusport.fr\/blog\/wp-json\/wp\/v2\/comments?post=39325"}],"version-history":[{"count":0,"href":"https:\/\/dicodusport.fr\/blog\/wp-json\/wp\/v2\/posts\/39325\/revisions"}],"wp:featuredmedia":[{"embeddable":true,"href":"https:\/\/dicodusport.fr\/blog\/wp-json\/wp\/v2\/media\/39327"}],"wp:attachment":[{"href":"https:\/\/dicodusport.fr\/blog\/wp-json\/wp\/v2\/media?parent=39325"}],"wp:term":[{"taxonomy":"category","embeddable":true,"href":"https:\/\/dicodusport.fr\/blog\/wp-json\/wp\/v2\/categories?post=39325"},{"taxonomy":"post_tag","embeddable":true,"href":"https:\/\/dicodusport.fr\/blog\/wp-json\/wp\/v2\/tags?post=39325"}],"curies":[{"name":"wp","href":"https:\/\/api.w.org\/{rel}","templated":true}]}}