{"id":393325,"date":"2023-06-22T09:37:41","date_gmt":"2023-06-22T07:37:41","guid":{"rendered":"https:\/\/dicodusport.fr\/blog\/?p=393325&#038;preview=true&#038;preview_id=393325"},"modified":"2023-06-22T09:42:39","modified_gmt":"2023-06-22T07:42:39","slug":"ordre-et-horaires-de-depart-contre-la-montre-championnats-de-france-cyclisme-2023","status":"publish","type":"post","link":"https:\/\/dicodusport.fr\/blog\/ordre-et-horaires-de-depart-contre-la-montre-championnats-de-france-cyclisme-2023\/","title":{"rendered":"Ordre et horaires de d\u00e9part Contre-la-montre Championnats de France cyclisme 2023"},"content":{"rendered":"<p style=\"text-align: justify;\"><em><a href=\"https:\/\/dicodusport.fr\/blog\/programme-et-resultats-championnats-de-france-de-cyclisme-sur-route-2022\/\"><strong>CHAMPIONNATS DE FRANCE DE CYCLISME SUR ROUTE 2023<\/strong><\/a><b>\u00a0&#8211; <strong>D\u00e9couvrez l&rsquo;ordre de d\u00e9part des contre-la-montre hommes et femmes<\/strong> des Championnats de France de cyclisme 2023, qui se disputent ce jeudi 22 juin.<\/b><\/em><\/p>\n<p style=\"text-align: justify;\"><strong>Audrey Cordon-Ragot<\/strong> (Human Powered Health), championne de France en titre, est la grande favorite pour cette \u00e9dition 2023. La Tricolore s&rsquo;\u00e9lancera en derni\u00e8re \u00e0 14h07. <strong>Juliette<\/strong> <strong>Labous<\/strong> (Team DSM) n&rsquo;est finalement pas au d\u00e9part de l&rsquo;\u00e9preuve chronom\u00e9tr\u00e9e. <strong>C\u00e9drine<\/strong> <strong>Kerbaol<\/strong> (Cerazit Pro Cycling Team), <strong>Coralie<\/strong> <strong>Demay<\/strong> (Saint-Michel &#8211; Mavic &#8211; Auber 93) et <strong>S\u00e9verine<\/strong> <strong>Eraud<\/strong> (Cofidis) partiront dans les derni\u00e8res concurrentes.<\/p>\n<p style=\"text-align: justify;\">Chez les hommes, <strong>Bruno<\/strong> <strong>Armirail<\/strong> (Gourpama &#8211; FDJ), qui a port\u00e9 le maillot rose sur le Giro, est un des deux grands favoris pour le titre. Champion de France en titre, il devra se m\u00e9fier de <strong>R\u00e9mi<\/strong> <strong>Cavagna<\/strong> (Soudal Quick &#8211; Step). Le champion de France de l&rsquo;\u00e9preuve en ligne 2021 a retrouv\u00e9 son meilleur niveau en contre-la-montre, mais la mont\u00e9e finale pourrait le d\u00e9savantager.<\/p>\n<p style=\"text-align: justify;\">Parmi les outsiders, on peut citer le rouleur de la Cofidis, <strong>Benjamin<\/strong> <strong>Thomas<\/strong>, m\u00eame s&rsquo;il a moins travaill\u00e9 l&rsquo;effort solitaire ces derniers mois. <strong>Pierre<\/strong> <strong>Latour<\/strong> (TotalEnergies), <strong>Thibaut<\/strong> <strong>Guernalec<\/strong> (Ark\u00e9a &#8211; Samsic) et <strong>Cl\u00e9ment<\/strong> <strong>Davy<\/strong> (Groupama &#8211; FDJ) seront aussi \u00e0 surveiller.<\/p>\n<h2 style=\"text-align: justify;\">Ordre de d\u00e9part du contre-la-montre hommes des Championnats de France de cyclisme 2023<\/h2>\n<table class=\"basic \" style=\"width: 810px; font-size: 0.8em;\">\n<tbody>\n<tr style=\"background-color: #000000;\">\n<td style=\"background-color: #bd212f; text-align: center; vertical-align: middle; width: 50px;\"><span style=\"color: #ffffff;\"><strong>#<\/strong><\/span><\/td>\n<td style=\"background-color: #bd212f; text-align: center; vertical-align: middle; width: 90px;\"><span style=\"color: #ffffff;\"><strong>Heure<\/strong><\/span><\/td>\n<td style=\"background-color: #bd212f; text-align: center; vertical-align: middle; width: 310px;\"><span style=\"color: #ffffff;\"><strong>Coureurs<\/strong><\/span><\/td>\n<td style=\"background-color: #bd212f; text-align: center; vertical-align: middle; width: 360px;\"><span style=\"color: #ffffff;\"><strong>\u00c9quipes<\/strong><\/span><\/td>\n<\/tr>\n<tr>\n<td style=\"text-align: center; width: 50px;\">1<\/td>\n<td style=\"text-align: center; width: 90px;\">14:30:00<\/td>\n<td style=\"text-align: center; width: 310px;\">GILLET\u00a0Baptiste<\/td>\n<td style=\"text-align: center; width: 360px;\">MORBIHAN FYBOLIA GOA<\/td>\n<\/tr>\n<tr>\n<td style=\"text-align: center; width: 50px;\">2<\/td>\n<td style=\"text-align: center; width: 90px;\">14:31:30<\/td>\n<td style=\"text-align: center; width: 310px;\">LAYMOND\u00a0Maxime<\/td>\n<td style=\"text-align: center; width: 360px;\">HEXAGONE-CORBAS LYON METROPOLE<\/td>\n<\/tr>\n<tr>\n<td style=\"text-align: center; width: 50px;\">3<\/td>\n<td style=\"text-align: center; width: 90px;\">14:33:00<\/td>\n<td style=\"text-align: center; width: 310px;\">LEBEAU\u00a0Mattis<\/td>\n<td style=\"text-align: center; width: 360px;\">CHARVIEU CHAVAGNEUX I.C.<\/td>\n<\/tr>\n<tr>\n<td style=\"text-align: center; width: 50px;\">4<\/td>\n<td style=\"text-align: center; width: 90px;\">14:34:30<\/td>\n<td style=\"text-align: center; width: 310px;\">SAINT GUILHEM\u00a0Thibaud<\/td>\n<td style=\"text-align: center; width: 360px;\">AVC AIX EN PROVENCE<\/td>\n<\/tr>\n<tr>\n<td style=\"text-align: center; width: 50px;\">5<\/td>\n<td style=\"text-align: center; width: 90px;\">14:36:00<\/td>\n<td style=\"text-align: center; width: 310px;\">THIROTEL\u00a0Hugo<\/td>\n<td style=\"text-align: center; width: 360px;\">VCU SCHWENHEIM<\/td>\n<\/tr>\n<tr>\n<td style=\"text-align: center; width: 50px;\">6<\/td>\n<td style=\"text-align: center; width: 90px;\">14:37:30<\/td>\n<td style=\"text-align: center; width: 310px;\">PIJOURLET\u00a0Louis<\/td>\n<td style=\"text-align: center; width: 360px;\">TEAM BRICQUEBEC COTENTIN<\/td>\n<\/tr>\n<tr>\n<td style=\"text-align: center; width: 50px;\">7<\/td>\n<td style=\"text-align: center; width: 90px;\">14:39:00<\/td>\n<td style=\"text-align: center; width: 310px;\">GRACIANNETTE\u00a0Gaetan<\/td>\n<td style=\"text-align: center; width: 360px;\">A.PO.GE CYCLISTE \u2013 TEAM U CUBE 17<\/td>\n<\/tr>\n<tr>\n<td style=\"text-align: center; width: 50px;\">8<\/td>\n<td style=\"text-align: center; width: 90px;\">14:40:30<\/td>\n<td style=\"text-align: center; width: 310px;\">ROMA\u00a0J\u00e9r\u00e9my<\/td>\n<td style=\"text-align: center; width: 360px;\">PARIS CYCLISTE OLYMPIQUE<\/td>\n<\/tr>\n<tr>\n<td style=\"text-align: center; width: 50px;\">9<\/td>\n<td style=\"text-align: center; width: 90px;\">14:42:00<\/td>\n<td style=\"text-align: center; width: 310px;\">PAILLOT\u00a0Yoann<\/td>\n<td style=\"text-align: center; width: 360px;\">MORBIHAN FYBOLIA GOA<\/td>\n<\/tr>\n<tr>\n<td style=\"text-align: center; width: 50px;\">10<\/td>\n<td style=\"text-align: center; width: 90px;\">14:43:30<\/td>\n<td style=\"text-align: center; width: 310px;\">PASLIER\u00a0Samuel<\/td>\n<td style=\"text-align: center; width: 360px;\">HEXAGONE-CORBAS LYON METROPOLE<\/td>\n<\/tr>\n<tr>\n<td style=\"text-align: center; width: 50px;\">11<\/td>\n<td style=\"text-align: center; width: 90px;\">14:45:00<\/td>\n<td style=\"text-align: center; width: 310px;\">LE BOETEZ\u00a0Clement<\/td>\n<td style=\"text-align: center; width: 360px;\">CHARVIEU CHAVAGNEUX I.C.<\/td>\n<\/tr>\n<tr>\n<td style=\"text-align: center; width: 50px;\">12<\/td>\n<td style=\"text-align: center; width: 90px;\">14:46:30<\/td>\n<td style=\"text-align: center; width: 310px;\">DE VINCENZI\u00a0Luca<\/td>\n<td style=\"text-align: center; width: 360px;\">OCCITANE CYCLISME FORMATION<\/td>\n<\/tr>\n<tr>\n<td style=\"text-align: center; width: 50px;\">13<\/td>\n<td style=\"text-align: center; width: 90px;\">14:48:00<\/td>\n<td style=\"text-align: center; width: 310px;\">HUCK\u00a0L\u00e9andre<\/td>\n<td style=\"text-align: center; width: 360px;\">VC ROUEN 76<\/td>\n<\/tr>\n<tr>\n<td style=\"text-align: center; width: 50px;\">14<\/td>\n<td style=\"text-align: center; width: 90px;\">14:49:30<\/td>\n<td style=\"text-align: center; width: 310px;\">DELCROS\u00a0Cl\u00e9ment<\/td>\n<td style=\"text-align: center; width: 360px;\">AVC AIX EN PROVENCE<\/td>\n<\/tr>\n<tr>\n<td style=\"text-align: center; width: 50px;\">15<\/td>\n<td style=\"text-align: center; width: 90px;\">14:51:00<\/td>\n<td style=\"text-align: center; width: 310px;\">FINCKBOHNER\u00a0Ana\u00ebl<\/td>\n<td style=\"text-align: center; width: 360px;\">VCU SCHWENHEIM<\/td>\n<\/tr>\n<tr>\n<td style=\"text-align: center; width: 50px;\">16<\/td>\n<td style=\"text-align: center; width: 90px;\">14:52:30<\/td>\n<td style=\"text-align: center; width: 310px;\">ERMENAULT\u00a0Corentin<\/td>\n<td style=\"text-align: center; width: 360px;\">TEAM BRICQUEBEC COTENTIN<\/td>\n<\/tr>\n<tr>\n<td style=\"text-align: center; width: 50px;\">17<\/td>\n<td style=\"text-align: center; width: 90px;\">14:54:00<\/td>\n<td style=\"text-align: center; width: 310px;\">CONOR\u00a0Paul<\/td>\n<td style=\"text-align: center; width: 360px;\">A.PO.GE CYCLISTE \u2013 TEAM U CUBE 17<\/td>\n<\/tr>\n<tr>\n<td style=\"text-align: center; width: 50px;\">18<\/td>\n<td style=\"text-align: center; width: 90px;\">14:55:30<\/td>\n<td style=\"text-align: center; width: 310px;\">COURCELLES\u00a0Matthieu<\/td>\n<td style=\"text-align: center; width: 360px;\">PARIS CYCLISTE OLYMPIQUE<\/td>\n<\/tr>\n<tr>\n<td style=\"text-align: center; width: 50px;\">19<\/td>\n<td style=\"text-align: center; width: 90px;\">14:57:00<\/td>\n<td style=\"text-align: center; width: 310px;\">IKEN\u00a0Bastien<\/td>\n<td style=\"text-align: center; width: 360px;\">DINAN SPORT CYCLING<\/td>\n<\/tr>\n<tr>\n<td style=\"text-align: center; width: 50px;\">20<\/td>\n<td style=\"text-align: center; width: 90px;\">14:58:30<\/td>\n<td style=\"text-align: center; width: 310px;\">JOB\u00a0Alex<\/td>\n<td style=\"text-align: center; width: 360px;\">GSC BLAGNAC VELO SPORT 31<\/td>\n<\/tr>\n<tr>\n<td style=\"text-align: center; width: 50px;\">21<\/td>\n<td style=\"text-align: center; width: 90px;\">15:00:00<\/td>\n<td style=\"text-align: center; width: 310px;\">BESNIER\u00a0Erwan<\/td>\n<td style=\"text-align: center; width: 360px;\">MORBIHAN FYBOLIA GOA<\/td>\n<\/tr>\n<tr>\n<td style=\"text-align: center; width: 50px;\">22<\/td>\n<td style=\"text-align: center; width: 90px;\">15:01:30<\/td>\n<td style=\"text-align: center; width: 310px;\">LAURENSOT\u00a0Edgar<\/td>\n<td style=\"text-align: center; width: 360px;\">COTES D\u2019ARMOR CYCLISME<\/td>\n<\/tr>\n<tr>\n<td style=\"text-align: center; width: 50px;\">23<\/td>\n<td style=\"text-align: center; width: 90px;\">15:03:00<\/td>\n<td style=\"text-align: center; width: 310px;\">TAIEB\u00a0Rapha\u00ebl<\/td>\n<td style=\"text-align: center; width: 360px;\">HEXAGONE-CORBAS LYON METROPOLE<\/td>\n<\/tr>\n<tr>\n<td style=\"text-align: center; width: 50px;\">24<\/td>\n<td style=\"text-align: center; width: 90px;\">15:04:30<\/td>\n<td style=\"text-align: center; width: 310px;\">HUSNI\u00a0Thomas<\/td>\n<td style=\"text-align: center; width: 360px;\">CHARVIEU CHAVAGNEUX I.C.<\/td>\n<\/tr>\n<tr>\n<td style=\"text-align: center; width: 50px;\">25<\/td>\n<td style=\"text-align: center; width: 90px;\">15:06:00<\/td>\n<td style=\"text-align: center; width: 310px;\">CARREAU\u00a0Dorian<\/td>\n<td style=\"text-align: center; width: 360px;\">OCCITANE CYCLISME FORMATION<\/td>\n<\/tr>\n<tr>\n<td style=\"text-align: center; width: 50px;\">26<\/td>\n<td style=\"text-align: center; width: 90px;\">15:07:30<\/td>\n<td style=\"text-align: center; width: 310px;\">PETIT\u00a0Cl\u00e9ment<\/td>\n<td style=\"text-align: center; width: 360px;\">VC ROUEN 76<\/td>\n<\/tr>\n<tr>\n<td style=\"text-align: center; width: 50px;\">27<\/td>\n<td style=\"text-align: center; width: 90px;\">15:09:00<\/td>\n<td style=\"text-align: center; width: 310px;\">LECROQ\u00a0J\u00e9r\u00e9my<\/td>\n<td style=\"text-align: center; width: 360px;\">PHILIPPE WAGNER CYCLING<\/td>\n<\/tr>\n<tr>\n<td style=\"text-align: center; width: 50px;\">28<\/td>\n<td style=\"text-align: center; width: 90px;\">15:10:30<\/td>\n<td style=\"text-align: center; width: 310px;\">POUVREAULT\u00a0Gregory<\/td>\n<td style=\"text-align: center; width: 360px;\">VENDEE U PAYS DE LA LOIRE<\/td>\n<\/tr>\n<tr>\n<td style=\"text-align: center; width: 50px;\">29<\/td>\n<td style=\"text-align: center; width: 90px;\">15:12:00<\/td>\n<td style=\"text-align: center; width: 310px;\">MULLER\u00a0Thomas<\/td>\n<td style=\"text-align: center; width: 360px;\">V.C. VILLEFRANCHE BEAUJOLAIS<\/td>\n<\/tr>\n<tr>\n<td style=\"text-align: center; width: 50px;\">30<\/td>\n<td style=\"text-align: center; width: 90px;\">15:13:30<\/td>\n<td style=\"text-align: center; width: 310px;\">LOUVRIER\u00a0Erwan<\/td>\n<td style=\"text-align: center; width: 360px;\">UNION CYCLISTE CHOLET 49<\/td>\n<\/tr>\n<tr>\n<td style=\"text-align: center; width: 50px;\">31<\/td>\n<td style=\"text-align: center; width: 90px;\">15:15:00<\/td>\n<td style=\"text-align: center; width: 310px;\">LIMONE\u00a0Maxime<\/td>\n<td style=\"text-align: center; width: 360px;\">UNION CYCLISTE P\u00c9LUSSIN<\/td>\n<\/tr>\n<tr>\n<td style=\"text-align: center; width: 50px;\">32<\/td>\n<td style=\"text-align: center; width: 90px;\">15:16:30<\/td>\n<td style=\"text-align: center; width: 310px;\">DUJARDIN\u00a0Julien<\/td>\n<td style=\"text-align: center; width: 360px;\">C\u2019CHARTRES CYCLISME<\/td>\n<\/tr>\n<tr>\n<td style=\"text-align: center; width: 50px;\">33<\/td>\n<td style=\"text-align: center; width: 90px;\">15:18:00<\/td>\n<td style=\"text-align: center; width: 310px;\">DROUET\u00a0Victor<\/td>\n<td style=\"text-align: center; width: 360px;\">MOYON PERCY VELO CLUB<\/td>\n<\/tr>\n<tr>\n<td style=\"text-align: center; width: 50px;\">34<\/td>\n<td style=\"text-align: center; width: 90px;\">15:19:30<\/td>\n<td style=\"text-align: center; width: 310px;\">CORVAISIER\u00a0Antonin<\/td>\n<td style=\"text-align: center; width: 360px;\">LA ROCHE SUR YON VENDEE CYCLISME<\/td>\n<\/tr>\n<tr>\n<td style=\"text-align: center; width: 50px;\">35<\/td>\n<td style=\"text-align: center; width: 90px;\">15:21:00<\/td>\n<td style=\"text-align: center; width: 310px;\">PATAT\u00a0Cl\u00e9ment<\/td>\n<td style=\"text-align: center; width: 360px;\">USSA PAVILLY BARENTIN<\/td>\n<\/tr>\n<tr>\n<td style=\"text-align: center; width: 50px;\">36<\/td>\n<td style=\"text-align: center; width: 90px;\">15:22:30<\/td>\n<td style=\"text-align: center; width: 310px;\">CHATILA BRUNOTTE\u00a0Antonin<\/td>\n<td style=\"text-align: center; width: 360px;\">VCU SCHWENHEIM<\/td>\n<\/tr>\n<tr>\n<td style=\"text-align: center; width: 50px;\">37<\/td>\n<td style=\"text-align: center; width: 90px;\">15:24:00<\/td>\n<td style=\"text-align: center; width: 310px;\">ADAM\u00a0Guillaume<\/td>\n<td style=\"text-align: center; width: 360px;\">TEAM BRICQUEBEC COTENTIN<\/td>\n<\/tr>\n<tr>\n<td style=\"text-align: center; width: 50px;\">38<\/td>\n<td style=\"text-align: center; width: 90px;\">15:25:30<\/td>\n<td style=\"text-align: center; width: 310px;\">BESSAGUET\u00a0Cedric<\/td>\n<td style=\"text-align: center; width: 360px;\">A.PO.GE CYCLISTE \u2013 TEAM U CUBE 17<\/td>\n<\/tr>\n<tr>\n<td style=\"text-align: center; width: 50px;\">39<\/td>\n<td style=\"text-align: center; width: 90px;\">15:27:00<\/td>\n<td style=\"text-align: center; width: 310px;\">JAMET\u00a0Alexandre<\/td>\n<td style=\"text-align: center; width: 360px;\">E.C. ST ETIENNE \u2013 LOIRE<\/td>\n<\/tr>\n<tr>\n<td style=\"text-align: center; width: 50px;\">40<\/td>\n<td style=\"text-align: center; width: 90px;\">15:28:30<\/td>\n<td style=\"text-align: center; width: 310px;\">LACHENY\u00a0Rayann<\/td>\n<td style=\"text-align: center; width: 360px;\">OCEANE TOP 16<\/td>\n<\/tr>\n<tr>\n<td style=\"text-align: center; width: 50px;\">41<\/td>\n<td style=\"text-align: center; width: 90px;\">15:30:00<\/td>\n<td style=\"text-align: center; width: 310px;\">BEAUNE\u00a0Mavric<\/td>\n<td style=\"text-align: center; width: 360px;\">PARIS CYCLISTE OLYMPIQUE<\/td>\n<\/tr>\n<tr>\n<td style=\"text-align: center; width: 50px;\">42<\/td>\n<td style=\"text-align: center; width: 90px;\">15:31:30<\/td>\n<td style=\"text-align: center; width: 310px;\">POLETTO\u00a0Antoine<\/td>\n<td style=\"text-align: center; width: 360px;\">GUIDON CHALETTOIS<\/td>\n<\/tr>\n<tr>\n<td style=\"text-align: center; width: 50px;\">43<\/td>\n<td style=\"text-align: center; width: 90px;\">15:33:00<\/td>\n<td style=\"text-align: center; width: 310px;\">POISSON\u00a0Damien<\/td>\n<td style=\"text-align: center; width: 360px;\">DINAN SPORT CYCLING<\/td>\n<\/tr>\n<tr>\n<td style=\"text-align: center; width: 50px;\">44<\/td>\n<td style=\"text-align: center; width: 90px;\">15:34:30<\/td>\n<td style=\"text-align: center; width: 310px;\">WARMERDAM\u00a0Max<\/td>\n<td style=\"text-align: center; width: 360px;\">GSC BLAGNAC VELO SPORT 31<\/td>\n<\/tr>\n<tr>\n<td style=\"text-align: center; width: 50px;\">45<\/td>\n<td style=\"text-align: center; width: 90px;\">15:36:00<\/td>\n<td style=\"text-align: center; width: 310px;\">NILSSON JULIEN\u00a0Oscar<\/td>\n<td style=\"text-align: center; width: 360px;\">AVC AIX EN PROVENCE<\/td>\n<\/tr>\n<tr>\n<td style=\"text-align: center; width: 50px;\">46<\/td>\n<td style=\"text-align: center; width: 90px;\">15:37:30<\/td>\n<td style=\"text-align: center; width: 310px;\">THIERRY\u00a0Pierre<\/td>\n<td style=\"text-align: center; width: 360px;\">MORBIHAN FYBOLIA GOA<\/td>\n<\/tr>\n<tr>\n<td style=\"text-align: center; width: 50px;\">47<\/td>\n<td style=\"text-align: center; width: 90px;\">15:39:00<\/td>\n<td style=\"text-align: center; width: 310px;\">RIBEIRO DA CRUZ\u00a0Mathias<\/td>\n<td style=\"text-align: center; width: 360px;\">LAVAL CYCLISME 53<\/td>\n<\/tr>\n<tr>\n<td style=\"text-align: center; width: 50px;\">48<\/td>\n<td style=\"text-align: center; width: 90px;\">15:40:30<\/td>\n<td style=\"text-align: center; width: 310px;\">LESNE\u00a0Robin<\/td>\n<td style=\"text-align: center; width: 360px;\">COTES D\u2019ARMOR CYCLISME<\/td>\n<\/tr>\n<tr>\n<td style=\"text-align: center; width: 50px;\">49<\/td>\n<td style=\"text-align: center; width: 90px;\">15:42:00<\/td>\n<td style=\"text-align: center; width: 310px;\">DERAIN\u00a0Laurent<\/td>\n<td style=\"text-align: center; width: 360px;\">HEXAGONE-CORBAS LYON METROPOLE<\/td>\n<\/tr>\n<tr>\n<td style=\"text-align: center; width: 50px;\">50<\/td>\n<td style=\"text-align: center; width: 90px;\">15:43:30<\/td>\n<td style=\"text-align: center; width: 310px;\">CARISEY\u00a0Cl\u00e9ment<\/td>\n<td style=\"text-align: center; width: 360px;\">CHARVIEU CHAVAGNEUX I.C.<\/td>\n<\/tr>\n<tr>\n<td style=\"text-align: center; width: 50px;\">51<\/td>\n<td style=\"text-align: center; width: 90px;\">15:45:00<\/td>\n<td style=\"text-align: center; width: 310px;\">BEZZA\u00a0Quentin<\/td>\n<td style=\"text-align: center; width: 360px;\">S.C.OLYMPIQUE DE DIJON<\/td>\n<\/tr>\n<tr>\n<td style=\"text-align: center; width: 50px;\">52<\/td>\n<td style=\"text-align: center; width: 90px;\">15:46:30<\/td>\n<td style=\"text-align: center; width: 310px;\">COUTURE\u00a0Cyril<\/td>\n<td style=\"text-align: center; width: 360px;\">OCCITANE CYCLISME FORMATION<\/td>\n<\/tr>\n<tr>\n<td style=\"text-align: center; width: 50px;\">53<\/td>\n<td style=\"text-align: center; width: 90px;\">15:48:00<\/td>\n<td style=\"text-align: center; width: 310px;\">GOUGEARD\u00a0Alexis<\/td>\n<td style=\"text-align: center; width: 360px;\">VC ROUEN 76<\/td>\n<\/tr>\n<tr>\n<td style=\"text-align: center; width: 50px;\">54<\/td>\n<td style=\"text-align: center; width: 90px;\">15:49:30<\/td>\n<td style=\"text-align: center; width: 310px;\">JEAN\u00a0Victor<\/td>\n<td style=\"text-align: center; width: 360px;\">CHAMBERY CYCLISME FORMATION<\/td>\n<\/tr>\n<tr>\n<td style=\"text-align: center; width: 50px;\">55<\/td>\n<td style=\"text-align: center; width: 90px;\">15:51:00<\/td>\n<td style=\"text-align: center; width: 310px;\">BRAZ AFONSO\u00a0Cl\u00e9ment<\/td>\n<td style=\"text-align: center; width: 360px;\">PHILIPPE WAGNER CYCLING<\/td>\n<\/tr>\n<tr>\n<td style=\"text-align: center; width: 50px;\">56<\/td>\n<td style=\"text-align: center; width: 90px;\">15:52:30<\/td>\n<td style=\"text-align: center; width: 310px;\">MARAIS\u00a0Benjamin<\/td>\n<td style=\"text-align: center; width: 360px;\">VENDEE U PAYS DE LA LOIRE<\/td>\n<\/tr>\n<tr>\n<td style=\"text-align: center; width: 50px;\">57<\/td>\n<td style=\"text-align: center; width: 90px;\">15:54:00<\/td>\n<td style=\"text-align: center; width: 310px;\">COSTEPLANE\u00a0Aur\u00e9lien<\/td>\n<td style=\"text-align: center; width: 360px;\">V.C. VILLEFRANCHE BEAUJOLAIS<\/td>\n<\/tr>\n<tr>\n<td style=\"text-align: center; width: 50px;\">58<\/td>\n<td style=\"text-align: center; width: 90px;\">15:55:30<\/td>\n<td style=\"text-align: center; width: 310px;\">MAIRE\u00a0Adrien<\/td>\n<td style=\"text-align: center; width: 360px;\">AVC AIX EN PROVENCE<\/td>\n<\/tr>\n<tr>\n<td style=\"text-align: center; width: 50px;\">59<\/td>\n<td style=\"text-align: center; width: 90px;\">15:57:00<\/td>\n<td style=\"text-align: center; width: 310px;\">ROLLAND\u00a0Brieuc<\/td>\n<td style=\"text-align: center; width: 360px;\">GROUPAMA \u2013 FDJ<\/td>\n<\/tr>\n<tr>\n<td style=\"text-align: center; width: 50px;\">60<\/td>\n<td style=\"text-align: center; width: 90px;\">15:58:30<\/td>\n<td style=\"text-align: center; width: 310px;\">HENNEQUIN\u00a0Paul<\/td>\n<td style=\"text-align: center; width: 360px;\">NICE METROPOLE COTE D\u2019AZUR<\/td>\n<\/tr>\n<tr>\n<td style=\"text-align: center; width: 50px;\">61<\/td>\n<td style=\"text-align: center; width: 90px;\">16:00:00<\/td>\n<td style=\"text-align: center; width: 310px;\">LE HUITOUZE\u00a0Eddy<\/td>\n<td style=\"text-align: center; width: 360px;\">GROUPAMA \u2013 FDJ<\/td>\n<\/tr>\n<tr>\n<td style=\"text-align: center; width: 50px;\">62<\/td>\n<td style=\"text-align: center; width: 90px;\">16:01:30<\/td>\n<td style=\"text-align: center; width: 310px;\">GRUEL\u00a0Thibaud<\/td>\n<td style=\"text-align: center; width: 360px;\">GROUPAMA \u2013 FDJ<\/td>\n<\/tr>\n<tr>\n<td style=\"text-align: center; width: 50px;\">63<\/td>\n<td style=\"text-align: center; width: 90px;\">16:03:00<\/td>\n<td style=\"text-align: center; width: 310px;\">BAUDIN\u00a0Alex<\/td>\n<td style=\"text-align: center; width: 360px;\">AG2R CITROEN TEAM<\/td>\n<\/tr>\n<tr>\n<td style=\"text-align: center; width: 50px;\">64<\/td>\n<td style=\"text-align: center; width: 90px;\">16:04:30<\/td>\n<td style=\"text-align: center; width: 310px;\">MOLARD\u00a0Rudy<\/td>\n<td style=\"text-align: center; width: 360px;\">GROUPAMA \u2013 FDJ<\/td>\n<\/tr>\n<tr>\n<td style=\"text-align: center; width: 50px;\">65<\/td>\n<td style=\"text-align: center; width: 90px;\">16:06:00<\/td>\n<td style=\"text-align: center; width: 310px;\">CABOT\u00a0Jeremy<\/td>\n<td style=\"text-align: center; width: 360px;\">TOTALENERGIES<\/td>\n<\/tr>\n<tr>\n<td style=\"text-align: center; width: 50px;\">66<\/td>\n<td style=\"text-align: center; width: 90px;\">16:07:30<\/td>\n<td style=\"text-align: center; width: 310px;\">LINO\u00a0Julian<\/td>\n<td style=\"text-align: center; width: 360px;\">NICE METROPOLE COTE D\u2019AZUR<\/td>\n<\/tr>\n<tr>\n<td style=\"text-align: center; width: 50px;\">67<\/td>\n<td style=\"text-align: center; width: 90px;\">16:09:00<\/td>\n<td style=\"text-align: center; width: 310px;\">TRONCHON\u00a0Bastien<\/td>\n<td style=\"text-align: center; width: 360px;\">AG2R CITROEN TEAM<\/td>\n<\/tr>\n<tr>\n<td style=\"text-align: center; width: 50px;\">68<\/td>\n<td style=\"text-align: center; width: 90px;\">16:10:30<\/td>\n<td style=\"text-align: center; width: 310px;\">MARTINEZ\u00a0Lenny<\/td>\n<td style=\"text-align: center; width: 360px;\">GROUPAMA \u2013 FDJ<\/td>\n<\/tr>\n<tr>\n<td style=\"text-align: center; width: 50px;\">69<\/td>\n<td style=\"text-align: center; width: 90px;\">16:12:00<\/td>\n<td style=\"text-align: center; width: 310px;\">DELACROIX\u00a0Tristan<\/td>\n<td style=\"text-align: center; width: 360px;\">NICE METROPOLE COTE D\u2019AZUR<\/td>\n<\/tr>\n<tr>\n<td style=\"text-align: center; width: 50px;\">70<\/td>\n<td style=\"text-align: center; width: 90px;\">16:13:30<\/td>\n<td style=\"text-align: center; width: 310px;\">OURSELIN\u00a0Paul<\/td>\n<td style=\"text-align: center; width: 360px;\">TOTALENERGIES<\/td>\n<\/tr>\n<tr>\n<td style=\"text-align: center; width: 50px;\">71<\/td>\n<td style=\"text-align: center; width: 90px;\">16:15:00<\/td>\n<td style=\"text-align: center; width: 310px;\">DELACROIX\u00a0Th\u00e9o<\/td>\n<td style=\"text-align: center; width: 360px;\">ST MICHEL \u2013 MAVIC \u2013 AUBER93<\/td>\n<\/tr>\n<tr>\n<td style=\"text-align: center; width: 50px;\">72<\/td>\n<td style=\"text-align: center; width: 90px;\">16:16:30<\/td>\n<td style=\"text-align: center; width: 310px;\">BERTHET\u00a0Cl\u00e9ment<\/td>\n<td style=\"text-align: center; width: 360px;\">AG2R CITROEN TEAM<\/td>\n<\/tr>\n<tr>\n<td style=\"text-align: center; width: 50px;\">73<\/td>\n<td style=\"text-align: center; width: 90px;\">16:18:00<\/td>\n<td style=\"text-align: center; width: 310px;\">LEROUX\u00a0Samuel<\/td>\n<td style=\"text-align: center; width: 360px;\">VAN RYSEL -ROUBAIX LILLE METROPOLE<\/td>\n<\/tr>\n<tr>\n<td style=\"text-align: center; width: 50px;\">74<\/td>\n<td style=\"text-align: center; width: 90px;\">16:19:30<\/td>\n<td style=\"text-align: center; width: 310px;\">GUEGAN\u00a0Ma\u00ebl<\/td>\n<td style=\"text-align: center; width: 360px;\">CIC U NANTES ATLANTIQUE<\/td>\n<\/tr>\n<tr>\n<td style=\"text-align: center; width: 50px;\">75<\/td>\n<td style=\"text-align: center; width: 90px;\">16:21:00<\/td>\n<td style=\"text-align: center; width: 310px;\">COSTIOU\u00a0Ewen<\/td>\n<td style=\"text-align: center; width: 360px;\">TEAM ARKEA \u2013 SAMSIC<\/td>\n<\/tr>\n<tr>\n<td style=\"text-align: center; width: 50px;\">76<\/td>\n<td style=\"text-align: center; width: 90px;\">16:22:30<\/td>\n<td style=\"text-align: center; width: 310px;\">PALENI\u00a0Enzo<\/td>\n<td style=\"text-align: center; width: 360px;\">GROUPAMA \u2013 FDJ<\/td>\n<\/tr>\n<tr>\n<td style=\"text-align: center; width: 50px;\">77<\/td>\n<td style=\"text-align: center; width: 90px;\">16:24:00<\/td>\n<td style=\"text-align: center; width: 310px;\">DEVANNE\u00a0Antoine<\/td>\n<td style=\"text-align: center; width: 360px;\">LA ROCHE SUR YON VENDEE CYCLISME<\/td>\n<\/tr>\n<tr>\n<td style=\"text-align: center; width: 50px;\">78<\/td>\n<td style=\"text-align: center; width: 90px;\">16:25:30<\/td>\n<td style=\"text-align: center; width: 310px;\">DAVY\u00a0Cl\u00e9ment<\/td>\n<td style=\"text-align: center; width: 360px;\">GROUPAMA \u2013 FDJ<\/td>\n<\/tr>\n<tr>\n<td style=\"text-align: center; width: 50px;\">79<\/td>\n<td style=\"text-align: center; width: 90px;\">16:27:00<\/td>\n<td style=\"text-align: center; width: 310px;\">GUERNALEC\u00a0Thibault<\/td>\n<td style=\"text-align: center; width: 360px;\">TEAM ARKEA \u2013 SAMSIC<\/td>\n<\/tr>\n<tr>\n<td style=\"text-align: center; width: 50px;\">80<\/td>\n<td style=\"text-align: center; width: 90px;\">16:28:30<\/td>\n<td style=\"text-align: center; width: 310px;\">LATOUR\u00a0Pierre<\/td>\n<td style=\"text-align: center; width: 360px;\">TOTALENERGIES<\/td>\n<\/tr>\n<tr>\n<td style=\"text-align: center; width: 50px;\">81<\/td>\n<td style=\"text-align: center; width: 90px;\">16:30:00<\/td>\n<td style=\"text-align: center; width: 310px;\">THOMAS\u00a0Benjamin<\/td>\n<td style=\"text-align: center; width: 360px;\">COFIDIS<\/td>\n<\/tr>\n<tr>\n<td style=\"text-align: center; width: 50px;\">82<\/td>\n<td style=\"text-align: center; width: 90px;\">16:31:30<\/td>\n<td style=\"text-align: center; width: 310px;\">CAVAGNA\u00a0R\u00e9mi<\/td>\n<td style=\"text-align: center; width: 360px;\">SOUDAL QUICK-STEP<\/td>\n<\/tr>\n<tr>\n<td style=\"text-align: center; width: 50px;\">83<\/td>\n<td style=\"text-align: center; width: 90px;\">16:33:00<\/td>\n<td style=\"text-align: center; width: 310px;\">ARMIRAIL\u00a0Bruno<\/td>\n<td style=\"text-align: center; width: 360px;\">GROUPAMA \u2013 FDJ<\/td>\n<\/tr>\n<\/tbody>\n<\/table>\n<h2 style=\"text-align: justify;\">L&rsquo;ordre de d\u00e9part du contre-la-montre femmes des Championnats de France de cyclisme 2023<\/h2>\n<table class=\"basic \" style=\"width: 810px; font-size: 0.8em;\">\n<tbody>\n<tr style=\"background-color: #000000;\">\n<td style=\"background-color: #bd212f; text-align: center; vertical-align: middle; width: 50px;\"><span style=\"color: #ffffff;\"><strong>#<\/strong><\/span><\/td>\n<td style=\"background-color: #bd212f; text-align: center; vertical-align: middle; width: 90px;\"><span style=\"color: #ffffff;\"><strong>Heure<\/strong><\/span><\/td>\n<td style=\"background-color: #bd212f; text-align: center; vertical-align: middle; width: 310px;\"><span style=\"color: #ffffff;\"><strong>Coureuses<\/strong><\/span><\/td>\n<td style=\"background-color: #bd212f; text-align: center; vertical-align: middle; width: 360px;\"><span style=\"color: #ffffff;\"><strong>\u00c9quipes<\/strong><\/span><\/td>\n<\/tr>\n<tr>\n<td style=\"text-align: center; width: 50px;\">1<\/td>\n<td style=\"text-align: center; width: 90px;\">13:00:00<\/td>\n<td style=\"text-align: center; width: 310px;\">OGER\u00a0Enora<\/td>\n<td style=\"text-align: center; width: 360px;\">LANESTER WOMEN MORBIHAN<\/td>\n<\/tr>\n<tr>\n<td style=\"text-align: center; width: 50px;\">2<\/td>\n<td style=\"text-align: center; width: 90px;\">13:01:30<\/td>\n<td style=\"text-align: center; width: 310px;\">GAUTHEY\u00a0Oc\u00e9ane<\/td>\n<td style=\"text-align: center; width: 360px;\">VC MORTEAU MONTBENOIT<\/td>\n<\/tr>\n<tr>\n<td style=\"text-align: center; width: 50px;\">3<\/td>\n<td style=\"text-align: center; width: 90px;\">13:03:00<\/td>\n<td style=\"text-align: center; width: 310px;\">VAN DER LINDEN\u00a0In\u00e8s<\/td>\n<td style=\"text-align: center; width: 360px;\">TEAM GROUPE ABADIE<\/td>\n<\/tr>\n<tr>\n<td style=\"text-align: center; width: 50px;\">4<\/td>\n<td style=\"text-align: center; width: 90px;\">13:04:30<\/td>\n<td style=\"text-align: center; width: 310px;\">POMPANON\u00a0Margot<\/td>\n<td style=\"text-align: center; width: 360px;\">ST MICHEL \u2013 MAVIC \u2013 AUBER93<\/td>\n<\/tr>\n<tr>\n<td style=\"text-align: center; width: 50px;\">5<\/td>\n<td style=\"text-align: center; width: 90px;\">13:06:00<\/td>\n<td style=\"text-align: center; width: 310px;\">RATIGNIER\u00a0Am\u00e9lie<\/td>\n<td style=\"text-align: center; width: 360px;\">LYON SPRINT EVOLUTION<\/td>\n<\/tr>\n<tr>\n<td style=\"text-align: center; width: 50px;\">6<\/td>\n<td style=\"text-align: center; width: 90px;\">13:07:30<\/td>\n<td style=\"text-align: center; width: 310px;\">GUEGAN\u00a0Laura<\/td>\n<td style=\"text-align: center; width: 360px;\">SPRINTEUR CLUB FEMININ<\/td>\n<\/tr>\n<tr>\n<td style=\"text-align: center; width: 50px;\">7<\/td>\n<td style=\"text-align: center; width: 90px;\">13:09:00<\/td>\n<td style=\"text-align: center; width: 310px;\">LE GLEUT\u00a0Sylvia<\/td>\n<td style=\"text-align: center; width: 360px;\">LANESTER WOMEN MORBIHAN<\/td>\n<\/tr>\n<tr>\n<td style=\"text-align: center; width: 50px;\">8<\/td>\n<td style=\"text-align: center; width: 90px;\">13:10:30<\/td>\n<td style=\"text-align: center; width: 310px;\">SEMON\u00a0Laura<\/td>\n<td style=\"text-align: center; width: 360px;\">VC MORTEAU MONTBENOIT<\/td>\n<\/tr>\n<tr>\n<td style=\"text-align: center; width: 50px;\">9<\/td>\n<td style=\"text-align: center; width: 90px;\">13:12:00<\/td>\n<td style=\"text-align: center; width: 310px;\">FEYTOU\u00a0Ilona<\/td>\n<td style=\"text-align: center; width: 360px;\">TEAM GROUPE ABADIE<\/td>\n<\/tr>\n<tr>\n<td style=\"text-align: center; width: 50px;\">10<\/td>\n<td style=\"text-align: center; width: 90px;\">13:13:30<\/td>\n<td style=\"text-align: center; width: 310px;\">JONCHERAY\u00a0Victoire<\/td>\n<td style=\"text-align: center; width: 360px;\">TEAM GRAND-EST KOMUGI LA FABRIQUE<\/td>\n<\/tr>\n<tr>\n<td style=\"text-align: center; width: 50px;\">11<\/td>\n<td style=\"text-align: center; width: 90px;\">13:15:00<\/td>\n<td style=\"text-align: center; width: 310px;\">LALANNE\u00a0Johanna<\/td>\n<td style=\"text-align: center; width: 360px;\">OCCITANE CYCLISME FORMATION F\u00c9MININ<\/td>\n<\/tr>\n<tr>\n<td style=\"text-align: center; width: 50px;\">12<\/td>\n<td style=\"text-align: center; width: 90px;\">13:16:30<\/td>\n<td style=\"text-align: center; width: 310px;\">CHEVRIEUX\u00a0Justine<\/td>\n<td style=\"text-align: center; width: 360px;\">TEAM CENTRE VAL DE LOIRE F\u00c9MININ<\/td>\n<\/tr>\n<tr>\n<td style=\"text-align: center; width: 50px;\">13<\/td>\n<td style=\"text-align: center; width: 90px;\">13:18:00<\/td>\n<td style=\"text-align: center; width: 310px;\">BIARD\u00a0Marie Louise<\/td>\n<td style=\"text-align: center; width: 360px;\">TEAM F\u00c9MININ CHAMB\u00c9RY<\/td>\n<\/tr>\n<tr>\n<td style=\"text-align: center; width: 50px;\">14<\/td>\n<td style=\"text-align: center; width: 90px;\">13:19:30<\/td>\n<td style=\"text-align: center; width: 310px;\">CASSIER\u00a0Claire<\/td>\n<td style=\"text-align: center; width: 360px;\">SPRINTEUR CLUB FEMININ<\/td>\n<\/tr>\n<tr>\n<td style=\"text-align: center; width: 50px;\">15<\/td>\n<td style=\"text-align: center; width: 90px;\">13:21:00<\/td>\n<td style=\"text-align: center; width: 310px;\">JAMME\u00a0Emilie<\/td>\n<td style=\"text-align: center; width: 360px;\">LANESTER WOMEN MORBIHAN<\/td>\n<\/tr>\n<tr>\n<td style=\"text-align: center; width: 50px;\">16<\/td>\n<td style=\"text-align: center; width: 90px;\">13:22:30<\/td>\n<td style=\"text-align: center; width: 310px;\">COURTOT\u00a0Emeline<\/td>\n<td style=\"text-align: center; width: 360px;\">VC MORTEAU MONTBENOIT<\/td>\n<\/tr>\n<tr>\n<td style=\"text-align: center; width: 50px;\">17<\/td>\n<td style=\"text-align: center; width: 90px;\">13:24:00<\/td>\n<td style=\"text-align: center; width: 310px;\">DEZANDEZ\u00a0Marie<\/td>\n<td style=\"text-align: center; width: 360px;\">TEAM GROUPE ABADIE<\/td>\n<\/tr>\n<tr>\n<td style=\"text-align: center; width: 50px;\">18<\/td>\n<td style=\"text-align: center; width: 90px;\">13:25:30<\/td>\n<td style=\"text-align: center; width: 310px;\">CHARPENTIER\u00a0Chlo\u00e9<\/td>\n<td style=\"text-align: center; width: 360px;\">TEAM GRAND-EST KOMUGI LA FABRIQUE<\/td>\n<\/tr>\n<tr>\n<td style=\"text-align: center; width: 50px;\">19<\/td>\n<td style=\"text-align: center; width: 90px;\">13:27:00<\/td>\n<td style=\"text-align: center; width: 310px;\">MAUGE\u00a0Marine<\/td>\n<td style=\"text-align: center; width: 360px;\">OCCITANE CYCLISME FORMATION F\u00c9MININ<\/td>\n<\/tr>\n<tr>\n<td style=\"text-align: center; width: 50px;\">20<\/td>\n<td style=\"text-align: center; width: 90px;\">13:28:30<\/td>\n<td style=\"text-align: center; width: 310px;\">PERNOLLET\u00a0Aurore<\/td>\n<td style=\"text-align: center; width: 360px;\">TEAM CENTRE VAL DE LOIRE F\u00c9MININ<\/td>\n<\/tr>\n<tr>\n<td style=\"text-align: center; width: 50px;\">21<\/td>\n<td style=\"text-align: center; width: 90px;\">13:30:00<\/td>\n<td style=\"text-align: center; width: 310px;\">BONNIOL\u00a0Audrey<\/td>\n<td style=\"text-align: center; width: 360px;\">VELO CLUB TURRIPINOIS<\/td>\n<\/tr>\n<tr>\n<td style=\"text-align: center; width: 50px;\">22<\/td>\n<td style=\"text-align: center; width: 90px;\">13:31:30<\/td>\n<td style=\"text-align: center; width: 310px;\">SAVINA\u00a0Coralie<\/td>\n<td style=\"text-align: center; width: 360px;\">GIRONDINS DE BORDEAUX<\/td>\n<\/tr>\n<tr>\n<td style=\"text-align: center; width: 50px;\">23<\/td>\n<td style=\"text-align: center; width: 90px;\">13:33:00<\/td>\n<td style=\"text-align: center; width: 310px;\">LABEYRIE\u00a0M\u00e9lanie<\/td>\n<td style=\"text-align: center; width: 360px;\">CSM PUTEAUX<\/td>\n<\/tr>\n<tr>\n<td style=\"text-align: center; width: 50px;\">24<\/td>\n<td style=\"text-align: center; width: 90px;\">13:34:30<\/td>\n<td style=\"text-align: center; width: 310px;\">AUBRY\u00a0Julia<\/td>\n<td style=\"text-align: center; width: 360px;\">TEAM F\u00c9MININ CHAMB\u00c9RY<\/td>\n<\/tr>\n<tr>\n<td style=\"text-align: center; width: 50px;\">25<\/td>\n<td style=\"text-align: center; width: 90px;\">13:36:00<\/td>\n<td style=\"text-align: center; width: 310px;\">BADOR\u00a0Flavie<\/td>\n<td style=\"text-align: center; width: 360px;\">LYON SPRINT EVOLUTION<\/td>\n<\/tr>\n<tr>\n<td style=\"text-align: center; width: 50px;\">26<\/td>\n<td style=\"text-align: center; width: 90px;\">13:37:30<\/td>\n<td style=\"text-align: center; width: 310px;\">MARCHAND\u00a0Constance<\/td>\n<td style=\"text-align: center; width: 360px;\">SPRINTEUR CLUB FEMININ<\/td>\n<\/tr>\n<tr>\n<td style=\"text-align: center; width: 50px;\">27<\/td>\n<td style=\"text-align: center; width: 90px;\">13:39:00<\/td>\n<td style=\"text-align: center; width: 310px;\">POPE\u00a0Sarah<\/td>\n<td style=\"text-align: center; width: 360px;\">TEAM ELLES \u2013 GROUPAMA \u2013 PAYS DE LA LOIRE<\/td>\n<\/tr>\n<tr>\n<td style=\"text-align: center; width: 50px;\">28<\/td>\n<td style=\"text-align: center; width: 90px;\">13:40:30<\/td>\n<td style=\"text-align: center; width: 310px;\">BONNAFOUS\u00a0Lea<\/td>\n<td style=\"text-align: center; width: 360px;\">LANESTER WOMEN MORBIHAN<\/td>\n<\/tr>\n<tr>\n<td style=\"text-align: center; width: 50px;\">29<\/td>\n<td style=\"text-align: center; width: 90px;\">13:42:00<\/td>\n<td style=\"text-align: center; width: 310px;\">TRITSCH\u00a0Balladyne<\/td>\n<td style=\"text-align: center; width: 360px;\">VC MORTEAU MONTBENOIT<\/td>\n<\/tr>\n<tr>\n<td style=\"text-align: center; width: 50px;\">30<\/td>\n<td style=\"text-align: center; width: 90px;\">13:43:30<\/td>\n<td style=\"text-align: center; width: 310px;\">DAUMAS\u00a0Noemie<\/td>\n<td style=\"text-align: center; width: 360px;\">TEAM GROUPE ABADIE<\/td>\n<\/tr>\n<tr>\n<td style=\"text-align: center; width: 50px;\">31<\/td>\n<td style=\"text-align: center; width: 90px;\">13:45:00<\/td>\n<td style=\"text-align: center; width: 310px;\">TIGE\u00a0Marina<\/td>\n<td style=\"text-align: center; width: 360px;\">HEXAGONE-CORBAS LYON METROPOLE<\/td>\n<\/tr>\n<tr>\n<td style=\"text-align: center; width: 50px;\">32<\/td>\n<td style=\"text-align: center; width: 90px;\">13:46:30<\/td>\n<td style=\"text-align: center; width: 310px;\">PREVOTEAU\u00a0Elo\u00efse<\/td>\n<td style=\"text-align: center; width: 360px;\">TEAM GRAND-EST KOMUGI LA FABRIQUE<\/td>\n<\/tr>\n<tr>\n<td style=\"text-align: center; width: 50px;\">33<\/td>\n<td style=\"text-align: center; width: 90px;\">13:48:00<\/td>\n<td style=\"text-align: center; width: 310px;\">LEJEUNE\u00a0Cecile<\/td>\n<td style=\"text-align: center; width: 360px;\">MASSI TACTIC WOMEN\u2019S TEAM<\/td>\n<\/tr>\n<tr>\n<td style=\"text-align: center; width: 50px;\">34<\/td>\n<td style=\"text-align: center; width: 90px;\">13:49:30<\/td>\n<td style=\"text-align: center; width: 310px;\">HILD\u00a0Am\u00e9lie<\/td>\n<td style=\"text-align: center; width: 360px;\">MAXX-SOLAR ROSE WOMEN RACING<\/td>\n<\/tr>\n<tr>\n<td style=\"text-align: center; width: 50px;\">35<\/td>\n<td style=\"text-align: center; width: 90px;\">13:51:00<\/td>\n<td style=\"text-align: center; width: 310px;\">LE MOUEL\u00a0Celia<\/td>\n<td style=\"text-align: center; width: 360px;\">ST MICHEL \u2013 MAVIC \u2013 AUBER93<\/td>\n<\/tr>\n<tr>\n<td style=\"text-align: center; width: 50px;\">36<\/td>\n<td style=\"text-align: center; width: 90px;\">13:52:30<\/td>\n<td style=\"text-align: center; width: 310px;\">MUZIC\u00a0Evita<\/td>\n<td style=\"text-align: center; width: 360px;\">FDJ-SUEZ<\/td>\n<\/tr>\n<tr>\n<td style=\"text-align: center; width: 50px;\">37<\/td>\n<td style=\"text-align: center; width: 90px;\">13:54:00<\/td>\n<td style=\"text-align: center; width: 310px;\">MIERMONT\u00a0Dilyxine<\/td>\n<td style=\"text-align: center; width: 360px;\">ST MICHEL \u2013 MAVIC \u2013 AUBER93<\/td>\n<\/tr>\n<tr>\n<td style=\"text-align: center; width: 50px;\">38<\/td>\n<td style=\"text-align: center; width: 90px;\">13:55:30<\/td>\n<td style=\"text-align: center; width: 310px;\">LAURANCE\u00a0Typhaine<\/td>\n<td style=\"text-align: center; width: 360px;\">LIFEPLUS WAHOO<\/td>\n<\/tr>\n<tr>\n<td style=\"text-align: center; width: 50px;\">39<\/td>\n<td style=\"text-align: center; width: 90px;\">13:57:00<\/td>\n<td style=\"text-align: center; width: 310px;\">CURINIER\u00a0L\u00e9a<\/td>\n<td style=\"text-align: center; width: 360px;\">TEAM DSM<\/td>\n<\/tr>\n<tr>\n<td style=\"text-align: center; width: 50px;\">40<\/td>\n<td style=\"text-align: center; width: 90px;\">13:58:30<\/td>\n<td style=\"text-align: center; width: 310px;\">LE NET\u00a0Marie<\/td>\n<td style=\"text-align: center; width: 360px;\">FDJ-SUEZ<\/td>\n<\/tr>\n<tr>\n<td style=\"text-align: center; width: 50px;\">41<\/td>\n<td style=\"text-align: center; width: 90px;\">14:00:00<\/td>\n<td style=\"text-align: center; width: 310px;\">BORRAS\u00a0Marion<\/td>\n<td style=\"text-align: center; width: 360px;\">ST MICHEL \u2013 MAVIC \u2013 AUBER93<\/td>\n<\/tr>\n<tr>\n<td style=\"text-align: center; width: 50px;\">42<\/td>\n<td style=\"text-align: center; width: 90px;\">14:01:30<\/td>\n<td style=\"text-align: center; width: 310px;\">FOURMIGU\u00c9\u00a0Chlo\u00e9<\/td>\n<td style=\"text-align: center; width: 360px;\">CYNISCA CYCLING<\/td>\n<\/tr>\n<tr>\n<td style=\"text-align: center; width: 50px;\">43<\/td>\n<td style=\"text-align: center; width: 90px;\">14:03:00<\/td>\n<td style=\"text-align: center; width: 310px;\">DEMAY\u00a0Coralie<\/td>\n<td style=\"text-align: center; width: 360px;\">ST MICHEL \u2013 MAVIC \u2013 AUBER93<\/td>\n<\/tr>\n<tr>\n<td style=\"text-align: center; width: 50px;\">44<\/td>\n<td style=\"text-align: center; width: 90px;\">14:04:30<\/td>\n<td style=\"text-align: center; width: 310px;\">ERAUD\u00a0Severine<\/td>\n<td style=\"text-align: center; width: 360px;\">COFIDIS WOMEN TEAM<\/td>\n<\/tr>\n<tr>\n<td style=\"text-align: center; width: 50px;\">45<\/td>\n<td style=\"text-align: center; width: 90px;\">14:06:00<\/td>\n<td style=\"text-align: center; width: 310px;\">KERBAOL\u00a0Cedrine<\/td>\n<td style=\"text-align: center; width: 360px;\">CERATIZIT \u2013 WNT PRO CYCLING TEAM<\/td>\n<\/tr>\n<tr>\n<td style=\"text-align: center; width: 50px;\">46<\/td>\n<td style=\"text-align: center; width: 90px;\">14:07:30<\/td>\n<td style=\"text-align: center; width: 310px;\">CORDON RAGOT\u00a0Audrey<\/td>\n<td style=\"text-align: center; width: 360px;\">HUMAN POWERED HEALTH<\/td>\n<\/tr>\n<\/tbody>\n<\/table>\n<h2 style=\"text-align: justify;\">\u00c0 lire aussi<\/h2>\n<ul>\n<li style=\"text-align: justify;\"><a href=\"https:\/\/dicodusport.fr\/blog\/cyclisme-championnats-de-france-parcours-et-profil-du-contre-la-montre\/\" target=\"_blank\" rel=\"noopener\"><strong>Cyclisme Championnats de France : Parcours et profil du contre-la-montre<\/strong><\/a><\/li>\n<li style=\"text-align: justify;\"><a href=\"https:\/\/dicodusport.fr\/blog\/championnats-de-france-de-cyclisme-2023-a-quelle-heure-et-sur-quelle-chaine-tv\/\" target=\"_blank\" rel=\"noopener\"><strong>Championnats de France de cyclisme 2023 : \u00c0 quelle heure et sur quelle cha\u00eene TV<\/strong><\/a><\/li>\n<\/ul>\n","protected":false},"excerpt":{"rendered":"<p>CHAMPIONNATS DE FRANCE DE CYCLISME SUR ROUTE 2023\u00a0&#8211; D\u00e9couvrez l&rsquo;ordre de d\u00e9part des contre-la-montre hommes et femmes des Championnats de France de cyclisme 2023, qui se disputent ce jeudi 22 juin.<\/p>\n","protected":false},"author":1,"featured_media":393375,"comment_status":"open","ping_status":"closed","sticky":false,"template":"","format":"standard","meta":{"_acf_changed":false,"_daextam_enable_autolinks":"","footnotes":""},"categories":[46994],"tags":[16878,574],"class_list":["post-393325","post","type-post","status-publish","format-standard","has-post-thumbnail","hentry","category-cyclisme-sur-route","tag-breve","tag-cyclisme"],"acf":[],"yoast_head":"<!-- This site is optimized with the Yoast SEO Premium plugin v26.7 (Yoast SEO v26.7) - https:\/\/yoast.com\/wordpress\/plugins\/seo\/ -->\n<title>Ordre et horaires de d\u00e9part Contre-la-montre Championnats de France cyclisme 2023<\/title>\n<meta name=\"description\" content=\"CHAMPIONNATS DE FRANCE DE CYCLISME SUR ROUTE 2023\u00a0- D\u00e9couvrez l&#039;ordre de d\u00e9part des contre-la-montre hommes et femmes des Championnats de France de cyclisme 2023, qui se disputent ce jeudi 22 juin.\" \/>\n<meta name=\"robots\" content=\"index, follow, max-snippet:-1, max-image-preview:large, max-video-preview:-1\" \/>\n<link rel=\"canonical\" href=\"https:\/\/dicodusport.fr\/blog\/ordre-et-horaires-de-depart-contre-la-montre-championnats-de-france-cyclisme-2023\/\" \/>\n<meta property=\"og:locale\" content=\"fr_FR\" \/>\n<meta property=\"og:type\" content=\"article\" \/>\n<meta property=\"og:title\" content=\"Ordre et horaires de d\u00e9part Contre-la-montre Championnats de France cyclisme 2023\" \/>\n<meta property=\"og:description\" content=\"CHAMPIONNATS DE FRANCE DE CYCLISME SUR ROUTE 2023\u00a0- D\u00e9couvrez l&#039;ordre de d\u00e9part des contre-la-montre hommes et femmes des Championnats de France de cyclisme 2023, qui se disputent ce jeudi 22 juin.\" \/>\n<meta property=\"og:url\" content=\"https:\/\/dicodusport.fr\/blog\/ordre-et-horaires-de-depart-contre-la-montre-championnats-de-france-cyclisme-2023\/\" \/>\n<meta property=\"og:site_name\" content=\"Dicodusport\" \/>\n<meta property=\"article:publisher\" content=\"https:\/\/www.facebook.com\/dicodusport\" \/>\n<meta property=\"article:author\" content=\"https:\/\/www.facebook.com\/dicodusport\" \/>\n<meta property=\"article:published_time\" content=\"2023-06-22T07:37:41+00:00\" \/>\n<meta property=\"article:modified_time\" content=\"2023-06-22T07:42:39+00:00\" \/>\n<meta property=\"og:image\" content=\"https:\/\/dicodusport.fr\/blog\/wp-content\/uploads\/2023\/06\/Ordre-et-horaires-de-depart-Contre-la-montre-Championnats-de-France-cyclisme-2023-Armirail.png\" \/>\n\t<meta property=\"og:image:width\" content=\"800\" \/>\n\t<meta property=\"og:image:height\" content=\"445\" \/>\n\t<meta property=\"og:image:type\" content=\"image\/png\" \/>\n<meta name=\"author\" content=\"Nicolas Jacquemard\" \/>\n<meta name=\"twitter:card\" content=\"summary_large_image\" \/>\n<meta name=\"twitter:title\" content=\"Ordre et horaires de d\u00e9part Contre-la-montre Championnats de France cyclisme 2023\" \/>\n<meta name=\"twitter:creator\" content=\"@https:\/\/twitter.com\/Nico_Jacquemard\" \/>\n<meta name=\"twitter:site\" content=\"@dicodusport\" \/>\n<script type=\"application\/ld+json\" class=\"yoast-schema-graph\">{\"@context\":\"https:\/\/schema.org\",\"@graph\":[{\"@type\":\"NewsArticle\",\"@id\":\"https:\/\/dicodusport.fr\/blog\/ordre-et-horaires-de-depart-contre-la-montre-championnats-de-france-cyclisme-2023\/#article\",\"isPartOf\":{\"@id\":\"https:\/\/dicodusport.fr\/blog\/ordre-et-horaires-de-depart-contre-la-montre-championnats-de-france-cyclisme-2023\/\"},\"author\":{\"name\":\"Nicolas Jacquemard\",\"@id\":\"https:\/\/dicodusport.fr\/blog\/#\/schema\/person\/55dcb50ad410894e431ed812bbb70191\"},\"headline\":\"Ordre et horaires de d\u00e9part Contre-la-montre Championnats de France cyclisme 2023\",\"datePublished\":\"2023-06-22T07:37:41+00:00\",\"dateModified\":\"2023-06-22T07:42:39+00:00\",\"mainEntityOfPage\":{\"@id\":\"https:\/\/dicodusport.fr\/blog\/ordre-et-horaires-de-depart-contre-la-montre-championnats-de-france-cyclisme-2023\/\"},\"wordCount\":1026,\"commentCount\":0,\"publisher\":{\"@id\":\"https:\/\/dicodusport.fr\/blog\/#organization\"},\"image\":{\"@id\":\"https:\/\/dicodusport.fr\/blog\/ordre-et-horaires-de-depart-contre-la-montre-championnats-de-france-cyclisme-2023\/#primaryimage\"},\"thumbnailUrl\":\"https:\/\/dicodusport.fr\/blog\/wp-content\/uploads\/2023\/06\/Ordre-et-horaires-de-depart-Contre-la-montre-Championnats-de-France-cyclisme-2023-Armirail.png\",\"keywords\":[\"br\u00e8ve\",\"Cyclisme\"],\"articleSection\":[\"Cyclisme sur route\"],\"inLanguage\":\"fr-FR\",\"potentialAction\":[{\"@type\":\"CommentAction\",\"name\":\"Comment\",\"target\":[\"https:\/\/dicodusport.fr\/blog\/ordre-et-horaires-de-depart-contre-la-montre-championnats-de-france-cyclisme-2023\/#respond\"]}],\"copyrightYear\":\"2023\",\"copyrightHolder\":{\"@id\":\"https:\/\/dicodusport.fr\/blog\/#organization\"}},{\"@type\":\"WebPage\",\"@id\":\"https:\/\/dicodusport.fr\/blog\/ordre-et-horaires-de-depart-contre-la-montre-championnats-de-france-cyclisme-2023\/\",\"url\":\"https:\/\/dicodusport.fr\/blog\/ordre-et-horaires-de-depart-contre-la-montre-championnats-de-france-cyclisme-2023\/\",\"name\":\"Ordre et horaires de d\u00e9part Contre-la-montre Championnats de France cyclisme 2023\",\"isPartOf\":{\"@id\":\"https:\/\/dicodusport.fr\/blog\/#website\"},\"primaryImageOfPage\":{\"@id\":\"https:\/\/dicodusport.fr\/blog\/ordre-et-horaires-de-depart-contre-la-montre-championnats-de-france-cyclisme-2023\/#primaryimage\"},\"image\":{\"@id\":\"https:\/\/dicodusport.fr\/blog\/ordre-et-horaires-de-depart-contre-la-montre-championnats-de-france-cyclisme-2023\/#primaryimage\"},\"thumbnailUrl\":\"https:\/\/dicodusport.fr\/blog\/wp-content\/uploads\/2023\/06\/Ordre-et-horaires-de-depart-Contre-la-montre-Championnats-de-France-cyclisme-2023-Armirail.png\",\"datePublished\":\"2023-06-22T07:37:41+00:00\",\"dateModified\":\"2023-06-22T07:42:39+00:00\",\"description\":\"CHAMPIONNATS DE FRANCE DE CYCLISME SUR ROUTE 2023\u00a0- D\u00e9couvrez l'ordre de d\u00e9part des contre-la-montre hommes et femmes des Championnats de France de cyclisme 2023, qui se disputent ce jeudi 22 juin.\",\"breadcrumb\":{\"@id\":\"https:\/\/dicodusport.fr\/blog\/ordre-et-horaires-de-depart-contre-la-montre-championnats-de-france-cyclisme-2023\/#breadcrumb\"},\"inLanguage\":\"fr-FR\",\"potentialAction\":[{\"@type\":\"ReadAction\",\"target\":[\"https:\/\/dicodusport.fr\/blog\/ordre-et-horaires-de-depart-contre-la-montre-championnats-de-france-cyclisme-2023\/\"]}]},{\"@type\":\"ImageObject\",\"inLanguage\":\"fr-FR\",\"@id\":\"https:\/\/dicodusport.fr\/blog\/ordre-et-horaires-de-depart-contre-la-montre-championnats-de-france-cyclisme-2023\/#primaryimage\",\"url\":\"https:\/\/dicodusport.fr\/blog\/wp-content\/uploads\/2023\/06\/Ordre-et-horaires-de-depart-Contre-la-montre-Championnats-de-France-cyclisme-2023-Armirail.png\",\"contentUrl\":\"https:\/\/dicodusport.fr\/blog\/wp-content\/uploads\/2023\/06\/Ordre-et-horaires-de-depart-Contre-la-montre-Championnats-de-France-cyclisme-2023-Armirail.png\",\"width\":800,\"height\":445},{\"@type\":\"BreadcrumbList\",\"@id\":\"https:\/\/dicodusport.fr\/blog\/ordre-et-horaires-de-depart-contre-la-montre-championnats-de-france-cyclisme-2023\/#breadcrumb\",\"itemListElement\":[{\"@type\":\"ListItem\",\"position\":1,\"name\":\"Accueil\",\"item\":\"https:\/\/dicodusport.fr\/blog\/\"},{\"@type\":\"ListItem\",\"position\":2,\"name\":\"Ordre et horaires de d\u00e9part Contre-la-montre Championnats de France cyclisme 2023\"}]},{\"@type\":\"WebSite\",\"@id\":\"https:\/\/dicodusport.fr\/blog\/#website\",\"url\":\"https:\/\/dicodusport.fr\/blog\/\",\"name\":\"Dicodusport\",\"description\":\"L&#039;encyclop\u00e9die de l&#039;actualit\u00e9 sportive\",\"publisher\":{\"@id\":\"https:\/\/dicodusport.fr\/blog\/#organization\"},\"potentialAction\":[{\"@type\":\"SearchAction\",\"target\":{\"@type\":\"EntryPoint\",\"urlTemplate\":\"https:\/\/dicodusport.fr\/blog\/?s={search_term_string}\"},\"query-input\":{\"@type\":\"PropertyValueSpecification\",\"valueRequired\":true,\"valueName\":\"search_term_string\"}}],\"inLanguage\":\"fr-FR\"},{\"@type\":\"NewsMediaOrganization\",\"@id\":\"https:\/\/dicodusport.fr\/blog\/#organization\",\"name\":\"Dicodusport\",\"url\":\"https:\/\/dicodusport.fr\/blog\/\",\"logo\":{\"@type\":\"ImageObject\",\"inLanguage\":\"fr-FR\",\"@id\":\"https:\/\/dicodusport.fr\/blog\/#\/schema\/logo\/image\/\",\"url\":\"https:\/\/dicodusport.fr\/blog\/wp-content\/uploads\/2020\/06\/cropped-LOGO-DICODUSPORT-2020-SANS-FOND-SANS-TEXTE.png\",\"contentUrl\":\"https:\/\/dicodusport.fr\/blog\/wp-content\/uploads\/2020\/06\/cropped-LOGO-DICODUSPORT-2020-SANS-FOND-SANS-TEXTE.png\",\"width\":512,\"height\":512,\"caption\":\"Dicodusport\"},\"image\":{\"@id\":\"https:\/\/dicodusport.fr\/blog\/#\/schema\/logo\/image\/\"},\"sameAs\":[\"https:\/\/www.facebook.com\/dicodusport\",\"https:\/\/x.com\/dicodusport\",\"https:\/\/www.instagram.com\/dicodusport\/\",\"https:\/\/www.youtube.com\/channel\/UC7V2KZ5sd3htJivAbA4ZG3w\"],\"description\":\"Dicodusport est l'encyclop\u00e9die de l'actualit\u00e9 sportive.\",\"email\":\"bonjour@dicodusport.fr\",\"legalName\":\"DICODUSPORT\",\"foundingDate\":\"2018-01-14\",\"vatID\":\"FR71834470973\",\"taxID\":\"83447097300043\",\"numberOfEmployees\":{\"@type\":\"QuantitativeValue\",\"minValue\":\"1\",\"maxValue\":\"10\"}},{\"@type\":\"Person\",\"@id\":\"https:\/\/dicodusport.fr\/blog\/#\/schema\/person\/55dcb50ad410894e431ed812bbb70191\",\"name\":\"Nicolas Jacquemard\",\"image\":{\"@type\":\"ImageObject\",\"inLanguage\":\"fr-FR\",\"@id\":\"https:\/\/dicodusport.fr\/blog\/#\/schema\/person\/image\/\",\"url\":\"https:\/\/dicodusport.fr\/blog\/wp-content\/uploads\/2021\/05\/Nicolas-Jacquemard-150x150.jpeg\",\"contentUrl\":\"https:\/\/dicodusport.fr\/blog\/wp-content\/uploads\/2021\/05\/Nicolas-Jacquemard-150x150.jpeg\",\"caption\":\"Nicolas Jacquemard\"},\"description\":\"Passionn\u00e9 de sport et entrepreneur depuis mes 18 ans, la cr\u00e9ation de Dicodusport m'a sembl\u00e9 \u00e9vidente pour participer \u00e0 la m\u00e9diatisation d'un plus grand nombre de sports. Le chemin est long mais avec une \u00e9quipe des plus motiv\u00e9es et les Jeux Olympiques de Paris 2024 en point de mire, nous y arriverons ! Journaliste dans le monde du sport depuis plus de 5 ans, je traite aussi bien de football, de rugby, de biathlon que de cyclisme.\",\"sameAs\":[\"https:\/\/www.facebook.com\/dicodusport\",\"https:\/\/x.com\/https:\/\/twitter.com\/Nico_Jacquemard\"],\"url\":\"https:\/\/dicodusport.fr\/blog\/author\/dicodusport\/\"}]}<\/script>\n<!-- \/ Yoast SEO Premium plugin. -->","yoast_head_json":{"title":"Ordre et horaires de d\u00e9part Contre-la-montre Championnats de France cyclisme 2023","description":"CHAMPIONNATS DE FRANCE DE CYCLISME SUR ROUTE 2023\u00a0- D\u00e9couvrez l'ordre de d\u00e9part des contre-la-montre hommes et femmes des Championnats de France de cyclisme 2023, qui se disputent ce jeudi 22 juin.","robots":{"index":"index","follow":"follow","max-snippet":"max-snippet:-1","max-image-preview":"max-image-preview:large","max-video-preview":"max-video-preview:-1"},"canonical":"https:\/\/dicodusport.fr\/blog\/ordre-et-horaires-de-depart-contre-la-montre-championnats-de-france-cyclisme-2023\/","og_locale":"fr_FR","og_type":"article","og_title":"Ordre et horaires de d\u00e9part Contre-la-montre Championnats de France cyclisme 2023","og_description":"CHAMPIONNATS DE FRANCE DE CYCLISME SUR ROUTE 2023\u00a0- D\u00e9couvrez l'ordre de d\u00e9part des contre-la-montre hommes et femmes des Championnats de France de cyclisme 2023, qui se disputent ce jeudi 22 juin.","og_url":"https:\/\/dicodusport.fr\/blog\/ordre-et-horaires-de-depart-contre-la-montre-championnats-de-france-cyclisme-2023\/","og_site_name":"Dicodusport","article_publisher":"https:\/\/www.facebook.com\/dicodusport","article_author":"https:\/\/www.facebook.com\/dicodusport","article_published_time":"2023-06-22T07:37:41+00:00","article_modified_time":"2023-06-22T07:42:39+00:00","og_image":[{"width":800,"height":445,"url":"https:\/\/dicodusport.fr\/blog\/wp-content\/uploads\/2023\/06\/Ordre-et-horaires-de-depart-Contre-la-montre-Championnats-de-France-cyclisme-2023-Armirail.png","type":"image\/png"}],"author":"Nicolas Jacquemard","twitter_card":"summary_large_image","twitter_title":"Ordre et horaires de d\u00e9part Contre-la-montre Championnats de France cyclisme 2023","twitter_creator":"@https:\/\/twitter.com\/Nico_Jacquemard","twitter_site":"@dicodusport","schema":{"@context":"https:\/\/schema.org","@graph":[{"@type":"NewsArticle","@id":"https:\/\/dicodusport.fr\/blog\/ordre-et-horaires-de-depart-contre-la-montre-championnats-de-france-cyclisme-2023\/#article","isPartOf":{"@id":"https:\/\/dicodusport.fr\/blog\/ordre-et-horaires-de-depart-contre-la-montre-championnats-de-france-cyclisme-2023\/"},"author":{"name":"Nicolas Jacquemard","@id":"https:\/\/dicodusport.fr\/blog\/#\/schema\/person\/55dcb50ad410894e431ed812bbb70191"},"headline":"Ordre et horaires de d\u00e9part Contre-la-montre Championnats de France cyclisme 2023","datePublished":"2023-06-22T07:37:41+00:00","dateModified":"2023-06-22T07:42:39+00:00","mainEntityOfPage":{"@id":"https:\/\/dicodusport.fr\/blog\/ordre-et-horaires-de-depart-contre-la-montre-championnats-de-france-cyclisme-2023\/"},"wordCount":1026,"commentCount":0,"publisher":{"@id":"https:\/\/dicodusport.fr\/blog\/#organization"},"image":{"@id":"https:\/\/dicodusport.fr\/blog\/ordre-et-horaires-de-depart-contre-la-montre-championnats-de-france-cyclisme-2023\/#primaryimage"},"thumbnailUrl":"https:\/\/dicodusport.fr\/blog\/wp-content\/uploads\/2023\/06\/Ordre-et-horaires-de-depart-Contre-la-montre-Championnats-de-France-cyclisme-2023-Armirail.png","keywords":["br\u00e8ve","Cyclisme"],"articleSection":["Cyclisme sur route"],"inLanguage":"fr-FR","potentialAction":[{"@type":"CommentAction","name":"Comment","target":["https:\/\/dicodusport.fr\/blog\/ordre-et-horaires-de-depart-contre-la-montre-championnats-de-france-cyclisme-2023\/#respond"]}],"copyrightYear":"2023","copyrightHolder":{"@id":"https:\/\/dicodusport.fr\/blog\/#organization"}},{"@type":"WebPage","@id":"https:\/\/dicodusport.fr\/blog\/ordre-et-horaires-de-depart-contre-la-montre-championnats-de-france-cyclisme-2023\/","url":"https:\/\/dicodusport.fr\/blog\/ordre-et-horaires-de-depart-contre-la-montre-championnats-de-france-cyclisme-2023\/","name":"Ordre et horaires de d\u00e9part Contre-la-montre Championnats de France cyclisme 2023","isPartOf":{"@id":"https:\/\/dicodusport.fr\/blog\/#website"},"primaryImageOfPage":{"@id":"https:\/\/dicodusport.fr\/blog\/ordre-et-horaires-de-depart-contre-la-montre-championnats-de-france-cyclisme-2023\/#primaryimage"},"image":{"@id":"https:\/\/dicodusport.fr\/blog\/ordre-et-horaires-de-depart-contre-la-montre-championnats-de-france-cyclisme-2023\/#primaryimage"},"thumbnailUrl":"https:\/\/dicodusport.fr\/blog\/wp-content\/uploads\/2023\/06\/Ordre-et-horaires-de-depart-Contre-la-montre-Championnats-de-France-cyclisme-2023-Armirail.png","datePublished":"2023-06-22T07:37:41+00:00","dateModified":"2023-06-22T07:42:39+00:00","description":"CHAMPIONNATS DE FRANCE DE CYCLISME SUR ROUTE 2023\u00a0- D\u00e9couvrez l'ordre de d\u00e9part des contre-la-montre hommes et femmes des Championnats de France de cyclisme 2023, qui se disputent ce jeudi 22 juin.","breadcrumb":{"@id":"https:\/\/dicodusport.fr\/blog\/ordre-et-horaires-de-depart-contre-la-montre-championnats-de-france-cyclisme-2023\/#breadcrumb"},"inLanguage":"fr-FR","potentialAction":[{"@type":"ReadAction","target":["https:\/\/dicodusport.fr\/blog\/ordre-et-horaires-de-depart-contre-la-montre-championnats-de-france-cyclisme-2023\/"]}]},{"@type":"ImageObject","inLanguage":"fr-FR","@id":"https:\/\/dicodusport.fr\/blog\/ordre-et-horaires-de-depart-contre-la-montre-championnats-de-france-cyclisme-2023\/#primaryimage","url":"https:\/\/dicodusport.fr\/blog\/wp-content\/uploads\/2023\/06\/Ordre-et-horaires-de-depart-Contre-la-montre-Championnats-de-France-cyclisme-2023-Armirail.png","contentUrl":"https:\/\/dicodusport.fr\/blog\/wp-content\/uploads\/2023\/06\/Ordre-et-horaires-de-depart-Contre-la-montre-Championnats-de-France-cyclisme-2023-Armirail.png","width":800,"height":445},{"@type":"BreadcrumbList","@id":"https:\/\/dicodusport.fr\/blog\/ordre-et-horaires-de-depart-contre-la-montre-championnats-de-france-cyclisme-2023\/#breadcrumb","itemListElement":[{"@type":"ListItem","position":1,"name":"Accueil","item":"https:\/\/dicodusport.fr\/blog\/"},{"@type":"ListItem","position":2,"name":"Ordre et horaires de d\u00e9part Contre-la-montre Championnats de France cyclisme 2023"}]},{"@type":"WebSite","@id":"https:\/\/dicodusport.fr\/blog\/#website","url":"https:\/\/dicodusport.fr\/blog\/","name":"Dicodusport","description":"L&#039;encyclop\u00e9die de l&#039;actualit\u00e9 sportive","publisher":{"@id":"https:\/\/dicodusport.fr\/blog\/#organization"},"potentialAction":[{"@type":"SearchAction","target":{"@type":"EntryPoint","urlTemplate":"https:\/\/dicodusport.fr\/blog\/?s={search_term_string}"},"query-input":{"@type":"PropertyValueSpecification","valueRequired":true,"valueName":"search_term_string"}}],"inLanguage":"fr-FR"},{"@type":"NewsMediaOrganization","@id":"https:\/\/dicodusport.fr\/blog\/#organization","name":"Dicodusport","url":"https:\/\/dicodusport.fr\/blog\/","logo":{"@type":"ImageObject","inLanguage":"fr-FR","@id":"https:\/\/dicodusport.fr\/blog\/#\/schema\/logo\/image\/","url":"https:\/\/dicodusport.fr\/blog\/wp-content\/uploads\/2020\/06\/cropped-LOGO-DICODUSPORT-2020-SANS-FOND-SANS-TEXTE.png","contentUrl":"https:\/\/dicodusport.fr\/blog\/wp-content\/uploads\/2020\/06\/cropped-LOGO-DICODUSPORT-2020-SANS-FOND-SANS-TEXTE.png","width":512,"height":512,"caption":"Dicodusport"},"image":{"@id":"https:\/\/dicodusport.fr\/blog\/#\/schema\/logo\/image\/"},"sameAs":["https:\/\/www.facebook.com\/dicodusport","https:\/\/x.com\/dicodusport","https:\/\/www.instagram.com\/dicodusport\/","https:\/\/www.youtube.com\/channel\/UC7V2KZ5sd3htJivAbA4ZG3w"],"description":"Dicodusport est l'encyclop\u00e9die de l'actualit\u00e9 sportive.","email":"bonjour@dicodusport.fr","legalName":"DICODUSPORT","foundingDate":"2018-01-14","vatID":"FR71834470973","taxID":"83447097300043","numberOfEmployees":{"@type":"QuantitativeValue","minValue":"1","maxValue":"10"}},{"@type":"Person","@id":"https:\/\/dicodusport.fr\/blog\/#\/schema\/person\/55dcb50ad410894e431ed812bbb70191","name":"Nicolas Jacquemard","image":{"@type":"ImageObject","inLanguage":"fr-FR","@id":"https:\/\/dicodusport.fr\/blog\/#\/schema\/person\/image\/","url":"https:\/\/dicodusport.fr\/blog\/wp-content\/uploads\/2021\/05\/Nicolas-Jacquemard-150x150.jpeg","contentUrl":"https:\/\/dicodusport.fr\/blog\/wp-content\/uploads\/2021\/05\/Nicolas-Jacquemard-150x150.jpeg","caption":"Nicolas Jacquemard"},"description":"Passionn\u00e9 de sport et entrepreneur depuis mes 18 ans, la cr\u00e9ation de Dicodusport m'a sembl\u00e9 \u00e9vidente pour participer \u00e0 la m\u00e9diatisation d'un plus grand nombre de sports. Le chemin est long mais avec une \u00e9quipe des plus motiv\u00e9es et les Jeux Olympiques de Paris 2024 en point de mire, nous y arriverons ! Journaliste dans le monde du sport depuis plus de 5 ans, je traite aussi bien de football, de rugby, de biathlon que de cyclisme.","sameAs":["https:\/\/www.facebook.com\/dicodusport","https:\/\/x.com\/https:\/\/twitter.com\/Nico_Jacquemard"],"url":"https:\/\/dicodusport.fr\/blog\/author\/dicodusport\/"}]}},"_links":{"self":[{"href":"https:\/\/dicodusport.fr\/blog\/wp-json\/wp\/v2\/posts\/393325","targetHints":{"allow":["GET"]}}],"collection":[{"href":"https:\/\/dicodusport.fr\/blog\/wp-json\/wp\/v2\/posts"}],"about":[{"href":"https:\/\/dicodusport.fr\/blog\/wp-json\/wp\/v2\/types\/post"}],"author":[{"embeddable":true,"href":"https:\/\/dicodusport.fr\/blog\/wp-json\/wp\/v2\/users\/1"}],"replies":[{"embeddable":true,"href":"https:\/\/dicodusport.fr\/blog\/wp-json\/wp\/v2\/comments?post=393325"}],"version-history":[{"count":0,"href":"https:\/\/dicodusport.fr\/blog\/wp-json\/wp\/v2\/posts\/393325\/revisions"}],"wp:featuredmedia":[{"embeddable":true,"href":"https:\/\/dicodusport.fr\/blog\/wp-json\/wp\/v2\/media\/393375"}],"wp:attachment":[{"href":"https:\/\/dicodusport.fr\/blog\/wp-json\/wp\/v2\/media?parent=393325"}],"wp:term":[{"taxonomy":"category","embeddable":true,"href":"https:\/\/dicodusport.fr\/blog\/wp-json\/wp\/v2\/categories?post=393325"},{"taxonomy":"post_tag","embeddable":true,"href":"https:\/\/dicodusport.fr\/blog\/wp-json\/wp\/v2\/tags?post=393325"}],"curies":[{"name":"wp","href":"https:\/\/api.w.org\/{rel}","templated":true}]}}