{"id":393443,"date":"2023-06-24T15:38:13","date_gmt":"2023-06-24T13:38:13","guid":{"rendered":"https:\/\/dicodusport.fr\/blog\/?p=393443&#038;preview=true&#038;preview_id=393443"},"modified":"2023-06-25T14:58:58","modified_gmt":"2023-06-25T12:58:58","slug":"motogp-pays-bas-2023-programme-chaine-tv-et-resultats","status":"publish","type":"post","link":"https:\/\/dicodusport.fr\/blog\/motogp-pays-bas-2023-programme-chaine-tv-et-resultats\/","title":{"rendered":"MotoGP Pays-Bas 2023 : Les r\u00e9sultats complets"},"content":{"rendered":"<p style=\"text-align: justify;\"><em><strong><a href=\"https:\/\/dicodusport.fr\/blog\/actualites\/sports-mecaniques\/moto\/\">MOTOGP 2023<\/a> &#8211; Le Grand Prix des Pays-Bas <\/strong><\/em><em><strong>2023 de MotoGP va se d\u00e9rouler ce week-end sur le circuit d&rsquo;Assen<span class=\"tsp-di\">. A<\/span><span class=\"tsp-di\">pr\u00e8s le doubl\u00e9 sprint &#8211; course longue de Jorge Martin au Grand Prix d&rsquo;Allemagne, <\/span>qui s&rsquo;imposera sur le circuit n\u00e9erlandais ? Programme TV, horaires, enjeux et r\u00e9sultats : soyez incollables avant la 8<sup>\u00e8me<\/sup> manche du Championnat du monde de MotoGP 2023.<\/strong><\/em><\/p>\n<p style=\"text-align: justify;\">Le\u00a0<strong>Grand Prix des Pays-Bas<\/strong> est une \u00e9tape incontournable du championnat du monde de MotoGP. Cette derni\u00e8re figure au calendrier de la cat\u00e9gorie reine depuis 1949. Les meilleurs pilotes du monde ont remport\u00e9 le GP n\u00e9erlandais. <strong>La l\u00e9gende Valentino Rossi<\/strong>\u00a0compte pas moins de 8 victoires sur ce circuit (2002, 2004, 2005, 2007, 2009, 2013, 2015 et 2017). Avant lui, c\u2019est\u00a0<strong>Dani Pedrosa<\/strong>\u00a0qui comptait 4 succ\u00e8s (2007, 2010, 2011 et 2012).\u00a0<strong>Marc Marquez<\/strong>\u00a0a gagn\u00e9 deux fois (2014 et 2018) tout comme\u00a0<strong>Casey Stoner<\/strong>\u00a0(2008 et 2012).<\/p>\n<p style=\"text-align: justify;\">Enfin, certains n\u2019ont gagn\u00e9 qu\u2019une seule fois aux Pays-Bas tels que\u00a0<strong>Nicky Hayden<\/strong>\u00a0(2006),\u00a0<strong>Jorge Lorenzo<\/strong>\u00a0(2010),\u00a0<strong>Jack Miller<\/strong>\u00a0(2016) ou encore\u00a0<strong>Maverick Vi\u00f1ales<\/strong> (2019). <strong>Fabio Quartararo<\/strong> (2021) et <strong>Francesco Bagnaia<\/strong> (2022) sont les deux derniers vainqueurs de l&rsquo;\u00e9preuve batave.<\/p>\n<div class=\"vlp-link-container vlp-layout-article\"><a href=\"https:\/\/dicodusport.fr\/blog\/grand-prix-des-pays-bas-francesco-bagnaia-s-impose-a-assen-quartararo-bredouille\/\" class=\"vlp-link\" title=\"Grand Prix des Pays-Bas : Francesco Bagnaia s&#039;impose \u00e0 Assen, Quartararo bredouille\"><\/a><div class=\"vlp-layout-zone-side\"><div class=\"vlp-block-4 vlp-link-image\"><img loading=\"lazy\" decoding=\"async\" style=\"max-width: 800px;\" width=\"800\" height=\"445\" src=\"https:\/\/dicodusport.fr\/blog\/wp-content\/uploads\/2022\/06\/Grand-Prix-des-Pays-Bas-Francesco-Bagnaia-simpose-a-Assen-Quartararo-bredouille.png\" class=\"attachment-800x445 size-800x445\" alt=\"Grand Prix des Pays-Bas Francesco Bagnaia s&#039;impose \u00e0 Assen, Quartararo bredouille\" srcset=\"https:\/\/dicodusport.fr\/blog\/wp-content\/uploads\/2022\/06\/Grand-Prix-des-Pays-Bas-Francesco-Bagnaia-simpose-a-Assen-Quartararo-bredouille.png 800w, https:\/\/dicodusport.fr\/blog\/wp-content\/uploads\/2022\/06\/Grand-Prix-des-Pays-Bas-Francesco-Bagnaia-simpose-a-Assen-Quartararo-bredouille-300x167.png 300w, https:\/\/dicodusport.fr\/blog\/wp-content\/uploads\/2022\/06\/Grand-Prix-des-Pays-Bas-Francesco-Bagnaia-simpose-a-Assen-Quartararo-bredouille-768x427.png 768w\" sizes=\"auto, (max-width: 800px) 100vw, 800px\" \/><\/div><\/div><div class=\"vlp-layout-zone-main\"><div class=\"vlp-block-0 vlp-link-title\">Grand Prix des Pays-Bas : Francesco Bagnaia s'impose \u00e0 Assen, Quartararo bredouille<\/div><div class=\"vlp-block-1 vlp-link-summary\">MOTOGP - GRAND PRIX DES PAYS-BAS\u00a02022\u00a0- \u00c0 l'occasion de la onzi\u00e8me course de la saison, le pilote italien Francesco Bagnaia (Ducati) s'est impos\u00e9 sur le circuit d'Assen. C'est sa 7\u00e8me victoire en carri\u00e8re. Il a men\u00e9 la course de bout en bout tandis que Fabio Quartararo a chut\u00e9 \u00e0 deux reprises puis abandonn\u00e9. Le rookie Marco Bezzecchi (VR46) et Maverick Vinales (Aprilia) l'accompagnent pour un podium in\u00e9dit. L'autre Fran\u00e7ais Johann Zarco termine 13\u00e8me.<\/div><div class=\"vlp-block-2 vlp-link-button\">Lire l'article<\/div><div class=\"vlp-block-3 vlp-link-url\">dicodusport.fr<\/div><\/div><\/div>\n<h2 style=\"text-align: justify;\">Les sp\u00e9cificit\u00e9s du circuit d&rsquo;Assen &#8211; Grand Prix des Pays-Bas<\/h2>\n<p style=\"text-align: justify;\">Un tour de ce circuit, c\u2019est 4,5 km ! Le\u00a0<strong>TT Circuit Assen\u00a0<\/strong>se trouve au nord-est des Pays-Bas. On l\u2019appelle\u00a0<em>La Cath\u00e9drale<\/em>. Le trac\u00e9 est compos\u00e9 de 18 virages, dont 6 \u00e0 gauche et 12 \u00e0 droite. Il est consid\u00e9r\u00e9 comme l\u2019un des circuits les plus particuliers et mythiques des sports m\u00e9caniques. La course principale se d\u00e9roulera sur 26 tours, soit environ 118 km. La plus longue ligne droite ne mesure que 487 m, o\u00f9 les pilotes atteignent g\u00e9n\u00e9ralement les 310 km\/h.<\/p>\n<div class=\"code-block code-block-3\">\n<div class=\"optidigital-wrapper-div\">\n<div id=\"optidigital-adslot-Content_2\" class=\"Content_2 optidigital-ad-center-sticky\">\n<div id=\"attachment_235742\" style=\"width: 706px\" class=\"wp-caption aligncenter\"><a href=\"https:\/\/dicodusport.fr\/blog\/wp-content\/uploads\/2022\/06\/MotoGP-TT-Circuit-Assen-Grand-Prix-des-Pays-Bas.png\"><img loading=\"lazy\" decoding=\"async\" aria-describedby=\"caption-attachment-235742\" class=\"wp-image-235742 size-full\" src=\"https:\/\/dicodusport.fr\/blog\/wp-content\/uploads\/2022\/06\/MotoGP-TT-Circuit-Assen-Grand-Prix-des-Pays-Bas.png\" alt=\"MotoGP - TT Circuit Assen - Grand Prix des Pays-Bas\" width=\"696\" height=\"576\" srcset=\"https:\/\/dicodusport.fr\/blog\/wp-content\/uploads\/2022\/06\/MotoGP-TT-Circuit-Assen-Grand-Prix-des-Pays-Bas.png 696w, https:\/\/dicodusport.fr\/blog\/wp-content\/uploads\/2022\/06\/MotoGP-TT-Circuit-Assen-Grand-Prix-des-Pays-Bas-300x248.png 300w\" sizes=\"auto, (max-width: 696px) 100vw, 696px\" \/><\/a><p id=\"caption-attachment-235742\" class=\"wp-caption-text\">MotoGP &#8211; TT Circuit Assen &#8211; Grand Prix des Pays-Bas<\/p><\/div>\n<\/div>\n<\/div>\n<\/div>\n<p style=\"text-align: justify;\">C\u00f4t\u00e9 m\u00e9t\u00e9o, le week-end s&rsquo;annonce sec aux <strong>Pays-Bas<\/strong>. Vendredi, samedi et dimanche, les pr\u00e9visions annoncent un temps plut\u00f4t ensoleill\u00e9, au pire l\u00e9g\u00e8rement nuageux. Les temp\u00e9ratures seront comprises entre 25 et 29 degr\u00e8s.<\/p>\n<h2>Les records<\/h2>\n<p style=\"text-align: justify;\"><strong>Francesco Bagnaia<\/strong> (Ducati) poss\u00e8de le record du tour le plus rapide sur ce circuit en 1:31.504, r\u00e9alis\u00e9 lors de sa pole position en 2022. De son c\u00f4t\u00e9, l&rsquo;Espagnol <strong>Aleix Espargaro<\/strong> (Aprilia) s\u2019\u00e9tait offert le record du tour en course l&rsquo;ann\u00e9e derni\u00e8re, avec un temps de 1:32.500. C\u2019est l\u2019Italien <strong>Andrea Dovizioso<\/strong> et sa Ducati de l\u2019\u00e9poque qui poss\u00e8de le record de vitesse de pointe la plus \u00e9lev\u00e9e sur le circuit, avec ses 320,8 km\/h r\u00e9alis\u00e9s en 2019.<\/p>\n<h2 style=\"text-align: justify;\">Les enjeux<\/h2>\n<p style=\"text-align: justify;\">Cette saison est palpitante ! De nombreux pilotes de la grille ont d\u00e9j\u00e0 r\u00e9ussi \u00e0 gagner dans la cat\u00e9gorie et <a href=\"https:\/\/dicodusport.fr\/blog\/motogp-des-course-sprint-chaque-week-end-en-2023\/\">le format de course sprint fait encore ses d\u00e9buts<\/a>. Le champion du monde 2021, <strong>Fabio Quartararo<\/strong>, a toujours \u00e0 c\u0153ur de remporter un deuxi\u00e8me titre avec sa Yamaha. N\u00e9anmoins, sa saison est tr\u00e8s compliqu\u00e9e. Au contraire de son rival de chez Ducati, <strong>Francesco Bagnaia<\/strong>, qui voudra d\u00e9fendre son titre remport\u00e9 lors du dernier Grand Prix l&rsquo;ann\u00e9e derni\u00e8re. Il a d&rsquo;ailleurs remport\u00e9 plusieurs courses depuis le d\u00e9but de saison et m\u00e8ne le championnat.<\/p>\n<p style=\"text-align: justify;\">N\u00e9anmoins, il est challeng\u00e9 par l&rsquo;Espagnol <strong>Jorge Martin<\/strong> (Pramac Ducati), ainsi que par son jeune compatriote <strong>Marco Bezzecchi<\/strong> (Mooney VR46). Quelques grosses t\u00eates d&rsquo;affiche ont chang\u00e9 d&rsquo;\u00e9curie comme notamment <strong>Jack Miller<\/strong> qui est pass\u00e9 de Ducati \u00e0 Red Bull KTM. Un seul rookie est pr\u00e9sent cette ann\u00e9e, il s&rsquo;agit d&rsquo;<strong>Augusto Fernandez<\/strong> (Gasgas Factory Racing Tech3), qui a remport\u00e9 le championnat de Moto 2 2022.<\/p>\n<p style=\"text-align: justify;\">Les \u00e9preuves de Moto 2 et Moto 3 seront \u00e9galement \u00e0 suivre ce week-end. \u00c0 noter que le Fran\u00e7ais <strong>Lorenzo Fellon<\/strong> (SIC58 Squadra Corse) a chang\u00e9 d&rsquo;\u00e9curie et se retrouve \u00e0 CIP Grenn Power. Il est n\u00e9anmoins bless\u00e9 depuis la premi\u00e8re manche.<\/p>\n<h2 style=\"text-align: justify;\">Cha\u00eene TV et horaires du Grand Prix des Pays-Bas 2023 de MotoGP<\/h2>\n<table style=\"width: 100%; border-collapse: collapse;\">\n<tbody>\n<tr>\n<td style=\"background-color: #c80502; width: 800px; text-align: center; vertical-align: middle;\" colspan=\"6\"><span style=\"color: #ffffff;\"><strong>VENDREDI 23 JUIN 2023<\/strong><\/span><\/td>\n<\/tr>\n<tr>\n<td style=\"text-align: center; vertical-align: middle; width: 20%; background-color: #000000;\"><span style=\"color: #ffffff; font-size: 0.9em;\"><strong>Horaire<\/strong><\/span><\/td>\n<td style=\"text-align: center; vertical-align: middle; width: 20%; background-color: #000000;\" colspan=\"2\"><span style=\"color: #ffffff;\"><span style=\"font-size: 0.9em;\"><b>\u00c9preuve<\/b><\/span><\/span><\/td>\n<td style=\"text-align: center; vertical-align: middle; width: 20%; background-color: #000000;\"><span style=\"color: #ffffff; font-size: 0.9em;\"><strong>Premier<\/strong><\/span><\/td>\n<td style=\"text-align: center; vertical-align: middle; width: 20%; background-color: #000000;\"><span style=\"color: #ffffff; font-size: 0.9em;\"><strong>Deuxi\u00e8me<\/strong><\/span><\/td>\n<td style=\"text-align: center; vertical-align: middle; width: 20%; background-color: #000000;\"><span style=\"color: #ffffff; font-size: 0.9em;\"><strong>Troisi\u00e8me<\/strong><\/span><\/td>\n<\/tr>\n<tr>\n<td style=\"text-align: center; vertical-align: middle; width: 20%;\"><strong>10H45 &#8211; 11H30<\/strong><\/td>\n<td style=\"text-align: center; vertical-align: middle; width: 20%;\" colspan=\"2\"><strong>Essais libres 1<span style=\"font-size: 0.9em;\"><em><span style=\"font-size: 0.8em;\"><br \/>\n<\/span><\/em><\/span><a href=\"https:\/\/fr.motorsport.com\/motogp\/results\/2023\/gp-des-pays-bas-626160\/?st=FP1\"><span style=\"font-size: 11.52px;\"><i>Classement<\/i><\/span><\/a><br \/>\n<\/strong><\/td>\n<td style=\"text-align: center; vertical-align: middle; width: 20%;\"><span style=\"font-size: 0.9em;\"><strong>\ud83c\uddee\ud83c\uddf9 MARCO BEZZECCHI<br \/>\n<\/strong><span style=\"font-size: 0.8em;\">MOONEY VR46 RACING TEAM<br \/>\n<strong><span style=\"font-size: 11.52px;\"><i>1:32.246<\/i><\/span><\/strong><br \/>\n<\/span><\/span><\/td>\n<td style=\"text-align: center; vertical-align: middle; width: 20%;\"><span style=\"font-size: 0.9em;\"><strong>\ud83c\uddea\ud83c\uddf8 MAVERICK VINALES <br style=\"font-size: 14.4px;\" \/><\/strong><span style=\"font-size: 0.8em;\">APRILIA RACING<br \/>\n<strong><span style=\"font-size: 11.52px;\"><i>+0.314<\/i><\/span><\/strong><br \/>\n<\/span><\/span><\/td>\n<td style=\"text-align: center; vertical-align: middle; width: 20%;\"><span style=\"font-size: 0.9em;\"><strong>\ud83c\uddea\ud83c\uddf8 ALEX MARQUEZ<br \/>\n<\/strong><span style=\"font-size: 0.8em;\">GRESINI RACING MOTOGP<br \/>\n<strong><span style=\"font-size: 11.52px;\"><i>+0.368<\/i><\/span><\/strong><br \/>\n<\/span><\/span><\/td>\n<\/tr>\n<tr>\n<td style=\"text-align: center; vertical-align: middle; width: 20%;\"><strong>15H00 &#8211; 16H00<\/strong><\/td>\n<td style=\"text-align: center; vertical-align: middle;\" colspan=\"2\"><strong>Essais libres 2<br \/>\n<a href=\"https:\/\/fr.motorsport.com\/motogp\/results\/2023\/gp-des-pays-bas-626160\/?st=FP2\"><span style=\"font-size: 11.52px;\"><i>Classement<\/i><\/span><\/a><br \/>\n<\/strong><\/td>\n<td style=\"text-align: center; vertical-align: middle; width: 20%;\"><span style=\"font-size: 0.9em;\"><strong>\ud83c\uddee\ud83c\uddf9 MARCO BEZZECCHI<br \/>\n<\/strong><span style=\"font-size: 0.8em;\">MOONEY VR46 RACING TEAM<br \/>\n<strong><span style=\"font-size: 11.52px;\"><i>1:32.063<\/i><\/span><\/strong><\/span><\/span><\/td>\n<td style=\"text-align: center; vertical-align: middle; width: 20%;\"><strong><span style=\"font-size: 0.9em;\">\ud83c\uddea\ud83c\uddf8 JORGE MARTIN<br \/>\n<\/span><\/strong><span style=\"font-size: 0.9em;\"><span style=\"font-size: 0.8em;\">PRIMA PRAMAC RACING<br \/>\n<strong><span style=\"font-size: 11.52px;\"><i>+0.130<\/i><\/span><\/strong><br \/>\n<\/span><\/span><\/td>\n<td style=\"text-align: center; vertical-align: middle; width: 20%;\"><span style=\"font-size: 0.9em;\"><strong>\ud83c\udde6\ud83c\uddfa JACK MILLER<br \/>\n<\/strong><span style=\"font-size: 0.8em;\">RED BULL KTM FACTORY RACING<br \/>\n<strong><span style=\"font-size: 11.52px;\"><i>+0.155<\/i><\/span><\/strong><br \/>\n<\/span><\/span><\/td>\n<\/tr>\n<tr>\n<td style=\"background-color: #c80502; width: 800px; text-align: center; vertical-align: middle;\" colspan=\"6\"><span style=\"color: #ffffff;\"><strong>SAMEDI 24 JUIN 2023<\/strong><\/span><\/td>\n<\/tr>\n<tr>\n<td style=\"text-align: center; vertical-align: middle; width: 20%; background-color: #000000;\"><span style=\"color: #ffffff; font-size: 0.9em;\"><strong>Horaire<\/strong><\/span><\/td>\n<td style=\"text-align: center; vertical-align: middle; width: 20%; background-color: #000000;\" colspan=\"2\"><span style=\"color: #ffffff;\"><span style=\"font-size: 0.9em;\"><b>\u00c9preuve<\/b><\/span><\/span><\/td>\n<td style=\"text-align: center; vertical-align: middle; width: 20%; background-color: #000000;\"><span style=\"color: #ffffff; font-size: 0.9em;\"><strong>Premier<\/strong><\/span><\/td>\n<td style=\"text-align: center; vertical-align: middle; width: 20%; background-color: #000000;\"><span style=\"color: #ffffff; font-size: 0.9em;\"><strong>Deuxi\u00e8me<\/strong><\/span><\/td>\n<td style=\"text-align: center; vertical-align: middle; width: 20%; background-color: #000000;\"><span style=\"color: #ffffff; font-size: 0.9em;\"><strong>Troisi\u00e8me<\/strong><\/span><\/td>\n<\/tr>\n<tr>\n<td style=\"text-align: center; vertical-align: middle; width: 20%;\"><strong>10H10 &#8211; 10H40<\/strong><\/td>\n<td style=\"text-align: center; vertical-align: middle; width: 20%;\" colspan=\"2\"><strong>Essais libres 3<span style=\"font-size: 0.9em;\"><em><span style=\"font-size: 0.8em;\"><br \/>\n<\/span><\/em><\/span><a href=\"https:\/\/fr.motorsport.com\/motogp\/results\/2023\/gp-des-pays-bas-626160\/?st=FiP\"><span style=\"font-size: 11.52px;\"><i>Classement<\/i><\/span><\/a><br \/>\n<\/strong><\/td>\n<td style=\"text-align: center; vertical-align: middle; width: 20%;\"><span style=\"font-size: 0.9em;\"><strong>\ud83c\uddee\ud83c\uddf9 MARCO BEZZECCHI<br \/>\n<\/strong><span style=\"font-size: 0.8em;\">MOONEY VR46 RACING TEAM<br \/>\n<strong><span style=\"font-size: 11.52px;\"><i>1:32.405<\/i><\/span><\/strong><\/span><\/span><\/td>\n<td style=\"text-align: center; vertical-align: middle; width: 20%;\"><span style=\"font-size: 0.9em;\"><strong>\ud83c\uddeb\ud83c\uddf7 FABIO QUARTARARO<strong style=\"font-size: 14.4px;\"><br style=\"font-size: 14.4px;\" \/><\/strong><\/strong><span style=\"font-size: 0.8em;\">MONSTER ENERGY YAMAHA MOTOGP<br \/>\n<strong><span style=\"font-size: 11.52px;\"><i>+0.212<\/i><\/span><\/strong><br \/>\n<\/span><\/span><\/td>\n<td style=\"text-align: center; vertical-align: middle; width: 20%;\"><span style=\"font-size: 0.9em;\"><strong>\ud83c\uddee\ud83c\uddf9 FRANCESCO BAGNAIA<br \/>\n<\/strong><span style=\"font-size: 0.8em;\">DUCATI LENOVO TEAM<br \/>\n<strong><span style=\"font-size: 11.52px;\"><i>+0.273<\/i><\/span><\/strong><br \/>\n<\/span><\/span><\/td>\n<\/tr>\n<tr>\n<td style=\"text-align: center; vertical-align: middle; width: 20%;\"><strong>10H50 &#8211; 11<\/strong><strong>H05<\/strong><\/td>\n<td style=\"text-align: center; vertical-align: middle;\" colspan=\"2\"><strong>Qualifications 1<br \/>\n<a href=\"https:\/\/fr.motorsport.com\/motogp\/results\/2023\/gp-des-pays-bas-626160\/?st=Q1\"><span style=\"font-size: 11.52px;\"><i>Classement<\/i><\/span><\/a><br \/>\n<\/strong><\/td>\n<td style=\"text-align: center; vertical-align: middle; width: 20%;\"><span style=\"font-size: 0.9em;\"><strong>\ud83c\uddeb\ud83c\uddf7 JOHANN ZARCO<br \/>\n<\/strong><span style=\"font-size: 0.8em;\">PRIMA PRAMAC RACING<br \/>\n<strong><span style=\"font-size: 11.52px;\"><i>1:31.993<\/i><\/span><\/strong><br \/>\n<\/span><\/span><\/td>\n<td style=\"text-align: center; vertical-align: middle; width: 20%;\"><span style=\"font-size: 0.9em;\"><strong>\ud83c\uddf5\ud83c\uddf9 MIGUEL OLIVEIRA<br \/>\n<\/strong><span style=\"font-size: 0.8em;\">CRYPTODATA RNF MOTOGP TEAM<br \/>\n<strong><span style=\"font-size: 11.52px;\"><i>+0.094<\/i><\/span><\/strong><br \/>\n<\/span><\/span><\/td>\n<td style=\"text-align: center; vertical-align: middle; width: 20%;\"><span style=\"font-size: 0.9em;\"><strong>\ud83c\uddee\ud83c\uddf9 FABIO DI GIANNANTONIO<br \/>\n<\/strong><span style=\"font-size: 0.8em;\">GRESINI RACING MOTOGP<br \/>\n<strong><span style=\"font-size: 11.52px;\"><i>+0.192<\/i><\/span><\/strong><br \/>\n<\/span><\/span><\/td>\n<\/tr>\n<tr>\n<td style=\"text-align: center; vertical-align: middle; width: 20%;\"><strong>11H15 &#8211; 11H30<\/strong><\/td>\n<td style=\"text-align: center; vertical-align: middle;\" colspan=\"2\"><strong>Qualifications 2<br \/>\n<span style=\"font-size: 11.52px;\"><i><a href=\"https:\/\/dicodusport.fr\/blog\/motogp-pays-bas-2023-marco-bezzecchi-en-pole-position-quartararo-4eme\/\">R\u00e9sum\u00e9<\/a> &#8211; <a href=\"https:\/\/fr.motorsport.com\/motogp\/results\/2023\/gp-des-pays-bas-626160\/?st=Q2\">Classement<\/a><\/i><\/span><br \/>\n<\/strong><\/td>\n<td style=\"text-align: center; vertical-align: middle; width: 20%;\"><span style=\"font-size: 0.9em;\"><strong>\ud83c\uddee\ud83c\uddf9 MARCO BEZZECCHI<br \/>\n<\/strong><span style=\"font-size: 0.8em;\">MOONEY VR46 RACING TEAM<br \/>\n<strong><span style=\"font-size: 11.52px;\"><i>1:31.472<\/i><\/span><\/strong><\/span><\/span><\/td>\n<td style=\"text-align: center; vertical-align: middle; width: 20%;\"><span style=\"font-size: 0.9em;\"><strong>\ud83c\uddee\ud83c\uddf9 FRANCESCO BAGNAIA<br \/>\n<\/strong><span style=\"font-size: 0.8em;\">DUCATI LENOVO TEAM<br \/>\n<strong><span style=\"font-size: 11.52px;\"><i>+0.061<\/i><\/span><\/strong><\/span><\/span><\/td>\n<td style=\"text-align: center; vertical-align: middle; width: 20%;\"><span style=\"font-size: 0.9em;\"><strong>\ud83c\uddee\ud83c\uddf9 LUCA MARINI<br \/>\n<\/strong><span style=\"font-size: 0.8em;\">MOONEY VR46 RACING TEAM<br \/>\n<strong><span style=\"font-size: 11.52px;\"><i>+0.158<\/i><\/span><\/strong><br \/>\n<\/span><\/span><\/td>\n<\/tr>\n<tr>\n<td style=\"text-align: center; vertical-align: middle; width: 20%;\"><strong>15H00<\/strong><\/td>\n<td style=\"text-align: center; vertical-align: middle; width: 20%;\" colspan=\"2\"><strong>Course Sprint<span style=\"font-size: 11.52px;\"><i><br \/>\n<a href=\"https:\/\/dicodusport.fr\/blog\/motogp-pays-bas-2023-podium-pour-quartararo-sur-la-course-sprint-bezzecchi-simpose\/\">R\u00e9sum\u00e9<\/a> &#8211; <a href=\"https:\/\/dicodusport.fr\/blog\/motogp-pays-bas-2023-classement-course-sprint\/\">Classement<\/a><br \/>\n<\/i><\/span><\/strong><\/td>\n<td style=\"text-align: center; vertical-align: middle; width: 20%;\"><span style=\"font-size: 0.9em;\"><strong>\ud83c\uddee\ud83c\uddf9 MARCO BEZZECCHI<br \/>\n<\/strong><span style=\"font-size: 0.8em;\">MOONEY VR46 RACING TEAM<br \/>\n<strong><em>20:09.174<\/em><\/strong><br \/>\n<\/span><\/span><\/td>\n<td style=\"text-align: center; vertical-align: middle; width: 20%;\"><span style=\"font-size: 0.9em;\"><strong>\ud83c\uddee\ud83c\uddf9 FRANCESCO BAGNAIA<br \/>\n<\/strong><span style=\"font-size: 0.8em;\">DUCATI LENOVO TEAM<br \/>\n<strong><span style=\"font-size: 11.52px;\"><i>+1.294<\/i><\/span><\/strong><\/span><\/span><\/td>\n<td style=\"text-align: center; vertical-align: middle; width: 20%;\"><span style=\"font-size: 0.9em;\"><strong>\ud83c\uddeb\ud83c\uddf7 FABIO QUARTARARO<strong style=\"font-size: 14.4px;\"><br style=\"font-size: 14.4px;\" \/><\/strong><\/strong><span style=\"font-size: 0.8em;\">MONSTER ENERGY YAMAHA MOTOGP<br \/>\n<strong><span style=\"font-size: 11.52px;\"><i>+1.872<\/i><\/span><\/strong><\/span><\/span><\/td>\n<\/tr>\n<tr>\n<td style=\"background-color: #c80502; width: 800px; text-align: center; vertical-align: middle;\" colspan=\"6\"><span style=\"color: #ffffff;\"><strong>DIMANCHE 25 JUIN 2023<\/strong><\/span><\/td>\n<\/tr>\n<tr>\n<td style=\"text-align: center; vertical-align: middle; width: 20%; background-color: #000000;\"><span style=\"color: #ffffff; font-size: 0.9em;\"><strong>Horaire<\/strong><\/span><\/td>\n<td style=\"text-align: center; vertical-align: middle; width: 20%; background-color: #000000;\" colspan=\"2\"><span style=\"color: #ffffff;\"><span style=\"font-size: 0.9em;\"><b>\u00c9preuve<\/b><\/span><\/span><\/td>\n<td style=\"text-align: center; vertical-align: middle; width: 20%; background-color: #000000;\"><span style=\"color: #ffffff; font-size: 0.9em;\"><strong>Premier<\/strong><\/span><\/td>\n<td style=\"text-align: center; vertical-align: middle; width: 20%; background-color: #000000;\"><span style=\"color: #ffffff; font-size: 0.9em;\"><strong>Deuxi\u00e8me<\/strong><\/span><\/td>\n<td style=\"text-align: center; vertical-align: middle; width: 20%; background-color: #000000;\"><span style=\"color: #ffffff; font-size: 0.9em;\"><strong>Troisi\u00e8me<\/strong><\/span><\/td>\n<\/tr>\n<tr>\n<td style=\"text-align: center; vertical-align: middle; width: 20%;\"><strong>9H45 &#8211; 9H55<\/strong><\/td>\n<td style=\"text-align: center; vertical-align: middle; width: 20%;\" colspan=\"2\"><strong>Warm-up<br \/>\n<a href=\"https:\/\/fr.motorsport.com\/motogp\/results\/2023\/gp-des-pays-bas-626160\/?st=W\"><span style=\"font-size: 11.52px;\"><i>Classement<\/i><\/span><\/a><br \/>\n<\/strong><\/td>\n<td style=\"text-align: center; vertical-align: middle; width: 20%;\"><span style=\"font-size: 0.9em;\"><strong>\ud83c\uddeb\ud83c\uddf7 FABIO QUARTARARO<strong style=\"font-size: 14.4px;\"><br style=\"font-size: 14.4px;\" \/><\/strong><\/strong><span style=\"font-size: 0.8em;\">MONSTER ENERGY YAMAHA MOTOGP<br \/>\n<strong><span style=\"font-size: 11.52px;\"><i>1:32.422<\/i><\/span><\/strong><\/span><\/span><\/td>\n<td style=\"text-align: center; vertical-align: middle; width: 20%;\"><span style=\"font-size: 0.9em;\"><strong>\ud83c\uddef\ud83c\uddf5 TAKAAKI NAKAGAMI<br \/>\n<\/strong><span style=\"font-size: 0.8em;\">LCR HONDA<br \/>\n<strong><span style=\"font-size: 11.52px;\"><i>+0.133<\/i><\/span><\/strong><br \/>\n<\/span><\/span><\/td>\n<td style=\"text-align: center; vertical-align: middle; width: 20%;\"><span style=\"font-size: 0.9em;\"><strong>\ud83c\uddee\ud83c\uddf9 FRANCESCO BAGNAIA<br \/>\n<\/strong><span style=\"font-size: 0.8em;\">DUCATI LENOVO TEAM<br \/>\n<strong><span style=\"font-size: 11.52px;\"><i>+0.149<\/i><\/span><\/strong><\/span><\/span><\/td>\n<\/tr>\n<tr>\n<td style=\"text-align: center; vertical-align: middle; width: 20%;\"><strong>14H00<\/strong><\/td>\n<td style=\"text-align: center; vertical-align: middle; width: 20%;\" colspan=\"2\"><strong>Course<span style=\"font-size: 11.52px;\"><i><br \/>\n<\/i><\/span><span style=\"font-size: 11.52px;\"><i><a href=\"https:\/\/dicodusport.fr\/blog\/motogp-pays-bas-2023-francesco-bagnaia-imperial-les-bleus-a-terre\/\">R\u00e9sum\u00e9<\/a> &#8211; <a href=\"https:\/\/dicodusport.fr\/blog\/motogp-classement-du-grand-prix-des-pays-bas-2023\/\">Classement<\/a><\/i><\/span><br \/>\n<\/strong><\/td>\n<td style=\"text-align: center; vertical-align: middle; width: 20%;\"><span style=\"font-size: 0.9em;\"><strong>\ud83c\uddee\ud83c\uddf9 FRANCESCO BAGNAIA<br \/>\n<\/strong><span style=\"font-size: 0.8em;\">DUCATI LENOVO TEAM<br \/>\n<strong><em>40:28.005<\/em><\/strong><br \/>\n<\/span><\/span><\/td>\n<td style=\"text-align: center; vertical-align: middle; width: 20%;\"><span style=\"font-size: 0.9em;\"><strong>\ud83c\uddee\ud83c\uddf9 MARCO BEZZECCHI<br \/>\n<\/strong><span style=\"font-size: 0.8em;\">MOONEY VR46 RACING TEAM<br \/>\n<strong><em>+1.223<\/em><\/strong><\/span><\/span><\/td>\n<td style=\"text-align: center; vertical-align: middle; width: 20%;\"><span style=\"font-size: 0.9em;\"><strong>\ud83c\uddea\ud83c\uddf8 ALEIX ESPARGARO<br \/>\n<\/strong><span style=\"font-size: 0.8em;\">APRILIA RACING<br \/>\n<strong><em>+1.925<\/em><\/strong><br \/>\n<\/span><\/span><\/td>\n<\/tr>\n<\/tbody>\n<\/table>\n<h2 style=\"text-align: justify;\">\u00c0 lire aussi<\/h2>\n<ul>\n<li style=\"text-align: justify;\"><a href=\"https:\/\/dicodusport.fr\/blog\/motogp-2023-calendrier-et-resultats\/\"><strong>MotoGP 2023 &#8211; Calendrier et r\u00e9sultats<\/strong><\/a><\/li>\n<li style=\"text-align: justify;\"><a href=\"https:\/\/dicodusport.fr\/blog\/motogp-2023-classement-du-championnat-du-monde-des-pilotes\/\"><strong>Le classement du championnat du monde des pilotes<\/strong><\/a><\/li>\n<\/ul>\n<div class=\"vlp-link-container vlp-layout-article\"><a href=\"https:\/\/dicodusport.fr\/blog\/salaires-motogp-2023-qui-sont-les-pilotes-les-mieux-payes\/\" class=\"vlp-link\" title=\"Salaires MotoGP 2023 : Qui sont les pilotes les mieux pay\u00e9s ?\"><\/a><div class=\"vlp-layout-zone-side\"><div class=\"vlp-block-4 vlp-link-image\"><img loading=\"lazy\" decoding=\"async\" style=\"max-width: 800px;\" width=\"800\" height=\"445\" src=\"https:\/\/dicodusport.fr\/blog\/wp-content\/uploads\/2023\/03\/Salaires-MotoGP-2023-Qui-sont-les-pilotes-les-mieux-payes-.png\" class=\"attachment-800x445 size-800x445\" alt=\"Salaires MotoGP 2023 Qui sont les pilotes les mieux pay\u00e9s\" srcset=\"https:\/\/dicodusport.fr\/blog\/wp-content\/uploads\/2023\/03\/Salaires-MotoGP-2023-Qui-sont-les-pilotes-les-mieux-payes-.png 800w, https:\/\/dicodusport.fr\/blog\/wp-content\/uploads\/2023\/03\/Salaires-MotoGP-2023-Qui-sont-les-pilotes-les-mieux-payes--300x167.png 300w, https:\/\/dicodusport.fr\/blog\/wp-content\/uploads\/2023\/03\/Salaires-MotoGP-2023-Qui-sont-les-pilotes-les-mieux-payes--768x427.png 768w\" sizes=\"auto, (max-width: 800px) 100vw, 800px\" \/><\/div><\/div><div class=\"vlp-layout-zone-main\"><div class=\"vlp-block-0 vlp-link-title\">Salaires MotoGP 2023 : Qui sont les pilotes les mieux pay\u00e9s ?<\/div><div class=\"vlp-block-1 vlp-link-summary\">SALAIRES MOTOGP 2023 - Sports Data ID, sur les informations, entre autres, de la Gazzetta dello Sport, a d\u00e9voil\u00e9 les salaires des 22 pilotes MotoGP pour la saison 2023.<\/div><div class=\"vlp-block-2 vlp-link-button\">Lire l'article<\/div><div class=\"vlp-block-3 vlp-link-url\">dicodusport.fr<\/div><\/div><\/div>\n","protected":false},"excerpt":{"rendered":"<p>MOTOGP PAYS-BAS 2023 &#8211; Programme, cha\u00eene TV et r\u00e9sultats de la 8\u00e8me manche de la saison de MotoGP sur le circuit d&rsquo;Assen.<\/p>\n","protected":false},"author":4,"featured_media":394056,"comment_status":"open","ping_status":"closed","sticky":false,"template":"","format":"standard","meta":{"_acf_changed":false,"_daextam_enable_autolinks":"","footnotes":""},"categories":[47087],"tags":[16878,17578,17577],"class_list":["post-393443","post","type-post","status-publish","format-standard","has-post-thumbnail","hentry","category-motogp","tag-breve","tag-grand-prix-des-pays-bas","tag-grand-prix-des-pays-bas-motogp"],"acf":[],"yoast_head":"<!-- This site is optimized with the Yoast SEO Premium plugin v26.7 (Yoast SEO v26.7) - https:\/\/yoast.com\/wordpress\/plugins\/seo\/ -->\n<title>MotoGP Pays-Bas 2023 : Les r\u00e9sultats complets<\/title>\n<meta name=\"description\" content=\"MOTOGP PAYS-BAS 2023 - Programme, cha\u00eene TV et r\u00e9sultats de la 8\u00e8me manche de la saison de MotoGP sur le circuit d&#039;Assen.\" \/>\n<meta name=\"robots\" content=\"index, follow, max-snippet:-1, max-image-preview:large, max-video-preview:-1\" \/>\n<link rel=\"canonical\" href=\"https:\/\/dicodusport.fr\/blog\/motogp-pays-bas-2023-programme-chaine-tv-et-resultats\/\" \/>\n<meta property=\"og:locale\" content=\"fr_FR\" \/>\n<meta property=\"og:type\" content=\"article\" \/>\n<meta property=\"og:title\" content=\"MotoGP Pays-Bas 2023 : Les r\u00e9sultats complets\" \/>\n<meta property=\"og:description\" content=\"MOTOGP PAYS-BAS 2023 - Programme, cha\u00eene TV et r\u00e9sultats de la 8\u00e8me manche de la saison de MotoGP sur le circuit d&#039;Assen.\" \/>\n<meta property=\"og:url\" content=\"https:\/\/dicodusport.fr\/blog\/motogp-pays-bas-2023-programme-chaine-tv-et-resultats\/\" \/>\n<meta property=\"og:site_name\" content=\"Dicodusport\" \/>\n<meta property=\"article:publisher\" content=\"https:\/\/www.facebook.com\/dicodusport\" \/>\n<meta property=\"article:author\" content=\"https:\/\/www.facebook.com\/florent.ostermann\" \/>\n<meta property=\"article:published_time\" content=\"2023-06-24T13:38:13+00:00\" \/>\n<meta property=\"article:modified_time\" content=\"2023-06-25T12:58:58+00:00\" \/>\n<meta property=\"og:image\" content=\"https:\/\/dicodusport.fr\/blog\/wp-content\/uploads\/2023\/06\/MotoGP-Pays-Bas-2023-Marco-Bezzecchi-en-pole-position-Quartararo-4eme.png\" \/>\n\t<meta property=\"og:image:width\" content=\"800\" \/>\n\t<meta property=\"og:image:height\" content=\"445\" \/>\n\t<meta property=\"og:image:type\" content=\"image\/png\" \/>\n<meta name=\"author\" content=\"Flo Ostermann\" \/>\n<meta name=\"twitter:card\" content=\"summary_large_image\" \/>\n<meta name=\"twitter:title\" content=\"MotoGP Pays-Bas 2023 : Les r\u00e9sultats complets\" \/>\n<meta name=\"twitter:creator\" content=\"@https:\/\/twitter.com\/FlOstermann\" \/>\n<meta name=\"twitter:site\" content=\"@dicodusport\" \/>\n<script type=\"application\/ld+json\" class=\"yoast-schema-graph\">{\"@context\":\"https:\/\/schema.org\",\"@graph\":[{\"@type\":\"NewsArticle\",\"@id\":\"https:\/\/dicodusport.fr\/blog\/motogp-pays-bas-2023-programme-chaine-tv-et-resultats\/#article\",\"isPartOf\":{\"@id\":\"https:\/\/dicodusport.fr\/blog\/motogp-pays-bas-2023-programme-chaine-tv-et-resultats\/\"},\"author\":{\"name\":\"Flo Ostermann\",\"@id\":\"https:\/\/dicodusport.fr\/blog\/#\/schema\/person\/cb02af4c173ce4a653b55e9baf388d4a\"},\"headline\":\"MotoGP Pays-Bas 2023 : Les r\u00e9sultats complets\",\"datePublished\":\"2023-06-24T13:38:13+00:00\",\"dateModified\":\"2023-06-25T12:58:58+00:00\",\"mainEntityOfPage\":{\"@id\":\"https:\/\/dicodusport.fr\/blog\/motogp-pays-bas-2023-programme-chaine-tv-et-resultats\/\"},\"wordCount\":1086,\"commentCount\":0,\"publisher\":{\"@id\":\"https:\/\/dicodusport.fr\/blog\/#organization\"},\"image\":{\"@id\":\"https:\/\/dicodusport.fr\/blog\/motogp-pays-bas-2023-programme-chaine-tv-et-resultats\/#primaryimage\"},\"thumbnailUrl\":\"https:\/\/dicodusport.fr\/blog\/wp-content\/uploads\/2023\/06\/MotoGP-Pays-Bas-2023-Marco-Bezzecchi-en-pole-position-Quartararo-4eme.png\",\"keywords\":[\"br\u00e8ve\",\"Grand Prix des Pays-Bas\",\"Grand Prix des Pays-Bas MotoGP\"],\"articleSection\":[\"MotoGP\"],\"inLanguage\":\"fr-FR\",\"potentialAction\":[{\"@type\":\"CommentAction\",\"name\":\"Comment\",\"target\":[\"https:\/\/dicodusport.fr\/blog\/motogp-pays-bas-2023-programme-chaine-tv-et-resultats\/#respond\"]}],\"copyrightYear\":\"2023\",\"copyrightHolder\":{\"@id\":\"https:\/\/dicodusport.fr\/blog\/#organization\"}},{\"@type\":\"WebPage\",\"@id\":\"https:\/\/dicodusport.fr\/blog\/motogp-pays-bas-2023-programme-chaine-tv-et-resultats\/\",\"url\":\"https:\/\/dicodusport.fr\/blog\/motogp-pays-bas-2023-programme-chaine-tv-et-resultats\/\",\"name\":\"MotoGP Pays-Bas 2023 : Les r\u00e9sultats complets\",\"isPartOf\":{\"@id\":\"https:\/\/dicodusport.fr\/blog\/#website\"},\"primaryImageOfPage\":{\"@id\":\"https:\/\/dicodusport.fr\/blog\/motogp-pays-bas-2023-programme-chaine-tv-et-resultats\/#primaryimage\"},\"image\":{\"@id\":\"https:\/\/dicodusport.fr\/blog\/motogp-pays-bas-2023-programme-chaine-tv-et-resultats\/#primaryimage\"},\"thumbnailUrl\":\"https:\/\/dicodusport.fr\/blog\/wp-content\/uploads\/2023\/06\/MotoGP-Pays-Bas-2023-Marco-Bezzecchi-en-pole-position-Quartararo-4eme.png\",\"datePublished\":\"2023-06-24T13:38:13+00:00\",\"dateModified\":\"2023-06-25T12:58:58+00:00\",\"description\":\"MOTOGP PAYS-BAS 2023 - Programme, cha\u00eene TV et r\u00e9sultats de la 8\u00e8me manche de la saison de MotoGP sur le circuit d'Assen.\",\"breadcrumb\":{\"@id\":\"https:\/\/dicodusport.fr\/blog\/motogp-pays-bas-2023-programme-chaine-tv-et-resultats\/#breadcrumb\"},\"inLanguage\":\"fr-FR\",\"potentialAction\":[{\"@type\":\"ReadAction\",\"target\":[\"https:\/\/dicodusport.fr\/blog\/motogp-pays-bas-2023-programme-chaine-tv-et-resultats\/\"]}]},{\"@type\":\"ImageObject\",\"inLanguage\":\"fr-FR\",\"@id\":\"https:\/\/dicodusport.fr\/blog\/motogp-pays-bas-2023-programme-chaine-tv-et-resultats\/#primaryimage\",\"url\":\"https:\/\/dicodusport.fr\/blog\/wp-content\/uploads\/2023\/06\/MotoGP-Pays-Bas-2023-Marco-Bezzecchi-en-pole-position-Quartararo-4eme.png\",\"contentUrl\":\"https:\/\/dicodusport.fr\/blog\/wp-content\/uploads\/2023\/06\/MotoGP-Pays-Bas-2023-Marco-Bezzecchi-en-pole-position-Quartararo-4eme.png\",\"width\":800,\"height\":445,\"caption\":\"MotoGP Pays-Bas 2023 Marco Bezzecchi en pole position, Quartararo 4\u00e8me\"},{\"@type\":\"BreadcrumbList\",\"@id\":\"https:\/\/dicodusport.fr\/blog\/motogp-pays-bas-2023-programme-chaine-tv-et-resultats\/#breadcrumb\",\"itemListElement\":[{\"@type\":\"ListItem\",\"position\":1,\"name\":\"Accueil\",\"item\":\"https:\/\/dicodusport.fr\/blog\/\"},{\"@type\":\"ListItem\",\"position\":2,\"name\":\"MotoGP Pays-Bas 2023 : Les r\u00e9sultats complets\"}]},{\"@type\":\"WebSite\",\"@id\":\"https:\/\/dicodusport.fr\/blog\/#website\",\"url\":\"https:\/\/dicodusport.fr\/blog\/\",\"name\":\"Dicodusport\",\"description\":\"L&#039;encyclop\u00e9die de l&#039;actualit\u00e9 sportive\",\"publisher\":{\"@id\":\"https:\/\/dicodusport.fr\/blog\/#organization\"},\"potentialAction\":[{\"@type\":\"SearchAction\",\"target\":{\"@type\":\"EntryPoint\",\"urlTemplate\":\"https:\/\/dicodusport.fr\/blog\/?s={search_term_string}\"},\"query-input\":{\"@type\":\"PropertyValueSpecification\",\"valueRequired\":true,\"valueName\":\"search_term_string\"}}],\"inLanguage\":\"fr-FR\"},{\"@type\":\"NewsMediaOrganization\",\"@id\":\"https:\/\/dicodusport.fr\/blog\/#organization\",\"name\":\"Dicodusport\",\"url\":\"https:\/\/dicodusport.fr\/blog\/\",\"logo\":{\"@type\":\"ImageObject\",\"inLanguage\":\"fr-FR\",\"@id\":\"https:\/\/dicodusport.fr\/blog\/#\/schema\/logo\/image\/\",\"url\":\"https:\/\/dicodusport.fr\/blog\/wp-content\/uploads\/2020\/06\/cropped-LOGO-DICODUSPORT-2020-SANS-FOND-SANS-TEXTE.png\",\"contentUrl\":\"https:\/\/dicodusport.fr\/blog\/wp-content\/uploads\/2020\/06\/cropped-LOGO-DICODUSPORT-2020-SANS-FOND-SANS-TEXTE.png\",\"width\":512,\"height\":512,\"caption\":\"Dicodusport\"},\"image\":{\"@id\":\"https:\/\/dicodusport.fr\/blog\/#\/schema\/logo\/image\/\"},\"sameAs\":[\"https:\/\/www.facebook.com\/dicodusport\",\"https:\/\/x.com\/dicodusport\",\"https:\/\/www.instagram.com\/dicodusport\/\",\"https:\/\/www.youtube.com\/channel\/UC7V2KZ5sd3htJivAbA4ZG3w\"],\"description\":\"Dicodusport est l'encyclop\u00e9die de l'actualit\u00e9 sportive.\",\"email\":\"bonjour@dicodusport.fr\",\"legalName\":\"DICODUSPORT\",\"foundingDate\":\"2018-01-14\",\"vatID\":\"FR71834470973\",\"taxID\":\"83447097300043\",\"numberOfEmployees\":{\"@type\":\"QuantitativeValue\",\"minValue\":\"1\",\"maxValue\":\"10\"}},{\"@type\":\"Person\",\"@id\":\"https:\/\/dicodusport.fr\/blog\/#\/schema\/person\/cb02af4c173ce4a653b55e9baf388d4a\",\"name\":\"Flo Ostermann\",\"image\":{\"@type\":\"ImageObject\",\"inLanguage\":\"fr-FR\",\"@id\":\"https:\/\/dicodusport.fr\/blog\/#\/schema\/person\/image\/\",\"url\":\"https:\/\/dicodusport.fr\/blog\/wp-content\/uploads\/2021\/05\/Flo-Ostermann-150x150.jpg\",\"contentUrl\":\"https:\/\/dicodusport.fr\/blog\/wp-content\/uploads\/2021\/05\/Flo-Ostermann-150x150.jpg\",\"caption\":\"Flo Ostermann\"},\"description\":\"Journaliste\/R\u00e9dacteur depuis septembre 2015 - Mes premiers souvenirs dans le sport ? Les envol\u00e9es du Stade Toulousain et les duels Villeneuve-Schumacher et H\u00e4kkinen-Schumacher \u00e0 la fin des ann\u00e9es 90, la Coupe du monde de football en 1998, l\u2019exploit du XV de France face aux All Blacks en 1999, mais aussi Richard C\u0153ur de Lion qui vole sur les montagnes du Tour de France. Bien parti pour devenir professeur d\u2019EPS, les \u00e9v\u00e9nements de la vie (et la flemme d\u2019animer des s\u00e9ances de 3x500 m\u00e8tres toute ma vie) m\u2019ont conduit \u00e0 revoir mes plans. Me voil\u00e0 depuis fin 2017 sur Dicodusport, m\u00e9dia gr\u00e2ce (et pour) lequel je partage ma passion : le sport dans tous ses \u00e9tats. Le tout accompagn\u00e9 par les fous furieux et folles furieuses cit\u00e9s sur cette page !\",\"sameAs\":[\"https:\/\/www.facebook.com\/florent.ostermann\",\"https:\/\/x.com\/https:\/\/twitter.com\/FlOstermann\",\"admin\"],\"url\":\"https:\/\/dicodusport.fr\/blog\/author\/flo\/\"}]}<\/script>\n<!-- \/ Yoast SEO Premium plugin. -->","yoast_head_json":{"title":"MotoGP Pays-Bas 2023 : Les r\u00e9sultats complets","description":"MOTOGP PAYS-BAS 2023 - Programme, cha\u00eene TV et r\u00e9sultats de la 8\u00e8me manche de la saison de MotoGP sur le circuit d'Assen.","robots":{"index":"index","follow":"follow","max-snippet":"max-snippet:-1","max-image-preview":"max-image-preview:large","max-video-preview":"max-video-preview:-1"},"canonical":"https:\/\/dicodusport.fr\/blog\/motogp-pays-bas-2023-programme-chaine-tv-et-resultats\/","og_locale":"fr_FR","og_type":"article","og_title":"MotoGP Pays-Bas 2023 : Les r\u00e9sultats complets","og_description":"MOTOGP PAYS-BAS 2023 - Programme, cha\u00eene TV et r\u00e9sultats de la 8\u00e8me manche de la saison de MotoGP sur le circuit d'Assen.","og_url":"https:\/\/dicodusport.fr\/blog\/motogp-pays-bas-2023-programme-chaine-tv-et-resultats\/","og_site_name":"Dicodusport","article_publisher":"https:\/\/www.facebook.com\/dicodusport","article_author":"https:\/\/www.facebook.com\/florent.ostermann","article_published_time":"2023-06-24T13:38:13+00:00","article_modified_time":"2023-06-25T12:58:58+00:00","og_image":[{"width":800,"height":445,"url":"https:\/\/dicodusport.fr\/blog\/wp-content\/uploads\/2023\/06\/MotoGP-Pays-Bas-2023-Marco-Bezzecchi-en-pole-position-Quartararo-4eme.png","type":"image\/png"}],"author":"Flo Ostermann","twitter_card":"summary_large_image","twitter_title":"MotoGP Pays-Bas 2023 : Les r\u00e9sultats complets","twitter_creator":"@https:\/\/twitter.com\/FlOstermann","twitter_site":"@dicodusport","schema":{"@context":"https:\/\/schema.org","@graph":[{"@type":"NewsArticle","@id":"https:\/\/dicodusport.fr\/blog\/motogp-pays-bas-2023-programme-chaine-tv-et-resultats\/#article","isPartOf":{"@id":"https:\/\/dicodusport.fr\/blog\/motogp-pays-bas-2023-programme-chaine-tv-et-resultats\/"},"author":{"name":"Flo Ostermann","@id":"https:\/\/dicodusport.fr\/blog\/#\/schema\/person\/cb02af4c173ce4a653b55e9baf388d4a"},"headline":"MotoGP Pays-Bas 2023 : Les r\u00e9sultats complets","datePublished":"2023-06-24T13:38:13+00:00","dateModified":"2023-06-25T12:58:58+00:00","mainEntityOfPage":{"@id":"https:\/\/dicodusport.fr\/blog\/motogp-pays-bas-2023-programme-chaine-tv-et-resultats\/"},"wordCount":1086,"commentCount":0,"publisher":{"@id":"https:\/\/dicodusport.fr\/blog\/#organization"},"image":{"@id":"https:\/\/dicodusport.fr\/blog\/motogp-pays-bas-2023-programme-chaine-tv-et-resultats\/#primaryimage"},"thumbnailUrl":"https:\/\/dicodusport.fr\/blog\/wp-content\/uploads\/2023\/06\/MotoGP-Pays-Bas-2023-Marco-Bezzecchi-en-pole-position-Quartararo-4eme.png","keywords":["br\u00e8ve","Grand Prix des Pays-Bas","Grand Prix des Pays-Bas MotoGP"],"articleSection":["MotoGP"],"inLanguage":"fr-FR","potentialAction":[{"@type":"CommentAction","name":"Comment","target":["https:\/\/dicodusport.fr\/blog\/motogp-pays-bas-2023-programme-chaine-tv-et-resultats\/#respond"]}],"copyrightYear":"2023","copyrightHolder":{"@id":"https:\/\/dicodusport.fr\/blog\/#organization"}},{"@type":"WebPage","@id":"https:\/\/dicodusport.fr\/blog\/motogp-pays-bas-2023-programme-chaine-tv-et-resultats\/","url":"https:\/\/dicodusport.fr\/blog\/motogp-pays-bas-2023-programme-chaine-tv-et-resultats\/","name":"MotoGP Pays-Bas 2023 : Les r\u00e9sultats complets","isPartOf":{"@id":"https:\/\/dicodusport.fr\/blog\/#website"},"primaryImageOfPage":{"@id":"https:\/\/dicodusport.fr\/blog\/motogp-pays-bas-2023-programme-chaine-tv-et-resultats\/#primaryimage"},"image":{"@id":"https:\/\/dicodusport.fr\/blog\/motogp-pays-bas-2023-programme-chaine-tv-et-resultats\/#primaryimage"},"thumbnailUrl":"https:\/\/dicodusport.fr\/blog\/wp-content\/uploads\/2023\/06\/MotoGP-Pays-Bas-2023-Marco-Bezzecchi-en-pole-position-Quartararo-4eme.png","datePublished":"2023-06-24T13:38:13+00:00","dateModified":"2023-06-25T12:58:58+00:00","description":"MOTOGP PAYS-BAS 2023 - Programme, cha\u00eene TV et r\u00e9sultats de la 8\u00e8me manche de la saison de MotoGP sur le circuit d'Assen.","breadcrumb":{"@id":"https:\/\/dicodusport.fr\/blog\/motogp-pays-bas-2023-programme-chaine-tv-et-resultats\/#breadcrumb"},"inLanguage":"fr-FR","potentialAction":[{"@type":"ReadAction","target":["https:\/\/dicodusport.fr\/blog\/motogp-pays-bas-2023-programme-chaine-tv-et-resultats\/"]}]},{"@type":"ImageObject","inLanguage":"fr-FR","@id":"https:\/\/dicodusport.fr\/blog\/motogp-pays-bas-2023-programme-chaine-tv-et-resultats\/#primaryimage","url":"https:\/\/dicodusport.fr\/blog\/wp-content\/uploads\/2023\/06\/MotoGP-Pays-Bas-2023-Marco-Bezzecchi-en-pole-position-Quartararo-4eme.png","contentUrl":"https:\/\/dicodusport.fr\/blog\/wp-content\/uploads\/2023\/06\/MotoGP-Pays-Bas-2023-Marco-Bezzecchi-en-pole-position-Quartararo-4eme.png","width":800,"height":445,"caption":"MotoGP Pays-Bas 2023 Marco Bezzecchi en pole position, Quartararo 4\u00e8me"},{"@type":"BreadcrumbList","@id":"https:\/\/dicodusport.fr\/blog\/motogp-pays-bas-2023-programme-chaine-tv-et-resultats\/#breadcrumb","itemListElement":[{"@type":"ListItem","position":1,"name":"Accueil","item":"https:\/\/dicodusport.fr\/blog\/"},{"@type":"ListItem","position":2,"name":"MotoGP Pays-Bas 2023 : Les r\u00e9sultats complets"}]},{"@type":"WebSite","@id":"https:\/\/dicodusport.fr\/blog\/#website","url":"https:\/\/dicodusport.fr\/blog\/","name":"Dicodusport","description":"L&#039;encyclop\u00e9die de l&#039;actualit\u00e9 sportive","publisher":{"@id":"https:\/\/dicodusport.fr\/blog\/#organization"},"potentialAction":[{"@type":"SearchAction","target":{"@type":"EntryPoint","urlTemplate":"https:\/\/dicodusport.fr\/blog\/?s={search_term_string}"},"query-input":{"@type":"PropertyValueSpecification","valueRequired":true,"valueName":"search_term_string"}}],"inLanguage":"fr-FR"},{"@type":"NewsMediaOrganization","@id":"https:\/\/dicodusport.fr\/blog\/#organization","name":"Dicodusport","url":"https:\/\/dicodusport.fr\/blog\/","logo":{"@type":"ImageObject","inLanguage":"fr-FR","@id":"https:\/\/dicodusport.fr\/blog\/#\/schema\/logo\/image\/","url":"https:\/\/dicodusport.fr\/blog\/wp-content\/uploads\/2020\/06\/cropped-LOGO-DICODUSPORT-2020-SANS-FOND-SANS-TEXTE.png","contentUrl":"https:\/\/dicodusport.fr\/blog\/wp-content\/uploads\/2020\/06\/cropped-LOGO-DICODUSPORT-2020-SANS-FOND-SANS-TEXTE.png","width":512,"height":512,"caption":"Dicodusport"},"image":{"@id":"https:\/\/dicodusport.fr\/blog\/#\/schema\/logo\/image\/"},"sameAs":["https:\/\/www.facebook.com\/dicodusport","https:\/\/x.com\/dicodusport","https:\/\/www.instagram.com\/dicodusport\/","https:\/\/www.youtube.com\/channel\/UC7V2KZ5sd3htJivAbA4ZG3w"],"description":"Dicodusport est l'encyclop\u00e9die de l'actualit\u00e9 sportive.","email":"bonjour@dicodusport.fr","legalName":"DICODUSPORT","foundingDate":"2018-01-14","vatID":"FR71834470973","taxID":"83447097300043","numberOfEmployees":{"@type":"QuantitativeValue","minValue":"1","maxValue":"10"}},{"@type":"Person","@id":"https:\/\/dicodusport.fr\/blog\/#\/schema\/person\/cb02af4c173ce4a653b55e9baf388d4a","name":"Flo Ostermann","image":{"@type":"ImageObject","inLanguage":"fr-FR","@id":"https:\/\/dicodusport.fr\/blog\/#\/schema\/person\/image\/","url":"https:\/\/dicodusport.fr\/blog\/wp-content\/uploads\/2021\/05\/Flo-Ostermann-150x150.jpg","contentUrl":"https:\/\/dicodusport.fr\/blog\/wp-content\/uploads\/2021\/05\/Flo-Ostermann-150x150.jpg","caption":"Flo Ostermann"},"description":"Journaliste\/R\u00e9dacteur depuis septembre 2015 - Mes premiers souvenirs dans le sport ? Les envol\u00e9es du Stade Toulousain et les duels Villeneuve-Schumacher et H\u00e4kkinen-Schumacher \u00e0 la fin des ann\u00e9es 90, la Coupe du monde de football en 1998, l\u2019exploit du XV de France face aux All Blacks en 1999, mais aussi Richard C\u0153ur de Lion qui vole sur les montagnes du Tour de France. Bien parti pour devenir professeur d\u2019EPS, les \u00e9v\u00e9nements de la vie (et la flemme d\u2019animer des s\u00e9ances de 3x500 m\u00e8tres toute ma vie) m\u2019ont conduit \u00e0 revoir mes plans. Me voil\u00e0 depuis fin 2017 sur Dicodusport, m\u00e9dia gr\u00e2ce (et pour) lequel je partage ma passion : le sport dans tous ses \u00e9tats. Le tout accompagn\u00e9 par les fous furieux et folles furieuses cit\u00e9s sur cette page !","sameAs":["https:\/\/www.facebook.com\/florent.ostermann","https:\/\/x.com\/https:\/\/twitter.com\/FlOstermann","admin"],"url":"https:\/\/dicodusport.fr\/blog\/author\/flo\/"}]}},"_links":{"self":[{"href":"https:\/\/dicodusport.fr\/blog\/wp-json\/wp\/v2\/posts\/393443","targetHints":{"allow":["GET"]}}],"collection":[{"href":"https:\/\/dicodusport.fr\/blog\/wp-json\/wp\/v2\/posts"}],"about":[{"href":"https:\/\/dicodusport.fr\/blog\/wp-json\/wp\/v2\/types\/post"}],"author":[{"embeddable":true,"href":"https:\/\/dicodusport.fr\/blog\/wp-json\/wp\/v2\/users\/4"}],"replies":[{"embeddable":true,"href":"https:\/\/dicodusport.fr\/blog\/wp-json\/wp\/v2\/comments?post=393443"}],"version-history":[{"count":0,"href":"https:\/\/dicodusport.fr\/blog\/wp-json\/wp\/v2\/posts\/393443\/revisions"}],"wp:featuredmedia":[{"embeddable":true,"href":"https:\/\/dicodusport.fr\/blog\/wp-json\/wp\/v2\/media\/394056"}],"wp:attachment":[{"href":"https:\/\/dicodusport.fr\/blog\/wp-json\/wp\/v2\/media?parent=393443"}],"wp:term":[{"taxonomy":"category","embeddable":true,"href":"https:\/\/dicodusport.fr\/blog\/wp-json\/wp\/v2\/categories?post=393443"},{"taxonomy":"post_tag","embeddable":true,"href":"https:\/\/dicodusport.fr\/blog\/wp-json\/wp\/v2\/tags?post=393443"}],"curies":[{"name":"wp","href":"https:\/\/api.w.org\/{rel}","templated":true}]}}