{"id":393453,"date":"2023-06-22T11:39:14","date_gmt":"2023-06-22T09:39:14","guid":{"rendered":"https:\/\/dicodusport.fr\/blog\/?p=393453&#038;preview=true&#038;preview_id=393453"},"modified":"2023-06-22T12:32:39","modified_gmt":"2023-06-22T10:32:39","slug":"mondial-u20-rugby-la-composition-des-bleuets-pour-le-premier-match-contre-le-japon","status":"publish","type":"post","link":"https:\/\/dicodusport.fr\/blog\/mondial-u20-rugby-la-composition-des-bleuets-pour-le-premier-match-contre-le-japon\/","title":{"rendered":"Mondial U20 Rugby : La composition des Bleuets pour le premier match contre le Japon"},"content":{"rendered":"<p style=\"text-align: justify;\" align=\"justify\"><em><strong>COUPE DU MONDE U20 DE RUGBY 2023 &#8211; Samedi, les Bleuets entameront leur comp\u00e9tition par un affrontement avec le Japon. Retrouvez la composition de l&rsquo;\u00e9quipe de France pour cette rencontre.<\/strong><\/em><\/p>\n<p style=\"text-align: justify;\" align=\"justify\">Les Bleuets ont de grandes ambitions pour cette Coupe du monde U20. Apr\u00e8s tout, la France est double tenante du titre dans cette comp\u00e9tition, qui revient pour la premi\u00e8re fois depuis 2019, Covid oblige. C&rsquo;est face au Japon que les jeunes pousses fran\u00e7aises d\u00e9buteront samedi \u00e0 14h00. <strong>S\u00e9bastien Calvet<\/strong> a propos\u00e9 une composition attendue, avec <strong>Lenni Nouchi<\/strong> comme capitaine. La charni\u00e8re <strong>Baptiste Jauneau &#8211; Hugo Reus<\/strong> sera bien align\u00e9e. Rappelons que <a href=\"https:\/\/dicodusport.fr\/blog\/posolo-tuilagi-bloque-en-france-et-forfait-pour-le-premier-match-du-mondial-u20\/\"><strong>Posolo Tuilagi<\/strong> est victime d&rsquo;un probl\u00e8me de visa<\/a> et n&rsquo;a toujours pas rejoint ses co\u00e9quipiers en Afrique du Sud.<\/p>\n<h2 style=\"text-align: justify;\" align=\"justify\">La composition du XV de France U20<\/h2>\n<p style=\"text-align: justify;\"><strong>XV de d\u00e9part<\/strong> : 15. Fert\u00e9 ; 14. Drouet ; 13. Depoortere ; 12. Costes ; 11. Moustin ; 10. Reus ; 9. Jauneau ; 8. Gazzotti ; 7. Zinzen ; 6. Nouchi (cap) ; 5. Liufau ; 4. Auradou ; 3. Duchene ; 2. Jouvin ; 1. Penverne.<\/p>\n<p style=\"text-align: justify;\"><strong>Rempla\u00e7ants<\/strong><em> :<\/em>\u00a016. Massa ; 17. Kaddouri ; 18. Julien ; 19. Capilla ; 20. Timo ; 21. Carbonneau ; 22. Mondinat ; 23. Attissobge<\/p>\n<blockquote class=\"twitter-tweet\">\n<p dir=\"ltr\" lang=\"fr\">\ud83c\uddeb\ud83c\uddf7\u2694\ufe0f\ud83c\uddef\ud83c\uddf5 \ud835\udc6a\u2019\ud835\udc6c\ud835\udc7a\ud835\udc7b \ud835\udc77\ud835\udc68\ud835\udc79\ud835\udc7b\ud835\udc70 !<\/p>\n<p>Voici l\u2019\u00e9quipe de <a href=\"https:\/\/twitter.com\/hashtag\/FranceU20?src=hash&amp;ref_src=twsrc%5Etfw\">#FranceU20<\/a> pour le premier match du Championnat du Monde U20 \u00e0 Stellenbosch \ud83e\udd29<a href=\"https:\/\/twitter.com\/hashtag\/NefaisonsXV?src=hash&amp;ref_src=twsrc%5Etfw\">#NefaisonsXV<\/a> <a href=\"https:\/\/twitter.com\/hashtag\/WorldRugbyU20s?src=hash&amp;ref_src=twsrc%5Etfw\">#WorldRugbyU20s<\/a> <a href=\"https:\/\/t.co\/bb4RMeuP8v\">pic.twitter.com\/bb4RMeuP8v<\/a><\/p>\n<p>\u2014 France Rugby (@FranceRugby) <a href=\"https:\/\/twitter.com\/FranceRugby\/status\/1671805432954847232?ref_src=twsrc%5Etfw\">June 22, 2023<\/a><\/p><\/blockquote>\n<p style=\"text-align: justify;\"><script async src=\"https:\/\/platform.twitter.com\/widgets.js\" charset=\"utf-8\"><\/script><\/p>\n","protected":false},"excerpt":{"rendered":"<p>COUPE DU MONDE U20 DE RUGBY 2023 &#8211; Samedi, les Bleuets entameront leur comp\u00e9tition par un affrontement avec le Japon. Retrouvez la composition de l&rsquo;\u00e9quipe de France pour cette rencontre.<\/p>\n","protected":false},"author":59,"featured_media":393457,"comment_status":"open","ping_status":"closed","sticky":false,"template":"","format":"standard","meta":{"_acf_changed":false,"_daextam_enable_autolinks":"","footnotes":""},"categories":[9129,19951],"tags":[16878,5203,25012,5194],"class_list":["post-393453","post","type-post","status-publish","format-standard","has-post-thumbnail","hentry","category-rugby-a-xv","category-xv-de-france","tag-breve","tag-coupe-du-monde-u20-rugby","tag-equipe-de-france-u20-de-rugby","tag-rugby-u20"],"acf":[],"yoast_head":"<!-- This site is optimized with the Yoast SEO Premium plugin v26.7 (Yoast SEO v26.7) - https:\/\/yoast.com\/wordpress\/plugins\/seo\/ -->\n<title>Mondial U20 Rugby : La composition des Bleuets pour le premier match contre le Japon<\/title>\n<meta name=\"description\" content=\"COUPE DU MONDE U20 DE RUGBY 2023 - Samedi, les Bleuets entameront leur comp\u00e9tition par un affrontement avec le Japon.\" \/>\n<meta name=\"robots\" content=\"index, follow, max-snippet:-1, max-image-preview:large, max-video-preview:-1\" \/>\n<link rel=\"canonical\" href=\"https:\/\/dicodusport.fr\/blog\/mondial-u20-rugby-la-composition-des-bleuets-pour-le-premier-match-contre-le-japon\/\" \/>\n<meta property=\"og:locale\" content=\"fr_FR\" \/>\n<meta property=\"og:type\" content=\"article\" \/>\n<meta property=\"og:title\" content=\"Mondial U20 Rugby : La composition des Bleuets pour le premier match contre le Japon\" \/>\n<meta property=\"og:description\" content=\"COUPE DU MONDE U20 DE RUGBY 2023 - Samedi, les Bleuets entameront leur comp\u00e9tition par un affrontement avec le Japon.\" \/>\n<meta property=\"og:url\" content=\"https:\/\/dicodusport.fr\/blog\/mondial-u20-rugby-la-composition-des-bleuets-pour-le-premier-match-contre-le-japon\/\" \/>\n<meta property=\"og:site_name\" content=\"Dicodusport\" \/>\n<meta property=\"article:publisher\" content=\"https:\/\/www.facebook.com\/dicodusport\" \/>\n<meta property=\"article:author\" content=\"https:\/\/www.facebook.com\/sebastien.gente\/\" \/>\n<meta property=\"article:published_time\" content=\"2023-06-22T09:39:14+00:00\" \/>\n<meta property=\"article:modified_time\" content=\"2023-06-22T10:32:39+00:00\" \/>\n<meta property=\"og:image\" content=\"https:\/\/dicodusport.fr\/blog\/wp-content\/uploads\/2023\/06\/Mondial-U20-Rugby-La-composition-des-Bleuets-pour-le-premier-match-contre-le-Japon.png\" \/>\n\t<meta property=\"og:image:width\" content=\"800\" \/>\n\t<meta property=\"og:image:height\" content=\"445\" \/>\n\t<meta property=\"og:image:type\" content=\"image\/png\" \/>\n<meta name=\"author\" content=\"S\u00e9bastien Gente\" \/>\n<meta name=\"twitter:card\" content=\"summary_large_image\" \/>\n<meta name=\"twitter:title\" content=\"Mondial U20 Rugby : La composition des Bleuets pour le premier match contre le Japon\" \/>\n<meta name=\"twitter:creator\" content=\"@https:\/\/twitter.com\/globulo24\" \/>\n<meta name=\"twitter:site\" content=\"@dicodusport\" \/>\n<script type=\"application\/ld+json\" class=\"yoast-schema-graph\">{\"@context\":\"https:\/\/schema.org\",\"@graph\":[{\"@type\":\"NewsArticle\",\"@id\":\"https:\/\/dicodusport.fr\/blog\/mondial-u20-rugby-la-composition-des-bleuets-pour-le-premier-match-contre-le-japon\/#article\",\"isPartOf\":{\"@id\":\"https:\/\/dicodusport.fr\/blog\/mondial-u20-rugby-la-composition-des-bleuets-pour-le-premier-match-contre-le-japon\/\"},\"author\":{\"name\":\"S\u00e9bastien Gente\",\"@id\":\"https:\/\/dicodusport.fr\/blog\/#\/schema\/person\/627966a6cde45dbd8c5e36ac85d783da\"},\"headline\":\"Mondial U20 Rugby : La composition des Bleuets pour le premier match contre le Japon\",\"datePublished\":\"2023-06-22T09:39:14+00:00\",\"dateModified\":\"2023-06-22T10:32:39+00:00\",\"mainEntityOfPage\":{\"@id\":\"https:\/\/dicodusport.fr\/blog\/mondial-u20-rugby-la-composition-des-bleuets-pour-le-premier-match-contre-le-japon\/\"},\"wordCount\":211,\"commentCount\":0,\"publisher\":{\"@id\":\"https:\/\/dicodusport.fr\/blog\/#organization\"},\"image\":{\"@id\":\"https:\/\/dicodusport.fr\/blog\/mondial-u20-rugby-la-composition-des-bleuets-pour-le-premier-match-contre-le-japon\/#primaryimage\"},\"thumbnailUrl\":\"https:\/\/dicodusport.fr\/blog\/wp-content\/uploads\/2023\/06\/Mondial-U20-Rugby-La-composition-des-Bleuets-pour-le-premier-match-contre-le-Japon.png\",\"keywords\":[\"br\u00e8ve\",\"Coupe du monde U20 rugby\",\"\u00e9quipe de France U20 de rugby\",\"rugby U20\"],\"articleSection\":[\"Rugby \u00e0 XV\",\"XV de France\"],\"inLanguage\":\"fr-FR\",\"potentialAction\":[{\"@type\":\"CommentAction\",\"name\":\"Comment\",\"target\":[\"https:\/\/dicodusport.fr\/blog\/mondial-u20-rugby-la-composition-des-bleuets-pour-le-premier-match-contre-le-japon\/#respond\"]}],\"copyrightYear\":\"2023\",\"copyrightHolder\":{\"@id\":\"https:\/\/dicodusport.fr\/blog\/#organization\"}},{\"@type\":\"WebPage\",\"@id\":\"https:\/\/dicodusport.fr\/blog\/mondial-u20-rugby-la-composition-des-bleuets-pour-le-premier-match-contre-le-japon\/\",\"url\":\"https:\/\/dicodusport.fr\/blog\/mondial-u20-rugby-la-composition-des-bleuets-pour-le-premier-match-contre-le-japon\/\",\"name\":\"Mondial U20 Rugby : La composition des Bleuets pour le premier match contre le Japon\",\"isPartOf\":{\"@id\":\"https:\/\/dicodusport.fr\/blog\/#website\"},\"primaryImageOfPage\":{\"@id\":\"https:\/\/dicodusport.fr\/blog\/mondial-u20-rugby-la-composition-des-bleuets-pour-le-premier-match-contre-le-japon\/#primaryimage\"},\"image\":{\"@id\":\"https:\/\/dicodusport.fr\/blog\/mondial-u20-rugby-la-composition-des-bleuets-pour-le-premier-match-contre-le-japon\/#primaryimage\"},\"thumbnailUrl\":\"https:\/\/dicodusport.fr\/blog\/wp-content\/uploads\/2023\/06\/Mondial-U20-Rugby-La-composition-des-Bleuets-pour-le-premier-match-contre-le-Japon.png\",\"datePublished\":\"2023-06-22T09:39:14+00:00\",\"dateModified\":\"2023-06-22T10:32:39+00:00\",\"description\":\"COUPE DU MONDE U20 DE RUGBY 2023 - Samedi, les Bleuets entameront leur comp\u00e9tition par un affrontement avec le Japon.\",\"breadcrumb\":{\"@id\":\"https:\/\/dicodusport.fr\/blog\/mondial-u20-rugby-la-composition-des-bleuets-pour-le-premier-match-contre-le-japon\/#breadcrumb\"},\"inLanguage\":\"fr-FR\",\"potentialAction\":[{\"@type\":\"ReadAction\",\"target\":[\"https:\/\/dicodusport.fr\/blog\/mondial-u20-rugby-la-composition-des-bleuets-pour-le-premier-match-contre-le-japon\/\"]}]},{\"@type\":\"ImageObject\",\"inLanguage\":\"fr-FR\",\"@id\":\"https:\/\/dicodusport.fr\/blog\/mondial-u20-rugby-la-composition-des-bleuets-pour-le-premier-match-contre-le-japon\/#primaryimage\",\"url\":\"https:\/\/dicodusport.fr\/blog\/wp-content\/uploads\/2023\/06\/Mondial-U20-Rugby-La-composition-des-Bleuets-pour-le-premier-match-contre-le-Japon.png\",\"contentUrl\":\"https:\/\/dicodusport.fr\/blog\/wp-content\/uploads\/2023\/06\/Mondial-U20-Rugby-La-composition-des-Bleuets-pour-le-premier-match-contre-le-Japon.png\",\"width\":800,\"height\":445,\"caption\":\"Mondial U20 Rugby La composition des Bleuets pour le premier match contre le Japon\"},{\"@type\":\"BreadcrumbList\",\"@id\":\"https:\/\/dicodusport.fr\/blog\/mondial-u20-rugby-la-composition-des-bleuets-pour-le-premier-match-contre-le-japon\/#breadcrumb\",\"itemListElement\":[{\"@type\":\"ListItem\",\"position\":1,\"name\":\"Accueil\",\"item\":\"https:\/\/dicodusport.fr\/blog\/\"},{\"@type\":\"ListItem\",\"position\":2,\"name\":\"Mondial U20 Rugby : La composition des Bleuets pour le premier match contre le Japon\"}]},{\"@type\":\"WebSite\",\"@id\":\"https:\/\/dicodusport.fr\/blog\/#website\",\"url\":\"https:\/\/dicodusport.fr\/blog\/\",\"name\":\"Dicodusport\",\"description\":\"L&#039;encyclop\u00e9die de l&#039;actualit\u00e9 sportive\",\"publisher\":{\"@id\":\"https:\/\/dicodusport.fr\/blog\/#organization\"},\"potentialAction\":[{\"@type\":\"SearchAction\",\"target\":{\"@type\":\"EntryPoint\",\"urlTemplate\":\"https:\/\/dicodusport.fr\/blog\/?s={search_term_string}\"},\"query-input\":{\"@type\":\"PropertyValueSpecification\",\"valueRequired\":true,\"valueName\":\"search_term_string\"}}],\"inLanguage\":\"fr-FR\"},{\"@type\":\"NewsMediaOrganization\",\"@id\":\"https:\/\/dicodusport.fr\/blog\/#organization\",\"name\":\"Dicodusport\",\"url\":\"https:\/\/dicodusport.fr\/blog\/\",\"logo\":{\"@type\":\"ImageObject\",\"inLanguage\":\"fr-FR\",\"@id\":\"https:\/\/dicodusport.fr\/blog\/#\/schema\/logo\/image\/\",\"url\":\"https:\/\/dicodusport.fr\/blog\/wp-content\/uploads\/2020\/06\/cropped-LOGO-DICODUSPORT-2020-SANS-FOND-SANS-TEXTE.png\",\"contentUrl\":\"https:\/\/dicodusport.fr\/blog\/wp-content\/uploads\/2020\/06\/cropped-LOGO-DICODUSPORT-2020-SANS-FOND-SANS-TEXTE.png\",\"width\":512,\"height\":512,\"caption\":\"Dicodusport\"},\"image\":{\"@id\":\"https:\/\/dicodusport.fr\/blog\/#\/schema\/logo\/image\/\"},\"sameAs\":[\"https:\/\/www.facebook.com\/dicodusport\",\"https:\/\/x.com\/dicodusport\",\"https:\/\/www.instagram.com\/dicodusport\/\",\"https:\/\/www.youtube.com\/channel\/UC7V2KZ5sd3htJivAbA4ZG3w\"],\"description\":\"Dicodusport est l'encyclop\u00e9die de l'actualit\u00e9 sportive.\",\"email\":\"bonjour@dicodusport.fr\",\"legalName\":\"DICODUSPORT\",\"foundingDate\":\"2018-01-14\",\"vatID\":\"FR71834470973\",\"taxID\":\"83447097300043\",\"numberOfEmployees\":{\"@type\":\"QuantitativeValue\",\"minValue\":\"1\",\"maxValue\":\"10\"}},{\"@type\":\"Person\",\"@id\":\"https:\/\/dicodusport.fr\/blog\/#\/schema\/person\/627966a6cde45dbd8c5e36ac85d783da\",\"name\":\"S\u00e9bastien Gente\",\"image\":{\"@type\":\"ImageObject\",\"inLanguage\":\"fr-FR\",\"@id\":\"https:\/\/dicodusport.fr\/blog\/#\/schema\/person\/image\/\",\"url\":\"https:\/\/dicodusport.fr\/blog\/wp-content\/uploads\/2021\/09\/1510990_10205810251400683_4124423575079401707_n-150x150.jpg\",\"contentUrl\":\"https:\/\/dicodusport.fr\/blog\/wp-content\/uploads\/2021\/09\/1510990_10205810251400683_4124423575079401707_n-150x150.jpg\",\"caption\":\"S\u00e9bastien Gente\"},\"description\":\"John Stockton, Gianni Bugno, Zinedine Zidane, Steffi Graf, Frode Andresen, St\u00e9phane Stoecklin, Davis Kamoga, Primoz Peterka, Werner Schlager et Aur\u00e9lien Rougerie. Point commun entre ces sportifs? Ils m'ont fait r\u00eaver et ont berc\u00e9 mon adolescence. Je suis un fondu de sports et j'essaie de retranscrire ma passion \u00e0 travers mes articles. Originaire du P\u00e9rigord, ma passion pour les Girondins, les Jaunards et les Jazzmen transpire dans mes \u00e9crits. \u00c0 Dicodusport depuis 2021, je d\u00e9niche les sports m\u00e9connus dans lesquels la France brille, et il y en a !\",\"sameAs\":[\"https:\/\/www.facebook.com\/sebastien.gente\/\",\"https:\/\/www.instagram.com\/sebgente\/\",\"https:\/\/www.linkedin.com\/in\/sbastien-gente-a29583169\/\",\"https:\/\/x.com\/https:\/\/twitter.com\/globulo24\",\"SebastienGente\"],\"worksFor\":\"S\u00e9bastien GENTE\",\"url\":\"https:\/\/dicodusport.fr\/blog\/author\/sebastiengente\/\"}]}<\/script>\n<!-- \/ Yoast SEO Premium plugin. -->","yoast_head_json":{"title":"Mondial U20 Rugby : La composition des Bleuets pour le premier match contre le Japon","description":"COUPE DU MONDE U20 DE RUGBY 2023 - Samedi, les Bleuets entameront leur comp\u00e9tition par un affrontement avec le Japon.","robots":{"index":"index","follow":"follow","max-snippet":"max-snippet:-1","max-image-preview":"max-image-preview:large","max-video-preview":"max-video-preview:-1"},"canonical":"https:\/\/dicodusport.fr\/blog\/mondial-u20-rugby-la-composition-des-bleuets-pour-le-premier-match-contre-le-japon\/","og_locale":"fr_FR","og_type":"article","og_title":"Mondial U20 Rugby : La composition des Bleuets pour le premier match contre le Japon","og_description":"COUPE DU MONDE U20 DE RUGBY 2023 - Samedi, les Bleuets entameront leur comp\u00e9tition par un affrontement avec le Japon.","og_url":"https:\/\/dicodusport.fr\/blog\/mondial-u20-rugby-la-composition-des-bleuets-pour-le-premier-match-contre-le-japon\/","og_site_name":"Dicodusport","article_publisher":"https:\/\/www.facebook.com\/dicodusport","article_author":"https:\/\/www.facebook.com\/sebastien.gente\/","article_published_time":"2023-06-22T09:39:14+00:00","article_modified_time":"2023-06-22T10:32:39+00:00","og_image":[{"width":800,"height":445,"url":"https:\/\/dicodusport.fr\/blog\/wp-content\/uploads\/2023\/06\/Mondial-U20-Rugby-La-composition-des-Bleuets-pour-le-premier-match-contre-le-Japon.png","type":"image\/png"}],"author":"S\u00e9bastien Gente","twitter_card":"summary_large_image","twitter_title":"Mondial U20 Rugby : La composition des Bleuets pour le premier match contre le Japon","twitter_creator":"@https:\/\/twitter.com\/globulo24","twitter_site":"@dicodusport","schema":{"@context":"https:\/\/schema.org","@graph":[{"@type":"NewsArticle","@id":"https:\/\/dicodusport.fr\/blog\/mondial-u20-rugby-la-composition-des-bleuets-pour-le-premier-match-contre-le-japon\/#article","isPartOf":{"@id":"https:\/\/dicodusport.fr\/blog\/mondial-u20-rugby-la-composition-des-bleuets-pour-le-premier-match-contre-le-japon\/"},"author":{"name":"S\u00e9bastien Gente","@id":"https:\/\/dicodusport.fr\/blog\/#\/schema\/person\/627966a6cde45dbd8c5e36ac85d783da"},"headline":"Mondial U20 Rugby : La composition des Bleuets pour le premier match contre le Japon","datePublished":"2023-06-22T09:39:14+00:00","dateModified":"2023-06-22T10:32:39+00:00","mainEntityOfPage":{"@id":"https:\/\/dicodusport.fr\/blog\/mondial-u20-rugby-la-composition-des-bleuets-pour-le-premier-match-contre-le-japon\/"},"wordCount":211,"commentCount":0,"publisher":{"@id":"https:\/\/dicodusport.fr\/blog\/#organization"},"image":{"@id":"https:\/\/dicodusport.fr\/blog\/mondial-u20-rugby-la-composition-des-bleuets-pour-le-premier-match-contre-le-japon\/#primaryimage"},"thumbnailUrl":"https:\/\/dicodusport.fr\/blog\/wp-content\/uploads\/2023\/06\/Mondial-U20-Rugby-La-composition-des-Bleuets-pour-le-premier-match-contre-le-Japon.png","keywords":["br\u00e8ve","Coupe du monde U20 rugby","\u00e9quipe de France U20 de rugby","rugby U20"],"articleSection":["Rugby \u00e0 XV","XV de France"],"inLanguage":"fr-FR","potentialAction":[{"@type":"CommentAction","name":"Comment","target":["https:\/\/dicodusport.fr\/blog\/mondial-u20-rugby-la-composition-des-bleuets-pour-le-premier-match-contre-le-japon\/#respond"]}],"copyrightYear":"2023","copyrightHolder":{"@id":"https:\/\/dicodusport.fr\/blog\/#organization"}},{"@type":"WebPage","@id":"https:\/\/dicodusport.fr\/blog\/mondial-u20-rugby-la-composition-des-bleuets-pour-le-premier-match-contre-le-japon\/","url":"https:\/\/dicodusport.fr\/blog\/mondial-u20-rugby-la-composition-des-bleuets-pour-le-premier-match-contre-le-japon\/","name":"Mondial U20 Rugby : La composition des Bleuets pour le premier match contre le Japon","isPartOf":{"@id":"https:\/\/dicodusport.fr\/blog\/#website"},"primaryImageOfPage":{"@id":"https:\/\/dicodusport.fr\/blog\/mondial-u20-rugby-la-composition-des-bleuets-pour-le-premier-match-contre-le-japon\/#primaryimage"},"image":{"@id":"https:\/\/dicodusport.fr\/blog\/mondial-u20-rugby-la-composition-des-bleuets-pour-le-premier-match-contre-le-japon\/#primaryimage"},"thumbnailUrl":"https:\/\/dicodusport.fr\/blog\/wp-content\/uploads\/2023\/06\/Mondial-U20-Rugby-La-composition-des-Bleuets-pour-le-premier-match-contre-le-Japon.png","datePublished":"2023-06-22T09:39:14+00:00","dateModified":"2023-06-22T10:32:39+00:00","description":"COUPE DU MONDE U20 DE RUGBY 2023 - Samedi, les Bleuets entameront leur comp\u00e9tition par un affrontement avec le Japon.","breadcrumb":{"@id":"https:\/\/dicodusport.fr\/blog\/mondial-u20-rugby-la-composition-des-bleuets-pour-le-premier-match-contre-le-japon\/#breadcrumb"},"inLanguage":"fr-FR","potentialAction":[{"@type":"ReadAction","target":["https:\/\/dicodusport.fr\/blog\/mondial-u20-rugby-la-composition-des-bleuets-pour-le-premier-match-contre-le-japon\/"]}]},{"@type":"ImageObject","inLanguage":"fr-FR","@id":"https:\/\/dicodusport.fr\/blog\/mondial-u20-rugby-la-composition-des-bleuets-pour-le-premier-match-contre-le-japon\/#primaryimage","url":"https:\/\/dicodusport.fr\/blog\/wp-content\/uploads\/2023\/06\/Mondial-U20-Rugby-La-composition-des-Bleuets-pour-le-premier-match-contre-le-Japon.png","contentUrl":"https:\/\/dicodusport.fr\/blog\/wp-content\/uploads\/2023\/06\/Mondial-U20-Rugby-La-composition-des-Bleuets-pour-le-premier-match-contre-le-Japon.png","width":800,"height":445,"caption":"Mondial U20 Rugby La composition des Bleuets pour le premier match contre le Japon"},{"@type":"BreadcrumbList","@id":"https:\/\/dicodusport.fr\/blog\/mondial-u20-rugby-la-composition-des-bleuets-pour-le-premier-match-contre-le-japon\/#breadcrumb","itemListElement":[{"@type":"ListItem","position":1,"name":"Accueil","item":"https:\/\/dicodusport.fr\/blog\/"},{"@type":"ListItem","position":2,"name":"Mondial U20 Rugby : La composition des Bleuets pour le premier match contre le Japon"}]},{"@type":"WebSite","@id":"https:\/\/dicodusport.fr\/blog\/#website","url":"https:\/\/dicodusport.fr\/blog\/","name":"Dicodusport","description":"L&#039;encyclop\u00e9die de l&#039;actualit\u00e9 sportive","publisher":{"@id":"https:\/\/dicodusport.fr\/blog\/#organization"},"potentialAction":[{"@type":"SearchAction","target":{"@type":"EntryPoint","urlTemplate":"https:\/\/dicodusport.fr\/blog\/?s={search_term_string}"},"query-input":{"@type":"PropertyValueSpecification","valueRequired":true,"valueName":"search_term_string"}}],"inLanguage":"fr-FR"},{"@type":"NewsMediaOrganization","@id":"https:\/\/dicodusport.fr\/blog\/#organization","name":"Dicodusport","url":"https:\/\/dicodusport.fr\/blog\/","logo":{"@type":"ImageObject","inLanguage":"fr-FR","@id":"https:\/\/dicodusport.fr\/blog\/#\/schema\/logo\/image\/","url":"https:\/\/dicodusport.fr\/blog\/wp-content\/uploads\/2020\/06\/cropped-LOGO-DICODUSPORT-2020-SANS-FOND-SANS-TEXTE.png","contentUrl":"https:\/\/dicodusport.fr\/blog\/wp-content\/uploads\/2020\/06\/cropped-LOGO-DICODUSPORT-2020-SANS-FOND-SANS-TEXTE.png","width":512,"height":512,"caption":"Dicodusport"},"image":{"@id":"https:\/\/dicodusport.fr\/blog\/#\/schema\/logo\/image\/"},"sameAs":["https:\/\/www.facebook.com\/dicodusport","https:\/\/x.com\/dicodusport","https:\/\/www.instagram.com\/dicodusport\/","https:\/\/www.youtube.com\/channel\/UC7V2KZ5sd3htJivAbA4ZG3w"],"description":"Dicodusport est l'encyclop\u00e9die de l'actualit\u00e9 sportive.","email":"bonjour@dicodusport.fr","legalName":"DICODUSPORT","foundingDate":"2018-01-14","vatID":"FR71834470973","taxID":"83447097300043","numberOfEmployees":{"@type":"QuantitativeValue","minValue":"1","maxValue":"10"}},{"@type":"Person","@id":"https:\/\/dicodusport.fr\/blog\/#\/schema\/person\/627966a6cde45dbd8c5e36ac85d783da","name":"S\u00e9bastien Gente","image":{"@type":"ImageObject","inLanguage":"fr-FR","@id":"https:\/\/dicodusport.fr\/blog\/#\/schema\/person\/image\/","url":"https:\/\/dicodusport.fr\/blog\/wp-content\/uploads\/2021\/09\/1510990_10205810251400683_4124423575079401707_n-150x150.jpg","contentUrl":"https:\/\/dicodusport.fr\/blog\/wp-content\/uploads\/2021\/09\/1510990_10205810251400683_4124423575079401707_n-150x150.jpg","caption":"S\u00e9bastien Gente"},"description":"John Stockton, Gianni Bugno, Zinedine Zidane, Steffi Graf, Frode Andresen, St\u00e9phane Stoecklin, Davis Kamoga, Primoz Peterka, Werner Schlager et Aur\u00e9lien Rougerie. Point commun entre ces sportifs? Ils m'ont fait r\u00eaver et ont berc\u00e9 mon adolescence. Je suis un fondu de sports et j'essaie de retranscrire ma passion \u00e0 travers mes articles. Originaire du P\u00e9rigord, ma passion pour les Girondins, les Jaunards et les Jazzmen transpire dans mes \u00e9crits. \u00c0 Dicodusport depuis 2021, je d\u00e9niche les sports m\u00e9connus dans lesquels la France brille, et il y en a !","sameAs":["https:\/\/www.facebook.com\/sebastien.gente\/","https:\/\/www.instagram.com\/sebgente\/","https:\/\/www.linkedin.com\/in\/sbastien-gente-a29583169\/","https:\/\/x.com\/https:\/\/twitter.com\/globulo24","SebastienGente"],"worksFor":"S\u00e9bastien GENTE","url":"https:\/\/dicodusport.fr\/blog\/author\/sebastiengente\/"}]}},"_links":{"self":[{"href":"https:\/\/dicodusport.fr\/blog\/wp-json\/wp\/v2\/posts\/393453","targetHints":{"allow":["GET"]}}],"collection":[{"href":"https:\/\/dicodusport.fr\/blog\/wp-json\/wp\/v2\/posts"}],"about":[{"href":"https:\/\/dicodusport.fr\/blog\/wp-json\/wp\/v2\/types\/post"}],"author":[{"embeddable":true,"href":"https:\/\/dicodusport.fr\/blog\/wp-json\/wp\/v2\/users\/59"}],"replies":[{"embeddable":true,"href":"https:\/\/dicodusport.fr\/blog\/wp-json\/wp\/v2\/comments?post=393453"}],"version-history":[{"count":0,"href":"https:\/\/dicodusport.fr\/blog\/wp-json\/wp\/v2\/posts\/393453\/revisions"}],"wp:featuredmedia":[{"embeddable":true,"href":"https:\/\/dicodusport.fr\/blog\/wp-json\/wp\/v2\/media\/393457"}],"wp:attachment":[{"href":"https:\/\/dicodusport.fr\/blog\/wp-json\/wp\/v2\/media?parent=393453"}],"wp:term":[{"taxonomy":"category","embeddable":true,"href":"https:\/\/dicodusport.fr\/blog\/wp-json\/wp\/v2\/categories?post=393453"},{"taxonomy":"post_tag","embeddable":true,"href":"https:\/\/dicodusport.fr\/blog\/wp-json\/wp\/v2\/tags?post=393453"}],"curies":[{"name":"wp","href":"https:\/\/api.w.org\/{rel}","templated":true}]}}