{"id":393488,"date":"2023-06-22T17:18:48","date_gmt":"2023-06-22T15:18:48","guid":{"rendered":"https:\/\/dicodusport.fr\/blog\/?p=393488&#038;preview=true&#038;preview_id=393488"},"modified":"2023-06-22T18:24:21","modified_gmt":"2023-06-22T16:24:21","slug":"cyclisme-championnats-de-france-remi-cavagna-sacre-sur-le-contre-la-montre","status":"publish","type":"post","link":"https:\/\/dicodusport.fr\/blog\/cyclisme-championnats-de-france-remi-cavagna-sacre-sur-le-contre-la-montre\/","title":{"rendered":"Cyclisme Championnats de France : R\u00e9mi Cavagna sacr\u00e9 sur le contre-la-montre"},"content":{"rendered":"<p style=\"text-align: justify;\"><em><strong><a href=\"https:\/\/dicodusport.fr\/blog\/cyclisme-championnats-de-france-2023-programme-et-resultats\/\">CYCLISME CHAMPIONNATS DE FRANCE 2023<\/a> \u2013 R\u00e9mi Cavagna (Soudal Quick-Step) s&rsquo;est adjug\u00e9 le titre de champion de France du contre-la-montre \u00e0 Cassel, jeudi. Il a devanc\u00e9 Bruno Armirail (Groupama-FDJ) et Pierre Latour (TotalEnergies).<br \/>\n<\/strong><\/em><\/p>\n<p style=\"text-align: justify;\">Les coureurs devaient faire face \u00e0 un vent de face sur la portion plate \u00e0 la sortie d&rsquo;Hazebrouck \u00e0 travers la campagne, sur des routes rectilignes. Sur cette partie, <strong>R\u00e9mi Cavagna<\/strong> (Soudal Quick-Step) a accentu\u00e9 son avance sur <strong>Bruno Armirail<\/strong> (Groupama-FDJ). Le tenant du titre \u00e9tait dans le m\u00eame temps que le TGV de Clermont-Ferrand apr\u00e8s 7,5 kilom\u00e8tres avant de c\u00e9der 3 et 12 secondes apr\u00e8s 17,6 et 25,1 kilom\u00e8tres d&rsquo;effort.<\/p>\n<p style=\"text-align: justify;\">Malheureusement, <strong>Benjamin Thomas<\/strong> (Cofidis) n&rsquo;a pas pu rivaliser, avec d\u00e9j\u00e0 45 secondes de retard avant les six derniers kilom\u00e8tres explosifs, avec trois c\u00f4tes dans Cassel, dont la terrible mont\u00e9e de la Porte d&rsquo;Aire. Le coureur de l&rsquo;\u00e9quipe de C\u00e9dric Vasseur a compl\u00e8tement craqu\u00e9, au point de voir <strong>Pierre Latour<\/strong> (TotalEnergies) lui prendre finalement la troisi\u00e8me place.<\/p>\n<h2 style=\"text-align: justify;\">Deuxi\u00e8me sacre pour Cavagna apr\u00e8s 2020<\/h2>\n<p style=\"text-align: justify;\">Enfin, <strong>R\u00e9mi Cavagna<\/strong> (Soudal Quick-Step) a parfaitement g\u00e9r\u00e9 le final pour continuer \u00e0 prendre du temps \u00e0 son dauphin <strong>Bruno Armirail<\/strong> (Groupama-FDJ). Le coureur de Patrick Lefevere a sign\u00e9 le meilleur temps en 39 minutes et 37 secondes \u00e0 47,424 km\/h de moyenne. Il a devanc\u00e9 de 32 secondes <strong>Bruno Armirail<\/strong> (Groupama FDJ).<\/p>\n<p style=\"text-align: justify;\">Ensuite, <strong>Pierre Latour<\/strong> (TotalEnergies) a termin\u00e9 troisi\u00e8me \u00e0 1 minute 13 devant <strong>Benjamin Thomas<\/strong> (Cofidis), quatri\u00e8me \u00e0 1 minute 15.<\/p>\n<p style=\"text-align: justify;\">Chez les amateurs, <strong>Mathias Ribeiro Da Cruz<\/strong> (Laval Cyclisme 53) s&rsquo;est impos\u00e9 avec 16 secondes sur Baptiste Gillet et avec 28 secondes sur Yohan Paillot.<\/p>\n<blockquote class=\"twitter-tweet\">\n<p dir=\"ltr\" lang=\"fr\">\ud83c\uddeb\ud83c\uddf7 R\u00e9mi Cavagna \ud835\udc1c\ud835\udc21\ud835\udc1a\ud835\udc26\ud835\udc29\ud835\udc22\ud835\udc28\ud835\udc27 \ud835\udc1d\ud835\udc1e \ud835\udc05\ud835\udc2b\ud835\udc1a\ud835\udc27\ud835\udc1c\ud835\udc1e de contre-la-montre !<\/p>\n<p>Le TGV de Clermont succ\u00e8de au tenant du titre, Bruno Armirail, deuxi\u00e8me \u00e0 32 secondes. Pierre Latour (+1&rsquo;13\u00a0\u00bb) compl\u00e8te le podium <a href=\"https:\/\/twitter.com\/hashtag\/LesRP?src=hash&amp;ref_src=twsrc%5Etfw\">#LesRP<\/a> <a href=\"https:\/\/twitter.com\/hashtag\/Cassel2023?src=hash&amp;ref_src=twsrc%5Etfw\">#Cassel2023<\/a> <a href=\"https:\/\/t.co\/BbIAfNKFmJ\">pic.twitter.com\/BbIAfNKFmJ<\/a><\/p>\n<p>\u2014 Eurosport France (@Eurosport_FR) <a href=\"https:\/\/twitter.com\/Eurosport_FR\/status\/1671901854035324928?ref_src=twsrc%5Etfw\">June 22, 2023<\/a><\/p><\/blockquote>\n<p><script async src=\"https:\/\/platform.twitter.com\/widgets.js\" charset=\"utf-8\"><\/script><\/p>\n<h2 style=\"text-align: justify;\">\u00c0 lire aussi<\/h2>\n<ul>\n<li style=\"text-align: justify;\"><a href=\"https:\/\/dicodusport.fr\/blog\/classement-contre-la-montre-championnats-de-france-de-cyclisme-2023\/\"><strong>Classement du contre-la-montre des championnats de France<\/strong><\/a><\/li>\n<li style=\"text-align: justify;\"><strong><a href=\"https:\/\/dicodusport.fr\/blog\/championnats-de-france-de-cyclisme-2023-a-quelle-heure-et-sur-quelle-chaine-tv\/\">\u00c0 quelle heure et sur quelle cha\u00eene suivre les Championnats de France de cyclisme<\/a>\u00a0<\/strong><\/li>\n<\/ul>\n","protected":false},"excerpt":{"rendered":"<p>CYCLISME CHAMPIONNATS DE FRANCE 2023 \u2013 R\u00e9mi Cavagna (Soudal Quick-Step) s&rsquo;est adjug\u00e9 le titre de champion de France du contre-la-montre \u00e0 Cassel, jeudi. Il a devanc\u00e9 Bruno Armirail (Groupama-FDJ) et Pierre Latour (TotalEnergies).<\/p>\n","protected":false},"author":48,"featured_media":393587,"comment_status":"open","ping_status":"closed","sticky":false,"template":"","format":"standard","meta":{"_acf_changed":false,"_daextam_enable_autolinks":"","footnotes":""},"categories":[46994],"tags":[16878,24],"class_list":["post-393488","post","type-post","status-publish","format-standard","has-post-thumbnail","hentry","category-cyclisme-sur-route","tag-breve","tag-sport"],"acf":[],"yoast_head":"<!-- This site is optimized with the Yoast SEO Premium plugin v26.7 (Yoast SEO v26.7) - https:\/\/yoast.com\/wordpress\/plugins\/seo\/ -->\n<title>Cyclisme Championnats de France : R\u00e9mi Cavagna sacr\u00e9 sur le contre-la-montre<\/title>\n<meta name=\"description\" content=\"CYCLISME CHAMPIONNATS DE FRANCE 2023 \u2013 R\u00e9mi Cavagna (Soudal Quick-Step) s&#039;est adjug\u00e9 le titre de champion de France du contre-la-montre.\" \/>\n<meta name=\"robots\" content=\"index, follow, max-snippet:-1, max-image-preview:large, max-video-preview:-1\" \/>\n<link rel=\"canonical\" href=\"https:\/\/dicodusport.fr\/blog\/cyclisme-championnats-de-france-remi-cavagna-sacre-sur-le-contre-la-montre\/\" \/>\n<meta property=\"og:locale\" content=\"fr_FR\" \/>\n<meta property=\"og:type\" content=\"article\" \/>\n<meta property=\"og:title\" content=\"Cyclisme Championnats de France : R\u00e9mi Cavagna sacr\u00e9 sur le contre-la-montre\" \/>\n<meta property=\"og:description\" content=\"CYCLISME CHAMPIONNATS DE FRANCE 2023 \u2013 R\u00e9mi Cavagna (Soudal Quick-Step) s&#039;est adjug\u00e9 le titre de champion de France du contre-la-montre.\" \/>\n<meta property=\"og:url\" content=\"https:\/\/dicodusport.fr\/blog\/cyclisme-championnats-de-france-remi-cavagna-sacre-sur-le-contre-la-montre\/\" \/>\n<meta property=\"og:site_name\" content=\"Dicodusport\" \/>\n<meta property=\"article:publisher\" content=\"https:\/\/www.facebook.com\/dicodusport\" \/>\n<meta property=\"article:author\" content=\"https:\/\/www.facebook.com\/groups\/LesRoisDuPeloton\" \/>\n<meta property=\"article:published_time\" content=\"2023-06-22T15:18:48+00:00\" \/>\n<meta property=\"article:modified_time\" content=\"2023-06-22T16:24:21+00:00\" \/>\n<meta property=\"og:image\" content=\"https:\/\/dicodusport.fr\/blog\/wp-content\/uploads\/2023\/06\/Cyclisme-Championnats-de-France-Remi-Cavagna-sacre-sur-le-contre-la-montre.png\" \/>\n\t<meta property=\"og:image:width\" content=\"800\" \/>\n\t<meta property=\"og:image:height\" content=\"445\" \/>\n\t<meta property=\"og:image:type\" content=\"image\/png\" \/>\n<meta name=\"author\" content=\"Emilien Descampiaux\" \/>\n<meta name=\"twitter:card\" content=\"summary_large_image\" \/>\n<meta name=\"twitter:title\" content=\"Cyclisme Championnats de France : R\u00e9mi Cavagna sacr\u00e9 sur le contre-la-montre\" \/>\n<meta name=\"twitter:creator\" content=\"@https:\/\/twitter.com\/LRoisDuPeloton\" \/>\n<meta name=\"twitter:site\" content=\"@dicodusport\" \/>\n<script type=\"application\/ld+json\" class=\"yoast-schema-graph\">{\"@context\":\"https:\/\/schema.org\",\"@graph\":[{\"@type\":\"NewsArticle\",\"@id\":\"https:\/\/dicodusport.fr\/blog\/cyclisme-championnats-de-france-remi-cavagna-sacre-sur-le-contre-la-montre\/#article\",\"isPartOf\":{\"@id\":\"https:\/\/dicodusport.fr\/blog\/cyclisme-championnats-de-france-remi-cavagna-sacre-sur-le-contre-la-montre\/\"},\"author\":{\"name\":\"Emilien Descampiaux\",\"@id\":\"https:\/\/dicodusport.fr\/blog\/#\/schema\/person\/6db4bae06b171592211be385b32876a7\"},\"headline\":\"Cyclisme Championnats de France : R\u00e9mi Cavagna sacr\u00e9 sur le contre-la-montre\",\"datePublished\":\"2023-06-22T15:18:48+00:00\",\"dateModified\":\"2023-06-22T16:24:21+00:00\",\"mainEntityOfPage\":{\"@id\":\"https:\/\/dicodusport.fr\/blog\/cyclisme-championnats-de-france-remi-cavagna-sacre-sur-le-contre-la-montre\/\"},\"wordCount\":335,\"commentCount\":0,\"publisher\":{\"@id\":\"https:\/\/dicodusport.fr\/blog\/#organization\"},\"image\":{\"@id\":\"https:\/\/dicodusport.fr\/blog\/cyclisme-championnats-de-france-remi-cavagna-sacre-sur-le-contre-la-montre\/#primaryimage\"},\"thumbnailUrl\":\"https:\/\/dicodusport.fr\/blog\/wp-content\/uploads\/2023\/06\/Cyclisme-Championnats-de-France-Remi-Cavagna-sacre-sur-le-contre-la-montre.png\",\"keywords\":[\"br\u00e8ve\",\"sport\"],\"articleSection\":[\"Cyclisme sur route\"],\"inLanguage\":\"fr-FR\",\"potentialAction\":[{\"@type\":\"CommentAction\",\"name\":\"Comment\",\"target\":[\"https:\/\/dicodusport.fr\/blog\/cyclisme-championnats-de-france-remi-cavagna-sacre-sur-le-contre-la-montre\/#respond\"]}],\"copyrightYear\":\"2023\",\"copyrightHolder\":{\"@id\":\"https:\/\/dicodusport.fr\/blog\/#organization\"}},{\"@type\":\"WebPage\",\"@id\":\"https:\/\/dicodusport.fr\/blog\/cyclisme-championnats-de-france-remi-cavagna-sacre-sur-le-contre-la-montre\/\",\"url\":\"https:\/\/dicodusport.fr\/blog\/cyclisme-championnats-de-france-remi-cavagna-sacre-sur-le-contre-la-montre\/\",\"name\":\"Cyclisme Championnats de France : R\u00e9mi Cavagna sacr\u00e9 sur le contre-la-montre\",\"isPartOf\":{\"@id\":\"https:\/\/dicodusport.fr\/blog\/#website\"},\"primaryImageOfPage\":{\"@id\":\"https:\/\/dicodusport.fr\/blog\/cyclisme-championnats-de-france-remi-cavagna-sacre-sur-le-contre-la-montre\/#primaryimage\"},\"image\":{\"@id\":\"https:\/\/dicodusport.fr\/blog\/cyclisme-championnats-de-france-remi-cavagna-sacre-sur-le-contre-la-montre\/#primaryimage\"},\"thumbnailUrl\":\"https:\/\/dicodusport.fr\/blog\/wp-content\/uploads\/2023\/06\/Cyclisme-Championnats-de-France-Remi-Cavagna-sacre-sur-le-contre-la-montre.png\",\"datePublished\":\"2023-06-22T15:18:48+00:00\",\"dateModified\":\"2023-06-22T16:24:21+00:00\",\"description\":\"CYCLISME CHAMPIONNATS DE FRANCE 2023 \u2013 R\u00e9mi Cavagna (Soudal Quick-Step) s'est adjug\u00e9 le titre de champion de France du contre-la-montre.\",\"breadcrumb\":{\"@id\":\"https:\/\/dicodusport.fr\/blog\/cyclisme-championnats-de-france-remi-cavagna-sacre-sur-le-contre-la-montre\/#breadcrumb\"},\"inLanguage\":\"fr-FR\",\"potentialAction\":[{\"@type\":\"ReadAction\",\"target\":[\"https:\/\/dicodusport.fr\/blog\/cyclisme-championnats-de-france-remi-cavagna-sacre-sur-le-contre-la-montre\/\"]}]},{\"@type\":\"ImageObject\",\"inLanguage\":\"fr-FR\",\"@id\":\"https:\/\/dicodusport.fr\/blog\/cyclisme-championnats-de-france-remi-cavagna-sacre-sur-le-contre-la-montre\/#primaryimage\",\"url\":\"https:\/\/dicodusport.fr\/blog\/wp-content\/uploads\/2023\/06\/Cyclisme-Championnats-de-France-Remi-Cavagna-sacre-sur-le-contre-la-montre.png\",\"contentUrl\":\"https:\/\/dicodusport.fr\/blog\/wp-content\/uploads\/2023\/06\/Cyclisme-Championnats-de-France-Remi-Cavagna-sacre-sur-le-contre-la-montre.png\",\"width\":800,\"height\":445,\"caption\":\"Cyclisme Championnats de France R\u00e9mi Cavagna sacr\u00e9 sur le contre-la-montre\"},{\"@type\":\"BreadcrumbList\",\"@id\":\"https:\/\/dicodusport.fr\/blog\/cyclisme-championnats-de-france-remi-cavagna-sacre-sur-le-contre-la-montre\/#breadcrumb\",\"itemListElement\":[{\"@type\":\"ListItem\",\"position\":1,\"name\":\"Accueil\",\"item\":\"https:\/\/dicodusport.fr\/blog\/\"},{\"@type\":\"ListItem\",\"position\":2,\"name\":\"Cyclisme Championnats de France : R\u00e9mi Cavagna sacr\u00e9 sur le contre-la-montre\"}]},{\"@type\":\"WebSite\",\"@id\":\"https:\/\/dicodusport.fr\/blog\/#website\",\"url\":\"https:\/\/dicodusport.fr\/blog\/\",\"name\":\"Dicodusport\",\"description\":\"L&#039;encyclop\u00e9die de l&#039;actualit\u00e9 sportive\",\"publisher\":{\"@id\":\"https:\/\/dicodusport.fr\/blog\/#organization\"},\"potentialAction\":[{\"@type\":\"SearchAction\",\"target\":{\"@type\":\"EntryPoint\",\"urlTemplate\":\"https:\/\/dicodusport.fr\/blog\/?s={search_term_string}\"},\"query-input\":{\"@type\":\"PropertyValueSpecification\",\"valueRequired\":true,\"valueName\":\"search_term_string\"}}],\"inLanguage\":\"fr-FR\"},{\"@type\":\"NewsMediaOrganization\",\"@id\":\"https:\/\/dicodusport.fr\/blog\/#organization\",\"name\":\"Dicodusport\",\"url\":\"https:\/\/dicodusport.fr\/blog\/\",\"logo\":{\"@type\":\"ImageObject\",\"inLanguage\":\"fr-FR\",\"@id\":\"https:\/\/dicodusport.fr\/blog\/#\/schema\/logo\/image\/\",\"url\":\"https:\/\/dicodusport.fr\/blog\/wp-content\/uploads\/2020\/06\/cropped-LOGO-DICODUSPORT-2020-SANS-FOND-SANS-TEXTE.png\",\"contentUrl\":\"https:\/\/dicodusport.fr\/blog\/wp-content\/uploads\/2020\/06\/cropped-LOGO-DICODUSPORT-2020-SANS-FOND-SANS-TEXTE.png\",\"width\":512,\"height\":512,\"caption\":\"Dicodusport\"},\"image\":{\"@id\":\"https:\/\/dicodusport.fr\/blog\/#\/schema\/logo\/image\/\"},\"sameAs\":[\"https:\/\/www.facebook.com\/dicodusport\",\"https:\/\/x.com\/dicodusport\",\"https:\/\/www.instagram.com\/dicodusport\/\",\"https:\/\/www.youtube.com\/channel\/UC7V2KZ5sd3htJivAbA4ZG3w\"],\"description\":\"Dicodusport est l'encyclop\u00e9die de l'actualit\u00e9 sportive.\",\"email\":\"bonjour@dicodusport.fr\",\"legalName\":\"DICODUSPORT\",\"foundingDate\":\"2018-01-14\",\"vatID\":\"FR71834470973\",\"taxID\":\"83447097300043\",\"numberOfEmployees\":{\"@type\":\"QuantitativeValue\",\"minValue\":\"1\",\"maxValue\":\"10\"}},{\"@type\":\"Person\",\"@id\":\"https:\/\/dicodusport.fr\/blog\/#\/schema\/person\/6db4bae06b171592211be385b32876a7\",\"name\":\"Emilien Descampiaux\",\"image\":{\"@type\":\"ImageObject\",\"inLanguage\":\"fr-FR\",\"@id\":\"https:\/\/dicodusport.fr\/blog\/#\/schema\/person\/image\/\",\"url\":\"https:\/\/dicodusport.fr\/blog\/wp-content\/uploads\/2021\/05\/Emilien-Descampiaux-150x150.jpg\",\"contentUrl\":\"https:\/\/dicodusport.fr\/blog\/wp-content\/uploads\/2021\/05\/Emilien-Descampiaux-150x150.jpg\",\"caption\":\"Emilien Descampiaux\"},\"description\":\"Journaliste\/r\u00e9dacteur depuis 2014 - Fan de la classe de Frank Vandenbroucke, je vis cyclisme (et de ses paysages) depuis plus de 20 ans. Je suis tr\u00e8s impliqu\u00e9 sur mes diff\u00e9rents r\u00e9seaux sociaux pour partager ma passion sur le monde et l'Histoire de la bicyclette avec ma voix sur les images en noir et blanc du succ\u00e8s de Rik Van Steenbergen lors du Ronde sur le V\u00e9lodrome de Gand.\",\"sameAs\":[\"https:\/\/www.facebook.com\/groups\/LesRoisDuPeloton\",\"https:\/\/x.com\/https:\/\/twitter.com\/LRoisDuPeloton\"],\"url\":\"https:\/\/dicodusport.fr\/blog\/author\/emiliend\/\"}]}<\/script>\n<!-- \/ Yoast SEO Premium plugin. -->","yoast_head_json":{"title":"Cyclisme Championnats de France : R\u00e9mi Cavagna sacr\u00e9 sur le contre-la-montre","description":"CYCLISME CHAMPIONNATS DE FRANCE 2023 \u2013 R\u00e9mi Cavagna (Soudal Quick-Step) s'est adjug\u00e9 le titre de champion de France du contre-la-montre.","robots":{"index":"index","follow":"follow","max-snippet":"max-snippet:-1","max-image-preview":"max-image-preview:large","max-video-preview":"max-video-preview:-1"},"canonical":"https:\/\/dicodusport.fr\/blog\/cyclisme-championnats-de-france-remi-cavagna-sacre-sur-le-contre-la-montre\/","og_locale":"fr_FR","og_type":"article","og_title":"Cyclisme Championnats de France : R\u00e9mi Cavagna sacr\u00e9 sur le contre-la-montre","og_description":"CYCLISME CHAMPIONNATS DE FRANCE 2023 \u2013 R\u00e9mi Cavagna (Soudal Quick-Step) s'est adjug\u00e9 le titre de champion de France du contre-la-montre.","og_url":"https:\/\/dicodusport.fr\/blog\/cyclisme-championnats-de-france-remi-cavagna-sacre-sur-le-contre-la-montre\/","og_site_name":"Dicodusport","article_publisher":"https:\/\/www.facebook.com\/dicodusport","article_author":"https:\/\/www.facebook.com\/groups\/LesRoisDuPeloton","article_published_time":"2023-06-22T15:18:48+00:00","article_modified_time":"2023-06-22T16:24:21+00:00","og_image":[{"width":800,"height":445,"url":"https:\/\/dicodusport.fr\/blog\/wp-content\/uploads\/2023\/06\/Cyclisme-Championnats-de-France-Remi-Cavagna-sacre-sur-le-contre-la-montre.png","type":"image\/png"}],"author":"Emilien Descampiaux","twitter_card":"summary_large_image","twitter_title":"Cyclisme Championnats de France : R\u00e9mi Cavagna sacr\u00e9 sur le contre-la-montre","twitter_creator":"@https:\/\/twitter.com\/LRoisDuPeloton","twitter_site":"@dicodusport","schema":{"@context":"https:\/\/schema.org","@graph":[{"@type":"NewsArticle","@id":"https:\/\/dicodusport.fr\/blog\/cyclisme-championnats-de-france-remi-cavagna-sacre-sur-le-contre-la-montre\/#article","isPartOf":{"@id":"https:\/\/dicodusport.fr\/blog\/cyclisme-championnats-de-france-remi-cavagna-sacre-sur-le-contre-la-montre\/"},"author":{"name":"Emilien Descampiaux","@id":"https:\/\/dicodusport.fr\/blog\/#\/schema\/person\/6db4bae06b171592211be385b32876a7"},"headline":"Cyclisme Championnats de France : R\u00e9mi Cavagna sacr\u00e9 sur le contre-la-montre","datePublished":"2023-06-22T15:18:48+00:00","dateModified":"2023-06-22T16:24:21+00:00","mainEntityOfPage":{"@id":"https:\/\/dicodusport.fr\/blog\/cyclisme-championnats-de-france-remi-cavagna-sacre-sur-le-contre-la-montre\/"},"wordCount":335,"commentCount":0,"publisher":{"@id":"https:\/\/dicodusport.fr\/blog\/#organization"},"image":{"@id":"https:\/\/dicodusport.fr\/blog\/cyclisme-championnats-de-france-remi-cavagna-sacre-sur-le-contre-la-montre\/#primaryimage"},"thumbnailUrl":"https:\/\/dicodusport.fr\/blog\/wp-content\/uploads\/2023\/06\/Cyclisme-Championnats-de-France-Remi-Cavagna-sacre-sur-le-contre-la-montre.png","keywords":["br\u00e8ve","sport"],"articleSection":["Cyclisme sur route"],"inLanguage":"fr-FR","potentialAction":[{"@type":"CommentAction","name":"Comment","target":["https:\/\/dicodusport.fr\/blog\/cyclisme-championnats-de-france-remi-cavagna-sacre-sur-le-contre-la-montre\/#respond"]}],"copyrightYear":"2023","copyrightHolder":{"@id":"https:\/\/dicodusport.fr\/blog\/#organization"}},{"@type":"WebPage","@id":"https:\/\/dicodusport.fr\/blog\/cyclisme-championnats-de-france-remi-cavagna-sacre-sur-le-contre-la-montre\/","url":"https:\/\/dicodusport.fr\/blog\/cyclisme-championnats-de-france-remi-cavagna-sacre-sur-le-contre-la-montre\/","name":"Cyclisme Championnats de France : R\u00e9mi Cavagna sacr\u00e9 sur le contre-la-montre","isPartOf":{"@id":"https:\/\/dicodusport.fr\/blog\/#website"},"primaryImageOfPage":{"@id":"https:\/\/dicodusport.fr\/blog\/cyclisme-championnats-de-france-remi-cavagna-sacre-sur-le-contre-la-montre\/#primaryimage"},"image":{"@id":"https:\/\/dicodusport.fr\/blog\/cyclisme-championnats-de-france-remi-cavagna-sacre-sur-le-contre-la-montre\/#primaryimage"},"thumbnailUrl":"https:\/\/dicodusport.fr\/blog\/wp-content\/uploads\/2023\/06\/Cyclisme-Championnats-de-France-Remi-Cavagna-sacre-sur-le-contre-la-montre.png","datePublished":"2023-06-22T15:18:48+00:00","dateModified":"2023-06-22T16:24:21+00:00","description":"CYCLISME CHAMPIONNATS DE FRANCE 2023 \u2013 R\u00e9mi Cavagna (Soudal Quick-Step) s'est adjug\u00e9 le titre de champion de France du contre-la-montre.","breadcrumb":{"@id":"https:\/\/dicodusport.fr\/blog\/cyclisme-championnats-de-france-remi-cavagna-sacre-sur-le-contre-la-montre\/#breadcrumb"},"inLanguage":"fr-FR","potentialAction":[{"@type":"ReadAction","target":["https:\/\/dicodusport.fr\/blog\/cyclisme-championnats-de-france-remi-cavagna-sacre-sur-le-contre-la-montre\/"]}]},{"@type":"ImageObject","inLanguage":"fr-FR","@id":"https:\/\/dicodusport.fr\/blog\/cyclisme-championnats-de-france-remi-cavagna-sacre-sur-le-contre-la-montre\/#primaryimage","url":"https:\/\/dicodusport.fr\/blog\/wp-content\/uploads\/2023\/06\/Cyclisme-Championnats-de-France-Remi-Cavagna-sacre-sur-le-contre-la-montre.png","contentUrl":"https:\/\/dicodusport.fr\/blog\/wp-content\/uploads\/2023\/06\/Cyclisme-Championnats-de-France-Remi-Cavagna-sacre-sur-le-contre-la-montre.png","width":800,"height":445,"caption":"Cyclisme Championnats de France R\u00e9mi Cavagna sacr\u00e9 sur le contre-la-montre"},{"@type":"BreadcrumbList","@id":"https:\/\/dicodusport.fr\/blog\/cyclisme-championnats-de-france-remi-cavagna-sacre-sur-le-contre-la-montre\/#breadcrumb","itemListElement":[{"@type":"ListItem","position":1,"name":"Accueil","item":"https:\/\/dicodusport.fr\/blog\/"},{"@type":"ListItem","position":2,"name":"Cyclisme Championnats de France : R\u00e9mi Cavagna sacr\u00e9 sur le contre-la-montre"}]},{"@type":"WebSite","@id":"https:\/\/dicodusport.fr\/blog\/#website","url":"https:\/\/dicodusport.fr\/blog\/","name":"Dicodusport","description":"L&#039;encyclop\u00e9die de l&#039;actualit\u00e9 sportive","publisher":{"@id":"https:\/\/dicodusport.fr\/blog\/#organization"},"potentialAction":[{"@type":"SearchAction","target":{"@type":"EntryPoint","urlTemplate":"https:\/\/dicodusport.fr\/blog\/?s={search_term_string}"},"query-input":{"@type":"PropertyValueSpecification","valueRequired":true,"valueName":"search_term_string"}}],"inLanguage":"fr-FR"},{"@type":"NewsMediaOrganization","@id":"https:\/\/dicodusport.fr\/blog\/#organization","name":"Dicodusport","url":"https:\/\/dicodusport.fr\/blog\/","logo":{"@type":"ImageObject","inLanguage":"fr-FR","@id":"https:\/\/dicodusport.fr\/blog\/#\/schema\/logo\/image\/","url":"https:\/\/dicodusport.fr\/blog\/wp-content\/uploads\/2020\/06\/cropped-LOGO-DICODUSPORT-2020-SANS-FOND-SANS-TEXTE.png","contentUrl":"https:\/\/dicodusport.fr\/blog\/wp-content\/uploads\/2020\/06\/cropped-LOGO-DICODUSPORT-2020-SANS-FOND-SANS-TEXTE.png","width":512,"height":512,"caption":"Dicodusport"},"image":{"@id":"https:\/\/dicodusport.fr\/blog\/#\/schema\/logo\/image\/"},"sameAs":["https:\/\/www.facebook.com\/dicodusport","https:\/\/x.com\/dicodusport","https:\/\/www.instagram.com\/dicodusport\/","https:\/\/www.youtube.com\/channel\/UC7V2KZ5sd3htJivAbA4ZG3w"],"description":"Dicodusport est l'encyclop\u00e9die de l'actualit\u00e9 sportive.","email":"bonjour@dicodusport.fr","legalName":"DICODUSPORT","foundingDate":"2018-01-14","vatID":"FR71834470973","taxID":"83447097300043","numberOfEmployees":{"@type":"QuantitativeValue","minValue":"1","maxValue":"10"}},{"@type":"Person","@id":"https:\/\/dicodusport.fr\/blog\/#\/schema\/person\/6db4bae06b171592211be385b32876a7","name":"Emilien Descampiaux","image":{"@type":"ImageObject","inLanguage":"fr-FR","@id":"https:\/\/dicodusport.fr\/blog\/#\/schema\/person\/image\/","url":"https:\/\/dicodusport.fr\/blog\/wp-content\/uploads\/2021\/05\/Emilien-Descampiaux-150x150.jpg","contentUrl":"https:\/\/dicodusport.fr\/blog\/wp-content\/uploads\/2021\/05\/Emilien-Descampiaux-150x150.jpg","caption":"Emilien Descampiaux"},"description":"Journaliste\/r\u00e9dacteur depuis 2014 - Fan de la classe de Frank Vandenbroucke, je vis cyclisme (et de ses paysages) depuis plus de 20 ans. Je suis tr\u00e8s impliqu\u00e9 sur mes diff\u00e9rents r\u00e9seaux sociaux pour partager ma passion sur le monde et l'Histoire de la bicyclette avec ma voix sur les images en noir et blanc du succ\u00e8s de Rik Van Steenbergen lors du Ronde sur le V\u00e9lodrome de Gand.","sameAs":["https:\/\/www.facebook.com\/groups\/LesRoisDuPeloton","https:\/\/x.com\/https:\/\/twitter.com\/LRoisDuPeloton"],"url":"https:\/\/dicodusport.fr\/blog\/author\/emiliend\/"}]}},"_links":{"self":[{"href":"https:\/\/dicodusport.fr\/blog\/wp-json\/wp\/v2\/posts\/393488","targetHints":{"allow":["GET"]}}],"collection":[{"href":"https:\/\/dicodusport.fr\/blog\/wp-json\/wp\/v2\/posts"}],"about":[{"href":"https:\/\/dicodusport.fr\/blog\/wp-json\/wp\/v2\/types\/post"}],"author":[{"embeddable":true,"href":"https:\/\/dicodusport.fr\/blog\/wp-json\/wp\/v2\/users\/48"}],"replies":[{"embeddable":true,"href":"https:\/\/dicodusport.fr\/blog\/wp-json\/wp\/v2\/comments?post=393488"}],"version-history":[{"count":0,"href":"https:\/\/dicodusport.fr\/blog\/wp-json\/wp\/v2\/posts\/393488\/revisions"}],"wp:featuredmedia":[{"embeddable":true,"href":"https:\/\/dicodusport.fr\/blog\/wp-json\/wp\/v2\/media\/393587"}],"wp:attachment":[{"href":"https:\/\/dicodusport.fr\/blog\/wp-json\/wp\/v2\/media?parent=393488"}],"wp:term":[{"taxonomy":"category","embeddable":true,"href":"https:\/\/dicodusport.fr\/blog\/wp-json\/wp\/v2\/categories?post=393488"},{"taxonomy":"post_tag","embeddable":true,"href":"https:\/\/dicodusport.fr\/blog\/wp-json\/wp\/v2\/tags?post=393488"}],"curies":[{"name":"wp","href":"https:\/\/api.w.org\/{rel}","templated":true}]}}