{"id":393573,"date":"2023-06-22T18:47:39","date_gmt":"2023-06-22T16:47:39","guid":{"rendered":"https:\/\/dicodusport.fr\/blog\/?p=393573"},"modified":"2023-06-22T20:05:31","modified_gmt":"2023-06-22T18:05:31","slug":"jeux-europeens-2023-helvetia-taily-karate-et-anthony-jeanjean-bmx-en-argent","status":"publish","type":"post","link":"https:\/\/dicodusport.fr\/blog\/jeux-europeens-2023-helvetia-taily-karate-et-anthony-jeanjean-bmx-en-argent\/","title":{"rendered":"Jeux Europ\u00e9ens 2023 : Helv\u00e9tia Taily (karat\u00e9) et Anthony Jeanjean (BMX) en argent"},"content":{"rendered":"<p style=\"text-align: justify;\"><strong><em>JEUX EUROP\u00c9ENS 2023 &#8211; La journ\u00e9e se poursuit \u00e0 Cracovie (Pologne) et les m\u00e9dailles continuent d&rsquo;affluer dans le camp fran\u00e7ais. En karat\u00e9 kata, Helv\u00e9tia Taily s&rsquo;est inclin\u00e9e en finale et Anthony Jeanjean, tenant du titre de BMX Freestyle est d\u00e9tr\u00f4n\u00e9 apr\u00e8s une finale de haut niveau.<\/em><\/strong><\/p>\n<h2 style=\"text-align: justify;\">Bis repetita pour Taily<\/h2>\n<p style=\"text-align: justify;\">Toute r\u00e9cente vice-championne d&rsquo;Europe 2023 il y a quelques mois, <strong>Helv\u00e9tia Taily<\/strong> continue d&rsquo;engranger de l&rsquo;exp\u00e9rience et des m\u00e9dailles. Auteure d&rsquo;une splendide journ\u00e9e, elle n&rsquo;est pas pass\u00e9e loin d&rsquo;une comp\u00e9tition parfaite. Vainqueure de ses trois matchs en phase de groupe, la Fran\u00e7aise termine premi\u00e8re et file en demi-finales, synonyme de m\u00e9daille assur\u00e9e.<\/p>\n<p style=\"text-align: justify;\">Contre la Grecque <strong>Georgia Xenou<\/strong>, c&rsquo;est pass\u00e9 de justesse gr\u00e2ce \u00e0 une note de 42.50 contre 42.30 pour son adversaire. Comme un air de d\u00e9j\u00e0-vu, Taily retrouvait en finale l&rsquo;Espagnole <strong>Paola Garcia Lozano<\/strong>, qui l&rsquo;avait battue au m\u00eame stade de la comp\u00e9tition aux championnats d&rsquo;Europe. Malheureusement, le d\u00e9nouement fut le m\u00eame et la karat\u00e9ka ib\u00e9rique s&rsquo;impose 43.90 contre 41.20 pour Taily qui n&rsquo;a rien pu faire.<\/p>\n<h2 style=\"text-align: justify;\">Jeanjean rend son maillot \u00e9toil\u00e9<\/h2>\n<p style=\"text-align: justify;\">Sur ses \u00e9paules depuis 2019, le maillot \u00e9toil\u00e9 de champion d&rsquo;Europe n&rsquo;appartient plus \u00e0 <strong>Anthony Jeanjean<\/strong>. Vainqueur sans soucis en qualifications, le Biterrois \u00e9tait une nouvelle fois favori \u00e0 sa succession. Jusque-l\u00e0 parfait sur son premier run, le Fran\u00e7ais chute \u00e0 quelques secondes de la fin, le mettant dos au mur. Pendant ce temps, deux Britanniques occupent les deux premi\u00e8res places, <strong>Kieran Reilly<\/strong> (92.33) et <strong>Declan Brooks<\/strong> (87.40).<\/p>\n<p style=\"text-align: justify;\">Plus le choix, Jeanjean doit sortir un run parfait pour s&rsquo;offrir une nouvelle m\u00e9daille europ\u00e9enne. Et, c&rsquo;est ce qu&rsquo;il fait, pas perturb\u00e9 par sa m\u00e9saventure. Il propose le m\u00eame run (en entier cette fois) et vient bousculer les Anglo-saxons. Avec une note de 90.80, pas suffisante pour le titre, il d\u00e9croche tout de m\u00eame une belle m\u00e9daille d&rsquo;argent.<\/p>\n<blockquote class=\"twitter-tweet\">\n<p dir=\"ltr\" lang=\"fr\">\ud83c\uddeb\ud83c\uddf7 Anthony Jeanjean sur le podium ! \ud83d\ude4c<\/p>\n<p>Notre sp\u00e9cialiste du BMX freestyle s\u2019est empar\u00e9 d\u2019une belle m\u00e9daille d\u2019argent<\/p>\n<p>4e m\u00e9daille pour les Bleus \ud83e\udd73<a href=\"https:\/\/twitter.com\/hashtag\/JeuxEuropeens2023?src=hash&amp;ref_src=twsrc%5Etfw\">#JeuxEuropeens2023<\/a> <a href=\"https:\/\/twitter.com\/hashtag\/AllezLesBleus?src=hash&amp;ref_src=twsrc%5Etfw\">#AllezLesBleus<\/a> <a href=\"https:\/\/t.co\/vgV4fvQ93Y\">pic.twitter.com\/vgV4fvQ93Y<\/a><\/p>\n<p>\u2014 FranceOlympique (@FranceOlympique) <a href=\"https:\/\/twitter.com\/FranceOlympique\/status\/1671911802324627457?ref_src=twsrc%5Etfw\">June 22, 2023<\/a><\/p><\/blockquote>\n<p><script async src=\"https:\/\/platform.twitter.com\/widgets.js\" charset=\"utf-8\"><\/script><\/p>\n","protected":false},"excerpt":{"rendered":"<p>JEUX EUROP\u00c9ENS 2023 &#8211; La journ\u00e9e se poursuit \u00e0 Cracovie (Pologne) et les m\u00e9dailles continuent d&rsquo;affluer dans le camp fran\u00e7ais. En karat\u00e9 kata, Helv\u00e9tia Taily s&rsquo;est inclin\u00e9e en finale et Anthony Jeanjean titre tenant du titre de BMX Freestyle est d\u00e9tr\u00f4n\u00e9 apr\u00e8s une finale de haut niveau.<\/p>\n","protected":false},"author":43,"featured_media":393618,"comment_status":"open","ping_status":"closed","sticky":false,"template":"","format":"standard","meta":{"_acf_changed":false,"_daextam_enable_autolinks":"","footnotes":""},"categories":[17219,9969,2366],"tags":[25771,17711,16878,537],"class_list":["post-393573","post","type-post","status-publish","format-standard","has-post-thumbnail","hentry","category-bmx","category-karate","category-multisports","tag-anthony-jeanjean","tag-bmx-freestyle","tag-breve","tag-karate"],"acf":[],"yoast_head":"<!-- This site is optimized with the Yoast SEO Premium plugin v26.7 (Yoast SEO v26.7) - https:\/\/yoast.com\/wordpress\/plugins\/seo\/ -->\n<title>Jeux Europ\u00e9ens 2023 : Helv\u00e9tia Taily (karat\u00e9) et Anthony Jeanjean (BMX) en argent<\/title>\n<meta name=\"description\" content=\"Deux nouvelles m\u00e9dailles d&#039;argent sont parvenues dans le clan fran\u00e7ais gr\u00e2ce \u00e0 Helv\u00e9tia Taily en karat\u00e9 et Anthony Jeanjean en BMX freestyle.\" \/>\n<meta name=\"robots\" content=\"index, follow, max-snippet:-1, max-image-preview:large, max-video-preview:-1\" \/>\n<link rel=\"canonical\" href=\"https:\/\/dicodusport.fr\/blog\/jeux-europeens-2023-helvetia-taily-karate-et-anthony-jeanjean-bmx-en-argent\/\" \/>\n<meta property=\"og:locale\" content=\"fr_FR\" \/>\n<meta property=\"og:type\" content=\"article\" \/>\n<meta property=\"og:title\" content=\"Jeux Europ\u00e9ens 2023 : Helv\u00e9tia Taily (karat\u00e9) et Anthony Jeanjean (BMX) en argent\" \/>\n<meta property=\"og:description\" content=\"Deux nouvelles m\u00e9dailles d&#039;argent sont parvenues dans le clan fran\u00e7ais gr\u00e2ce \u00e0 Helv\u00e9tia Taily en karat\u00e9 et Anthony Jeanjean en BMX freestyle.\" \/>\n<meta property=\"og:url\" content=\"https:\/\/dicodusport.fr\/blog\/jeux-europeens-2023-helvetia-taily-karate-et-anthony-jeanjean-bmx-en-argent\/\" \/>\n<meta property=\"og:site_name\" content=\"Dicodusport\" \/>\n<meta property=\"article:publisher\" content=\"https:\/\/www.facebook.com\/dicodusport\" \/>\n<meta property=\"article:author\" content=\"https:\/\/www.facebook.com\/Max.Bld2\/\" \/>\n<meta property=\"article:published_time\" content=\"2023-06-22T16:47:39+00:00\" \/>\n<meta property=\"article:modified_time\" content=\"2023-06-22T18:05:31+00:00\" \/>\n<meta property=\"og:image\" content=\"https:\/\/dicodusport.fr\/blog\/wp-content\/uploads\/2023\/06\/Jeux-Europeens-2023-Helvetia-Taily-karate-et-Anthony-Jeanjean-BMX-en-argent.png\" \/>\n\t<meta property=\"og:image:width\" content=\"800\" \/>\n\t<meta property=\"og:image:height\" content=\"445\" \/>\n\t<meta property=\"og:image:type\" content=\"image\/png\" \/>\n<meta name=\"author\" content=\"Maxime Boulard\" \/>\n<meta name=\"twitter:card\" content=\"summary_large_image\" \/>\n<meta name=\"twitter:title\" content=\"Jeux Europ\u00e9ens 2023 : Helv\u00e9tia Taily (karat\u00e9) et Anthony Jeanjean (BMX) en argent\" \/>\n<meta name=\"twitter:creator\" content=\"@https:\/\/twitter.com\/MaximeB_2\" \/>\n<meta name=\"twitter:site\" content=\"@dicodusport\" \/>\n<script type=\"application\/ld+json\" class=\"yoast-schema-graph\">{\"@context\":\"https:\/\/schema.org\",\"@graph\":[{\"@type\":\"NewsArticle\",\"@id\":\"https:\/\/dicodusport.fr\/blog\/jeux-europeens-2023-helvetia-taily-karate-et-anthony-jeanjean-bmx-en-argent\/#article\",\"isPartOf\":{\"@id\":\"https:\/\/dicodusport.fr\/blog\/jeux-europeens-2023-helvetia-taily-karate-et-anthony-jeanjean-bmx-en-argent\/\"},\"author\":{\"name\":\"Maxime Boulard\",\"@id\":\"https:\/\/dicodusport.fr\/blog\/#\/schema\/person\/5aab10ee856e86ac63e9819a9da34784\"},\"headline\":\"Jeux Europ\u00e9ens 2023 : Helv\u00e9tia Taily (karat\u00e9) et Anthony Jeanjean (BMX) en argent\",\"datePublished\":\"2023-06-22T16:47:39+00:00\",\"dateModified\":\"2023-06-22T18:05:31+00:00\",\"mainEntityOfPage\":{\"@id\":\"https:\/\/dicodusport.fr\/blog\/jeux-europeens-2023-helvetia-taily-karate-et-anthony-jeanjean-bmx-en-argent\/\"},\"wordCount\":393,\"commentCount\":0,\"publisher\":{\"@id\":\"https:\/\/dicodusport.fr\/blog\/#organization\"},\"image\":{\"@id\":\"https:\/\/dicodusport.fr\/blog\/jeux-europeens-2023-helvetia-taily-karate-et-anthony-jeanjean-bmx-en-argent\/#primaryimage\"},\"thumbnailUrl\":\"https:\/\/dicodusport.fr\/blog\/wp-content\/uploads\/2023\/06\/Jeux-Europeens-2023-Helvetia-Taily-karate-et-Anthony-Jeanjean-BMX-en-argent.png\",\"keywords\":[\"Anthony Jeanjean\",\"BMX freestyle\",\"br\u00e8ve\",\"Karat\u00e9\"],\"articleSection\":[\"BMX\",\"Karat\u00e9\",\"Multisports\"],\"inLanguage\":\"fr-FR\",\"potentialAction\":[{\"@type\":\"CommentAction\",\"name\":\"Comment\",\"target\":[\"https:\/\/dicodusport.fr\/blog\/jeux-europeens-2023-helvetia-taily-karate-et-anthony-jeanjean-bmx-en-argent\/#respond\"]}],\"copyrightYear\":\"2023\",\"copyrightHolder\":{\"@id\":\"https:\/\/dicodusport.fr\/blog\/#organization\"}},{\"@type\":\"WebPage\",\"@id\":\"https:\/\/dicodusport.fr\/blog\/jeux-europeens-2023-helvetia-taily-karate-et-anthony-jeanjean-bmx-en-argent\/\",\"url\":\"https:\/\/dicodusport.fr\/blog\/jeux-europeens-2023-helvetia-taily-karate-et-anthony-jeanjean-bmx-en-argent\/\",\"name\":\"Jeux Europ\u00e9ens 2023 : Helv\u00e9tia Taily (karat\u00e9) et Anthony Jeanjean (BMX) en argent\",\"isPartOf\":{\"@id\":\"https:\/\/dicodusport.fr\/blog\/#website\"},\"primaryImageOfPage\":{\"@id\":\"https:\/\/dicodusport.fr\/blog\/jeux-europeens-2023-helvetia-taily-karate-et-anthony-jeanjean-bmx-en-argent\/#primaryimage\"},\"image\":{\"@id\":\"https:\/\/dicodusport.fr\/blog\/jeux-europeens-2023-helvetia-taily-karate-et-anthony-jeanjean-bmx-en-argent\/#primaryimage\"},\"thumbnailUrl\":\"https:\/\/dicodusport.fr\/blog\/wp-content\/uploads\/2023\/06\/Jeux-Europeens-2023-Helvetia-Taily-karate-et-Anthony-Jeanjean-BMX-en-argent.png\",\"datePublished\":\"2023-06-22T16:47:39+00:00\",\"dateModified\":\"2023-06-22T18:05:31+00:00\",\"description\":\"Deux nouvelles m\u00e9dailles d'argent sont parvenues dans le clan fran\u00e7ais gr\u00e2ce \u00e0 Helv\u00e9tia Taily en karat\u00e9 et Anthony Jeanjean en BMX freestyle.\",\"breadcrumb\":{\"@id\":\"https:\/\/dicodusport.fr\/blog\/jeux-europeens-2023-helvetia-taily-karate-et-anthony-jeanjean-bmx-en-argent\/#breadcrumb\"},\"inLanguage\":\"fr-FR\",\"potentialAction\":[{\"@type\":\"ReadAction\",\"target\":[\"https:\/\/dicodusport.fr\/blog\/jeux-europeens-2023-helvetia-taily-karate-et-anthony-jeanjean-bmx-en-argent\/\"]}]},{\"@type\":\"ImageObject\",\"inLanguage\":\"fr-FR\",\"@id\":\"https:\/\/dicodusport.fr\/blog\/jeux-europeens-2023-helvetia-taily-karate-et-anthony-jeanjean-bmx-en-argent\/#primaryimage\",\"url\":\"https:\/\/dicodusport.fr\/blog\/wp-content\/uploads\/2023\/06\/Jeux-Europeens-2023-Helvetia-Taily-karate-et-Anthony-Jeanjean-BMX-en-argent.png\",\"contentUrl\":\"https:\/\/dicodusport.fr\/blog\/wp-content\/uploads\/2023\/06\/Jeux-Europeens-2023-Helvetia-Taily-karate-et-Anthony-Jeanjean-BMX-en-argent.png\",\"width\":800,\"height\":445,\"caption\":\"Jeux Europ\u00e9ens 2023 Helv\u00e9tia Taily (karat\u00e9) et Anthony Jeanjean (BMX) en argent\"},{\"@type\":\"BreadcrumbList\",\"@id\":\"https:\/\/dicodusport.fr\/blog\/jeux-europeens-2023-helvetia-taily-karate-et-anthony-jeanjean-bmx-en-argent\/#breadcrumb\",\"itemListElement\":[{\"@type\":\"ListItem\",\"position\":1,\"name\":\"Accueil\",\"item\":\"https:\/\/dicodusport.fr\/blog\/\"},{\"@type\":\"ListItem\",\"position\":2,\"name\":\"Jeux Europ\u00e9ens 2023 : Helv\u00e9tia Taily (karat\u00e9) et Anthony Jeanjean (BMX) en argent\"}]},{\"@type\":\"WebSite\",\"@id\":\"https:\/\/dicodusport.fr\/blog\/#website\",\"url\":\"https:\/\/dicodusport.fr\/blog\/\",\"name\":\"Dicodusport\",\"description\":\"L&#039;encyclop\u00e9die de l&#039;actualit\u00e9 sportive\",\"publisher\":{\"@id\":\"https:\/\/dicodusport.fr\/blog\/#organization\"},\"potentialAction\":[{\"@type\":\"SearchAction\",\"target\":{\"@type\":\"EntryPoint\",\"urlTemplate\":\"https:\/\/dicodusport.fr\/blog\/?s={search_term_string}\"},\"query-input\":{\"@type\":\"PropertyValueSpecification\",\"valueRequired\":true,\"valueName\":\"search_term_string\"}}],\"inLanguage\":\"fr-FR\"},{\"@type\":\"NewsMediaOrganization\",\"@id\":\"https:\/\/dicodusport.fr\/blog\/#organization\",\"name\":\"Dicodusport\",\"url\":\"https:\/\/dicodusport.fr\/blog\/\",\"logo\":{\"@type\":\"ImageObject\",\"inLanguage\":\"fr-FR\",\"@id\":\"https:\/\/dicodusport.fr\/blog\/#\/schema\/logo\/image\/\",\"url\":\"https:\/\/dicodusport.fr\/blog\/wp-content\/uploads\/2020\/06\/cropped-LOGO-DICODUSPORT-2020-SANS-FOND-SANS-TEXTE.png\",\"contentUrl\":\"https:\/\/dicodusport.fr\/blog\/wp-content\/uploads\/2020\/06\/cropped-LOGO-DICODUSPORT-2020-SANS-FOND-SANS-TEXTE.png\",\"width\":512,\"height\":512,\"caption\":\"Dicodusport\"},\"image\":{\"@id\":\"https:\/\/dicodusport.fr\/blog\/#\/schema\/logo\/image\/\"},\"sameAs\":[\"https:\/\/www.facebook.com\/dicodusport\",\"https:\/\/x.com\/dicodusport\",\"https:\/\/www.instagram.com\/dicodusport\/\",\"https:\/\/www.youtube.com\/channel\/UC7V2KZ5sd3htJivAbA4ZG3w\"],\"description\":\"Dicodusport est l'encyclop\u00e9die de l'actualit\u00e9 sportive.\",\"email\":\"bonjour@dicodusport.fr\",\"legalName\":\"DICODUSPORT\",\"foundingDate\":\"2018-01-14\",\"vatID\":\"FR71834470973\",\"taxID\":\"83447097300043\",\"numberOfEmployees\":{\"@type\":\"QuantitativeValue\",\"minValue\":\"1\",\"maxValue\":\"10\"}},{\"@type\":\"Person\",\"@id\":\"https:\/\/dicodusport.fr\/blog\/#\/schema\/person\/5aab10ee856e86ac63e9819a9da34784\",\"name\":\"Maxime Boulard\",\"image\":{\"@type\":\"ImageObject\",\"inLanguage\":\"fr-FR\",\"@id\":\"https:\/\/dicodusport.fr\/blog\/#\/schema\/person\/image\/\",\"url\":\"https:\/\/dicodusport.fr\/blog\/wp-content\/uploads\/2021\/05\/Maxime-Boulard-150x150.jpg\",\"contentUrl\":\"https:\/\/dicodusport.fr\/blog\/wp-content\/uploads\/2021\/05\/Maxime-Boulard-150x150.jpg\",\"caption\":\"Maxime Boulard\"},\"description\":\"Journaliste\/r\u00e9dacteur depuis octobre 2020 - Si mon plus vieux souvenir de sport aurait pu m'en d\u00e9go\u00fbter, la finale de la Coupe du monde 2006 a \u00e9t\u00e9 tout le contraire. V\u00e9ritable d\u00e9clencheur d'une passion qui aujourd'hui ne fait que grandir avec le temps, mon leitmotiv est la France qui brille ! Je relate les exploits pass\u00e9s et pr\u00e9sents du sport bleu-blanc-rouge sans m\u00e9nagement depuis octobre 2020. Sport valide ou handisport, aucune diff\u00e9rence, il n'y a que du sport et plusieurs fa\u00e7ons de le pratiquer.\",\"sameAs\":[\"https:\/\/www.facebook.com\/Max.Bld2\/\",\"https:\/\/x.com\/https:\/\/twitter.com\/MaximeB_2\"],\"url\":\"https:\/\/dicodusport.fr\/blog\/author\/maxime-b\/\"}]}<\/script>\n<!-- \/ Yoast SEO Premium plugin. -->","yoast_head_json":{"title":"Jeux Europ\u00e9ens 2023 : Helv\u00e9tia Taily (karat\u00e9) et Anthony Jeanjean (BMX) en argent","description":"Deux nouvelles m\u00e9dailles d'argent sont parvenues dans le clan fran\u00e7ais gr\u00e2ce \u00e0 Helv\u00e9tia Taily en karat\u00e9 et Anthony Jeanjean en BMX freestyle.","robots":{"index":"index","follow":"follow","max-snippet":"max-snippet:-1","max-image-preview":"max-image-preview:large","max-video-preview":"max-video-preview:-1"},"canonical":"https:\/\/dicodusport.fr\/blog\/jeux-europeens-2023-helvetia-taily-karate-et-anthony-jeanjean-bmx-en-argent\/","og_locale":"fr_FR","og_type":"article","og_title":"Jeux Europ\u00e9ens 2023 : Helv\u00e9tia Taily (karat\u00e9) et Anthony Jeanjean (BMX) en argent","og_description":"Deux nouvelles m\u00e9dailles d'argent sont parvenues dans le clan fran\u00e7ais gr\u00e2ce \u00e0 Helv\u00e9tia Taily en karat\u00e9 et Anthony Jeanjean en BMX freestyle.","og_url":"https:\/\/dicodusport.fr\/blog\/jeux-europeens-2023-helvetia-taily-karate-et-anthony-jeanjean-bmx-en-argent\/","og_site_name":"Dicodusport","article_publisher":"https:\/\/www.facebook.com\/dicodusport","article_author":"https:\/\/www.facebook.com\/Max.Bld2\/","article_published_time":"2023-06-22T16:47:39+00:00","article_modified_time":"2023-06-22T18:05:31+00:00","og_image":[{"width":800,"height":445,"url":"https:\/\/dicodusport.fr\/blog\/wp-content\/uploads\/2023\/06\/Jeux-Europeens-2023-Helvetia-Taily-karate-et-Anthony-Jeanjean-BMX-en-argent.png","type":"image\/png"}],"author":"Maxime Boulard","twitter_card":"summary_large_image","twitter_title":"Jeux Europ\u00e9ens 2023 : Helv\u00e9tia Taily (karat\u00e9) et Anthony Jeanjean (BMX) en argent","twitter_creator":"@https:\/\/twitter.com\/MaximeB_2","twitter_site":"@dicodusport","schema":{"@context":"https:\/\/schema.org","@graph":[{"@type":"NewsArticle","@id":"https:\/\/dicodusport.fr\/blog\/jeux-europeens-2023-helvetia-taily-karate-et-anthony-jeanjean-bmx-en-argent\/#article","isPartOf":{"@id":"https:\/\/dicodusport.fr\/blog\/jeux-europeens-2023-helvetia-taily-karate-et-anthony-jeanjean-bmx-en-argent\/"},"author":{"name":"Maxime Boulard","@id":"https:\/\/dicodusport.fr\/blog\/#\/schema\/person\/5aab10ee856e86ac63e9819a9da34784"},"headline":"Jeux Europ\u00e9ens 2023 : Helv\u00e9tia Taily (karat\u00e9) et Anthony Jeanjean (BMX) en argent","datePublished":"2023-06-22T16:47:39+00:00","dateModified":"2023-06-22T18:05:31+00:00","mainEntityOfPage":{"@id":"https:\/\/dicodusport.fr\/blog\/jeux-europeens-2023-helvetia-taily-karate-et-anthony-jeanjean-bmx-en-argent\/"},"wordCount":393,"commentCount":0,"publisher":{"@id":"https:\/\/dicodusport.fr\/blog\/#organization"},"image":{"@id":"https:\/\/dicodusport.fr\/blog\/jeux-europeens-2023-helvetia-taily-karate-et-anthony-jeanjean-bmx-en-argent\/#primaryimage"},"thumbnailUrl":"https:\/\/dicodusport.fr\/blog\/wp-content\/uploads\/2023\/06\/Jeux-Europeens-2023-Helvetia-Taily-karate-et-Anthony-Jeanjean-BMX-en-argent.png","keywords":["Anthony Jeanjean","BMX freestyle","br\u00e8ve","Karat\u00e9"],"articleSection":["BMX","Karat\u00e9","Multisports"],"inLanguage":"fr-FR","potentialAction":[{"@type":"CommentAction","name":"Comment","target":["https:\/\/dicodusport.fr\/blog\/jeux-europeens-2023-helvetia-taily-karate-et-anthony-jeanjean-bmx-en-argent\/#respond"]}],"copyrightYear":"2023","copyrightHolder":{"@id":"https:\/\/dicodusport.fr\/blog\/#organization"}},{"@type":"WebPage","@id":"https:\/\/dicodusport.fr\/blog\/jeux-europeens-2023-helvetia-taily-karate-et-anthony-jeanjean-bmx-en-argent\/","url":"https:\/\/dicodusport.fr\/blog\/jeux-europeens-2023-helvetia-taily-karate-et-anthony-jeanjean-bmx-en-argent\/","name":"Jeux Europ\u00e9ens 2023 : Helv\u00e9tia Taily (karat\u00e9) et Anthony Jeanjean (BMX) en argent","isPartOf":{"@id":"https:\/\/dicodusport.fr\/blog\/#website"},"primaryImageOfPage":{"@id":"https:\/\/dicodusport.fr\/blog\/jeux-europeens-2023-helvetia-taily-karate-et-anthony-jeanjean-bmx-en-argent\/#primaryimage"},"image":{"@id":"https:\/\/dicodusport.fr\/blog\/jeux-europeens-2023-helvetia-taily-karate-et-anthony-jeanjean-bmx-en-argent\/#primaryimage"},"thumbnailUrl":"https:\/\/dicodusport.fr\/blog\/wp-content\/uploads\/2023\/06\/Jeux-Europeens-2023-Helvetia-Taily-karate-et-Anthony-Jeanjean-BMX-en-argent.png","datePublished":"2023-06-22T16:47:39+00:00","dateModified":"2023-06-22T18:05:31+00:00","description":"Deux nouvelles m\u00e9dailles d'argent sont parvenues dans le clan fran\u00e7ais gr\u00e2ce \u00e0 Helv\u00e9tia Taily en karat\u00e9 et Anthony Jeanjean en BMX freestyle.","breadcrumb":{"@id":"https:\/\/dicodusport.fr\/blog\/jeux-europeens-2023-helvetia-taily-karate-et-anthony-jeanjean-bmx-en-argent\/#breadcrumb"},"inLanguage":"fr-FR","potentialAction":[{"@type":"ReadAction","target":["https:\/\/dicodusport.fr\/blog\/jeux-europeens-2023-helvetia-taily-karate-et-anthony-jeanjean-bmx-en-argent\/"]}]},{"@type":"ImageObject","inLanguage":"fr-FR","@id":"https:\/\/dicodusport.fr\/blog\/jeux-europeens-2023-helvetia-taily-karate-et-anthony-jeanjean-bmx-en-argent\/#primaryimage","url":"https:\/\/dicodusport.fr\/blog\/wp-content\/uploads\/2023\/06\/Jeux-Europeens-2023-Helvetia-Taily-karate-et-Anthony-Jeanjean-BMX-en-argent.png","contentUrl":"https:\/\/dicodusport.fr\/blog\/wp-content\/uploads\/2023\/06\/Jeux-Europeens-2023-Helvetia-Taily-karate-et-Anthony-Jeanjean-BMX-en-argent.png","width":800,"height":445,"caption":"Jeux Europ\u00e9ens 2023 Helv\u00e9tia Taily (karat\u00e9) et Anthony Jeanjean (BMX) en argent"},{"@type":"BreadcrumbList","@id":"https:\/\/dicodusport.fr\/blog\/jeux-europeens-2023-helvetia-taily-karate-et-anthony-jeanjean-bmx-en-argent\/#breadcrumb","itemListElement":[{"@type":"ListItem","position":1,"name":"Accueil","item":"https:\/\/dicodusport.fr\/blog\/"},{"@type":"ListItem","position":2,"name":"Jeux Europ\u00e9ens 2023 : Helv\u00e9tia Taily (karat\u00e9) et Anthony Jeanjean (BMX) en argent"}]},{"@type":"WebSite","@id":"https:\/\/dicodusport.fr\/blog\/#website","url":"https:\/\/dicodusport.fr\/blog\/","name":"Dicodusport","description":"L&#039;encyclop\u00e9die de l&#039;actualit\u00e9 sportive","publisher":{"@id":"https:\/\/dicodusport.fr\/blog\/#organization"},"potentialAction":[{"@type":"SearchAction","target":{"@type":"EntryPoint","urlTemplate":"https:\/\/dicodusport.fr\/blog\/?s={search_term_string}"},"query-input":{"@type":"PropertyValueSpecification","valueRequired":true,"valueName":"search_term_string"}}],"inLanguage":"fr-FR"},{"@type":"NewsMediaOrganization","@id":"https:\/\/dicodusport.fr\/blog\/#organization","name":"Dicodusport","url":"https:\/\/dicodusport.fr\/blog\/","logo":{"@type":"ImageObject","inLanguage":"fr-FR","@id":"https:\/\/dicodusport.fr\/blog\/#\/schema\/logo\/image\/","url":"https:\/\/dicodusport.fr\/blog\/wp-content\/uploads\/2020\/06\/cropped-LOGO-DICODUSPORT-2020-SANS-FOND-SANS-TEXTE.png","contentUrl":"https:\/\/dicodusport.fr\/blog\/wp-content\/uploads\/2020\/06\/cropped-LOGO-DICODUSPORT-2020-SANS-FOND-SANS-TEXTE.png","width":512,"height":512,"caption":"Dicodusport"},"image":{"@id":"https:\/\/dicodusport.fr\/blog\/#\/schema\/logo\/image\/"},"sameAs":["https:\/\/www.facebook.com\/dicodusport","https:\/\/x.com\/dicodusport","https:\/\/www.instagram.com\/dicodusport\/","https:\/\/www.youtube.com\/channel\/UC7V2KZ5sd3htJivAbA4ZG3w"],"description":"Dicodusport est l'encyclop\u00e9die de l'actualit\u00e9 sportive.","email":"bonjour@dicodusport.fr","legalName":"DICODUSPORT","foundingDate":"2018-01-14","vatID":"FR71834470973","taxID":"83447097300043","numberOfEmployees":{"@type":"QuantitativeValue","minValue":"1","maxValue":"10"}},{"@type":"Person","@id":"https:\/\/dicodusport.fr\/blog\/#\/schema\/person\/5aab10ee856e86ac63e9819a9da34784","name":"Maxime Boulard","image":{"@type":"ImageObject","inLanguage":"fr-FR","@id":"https:\/\/dicodusport.fr\/blog\/#\/schema\/person\/image\/","url":"https:\/\/dicodusport.fr\/blog\/wp-content\/uploads\/2021\/05\/Maxime-Boulard-150x150.jpg","contentUrl":"https:\/\/dicodusport.fr\/blog\/wp-content\/uploads\/2021\/05\/Maxime-Boulard-150x150.jpg","caption":"Maxime Boulard"},"description":"Journaliste\/r\u00e9dacteur depuis octobre 2020 - Si mon plus vieux souvenir de sport aurait pu m'en d\u00e9go\u00fbter, la finale de la Coupe du monde 2006 a \u00e9t\u00e9 tout le contraire. V\u00e9ritable d\u00e9clencheur d'une passion qui aujourd'hui ne fait que grandir avec le temps, mon leitmotiv est la France qui brille ! Je relate les exploits pass\u00e9s et pr\u00e9sents du sport bleu-blanc-rouge sans m\u00e9nagement depuis octobre 2020. Sport valide ou handisport, aucune diff\u00e9rence, il n'y a que du sport et plusieurs fa\u00e7ons de le pratiquer.","sameAs":["https:\/\/www.facebook.com\/Max.Bld2\/","https:\/\/x.com\/https:\/\/twitter.com\/MaximeB_2"],"url":"https:\/\/dicodusport.fr\/blog\/author\/maxime-b\/"}]}},"_links":{"self":[{"href":"https:\/\/dicodusport.fr\/blog\/wp-json\/wp\/v2\/posts\/393573","targetHints":{"allow":["GET"]}}],"collection":[{"href":"https:\/\/dicodusport.fr\/blog\/wp-json\/wp\/v2\/posts"}],"about":[{"href":"https:\/\/dicodusport.fr\/blog\/wp-json\/wp\/v2\/types\/post"}],"author":[{"embeddable":true,"href":"https:\/\/dicodusport.fr\/blog\/wp-json\/wp\/v2\/users\/43"}],"replies":[{"embeddable":true,"href":"https:\/\/dicodusport.fr\/blog\/wp-json\/wp\/v2\/comments?post=393573"}],"version-history":[{"count":0,"href":"https:\/\/dicodusport.fr\/blog\/wp-json\/wp\/v2\/posts\/393573\/revisions"}],"wp:featuredmedia":[{"embeddable":true,"href":"https:\/\/dicodusport.fr\/blog\/wp-json\/wp\/v2\/media\/393618"}],"wp:attachment":[{"href":"https:\/\/dicodusport.fr\/blog\/wp-json\/wp\/v2\/media?parent=393573"}],"wp:term":[{"taxonomy":"category","embeddable":true,"href":"https:\/\/dicodusport.fr\/blog\/wp-json\/wp\/v2\/categories?post=393573"},{"taxonomy":"post_tag","embeddable":true,"href":"https:\/\/dicodusport.fr\/blog\/wp-json\/wp\/v2\/tags?post=393573"}],"curies":[{"name":"wp","href":"https:\/\/api.w.org\/{rel}","templated":true}]}}