{"id":393754,"date":"2023-06-23T08:10:24","date_gmt":"2023-06-23T06:10:24","guid":{"rendered":"https:\/\/dicodusport.fr\/blog\/?p=393754&#038;preview=true&#038;preview_id=393754"},"modified":"2023-06-23T10:53:26","modified_gmt":"2023-06-23T08:53:26","slug":"mercato-psg-le-depart-de-kylian-mbappe-se-precise","status":"publish","type":"post","link":"https:\/\/dicodusport.fr\/blog\/mercato-psg-le-depart-de-kylian-mbappe-se-precise\/","title":{"rendered":"Mercato PSG : Le d\u00e9part de Kylian Mbapp\u00e9 se pr\u00e9cise"},"content":{"rendered":"<p align=\"justify\"><em><strong>TOP 14 2023-2024 &#8211; Selon Fabrizio Romano, le Paris Saint-Germain veut vendre Kylian Mbapp\u00e9 cet \u00e9t\u00e9, un an avant la fin de son contrat.\u00a0<\/strong><\/em><\/p>\n<p align=\"justify\">Le feuilleton <strong>Mbapp\u00e9<\/strong> a pris une nouvelle tournure ces derni\u00e8res heures. Alors que l&rsquo;international fran\u00e7ais ne cesse de r\u00e9p\u00e9ter qu&rsquo;il sera au <strong>PSG<\/strong> la saison prochaine, les intentions du club ne seraient pas les m\u00eames. Toujours tr\u00e8s bien renseign\u00e9, <strong>Fabrizio Romano<\/strong> a affirm\u00e9 sur <em>Radio Marca<\/em> que le club de la capitale voudrait m\u00eame le vendre cet \u00e9t\u00e9 pour r\u00e9cup\u00e9rer une belle indemnit\u00e9.<\/p>\n<p align=\"justify\">Les dirigeants <strong>parisiens<\/strong> n&rsquo;ont vraiment pas appr\u00e9ci\u00e9 le courrier envoy\u00e9 par le joueur stipulant qu&rsquo;il ne comptait pas lever son option pour une saison de plus. Alors qu&rsquo;en plus, une prolongation de trois ans avait \u00e9t\u00e9 annonc\u00e9 il y a un peu plus d&rsquo;un an, l&rsquo;\u00e9tat-major parisien a v\u00e9cu cette d\u00e9cision comme un v\u00e9ritable camouflet. Le point de non-retour semble atteint pour le <strong>PSG<\/strong>.<\/p>\n<h2 align=\"justify\">Mbapp\u00e9 au Real Madrid ?<\/h2>\n<p align=\"justify\"><strong>Kylian<\/strong> <strong>Mbapp\u00e9<\/strong> est pour le moment fid\u00e8le \u00e0 sa ligne de conduite et avait confirm\u00e9 lors du rassemblement avec l&rsquo;\u00e9quipe de France qu&rsquo;il se voyait toujours \u00e0 <strong>Paris.<\/strong> L&rsquo;information de Fabrizio Romano vient confirmer celle de <strong>PSG<\/strong> <strong>Community<\/strong>, qui expliquait jeudi soir que l&rsquo;attaquant fran\u00e7ais de 24 ans allait s&rsquo;engager avec le <strong>Real<\/strong> <strong>Madrid<\/strong> dans les prochains jours.<\/p>\n<p align=\"justify\">Si le d\u00e9part se confirme, les sp\u00e9culations sur son futur club vont reprendre, mais il y aurait peu de suspense. M\u00eame s&rsquo;il a tourn\u00e9 le dos \u00e0 la <strong>Maison<\/strong> <strong>Blanche<\/strong> il y a un an pour prolonger avec le PSG<strong>,<\/strong> <strong>Kylian<\/strong> <strong>Mbapp\u00e9<\/strong> r\u00eave toujours autant du Real Madrid. Avec le d\u00e9part de <strong>Karim<\/strong> <strong>Benzema<\/strong> vers l&rsquo;<strong>Arabie Saoudite<\/strong>, le club cherchait son successeur, et le champion du monde 2018 pourrait bien \u00eatre l&rsquo;\u00e9lu.<\/p>\n<blockquote class=\"twitter-tweet\">\n<p dir=\"ltr\" lang=\"fr\">\ud83d\udea8\ud83d\udde3\ufe0f \u201cPSG want to sell Kylian Mbapp\u00e9 IMMEDIATELY.\u201d<\/p>\n<p>(\ud83c\udf99\ufe0f <a href=\"https:\/\/twitter.com\/FabrizioRomano?ref_src=twsrc%5Etfw\">@FabrizioRomano<\/a> &#8211; <a href=\"https:\/\/twitter.com\/RadioMARCA?ref_src=twsrc%5Etfw\">@RadioMARCA<\/a> ) <a href=\"https:\/\/t.co\/qpnD98PcLr\">pic.twitter.com\/qpnD98PcLr<\/a><\/p>\n<p>\u2014 Transfer News Live (@DeadlineDayLive) <a href=\"https:\/\/twitter.com\/DeadlineDayLive\/status\/1672120495901122560?ref_src=twsrc%5Etfw\">June 23, 2023<\/a><\/p><\/blockquote>\n<p><script async src=\"https:\/\/platform.twitter.com\/widgets.js\" charset=\"utf-8\"><\/script><\/p>\n","protected":false},"excerpt":{"rendered":"<p>TOP 14 2023-2024 &#8211; Selon Fabrizio Romano, le Paris Saint-Germain veut vendre Kylian Mbapp\u00e9 cet \u00e9t\u00e9, un an avant la fin de son contrat.\u00a0<\/p>\n","protected":false},"author":1,"featured_media":393755,"comment_status":"open","ping_status":"closed","sticky":false,"template":"","format":"standard","meta":{"_acf_changed":false,"_daextam_enable_autolinks":"","footnotes":""},"categories":[2301,47045],"tags":[16878,75,2236,5183,1555,910,2832],"class_list":["post-393754","post","type-post","status-publish","format-standard","has-post-thumbnail","hentry","category-football","category-ligue-1","tag-breve","tag-football","tag-kylian-mbappe","tag-mbappe","tag-mercato","tag-psg","tag-transferts"],"acf":[],"yoast_head":"<!-- This site is optimized with the Yoast SEO Premium plugin v26.7 (Yoast SEO v26.7) - https:\/\/yoast.com\/wordpress\/plugins\/seo\/ -->\n<title>Mercato PSG : Le d\u00e9part de Kylian Mbapp\u00e9 se pr\u00e9cise<\/title>\n<meta name=\"description\" content=\"TOP 14 2023-2024 - Selon Fabrizio Romano, le Paris Saint-Germain veut vendre Kylian Mbapp\u00e9 cet \u00e9t\u00e9, un an avant la fin de son contrat.\u00a0\" \/>\n<meta name=\"robots\" content=\"index, follow, max-snippet:-1, max-image-preview:large, max-video-preview:-1\" \/>\n<link rel=\"canonical\" href=\"https:\/\/dicodusport.fr\/blog\/mercato-psg-le-depart-de-kylian-mbappe-se-precise\/\" \/>\n<meta property=\"og:locale\" content=\"fr_FR\" \/>\n<meta property=\"og:type\" content=\"article\" \/>\n<meta property=\"og:title\" content=\"Mercato PSG : Le d\u00e9part de Kylian Mbapp\u00e9 se pr\u00e9cise\" \/>\n<meta property=\"og:description\" content=\"TOP 14 2023-2024 - Selon Fabrizio Romano, le Paris Saint-Germain veut vendre Kylian Mbapp\u00e9 cet \u00e9t\u00e9, un an avant la fin de son contrat.\u00a0\" \/>\n<meta property=\"og:url\" content=\"https:\/\/dicodusport.fr\/blog\/mercato-psg-le-depart-de-kylian-mbappe-se-precise\/\" \/>\n<meta property=\"og:site_name\" content=\"Dicodusport\" \/>\n<meta property=\"article:publisher\" content=\"https:\/\/www.facebook.com\/dicodusport\" \/>\n<meta property=\"article:author\" content=\"https:\/\/www.facebook.com\/dicodusport\" \/>\n<meta property=\"article:published_time\" content=\"2023-06-23T06:10:24+00:00\" \/>\n<meta property=\"article:modified_time\" content=\"2023-06-23T08:53:26+00:00\" \/>\n<meta property=\"og:image\" content=\"https:\/\/dicodusport.fr\/blog\/wp-content\/uploads\/2023\/06\/Mercato-PSG-Le-depart-de-Kylian-Mbappe-se-precise.png\" \/>\n\t<meta property=\"og:image:width\" content=\"800\" \/>\n\t<meta property=\"og:image:height\" content=\"445\" \/>\n\t<meta property=\"og:image:type\" content=\"image\/png\" \/>\n<meta name=\"author\" content=\"Nicolas Jacquemard\" \/>\n<meta name=\"twitter:card\" content=\"summary_large_image\" \/>\n<meta name=\"twitter:title\" content=\"Mercato PSG : Le d\u00e9part de Kylian Mbapp\u00e9 se pr\u00e9cise\" \/>\n<meta name=\"twitter:creator\" content=\"@https:\/\/twitter.com\/Nico_Jacquemard\" \/>\n<meta name=\"twitter:site\" content=\"@dicodusport\" \/>\n<script type=\"application\/ld+json\" class=\"yoast-schema-graph\">{\"@context\":\"https:\/\/schema.org\",\"@graph\":[{\"@type\":\"NewsArticle\",\"@id\":\"https:\/\/dicodusport.fr\/blog\/mercato-psg-le-depart-de-kylian-mbappe-se-precise\/#article\",\"isPartOf\":{\"@id\":\"https:\/\/dicodusport.fr\/blog\/mercato-psg-le-depart-de-kylian-mbappe-se-precise\/\"},\"author\":{\"name\":\"Nicolas Jacquemard\",\"@id\":\"https:\/\/dicodusport.fr\/blog\/#\/schema\/person\/55dcb50ad410894e431ed812bbb70191\"},\"headline\":\"Mercato PSG : Le d\u00e9part de Kylian Mbapp\u00e9 se pr\u00e9cise\",\"datePublished\":\"2023-06-23T06:10:24+00:00\",\"dateModified\":\"2023-06-23T08:53:26+00:00\",\"mainEntityOfPage\":{\"@id\":\"https:\/\/dicodusport.fr\/blog\/mercato-psg-le-depart-de-kylian-mbappe-se-precise\/\"},\"wordCount\":345,\"commentCount\":0,\"publisher\":{\"@id\":\"https:\/\/dicodusport.fr\/blog\/#organization\"},\"image\":{\"@id\":\"https:\/\/dicodusport.fr\/blog\/mercato-psg-le-depart-de-kylian-mbappe-se-precise\/#primaryimage\"},\"thumbnailUrl\":\"https:\/\/dicodusport.fr\/blog\/wp-content\/uploads\/2023\/06\/Mercato-PSG-Le-depart-de-Kylian-Mbappe-se-precise.png\",\"keywords\":[\"br\u00e8ve\",\"Football\",\"Kylian Mbapp\u00e9\",\"Mbappe\",\"Mercato\",\"PSG\",\"transferts\"],\"articleSection\":[\"Football\",\"Ligue 1\"],\"inLanguage\":\"fr-FR\",\"potentialAction\":[{\"@type\":\"CommentAction\",\"name\":\"Comment\",\"target\":[\"https:\/\/dicodusport.fr\/blog\/mercato-psg-le-depart-de-kylian-mbappe-se-precise\/#respond\"]}],\"copyrightYear\":\"2023\",\"copyrightHolder\":{\"@id\":\"https:\/\/dicodusport.fr\/blog\/#organization\"}},{\"@type\":\"WebPage\",\"@id\":\"https:\/\/dicodusport.fr\/blog\/mercato-psg-le-depart-de-kylian-mbappe-se-precise\/\",\"url\":\"https:\/\/dicodusport.fr\/blog\/mercato-psg-le-depart-de-kylian-mbappe-se-precise\/\",\"name\":\"Mercato PSG : Le d\u00e9part de Kylian Mbapp\u00e9 se pr\u00e9cise\",\"isPartOf\":{\"@id\":\"https:\/\/dicodusport.fr\/blog\/#website\"},\"primaryImageOfPage\":{\"@id\":\"https:\/\/dicodusport.fr\/blog\/mercato-psg-le-depart-de-kylian-mbappe-se-precise\/#primaryimage\"},\"image\":{\"@id\":\"https:\/\/dicodusport.fr\/blog\/mercato-psg-le-depart-de-kylian-mbappe-se-precise\/#primaryimage\"},\"thumbnailUrl\":\"https:\/\/dicodusport.fr\/blog\/wp-content\/uploads\/2023\/06\/Mercato-PSG-Le-depart-de-Kylian-Mbappe-se-precise.png\",\"datePublished\":\"2023-06-23T06:10:24+00:00\",\"dateModified\":\"2023-06-23T08:53:26+00:00\",\"description\":\"TOP 14 2023-2024 - Selon Fabrizio Romano, le Paris Saint-Germain veut vendre Kylian Mbapp\u00e9 cet \u00e9t\u00e9, un an avant la fin de son contrat.\u00a0\",\"breadcrumb\":{\"@id\":\"https:\/\/dicodusport.fr\/blog\/mercato-psg-le-depart-de-kylian-mbappe-se-precise\/#breadcrumb\"},\"inLanguage\":\"fr-FR\",\"potentialAction\":[{\"@type\":\"ReadAction\",\"target\":[\"https:\/\/dicodusport.fr\/blog\/mercato-psg-le-depart-de-kylian-mbappe-se-precise\/\"]}]},{\"@type\":\"ImageObject\",\"inLanguage\":\"fr-FR\",\"@id\":\"https:\/\/dicodusport.fr\/blog\/mercato-psg-le-depart-de-kylian-mbappe-se-precise\/#primaryimage\",\"url\":\"https:\/\/dicodusport.fr\/blog\/wp-content\/uploads\/2023\/06\/Mercato-PSG-Le-depart-de-Kylian-Mbappe-se-precise.png\",\"contentUrl\":\"https:\/\/dicodusport.fr\/blog\/wp-content\/uploads\/2023\/06\/Mercato-PSG-Le-depart-de-Kylian-Mbappe-se-precise.png\",\"width\":800,\"height\":445},{\"@type\":\"BreadcrumbList\",\"@id\":\"https:\/\/dicodusport.fr\/blog\/mercato-psg-le-depart-de-kylian-mbappe-se-precise\/#breadcrumb\",\"itemListElement\":[{\"@type\":\"ListItem\",\"position\":1,\"name\":\"Accueil\",\"item\":\"https:\/\/dicodusport.fr\/blog\/\"},{\"@type\":\"ListItem\",\"position\":2,\"name\":\"Mercato PSG : Le d\u00e9part de Kylian Mbapp\u00e9 se pr\u00e9cise\"}]},{\"@type\":\"WebSite\",\"@id\":\"https:\/\/dicodusport.fr\/blog\/#website\",\"url\":\"https:\/\/dicodusport.fr\/blog\/\",\"name\":\"Dicodusport\",\"description\":\"L&#039;encyclop\u00e9die de l&#039;actualit\u00e9 sportive\",\"publisher\":{\"@id\":\"https:\/\/dicodusport.fr\/blog\/#organization\"},\"potentialAction\":[{\"@type\":\"SearchAction\",\"target\":{\"@type\":\"EntryPoint\",\"urlTemplate\":\"https:\/\/dicodusport.fr\/blog\/?s={search_term_string}\"},\"query-input\":{\"@type\":\"PropertyValueSpecification\",\"valueRequired\":true,\"valueName\":\"search_term_string\"}}],\"inLanguage\":\"fr-FR\"},{\"@type\":\"NewsMediaOrganization\",\"@id\":\"https:\/\/dicodusport.fr\/blog\/#organization\",\"name\":\"Dicodusport\",\"url\":\"https:\/\/dicodusport.fr\/blog\/\",\"logo\":{\"@type\":\"ImageObject\",\"inLanguage\":\"fr-FR\",\"@id\":\"https:\/\/dicodusport.fr\/blog\/#\/schema\/logo\/image\/\",\"url\":\"https:\/\/dicodusport.fr\/blog\/wp-content\/uploads\/2020\/06\/cropped-LOGO-DICODUSPORT-2020-SANS-FOND-SANS-TEXTE.png\",\"contentUrl\":\"https:\/\/dicodusport.fr\/blog\/wp-content\/uploads\/2020\/06\/cropped-LOGO-DICODUSPORT-2020-SANS-FOND-SANS-TEXTE.png\",\"width\":512,\"height\":512,\"caption\":\"Dicodusport\"},\"image\":{\"@id\":\"https:\/\/dicodusport.fr\/blog\/#\/schema\/logo\/image\/\"},\"sameAs\":[\"https:\/\/www.facebook.com\/dicodusport\",\"https:\/\/x.com\/dicodusport\",\"https:\/\/www.instagram.com\/dicodusport\/\",\"https:\/\/www.youtube.com\/channel\/UC7V2KZ5sd3htJivAbA4ZG3w\"],\"description\":\"Dicodusport est l'encyclop\u00e9die de l'actualit\u00e9 sportive.\",\"email\":\"bonjour@dicodusport.fr\",\"legalName\":\"DICODUSPORT\",\"foundingDate\":\"2018-01-14\",\"vatID\":\"FR71834470973\",\"taxID\":\"83447097300043\",\"numberOfEmployees\":{\"@type\":\"QuantitativeValue\",\"minValue\":\"1\",\"maxValue\":\"10\"}},{\"@type\":\"Person\",\"@id\":\"https:\/\/dicodusport.fr\/blog\/#\/schema\/person\/55dcb50ad410894e431ed812bbb70191\",\"name\":\"Nicolas Jacquemard\",\"image\":{\"@type\":\"ImageObject\",\"inLanguage\":\"fr-FR\",\"@id\":\"https:\/\/dicodusport.fr\/blog\/#\/schema\/person\/image\/\",\"url\":\"https:\/\/dicodusport.fr\/blog\/wp-content\/uploads\/2021\/05\/Nicolas-Jacquemard-150x150.jpeg\",\"contentUrl\":\"https:\/\/dicodusport.fr\/blog\/wp-content\/uploads\/2021\/05\/Nicolas-Jacquemard-150x150.jpeg\",\"caption\":\"Nicolas Jacquemard\"},\"description\":\"Passionn\u00e9 de sport et entrepreneur depuis mes 18 ans, la cr\u00e9ation de Dicodusport m'a sembl\u00e9 \u00e9vidente pour participer \u00e0 la m\u00e9diatisation d'un plus grand nombre de sports. Le chemin est long mais avec une \u00e9quipe des plus motiv\u00e9es et les Jeux Olympiques de Paris 2024 en point de mire, nous y arriverons ! Journaliste dans le monde du sport depuis plus de 5 ans, je traite aussi bien de football, de rugby, de biathlon que de cyclisme.\",\"sameAs\":[\"https:\/\/www.facebook.com\/dicodusport\",\"https:\/\/x.com\/https:\/\/twitter.com\/Nico_Jacquemard\"],\"url\":\"https:\/\/dicodusport.fr\/blog\/author\/dicodusport\/\"}]}<\/script>\n<!-- \/ Yoast SEO Premium plugin. -->","yoast_head_json":{"title":"Mercato PSG : Le d\u00e9part de Kylian Mbapp\u00e9 se pr\u00e9cise","description":"TOP 14 2023-2024 - Selon Fabrizio Romano, le Paris Saint-Germain veut vendre Kylian Mbapp\u00e9 cet \u00e9t\u00e9, un an avant la fin de son contrat.\u00a0","robots":{"index":"index","follow":"follow","max-snippet":"max-snippet:-1","max-image-preview":"max-image-preview:large","max-video-preview":"max-video-preview:-1"},"canonical":"https:\/\/dicodusport.fr\/blog\/mercato-psg-le-depart-de-kylian-mbappe-se-precise\/","og_locale":"fr_FR","og_type":"article","og_title":"Mercato PSG : Le d\u00e9part de Kylian Mbapp\u00e9 se pr\u00e9cise","og_description":"TOP 14 2023-2024 - Selon Fabrizio Romano, le Paris Saint-Germain veut vendre Kylian Mbapp\u00e9 cet \u00e9t\u00e9, un an avant la fin de son contrat.\u00a0","og_url":"https:\/\/dicodusport.fr\/blog\/mercato-psg-le-depart-de-kylian-mbappe-se-precise\/","og_site_name":"Dicodusport","article_publisher":"https:\/\/www.facebook.com\/dicodusport","article_author":"https:\/\/www.facebook.com\/dicodusport","article_published_time":"2023-06-23T06:10:24+00:00","article_modified_time":"2023-06-23T08:53:26+00:00","og_image":[{"width":800,"height":445,"url":"https:\/\/dicodusport.fr\/blog\/wp-content\/uploads\/2023\/06\/Mercato-PSG-Le-depart-de-Kylian-Mbappe-se-precise.png","type":"image\/png"}],"author":"Nicolas Jacquemard","twitter_card":"summary_large_image","twitter_title":"Mercato PSG : Le d\u00e9part de Kylian Mbapp\u00e9 se pr\u00e9cise","twitter_creator":"@https:\/\/twitter.com\/Nico_Jacquemard","twitter_site":"@dicodusport","schema":{"@context":"https:\/\/schema.org","@graph":[{"@type":"NewsArticle","@id":"https:\/\/dicodusport.fr\/blog\/mercato-psg-le-depart-de-kylian-mbappe-se-precise\/#article","isPartOf":{"@id":"https:\/\/dicodusport.fr\/blog\/mercato-psg-le-depart-de-kylian-mbappe-se-precise\/"},"author":{"name":"Nicolas Jacquemard","@id":"https:\/\/dicodusport.fr\/blog\/#\/schema\/person\/55dcb50ad410894e431ed812bbb70191"},"headline":"Mercato PSG : Le d\u00e9part de Kylian Mbapp\u00e9 se pr\u00e9cise","datePublished":"2023-06-23T06:10:24+00:00","dateModified":"2023-06-23T08:53:26+00:00","mainEntityOfPage":{"@id":"https:\/\/dicodusport.fr\/blog\/mercato-psg-le-depart-de-kylian-mbappe-se-precise\/"},"wordCount":345,"commentCount":0,"publisher":{"@id":"https:\/\/dicodusport.fr\/blog\/#organization"},"image":{"@id":"https:\/\/dicodusport.fr\/blog\/mercato-psg-le-depart-de-kylian-mbappe-se-precise\/#primaryimage"},"thumbnailUrl":"https:\/\/dicodusport.fr\/blog\/wp-content\/uploads\/2023\/06\/Mercato-PSG-Le-depart-de-Kylian-Mbappe-se-precise.png","keywords":["br\u00e8ve","Football","Kylian Mbapp\u00e9","Mbappe","Mercato","PSG","transferts"],"articleSection":["Football","Ligue 1"],"inLanguage":"fr-FR","potentialAction":[{"@type":"CommentAction","name":"Comment","target":["https:\/\/dicodusport.fr\/blog\/mercato-psg-le-depart-de-kylian-mbappe-se-precise\/#respond"]}],"copyrightYear":"2023","copyrightHolder":{"@id":"https:\/\/dicodusport.fr\/blog\/#organization"}},{"@type":"WebPage","@id":"https:\/\/dicodusport.fr\/blog\/mercato-psg-le-depart-de-kylian-mbappe-se-precise\/","url":"https:\/\/dicodusport.fr\/blog\/mercato-psg-le-depart-de-kylian-mbappe-se-precise\/","name":"Mercato PSG : Le d\u00e9part de Kylian Mbapp\u00e9 se pr\u00e9cise","isPartOf":{"@id":"https:\/\/dicodusport.fr\/blog\/#website"},"primaryImageOfPage":{"@id":"https:\/\/dicodusport.fr\/blog\/mercato-psg-le-depart-de-kylian-mbappe-se-precise\/#primaryimage"},"image":{"@id":"https:\/\/dicodusport.fr\/blog\/mercato-psg-le-depart-de-kylian-mbappe-se-precise\/#primaryimage"},"thumbnailUrl":"https:\/\/dicodusport.fr\/blog\/wp-content\/uploads\/2023\/06\/Mercato-PSG-Le-depart-de-Kylian-Mbappe-se-precise.png","datePublished":"2023-06-23T06:10:24+00:00","dateModified":"2023-06-23T08:53:26+00:00","description":"TOP 14 2023-2024 - Selon Fabrizio Romano, le Paris Saint-Germain veut vendre Kylian Mbapp\u00e9 cet \u00e9t\u00e9, un an avant la fin de son contrat.\u00a0","breadcrumb":{"@id":"https:\/\/dicodusport.fr\/blog\/mercato-psg-le-depart-de-kylian-mbappe-se-precise\/#breadcrumb"},"inLanguage":"fr-FR","potentialAction":[{"@type":"ReadAction","target":["https:\/\/dicodusport.fr\/blog\/mercato-psg-le-depart-de-kylian-mbappe-se-precise\/"]}]},{"@type":"ImageObject","inLanguage":"fr-FR","@id":"https:\/\/dicodusport.fr\/blog\/mercato-psg-le-depart-de-kylian-mbappe-se-precise\/#primaryimage","url":"https:\/\/dicodusport.fr\/blog\/wp-content\/uploads\/2023\/06\/Mercato-PSG-Le-depart-de-Kylian-Mbappe-se-precise.png","contentUrl":"https:\/\/dicodusport.fr\/blog\/wp-content\/uploads\/2023\/06\/Mercato-PSG-Le-depart-de-Kylian-Mbappe-se-precise.png","width":800,"height":445},{"@type":"BreadcrumbList","@id":"https:\/\/dicodusport.fr\/blog\/mercato-psg-le-depart-de-kylian-mbappe-se-precise\/#breadcrumb","itemListElement":[{"@type":"ListItem","position":1,"name":"Accueil","item":"https:\/\/dicodusport.fr\/blog\/"},{"@type":"ListItem","position":2,"name":"Mercato PSG : Le d\u00e9part de Kylian Mbapp\u00e9 se pr\u00e9cise"}]},{"@type":"WebSite","@id":"https:\/\/dicodusport.fr\/blog\/#website","url":"https:\/\/dicodusport.fr\/blog\/","name":"Dicodusport","description":"L&#039;encyclop\u00e9die de l&#039;actualit\u00e9 sportive","publisher":{"@id":"https:\/\/dicodusport.fr\/blog\/#organization"},"potentialAction":[{"@type":"SearchAction","target":{"@type":"EntryPoint","urlTemplate":"https:\/\/dicodusport.fr\/blog\/?s={search_term_string}"},"query-input":{"@type":"PropertyValueSpecification","valueRequired":true,"valueName":"search_term_string"}}],"inLanguage":"fr-FR"},{"@type":"NewsMediaOrganization","@id":"https:\/\/dicodusport.fr\/blog\/#organization","name":"Dicodusport","url":"https:\/\/dicodusport.fr\/blog\/","logo":{"@type":"ImageObject","inLanguage":"fr-FR","@id":"https:\/\/dicodusport.fr\/blog\/#\/schema\/logo\/image\/","url":"https:\/\/dicodusport.fr\/blog\/wp-content\/uploads\/2020\/06\/cropped-LOGO-DICODUSPORT-2020-SANS-FOND-SANS-TEXTE.png","contentUrl":"https:\/\/dicodusport.fr\/blog\/wp-content\/uploads\/2020\/06\/cropped-LOGO-DICODUSPORT-2020-SANS-FOND-SANS-TEXTE.png","width":512,"height":512,"caption":"Dicodusport"},"image":{"@id":"https:\/\/dicodusport.fr\/blog\/#\/schema\/logo\/image\/"},"sameAs":["https:\/\/www.facebook.com\/dicodusport","https:\/\/x.com\/dicodusport","https:\/\/www.instagram.com\/dicodusport\/","https:\/\/www.youtube.com\/channel\/UC7V2KZ5sd3htJivAbA4ZG3w"],"description":"Dicodusport est l'encyclop\u00e9die de l'actualit\u00e9 sportive.","email":"bonjour@dicodusport.fr","legalName":"DICODUSPORT","foundingDate":"2018-01-14","vatID":"FR71834470973","taxID":"83447097300043","numberOfEmployees":{"@type":"QuantitativeValue","minValue":"1","maxValue":"10"}},{"@type":"Person","@id":"https:\/\/dicodusport.fr\/blog\/#\/schema\/person\/55dcb50ad410894e431ed812bbb70191","name":"Nicolas Jacquemard","image":{"@type":"ImageObject","inLanguage":"fr-FR","@id":"https:\/\/dicodusport.fr\/blog\/#\/schema\/person\/image\/","url":"https:\/\/dicodusport.fr\/blog\/wp-content\/uploads\/2021\/05\/Nicolas-Jacquemard-150x150.jpeg","contentUrl":"https:\/\/dicodusport.fr\/blog\/wp-content\/uploads\/2021\/05\/Nicolas-Jacquemard-150x150.jpeg","caption":"Nicolas Jacquemard"},"description":"Passionn\u00e9 de sport et entrepreneur depuis mes 18 ans, la cr\u00e9ation de Dicodusport m'a sembl\u00e9 \u00e9vidente pour participer \u00e0 la m\u00e9diatisation d'un plus grand nombre de sports. Le chemin est long mais avec une \u00e9quipe des plus motiv\u00e9es et les Jeux Olympiques de Paris 2024 en point de mire, nous y arriverons ! Journaliste dans le monde du sport depuis plus de 5 ans, je traite aussi bien de football, de rugby, de biathlon que de cyclisme.","sameAs":["https:\/\/www.facebook.com\/dicodusport","https:\/\/x.com\/https:\/\/twitter.com\/Nico_Jacquemard"],"url":"https:\/\/dicodusport.fr\/blog\/author\/dicodusport\/"}]}},"_links":{"self":[{"href":"https:\/\/dicodusport.fr\/blog\/wp-json\/wp\/v2\/posts\/393754","targetHints":{"allow":["GET"]}}],"collection":[{"href":"https:\/\/dicodusport.fr\/blog\/wp-json\/wp\/v2\/posts"}],"about":[{"href":"https:\/\/dicodusport.fr\/blog\/wp-json\/wp\/v2\/types\/post"}],"author":[{"embeddable":true,"href":"https:\/\/dicodusport.fr\/blog\/wp-json\/wp\/v2\/users\/1"}],"replies":[{"embeddable":true,"href":"https:\/\/dicodusport.fr\/blog\/wp-json\/wp\/v2\/comments?post=393754"}],"version-history":[{"count":0,"href":"https:\/\/dicodusport.fr\/blog\/wp-json\/wp\/v2\/posts\/393754\/revisions"}],"wp:featuredmedia":[{"embeddable":true,"href":"https:\/\/dicodusport.fr\/blog\/wp-json\/wp\/v2\/media\/393755"}],"wp:attachment":[{"href":"https:\/\/dicodusport.fr\/blog\/wp-json\/wp\/v2\/media?parent=393754"}],"wp:term":[{"taxonomy":"category","embeddable":true,"href":"https:\/\/dicodusport.fr\/blog\/wp-json\/wp\/v2\/categories?post=393754"},{"taxonomy":"post_tag","embeddable":true,"href":"https:\/\/dicodusport.fr\/blog\/wp-json\/wp\/v2\/tags?post=393754"}],"curies":[{"name":"wp","href":"https:\/\/api.w.org\/{rel}","templated":true}]}}