{"id":393934,"date":"2023-06-23T22:39:43","date_gmt":"2023-06-23T20:39:43","guid":{"rendered":"https:\/\/dicodusport.fr\/blog\/?p=393934&#038;preview=true&#038;preview_id=393934"},"modified":"2024-03-08T09:34:49","modified_gmt":"2024-03-08T08:34:49","slug":"ufc-paris-2-manon-fiorot-affrontera-rose-namajunas-pour-se-rapprocher-de-la-ceinture","status":"publish","type":"post","link":"https:\/\/dicodusport.fr\/blog\/ufc-paris-2-manon-fiorot-affrontera-rose-namajunas-pour-se-rapprocher-de-la-ceinture\/","title":{"rendered":"UFC Paris 2 : Manon Fiorot affrontera Rose Namajunas pour se rapprocher de la ceinture"},"content":{"rendered":"<p style=\"text-align: justify;\" align=\"justify\"><em><strong>UFC PARIS 2 &#8211; L&rsquo;organisation reine du MMA vient d&rsquo;officialiser le combat opposant la Fran\u00e7aise Manon Fiorot \u00e0 l&rsquo;ex-championne des poids-pailles (-52 kg), Rose Namajunas. Pour l&rsquo;occasion, l&rsquo;Am\u00e9ricaine fera son retour dans la cat\u00e9gorie sup\u00e9rieure (-57 kg). En cas de succ\u00e8s, Manon Fiorot pourrait combattre pour la ceinture des poids-mouches.<\/strong><\/em><\/p>\n<p align=\"justify\"><strong>Manon Fiorot<\/strong>, l&rsquo;autre figure du MMA fran\u00e7ais avec <strong>Ciryl Gane <\/strong>(qui combattra <strong>Sergey Spivak<\/strong> en <em>main event<\/em> de l&rsquo;UFC Paris 2) aura \u00e9galement son nom sur la carte de l&rsquo;\u00e9v\u00e9nement qui se tiendra le 2 septembre prochain. La Tricolore affrontera l&rsquo;ancienne championne des poids-pailles de l&rsquo;UFC, <strong>Rose Namajunas<\/strong>, qui souhaitait monter de cat\u00e9gorie (en -57 kg).<\/p>\n<p align=\"justify\">Actuellement, la division <em><strong>flyweight<\/strong><\/em> est domin\u00e9e par <strong>Valentina<\/strong> <strong>Shevchenko<\/strong> et <strong>Alexa<\/strong> <strong>Grasso<\/strong>. Mais, celle surnomm\u00e9e <em>The Beast<\/em> (challenger n\u00b02) aurait, en cas de victoire contre Namajunas, de tr\u00e8s grandes chances de s&rsquo;offrir un <strong><em>title-fight <\/em><\/strong>dans la foul\u00e9e (apr\u00e8s le <em>rematch<\/em> Shevchenko-Grasso). La Ni\u00e7oise, <strong>encore invaincue \u00e0 l&rsquo;UFC<\/strong> (5 victoires), peut donc faire un tr\u00e8s gros coup dans l&rsquo;octogone de l&rsquo;Accor Arena.<\/p>\n<blockquote class=\"twitter-tweet\">\n<p dir=\"ltr\" lang=\"fr\">\ud83d\udea8\ud83d\udea8\ud83d\udea8 INCROYABLE !!!!<\/p>\n<p>\u2705 En plus du main event attendu Gane v Spivac, \ud835\udddf\ud835\uddd8 \ud835\udde3\ud835\udddf\ud835\udde8\ud835\udde6 \ud835\uddda\ud835\udde5\ud835\uddd4\ud835\udde1\ud835\uddd7 \ud835\uddd6\ud835\udde2\ud835\udde0\ud835\uddd5\ud835\uddd4\ud835\udde7 \ud835\uddd7\ud835\uddd8 \ud835\udde0\ud835\udde0\ud835\uddd4 \ud835\udddd\ud835\uddd4\ud835\udde0\ud835\uddd4\ud835\udddc\ud835\udde6 \ud835\udde2\ud835\udde5\ud835\uddda\ud835\uddd4\ud835\udde1\ud835\udddc\ud835\udde6\ud835\uddd8 \ud835\uddd8\ud835\udde1 \ud835\uddd9\ud835\udde5\ud835\uddd4\ud835\udde1\ud835\uddd6\ud835\uddd8 pour notre crack <a href=\"https:\/\/twitter.com\/ManonFiorot_MMA?ref_src=twsrc%5Etfw\">@ManonFiorot_MMA<\/a>.<\/p>\n<p>\ud83c\uddeb\ud83c\uddf7\ud83d\udd25 L&rsquo;UFC vient d&rsquo;officialiser une demi-finale avec acc\u00e8s \u00e0 une chance\u2026 <a href=\"https:\/\/t.co\/8qlDWMwEDK\">pic.twitter.com\/8qlDWMwEDK<\/a><\/p>\n<p>\u2014 RMC Sport Combat (@RMCSportCombat) <a href=\"https:\/\/twitter.com\/RMCSportCombat\/status\/1672288527931908096?ref_src=twsrc%5Etfw\">June 23, 2023<\/a><\/p><\/blockquote>\n<p><script async src=\"https:\/\/platform.twitter.com\/widgets.js\" charset=\"utf-8\"><\/script><\/p>\n","protected":false},"excerpt":{"rendered":"<p>UFC PARIS 2 &#8211; L&rsquo;organisation reine du MMA vient d&rsquo;officialiser le combat opposant la Fran\u00e7aise Manon Fiorot \u00e0 l&rsquo;ex-championne des poids-pailles (-52 kg), Rose Namajunas. Pour l&rsquo;occasion, l&rsquo;Am\u00e9ricaine fera son retour dans la cat\u00e9gorie sup\u00e9rieure (-57 kg). En cas de succ\u00e8s, Manon Fiorot pourrait combattre pour la ceinture des poids-mouches.<\/p>\n","protected":false},"author":86,"featured_media":393977,"comment_status":"open","ping_status":"closed","sticky":false,"template":"","format":"standard","meta":{"_acf_changed":false,"_daextam_enable_autolinks":"","footnotes":""},"categories":[10666],"tags":[16878,24269,1224,26177],"class_list":["post-393934","post","type-post","status-publish","format-standard","has-post-thumbnail","hentry","category-mma","tag-breve","tag-manon-fiorot","tag-ufc","tag-ufc-paris"],"acf":[],"yoast_head":"<!-- This site is optimized with the Yoast SEO Premium plugin v26.7 (Yoast SEO v26.7) - https:\/\/yoast.com\/wordpress\/plugins\/seo\/ -->\n<title>UFC Paris 2 : Manon Fiorot affrontera Rose Namajunas pour se rapprocher de la ceinture<\/title>\n<meta name=\"description\" content=\"Manon Fiorot affrontera Rose Namajunas lors de l&#039;UFC Paris 2. En cas de victoire, la Fran\u00e7aise se rapprocherait de la ceinture des -57 kg.\" \/>\n<meta name=\"robots\" content=\"index, follow, max-snippet:-1, max-image-preview:large, max-video-preview:-1\" \/>\n<link rel=\"canonical\" href=\"https:\/\/dicodusport.fr\/blog\/ufc-paris-2-manon-fiorot-affrontera-rose-namajunas-pour-se-rapprocher-de-la-ceinture\/\" \/>\n<meta property=\"og:locale\" content=\"fr_FR\" \/>\n<meta property=\"og:type\" content=\"article\" \/>\n<meta property=\"og:title\" content=\"UFC Paris 2 : Manon Fiorot affrontera Rose Namajunas pour se rapprocher de la ceinture\" \/>\n<meta property=\"og:description\" content=\"Manon Fiorot affrontera Rose Namajunas lors de l&#039;UFC Paris 2. En cas de victoire, la Fran\u00e7aise se rapprocherait de la ceinture des -57 kg.\" \/>\n<meta property=\"og:url\" content=\"https:\/\/dicodusport.fr\/blog\/ufc-paris-2-manon-fiorot-affrontera-rose-namajunas-pour-se-rapprocher-de-la-ceinture\/\" \/>\n<meta property=\"og:site_name\" content=\"Dicodusport\" \/>\n<meta property=\"article:publisher\" content=\"https:\/\/www.facebook.com\/dicodusport\" \/>\n<meta property=\"article:published_time\" content=\"2023-06-23T20:39:43+00:00\" \/>\n<meta property=\"article:modified_time\" content=\"2024-03-08T08:34:49+00:00\" \/>\n<meta property=\"og:image\" content=\"https:\/\/dicodusport.fr\/blog\/wp-content\/uploads\/2023\/06\/UFC-Paris-2-Manon-Fiorot-affrontera-Rose-Namajunas-pour-se-rapprocher-de-la-ceinture.png\" \/>\n\t<meta property=\"og:image:width\" content=\"800\" \/>\n\t<meta property=\"og:image:height\" content=\"445\" \/>\n\t<meta property=\"og:image:type\" content=\"image\/png\" \/>\n<meta name=\"author\" content=\"Nicolas Parant\" \/>\n<meta name=\"twitter:card\" content=\"summary_large_image\" \/>\n<meta name=\"twitter:title\" content=\"UFC Paris 2 : Manon Fiorot affrontera Rose Namajunas pour se rapprocher de la ceinture\" \/>\n<meta name=\"twitter:creator\" content=\"@dicodusport\" \/>\n<meta name=\"twitter:site\" content=\"@dicodusport\" \/>\n<script type=\"application\/ld+json\" class=\"yoast-schema-graph\">{\"@context\":\"https:\/\/schema.org\",\"@graph\":[{\"@type\":\"NewsArticle\",\"@id\":\"https:\/\/dicodusport.fr\/blog\/ufc-paris-2-manon-fiorot-affrontera-rose-namajunas-pour-se-rapprocher-de-la-ceinture\/#article\",\"isPartOf\":{\"@id\":\"https:\/\/dicodusport.fr\/blog\/ufc-paris-2-manon-fiorot-affrontera-rose-namajunas-pour-se-rapprocher-de-la-ceinture\/\"},\"author\":{\"name\":\"Nicolas Parant\",\"@id\":\"https:\/\/dicodusport.fr\/blog\/#\/schema\/person\/816f1c1bae6e11b6ef5b39687639be63\"},\"headline\":\"UFC Paris 2 : Manon Fiorot affrontera Rose Namajunas pour se rapprocher de la ceinture\",\"datePublished\":\"2023-06-23T20:39:43+00:00\",\"dateModified\":\"2024-03-08T08:34:49+00:00\",\"mainEntityOfPage\":{\"@id\":\"https:\/\/dicodusport.fr\/blog\/ufc-paris-2-manon-fiorot-affrontera-rose-namajunas-pour-se-rapprocher-de-la-ceinture\/\"},\"wordCount\":239,\"commentCount\":0,\"publisher\":{\"@id\":\"https:\/\/dicodusport.fr\/blog\/#organization\"},\"image\":{\"@id\":\"https:\/\/dicodusport.fr\/blog\/ufc-paris-2-manon-fiorot-affrontera-rose-namajunas-pour-se-rapprocher-de-la-ceinture\/#primaryimage\"},\"thumbnailUrl\":\"https:\/\/dicodusport.fr\/blog\/wp-content\/uploads\/2023\/06\/UFC-Paris-2-Manon-Fiorot-affrontera-Rose-Namajunas-pour-se-rapprocher-de-la-ceinture.png\",\"keywords\":[\"br\u00e8ve\",\"Manon Fiorot\",\"UFC\",\"UFC Paris\"],\"articleSection\":[\"MMA\"],\"inLanguage\":\"fr-FR\",\"potentialAction\":[{\"@type\":\"CommentAction\",\"name\":\"Comment\",\"target\":[\"https:\/\/dicodusport.fr\/blog\/ufc-paris-2-manon-fiorot-affrontera-rose-namajunas-pour-se-rapprocher-de-la-ceinture\/#respond\"]}],\"copyrightYear\":\"2023\",\"copyrightHolder\":{\"@id\":\"https:\/\/dicodusport.fr\/blog\/#organization\"}},{\"@type\":\"WebPage\",\"@id\":\"https:\/\/dicodusport.fr\/blog\/ufc-paris-2-manon-fiorot-affrontera-rose-namajunas-pour-se-rapprocher-de-la-ceinture\/\",\"url\":\"https:\/\/dicodusport.fr\/blog\/ufc-paris-2-manon-fiorot-affrontera-rose-namajunas-pour-se-rapprocher-de-la-ceinture\/\",\"name\":\"UFC Paris 2 : Manon Fiorot affrontera Rose Namajunas pour se rapprocher de la ceinture\",\"isPartOf\":{\"@id\":\"https:\/\/dicodusport.fr\/blog\/#website\"},\"primaryImageOfPage\":{\"@id\":\"https:\/\/dicodusport.fr\/blog\/ufc-paris-2-manon-fiorot-affrontera-rose-namajunas-pour-se-rapprocher-de-la-ceinture\/#primaryimage\"},\"image\":{\"@id\":\"https:\/\/dicodusport.fr\/blog\/ufc-paris-2-manon-fiorot-affrontera-rose-namajunas-pour-se-rapprocher-de-la-ceinture\/#primaryimage\"},\"thumbnailUrl\":\"https:\/\/dicodusport.fr\/blog\/wp-content\/uploads\/2023\/06\/UFC-Paris-2-Manon-Fiorot-affrontera-Rose-Namajunas-pour-se-rapprocher-de-la-ceinture.png\",\"datePublished\":\"2023-06-23T20:39:43+00:00\",\"dateModified\":\"2024-03-08T08:34:49+00:00\",\"description\":\"Manon Fiorot affrontera Rose Namajunas lors de l'UFC Paris 2. En cas de victoire, la Fran\u00e7aise se rapprocherait de la ceinture des -57 kg.\",\"breadcrumb\":{\"@id\":\"https:\/\/dicodusport.fr\/blog\/ufc-paris-2-manon-fiorot-affrontera-rose-namajunas-pour-se-rapprocher-de-la-ceinture\/#breadcrumb\"},\"inLanguage\":\"fr-FR\",\"potentialAction\":[{\"@type\":\"ReadAction\",\"target\":[\"https:\/\/dicodusport.fr\/blog\/ufc-paris-2-manon-fiorot-affrontera-rose-namajunas-pour-se-rapprocher-de-la-ceinture\/\"]}]},{\"@type\":\"ImageObject\",\"inLanguage\":\"fr-FR\",\"@id\":\"https:\/\/dicodusport.fr\/blog\/ufc-paris-2-manon-fiorot-affrontera-rose-namajunas-pour-se-rapprocher-de-la-ceinture\/#primaryimage\",\"url\":\"https:\/\/dicodusport.fr\/blog\/wp-content\/uploads\/2023\/06\/UFC-Paris-2-Manon-Fiorot-affrontera-Rose-Namajunas-pour-se-rapprocher-de-la-ceinture.png\",\"contentUrl\":\"https:\/\/dicodusport.fr\/blog\/wp-content\/uploads\/2023\/06\/UFC-Paris-2-Manon-Fiorot-affrontera-Rose-Namajunas-pour-se-rapprocher-de-la-ceinture.png\",\"width\":800,\"height\":445,\"caption\":\"UFC Paris 2 Manon Fiorot affrontera Rose Namajunas pour se rapprocher de la ceinture\"},{\"@type\":\"BreadcrumbList\",\"@id\":\"https:\/\/dicodusport.fr\/blog\/ufc-paris-2-manon-fiorot-affrontera-rose-namajunas-pour-se-rapprocher-de-la-ceinture\/#breadcrumb\",\"itemListElement\":[{\"@type\":\"ListItem\",\"position\":1,\"name\":\"Accueil\",\"item\":\"https:\/\/dicodusport.fr\/blog\/\"},{\"@type\":\"ListItem\",\"position\":2,\"name\":\"UFC Paris 2 : Manon Fiorot affrontera Rose Namajunas pour se rapprocher de la ceinture\"}]},{\"@type\":\"WebSite\",\"@id\":\"https:\/\/dicodusport.fr\/blog\/#website\",\"url\":\"https:\/\/dicodusport.fr\/blog\/\",\"name\":\"Dicodusport\",\"description\":\"L&#039;encyclop\u00e9die de l&#039;actualit\u00e9 sportive\",\"publisher\":{\"@id\":\"https:\/\/dicodusport.fr\/blog\/#organization\"},\"potentialAction\":[{\"@type\":\"SearchAction\",\"target\":{\"@type\":\"EntryPoint\",\"urlTemplate\":\"https:\/\/dicodusport.fr\/blog\/?s={search_term_string}\"},\"query-input\":{\"@type\":\"PropertyValueSpecification\",\"valueRequired\":true,\"valueName\":\"search_term_string\"}}],\"inLanguage\":\"fr-FR\"},{\"@type\":\"NewsMediaOrganization\",\"@id\":\"https:\/\/dicodusport.fr\/blog\/#organization\",\"name\":\"Dicodusport\",\"url\":\"https:\/\/dicodusport.fr\/blog\/\",\"logo\":{\"@type\":\"ImageObject\",\"inLanguage\":\"fr-FR\",\"@id\":\"https:\/\/dicodusport.fr\/blog\/#\/schema\/logo\/image\/\",\"url\":\"https:\/\/dicodusport.fr\/blog\/wp-content\/uploads\/2020\/06\/cropped-LOGO-DICODUSPORT-2020-SANS-FOND-SANS-TEXTE.png\",\"contentUrl\":\"https:\/\/dicodusport.fr\/blog\/wp-content\/uploads\/2020\/06\/cropped-LOGO-DICODUSPORT-2020-SANS-FOND-SANS-TEXTE.png\",\"width\":512,\"height\":512,\"caption\":\"Dicodusport\"},\"image\":{\"@id\":\"https:\/\/dicodusport.fr\/blog\/#\/schema\/logo\/image\/\"},\"sameAs\":[\"https:\/\/www.facebook.com\/dicodusport\",\"https:\/\/x.com\/dicodusport\",\"https:\/\/www.instagram.com\/dicodusport\/\",\"https:\/\/www.youtube.com\/channel\/UC7V2KZ5sd3htJivAbA4ZG3w\"],\"description\":\"Dicodusport est l'encyclop\u00e9die de l'actualit\u00e9 sportive.\",\"email\":\"bonjour@dicodusport.fr\",\"legalName\":\"DICODUSPORT\",\"foundingDate\":\"2018-01-14\",\"vatID\":\"FR71834470973\",\"taxID\":\"83447097300043\",\"numberOfEmployees\":{\"@type\":\"QuantitativeValue\",\"minValue\":\"1\",\"maxValue\":\"10\"}},{\"@type\":\"Person\",\"@id\":\"https:\/\/dicodusport.fr\/blog\/#\/schema\/person\/816f1c1bae6e11b6ef5b39687639be63\",\"name\":\"Nicolas Parant\",\"image\":{\"@type\":\"ImageObject\",\"inLanguage\":\"fr-FR\",\"@id\":\"https:\/\/dicodusport.fr\/blog\/#\/schema\/person\/image\/\",\"url\":\"https:\/\/dicodusport.fr\/blog\/wp-content\/uploads\/2023\/04\/1B6E3319-7CA3-49A2-A3FB-D53C46115743-150x150.jpeg\",\"contentUrl\":\"https:\/\/dicodusport.fr\/blog\/wp-content\/uploads\/2023\/04\/1B6E3319-7CA3-49A2-A3FB-D53C46115743-150x150.jpeg\",\"caption\":\"Nicolas Parant\"},\"description\":\"Passionn\u00e9 de sport et d\u2019\u00e9criture, r\u00e9diger des articles a \u00e9t\u00e9 une v\u00e9ritable r\u00e9v\u00e9lation quand j\u2019ai pris la plume num\u00e9rique pour la premi\u00e8re fois en 2021. Admiratif des exploits de Nadal \u00e0 Roland Garros et du charisme de Zlatan Ibrahimovi\u0107 \u00e0 son arriv\u00e9e dans la capitale, je m\u2019efforce de transmettre au mieux les \u00e9motions des athl\u00e8tes de la nouvelle g\u00e9n\u00e9ration. \u00c0 Dicodusport depuis 2023, je commente principalement les batailles qui se d\u00e9roulent dans l\u2019octogone de l\u2019UFC ou sur les pelouses de football et de rugby.\",\"url\":\"https:\/\/dicodusport.fr\/blog\/author\/nicolas-parant\/\"}]}<\/script>\n<!-- \/ Yoast SEO Premium plugin. -->","yoast_head_json":{"title":"UFC Paris 2 : Manon Fiorot affrontera Rose Namajunas pour se rapprocher de la ceinture","description":"Manon Fiorot affrontera Rose Namajunas lors de l'UFC Paris 2. En cas de victoire, la Fran\u00e7aise se rapprocherait de la ceinture des -57 kg.","robots":{"index":"index","follow":"follow","max-snippet":"max-snippet:-1","max-image-preview":"max-image-preview:large","max-video-preview":"max-video-preview:-1"},"canonical":"https:\/\/dicodusport.fr\/blog\/ufc-paris-2-manon-fiorot-affrontera-rose-namajunas-pour-se-rapprocher-de-la-ceinture\/","og_locale":"fr_FR","og_type":"article","og_title":"UFC Paris 2 : Manon Fiorot affrontera Rose Namajunas pour se rapprocher de la ceinture","og_description":"Manon Fiorot affrontera Rose Namajunas lors de l'UFC Paris 2. En cas de victoire, la Fran\u00e7aise se rapprocherait de la ceinture des -57 kg.","og_url":"https:\/\/dicodusport.fr\/blog\/ufc-paris-2-manon-fiorot-affrontera-rose-namajunas-pour-se-rapprocher-de-la-ceinture\/","og_site_name":"Dicodusport","article_publisher":"https:\/\/www.facebook.com\/dicodusport","article_published_time":"2023-06-23T20:39:43+00:00","article_modified_time":"2024-03-08T08:34:49+00:00","og_image":[{"width":800,"height":445,"url":"https:\/\/dicodusport.fr\/blog\/wp-content\/uploads\/2023\/06\/UFC-Paris-2-Manon-Fiorot-affrontera-Rose-Namajunas-pour-se-rapprocher-de-la-ceinture.png","type":"image\/png"}],"author":"Nicolas Parant","twitter_card":"summary_large_image","twitter_title":"UFC Paris 2 : Manon Fiorot affrontera Rose Namajunas pour se rapprocher de la ceinture","twitter_creator":"@dicodusport","twitter_site":"@dicodusport","schema":{"@context":"https:\/\/schema.org","@graph":[{"@type":"NewsArticle","@id":"https:\/\/dicodusport.fr\/blog\/ufc-paris-2-manon-fiorot-affrontera-rose-namajunas-pour-se-rapprocher-de-la-ceinture\/#article","isPartOf":{"@id":"https:\/\/dicodusport.fr\/blog\/ufc-paris-2-manon-fiorot-affrontera-rose-namajunas-pour-se-rapprocher-de-la-ceinture\/"},"author":{"name":"Nicolas Parant","@id":"https:\/\/dicodusport.fr\/blog\/#\/schema\/person\/816f1c1bae6e11b6ef5b39687639be63"},"headline":"UFC Paris 2 : Manon Fiorot affrontera Rose Namajunas pour se rapprocher de la ceinture","datePublished":"2023-06-23T20:39:43+00:00","dateModified":"2024-03-08T08:34:49+00:00","mainEntityOfPage":{"@id":"https:\/\/dicodusport.fr\/blog\/ufc-paris-2-manon-fiorot-affrontera-rose-namajunas-pour-se-rapprocher-de-la-ceinture\/"},"wordCount":239,"commentCount":0,"publisher":{"@id":"https:\/\/dicodusport.fr\/blog\/#organization"},"image":{"@id":"https:\/\/dicodusport.fr\/blog\/ufc-paris-2-manon-fiorot-affrontera-rose-namajunas-pour-se-rapprocher-de-la-ceinture\/#primaryimage"},"thumbnailUrl":"https:\/\/dicodusport.fr\/blog\/wp-content\/uploads\/2023\/06\/UFC-Paris-2-Manon-Fiorot-affrontera-Rose-Namajunas-pour-se-rapprocher-de-la-ceinture.png","keywords":["br\u00e8ve","Manon Fiorot","UFC","UFC Paris"],"articleSection":["MMA"],"inLanguage":"fr-FR","potentialAction":[{"@type":"CommentAction","name":"Comment","target":["https:\/\/dicodusport.fr\/blog\/ufc-paris-2-manon-fiorot-affrontera-rose-namajunas-pour-se-rapprocher-de-la-ceinture\/#respond"]}],"copyrightYear":"2023","copyrightHolder":{"@id":"https:\/\/dicodusport.fr\/blog\/#organization"}},{"@type":"WebPage","@id":"https:\/\/dicodusport.fr\/blog\/ufc-paris-2-manon-fiorot-affrontera-rose-namajunas-pour-se-rapprocher-de-la-ceinture\/","url":"https:\/\/dicodusport.fr\/blog\/ufc-paris-2-manon-fiorot-affrontera-rose-namajunas-pour-se-rapprocher-de-la-ceinture\/","name":"UFC Paris 2 : Manon Fiorot affrontera Rose Namajunas pour se rapprocher de la ceinture","isPartOf":{"@id":"https:\/\/dicodusport.fr\/blog\/#website"},"primaryImageOfPage":{"@id":"https:\/\/dicodusport.fr\/blog\/ufc-paris-2-manon-fiorot-affrontera-rose-namajunas-pour-se-rapprocher-de-la-ceinture\/#primaryimage"},"image":{"@id":"https:\/\/dicodusport.fr\/blog\/ufc-paris-2-manon-fiorot-affrontera-rose-namajunas-pour-se-rapprocher-de-la-ceinture\/#primaryimage"},"thumbnailUrl":"https:\/\/dicodusport.fr\/blog\/wp-content\/uploads\/2023\/06\/UFC-Paris-2-Manon-Fiorot-affrontera-Rose-Namajunas-pour-se-rapprocher-de-la-ceinture.png","datePublished":"2023-06-23T20:39:43+00:00","dateModified":"2024-03-08T08:34:49+00:00","description":"Manon Fiorot affrontera Rose Namajunas lors de l'UFC Paris 2. En cas de victoire, la Fran\u00e7aise se rapprocherait de la ceinture des -57 kg.","breadcrumb":{"@id":"https:\/\/dicodusport.fr\/blog\/ufc-paris-2-manon-fiorot-affrontera-rose-namajunas-pour-se-rapprocher-de-la-ceinture\/#breadcrumb"},"inLanguage":"fr-FR","potentialAction":[{"@type":"ReadAction","target":["https:\/\/dicodusport.fr\/blog\/ufc-paris-2-manon-fiorot-affrontera-rose-namajunas-pour-se-rapprocher-de-la-ceinture\/"]}]},{"@type":"ImageObject","inLanguage":"fr-FR","@id":"https:\/\/dicodusport.fr\/blog\/ufc-paris-2-manon-fiorot-affrontera-rose-namajunas-pour-se-rapprocher-de-la-ceinture\/#primaryimage","url":"https:\/\/dicodusport.fr\/blog\/wp-content\/uploads\/2023\/06\/UFC-Paris-2-Manon-Fiorot-affrontera-Rose-Namajunas-pour-se-rapprocher-de-la-ceinture.png","contentUrl":"https:\/\/dicodusport.fr\/blog\/wp-content\/uploads\/2023\/06\/UFC-Paris-2-Manon-Fiorot-affrontera-Rose-Namajunas-pour-se-rapprocher-de-la-ceinture.png","width":800,"height":445,"caption":"UFC Paris 2 Manon Fiorot affrontera Rose Namajunas pour se rapprocher de la ceinture"},{"@type":"BreadcrumbList","@id":"https:\/\/dicodusport.fr\/blog\/ufc-paris-2-manon-fiorot-affrontera-rose-namajunas-pour-se-rapprocher-de-la-ceinture\/#breadcrumb","itemListElement":[{"@type":"ListItem","position":1,"name":"Accueil","item":"https:\/\/dicodusport.fr\/blog\/"},{"@type":"ListItem","position":2,"name":"UFC Paris 2 : Manon Fiorot affrontera Rose Namajunas pour se rapprocher de la ceinture"}]},{"@type":"WebSite","@id":"https:\/\/dicodusport.fr\/blog\/#website","url":"https:\/\/dicodusport.fr\/blog\/","name":"Dicodusport","description":"L&#039;encyclop\u00e9die de l&#039;actualit\u00e9 sportive","publisher":{"@id":"https:\/\/dicodusport.fr\/blog\/#organization"},"potentialAction":[{"@type":"SearchAction","target":{"@type":"EntryPoint","urlTemplate":"https:\/\/dicodusport.fr\/blog\/?s={search_term_string}"},"query-input":{"@type":"PropertyValueSpecification","valueRequired":true,"valueName":"search_term_string"}}],"inLanguage":"fr-FR"},{"@type":"NewsMediaOrganization","@id":"https:\/\/dicodusport.fr\/blog\/#organization","name":"Dicodusport","url":"https:\/\/dicodusport.fr\/blog\/","logo":{"@type":"ImageObject","inLanguage":"fr-FR","@id":"https:\/\/dicodusport.fr\/blog\/#\/schema\/logo\/image\/","url":"https:\/\/dicodusport.fr\/blog\/wp-content\/uploads\/2020\/06\/cropped-LOGO-DICODUSPORT-2020-SANS-FOND-SANS-TEXTE.png","contentUrl":"https:\/\/dicodusport.fr\/blog\/wp-content\/uploads\/2020\/06\/cropped-LOGO-DICODUSPORT-2020-SANS-FOND-SANS-TEXTE.png","width":512,"height":512,"caption":"Dicodusport"},"image":{"@id":"https:\/\/dicodusport.fr\/blog\/#\/schema\/logo\/image\/"},"sameAs":["https:\/\/www.facebook.com\/dicodusport","https:\/\/x.com\/dicodusport","https:\/\/www.instagram.com\/dicodusport\/","https:\/\/www.youtube.com\/channel\/UC7V2KZ5sd3htJivAbA4ZG3w"],"description":"Dicodusport est l'encyclop\u00e9die de l'actualit\u00e9 sportive.","email":"bonjour@dicodusport.fr","legalName":"DICODUSPORT","foundingDate":"2018-01-14","vatID":"FR71834470973","taxID":"83447097300043","numberOfEmployees":{"@type":"QuantitativeValue","minValue":"1","maxValue":"10"}},{"@type":"Person","@id":"https:\/\/dicodusport.fr\/blog\/#\/schema\/person\/816f1c1bae6e11b6ef5b39687639be63","name":"Nicolas Parant","image":{"@type":"ImageObject","inLanguage":"fr-FR","@id":"https:\/\/dicodusport.fr\/blog\/#\/schema\/person\/image\/","url":"https:\/\/dicodusport.fr\/blog\/wp-content\/uploads\/2023\/04\/1B6E3319-7CA3-49A2-A3FB-D53C46115743-150x150.jpeg","contentUrl":"https:\/\/dicodusport.fr\/blog\/wp-content\/uploads\/2023\/04\/1B6E3319-7CA3-49A2-A3FB-D53C46115743-150x150.jpeg","caption":"Nicolas Parant"},"description":"Passionn\u00e9 de sport et d\u2019\u00e9criture, r\u00e9diger des articles a \u00e9t\u00e9 une v\u00e9ritable r\u00e9v\u00e9lation quand j\u2019ai pris la plume num\u00e9rique pour la premi\u00e8re fois en 2021. Admiratif des exploits de Nadal \u00e0 Roland Garros et du charisme de Zlatan Ibrahimovi\u0107 \u00e0 son arriv\u00e9e dans la capitale, je m\u2019efforce de transmettre au mieux les \u00e9motions des athl\u00e8tes de la nouvelle g\u00e9n\u00e9ration. \u00c0 Dicodusport depuis 2023, je commente principalement les batailles qui se d\u00e9roulent dans l\u2019octogone de l\u2019UFC ou sur les pelouses de football et de rugby.","url":"https:\/\/dicodusport.fr\/blog\/author\/nicolas-parant\/"}]}},"_links":{"self":[{"href":"https:\/\/dicodusport.fr\/blog\/wp-json\/wp\/v2\/posts\/393934","targetHints":{"allow":["GET"]}}],"collection":[{"href":"https:\/\/dicodusport.fr\/blog\/wp-json\/wp\/v2\/posts"}],"about":[{"href":"https:\/\/dicodusport.fr\/blog\/wp-json\/wp\/v2\/types\/post"}],"author":[{"embeddable":true,"href":"https:\/\/dicodusport.fr\/blog\/wp-json\/wp\/v2\/users\/86"}],"replies":[{"embeddable":true,"href":"https:\/\/dicodusport.fr\/blog\/wp-json\/wp\/v2\/comments?post=393934"}],"version-history":[{"count":1,"href":"https:\/\/dicodusport.fr\/blog\/wp-json\/wp\/v2\/posts\/393934\/revisions"}],"predecessor-version":[{"id":470188,"href":"https:\/\/dicodusport.fr\/blog\/wp-json\/wp\/v2\/posts\/393934\/revisions\/470188"}],"wp:featuredmedia":[{"embeddable":true,"href":"https:\/\/dicodusport.fr\/blog\/wp-json\/wp\/v2\/media\/393977"}],"wp:attachment":[{"href":"https:\/\/dicodusport.fr\/blog\/wp-json\/wp\/v2\/media?parent=393934"}],"wp:term":[{"taxonomy":"category","embeddable":true,"href":"https:\/\/dicodusport.fr\/blog\/wp-json\/wp\/v2\/categories?post=393934"},{"taxonomy":"post_tag","embeddable":true,"href":"https:\/\/dicodusport.fr\/blog\/wp-json\/wp\/v2\/tags?post=393934"}],"curies":[{"name":"wp","href":"https:\/\/api.w.org\/{rel}","templated":true}]}}