{"id":393956,"date":"2023-06-24T08:01:55","date_gmt":"2023-06-24T06:01:55","guid":{"rendered":"https:\/\/dicodusport.fr\/blog\/?p=393956&#038;preview=true&#038;preview_id=393956"},"modified":"2023-06-24T08:03:37","modified_gmt":"2023-06-24T06:03:37","slug":"jeux-europeens-2023-marceau-garnier-se-pare-dargent-en-escalade-vitesse","status":"publish","type":"post","link":"https:\/\/dicodusport.fr\/blog\/jeux-europeens-2023-marceau-garnier-se-pare-dargent-en-escalade-vitesse\/","title":{"rendered":"Jeux Europ\u00e9ens 2023 : Marceau Garnier se pare d&rsquo;argent en escalade vitesse"},"content":{"rendered":"<p style=\"text-align: justify;\"><strong><em>JEUX EUROP\u00c9ENS 2023 &#8211; Cinqui\u00e8me m\u00e9daille de la journ\u00e9e pour la d\u00e9l\u00e9gation fran\u00e7aise, mais cette fois en argent gr\u00e2ce \u00e0 Marceau Garnier, finaliste en escalade vitesse.\u00a0<\/em><\/strong><\/p>\n<p style=\"text-align: justify;\">Sortis des qualifications en beaut\u00e9, <strong>Pierre Rebreyend<\/strong> et<strong> Marceau Garnier<\/strong> avaient \u00e0 c\u0153ur de briller en quarts de finale de l&rsquo;\u00e9preuve de vitesse de ces Jeux Europ\u00e9ens. Survolt\u00e9s, les deux Bleus se sont hiss\u00e9s en demi-finales en dominant respectivement <strong>Matthew Fall<\/strong> et <strong>Kevin Amon<\/strong>. R\u00e9sultat ? Ils ont gagn\u00e9 le droit de s&rsquo;affronter en demi-finales.<\/p>\n<p style=\"text-align: justify;\">Sauf que&#8230; Sauf que <strong>Pierre Rebreyend<\/strong> va g\u00e2cher le spectacle d&rsquo;un faux d\u00e9part, laissant <strong>Marceau Garnier<\/strong>\u00a0d\u00e9fier <strong>Lucas Knapp<\/strong> en finale. Touch\u00e9, <strong>Rebreyend<\/strong> va \u00e9chouer pour 40 malheureux milli\u00e8mes contre <strong>Marcin Dzienski<\/strong> pour le bronze. <strong>Garnier,<\/strong> lui, va rater sa mont\u00e9e en finale et devra se contenter de l&rsquo;argent. Une m\u00e9daille de plus, la cinqui\u00e8me de la journ\u00e9e pour le clan tricolore. Il ne manque que l&rsquo;or.<\/p>\n<blockquote class=\"twitter-tweet\">\n<p dir=\"ltr\" lang=\"fr\">\ud83c\uddeb\ud83c\uddf7 Marceauuu GARNIER !<\/p>\n<p>Tr\u00e8s belle finale de notre grimpeur qui remporte la m\u00e9daille d&rsquo;argent en vitesse \ud83e\udd48<a href=\"https:\/\/twitter.com\/hashtag\/JeuxEuropeens2023?src=hash&amp;ref_src=twsrc%5Etfw\">#JeuxEuropeens2023<\/a> <a href=\"https:\/\/t.co\/KwzjO4W19Q\">pic.twitter.com\/KwzjO4W19Q<\/a><\/p>\n<p>\u2014 FranceOlympique (@FranceOlympique) <a href=\"https:\/\/twitter.com\/FranceOlympique\/status\/1672315134910275599?ref_src=twsrc%5Etfw\">June 23, 2023<\/a><\/p><\/blockquote>\n<p style=\"text-align: justify;\"><script async src=\"https:\/\/platform.twitter.com\/widgets.js\" charset=\"utf-8\"><\/script><\/p>\n<h2 style=\"text-align: justify;\"><span style=\"text-align: justify;\">\u00c0 lire aussi<\/span><\/h2>\n<ul>\n<li style=\"text-align: justify;\"><a href=\"https:\/\/dicodusport.fr\/blog\/tableau-des-medailles-des-jeux-europeens-2023\/\"><strong>Tableau des m\u00e9dailles des Jeux Europ\u00e9ens 2023<\/strong><\/a><\/li>\n<\/ul>\n","protected":false},"excerpt":{"rendered":"<p>JEUX EUROP\u00c9ENS 2023 &#8211; Cinqui\u00e8me m\u00e9daille de la journ\u00e9e pour la d\u00e9l\u00e9gation fran\u00e7aise, mais cette fois en argent gr\u00e2ce \u00e0 Marceau Garnier, finaliste en escalade vitesse.\u00a0<\/p>\n","protected":false},"author":59,"featured_media":393989,"comment_status":"open","ping_status":"closed","sticky":false,"template":"","format":"standard","meta":{"_acf_changed":false,"_daextam_enable_autolinks":"","footnotes":""},"categories":[10930,2366],"tags":[16878,477],"class_list":["post-393956","post","type-post","status-publish","format-standard","has-post-thumbnail","hentry","category-escalade","category-multisports","tag-breve","tag-escalade"],"acf":[],"yoast_head":"<!-- This site is optimized with the Yoast SEO Premium plugin v26.7 (Yoast SEO v26.7) - https:\/\/yoast.com\/wordpress\/plugins\/seo\/ -->\n<title>Jeux Europ\u00e9ens 2023 : Marceau Garnier se pare d&#039;argent en escalade vitesse<\/title>\n<meta name=\"description\" content=\"JEUX EUROP\u00c9ENS 2023 - Cinqui\u00e8me m\u00e9daille de la journ\u00e9e pour la d\u00e9l\u00e9gation fran\u00e7aise, mais cette fois en argent gr\u00e2ce \u00e0 Marceau Garnier.\" \/>\n<meta name=\"robots\" content=\"index, follow, max-snippet:-1, max-image-preview:large, max-video-preview:-1\" \/>\n<link rel=\"canonical\" href=\"https:\/\/dicodusport.fr\/blog\/jeux-europeens-2023-marceau-garnier-se-pare-dargent-en-escalade-vitesse\/\" \/>\n<meta property=\"og:locale\" content=\"fr_FR\" \/>\n<meta property=\"og:type\" content=\"article\" \/>\n<meta property=\"og:title\" content=\"Jeux Europ\u00e9ens 2023 : Marceau Garnier se pare d&#039;argent en escalade vitesse\" \/>\n<meta property=\"og:description\" content=\"JEUX EUROP\u00c9ENS 2023 - Cinqui\u00e8me m\u00e9daille de la journ\u00e9e pour la d\u00e9l\u00e9gation fran\u00e7aise, mais cette fois en argent gr\u00e2ce \u00e0 Marceau Garnier.\" \/>\n<meta property=\"og:url\" content=\"https:\/\/dicodusport.fr\/blog\/jeux-europeens-2023-marceau-garnier-se-pare-dargent-en-escalade-vitesse\/\" \/>\n<meta property=\"og:site_name\" content=\"Dicodusport\" \/>\n<meta property=\"article:publisher\" content=\"https:\/\/www.facebook.com\/dicodusport\" \/>\n<meta property=\"article:author\" content=\"https:\/\/www.facebook.com\/sebastien.gente\/\" \/>\n<meta property=\"article:published_time\" content=\"2023-06-24T06:01:55+00:00\" \/>\n<meta property=\"article:modified_time\" content=\"2023-06-24T06:03:37+00:00\" \/>\n<meta property=\"og:image\" content=\"https:\/\/dicodusport.fr\/blog\/wp-content\/uploads\/2023\/06\/Jeux-Europeens-2023-Marceau-Garnier-se-pare-dargent-en-escalade-vitesse.png\" \/>\n\t<meta property=\"og:image:width\" content=\"800\" \/>\n\t<meta property=\"og:image:height\" content=\"445\" \/>\n\t<meta property=\"og:image:type\" content=\"image\/png\" \/>\n<meta name=\"author\" content=\"S\u00e9bastien Gente\" \/>\n<meta name=\"twitter:card\" content=\"summary_large_image\" \/>\n<meta name=\"twitter:title\" content=\"Jeux Europ\u00e9ens 2023 : Marceau Garnier se pare d&#039;argent en escalade vitesse\" \/>\n<meta name=\"twitter:creator\" content=\"@https:\/\/twitter.com\/globulo24\" \/>\n<meta name=\"twitter:site\" content=\"@dicodusport\" \/>\n<script type=\"application\/ld+json\" class=\"yoast-schema-graph\">{\"@context\":\"https:\/\/schema.org\",\"@graph\":[{\"@type\":\"NewsArticle\",\"@id\":\"https:\/\/dicodusport.fr\/blog\/jeux-europeens-2023-marceau-garnier-se-pare-dargent-en-escalade-vitesse\/#article\",\"isPartOf\":{\"@id\":\"https:\/\/dicodusport.fr\/blog\/jeux-europeens-2023-marceau-garnier-se-pare-dargent-en-escalade-vitesse\/\"},\"author\":{\"name\":\"S\u00e9bastien Gente\",\"@id\":\"https:\/\/dicodusport.fr\/blog\/#\/schema\/person\/627966a6cde45dbd8c5e36ac85d783da\"},\"headline\":\"Jeux Europ\u00e9ens 2023 : Marceau Garnier se pare d&rsquo;argent en escalade vitesse\",\"datePublished\":\"2023-06-24T06:01:55+00:00\",\"dateModified\":\"2023-06-24T06:03:37+00:00\",\"mainEntityOfPage\":{\"@id\":\"https:\/\/dicodusport.fr\/blog\/jeux-europeens-2023-marceau-garnier-se-pare-dargent-en-escalade-vitesse\/\"},\"wordCount\":219,\"commentCount\":0,\"publisher\":{\"@id\":\"https:\/\/dicodusport.fr\/blog\/#organization\"},\"image\":{\"@id\":\"https:\/\/dicodusport.fr\/blog\/jeux-europeens-2023-marceau-garnier-se-pare-dargent-en-escalade-vitesse\/#primaryimage\"},\"thumbnailUrl\":\"https:\/\/dicodusport.fr\/blog\/wp-content\/uploads\/2023\/06\/Jeux-Europeens-2023-Marceau-Garnier-se-pare-dargent-en-escalade-vitesse.png\",\"keywords\":[\"br\u00e8ve\",\"Escalade\"],\"articleSection\":[\"Escalade\",\"Multisports\"],\"inLanguage\":\"fr-FR\",\"potentialAction\":[{\"@type\":\"CommentAction\",\"name\":\"Comment\",\"target\":[\"https:\/\/dicodusport.fr\/blog\/jeux-europeens-2023-marceau-garnier-se-pare-dargent-en-escalade-vitesse\/#respond\"]}],\"copyrightYear\":\"2023\",\"copyrightHolder\":{\"@id\":\"https:\/\/dicodusport.fr\/blog\/#organization\"}},{\"@type\":\"WebPage\",\"@id\":\"https:\/\/dicodusport.fr\/blog\/jeux-europeens-2023-marceau-garnier-se-pare-dargent-en-escalade-vitesse\/\",\"url\":\"https:\/\/dicodusport.fr\/blog\/jeux-europeens-2023-marceau-garnier-se-pare-dargent-en-escalade-vitesse\/\",\"name\":\"Jeux Europ\u00e9ens 2023 : Marceau Garnier se pare d'argent en escalade vitesse\",\"isPartOf\":{\"@id\":\"https:\/\/dicodusport.fr\/blog\/#website\"},\"primaryImageOfPage\":{\"@id\":\"https:\/\/dicodusport.fr\/blog\/jeux-europeens-2023-marceau-garnier-se-pare-dargent-en-escalade-vitesse\/#primaryimage\"},\"image\":{\"@id\":\"https:\/\/dicodusport.fr\/blog\/jeux-europeens-2023-marceau-garnier-se-pare-dargent-en-escalade-vitesse\/#primaryimage\"},\"thumbnailUrl\":\"https:\/\/dicodusport.fr\/blog\/wp-content\/uploads\/2023\/06\/Jeux-Europeens-2023-Marceau-Garnier-se-pare-dargent-en-escalade-vitesse.png\",\"datePublished\":\"2023-06-24T06:01:55+00:00\",\"dateModified\":\"2023-06-24T06:03:37+00:00\",\"description\":\"JEUX EUROP\u00c9ENS 2023 - Cinqui\u00e8me m\u00e9daille de la journ\u00e9e pour la d\u00e9l\u00e9gation fran\u00e7aise, mais cette fois en argent gr\u00e2ce \u00e0 Marceau Garnier.\",\"breadcrumb\":{\"@id\":\"https:\/\/dicodusport.fr\/blog\/jeux-europeens-2023-marceau-garnier-se-pare-dargent-en-escalade-vitesse\/#breadcrumb\"},\"inLanguage\":\"fr-FR\",\"potentialAction\":[{\"@type\":\"ReadAction\",\"target\":[\"https:\/\/dicodusport.fr\/blog\/jeux-europeens-2023-marceau-garnier-se-pare-dargent-en-escalade-vitesse\/\"]}]},{\"@type\":\"ImageObject\",\"inLanguage\":\"fr-FR\",\"@id\":\"https:\/\/dicodusport.fr\/blog\/jeux-europeens-2023-marceau-garnier-se-pare-dargent-en-escalade-vitesse\/#primaryimage\",\"url\":\"https:\/\/dicodusport.fr\/blog\/wp-content\/uploads\/2023\/06\/Jeux-Europeens-2023-Marceau-Garnier-se-pare-dargent-en-escalade-vitesse.png\",\"contentUrl\":\"https:\/\/dicodusport.fr\/blog\/wp-content\/uploads\/2023\/06\/Jeux-Europeens-2023-Marceau-Garnier-se-pare-dargent-en-escalade-vitesse.png\",\"width\":800,\"height\":445,\"caption\":\"Jeux Europ\u00e9ens 2023 Marceau Garnier se pare d'argent en escalade vitesse\"},{\"@type\":\"BreadcrumbList\",\"@id\":\"https:\/\/dicodusport.fr\/blog\/jeux-europeens-2023-marceau-garnier-se-pare-dargent-en-escalade-vitesse\/#breadcrumb\",\"itemListElement\":[{\"@type\":\"ListItem\",\"position\":1,\"name\":\"Accueil\",\"item\":\"https:\/\/dicodusport.fr\/blog\/\"},{\"@type\":\"ListItem\",\"position\":2,\"name\":\"Jeux Europ\u00e9ens 2023 : Marceau Garnier se pare d&rsquo;argent en escalade vitesse\"}]},{\"@type\":\"WebSite\",\"@id\":\"https:\/\/dicodusport.fr\/blog\/#website\",\"url\":\"https:\/\/dicodusport.fr\/blog\/\",\"name\":\"Dicodusport\",\"description\":\"L&#039;encyclop\u00e9die de l&#039;actualit\u00e9 sportive\",\"publisher\":{\"@id\":\"https:\/\/dicodusport.fr\/blog\/#organization\"},\"potentialAction\":[{\"@type\":\"SearchAction\",\"target\":{\"@type\":\"EntryPoint\",\"urlTemplate\":\"https:\/\/dicodusport.fr\/blog\/?s={search_term_string}\"},\"query-input\":{\"@type\":\"PropertyValueSpecification\",\"valueRequired\":true,\"valueName\":\"search_term_string\"}}],\"inLanguage\":\"fr-FR\"},{\"@type\":\"NewsMediaOrganization\",\"@id\":\"https:\/\/dicodusport.fr\/blog\/#organization\",\"name\":\"Dicodusport\",\"url\":\"https:\/\/dicodusport.fr\/blog\/\",\"logo\":{\"@type\":\"ImageObject\",\"inLanguage\":\"fr-FR\",\"@id\":\"https:\/\/dicodusport.fr\/blog\/#\/schema\/logo\/image\/\",\"url\":\"https:\/\/dicodusport.fr\/blog\/wp-content\/uploads\/2020\/06\/cropped-LOGO-DICODUSPORT-2020-SANS-FOND-SANS-TEXTE.png\",\"contentUrl\":\"https:\/\/dicodusport.fr\/blog\/wp-content\/uploads\/2020\/06\/cropped-LOGO-DICODUSPORT-2020-SANS-FOND-SANS-TEXTE.png\",\"width\":512,\"height\":512,\"caption\":\"Dicodusport\"},\"image\":{\"@id\":\"https:\/\/dicodusport.fr\/blog\/#\/schema\/logo\/image\/\"},\"sameAs\":[\"https:\/\/www.facebook.com\/dicodusport\",\"https:\/\/x.com\/dicodusport\",\"https:\/\/www.instagram.com\/dicodusport\/\",\"https:\/\/www.youtube.com\/channel\/UC7V2KZ5sd3htJivAbA4ZG3w\"],\"description\":\"Dicodusport est l'encyclop\u00e9die de l'actualit\u00e9 sportive.\",\"email\":\"bonjour@dicodusport.fr\",\"legalName\":\"DICODUSPORT\",\"foundingDate\":\"2018-01-14\",\"vatID\":\"FR71834470973\",\"taxID\":\"83447097300043\",\"numberOfEmployees\":{\"@type\":\"QuantitativeValue\",\"minValue\":\"1\",\"maxValue\":\"10\"}},{\"@type\":\"Person\",\"@id\":\"https:\/\/dicodusport.fr\/blog\/#\/schema\/person\/627966a6cde45dbd8c5e36ac85d783da\",\"name\":\"S\u00e9bastien Gente\",\"image\":{\"@type\":\"ImageObject\",\"inLanguage\":\"fr-FR\",\"@id\":\"https:\/\/dicodusport.fr\/blog\/#\/schema\/person\/image\/\",\"url\":\"https:\/\/dicodusport.fr\/blog\/wp-content\/uploads\/2021\/09\/1510990_10205810251400683_4124423575079401707_n-150x150.jpg\",\"contentUrl\":\"https:\/\/dicodusport.fr\/blog\/wp-content\/uploads\/2021\/09\/1510990_10205810251400683_4124423575079401707_n-150x150.jpg\",\"caption\":\"S\u00e9bastien Gente\"},\"description\":\"John Stockton, Gianni Bugno, Zinedine Zidane, Steffi Graf, Frode Andresen, St\u00e9phane Stoecklin, Davis Kamoga, Primoz Peterka, Werner Schlager et Aur\u00e9lien Rougerie. Point commun entre ces sportifs? Ils m'ont fait r\u00eaver et ont berc\u00e9 mon adolescence. Je suis un fondu de sports et j'essaie de retranscrire ma passion \u00e0 travers mes articles. Originaire du P\u00e9rigord, ma passion pour les Girondins, les Jaunards et les Jazzmen transpire dans mes \u00e9crits. \u00c0 Dicodusport depuis 2021, je d\u00e9niche les sports m\u00e9connus dans lesquels la France brille, et il y en a !\",\"sameAs\":[\"https:\/\/www.facebook.com\/sebastien.gente\/\",\"https:\/\/www.instagram.com\/sebgente\/\",\"https:\/\/www.linkedin.com\/in\/sbastien-gente-a29583169\/\",\"https:\/\/x.com\/https:\/\/twitter.com\/globulo24\",\"SebastienGente\"],\"worksFor\":\"S\u00e9bastien GENTE\",\"url\":\"https:\/\/dicodusport.fr\/blog\/author\/sebastiengente\/\"}]}<\/script>\n<!-- \/ Yoast SEO Premium plugin. -->","yoast_head_json":{"title":"Jeux Europ\u00e9ens 2023 : Marceau Garnier se pare d'argent en escalade vitesse","description":"JEUX EUROP\u00c9ENS 2023 - Cinqui\u00e8me m\u00e9daille de la journ\u00e9e pour la d\u00e9l\u00e9gation fran\u00e7aise, mais cette fois en argent gr\u00e2ce \u00e0 Marceau Garnier.","robots":{"index":"index","follow":"follow","max-snippet":"max-snippet:-1","max-image-preview":"max-image-preview:large","max-video-preview":"max-video-preview:-1"},"canonical":"https:\/\/dicodusport.fr\/blog\/jeux-europeens-2023-marceau-garnier-se-pare-dargent-en-escalade-vitesse\/","og_locale":"fr_FR","og_type":"article","og_title":"Jeux Europ\u00e9ens 2023 : Marceau Garnier se pare d'argent en escalade vitesse","og_description":"JEUX EUROP\u00c9ENS 2023 - Cinqui\u00e8me m\u00e9daille de la journ\u00e9e pour la d\u00e9l\u00e9gation fran\u00e7aise, mais cette fois en argent gr\u00e2ce \u00e0 Marceau Garnier.","og_url":"https:\/\/dicodusport.fr\/blog\/jeux-europeens-2023-marceau-garnier-se-pare-dargent-en-escalade-vitesse\/","og_site_name":"Dicodusport","article_publisher":"https:\/\/www.facebook.com\/dicodusport","article_author":"https:\/\/www.facebook.com\/sebastien.gente\/","article_published_time":"2023-06-24T06:01:55+00:00","article_modified_time":"2023-06-24T06:03:37+00:00","og_image":[{"width":800,"height":445,"url":"https:\/\/dicodusport.fr\/blog\/wp-content\/uploads\/2023\/06\/Jeux-Europeens-2023-Marceau-Garnier-se-pare-dargent-en-escalade-vitesse.png","type":"image\/png"}],"author":"S\u00e9bastien Gente","twitter_card":"summary_large_image","twitter_title":"Jeux Europ\u00e9ens 2023 : Marceau Garnier se pare d'argent en escalade vitesse","twitter_creator":"@https:\/\/twitter.com\/globulo24","twitter_site":"@dicodusport","schema":{"@context":"https:\/\/schema.org","@graph":[{"@type":"NewsArticle","@id":"https:\/\/dicodusport.fr\/blog\/jeux-europeens-2023-marceau-garnier-se-pare-dargent-en-escalade-vitesse\/#article","isPartOf":{"@id":"https:\/\/dicodusport.fr\/blog\/jeux-europeens-2023-marceau-garnier-se-pare-dargent-en-escalade-vitesse\/"},"author":{"name":"S\u00e9bastien Gente","@id":"https:\/\/dicodusport.fr\/blog\/#\/schema\/person\/627966a6cde45dbd8c5e36ac85d783da"},"headline":"Jeux Europ\u00e9ens 2023 : Marceau Garnier se pare d&rsquo;argent en escalade vitesse","datePublished":"2023-06-24T06:01:55+00:00","dateModified":"2023-06-24T06:03:37+00:00","mainEntityOfPage":{"@id":"https:\/\/dicodusport.fr\/blog\/jeux-europeens-2023-marceau-garnier-se-pare-dargent-en-escalade-vitesse\/"},"wordCount":219,"commentCount":0,"publisher":{"@id":"https:\/\/dicodusport.fr\/blog\/#organization"},"image":{"@id":"https:\/\/dicodusport.fr\/blog\/jeux-europeens-2023-marceau-garnier-se-pare-dargent-en-escalade-vitesse\/#primaryimage"},"thumbnailUrl":"https:\/\/dicodusport.fr\/blog\/wp-content\/uploads\/2023\/06\/Jeux-Europeens-2023-Marceau-Garnier-se-pare-dargent-en-escalade-vitesse.png","keywords":["br\u00e8ve","Escalade"],"articleSection":["Escalade","Multisports"],"inLanguage":"fr-FR","potentialAction":[{"@type":"CommentAction","name":"Comment","target":["https:\/\/dicodusport.fr\/blog\/jeux-europeens-2023-marceau-garnier-se-pare-dargent-en-escalade-vitesse\/#respond"]}],"copyrightYear":"2023","copyrightHolder":{"@id":"https:\/\/dicodusport.fr\/blog\/#organization"}},{"@type":"WebPage","@id":"https:\/\/dicodusport.fr\/blog\/jeux-europeens-2023-marceau-garnier-se-pare-dargent-en-escalade-vitesse\/","url":"https:\/\/dicodusport.fr\/blog\/jeux-europeens-2023-marceau-garnier-se-pare-dargent-en-escalade-vitesse\/","name":"Jeux Europ\u00e9ens 2023 : Marceau Garnier se pare d'argent en escalade vitesse","isPartOf":{"@id":"https:\/\/dicodusport.fr\/blog\/#website"},"primaryImageOfPage":{"@id":"https:\/\/dicodusport.fr\/blog\/jeux-europeens-2023-marceau-garnier-se-pare-dargent-en-escalade-vitesse\/#primaryimage"},"image":{"@id":"https:\/\/dicodusport.fr\/blog\/jeux-europeens-2023-marceau-garnier-se-pare-dargent-en-escalade-vitesse\/#primaryimage"},"thumbnailUrl":"https:\/\/dicodusport.fr\/blog\/wp-content\/uploads\/2023\/06\/Jeux-Europeens-2023-Marceau-Garnier-se-pare-dargent-en-escalade-vitesse.png","datePublished":"2023-06-24T06:01:55+00:00","dateModified":"2023-06-24T06:03:37+00:00","description":"JEUX EUROP\u00c9ENS 2023 - Cinqui\u00e8me m\u00e9daille de la journ\u00e9e pour la d\u00e9l\u00e9gation fran\u00e7aise, mais cette fois en argent gr\u00e2ce \u00e0 Marceau Garnier.","breadcrumb":{"@id":"https:\/\/dicodusport.fr\/blog\/jeux-europeens-2023-marceau-garnier-se-pare-dargent-en-escalade-vitesse\/#breadcrumb"},"inLanguage":"fr-FR","potentialAction":[{"@type":"ReadAction","target":["https:\/\/dicodusport.fr\/blog\/jeux-europeens-2023-marceau-garnier-se-pare-dargent-en-escalade-vitesse\/"]}]},{"@type":"ImageObject","inLanguage":"fr-FR","@id":"https:\/\/dicodusport.fr\/blog\/jeux-europeens-2023-marceau-garnier-se-pare-dargent-en-escalade-vitesse\/#primaryimage","url":"https:\/\/dicodusport.fr\/blog\/wp-content\/uploads\/2023\/06\/Jeux-Europeens-2023-Marceau-Garnier-se-pare-dargent-en-escalade-vitesse.png","contentUrl":"https:\/\/dicodusport.fr\/blog\/wp-content\/uploads\/2023\/06\/Jeux-Europeens-2023-Marceau-Garnier-se-pare-dargent-en-escalade-vitesse.png","width":800,"height":445,"caption":"Jeux Europ\u00e9ens 2023 Marceau Garnier se pare d'argent en escalade vitesse"},{"@type":"BreadcrumbList","@id":"https:\/\/dicodusport.fr\/blog\/jeux-europeens-2023-marceau-garnier-se-pare-dargent-en-escalade-vitesse\/#breadcrumb","itemListElement":[{"@type":"ListItem","position":1,"name":"Accueil","item":"https:\/\/dicodusport.fr\/blog\/"},{"@type":"ListItem","position":2,"name":"Jeux Europ\u00e9ens 2023 : Marceau Garnier se pare d&rsquo;argent en escalade vitesse"}]},{"@type":"WebSite","@id":"https:\/\/dicodusport.fr\/blog\/#website","url":"https:\/\/dicodusport.fr\/blog\/","name":"Dicodusport","description":"L&#039;encyclop\u00e9die de l&#039;actualit\u00e9 sportive","publisher":{"@id":"https:\/\/dicodusport.fr\/blog\/#organization"},"potentialAction":[{"@type":"SearchAction","target":{"@type":"EntryPoint","urlTemplate":"https:\/\/dicodusport.fr\/blog\/?s={search_term_string}"},"query-input":{"@type":"PropertyValueSpecification","valueRequired":true,"valueName":"search_term_string"}}],"inLanguage":"fr-FR"},{"@type":"NewsMediaOrganization","@id":"https:\/\/dicodusport.fr\/blog\/#organization","name":"Dicodusport","url":"https:\/\/dicodusport.fr\/blog\/","logo":{"@type":"ImageObject","inLanguage":"fr-FR","@id":"https:\/\/dicodusport.fr\/blog\/#\/schema\/logo\/image\/","url":"https:\/\/dicodusport.fr\/blog\/wp-content\/uploads\/2020\/06\/cropped-LOGO-DICODUSPORT-2020-SANS-FOND-SANS-TEXTE.png","contentUrl":"https:\/\/dicodusport.fr\/blog\/wp-content\/uploads\/2020\/06\/cropped-LOGO-DICODUSPORT-2020-SANS-FOND-SANS-TEXTE.png","width":512,"height":512,"caption":"Dicodusport"},"image":{"@id":"https:\/\/dicodusport.fr\/blog\/#\/schema\/logo\/image\/"},"sameAs":["https:\/\/www.facebook.com\/dicodusport","https:\/\/x.com\/dicodusport","https:\/\/www.instagram.com\/dicodusport\/","https:\/\/www.youtube.com\/channel\/UC7V2KZ5sd3htJivAbA4ZG3w"],"description":"Dicodusport est l'encyclop\u00e9die de l'actualit\u00e9 sportive.","email":"bonjour@dicodusport.fr","legalName":"DICODUSPORT","foundingDate":"2018-01-14","vatID":"FR71834470973","taxID":"83447097300043","numberOfEmployees":{"@type":"QuantitativeValue","minValue":"1","maxValue":"10"}},{"@type":"Person","@id":"https:\/\/dicodusport.fr\/blog\/#\/schema\/person\/627966a6cde45dbd8c5e36ac85d783da","name":"S\u00e9bastien Gente","image":{"@type":"ImageObject","inLanguage":"fr-FR","@id":"https:\/\/dicodusport.fr\/blog\/#\/schema\/person\/image\/","url":"https:\/\/dicodusport.fr\/blog\/wp-content\/uploads\/2021\/09\/1510990_10205810251400683_4124423575079401707_n-150x150.jpg","contentUrl":"https:\/\/dicodusport.fr\/blog\/wp-content\/uploads\/2021\/09\/1510990_10205810251400683_4124423575079401707_n-150x150.jpg","caption":"S\u00e9bastien Gente"},"description":"John Stockton, Gianni Bugno, Zinedine Zidane, Steffi Graf, Frode Andresen, St\u00e9phane Stoecklin, Davis Kamoga, Primoz Peterka, Werner Schlager et Aur\u00e9lien Rougerie. Point commun entre ces sportifs? Ils m'ont fait r\u00eaver et ont berc\u00e9 mon adolescence. Je suis un fondu de sports et j'essaie de retranscrire ma passion \u00e0 travers mes articles. Originaire du P\u00e9rigord, ma passion pour les Girondins, les Jaunards et les Jazzmen transpire dans mes \u00e9crits. \u00c0 Dicodusport depuis 2021, je d\u00e9niche les sports m\u00e9connus dans lesquels la France brille, et il y en a !","sameAs":["https:\/\/www.facebook.com\/sebastien.gente\/","https:\/\/www.instagram.com\/sebgente\/","https:\/\/www.linkedin.com\/in\/sbastien-gente-a29583169\/","https:\/\/x.com\/https:\/\/twitter.com\/globulo24","SebastienGente"],"worksFor":"S\u00e9bastien GENTE","url":"https:\/\/dicodusport.fr\/blog\/author\/sebastiengente\/"}]}},"_links":{"self":[{"href":"https:\/\/dicodusport.fr\/blog\/wp-json\/wp\/v2\/posts\/393956","targetHints":{"allow":["GET"]}}],"collection":[{"href":"https:\/\/dicodusport.fr\/blog\/wp-json\/wp\/v2\/posts"}],"about":[{"href":"https:\/\/dicodusport.fr\/blog\/wp-json\/wp\/v2\/types\/post"}],"author":[{"embeddable":true,"href":"https:\/\/dicodusport.fr\/blog\/wp-json\/wp\/v2\/users\/59"}],"replies":[{"embeddable":true,"href":"https:\/\/dicodusport.fr\/blog\/wp-json\/wp\/v2\/comments?post=393956"}],"version-history":[{"count":0,"href":"https:\/\/dicodusport.fr\/blog\/wp-json\/wp\/v2\/posts\/393956\/revisions"}],"wp:featuredmedia":[{"embeddable":true,"href":"https:\/\/dicodusport.fr\/blog\/wp-json\/wp\/v2\/media\/393989"}],"wp:attachment":[{"href":"https:\/\/dicodusport.fr\/blog\/wp-json\/wp\/v2\/media?parent=393956"}],"wp:term":[{"taxonomy":"category","embeddable":true,"href":"https:\/\/dicodusport.fr\/blog\/wp-json\/wp\/v2\/categories?post=393956"},{"taxonomy":"post_tag","embeddable":true,"href":"https:\/\/dicodusport.fr\/blog\/wp-json\/wp\/v2\/tags?post=393956"}],"curies":[{"name":"wp","href":"https:\/\/api.w.org\/{rel}","templated":true}]}}