{"id":394035,"date":"2023-06-24T12:43:51","date_gmt":"2023-06-24T10:43:51","guid":{"rendered":"https:\/\/dicodusport.fr\/blog\/?p=394035"},"modified":"2023-06-24T12:43:23","modified_gmt":"2023-06-24T10:43:23","slug":"jeux-europeens-2023-lequipe-de-france-de-natation-artistique-titree-en-acrobatique","status":"publish","type":"post","link":"https:\/\/dicodusport.fr\/blog\/jeux-europeens-2023-lequipe-de-france-de-natation-artistique-titree-en-acrobatique\/","title":{"rendered":"Jeux Europ\u00e9ens 2023 : L&rsquo;\u00e9quipe de France de natation artistique titr\u00e9e en acrobatique"},"content":{"rendered":"<p style=\"text-align: justify;\"><strong><em>JEUX EUROP\u00c9ENS 2023 &#8211; Quelle merveilleuse fa\u00e7on de commencer la journ\u00e9e pour les Bleus \u00e0 Cracovie. En bronze hier sur l&rsquo;\u00e9preuve technique, les Fran\u00e7aises entrent dans l&rsquo;histoire en remportant l&rsquo;or sur l&rsquo;\u00e9preuve acrobatique, 19 ans apr\u00e8s la derni\u00e8re m\u00e9daille d&rsquo;or dans la discipline.<\/em><\/strong><\/p>\n<h2 style=\"text-align: justify;\">Une g\u00e9n\u00e9ration dor\u00e9e<\/h2>\n<p style=\"text-align: justify;\">Depuis plusieurs ann\u00e9es maintenant, l&rsquo;\u00e9quipe de France de natation artistique a construit un vrai collectif, progressant d&rsquo;ann\u00e9e en ann\u00e9e. Quatre fois m\u00e9daill\u00e9e de bronze continentale l&rsquo;an pass\u00e9, la France est peu \u00e0 peu redevenue une nation forte de la discipline. <a href=\"https:\/\/dicodusport.fr\/blog\/jeux-europeens-2023-du-bronze-pour-lequipe-de-natation-artistique-sur-lepreuve-technique\/\">En bronze hier sur l&rsquo;\u00e9preuve technique<\/a>, les 10 filles entendaient bien remettre \u00e7a ce matin. Cinqui\u00e8mes \u00e9quipes \u00e0 se pr\u00e9senter sur le bassin, les Bleues nous offrent une prestation de haute qualit\u00e9 avec le plus haut degr\u00e9 de difficult\u00e9 de la comp\u00e9tition. Not\u00e9es \u00e0 214.283, les Fran\u00e7aises prennent la t\u00eate du concours et assurent une nouvelle m\u00e9daille, puisque seules deux nations restent \u00e0 passer.<\/p>\n<p style=\"text-align: justify;\">Alors que les Britanniques terminent loin, il ne reste que la redoutable \u00e9quipe italienne pour venir contester la premi\u00e8re place. Au terme d&rsquo;un programme imparfait, l&rsquo;Italie se classe que troisi\u00e8me, ce qui offre l&rsquo;or \u00e0 la France ! En devan\u00e7ant l&rsquo;Ukraine et l&rsquo;Italie, <strong>Anastasia Bayandina<\/strong>, <strong>Ambre Esnault<\/strong>, <strong>Mayssa Guermoud<\/strong>, <strong>Claudia Janvier<\/strong>, <strong>Romane Lunel<\/strong>, <strong>Eve Planeix<\/strong>, <strong>Charlotte Tremble<\/strong>, <strong>Laura Tremble<\/strong>, <strong>Manon Disbeaux<\/strong> et <strong>Laura Gonzalez<\/strong> deviennent championnes d&rsquo;Europe ! Elles succ\u00e8dent \u00e0 <strong>Virginie Dedieu<\/strong>, derni\u00e8re championne d&rsquo;Europe en France, en 2004 !<\/p>\n<blockquote class=\"twitter-tweet\">\n<p dir=\"ltr\" lang=\"fr\">\ud83c\uddeb\ud83c\uddf7 BOUM ! \ud83d\udca5 Premi\u00e8re m\u00e9daille d&rsquo;or gr\u00e2ce \u00e0 la natation artistique, en \u00e9quipe acrobatique !<\/p>\n<p>\ud83d\udc4f Anastasia Bayandina, Ambre Esnault, Mayssa Guermoud, Claudia Janvier, Romane Lunel, Eve Planeix, Charlotte Tremble, Laura Tremble, Manon Disbeaux, Laura Gonzalez<a href=\"https:\/\/twitter.com\/hashtag\/JeuxEuropeens2023?src=hash&amp;ref_src=twsrc%5Etfw\">#JeuxEuropeens2023<\/a> <a href=\"https:\/\/t.co\/IuGTI9uoIt\">pic.twitter.com\/IuGTI9uoIt<\/a><\/p>\n<p>\u2014 FranceOlympique (@FranceOlympique) <a href=\"https:\/\/twitter.com\/FranceOlympique\/status\/1672529150815371265?ref_src=twsrc%5Etfw\">June 24, 2023<\/a><\/p><\/blockquote>\n<p><script async src=\"https:\/\/platform.twitter.com\/widgets.js\" charset=\"utf-8\"><\/script><\/p>\n","protected":false},"excerpt":{"rendered":"<p>JEUX EUROP\u00c9ENS 2023 &#8211; Quelle merveilleuse fa\u00e7on de commencer la journ\u00e9e pour les Bleus \u00e0 Cracovie. En bronze hier sur l&rsquo;\u00e9preuve technique, les Fran\u00e7aises entrent dans l&rsquo;histoire en remportant l&rsquo;or sur l&rsquo;\u00e9preuve acrobatique, 19 ans apr\u00e8s la derni\u00e8re m\u00e9daille d&rsquo;or dans la discipline.<\/p>\n","protected":false},"author":43,"featured_media":394085,"comment_status":"open","ping_status":"closed","sticky":false,"template":"","format":"standard","meta":{"_acf_changed":false,"_daextam_enable_autolinks":"","footnotes":""},"categories":[2366,2306],"tags":[16878,69,18007,24],"class_list":["post-394035","post","type-post","status-publish","format-standard","has-post-thumbnail","hentry","category-multisports","category-natation","tag-breve","tag-natation","tag-natation-artistique","tag-sport"],"acf":[],"yoast_head":"<!-- This site is optimized with the Yoast SEO Premium plugin v26.7 (Yoast SEO v26.7) - https:\/\/yoast.com\/wordpress\/plugins\/seo\/ -->\n<title>Jeux Europ\u00e9ens 2023 : L&#039;\u00e9quipe de France de natation artistique titr\u00e9e en acrobatique<\/title>\n<meta name=\"description\" content=\"JEUX EUROP\u00c9ENS 2023 - Quelle merveilleuse fa\u00e7on de commencer la journ\u00e9e pour les Bleus \u00e0 Cracovie. Les Bleues de la natation artistique en or !\" \/>\n<meta name=\"robots\" content=\"index, follow, max-snippet:-1, max-image-preview:large, max-video-preview:-1\" \/>\n<link rel=\"canonical\" href=\"https:\/\/dicodusport.fr\/blog\/jeux-europeens-2023-lequipe-de-france-de-natation-artistique-titree-en-acrobatique\/\" \/>\n<meta property=\"og:locale\" content=\"fr_FR\" \/>\n<meta property=\"og:type\" content=\"article\" \/>\n<meta property=\"og:title\" content=\"Jeux Europ\u00e9ens 2023 : L&#039;\u00e9quipe de France de natation artistique titr\u00e9e en acrobatique\" \/>\n<meta property=\"og:description\" content=\"JEUX EUROP\u00c9ENS 2023 - Quelle merveilleuse fa\u00e7on de commencer la journ\u00e9e pour les Bleus \u00e0 Cracovie. Les Bleues de la natation artistique en or !\" \/>\n<meta property=\"og:url\" content=\"https:\/\/dicodusport.fr\/blog\/jeux-europeens-2023-lequipe-de-france-de-natation-artistique-titree-en-acrobatique\/\" \/>\n<meta property=\"og:site_name\" content=\"Dicodusport\" \/>\n<meta property=\"article:publisher\" content=\"https:\/\/www.facebook.com\/dicodusport\" \/>\n<meta property=\"article:author\" content=\"https:\/\/www.facebook.com\/Max.Bld2\/\" \/>\n<meta property=\"article:published_time\" content=\"2023-06-24T10:43:51+00:00\" \/>\n<meta property=\"og:image\" content=\"https:\/\/dicodusport.fr\/blog\/wp-content\/uploads\/2023\/06\/Jeux-Europeens-2023-Lequipe-de-France-de-natation-artistique-titree-en-acrobatique.png\" \/>\n\t<meta property=\"og:image:width\" content=\"800\" \/>\n\t<meta property=\"og:image:height\" content=\"445\" \/>\n\t<meta property=\"og:image:type\" content=\"image\/png\" \/>\n<meta name=\"author\" content=\"Maxime Boulard\" \/>\n<meta name=\"twitter:card\" content=\"summary_large_image\" \/>\n<meta name=\"twitter:title\" content=\"Jeux Europ\u00e9ens 2023 : L&#039;\u00e9quipe de France de natation artistique titr\u00e9e en acrobatique\" \/>\n<meta name=\"twitter:creator\" content=\"@https:\/\/twitter.com\/MaximeB_2\" \/>\n<meta name=\"twitter:site\" content=\"@dicodusport\" \/>\n<script type=\"application\/ld+json\" class=\"yoast-schema-graph\">{\"@context\":\"https:\/\/schema.org\",\"@graph\":[{\"@type\":\"NewsArticle\",\"@id\":\"https:\/\/dicodusport.fr\/blog\/jeux-europeens-2023-lequipe-de-france-de-natation-artistique-titree-en-acrobatique\/#article\",\"isPartOf\":{\"@id\":\"https:\/\/dicodusport.fr\/blog\/jeux-europeens-2023-lequipe-de-france-de-natation-artistique-titree-en-acrobatique\/\"},\"author\":{\"name\":\"Maxime Boulard\",\"@id\":\"https:\/\/dicodusport.fr\/blog\/#\/schema\/person\/5aab10ee856e86ac63e9819a9da34784\"},\"headline\":\"Jeux Europ\u00e9ens 2023 : L&rsquo;\u00e9quipe de France de natation artistique titr\u00e9e en acrobatique\",\"datePublished\":\"2023-06-24T10:43:51+00:00\",\"mainEntityOfPage\":{\"@id\":\"https:\/\/dicodusport.fr\/blog\/jeux-europeens-2023-lequipe-de-france-de-natation-artistique-titree-en-acrobatique\/\"},\"wordCount\":317,\"commentCount\":0,\"publisher\":{\"@id\":\"https:\/\/dicodusport.fr\/blog\/#organization\"},\"image\":{\"@id\":\"https:\/\/dicodusport.fr\/blog\/jeux-europeens-2023-lequipe-de-france-de-natation-artistique-titree-en-acrobatique\/#primaryimage\"},\"thumbnailUrl\":\"https:\/\/dicodusport.fr\/blog\/wp-content\/uploads\/2023\/06\/Jeux-Europeens-2023-Lequipe-de-France-de-natation-artistique-titree-en-acrobatique.png\",\"keywords\":[\"br\u00e8ve\",\"natation\",\"natation artistique\",\"sport\"],\"articleSection\":[\"Multisports\",\"Natation\"],\"inLanguage\":\"fr-FR\",\"potentialAction\":[{\"@type\":\"CommentAction\",\"name\":\"Comment\",\"target\":[\"https:\/\/dicodusport.fr\/blog\/jeux-europeens-2023-lequipe-de-france-de-natation-artistique-titree-en-acrobatique\/#respond\"]}],\"copyrightYear\":\"2023\",\"copyrightHolder\":{\"@id\":\"https:\/\/dicodusport.fr\/blog\/#organization\"}},{\"@type\":\"WebPage\",\"@id\":\"https:\/\/dicodusport.fr\/blog\/jeux-europeens-2023-lequipe-de-france-de-natation-artistique-titree-en-acrobatique\/\",\"url\":\"https:\/\/dicodusport.fr\/blog\/jeux-europeens-2023-lequipe-de-france-de-natation-artistique-titree-en-acrobatique\/\",\"name\":\"Jeux Europ\u00e9ens 2023 : L'\u00e9quipe de France de natation artistique titr\u00e9e en acrobatique\",\"isPartOf\":{\"@id\":\"https:\/\/dicodusport.fr\/blog\/#website\"},\"primaryImageOfPage\":{\"@id\":\"https:\/\/dicodusport.fr\/blog\/jeux-europeens-2023-lequipe-de-france-de-natation-artistique-titree-en-acrobatique\/#primaryimage\"},\"image\":{\"@id\":\"https:\/\/dicodusport.fr\/blog\/jeux-europeens-2023-lequipe-de-france-de-natation-artistique-titree-en-acrobatique\/#primaryimage\"},\"thumbnailUrl\":\"https:\/\/dicodusport.fr\/blog\/wp-content\/uploads\/2023\/06\/Jeux-Europeens-2023-Lequipe-de-France-de-natation-artistique-titree-en-acrobatique.png\",\"datePublished\":\"2023-06-24T10:43:51+00:00\",\"description\":\"JEUX EUROP\u00c9ENS 2023 - Quelle merveilleuse fa\u00e7on de commencer la journ\u00e9e pour les Bleus \u00e0 Cracovie. Les Bleues de la natation artistique en or !\",\"breadcrumb\":{\"@id\":\"https:\/\/dicodusport.fr\/blog\/jeux-europeens-2023-lequipe-de-france-de-natation-artistique-titree-en-acrobatique\/#breadcrumb\"},\"inLanguage\":\"fr-FR\",\"potentialAction\":[{\"@type\":\"ReadAction\",\"target\":[\"https:\/\/dicodusport.fr\/blog\/jeux-europeens-2023-lequipe-de-france-de-natation-artistique-titree-en-acrobatique\/\"]}]},{\"@type\":\"ImageObject\",\"inLanguage\":\"fr-FR\",\"@id\":\"https:\/\/dicodusport.fr\/blog\/jeux-europeens-2023-lequipe-de-france-de-natation-artistique-titree-en-acrobatique\/#primaryimage\",\"url\":\"https:\/\/dicodusport.fr\/blog\/wp-content\/uploads\/2023\/06\/Jeux-Europeens-2023-Lequipe-de-France-de-natation-artistique-titree-en-acrobatique.png\",\"contentUrl\":\"https:\/\/dicodusport.fr\/blog\/wp-content\/uploads\/2023\/06\/Jeux-Europeens-2023-Lequipe-de-France-de-natation-artistique-titree-en-acrobatique.png\",\"width\":800,\"height\":445,\"caption\":\"Jeux Europ\u00e9ens 2023 L'\u00e9quipe de France de natation artistique titr\u00e9e en acrobatique\"},{\"@type\":\"BreadcrumbList\",\"@id\":\"https:\/\/dicodusport.fr\/blog\/jeux-europeens-2023-lequipe-de-france-de-natation-artistique-titree-en-acrobatique\/#breadcrumb\",\"itemListElement\":[{\"@type\":\"ListItem\",\"position\":1,\"name\":\"Accueil\",\"item\":\"https:\/\/dicodusport.fr\/blog\/\"},{\"@type\":\"ListItem\",\"position\":2,\"name\":\"Jeux Europ\u00e9ens 2023 : L&rsquo;\u00e9quipe de France de natation artistique titr\u00e9e en acrobatique\"}]},{\"@type\":\"WebSite\",\"@id\":\"https:\/\/dicodusport.fr\/blog\/#website\",\"url\":\"https:\/\/dicodusport.fr\/blog\/\",\"name\":\"Dicodusport\",\"description\":\"L&#039;encyclop\u00e9die de l&#039;actualit\u00e9 sportive\",\"publisher\":{\"@id\":\"https:\/\/dicodusport.fr\/blog\/#organization\"},\"potentialAction\":[{\"@type\":\"SearchAction\",\"target\":{\"@type\":\"EntryPoint\",\"urlTemplate\":\"https:\/\/dicodusport.fr\/blog\/?s={search_term_string}\"},\"query-input\":{\"@type\":\"PropertyValueSpecification\",\"valueRequired\":true,\"valueName\":\"search_term_string\"}}],\"inLanguage\":\"fr-FR\"},{\"@type\":\"NewsMediaOrganization\",\"@id\":\"https:\/\/dicodusport.fr\/blog\/#organization\",\"name\":\"Dicodusport\",\"url\":\"https:\/\/dicodusport.fr\/blog\/\",\"logo\":{\"@type\":\"ImageObject\",\"inLanguage\":\"fr-FR\",\"@id\":\"https:\/\/dicodusport.fr\/blog\/#\/schema\/logo\/image\/\",\"url\":\"https:\/\/dicodusport.fr\/blog\/wp-content\/uploads\/2020\/06\/cropped-LOGO-DICODUSPORT-2020-SANS-FOND-SANS-TEXTE.png\",\"contentUrl\":\"https:\/\/dicodusport.fr\/blog\/wp-content\/uploads\/2020\/06\/cropped-LOGO-DICODUSPORT-2020-SANS-FOND-SANS-TEXTE.png\",\"width\":512,\"height\":512,\"caption\":\"Dicodusport\"},\"image\":{\"@id\":\"https:\/\/dicodusport.fr\/blog\/#\/schema\/logo\/image\/\"},\"sameAs\":[\"https:\/\/www.facebook.com\/dicodusport\",\"https:\/\/x.com\/dicodusport\",\"https:\/\/www.instagram.com\/dicodusport\/\",\"https:\/\/www.youtube.com\/channel\/UC7V2KZ5sd3htJivAbA4ZG3w\"],\"description\":\"Dicodusport est l'encyclop\u00e9die de l'actualit\u00e9 sportive.\",\"email\":\"bonjour@dicodusport.fr\",\"legalName\":\"DICODUSPORT\",\"foundingDate\":\"2018-01-14\",\"vatID\":\"FR71834470973\",\"taxID\":\"83447097300043\",\"numberOfEmployees\":{\"@type\":\"QuantitativeValue\",\"minValue\":\"1\",\"maxValue\":\"10\"}},{\"@type\":\"Person\",\"@id\":\"https:\/\/dicodusport.fr\/blog\/#\/schema\/person\/5aab10ee856e86ac63e9819a9da34784\",\"name\":\"Maxime Boulard\",\"image\":{\"@type\":\"ImageObject\",\"inLanguage\":\"fr-FR\",\"@id\":\"https:\/\/dicodusport.fr\/blog\/#\/schema\/person\/image\/\",\"url\":\"https:\/\/dicodusport.fr\/blog\/wp-content\/uploads\/2021\/05\/Maxime-Boulard-150x150.jpg\",\"contentUrl\":\"https:\/\/dicodusport.fr\/blog\/wp-content\/uploads\/2021\/05\/Maxime-Boulard-150x150.jpg\",\"caption\":\"Maxime Boulard\"},\"description\":\"Journaliste\/r\u00e9dacteur depuis octobre 2020 - Si mon plus vieux souvenir de sport aurait pu m'en d\u00e9go\u00fbter, la finale de la Coupe du monde 2006 a \u00e9t\u00e9 tout le contraire. V\u00e9ritable d\u00e9clencheur d'une passion qui aujourd'hui ne fait que grandir avec le temps, mon leitmotiv est la France qui brille ! Je relate les exploits pass\u00e9s et pr\u00e9sents du sport bleu-blanc-rouge sans m\u00e9nagement depuis octobre 2020. Sport valide ou handisport, aucune diff\u00e9rence, il n'y a que du sport et plusieurs fa\u00e7ons de le pratiquer.\",\"sameAs\":[\"https:\/\/www.facebook.com\/Max.Bld2\/\",\"https:\/\/x.com\/https:\/\/twitter.com\/MaximeB_2\"],\"url\":\"https:\/\/dicodusport.fr\/blog\/author\/maxime-b\/\"}]}<\/script>\n<!-- \/ Yoast SEO Premium plugin. -->","yoast_head_json":{"title":"Jeux Europ\u00e9ens 2023 : L'\u00e9quipe de France de natation artistique titr\u00e9e en acrobatique","description":"JEUX EUROP\u00c9ENS 2023 - Quelle merveilleuse fa\u00e7on de commencer la journ\u00e9e pour les Bleus \u00e0 Cracovie. Les Bleues de la natation artistique en or !","robots":{"index":"index","follow":"follow","max-snippet":"max-snippet:-1","max-image-preview":"max-image-preview:large","max-video-preview":"max-video-preview:-1"},"canonical":"https:\/\/dicodusport.fr\/blog\/jeux-europeens-2023-lequipe-de-france-de-natation-artistique-titree-en-acrobatique\/","og_locale":"fr_FR","og_type":"article","og_title":"Jeux Europ\u00e9ens 2023 : L'\u00e9quipe de France de natation artistique titr\u00e9e en acrobatique","og_description":"JEUX EUROP\u00c9ENS 2023 - Quelle merveilleuse fa\u00e7on de commencer la journ\u00e9e pour les Bleus \u00e0 Cracovie. Les Bleues de la natation artistique en or !","og_url":"https:\/\/dicodusport.fr\/blog\/jeux-europeens-2023-lequipe-de-france-de-natation-artistique-titree-en-acrobatique\/","og_site_name":"Dicodusport","article_publisher":"https:\/\/www.facebook.com\/dicodusport","article_author":"https:\/\/www.facebook.com\/Max.Bld2\/","article_published_time":"2023-06-24T10:43:51+00:00","og_image":[{"width":800,"height":445,"url":"https:\/\/dicodusport.fr\/blog\/wp-content\/uploads\/2023\/06\/Jeux-Europeens-2023-Lequipe-de-France-de-natation-artistique-titree-en-acrobatique.png","type":"image\/png"}],"author":"Maxime Boulard","twitter_card":"summary_large_image","twitter_title":"Jeux Europ\u00e9ens 2023 : L'\u00e9quipe de France de natation artistique titr\u00e9e en acrobatique","twitter_creator":"@https:\/\/twitter.com\/MaximeB_2","twitter_site":"@dicodusport","schema":{"@context":"https:\/\/schema.org","@graph":[{"@type":"NewsArticle","@id":"https:\/\/dicodusport.fr\/blog\/jeux-europeens-2023-lequipe-de-france-de-natation-artistique-titree-en-acrobatique\/#article","isPartOf":{"@id":"https:\/\/dicodusport.fr\/blog\/jeux-europeens-2023-lequipe-de-france-de-natation-artistique-titree-en-acrobatique\/"},"author":{"name":"Maxime Boulard","@id":"https:\/\/dicodusport.fr\/blog\/#\/schema\/person\/5aab10ee856e86ac63e9819a9da34784"},"headline":"Jeux Europ\u00e9ens 2023 : L&rsquo;\u00e9quipe de France de natation artistique titr\u00e9e en acrobatique","datePublished":"2023-06-24T10:43:51+00:00","mainEntityOfPage":{"@id":"https:\/\/dicodusport.fr\/blog\/jeux-europeens-2023-lequipe-de-france-de-natation-artistique-titree-en-acrobatique\/"},"wordCount":317,"commentCount":0,"publisher":{"@id":"https:\/\/dicodusport.fr\/blog\/#organization"},"image":{"@id":"https:\/\/dicodusport.fr\/blog\/jeux-europeens-2023-lequipe-de-france-de-natation-artistique-titree-en-acrobatique\/#primaryimage"},"thumbnailUrl":"https:\/\/dicodusport.fr\/blog\/wp-content\/uploads\/2023\/06\/Jeux-Europeens-2023-Lequipe-de-France-de-natation-artistique-titree-en-acrobatique.png","keywords":["br\u00e8ve","natation","natation artistique","sport"],"articleSection":["Multisports","Natation"],"inLanguage":"fr-FR","potentialAction":[{"@type":"CommentAction","name":"Comment","target":["https:\/\/dicodusport.fr\/blog\/jeux-europeens-2023-lequipe-de-france-de-natation-artistique-titree-en-acrobatique\/#respond"]}],"copyrightYear":"2023","copyrightHolder":{"@id":"https:\/\/dicodusport.fr\/blog\/#organization"}},{"@type":"WebPage","@id":"https:\/\/dicodusport.fr\/blog\/jeux-europeens-2023-lequipe-de-france-de-natation-artistique-titree-en-acrobatique\/","url":"https:\/\/dicodusport.fr\/blog\/jeux-europeens-2023-lequipe-de-france-de-natation-artistique-titree-en-acrobatique\/","name":"Jeux Europ\u00e9ens 2023 : L'\u00e9quipe de France de natation artistique titr\u00e9e en acrobatique","isPartOf":{"@id":"https:\/\/dicodusport.fr\/blog\/#website"},"primaryImageOfPage":{"@id":"https:\/\/dicodusport.fr\/blog\/jeux-europeens-2023-lequipe-de-france-de-natation-artistique-titree-en-acrobatique\/#primaryimage"},"image":{"@id":"https:\/\/dicodusport.fr\/blog\/jeux-europeens-2023-lequipe-de-france-de-natation-artistique-titree-en-acrobatique\/#primaryimage"},"thumbnailUrl":"https:\/\/dicodusport.fr\/blog\/wp-content\/uploads\/2023\/06\/Jeux-Europeens-2023-Lequipe-de-France-de-natation-artistique-titree-en-acrobatique.png","datePublished":"2023-06-24T10:43:51+00:00","description":"JEUX EUROP\u00c9ENS 2023 - Quelle merveilleuse fa\u00e7on de commencer la journ\u00e9e pour les Bleus \u00e0 Cracovie. Les Bleues de la natation artistique en or !","breadcrumb":{"@id":"https:\/\/dicodusport.fr\/blog\/jeux-europeens-2023-lequipe-de-france-de-natation-artistique-titree-en-acrobatique\/#breadcrumb"},"inLanguage":"fr-FR","potentialAction":[{"@type":"ReadAction","target":["https:\/\/dicodusport.fr\/blog\/jeux-europeens-2023-lequipe-de-france-de-natation-artistique-titree-en-acrobatique\/"]}]},{"@type":"ImageObject","inLanguage":"fr-FR","@id":"https:\/\/dicodusport.fr\/blog\/jeux-europeens-2023-lequipe-de-france-de-natation-artistique-titree-en-acrobatique\/#primaryimage","url":"https:\/\/dicodusport.fr\/blog\/wp-content\/uploads\/2023\/06\/Jeux-Europeens-2023-Lequipe-de-France-de-natation-artistique-titree-en-acrobatique.png","contentUrl":"https:\/\/dicodusport.fr\/blog\/wp-content\/uploads\/2023\/06\/Jeux-Europeens-2023-Lequipe-de-France-de-natation-artistique-titree-en-acrobatique.png","width":800,"height":445,"caption":"Jeux Europ\u00e9ens 2023 L'\u00e9quipe de France de natation artistique titr\u00e9e en acrobatique"},{"@type":"BreadcrumbList","@id":"https:\/\/dicodusport.fr\/blog\/jeux-europeens-2023-lequipe-de-france-de-natation-artistique-titree-en-acrobatique\/#breadcrumb","itemListElement":[{"@type":"ListItem","position":1,"name":"Accueil","item":"https:\/\/dicodusport.fr\/blog\/"},{"@type":"ListItem","position":2,"name":"Jeux Europ\u00e9ens 2023 : L&rsquo;\u00e9quipe de France de natation artistique titr\u00e9e en acrobatique"}]},{"@type":"WebSite","@id":"https:\/\/dicodusport.fr\/blog\/#website","url":"https:\/\/dicodusport.fr\/blog\/","name":"Dicodusport","description":"L&#039;encyclop\u00e9die de l&#039;actualit\u00e9 sportive","publisher":{"@id":"https:\/\/dicodusport.fr\/blog\/#organization"},"potentialAction":[{"@type":"SearchAction","target":{"@type":"EntryPoint","urlTemplate":"https:\/\/dicodusport.fr\/blog\/?s={search_term_string}"},"query-input":{"@type":"PropertyValueSpecification","valueRequired":true,"valueName":"search_term_string"}}],"inLanguage":"fr-FR"},{"@type":"NewsMediaOrganization","@id":"https:\/\/dicodusport.fr\/blog\/#organization","name":"Dicodusport","url":"https:\/\/dicodusport.fr\/blog\/","logo":{"@type":"ImageObject","inLanguage":"fr-FR","@id":"https:\/\/dicodusport.fr\/blog\/#\/schema\/logo\/image\/","url":"https:\/\/dicodusport.fr\/blog\/wp-content\/uploads\/2020\/06\/cropped-LOGO-DICODUSPORT-2020-SANS-FOND-SANS-TEXTE.png","contentUrl":"https:\/\/dicodusport.fr\/blog\/wp-content\/uploads\/2020\/06\/cropped-LOGO-DICODUSPORT-2020-SANS-FOND-SANS-TEXTE.png","width":512,"height":512,"caption":"Dicodusport"},"image":{"@id":"https:\/\/dicodusport.fr\/blog\/#\/schema\/logo\/image\/"},"sameAs":["https:\/\/www.facebook.com\/dicodusport","https:\/\/x.com\/dicodusport","https:\/\/www.instagram.com\/dicodusport\/","https:\/\/www.youtube.com\/channel\/UC7V2KZ5sd3htJivAbA4ZG3w"],"description":"Dicodusport est l'encyclop\u00e9die de l'actualit\u00e9 sportive.","email":"bonjour@dicodusport.fr","legalName":"DICODUSPORT","foundingDate":"2018-01-14","vatID":"FR71834470973","taxID":"83447097300043","numberOfEmployees":{"@type":"QuantitativeValue","minValue":"1","maxValue":"10"}},{"@type":"Person","@id":"https:\/\/dicodusport.fr\/blog\/#\/schema\/person\/5aab10ee856e86ac63e9819a9da34784","name":"Maxime Boulard","image":{"@type":"ImageObject","inLanguage":"fr-FR","@id":"https:\/\/dicodusport.fr\/blog\/#\/schema\/person\/image\/","url":"https:\/\/dicodusport.fr\/blog\/wp-content\/uploads\/2021\/05\/Maxime-Boulard-150x150.jpg","contentUrl":"https:\/\/dicodusport.fr\/blog\/wp-content\/uploads\/2021\/05\/Maxime-Boulard-150x150.jpg","caption":"Maxime Boulard"},"description":"Journaliste\/r\u00e9dacteur depuis octobre 2020 - Si mon plus vieux souvenir de sport aurait pu m'en d\u00e9go\u00fbter, la finale de la Coupe du monde 2006 a \u00e9t\u00e9 tout le contraire. V\u00e9ritable d\u00e9clencheur d'une passion qui aujourd'hui ne fait que grandir avec le temps, mon leitmotiv est la France qui brille ! Je relate les exploits pass\u00e9s et pr\u00e9sents du sport bleu-blanc-rouge sans m\u00e9nagement depuis octobre 2020. Sport valide ou handisport, aucune diff\u00e9rence, il n'y a que du sport et plusieurs fa\u00e7ons de le pratiquer.","sameAs":["https:\/\/www.facebook.com\/Max.Bld2\/","https:\/\/x.com\/https:\/\/twitter.com\/MaximeB_2"],"url":"https:\/\/dicodusport.fr\/blog\/author\/maxime-b\/"}]}},"_links":{"self":[{"href":"https:\/\/dicodusport.fr\/blog\/wp-json\/wp\/v2\/posts\/394035","targetHints":{"allow":["GET"]}}],"collection":[{"href":"https:\/\/dicodusport.fr\/blog\/wp-json\/wp\/v2\/posts"}],"about":[{"href":"https:\/\/dicodusport.fr\/blog\/wp-json\/wp\/v2\/types\/post"}],"author":[{"embeddable":true,"href":"https:\/\/dicodusport.fr\/blog\/wp-json\/wp\/v2\/users\/43"}],"replies":[{"embeddable":true,"href":"https:\/\/dicodusport.fr\/blog\/wp-json\/wp\/v2\/comments?post=394035"}],"version-history":[{"count":0,"href":"https:\/\/dicodusport.fr\/blog\/wp-json\/wp\/v2\/posts\/394035\/revisions"}],"wp:featuredmedia":[{"embeddable":true,"href":"https:\/\/dicodusport.fr\/blog\/wp-json\/wp\/v2\/media\/394085"}],"wp:attachment":[{"href":"https:\/\/dicodusport.fr\/blog\/wp-json\/wp\/v2\/media?parent=394035"}],"wp:term":[{"taxonomy":"category","embeddable":true,"href":"https:\/\/dicodusport.fr\/blog\/wp-json\/wp\/v2\/categories?post=394035"},{"taxonomy":"post_tag","embeddable":true,"href":"https:\/\/dicodusport.fr\/blog\/wp-json\/wp\/v2\/tags?post=394035"}],"curies":[{"name":"wp","href":"https:\/\/api.w.org\/{rel}","templated":true}]}}