{"id":394065,"date":"2023-06-24T12:18:14","date_gmt":"2023-06-24T10:18:14","guid":{"rendered":"https:\/\/dicodusport.fr\/blog\/?p=394065&#038;preview=true&#038;preview_id=394065"},"modified":"2023-06-24T12:32:54","modified_gmt":"2023-06-24T10:32:54","slug":"mercato-psg-achraf-hakimi-pourrait-quitter-paris","status":"publish","type":"post","link":"https:\/\/dicodusport.fr\/blog\/mercato-psg-achraf-hakimi-pourrait-quitter-paris\/","title":{"rendered":"Mercato PSG : Achraf Hakimi pourrait quitter Paris"},"content":{"rendered":"<p align=\"justify\"><em><strong>LIGUE 1 2023-2024 &#8211; Selon Marca, Manchester City voudrait recruter Achraf Hakimi \u00e0 tout prix cet \u00e9t\u00e9 pour se renforcer dans le couloir droit.\u00a0<\/strong><\/em><\/p>\n<p align=\"justify\"><strong>Achraf<\/strong> <strong>Hakimi<\/strong> sera-t-il toujours un joueur du <strong>Paris Saint-Germain<\/strong> la saison prochaine ? L&rsquo;international marocain est sous contrat jusqu&rsquo;en juin 2026 et n&rsquo;a pas forc\u00e9ment de raisons de quitter le club. M\u00eame s&rsquo;il a \u00e9t\u00e9 secou\u00e9 par une affaire extra-sportive, il a toujours r\u00e9pondu pr\u00e9sent sur le terrain, et les lat\u00e9raux de son niveau sont une denr\u00e9e devenue tr\u00e8s rare.<\/p>\n<h2 style=\"text-align: justify;\" align=\"justify\">City souhaite recruter Achraf Hakimi<\/h2>\n<p align=\"justify\">Mais, selon le m\u00e9dia espagnol <em>Marca<\/em>, <strong>Manchester<\/strong> <strong>City<\/strong> serait pr\u00eat \u00e0 faire des folies pour s&rsquo;offrir le lat\u00e9ral marocain. Capable d&rsquo;\u00e9voluer dans une d\u00e9fense \u00e0 quatre ou \u00e0 cinq, <strong>Achraf<\/strong> <strong>Hakimi<\/strong> serait la priorit\u00e9 de Pep Guardiola, alors que le contrat de <strong>Kyle<\/strong> <strong>Walker<\/strong> arrive \u00e0 terme dans seulement 12 mois. Le <strong>Bayern<\/strong> <strong>Munich<\/strong> fait d&rsquo;ailleurs le forcing pour le recruter.<\/p>\n<p align=\"justify\">Le <strong>Paris Saint-Germain<\/strong> n&rsquo;a pas vraiment d&rsquo;int\u00e9r\u00eat \u00e0 vendre <strong>Achraf<\/strong> <strong>Hakimi<\/strong>, \u00e0 moins de s&rsquo;en servir comme monnaie d&rsquo;\u00e9change pour <strong>Bernardo<\/strong> <strong>Silva<\/strong>. Le Portugais est annonc\u00e9 en Arabie Saoudite, mais le PSG n&rsquo;a pas abandonn\u00e9 l&rsquo;id\u00e9e de le recruter. Une autre possibilit\u00e9 serait un \u00e9change avec <strong>Jo\u00e3o<\/strong> <strong>Cancelo<\/strong> qui n&rsquo;entre plus dans les plans de <strong>Pep<\/strong> <strong>Guradiola<\/strong>.<\/p>\n<blockquote class=\"twitter-tweet\">\n<p dir=\"ltr\" lang=\"fr\">\ud83d\udea8\ud83d\udca3 Manchester City souhaite recruter Achraf Hakimi et n&rsquo;h\u00e9sitera pas \u00e0 payer le prix fort pour s&rsquo;offrir le marocain !<\/p>\n<p>(<a href=\"https:\/\/twitter.com\/marca?ref_src=twsrc%5Etfw\">@marca<\/a>) <a href=\"https:\/\/t.co\/JHnGvqjjpu\">pic.twitter.com\/JHnGvqjjpu<\/a><\/p>\n<p>\u2014 BeFootball (@_BeFootball) <a href=\"https:\/\/twitter.com\/_BeFootball\/status\/1672541053495263235?ref_src=twsrc%5Etfw\">June 24, 2023<\/a><\/p><\/blockquote>\n<p><script async src=\"https:\/\/platform.twitter.com\/widgets.js\" charset=\"utf-8\"><\/script><\/p>\n","protected":false},"excerpt":{"rendered":"<p>LIGUE 1 2023-2024 &#8211; Selon Marca, Manchester City voudrait recruter Achraf Hakimi \u00e0 tout prix cet \u00e9t\u00e9 pour se renforcer dans le couloir droit.\u00a0<\/p>\n","protected":false},"author":1,"featured_media":394067,"comment_status":"open","ping_status":"closed","sticky":false,"template":"","format":"standard","meta":{"_acf_changed":false,"_daextam_enable_autolinks":"","footnotes":""},"categories":[2301,47045],"tags":[16878,75,1555,429,910],"class_list":["post-394065","post","type-post","status-publish","format-standard","has-post-thumbnail","hentry","category-football","category-ligue-1","tag-breve","tag-football","tag-mercato","tag-paris","tag-psg"],"acf":[],"yoast_head":"<!-- This site is optimized with the Yoast SEO Premium plugin v26.7 (Yoast SEO v26.7) - https:\/\/yoast.com\/wordpress\/plugins\/seo\/ -->\n<title>Mercato PSG : Achraf Hakimi pourrait quitter Paris<\/title>\n<meta name=\"description\" content=\"LIGUE 1 2023-2024 - Manchester City voudrait recruter Achraf Hakimi \u00e0 tout prix cet \u00e9t\u00e9 pour se renforcer dans le couloir droit.\u00a0\" \/>\n<meta name=\"robots\" content=\"index, follow, max-snippet:-1, max-image-preview:large, max-video-preview:-1\" \/>\n<link rel=\"canonical\" href=\"https:\/\/dicodusport.fr\/blog\/mercato-psg-achraf-hakimi-pourrait-quitter-paris\/\" \/>\n<meta property=\"og:locale\" content=\"fr_FR\" \/>\n<meta property=\"og:type\" content=\"article\" \/>\n<meta property=\"og:title\" content=\"Mercato PSG : Achraf Hakimi pourrait quitter Paris\" \/>\n<meta property=\"og:description\" content=\"LIGUE 1 2023-2024 - Manchester City voudrait recruter Achraf Hakimi \u00e0 tout prix cet \u00e9t\u00e9 pour se renforcer dans le couloir droit.\u00a0\" \/>\n<meta property=\"og:url\" content=\"https:\/\/dicodusport.fr\/blog\/mercato-psg-achraf-hakimi-pourrait-quitter-paris\/\" \/>\n<meta property=\"og:site_name\" content=\"Dicodusport\" \/>\n<meta property=\"article:publisher\" content=\"https:\/\/www.facebook.com\/dicodusport\" \/>\n<meta property=\"article:author\" content=\"https:\/\/www.facebook.com\/dicodusport\" \/>\n<meta property=\"article:published_time\" content=\"2023-06-24T10:18:14+00:00\" \/>\n<meta property=\"article:modified_time\" content=\"2023-06-24T10:32:54+00:00\" \/>\n<meta property=\"og:image\" content=\"https:\/\/dicodusport.fr\/blog\/wp-content\/uploads\/2023\/06\/Mercato-PSG-Achraf-Hakimi-pourrait-quitter-Paris.png\" \/>\n\t<meta property=\"og:image:width\" content=\"800\" \/>\n\t<meta property=\"og:image:height\" content=\"445\" \/>\n\t<meta property=\"og:image:type\" content=\"image\/png\" \/>\n<meta name=\"author\" content=\"Nicolas Jacquemard\" \/>\n<meta name=\"twitter:card\" content=\"summary_large_image\" \/>\n<meta name=\"twitter:title\" content=\"Mercato PSG : Achraf Hakimi pourrait quitter Paris\" \/>\n<meta name=\"twitter:creator\" content=\"@https:\/\/twitter.com\/Nico_Jacquemard\" \/>\n<meta name=\"twitter:site\" content=\"@dicodusport\" \/>\n<script type=\"application\/ld+json\" class=\"yoast-schema-graph\">{\"@context\":\"https:\/\/schema.org\",\"@graph\":[{\"@type\":\"NewsArticle\",\"@id\":\"https:\/\/dicodusport.fr\/blog\/mercato-psg-achraf-hakimi-pourrait-quitter-paris\/#article\",\"isPartOf\":{\"@id\":\"https:\/\/dicodusport.fr\/blog\/mercato-psg-achraf-hakimi-pourrait-quitter-paris\/\"},\"author\":{\"name\":\"Nicolas Jacquemard\",\"@id\":\"https:\/\/dicodusport.fr\/blog\/#\/schema\/person\/55dcb50ad410894e431ed812bbb70191\"},\"headline\":\"Mercato PSG : Achraf Hakimi pourrait quitter Paris\",\"datePublished\":\"2023-06-24T10:18:14+00:00\",\"dateModified\":\"2023-06-24T10:32:54+00:00\",\"mainEntityOfPage\":{\"@id\":\"https:\/\/dicodusport.fr\/blog\/mercato-psg-achraf-hakimi-pourrait-quitter-paris\/\"},\"wordCount\":260,\"commentCount\":0,\"publisher\":{\"@id\":\"https:\/\/dicodusport.fr\/blog\/#organization\"},\"image\":{\"@id\":\"https:\/\/dicodusport.fr\/blog\/mercato-psg-achraf-hakimi-pourrait-quitter-paris\/#primaryimage\"},\"thumbnailUrl\":\"https:\/\/dicodusport.fr\/blog\/wp-content\/uploads\/2023\/06\/Mercato-PSG-Achraf-Hakimi-pourrait-quitter-Paris.png\",\"keywords\":[\"br\u00e8ve\",\"Football\",\"Mercato\",\"Paris\",\"PSG\"],\"articleSection\":[\"Football\",\"Ligue 1\"],\"inLanguage\":\"fr-FR\",\"potentialAction\":[{\"@type\":\"CommentAction\",\"name\":\"Comment\",\"target\":[\"https:\/\/dicodusport.fr\/blog\/mercato-psg-achraf-hakimi-pourrait-quitter-paris\/#respond\"]}],\"copyrightYear\":\"2023\",\"copyrightHolder\":{\"@id\":\"https:\/\/dicodusport.fr\/blog\/#organization\"}},{\"@type\":\"WebPage\",\"@id\":\"https:\/\/dicodusport.fr\/blog\/mercato-psg-achraf-hakimi-pourrait-quitter-paris\/\",\"url\":\"https:\/\/dicodusport.fr\/blog\/mercato-psg-achraf-hakimi-pourrait-quitter-paris\/\",\"name\":\"Mercato PSG : Achraf Hakimi pourrait quitter Paris\",\"isPartOf\":{\"@id\":\"https:\/\/dicodusport.fr\/blog\/#website\"},\"primaryImageOfPage\":{\"@id\":\"https:\/\/dicodusport.fr\/blog\/mercato-psg-achraf-hakimi-pourrait-quitter-paris\/#primaryimage\"},\"image\":{\"@id\":\"https:\/\/dicodusport.fr\/blog\/mercato-psg-achraf-hakimi-pourrait-quitter-paris\/#primaryimage\"},\"thumbnailUrl\":\"https:\/\/dicodusport.fr\/blog\/wp-content\/uploads\/2023\/06\/Mercato-PSG-Achraf-Hakimi-pourrait-quitter-Paris.png\",\"datePublished\":\"2023-06-24T10:18:14+00:00\",\"dateModified\":\"2023-06-24T10:32:54+00:00\",\"description\":\"LIGUE 1 2023-2024 - Manchester City voudrait recruter Achraf Hakimi \u00e0 tout prix cet \u00e9t\u00e9 pour se renforcer dans le couloir droit.\u00a0\",\"breadcrumb\":{\"@id\":\"https:\/\/dicodusport.fr\/blog\/mercato-psg-achraf-hakimi-pourrait-quitter-paris\/#breadcrumb\"},\"inLanguage\":\"fr-FR\",\"potentialAction\":[{\"@type\":\"ReadAction\",\"target\":[\"https:\/\/dicodusport.fr\/blog\/mercato-psg-achraf-hakimi-pourrait-quitter-paris\/\"]}]},{\"@type\":\"ImageObject\",\"inLanguage\":\"fr-FR\",\"@id\":\"https:\/\/dicodusport.fr\/blog\/mercato-psg-achraf-hakimi-pourrait-quitter-paris\/#primaryimage\",\"url\":\"https:\/\/dicodusport.fr\/blog\/wp-content\/uploads\/2023\/06\/Mercato-PSG-Achraf-Hakimi-pourrait-quitter-Paris.png\",\"contentUrl\":\"https:\/\/dicodusport.fr\/blog\/wp-content\/uploads\/2023\/06\/Mercato-PSG-Achraf-Hakimi-pourrait-quitter-Paris.png\",\"width\":800,\"height\":445},{\"@type\":\"BreadcrumbList\",\"@id\":\"https:\/\/dicodusport.fr\/blog\/mercato-psg-achraf-hakimi-pourrait-quitter-paris\/#breadcrumb\",\"itemListElement\":[{\"@type\":\"ListItem\",\"position\":1,\"name\":\"Accueil\",\"item\":\"https:\/\/dicodusport.fr\/blog\/\"},{\"@type\":\"ListItem\",\"position\":2,\"name\":\"Mercato PSG : Achraf Hakimi pourrait quitter Paris\"}]},{\"@type\":\"WebSite\",\"@id\":\"https:\/\/dicodusport.fr\/blog\/#website\",\"url\":\"https:\/\/dicodusport.fr\/blog\/\",\"name\":\"Dicodusport\",\"description\":\"L&#039;encyclop\u00e9die de l&#039;actualit\u00e9 sportive\",\"publisher\":{\"@id\":\"https:\/\/dicodusport.fr\/blog\/#organization\"},\"potentialAction\":[{\"@type\":\"SearchAction\",\"target\":{\"@type\":\"EntryPoint\",\"urlTemplate\":\"https:\/\/dicodusport.fr\/blog\/?s={search_term_string}\"},\"query-input\":{\"@type\":\"PropertyValueSpecification\",\"valueRequired\":true,\"valueName\":\"search_term_string\"}}],\"inLanguage\":\"fr-FR\"},{\"@type\":\"NewsMediaOrganization\",\"@id\":\"https:\/\/dicodusport.fr\/blog\/#organization\",\"name\":\"Dicodusport\",\"url\":\"https:\/\/dicodusport.fr\/blog\/\",\"logo\":{\"@type\":\"ImageObject\",\"inLanguage\":\"fr-FR\",\"@id\":\"https:\/\/dicodusport.fr\/blog\/#\/schema\/logo\/image\/\",\"url\":\"https:\/\/dicodusport.fr\/blog\/wp-content\/uploads\/2020\/06\/cropped-LOGO-DICODUSPORT-2020-SANS-FOND-SANS-TEXTE.png\",\"contentUrl\":\"https:\/\/dicodusport.fr\/blog\/wp-content\/uploads\/2020\/06\/cropped-LOGO-DICODUSPORT-2020-SANS-FOND-SANS-TEXTE.png\",\"width\":512,\"height\":512,\"caption\":\"Dicodusport\"},\"image\":{\"@id\":\"https:\/\/dicodusport.fr\/blog\/#\/schema\/logo\/image\/\"},\"sameAs\":[\"https:\/\/www.facebook.com\/dicodusport\",\"https:\/\/x.com\/dicodusport\",\"https:\/\/www.instagram.com\/dicodusport\/\",\"https:\/\/www.youtube.com\/channel\/UC7V2KZ5sd3htJivAbA4ZG3w\"],\"description\":\"Dicodusport est l'encyclop\u00e9die de l'actualit\u00e9 sportive.\",\"email\":\"bonjour@dicodusport.fr\",\"legalName\":\"DICODUSPORT\",\"foundingDate\":\"2018-01-14\",\"vatID\":\"FR71834470973\",\"taxID\":\"83447097300043\",\"numberOfEmployees\":{\"@type\":\"QuantitativeValue\",\"minValue\":\"1\",\"maxValue\":\"10\"}},{\"@type\":\"Person\",\"@id\":\"https:\/\/dicodusport.fr\/blog\/#\/schema\/person\/55dcb50ad410894e431ed812bbb70191\",\"name\":\"Nicolas Jacquemard\",\"image\":{\"@type\":\"ImageObject\",\"inLanguage\":\"fr-FR\",\"@id\":\"https:\/\/dicodusport.fr\/blog\/#\/schema\/person\/image\/\",\"url\":\"https:\/\/dicodusport.fr\/blog\/wp-content\/uploads\/2021\/05\/Nicolas-Jacquemard-150x150.jpeg\",\"contentUrl\":\"https:\/\/dicodusport.fr\/blog\/wp-content\/uploads\/2021\/05\/Nicolas-Jacquemard-150x150.jpeg\",\"caption\":\"Nicolas Jacquemard\"},\"description\":\"Passionn\u00e9 de sport et entrepreneur depuis mes 18 ans, la cr\u00e9ation de Dicodusport m'a sembl\u00e9 \u00e9vidente pour participer \u00e0 la m\u00e9diatisation d'un plus grand nombre de sports. Le chemin est long mais avec une \u00e9quipe des plus motiv\u00e9es et les Jeux Olympiques de Paris 2024 en point de mire, nous y arriverons ! Journaliste dans le monde du sport depuis plus de 5 ans, je traite aussi bien de football, de rugby, de biathlon que de cyclisme.\",\"sameAs\":[\"https:\/\/www.facebook.com\/dicodusport\",\"https:\/\/x.com\/https:\/\/twitter.com\/Nico_Jacquemard\"],\"url\":\"https:\/\/dicodusport.fr\/blog\/author\/dicodusport\/\"}]}<\/script>\n<!-- \/ Yoast SEO Premium plugin. -->","yoast_head_json":{"title":"Mercato PSG : Achraf Hakimi pourrait quitter Paris","description":"LIGUE 1 2023-2024 - Manchester City voudrait recruter Achraf Hakimi \u00e0 tout prix cet \u00e9t\u00e9 pour se renforcer dans le couloir droit.\u00a0","robots":{"index":"index","follow":"follow","max-snippet":"max-snippet:-1","max-image-preview":"max-image-preview:large","max-video-preview":"max-video-preview:-1"},"canonical":"https:\/\/dicodusport.fr\/blog\/mercato-psg-achraf-hakimi-pourrait-quitter-paris\/","og_locale":"fr_FR","og_type":"article","og_title":"Mercato PSG : Achraf Hakimi pourrait quitter Paris","og_description":"LIGUE 1 2023-2024 - Manchester City voudrait recruter Achraf Hakimi \u00e0 tout prix cet \u00e9t\u00e9 pour se renforcer dans le couloir droit.\u00a0","og_url":"https:\/\/dicodusport.fr\/blog\/mercato-psg-achraf-hakimi-pourrait-quitter-paris\/","og_site_name":"Dicodusport","article_publisher":"https:\/\/www.facebook.com\/dicodusport","article_author":"https:\/\/www.facebook.com\/dicodusport","article_published_time":"2023-06-24T10:18:14+00:00","article_modified_time":"2023-06-24T10:32:54+00:00","og_image":[{"width":800,"height":445,"url":"https:\/\/dicodusport.fr\/blog\/wp-content\/uploads\/2023\/06\/Mercato-PSG-Achraf-Hakimi-pourrait-quitter-Paris.png","type":"image\/png"}],"author":"Nicolas Jacquemard","twitter_card":"summary_large_image","twitter_title":"Mercato PSG : Achraf Hakimi pourrait quitter Paris","twitter_creator":"@https:\/\/twitter.com\/Nico_Jacquemard","twitter_site":"@dicodusport","schema":{"@context":"https:\/\/schema.org","@graph":[{"@type":"NewsArticle","@id":"https:\/\/dicodusport.fr\/blog\/mercato-psg-achraf-hakimi-pourrait-quitter-paris\/#article","isPartOf":{"@id":"https:\/\/dicodusport.fr\/blog\/mercato-psg-achraf-hakimi-pourrait-quitter-paris\/"},"author":{"name":"Nicolas Jacquemard","@id":"https:\/\/dicodusport.fr\/blog\/#\/schema\/person\/55dcb50ad410894e431ed812bbb70191"},"headline":"Mercato PSG : Achraf Hakimi pourrait quitter Paris","datePublished":"2023-06-24T10:18:14+00:00","dateModified":"2023-06-24T10:32:54+00:00","mainEntityOfPage":{"@id":"https:\/\/dicodusport.fr\/blog\/mercato-psg-achraf-hakimi-pourrait-quitter-paris\/"},"wordCount":260,"commentCount":0,"publisher":{"@id":"https:\/\/dicodusport.fr\/blog\/#organization"},"image":{"@id":"https:\/\/dicodusport.fr\/blog\/mercato-psg-achraf-hakimi-pourrait-quitter-paris\/#primaryimage"},"thumbnailUrl":"https:\/\/dicodusport.fr\/blog\/wp-content\/uploads\/2023\/06\/Mercato-PSG-Achraf-Hakimi-pourrait-quitter-Paris.png","keywords":["br\u00e8ve","Football","Mercato","Paris","PSG"],"articleSection":["Football","Ligue 1"],"inLanguage":"fr-FR","potentialAction":[{"@type":"CommentAction","name":"Comment","target":["https:\/\/dicodusport.fr\/blog\/mercato-psg-achraf-hakimi-pourrait-quitter-paris\/#respond"]}],"copyrightYear":"2023","copyrightHolder":{"@id":"https:\/\/dicodusport.fr\/blog\/#organization"}},{"@type":"WebPage","@id":"https:\/\/dicodusport.fr\/blog\/mercato-psg-achraf-hakimi-pourrait-quitter-paris\/","url":"https:\/\/dicodusport.fr\/blog\/mercato-psg-achraf-hakimi-pourrait-quitter-paris\/","name":"Mercato PSG : Achraf Hakimi pourrait quitter Paris","isPartOf":{"@id":"https:\/\/dicodusport.fr\/blog\/#website"},"primaryImageOfPage":{"@id":"https:\/\/dicodusport.fr\/blog\/mercato-psg-achraf-hakimi-pourrait-quitter-paris\/#primaryimage"},"image":{"@id":"https:\/\/dicodusport.fr\/blog\/mercato-psg-achraf-hakimi-pourrait-quitter-paris\/#primaryimage"},"thumbnailUrl":"https:\/\/dicodusport.fr\/blog\/wp-content\/uploads\/2023\/06\/Mercato-PSG-Achraf-Hakimi-pourrait-quitter-Paris.png","datePublished":"2023-06-24T10:18:14+00:00","dateModified":"2023-06-24T10:32:54+00:00","description":"LIGUE 1 2023-2024 - Manchester City voudrait recruter Achraf Hakimi \u00e0 tout prix cet \u00e9t\u00e9 pour se renforcer dans le couloir droit.\u00a0","breadcrumb":{"@id":"https:\/\/dicodusport.fr\/blog\/mercato-psg-achraf-hakimi-pourrait-quitter-paris\/#breadcrumb"},"inLanguage":"fr-FR","potentialAction":[{"@type":"ReadAction","target":["https:\/\/dicodusport.fr\/blog\/mercato-psg-achraf-hakimi-pourrait-quitter-paris\/"]}]},{"@type":"ImageObject","inLanguage":"fr-FR","@id":"https:\/\/dicodusport.fr\/blog\/mercato-psg-achraf-hakimi-pourrait-quitter-paris\/#primaryimage","url":"https:\/\/dicodusport.fr\/blog\/wp-content\/uploads\/2023\/06\/Mercato-PSG-Achraf-Hakimi-pourrait-quitter-Paris.png","contentUrl":"https:\/\/dicodusport.fr\/blog\/wp-content\/uploads\/2023\/06\/Mercato-PSG-Achraf-Hakimi-pourrait-quitter-Paris.png","width":800,"height":445},{"@type":"BreadcrumbList","@id":"https:\/\/dicodusport.fr\/blog\/mercato-psg-achraf-hakimi-pourrait-quitter-paris\/#breadcrumb","itemListElement":[{"@type":"ListItem","position":1,"name":"Accueil","item":"https:\/\/dicodusport.fr\/blog\/"},{"@type":"ListItem","position":2,"name":"Mercato PSG : Achraf Hakimi pourrait quitter Paris"}]},{"@type":"WebSite","@id":"https:\/\/dicodusport.fr\/blog\/#website","url":"https:\/\/dicodusport.fr\/blog\/","name":"Dicodusport","description":"L&#039;encyclop\u00e9die de l&#039;actualit\u00e9 sportive","publisher":{"@id":"https:\/\/dicodusport.fr\/blog\/#organization"},"potentialAction":[{"@type":"SearchAction","target":{"@type":"EntryPoint","urlTemplate":"https:\/\/dicodusport.fr\/blog\/?s={search_term_string}"},"query-input":{"@type":"PropertyValueSpecification","valueRequired":true,"valueName":"search_term_string"}}],"inLanguage":"fr-FR"},{"@type":"NewsMediaOrganization","@id":"https:\/\/dicodusport.fr\/blog\/#organization","name":"Dicodusport","url":"https:\/\/dicodusport.fr\/blog\/","logo":{"@type":"ImageObject","inLanguage":"fr-FR","@id":"https:\/\/dicodusport.fr\/blog\/#\/schema\/logo\/image\/","url":"https:\/\/dicodusport.fr\/blog\/wp-content\/uploads\/2020\/06\/cropped-LOGO-DICODUSPORT-2020-SANS-FOND-SANS-TEXTE.png","contentUrl":"https:\/\/dicodusport.fr\/blog\/wp-content\/uploads\/2020\/06\/cropped-LOGO-DICODUSPORT-2020-SANS-FOND-SANS-TEXTE.png","width":512,"height":512,"caption":"Dicodusport"},"image":{"@id":"https:\/\/dicodusport.fr\/blog\/#\/schema\/logo\/image\/"},"sameAs":["https:\/\/www.facebook.com\/dicodusport","https:\/\/x.com\/dicodusport","https:\/\/www.instagram.com\/dicodusport\/","https:\/\/www.youtube.com\/channel\/UC7V2KZ5sd3htJivAbA4ZG3w"],"description":"Dicodusport est l'encyclop\u00e9die de l'actualit\u00e9 sportive.","email":"bonjour@dicodusport.fr","legalName":"DICODUSPORT","foundingDate":"2018-01-14","vatID":"FR71834470973","taxID":"83447097300043","numberOfEmployees":{"@type":"QuantitativeValue","minValue":"1","maxValue":"10"}},{"@type":"Person","@id":"https:\/\/dicodusport.fr\/blog\/#\/schema\/person\/55dcb50ad410894e431ed812bbb70191","name":"Nicolas Jacquemard","image":{"@type":"ImageObject","inLanguage":"fr-FR","@id":"https:\/\/dicodusport.fr\/blog\/#\/schema\/person\/image\/","url":"https:\/\/dicodusport.fr\/blog\/wp-content\/uploads\/2021\/05\/Nicolas-Jacquemard-150x150.jpeg","contentUrl":"https:\/\/dicodusport.fr\/blog\/wp-content\/uploads\/2021\/05\/Nicolas-Jacquemard-150x150.jpeg","caption":"Nicolas Jacquemard"},"description":"Passionn\u00e9 de sport et entrepreneur depuis mes 18 ans, la cr\u00e9ation de Dicodusport m'a sembl\u00e9 \u00e9vidente pour participer \u00e0 la m\u00e9diatisation d'un plus grand nombre de sports. Le chemin est long mais avec une \u00e9quipe des plus motiv\u00e9es et les Jeux Olympiques de Paris 2024 en point de mire, nous y arriverons ! Journaliste dans le monde du sport depuis plus de 5 ans, je traite aussi bien de football, de rugby, de biathlon que de cyclisme.","sameAs":["https:\/\/www.facebook.com\/dicodusport","https:\/\/x.com\/https:\/\/twitter.com\/Nico_Jacquemard"],"url":"https:\/\/dicodusport.fr\/blog\/author\/dicodusport\/"}]}},"_links":{"self":[{"href":"https:\/\/dicodusport.fr\/blog\/wp-json\/wp\/v2\/posts\/394065","targetHints":{"allow":["GET"]}}],"collection":[{"href":"https:\/\/dicodusport.fr\/blog\/wp-json\/wp\/v2\/posts"}],"about":[{"href":"https:\/\/dicodusport.fr\/blog\/wp-json\/wp\/v2\/types\/post"}],"author":[{"embeddable":true,"href":"https:\/\/dicodusport.fr\/blog\/wp-json\/wp\/v2\/users\/1"}],"replies":[{"embeddable":true,"href":"https:\/\/dicodusport.fr\/blog\/wp-json\/wp\/v2\/comments?post=394065"}],"version-history":[{"count":0,"href":"https:\/\/dicodusport.fr\/blog\/wp-json\/wp\/v2\/posts\/394065\/revisions"}],"wp:featuredmedia":[{"embeddable":true,"href":"https:\/\/dicodusport.fr\/blog\/wp-json\/wp\/v2\/media\/394067"}],"wp:attachment":[{"href":"https:\/\/dicodusport.fr\/blog\/wp-json\/wp\/v2\/media?parent=394065"}],"wp:term":[{"taxonomy":"category","embeddable":true,"href":"https:\/\/dicodusport.fr\/blog\/wp-json\/wp\/v2\/categories?post=394065"},{"taxonomy":"post_tag","embeddable":true,"href":"https:\/\/dicodusport.fr\/blog\/wp-json\/wp\/v2\/tags?post=394065"}],"curies":[{"name":"wp","href":"https:\/\/api.w.org\/{rel}","templated":true}]}}