{"id":39422,"date":"2019-05-17T11:00:03","date_gmt":"2019-05-17T09:00:03","guid":{"rendered":"http:\/\/dicodusport.fr\/blog\/?p=39422"},"modified":"2019-05-17T09:23:13","modified_gmt":"2019-05-17T07:23:13","slug":"juninho-le-retour-du-roi-de-lyon","status":"publish","type":"post","link":"https:\/\/dicodusport.fr\/blog\/juninho-le-retour-du-roi-de-lyon\/","title":{"rendered":"Juninho, le retour du roi de Lyon"},"content":{"rendered":"<p style=\"text-align: justify;\"><em><strong>C\u2019est l\u2019information forte de ces derniers jours en Ligue 1. Juninho, l\u2019ancienne star lyonnaise, devrait faire son retour \u00e0 l\u2019<a href=\"https:\/\/dicodusport.fr\/blog\/ligue-1-transferts-quel-mercato-estival-pour-l-ol\/\" target=\"_blank\" rel=\"noopener\">OL<\/a> d\u00e8s la saison prochaine. \u00a0<\/strong><\/em><\/p>\n<p style=\"text-align: justify;\">Si l\u2019on devait retenir un joueur de toute l\u2019histoire de l\u2019Olympique Lyonnais, Juninho se trouverait dans la \u00ab\u00a0short list\u00a0\u00bb des derniers pr\u00e9tendants au titre. L\u2019ancien milieu de terrain des Gones et v\u00e9ritable ma\u00eetre des coups-francs aura pass\u00e9 huit saisons sous le maillot de Lyon et remportera les 7 titres de champion de France cons\u00e9cutif.<\/p>\n<p style=\"text-align: justify;\">Dans les tiroirs depuis plusieurs semaines maintenant, l\u2019id\u00e9e de Jean-Michel Aulas de faire revenir la star br\u00e9silienne du c\u00f4t\u00e9 de Lyon aurait pris de l\u2019ampleur. Ce jeudi, c\u2019est <a href=\"https:\/\/www.lequipe.fr\/Football\/Article\/Retrouvailles-au-bercail-pour-juninho-futur-directeur-sportif-de-l-ol\/1019086\" target=\"_blank\" rel=\"noopener\">le journal L\u2019Equipe qui confirme l\u2019information<\/a>, en pr\u00e9cisant que Juninho devrait venir occuper le poste de directeur sportif ou bien de manager du club.<\/p>\n<p>https:\/\/twitter.com\/lequipe\/status\/1128902987265585152<\/p>\n<h1 style=\"text-align: justify;\">Le retour de Juninho, un gros coup ?<\/h1>\n<p style=\"text-align: justify;\">Apr\u00e8s les frondes r\u00e9guli\u00e8res des supporters lyonnais, notamment avec Bruno G\u00e9n\u00e9sio, le pr\u00e9sident Lyonnais, Jean-Michel Aulas, savait qu\u2019il devait frapper un gros coup sur le march\u00e9 des entra\u00eeneurs afin de s\u2019acheter un peu de r\u00e9pit dans une p\u00e9riode compliqu\u00e9e. En faisant revenir la star auriverde, le pr\u00e9sident lyonnais s\u2019attache ainsi les services de celui qui poss\u00e8de une \u00e9norme cote de popularit\u00e9 \u00e0 Lyon. De quoi apaiser les tensions un certain temps du c\u00f4t\u00e9 rhodanien.<\/p>\n<p><span class=\"4A3YgD0hFfi8uP56mB9SnIqlk\"><\/p>\n<blockquote class=\"twitter-tweet\" data-width=\"550\" data-dnt=\"true\">\n<p lang=\"fr\" dir=\"ltr\">\ud83d\udd34 D&#39;apr\u00e8s <a href=\"https:\/\/twitter.com\/AfterRMC?ref_src=twsrc%5Etfw\">@AfterRMC<\/a>, Juninho sera bel et bien le directeur sportif de Lyon la saison prochaine. Il ne reste plus qu&#39;un entra\u00eeneur \u00e0 trouver. <br \/>Selon eux, Laurent Blanc ne viendra pas. <a href=\"https:\/\/t.co\/LsXE0PGJAE\">pic.twitter.com\/LsXE0PGJAE<\/a><\/p>\n<p>&mdash; ActuGones (@ActuGones) <a href=\"https:\/\/twitter.com\/ActuGones\/status\/1128044995448115201?ref_src=twsrc%5Etfw\">May 13, 2019<\/a><\/p><\/blockquote>\n<p><script async src=\"https:\/\/platform.twitter.com\/widgets.js\" charset=\"utf-8\"><\/script><\/span><\/p>\n<p style=\"text-align: justify;\">Dans un r\u00f4le de directeur sportif bien plus proche des terrains qu\u2019\u00e0 l\u2019accoutum\u00e9e, Juninho devrait finalement tenir un r\u00f4le proche de celui-ci de co-entra\u00eeneur \u00e0 l\u2019Olympique Lyonnais. Reste \u00e0 savoir maintenant quel entra\u00eeneur (qui poss\u00e8de les dipl\u00f4mes) viendra s\u2019installer aux c\u00f4t\u00e9s du Br\u00e9silien et prendra place sur le banc rhodanien pour la reprise de la saison.<\/p>\n<p style=\"text-align: justify;\">D\u00e9j\u00e0 annonc\u00e9 depuis plusieurs semaines, la piste menant \u00e0 <strong>Sabri Lamouchi<\/strong>, libre depuis son d\u00e9part de Rennes, serait toujours d\u2019actualit\u00e9 du c\u00f4t\u00e9 de l\u2019OL. Mais deux autres noms reviennent avec insistance ces derniers jours. Il s\u2019agit en effet de ceux de <strong>Mikel Arteta<\/strong>, l\u2019actuel adjoint d\u2019un certain Pep Guardiola \u00e0 Manchester City, et de <strong>Tiago<\/strong>, lui aussi adjoint du c\u00f4t\u00e9 de l\u2019Atl\u00e9tico de Madrid et de Diego Simeone. Deux profils int\u00e9ressants dans l\u2019optique d\u2019une organisation peu commune aux c\u00f4t\u00e9s de Juninho. Mais lorsque l\u2019on conna\u00eet l\u2019importance qu\u2019accorde Jean-Michel Aulas \u00e0 ses anciens joueurs, on a comme l\u2019impression que la piste menant \u00e0 Tiago pourrait \u00eatre privil\u00e9gi\u00e9e\u2026<\/p>\n<p><strong><em>Bastien Pitte<br \/>\n<a href=\"https:\/\/www.facebook.com\/bastien.pitte\" target=\"_blank\" rel=\"noopener\"><img loading=\"lazy\" decoding=\"async\" class=\"alignnone wp-image-2909\" src=\"http:\/\/dicodusport.fr\/blog\/wp-content\/uploads\/2017\/07\/logo-facebook-150x150.png\" alt=\"\" width=\"39\" height=\"39\" \/><\/a><\/em><\/strong><a href=\"https:\/\/www.linkedin.com\/in\/bastien-pitte\" target=\"_blank\" rel=\"noopener\"><img loading=\"lazy\" decoding=\"async\" class=\"alignnone wp-image-3711\" src=\"http:\/\/dicodusport.fr\/blog\/wp-content\/uploads\/2017\/08\/signature-linkedin-150x150.png\" alt=\"\" width=\"39\" height=\"39\" srcset=\"https:\/\/dicodusport.fr\/blog\/wp-content\/uploads\/2017\/08\/signature-linkedin-150x150.png 150w, https:\/\/dicodusport.fr\/blog\/wp-content\/uploads\/2017\/08\/signature-linkedin.png 295w\" sizes=\"auto, (max-width: 39px) 100vw, 39px\" \/><\/a><\/p>\n","protected":false},"excerpt":{"rendered":"<p>C\u2019est l\u2019information forte de ces derniers jours en Ligue 1. Juninho, l\u2019ancienne star lyonnaise, devrait faire son retour \u00e0 l\u2019OL d\u00e8s la saison prochaine. \u00a0<\/p>\n","protected":false},"author":28,"featured_media":39428,"comment_status":"open","ping_status":"closed","sticky":false,"template":"","format":"standard","meta":{"_acf_changed":false,"_daextam_enable_autolinks":"","footnotes":""},"categories":[2,2301],"tags":[75,2845,1457,449,1145],"class_list":["post-39422","post","type-post","status-publish","format-standard","has-post-thumbnail","hentry","category-actualites","category-football","tag-football","tag-jean-michel-aulas","tag-juninho","tag-lyon","tag-ol"],"acf":[],"yoast_head":"<!-- This site is optimized with the Yoast SEO Premium plugin v26.7 (Yoast SEO v26.7) - https:\/\/yoast.com\/wordpress\/plugins\/seo\/ -->\n<title>Juninho, le retour du roi de Lyon<\/title>\n<meta name=\"description\" content=\"C\u2019est l\u2019information forte de ces derniers jours en Ligue 1. Juninho, l\u2019ancienne star lyonnaise, devrait faire son retour \u00e0 l\u2019OL d\u00e8s la saison prochaine. \u00a0\" \/>\n<meta name=\"robots\" content=\"index, follow, max-snippet:-1, max-image-preview:large, max-video-preview:-1\" \/>\n<link rel=\"canonical\" href=\"https:\/\/dicodusport.fr\/blog\/juninho-le-retour-du-roi-de-lyon\/\" \/>\n<meta property=\"og:locale\" content=\"fr_FR\" \/>\n<meta property=\"og:type\" content=\"article\" \/>\n<meta property=\"og:title\" content=\"Juninho, le retour du roi de Lyon\" \/>\n<meta property=\"og:description\" content=\"C\u2019est l\u2019information forte de ces derniers jours en Ligue 1. Juninho, l\u2019ancienne star lyonnaise, devrait faire son retour \u00e0 l\u2019OL d\u00e8s la saison prochaine. \u00a0\" \/>\n<meta property=\"og:url\" content=\"https:\/\/dicodusport.fr\/blog\/juninho-le-retour-du-roi-de-lyon\/\" \/>\n<meta property=\"og:site_name\" content=\"Dicodusport\" \/>\n<meta property=\"article:publisher\" content=\"https:\/\/www.facebook.com\/dicodusport\" \/>\n<meta property=\"article:published_time\" content=\"2019-05-17T09:00:03+00:00\" \/>\n<meta property=\"og:image\" content=\"https:\/\/dicodusport.fr\/blog\/wp-content\/uploads\/2019\/05\/Juninho-Lyon.png\" \/>\n\t<meta property=\"og:image:width\" content=\"800\" \/>\n\t<meta property=\"og:image:height\" content=\"445\" \/>\n\t<meta property=\"og:image:type\" content=\"image\/png\" \/>\n<meta name=\"author\" content=\"Bastien Pitte\" \/>\n<meta name=\"twitter:card\" content=\"summary_large_image\" \/>\n<meta name=\"twitter:creator\" content=\"@dicodusport\" \/>\n<meta name=\"twitter:site\" content=\"@dicodusport\" \/>\n<script type=\"application\/ld+json\" class=\"yoast-schema-graph\">{\"@context\":\"https:\/\/schema.org\",\"@graph\":[{\"@type\":\"NewsArticle\",\"@id\":\"https:\/\/dicodusport.fr\/blog\/juninho-le-retour-du-roi-de-lyon\/#article\",\"isPartOf\":{\"@id\":\"https:\/\/dicodusport.fr\/blog\/juninho-le-retour-du-roi-de-lyon\/\"},\"author\":{\"name\":\"Bastien Pitte\",\"@id\":\"https:\/\/dicodusport.fr\/blog\/#\/schema\/person\/0d3ca824646a2d0c77bdd7e45230c071\"},\"headline\":\"Juninho, le retour du roi de Lyon\",\"datePublished\":\"2019-05-17T09:00:03+00:00\",\"mainEntityOfPage\":{\"@id\":\"https:\/\/dicodusport.fr\/blog\/juninho-le-retour-du-roi-de-lyon\/\"},\"wordCount\":456,\"commentCount\":0,\"publisher\":{\"@id\":\"https:\/\/dicodusport.fr\/blog\/#organization\"},\"image\":{\"@id\":\"https:\/\/dicodusport.fr\/blog\/juninho-le-retour-du-roi-de-lyon\/#primaryimage\"},\"thumbnailUrl\":\"https:\/\/dicodusport.fr\/blog\/wp-content\/uploads\/2019\/05\/Juninho-Lyon.png\",\"keywords\":[\"Football\",\"Jean-Michel Aulas\",\"juninho\",\"Lyon\",\"OL\"],\"articleSection\":[\"Actualit\u00e9s\",\"Football\"],\"inLanguage\":\"fr-FR\",\"potentialAction\":[{\"@type\":\"CommentAction\",\"name\":\"Comment\",\"target\":[\"https:\/\/dicodusport.fr\/blog\/juninho-le-retour-du-roi-de-lyon\/#respond\"]}],\"copyrightYear\":\"2019\",\"copyrightHolder\":{\"@id\":\"https:\/\/dicodusport.fr\/blog\/#organization\"}},{\"@type\":\"WebPage\",\"@id\":\"https:\/\/dicodusport.fr\/blog\/juninho-le-retour-du-roi-de-lyon\/\",\"url\":\"https:\/\/dicodusport.fr\/blog\/juninho-le-retour-du-roi-de-lyon\/\",\"name\":\"Juninho, le retour du roi de Lyon\",\"isPartOf\":{\"@id\":\"https:\/\/dicodusport.fr\/blog\/#website\"},\"primaryImageOfPage\":{\"@id\":\"https:\/\/dicodusport.fr\/blog\/juninho-le-retour-du-roi-de-lyon\/#primaryimage\"},\"image\":{\"@id\":\"https:\/\/dicodusport.fr\/blog\/juninho-le-retour-du-roi-de-lyon\/#primaryimage\"},\"thumbnailUrl\":\"https:\/\/dicodusport.fr\/blog\/wp-content\/uploads\/2019\/05\/Juninho-Lyon.png\",\"datePublished\":\"2019-05-17T09:00:03+00:00\",\"description\":\"C\u2019est l\u2019information forte de ces derniers jours en Ligue 1. Juninho, l\u2019ancienne star lyonnaise, devrait faire son retour \u00e0 l\u2019OL d\u00e8s la saison prochaine. \u00a0\",\"breadcrumb\":{\"@id\":\"https:\/\/dicodusport.fr\/blog\/juninho-le-retour-du-roi-de-lyon\/#breadcrumb\"},\"inLanguage\":\"fr-FR\",\"potentialAction\":[{\"@type\":\"ReadAction\",\"target\":[\"https:\/\/dicodusport.fr\/blog\/juninho-le-retour-du-roi-de-lyon\/\"]}]},{\"@type\":\"ImageObject\",\"inLanguage\":\"fr-FR\",\"@id\":\"https:\/\/dicodusport.fr\/blog\/juninho-le-retour-du-roi-de-lyon\/#primaryimage\",\"url\":\"https:\/\/dicodusport.fr\/blog\/wp-content\/uploads\/2019\/05\/Juninho-Lyon.png\",\"contentUrl\":\"https:\/\/dicodusport.fr\/blog\/wp-content\/uploads\/2019\/05\/Juninho-Lyon.png\",\"width\":800,\"height\":445},{\"@type\":\"BreadcrumbList\",\"@id\":\"https:\/\/dicodusport.fr\/blog\/juninho-le-retour-du-roi-de-lyon\/#breadcrumb\",\"itemListElement\":[{\"@type\":\"ListItem\",\"position\":1,\"name\":\"Accueil\",\"item\":\"https:\/\/dicodusport.fr\/blog\/\"},{\"@type\":\"ListItem\",\"position\":2,\"name\":\"Juninho, le retour du roi de Lyon\"}]},{\"@type\":\"WebSite\",\"@id\":\"https:\/\/dicodusport.fr\/blog\/#website\",\"url\":\"https:\/\/dicodusport.fr\/blog\/\",\"name\":\"Dicodusport\",\"description\":\"L&#039;encyclop\u00e9die de l&#039;actualit\u00e9 sportive\",\"publisher\":{\"@id\":\"https:\/\/dicodusport.fr\/blog\/#organization\"},\"potentialAction\":[{\"@type\":\"SearchAction\",\"target\":{\"@type\":\"EntryPoint\",\"urlTemplate\":\"https:\/\/dicodusport.fr\/blog\/?s={search_term_string}\"},\"query-input\":{\"@type\":\"PropertyValueSpecification\",\"valueRequired\":true,\"valueName\":\"search_term_string\"}}],\"inLanguage\":\"fr-FR\"},{\"@type\":\"NewsMediaOrganization\",\"@id\":\"https:\/\/dicodusport.fr\/blog\/#organization\",\"name\":\"Dicodusport\",\"url\":\"https:\/\/dicodusport.fr\/blog\/\",\"logo\":{\"@type\":\"ImageObject\",\"inLanguage\":\"fr-FR\",\"@id\":\"https:\/\/dicodusport.fr\/blog\/#\/schema\/logo\/image\/\",\"url\":\"https:\/\/dicodusport.fr\/blog\/wp-content\/uploads\/2020\/06\/cropped-LOGO-DICODUSPORT-2020-SANS-FOND-SANS-TEXTE.png\",\"contentUrl\":\"https:\/\/dicodusport.fr\/blog\/wp-content\/uploads\/2020\/06\/cropped-LOGO-DICODUSPORT-2020-SANS-FOND-SANS-TEXTE.png\",\"width\":512,\"height\":512,\"caption\":\"Dicodusport\"},\"image\":{\"@id\":\"https:\/\/dicodusport.fr\/blog\/#\/schema\/logo\/image\/\"},\"sameAs\":[\"https:\/\/www.facebook.com\/dicodusport\",\"https:\/\/x.com\/dicodusport\",\"https:\/\/www.instagram.com\/dicodusport\/\",\"https:\/\/www.youtube.com\/channel\/UC7V2KZ5sd3htJivAbA4ZG3w\"],\"description\":\"Dicodusport est l'encyclop\u00e9die de l'actualit\u00e9 sportive.\",\"email\":\"bonjour@dicodusport.fr\",\"legalName\":\"DICODUSPORT\",\"foundingDate\":\"2018-01-14\",\"vatID\":\"FR71834470973\",\"taxID\":\"83447097300043\",\"numberOfEmployees\":{\"@type\":\"QuantitativeValue\",\"minValue\":\"1\",\"maxValue\":\"10\"}},{\"@type\":\"Person\",\"@id\":\"https:\/\/dicodusport.fr\/blog\/#\/schema\/person\/0d3ca824646a2d0c77bdd7e45230c071\",\"name\":\"Bastien Pitte\",\"image\":{\"@type\":\"ImageObject\",\"inLanguage\":\"fr-FR\",\"@id\":\"https:\/\/dicodusport.fr\/blog\/#\/schema\/person\/image\/\",\"url\":\"https:\/\/dicodusport.fr\/blog\/wp-content\/uploads\/2020\/06\/cropped-LOGO-DICODUSPORT-2020-SANS-FOND-SANS-TEXTE-150x150.png\",\"contentUrl\":\"https:\/\/dicodusport.fr\/blog\/wp-content\/uploads\/2020\/06\/cropped-LOGO-DICODUSPORT-2020-SANS-FOND-SANS-TEXTE-150x150.png\",\"caption\":\"Bastien Pitte\"},\"url\":\"https:\/\/dicodusport.fr\/blog\/author\/bastien\/\"}]}<\/script>\n<!-- \/ Yoast SEO Premium plugin. -->","yoast_head_json":{"title":"Juninho, le retour du roi de Lyon","description":"C\u2019est l\u2019information forte de ces derniers jours en Ligue 1. Juninho, l\u2019ancienne star lyonnaise, devrait faire son retour \u00e0 l\u2019OL d\u00e8s la saison prochaine. \u00a0","robots":{"index":"index","follow":"follow","max-snippet":"max-snippet:-1","max-image-preview":"max-image-preview:large","max-video-preview":"max-video-preview:-1"},"canonical":"https:\/\/dicodusport.fr\/blog\/juninho-le-retour-du-roi-de-lyon\/","og_locale":"fr_FR","og_type":"article","og_title":"Juninho, le retour du roi de Lyon","og_description":"C\u2019est l\u2019information forte de ces derniers jours en Ligue 1. Juninho, l\u2019ancienne star lyonnaise, devrait faire son retour \u00e0 l\u2019OL d\u00e8s la saison prochaine. \u00a0","og_url":"https:\/\/dicodusport.fr\/blog\/juninho-le-retour-du-roi-de-lyon\/","og_site_name":"Dicodusport","article_publisher":"https:\/\/www.facebook.com\/dicodusport","article_published_time":"2019-05-17T09:00:03+00:00","og_image":[{"width":800,"height":445,"url":"https:\/\/dicodusport.fr\/blog\/wp-content\/uploads\/2019\/05\/Juninho-Lyon.png","type":"image\/png"}],"author":"Bastien Pitte","twitter_card":"summary_large_image","twitter_creator":"@dicodusport","twitter_site":"@dicodusport","schema":{"@context":"https:\/\/schema.org","@graph":[{"@type":"NewsArticle","@id":"https:\/\/dicodusport.fr\/blog\/juninho-le-retour-du-roi-de-lyon\/#article","isPartOf":{"@id":"https:\/\/dicodusport.fr\/blog\/juninho-le-retour-du-roi-de-lyon\/"},"author":{"name":"Bastien Pitte","@id":"https:\/\/dicodusport.fr\/blog\/#\/schema\/person\/0d3ca824646a2d0c77bdd7e45230c071"},"headline":"Juninho, le retour du roi de Lyon","datePublished":"2019-05-17T09:00:03+00:00","mainEntityOfPage":{"@id":"https:\/\/dicodusport.fr\/blog\/juninho-le-retour-du-roi-de-lyon\/"},"wordCount":456,"commentCount":0,"publisher":{"@id":"https:\/\/dicodusport.fr\/blog\/#organization"},"image":{"@id":"https:\/\/dicodusport.fr\/blog\/juninho-le-retour-du-roi-de-lyon\/#primaryimage"},"thumbnailUrl":"https:\/\/dicodusport.fr\/blog\/wp-content\/uploads\/2019\/05\/Juninho-Lyon.png","keywords":["Football","Jean-Michel Aulas","juninho","Lyon","OL"],"articleSection":["Actualit\u00e9s","Football"],"inLanguage":"fr-FR","potentialAction":[{"@type":"CommentAction","name":"Comment","target":["https:\/\/dicodusport.fr\/blog\/juninho-le-retour-du-roi-de-lyon\/#respond"]}],"copyrightYear":"2019","copyrightHolder":{"@id":"https:\/\/dicodusport.fr\/blog\/#organization"}},{"@type":"WebPage","@id":"https:\/\/dicodusport.fr\/blog\/juninho-le-retour-du-roi-de-lyon\/","url":"https:\/\/dicodusport.fr\/blog\/juninho-le-retour-du-roi-de-lyon\/","name":"Juninho, le retour du roi de Lyon","isPartOf":{"@id":"https:\/\/dicodusport.fr\/blog\/#website"},"primaryImageOfPage":{"@id":"https:\/\/dicodusport.fr\/blog\/juninho-le-retour-du-roi-de-lyon\/#primaryimage"},"image":{"@id":"https:\/\/dicodusport.fr\/blog\/juninho-le-retour-du-roi-de-lyon\/#primaryimage"},"thumbnailUrl":"https:\/\/dicodusport.fr\/blog\/wp-content\/uploads\/2019\/05\/Juninho-Lyon.png","datePublished":"2019-05-17T09:00:03+00:00","description":"C\u2019est l\u2019information forte de ces derniers jours en Ligue 1. Juninho, l\u2019ancienne star lyonnaise, devrait faire son retour \u00e0 l\u2019OL d\u00e8s la saison prochaine. \u00a0","breadcrumb":{"@id":"https:\/\/dicodusport.fr\/blog\/juninho-le-retour-du-roi-de-lyon\/#breadcrumb"},"inLanguage":"fr-FR","potentialAction":[{"@type":"ReadAction","target":["https:\/\/dicodusport.fr\/blog\/juninho-le-retour-du-roi-de-lyon\/"]}]},{"@type":"ImageObject","inLanguage":"fr-FR","@id":"https:\/\/dicodusport.fr\/blog\/juninho-le-retour-du-roi-de-lyon\/#primaryimage","url":"https:\/\/dicodusport.fr\/blog\/wp-content\/uploads\/2019\/05\/Juninho-Lyon.png","contentUrl":"https:\/\/dicodusport.fr\/blog\/wp-content\/uploads\/2019\/05\/Juninho-Lyon.png","width":800,"height":445},{"@type":"BreadcrumbList","@id":"https:\/\/dicodusport.fr\/blog\/juninho-le-retour-du-roi-de-lyon\/#breadcrumb","itemListElement":[{"@type":"ListItem","position":1,"name":"Accueil","item":"https:\/\/dicodusport.fr\/blog\/"},{"@type":"ListItem","position":2,"name":"Juninho, le retour du roi de Lyon"}]},{"@type":"WebSite","@id":"https:\/\/dicodusport.fr\/blog\/#website","url":"https:\/\/dicodusport.fr\/blog\/","name":"Dicodusport","description":"L&#039;encyclop\u00e9die de l&#039;actualit\u00e9 sportive","publisher":{"@id":"https:\/\/dicodusport.fr\/blog\/#organization"},"potentialAction":[{"@type":"SearchAction","target":{"@type":"EntryPoint","urlTemplate":"https:\/\/dicodusport.fr\/blog\/?s={search_term_string}"},"query-input":{"@type":"PropertyValueSpecification","valueRequired":true,"valueName":"search_term_string"}}],"inLanguage":"fr-FR"},{"@type":"NewsMediaOrganization","@id":"https:\/\/dicodusport.fr\/blog\/#organization","name":"Dicodusport","url":"https:\/\/dicodusport.fr\/blog\/","logo":{"@type":"ImageObject","inLanguage":"fr-FR","@id":"https:\/\/dicodusport.fr\/blog\/#\/schema\/logo\/image\/","url":"https:\/\/dicodusport.fr\/blog\/wp-content\/uploads\/2020\/06\/cropped-LOGO-DICODUSPORT-2020-SANS-FOND-SANS-TEXTE.png","contentUrl":"https:\/\/dicodusport.fr\/blog\/wp-content\/uploads\/2020\/06\/cropped-LOGO-DICODUSPORT-2020-SANS-FOND-SANS-TEXTE.png","width":512,"height":512,"caption":"Dicodusport"},"image":{"@id":"https:\/\/dicodusport.fr\/blog\/#\/schema\/logo\/image\/"},"sameAs":["https:\/\/www.facebook.com\/dicodusport","https:\/\/x.com\/dicodusport","https:\/\/www.instagram.com\/dicodusport\/","https:\/\/www.youtube.com\/channel\/UC7V2KZ5sd3htJivAbA4ZG3w"],"description":"Dicodusport est l'encyclop\u00e9die de l'actualit\u00e9 sportive.","email":"bonjour@dicodusport.fr","legalName":"DICODUSPORT","foundingDate":"2018-01-14","vatID":"FR71834470973","taxID":"83447097300043","numberOfEmployees":{"@type":"QuantitativeValue","minValue":"1","maxValue":"10"}},{"@type":"Person","@id":"https:\/\/dicodusport.fr\/blog\/#\/schema\/person\/0d3ca824646a2d0c77bdd7e45230c071","name":"Bastien Pitte","image":{"@type":"ImageObject","inLanguage":"fr-FR","@id":"https:\/\/dicodusport.fr\/blog\/#\/schema\/person\/image\/","url":"https:\/\/dicodusport.fr\/blog\/wp-content\/uploads\/2020\/06\/cropped-LOGO-DICODUSPORT-2020-SANS-FOND-SANS-TEXTE-150x150.png","contentUrl":"https:\/\/dicodusport.fr\/blog\/wp-content\/uploads\/2020\/06\/cropped-LOGO-DICODUSPORT-2020-SANS-FOND-SANS-TEXTE-150x150.png","caption":"Bastien Pitte"},"url":"https:\/\/dicodusport.fr\/blog\/author\/bastien\/"}]}},"_links":{"self":[{"href":"https:\/\/dicodusport.fr\/blog\/wp-json\/wp\/v2\/posts\/39422","targetHints":{"allow":["GET"]}}],"collection":[{"href":"https:\/\/dicodusport.fr\/blog\/wp-json\/wp\/v2\/posts"}],"about":[{"href":"https:\/\/dicodusport.fr\/blog\/wp-json\/wp\/v2\/types\/post"}],"author":[{"embeddable":true,"href":"https:\/\/dicodusport.fr\/blog\/wp-json\/wp\/v2\/users\/28"}],"replies":[{"embeddable":true,"href":"https:\/\/dicodusport.fr\/blog\/wp-json\/wp\/v2\/comments?post=39422"}],"version-history":[{"count":0,"href":"https:\/\/dicodusport.fr\/blog\/wp-json\/wp\/v2\/posts\/39422\/revisions"}],"wp:featuredmedia":[{"embeddable":true,"href":"https:\/\/dicodusport.fr\/blog\/wp-json\/wp\/v2\/media\/39428"}],"wp:attachment":[{"href":"https:\/\/dicodusport.fr\/blog\/wp-json\/wp\/v2\/media?parent=39422"}],"wp:term":[{"taxonomy":"category","embeddable":true,"href":"https:\/\/dicodusport.fr\/blog\/wp-json\/wp\/v2\/categories?post=39422"},{"taxonomy":"post_tag","embeddable":true,"href":"https:\/\/dicodusport.fr\/blog\/wp-json\/wp\/v2\/tags?post=39422"}],"curies":[{"name":"wp","href":"https:\/\/api.w.org\/{rel}","templated":true}]}}