{"id":394587,"date":"2023-06-25T22:54:51","date_gmt":"2023-06-25T20:54:51","guid":{"rendered":"https:\/\/dicodusport.fr\/blog\/?p=394587"},"modified":"2023-06-25T22:54:51","modified_gmt":"2023-06-25T20:54:51","slug":"jeux-europeens-2023-zelia-avezou-survole-la-finale-de-bloc-et-decroche-lor","status":"publish","type":"post","link":"https:\/\/dicodusport.fr\/blog\/jeux-europeens-2023-zelia-avezou-survole-la-finale-de-bloc-et-decroche-lor\/","title":{"rendered":"Jeux Europ\u00e9ens 2023 : Z\u00e9lia Avezou survole la finale de bloc et d\u00e9croche l&rsquo;or"},"content":{"rendered":"<p style=\"text-align: justify;\"><strong><em>JEUX EUROP\u00c9ENS 2023 &#8211; Z\u00e9lia Avezou est venue parachever des Jeux Europ\u00e9ens incroyablement r\u00e9ussis pour l&rsquo;\u00e9quipe de France d&rsquo;escalade. M\u00e9daill\u00e9e d&rsquo;argent hier en difficult\u00e9, elle a gravi la derni\u00e8re marche pour prendre l&rsquo;or en bloc.<\/em><\/strong><\/p>\n<h2>La finale parfaite<\/h2>\n<p style=\"text-align: justify;\">Elle \u00e9tait favorite, <strong>Z\u00e9lia Avezou<\/strong> a confirm\u00e9 pourquoi elle l&rsquo;\u00e9tait. Petite s\u0153ur de Sam, m\u00e9daill\u00e9 de bronze dans la m\u00eame discipline aux Championnats Europ\u00e9ens 2022, elle a suivi le chemin trac\u00e9 par son ain\u00e9 et est m\u00eame all\u00e9e plus loin. En argent hier lors de la difficult\u00e9, <a href=\"https:\/\/dicodusport.fr\/blog\/jeux-europeens-2023-camille-pouget-et-zelia-avezou-soffrent-un-double-en-escalade-difficulte\/\">uniquement battue par sa compatriote <strong>Camille Pouget<\/strong><\/a>, la jeune Fran\u00e7aise de 19 ans parfaitement su g\u00e9rer l&rsquo;enchainement des deux disciplines. Vainqueur des qualifications sans surprise, elle entame sa finale par un top au premier essai. D\u00e8s le deuxi\u00e8me bloc, elle est la seule \u00e0 signer deux tops et s&rsquo;envole en t\u00eate du classement. La suite de la finale est aussi impressionnante, Avezou conclut les deux derniers blocs en 2 puis 1 essai.<\/p>\n<p style=\"text-align: justify;\">D\u00e9concertante de facilit\u00e9, elle s&rsquo;adjuge la m\u00e9daille d&rsquo;or, qu&rsquo;aucune autre grimpeuse n&rsquo;a pu lui contester. L&rsquo;Italienne <strong>Giulia Medici<\/strong> prend l&rsquo;argent et la Slov\u00e8ne <strong>Lucija Tarkus<\/strong> remporte le bronze. Deuxi\u00e8me fran\u00e7aise pr\u00e9sente dans cette finale, <strong>Agathe Calliet<\/strong> n&rsquo;aura pas d\u00e9m\u00e9rit\u00e9. Malgr\u00e9 avoir valid\u00e9 les quatre zones, le seul top \u00e0 son actif lui aura \u00e9t\u00e9 pr\u00e9judiciable et prend la 5\u00e8me place.<\/p>\n<blockquote class=\"twitter-tweet\">\n<p dir=\"ltr\" lang=\"fr\">\ud83c\uddeb\ud83c\uddf7 Qui pour arr\u00eater nos grimpeurs ?! \ud83e\udd2f<\/p>\n<p>M\u00e9daille d&rsquo;or pour Z\u00e9lia Avezou en bloc \ud83e\udd47<\/p>\n<p>C&rsquo;est donc un doubl\u00e9 en or pour nos Fran\u00e7ais sur cette \u00e9preuve, avec la victoire de Thomas Lemagner !<a href=\"https:\/\/twitter.com\/hashtag\/JeuxEuropeens2023?src=hash&amp;ref_src=twsrc%5Etfw\">#JeuxEuropeens2023<\/a> <a href=\"https:\/\/twitter.com\/hashtag\/AllezLesBleus?src=hash&amp;ref_src=twsrc%5Etfw\">#AllezLesBleus<\/a> <a href=\"https:\/\/t.co\/O3aHB7ASMk\">pic.twitter.com\/O3aHB7ASMk<\/a><\/p>\n<p>\u2014 FranceOlympique (@FranceOlympique) <a href=\"https:\/\/twitter.com\/FranceOlympique\/status\/1673056901322489857?ref_src=twsrc%5Etfw\">June 25, 2023<\/a><\/p><\/blockquote>\n<p><script async src=\"https:\/\/platform.twitter.com\/widgets.js\" charset=\"utf-8\"><\/script><\/p>\n","protected":false},"excerpt":{"rendered":"<p>JEUX EUROP\u00c9ENS 2023 &#8211; Z\u00e9lia Avezou est venue parachever des Jeux Europ\u00e9ens incroyablement r\u00e9ussis pour l&rsquo;\u00e9quipe de France d&rsquo;escalade. M\u00e9daill\u00e9e d&rsquo;argent hier en difficult\u00e9, elle a gravi la derni\u00e8re marche pour prendre l&rsquo;or en bloc.<\/p>\n","protected":false},"author":43,"featured_media":394619,"comment_status":"open","ping_status":"closed","sticky":false,"template":"","format":"standard","meta":{"_acf_changed":false,"_daextam_enable_autolinks":"","footnotes":""},"categories":[10930],"tags":[16878,477,8137,32324],"class_list":["post-394587","post","type-post","status-publish","format-standard","has-post-thumbnail","hentry","category-escalade","tag-breve","tag-escalade","tag-jeux-europeens","tag-zelia-avezou"],"acf":[],"yoast_head":"<!-- This site is optimized with the Yoast SEO Premium plugin v26.7 (Yoast SEO v26.7) - https:\/\/yoast.com\/wordpress\/plugins\/seo\/ -->\n<title>Jeux Europ\u00e9ens 2023 : Z\u00e9lia Avezou survole la finale de bloc et d\u00e9croche l&#039;or<\/title>\n<meta name=\"description\" content=\"JEUX EUROP\u00c9ENS 2023 - Z\u00e9lia Avezou est venue parachever des Jeux Europ\u00e9ens incroyablement r\u00e9ussis pour l&#039;\u00e9quipe de France d&#039;escalade.\" \/>\n<meta name=\"robots\" content=\"index, follow, max-snippet:-1, max-image-preview:large, max-video-preview:-1\" \/>\n<link rel=\"canonical\" href=\"https:\/\/dicodusport.fr\/blog\/jeux-europeens-2023-zelia-avezou-survole-la-finale-de-bloc-et-decroche-lor\/\" \/>\n<meta property=\"og:locale\" content=\"fr_FR\" \/>\n<meta property=\"og:type\" content=\"article\" \/>\n<meta property=\"og:title\" content=\"Jeux Europ\u00e9ens 2023 : Z\u00e9lia Avezou survole la finale de bloc et d\u00e9croche l&#039;or\" \/>\n<meta property=\"og:description\" content=\"JEUX EUROP\u00c9ENS 2023 - Z\u00e9lia Avezou est venue parachever des Jeux Europ\u00e9ens incroyablement r\u00e9ussis pour l&#039;\u00e9quipe de France d&#039;escalade.\" \/>\n<meta property=\"og:url\" content=\"https:\/\/dicodusport.fr\/blog\/jeux-europeens-2023-zelia-avezou-survole-la-finale-de-bloc-et-decroche-lor\/\" \/>\n<meta property=\"og:site_name\" content=\"Dicodusport\" \/>\n<meta property=\"article:publisher\" content=\"https:\/\/www.facebook.com\/dicodusport\" \/>\n<meta property=\"article:author\" content=\"https:\/\/www.facebook.com\/Max.Bld2\/\" \/>\n<meta property=\"article:published_time\" content=\"2023-06-25T20:54:51+00:00\" \/>\n<meta property=\"og:image\" content=\"https:\/\/dicodusport.fr\/blog\/wp-content\/uploads\/2023\/06\/Jeux-Europeens-2023-Zelia-Avezou-survole-la-finale-de-bloc-et-decroche-lor.png\" \/>\n\t<meta property=\"og:image:width\" content=\"800\" \/>\n\t<meta property=\"og:image:height\" content=\"445\" \/>\n\t<meta property=\"og:image:type\" content=\"image\/png\" \/>\n<meta name=\"author\" content=\"Maxime Boulard\" \/>\n<meta name=\"twitter:card\" content=\"summary_large_image\" \/>\n<meta name=\"twitter:creator\" content=\"@https:\/\/twitter.com\/MaximeB_2\" \/>\n<meta name=\"twitter:site\" content=\"@dicodusport\" \/>\n<script type=\"application\/ld+json\" class=\"yoast-schema-graph\">{\"@context\":\"https:\/\/schema.org\",\"@graph\":[{\"@type\":\"NewsArticle\",\"@id\":\"https:\/\/dicodusport.fr\/blog\/jeux-europeens-2023-zelia-avezou-survole-la-finale-de-bloc-et-decroche-lor\/#article\",\"isPartOf\":{\"@id\":\"https:\/\/dicodusport.fr\/blog\/jeux-europeens-2023-zelia-avezou-survole-la-finale-de-bloc-et-decroche-lor\/\"},\"author\":{\"name\":\"Maxime Boulard\",\"@id\":\"https:\/\/dicodusport.fr\/blog\/#\/schema\/person\/5aab10ee856e86ac63e9819a9da34784\"},\"headline\":\"Jeux Europ\u00e9ens 2023 : Z\u00e9lia Avezou survole la finale de bloc et d\u00e9croche l&rsquo;or\",\"datePublished\":\"2023-06-25T20:54:51+00:00\",\"mainEntityOfPage\":{\"@id\":\"https:\/\/dicodusport.fr\/blog\/jeux-europeens-2023-zelia-avezou-survole-la-finale-de-bloc-et-decroche-lor\/\"},\"wordCount\":315,\"commentCount\":0,\"publisher\":{\"@id\":\"https:\/\/dicodusport.fr\/blog\/#organization\"},\"image\":{\"@id\":\"https:\/\/dicodusport.fr\/blog\/jeux-europeens-2023-zelia-avezou-survole-la-finale-de-bloc-et-decroche-lor\/#primaryimage\"},\"thumbnailUrl\":\"https:\/\/dicodusport.fr\/blog\/wp-content\/uploads\/2023\/06\/Jeux-Europeens-2023-Zelia-Avezou-survole-la-finale-de-bloc-et-decroche-lor.png\",\"keywords\":[\"br\u00e8ve\",\"Escalade\",\"Jeux Europ\u00e9ens\",\"Z\u00e9lia Avezou\"],\"articleSection\":[\"Escalade\"],\"inLanguage\":\"fr-FR\",\"potentialAction\":[{\"@type\":\"CommentAction\",\"name\":\"Comment\",\"target\":[\"https:\/\/dicodusport.fr\/blog\/jeux-europeens-2023-zelia-avezou-survole-la-finale-de-bloc-et-decroche-lor\/#respond\"]}],\"copyrightYear\":\"2023\",\"copyrightHolder\":{\"@id\":\"https:\/\/dicodusport.fr\/blog\/#organization\"}},{\"@type\":\"WebPage\",\"@id\":\"https:\/\/dicodusport.fr\/blog\/jeux-europeens-2023-zelia-avezou-survole-la-finale-de-bloc-et-decroche-lor\/\",\"url\":\"https:\/\/dicodusport.fr\/blog\/jeux-europeens-2023-zelia-avezou-survole-la-finale-de-bloc-et-decroche-lor\/\",\"name\":\"Jeux Europ\u00e9ens 2023 : Z\u00e9lia Avezou survole la finale de bloc et d\u00e9croche l'or\",\"isPartOf\":{\"@id\":\"https:\/\/dicodusport.fr\/blog\/#website\"},\"primaryImageOfPage\":{\"@id\":\"https:\/\/dicodusport.fr\/blog\/jeux-europeens-2023-zelia-avezou-survole-la-finale-de-bloc-et-decroche-lor\/#primaryimage\"},\"image\":{\"@id\":\"https:\/\/dicodusport.fr\/blog\/jeux-europeens-2023-zelia-avezou-survole-la-finale-de-bloc-et-decroche-lor\/#primaryimage\"},\"thumbnailUrl\":\"https:\/\/dicodusport.fr\/blog\/wp-content\/uploads\/2023\/06\/Jeux-Europeens-2023-Zelia-Avezou-survole-la-finale-de-bloc-et-decroche-lor.png\",\"datePublished\":\"2023-06-25T20:54:51+00:00\",\"description\":\"JEUX EUROP\u00c9ENS 2023 - Z\u00e9lia Avezou est venue parachever des Jeux Europ\u00e9ens incroyablement r\u00e9ussis pour l'\u00e9quipe de France d'escalade.\",\"breadcrumb\":{\"@id\":\"https:\/\/dicodusport.fr\/blog\/jeux-europeens-2023-zelia-avezou-survole-la-finale-de-bloc-et-decroche-lor\/#breadcrumb\"},\"inLanguage\":\"fr-FR\",\"potentialAction\":[{\"@type\":\"ReadAction\",\"target\":[\"https:\/\/dicodusport.fr\/blog\/jeux-europeens-2023-zelia-avezou-survole-la-finale-de-bloc-et-decroche-lor\/\"]}]},{\"@type\":\"ImageObject\",\"inLanguage\":\"fr-FR\",\"@id\":\"https:\/\/dicodusport.fr\/blog\/jeux-europeens-2023-zelia-avezou-survole-la-finale-de-bloc-et-decroche-lor\/#primaryimage\",\"url\":\"https:\/\/dicodusport.fr\/blog\/wp-content\/uploads\/2023\/06\/Jeux-Europeens-2023-Zelia-Avezou-survole-la-finale-de-bloc-et-decroche-lor.png\",\"contentUrl\":\"https:\/\/dicodusport.fr\/blog\/wp-content\/uploads\/2023\/06\/Jeux-Europeens-2023-Zelia-Avezou-survole-la-finale-de-bloc-et-decroche-lor.png\",\"width\":800,\"height\":445,\"caption\":\"Jeux Europ\u00e9ens 2023 Z\u00e9lia Avezou survole la finale de bloc et d\u00e9croche l'or\"},{\"@type\":\"BreadcrumbList\",\"@id\":\"https:\/\/dicodusport.fr\/blog\/jeux-europeens-2023-zelia-avezou-survole-la-finale-de-bloc-et-decroche-lor\/#breadcrumb\",\"itemListElement\":[{\"@type\":\"ListItem\",\"position\":1,\"name\":\"Accueil\",\"item\":\"https:\/\/dicodusport.fr\/blog\/\"},{\"@type\":\"ListItem\",\"position\":2,\"name\":\"Jeux Europ\u00e9ens 2023 : Z\u00e9lia Avezou survole la finale de bloc et d\u00e9croche l&rsquo;or\"}]},{\"@type\":\"WebSite\",\"@id\":\"https:\/\/dicodusport.fr\/blog\/#website\",\"url\":\"https:\/\/dicodusport.fr\/blog\/\",\"name\":\"Dicodusport\",\"description\":\"L&#039;encyclop\u00e9die de l&#039;actualit\u00e9 sportive\",\"publisher\":{\"@id\":\"https:\/\/dicodusport.fr\/blog\/#organization\"},\"potentialAction\":[{\"@type\":\"SearchAction\",\"target\":{\"@type\":\"EntryPoint\",\"urlTemplate\":\"https:\/\/dicodusport.fr\/blog\/?s={search_term_string}\"},\"query-input\":{\"@type\":\"PropertyValueSpecification\",\"valueRequired\":true,\"valueName\":\"search_term_string\"}}],\"inLanguage\":\"fr-FR\"},{\"@type\":\"NewsMediaOrganization\",\"@id\":\"https:\/\/dicodusport.fr\/blog\/#organization\",\"name\":\"Dicodusport\",\"url\":\"https:\/\/dicodusport.fr\/blog\/\",\"logo\":{\"@type\":\"ImageObject\",\"inLanguage\":\"fr-FR\",\"@id\":\"https:\/\/dicodusport.fr\/blog\/#\/schema\/logo\/image\/\",\"url\":\"https:\/\/dicodusport.fr\/blog\/wp-content\/uploads\/2020\/06\/cropped-LOGO-DICODUSPORT-2020-SANS-FOND-SANS-TEXTE.png\",\"contentUrl\":\"https:\/\/dicodusport.fr\/blog\/wp-content\/uploads\/2020\/06\/cropped-LOGO-DICODUSPORT-2020-SANS-FOND-SANS-TEXTE.png\",\"width\":512,\"height\":512,\"caption\":\"Dicodusport\"},\"image\":{\"@id\":\"https:\/\/dicodusport.fr\/blog\/#\/schema\/logo\/image\/\"},\"sameAs\":[\"https:\/\/www.facebook.com\/dicodusport\",\"https:\/\/x.com\/dicodusport\",\"https:\/\/www.instagram.com\/dicodusport\/\",\"https:\/\/www.youtube.com\/channel\/UC7V2KZ5sd3htJivAbA4ZG3w\"],\"description\":\"Dicodusport est l'encyclop\u00e9die de l'actualit\u00e9 sportive.\",\"email\":\"bonjour@dicodusport.fr\",\"legalName\":\"DICODUSPORT\",\"foundingDate\":\"2018-01-14\",\"vatID\":\"FR71834470973\",\"taxID\":\"83447097300043\",\"numberOfEmployees\":{\"@type\":\"QuantitativeValue\",\"minValue\":\"1\",\"maxValue\":\"10\"}},{\"@type\":\"Person\",\"@id\":\"https:\/\/dicodusport.fr\/blog\/#\/schema\/person\/5aab10ee856e86ac63e9819a9da34784\",\"name\":\"Maxime Boulard\",\"image\":{\"@type\":\"ImageObject\",\"inLanguage\":\"fr-FR\",\"@id\":\"https:\/\/dicodusport.fr\/blog\/#\/schema\/person\/image\/\",\"url\":\"https:\/\/dicodusport.fr\/blog\/wp-content\/uploads\/2021\/05\/Maxime-Boulard-150x150.jpg\",\"contentUrl\":\"https:\/\/dicodusport.fr\/blog\/wp-content\/uploads\/2021\/05\/Maxime-Boulard-150x150.jpg\",\"caption\":\"Maxime Boulard\"},\"description\":\"Journaliste\/r\u00e9dacteur depuis octobre 2020 - Si mon plus vieux souvenir de sport aurait pu m'en d\u00e9go\u00fbter, la finale de la Coupe du monde 2006 a \u00e9t\u00e9 tout le contraire. V\u00e9ritable d\u00e9clencheur d'une passion qui aujourd'hui ne fait que grandir avec le temps, mon leitmotiv est la France qui brille ! Je relate les exploits pass\u00e9s et pr\u00e9sents du sport bleu-blanc-rouge sans m\u00e9nagement depuis octobre 2020. Sport valide ou handisport, aucune diff\u00e9rence, il n'y a que du sport et plusieurs fa\u00e7ons de le pratiquer.\",\"sameAs\":[\"https:\/\/www.facebook.com\/Max.Bld2\/\",\"https:\/\/x.com\/https:\/\/twitter.com\/MaximeB_2\"],\"url\":\"https:\/\/dicodusport.fr\/blog\/author\/maxime-b\/\"}]}<\/script>\n<!-- \/ Yoast SEO Premium plugin. -->","yoast_head_json":{"title":"Jeux Europ\u00e9ens 2023 : Z\u00e9lia Avezou survole la finale de bloc et d\u00e9croche l'or","description":"JEUX EUROP\u00c9ENS 2023 - Z\u00e9lia Avezou est venue parachever des Jeux Europ\u00e9ens incroyablement r\u00e9ussis pour l'\u00e9quipe de France d'escalade.","robots":{"index":"index","follow":"follow","max-snippet":"max-snippet:-1","max-image-preview":"max-image-preview:large","max-video-preview":"max-video-preview:-1"},"canonical":"https:\/\/dicodusport.fr\/blog\/jeux-europeens-2023-zelia-avezou-survole-la-finale-de-bloc-et-decroche-lor\/","og_locale":"fr_FR","og_type":"article","og_title":"Jeux Europ\u00e9ens 2023 : Z\u00e9lia Avezou survole la finale de bloc et d\u00e9croche l'or","og_description":"JEUX EUROP\u00c9ENS 2023 - Z\u00e9lia Avezou est venue parachever des Jeux Europ\u00e9ens incroyablement r\u00e9ussis pour l'\u00e9quipe de France d'escalade.","og_url":"https:\/\/dicodusport.fr\/blog\/jeux-europeens-2023-zelia-avezou-survole-la-finale-de-bloc-et-decroche-lor\/","og_site_name":"Dicodusport","article_publisher":"https:\/\/www.facebook.com\/dicodusport","article_author":"https:\/\/www.facebook.com\/Max.Bld2\/","article_published_time":"2023-06-25T20:54:51+00:00","og_image":[{"width":800,"height":445,"url":"https:\/\/dicodusport.fr\/blog\/wp-content\/uploads\/2023\/06\/Jeux-Europeens-2023-Zelia-Avezou-survole-la-finale-de-bloc-et-decroche-lor.png","type":"image\/png"}],"author":"Maxime Boulard","twitter_card":"summary_large_image","twitter_creator":"@https:\/\/twitter.com\/MaximeB_2","twitter_site":"@dicodusport","schema":{"@context":"https:\/\/schema.org","@graph":[{"@type":"NewsArticle","@id":"https:\/\/dicodusport.fr\/blog\/jeux-europeens-2023-zelia-avezou-survole-la-finale-de-bloc-et-decroche-lor\/#article","isPartOf":{"@id":"https:\/\/dicodusport.fr\/blog\/jeux-europeens-2023-zelia-avezou-survole-la-finale-de-bloc-et-decroche-lor\/"},"author":{"name":"Maxime Boulard","@id":"https:\/\/dicodusport.fr\/blog\/#\/schema\/person\/5aab10ee856e86ac63e9819a9da34784"},"headline":"Jeux Europ\u00e9ens 2023 : Z\u00e9lia Avezou survole la finale de bloc et d\u00e9croche l&rsquo;or","datePublished":"2023-06-25T20:54:51+00:00","mainEntityOfPage":{"@id":"https:\/\/dicodusport.fr\/blog\/jeux-europeens-2023-zelia-avezou-survole-la-finale-de-bloc-et-decroche-lor\/"},"wordCount":315,"commentCount":0,"publisher":{"@id":"https:\/\/dicodusport.fr\/blog\/#organization"},"image":{"@id":"https:\/\/dicodusport.fr\/blog\/jeux-europeens-2023-zelia-avezou-survole-la-finale-de-bloc-et-decroche-lor\/#primaryimage"},"thumbnailUrl":"https:\/\/dicodusport.fr\/blog\/wp-content\/uploads\/2023\/06\/Jeux-Europeens-2023-Zelia-Avezou-survole-la-finale-de-bloc-et-decroche-lor.png","keywords":["br\u00e8ve","Escalade","Jeux Europ\u00e9ens","Z\u00e9lia Avezou"],"articleSection":["Escalade"],"inLanguage":"fr-FR","potentialAction":[{"@type":"CommentAction","name":"Comment","target":["https:\/\/dicodusport.fr\/blog\/jeux-europeens-2023-zelia-avezou-survole-la-finale-de-bloc-et-decroche-lor\/#respond"]}],"copyrightYear":"2023","copyrightHolder":{"@id":"https:\/\/dicodusport.fr\/blog\/#organization"}},{"@type":"WebPage","@id":"https:\/\/dicodusport.fr\/blog\/jeux-europeens-2023-zelia-avezou-survole-la-finale-de-bloc-et-decroche-lor\/","url":"https:\/\/dicodusport.fr\/blog\/jeux-europeens-2023-zelia-avezou-survole-la-finale-de-bloc-et-decroche-lor\/","name":"Jeux Europ\u00e9ens 2023 : Z\u00e9lia Avezou survole la finale de bloc et d\u00e9croche l'or","isPartOf":{"@id":"https:\/\/dicodusport.fr\/blog\/#website"},"primaryImageOfPage":{"@id":"https:\/\/dicodusport.fr\/blog\/jeux-europeens-2023-zelia-avezou-survole-la-finale-de-bloc-et-decroche-lor\/#primaryimage"},"image":{"@id":"https:\/\/dicodusport.fr\/blog\/jeux-europeens-2023-zelia-avezou-survole-la-finale-de-bloc-et-decroche-lor\/#primaryimage"},"thumbnailUrl":"https:\/\/dicodusport.fr\/blog\/wp-content\/uploads\/2023\/06\/Jeux-Europeens-2023-Zelia-Avezou-survole-la-finale-de-bloc-et-decroche-lor.png","datePublished":"2023-06-25T20:54:51+00:00","description":"JEUX EUROP\u00c9ENS 2023 - Z\u00e9lia Avezou est venue parachever des Jeux Europ\u00e9ens incroyablement r\u00e9ussis pour l'\u00e9quipe de France d'escalade.","breadcrumb":{"@id":"https:\/\/dicodusport.fr\/blog\/jeux-europeens-2023-zelia-avezou-survole-la-finale-de-bloc-et-decroche-lor\/#breadcrumb"},"inLanguage":"fr-FR","potentialAction":[{"@type":"ReadAction","target":["https:\/\/dicodusport.fr\/blog\/jeux-europeens-2023-zelia-avezou-survole-la-finale-de-bloc-et-decroche-lor\/"]}]},{"@type":"ImageObject","inLanguage":"fr-FR","@id":"https:\/\/dicodusport.fr\/blog\/jeux-europeens-2023-zelia-avezou-survole-la-finale-de-bloc-et-decroche-lor\/#primaryimage","url":"https:\/\/dicodusport.fr\/blog\/wp-content\/uploads\/2023\/06\/Jeux-Europeens-2023-Zelia-Avezou-survole-la-finale-de-bloc-et-decroche-lor.png","contentUrl":"https:\/\/dicodusport.fr\/blog\/wp-content\/uploads\/2023\/06\/Jeux-Europeens-2023-Zelia-Avezou-survole-la-finale-de-bloc-et-decroche-lor.png","width":800,"height":445,"caption":"Jeux Europ\u00e9ens 2023 Z\u00e9lia Avezou survole la finale de bloc et d\u00e9croche l'or"},{"@type":"BreadcrumbList","@id":"https:\/\/dicodusport.fr\/blog\/jeux-europeens-2023-zelia-avezou-survole-la-finale-de-bloc-et-decroche-lor\/#breadcrumb","itemListElement":[{"@type":"ListItem","position":1,"name":"Accueil","item":"https:\/\/dicodusport.fr\/blog\/"},{"@type":"ListItem","position":2,"name":"Jeux Europ\u00e9ens 2023 : Z\u00e9lia Avezou survole la finale de bloc et d\u00e9croche l&rsquo;or"}]},{"@type":"WebSite","@id":"https:\/\/dicodusport.fr\/blog\/#website","url":"https:\/\/dicodusport.fr\/blog\/","name":"Dicodusport","description":"L&#039;encyclop\u00e9die de l&#039;actualit\u00e9 sportive","publisher":{"@id":"https:\/\/dicodusport.fr\/blog\/#organization"},"potentialAction":[{"@type":"SearchAction","target":{"@type":"EntryPoint","urlTemplate":"https:\/\/dicodusport.fr\/blog\/?s={search_term_string}"},"query-input":{"@type":"PropertyValueSpecification","valueRequired":true,"valueName":"search_term_string"}}],"inLanguage":"fr-FR"},{"@type":"NewsMediaOrganization","@id":"https:\/\/dicodusport.fr\/blog\/#organization","name":"Dicodusport","url":"https:\/\/dicodusport.fr\/blog\/","logo":{"@type":"ImageObject","inLanguage":"fr-FR","@id":"https:\/\/dicodusport.fr\/blog\/#\/schema\/logo\/image\/","url":"https:\/\/dicodusport.fr\/blog\/wp-content\/uploads\/2020\/06\/cropped-LOGO-DICODUSPORT-2020-SANS-FOND-SANS-TEXTE.png","contentUrl":"https:\/\/dicodusport.fr\/blog\/wp-content\/uploads\/2020\/06\/cropped-LOGO-DICODUSPORT-2020-SANS-FOND-SANS-TEXTE.png","width":512,"height":512,"caption":"Dicodusport"},"image":{"@id":"https:\/\/dicodusport.fr\/blog\/#\/schema\/logo\/image\/"},"sameAs":["https:\/\/www.facebook.com\/dicodusport","https:\/\/x.com\/dicodusport","https:\/\/www.instagram.com\/dicodusport\/","https:\/\/www.youtube.com\/channel\/UC7V2KZ5sd3htJivAbA4ZG3w"],"description":"Dicodusport est l'encyclop\u00e9die de l'actualit\u00e9 sportive.","email":"bonjour@dicodusport.fr","legalName":"DICODUSPORT","foundingDate":"2018-01-14","vatID":"FR71834470973","taxID":"83447097300043","numberOfEmployees":{"@type":"QuantitativeValue","minValue":"1","maxValue":"10"}},{"@type":"Person","@id":"https:\/\/dicodusport.fr\/blog\/#\/schema\/person\/5aab10ee856e86ac63e9819a9da34784","name":"Maxime Boulard","image":{"@type":"ImageObject","inLanguage":"fr-FR","@id":"https:\/\/dicodusport.fr\/blog\/#\/schema\/person\/image\/","url":"https:\/\/dicodusport.fr\/blog\/wp-content\/uploads\/2021\/05\/Maxime-Boulard-150x150.jpg","contentUrl":"https:\/\/dicodusport.fr\/blog\/wp-content\/uploads\/2021\/05\/Maxime-Boulard-150x150.jpg","caption":"Maxime Boulard"},"description":"Journaliste\/r\u00e9dacteur depuis octobre 2020 - Si mon plus vieux souvenir de sport aurait pu m'en d\u00e9go\u00fbter, la finale de la Coupe du monde 2006 a \u00e9t\u00e9 tout le contraire. V\u00e9ritable d\u00e9clencheur d'une passion qui aujourd'hui ne fait que grandir avec le temps, mon leitmotiv est la France qui brille ! Je relate les exploits pass\u00e9s et pr\u00e9sents du sport bleu-blanc-rouge sans m\u00e9nagement depuis octobre 2020. Sport valide ou handisport, aucune diff\u00e9rence, il n'y a que du sport et plusieurs fa\u00e7ons de le pratiquer.","sameAs":["https:\/\/www.facebook.com\/Max.Bld2\/","https:\/\/x.com\/https:\/\/twitter.com\/MaximeB_2"],"url":"https:\/\/dicodusport.fr\/blog\/author\/maxime-b\/"}]}},"_links":{"self":[{"href":"https:\/\/dicodusport.fr\/blog\/wp-json\/wp\/v2\/posts\/394587","targetHints":{"allow":["GET"]}}],"collection":[{"href":"https:\/\/dicodusport.fr\/blog\/wp-json\/wp\/v2\/posts"}],"about":[{"href":"https:\/\/dicodusport.fr\/blog\/wp-json\/wp\/v2\/types\/post"}],"author":[{"embeddable":true,"href":"https:\/\/dicodusport.fr\/blog\/wp-json\/wp\/v2\/users\/43"}],"replies":[{"embeddable":true,"href":"https:\/\/dicodusport.fr\/blog\/wp-json\/wp\/v2\/comments?post=394587"}],"version-history":[{"count":0,"href":"https:\/\/dicodusport.fr\/blog\/wp-json\/wp\/v2\/posts\/394587\/revisions"}],"wp:featuredmedia":[{"embeddable":true,"href":"https:\/\/dicodusport.fr\/blog\/wp-json\/wp\/v2\/media\/394619"}],"wp:attachment":[{"href":"https:\/\/dicodusport.fr\/blog\/wp-json\/wp\/v2\/media?parent=394587"}],"wp:term":[{"taxonomy":"category","embeddable":true,"href":"https:\/\/dicodusport.fr\/blog\/wp-json\/wp\/v2\/categories?post=394587"},{"taxonomy":"post_tag","embeddable":true,"href":"https:\/\/dicodusport.fr\/blog\/wp-json\/wp\/v2\/tags?post=394587"}],"curies":[{"name":"wp","href":"https:\/\/api.w.org\/{rel}","templated":true}]}}