{"id":394671,"date":"2023-06-26T11:56:09","date_gmt":"2023-06-26T09:56:09","guid":{"rendered":"https:\/\/dicodusport.fr\/blog\/?p=394671&#038;preview=true&#038;preview_id=394671"},"modified":"2023-06-26T13:18:40","modified_gmt":"2023-06-26T11:18:40","slug":"mercato-psg-paris-vise-le-bresilien-rodriguinho","status":"publish","type":"post","link":"https:\/\/dicodusport.fr\/blog\/mercato-psg-paris-vise-le-bresilien-rodriguinho\/","title":{"rendered":"Mercato PSG : Paris vise le Br\u00e9silien Rodriguinho"},"content":{"rendered":"<p align=\"justify\"><em><strong>LIGUE 1 2023-2024 &#8211; Selon UOL Esporte, le Paris Saint-Germain pourrait tenter de recruter le jeune milieu br\u00e9silien, Rodriguinho.<\/strong><\/em><\/p>\n<p align=\"justify\">Le <strong>PSG<\/strong> est d\u00e9j\u00e0 bien actif sur le march\u00e9 des transferts pour recruter des joueurs confirm\u00e9s capables de faire franchir un cap au club en <strong>Ligue<\/strong> <strong>des<\/strong> <strong>Champions<\/strong> la saison prochaine. <strong>Marco<\/strong> <strong>Asensio<\/strong>, <strong>Milan<\/strong> <strong>Skriniar<\/strong> et <strong>Manuel<\/strong> <strong>Urgate<\/strong> ont notamment sign\u00e9 avec les champions de France alors que <strong>Luis<\/strong> <strong>Enrique<\/strong> est lui attendu sur le banc de touche dans les prochains jours.<\/p>\n<p align=\"justify\"><strong>Ilkay<\/strong> <strong>G\u00fcndogan<\/strong> ne signera lui pas au PSG puisqu&rsquo;<a href=\"https:\/\/dicodusport.fr\/blog\/mercato-le-fc-barcelone-officialise-la-signature-dilkay-gundogan\/\" target=\"_blank\" rel=\"noopener\">il s&rsquo;est engag\u00e9 avec le FC Barcelone<\/a>. Mais le <strong>Paris Saint-Germain<\/strong> travaille aussi au recrutement de jeunes joueurs et suit de pr\u00e8s le jeune Br\u00e9silien, <strong>Rodriguinho<\/strong>. Le club fran\u00e7ais a envoy\u00e9 un \u00e9missaire au match entre <strong>S\u00e3o<\/strong> <strong>Paulo<\/strong> <strong>FC<\/strong> et l&rsquo;<strong>Athletico Paranaense<\/strong> pour superviser ce jeune milieu axial de 19 ans.<\/p>\n<p align=\"justify\">Mais le club fran\u00e7ais n&rsquo;est pas le seul sur le coup puisque le <strong>PSV<\/strong> <strong>Eindhoven<\/strong> et le <strong>LA<\/strong> <strong>Galaxy<\/strong> \u00e9taient aussi pr\u00e9sents pour observer ce jeune talent. <strong>Rodriguinho<\/strong> est \u00e9valu\u00e9 \u00e0 seulement six millions d&rsquo;euros pour le moment mais son club ne serait pas vendeur. Le <strong>PSG<\/strong> a en tout cas avanc\u00e9 ses pions sur ce dossier et reste \u00e0 l&rsquo;affut si une opportunit\u00e9 arrive dans les mois prochains.<\/p>\n<blockquote class=\"twitter-tweet\">\n<p dir=\"ltr\" lang=\"fr\">Selon <a href=\"https:\/\/twitter.com\/UOLEsporte?ref_src=twsrc%5Etfw\">@UOLEsporte<\/a>\ud83c\udde7\ud83c\uddf7, les scouts du PSG sont partis observer Rodriguinho (S\u00e3o Paulo, milieu de terrain, 18 ans)<\/p>\n<p>Plusieurs clubs europ\u00e9ens ont manifest\u00e9 de l\u2019int\u00e9r\u00eat aupr\u00e8s de son entourage. Il est possible que des offres arrivent durant ce mercato.<\/p>\n<p>Valeur : 6M\u20ac <a href=\"https:\/\/t.co\/CWmC89zZWc\">pic.twitter.com\/CWmC89zZWc<\/a><\/p>\n<p>\u2014 Actu_Foot_Paris SG \u2764\ud83c\udf1f\ud83d\udc99 (@ActuPSGInsights) <a href=\"https:\/\/twitter.com\/ActuPSGInsights\/status\/1672290094957330433?ref_src=twsrc%5Etfw\">June 23, 2023<\/a><\/p><\/blockquote>\n<p><script async src=\"https:\/\/platform.twitter.com\/widgets.js\" charset=\"utf-8\"><\/script><\/p>\n<p align=\"justify\">\n","protected":false},"excerpt":{"rendered":"<p>LIGUE 1 2023-2024 &#8211; Selon UOL Esporte, le Paris Saint-Germain pourrait tenter de recruter le jeune milieu br\u00e9silien, Rodriguinho.<\/p>\n","protected":false},"author":1,"featured_media":394672,"comment_status":"open","ping_status":"closed","sticky":false,"template":"","format":"standard","meta":{"_acf_changed":false,"_daextam_enable_autolinks":"","footnotes":""},"categories":[2301,47045],"tags":[16878,75,1555,429,910],"class_list":["post-394671","post","type-post","status-publish","format-standard","has-post-thumbnail","hentry","category-football","category-ligue-1","tag-breve","tag-football","tag-mercato","tag-paris","tag-psg"],"acf":[],"yoast_head":"<!-- This site is optimized with the Yoast SEO Premium plugin v26.7 (Yoast SEO v26.7) - https:\/\/yoast.com\/wordpress\/plugins\/seo\/ -->\n<title>Mercato PSG : Paris vise le Br\u00e9silien Rodriguinho<\/title>\n<meta name=\"description\" content=\"LIGUE 1 2023-2024 - Selon UOL Esporte, le Paris Saint-Germain pourrait tenter de recruter le jeune milieu br\u00e9silien, Rodriguinho.\" \/>\n<meta name=\"robots\" content=\"index, follow, max-snippet:-1, max-image-preview:large, max-video-preview:-1\" \/>\n<link rel=\"canonical\" href=\"https:\/\/dicodusport.fr\/blog\/mercato-psg-paris-vise-le-bresilien-rodriguinho\/\" \/>\n<meta property=\"og:locale\" content=\"fr_FR\" \/>\n<meta property=\"og:type\" content=\"article\" \/>\n<meta property=\"og:title\" content=\"Mercato PSG : Paris vise le Br\u00e9silien Rodriguinho\" \/>\n<meta property=\"og:description\" content=\"LIGUE 1 2023-2024 - Selon UOL Esporte, le Paris Saint-Germain pourrait tenter de recruter le jeune milieu br\u00e9silien, Rodriguinho.\" \/>\n<meta property=\"og:url\" content=\"https:\/\/dicodusport.fr\/blog\/mercato-psg-paris-vise-le-bresilien-rodriguinho\/\" \/>\n<meta property=\"og:site_name\" content=\"Dicodusport\" \/>\n<meta property=\"article:publisher\" content=\"https:\/\/www.facebook.com\/dicodusport\" \/>\n<meta property=\"article:author\" content=\"https:\/\/www.facebook.com\/dicodusport\" \/>\n<meta property=\"article:published_time\" content=\"2023-06-26T09:56:09+00:00\" \/>\n<meta property=\"article:modified_time\" content=\"2023-06-26T11:18:40+00:00\" \/>\n<meta property=\"og:image\" content=\"https:\/\/dicodusport.fr\/blog\/wp-content\/uploads\/2023\/06\/Mercato-PSG-Paris-vise-le-Bresilien-Rodriguinho.png\" \/>\n\t<meta property=\"og:image:width\" content=\"800\" \/>\n\t<meta property=\"og:image:height\" content=\"445\" \/>\n\t<meta property=\"og:image:type\" content=\"image\/png\" \/>\n<meta name=\"author\" content=\"Nicolas Jacquemard\" \/>\n<meta name=\"twitter:card\" content=\"summary_large_image\" \/>\n<meta name=\"twitter:title\" content=\"Mercato PSG : Paris vise le Br\u00e9silien Rodriguinho\" \/>\n<meta name=\"twitter:creator\" content=\"@https:\/\/twitter.com\/Nico_Jacquemard\" \/>\n<meta name=\"twitter:site\" content=\"@dicodusport\" \/>\n<script type=\"application\/ld+json\" class=\"yoast-schema-graph\">{\"@context\":\"https:\/\/schema.org\",\"@graph\":[{\"@type\":\"NewsArticle\",\"@id\":\"https:\/\/dicodusport.fr\/blog\/mercato-psg-paris-vise-le-bresilien-rodriguinho\/#article\",\"isPartOf\":{\"@id\":\"https:\/\/dicodusport.fr\/blog\/mercato-psg-paris-vise-le-bresilien-rodriguinho\/\"},\"author\":{\"name\":\"Nicolas Jacquemard\",\"@id\":\"https:\/\/dicodusport.fr\/blog\/#\/schema\/person\/55dcb50ad410894e431ed812bbb70191\"},\"headline\":\"Mercato PSG : Paris vise le Br\u00e9silien Rodriguinho\",\"datePublished\":\"2023-06-26T09:56:09+00:00\",\"dateModified\":\"2023-06-26T11:18:40+00:00\",\"mainEntityOfPage\":{\"@id\":\"https:\/\/dicodusport.fr\/blog\/mercato-psg-paris-vise-le-bresilien-rodriguinho\/\"},\"wordCount\":285,\"commentCount\":0,\"publisher\":{\"@id\":\"https:\/\/dicodusport.fr\/blog\/#organization\"},\"image\":{\"@id\":\"https:\/\/dicodusport.fr\/blog\/mercato-psg-paris-vise-le-bresilien-rodriguinho\/#primaryimage\"},\"thumbnailUrl\":\"https:\/\/dicodusport.fr\/blog\/wp-content\/uploads\/2023\/06\/Mercato-PSG-Paris-vise-le-Bresilien-Rodriguinho.png\",\"keywords\":[\"br\u00e8ve\",\"Football\",\"Mercato\",\"Paris\",\"PSG\"],\"articleSection\":[\"Football\",\"Ligue 1\"],\"inLanguage\":\"fr-FR\",\"potentialAction\":[{\"@type\":\"CommentAction\",\"name\":\"Comment\",\"target\":[\"https:\/\/dicodusport.fr\/blog\/mercato-psg-paris-vise-le-bresilien-rodriguinho\/#respond\"]}],\"copyrightYear\":\"2023\",\"copyrightHolder\":{\"@id\":\"https:\/\/dicodusport.fr\/blog\/#organization\"}},{\"@type\":\"WebPage\",\"@id\":\"https:\/\/dicodusport.fr\/blog\/mercato-psg-paris-vise-le-bresilien-rodriguinho\/\",\"url\":\"https:\/\/dicodusport.fr\/blog\/mercato-psg-paris-vise-le-bresilien-rodriguinho\/\",\"name\":\"Mercato PSG : Paris vise le Br\u00e9silien Rodriguinho\",\"isPartOf\":{\"@id\":\"https:\/\/dicodusport.fr\/blog\/#website\"},\"primaryImageOfPage\":{\"@id\":\"https:\/\/dicodusport.fr\/blog\/mercato-psg-paris-vise-le-bresilien-rodriguinho\/#primaryimage\"},\"image\":{\"@id\":\"https:\/\/dicodusport.fr\/blog\/mercato-psg-paris-vise-le-bresilien-rodriguinho\/#primaryimage\"},\"thumbnailUrl\":\"https:\/\/dicodusport.fr\/blog\/wp-content\/uploads\/2023\/06\/Mercato-PSG-Paris-vise-le-Bresilien-Rodriguinho.png\",\"datePublished\":\"2023-06-26T09:56:09+00:00\",\"dateModified\":\"2023-06-26T11:18:40+00:00\",\"description\":\"LIGUE 1 2023-2024 - Selon UOL Esporte, le Paris Saint-Germain pourrait tenter de recruter le jeune milieu br\u00e9silien, Rodriguinho.\",\"breadcrumb\":{\"@id\":\"https:\/\/dicodusport.fr\/blog\/mercato-psg-paris-vise-le-bresilien-rodriguinho\/#breadcrumb\"},\"inLanguage\":\"fr-FR\",\"potentialAction\":[{\"@type\":\"ReadAction\",\"target\":[\"https:\/\/dicodusport.fr\/blog\/mercato-psg-paris-vise-le-bresilien-rodriguinho\/\"]}]},{\"@type\":\"ImageObject\",\"inLanguage\":\"fr-FR\",\"@id\":\"https:\/\/dicodusport.fr\/blog\/mercato-psg-paris-vise-le-bresilien-rodriguinho\/#primaryimage\",\"url\":\"https:\/\/dicodusport.fr\/blog\/wp-content\/uploads\/2023\/06\/Mercato-PSG-Paris-vise-le-Bresilien-Rodriguinho.png\",\"contentUrl\":\"https:\/\/dicodusport.fr\/blog\/wp-content\/uploads\/2023\/06\/Mercato-PSG-Paris-vise-le-Bresilien-Rodriguinho.png\",\"width\":800,\"height\":445},{\"@type\":\"BreadcrumbList\",\"@id\":\"https:\/\/dicodusport.fr\/blog\/mercato-psg-paris-vise-le-bresilien-rodriguinho\/#breadcrumb\",\"itemListElement\":[{\"@type\":\"ListItem\",\"position\":1,\"name\":\"Accueil\",\"item\":\"https:\/\/dicodusport.fr\/blog\/\"},{\"@type\":\"ListItem\",\"position\":2,\"name\":\"Mercato PSG : Paris vise le Br\u00e9silien Rodriguinho\"}]},{\"@type\":\"WebSite\",\"@id\":\"https:\/\/dicodusport.fr\/blog\/#website\",\"url\":\"https:\/\/dicodusport.fr\/blog\/\",\"name\":\"Dicodusport\",\"description\":\"L&#039;encyclop\u00e9die de l&#039;actualit\u00e9 sportive\",\"publisher\":{\"@id\":\"https:\/\/dicodusport.fr\/blog\/#organization\"},\"potentialAction\":[{\"@type\":\"SearchAction\",\"target\":{\"@type\":\"EntryPoint\",\"urlTemplate\":\"https:\/\/dicodusport.fr\/blog\/?s={search_term_string}\"},\"query-input\":{\"@type\":\"PropertyValueSpecification\",\"valueRequired\":true,\"valueName\":\"search_term_string\"}}],\"inLanguage\":\"fr-FR\"},{\"@type\":\"NewsMediaOrganization\",\"@id\":\"https:\/\/dicodusport.fr\/blog\/#organization\",\"name\":\"Dicodusport\",\"url\":\"https:\/\/dicodusport.fr\/blog\/\",\"logo\":{\"@type\":\"ImageObject\",\"inLanguage\":\"fr-FR\",\"@id\":\"https:\/\/dicodusport.fr\/blog\/#\/schema\/logo\/image\/\",\"url\":\"https:\/\/dicodusport.fr\/blog\/wp-content\/uploads\/2020\/06\/cropped-LOGO-DICODUSPORT-2020-SANS-FOND-SANS-TEXTE.png\",\"contentUrl\":\"https:\/\/dicodusport.fr\/blog\/wp-content\/uploads\/2020\/06\/cropped-LOGO-DICODUSPORT-2020-SANS-FOND-SANS-TEXTE.png\",\"width\":512,\"height\":512,\"caption\":\"Dicodusport\"},\"image\":{\"@id\":\"https:\/\/dicodusport.fr\/blog\/#\/schema\/logo\/image\/\"},\"sameAs\":[\"https:\/\/www.facebook.com\/dicodusport\",\"https:\/\/x.com\/dicodusport\",\"https:\/\/www.instagram.com\/dicodusport\/\",\"https:\/\/www.youtube.com\/channel\/UC7V2KZ5sd3htJivAbA4ZG3w\"],\"description\":\"Dicodusport est l'encyclop\u00e9die de l'actualit\u00e9 sportive.\",\"email\":\"bonjour@dicodusport.fr\",\"legalName\":\"DICODUSPORT\",\"foundingDate\":\"2018-01-14\",\"vatID\":\"FR71834470973\",\"taxID\":\"83447097300043\",\"numberOfEmployees\":{\"@type\":\"QuantitativeValue\",\"minValue\":\"1\",\"maxValue\":\"10\"}},{\"@type\":\"Person\",\"@id\":\"https:\/\/dicodusport.fr\/blog\/#\/schema\/person\/55dcb50ad410894e431ed812bbb70191\",\"name\":\"Nicolas Jacquemard\",\"image\":{\"@type\":\"ImageObject\",\"inLanguage\":\"fr-FR\",\"@id\":\"https:\/\/dicodusport.fr\/blog\/#\/schema\/person\/image\/\",\"url\":\"https:\/\/dicodusport.fr\/blog\/wp-content\/uploads\/2021\/05\/Nicolas-Jacquemard-150x150.jpeg\",\"contentUrl\":\"https:\/\/dicodusport.fr\/blog\/wp-content\/uploads\/2021\/05\/Nicolas-Jacquemard-150x150.jpeg\",\"caption\":\"Nicolas Jacquemard\"},\"description\":\"Passionn\u00e9 de sport et entrepreneur depuis mes 18 ans, la cr\u00e9ation de Dicodusport m'a sembl\u00e9 \u00e9vidente pour participer \u00e0 la m\u00e9diatisation d'un plus grand nombre de sports. Le chemin est long mais avec une \u00e9quipe des plus motiv\u00e9es et les Jeux Olympiques de Paris 2024 en point de mire, nous y arriverons ! Journaliste dans le monde du sport depuis plus de 5 ans, je traite aussi bien de football, de rugby, de biathlon que de cyclisme.\",\"sameAs\":[\"https:\/\/www.facebook.com\/dicodusport\",\"https:\/\/x.com\/https:\/\/twitter.com\/Nico_Jacquemard\"],\"url\":\"https:\/\/dicodusport.fr\/blog\/author\/dicodusport\/\"}]}<\/script>\n<!-- \/ Yoast SEO Premium plugin. -->","yoast_head_json":{"title":"Mercato PSG : Paris vise le Br\u00e9silien Rodriguinho","description":"LIGUE 1 2023-2024 - Selon UOL Esporte, le Paris Saint-Germain pourrait tenter de recruter le jeune milieu br\u00e9silien, Rodriguinho.","robots":{"index":"index","follow":"follow","max-snippet":"max-snippet:-1","max-image-preview":"max-image-preview:large","max-video-preview":"max-video-preview:-1"},"canonical":"https:\/\/dicodusport.fr\/blog\/mercato-psg-paris-vise-le-bresilien-rodriguinho\/","og_locale":"fr_FR","og_type":"article","og_title":"Mercato PSG : Paris vise le Br\u00e9silien Rodriguinho","og_description":"LIGUE 1 2023-2024 - Selon UOL Esporte, le Paris Saint-Germain pourrait tenter de recruter le jeune milieu br\u00e9silien, Rodriguinho.","og_url":"https:\/\/dicodusport.fr\/blog\/mercato-psg-paris-vise-le-bresilien-rodriguinho\/","og_site_name":"Dicodusport","article_publisher":"https:\/\/www.facebook.com\/dicodusport","article_author":"https:\/\/www.facebook.com\/dicodusport","article_published_time":"2023-06-26T09:56:09+00:00","article_modified_time":"2023-06-26T11:18:40+00:00","og_image":[{"width":800,"height":445,"url":"https:\/\/dicodusport.fr\/blog\/wp-content\/uploads\/2023\/06\/Mercato-PSG-Paris-vise-le-Bresilien-Rodriguinho.png","type":"image\/png"}],"author":"Nicolas Jacquemard","twitter_card":"summary_large_image","twitter_title":"Mercato PSG : Paris vise le Br\u00e9silien Rodriguinho","twitter_creator":"@https:\/\/twitter.com\/Nico_Jacquemard","twitter_site":"@dicodusport","schema":{"@context":"https:\/\/schema.org","@graph":[{"@type":"NewsArticle","@id":"https:\/\/dicodusport.fr\/blog\/mercato-psg-paris-vise-le-bresilien-rodriguinho\/#article","isPartOf":{"@id":"https:\/\/dicodusport.fr\/blog\/mercato-psg-paris-vise-le-bresilien-rodriguinho\/"},"author":{"name":"Nicolas Jacquemard","@id":"https:\/\/dicodusport.fr\/blog\/#\/schema\/person\/55dcb50ad410894e431ed812bbb70191"},"headline":"Mercato PSG : Paris vise le Br\u00e9silien Rodriguinho","datePublished":"2023-06-26T09:56:09+00:00","dateModified":"2023-06-26T11:18:40+00:00","mainEntityOfPage":{"@id":"https:\/\/dicodusport.fr\/blog\/mercato-psg-paris-vise-le-bresilien-rodriguinho\/"},"wordCount":285,"commentCount":0,"publisher":{"@id":"https:\/\/dicodusport.fr\/blog\/#organization"},"image":{"@id":"https:\/\/dicodusport.fr\/blog\/mercato-psg-paris-vise-le-bresilien-rodriguinho\/#primaryimage"},"thumbnailUrl":"https:\/\/dicodusport.fr\/blog\/wp-content\/uploads\/2023\/06\/Mercato-PSG-Paris-vise-le-Bresilien-Rodriguinho.png","keywords":["br\u00e8ve","Football","Mercato","Paris","PSG"],"articleSection":["Football","Ligue 1"],"inLanguage":"fr-FR","potentialAction":[{"@type":"CommentAction","name":"Comment","target":["https:\/\/dicodusport.fr\/blog\/mercato-psg-paris-vise-le-bresilien-rodriguinho\/#respond"]}],"copyrightYear":"2023","copyrightHolder":{"@id":"https:\/\/dicodusport.fr\/blog\/#organization"}},{"@type":"WebPage","@id":"https:\/\/dicodusport.fr\/blog\/mercato-psg-paris-vise-le-bresilien-rodriguinho\/","url":"https:\/\/dicodusport.fr\/blog\/mercato-psg-paris-vise-le-bresilien-rodriguinho\/","name":"Mercato PSG : Paris vise le Br\u00e9silien Rodriguinho","isPartOf":{"@id":"https:\/\/dicodusport.fr\/blog\/#website"},"primaryImageOfPage":{"@id":"https:\/\/dicodusport.fr\/blog\/mercato-psg-paris-vise-le-bresilien-rodriguinho\/#primaryimage"},"image":{"@id":"https:\/\/dicodusport.fr\/blog\/mercato-psg-paris-vise-le-bresilien-rodriguinho\/#primaryimage"},"thumbnailUrl":"https:\/\/dicodusport.fr\/blog\/wp-content\/uploads\/2023\/06\/Mercato-PSG-Paris-vise-le-Bresilien-Rodriguinho.png","datePublished":"2023-06-26T09:56:09+00:00","dateModified":"2023-06-26T11:18:40+00:00","description":"LIGUE 1 2023-2024 - Selon UOL Esporte, le Paris Saint-Germain pourrait tenter de recruter le jeune milieu br\u00e9silien, Rodriguinho.","breadcrumb":{"@id":"https:\/\/dicodusport.fr\/blog\/mercato-psg-paris-vise-le-bresilien-rodriguinho\/#breadcrumb"},"inLanguage":"fr-FR","potentialAction":[{"@type":"ReadAction","target":["https:\/\/dicodusport.fr\/blog\/mercato-psg-paris-vise-le-bresilien-rodriguinho\/"]}]},{"@type":"ImageObject","inLanguage":"fr-FR","@id":"https:\/\/dicodusport.fr\/blog\/mercato-psg-paris-vise-le-bresilien-rodriguinho\/#primaryimage","url":"https:\/\/dicodusport.fr\/blog\/wp-content\/uploads\/2023\/06\/Mercato-PSG-Paris-vise-le-Bresilien-Rodriguinho.png","contentUrl":"https:\/\/dicodusport.fr\/blog\/wp-content\/uploads\/2023\/06\/Mercato-PSG-Paris-vise-le-Bresilien-Rodriguinho.png","width":800,"height":445},{"@type":"BreadcrumbList","@id":"https:\/\/dicodusport.fr\/blog\/mercato-psg-paris-vise-le-bresilien-rodriguinho\/#breadcrumb","itemListElement":[{"@type":"ListItem","position":1,"name":"Accueil","item":"https:\/\/dicodusport.fr\/blog\/"},{"@type":"ListItem","position":2,"name":"Mercato PSG : Paris vise le Br\u00e9silien Rodriguinho"}]},{"@type":"WebSite","@id":"https:\/\/dicodusport.fr\/blog\/#website","url":"https:\/\/dicodusport.fr\/blog\/","name":"Dicodusport","description":"L&#039;encyclop\u00e9die de l&#039;actualit\u00e9 sportive","publisher":{"@id":"https:\/\/dicodusport.fr\/blog\/#organization"},"potentialAction":[{"@type":"SearchAction","target":{"@type":"EntryPoint","urlTemplate":"https:\/\/dicodusport.fr\/blog\/?s={search_term_string}"},"query-input":{"@type":"PropertyValueSpecification","valueRequired":true,"valueName":"search_term_string"}}],"inLanguage":"fr-FR"},{"@type":"NewsMediaOrganization","@id":"https:\/\/dicodusport.fr\/blog\/#organization","name":"Dicodusport","url":"https:\/\/dicodusport.fr\/blog\/","logo":{"@type":"ImageObject","inLanguage":"fr-FR","@id":"https:\/\/dicodusport.fr\/blog\/#\/schema\/logo\/image\/","url":"https:\/\/dicodusport.fr\/blog\/wp-content\/uploads\/2020\/06\/cropped-LOGO-DICODUSPORT-2020-SANS-FOND-SANS-TEXTE.png","contentUrl":"https:\/\/dicodusport.fr\/blog\/wp-content\/uploads\/2020\/06\/cropped-LOGO-DICODUSPORT-2020-SANS-FOND-SANS-TEXTE.png","width":512,"height":512,"caption":"Dicodusport"},"image":{"@id":"https:\/\/dicodusport.fr\/blog\/#\/schema\/logo\/image\/"},"sameAs":["https:\/\/www.facebook.com\/dicodusport","https:\/\/x.com\/dicodusport","https:\/\/www.instagram.com\/dicodusport\/","https:\/\/www.youtube.com\/channel\/UC7V2KZ5sd3htJivAbA4ZG3w"],"description":"Dicodusport est l'encyclop\u00e9die de l'actualit\u00e9 sportive.","email":"bonjour@dicodusport.fr","legalName":"DICODUSPORT","foundingDate":"2018-01-14","vatID":"FR71834470973","taxID":"83447097300043","numberOfEmployees":{"@type":"QuantitativeValue","minValue":"1","maxValue":"10"}},{"@type":"Person","@id":"https:\/\/dicodusport.fr\/blog\/#\/schema\/person\/55dcb50ad410894e431ed812bbb70191","name":"Nicolas Jacquemard","image":{"@type":"ImageObject","inLanguage":"fr-FR","@id":"https:\/\/dicodusport.fr\/blog\/#\/schema\/person\/image\/","url":"https:\/\/dicodusport.fr\/blog\/wp-content\/uploads\/2021\/05\/Nicolas-Jacquemard-150x150.jpeg","contentUrl":"https:\/\/dicodusport.fr\/blog\/wp-content\/uploads\/2021\/05\/Nicolas-Jacquemard-150x150.jpeg","caption":"Nicolas Jacquemard"},"description":"Passionn\u00e9 de sport et entrepreneur depuis mes 18 ans, la cr\u00e9ation de Dicodusport m'a sembl\u00e9 \u00e9vidente pour participer \u00e0 la m\u00e9diatisation d'un plus grand nombre de sports. Le chemin est long mais avec une \u00e9quipe des plus motiv\u00e9es et les Jeux Olympiques de Paris 2024 en point de mire, nous y arriverons ! Journaliste dans le monde du sport depuis plus de 5 ans, je traite aussi bien de football, de rugby, de biathlon que de cyclisme.","sameAs":["https:\/\/www.facebook.com\/dicodusport","https:\/\/x.com\/https:\/\/twitter.com\/Nico_Jacquemard"],"url":"https:\/\/dicodusport.fr\/blog\/author\/dicodusport\/"}]}},"_links":{"self":[{"href":"https:\/\/dicodusport.fr\/blog\/wp-json\/wp\/v2\/posts\/394671","targetHints":{"allow":["GET"]}}],"collection":[{"href":"https:\/\/dicodusport.fr\/blog\/wp-json\/wp\/v2\/posts"}],"about":[{"href":"https:\/\/dicodusport.fr\/blog\/wp-json\/wp\/v2\/types\/post"}],"author":[{"embeddable":true,"href":"https:\/\/dicodusport.fr\/blog\/wp-json\/wp\/v2\/users\/1"}],"replies":[{"embeddable":true,"href":"https:\/\/dicodusport.fr\/blog\/wp-json\/wp\/v2\/comments?post=394671"}],"version-history":[{"count":0,"href":"https:\/\/dicodusport.fr\/blog\/wp-json\/wp\/v2\/posts\/394671\/revisions"}],"wp:featuredmedia":[{"embeddable":true,"href":"https:\/\/dicodusport.fr\/blog\/wp-json\/wp\/v2\/media\/394672"}],"wp:attachment":[{"href":"https:\/\/dicodusport.fr\/blog\/wp-json\/wp\/v2\/media?parent=394671"}],"wp:term":[{"taxonomy":"category","embeddable":true,"href":"https:\/\/dicodusport.fr\/blog\/wp-json\/wp\/v2\/categories?post=394671"},{"taxonomy":"post_tag","embeddable":true,"href":"https:\/\/dicodusport.fr\/blog\/wp-json\/wp\/v2\/tags?post=394671"}],"curies":[{"name":"wp","href":"https:\/\/api.w.org\/{rel}","templated":true}]}}