{"id":394851,"date":"2023-06-26T21:52:33","date_gmt":"2023-06-26T19:52:33","guid":{"rendered":"https:\/\/dicodusport.fr\/blog\/?p=394851&#038;preview=true&#038;preview_id=394851"},"modified":"2023-06-27T09:03:32","modified_gmt":"2023-06-27T07:03:32","slug":"jeux-europeens-2023-althea-laurin-en-bronze-au-taekwondo-dans-la-categorie-73-kg","status":"publish","type":"post","link":"https:\/\/dicodusport.fr\/blog\/jeux-europeens-2023-althea-laurin-en-bronze-au-taekwondo-dans-la-categorie-73-kg\/","title":{"rendered":"Jeux Europ\u00e9ens 2023 : Alth\u00e9a Laurin en bronze au taekwondo dans la cat\u00e9gorie -73 kg"},"content":{"rendered":"<p style=\"font-weight: 400; text-align: justify;\"><strong><em><a href=\"https:\/\/dicodusport.fr\/blog\/actualites\/football\/ligue-1-2023-2024\/\">JEUX EUROP\u00c9ENS 2023<\/a> \u2013 Alth\u00e9a Laurin a pris la m\u00e9daille de bronze en taekwondo, dans la cat\u00e9gorie -73 kg. C&rsquo;est la 5\u1d49 m\u00e9daille pour le taekwondo fran\u00e7ais.<\/em><\/strong><\/p>\n<p style=\"text-align: justify;\">Elle se souviendra sans doute toute sa vie de cette p\u00e9riode de folie. <a href=\"https:\/\/dicodusport.fr\/blog\/mondiaux-de-taekwondo-magda-wiet-henin-et-althea-laurin-championnes-du-monde\/\">Apr\u00e8s sa m\u00e9daille d&rsquo;or, le 30 mai dernier, lors des championnats du monde de Taekwondo<\/a>, <strong>Alth\u00e9a Laurin<\/strong> a d\u00e9croch\u00e9 une nouvelle m\u00e9daille lors des Jeux Europ\u00e9ens. Toujours dans la cat\u00e9gorie -73 kg. Lors de sa petite finale, elle a domin\u00e9 la Mont\u00e9n\u00e9grine <strong>Andjela Berisaj<\/strong> deux rounds \u00e0 rien. Les deux remport\u00e9s tr\u00e8s s\u00e8chement, 11-2 puis 15-1. La Fran\u00e7aise n&rsquo;a donc laiss\u00e9 aucune chance \u00e0 son adversaire. L&rsquo;\u00e9quipe de France de taekwondo poursuit sa moisson de m\u00e9dailles. C&rsquo;est la 5\u1d49 m\u00e9daille pour le clan tricolore.<\/p>\n<p style=\"text-align: justify;\">\u00c0 seulement 21 ans, <strong>Alth\u00e9a Laurin<\/strong> a d\u00e9j\u00e0 remport\u00e9 le bronze olympique en 2021, deux m\u00e9dailles aux championnats du monde, une m\u00e9daille d&rsquo;or aux championnats d&rsquo;Europe et deux m\u00e9dailles aux championnats d&rsquo;Europe, cat\u00e9gorie olympique. Elle est en train de se constituer un formidable palmar\u00e8s. Qui pourrait, on l&rsquo;esp\u00e8re, rapidement s&rsquo;\u00e9toffer.<\/p>\n<blockquote class=\"twitter-tweet\">\n<p dir=\"ltr\" lang=\"fr\">\ud83c\uddeb\ud83c\uddf7 et de 5 ! \ud83d\udd90\ufe0f<\/p>\n<p>5e m\u00e9daille pour le taekwondo fran\u00e7ais gr\u00e2ce \u00e0 Alth\u00e9a Laurin qui ram\u00e8ne la m\u00e9daille de bronze \u00e0 la maison \ud83c\udfe0 <a href=\"https:\/\/twitter.com\/hashtag\/JeuxEuropeens2023?src=hash&amp;ref_src=twsrc%5Etfw\">#JeuxEuropeens2023<\/a> <a href=\"https:\/\/twitter.com\/hashtag\/AllezLesBleus?src=hash&amp;ref_src=twsrc%5Etfw\">#AllezLesBleus<\/a> <a href=\"https:\/\/t.co\/pM2LFsEClj\">pic.twitter.com\/pM2LFsEClj<\/a><\/p>\n<p>\u2014 FranceOlympique (@FranceOlympique) <a href=\"https:\/\/twitter.com\/FranceOlympique\/status\/1673387247339446287?ref_src=twsrc%5Etfw\">June 26, 2023<\/a><\/p><\/blockquote>\n<p><script async src=\"https:\/\/platform.twitter.com\/widgets.js\" charset=\"utf-8\"><\/script><\/p>\n","protected":false},"excerpt":{"rendered":"<p>JEUX EUROP\u00c9ENS 2023 \u2013 Alth\u00e9a Laurin a pris la m\u00e9daille de bronze en Taekwondo, dans la cat\u00e9gorie -73 kg. C&rsquo;est la 5\u1d49 m\u00e9daille pour le taekwondo fran\u00e7ais.<\/p>\n","protected":false},"author":83,"featured_media":394860,"comment_status":"open","ping_status":"closed","sticky":false,"template":"","format":"standard","meta":{"_acf_changed":false,"_daextam_enable_autolinks":"","footnotes":""},"categories":[2366,10983],"tags":[12953,16878,926],"class_list":["post-394851","post","type-post","status-publish","format-standard","has-post-thumbnail","hentry","category-multisports","category-taekwondo","tag-althea-laurin","tag-breve","tag-taekwondo"],"acf":[],"yoast_head":"<!-- This site is optimized with the Yoast SEO Premium plugin v26.7 (Yoast SEO v26.7) - https:\/\/yoast.com\/wordpress\/plugins\/seo\/ -->\n<title>Jeux Europ\u00e9ens 2023 : Alth\u00e9a Laurin en bronze au taekwondo dans la cat\u00e9gorie -73 kg<\/title>\n<meta name=\"description\" content=\"JEUX EUROP\u00c9ENS 2023 \u2013 Alth\u00e9a Laurin a pris la m\u00e9daille de bronze en Taekwondo, dans la cat\u00e9gorie -73 kg. 5\u1d49 m\u00e9daille pour le Taekwondo.\" \/>\n<meta name=\"robots\" content=\"index, follow, max-snippet:-1, max-image-preview:large, max-video-preview:-1\" \/>\n<link rel=\"canonical\" href=\"https:\/\/dicodusport.fr\/blog\/jeux-europeens-2023-althea-laurin-en-bronze-au-taekwondo-dans-la-categorie-73-kg\/\" \/>\n<meta property=\"og:locale\" content=\"fr_FR\" \/>\n<meta property=\"og:type\" content=\"article\" \/>\n<meta property=\"og:title\" content=\"Jeux Europ\u00e9ens 2023 : Alth\u00e9a Laurin en bronze au taekwondo dans la cat\u00e9gorie -73 kg\" \/>\n<meta property=\"og:description\" content=\"JEUX EUROP\u00c9ENS 2023 \u2013 Alth\u00e9a Laurin a pris la m\u00e9daille de bronze en Taekwondo, dans la cat\u00e9gorie -73 kg. 5\u1d49 m\u00e9daille pour le Taekwondo.\" \/>\n<meta property=\"og:url\" content=\"https:\/\/dicodusport.fr\/blog\/jeux-europeens-2023-althea-laurin-en-bronze-au-taekwondo-dans-la-categorie-73-kg\/\" \/>\n<meta property=\"og:site_name\" content=\"Dicodusport\" \/>\n<meta property=\"article:publisher\" content=\"https:\/\/www.facebook.com\/dicodusport\" \/>\n<meta property=\"article:published_time\" content=\"2023-06-26T19:52:33+00:00\" \/>\n<meta property=\"article:modified_time\" content=\"2023-06-27T07:03:32+00:00\" \/>\n<meta property=\"og:image\" content=\"https:\/\/dicodusport.fr\/blog\/wp-content\/uploads\/2023\/06\/Jeux-Europeens-2023-Althea-Laurin-Taekwondo-en-bronze.png\" \/>\n\t<meta property=\"og:image:width\" content=\"800\" \/>\n\t<meta property=\"og:image:height\" content=\"445\" \/>\n\t<meta property=\"og:image:type\" content=\"image\/png\" \/>\n<meta name=\"author\" content=\"Etienne Goursaud\" \/>\n<meta name=\"twitter:card\" content=\"summary_large_image\" \/>\n<meta name=\"twitter:title\" content=\"Jeux Europ\u00e9ens 2023 : Alth\u00e9a Laurin en bronze au taekwondo dans la cat\u00e9gorie -73 kg\" \/>\n<meta name=\"twitter:creator\" content=\"@dicodusport\" \/>\n<meta name=\"twitter:site\" content=\"@dicodusport\" \/>\n<script type=\"application\/ld+json\" class=\"yoast-schema-graph\">{\"@context\":\"https:\/\/schema.org\",\"@graph\":[{\"@type\":\"NewsArticle\",\"@id\":\"https:\/\/dicodusport.fr\/blog\/jeux-europeens-2023-althea-laurin-en-bronze-au-taekwondo-dans-la-categorie-73-kg\/#article\",\"isPartOf\":{\"@id\":\"https:\/\/dicodusport.fr\/blog\/jeux-europeens-2023-althea-laurin-en-bronze-au-taekwondo-dans-la-categorie-73-kg\/\"},\"author\":{\"name\":\"Etienne Goursaud\",\"@id\":\"https:\/\/dicodusport.fr\/blog\/#\/schema\/person\/d603dd7da31fb2b46c82b9835a77ec13\"},\"headline\":\"Jeux Europ\u00e9ens 2023 : Alth\u00e9a Laurin en bronze au taekwondo dans la cat\u00e9gorie -73 kg\",\"datePublished\":\"2023-06-26T19:52:33+00:00\",\"dateModified\":\"2023-06-27T07:03:32+00:00\",\"mainEntityOfPage\":{\"@id\":\"https:\/\/dicodusport.fr\/blog\/jeux-europeens-2023-althea-laurin-en-bronze-au-taekwondo-dans-la-categorie-73-kg\/\"},\"wordCount\":255,\"commentCount\":0,\"publisher\":{\"@id\":\"https:\/\/dicodusport.fr\/blog\/#organization\"},\"image\":{\"@id\":\"https:\/\/dicodusport.fr\/blog\/jeux-europeens-2023-althea-laurin-en-bronze-au-taekwondo-dans-la-categorie-73-kg\/#primaryimage\"},\"thumbnailUrl\":\"https:\/\/dicodusport.fr\/blog\/wp-content\/uploads\/2023\/06\/Jeux-Europeens-2023-Althea-Laurin-Taekwondo-en-bronze.png\",\"keywords\":[\"Alth\u00e9a Laurin\",\"br\u00e8ve\",\"taekwondo\"],\"articleSection\":[\"Multisports\",\"Taekwondo\"],\"inLanguage\":\"fr-FR\",\"potentialAction\":[{\"@type\":\"CommentAction\",\"name\":\"Comment\",\"target\":[\"https:\/\/dicodusport.fr\/blog\/jeux-europeens-2023-althea-laurin-en-bronze-au-taekwondo-dans-la-categorie-73-kg\/#respond\"]}],\"copyrightYear\":\"2023\",\"copyrightHolder\":{\"@id\":\"https:\/\/dicodusport.fr\/blog\/#organization\"}},{\"@type\":\"WebPage\",\"@id\":\"https:\/\/dicodusport.fr\/blog\/jeux-europeens-2023-althea-laurin-en-bronze-au-taekwondo-dans-la-categorie-73-kg\/\",\"url\":\"https:\/\/dicodusport.fr\/blog\/jeux-europeens-2023-althea-laurin-en-bronze-au-taekwondo-dans-la-categorie-73-kg\/\",\"name\":\"Jeux Europ\u00e9ens 2023 : Alth\u00e9a Laurin en bronze au taekwondo dans la cat\u00e9gorie -73 kg\",\"isPartOf\":{\"@id\":\"https:\/\/dicodusport.fr\/blog\/#website\"},\"primaryImageOfPage\":{\"@id\":\"https:\/\/dicodusport.fr\/blog\/jeux-europeens-2023-althea-laurin-en-bronze-au-taekwondo-dans-la-categorie-73-kg\/#primaryimage\"},\"image\":{\"@id\":\"https:\/\/dicodusport.fr\/blog\/jeux-europeens-2023-althea-laurin-en-bronze-au-taekwondo-dans-la-categorie-73-kg\/#primaryimage\"},\"thumbnailUrl\":\"https:\/\/dicodusport.fr\/blog\/wp-content\/uploads\/2023\/06\/Jeux-Europeens-2023-Althea-Laurin-Taekwondo-en-bronze.png\",\"datePublished\":\"2023-06-26T19:52:33+00:00\",\"dateModified\":\"2023-06-27T07:03:32+00:00\",\"description\":\"JEUX EUROP\u00c9ENS 2023 \u2013 Alth\u00e9a Laurin a pris la m\u00e9daille de bronze en Taekwondo, dans la cat\u00e9gorie -73 kg. 5\u1d49 m\u00e9daille pour le Taekwondo.\",\"breadcrumb\":{\"@id\":\"https:\/\/dicodusport.fr\/blog\/jeux-europeens-2023-althea-laurin-en-bronze-au-taekwondo-dans-la-categorie-73-kg\/#breadcrumb\"},\"inLanguage\":\"fr-FR\",\"potentialAction\":[{\"@type\":\"ReadAction\",\"target\":[\"https:\/\/dicodusport.fr\/blog\/jeux-europeens-2023-althea-laurin-en-bronze-au-taekwondo-dans-la-categorie-73-kg\/\"]}]},{\"@type\":\"ImageObject\",\"inLanguage\":\"fr-FR\",\"@id\":\"https:\/\/dicodusport.fr\/blog\/jeux-europeens-2023-althea-laurin-en-bronze-au-taekwondo-dans-la-categorie-73-kg\/#primaryimage\",\"url\":\"https:\/\/dicodusport.fr\/blog\/wp-content\/uploads\/2023\/06\/Jeux-Europeens-2023-Althea-Laurin-Taekwondo-en-bronze.png\",\"contentUrl\":\"https:\/\/dicodusport.fr\/blog\/wp-content\/uploads\/2023\/06\/Jeux-Europeens-2023-Althea-Laurin-Taekwondo-en-bronze.png\",\"width\":800,\"height\":445,\"caption\":\"Jeux Europ\u00e9ens 2023 Alth\u00e9a Laurin (Taekwondo) en bronze\"},{\"@type\":\"BreadcrumbList\",\"@id\":\"https:\/\/dicodusport.fr\/blog\/jeux-europeens-2023-althea-laurin-en-bronze-au-taekwondo-dans-la-categorie-73-kg\/#breadcrumb\",\"itemListElement\":[{\"@type\":\"ListItem\",\"position\":1,\"name\":\"Accueil\",\"item\":\"https:\/\/dicodusport.fr\/blog\/\"},{\"@type\":\"ListItem\",\"position\":2,\"name\":\"Jeux Europ\u00e9ens 2023 : Alth\u00e9a Laurin en bronze au taekwondo dans la cat\u00e9gorie -73 kg\"}]},{\"@type\":\"WebSite\",\"@id\":\"https:\/\/dicodusport.fr\/blog\/#website\",\"url\":\"https:\/\/dicodusport.fr\/blog\/\",\"name\":\"Dicodusport\",\"description\":\"L&#039;encyclop\u00e9die de l&#039;actualit\u00e9 sportive\",\"publisher\":{\"@id\":\"https:\/\/dicodusport.fr\/blog\/#organization\"},\"potentialAction\":[{\"@type\":\"SearchAction\",\"target\":{\"@type\":\"EntryPoint\",\"urlTemplate\":\"https:\/\/dicodusport.fr\/blog\/?s={search_term_string}\"},\"query-input\":{\"@type\":\"PropertyValueSpecification\",\"valueRequired\":true,\"valueName\":\"search_term_string\"}}],\"inLanguage\":\"fr-FR\"},{\"@type\":\"NewsMediaOrganization\",\"@id\":\"https:\/\/dicodusport.fr\/blog\/#organization\",\"name\":\"Dicodusport\",\"url\":\"https:\/\/dicodusport.fr\/blog\/\",\"logo\":{\"@type\":\"ImageObject\",\"inLanguage\":\"fr-FR\",\"@id\":\"https:\/\/dicodusport.fr\/blog\/#\/schema\/logo\/image\/\",\"url\":\"https:\/\/dicodusport.fr\/blog\/wp-content\/uploads\/2020\/06\/cropped-LOGO-DICODUSPORT-2020-SANS-FOND-SANS-TEXTE.png\",\"contentUrl\":\"https:\/\/dicodusport.fr\/blog\/wp-content\/uploads\/2020\/06\/cropped-LOGO-DICODUSPORT-2020-SANS-FOND-SANS-TEXTE.png\",\"width\":512,\"height\":512,\"caption\":\"Dicodusport\"},\"image\":{\"@id\":\"https:\/\/dicodusport.fr\/blog\/#\/schema\/logo\/image\/\"},\"sameAs\":[\"https:\/\/www.facebook.com\/dicodusport\",\"https:\/\/x.com\/dicodusport\",\"https:\/\/www.instagram.com\/dicodusport\/\",\"https:\/\/www.youtube.com\/channel\/UC7V2KZ5sd3htJivAbA4ZG3w\"],\"description\":\"Dicodusport est l'encyclop\u00e9die de l'actualit\u00e9 sportive.\",\"email\":\"bonjour@dicodusport.fr\",\"legalName\":\"DICODUSPORT\",\"foundingDate\":\"2018-01-14\",\"vatID\":\"FR71834470973\",\"taxID\":\"83447097300043\",\"numberOfEmployees\":{\"@type\":\"QuantitativeValue\",\"minValue\":\"1\",\"maxValue\":\"10\"}},{\"@type\":\"Person\",\"@id\":\"https:\/\/dicodusport.fr\/blog\/#\/schema\/person\/d603dd7da31fb2b46c82b9835a77ec13\",\"name\":\"Etienne Goursaud\",\"image\":{\"@type\":\"ImageObject\",\"inLanguage\":\"fr-FR\",\"@id\":\"https:\/\/dicodusport.fr\/blog\/#\/schema\/person\/image\/\",\"url\":\"https:\/\/dicodusport.fr\/blog\/wp-content\/uploads\/2023\/12\/410122264_10231602061736049_5565839791558026645_n-150x150.jpg\",\"contentUrl\":\"https:\/\/dicodusport.fr\/blog\/wp-content\/uploads\/2023\/12\/410122264_10231602061736049_5565839791558026645_n-150x150.jpg\",\"caption\":\"Etienne Goursaud\"},\"description\":\"Journaliste et amoureux de sport. Ancien footballeur reconverti athl\u00e8te quand ses muscles le laissent tranquille. \u00c9lev\u00e9 \u00e0 la sauce des exploits de Thomas Voeckler en 2004, du dernier essai de l\u00e9gende de Eunice Barber \u00e0 la longueur lors des championnats du monde d'athl\u00e9tisme de 2003 mais aussi Zidane, Omeyer et Titou Lamaison.\",\"url\":\"https:\/\/dicodusport.fr\/blog\/author\/etienne-goursaud\/\"}]}<\/script>\n<!-- \/ Yoast SEO Premium plugin. -->","yoast_head_json":{"title":"Jeux Europ\u00e9ens 2023 : Alth\u00e9a Laurin en bronze au taekwondo dans la cat\u00e9gorie -73 kg","description":"JEUX EUROP\u00c9ENS 2023 \u2013 Alth\u00e9a Laurin a pris la m\u00e9daille de bronze en Taekwondo, dans la cat\u00e9gorie -73 kg. 5\u1d49 m\u00e9daille pour le Taekwondo.","robots":{"index":"index","follow":"follow","max-snippet":"max-snippet:-1","max-image-preview":"max-image-preview:large","max-video-preview":"max-video-preview:-1"},"canonical":"https:\/\/dicodusport.fr\/blog\/jeux-europeens-2023-althea-laurin-en-bronze-au-taekwondo-dans-la-categorie-73-kg\/","og_locale":"fr_FR","og_type":"article","og_title":"Jeux Europ\u00e9ens 2023 : Alth\u00e9a Laurin en bronze au taekwondo dans la cat\u00e9gorie -73 kg","og_description":"JEUX EUROP\u00c9ENS 2023 \u2013 Alth\u00e9a Laurin a pris la m\u00e9daille de bronze en Taekwondo, dans la cat\u00e9gorie -73 kg. 5\u1d49 m\u00e9daille pour le Taekwondo.","og_url":"https:\/\/dicodusport.fr\/blog\/jeux-europeens-2023-althea-laurin-en-bronze-au-taekwondo-dans-la-categorie-73-kg\/","og_site_name":"Dicodusport","article_publisher":"https:\/\/www.facebook.com\/dicodusport","article_published_time":"2023-06-26T19:52:33+00:00","article_modified_time":"2023-06-27T07:03:32+00:00","og_image":[{"width":800,"height":445,"url":"https:\/\/dicodusport.fr\/blog\/wp-content\/uploads\/2023\/06\/Jeux-Europeens-2023-Althea-Laurin-Taekwondo-en-bronze.png","type":"image\/png"}],"author":"Etienne Goursaud","twitter_card":"summary_large_image","twitter_title":"Jeux Europ\u00e9ens 2023 : Alth\u00e9a Laurin en bronze au taekwondo dans la cat\u00e9gorie -73 kg","twitter_creator":"@dicodusport","twitter_site":"@dicodusport","schema":{"@context":"https:\/\/schema.org","@graph":[{"@type":"NewsArticle","@id":"https:\/\/dicodusport.fr\/blog\/jeux-europeens-2023-althea-laurin-en-bronze-au-taekwondo-dans-la-categorie-73-kg\/#article","isPartOf":{"@id":"https:\/\/dicodusport.fr\/blog\/jeux-europeens-2023-althea-laurin-en-bronze-au-taekwondo-dans-la-categorie-73-kg\/"},"author":{"name":"Etienne Goursaud","@id":"https:\/\/dicodusport.fr\/blog\/#\/schema\/person\/d603dd7da31fb2b46c82b9835a77ec13"},"headline":"Jeux Europ\u00e9ens 2023 : Alth\u00e9a Laurin en bronze au taekwondo dans la cat\u00e9gorie -73 kg","datePublished":"2023-06-26T19:52:33+00:00","dateModified":"2023-06-27T07:03:32+00:00","mainEntityOfPage":{"@id":"https:\/\/dicodusport.fr\/blog\/jeux-europeens-2023-althea-laurin-en-bronze-au-taekwondo-dans-la-categorie-73-kg\/"},"wordCount":255,"commentCount":0,"publisher":{"@id":"https:\/\/dicodusport.fr\/blog\/#organization"},"image":{"@id":"https:\/\/dicodusport.fr\/blog\/jeux-europeens-2023-althea-laurin-en-bronze-au-taekwondo-dans-la-categorie-73-kg\/#primaryimage"},"thumbnailUrl":"https:\/\/dicodusport.fr\/blog\/wp-content\/uploads\/2023\/06\/Jeux-Europeens-2023-Althea-Laurin-Taekwondo-en-bronze.png","keywords":["Alth\u00e9a Laurin","br\u00e8ve","taekwondo"],"articleSection":["Multisports","Taekwondo"],"inLanguage":"fr-FR","potentialAction":[{"@type":"CommentAction","name":"Comment","target":["https:\/\/dicodusport.fr\/blog\/jeux-europeens-2023-althea-laurin-en-bronze-au-taekwondo-dans-la-categorie-73-kg\/#respond"]}],"copyrightYear":"2023","copyrightHolder":{"@id":"https:\/\/dicodusport.fr\/blog\/#organization"}},{"@type":"WebPage","@id":"https:\/\/dicodusport.fr\/blog\/jeux-europeens-2023-althea-laurin-en-bronze-au-taekwondo-dans-la-categorie-73-kg\/","url":"https:\/\/dicodusport.fr\/blog\/jeux-europeens-2023-althea-laurin-en-bronze-au-taekwondo-dans-la-categorie-73-kg\/","name":"Jeux Europ\u00e9ens 2023 : Alth\u00e9a Laurin en bronze au taekwondo dans la cat\u00e9gorie -73 kg","isPartOf":{"@id":"https:\/\/dicodusport.fr\/blog\/#website"},"primaryImageOfPage":{"@id":"https:\/\/dicodusport.fr\/blog\/jeux-europeens-2023-althea-laurin-en-bronze-au-taekwondo-dans-la-categorie-73-kg\/#primaryimage"},"image":{"@id":"https:\/\/dicodusport.fr\/blog\/jeux-europeens-2023-althea-laurin-en-bronze-au-taekwondo-dans-la-categorie-73-kg\/#primaryimage"},"thumbnailUrl":"https:\/\/dicodusport.fr\/blog\/wp-content\/uploads\/2023\/06\/Jeux-Europeens-2023-Althea-Laurin-Taekwondo-en-bronze.png","datePublished":"2023-06-26T19:52:33+00:00","dateModified":"2023-06-27T07:03:32+00:00","description":"JEUX EUROP\u00c9ENS 2023 \u2013 Alth\u00e9a Laurin a pris la m\u00e9daille de bronze en Taekwondo, dans la cat\u00e9gorie -73 kg. 5\u1d49 m\u00e9daille pour le Taekwondo.","breadcrumb":{"@id":"https:\/\/dicodusport.fr\/blog\/jeux-europeens-2023-althea-laurin-en-bronze-au-taekwondo-dans-la-categorie-73-kg\/#breadcrumb"},"inLanguage":"fr-FR","potentialAction":[{"@type":"ReadAction","target":["https:\/\/dicodusport.fr\/blog\/jeux-europeens-2023-althea-laurin-en-bronze-au-taekwondo-dans-la-categorie-73-kg\/"]}]},{"@type":"ImageObject","inLanguage":"fr-FR","@id":"https:\/\/dicodusport.fr\/blog\/jeux-europeens-2023-althea-laurin-en-bronze-au-taekwondo-dans-la-categorie-73-kg\/#primaryimage","url":"https:\/\/dicodusport.fr\/blog\/wp-content\/uploads\/2023\/06\/Jeux-Europeens-2023-Althea-Laurin-Taekwondo-en-bronze.png","contentUrl":"https:\/\/dicodusport.fr\/blog\/wp-content\/uploads\/2023\/06\/Jeux-Europeens-2023-Althea-Laurin-Taekwondo-en-bronze.png","width":800,"height":445,"caption":"Jeux Europ\u00e9ens 2023 Alth\u00e9a Laurin (Taekwondo) en bronze"},{"@type":"BreadcrumbList","@id":"https:\/\/dicodusport.fr\/blog\/jeux-europeens-2023-althea-laurin-en-bronze-au-taekwondo-dans-la-categorie-73-kg\/#breadcrumb","itemListElement":[{"@type":"ListItem","position":1,"name":"Accueil","item":"https:\/\/dicodusport.fr\/blog\/"},{"@type":"ListItem","position":2,"name":"Jeux Europ\u00e9ens 2023 : Alth\u00e9a Laurin en bronze au taekwondo dans la cat\u00e9gorie -73 kg"}]},{"@type":"WebSite","@id":"https:\/\/dicodusport.fr\/blog\/#website","url":"https:\/\/dicodusport.fr\/blog\/","name":"Dicodusport","description":"L&#039;encyclop\u00e9die de l&#039;actualit\u00e9 sportive","publisher":{"@id":"https:\/\/dicodusport.fr\/blog\/#organization"},"potentialAction":[{"@type":"SearchAction","target":{"@type":"EntryPoint","urlTemplate":"https:\/\/dicodusport.fr\/blog\/?s={search_term_string}"},"query-input":{"@type":"PropertyValueSpecification","valueRequired":true,"valueName":"search_term_string"}}],"inLanguage":"fr-FR"},{"@type":"NewsMediaOrganization","@id":"https:\/\/dicodusport.fr\/blog\/#organization","name":"Dicodusport","url":"https:\/\/dicodusport.fr\/blog\/","logo":{"@type":"ImageObject","inLanguage":"fr-FR","@id":"https:\/\/dicodusport.fr\/blog\/#\/schema\/logo\/image\/","url":"https:\/\/dicodusport.fr\/blog\/wp-content\/uploads\/2020\/06\/cropped-LOGO-DICODUSPORT-2020-SANS-FOND-SANS-TEXTE.png","contentUrl":"https:\/\/dicodusport.fr\/blog\/wp-content\/uploads\/2020\/06\/cropped-LOGO-DICODUSPORT-2020-SANS-FOND-SANS-TEXTE.png","width":512,"height":512,"caption":"Dicodusport"},"image":{"@id":"https:\/\/dicodusport.fr\/blog\/#\/schema\/logo\/image\/"},"sameAs":["https:\/\/www.facebook.com\/dicodusport","https:\/\/x.com\/dicodusport","https:\/\/www.instagram.com\/dicodusport\/","https:\/\/www.youtube.com\/channel\/UC7V2KZ5sd3htJivAbA4ZG3w"],"description":"Dicodusport est l'encyclop\u00e9die de l'actualit\u00e9 sportive.","email":"bonjour@dicodusport.fr","legalName":"DICODUSPORT","foundingDate":"2018-01-14","vatID":"FR71834470973","taxID":"83447097300043","numberOfEmployees":{"@type":"QuantitativeValue","minValue":"1","maxValue":"10"}},{"@type":"Person","@id":"https:\/\/dicodusport.fr\/blog\/#\/schema\/person\/d603dd7da31fb2b46c82b9835a77ec13","name":"Etienne Goursaud","image":{"@type":"ImageObject","inLanguage":"fr-FR","@id":"https:\/\/dicodusport.fr\/blog\/#\/schema\/person\/image\/","url":"https:\/\/dicodusport.fr\/blog\/wp-content\/uploads\/2023\/12\/410122264_10231602061736049_5565839791558026645_n-150x150.jpg","contentUrl":"https:\/\/dicodusport.fr\/blog\/wp-content\/uploads\/2023\/12\/410122264_10231602061736049_5565839791558026645_n-150x150.jpg","caption":"Etienne Goursaud"},"description":"Journaliste et amoureux de sport. Ancien footballeur reconverti athl\u00e8te quand ses muscles le laissent tranquille. \u00c9lev\u00e9 \u00e0 la sauce des exploits de Thomas Voeckler en 2004, du dernier essai de l\u00e9gende de Eunice Barber \u00e0 la longueur lors des championnats du monde d'athl\u00e9tisme de 2003 mais aussi Zidane, Omeyer et Titou Lamaison.","url":"https:\/\/dicodusport.fr\/blog\/author\/etienne-goursaud\/"}]}},"_links":{"self":[{"href":"https:\/\/dicodusport.fr\/blog\/wp-json\/wp\/v2\/posts\/394851","targetHints":{"allow":["GET"]}}],"collection":[{"href":"https:\/\/dicodusport.fr\/blog\/wp-json\/wp\/v2\/posts"}],"about":[{"href":"https:\/\/dicodusport.fr\/blog\/wp-json\/wp\/v2\/types\/post"}],"author":[{"embeddable":true,"href":"https:\/\/dicodusport.fr\/blog\/wp-json\/wp\/v2\/users\/83"}],"replies":[{"embeddable":true,"href":"https:\/\/dicodusport.fr\/blog\/wp-json\/wp\/v2\/comments?post=394851"}],"version-history":[{"count":0,"href":"https:\/\/dicodusport.fr\/blog\/wp-json\/wp\/v2\/posts\/394851\/revisions"}],"wp:featuredmedia":[{"embeddable":true,"href":"https:\/\/dicodusport.fr\/blog\/wp-json\/wp\/v2\/media\/394860"}],"wp:attachment":[{"href":"https:\/\/dicodusport.fr\/blog\/wp-json\/wp\/v2\/media?parent=394851"}],"wp:term":[{"taxonomy":"category","embeddable":true,"href":"https:\/\/dicodusport.fr\/blog\/wp-json\/wp\/v2\/categories?post=394851"},{"taxonomy":"post_tag","embeddable":true,"href":"https:\/\/dicodusport.fr\/blog\/wp-json\/wp\/v2\/tags?post=394851"}],"curies":[{"name":"wp","href":"https:\/\/api.w.org\/{rel}","templated":true}]}}