{"id":395080,"date":"2023-06-27T20:41:34","date_gmt":"2023-06-27T18:41:34","guid":{"rendered":"https:\/\/dicodusport.fr\/blog\/?p=395080&#038;preview=true&#038;preview_id=395080"},"modified":"2023-06-27T21:09:26","modified_gmt":"2023-06-27T19:09:26","slug":"athletisme-duplantis-camacho-quinn-tual-les-resultats-du-meeting-dostrava","status":"publish","type":"post","link":"https:\/\/dicodusport.fr\/blog\/athletisme-duplantis-camacho-quinn-tual-les-resultats-du-meeting-dostrava\/","title":{"rendered":"Athl\u00e9tisme : Duplantis, Camacho-Quinn, Tual, les r\u00e9sultats du meeting d&rsquo;Ostrava"},"content":{"rendered":"<p style=\"text-align: justify;\" align=\"justify\"><em><strong>ATHL\u00c9TISME &#8211; Armand Duplantis a domin\u00e9 le concours de perche du meeting d&rsquo;Ostrava, avec un bond \u00e0 6.12 m. C\u00f4t\u00e9 Fran\u00e7ais, Agathe Guillemot s&rsquo;offre un nouveau record sur 1500 m, en 4:04.96. Jimmy Gressier, Wilhem Belocian et Gabriel Tual ont aussi brill\u00e9.<\/strong><\/em><\/p>\n<h2 style=\"text-align: justify;\">Duplantis et Crouser bien \u00e0 l&rsquo;heure<\/h2>\n<p style=\"text-align: justify;\">Dans l&rsquo;histoire de la perche, trois hommes totalisent 15 concours ou plus \u00e0 au moins 6 m\u00e8tres. <strong>Sergue\u00ef Bubka, Renaud Lavillenie<\/strong> et bien s\u00fbr <strong>Armand Duplantis<\/strong>. Mais \u00e0 la diff\u00e9rence pr\u00e8s, c&rsquo;est que le Su\u00e9dois en totalise aussi 15 \u00e0 6.10 m ou plus. Sa victoire au meeting d&rsquo;Ostrava, avec une barre \u00e0 6.12 m, lui permet de repousser encore plus l&rsquo;histoire de sa discipline. \u00ab\u00a0Mondo\u00a0\u00bb est extraordinaire et nous le d\u00e9montre \u00e0 chaque sortie.<\/p>\n<blockquote class=\"twitter-tweet\">\n<p dir=\"ltr\" lang=\"en\">6.12m world lead and meeting record \ud83d\udc40<a href=\"https:\/\/twitter.com\/mondohoss600?ref_src=twsrc%5Etfw\">@mondohoss600<\/a> is out of this \ud83c\udf0e<a href=\"https:\/\/twitter.com\/hashtag\/ContinentalTourGold?src=hash&amp;ref_src=twsrc%5Etfw\">#ContinentalTourGold<\/a> <a href=\"https:\/\/t.co\/59MPIWlN1a\">pic.twitter.com\/59MPIWlN1a<\/a><\/p>\n<p>\u2014 World Athletics (@WorldAthletics) <a href=\"https:\/\/twitter.com\/WorldAthletics\/status\/1673761014792462337?ref_src=twsrc%5Etfw\">June 27, 2023<\/a><\/p><\/blockquote>\n<p style=\"text-align: justify;\"><script async src=\"https:\/\/platform.twitter.com\/widgets.js\" charset=\"utf-8\"><\/script><br \/>\nLui aussi fait partie de la galaxie des martiens. <strong>Ryan Crouser<\/strong>, recordman du monde du poids (23.56 m) a largement domin\u00e9 son concours \u00e0 Ostrava. L&rsquo;Am\u00e9ricain a r\u00e9alis\u00e9 par deux fois un gros jet \u00e0 22.63 m. S&#8217;emparant du record du meeting.<\/p>\n<h2 style=\"text-align: justify;\">Camacho-Quinn domine Amusan sur 100 m haies<\/h2>\n<p style=\"text-align: justify;\">Le 1500 m f\u00e9minin n&rsquo;aurait pas fait tache au niveau Diamond League. Avec un tripl\u00e9 \u00e9thiopien. <strong>Diribe Welteji<\/strong> remporte la course en 3:57.38 devant <strong>Hirut Meshesha<\/strong> en 3:57.97 et <strong>Tigist Girma<\/strong>, qui porte son record \u00e0 3:59.33. Et que dire du 100 m haies, avec un duel entre la championne olympique <strong>Jasmine Camacho-Quinn<\/strong> et la championne du monde et recordwoman du monde <strong>Tobi Amusan<\/strong>. Qui a tourn\u00e9 en faveur de la premi\u00e8re (12.42 contre 12.47). Avec <strong>Tia Jones<\/strong> qui s&rsquo;intercale en 12.44.<\/p>\n<blockquote class=\"twitter-tweet\">\n<p dir=\"ltr\" lang=\"en\">Meeting record \ud83d\ude4c<\/p>\n<p>\ud83c\uddea\ud83c\uddf9&rsquo;s Diribe Welteji eases to a 3:57.38 1500m meeting record at <a href=\"https:\/\/twitter.com\/ZlataTretra?ref_src=twsrc%5Etfw\">@ZlataTretra<\/a> \ud83d\udc40<a href=\"https:\/\/twitter.com\/hashtag\/ContinentalTourGold?src=hash&amp;ref_src=twsrc%5Etfw\">#ContinentalTourGold<\/a> <a href=\"https:\/\/t.co\/qeNBVXbKBx\">pic.twitter.com\/qeNBVXbKBx<\/a><\/p>\n<p>\u2014 World Athletics (@WorldAthletics) <a href=\"https:\/\/twitter.com\/WorldAthletics\/status\/1673735495954710532?ref_src=twsrc%5Etfw\">June 27, 2023<\/a><\/p><\/blockquote>\n<p style=\"text-align: justify;\"><script async src=\"https:\/\/platform.twitter.com\/widgets.js\" charset=\"utf-8\"><\/script><\/p>\n<p style=\"text-align: justify;\"><strong>Kristjan Ceh<\/strong> a encore domin\u00e9 un concours de disque, avec un beau jet et un record du meeting, 68.55 m.<strong> Haruka Kitaguchi<\/strong> remporte le javelot f\u00e9minin avec 63.72 m. <strong>Tina Sutej<\/strong> domine le concours de perche avec 4.64 m. <strong>Lamacha Girma<\/strong> remporte le 1500 m avec un record personnel en 3:33.15. <strong>Natalia Kaczmarek<\/strong> domine le 400 m en 50.89. <strong>Luxolo Adams<\/strong> a lui domin\u00e9 le demi-tour de piste en 20.22. Le double tour de piste a lui \u00e9t\u00e9 remport\u00e9 par l&rsquo;Espagnol <strong>Saul Ordonez<\/strong> en 1:44.85.<\/p>\n<h2 style=\"text-align: justify;\">Guillemot bat son record personnel sur 1500 m<\/h2>\n<p style=\"text-align: justify;\"><strong>Agathe Guillemot<\/strong> bat de nouveau son record personnel sur 1500 m. La Fran\u00e7aise marche sur l&rsquo;eau et retranche de nouveau de gros dixi\u00e8mes \u00e0 son ancien record. Pour passer pour la premi\u00e8re fois de sa carri\u00e8re sous les 4:05 (4:04.96). Elle est d\u00e9sormais \u00e0 moins d&rsquo;une seconde et demie des minima pour Budapest et les Mondiaux. C&rsquo;est aussi la 9e performance fran\u00e7aise de tous les temps. <strong>Wilhem Belocian<\/strong> a laiss\u00e9 une bonne impression sur le 110 m haies, qu&rsquo;il domine devant son compatriote <strong>Just Kwaou-Mathey<\/strong>. 13.25 contre 13.32. Ce fut beaucoup plus dur pour <strong>Pascal Martinot-Lagarde<\/strong>, dernier de la course en 13.91.<\/p>\n<p style=\"text-align: justify;\"><strong>Jimmy Gressier<\/strong> a pris la 6e place du 1500 m, avec un chrono de 3:35.97. Ce fut plus dur pour les autres Fran\u00e7ais. <strong>Baptiste Mischler<\/strong> n&rsquo;est que 17e en 3:44.05, tandis que <strong>Simon Denissel<\/strong> n&rsquo;a pas termin\u00e9 sa course.<\/p>\n<p style=\"text-align: justify;\">Pour sa rentr\u00e9e sur 800 m, <strong>Gabriel Tual<\/strong> prend une belle 5e place avec un chrono encourageant de 1:45.78. Celui qui s&rsquo;est cass\u00e9 la clavicule d\u00e9but mars va sans doute \u00eatre rassur\u00e9, apr\u00e8s avoir \u00e9t\u00e9 oblig\u00e9 de d\u00e9caler son d\u00e9but de saison. <strong>Margot Chevrier<\/strong> prend la 3e place \u00e0 Ostrava, avec un bond \u00e0 4.54 m. <strong>Thibaut Collet<\/strong> est lui 6e de son concours avec 5.60 m. Il n&rsquo;a pas totalement confirm\u00e9 son excellent 5.80 m aux championnats d&rsquo;Europe par \u00e9quipes.<\/p>\n<div class=\"vlp-link-container vlp-layout-article\"><a href=\"https:\/\/dicodusport.fr\/blog\/gabriel-tual-dans-une-course-je-pars-pour-gagner\/\" class=\"vlp-link\" title=\"Gabriel Tual : &quot;Dans une course, je pars pour gagner&quot;\"><\/a><div class=\"vlp-layout-zone-side\"><div class=\"vlp-block-4 vlp-link-image\"><img loading=\"lazy\" decoding=\"async\" style=\"max-width: 800px;\" width=\"800\" height=\"445\" src=\"https:\/\/dicodusport.fr\/blog\/wp-content\/uploads\/2023\/04\/Gabriel-Tual-Dans-une-course-je-pars-pour-gagner.png\" class=\"attachment-800x445 size-800x445\" alt=\"Gabriel Tual Dans une course, je pars pour gagner\" srcset=\"https:\/\/dicodusport.fr\/blog\/wp-content\/uploads\/2023\/04\/Gabriel-Tual-Dans-une-course-je-pars-pour-gagner.png 800w, https:\/\/dicodusport.fr\/blog\/wp-content\/uploads\/2023\/04\/Gabriel-Tual-Dans-une-course-je-pars-pour-gagner-300x167.png 300w, https:\/\/dicodusport.fr\/blog\/wp-content\/uploads\/2023\/04\/Gabriel-Tual-Dans-une-course-je-pars-pour-gagner-768x427.png 768w\" sizes=\"auto, (max-width: 800px) 100vw, 800px\" \/><\/div><\/div><div class=\"vlp-layout-zone-main\"><div class=\"vlp-block-0 vlp-link-title\">Gabriel Tual : \"Dans une course, je pars pour gagner\"<\/div><div class=\"vlp-block-1 vlp-link-summary\">ATHL\u00c9TISME - Interview avec Gabriel Tual, finaliste olympique et mondial sur 800 m.\u00a0Le demi-fondeur girondin \u00e9voque sa r\u00e9cente fracture de la clavicule, qui retarde sa pr\u00e9paration pour les Mondiaux de Budapest.<\/div><div class=\"vlp-block-2 vlp-link-button\">Lire l'article<\/div><div class=\"vlp-block-3 vlp-link-url\">dicodusport.fr<\/div><\/div><\/div>\n","protected":false},"excerpt":{"rendered":"<p>ATHL\u00c9TISME &#8211; Armand Duplantis a domin\u00e9 le concours de perche du meeting d&rsquo;Ostrava, avec un bond \u00e0 6.12 m. C\u00f4t\u00e9 Fran\u00e7ais, Agathe Guillemot s&rsquo;offre un nouveau record sur 1500 m, en 4:04.96. Jimmy Gressier, Wilhem Belocian et Gabriel Tual ont aussi brill\u00e9.<\/p>\n","protected":false},"author":83,"featured_media":395081,"comment_status":"open","ping_status":"closed","sticky":false,"template":"","format":"standard","meta":{"_acf_changed":false,"_daextam_enable_autolinks":"","footnotes":""},"categories":[2308],"tags":[32378,5220,143,16878,24380,6856],"class_list":["post-395080","post","type-post","status-publish","format-standard","has-post-thumbnail","hentry","category-athletisme","tag-agathe-guillemot","tag-armand-duplantis","tag-athletisme","tag-breve","tag-gabriel-tual","tag-jimmy-gressier"],"acf":[],"yoast_head":"<!-- This site is optimized with the Yoast SEO Premium plugin v26.7 (Yoast SEO v26.7) - https:\/\/yoast.com\/wordpress\/plugins\/seo\/ -->\n<title>Athl\u00e9tisme : Duplantis, Camacho-Quinn, Tual, les r\u00e9sultats du meeting d&#039;Ostrava<\/title>\n<meta name=\"description\" content=\"ATHL\u00c9TISME - Armand Duplantis a domin\u00e9 le concours de perche du meeting d&#039;Ostrava, avec un bond \u00e0 6.12 m.\" \/>\n<meta name=\"robots\" content=\"index, follow, max-snippet:-1, max-image-preview:large, max-video-preview:-1\" \/>\n<link rel=\"canonical\" href=\"https:\/\/dicodusport.fr\/blog\/athletisme-duplantis-camacho-quinn-tual-les-resultats-du-meeting-dostrava\/\" \/>\n<meta property=\"og:locale\" content=\"fr_FR\" \/>\n<meta property=\"og:type\" content=\"article\" \/>\n<meta property=\"og:title\" content=\"Athl\u00e9tisme : Duplantis, Camacho-Quinn, Tual, les r\u00e9sultats du meeting d&#039;Ostrava\" \/>\n<meta property=\"og:description\" content=\"ATHL\u00c9TISME - Armand Duplantis a domin\u00e9 le concours de perche du meeting d&#039;Ostrava, avec un bond \u00e0 6.12 m.\" \/>\n<meta property=\"og:url\" content=\"https:\/\/dicodusport.fr\/blog\/athletisme-duplantis-camacho-quinn-tual-les-resultats-du-meeting-dostrava\/\" \/>\n<meta property=\"og:site_name\" content=\"Dicodusport\" \/>\n<meta property=\"article:publisher\" content=\"https:\/\/www.facebook.com\/dicodusport\" \/>\n<meta property=\"article:published_time\" content=\"2023-06-27T18:41:34+00:00\" \/>\n<meta property=\"article:modified_time\" content=\"2023-06-27T19:09:26+00:00\" \/>\n<meta property=\"og:image\" content=\"https:\/\/dicodusport.fr\/blog\/wp-content\/uploads\/2023\/06\/Athletisme-Duplantis-Camacho-Quinn-Tual-les-resultats-du-meeting-dOstrava.png\" \/>\n\t<meta property=\"og:image:width\" content=\"800\" \/>\n\t<meta property=\"og:image:height\" content=\"445\" \/>\n\t<meta property=\"og:image:type\" content=\"image\/png\" \/>\n<meta name=\"author\" content=\"Etienne Goursaud\" \/>\n<meta name=\"twitter:card\" content=\"summary_large_image\" \/>\n<meta name=\"twitter:title\" content=\"Athl\u00e9tisme : Duplantis, Camacho-Quinn, Tual, les r\u00e9sultats du meeting d&#039;Ostrava\" \/>\n<meta name=\"twitter:creator\" content=\"@dicodusport\" \/>\n<meta name=\"twitter:site\" content=\"@dicodusport\" \/>\n<script type=\"application\/ld+json\" class=\"yoast-schema-graph\">{\"@context\":\"https:\/\/schema.org\",\"@graph\":[{\"@type\":\"NewsArticle\",\"@id\":\"https:\/\/dicodusport.fr\/blog\/athletisme-duplantis-camacho-quinn-tual-les-resultats-du-meeting-dostrava\/#article\",\"isPartOf\":{\"@id\":\"https:\/\/dicodusport.fr\/blog\/athletisme-duplantis-camacho-quinn-tual-les-resultats-du-meeting-dostrava\/\"},\"author\":{\"name\":\"Etienne Goursaud\",\"@id\":\"https:\/\/dicodusport.fr\/blog\/#\/schema\/person\/d603dd7da31fb2b46c82b9835a77ec13\"},\"headline\":\"Athl\u00e9tisme : Duplantis, Camacho-Quinn, Tual, les r\u00e9sultats du meeting d&rsquo;Ostrava\",\"datePublished\":\"2023-06-27T18:41:34+00:00\",\"dateModified\":\"2023-06-27T19:09:26+00:00\",\"mainEntityOfPage\":{\"@id\":\"https:\/\/dicodusport.fr\/blog\/athletisme-duplantis-camacho-quinn-tual-les-resultats-du-meeting-dostrava\/\"},\"wordCount\":680,\"commentCount\":0,\"publisher\":{\"@id\":\"https:\/\/dicodusport.fr\/blog\/#organization\"},\"image\":{\"@id\":\"https:\/\/dicodusport.fr\/blog\/athletisme-duplantis-camacho-quinn-tual-les-resultats-du-meeting-dostrava\/#primaryimage\"},\"thumbnailUrl\":\"https:\/\/dicodusport.fr\/blog\/wp-content\/uploads\/2023\/06\/Athletisme-Duplantis-Camacho-Quinn-Tual-les-resultats-du-meeting-dOstrava.png\",\"keywords\":[\"Agathe Guillemot\",\"Armand Duplantis\",\"Athl\u00e9tisme\",\"br\u00e8ve\",\"Gabriel Tual\",\"Jimmy Gressier\"],\"articleSection\":[\"Athl\u00e9tisme\"],\"inLanguage\":\"fr-FR\",\"potentialAction\":[{\"@type\":\"CommentAction\",\"name\":\"Comment\",\"target\":[\"https:\/\/dicodusport.fr\/blog\/athletisme-duplantis-camacho-quinn-tual-les-resultats-du-meeting-dostrava\/#respond\"]}],\"copyrightYear\":\"2023\",\"copyrightHolder\":{\"@id\":\"https:\/\/dicodusport.fr\/blog\/#organization\"}},{\"@type\":\"WebPage\",\"@id\":\"https:\/\/dicodusport.fr\/blog\/athletisme-duplantis-camacho-quinn-tual-les-resultats-du-meeting-dostrava\/\",\"url\":\"https:\/\/dicodusport.fr\/blog\/athletisme-duplantis-camacho-quinn-tual-les-resultats-du-meeting-dostrava\/\",\"name\":\"Athl\u00e9tisme : Duplantis, Camacho-Quinn, Tual, les r\u00e9sultats du meeting d'Ostrava\",\"isPartOf\":{\"@id\":\"https:\/\/dicodusport.fr\/blog\/#website\"},\"primaryImageOfPage\":{\"@id\":\"https:\/\/dicodusport.fr\/blog\/athletisme-duplantis-camacho-quinn-tual-les-resultats-du-meeting-dostrava\/#primaryimage\"},\"image\":{\"@id\":\"https:\/\/dicodusport.fr\/blog\/athletisme-duplantis-camacho-quinn-tual-les-resultats-du-meeting-dostrava\/#primaryimage\"},\"thumbnailUrl\":\"https:\/\/dicodusport.fr\/blog\/wp-content\/uploads\/2023\/06\/Athletisme-Duplantis-Camacho-Quinn-Tual-les-resultats-du-meeting-dOstrava.png\",\"datePublished\":\"2023-06-27T18:41:34+00:00\",\"dateModified\":\"2023-06-27T19:09:26+00:00\",\"description\":\"ATHL\u00c9TISME - Armand Duplantis a domin\u00e9 le concours de perche du meeting d'Ostrava, avec un bond \u00e0 6.12 m.\",\"breadcrumb\":{\"@id\":\"https:\/\/dicodusport.fr\/blog\/athletisme-duplantis-camacho-quinn-tual-les-resultats-du-meeting-dostrava\/#breadcrumb\"},\"inLanguage\":\"fr-FR\",\"potentialAction\":[{\"@type\":\"ReadAction\",\"target\":[\"https:\/\/dicodusport.fr\/blog\/athletisme-duplantis-camacho-quinn-tual-les-resultats-du-meeting-dostrava\/\"]}]},{\"@type\":\"ImageObject\",\"inLanguage\":\"fr-FR\",\"@id\":\"https:\/\/dicodusport.fr\/blog\/athletisme-duplantis-camacho-quinn-tual-les-resultats-du-meeting-dostrava\/#primaryimage\",\"url\":\"https:\/\/dicodusport.fr\/blog\/wp-content\/uploads\/2023\/06\/Athletisme-Duplantis-Camacho-Quinn-Tual-les-resultats-du-meeting-dOstrava.png\",\"contentUrl\":\"https:\/\/dicodusport.fr\/blog\/wp-content\/uploads\/2023\/06\/Athletisme-Duplantis-Camacho-Quinn-Tual-les-resultats-du-meeting-dOstrava.png\",\"width\":800,\"height\":445,\"caption\":\"Athl\u00e9tisme : Duplantis, Camacho-Quinn, Tual, les r\u00e9sultats du meeting d'Ostrava\"},{\"@type\":\"BreadcrumbList\",\"@id\":\"https:\/\/dicodusport.fr\/blog\/athletisme-duplantis-camacho-quinn-tual-les-resultats-du-meeting-dostrava\/#breadcrumb\",\"itemListElement\":[{\"@type\":\"ListItem\",\"position\":1,\"name\":\"Accueil\",\"item\":\"https:\/\/dicodusport.fr\/blog\/\"},{\"@type\":\"ListItem\",\"position\":2,\"name\":\"Athl\u00e9tisme : Duplantis, Camacho-Quinn, Tual, les r\u00e9sultats du meeting d&rsquo;Ostrava\"}]},{\"@type\":\"WebSite\",\"@id\":\"https:\/\/dicodusport.fr\/blog\/#website\",\"url\":\"https:\/\/dicodusport.fr\/blog\/\",\"name\":\"Dicodusport\",\"description\":\"L&#039;encyclop\u00e9die de l&#039;actualit\u00e9 sportive\",\"publisher\":{\"@id\":\"https:\/\/dicodusport.fr\/blog\/#organization\"},\"potentialAction\":[{\"@type\":\"SearchAction\",\"target\":{\"@type\":\"EntryPoint\",\"urlTemplate\":\"https:\/\/dicodusport.fr\/blog\/?s={search_term_string}\"},\"query-input\":{\"@type\":\"PropertyValueSpecification\",\"valueRequired\":true,\"valueName\":\"search_term_string\"}}],\"inLanguage\":\"fr-FR\"},{\"@type\":\"NewsMediaOrganization\",\"@id\":\"https:\/\/dicodusport.fr\/blog\/#organization\",\"name\":\"Dicodusport\",\"url\":\"https:\/\/dicodusport.fr\/blog\/\",\"logo\":{\"@type\":\"ImageObject\",\"inLanguage\":\"fr-FR\",\"@id\":\"https:\/\/dicodusport.fr\/blog\/#\/schema\/logo\/image\/\",\"url\":\"https:\/\/dicodusport.fr\/blog\/wp-content\/uploads\/2020\/06\/cropped-LOGO-DICODUSPORT-2020-SANS-FOND-SANS-TEXTE.png\",\"contentUrl\":\"https:\/\/dicodusport.fr\/blog\/wp-content\/uploads\/2020\/06\/cropped-LOGO-DICODUSPORT-2020-SANS-FOND-SANS-TEXTE.png\",\"width\":512,\"height\":512,\"caption\":\"Dicodusport\"},\"image\":{\"@id\":\"https:\/\/dicodusport.fr\/blog\/#\/schema\/logo\/image\/\"},\"sameAs\":[\"https:\/\/www.facebook.com\/dicodusport\",\"https:\/\/x.com\/dicodusport\",\"https:\/\/www.instagram.com\/dicodusport\/\",\"https:\/\/www.youtube.com\/channel\/UC7V2KZ5sd3htJivAbA4ZG3w\"],\"description\":\"Dicodusport est l'encyclop\u00e9die de l'actualit\u00e9 sportive.\",\"email\":\"bonjour@dicodusport.fr\",\"legalName\":\"DICODUSPORT\",\"foundingDate\":\"2018-01-14\",\"vatID\":\"FR71834470973\",\"taxID\":\"83447097300043\",\"numberOfEmployees\":{\"@type\":\"QuantitativeValue\",\"minValue\":\"1\",\"maxValue\":\"10\"}},{\"@type\":\"Person\",\"@id\":\"https:\/\/dicodusport.fr\/blog\/#\/schema\/person\/d603dd7da31fb2b46c82b9835a77ec13\",\"name\":\"Etienne Goursaud\",\"image\":{\"@type\":\"ImageObject\",\"inLanguage\":\"fr-FR\",\"@id\":\"https:\/\/dicodusport.fr\/blog\/#\/schema\/person\/image\/\",\"url\":\"https:\/\/dicodusport.fr\/blog\/wp-content\/uploads\/2023\/12\/410122264_10231602061736049_5565839791558026645_n-150x150.jpg\",\"contentUrl\":\"https:\/\/dicodusport.fr\/blog\/wp-content\/uploads\/2023\/12\/410122264_10231602061736049_5565839791558026645_n-150x150.jpg\",\"caption\":\"Etienne Goursaud\"},\"description\":\"Journaliste et amoureux de sport. Ancien footballeur reconverti athl\u00e8te quand ses muscles le laissent tranquille. \u00c9lev\u00e9 \u00e0 la sauce des exploits de Thomas Voeckler en 2004, du dernier essai de l\u00e9gende de Eunice Barber \u00e0 la longueur lors des championnats du monde d'athl\u00e9tisme de 2003 mais aussi Zidane, Omeyer et Titou Lamaison.\",\"url\":\"https:\/\/dicodusport.fr\/blog\/author\/etienne-goursaud\/\"}]}<\/script>\n<!-- \/ Yoast SEO Premium plugin. -->","yoast_head_json":{"title":"Athl\u00e9tisme : Duplantis, Camacho-Quinn, Tual, les r\u00e9sultats du meeting d'Ostrava","description":"ATHL\u00c9TISME - Armand Duplantis a domin\u00e9 le concours de perche du meeting d'Ostrava, avec un bond \u00e0 6.12 m.","robots":{"index":"index","follow":"follow","max-snippet":"max-snippet:-1","max-image-preview":"max-image-preview:large","max-video-preview":"max-video-preview:-1"},"canonical":"https:\/\/dicodusport.fr\/blog\/athletisme-duplantis-camacho-quinn-tual-les-resultats-du-meeting-dostrava\/","og_locale":"fr_FR","og_type":"article","og_title":"Athl\u00e9tisme : Duplantis, Camacho-Quinn, Tual, les r\u00e9sultats du meeting d'Ostrava","og_description":"ATHL\u00c9TISME - Armand Duplantis a domin\u00e9 le concours de perche du meeting d'Ostrava, avec un bond \u00e0 6.12 m.","og_url":"https:\/\/dicodusport.fr\/blog\/athletisme-duplantis-camacho-quinn-tual-les-resultats-du-meeting-dostrava\/","og_site_name":"Dicodusport","article_publisher":"https:\/\/www.facebook.com\/dicodusport","article_published_time":"2023-06-27T18:41:34+00:00","article_modified_time":"2023-06-27T19:09:26+00:00","og_image":[{"width":800,"height":445,"url":"https:\/\/dicodusport.fr\/blog\/wp-content\/uploads\/2023\/06\/Athletisme-Duplantis-Camacho-Quinn-Tual-les-resultats-du-meeting-dOstrava.png","type":"image\/png"}],"author":"Etienne Goursaud","twitter_card":"summary_large_image","twitter_title":"Athl\u00e9tisme : Duplantis, Camacho-Quinn, Tual, les r\u00e9sultats du meeting d'Ostrava","twitter_creator":"@dicodusport","twitter_site":"@dicodusport","schema":{"@context":"https:\/\/schema.org","@graph":[{"@type":"NewsArticle","@id":"https:\/\/dicodusport.fr\/blog\/athletisme-duplantis-camacho-quinn-tual-les-resultats-du-meeting-dostrava\/#article","isPartOf":{"@id":"https:\/\/dicodusport.fr\/blog\/athletisme-duplantis-camacho-quinn-tual-les-resultats-du-meeting-dostrava\/"},"author":{"name":"Etienne Goursaud","@id":"https:\/\/dicodusport.fr\/blog\/#\/schema\/person\/d603dd7da31fb2b46c82b9835a77ec13"},"headline":"Athl\u00e9tisme : Duplantis, Camacho-Quinn, Tual, les r\u00e9sultats du meeting d&rsquo;Ostrava","datePublished":"2023-06-27T18:41:34+00:00","dateModified":"2023-06-27T19:09:26+00:00","mainEntityOfPage":{"@id":"https:\/\/dicodusport.fr\/blog\/athletisme-duplantis-camacho-quinn-tual-les-resultats-du-meeting-dostrava\/"},"wordCount":680,"commentCount":0,"publisher":{"@id":"https:\/\/dicodusport.fr\/blog\/#organization"},"image":{"@id":"https:\/\/dicodusport.fr\/blog\/athletisme-duplantis-camacho-quinn-tual-les-resultats-du-meeting-dostrava\/#primaryimage"},"thumbnailUrl":"https:\/\/dicodusport.fr\/blog\/wp-content\/uploads\/2023\/06\/Athletisme-Duplantis-Camacho-Quinn-Tual-les-resultats-du-meeting-dOstrava.png","keywords":["Agathe Guillemot","Armand Duplantis","Athl\u00e9tisme","br\u00e8ve","Gabriel Tual","Jimmy Gressier"],"articleSection":["Athl\u00e9tisme"],"inLanguage":"fr-FR","potentialAction":[{"@type":"CommentAction","name":"Comment","target":["https:\/\/dicodusport.fr\/blog\/athletisme-duplantis-camacho-quinn-tual-les-resultats-du-meeting-dostrava\/#respond"]}],"copyrightYear":"2023","copyrightHolder":{"@id":"https:\/\/dicodusport.fr\/blog\/#organization"}},{"@type":"WebPage","@id":"https:\/\/dicodusport.fr\/blog\/athletisme-duplantis-camacho-quinn-tual-les-resultats-du-meeting-dostrava\/","url":"https:\/\/dicodusport.fr\/blog\/athletisme-duplantis-camacho-quinn-tual-les-resultats-du-meeting-dostrava\/","name":"Athl\u00e9tisme : Duplantis, Camacho-Quinn, Tual, les r\u00e9sultats du meeting d'Ostrava","isPartOf":{"@id":"https:\/\/dicodusport.fr\/blog\/#website"},"primaryImageOfPage":{"@id":"https:\/\/dicodusport.fr\/blog\/athletisme-duplantis-camacho-quinn-tual-les-resultats-du-meeting-dostrava\/#primaryimage"},"image":{"@id":"https:\/\/dicodusport.fr\/blog\/athletisme-duplantis-camacho-quinn-tual-les-resultats-du-meeting-dostrava\/#primaryimage"},"thumbnailUrl":"https:\/\/dicodusport.fr\/blog\/wp-content\/uploads\/2023\/06\/Athletisme-Duplantis-Camacho-Quinn-Tual-les-resultats-du-meeting-dOstrava.png","datePublished":"2023-06-27T18:41:34+00:00","dateModified":"2023-06-27T19:09:26+00:00","description":"ATHL\u00c9TISME - Armand Duplantis a domin\u00e9 le concours de perche du meeting d'Ostrava, avec un bond \u00e0 6.12 m.","breadcrumb":{"@id":"https:\/\/dicodusport.fr\/blog\/athletisme-duplantis-camacho-quinn-tual-les-resultats-du-meeting-dostrava\/#breadcrumb"},"inLanguage":"fr-FR","potentialAction":[{"@type":"ReadAction","target":["https:\/\/dicodusport.fr\/blog\/athletisme-duplantis-camacho-quinn-tual-les-resultats-du-meeting-dostrava\/"]}]},{"@type":"ImageObject","inLanguage":"fr-FR","@id":"https:\/\/dicodusport.fr\/blog\/athletisme-duplantis-camacho-quinn-tual-les-resultats-du-meeting-dostrava\/#primaryimage","url":"https:\/\/dicodusport.fr\/blog\/wp-content\/uploads\/2023\/06\/Athletisme-Duplantis-Camacho-Quinn-Tual-les-resultats-du-meeting-dOstrava.png","contentUrl":"https:\/\/dicodusport.fr\/blog\/wp-content\/uploads\/2023\/06\/Athletisme-Duplantis-Camacho-Quinn-Tual-les-resultats-du-meeting-dOstrava.png","width":800,"height":445,"caption":"Athl\u00e9tisme : Duplantis, Camacho-Quinn, Tual, les r\u00e9sultats du meeting d'Ostrava"},{"@type":"BreadcrumbList","@id":"https:\/\/dicodusport.fr\/blog\/athletisme-duplantis-camacho-quinn-tual-les-resultats-du-meeting-dostrava\/#breadcrumb","itemListElement":[{"@type":"ListItem","position":1,"name":"Accueil","item":"https:\/\/dicodusport.fr\/blog\/"},{"@type":"ListItem","position":2,"name":"Athl\u00e9tisme : Duplantis, Camacho-Quinn, Tual, les r\u00e9sultats du meeting d&rsquo;Ostrava"}]},{"@type":"WebSite","@id":"https:\/\/dicodusport.fr\/blog\/#website","url":"https:\/\/dicodusport.fr\/blog\/","name":"Dicodusport","description":"L&#039;encyclop\u00e9die de l&#039;actualit\u00e9 sportive","publisher":{"@id":"https:\/\/dicodusport.fr\/blog\/#organization"},"potentialAction":[{"@type":"SearchAction","target":{"@type":"EntryPoint","urlTemplate":"https:\/\/dicodusport.fr\/blog\/?s={search_term_string}"},"query-input":{"@type":"PropertyValueSpecification","valueRequired":true,"valueName":"search_term_string"}}],"inLanguage":"fr-FR"},{"@type":"NewsMediaOrganization","@id":"https:\/\/dicodusport.fr\/blog\/#organization","name":"Dicodusport","url":"https:\/\/dicodusport.fr\/blog\/","logo":{"@type":"ImageObject","inLanguage":"fr-FR","@id":"https:\/\/dicodusport.fr\/blog\/#\/schema\/logo\/image\/","url":"https:\/\/dicodusport.fr\/blog\/wp-content\/uploads\/2020\/06\/cropped-LOGO-DICODUSPORT-2020-SANS-FOND-SANS-TEXTE.png","contentUrl":"https:\/\/dicodusport.fr\/blog\/wp-content\/uploads\/2020\/06\/cropped-LOGO-DICODUSPORT-2020-SANS-FOND-SANS-TEXTE.png","width":512,"height":512,"caption":"Dicodusport"},"image":{"@id":"https:\/\/dicodusport.fr\/blog\/#\/schema\/logo\/image\/"},"sameAs":["https:\/\/www.facebook.com\/dicodusport","https:\/\/x.com\/dicodusport","https:\/\/www.instagram.com\/dicodusport\/","https:\/\/www.youtube.com\/channel\/UC7V2KZ5sd3htJivAbA4ZG3w"],"description":"Dicodusport est l'encyclop\u00e9die de l'actualit\u00e9 sportive.","email":"bonjour@dicodusport.fr","legalName":"DICODUSPORT","foundingDate":"2018-01-14","vatID":"FR71834470973","taxID":"83447097300043","numberOfEmployees":{"@type":"QuantitativeValue","minValue":"1","maxValue":"10"}},{"@type":"Person","@id":"https:\/\/dicodusport.fr\/blog\/#\/schema\/person\/d603dd7da31fb2b46c82b9835a77ec13","name":"Etienne Goursaud","image":{"@type":"ImageObject","inLanguage":"fr-FR","@id":"https:\/\/dicodusport.fr\/blog\/#\/schema\/person\/image\/","url":"https:\/\/dicodusport.fr\/blog\/wp-content\/uploads\/2023\/12\/410122264_10231602061736049_5565839791558026645_n-150x150.jpg","contentUrl":"https:\/\/dicodusport.fr\/blog\/wp-content\/uploads\/2023\/12\/410122264_10231602061736049_5565839791558026645_n-150x150.jpg","caption":"Etienne Goursaud"},"description":"Journaliste et amoureux de sport. Ancien footballeur reconverti athl\u00e8te quand ses muscles le laissent tranquille. \u00c9lev\u00e9 \u00e0 la sauce des exploits de Thomas Voeckler en 2004, du dernier essai de l\u00e9gende de Eunice Barber \u00e0 la longueur lors des championnats du monde d'athl\u00e9tisme de 2003 mais aussi Zidane, Omeyer et Titou Lamaison.","url":"https:\/\/dicodusport.fr\/blog\/author\/etienne-goursaud\/"}]}},"_links":{"self":[{"href":"https:\/\/dicodusport.fr\/blog\/wp-json\/wp\/v2\/posts\/395080","targetHints":{"allow":["GET"]}}],"collection":[{"href":"https:\/\/dicodusport.fr\/blog\/wp-json\/wp\/v2\/posts"}],"about":[{"href":"https:\/\/dicodusport.fr\/blog\/wp-json\/wp\/v2\/types\/post"}],"author":[{"embeddable":true,"href":"https:\/\/dicodusport.fr\/blog\/wp-json\/wp\/v2\/users\/83"}],"replies":[{"embeddable":true,"href":"https:\/\/dicodusport.fr\/blog\/wp-json\/wp\/v2\/comments?post=395080"}],"version-history":[{"count":0,"href":"https:\/\/dicodusport.fr\/blog\/wp-json\/wp\/v2\/posts\/395080\/revisions"}],"wp:featuredmedia":[{"embeddable":true,"href":"https:\/\/dicodusport.fr\/blog\/wp-json\/wp\/v2\/media\/395081"}],"wp:attachment":[{"href":"https:\/\/dicodusport.fr\/blog\/wp-json\/wp\/v2\/media?parent=395080"}],"wp:term":[{"taxonomy":"category","embeddable":true,"href":"https:\/\/dicodusport.fr\/blog\/wp-json\/wp\/v2\/categories?post=395080"},{"taxonomy":"post_tag","embeddable":true,"href":"https:\/\/dicodusport.fr\/blog\/wp-json\/wp\/v2\/tags?post=395080"}],"curies":[{"name":"wp","href":"https:\/\/api.w.org\/{rel}","templated":true}]}}