{"id":3951,"date":"2017-08-11T21:43:42","date_gmt":"2017-08-11T20:43:42","guid":{"rendered":"http:\/\/dicodusport.fr\/blog\/?p=3951"},"modified":"2021-04-13T23:18:58","modified_gmt":"2021-04-13T21:18:58","slug":"georges-bereta-vert-de-coeur","status":"publish","type":"post","link":"https:\/\/dicodusport.fr\/blog\/georges-bereta-vert-de-coeur\/","title":{"rendered":"Georges Bereta, le vert de coeur"},"content":{"rendered":"<p style=\"text-align: justify;\"><span style=\"color: #000000;\">N\u00e9 le 11 mai 1946, au sortir de la Seconde Guerre Mondiale, Georges Bereta, fils d&rsquo;un \u00e9migr\u00e9 polonais, fait ses d\u00e9buts dans le monde du football dans sa ville de naissance, Saint-Etienne. Finaliste de la Coupe Gambardella en 1964, il int\u00e8gre l&rsquo;\u00e9quipe fanion en 1966. Durant huit ann\u00e9es, il est un des visages des \u00ab\u00a0verts\u00a0\u00bb. Consid\u00e9r\u00e9 par certains comme le meilleure joueur de cette grande \u00e9quipe, il participe \u00e0 tous les succ\u00e8s du club. Six fois champion de France entre 1967 et 1975, vice-champion en 1971, vainqueur de la Coupe de France \u00e0 trois reprises entre 1968 et 1674, il est \u00e9lu joueur fran\u00e7ais de l&rsquo;ann\u00e9e en 1973 et 1974. Entre 1967 et 1975, il compte 44 s\u00e9lections avec l&rsquo;\u00e9quipe de France et porte le brassard lors de 12 rencontres internationales. Jusqu&rsquo;\u00e0 cette \u00e9poque, un footballeur faisait carri\u00e8re avec l&rsquo;\u00e9quipe qui l&rsquo;avait form\u00e9. A l&rsquo;intersaison 1974-1975, il est au centre de ce que l&rsquo;on appellera \u00ab\u00a0l&rsquo;affaire Bereta\u00a0\u00bb. En proie \u00e0 des probl\u00e8mes financiers, l&rsquo;ASSE laisse filer sa star chez le rival marseillais contre une compensation p\u00e9cuniaire. L&rsquo;histoire fait des remous, le joueur ne veut pas quitter son club de c\u0153ur, mais il devient le premier footballeur transf\u00e9r\u00e9 durant le \u00ab\u00a0mercato\u00a0\u00bb. Il est priv\u00e9 de la fin de saison st\u00e9phanoise et ne sera pas de la grande \u00e9pop\u00e9e des \u00ab\u00a0verts\u00a0\u00bb la saison suivante qui voit Saint-Etienne s&rsquo;incliner en finale de la Coupe d&rsquo;Europe des clubs champions face \u00e0 Munich sur le score \u00e9triqu\u00e9 de 1 but \u00e0 0 et la fameuse l\u00e9gende des poteaux carr\u00e9s. La fin de carri\u00e8re marseillaise de l&rsquo;ailier gauche est fade, il ne remporte qu&rsquo;une Coupe de France en 1976. Il prend sa retraite deux ans plus tard en 1978.<\/span><\/p>\n<p><span class=\"NV0buySvA6QcazFWsL8ej\"><iframe loading=\"lazy\" title=\"Georges Bereta - Que sont ils devenus \/ Football\" width=\"740\" height=\"416\" src=\"https:\/\/www.youtube.com\/embed\/3DsIBv-vbMg?list=PLzTRjjJUuGHxBb1Im2N5m3djewXq5zU4B\" frameborder=\"0\" allow=\"accelerometer; autoplay; clipboard-write; encrypted-media; gyroscope; picture-in-picture; web-share\" allowfullscreen><\/iframe><\/span><\/p>\n<p style=\"text-align: justify;\"><em><span style=\"color: #000000;\"><strong>Alexandre Toussaint<\/strong><\/span><br \/>\n<\/em><a href=\"https:\/\/twitter.com\/Alex_Toussaint9\" target=\"_blank\" rel=\"noopener noreferrer\"><img loading=\"lazy\" decoding=\"async\" class=\"alignnone wp-image-2908\" src=\"http:\/\/dicodusport.fr\/blog\/wp-content\/uploads\/2017\/07\/logo-twitter-150x150.png\" alt=\"\" width=\"39\" height=\"39\" \/><\/a><a href=\"https:\/\/www.facebook.com\/dicodusport\/\" target=\"_blank\" rel=\"noopener noreferrer\"><img loading=\"lazy\" decoding=\"async\" class=\"alignnone wp-image-2909\" src=\"http:\/\/dicodusport.fr\/blog\/wp-content\/uploads\/2017\/07\/logo-facebook-150x150.png\" alt=\"\" width=\"40\" height=\"40\" \/><\/a><\/p>\n<p style=\"text-align: center;\"><a href=\"http:\/\/dicodusport.fr\" target=\"_blank\" rel=\"noopener noreferrer\"><img loading=\"lazy\" decoding=\"async\" class=\"wp-image-1000 alignnone\" src=\"http:\/\/dicodusport.fr\/blog\/wp-content\/uploads\/2017\/01\/cropped-logo-dicodusport-sans-fond-1-300x300.png\" alt=\"\" width=\"110\" height=\"110\" srcset=\"https:\/\/dicodusport.fr\/blog\/wp-content\/uploads\/2017\/01\/cropped-logo-dicodusport-sans-fond-1-300x300.png 300w, https:\/\/dicodusport.fr\/blog\/wp-content\/uploads\/2017\/01\/cropped-logo-dicodusport-sans-fond-1-150x150.png 150w, https:\/\/dicodusport.fr\/blog\/wp-content\/uploads\/2017\/01\/cropped-logo-dicodusport-sans-fond-1-270x270.png 270w, https:\/\/dicodusport.fr\/blog\/wp-content\/uploads\/2017\/01\/cropped-logo-dicodusport-sans-fond-1-192x192.png 192w, https:\/\/dicodusport.fr\/blog\/wp-content\/uploads\/2017\/01\/cropped-logo-dicodusport-sans-fond-1-180x180.png 180w, https:\/\/dicodusport.fr\/blog\/wp-content\/uploads\/2017\/01\/cropped-logo-dicodusport-sans-fond-1-32x32.png 32w, https:\/\/dicodusport.fr\/blog\/wp-content\/uploads\/2017\/01\/cropped-logo-dicodusport-sans-fond-1.png 512w\" sizes=\"auto, (max-width: 110px) 100vw, 110px\" \/><\/a>\u00a0 \u00a0 \u00a0 \u00a0<a href=\"http:\/\/www.legendesdusport.com\/\"><img loading=\"lazy\" decoding=\"async\" class=\"wp-image-3818 alignnone\" src=\"http:\/\/dicodusport.fr\/blog\/wp-content\/uploads\/2017\/08\/Le\u0301gendes-du-sport-e\u0301cusson-256x300.png\" alt=\"\" width=\"100\" height=\"117\" srcset=\"https:\/\/dicodusport.fr\/blog\/wp-content\/uploads\/2017\/08\/Le\u0301gendes-du-sport-e\u0301cusson-256x300.png 256w, https:\/\/dicodusport.fr\/blog\/wp-content\/uploads\/2017\/08\/Le\u0301gendes-du-sport-e\u0301cusson.png 316w\" sizes=\"auto, (max-width: 100px) 100vw, 100px\" \/><\/a><\/p>\n","protected":false},"excerpt":{"rendered":"<p>N\u00e9 le 11 mai 1946, au sortir de la Seconde Guerre Mondiale, Georges Bereta, fils d&rsquo;un \u00e9migr\u00e9 polonais, fait ses d\u00e9buts dans le monde du football dans sa ville de naissance, Saint-Etienne. Finaliste de la Coupe Gambardella en 1964, il int\u00e8gre l&rsquo;\u00e9quipe fanion en 1966. Durant huit ann\u00e9es, il est un des visages des \u00ab\u00a0verts\u00a0\u00bb. [&hellip;]<\/p>\n","protected":false},"author":3,"featured_media":3974,"comment_status":"open","ping_status":"closed","sticky":false,"template":"","format":"standard","meta":{"_acf_changed":false,"_daextam_enable_autolinks":"","footnotes":""},"categories":[7],"tags":[1206,75],"class_list":["post-3951","post","type-post","status-publish","format-standard","has-post-thumbnail","hentry","category-legendes-du-sport","tag-asse","tag-football"],"acf":[],"yoast_head":"<!-- This site is optimized with the Yoast SEO Premium plugin v26.7 (Yoast SEO v26.7) - https:\/\/yoast.com\/wordpress\/plugins\/seo\/ -->\n<title>Georges Bereta, le vert de coeur<\/title>\n<meta name=\"description\" content=\"N\u00e9 le 11 mai 1946, Georges Bereta, fils d&#039;un \u00e9migr\u00e9 polonais, fait ses d\u00e9buts dans le monde du football dans sa ville de naissance, Saint-Etienne.\" \/>\n<meta name=\"robots\" content=\"index, follow, max-snippet:-1, max-image-preview:large, max-video-preview:-1\" \/>\n<link rel=\"canonical\" href=\"https:\/\/dicodusport.fr\/blog\/georges-bereta-vert-de-coeur\/\" \/>\n<meta property=\"og:locale\" content=\"fr_FR\" \/>\n<meta property=\"og:type\" content=\"article\" \/>\n<meta property=\"og:title\" content=\"Georges Bereta, le vert de coeur\" \/>\n<meta property=\"og:description\" content=\"N\u00e9 le 11 mai 1946, Georges Bereta, fils d&#039;un \u00e9migr\u00e9 polonais, fait ses d\u00e9buts dans le monde du football dans sa ville de naissance, Saint-Etienne.\" \/>\n<meta property=\"og:url\" content=\"https:\/\/dicodusport.fr\/blog\/georges-bereta-vert-de-coeur\/\" \/>\n<meta property=\"og:site_name\" content=\"Dicodusport\" \/>\n<meta property=\"article:publisher\" content=\"https:\/\/www.facebook.com\/dicodusport\" \/>\n<meta property=\"article:published_time\" content=\"2017-08-11T20:43:42+00:00\" \/>\n<meta property=\"article:modified_time\" content=\"2021-04-13T21:18:58+00:00\" \/>\n<meta property=\"og:image\" content=\"https:\/\/dicodusport.fr\/blog\/wp-content\/uploads\/2017\/08\/Goerges-Bereta.png\" \/>\n\t<meta property=\"og:image:width\" content=\"1200\" \/>\n\t<meta property=\"og:image:height\" content=\"670\" \/>\n\t<meta property=\"og:image:type\" content=\"image\/png\" \/>\n<meta name=\"author\" content=\"Klay\" \/>\n<meta name=\"twitter:card\" content=\"summary_large_image\" \/>\n<meta name=\"twitter:creator\" content=\"@dicodusport\" \/>\n<meta name=\"twitter:site\" content=\"@dicodusport\" \/>\n<script type=\"application\/ld+json\" class=\"yoast-schema-graph\">{\"@context\":\"https:\/\/schema.org\",\"@graph\":[{\"@type\":\"NewsArticle\",\"@id\":\"https:\/\/dicodusport.fr\/blog\/georges-bereta-vert-de-coeur\/#article\",\"isPartOf\":{\"@id\":\"https:\/\/dicodusport.fr\/blog\/georges-bereta-vert-de-coeur\/\"},\"author\":{\"name\":\"Klay\",\"@id\":\"https:\/\/dicodusport.fr\/blog\/#\/schema\/person\/a8fdbd806968e1f56c78f9e75ae42337\"},\"headline\":\"Georges Bereta, le vert de coeur\",\"datePublished\":\"2017-08-11T20:43:42+00:00\",\"dateModified\":\"2021-04-13T21:18:58+00:00\",\"mainEntityOfPage\":{\"@id\":\"https:\/\/dicodusport.fr\/blog\/georges-bereta-vert-de-coeur\/\"},\"wordCount\":315,\"commentCount\":1,\"publisher\":{\"@id\":\"https:\/\/dicodusport.fr\/blog\/#organization\"},\"image\":{\"@id\":\"https:\/\/dicodusport.fr\/blog\/georges-bereta-vert-de-coeur\/#primaryimage\"},\"thumbnailUrl\":\"https:\/\/dicodusport.fr\/blog\/wp-content\/uploads\/2017\/08\/Goerges-Bereta.png\",\"keywords\":[\"ASSE\",\"Football\"],\"articleSection\":[\"L\u00e9gendes du sport\"],\"inLanguage\":\"fr-FR\",\"potentialAction\":[{\"@type\":\"CommentAction\",\"name\":\"Comment\",\"target\":[\"https:\/\/dicodusport.fr\/blog\/georges-bereta-vert-de-coeur\/#respond\"]}],\"copyrightYear\":\"2017\",\"copyrightHolder\":{\"@id\":\"https:\/\/dicodusport.fr\/blog\/#organization\"}},{\"@type\":\"WebPage\",\"@id\":\"https:\/\/dicodusport.fr\/blog\/georges-bereta-vert-de-coeur\/\",\"url\":\"https:\/\/dicodusport.fr\/blog\/georges-bereta-vert-de-coeur\/\",\"name\":\"Georges Bereta, le vert de coeur\",\"isPartOf\":{\"@id\":\"https:\/\/dicodusport.fr\/blog\/#website\"},\"primaryImageOfPage\":{\"@id\":\"https:\/\/dicodusport.fr\/blog\/georges-bereta-vert-de-coeur\/#primaryimage\"},\"image\":{\"@id\":\"https:\/\/dicodusport.fr\/blog\/georges-bereta-vert-de-coeur\/#primaryimage\"},\"thumbnailUrl\":\"https:\/\/dicodusport.fr\/blog\/wp-content\/uploads\/2017\/08\/Goerges-Bereta.png\",\"datePublished\":\"2017-08-11T20:43:42+00:00\",\"dateModified\":\"2021-04-13T21:18:58+00:00\",\"description\":\"N\u00e9 le 11 mai 1946, Georges Bereta, fils d'un \u00e9migr\u00e9 polonais, fait ses d\u00e9buts dans le monde du football dans sa ville de naissance, Saint-Etienne.\",\"breadcrumb\":{\"@id\":\"https:\/\/dicodusport.fr\/blog\/georges-bereta-vert-de-coeur\/#breadcrumb\"},\"inLanguage\":\"fr-FR\",\"potentialAction\":[{\"@type\":\"ReadAction\",\"target\":[\"https:\/\/dicodusport.fr\/blog\/georges-bereta-vert-de-coeur\/\"]}]},{\"@type\":\"ImageObject\",\"inLanguage\":\"fr-FR\",\"@id\":\"https:\/\/dicodusport.fr\/blog\/georges-bereta-vert-de-coeur\/#primaryimage\",\"url\":\"https:\/\/dicodusport.fr\/blog\/wp-content\/uploads\/2017\/08\/Goerges-Bereta.png\",\"contentUrl\":\"https:\/\/dicodusport.fr\/blog\/wp-content\/uploads\/2017\/08\/Goerges-Bereta.png\",\"width\":1200,\"height\":670,\"caption\":\"Georges Bereta\"},{\"@type\":\"BreadcrumbList\",\"@id\":\"https:\/\/dicodusport.fr\/blog\/georges-bereta-vert-de-coeur\/#breadcrumb\",\"itemListElement\":[{\"@type\":\"ListItem\",\"position\":1,\"name\":\"Accueil\",\"item\":\"https:\/\/dicodusport.fr\/blog\/\"},{\"@type\":\"ListItem\",\"position\":2,\"name\":\"Georges Bereta, le vert de coeur\"}]},{\"@type\":\"WebSite\",\"@id\":\"https:\/\/dicodusport.fr\/blog\/#website\",\"url\":\"https:\/\/dicodusport.fr\/blog\/\",\"name\":\"Dicodusport\",\"description\":\"L&#039;encyclop\u00e9die de l&#039;actualit\u00e9 sportive\",\"publisher\":{\"@id\":\"https:\/\/dicodusport.fr\/blog\/#organization\"},\"potentialAction\":[{\"@type\":\"SearchAction\",\"target\":{\"@type\":\"EntryPoint\",\"urlTemplate\":\"https:\/\/dicodusport.fr\/blog\/?s={search_term_string}\"},\"query-input\":{\"@type\":\"PropertyValueSpecification\",\"valueRequired\":true,\"valueName\":\"search_term_string\"}}],\"inLanguage\":\"fr-FR\"},{\"@type\":\"NewsMediaOrganization\",\"@id\":\"https:\/\/dicodusport.fr\/blog\/#organization\",\"name\":\"Dicodusport\",\"url\":\"https:\/\/dicodusport.fr\/blog\/\",\"logo\":{\"@type\":\"ImageObject\",\"inLanguage\":\"fr-FR\",\"@id\":\"https:\/\/dicodusport.fr\/blog\/#\/schema\/logo\/image\/\",\"url\":\"https:\/\/dicodusport.fr\/blog\/wp-content\/uploads\/2020\/06\/cropped-LOGO-DICODUSPORT-2020-SANS-FOND-SANS-TEXTE.png\",\"contentUrl\":\"https:\/\/dicodusport.fr\/blog\/wp-content\/uploads\/2020\/06\/cropped-LOGO-DICODUSPORT-2020-SANS-FOND-SANS-TEXTE.png\",\"width\":512,\"height\":512,\"caption\":\"Dicodusport\"},\"image\":{\"@id\":\"https:\/\/dicodusport.fr\/blog\/#\/schema\/logo\/image\/\"},\"sameAs\":[\"https:\/\/www.facebook.com\/dicodusport\",\"https:\/\/x.com\/dicodusport\",\"https:\/\/www.instagram.com\/dicodusport\/\",\"https:\/\/www.youtube.com\/channel\/UC7V2KZ5sd3htJivAbA4ZG3w\"],\"description\":\"Dicodusport est l'encyclop\u00e9die de l'actualit\u00e9 sportive.\",\"email\":\"bonjour@dicodusport.fr\",\"legalName\":\"DICODUSPORT\",\"foundingDate\":\"2018-01-14\",\"vatID\":\"FR71834470973\",\"taxID\":\"83447097300043\",\"numberOfEmployees\":{\"@type\":\"QuantitativeValue\",\"minValue\":\"1\",\"maxValue\":\"10\"}},{\"@type\":\"Person\",\"@id\":\"https:\/\/dicodusport.fr\/blog\/#\/schema\/person\/a8fdbd806968e1f56c78f9e75ae42337\",\"name\":\"Klay\",\"image\":{\"@type\":\"ImageObject\",\"inLanguage\":\"fr-FR\",\"@id\":\"https:\/\/dicodusport.fr\/blog\/#\/schema\/person\/image\/\",\"url\":\"https:\/\/dicodusport.fr\/blog\/wp-content\/uploads\/2017\/01\/cropped-logo-dicodusport-sans-fond-1-150x150.png\",\"contentUrl\":\"https:\/\/dicodusport.fr\/blog\/wp-content\/uploads\/2017\/01\/cropped-logo-dicodusport-sans-fond-1-150x150.png\",\"caption\":\"Klay\"},\"url\":\"https:\/\/dicodusport.fr\/blog\/author\/klay\/\"}]}<\/script>\n<!-- \/ Yoast SEO Premium plugin. -->","yoast_head_json":{"title":"Georges Bereta, le vert de coeur","description":"N\u00e9 le 11 mai 1946, Georges Bereta, fils d'un \u00e9migr\u00e9 polonais, fait ses d\u00e9buts dans le monde du football dans sa ville de naissance, Saint-Etienne.","robots":{"index":"index","follow":"follow","max-snippet":"max-snippet:-1","max-image-preview":"max-image-preview:large","max-video-preview":"max-video-preview:-1"},"canonical":"https:\/\/dicodusport.fr\/blog\/georges-bereta-vert-de-coeur\/","og_locale":"fr_FR","og_type":"article","og_title":"Georges Bereta, le vert de coeur","og_description":"N\u00e9 le 11 mai 1946, Georges Bereta, fils d'un \u00e9migr\u00e9 polonais, fait ses d\u00e9buts dans le monde du football dans sa ville de naissance, Saint-Etienne.","og_url":"https:\/\/dicodusport.fr\/blog\/georges-bereta-vert-de-coeur\/","og_site_name":"Dicodusport","article_publisher":"https:\/\/www.facebook.com\/dicodusport","article_published_time":"2017-08-11T20:43:42+00:00","article_modified_time":"2021-04-13T21:18:58+00:00","og_image":[{"width":1200,"height":670,"url":"https:\/\/dicodusport.fr\/blog\/wp-content\/uploads\/2017\/08\/Goerges-Bereta.png","type":"image\/png"}],"author":"Klay","twitter_card":"summary_large_image","twitter_creator":"@dicodusport","twitter_site":"@dicodusport","schema":{"@context":"https:\/\/schema.org","@graph":[{"@type":"NewsArticle","@id":"https:\/\/dicodusport.fr\/blog\/georges-bereta-vert-de-coeur\/#article","isPartOf":{"@id":"https:\/\/dicodusport.fr\/blog\/georges-bereta-vert-de-coeur\/"},"author":{"name":"Klay","@id":"https:\/\/dicodusport.fr\/blog\/#\/schema\/person\/a8fdbd806968e1f56c78f9e75ae42337"},"headline":"Georges Bereta, le vert de coeur","datePublished":"2017-08-11T20:43:42+00:00","dateModified":"2021-04-13T21:18:58+00:00","mainEntityOfPage":{"@id":"https:\/\/dicodusport.fr\/blog\/georges-bereta-vert-de-coeur\/"},"wordCount":315,"commentCount":1,"publisher":{"@id":"https:\/\/dicodusport.fr\/blog\/#organization"},"image":{"@id":"https:\/\/dicodusport.fr\/blog\/georges-bereta-vert-de-coeur\/#primaryimage"},"thumbnailUrl":"https:\/\/dicodusport.fr\/blog\/wp-content\/uploads\/2017\/08\/Goerges-Bereta.png","keywords":["ASSE","Football"],"articleSection":["L\u00e9gendes du sport"],"inLanguage":"fr-FR","potentialAction":[{"@type":"CommentAction","name":"Comment","target":["https:\/\/dicodusport.fr\/blog\/georges-bereta-vert-de-coeur\/#respond"]}],"copyrightYear":"2017","copyrightHolder":{"@id":"https:\/\/dicodusport.fr\/blog\/#organization"}},{"@type":"WebPage","@id":"https:\/\/dicodusport.fr\/blog\/georges-bereta-vert-de-coeur\/","url":"https:\/\/dicodusport.fr\/blog\/georges-bereta-vert-de-coeur\/","name":"Georges Bereta, le vert de coeur","isPartOf":{"@id":"https:\/\/dicodusport.fr\/blog\/#website"},"primaryImageOfPage":{"@id":"https:\/\/dicodusport.fr\/blog\/georges-bereta-vert-de-coeur\/#primaryimage"},"image":{"@id":"https:\/\/dicodusport.fr\/blog\/georges-bereta-vert-de-coeur\/#primaryimage"},"thumbnailUrl":"https:\/\/dicodusport.fr\/blog\/wp-content\/uploads\/2017\/08\/Goerges-Bereta.png","datePublished":"2017-08-11T20:43:42+00:00","dateModified":"2021-04-13T21:18:58+00:00","description":"N\u00e9 le 11 mai 1946, Georges Bereta, fils d'un \u00e9migr\u00e9 polonais, fait ses d\u00e9buts dans le monde du football dans sa ville de naissance, Saint-Etienne.","breadcrumb":{"@id":"https:\/\/dicodusport.fr\/blog\/georges-bereta-vert-de-coeur\/#breadcrumb"},"inLanguage":"fr-FR","potentialAction":[{"@type":"ReadAction","target":["https:\/\/dicodusport.fr\/blog\/georges-bereta-vert-de-coeur\/"]}]},{"@type":"ImageObject","inLanguage":"fr-FR","@id":"https:\/\/dicodusport.fr\/blog\/georges-bereta-vert-de-coeur\/#primaryimage","url":"https:\/\/dicodusport.fr\/blog\/wp-content\/uploads\/2017\/08\/Goerges-Bereta.png","contentUrl":"https:\/\/dicodusport.fr\/blog\/wp-content\/uploads\/2017\/08\/Goerges-Bereta.png","width":1200,"height":670,"caption":"Georges Bereta"},{"@type":"BreadcrumbList","@id":"https:\/\/dicodusport.fr\/blog\/georges-bereta-vert-de-coeur\/#breadcrumb","itemListElement":[{"@type":"ListItem","position":1,"name":"Accueil","item":"https:\/\/dicodusport.fr\/blog\/"},{"@type":"ListItem","position":2,"name":"Georges Bereta, le vert de coeur"}]},{"@type":"WebSite","@id":"https:\/\/dicodusport.fr\/blog\/#website","url":"https:\/\/dicodusport.fr\/blog\/","name":"Dicodusport","description":"L&#039;encyclop\u00e9die de l&#039;actualit\u00e9 sportive","publisher":{"@id":"https:\/\/dicodusport.fr\/blog\/#organization"},"potentialAction":[{"@type":"SearchAction","target":{"@type":"EntryPoint","urlTemplate":"https:\/\/dicodusport.fr\/blog\/?s={search_term_string}"},"query-input":{"@type":"PropertyValueSpecification","valueRequired":true,"valueName":"search_term_string"}}],"inLanguage":"fr-FR"},{"@type":"NewsMediaOrganization","@id":"https:\/\/dicodusport.fr\/blog\/#organization","name":"Dicodusport","url":"https:\/\/dicodusport.fr\/blog\/","logo":{"@type":"ImageObject","inLanguage":"fr-FR","@id":"https:\/\/dicodusport.fr\/blog\/#\/schema\/logo\/image\/","url":"https:\/\/dicodusport.fr\/blog\/wp-content\/uploads\/2020\/06\/cropped-LOGO-DICODUSPORT-2020-SANS-FOND-SANS-TEXTE.png","contentUrl":"https:\/\/dicodusport.fr\/blog\/wp-content\/uploads\/2020\/06\/cropped-LOGO-DICODUSPORT-2020-SANS-FOND-SANS-TEXTE.png","width":512,"height":512,"caption":"Dicodusport"},"image":{"@id":"https:\/\/dicodusport.fr\/blog\/#\/schema\/logo\/image\/"},"sameAs":["https:\/\/www.facebook.com\/dicodusport","https:\/\/x.com\/dicodusport","https:\/\/www.instagram.com\/dicodusport\/","https:\/\/www.youtube.com\/channel\/UC7V2KZ5sd3htJivAbA4ZG3w"],"description":"Dicodusport est l'encyclop\u00e9die de l'actualit\u00e9 sportive.","email":"bonjour@dicodusport.fr","legalName":"DICODUSPORT","foundingDate":"2018-01-14","vatID":"FR71834470973","taxID":"83447097300043","numberOfEmployees":{"@type":"QuantitativeValue","minValue":"1","maxValue":"10"}},{"@type":"Person","@id":"https:\/\/dicodusport.fr\/blog\/#\/schema\/person\/a8fdbd806968e1f56c78f9e75ae42337","name":"Klay","image":{"@type":"ImageObject","inLanguage":"fr-FR","@id":"https:\/\/dicodusport.fr\/blog\/#\/schema\/person\/image\/","url":"https:\/\/dicodusport.fr\/blog\/wp-content\/uploads\/2017\/01\/cropped-logo-dicodusport-sans-fond-1-150x150.png","contentUrl":"https:\/\/dicodusport.fr\/blog\/wp-content\/uploads\/2017\/01\/cropped-logo-dicodusport-sans-fond-1-150x150.png","caption":"Klay"},"url":"https:\/\/dicodusport.fr\/blog\/author\/klay\/"}]}},"_links":{"self":[{"href":"https:\/\/dicodusport.fr\/blog\/wp-json\/wp\/v2\/posts\/3951","targetHints":{"allow":["GET"]}}],"collection":[{"href":"https:\/\/dicodusport.fr\/blog\/wp-json\/wp\/v2\/posts"}],"about":[{"href":"https:\/\/dicodusport.fr\/blog\/wp-json\/wp\/v2\/types\/post"}],"author":[{"embeddable":true,"href":"https:\/\/dicodusport.fr\/blog\/wp-json\/wp\/v2\/users\/3"}],"replies":[{"embeddable":true,"href":"https:\/\/dicodusport.fr\/blog\/wp-json\/wp\/v2\/comments?post=3951"}],"version-history":[{"count":0,"href":"https:\/\/dicodusport.fr\/blog\/wp-json\/wp\/v2\/posts\/3951\/revisions"}],"wp:featuredmedia":[{"embeddable":true,"href":"https:\/\/dicodusport.fr\/blog\/wp-json\/wp\/v2\/media\/3974"}],"wp:attachment":[{"href":"https:\/\/dicodusport.fr\/blog\/wp-json\/wp\/v2\/media?parent=3951"}],"wp:term":[{"taxonomy":"category","embeddable":true,"href":"https:\/\/dicodusport.fr\/blog\/wp-json\/wp\/v2\/categories?post=3951"},{"taxonomy":"post_tag","embeddable":true,"href":"https:\/\/dicodusport.fr\/blog\/wp-json\/wp\/v2\/tags?post=3951"}],"curies":[{"name":"wp","href":"https:\/\/api.w.org\/{rel}","templated":true}]}}