{"id":39516,"date":"2019-05-20T11:26:02","date_gmt":"2019-05-20T09:26:02","guid":{"rendered":"http:\/\/dicodusport.fr\/blog\/?p=39516"},"modified":"2019-05-20T11:44:07","modified_gmt":"2019-05-20T09:44:07","slug":"giro-2019-les-tops-et-flops-de-la-1ere-semaine","status":"publish","type":"post","link":"https:\/\/dicodusport.fr\/blog\/giro-2019-les-tops-et-flops-de-la-1ere-semaine\/","title":{"rendered":"Giro 2019 : les tops et flops de la 1\u00e8re semaine"},"content":{"rendered":"<p style=\"text-align: justify;\"><strong><em><a href=\"https:\/\/dicodusport.fr\/blog\/tour-d-italie-2019-le-profil-des-etapes-du-giro\/\" target=\"_blank\" rel=\"noopener\">Giro 2019<\/a> &#8211; Sprinteurs, \u00e9chapp\u00e9s, puncheurs, il y en a eu pour tous les go\u00fbts lors de cette premi\u00e8re semaine du Tour d&rsquo;Italie. Nos tops et flops.<\/em><\/strong><\/p>\n<h1 style=\"text-align: justify;\">&#x1f44d; Les Tops<\/h1>\n<h2 style=\"text-align: justify;\">Primoz Roglic<\/h2>\n<p style=\"text-align: justify;\">Imp\u00e9rial. C&rsquo;est le mot qui qualifie le mieux le premier tiers de Giro de <strong>Primoz Roglic (Jumbo-Visma)<\/strong>. Vainqueur du chrono inaugural \u00e0 Bologne, le Slov\u00e8ne a ass\u00e9n\u00e9 un deuxi\u00e8me coup au moral de ses adversaires ce dimanche lors du contre-la-montre de Saint-Marin, en s&rsquo;imposant facilement. Si entre temps, il a l\u00e2ch\u00e9 le maillot rose de leader au terme de la 6\u00e8me \u00e9tape, le r\u00e9cent laur\u00e9at du Tour de Romandie a fait le trou avec les autres favoris. Nibali \u00e0 1&rsquo;44, mais surtout Simon Yates \u00e0 3&rsquo;46 et Lopez \u00e0 4&rsquo;29. Bref, avant la haute montagne, Roglic a marqu\u00e9 la concurrence. <a href=\"https:\/\/dicodusport.fr\/blog\/giro-2019-primoz-roglic-en-forme-trop-tot\/\" target=\"_blank\" rel=\"noopener\">Mais n&rsquo;est-il pas arriv\u00e9 trop t\u00f4t en forme sur ce Tour d&rsquo;Italie ?<\/a> Seul l&rsquo;avenir nous le dira.<\/p>\n<p><span class=\"9H2sVcbdD2kabTf76mJYRi64FGEILjp8XdiqxAFEgfhlUQnP9Oo1XSBzeH5hIOnZWyNGlYuk8r73WcwKLCCzoZwK\"><\/p>\n<blockquote class=\"twitter-tweet\" data-width=\"550\" data-dnt=\"true\">\n<p lang=\"fr\" dir=\"ltr\">\ud83c\uddf8\ud83c\uddee1\ufe0f\u20e3 Primoz Roglic prend provisoirement la t\u00eate de ce contre-la-montre ! <a href=\"https:\/\/twitter.com\/hashtag\/lequipeGIRO?src=hash&amp;ref_src=twsrc%5Etfw\">#lequipeGIRO<\/a> <a href=\"https:\/\/t.co\/C0zjpu5uDD\">pic.twitter.com\/C0zjpu5uDD<\/a><\/p>\n<p>&mdash; la chaine L&#39;\u00c9quipe (@lachainelequipe) <a href=\"https:\/\/twitter.com\/lachainelequipe\/status\/1130120263977373698?ref_src=twsrc%5Etfw\">May 19, 2019<\/a><\/p><\/blockquote>\n<p><script async src=\"https:\/\/platform.twitter.com\/widgets.js\" charset=\"utf-8\"><\/script><\/span><\/p>\n<p>&nbsp;<\/p>\n<h2 style=\"text-align: justify;\">Pascal Ackermann<\/h2>\n<p style=\"text-align: justify;\">Il n&rsquo;\u00e9tait pas forc\u00e9ment le sprinteur le plus attendu et pourtant, c&rsquo;est bien lui le plus r\u00e9gulier des hommes rapides. <strong>Pascal Ackermann (Bora-Hansgrohe) <\/strong>a (d\u00e9j\u00e0) enlev\u00e9 deux \u00e9tapes sur les neuf disput\u00e9es sur cette premi\u00e8re semaine. Vainqueur \u00e0 Fucecchio et Terracine, le champion d&rsquo;Allemagne a \u00e9c\u0153ur\u00e9 les Viviani, Gaviria et D\u00e9mare. Ackermann est \u00e9galement largement en t\u00eate du classement par points, avec le maillot cyclamen solidement install\u00e9 sur ses \u00e9paules. Un Giro d\u00e9j\u00e0 r\u00e9ussi pour le coureur de 25 ans.<\/p>\n<p><span class=\"A0ubsS6R5WzjFaJmtrP3O4Xd8GUf1ivV2olM9pCkqNxYwnLg\"><\/p>\n<blockquote class=\"twitter-tweet\" data-width=\"550\" data-dnt=\"true\">\n<p lang=\"fr\" dir=\"ltr\">\ud83d\udcaa\ud83c\udde9\ud83c\uddea Deuxi\u00e8me victoire d&#39;\u00e9tape pour l&#39;Allemand Pascal Ackermann (Bora-Hansgrohe) qui enl\u00e8ve la 5e \u00e9tape \u00e0 Terracina devant Fernando Gaviria et Arnaud D\u00e9mare <a href=\"https:\/\/twitter.com\/hashtag\/lequipeGIRO?src=hash&amp;ref_src=twsrc%5Etfw\">#lequipeGIRO<\/a> <a href=\"https:\/\/t.co\/smQyRZpubV\">pic.twitter.com\/smQyRZpubV<\/a><\/p>\n<p>&mdash; la chaine L&#39;\u00c9quipe (@lachainelequipe) <a href=\"https:\/\/twitter.com\/lachainelequipe\/status\/1128686843321565184?ref_src=twsrc%5Etfw\">May 15, 2019<\/a><\/p><\/blockquote>\n<p><script async src=\"https:\/\/platform.twitter.com\/widgets.js\" charset=\"utf-8\"><\/script><\/span><\/p>\n<p>&nbsp;<\/p>\n<h2 style=\"text-align: justify;\">Valerio Conti<\/h2>\n<p style=\"text-align: justify;\">Lui aussi r\u00e9alise une tr\u00e8s belle premi\u00e8re semaine \u00e0 domicile. <strong>Valerio Conti (UAE Team)<\/strong>, 26 ans, est devenu le premier maillot rose transalpin depuis Vincenzo Nibali, en 2016. Le Romain a parfaitement men\u00e9 sa barque lors de la 6\u00e8me \u00e9tape entre Cassino et San Giovanni Rotondo. Apr\u00e8s s&rsquo;\u00eatre isol\u00e9 en t\u00eate avec le futur vainqueur, son compatriote Fausto Masnada (Androni Giocatolli), Conti s&rsquo;est empar\u00e9 du maillot de leader, auquel Primoz Roglic ne s&rsquo;est finalement pas accroch\u00e9. Depuis, le coureur italien tient bon, et il pourrait bien garder sa tunique encore quelques jours.<\/p>\n<p><span class=\"rkJIbEOqhH\"><\/p>\n<blockquote class=\"twitter-tweet\" data-width=\"550\" data-dnt=\"true\">\n<p lang=\"fr\" dir=\"ltr\"><a href=\"https:\/\/twitter.com\/hashtag\/Giro?src=hash&amp;ref_src=twsrc%5Etfw\">#Giro<\/a> \ud83c\uddee\ud83c\uddf9 \/ Jusqu&#39;o\u00f9 peut aller \ud83c\uddee\ud83c\uddf9 Valerio Conti (UAE) ? <a href=\"https:\/\/t.co\/lSbPTMXD1V\">pic.twitter.com\/lSbPTMXD1V<\/a><\/p>\n<p>&mdash; Renaud Breban (@RenaudB31) <a href=\"https:\/\/twitter.com\/RenaudB31\/status\/1129414474253918208?ref_src=twsrc%5Etfw\">May 17, 2019<\/a><\/p><\/blockquote>\n<p><script async src=\"https:\/\/platform.twitter.com\/widgets.js\" charset=\"utf-8\"><\/script><\/span><\/p>\n<hr \/>\n<h1 style=\"text-align: justify;\">&#x1f44e; Les Flops<\/h1>\n<h2 style=\"text-align: justify;\">Elia Viviani<\/h2>\n<p style=\"text-align: justify;\">Rien ne va pour <strong>Elia Viviani (Deceuninck Quick-Step)<\/strong> en ce d\u00e9but de Giro. S&rsquo;il a bien lev\u00e9 les bras \u00e0 Orbetello lors de la 3\u00e8me \u00e9tape, le sprinteur italien avait finalement \u00e9t\u00e9 d\u00e9class\u00e9 pour avoir fait un \u00e9cart dangereux dans les derniers m\u00e8tres. Depuis, le champion d&rsquo;Italie n&rsquo;y arrive pas. On l&rsquo;a presque vu r\u00e9sign\u00e9 \u00e0 Terracine, avant d&rsquo;\u00eatre battu par Caleb Ewan \u00e0 Pesaro. Les deux prochaines \u00e9tapes seront certainement les derni\u00e8res chances pour lui de briller sur son Tour national. Va-t-il y parvenir ?<\/p>\n<p><span class=\"U0Px32NcXB5sCEqTtbD8jeFSViAvw9Lhy4glW6uQZz\"><\/p>\n<blockquote class=\"twitter-tweet\" data-width=\"550\" data-dnt=\"true\">\n<p lang=\"fr\" dir=\"ltr\">Une envie pressante \ud83e\udd23<a href=\"https:\/\/twitter.com\/eliaviviani?ref_src=twsrc%5Etfw\">@eliaviviani<\/a> <a href=\"https:\/\/twitter.com\/giroditalia?ref_src=twsrc%5Etfw\">@giroditalia<\/a> <a href=\"https:\/\/t.co\/zi60khSNjy\">pic.twitter.com\/zi60khSNjy<\/a><\/p>\n<p>&mdash; Emmanuel Lefort (@lefortmanu) <a href=\"https:\/\/twitter.com\/lefortmanu\/status\/1128245995752628224?ref_src=twsrc%5Etfw\">May 14, 2019<\/a><\/p><\/blockquote>\n<p><script async src=\"https:\/\/platform.twitter.com\/widgets.js\" charset=\"utf-8\"><\/script><\/span><\/p>\n<p>&nbsp;<\/p>\n<h2 style=\"text-align: justify;\">Arnaud D\u00e9mare<\/h2>\n<p style=\"text-align: justify;\">D\u00e9but de Giro frustrant pour <strong>Arnaud D\u00e9mare (Groupama-FDJ)<\/strong>. Le sprinteur fran\u00e7ais, souvent plac\u00e9 mais jamais gagnant, tourne autour de la victoire depuis le d\u00e9but de cette \u00e9dition 2019. Deuxi\u00e8me \u00e0 Orbetello, troisi\u00e8me \u00e0 Terracine, le Picard a souvent manqu\u00e9 de puissance dans les derniers m\u00e8tres pour rivaliser avec les meilleurs, quand ce n&rsquo;\u00e9tait pas son placement qui laissait \u00e0 d\u00e9sirer. Au final, m\u00eame constat que pour Elia Viviani. Il ne lui reste que deux occasions, voire trois s&rsquo;il ne se gare pas en fin de deuxi\u00e8me semaine, pour en enlever une.<\/p>\n<p><span class=\"o0SDP4WC1G5XPIN9FVQuexxbdt8E2ZHT3qeLOUmzhRynri2l7JrjzKycaMgTsaRfjbVwk86ZFlpCEKSJWLh9sf\"><\/p>\n<blockquote class=\"twitter-tweet\" data-width=\"550\" data-dnt=\"true\">\n<p lang=\"fr\" dir=\"ltr\"><a href=\"https:\/\/twitter.com\/hashtag\/Giro?src=hash&amp;ref_src=twsrc%5Etfw\">#Giro<\/a> \ud83c\uddee\ud83c\uddf9 \/ \ud83c\uddeb\ud83c\uddf7 Arnaud D\u00e9mare (GFC) tourne autour depuis le d\u00e9but de ce Tour d\u2019Italie. Va-t-il arracher un succ\u00e8s d\u2019ici la V\u00e9rone ? <a href=\"https:\/\/t.co\/QfcsN3DtBu\">pic.twitter.com\/QfcsN3DtBu<\/a><\/p>\n<p>&mdash; Renaud Breban (@RenaudB31) <a href=\"https:\/\/twitter.com\/RenaudB31\/status\/1129792509276827648?ref_src=twsrc%5Etfw\">May 18, 2019<\/a><\/p><\/blockquote>\n<p><script async src=\"https:\/\/platform.twitter.com\/widgets.js\" charset=\"utf-8\"><\/script><\/span><\/p>\n<p>&nbsp;<\/p>\n<h2 style=\"text-align: justify;\">Simon Yates<\/h2>\n<p style=\"text-align: justify;\">C&rsquo;est la grosse craquante de cette premi\u00e8re semaine. S\u00fbr de sa force avant le d\u00e9part de Bologne, <strong>Simon Yates (Mitchelton-Scott)<\/strong> pointe \u00e0 3&rsquo;46 de Primoz Roglic au terme du premier tiers du Giro 2019. S&rsquo;il avait limit\u00e9 la casse lors de la premi\u00e8re \u00e9tape, le Britannique, en rose durant 13 jours l&rsquo;an pass\u00e9, est totalement pass\u00e9 \u00e0 c\u00f4t\u00e9 ce dimanche \u00e0 Saint-Marin, l\u00e2chant 3&rsquo;10 au Slov\u00e8ne. Frigorifi\u00e9 selon ses dires, il va devoir revoir ses plans et ne pas attendre trop longtemps pour passer \u00e0 l&rsquo;offensif s&rsquo;il veut encore avoir une chance de triompher sur le Giro 2019. Mais en aura-t-il les moyens ?<\/p>\n<p><span class=\"OkZopLfjrcaQ2RiBqbItNKSm5Ad9n1lHXCPUhx\"><\/p>\n<blockquote class=\"twitter-tweet\" data-width=\"550\" data-dnt=\"true\">\n<p lang=\"fr\" dir=\"ltr\">Le vainqueur de la derni\u00e8re Vuelta est parti fort (10s d&#39;avance sur Nibali \u00e0 l&#39;I1 !) mais a vite cal\u00e9 et l&#39;a pay\u00e9 cash dans la bosse. Premier gros grain de sable pour le favori auto-proclam\u00e9. <a href=\"https:\/\/twitter.com\/hashtag\/Giro?src=hash&amp;ref_src=twsrc%5Etfw\">#Giro<\/a><\/p>\n<p>&mdash; Le Gruppetto (@LeGruppetto) <a href=\"https:\/\/twitter.com\/LeGruppetto\/status\/1130118099829755904?ref_src=twsrc%5Etfw\">May 19, 2019<\/a><\/p><\/blockquote>\n<p><script async src=\"https:\/\/platform.twitter.com\/widgets.js\" charset=\"utf-8\"><\/script><\/span><\/p>\n<p><strong><em>Dicodusport<br \/>\n<a href=\"https:\/\/www.facebook.com\/dicodusport\/\" target=\"_blank\" rel=\"noopener\"><img loading=\"lazy\" decoding=\"async\" class=\"alignnone wp-image-2909\" src=\"http:\/\/dicodusport.fr\/blog\/wp-content\/uploads\/2017\/07\/logo-facebook-150x150.png\" sizes=\"auto, (max-width: 40px) 100vw, 40px\" srcset=\"https:\/\/dicodusport.fr\/blog\/wp-content\/uploads\/2017\/07\/logo-facebook-150x150.png 150w, https:\/\/dicodusport.fr\/blog\/wp-content\/uploads\/2017\/07\/logo-facebook-300x300.png 300w, https:\/\/dicodusport.fr\/blog\/wp-content\/uploads\/2017\/07\/logo-facebook.png 400w\" alt=\"\" width=\"40\" height=\"40\" \/><\/a><a href=\"https:\/\/twitter.com\/dicodusport\" target=\"_blank\" rel=\"noopener\"><img loading=\"lazy\" decoding=\"async\" class=\"alignnone wp-image-2908\" src=\"http:\/\/dicodusport.fr\/blog\/wp-content\/uploads\/2017\/07\/logo-twitter-150x150.png\" alt=\"\" width=\"39\" height=\"39\" \/><\/a><\/em><\/strong><\/p>\n","protected":false},"excerpt":{"rendered":"<p>Giro 2019 &#8211; Sprinteurs, \u00e9chapp\u00e9s, puncheurs, il y en a eu pour tous les go\u00fbts lors de cette premi\u00e8re semaine du Tour d&rsquo;Italie. Nos tops et flops.<\/p>\n","protected":false},"author":4,"featured_media":39527,"comment_status":"open","ping_status":"closed","sticky":false,"template":"","format":"standard","meta":{"_acf_changed":false,"_daextam_enable_autolinks":"","footnotes":""},"categories":[2,2307],"tags":[574,2830,7842,4722],"class_list":["post-39516","post","type-post","status-publish","format-standard","has-post-thumbnail","hentry","category-actualites","category-cyclisme","tag-cyclisme","tag-giro","tag-tops-et-flops","tag-tour-ditalie"],"acf":[],"yoast_head":"<!-- This site is optimized with the Yoast SEO Premium plugin v26.7 (Yoast SEO v26.7) - https:\/\/yoast.com\/wordpress\/plugins\/seo\/ -->\n<title>Giro 2019 : les tops et flops de la 1\u00e8re semaine<\/title>\n<meta name=\"description\" content=\"Giro 2019 - Sprinteurs, \u00e9chapp\u00e9s, puncheurs, il y en a eu pour tous les go\u00fbts lors de cette premi\u00e8re semaine du Tour d&#039;Italie. Nos tops et flops.\" \/>\n<meta name=\"robots\" content=\"index, follow, max-snippet:-1, max-image-preview:large, max-video-preview:-1\" \/>\n<link rel=\"canonical\" href=\"https:\/\/dicodusport.fr\/blog\/giro-2019-les-tops-et-flops-de-la-1ere-semaine\/\" \/>\n<meta property=\"og:locale\" content=\"fr_FR\" \/>\n<meta property=\"og:type\" content=\"article\" \/>\n<meta property=\"og:title\" content=\"Giro 2019 : les tops et flops de la 1\u00e8re semaine\" \/>\n<meta property=\"og:description\" content=\"Giro 2019 - Sprinteurs, \u00e9chapp\u00e9s, puncheurs, il y en a eu pour tous les go\u00fbts lors de cette premi\u00e8re semaine du Tour d&#039;Italie. Nos tops et flops.\" \/>\n<meta property=\"og:url\" content=\"https:\/\/dicodusport.fr\/blog\/giro-2019-les-tops-et-flops-de-la-1ere-semaine\/\" \/>\n<meta property=\"og:site_name\" content=\"Dicodusport\" \/>\n<meta property=\"article:publisher\" content=\"https:\/\/www.facebook.com\/dicodusport\" \/>\n<meta property=\"article:author\" content=\"https:\/\/www.facebook.com\/florent.ostermann\" \/>\n<meta property=\"article:published_time\" content=\"2019-05-20T09:26:02+00:00\" \/>\n<meta property=\"article:modified_time\" content=\"2019-05-20T09:44:07+00:00\" \/>\n<meta property=\"og:image\" content=\"https:\/\/dicodusport.fr\/blog\/wp-content\/uploads\/2019\/05\/Tops-et-Flops-1\u00e8re-semaine-Giro-2019.png\" \/>\n\t<meta property=\"og:image:width\" content=\"800\" \/>\n\t<meta property=\"og:image:height\" content=\"445\" \/>\n\t<meta property=\"og:image:type\" content=\"image\/png\" \/>\n<meta name=\"author\" content=\"Flo Ostermann\" \/>\n<meta name=\"twitter:card\" content=\"summary_large_image\" \/>\n<meta name=\"twitter:creator\" content=\"@https:\/\/twitter.com\/FlOstermann\" \/>\n<meta name=\"twitter:site\" content=\"@dicodusport\" \/>\n<script type=\"application\/ld+json\" class=\"yoast-schema-graph\">{\"@context\":\"https:\/\/schema.org\",\"@graph\":[{\"@type\":\"NewsArticle\",\"@id\":\"https:\/\/dicodusport.fr\/blog\/giro-2019-les-tops-et-flops-de-la-1ere-semaine\/#article\",\"isPartOf\":{\"@id\":\"https:\/\/dicodusport.fr\/blog\/giro-2019-les-tops-et-flops-de-la-1ere-semaine\/\"},\"author\":{\"name\":\"Flo Ostermann\",\"@id\":\"https:\/\/dicodusport.fr\/blog\/#\/schema\/person\/cb02af4c173ce4a653b55e9baf388d4a\"},\"headline\":\"Giro 2019 : les tops et flops de la 1\u00e8re semaine\",\"datePublished\":\"2019-05-20T09:26:02+00:00\",\"dateModified\":\"2019-05-20T09:44:07+00:00\",\"mainEntityOfPage\":{\"@id\":\"https:\/\/dicodusport.fr\/blog\/giro-2019-les-tops-et-flops-de-la-1ere-semaine\/\"},\"wordCount\":705,\"commentCount\":0,\"publisher\":{\"@id\":\"https:\/\/dicodusport.fr\/blog\/#organization\"},\"image\":{\"@id\":\"https:\/\/dicodusport.fr\/blog\/giro-2019-les-tops-et-flops-de-la-1ere-semaine\/#primaryimage\"},\"thumbnailUrl\":\"https:\/\/dicodusport.fr\/blog\/wp-content\/uploads\/2019\/05\/Tops-et-Flops-1\u00e8re-semaine-Giro-2019.png\",\"keywords\":[\"Cyclisme\",\"Giro\",\"Tops et flops\",\"Tour d'Italie\"],\"articleSection\":[\"Actualit\u00e9s\",\"Cyclisme\"],\"inLanguage\":\"fr-FR\",\"potentialAction\":[{\"@type\":\"CommentAction\",\"name\":\"Comment\",\"target\":[\"https:\/\/dicodusport.fr\/blog\/giro-2019-les-tops-et-flops-de-la-1ere-semaine\/#respond\"]}],\"copyrightYear\":\"2019\",\"copyrightHolder\":{\"@id\":\"https:\/\/dicodusport.fr\/blog\/#organization\"}},{\"@type\":\"WebPage\",\"@id\":\"https:\/\/dicodusport.fr\/blog\/giro-2019-les-tops-et-flops-de-la-1ere-semaine\/\",\"url\":\"https:\/\/dicodusport.fr\/blog\/giro-2019-les-tops-et-flops-de-la-1ere-semaine\/\",\"name\":\"Giro 2019 : les tops et flops de la 1\u00e8re semaine\",\"isPartOf\":{\"@id\":\"https:\/\/dicodusport.fr\/blog\/#website\"},\"primaryImageOfPage\":{\"@id\":\"https:\/\/dicodusport.fr\/blog\/giro-2019-les-tops-et-flops-de-la-1ere-semaine\/#primaryimage\"},\"image\":{\"@id\":\"https:\/\/dicodusport.fr\/blog\/giro-2019-les-tops-et-flops-de-la-1ere-semaine\/#primaryimage\"},\"thumbnailUrl\":\"https:\/\/dicodusport.fr\/blog\/wp-content\/uploads\/2019\/05\/Tops-et-Flops-1\u00e8re-semaine-Giro-2019.png\",\"datePublished\":\"2019-05-20T09:26:02+00:00\",\"dateModified\":\"2019-05-20T09:44:07+00:00\",\"description\":\"Giro 2019 - Sprinteurs, \u00e9chapp\u00e9s, puncheurs, il y en a eu pour tous les go\u00fbts lors de cette premi\u00e8re semaine du Tour d'Italie. Nos tops et flops.\",\"breadcrumb\":{\"@id\":\"https:\/\/dicodusport.fr\/blog\/giro-2019-les-tops-et-flops-de-la-1ere-semaine\/#breadcrumb\"},\"inLanguage\":\"fr-FR\",\"potentialAction\":[{\"@type\":\"ReadAction\",\"target\":[\"https:\/\/dicodusport.fr\/blog\/giro-2019-les-tops-et-flops-de-la-1ere-semaine\/\"]}]},{\"@type\":\"ImageObject\",\"inLanguage\":\"fr-FR\",\"@id\":\"https:\/\/dicodusport.fr\/blog\/giro-2019-les-tops-et-flops-de-la-1ere-semaine\/#primaryimage\",\"url\":\"https:\/\/dicodusport.fr\/blog\/wp-content\/uploads\/2019\/05\/Tops-et-Flops-1\u00e8re-semaine-Giro-2019.png\",\"contentUrl\":\"https:\/\/dicodusport.fr\/blog\/wp-content\/uploads\/2019\/05\/Tops-et-Flops-1\u00e8re-semaine-Giro-2019.png\",\"width\":800,\"height\":445},{\"@type\":\"BreadcrumbList\",\"@id\":\"https:\/\/dicodusport.fr\/blog\/giro-2019-les-tops-et-flops-de-la-1ere-semaine\/#breadcrumb\",\"itemListElement\":[{\"@type\":\"ListItem\",\"position\":1,\"name\":\"Accueil\",\"item\":\"https:\/\/dicodusport.fr\/blog\/\"},{\"@type\":\"ListItem\",\"position\":2,\"name\":\"Giro 2019 : les tops et flops de la 1\u00e8re semaine\"}]},{\"@type\":\"WebSite\",\"@id\":\"https:\/\/dicodusport.fr\/blog\/#website\",\"url\":\"https:\/\/dicodusport.fr\/blog\/\",\"name\":\"Dicodusport\",\"description\":\"L&#039;encyclop\u00e9die de l&#039;actualit\u00e9 sportive\",\"publisher\":{\"@id\":\"https:\/\/dicodusport.fr\/blog\/#organization\"},\"potentialAction\":[{\"@type\":\"SearchAction\",\"target\":{\"@type\":\"EntryPoint\",\"urlTemplate\":\"https:\/\/dicodusport.fr\/blog\/?s={search_term_string}\"},\"query-input\":{\"@type\":\"PropertyValueSpecification\",\"valueRequired\":true,\"valueName\":\"search_term_string\"}}],\"inLanguage\":\"fr-FR\"},{\"@type\":\"NewsMediaOrganization\",\"@id\":\"https:\/\/dicodusport.fr\/blog\/#organization\",\"name\":\"Dicodusport\",\"url\":\"https:\/\/dicodusport.fr\/blog\/\",\"logo\":{\"@type\":\"ImageObject\",\"inLanguage\":\"fr-FR\",\"@id\":\"https:\/\/dicodusport.fr\/blog\/#\/schema\/logo\/image\/\",\"url\":\"https:\/\/dicodusport.fr\/blog\/wp-content\/uploads\/2020\/06\/cropped-LOGO-DICODUSPORT-2020-SANS-FOND-SANS-TEXTE.png\",\"contentUrl\":\"https:\/\/dicodusport.fr\/blog\/wp-content\/uploads\/2020\/06\/cropped-LOGO-DICODUSPORT-2020-SANS-FOND-SANS-TEXTE.png\",\"width\":512,\"height\":512,\"caption\":\"Dicodusport\"},\"image\":{\"@id\":\"https:\/\/dicodusport.fr\/blog\/#\/schema\/logo\/image\/\"},\"sameAs\":[\"https:\/\/www.facebook.com\/dicodusport\",\"https:\/\/x.com\/dicodusport\",\"https:\/\/www.instagram.com\/dicodusport\/\",\"https:\/\/www.youtube.com\/channel\/UC7V2KZ5sd3htJivAbA4ZG3w\"],\"description\":\"Dicodusport est l'encyclop\u00e9die de l'actualit\u00e9 sportive.\",\"email\":\"bonjour@dicodusport.fr\",\"legalName\":\"DICODUSPORT\",\"foundingDate\":\"2018-01-14\",\"vatID\":\"FR71834470973\",\"taxID\":\"83447097300043\",\"numberOfEmployees\":{\"@type\":\"QuantitativeValue\",\"minValue\":\"1\",\"maxValue\":\"10\"}},{\"@type\":\"Person\",\"@id\":\"https:\/\/dicodusport.fr\/blog\/#\/schema\/person\/cb02af4c173ce4a653b55e9baf388d4a\",\"name\":\"Flo Ostermann\",\"image\":{\"@type\":\"ImageObject\",\"inLanguage\":\"fr-FR\",\"@id\":\"https:\/\/dicodusport.fr\/blog\/#\/schema\/person\/image\/\",\"url\":\"https:\/\/dicodusport.fr\/blog\/wp-content\/uploads\/2021\/05\/Flo-Ostermann-150x150.jpg\",\"contentUrl\":\"https:\/\/dicodusport.fr\/blog\/wp-content\/uploads\/2021\/05\/Flo-Ostermann-150x150.jpg\",\"caption\":\"Flo Ostermann\"},\"description\":\"Journaliste\/R\u00e9dacteur depuis septembre 2015 - Mes premiers souvenirs dans le sport ? Les envol\u00e9es du Stade Toulousain et les duels Villeneuve-Schumacher et H\u00e4kkinen-Schumacher \u00e0 la fin des ann\u00e9es 90, la Coupe du monde de football en 1998, l\u2019exploit du XV de France face aux All Blacks en 1999, mais aussi Richard C\u0153ur de Lion qui vole sur les montagnes du Tour de France. Bien parti pour devenir professeur d\u2019EPS, les \u00e9v\u00e9nements de la vie (et la flemme d\u2019animer des s\u00e9ances de 3x500 m\u00e8tres toute ma vie) m\u2019ont conduit \u00e0 revoir mes plans. Me voil\u00e0 depuis fin 2017 sur Dicodusport, m\u00e9dia gr\u00e2ce (et pour) lequel je partage ma passion : le sport dans tous ses \u00e9tats. Le tout accompagn\u00e9 par les fous furieux et folles furieuses cit\u00e9s sur cette page !\",\"sameAs\":[\"https:\/\/www.facebook.com\/florent.ostermann\",\"https:\/\/x.com\/https:\/\/twitter.com\/FlOstermann\",\"admin\"],\"url\":\"https:\/\/dicodusport.fr\/blog\/author\/flo\/\"}]}<\/script>\n<!-- \/ Yoast SEO Premium plugin. -->","yoast_head_json":{"title":"Giro 2019 : les tops et flops de la 1\u00e8re semaine","description":"Giro 2019 - Sprinteurs, \u00e9chapp\u00e9s, puncheurs, il y en a eu pour tous les go\u00fbts lors de cette premi\u00e8re semaine du Tour d'Italie. Nos tops et flops.","robots":{"index":"index","follow":"follow","max-snippet":"max-snippet:-1","max-image-preview":"max-image-preview:large","max-video-preview":"max-video-preview:-1"},"canonical":"https:\/\/dicodusport.fr\/blog\/giro-2019-les-tops-et-flops-de-la-1ere-semaine\/","og_locale":"fr_FR","og_type":"article","og_title":"Giro 2019 : les tops et flops de la 1\u00e8re semaine","og_description":"Giro 2019 - Sprinteurs, \u00e9chapp\u00e9s, puncheurs, il y en a eu pour tous les go\u00fbts lors de cette premi\u00e8re semaine du Tour d'Italie. Nos tops et flops.","og_url":"https:\/\/dicodusport.fr\/blog\/giro-2019-les-tops-et-flops-de-la-1ere-semaine\/","og_site_name":"Dicodusport","article_publisher":"https:\/\/www.facebook.com\/dicodusport","article_author":"https:\/\/www.facebook.com\/florent.ostermann","article_published_time":"2019-05-20T09:26:02+00:00","article_modified_time":"2019-05-20T09:44:07+00:00","og_image":[{"width":800,"height":445,"url":"https:\/\/dicodusport.fr\/blog\/wp-content\/uploads\/2019\/05\/Tops-et-Flops-1\u00e8re-semaine-Giro-2019.png","type":"image\/png"}],"author":"Flo Ostermann","twitter_card":"summary_large_image","twitter_creator":"@https:\/\/twitter.com\/FlOstermann","twitter_site":"@dicodusport","schema":{"@context":"https:\/\/schema.org","@graph":[{"@type":"NewsArticle","@id":"https:\/\/dicodusport.fr\/blog\/giro-2019-les-tops-et-flops-de-la-1ere-semaine\/#article","isPartOf":{"@id":"https:\/\/dicodusport.fr\/blog\/giro-2019-les-tops-et-flops-de-la-1ere-semaine\/"},"author":{"name":"Flo Ostermann","@id":"https:\/\/dicodusport.fr\/blog\/#\/schema\/person\/cb02af4c173ce4a653b55e9baf388d4a"},"headline":"Giro 2019 : les tops et flops de la 1\u00e8re semaine","datePublished":"2019-05-20T09:26:02+00:00","dateModified":"2019-05-20T09:44:07+00:00","mainEntityOfPage":{"@id":"https:\/\/dicodusport.fr\/blog\/giro-2019-les-tops-et-flops-de-la-1ere-semaine\/"},"wordCount":705,"commentCount":0,"publisher":{"@id":"https:\/\/dicodusport.fr\/blog\/#organization"},"image":{"@id":"https:\/\/dicodusport.fr\/blog\/giro-2019-les-tops-et-flops-de-la-1ere-semaine\/#primaryimage"},"thumbnailUrl":"https:\/\/dicodusport.fr\/blog\/wp-content\/uploads\/2019\/05\/Tops-et-Flops-1\u00e8re-semaine-Giro-2019.png","keywords":["Cyclisme","Giro","Tops et flops","Tour d'Italie"],"articleSection":["Actualit\u00e9s","Cyclisme"],"inLanguage":"fr-FR","potentialAction":[{"@type":"CommentAction","name":"Comment","target":["https:\/\/dicodusport.fr\/blog\/giro-2019-les-tops-et-flops-de-la-1ere-semaine\/#respond"]}],"copyrightYear":"2019","copyrightHolder":{"@id":"https:\/\/dicodusport.fr\/blog\/#organization"}},{"@type":"WebPage","@id":"https:\/\/dicodusport.fr\/blog\/giro-2019-les-tops-et-flops-de-la-1ere-semaine\/","url":"https:\/\/dicodusport.fr\/blog\/giro-2019-les-tops-et-flops-de-la-1ere-semaine\/","name":"Giro 2019 : les tops et flops de la 1\u00e8re semaine","isPartOf":{"@id":"https:\/\/dicodusport.fr\/blog\/#website"},"primaryImageOfPage":{"@id":"https:\/\/dicodusport.fr\/blog\/giro-2019-les-tops-et-flops-de-la-1ere-semaine\/#primaryimage"},"image":{"@id":"https:\/\/dicodusport.fr\/blog\/giro-2019-les-tops-et-flops-de-la-1ere-semaine\/#primaryimage"},"thumbnailUrl":"https:\/\/dicodusport.fr\/blog\/wp-content\/uploads\/2019\/05\/Tops-et-Flops-1\u00e8re-semaine-Giro-2019.png","datePublished":"2019-05-20T09:26:02+00:00","dateModified":"2019-05-20T09:44:07+00:00","description":"Giro 2019 - Sprinteurs, \u00e9chapp\u00e9s, puncheurs, il y en a eu pour tous les go\u00fbts lors de cette premi\u00e8re semaine du Tour d'Italie. Nos tops et flops.","breadcrumb":{"@id":"https:\/\/dicodusport.fr\/blog\/giro-2019-les-tops-et-flops-de-la-1ere-semaine\/#breadcrumb"},"inLanguage":"fr-FR","potentialAction":[{"@type":"ReadAction","target":["https:\/\/dicodusport.fr\/blog\/giro-2019-les-tops-et-flops-de-la-1ere-semaine\/"]}]},{"@type":"ImageObject","inLanguage":"fr-FR","@id":"https:\/\/dicodusport.fr\/blog\/giro-2019-les-tops-et-flops-de-la-1ere-semaine\/#primaryimage","url":"https:\/\/dicodusport.fr\/blog\/wp-content\/uploads\/2019\/05\/Tops-et-Flops-1\u00e8re-semaine-Giro-2019.png","contentUrl":"https:\/\/dicodusport.fr\/blog\/wp-content\/uploads\/2019\/05\/Tops-et-Flops-1\u00e8re-semaine-Giro-2019.png","width":800,"height":445},{"@type":"BreadcrumbList","@id":"https:\/\/dicodusport.fr\/blog\/giro-2019-les-tops-et-flops-de-la-1ere-semaine\/#breadcrumb","itemListElement":[{"@type":"ListItem","position":1,"name":"Accueil","item":"https:\/\/dicodusport.fr\/blog\/"},{"@type":"ListItem","position":2,"name":"Giro 2019 : les tops et flops de la 1\u00e8re semaine"}]},{"@type":"WebSite","@id":"https:\/\/dicodusport.fr\/blog\/#website","url":"https:\/\/dicodusport.fr\/blog\/","name":"Dicodusport","description":"L&#039;encyclop\u00e9die de l&#039;actualit\u00e9 sportive","publisher":{"@id":"https:\/\/dicodusport.fr\/blog\/#organization"},"potentialAction":[{"@type":"SearchAction","target":{"@type":"EntryPoint","urlTemplate":"https:\/\/dicodusport.fr\/blog\/?s={search_term_string}"},"query-input":{"@type":"PropertyValueSpecification","valueRequired":true,"valueName":"search_term_string"}}],"inLanguage":"fr-FR"},{"@type":"NewsMediaOrganization","@id":"https:\/\/dicodusport.fr\/blog\/#organization","name":"Dicodusport","url":"https:\/\/dicodusport.fr\/blog\/","logo":{"@type":"ImageObject","inLanguage":"fr-FR","@id":"https:\/\/dicodusport.fr\/blog\/#\/schema\/logo\/image\/","url":"https:\/\/dicodusport.fr\/blog\/wp-content\/uploads\/2020\/06\/cropped-LOGO-DICODUSPORT-2020-SANS-FOND-SANS-TEXTE.png","contentUrl":"https:\/\/dicodusport.fr\/blog\/wp-content\/uploads\/2020\/06\/cropped-LOGO-DICODUSPORT-2020-SANS-FOND-SANS-TEXTE.png","width":512,"height":512,"caption":"Dicodusport"},"image":{"@id":"https:\/\/dicodusport.fr\/blog\/#\/schema\/logo\/image\/"},"sameAs":["https:\/\/www.facebook.com\/dicodusport","https:\/\/x.com\/dicodusport","https:\/\/www.instagram.com\/dicodusport\/","https:\/\/www.youtube.com\/channel\/UC7V2KZ5sd3htJivAbA4ZG3w"],"description":"Dicodusport est l'encyclop\u00e9die de l'actualit\u00e9 sportive.","email":"bonjour@dicodusport.fr","legalName":"DICODUSPORT","foundingDate":"2018-01-14","vatID":"FR71834470973","taxID":"83447097300043","numberOfEmployees":{"@type":"QuantitativeValue","minValue":"1","maxValue":"10"}},{"@type":"Person","@id":"https:\/\/dicodusport.fr\/blog\/#\/schema\/person\/cb02af4c173ce4a653b55e9baf388d4a","name":"Flo Ostermann","image":{"@type":"ImageObject","inLanguage":"fr-FR","@id":"https:\/\/dicodusport.fr\/blog\/#\/schema\/person\/image\/","url":"https:\/\/dicodusport.fr\/blog\/wp-content\/uploads\/2021\/05\/Flo-Ostermann-150x150.jpg","contentUrl":"https:\/\/dicodusport.fr\/blog\/wp-content\/uploads\/2021\/05\/Flo-Ostermann-150x150.jpg","caption":"Flo Ostermann"},"description":"Journaliste\/R\u00e9dacteur depuis septembre 2015 - Mes premiers souvenirs dans le sport ? Les envol\u00e9es du Stade Toulousain et les duels Villeneuve-Schumacher et H\u00e4kkinen-Schumacher \u00e0 la fin des ann\u00e9es 90, la Coupe du monde de football en 1998, l\u2019exploit du XV de France face aux All Blacks en 1999, mais aussi Richard C\u0153ur de Lion qui vole sur les montagnes du Tour de France. Bien parti pour devenir professeur d\u2019EPS, les \u00e9v\u00e9nements de la vie (et la flemme d\u2019animer des s\u00e9ances de 3x500 m\u00e8tres toute ma vie) m\u2019ont conduit \u00e0 revoir mes plans. Me voil\u00e0 depuis fin 2017 sur Dicodusport, m\u00e9dia gr\u00e2ce (et pour) lequel je partage ma passion : le sport dans tous ses \u00e9tats. Le tout accompagn\u00e9 par les fous furieux et folles furieuses cit\u00e9s sur cette page !","sameAs":["https:\/\/www.facebook.com\/florent.ostermann","https:\/\/x.com\/https:\/\/twitter.com\/FlOstermann","admin"],"url":"https:\/\/dicodusport.fr\/blog\/author\/flo\/"}]}},"_links":{"self":[{"href":"https:\/\/dicodusport.fr\/blog\/wp-json\/wp\/v2\/posts\/39516","targetHints":{"allow":["GET"]}}],"collection":[{"href":"https:\/\/dicodusport.fr\/blog\/wp-json\/wp\/v2\/posts"}],"about":[{"href":"https:\/\/dicodusport.fr\/blog\/wp-json\/wp\/v2\/types\/post"}],"author":[{"embeddable":true,"href":"https:\/\/dicodusport.fr\/blog\/wp-json\/wp\/v2\/users\/4"}],"replies":[{"embeddable":true,"href":"https:\/\/dicodusport.fr\/blog\/wp-json\/wp\/v2\/comments?post=39516"}],"version-history":[{"count":0,"href":"https:\/\/dicodusport.fr\/blog\/wp-json\/wp\/v2\/posts\/39516\/revisions"}],"wp:featuredmedia":[{"embeddable":true,"href":"https:\/\/dicodusport.fr\/blog\/wp-json\/wp\/v2\/media\/39527"}],"wp:attachment":[{"href":"https:\/\/dicodusport.fr\/blog\/wp-json\/wp\/v2\/media?parent=39516"}],"wp:term":[{"taxonomy":"category","embeddable":true,"href":"https:\/\/dicodusport.fr\/blog\/wp-json\/wp\/v2\/categories?post=39516"},{"taxonomy":"post_tag","embeddable":true,"href":"https:\/\/dicodusport.fr\/blog\/wp-json\/wp\/v2\/tags?post=39516"}],"curies":[{"name":"wp","href":"https:\/\/api.w.org\/{rel}","templated":true}]}}