{"id":395168,"date":"2023-06-28T10:28:57","date_gmt":"2023-06-28T08:28:57","guid":{"rendered":"https:\/\/dicodusport.fr\/blog\/?p=395168&#038;preview=true&#038;preview_id=395168"},"modified":"2023-06-28T11:13:01","modified_gmt":"2023-06-28T09:13:01","slug":"serge-simon-va-demissionner-de-la-vice-presidence-de-la-ffr","status":"publish","type":"post","link":"https:\/\/dicodusport.fr\/blog\/serge-simon-va-demissionner-de-la-vice-presidence-de-la-ffr\/","title":{"rendered":"Serge Simon va d\u00e9missionner de la vice-pr\u00e9sidence de la FFR"},"content":{"rendered":"<p align=\"justify\"><em><strong>RUGBY \u00c0 XV &#8211; Serge Simon a annonc\u00e9 \u00e0 l&rsquo;AFP qu&rsquo;il allait quitter son poste de vice-pr\u00e9sident de la F\u00e9d\u00e9ration Fran\u00e7aise de Rugby.\u00a0<\/strong><\/em><\/p>\n<p align=\"justify\">Quelques jours apr\u00e8s <a href=\"https:\/\/dicodusport.fr\/blog\/elections-ffr-florian-grill-elu-president-revers-pour-bernard-laporte\/\">l&rsquo;\u00e9lection de <strong>Florian<\/strong> <strong>Grill<\/strong><\/a> comme pr\u00e9sident de la FFR, <strong>Serge<\/strong> <strong>Simon<\/strong> a indiqu\u00e9 qu&rsquo;il quittait ses fonctions de vice-pr\u00e9sident et sa place au Comit\u00e9 Directeur. \u00c0 l&rsquo;AFP, il s&rsquo;est expliqu\u00e9.<\/p>\n<blockquote>\n<p align=\"justify\">J&rsquo;ai pris la d\u00e9cision de d\u00e9missionner de toutes mes fonctions \u00e0 la FFR, y compris celle au comit\u00e9 directeur. Les clubs ont vot\u00e9, ont exprim\u00e9 quelque chose de tr\u00e8s, tr\u00e8s clair qu&rsquo;il faut entendre : ils veulent un nouveau pr\u00e9sident, une nouvelle \u00e9quipe donc il faut laisser la place \u00e0 la nouvelle gouvernance. Si on pouvait r\u00e9sumer les choses en une phrase, je dirais que jusqu&rsquo;\u00e0 pr\u00e9sent, j&rsquo;avais l&rsquo;impression de faire partie de la solution et que l\u00e0, j&rsquo;ai l&rsquo;impression de faire partie du probl\u00e8me.<\/p>\n<\/blockquote>\n<p align=\"justify\">Ce n&rsquo;est pas une surprise, puisque <strong>Serge<\/strong> <strong>Simon<\/strong> a toujours \u00e9t\u00e9 le fid\u00e8le lieutenant de <strong>Bernard<\/strong> <strong>Laporte<\/strong>, \u00e9cart\u00e9 de la pr\u00e9sidence de la <strong>F\u00e9d\u00e9ration Fran\u00e7aise de Rugby<\/strong> en d\u00e9but d&rsquo;ann\u00e9e. Arriv\u00e9 en 2016 \u00e0 la vice-pr\u00e9sidence de la FFR, c&rsquo;est une page qui se tourne pour celui que l&rsquo;on surnomme <em>le Docteur<\/em>.<\/p>\n<p align=\"justify\">Pour le remplacer, un grand favori se d\u00e9gage, le bras droit de <strong>Florian<\/strong> <strong>Grill<\/strong> depuis plusieurs ann\u00e9es, <strong>Jean-Marc<\/strong> <strong>Lhermet<\/strong>. La nomination du nouveau vice-pr\u00e9sident devrait se faire dans les prochains jours, et la F\u00e9d\u00e9ration Fran\u00e7aise de Rugby aura donc un tout nouveau visage pour la <strong>Coupe du monde<\/strong> \u00e0 la maison qui d\u00e9bute en septembre.<\/p>\n<blockquote class=\"twitter-tweet\">\n<p dir=\"ltr\" lang=\"fr\">Serge Simon a d\u00e9cid\u00e9 d&rsquo;annoncer sa d\u00e9mission. L&rsquo;homme fort du clan Laporte quitte donc l&rsquo;ensemble de ses fonctions.<a href=\"https:\/\/t.co\/v55OkuacLb\">https:\/\/t.co\/v55OkuacLb<\/a><\/p>\n<p>\u2014 RUGBYRAMA (@RugbyramaFR) <a href=\"https:\/\/twitter.com\/RugbyramaFR\/status\/1673958161131208705?ref_src=twsrc%5Etfw\">June 28, 2023<\/a><\/p><\/blockquote>\n<p><script async src=\"https:\/\/platform.twitter.com\/widgets.js\" charset=\"utf-8\"><\/script><\/p>\n","protected":false},"excerpt":{"rendered":"<p>RUGBY \u00c0 XV &#8211; Serge Simon a annonc\u00e9 \u00e0 l&rsquo;AFP qu&rsquo;il allait quitter son poste de vice-pr\u00e9sident de la F\u00e9d\u00e9ration Fran\u00e7aise de Rugby.\u00a0<\/p>\n","protected":false},"author":1,"featured_media":395169,"comment_status":"open","ping_status":"closed","sticky":false,"template":"","format":"standard","meta":{"_acf_changed":false,"_daextam_enable_autolinks":"","footnotes":""},"categories":[9129],"tags":[16878,13,5415],"class_list":["post-395168","post","type-post","status-publish","format-standard","has-post-thumbnail","hentry","category-rugby-a-xv","tag-breve","tag-rugby","tag-simon"],"acf":[],"yoast_head":"<!-- This site is optimized with the Yoast SEO Premium plugin v26.7 (Yoast SEO v26.7) - https:\/\/yoast.com\/wordpress\/plugins\/seo\/ -->\n<title>Serge Simon va d\u00e9missionner de la vice-pr\u00e9sidence de la FFR<\/title>\n<meta name=\"description\" content=\"RUGBY \u00c0 XV - Serge Simon a annonc\u00e9 \u00e0 l&#039;AFP qu&#039;il allait quitter son poste de vice-pr\u00e9sident de la F\u00e9d\u00e9ration Fran\u00e7aise de Rugby.\u00a0\" \/>\n<meta name=\"robots\" content=\"index, follow, max-snippet:-1, max-image-preview:large, max-video-preview:-1\" \/>\n<link rel=\"canonical\" href=\"https:\/\/dicodusport.fr\/blog\/serge-simon-va-demissionner-de-la-vice-presidence-de-la-ffr\/\" \/>\n<meta property=\"og:locale\" content=\"fr_FR\" \/>\n<meta property=\"og:type\" content=\"article\" \/>\n<meta property=\"og:title\" content=\"Serge Simon va d\u00e9missionner de la vice-pr\u00e9sidence de la FFR\" \/>\n<meta property=\"og:description\" content=\"RUGBY \u00c0 XV - Serge Simon a annonc\u00e9 \u00e0 l&#039;AFP qu&#039;il allait quitter son poste de vice-pr\u00e9sident de la F\u00e9d\u00e9ration Fran\u00e7aise de Rugby.\u00a0\" \/>\n<meta property=\"og:url\" content=\"https:\/\/dicodusport.fr\/blog\/serge-simon-va-demissionner-de-la-vice-presidence-de-la-ffr\/\" \/>\n<meta property=\"og:site_name\" content=\"Dicodusport\" \/>\n<meta property=\"article:publisher\" content=\"https:\/\/www.facebook.com\/dicodusport\" \/>\n<meta property=\"article:author\" content=\"https:\/\/www.facebook.com\/dicodusport\" \/>\n<meta property=\"article:published_time\" content=\"2023-06-28T08:28:57+00:00\" \/>\n<meta property=\"article:modified_time\" content=\"2023-06-28T09:13:01+00:00\" \/>\n<meta property=\"og:image\" content=\"https:\/\/dicodusport.fr\/blog\/wp-content\/uploads\/2023\/06\/Serge-Simon-va-demissionner-de-la-vice-presidence-de-la-FFR.png\" \/>\n\t<meta property=\"og:image:width\" content=\"800\" \/>\n\t<meta property=\"og:image:height\" content=\"445\" \/>\n\t<meta property=\"og:image:type\" content=\"image\/png\" \/>\n<meta name=\"author\" content=\"Nicolas Jacquemard\" \/>\n<meta name=\"twitter:card\" content=\"summary_large_image\" \/>\n<meta name=\"twitter:title\" content=\"Serge Simon va d\u00e9missionner de la vice-pr\u00e9sidence de la FFR\" \/>\n<meta name=\"twitter:creator\" content=\"@https:\/\/twitter.com\/Nico_Jacquemard\" \/>\n<meta name=\"twitter:site\" content=\"@dicodusport\" \/>\n<script type=\"application\/ld+json\" class=\"yoast-schema-graph\">{\"@context\":\"https:\/\/schema.org\",\"@graph\":[{\"@type\":\"NewsArticle\",\"@id\":\"https:\/\/dicodusport.fr\/blog\/serge-simon-va-demissionner-de-la-vice-presidence-de-la-ffr\/#article\",\"isPartOf\":{\"@id\":\"https:\/\/dicodusport.fr\/blog\/serge-simon-va-demissionner-de-la-vice-presidence-de-la-ffr\/\"},\"author\":{\"name\":\"Nicolas Jacquemard\",\"@id\":\"https:\/\/dicodusport.fr\/blog\/#\/schema\/person\/55dcb50ad410894e431ed812bbb70191\"},\"headline\":\"Serge Simon va d\u00e9missionner de la vice-pr\u00e9sidence de la FFR\",\"datePublished\":\"2023-06-28T08:28:57+00:00\",\"dateModified\":\"2023-06-28T09:13:01+00:00\",\"mainEntityOfPage\":{\"@id\":\"https:\/\/dicodusport.fr\/blog\/serge-simon-va-demissionner-de-la-vice-presidence-de-la-ffr\/\"},\"wordCount\":328,\"commentCount\":0,\"publisher\":{\"@id\":\"https:\/\/dicodusport.fr\/blog\/#organization\"},\"image\":{\"@id\":\"https:\/\/dicodusport.fr\/blog\/serge-simon-va-demissionner-de-la-vice-presidence-de-la-ffr\/#primaryimage\"},\"thumbnailUrl\":\"https:\/\/dicodusport.fr\/blog\/wp-content\/uploads\/2023\/06\/Serge-Simon-va-demissionner-de-la-vice-presidence-de-la-FFR.png\",\"keywords\":[\"br\u00e8ve\",\"Rugby\",\"Simon\"],\"articleSection\":[\"Rugby \u00e0 XV\"],\"inLanguage\":\"fr-FR\",\"potentialAction\":[{\"@type\":\"CommentAction\",\"name\":\"Comment\",\"target\":[\"https:\/\/dicodusport.fr\/blog\/serge-simon-va-demissionner-de-la-vice-presidence-de-la-ffr\/#respond\"]}],\"copyrightYear\":\"2023\",\"copyrightHolder\":{\"@id\":\"https:\/\/dicodusport.fr\/blog\/#organization\"}},{\"@type\":\"WebPage\",\"@id\":\"https:\/\/dicodusport.fr\/blog\/serge-simon-va-demissionner-de-la-vice-presidence-de-la-ffr\/\",\"url\":\"https:\/\/dicodusport.fr\/blog\/serge-simon-va-demissionner-de-la-vice-presidence-de-la-ffr\/\",\"name\":\"Serge Simon va d\u00e9missionner de la vice-pr\u00e9sidence de la FFR\",\"isPartOf\":{\"@id\":\"https:\/\/dicodusport.fr\/blog\/#website\"},\"primaryImageOfPage\":{\"@id\":\"https:\/\/dicodusport.fr\/blog\/serge-simon-va-demissionner-de-la-vice-presidence-de-la-ffr\/#primaryimage\"},\"image\":{\"@id\":\"https:\/\/dicodusport.fr\/blog\/serge-simon-va-demissionner-de-la-vice-presidence-de-la-ffr\/#primaryimage\"},\"thumbnailUrl\":\"https:\/\/dicodusport.fr\/blog\/wp-content\/uploads\/2023\/06\/Serge-Simon-va-demissionner-de-la-vice-presidence-de-la-FFR.png\",\"datePublished\":\"2023-06-28T08:28:57+00:00\",\"dateModified\":\"2023-06-28T09:13:01+00:00\",\"description\":\"RUGBY \u00c0 XV - Serge Simon a annonc\u00e9 \u00e0 l'AFP qu'il allait quitter son poste de vice-pr\u00e9sident de la F\u00e9d\u00e9ration Fran\u00e7aise de Rugby.\u00a0\",\"breadcrumb\":{\"@id\":\"https:\/\/dicodusport.fr\/blog\/serge-simon-va-demissionner-de-la-vice-presidence-de-la-ffr\/#breadcrumb\"},\"inLanguage\":\"fr-FR\",\"potentialAction\":[{\"@type\":\"ReadAction\",\"target\":[\"https:\/\/dicodusport.fr\/blog\/serge-simon-va-demissionner-de-la-vice-presidence-de-la-ffr\/\"]}]},{\"@type\":\"ImageObject\",\"inLanguage\":\"fr-FR\",\"@id\":\"https:\/\/dicodusport.fr\/blog\/serge-simon-va-demissionner-de-la-vice-presidence-de-la-ffr\/#primaryimage\",\"url\":\"https:\/\/dicodusport.fr\/blog\/wp-content\/uploads\/2023\/06\/Serge-Simon-va-demissionner-de-la-vice-presidence-de-la-FFR.png\",\"contentUrl\":\"https:\/\/dicodusport.fr\/blog\/wp-content\/uploads\/2023\/06\/Serge-Simon-va-demissionner-de-la-vice-presidence-de-la-FFR.png\",\"width\":800,\"height\":445},{\"@type\":\"BreadcrumbList\",\"@id\":\"https:\/\/dicodusport.fr\/blog\/serge-simon-va-demissionner-de-la-vice-presidence-de-la-ffr\/#breadcrumb\",\"itemListElement\":[{\"@type\":\"ListItem\",\"position\":1,\"name\":\"Accueil\",\"item\":\"https:\/\/dicodusport.fr\/blog\/\"},{\"@type\":\"ListItem\",\"position\":2,\"name\":\"Serge Simon va d\u00e9missionner de la vice-pr\u00e9sidence de la FFR\"}]},{\"@type\":\"WebSite\",\"@id\":\"https:\/\/dicodusport.fr\/blog\/#website\",\"url\":\"https:\/\/dicodusport.fr\/blog\/\",\"name\":\"Dicodusport\",\"description\":\"L&#039;encyclop\u00e9die de l&#039;actualit\u00e9 sportive\",\"publisher\":{\"@id\":\"https:\/\/dicodusport.fr\/blog\/#organization\"},\"potentialAction\":[{\"@type\":\"SearchAction\",\"target\":{\"@type\":\"EntryPoint\",\"urlTemplate\":\"https:\/\/dicodusport.fr\/blog\/?s={search_term_string}\"},\"query-input\":{\"@type\":\"PropertyValueSpecification\",\"valueRequired\":true,\"valueName\":\"search_term_string\"}}],\"inLanguage\":\"fr-FR\"},{\"@type\":\"NewsMediaOrganization\",\"@id\":\"https:\/\/dicodusport.fr\/blog\/#organization\",\"name\":\"Dicodusport\",\"url\":\"https:\/\/dicodusport.fr\/blog\/\",\"logo\":{\"@type\":\"ImageObject\",\"inLanguage\":\"fr-FR\",\"@id\":\"https:\/\/dicodusport.fr\/blog\/#\/schema\/logo\/image\/\",\"url\":\"https:\/\/dicodusport.fr\/blog\/wp-content\/uploads\/2020\/06\/cropped-LOGO-DICODUSPORT-2020-SANS-FOND-SANS-TEXTE.png\",\"contentUrl\":\"https:\/\/dicodusport.fr\/blog\/wp-content\/uploads\/2020\/06\/cropped-LOGO-DICODUSPORT-2020-SANS-FOND-SANS-TEXTE.png\",\"width\":512,\"height\":512,\"caption\":\"Dicodusport\"},\"image\":{\"@id\":\"https:\/\/dicodusport.fr\/blog\/#\/schema\/logo\/image\/\"},\"sameAs\":[\"https:\/\/www.facebook.com\/dicodusport\",\"https:\/\/x.com\/dicodusport\",\"https:\/\/www.instagram.com\/dicodusport\/\",\"https:\/\/www.youtube.com\/channel\/UC7V2KZ5sd3htJivAbA4ZG3w\"],\"description\":\"Dicodusport est l'encyclop\u00e9die de l'actualit\u00e9 sportive.\",\"email\":\"bonjour@dicodusport.fr\",\"legalName\":\"DICODUSPORT\",\"foundingDate\":\"2018-01-14\",\"vatID\":\"FR71834470973\",\"taxID\":\"83447097300043\",\"numberOfEmployees\":{\"@type\":\"QuantitativeValue\",\"minValue\":\"1\",\"maxValue\":\"10\"}},{\"@type\":\"Person\",\"@id\":\"https:\/\/dicodusport.fr\/blog\/#\/schema\/person\/55dcb50ad410894e431ed812bbb70191\",\"name\":\"Nicolas Jacquemard\",\"image\":{\"@type\":\"ImageObject\",\"inLanguage\":\"fr-FR\",\"@id\":\"https:\/\/dicodusport.fr\/blog\/#\/schema\/person\/image\/\",\"url\":\"https:\/\/dicodusport.fr\/blog\/wp-content\/uploads\/2021\/05\/Nicolas-Jacquemard-150x150.jpeg\",\"contentUrl\":\"https:\/\/dicodusport.fr\/blog\/wp-content\/uploads\/2021\/05\/Nicolas-Jacquemard-150x150.jpeg\",\"caption\":\"Nicolas Jacquemard\"},\"description\":\"Passionn\u00e9 de sport et entrepreneur depuis mes 18 ans, la cr\u00e9ation de Dicodusport m'a sembl\u00e9 \u00e9vidente pour participer \u00e0 la m\u00e9diatisation d'un plus grand nombre de sports. Le chemin est long mais avec une \u00e9quipe des plus motiv\u00e9es et les Jeux Olympiques de Paris 2024 en point de mire, nous y arriverons ! Journaliste dans le monde du sport depuis plus de 5 ans, je traite aussi bien de football, de rugby, de biathlon que de cyclisme.\",\"sameAs\":[\"https:\/\/www.facebook.com\/dicodusport\",\"https:\/\/x.com\/https:\/\/twitter.com\/Nico_Jacquemard\"],\"url\":\"https:\/\/dicodusport.fr\/blog\/author\/dicodusport\/\"}]}<\/script>\n<!-- \/ Yoast SEO Premium plugin. -->","yoast_head_json":{"title":"Serge Simon va d\u00e9missionner de la vice-pr\u00e9sidence de la FFR","description":"RUGBY \u00c0 XV - Serge Simon a annonc\u00e9 \u00e0 l'AFP qu'il allait quitter son poste de vice-pr\u00e9sident de la F\u00e9d\u00e9ration Fran\u00e7aise de Rugby.\u00a0","robots":{"index":"index","follow":"follow","max-snippet":"max-snippet:-1","max-image-preview":"max-image-preview:large","max-video-preview":"max-video-preview:-1"},"canonical":"https:\/\/dicodusport.fr\/blog\/serge-simon-va-demissionner-de-la-vice-presidence-de-la-ffr\/","og_locale":"fr_FR","og_type":"article","og_title":"Serge Simon va d\u00e9missionner de la vice-pr\u00e9sidence de la FFR","og_description":"RUGBY \u00c0 XV - Serge Simon a annonc\u00e9 \u00e0 l'AFP qu'il allait quitter son poste de vice-pr\u00e9sident de la F\u00e9d\u00e9ration Fran\u00e7aise de Rugby.\u00a0","og_url":"https:\/\/dicodusport.fr\/blog\/serge-simon-va-demissionner-de-la-vice-presidence-de-la-ffr\/","og_site_name":"Dicodusport","article_publisher":"https:\/\/www.facebook.com\/dicodusport","article_author":"https:\/\/www.facebook.com\/dicodusport","article_published_time":"2023-06-28T08:28:57+00:00","article_modified_time":"2023-06-28T09:13:01+00:00","og_image":[{"width":800,"height":445,"url":"https:\/\/dicodusport.fr\/blog\/wp-content\/uploads\/2023\/06\/Serge-Simon-va-demissionner-de-la-vice-presidence-de-la-FFR.png","type":"image\/png"}],"author":"Nicolas Jacquemard","twitter_card":"summary_large_image","twitter_title":"Serge Simon va d\u00e9missionner de la vice-pr\u00e9sidence de la FFR","twitter_creator":"@https:\/\/twitter.com\/Nico_Jacquemard","twitter_site":"@dicodusport","schema":{"@context":"https:\/\/schema.org","@graph":[{"@type":"NewsArticle","@id":"https:\/\/dicodusport.fr\/blog\/serge-simon-va-demissionner-de-la-vice-presidence-de-la-ffr\/#article","isPartOf":{"@id":"https:\/\/dicodusport.fr\/blog\/serge-simon-va-demissionner-de-la-vice-presidence-de-la-ffr\/"},"author":{"name":"Nicolas Jacquemard","@id":"https:\/\/dicodusport.fr\/blog\/#\/schema\/person\/55dcb50ad410894e431ed812bbb70191"},"headline":"Serge Simon va d\u00e9missionner de la vice-pr\u00e9sidence de la FFR","datePublished":"2023-06-28T08:28:57+00:00","dateModified":"2023-06-28T09:13:01+00:00","mainEntityOfPage":{"@id":"https:\/\/dicodusport.fr\/blog\/serge-simon-va-demissionner-de-la-vice-presidence-de-la-ffr\/"},"wordCount":328,"commentCount":0,"publisher":{"@id":"https:\/\/dicodusport.fr\/blog\/#organization"},"image":{"@id":"https:\/\/dicodusport.fr\/blog\/serge-simon-va-demissionner-de-la-vice-presidence-de-la-ffr\/#primaryimage"},"thumbnailUrl":"https:\/\/dicodusport.fr\/blog\/wp-content\/uploads\/2023\/06\/Serge-Simon-va-demissionner-de-la-vice-presidence-de-la-FFR.png","keywords":["br\u00e8ve","Rugby","Simon"],"articleSection":["Rugby \u00e0 XV"],"inLanguage":"fr-FR","potentialAction":[{"@type":"CommentAction","name":"Comment","target":["https:\/\/dicodusport.fr\/blog\/serge-simon-va-demissionner-de-la-vice-presidence-de-la-ffr\/#respond"]}],"copyrightYear":"2023","copyrightHolder":{"@id":"https:\/\/dicodusport.fr\/blog\/#organization"}},{"@type":"WebPage","@id":"https:\/\/dicodusport.fr\/blog\/serge-simon-va-demissionner-de-la-vice-presidence-de-la-ffr\/","url":"https:\/\/dicodusport.fr\/blog\/serge-simon-va-demissionner-de-la-vice-presidence-de-la-ffr\/","name":"Serge Simon va d\u00e9missionner de la vice-pr\u00e9sidence de la FFR","isPartOf":{"@id":"https:\/\/dicodusport.fr\/blog\/#website"},"primaryImageOfPage":{"@id":"https:\/\/dicodusport.fr\/blog\/serge-simon-va-demissionner-de-la-vice-presidence-de-la-ffr\/#primaryimage"},"image":{"@id":"https:\/\/dicodusport.fr\/blog\/serge-simon-va-demissionner-de-la-vice-presidence-de-la-ffr\/#primaryimage"},"thumbnailUrl":"https:\/\/dicodusport.fr\/blog\/wp-content\/uploads\/2023\/06\/Serge-Simon-va-demissionner-de-la-vice-presidence-de-la-FFR.png","datePublished":"2023-06-28T08:28:57+00:00","dateModified":"2023-06-28T09:13:01+00:00","description":"RUGBY \u00c0 XV - Serge Simon a annonc\u00e9 \u00e0 l'AFP qu'il allait quitter son poste de vice-pr\u00e9sident de la F\u00e9d\u00e9ration Fran\u00e7aise de Rugby.\u00a0","breadcrumb":{"@id":"https:\/\/dicodusport.fr\/blog\/serge-simon-va-demissionner-de-la-vice-presidence-de-la-ffr\/#breadcrumb"},"inLanguage":"fr-FR","potentialAction":[{"@type":"ReadAction","target":["https:\/\/dicodusport.fr\/blog\/serge-simon-va-demissionner-de-la-vice-presidence-de-la-ffr\/"]}]},{"@type":"ImageObject","inLanguage":"fr-FR","@id":"https:\/\/dicodusport.fr\/blog\/serge-simon-va-demissionner-de-la-vice-presidence-de-la-ffr\/#primaryimage","url":"https:\/\/dicodusport.fr\/blog\/wp-content\/uploads\/2023\/06\/Serge-Simon-va-demissionner-de-la-vice-presidence-de-la-FFR.png","contentUrl":"https:\/\/dicodusport.fr\/blog\/wp-content\/uploads\/2023\/06\/Serge-Simon-va-demissionner-de-la-vice-presidence-de-la-FFR.png","width":800,"height":445},{"@type":"BreadcrumbList","@id":"https:\/\/dicodusport.fr\/blog\/serge-simon-va-demissionner-de-la-vice-presidence-de-la-ffr\/#breadcrumb","itemListElement":[{"@type":"ListItem","position":1,"name":"Accueil","item":"https:\/\/dicodusport.fr\/blog\/"},{"@type":"ListItem","position":2,"name":"Serge Simon va d\u00e9missionner de la vice-pr\u00e9sidence de la FFR"}]},{"@type":"WebSite","@id":"https:\/\/dicodusport.fr\/blog\/#website","url":"https:\/\/dicodusport.fr\/blog\/","name":"Dicodusport","description":"L&#039;encyclop\u00e9die de l&#039;actualit\u00e9 sportive","publisher":{"@id":"https:\/\/dicodusport.fr\/blog\/#organization"},"potentialAction":[{"@type":"SearchAction","target":{"@type":"EntryPoint","urlTemplate":"https:\/\/dicodusport.fr\/blog\/?s={search_term_string}"},"query-input":{"@type":"PropertyValueSpecification","valueRequired":true,"valueName":"search_term_string"}}],"inLanguage":"fr-FR"},{"@type":"NewsMediaOrganization","@id":"https:\/\/dicodusport.fr\/blog\/#organization","name":"Dicodusport","url":"https:\/\/dicodusport.fr\/blog\/","logo":{"@type":"ImageObject","inLanguage":"fr-FR","@id":"https:\/\/dicodusport.fr\/blog\/#\/schema\/logo\/image\/","url":"https:\/\/dicodusport.fr\/blog\/wp-content\/uploads\/2020\/06\/cropped-LOGO-DICODUSPORT-2020-SANS-FOND-SANS-TEXTE.png","contentUrl":"https:\/\/dicodusport.fr\/blog\/wp-content\/uploads\/2020\/06\/cropped-LOGO-DICODUSPORT-2020-SANS-FOND-SANS-TEXTE.png","width":512,"height":512,"caption":"Dicodusport"},"image":{"@id":"https:\/\/dicodusport.fr\/blog\/#\/schema\/logo\/image\/"},"sameAs":["https:\/\/www.facebook.com\/dicodusport","https:\/\/x.com\/dicodusport","https:\/\/www.instagram.com\/dicodusport\/","https:\/\/www.youtube.com\/channel\/UC7V2KZ5sd3htJivAbA4ZG3w"],"description":"Dicodusport est l'encyclop\u00e9die de l'actualit\u00e9 sportive.","email":"bonjour@dicodusport.fr","legalName":"DICODUSPORT","foundingDate":"2018-01-14","vatID":"FR71834470973","taxID":"83447097300043","numberOfEmployees":{"@type":"QuantitativeValue","minValue":"1","maxValue":"10"}},{"@type":"Person","@id":"https:\/\/dicodusport.fr\/blog\/#\/schema\/person\/55dcb50ad410894e431ed812bbb70191","name":"Nicolas Jacquemard","image":{"@type":"ImageObject","inLanguage":"fr-FR","@id":"https:\/\/dicodusport.fr\/blog\/#\/schema\/person\/image\/","url":"https:\/\/dicodusport.fr\/blog\/wp-content\/uploads\/2021\/05\/Nicolas-Jacquemard-150x150.jpeg","contentUrl":"https:\/\/dicodusport.fr\/blog\/wp-content\/uploads\/2021\/05\/Nicolas-Jacquemard-150x150.jpeg","caption":"Nicolas Jacquemard"},"description":"Passionn\u00e9 de sport et entrepreneur depuis mes 18 ans, la cr\u00e9ation de Dicodusport m'a sembl\u00e9 \u00e9vidente pour participer \u00e0 la m\u00e9diatisation d'un plus grand nombre de sports. Le chemin est long mais avec une \u00e9quipe des plus motiv\u00e9es et les Jeux Olympiques de Paris 2024 en point de mire, nous y arriverons ! Journaliste dans le monde du sport depuis plus de 5 ans, je traite aussi bien de football, de rugby, de biathlon que de cyclisme.","sameAs":["https:\/\/www.facebook.com\/dicodusport","https:\/\/x.com\/https:\/\/twitter.com\/Nico_Jacquemard"],"url":"https:\/\/dicodusport.fr\/blog\/author\/dicodusport\/"}]}},"_links":{"self":[{"href":"https:\/\/dicodusport.fr\/blog\/wp-json\/wp\/v2\/posts\/395168","targetHints":{"allow":["GET"]}}],"collection":[{"href":"https:\/\/dicodusport.fr\/blog\/wp-json\/wp\/v2\/posts"}],"about":[{"href":"https:\/\/dicodusport.fr\/blog\/wp-json\/wp\/v2\/types\/post"}],"author":[{"embeddable":true,"href":"https:\/\/dicodusport.fr\/blog\/wp-json\/wp\/v2\/users\/1"}],"replies":[{"embeddable":true,"href":"https:\/\/dicodusport.fr\/blog\/wp-json\/wp\/v2\/comments?post=395168"}],"version-history":[{"count":0,"href":"https:\/\/dicodusport.fr\/blog\/wp-json\/wp\/v2\/posts\/395168\/revisions"}],"wp:featuredmedia":[{"embeddable":true,"href":"https:\/\/dicodusport.fr\/blog\/wp-json\/wp\/v2\/media\/395169"}],"wp:attachment":[{"href":"https:\/\/dicodusport.fr\/blog\/wp-json\/wp\/v2\/media?parent=395168"}],"wp:term":[{"taxonomy":"category","embeddable":true,"href":"https:\/\/dicodusport.fr\/blog\/wp-json\/wp\/v2\/categories?post=395168"},{"taxonomy":"post_tag","embeddable":true,"href":"https:\/\/dicodusport.fr\/blog\/wp-json\/wp\/v2\/tags?post=395168"}],"curies":[{"name":"wp","href":"https:\/\/api.w.org\/{rel}","templated":true}]}}