{"id":395248,"date":"2023-06-28T15:32:03","date_gmt":"2023-06-28T13:32:03","guid":{"rendered":"https:\/\/dicodusport.fr\/blog\/?p=395248&#038;preview=true&#038;preview_id=395248"},"modified":"2023-06-28T16:41:55","modified_gmt":"2023-06-28T14:41:55","slug":"mercato-convoite-par-lyon-christian-pulisic-va-signer-en-italie","status":"publish","type":"post","link":"https:\/\/dicodusport.fr\/blog\/mercato-convoite-par-lyon-christian-pulisic-va-signer-en-italie\/","title":{"rendered":"Mercato : Convoit\u00e9 par Lyon, Christian Pulisic va signer en Italie"},"content":{"rendered":"<p align=\"justify\"><b><i>FOOTBALL &#8211; L&rsquo;AC Milan est proche de recruter le milieu offensif de Chelsea, Christian Pulisic, aussi courtis\u00e9 par Lyon.\u00a0<\/i><\/b><\/p>\n<p align=\"justify\"><strong>John Textor<\/strong>, le nouveau pr\u00e9sident de <strong>Lyon<\/strong>, vient de voir son r\u00eave \u00eatre vol\u00e9 par l&rsquo;<strong>AC Milan.<\/strong> En effet, le nouveau boss de l&rsquo;<strong>Olympique Lyonnais<\/strong> aurait aim\u00e9 que l&rsquo;international am\u00e9ricain, Christian Pulisic rejoigne son club cet \u00e9t\u00e9. Il voulait en faire la recrue star du mercato lyonnais. Mais cela ne se fera pas, car selon nos confr\u00e8res, il aurait choisi de rejoindre un autre club.<\/p>\n<p align=\"justify\">Selon <em>Sky Italia<\/em>, <strong>Chrsitian<\/strong> <strong>Pulisic<\/strong> aurait trouv\u00e9 un accord pour rejoindre <strong>l&rsquo;AC<\/strong> <strong>Milan<\/strong> la saison prochaine. Il faut maintenant que le club lombard et <strong>Chelsea<\/strong> trouvent un accord sur le prix du transfert du joueur qui est estim\u00e9 \u00e0 un peu plus de 20 millions d&rsquo;euros. Mais le <strong>Milan<\/strong> <strong>AC<\/strong> aimerait bien faire diminuer le prix r\u00e9clam\u00e9 par les <strong>Blues<\/strong> et va tenter de n\u00e9gocier dans les prochains jours.<\/p>\n<p align=\"justify\">Sauf si les deux clubs ne parviennent pas \u00e0 trouver un accord dans les prochains jours, <strong>Christian Pulisic<\/strong> va tenter de relancer sa carri\u00e8re en <strong>Serie<\/strong> <strong>A<\/strong> apr\u00e8s des saisons o\u00f9 il a manqu\u00e9 de temps de jeu.<\/p>\n<blockquote class=\"twitter-tweet\">\n<p dir=\"ltr\" lang=\"fr\">Christian Pulisic a donn\u00e9 son feu vert pour rallier l&rsquo;AC Milan <a href=\"https:\/\/t.co\/xqPkIa2Jqc\">https:\/\/t.co\/xqPkIa2Jqc<\/a><\/p>\n<p>\u2014 Foot Mercato (@footmercato) <a href=\"https:\/\/twitter.com\/footmercato\/status\/1674035181219377153?ref_src=twsrc%5Etfw\">June 28, 2023<\/a><\/p><\/blockquote>\n<p><script async src=\"https:\/\/platform.twitter.com\/widgets.js\" charset=\"utf-8\"><\/script><\/p>\n","protected":false},"excerpt":{"rendered":"<p>FOOTBALL &#8211; L&rsquo;AC Milan proche de recruter le milieu offensif de Chelsea, Christian Pulisic, aussi courtis\u00e9 par Lyon.\u00a0<\/p>\n","protected":false},"author":87,"featured_media":395260,"comment_status":"open","ping_status":"closed","sticky":false,"template":"","format":"standard","meta":{"_acf_changed":false,"_daextam_enable_autolinks":"","footnotes":""},"categories":[2301],"tags":[12410,16878,2760,75,1555,2832],"class_list":["post-395248","post","type-post","status-publish","format-standard","has-post-thumbnail","hentry","category-football","tag-ac-milan","tag-breve","tag-chelsea","tag-football","tag-mercato","tag-transferts"],"acf":[],"yoast_head":"<!-- This site is optimized with the Yoast SEO Premium plugin v26.7 (Yoast SEO v26.7) - https:\/\/yoast.com\/wordpress\/plugins\/seo\/ -->\n<title>Mercato : Convoit\u00e9 par Lyon, Christian Pulisic va signer en Italie<\/title>\n<meta name=\"description\" content=\"FOOTBALL - L&#039;AC Milan proche de recruter le milieu offensif de Chelsea, Christian Pulisic, aussi courtis\u00e9 par Lyon.\u00a0\" \/>\n<meta name=\"robots\" content=\"index, follow, max-snippet:-1, max-image-preview:large, max-video-preview:-1\" \/>\n<link rel=\"canonical\" href=\"https:\/\/dicodusport.fr\/blog\/mercato-convoite-par-lyon-christian-pulisic-va-signer-en-italie\/\" \/>\n<meta property=\"og:locale\" content=\"fr_FR\" \/>\n<meta property=\"og:type\" content=\"article\" \/>\n<meta property=\"og:title\" content=\"Mercato : Convoit\u00e9 par Lyon, Christian Pulisic va signer en Italie\" \/>\n<meta property=\"og:description\" content=\"FOOTBALL - L&#039;AC Milan proche de recruter le milieu offensif de Chelsea, Christian Pulisic, aussi courtis\u00e9 par Lyon.\u00a0\" \/>\n<meta property=\"og:url\" content=\"https:\/\/dicodusport.fr\/blog\/mercato-convoite-par-lyon-christian-pulisic-va-signer-en-italie\/\" \/>\n<meta property=\"og:site_name\" content=\"Dicodusport\" \/>\n<meta property=\"article:publisher\" content=\"https:\/\/www.facebook.com\/dicodusport\" \/>\n<meta property=\"article:published_time\" content=\"2023-06-28T13:32:03+00:00\" \/>\n<meta property=\"article:modified_time\" content=\"2023-06-28T14:41:55+00:00\" \/>\n<meta property=\"og:image\" content=\"https:\/\/dicodusport.fr\/blog\/wp-content\/uploads\/2023\/06\/Mercato-Convoite-par-Lyon-Christian-Pulisic-va-signer-en-Italie.png\" \/>\n\t<meta property=\"og:image:width\" content=\"800\" \/>\n\t<meta property=\"og:image:height\" content=\"445\" \/>\n\t<meta property=\"og:image:type\" content=\"image\/png\" \/>\n<meta name=\"author\" content=\"Enzo Quemere\" \/>\n<meta name=\"twitter:card\" content=\"summary_large_image\" \/>\n<meta name=\"twitter:title\" content=\"Mercato : Convoit\u00e9 par Lyon, Christian Pulisic va signer en Italie\" \/>\n<meta name=\"twitter:creator\" content=\"@dicodusport\" \/>\n<meta name=\"twitter:site\" content=\"@dicodusport\" \/>\n<script type=\"application\/ld+json\" class=\"yoast-schema-graph\">{\"@context\":\"https:\/\/schema.org\",\"@graph\":[{\"@type\":\"NewsArticle\",\"@id\":\"https:\/\/dicodusport.fr\/blog\/mercato-convoite-par-lyon-christian-pulisic-va-signer-en-italie\/#article\",\"isPartOf\":{\"@id\":\"https:\/\/dicodusport.fr\/blog\/mercato-convoite-par-lyon-christian-pulisic-va-signer-en-italie\/\"},\"author\":{\"name\":\"Enzo Quemere\",\"@id\":\"https:\/\/dicodusport.fr\/blog\/#\/schema\/person\/1ef5dac7f888bda2446f88c732d72c71\"},\"headline\":\"Mercato : Convoit\u00e9 par Lyon, Christian Pulisic va signer en Italie\",\"datePublished\":\"2023-06-28T13:32:03+00:00\",\"dateModified\":\"2023-06-28T14:41:55+00:00\",\"mainEntityOfPage\":{\"@id\":\"https:\/\/dicodusport.fr\/blog\/mercato-convoite-par-lyon-christian-pulisic-va-signer-en-italie\/\"},\"wordCount\":233,\"commentCount\":0,\"publisher\":{\"@id\":\"https:\/\/dicodusport.fr\/blog\/#organization\"},\"image\":{\"@id\":\"https:\/\/dicodusport.fr\/blog\/mercato-convoite-par-lyon-christian-pulisic-va-signer-en-italie\/#primaryimage\"},\"thumbnailUrl\":\"https:\/\/dicodusport.fr\/blog\/wp-content\/uploads\/2023\/06\/Mercato-Convoite-par-Lyon-Christian-Pulisic-va-signer-en-Italie.png\",\"keywords\":[\"AC Milan\",\"br\u00e8ve\",\"Chelsea\",\"Football\",\"Mercato\",\"transferts\"],\"articleSection\":[\"Football\"],\"inLanguage\":\"fr-FR\",\"potentialAction\":[{\"@type\":\"CommentAction\",\"name\":\"Comment\",\"target\":[\"https:\/\/dicodusport.fr\/blog\/mercato-convoite-par-lyon-christian-pulisic-va-signer-en-italie\/#respond\"]}],\"copyrightYear\":\"2023\",\"copyrightHolder\":{\"@id\":\"https:\/\/dicodusport.fr\/blog\/#organization\"}},{\"@type\":\"WebPage\",\"@id\":\"https:\/\/dicodusport.fr\/blog\/mercato-convoite-par-lyon-christian-pulisic-va-signer-en-italie\/\",\"url\":\"https:\/\/dicodusport.fr\/blog\/mercato-convoite-par-lyon-christian-pulisic-va-signer-en-italie\/\",\"name\":\"Mercato : Convoit\u00e9 par Lyon, Christian Pulisic va signer en Italie\",\"isPartOf\":{\"@id\":\"https:\/\/dicodusport.fr\/blog\/#website\"},\"primaryImageOfPage\":{\"@id\":\"https:\/\/dicodusport.fr\/blog\/mercato-convoite-par-lyon-christian-pulisic-va-signer-en-italie\/#primaryimage\"},\"image\":{\"@id\":\"https:\/\/dicodusport.fr\/blog\/mercato-convoite-par-lyon-christian-pulisic-va-signer-en-italie\/#primaryimage\"},\"thumbnailUrl\":\"https:\/\/dicodusport.fr\/blog\/wp-content\/uploads\/2023\/06\/Mercato-Convoite-par-Lyon-Christian-Pulisic-va-signer-en-Italie.png\",\"datePublished\":\"2023-06-28T13:32:03+00:00\",\"dateModified\":\"2023-06-28T14:41:55+00:00\",\"description\":\"FOOTBALL - L'AC Milan proche de recruter le milieu offensif de Chelsea, Christian Pulisic, aussi courtis\u00e9 par Lyon.\u00a0\",\"breadcrumb\":{\"@id\":\"https:\/\/dicodusport.fr\/blog\/mercato-convoite-par-lyon-christian-pulisic-va-signer-en-italie\/#breadcrumb\"},\"inLanguage\":\"fr-FR\",\"potentialAction\":[{\"@type\":\"ReadAction\",\"target\":[\"https:\/\/dicodusport.fr\/blog\/mercato-convoite-par-lyon-christian-pulisic-va-signer-en-italie\/\"]}]},{\"@type\":\"ImageObject\",\"inLanguage\":\"fr-FR\",\"@id\":\"https:\/\/dicodusport.fr\/blog\/mercato-convoite-par-lyon-christian-pulisic-va-signer-en-italie\/#primaryimage\",\"url\":\"https:\/\/dicodusport.fr\/blog\/wp-content\/uploads\/2023\/06\/Mercato-Convoite-par-Lyon-Christian-Pulisic-va-signer-en-Italie.png\",\"contentUrl\":\"https:\/\/dicodusport.fr\/blog\/wp-content\/uploads\/2023\/06\/Mercato-Convoite-par-Lyon-Christian-Pulisic-va-signer-en-Italie.png\",\"width\":800,\"height\":445},{\"@type\":\"BreadcrumbList\",\"@id\":\"https:\/\/dicodusport.fr\/blog\/mercato-convoite-par-lyon-christian-pulisic-va-signer-en-italie\/#breadcrumb\",\"itemListElement\":[{\"@type\":\"ListItem\",\"position\":1,\"name\":\"Accueil\",\"item\":\"https:\/\/dicodusport.fr\/blog\/\"},{\"@type\":\"ListItem\",\"position\":2,\"name\":\"Mercato : Convoit\u00e9 par Lyon, Christian Pulisic va signer en Italie\"}]},{\"@type\":\"WebSite\",\"@id\":\"https:\/\/dicodusport.fr\/blog\/#website\",\"url\":\"https:\/\/dicodusport.fr\/blog\/\",\"name\":\"Dicodusport\",\"description\":\"L&#039;encyclop\u00e9die de l&#039;actualit\u00e9 sportive\",\"publisher\":{\"@id\":\"https:\/\/dicodusport.fr\/blog\/#organization\"},\"potentialAction\":[{\"@type\":\"SearchAction\",\"target\":{\"@type\":\"EntryPoint\",\"urlTemplate\":\"https:\/\/dicodusport.fr\/blog\/?s={search_term_string}\"},\"query-input\":{\"@type\":\"PropertyValueSpecification\",\"valueRequired\":true,\"valueName\":\"search_term_string\"}}],\"inLanguage\":\"fr-FR\"},{\"@type\":\"NewsMediaOrganization\",\"@id\":\"https:\/\/dicodusport.fr\/blog\/#organization\",\"name\":\"Dicodusport\",\"url\":\"https:\/\/dicodusport.fr\/blog\/\",\"logo\":{\"@type\":\"ImageObject\",\"inLanguage\":\"fr-FR\",\"@id\":\"https:\/\/dicodusport.fr\/blog\/#\/schema\/logo\/image\/\",\"url\":\"https:\/\/dicodusport.fr\/blog\/wp-content\/uploads\/2020\/06\/cropped-LOGO-DICODUSPORT-2020-SANS-FOND-SANS-TEXTE.png\",\"contentUrl\":\"https:\/\/dicodusport.fr\/blog\/wp-content\/uploads\/2020\/06\/cropped-LOGO-DICODUSPORT-2020-SANS-FOND-SANS-TEXTE.png\",\"width\":512,\"height\":512,\"caption\":\"Dicodusport\"},\"image\":{\"@id\":\"https:\/\/dicodusport.fr\/blog\/#\/schema\/logo\/image\/\"},\"sameAs\":[\"https:\/\/www.facebook.com\/dicodusport\",\"https:\/\/x.com\/dicodusport\",\"https:\/\/www.instagram.com\/dicodusport\/\",\"https:\/\/www.youtube.com\/channel\/UC7V2KZ5sd3htJivAbA4ZG3w\"],\"description\":\"Dicodusport est l'encyclop\u00e9die de l'actualit\u00e9 sportive.\",\"email\":\"bonjour@dicodusport.fr\",\"legalName\":\"DICODUSPORT\",\"foundingDate\":\"2018-01-14\",\"vatID\":\"FR71834470973\",\"taxID\":\"83447097300043\",\"numberOfEmployees\":{\"@type\":\"QuantitativeValue\",\"minValue\":\"1\",\"maxValue\":\"10\"}},{\"@type\":\"Person\",\"@id\":\"https:\/\/dicodusport.fr\/blog\/#\/schema\/person\/1ef5dac7f888bda2446f88c732d72c71\",\"name\":\"Enzo Quemere\",\"image\":{\"@type\":\"ImageObject\",\"inLanguage\":\"fr-FR\",\"@id\":\"https:\/\/dicodusport.fr\/blog\/#\/schema\/person\/image\/\",\"url\":\"https:\/\/dicodusport.fr\/blog\/wp-content\/uploads\/2020\/06\/cropped-LOGO-DICODUSPORT-2020-SANS-FOND-SANS-TEXTE-150x150.png\",\"contentUrl\":\"https:\/\/dicodusport.fr\/blog\/wp-content\/uploads\/2020\/06\/cropped-LOGO-DICODUSPORT-2020-SANS-FOND-SANS-TEXTE-150x150.png\",\"caption\":\"Enzo Quemere\"},\"url\":\"https:\/\/dicodusport.fr\/blog\/author\/enzo-quemere\/\"}]}<\/script>\n<!-- \/ Yoast SEO Premium plugin. -->","yoast_head_json":{"title":"Mercato : Convoit\u00e9 par Lyon, Christian Pulisic va signer en Italie","description":"FOOTBALL - L'AC Milan proche de recruter le milieu offensif de Chelsea, Christian Pulisic, aussi courtis\u00e9 par Lyon.\u00a0","robots":{"index":"index","follow":"follow","max-snippet":"max-snippet:-1","max-image-preview":"max-image-preview:large","max-video-preview":"max-video-preview:-1"},"canonical":"https:\/\/dicodusport.fr\/blog\/mercato-convoite-par-lyon-christian-pulisic-va-signer-en-italie\/","og_locale":"fr_FR","og_type":"article","og_title":"Mercato : Convoit\u00e9 par Lyon, Christian Pulisic va signer en Italie","og_description":"FOOTBALL - L'AC Milan proche de recruter le milieu offensif de Chelsea, Christian Pulisic, aussi courtis\u00e9 par Lyon.\u00a0","og_url":"https:\/\/dicodusport.fr\/blog\/mercato-convoite-par-lyon-christian-pulisic-va-signer-en-italie\/","og_site_name":"Dicodusport","article_publisher":"https:\/\/www.facebook.com\/dicodusport","article_published_time":"2023-06-28T13:32:03+00:00","article_modified_time":"2023-06-28T14:41:55+00:00","og_image":[{"width":800,"height":445,"url":"https:\/\/dicodusport.fr\/blog\/wp-content\/uploads\/2023\/06\/Mercato-Convoite-par-Lyon-Christian-Pulisic-va-signer-en-Italie.png","type":"image\/png"}],"author":"Enzo Quemere","twitter_card":"summary_large_image","twitter_title":"Mercato : Convoit\u00e9 par Lyon, Christian Pulisic va signer en Italie","twitter_creator":"@dicodusport","twitter_site":"@dicodusport","schema":{"@context":"https:\/\/schema.org","@graph":[{"@type":"NewsArticle","@id":"https:\/\/dicodusport.fr\/blog\/mercato-convoite-par-lyon-christian-pulisic-va-signer-en-italie\/#article","isPartOf":{"@id":"https:\/\/dicodusport.fr\/blog\/mercato-convoite-par-lyon-christian-pulisic-va-signer-en-italie\/"},"author":{"name":"Enzo Quemere","@id":"https:\/\/dicodusport.fr\/blog\/#\/schema\/person\/1ef5dac7f888bda2446f88c732d72c71"},"headline":"Mercato : Convoit\u00e9 par Lyon, Christian Pulisic va signer en Italie","datePublished":"2023-06-28T13:32:03+00:00","dateModified":"2023-06-28T14:41:55+00:00","mainEntityOfPage":{"@id":"https:\/\/dicodusport.fr\/blog\/mercato-convoite-par-lyon-christian-pulisic-va-signer-en-italie\/"},"wordCount":233,"commentCount":0,"publisher":{"@id":"https:\/\/dicodusport.fr\/blog\/#organization"},"image":{"@id":"https:\/\/dicodusport.fr\/blog\/mercato-convoite-par-lyon-christian-pulisic-va-signer-en-italie\/#primaryimage"},"thumbnailUrl":"https:\/\/dicodusport.fr\/blog\/wp-content\/uploads\/2023\/06\/Mercato-Convoite-par-Lyon-Christian-Pulisic-va-signer-en-Italie.png","keywords":["AC Milan","br\u00e8ve","Chelsea","Football","Mercato","transferts"],"articleSection":["Football"],"inLanguage":"fr-FR","potentialAction":[{"@type":"CommentAction","name":"Comment","target":["https:\/\/dicodusport.fr\/blog\/mercato-convoite-par-lyon-christian-pulisic-va-signer-en-italie\/#respond"]}],"copyrightYear":"2023","copyrightHolder":{"@id":"https:\/\/dicodusport.fr\/blog\/#organization"}},{"@type":"WebPage","@id":"https:\/\/dicodusport.fr\/blog\/mercato-convoite-par-lyon-christian-pulisic-va-signer-en-italie\/","url":"https:\/\/dicodusport.fr\/blog\/mercato-convoite-par-lyon-christian-pulisic-va-signer-en-italie\/","name":"Mercato : Convoit\u00e9 par Lyon, Christian Pulisic va signer en Italie","isPartOf":{"@id":"https:\/\/dicodusport.fr\/blog\/#website"},"primaryImageOfPage":{"@id":"https:\/\/dicodusport.fr\/blog\/mercato-convoite-par-lyon-christian-pulisic-va-signer-en-italie\/#primaryimage"},"image":{"@id":"https:\/\/dicodusport.fr\/blog\/mercato-convoite-par-lyon-christian-pulisic-va-signer-en-italie\/#primaryimage"},"thumbnailUrl":"https:\/\/dicodusport.fr\/blog\/wp-content\/uploads\/2023\/06\/Mercato-Convoite-par-Lyon-Christian-Pulisic-va-signer-en-Italie.png","datePublished":"2023-06-28T13:32:03+00:00","dateModified":"2023-06-28T14:41:55+00:00","description":"FOOTBALL - L'AC Milan proche de recruter le milieu offensif de Chelsea, Christian Pulisic, aussi courtis\u00e9 par Lyon.\u00a0","breadcrumb":{"@id":"https:\/\/dicodusport.fr\/blog\/mercato-convoite-par-lyon-christian-pulisic-va-signer-en-italie\/#breadcrumb"},"inLanguage":"fr-FR","potentialAction":[{"@type":"ReadAction","target":["https:\/\/dicodusport.fr\/blog\/mercato-convoite-par-lyon-christian-pulisic-va-signer-en-italie\/"]}]},{"@type":"ImageObject","inLanguage":"fr-FR","@id":"https:\/\/dicodusport.fr\/blog\/mercato-convoite-par-lyon-christian-pulisic-va-signer-en-italie\/#primaryimage","url":"https:\/\/dicodusport.fr\/blog\/wp-content\/uploads\/2023\/06\/Mercato-Convoite-par-Lyon-Christian-Pulisic-va-signer-en-Italie.png","contentUrl":"https:\/\/dicodusport.fr\/blog\/wp-content\/uploads\/2023\/06\/Mercato-Convoite-par-Lyon-Christian-Pulisic-va-signer-en-Italie.png","width":800,"height":445},{"@type":"BreadcrumbList","@id":"https:\/\/dicodusport.fr\/blog\/mercato-convoite-par-lyon-christian-pulisic-va-signer-en-italie\/#breadcrumb","itemListElement":[{"@type":"ListItem","position":1,"name":"Accueil","item":"https:\/\/dicodusport.fr\/blog\/"},{"@type":"ListItem","position":2,"name":"Mercato : Convoit\u00e9 par Lyon, Christian Pulisic va signer en Italie"}]},{"@type":"WebSite","@id":"https:\/\/dicodusport.fr\/blog\/#website","url":"https:\/\/dicodusport.fr\/blog\/","name":"Dicodusport","description":"L&#039;encyclop\u00e9die de l&#039;actualit\u00e9 sportive","publisher":{"@id":"https:\/\/dicodusport.fr\/blog\/#organization"},"potentialAction":[{"@type":"SearchAction","target":{"@type":"EntryPoint","urlTemplate":"https:\/\/dicodusport.fr\/blog\/?s={search_term_string}"},"query-input":{"@type":"PropertyValueSpecification","valueRequired":true,"valueName":"search_term_string"}}],"inLanguage":"fr-FR"},{"@type":"NewsMediaOrganization","@id":"https:\/\/dicodusport.fr\/blog\/#organization","name":"Dicodusport","url":"https:\/\/dicodusport.fr\/blog\/","logo":{"@type":"ImageObject","inLanguage":"fr-FR","@id":"https:\/\/dicodusport.fr\/blog\/#\/schema\/logo\/image\/","url":"https:\/\/dicodusport.fr\/blog\/wp-content\/uploads\/2020\/06\/cropped-LOGO-DICODUSPORT-2020-SANS-FOND-SANS-TEXTE.png","contentUrl":"https:\/\/dicodusport.fr\/blog\/wp-content\/uploads\/2020\/06\/cropped-LOGO-DICODUSPORT-2020-SANS-FOND-SANS-TEXTE.png","width":512,"height":512,"caption":"Dicodusport"},"image":{"@id":"https:\/\/dicodusport.fr\/blog\/#\/schema\/logo\/image\/"},"sameAs":["https:\/\/www.facebook.com\/dicodusport","https:\/\/x.com\/dicodusport","https:\/\/www.instagram.com\/dicodusport\/","https:\/\/www.youtube.com\/channel\/UC7V2KZ5sd3htJivAbA4ZG3w"],"description":"Dicodusport est l'encyclop\u00e9die de l'actualit\u00e9 sportive.","email":"bonjour@dicodusport.fr","legalName":"DICODUSPORT","foundingDate":"2018-01-14","vatID":"FR71834470973","taxID":"83447097300043","numberOfEmployees":{"@type":"QuantitativeValue","minValue":"1","maxValue":"10"}},{"@type":"Person","@id":"https:\/\/dicodusport.fr\/blog\/#\/schema\/person\/1ef5dac7f888bda2446f88c732d72c71","name":"Enzo Quemere","image":{"@type":"ImageObject","inLanguage":"fr-FR","@id":"https:\/\/dicodusport.fr\/blog\/#\/schema\/person\/image\/","url":"https:\/\/dicodusport.fr\/blog\/wp-content\/uploads\/2020\/06\/cropped-LOGO-DICODUSPORT-2020-SANS-FOND-SANS-TEXTE-150x150.png","contentUrl":"https:\/\/dicodusport.fr\/blog\/wp-content\/uploads\/2020\/06\/cropped-LOGO-DICODUSPORT-2020-SANS-FOND-SANS-TEXTE-150x150.png","caption":"Enzo Quemere"},"url":"https:\/\/dicodusport.fr\/blog\/author\/enzo-quemere\/"}]}},"_links":{"self":[{"href":"https:\/\/dicodusport.fr\/blog\/wp-json\/wp\/v2\/posts\/395248","targetHints":{"allow":["GET"]}}],"collection":[{"href":"https:\/\/dicodusport.fr\/blog\/wp-json\/wp\/v2\/posts"}],"about":[{"href":"https:\/\/dicodusport.fr\/blog\/wp-json\/wp\/v2\/types\/post"}],"author":[{"embeddable":true,"href":"https:\/\/dicodusport.fr\/blog\/wp-json\/wp\/v2\/users\/87"}],"replies":[{"embeddable":true,"href":"https:\/\/dicodusport.fr\/blog\/wp-json\/wp\/v2\/comments?post=395248"}],"version-history":[{"count":0,"href":"https:\/\/dicodusport.fr\/blog\/wp-json\/wp\/v2\/posts\/395248\/revisions"}],"wp:featuredmedia":[{"embeddable":true,"href":"https:\/\/dicodusport.fr\/blog\/wp-json\/wp\/v2\/media\/395260"}],"wp:attachment":[{"href":"https:\/\/dicodusport.fr\/blog\/wp-json\/wp\/v2\/media?parent=395248"}],"wp:term":[{"taxonomy":"category","embeddable":true,"href":"https:\/\/dicodusport.fr\/blog\/wp-json\/wp\/v2\/categories?post=395248"},{"taxonomy":"post_tag","embeddable":true,"href":"https:\/\/dicodusport.fr\/blog\/wp-json\/wp\/v2\/tags?post=395248"}],"curies":[{"name":"wp","href":"https:\/\/api.w.org\/{rel}","templated":true}]}}