{"id":395396,"date":"2023-06-28T21:37:55","date_gmt":"2023-06-28T19:37:55","guid":{"rendered":"https:\/\/dicodusport.fr\/blog\/?p=395396"},"modified":"2023-06-28T21:37:55","modified_gmt":"2023-06-28T19:37:55","slug":"jeux-europeens-2023-alexis-jandard-et-jules-bouyer-en-bronze-en-plongeon-synchronise-a-3m","status":"publish","type":"post","link":"https:\/\/dicodusport.fr\/blog\/jeux-europeens-2023-alexis-jandard-et-jules-bouyer-en-bronze-en-plongeon-synchronise-a-3m\/","title":{"rendered":"Jeux Europ\u00e9ens 2023 : Alexis Jandard et Jules Bouyer en bronze en plongeon synchronis\u00e9 \u00e0 3m"},"content":{"rendered":"<p style=\"text-align: justify;\"><strong><em>JEUX EUROP\u00c9ENS 2023 &#8211; Ils ont remport\u00e9 toutes les m\u00e9dailles fran\u00e7aises en plongeon dans ces Jeux : Alexis Jandard et Jules Bouyer terminent leur comp\u00e9tition par une nouvelle m\u00e9daille, le bronze en synchronis\u00e9 \u00e0 3 m\u00e8tres.<\/em><\/strong><\/p>\n<h2>Une premi\u00e8re depuis 1950<\/h2>\n<p style=\"text-align: justify;\">Les \u00e9preuves de plongeon termin\u00e9es, il est temps de faire un bilan du c\u00f4t\u00e9 des Fran\u00e7ais. <strong>Alexis Jandard<\/strong>, m\u00e9daill\u00e9 d&rsquo;argent \u00e0 1 m\u00e8tre et de bronze \u00e0 3 m\u00e8tres et <strong>Jules Bouyer<\/strong>, m\u00e9daill\u00e9 d&rsquo;argent \u00e0 3 m\u00e8tres, les deux hommes ont conclu sur une m\u00e9daille de bronze commune \u00e0 3 m\u00e8tres. Malgr\u00e9 l&rsquo;absence de m\u00e9daille d&rsquo;or, les deux Fran\u00e7ais ont r\u00e9colt\u00e9 4 m\u00e9dailles dans ces Jeux, comptant comme championnats d&rsquo;Europe, ce qui constitue un record pour la France. Lors de cette ultime \u00e9preuve, le duo tricolore s&rsquo;avance comme favori \u00e0 la m\u00e9daille. En ouverture, les Bleus commencent doucement et pointent \u00e0 la 9\u00e8me place \u00e0 seulement 6 points de la t\u00eate. Le second plongeon est bien meilleur, avec le m\u00eame coefficient de difficult\u00e9. Les deux hommes augmentent leur note de plus de 4 points et remontent \u00e0 la 5\u00e8me place.<\/p>\n<p style=\"text-align: justify;\">Sixi\u00e8mes \u00e0 mi-parcours, les Fran\u00e7ais passent la surmultipli\u00e9e sur des plongeons \u00e0 plus de 3.0 points de difficult\u00e9. Deuxi\u00e8mes du 5\u00e8me round avec une belle note de 79.56, <strong>Jandard<\/strong> et <strong>Bouyer<\/strong> sont alors au pied du podium avant le dernier saut. Sur une bonne dynamique, les Fran\u00e7ais sortent le grand jeu et marquent plus de 80 points, \u00e9jectant les Britanniques du podium, qui passent de l&rsquo;argent au chocolat. Avec 394.92 points, les Bleus d\u00e9crochent une belle m\u00e9daille de bronze derri\u00e8re les Italiens, 402.66 et les Ukrainiens sacr\u00e9s, 410.16.<\/p>\n<blockquote class=\"twitter-tweet\">\n<p dir=\"ltr\" lang=\"fr\">\ud83c\uddeb\ud83c\uddf7 M\u00e9daill\u00e9s en individuel, Jules Bouyer et Alexis Jandard ne pouvaient pas repartir sans m\u00e9daille du 3m synchronis\u00e9 !<\/p>\n<p>C&rsquo;est chose faite : M\u00c9DAILLE DE BRONZE ! \ud83e\udd49<a href=\"https:\/\/twitter.com\/hashtag\/JeuxEuropeens2023?src=hash&amp;ref_src=twsrc%5Etfw\">#JeuxEuropeens2023<\/a> <a href=\"https:\/\/twitter.com\/hashtag\/AllezLesBleus?src=hash&amp;ref_src=twsrc%5Etfw\">#AllezLesBleus<\/a> <a href=\"https:\/\/t.co\/k7mP05VMON\">pic.twitter.com\/k7mP05VMON<\/a><\/p>\n<p>\u2014 FranceOlympique (@FranceOlympique) <a href=\"https:\/\/twitter.com\/FranceOlympique\/status\/1674108719309651969?ref_src=twsrc%5Etfw\">June 28, 2023<\/a><\/p><\/blockquote>\n<p><script async src=\"https:\/\/platform.twitter.com\/widgets.js\" charset=\"utf-8\"><\/script><\/p>\n","protected":false},"excerpt":{"rendered":"<p>JEUX EUROP\u00c9ENS 2023 &#8211; Ils ont remport\u00e9 toutes les m\u00e9dailles fran\u00e7aises en plongeon dans ces Jeux : Alexis Jandard et Jules Bouyer terminent leur comp\u00e9tition par une nouvelle m\u00e9daille, le bronze en synchronis\u00e9 \u00e0 3 m\u00e8tres.<\/p>\n","protected":false},"author":43,"featured_media":394299,"comment_status":"open","ping_status":"closed","sticky":false,"template":"","format":"standard","meta":{"_acf_changed":false,"_daextam_enable_autolinks":"","footnotes":""},"categories":[2306],"tags":[24920,16878,8137,69,1008],"class_list":["post-395396","post","type-post","status-publish","format-standard","has-post-thumbnail","hentry","category-natation","tag-alexis-jandard","tag-breve","tag-jeux-europeens","tag-natation","tag-plongeon"],"acf":[],"yoast_head":"<!-- This site is optimized with the Yoast SEO Premium plugin v26.7 (Yoast SEO v26.7) - https:\/\/yoast.com\/wordpress\/plugins\/seo\/ -->\n<title>Jeux Europ\u00e9ens 2023 : Alexis Jandard et Jules Bouyer en bronze en plongeon synchronis\u00e9 \u00e0 3m<\/title>\n<meta name=\"description\" content=\"Nouvelle m\u00e9daille pour les plongeurs Jules Bouyer et Alexis Jandard qui remportent le bronze en synchronis\u00e9 \u00e0 3 m\u00e8tres.\" \/>\n<meta name=\"robots\" content=\"index, follow, max-snippet:-1, max-image-preview:large, max-video-preview:-1\" \/>\n<link rel=\"canonical\" href=\"https:\/\/dicodusport.fr\/blog\/jeux-europeens-2023-alexis-jandard-et-jules-bouyer-en-bronze-en-plongeon-synchronise-a-3m\/\" \/>\n<meta property=\"og:locale\" content=\"fr_FR\" \/>\n<meta property=\"og:type\" content=\"article\" \/>\n<meta property=\"og:title\" content=\"Jeux Europ\u00e9ens 2023 : Alexis Jandard et Jules Bouyer en bronze en plongeon synchronis\u00e9 \u00e0 3m\" \/>\n<meta property=\"og:description\" content=\"Nouvelle m\u00e9daille pour les plongeurs Jules Bouyer et Alexis Jandard qui remportent le bronze en synchronis\u00e9 \u00e0 3 m\u00e8tres.\" \/>\n<meta property=\"og:url\" content=\"https:\/\/dicodusport.fr\/blog\/jeux-europeens-2023-alexis-jandard-et-jules-bouyer-en-bronze-en-plongeon-synchronise-a-3m\/\" \/>\n<meta property=\"og:site_name\" content=\"Dicodusport\" \/>\n<meta property=\"article:publisher\" content=\"https:\/\/www.facebook.com\/dicodusport\" \/>\n<meta property=\"article:author\" content=\"https:\/\/www.facebook.com\/Max.Bld2\/\" \/>\n<meta property=\"article:published_time\" content=\"2023-06-28T19:37:55+00:00\" \/>\n<meta property=\"og:image\" content=\"https:\/\/dicodusport.fr\/blog\/wp-content\/uploads\/2023\/06\/Jeux-Europeens-2023-Jules-Bouyer-et-Alexis-Jandard-medailles-en-plongeon.png\" \/>\n\t<meta property=\"og:image:width\" content=\"800\" \/>\n\t<meta property=\"og:image:height\" content=\"445\" \/>\n\t<meta property=\"og:image:type\" content=\"image\/png\" \/>\n<meta name=\"author\" content=\"Maxime Boulard\" \/>\n<meta name=\"twitter:card\" content=\"summary_large_image\" \/>\n<meta name=\"twitter:title\" content=\"Jeux Europ\u00e9ens 2023 : Alexis Jandard et Jules Bouyer en bronze en plongeon synchronis\u00e9 \u00e0 3m\" \/>\n<meta name=\"twitter:creator\" content=\"@https:\/\/twitter.com\/MaximeB_2\" \/>\n<meta name=\"twitter:site\" content=\"@dicodusport\" \/>\n<script type=\"application\/ld+json\" class=\"yoast-schema-graph\">{\"@context\":\"https:\/\/schema.org\",\"@graph\":[{\"@type\":\"NewsArticle\",\"@id\":\"https:\/\/dicodusport.fr\/blog\/jeux-europeens-2023-alexis-jandard-et-jules-bouyer-en-bronze-en-plongeon-synchronise-a-3m\/#article\",\"isPartOf\":{\"@id\":\"https:\/\/dicodusport.fr\/blog\/jeux-europeens-2023-alexis-jandard-et-jules-bouyer-en-bronze-en-plongeon-synchronise-a-3m\/\"},\"author\":{\"name\":\"Maxime Boulard\",\"@id\":\"https:\/\/dicodusport.fr\/blog\/#\/schema\/person\/5aab10ee856e86ac63e9819a9da34784\"},\"headline\":\"Jeux Europ\u00e9ens 2023 : Alexis Jandard et Jules Bouyer en bronze en plongeon synchronis\u00e9 \u00e0 3m\",\"datePublished\":\"2023-06-28T19:37:55+00:00\",\"mainEntityOfPage\":{\"@id\":\"https:\/\/dicodusport.fr\/blog\/jeux-europeens-2023-alexis-jandard-et-jules-bouyer-en-bronze-en-plongeon-synchronise-a-3m\/\"},\"wordCount\":333,\"commentCount\":0,\"publisher\":{\"@id\":\"https:\/\/dicodusport.fr\/blog\/#organization\"},\"image\":{\"@id\":\"https:\/\/dicodusport.fr\/blog\/jeux-europeens-2023-alexis-jandard-et-jules-bouyer-en-bronze-en-plongeon-synchronise-a-3m\/#primaryimage\"},\"thumbnailUrl\":\"https:\/\/dicodusport.fr\/blog\/wp-content\/uploads\/2023\/06\/Jeux-Europeens-2023-Jules-Bouyer-et-Alexis-Jandard-medailles-en-plongeon.png\",\"keywords\":[\"Alexis jandard\",\"br\u00e8ve\",\"Jeux Europ\u00e9ens\",\"natation\",\"plongeon\"],\"articleSection\":[\"Natation\"],\"inLanguage\":\"fr-FR\",\"potentialAction\":[{\"@type\":\"CommentAction\",\"name\":\"Comment\",\"target\":[\"https:\/\/dicodusport.fr\/blog\/jeux-europeens-2023-alexis-jandard-et-jules-bouyer-en-bronze-en-plongeon-synchronise-a-3m\/#respond\"]}],\"copyrightYear\":\"2023\",\"copyrightHolder\":{\"@id\":\"https:\/\/dicodusport.fr\/blog\/#organization\"}},{\"@type\":\"WebPage\",\"@id\":\"https:\/\/dicodusport.fr\/blog\/jeux-europeens-2023-alexis-jandard-et-jules-bouyer-en-bronze-en-plongeon-synchronise-a-3m\/\",\"url\":\"https:\/\/dicodusport.fr\/blog\/jeux-europeens-2023-alexis-jandard-et-jules-bouyer-en-bronze-en-plongeon-synchronise-a-3m\/\",\"name\":\"Jeux Europ\u00e9ens 2023 : Alexis Jandard et Jules Bouyer en bronze en plongeon synchronis\u00e9 \u00e0 3m\",\"isPartOf\":{\"@id\":\"https:\/\/dicodusport.fr\/blog\/#website\"},\"primaryImageOfPage\":{\"@id\":\"https:\/\/dicodusport.fr\/blog\/jeux-europeens-2023-alexis-jandard-et-jules-bouyer-en-bronze-en-plongeon-synchronise-a-3m\/#primaryimage\"},\"image\":{\"@id\":\"https:\/\/dicodusport.fr\/blog\/jeux-europeens-2023-alexis-jandard-et-jules-bouyer-en-bronze-en-plongeon-synchronise-a-3m\/#primaryimage\"},\"thumbnailUrl\":\"https:\/\/dicodusport.fr\/blog\/wp-content\/uploads\/2023\/06\/Jeux-Europeens-2023-Jules-Bouyer-et-Alexis-Jandard-medailles-en-plongeon.png\",\"datePublished\":\"2023-06-28T19:37:55+00:00\",\"description\":\"Nouvelle m\u00e9daille pour les plongeurs Jules Bouyer et Alexis Jandard qui remportent le bronze en synchronis\u00e9 \u00e0 3 m\u00e8tres.\",\"breadcrumb\":{\"@id\":\"https:\/\/dicodusport.fr\/blog\/jeux-europeens-2023-alexis-jandard-et-jules-bouyer-en-bronze-en-plongeon-synchronise-a-3m\/#breadcrumb\"},\"inLanguage\":\"fr-FR\",\"potentialAction\":[{\"@type\":\"ReadAction\",\"target\":[\"https:\/\/dicodusport.fr\/blog\/jeux-europeens-2023-alexis-jandard-et-jules-bouyer-en-bronze-en-plongeon-synchronise-a-3m\/\"]}]},{\"@type\":\"ImageObject\",\"inLanguage\":\"fr-FR\",\"@id\":\"https:\/\/dicodusport.fr\/blog\/jeux-europeens-2023-alexis-jandard-et-jules-bouyer-en-bronze-en-plongeon-synchronise-a-3m\/#primaryimage\",\"url\":\"https:\/\/dicodusport.fr\/blog\/wp-content\/uploads\/2023\/06\/Jeux-Europeens-2023-Jules-Bouyer-et-Alexis-Jandard-medailles-en-plongeon.png\",\"contentUrl\":\"https:\/\/dicodusport.fr\/blog\/wp-content\/uploads\/2023\/06\/Jeux-Europeens-2023-Jules-Bouyer-et-Alexis-Jandard-medailles-en-plongeon.png\",\"width\":800,\"height\":445,\"caption\":\"Jeux Europ\u00e9ens 2023 Jules Bouyer et Alexis Jandard m\u00e9daill\u00e9s en plongeon\"},{\"@type\":\"BreadcrumbList\",\"@id\":\"https:\/\/dicodusport.fr\/blog\/jeux-europeens-2023-alexis-jandard-et-jules-bouyer-en-bronze-en-plongeon-synchronise-a-3m\/#breadcrumb\",\"itemListElement\":[{\"@type\":\"ListItem\",\"position\":1,\"name\":\"Accueil\",\"item\":\"https:\/\/dicodusport.fr\/blog\/\"},{\"@type\":\"ListItem\",\"position\":2,\"name\":\"Jeux Europ\u00e9ens 2023 : Alexis Jandard et Jules Bouyer en bronze en plongeon synchronis\u00e9 \u00e0 3m\"}]},{\"@type\":\"WebSite\",\"@id\":\"https:\/\/dicodusport.fr\/blog\/#website\",\"url\":\"https:\/\/dicodusport.fr\/blog\/\",\"name\":\"Dicodusport\",\"description\":\"L&#039;encyclop\u00e9die de l&#039;actualit\u00e9 sportive\",\"publisher\":{\"@id\":\"https:\/\/dicodusport.fr\/blog\/#organization\"},\"potentialAction\":[{\"@type\":\"SearchAction\",\"target\":{\"@type\":\"EntryPoint\",\"urlTemplate\":\"https:\/\/dicodusport.fr\/blog\/?s={search_term_string}\"},\"query-input\":{\"@type\":\"PropertyValueSpecification\",\"valueRequired\":true,\"valueName\":\"search_term_string\"}}],\"inLanguage\":\"fr-FR\"},{\"@type\":\"NewsMediaOrganization\",\"@id\":\"https:\/\/dicodusport.fr\/blog\/#organization\",\"name\":\"Dicodusport\",\"url\":\"https:\/\/dicodusport.fr\/blog\/\",\"logo\":{\"@type\":\"ImageObject\",\"inLanguage\":\"fr-FR\",\"@id\":\"https:\/\/dicodusport.fr\/blog\/#\/schema\/logo\/image\/\",\"url\":\"https:\/\/dicodusport.fr\/blog\/wp-content\/uploads\/2020\/06\/cropped-LOGO-DICODUSPORT-2020-SANS-FOND-SANS-TEXTE.png\",\"contentUrl\":\"https:\/\/dicodusport.fr\/blog\/wp-content\/uploads\/2020\/06\/cropped-LOGO-DICODUSPORT-2020-SANS-FOND-SANS-TEXTE.png\",\"width\":512,\"height\":512,\"caption\":\"Dicodusport\"},\"image\":{\"@id\":\"https:\/\/dicodusport.fr\/blog\/#\/schema\/logo\/image\/\"},\"sameAs\":[\"https:\/\/www.facebook.com\/dicodusport\",\"https:\/\/x.com\/dicodusport\",\"https:\/\/www.instagram.com\/dicodusport\/\",\"https:\/\/www.youtube.com\/channel\/UC7V2KZ5sd3htJivAbA4ZG3w\"],\"description\":\"Dicodusport est l'encyclop\u00e9die de l'actualit\u00e9 sportive.\",\"email\":\"bonjour@dicodusport.fr\",\"legalName\":\"DICODUSPORT\",\"foundingDate\":\"2018-01-14\",\"vatID\":\"FR71834470973\",\"taxID\":\"83447097300043\",\"numberOfEmployees\":{\"@type\":\"QuantitativeValue\",\"minValue\":\"1\",\"maxValue\":\"10\"}},{\"@type\":\"Person\",\"@id\":\"https:\/\/dicodusport.fr\/blog\/#\/schema\/person\/5aab10ee856e86ac63e9819a9da34784\",\"name\":\"Maxime Boulard\",\"image\":{\"@type\":\"ImageObject\",\"inLanguage\":\"fr-FR\",\"@id\":\"https:\/\/dicodusport.fr\/blog\/#\/schema\/person\/image\/\",\"url\":\"https:\/\/dicodusport.fr\/blog\/wp-content\/uploads\/2021\/05\/Maxime-Boulard-150x150.jpg\",\"contentUrl\":\"https:\/\/dicodusport.fr\/blog\/wp-content\/uploads\/2021\/05\/Maxime-Boulard-150x150.jpg\",\"caption\":\"Maxime Boulard\"},\"description\":\"Journaliste\/r\u00e9dacteur depuis octobre 2020 - Si mon plus vieux souvenir de sport aurait pu m'en d\u00e9go\u00fbter, la finale de la Coupe du monde 2006 a \u00e9t\u00e9 tout le contraire. V\u00e9ritable d\u00e9clencheur d'une passion qui aujourd'hui ne fait que grandir avec le temps, mon leitmotiv est la France qui brille ! Je relate les exploits pass\u00e9s et pr\u00e9sents du sport bleu-blanc-rouge sans m\u00e9nagement depuis octobre 2020. Sport valide ou handisport, aucune diff\u00e9rence, il n'y a que du sport et plusieurs fa\u00e7ons de le pratiquer.\",\"sameAs\":[\"https:\/\/www.facebook.com\/Max.Bld2\/\",\"https:\/\/x.com\/https:\/\/twitter.com\/MaximeB_2\"],\"url\":\"https:\/\/dicodusport.fr\/blog\/author\/maxime-b\/\"}]}<\/script>\n<!-- \/ Yoast SEO Premium plugin. -->","yoast_head_json":{"title":"Jeux Europ\u00e9ens 2023 : Alexis Jandard et Jules Bouyer en bronze en plongeon synchronis\u00e9 \u00e0 3m","description":"Nouvelle m\u00e9daille pour les plongeurs Jules Bouyer et Alexis Jandard qui remportent le bronze en synchronis\u00e9 \u00e0 3 m\u00e8tres.","robots":{"index":"index","follow":"follow","max-snippet":"max-snippet:-1","max-image-preview":"max-image-preview:large","max-video-preview":"max-video-preview:-1"},"canonical":"https:\/\/dicodusport.fr\/blog\/jeux-europeens-2023-alexis-jandard-et-jules-bouyer-en-bronze-en-plongeon-synchronise-a-3m\/","og_locale":"fr_FR","og_type":"article","og_title":"Jeux Europ\u00e9ens 2023 : Alexis Jandard et Jules Bouyer en bronze en plongeon synchronis\u00e9 \u00e0 3m","og_description":"Nouvelle m\u00e9daille pour les plongeurs Jules Bouyer et Alexis Jandard qui remportent le bronze en synchronis\u00e9 \u00e0 3 m\u00e8tres.","og_url":"https:\/\/dicodusport.fr\/blog\/jeux-europeens-2023-alexis-jandard-et-jules-bouyer-en-bronze-en-plongeon-synchronise-a-3m\/","og_site_name":"Dicodusport","article_publisher":"https:\/\/www.facebook.com\/dicodusport","article_author":"https:\/\/www.facebook.com\/Max.Bld2\/","article_published_time":"2023-06-28T19:37:55+00:00","og_image":[{"width":800,"height":445,"url":"https:\/\/dicodusport.fr\/blog\/wp-content\/uploads\/2023\/06\/Jeux-Europeens-2023-Jules-Bouyer-et-Alexis-Jandard-medailles-en-plongeon.png","type":"image\/png"}],"author":"Maxime Boulard","twitter_card":"summary_large_image","twitter_title":"Jeux Europ\u00e9ens 2023 : Alexis Jandard et Jules Bouyer en bronze en plongeon synchronis\u00e9 \u00e0 3m","twitter_creator":"@https:\/\/twitter.com\/MaximeB_2","twitter_site":"@dicodusport","schema":{"@context":"https:\/\/schema.org","@graph":[{"@type":"NewsArticle","@id":"https:\/\/dicodusport.fr\/blog\/jeux-europeens-2023-alexis-jandard-et-jules-bouyer-en-bronze-en-plongeon-synchronise-a-3m\/#article","isPartOf":{"@id":"https:\/\/dicodusport.fr\/blog\/jeux-europeens-2023-alexis-jandard-et-jules-bouyer-en-bronze-en-plongeon-synchronise-a-3m\/"},"author":{"name":"Maxime Boulard","@id":"https:\/\/dicodusport.fr\/blog\/#\/schema\/person\/5aab10ee856e86ac63e9819a9da34784"},"headline":"Jeux Europ\u00e9ens 2023 : Alexis Jandard et Jules Bouyer en bronze en plongeon synchronis\u00e9 \u00e0 3m","datePublished":"2023-06-28T19:37:55+00:00","mainEntityOfPage":{"@id":"https:\/\/dicodusport.fr\/blog\/jeux-europeens-2023-alexis-jandard-et-jules-bouyer-en-bronze-en-plongeon-synchronise-a-3m\/"},"wordCount":333,"commentCount":0,"publisher":{"@id":"https:\/\/dicodusport.fr\/blog\/#organization"},"image":{"@id":"https:\/\/dicodusport.fr\/blog\/jeux-europeens-2023-alexis-jandard-et-jules-bouyer-en-bronze-en-plongeon-synchronise-a-3m\/#primaryimage"},"thumbnailUrl":"https:\/\/dicodusport.fr\/blog\/wp-content\/uploads\/2023\/06\/Jeux-Europeens-2023-Jules-Bouyer-et-Alexis-Jandard-medailles-en-plongeon.png","keywords":["Alexis jandard","br\u00e8ve","Jeux Europ\u00e9ens","natation","plongeon"],"articleSection":["Natation"],"inLanguage":"fr-FR","potentialAction":[{"@type":"CommentAction","name":"Comment","target":["https:\/\/dicodusport.fr\/blog\/jeux-europeens-2023-alexis-jandard-et-jules-bouyer-en-bronze-en-plongeon-synchronise-a-3m\/#respond"]}],"copyrightYear":"2023","copyrightHolder":{"@id":"https:\/\/dicodusport.fr\/blog\/#organization"}},{"@type":"WebPage","@id":"https:\/\/dicodusport.fr\/blog\/jeux-europeens-2023-alexis-jandard-et-jules-bouyer-en-bronze-en-plongeon-synchronise-a-3m\/","url":"https:\/\/dicodusport.fr\/blog\/jeux-europeens-2023-alexis-jandard-et-jules-bouyer-en-bronze-en-plongeon-synchronise-a-3m\/","name":"Jeux Europ\u00e9ens 2023 : Alexis Jandard et Jules Bouyer en bronze en plongeon synchronis\u00e9 \u00e0 3m","isPartOf":{"@id":"https:\/\/dicodusport.fr\/blog\/#website"},"primaryImageOfPage":{"@id":"https:\/\/dicodusport.fr\/blog\/jeux-europeens-2023-alexis-jandard-et-jules-bouyer-en-bronze-en-plongeon-synchronise-a-3m\/#primaryimage"},"image":{"@id":"https:\/\/dicodusport.fr\/blog\/jeux-europeens-2023-alexis-jandard-et-jules-bouyer-en-bronze-en-plongeon-synchronise-a-3m\/#primaryimage"},"thumbnailUrl":"https:\/\/dicodusport.fr\/blog\/wp-content\/uploads\/2023\/06\/Jeux-Europeens-2023-Jules-Bouyer-et-Alexis-Jandard-medailles-en-plongeon.png","datePublished":"2023-06-28T19:37:55+00:00","description":"Nouvelle m\u00e9daille pour les plongeurs Jules Bouyer et Alexis Jandard qui remportent le bronze en synchronis\u00e9 \u00e0 3 m\u00e8tres.","breadcrumb":{"@id":"https:\/\/dicodusport.fr\/blog\/jeux-europeens-2023-alexis-jandard-et-jules-bouyer-en-bronze-en-plongeon-synchronise-a-3m\/#breadcrumb"},"inLanguage":"fr-FR","potentialAction":[{"@type":"ReadAction","target":["https:\/\/dicodusport.fr\/blog\/jeux-europeens-2023-alexis-jandard-et-jules-bouyer-en-bronze-en-plongeon-synchronise-a-3m\/"]}]},{"@type":"ImageObject","inLanguage":"fr-FR","@id":"https:\/\/dicodusport.fr\/blog\/jeux-europeens-2023-alexis-jandard-et-jules-bouyer-en-bronze-en-plongeon-synchronise-a-3m\/#primaryimage","url":"https:\/\/dicodusport.fr\/blog\/wp-content\/uploads\/2023\/06\/Jeux-Europeens-2023-Jules-Bouyer-et-Alexis-Jandard-medailles-en-plongeon.png","contentUrl":"https:\/\/dicodusport.fr\/blog\/wp-content\/uploads\/2023\/06\/Jeux-Europeens-2023-Jules-Bouyer-et-Alexis-Jandard-medailles-en-plongeon.png","width":800,"height":445,"caption":"Jeux Europ\u00e9ens 2023 Jules Bouyer et Alexis Jandard m\u00e9daill\u00e9s en plongeon"},{"@type":"BreadcrumbList","@id":"https:\/\/dicodusport.fr\/blog\/jeux-europeens-2023-alexis-jandard-et-jules-bouyer-en-bronze-en-plongeon-synchronise-a-3m\/#breadcrumb","itemListElement":[{"@type":"ListItem","position":1,"name":"Accueil","item":"https:\/\/dicodusport.fr\/blog\/"},{"@type":"ListItem","position":2,"name":"Jeux Europ\u00e9ens 2023 : Alexis Jandard et Jules Bouyer en bronze en plongeon synchronis\u00e9 \u00e0 3m"}]},{"@type":"WebSite","@id":"https:\/\/dicodusport.fr\/blog\/#website","url":"https:\/\/dicodusport.fr\/blog\/","name":"Dicodusport","description":"L&#039;encyclop\u00e9die de l&#039;actualit\u00e9 sportive","publisher":{"@id":"https:\/\/dicodusport.fr\/blog\/#organization"},"potentialAction":[{"@type":"SearchAction","target":{"@type":"EntryPoint","urlTemplate":"https:\/\/dicodusport.fr\/blog\/?s={search_term_string}"},"query-input":{"@type":"PropertyValueSpecification","valueRequired":true,"valueName":"search_term_string"}}],"inLanguage":"fr-FR"},{"@type":"NewsMediaOrganization","@id":"https:\/\/dicodusport.fr\/blog\/#organization","name":"Dicodusport","url":"https:\/\/dicodusport.fr\/blog\/","logo":{"@type":"ImageObject","inLanguage":"fr-FR","@id":"https:\/\/dicodusport.fr\/blog\/#\/schema\/logo\/image\/","url":"https:\/\/dicodusport.fr\/blog\/wp-content\/uploads\/2020\/06\/cropped-LOGO-DICODUSPORT-2020-SANS-FOND-SANS-TEXTE.png","contentUrl":"https:\/\/dicodusport.fr\/blog\/wp-content\/uploads\/2020\/06\/cropped-LOGO-DICODUSPORT-2020-SANS-FOND-SANS-TEXTE.png","width":512,"height":512,"caption":"Dicodusport"},"image":{"@id":"https:\/\/dicodusport.fr\/blog\/#\/schema\/logo\/image\/"},"sameAs":["https:\/\/www.facebook.com\/dicodusport","https:\/\/x.com\/dicodusport","https:\/\/www.instagram.com\/dicodusport\/","https:\/\/www.youtube.com\/channel\/UC7V2KZ5sd3htJivAbA4ZG3w"],"description":"Dicodusport est l'encyclop\u00e9die de l'actualit\u00e9 sportive.","email":"bonjour@dicodusport.fr","legalName":"DICODUSPORT","foundingDate":"2018-01-14","vatID":"FR71834470973","taxID":"83447097300043","numberOfEmployees":{"@type":"QuantitativeValue","minValue":"1","maxValue":"10"}},{"@type":"Person","@id":"https:\/\/dicodusport.fr\/blog\/#\/schema\/person\/5aab10ee856e86ac63e9819a9da34784","name":"Maxime Boulard","image":{"@type":"ImageObject","inLanguage":"fr-FR","@id":"https:\/\/dicodusport.fr\/blog\/#\/schema\/person\/image\/","url":"https:\/\/dicodusport.fr\/blog\/wp-content\/uploads\/2021\/05\/Maxime-Boulard-150x150.jpg","contentUrl":"https:\/\/dicodusport.fr\/blog\/wp-content\/uploads\/2021\/05\/Maxime-Boulard-150x150.jpg","caption":"Maxime Boulard"},"description":"Journaliste\/r\u00e9dacteur depuis octobre 2020 - Si mon plus vieux souvenir de sport aurait pu m'en d\u00e9go\u00fbter, la finale de la Coupe du monde 2006 a \u00e9t\u00e9 tout le contraire. V\u00e9ritable d\u00e9clencheur d'une passion qui aujourd'hui ne fait que grandir avec le temps, mon leitmotiv est la France qui brille ! Je relate les exploits pass\u00e9s et pr\u00e9sents du sport bleu-blanc-rouge sans m\u00e9nagement depuis octobre 2020. Sport valide ou handisport, aucune diff\u00e9rence, il n'y a que du sport et plusieurs fa\u00e7ons de le pratiquer.","sameAs":["https:\/\/www.facebook.com\/Max.Bld2\/","https:\/\/x.com\/https:\/\/twitter.com\/MaximeB_2"],"url":"https:\/\/dicodusport.fr\/blog\/author\/maxime-b\/"}]}},"_links":{"self":[{"href":"https:\/\/dicodusport.fr\/blog\/wp-json\/wp\/v2\/posts\/395396","targetHints":{"allow":["GET"]}}],"collection":[{"href":"https:\/\/dicodusport.fr\/blog\/wp-json\/wp\/v2\/posts"}],"about":[{"href":"https:\/\/dicodusport.fr\/blog\/wp-json\/wp\/v2\/types\/post"}],"author":[{"embeddable":true,"href":"https:\/\/dicodusport.fr\/blog\/wp-json\/wp\/v2\/users\/43"}],"replies":[{"embeddable":true,"href":"https:\/\/dicodusport.fr\/blog\/wp-json\/wp\/v2\/comments?post=395396"}],"version-history":[{"count":0,"href":"https:\/\/dicodusport.fr\/blog\/wp-json\/wp\/v2\/posts\/395396\/revisions"}],"wp:featuredmedia":[{"embeddable":true,"href":"https:\/\/dicodusport.fr\/blog\/wp-json\/wp\/v2\/media\/394299"}],"wp:attachment":[{"href":"https:\/\/dicodusport.fr\/blog\/wp-json\/wp\/v2\/media?parent=395396"}],"wp:term":[{"taxonomy":"category","embeddable":true,"href":"https:\/\/dicodusport.fr\/blog\/wp-json\/wp\/v2\/categories?post=395396"},{"taxonomy":"post_tag","embeddable":true,"href":"https:\/\/dicodusport.fr\/blog\/wp-json\/wp\/v2\/tags?post=395396"}],"curies":[{"name":"wp","href":"https:\/\/api.w.org\/{rel}","templated":true}]}}