{"id":395575,"date":"2023-07-03T12:26:16","date_gmt":"2023-07-03T10:26:16","guid":{"rendered":"https:\/\/dicodusport.fr\/blog\/?p=395575&#038;preview=true&#038;preview_id=395575"},"modified":"2023-07-03T19:57:31","modified_gmt":"2023-07-03T17:57:31","slug":"hilary-kpatcha-avoir-fait-les-minima-cest-un-luxe","status":"publish","type":"post","link":"https:\/\/dicodusport.fr\/blog\/hilary-kpatcha-avoir-fait-les-minima-cest-un-luxe\/","title":{"rendered":"Hilary Kpatcha : \u00ab\u00a0Avoir fait les minima, c&rsquo;est un luxe\u00a0\u00bb"},"content":{"rendered":"<p style=\"text-align: justify;\" align=\"justify\"><em><strong>ATHL\u00c9TISME &#8211; Interview avec Hilary Kpatcha, qui a v\u00e9cu un superbe mois de juin. Avec un record personnel port\u00e9 \u00e0 6.86 m \u00e0 la longueur. Mais aussi une victoire pour son retour en \u00e9quipe de France, pour les <a href=\"https:\/\/dicodusport.fr\/blog\/athletisme-programme-et-resultats-championnats-deurope-par-equipes-2023\/\">championnats d&rsquo;Europe par \u00e9quipes<\/a>. Aur\u00e9ol\u00e9e d&rsquo;une m\u00e9daille d&rsquo;argent au total, lors de ces Jeux Europ\u00e9ens. Un gros symbole \u00e0 Chorzow, l&rsquo;endroit o\u00f9 Hilary Kpatcha s&rsquo;\u00e9tait tr\u00e8s gravement bless\u00e9e il y a deux ans. Elle nous parle de sa convalescence, de sa reconstruction. Elle \u00e9voque aussi son excellent d\u00e9but de saison et son d\u00e9sir de ne pas griller les \u00e9tapes en vue de Budapest. Des championnats du monde o\u00f9 Hilary Kpatcha est qualifi\u00e9e directement.<\/strong><\/em><\/p>\n<h2 style=\"text-align: justify;\" align=\"justify\">Hilary Kpatcha : \u00ab\u00a0C&rsquo;\u00e9tait une comp\u00e9tition qui me tenait \u00e0 coeur\u00a0\u00bb<\/h2>\n<h3 style=\"text-align: justify;\" align=\"justify\">Cela a d\u00fb \u00eatre un gros symbole de remporter ton concours l\u00e0 o\u00f9 tu t&rsquo;\u00e9tais bless\u00e9e gravement, il y a deux ans ?<\/h3>\n<p style=\"text-align: justify;\">Totalement ! C&rsquo;\u00e9tait une comp\u00e9tition tr\u00e8s importante pour moi. Cela me tenait \u00e0 c\u0153ur. C&rsquo;\u00e9taient les m\u00eames conditions qu&rsquo;il y a deux ans, quand je me suis bless\u00e9. Mais aussi la premi\u00e8re comp\u00e9tition o\u00f9 je remettais le maillot de l&rsquo;\u00e9quipe de France. C&rsquo;est plein de symboles.<\/p>\n<h3 style=\"text-align: justify;\">Le faire avec le maillot bleu doit renforcer cela, celui avec lequel tu t&rsquo;\u00e9tais bless\u00e9e.<\/h3>\n<p style=\"text-align: justify;\">C&rsquo;est le moment de renouer avec l&rsquo;\u00e9quipe de France, fermer la porte de cette histoire et de ce genou.<\/p>\n<h3 style=\"text-align: justify;\">Tu y as repens\u00e9 au moment de t&rsquo;\u00e9lancer ?<\/h3>\n<p style=\"text-align: justify;\">Non du tout. Disons que j&rsquo;y ai pens\u00e9 quand on m&rsquo;a propos\u00e9 la s\u00e9lection. J&rsquo;y ai r\u00e9fl\u00e9chi et je me suis rendu compte du contexte. Mais, c&rsquo;\u00e9tait en amont, quand j&rsquo;ai \u00e9t\u00e9 s\u00e9lectionn\u00e9e, pas quand j&rsquo;y \u00e9tais. On a pris le temps de se dire : \u00ab\u00a0Est-ce qu&rsquo;on y va, est-ce qu&rsquo;on n&rsquo;y va pas ?\u00a0\u00bb. Sur le moment, j&rsquo;\u00e9tais pleinement dans ma comp\u00e9tition et focus sur mon envie de gagner.<\/p>\n<h3 style=\"text-align: justify;\">Dans le concours, il y a Ecem Calagan qui se blesse gravement. Cela n&rsquo;a pas chang\u00e9 ta fa\u00e7on d&rsquo;aborder la comp\u00e9tition ?<\/h3>\n<p style=\"text-align: justify;\">Un peu. En plus, elle sautait devant moi, donc j&rsquo;ai tout vu pour le coup. Ce qui a \u00e9t\u00e9 choquant pour moi, c&rsquo;est de voir les juges se pr\u00e9cipiter vers la planche et l&rsquo;essuyer. Je me suis dit : \u00ab\u00a0Ah ouais, elle a fait exactement comme moi\u00a0\u00bb (NDLR : Il y a deux ans, Hilary Kpatcha s&rsquo;\u00e9tait bless\u00e9e \u00e0 cause d&rsquo;une planche mal essuy\u00e9e). Cela a \u00e9t\u00e9 un peu d\u00e9stabilisant. Quand je saute juste apr\u00e8s, il me semble que c&rsquo;est mon moins bon saut. Cela a \u00e9t\u00e9 un peu d\u00e9stabilisant, mais je ne me suis pas dit que c&rsquo;\u00e9tait chaud. Ceci dit, je n&rsquo;ai pas eu de retenue particuli\u00e8re. Je suis rest\u00e9e concentr\u00e9e sur mes sensations, pour remettre les choses techniquement. Il doit y avoir une petite part d&rsquo;inconscience, car cela reste mon moins bon saut.<\/p>\n<h2 style=\"text-align: justify;\">\u00ab Je me blesse l&rsquo;ann\u00e9e o\u00f9 j&rsquo;arr\u00eate mes \u00e9tudes pour me consacrer \u00e0 l&rsquo;athl\u00e9tisme \u00bb<\/h2>\n<h3 style=\"text-align: justify;\">Quand tu te blesses il y a deux ans, as-tu eu peur de ne pas pouvoir revenir ?<\/h3>\n<p style=\"text-align: justify;\">Quand je me blesse le jour m\u00eame, j&rsquo;\u00e9tais d\u00e9j\u00e0 dans l&rsquo;optique du retour. Comme si je ne me donnais pas trop le choix. On pensait que je m&rsquo;\u00e9tais fait les crois\u00e9s. Je savais que c&rsquo;\u00e9tait grave. Mais, c&rsquo;\u00e9tait encore plus grave que ce que je craignais d\u00e9j\u00e0. C&rsquo;est quand je me suis r\u00e9veill\u00e9e de mon op\u00e9ration, que j&rsquo;ai capt\u00e9 que c&rsquo;\u00e9tait vraiment chaud. Il y a eu une petite interrogation sur mon retour. Je me suis dit que j&rsquo;allais essayer de faire le mieux pour revenir. C&rsquo;est vrai que je ne me suis pas laiss\u00e9e trop le choix.<\/p>\n<h3 style=\"text-align: justify;\">Comment as-tu g\u00e9r\u00e9 cette p\u00e9riode de convalescence ?<\/h3>\n<p style=\"text-align: justify;\">Cela a \u00e9t\u00e9 super difficile. Cette ann\u00e9e-l\u00e0, j&rsquo;avais arr\u00eat\u00e9 mes \u00e9tudes pour me consacrer \u00e0 l&rsquo;athl\u00e9tisme. Et, je me retrouve ni athl\u00e8te ni \u00e9tudiante. J&rsquo;avais l&rsquo;impression d&rsquo;\u00eatre \u00e9gale \u00e0 z\u00e9ro, de n&rsquo;\u00eatre rien du tout. Comme un grand vide. C&rsquo;est ce que j&rsquo;ai ressenti. Je n&rsquo;arrivais pas \u00e0 savoir comment me pr\u00e9senter aux gens. Avant de me requalifier comme athl\u00e8te, il fallait toute cette convalescence, qui a \u00e9t\u00e9 longue. Cela a \u00e9t\u00e9 difficile mentalement. Ce qui m&rsquo;a un peu sauv\u00e9, c&rsquo;est le travail et le fait de m&rsquo;entourer de personnes ultra-bienveillantes. Qui m&rsquo;ont aid\u00e9 \u00e0 mettre en place mon projet.<\/p>\n<p style=\"text-align: justify;\">Je n&rsquo;\u00e9tais pas bien dans ma t\u00eate. Mais j&rsquo;ai su me remobiliser. En me rendant compte que mon ancien staff n&rsquo;\u00e9tait pas forc\u00e9ment tr\u00e8s bon. J&rsquo;ai d\u00fb retrouver un nouveau staff que je trouvais comp\u00e9tent et qui \u00e9tait pr\u00eat \u00e0 me suivre et croire en mon projet. Cela n&rsquo;a pas \u00e9t\u00e9 une ann\u00e9e facile. En m&rsquo;entourant et en programmant les choses, cela l&rsquo;a fait (rires).<\/p>\n<blockquote class=\"twitter-tweet\">\n<p dir=\"ltr\" lang=\"en\">What a comeback story! \ud83e\udef6<\/p>\n<p>Hilary Kpatcha \ud83c\uddeb\ud83c\uddf7 ruptured her ACL in warm-up for the 2021 European Team Championships.<\/p>\n<p>Two years later and in the same stadium, Kpatcha wins maximum points for France in the long jump! \ud83d\ude4c<a href=\"https:\/\/twitter.com\/hashtag\/Silesia2023?src=hash&amp;ref_src=twsrc%5Etfw\">#Silesia2023<\/a> <a href=\"https:\/\/twitter.com\/hashtag\/EG2023?src=hash&amp;ref_src=twsrc%5Etfw\">#EG2023<\/a> <a href=\"https:\/\/t.co\/HozxqssIvV\">pic.twitter.com\/HozxqssIvV<\/a><\/p>\n<p>\u2014 European Athletics (@EuroAthletics) <a href=\"https:\/\/twitter.com\/EuroAthletics\/status\/1673338821323227139?ref_src=twsrc%5Etfw\">June 26, 2023<\/a><\/p><\/blockquote>\n<p><script async src=\"https:\/\/platform.twitter.com\/widgets.js\" charset=\"utf-8\"><\/script><\/p>\n<h2 style=\"text-align: justify;\">Hilary Kpatcha : \u00ab\u00a0Je me blesse deux semaines avant mon record\u00a0\u00bb<\/h2>\n<h3 style=\"text-align: justify;\">Le plus dur a peut-\u00eatre \u00e9t\u00e9 de retrouver des rep\u00e8res \u00e0 la longueur ?<\/h3>\n<p style=\"text-align: justify;\">Cela a \u00e9t\u00e9 la difficult\u00e9. J&rsquo;ai \u00e9t\u00e9 touch\u00e9 au genou de mon pied d&rsquo;appel. Il a fallu retrouver de la force sur le pied d&rsquo;appel. De la mobilit\u00e9 \u00e9galement. Au d\u00e9but, c&rsquo;\u00e9tait catastrophique, car je clopinais. J&rsquo;essayais de me dire que ce n&rsquo;\u00e9tait pas grave. Quand on voit une athl\u00e8te faire \u00e7a, on voit que c&rsquo;est bancal. Cela me stressait un peu. Mais, je me suis dit qu&rsquo;il fallait faire confiance au processus. \u00c0 force de faire, mon corps allait s&rsquo;habituer. J&rsquo;ai bien fait de croire en cela.<\/p>\n<h3 style=\"text-align: justify;\">Il t&rsquo;a fallu un hiver pour t&rsquo;adapter.<\/h3>\n<p style=\"text-align: justify;\" align=\"justify\">Remettre tout en place, g\u00e9rer de nouvelles choses. J&rsquo;ai repris mes \u00e9tudes et je fais mon alternance en tant que charg\u00e9e de recrutement. Il fallait g\u00e9rer l&rsquo;alternance, le sport, les cours. Cet hiver a servi \u00e0 poser mes bases et trouver mon rythme. Tout est parti cet \u00e9t\u00e9. Il a fallu du temps d&rsquo;adaptation pour tout concilier. Mais aussi mon corps en comp\u00e9tition. Bref, des param\u00e8tres et des process que j&rsquo;avais lanc\u00e9s et qui devaient se mettre en place. Il fallait y croire.<\/p>\n<h3 style=\"text-align: justify;\" align=\"justify\">T&rsquo;attendais-tu \u00e0 battre ton record aussi t\u00f4t dans la saison ?<\/h3>\n<p style=\"text-align: justify;\" align=\"justify\">Non ! Cela a \u00e9t\u00e9 une surprise. Deux semaines avant mon record, on m&rsquo;a dit que je m&rsquo;\u00e9tais fait une d\u00e9chirure au carr\u00e9 f\u00e9moral (NDLR : un muscle du fessier). Une blessure pas trop comprise. Je me suis demand\u00e9 ce que c&rsquo;\u00e9tait. J&rsquo;\u00e9tais dans ce processus de faire confiance \u00e0 mon corps. On m&rsquo;a dit \u00e7a, alors que je n&rsquo;avais plus de douleurs. Pourtant, l&rsquo;IRM montrait bien que c&rsquo;\u00e9tait touch\u00e9. Malgr\u00e9 l&rsquo;absence de douleurs. Cela s\u00e8me la zizanie dans la programmation. M\u00eame dans mon esprit. Je me dis : \u00ab\u00a0Tu as fait tout cela pour te d\u00e9chirer le carr\u00e9 f\u00e9moral\u00a0\u00bb. Les m\u00e9decins ne savent pas trop g\u00e9rer ces moment-l\u00e0. Ils te disent de faire des PRP, de prendre six semaines d&rsquo;arr\u00eat. Finalement, on a d\u00e9cid\u00e9 de faire confiance en mon corps, en mes sensations. On est all\u00e9 \u00e0 Pezenas pour tester ce muscle. Voir si cela tenait.<\/p>\n<h2 style=\"text-align: justify;\" align=\"justify\">\u00ab Il faut montrer que l&rsquo;on est capable d&rsquo;encha\u00eener les gros concours \u00bb<\/h2>\n<h3 style=\"text-align: justify;\" align=\"justify\">Finalement, cela n&rsquo;a pas trop mal tenu.<\/h3>\n<p style=\"text-align: justify;\">Au fond de moi, je savais que tout allait bien. Mon staff me disait de ne pas trop forcer. Car si je me p\u00e9tais, je me p\u00e9tais bien. C&rsquo;\u00e9tait un compromis. Mais, je suis all\u00e9e \u00e0 la comp\u00e9tition avec beaucoup de rel\u00e2chement. En \u00e9tant hyper focus sur ma technique et concentr\u00e9e. C&rsquo;\u00e9tait comme si on lib\u00e9rait un lion en cage. Quand on m&rsquo;a annonc\u00e9 que j&rsquo;\u00e9tais bless\u00e9e, on a d\u00fb r\u00e9duire le rythme. Pour ne pas prendre de risques. Et, je suis all\u00e9e \u00e0 fond \u00e0 la comp\u00e9tition.<\/p>\n<h3 style=\"text-align: justify;\">On a parl\u00e9 de ton record, mais est-ce que ce n&rsquo;est pas plus important pour toi d&rsquo;avoir encha\u00een\u00e9 trois concours \u00e0 6.75 m ou plus ?<\/h3>\n<p style=\"text-align: justify;\">Je retiens vraiment ces trois gros concours. Le 6.86 m, ok d&rsquo;accord, j&rsquo;arrive et je pose ce saut et c&rsquo;est une belle performance. Mais, il faut montrer que l&rsquo;on est capable d&rsquo;\u00eatre \u00e0 ce niveau-l\u00e0. Les gens ont d\u00fb se poser des questions quand je fais mon record : \u00ab\u00a0C&rsquo;est bizarre, on ne la voit pas depuis deux ans. Elle nous fait 6.86 m\u00a0\u00bb. Certains devaient se demander si j&rsquo;\u00e9tais capable de refaire cette performance. Ou si c&rsquo;\u00e9tait un coup de chance.<\/p>\n<p style=\"text-align: justify;\">Je retiens l&rsquo;encha\u00eenement des comp\u00e9titions et la mentalit\u00e9 que j&rsquo;avais dans cet encha\u00eenement. Je ne me suis pas pris la t\u00eate. Le plus important pour moi est de construire ma saison. Je n&rsquo;ai pas \u00e9t\u00e9 l\u00e0 pendant deux ans et j&rsquo;ai beaucoup \u00e0 apprendre. Il faut que je renoue avec mon corps. \u00c0 chaque comp\u00e9tition, on pose les bases et l&rsquo;on construit. Pour trouver de nouvelles sensations sur lesquelles travailler \u00e0 l&rsquo;entra\u00eenement. Cela a \u00e9t\u00e9 le fil conducteur de mes trois derni\u00e8res comp\u00e9titions.<\/p>\n<p style=\"text-align: justify;\">Mais aussi en vue des JO et des Mondiaux. Je suis dans la construction. Prendre le temps de mettre l&rsquo;\u00e9nergie l\u00e0 o\u00f9 il faut. Des comp\u00e9titions avec qualifications et finales, o\u00f9 il faut \u00eatre carr\u00e9, avec un saut bien dans l&rsquo;axe d\u00e8s les qualifs pour rentrer en finale sans perdre trop d&rsquo;\u00e9nergie. Ce que j&rsquo;arrive \u00e0 faire. Je ne suis jamais sous les 6.50 m. C&rsquo;est bon signe.<\/p>\n<h2 style=\"text-align: justify;\">Hilary Kpatcha : \u00ab\u00a0Avoir fait les minima, c&rsquo;est un luxe\u00a0\u00bb<\/h2>\n<h3 style=\"text-align: justify;\">L&rsquo;avantage, c&rsquo;est que tu as fait les minima et que tu peux \u00eatre en mode travail.<\/h3>\n<p style=\"text-align: justify;\">Je consid\u00e8re \u00e7a comme du luxe. Ma saison ne devait pas se d\u00e9cliner comme cela. Je devais encha\u00eener pour faire un pic de forme pour les \u00c9lites. Le fait d&rsquo;avoir fait ces 6.86 m, cela me permet de construire tranquillement les JO et les Mondiaux. C&rsquo;est du luxe, j&rsquo;en ai conscience (rires).<\/p>\n<h3 style=\"text-align: justify;\">Comment va s&rsquo;articuler la suite de ta saison ?<\/h3>\n<p style=\"text-align: justify;\">On a fait un bloc de trois comp\u00e9titions, qui ont \u00e9t\u00e9 intenses. Je vais sauter soit le 17 \u00e0 Marseille, soit le 18 \u00e0 Budapest. J&rsquo;encha\u00eene avec la Diamond League de Monaco le 21 juillet. Pour terminer sur les France, fin juillet. Je repars sur le m\u00eame bloc.<\/p>\n<h3 style=\"text-align: justify;\">Oui, cela ressemble \u00e0 ce que tu as fait.<\/h3>\n<p style=\"text-align: justify;\">L&rsquo;objectif, c&rsquo;est de faire Budapest et Monaco, pour g\u00e9rer des comp\u00e9titions avec peu de r\u00e9cup\u00e9ration entre deux. Voir comment je me comporte et si je suis capable de bien encha\u00eener et voir comment r\u00e9agit mon corps. On teste des choses, on teste mon genou aussi. Apr\u00e8s les \u00c9lites, on est cens\u00e9 partir en stage de pr\u00e9paration pour les Mondiaux.<\/p>\n<h3 style=\"text-align: justify;\">T&rsquo;es-tu fix\u00e9e des objectifs en termes de performance et\/ou place ?<\/h3>\n<p style=\"text-align: justify;\">Pas du tout. Ce qui me tenait \u00e0 c\u0153ur, lors des derni\u00e8res comp\u00e9titions, c&rsquo;est de pouvoir gagner. Je me disais qu&rsquo;il fallait que je trouve les ressources pour m&rsquo;adapter et gagner. Et je pr\u00e9f\u00e8re rester sur cela, plut\u00f4t que de me dire de viser une place ou performance pr\u00e9cise. \u00c0 Budapest, il faudra que je m&rsquo;adapte aux filles autour de moi et trouve les ressources pour r\u00e9pondre. C&rsquo;est ma capacit\u00e9 de r\u00e9ponse qui m&rsquo;int\u00e9resse. Mais je ne me pose pas de questions de performance. Je veux vivre l&rsquo;instant pr\u00e9sent et \u00eatre maitre de mes moyens, lors de ces championnats.<\/p>\n","protected":false},"excerpt":{"rendered":"<p>ATHL\u00c9TISME &#8211; Interview avec Hilary Kpatcha, qui a v\u00e9cu un superbe mois de juin. Avec un record personnel port\u00e9 \u00e0 6.86 m \u00e0 la longueur.<\/p>\n","protected":false},"author":83,"featured_media":395618,"comment_status":"open","ping_status":"closed","sticky":false,"template":"","format":"standard","meta":{"_acf_changed":false,"_daextam_enable_autolinks":"","footnotes":""},"categories":[2308],"tags":[143,16878,4806,24],"class_list":["post-395575","post","type-post","status-publish","format-standard","has-post-thumbnail","hentry","category-athletisme","tag-athletisme","tag-breve","tag-saut-en-longueur","tag-sport"],"acf":[],"yoast_head":"<!-- This site is optimized with the Yoast SEO Premium plugin v26.7 (Yoast SEO v26.7) - https:\/\/yoast.com\/wordpress\/plugins\/seo\/ -->\n<title>Hilary Kpatcha : &quot;Avoir fait les minima, c&#039;est un luxe&quot;<\/title>\n<meta name=\"description\" content=\"ATHL\u00c9TISME - Interview avec Hilary Kpatcha qui vit un superbe mois de juin. Avec un record personnel port\u00e9 \u00e0 6.86 m \u00e0 la longueur.\" \/>\n<meta name=\"robots\" content=\"index, follow, max-snippet:-1, max-image-preview:large, max-video-preview:-1\" \/>\n<link rel=\"canonical\" href=\"https:\/\/dicodusport.fr\/blog\/hilary-kpatcha-avoir-fait-les-minima-cest-un-luxe\/\" \/>\n<meta property=\"og:locale\" content=\"fr_FR\" \/>\n<meta property=\"og:type\" content=\"article\" \/>\n<meta property=\"og:title\" content=\"Hilary Kpatcha : &quot;Avoir fait les minima, c&#039;est un luxe&quot;\" \/>\n<meta property=\"og:description\" content=\"ATHL\u00c9TISME - Interview avec Hilary Kpatcha qui vit un superbe mois de juin. Avec un record personnel port\u00e9 \u00e0 6.86 m \u00e0 la longueur.\" \/>\n<meta property=\"og:url\" content=\"https:\/\/dicodusport.fr\/blog\/hilary-kpatcha-avoir-fait-les-minima-cest-un-luxe\/\" \/>\n<meta property=\"og:site_name\" content=\"Dicodusport\" \/>\n<meta property=\"article:publisher\" content=\"https:\/\/www.facebook.com\/dicodusport\" \/>\n<meta property=\"article:published_time\" content=\"2023-07-03T10:26:16+00:00\" \/>\n<meta property=\"article:modified_time\" content=\"2023-07-03T17:57:31+00:00\" \/>\n<meta property=\"og:image\" content=\"https:\/\/dicodusport.fr\/blog\/wp-content\/uploads\/2023\/06\/Athletisme-Hilary-Kpatcha-Avoir-fait-les-minima-cest-un-luxe.png\" \/>\n\t<meta property=\"og:image:width\" content=\"800\" \/>\n\t<meta property=\"og:image:height\" content=\"445\" \/>\n\t<meta property=\"og:image:type\" content=\"image\/png\" \/>\n<meta name=\"author\" content=\"Etienne Goursaud\" \/>\n<meta name=\"twitter:card\" content=\"summary_large_image\" \/>\n<meta name=\"twitter:title\" content=\"Hilary Kpatcha : &quot;Avoir fait les minima, c&#039;est un luxe&quot;\" \/>\n<meta name=\"twitter:creator\" content=\"@dicodusport\" \/>\n<meta name=\"twitter:site\" content=\"@dicodusport\" \/>\n<script type=\"application\/ld+json\" class=\"yoast-schema-graph\">{\"@context\":\"https:\/\/schema.org\",\"@graph\":[{\"@type\":\"NewsArticle\",\"@id\":\"https:\/\/dicodusport.fr\/blog\/hilary-kpatcha-avoir-fait-les-minima-cest-un-luxe\/#article\",\"isPartOf\":{\"@id\":\"https:\/\/dicodusport.fr\/blog\/hilary-kpatcha-avoir-fait-les-minima-cest-un-luxe\/\"},\"author\":{\"name\":\"Etienne Goursaud\",\"@id\":\"https:\/\/dicodusport.fr\/blog\/#\/schema\/person\/d603dd7da31fb2b46c82b9835a77ec13\"},\"headline\":\"Hilary Kpatcha : \u00ab\u00a0Avoir fait les minima, c&rsquo;est un luxe\u00a0\u00bb\",\"datePublished\":\"2023-07-03T10:26:16+00:00\",\"dateModified\":\"2023-07-03T17:57:31+00:00\",\"mainEntityOfPage\":{\"@id\":\"https:\/\/dicodusport.fr\/blog\/hilary-kpatcha-avoir-fait-les-minima-cest-un-luxe\/\"},\"wordCount\":2072,\"commentCount\":0,\"publisher\":{\"@id\":\"https:\/\/dicodusport.fr\/blog\/#organization\"},\"image\":{\"@id\":\"https:\/\/dicodusport.fr\/blog\/hilary-kpatcha-avoir-fait-les-minima-cest-un-luxe\/#primaryimage\"},\"thumbnailUrl\":\"https:\/\/dicodusport.fr\/blog\/wp-content\/uploads\/2023\/06\/Athletisme-Hilary-Kpatcha-Avoir-fait-les-minima-cest-un-luxe.png\",\"keywords\":[\"Athl\u00e9tisme\",\"br\u00e8ve\",\"Saut en longueur\",\"sport\"],\"articleSection\":[\"Athl\u00e9tisme\"],\"inLanguage\":\"fr-FR\",\"potentialAction\":[{\"@type\":\"CommentAction\",\"name\":\"Comment\",\"target\":[\"https:\/\/dicodusport.fr\/blog\/hilary-kpatcha-avoir-fait-les-minima-cest-un-luxe\/#respond\"]}],\"copyrightYear\":\"2023\",\"copyrightHolder\":{\"@id\":\"https:\/\/dicodusport.fr\/blog\/#organization\"}},{\"@type\":\"WebPage\",\"@id\":\"https:\/\/dicodusport.fr\/blog\/hilary-kpatcha-avoir-fait-les-minima-cest-un-luxe\/\",\"url\":\"https:\/\/dicodusport.fr\/blog\/hilary-kpatcha-avoir-fait-les-minima-cest-un-luxe\/\",\"name\":\"Hilary Kpatcha : \\\"Avoir fait les minima, c'est un luxe\\\"\",\"isPartOf\":{\"@id\":\"https:\/\/dicodusport.fr\/blog\/#website\"},\"primaryImageOfPage\":{\"@id\":\"https:\/\/dicodusport.fr\/blog\/hilary-kpatcha-avoir-fait-les-minima-cest-un-luxe\/#primaryimage\"},\"image\":{\"@id\":\"https:\/\/dicodusport.fr\/blog\/hilary-kpatcha-avoir-fait-les-minima-cest-un-luxe\/#primaryimage\"},\"thumbnailUrl\":\"https:\/\/dicodusport.fr\/blog\/wp-content\/uploads\/2023\/06\/Athletisme-Hilary-Kpatcha-Avoir-fait-les-minima-cest-un-luxe.png\",\"datePublished\":\"2023-07-03T10:26:16+00:00\",\"dateModified\":\"2023-07-03T17:57:31+00:00\",\"description\":\"ATHL\u00c9TISME - Interview avec Hilary Kpatcha qui vit un superbe mois de juin. Avec un record personnel port\u00e9 \u00e0 6.86 m \u00e0 la longueur.\",\"breadcrumb\":{\"@id\":\"https:\/\/dicodusport.fr\/blog\/hilary-kpatcha-avoir-fait-les-minima-cest-un-luxe\/#breadcrumb\"},\"inLanguage\":\"fr-FR\",\"potentialAction\":[{\"@type\":\"ReadAction\",\"target\":[\"https:\/\/dicodusport.fr\/blog\/hilary-kpatcha-avoir-fait-les-minima-cest-un-luxe\/\"]}]},{\"@type\":\"ImageObject\",\"inLanguage\":\"fr-FR\",\"@id\":\"https:\/\/dicodusport.fr\/blog\/hilary-kpatcha-avoir-fait-les-minima-cest-un-luxe\/#primaryimage\",\"url\":\"https:\/\/dicodusport.fr\/blog\/wp-content\/uploads\/2023\/06\/Athletisme-Hilary-Kpatcha-Avoir-fait-les-minima-cest-un-luxe.png\",\"contentUrl\":\"https:\/\/dicodusport.fr\/blog\/wp-content\/uploads\/2023\/06\/Athletisme-Hilary-Kpatcha-Avoir-fait-les-minima-cest-un-luxe.png\",\"width\":800,\"height\":445,\"caption\":\"Athl\u00e9tisme : Hilary Kpatcha : \\\"Avoir fait les minima, c'est un luxe\\\"\"},{\"@type\":\"BreadcrumbList\",\"@id\":\"https:\/\/dicodusport.fr\/blog\/hilary-kpatcha-avoir-fait-les-minima-cest-un-luxe\/#breadcrumb\",\"itemListElement\":[{\"@type\":\"ListItem\",\"position\":1,\"name\":\"Accueil\",\"item\":\"https:\/\/dicodusport.fr\/blog\/\"},{\"@type\":\"ListItem\",\"position\":2,\"name\":\"Hilary Kpatcha : \u00ab\u00a0Avoir fait les minima, c&rsquo;est un luxe\u00a0\u00bb\"}]},{\"@type\":\"WebSite\",\"@id\":\"https:\/\/dicodusport.fr\/blog\/#website\",\"url\":\"https:\/\/dicodusport.fr\/blog\/\",\"name\":\"Dicodusport\",\"description\":\"L&#039;encyclop\u00e9die de l&#039;actualit\u00e9 sportive\",\"publisher\":{\"@id\":\"https:\/\/dicodusport.fr\/blog\/#organization\"},\"potentialAction\":[{\"@type\":\"SearchAction\",\"target\":{\"@type\":\"EntryPoint\",\"urlTemplate\":\"https:\/\/dicodusport.fr\/blog\/?s={search_term_string}\"},\"query-input\":{\"@type\":\"PropertyValueSpecification\",\"valueRequired\":true,\"valueName\":\"search_term_string\"}}],\"inLanguage\":\"fr-FR\"},{\"@type\":\"NewsMediaOrganization\",\"@id\":\"https:\/\/dicodusport.fr\/blog\/#organization\",\"name\":\"Dicodusport\",\"url\":\"https:\/\/dicodusport.fr\/blog\/\",\"logo\":{\"@type\":\"ImageObject\",\"inLanguage\":\"fr-FR\",\"@id\":\"https:\/\/dicodusport.fr\/blog\/#\/schema\/logo\/image\/\",\"url\":\"https:\/\/dicodusport.fr\/blog\/wp-content\/uploads\/2020\/06\/cropped-LOGO-DICODUSPORT-2020-SANS-FOND-SANS-TEXTE.png\",\"contentUrl\":\"https:\/\/dicodusport.fr\/blog\/wp-content\/uploads\/2020\/06\/cropped-LOGO-DICODUSPORT-2020-SANS-FOND-SANS-TEXTE.png\",\"width\":512,\"height\":512,\"caption\":\"Dicodusport\"},\"image\":{\"@id\":\"https:\/\/dicodusport.fr\/blog\/#\/schema\/logo\/image\/\"},\"sameAs\":[\"https:\/\/www.facebook.com\/dicodusport\",\"https:\/\/x.com\/dicodusport\",\"https:\/\/www.instagram.com\/dicodusport\/\",\"https:\/\/www.youtube.com\/channel\/UC7V2KZ5sd3htJivAbA4ZG3w\"],\"description\":\"Dicodusport est l'encyclop\u00e9die de l'actualit\u00e9 sportive.\",\"email\":\"bonjour@dicodusport.fr\",\"legalName\":\"DICODUSPORT\",\"foundingDate\":\"2018-01-14\",\"vatID\":\"FR71834470973\",\"taxID\":\"83447097300043\",\"numberOfEmployees\":{\"@type\":\"QuantitativeValue\",\"minValue\":\"1\",\"maxValue\":\"10\"}},{\"@type\":\"Person\",\"@id\":\"https:\/\/dicodusport.fr\/blog\/#\/schema\/person\/d603dd7da31fb2b46c82b9835a77ec13\",\"name\":\"Etienne Goursaud\",\"image\":{\"@type\":\"ImageObject\",\"inLanguage\":\"fr-FR\",\"@id\":\"https:\/\/dicodusport.fr\/blog\/#\/schema\/person\/image\/\",\"url\":\"https:\/\/dicodusport.fr\/blog\/wp-content\/uploads\/2023\/12\/410122264_10231602061736049_5565839791558026645_n-150x150.jpg\",\"contentUrl\":\"https:\/\/dicodusport.fr\/blog\/wp-content\/uploads\/2023\/12\/410122264_10231602061736049_5565839791558026645_n-150x150.jpg\",\"caption\":\"Etienne Goursaud\"},\"description\":\"Journaliste et amoureux de sport. Ancien footballeur reconverti athl\u00e8te quand ses muscles le laissent tranquille. \u00c9lev\u00e9 \u00e0 la sauce des exploits de Thomas Voeckler en 2004, du dernier essai de l\u00e9gende de Eunice Barber \u00e0 la longueur lors des championnats du monde d'athl\u00e9tisme de 2003 mais aussi Zidane, Omeyer et Titou Lamaison.\",\"url\":\"https:\/\/dicodusport.fr\/blog\/author\/etienne-goursaud\/\"}]}<\/script>\n<!-- \/ Yoast SEO Premium plugin. -->","yoast_head_json":{"title":"Hilary Kpatcha : \"Avoir fait les minima, c'est un luxe\"","description":"ATHL\u00c9TISME - Interview avec Hilary Kpatcha qui vit un superbe mois de juin. Avec un record personnel port\u00e9 \u00e0 6.86 m \u00e0 la longueur.","robots":{"index":"index","follow":"follow","max-snippet":"max-snippet:-1","max-image-preview":"max-image-preview:large","max-video-preview":"max-video-preview:-1"},"canonical":"https:\/\/dicodusport.fr\/blog\/hilary-kpatcha-avoir-fait-les-minima-cest-un-luxe\/","og_locale":"fr_FR","og_type":"article","og_title":"Hilary Kpatcha : \"Avoir fait les minima, c'est un luxe\"","og_description":"ATHL\u00c9TISME - Interview avec Hilary Kpatcha qui vit un superbe mois de juin. Avec un record personnel port\u00e9 \u00e0 6.86 m \u00e0 la longueur.","og_url":"https:\/\/dicodusport.fr\/blog\/hilary-kpatcha-avoir-fait-les-minima-cest-un-luxe\/","og_site_name":"Dicodusport","article_publisher":"https:\/\/www.facebook.com\/dicodusport","article_published_time":"2023-07-03T10:26:16+00:00","article_modified_time":"2023-07-03T17:57:31+00:00","og_image":[{"width":800,"height":445,"url":"https:\/\/dicodusport.fr\/blog\/wp-content\/uploads\/2023\/06\/Athletisme-Hilary-Kpatcha-Avoir-fait-les-minima-cest-un-luxe.png","type":"image\/png"}],"author":"Etienne Goursaud","twitter_card":"summary_large_image","twitter_title":"Hilary Kpatcha : \"Avoir fait les minima, c'est un luxe\"","twitter_creator":"@dicodusport","twitter_site":"@dicodusport","schema":{"@context":"https:\/\/schema.org","@graph":[{"@type":"NewsArticle","@id":"https:\/\/dicodusport.fr\/blog\/hilary-kpatcha-avoir-fait-les-minima-cest-un-luxe\/#article","isPartOf":{"@id":"https:\/\/dicodusport.fr\/blog\/hilary-kpatcha-avoir-fait-les-minima-cest-un-luxe\/"},"author":{"name":"Etienne Goursaud","@id":"https:\/\/dicodusport.fr\/blog\/#\/schema\/person\/d603dd7da31fb2b46c82b9835a77ec13"},"headline":"Hilary Kpatcha : \u00ab\u00a0Avoir fait les minima, c&rsquo;est un luxe\u00a0\u00bb","datePublished":"2023-07-03T10:26:16+00:00","dateModified":"2023-07-03T17:57:31+00:00","mainEntityOfPage":{"@id":"https:\/\/dicodusport.fr\/blog\/hilary-kpatcha-avoir-fait-les-minima-cest-un-luxe\/"},"wordCount":2072,"commentCount":0,"publisher":{"@id":"https:\/\/dicodusport.fr\/blog\/#organization"},"image":{"@id":"https:\/\/dicodusport.fr\/blog\/hilary-kpatcha-avoir-fait-les-minima-cest-un-luxe\/#primaryimage"},"thumbnailUrl":"https:\/\/dicodusport.fr\/blog\/wp-content\/uploads\/2023\/06\/Athletisme-Hilary-Kpatcha-Avoir-fait-les-minima-cest-un-luxe.png","keywords":["Athl\u00e9tisme","br\u00e8ve","Saut en longueur","sport"],"articleSection":["Athl\u00e9tisme"],"inLanguage":"fr-FR","potentialAction":[{"@type":"CommentAction","name":"Comment","target":["https:\/\/dicodusport.fr\/blog\/hilary-kpatcha-avoir-fait-les-minima-cest-un-luxe\/#respond"]}],"copyrightYear":"2023","copyrightHolder":{"@id":"https:\/\/dicodusport.fr\/blog\/#organization"}},{"@type":"WebPage","@id":"https:\/\/dicodusport.fr\/blog\/hilary-kpatcha-avoir-fait-les-minima-cest-un-luxe\/","url":"https:\/\/dicodusport.fr\/blog\/hilary-kpatcha-avoir-fait-les-minima-cest-un-luxe\/","name":"Hilary Kpatcha : \"Avoir fait les minima, c'est un luxe\"","isPartOf":{"@id":"https:\/\/dicodusport.fr\/blog\/#website"},"primaryImageOfPage":{"@id":"https:\/\/dicodusport.fr\/blog\/hilary-kpatcha-avoir-fait-les-minima-cest-un-luxe\/#primaryimage"},"image":{"@id":"https:\/\/dicodusport.fr\/blog\/hilary-kpatcha-avoir-fait-les-minima-cest-un-luxe\/#primaryimage"},"thumbnailUrl":"https:\/\/dicodusport.fr\/blog\/wp-content\/uploads\/2023\/06\/Athletisme-Hilary-Kpatcha-Avoir-fait-les-minima-cest-un-luxe.png","datePublished":"2023-07-03T10:26:16+00:00","dateModified":"2023-07-03T17:57:31+00:00","description":"ATHL\u00c9TISME - Interview avec Hilary Kpatcha qui vit un superbe mois de juin. Avec un record personnel port\u00e9 \u00e0 6.86 m \u00e0 la longueur.","breadcrumb":{"@id":"https:\/\/dicodusport.fr\/blog\/hilary-kpatcha-avoir-fait-les-minima-cest-un-luxe\/#breadcrumb"},"inLanguage":"fr-FR","potentialAction":[{"@type":"ReadAction","target":["https:\/\/dicodusport.fr\/blog\/hilary-kpatcha-avoir-fait-les-minima-cest-un-luxe\/"]}]},{"@type":"ImageObject","inLanguage":"fr-FR","@id":"https:\/\/dicodusport.fr\/blog\/hilary-kpatcha-avoir-fait-les-minima-cest-un-luxe\/#primaryimage","url":"https:\/\/dicodusport.fr\/blog\/wp-content\/uploads\/2023\/06\/Athletisme-Hilary-Kpatcha-Avoir-fait-les-minima-cest-un-luxe.png","contentUrl":"https:\/\/dicodusport.fr\/blog\/wp-content\/uploads\/2023\/06\/Athletisme-Hilary-Kpatcha-Avoir-fait-les-minima-cest-un-luxe.png","width":800,"height":445,"caption":"Athl\u00e9tisme : Hilary Kpatcha : \"Avoir fait les minima, c'est un luxe\""},{"@type":"BreadcrumbList","@id":"https:\/\/dicodusport.fr\/blog\/hilary-kpatcha-avoir-fait-les-minima-cest-un-luxe\/#breadcrumb","itemListElement":[{"@type":"ListItem","position":1,"name":"Accueil","item":"https:\/\/dicodusport.fr\/blog\/"},{"@type":"ListItem","position":2,"name":"Hilary Kpatcha : \u00ab\u00a0Avoir fait les minima, c&rsquo;est un luxe\u00a0\u00bb"}]},{"@type":"WebSite","@id":"https:\/\/dicodusport.fr\/blog\/#website","url":"https:\/\/dicodusport.fr\/blog\/","name":"Dicodusport","description":"L&#039;encyclop\u00e9die de l&#039;actualit\u00e9 sportive","publisher":{"@id":"https:\/\/dicodusport.fr\/blog\/#organization"},"potentialAction":[{"@type":"SearchAction","target":{"@type":"EntryPoint","urlTemplate":"https:\/\/dicodusport.fr\/blog\/?s={search_term_string}"},"query-input":{"@type":"PropertyValueSpecification","valueRequired":true,"valueName":"search_term_string"}}],"inLanguage":"fr-FR"},{"@type":"NewsMediaOrganization","@id":"https:\/\/dicodusport.fr\/blog\/#organization","name":"Dicodusport","url":"https:\/\/dicodusport.fr\/blog\/","logo":{"@type":"ImageObject","inLanguage":"fr-FR","@id":"https:\/\/dicodusport.fr\/blog\/#\/schema\/logo\/image\/","url":"https:\/\/dicodusport.fr\/blog\/wp-content\/uploads\/2020\/06\/cropped-LOGO-DICODUSPORT-2020-SANS-FOND-SANS-TEXTE.png","contentUrl":"https:\/\/dicodusport.fr\/blog\/wp-content\/uploads\/2020\/06\/cropped-LOGO-DICODUSPORT-2020-SANS-FOND-SANS-TEXTE.png","width":512,"height":512,"caption":"Dicodusport"},"image":{"@id":"https:\/\/dicodusport.fr\/blog\/#\/schema\/logo\/image\/"},"sameAs":["https:\/\/www.facebook.com\/dicodusport","https:\/\/x.com\/dicodusport","https:\/\/www.instagram.com\/dicodusport\/","https:\/\/www.youtube.com\/channel\/UC7V2KZ5sd3htJivAbA4ZG3w"],"description":"Dicodusport est l'encyclop\u00e9die de l'actualit\u00e9 sportive.","email":"bonjour@dicodusport.fr","legalName":"DICODUSPORT","foundingDate":"2018-01-14","vatID":"FR71834470973","taxID":"83447097300043","numberOfEmployees":{"@type":"QuantitativeValue","minValue":"1","maxValue":"10"}},{"@type":"Person","@id":"https:\/\/dicodusport.fr\/blog\/#\/schema\/person\/d603dd7da31fb2b46c82b9835a77ec13","name":"Etienne Goursaud","image":{"@type":"ImageObject","inLanguage":"fr-FR","@id":"https:\/\/dicodusport.fr\/blog\/#\/schema\/person\/image\/","url":"https:\/\/dicodusport.fr\/blog\/wp-content\/uploads\/2023\/12\/410122264_10231602061736049_5565839791558026645_n-150x150.jpg","contentUrl":"https:\/\/dicodusport.fr\/blog\/wp-content\/uploads\/2023\/12\/410122264_10231602061736049_5565839791558026645_n-150x150.jpg","caption":"Etienne Goursaud"},"description":"Journaliste et amoureux de sport. Ancien footballeur reconverti athl\u00e8te quand ses muscles le laissent tranquille. \u00c9lev\u00e9 \u00e0 la sauce des exploits de Thomas Voeckler en 2004, du dernier essai de l\u00e9gende de Eunice Barber \u00e0 la longueur lors des championnats du monde d'athl\u00e9tisme de 2003 mais aussi Zidane, Omeyer et Titou Lamaison.","url":"https:\/\/dicodusport.fr\/blog\/author\/etienne-goursaud\/"}]}},"_links":{"self":[{"href":"https:\/\/dicodusport.fr\/blog\/wp-json\/wp\/v2\/posts\/395575","targetHints":{"allow":["GET"]}}],"collection":[{"href":"https:\/\/dicodusport.fr\/blog\/wp-json\/wp\/v2\/posts"}],"about":[{"href":"https:\/\/dicodusport.fr\/blog\/wp-json\/wp\/v2\/types\/post"}],"author":[{"embeddable":true,"href":"https:\/\/dicodusport.fr\/blog\/wp-json\/wp\/v2\/users\/83"}],"replies":[{"embeddable":true,"href":"https:\/\/dicodusport.fr\/blog\/wp-json\/wp\/v2\/comments?post=395575"}],"version-history":[{"count":0,"href":"https:\/\/dicodusport.fr\/blog\/wp-json\/wp\/v2\/posts\/395575\/revisions"}],"wp:featuredmedia":[{"embeddable":true,"href":"https:\/\/dicodusport.fr\/blog\/wp-json\/wp\/v2\/media\/395618"}],"wp:attachment":[{"href":"https:\/\/dicodusport.fr\/blog\/wp-json\/wp\/v2\/media?parent=395575"}],"wp:term":[{"taxonomy":"category","embeddable":true,"href":"https:\/\/dicodusport.fr\/blog\/wp-json\/wp\/v2\/categories?post=395575"},{"taxonomy":"post_tag","embeddable":true,"href":"https:\/\/dicodusport.fr\/blog\/wp-json\/wp\/v2\/tags?post=395575"}],"curies":[{"name":"wp","href":"https:\/\/api.w.org\/{rel}","templated":true}]}}