{"id":395734,"date":"2023-06-30T08:24:11","date_gmt":"2023-06-30T06:24:11","guid":{"rendered":"https:\/\/dicodusport.fr\/blog\/?p=395734&#038;preview=true&#038;preview_id=395734"},"modified":"2023-06-30T08:30:37","modified_gmt":"2023-06-30T06:30:37","slug":"nhl-le-jeune-gardien-francais-antoine-keller-repeche-par-les-washington-capitals","status":"publish","type":"post","link":"https:\/\/dicodusport.fr\/blog\/nhl-le-jeune-gardien-francais-antoine-keller-repeche-par-les-washington-capitals\/","title":{"rendered":"NHL : Le jeune gardien fran\u00e7ais Antoine Keller rep\u00each\u00e9 par les Washington Capitals"},"content":{"rendered":"<p align=\"justify\"><em><strong>NHL &#8211; Pour la premi\u00e8re fois 2017, un joueur fran\u00e7ais a \u00e9t\u00e9 rep\u00each\u00e9 par une franchise NHL \u00e0 la Draft ! Jeune gardien des U20 du Gen\u00e8ve-Servette, le Dijonnais Antoine Keller a \u00e9t\u00e9 s\u00e9lectionn\u00e9 au 206\u1d49 rang par les Washington Capitals. Il est seulement le 6\u1d49 joueur fran\u00e7ais \u00e0 conna\u00eetre cet honneur.<\/strong><\/em><\/p>\n<p align=\"justify\">C&rsquo;est la belle surprise tricolore de la <strong>Draft NHL<\/strong>. Le hockey sur glace fran\u00e7ais n&rsquo;avait plus eu un de ses repr\u00e9sentants s\u00e9lectionn\u00e9s lors du grand rep\u00eachage depuis <strong>Alexandre Texier<\/strong> en 2017. <strong>Washington<\/strong> a mis fin \u00e0 cette attente en misant sur <strong>Antoine Keller<\/strong> en toute fin de 7\u1d49 et dernier tour. Pour mettre le grappin sur le jeune gardien tricolore en<strong> 206\u1d49 position<\/strong>, les <strong>Capitals<\/strong> ont \u00e9chang\u00e9 un futur choix de 7\u1d49 Tour (2025) \u00e0 San Jose.<\/p>\n<h2 style=\"text-align: justify;\" align=\"justify\">Seulement le 6\u1d49 joueur fran\u00e7ais rep\u00each\u00e9 dans l&rsquo;histoire<\/h2>\n<p align=\"justify\">\u00c2g\u00e9 de 18 ans, le Dijonnais repr\u00e9sente l&rsquo;avenir du poste de gardien de but en France, au m\u00eame titre que <strong>Martin Neckar<\/strong> (qui sera lui \u00e9ligible \u00e0 la Draft 2024). Depuis de longues ann\u00e9es maintenant, il a travers\u00e9 la fronti\u00e8re pour effectuer sa formation en Suisse. Couv\u00e9 par le <strong>Gen\u00e8ve-Servette<\/strong>, il a gravi les \u00e9chelons un \u00e0 un depuis les U15 pour devenir depuis deux ans le <strong>titulaire indiscutable des U20<\/strong>. La saison derni\u00e8re, il aura \u00e9t\u00e9 \u00e0 plusieurs reprises sur le banc de l&rsquo;\u00e9quipe phare \u00e9voluant en <strong>National League<\/strong>. Sans pour le moment avoir sa chance. En fin d&rsquo;ann\u00e9e, il a disput\u00e9 une poign\u00e9e de matchs avec le club de <strong>Martigny<\/strong>, au troisi\u00e8me \u00e9chelon suisse.<\/p>\n<p align=\"justify\">Indiscutable chez les <strong>Bleuets<\/strong> lors de chaque rassemblement, il a notamment \u00e9t\u00e9 d\u00e9terminant dans l&rsquo;obtention de <a href=\"https:\/\/dicodusport.fr\/blog\/mondiaux-d1a-u18-les-bleuets-battent-le-japon-pour-decrocher-la-medaille-de-bronze\/\">la m\u00e9daille de bronze r\u00e9colt\u00e9e aux Mondiaux D1A<\/a> par les U18 en 2022, mais avait \u00e9galement rayonn\u00e9 sur <a href=\"https:\/\/dicodusport.fr\/blog\/hockey-sur-glace-les-bleuets-battent-la-slovenie-pour-decrocher-la-montee-en-d1a\/\">le Mondial D1B U20 remport\u00e9<\/a> quelques mois plus t\u00f4t en \u00e9tant \u00e9lu meilleur gardien. Suivi de tr\u00e8s pr\u00e8s par le staff de l&rsquo;\u00e9quipe senior, il devrait dans les prochaines ann\u00e9es rapidement se faire sa place.<\/p>\n<p align=\"justify\">Il inscrit au passage son nom dans l&rsquo;histoire du hockey sur glace fran\u00e7ais puisqu&rsquo;il est seulement <strong>le sixi\u00e8me joueur fran\u00e7ais<\/strong> \u00e0 \u00eatre appel\u00e9 lors d&rsquo;une Draft en NHL. Mais aussi le deuxi\u00e8me gardien, vingt-deux ans apr\u00e8s <strong>Cristobal Huet<\/strong>. Le futur vainqueur de la Coupe Stanley avait alors \u00e9t\u00e9 rep\u00each\u00e9 au 214\u1d49 rang. Autre signe du destin, il a aussi port\u00e9 furtivement le maillot des Capitals (20 matchs) durant sa carri\u00e8re NHL. Si le chemin est encore tr\u00e8s long, on en peut que lui souhaiter la m\u00eame r\u00e9ussite que son brillant a\u00een\u00e9 !<\/p>\n<h3 style=\"text-align: justify;\" align=\"justify\">Les six joueurs fran\u00e7ais draft\u00e9s en NHL :<\/h3>\n<ul>\n<li style=\"text-align: justify;\">1971 : Andr\u00e9 PELOFFY en 111e position par les New York Rangers<\/li>\n<li style=\"text-align: justify;\">1999 : Yorick TREILLE en 195e position par les Chicago Blackhawks<\/li>\n<li style=\"text-align: justify;\">2001 : Cristobal HUET en 214e position par les Los Angeles Kings<\/li>\n<li style=\"text-align: justify;\">2012 : Tim BOZON en 64 position par le Canadien de Montr\u00e9al<\/li>\n<li style=\"text-align: justify;\">2017 : ALexandre TEXIER en 45e position par les Columbus Blue Jackets<\/li>\n<li style=\"text-align: justify;\">2023 : Antoine KELLER en 206e position par les Washington Capitals<\/li>\n<\/ul>\n<blockquote class=\"twitter-tweet\">\n<p dir=\"ltr\" lang=\"en\">With the 206th pick in the 2023 NHL Draft, the Washington Capitals are proud to select Antoine Keller! <a href=\"https:\/\/twitter.com\/hashtag\/CapsDraft?src=hash&amp;ref_src=twsrc%5Etfw\">#CapsDraft<\/a> | <a href=\"https:\/\/twitter.com\/MedStarHealth?ref_src=twsrc%5Etfw\">@MedStarHealth<\/a> <a href=\"https:\/\/t.co\/Is1pSH4ap6\">pic.twitter.com\/Is1pSH4ap6<\/a><\/p>\n<p>\u2014 Washington Capitals (@Capitals) <a href=\"https:\/\/twitter.com\/Capitals\/status\/1674484330603618328?ref_src=twsrc%5Etfw\">June 29, 2023<\/a><\/p><\/blockquote>\n<p><script async src=\"https:\/\/platform.twitter.com\/widgets.js\" charset=\"utf-8\"><\/script><\/p>\n","protected":false},"excerpt":{"rendered":"<p>NHL &#8211; Pour la premi\u00e8re fois 2017, un joueur fran\u00e7ais a \u00e9t\u00e9 rep\u00each\u00e9 par une franchise NHL \u00e0 la Draft ! Jeune gardien des U20 du Gen\u00e8ve-Servette, le Dijonnais Antoine Keller a \u00e9t\u00e9 s\u00e9lectionn\u00e9 au 206\u1d49 rang par les Washington Capitals. Il est seulement le 6\u1d49 joueur fran\u00e7ais \u00e0 conna\u00eetre cet honneur.<\/p>\n","protected":false},"author":55,"featured_media":215403,"comment_status":"open","ping_status":"closed","sticky":false,"template":"","format":"standard","meta":{"_acf_changed":false,"_daextam_enable_autolinks":"","footnotes":""},"categories":[10575],"tags":[22889,16878,20559,5729,19851],"class_list":["post-395734","post","type-post","status-publish","format-standard","has-post-thumbnail","hentry","category-hockey-sur-glace","tag-antoine-keller","tag-breve","tag-geneve-servette","tag-nhl","tag-washington-capitals"],"acf":[],"yoast_head":"<!-- This site is optimized with the Yoast SEO Premium plugin v26.7 (Yoast SEO v26.7) - https:\/\/yoast.com\/wordpress\/plugins\/seo\/ -->\n<title>NHL : Le jeune gardien fran\u00e7ais Antoine Keller rep\u00each\u00e9 par les Washington Capitals<\/title>\n<meta name=\"description\" content=\"NHL - Le gardien fran\u00e7ais Antoine Keller (Gen\u00e8ve-Servette) a \u00e9t\u00e9 rep\u00each\u00e9 en 206e position par les Washington Capitals.\" \/>\n<meta name=\"robots\" content=\"index, follow, max-snippet:-1, max-image-preview:large, max-video-preview:-1\" \/>\n<link rel=\"canonical\" href=\"https:\/\/dicodusport.fr\/blog\/nhl-le-jeune-gardien-francais-antoine-keller-repeche-par-les-washington-capitals\/\" \/>\n<meta property=\"og:locale\" content=\"fr_FR\" \/>\n<meta property=\"og:type\" content=\"article\" \/>\n<meta property=\"og:title\" content=\"NHL : Le jeune gardien fran\u00e7ais Antoine Keller rep\u00each\u00e9 par les Washington Capitals\" \/>\n<meta property=\"og:description\" content=\"NHL - Le gardien fran\u00e7ais Antoine Keller (Gen\u00e8ve-Servette) a \u00e9t\u00e9 rep\u00each\u00e9 en 206e position par les Washington Capitals.\" \/>\n<meta property=\"og:url\" content=\"https:\/\/dicodusport.fr\/blog\/nhl-le-jeune-gardien-francais-antoine-keller-repeche-par-les-washington-capitals\/\" \/>\n<meta property=\"og:site_name\" content=\"Dicodusport\" \/>\n<meta property=\"article:publisher\" content=\"https:\/\/www.facebook.com\/dicodusport\" \/>\n<meta property=\"article:published_time\" content=\"2023-06-30T06:24:11+00:00\" \/>\n<meta property=\"article:modified_time\" content=\"2023-06-30T06:30:37+00:00\" \/>\n<meta property=\"og:image\" content=\"https:\/\/dicodusport.fr\/blog\/wp-content\/uploads\/2022\/04\/Mondial-D1A-U18-Antoine-Keller-ange-gardien-des-Bleuets.png\" \/>\n\t<meta property=\"og:image:width\" content=\"800\" \/>\n\t<meta property=\"og:image:height\" content=\"445\" \/>\n\t<meta property=\"og:image:type\" content=\"image\/png\" \/>\n<meta name=\"author\" content=\"Maxime Cazenave\" \/>\n<meta name=\"twitter:card\" content=\"summary_large_image\" \/>\n<meta name=\"twitter:title\" content=\"NHL : Le jeune gardien fran\u00e7ais Antoine Keller rep\u00each\u00e9 par les Washington Capitals\" \/>\n<meta name=\"twitter:creator\" content=\"@https:\/\/twitter.com\/Maxime_Caze\" \/>\n<meta name=\"twitter:site\" content=\"@dicodusport\" \/>\n<script type=\"application\/ld+json\" class=\"yoast-schema-graph\">{\"@context\":\"https:\/\/schema.org\",\"@graph\":[{\"@type\":\"NewsArticle\",\"@id\":\"https:\/\/dicodusport.fr\/blog\/nhl-le-jeune-gardien-francais-antoine-keller-repeche-par-les-washington-capitals\/#article\",\"isPartOf\":{\"@id\":\"https:\/\/dicodusport.fr\/blog\/nhl-le-jeune-gardien-francais-antoine-keller-repeche-par-les-washington-capitals\/\"},\"author\":{\"name\":\"Maxime Cazenave\",\"@id\":\"https:\/\/dicodusport.fr\/blog\/#\/schema\/person\/37def232098a7a5cbab3974a3690abb0\"},\"headline\":\"NHL : Le jeune gardien fran\u00e7ais Antoine Keller rep\u00each\u00e9 par les Washington Capitals\",\"datePublished\":\"2023-06-30T06:24:11+00:00\",\"dateModified\":\"2023-06-30T06:30:37+00:00\",\"mainEntityOfPage\":{\"@id\":\"https:\/\/dicodusport.fr\/blog\/nhl-le-jeune-gardien-francais-antoine-keller-repeche-par-les-washington-capitals\/\"},\"wordCount\":555,\"commentCount\":0,\"publisher\":{\"@id\":\"https:\/\/dicodusport.fr\/blog\/#organization\"},\"image\":{\"@id\":\"https:\/\/dicodusport.fr\/blog\/nhl-le-jeune-gardien-francais-antoine-keller-repeche-par-les-washington-capitals\/#primaryimage\"},\"thumbnailUrl\":\"https:\/\/dicodusport.fr\/blog\/wp-content\/uploads\/2022\/04\/Mondial-D1A-U18-Antoine-Keller-ange-gardien-des-Bleuets.png\",\"keywords\":[\"Antoine Keller\",\"br\u00e8ve\",\"Gen\u00e8ve-Servette\",\"NHL\",\"Washington Capitals\"],\"articleSection\":[\"Hockey sur glace\"],\"inLanguage\":\"fr-FR\",\"potentialAction\":[{\"@type\":\"CommentAction\",\"name\":\"Comment\",\"target\":[\"https:\/\/dicodusport.fr\/blog\/nhl-le-jeune-gardien-francais-antoine-keller-repeche-par-les-washington-capitals\/#respond\"]}],\"copyrightYear\":\"2023\",\"copyrightHolder\":{\"@id\":\"https:\/\/dicodusport.fr\/blog\/#organization\"}},{\"@type\":\"WebPage\",\"@id\":\"https:\/\/dicodusport.fr\/blog\/nhl-le-jeune-gardien-francais-antoine-keller-repeche-par-les-washington-capitals\/\",\"url\":\"https:\/\/dicodusport.fr\/blog\/nhl-le-jeune-gardien-francais-antoine-keller-repeche-par-les-washington-capitals\/\",\"name\":\"NHL : Le jeune gardien fran\u00e7ais Antoine Keller rep\u00each\u00e9 par les Washington Capitals\",\"isPartOf\":{\"@id\":\"https:\/\/dicodusport.fr\/blog\/#website\"},\"primaryImageOfPage\":{\"@id\":\"https:\/\/dicodusport.fr\/blog\/nhl-le-jeune-gardien-francais-antoine-keller-repeche-par-les-washington-capitals\/#primaryimage\"},\"image\":{\"@id\":\"https:\/\/dicodusport.fr\/blog\/nhl-le-jeune-gardien-francais-antoine-keller-repeche-par-les-washington-capitals\/#primaryimage\"},\"thumbnailUrl\":\"https:\/\/dicodusport.fr\/blog\/wp-content\/uploads\/2022\/04\/Mondial-D1A-U18-Antoine-Keller-ange-gardien-des-Bleuets.png\",\"datePublished\":\"2023-06-30T06:24:11+00:00\",\"dateModified\":\"2023-06-30T06:30:37+00:00\",\"description\":\"NHL - Le gardien fran\u00e7ais Antoine Keller (Gen\u00e8ve-Servette) a \u00e9t\u00e9 rep\u00each\u00e9 en 206e position par les Washington Capitals.\",\"breadcrumb\":{\"@id\":\"https:\/\/dicodusport.fr\/blog\/nhl-le-jeune-gardien-francais-antoine-keller-repeche-par-les-washington-capitals\/#breadcrumb\"},\"inLanguage\":\"fr-FR\",\"potentialAction\":[{\"@type\":\"ReadAction\",\"target\":[\"https:\/\/dicodusport.fr\/blog\/nhl-le-jeune-gardien-francais-antoine-keller-repeche-par-les-washington-capitals\/\"]}]},{\"@type\":\"ImageObject\",\"inLanguage\":\"fr-FR\",\"@id\":\"https:\/\/dicodusport.fr\/blog\/nhl-le-jeune-gardien-francais-antoine-keller-repeche-par-les-washington-capitals\/#primaryimage\",\"url\":\"https:\/\/dicodusport.fr\/blog\/wp-content\/uploads\/2022\/04\/Mondial-D1A-U18-Antoine-Keller-ange-gardien-des-Bleuets.png\",\"contentUrl\":\"https:\/\/dicodusport.fr\/blog\/wp-content\/uploads\/2022\/04\/Mondial-D1A-U18-Antoine-Keller-ange-gardien-des-Bleuets.png\",\"width\":800,\"height\":445,\"caption\":\"Mondial D1A U18 Antoine Keller, ange gardien des Bleuets\"},{\"@type\":\"BreadcrumbList\",\"@id\":\"https:\/\/dicodusport.fr\/blog\/nhl-le-jeune-gardien-francais-antoine-keller-repeche-par-les-washington-capitals\/#breadcrumb\",\"itemListElement\":[{\"@type\":\"ListItem\",\"position\":1,\"name\":\"Accueil\",\"item\":\"https:\/\/dicodusport.fr\/blog\/\"},{\"@type\":\"ListItem\",\"position\":2,\"name\":\"NHL : Le jeune gardien fran\u00e7ais Antoine Keller rep\u00each\u00e9 par les Washington Capitals\"}]},{\"@type\":\"WebSite\",\"@id\":\"https:\/\/dicodusport.fr\/blog\/#website\",\"url\":\"https:\/\/dicodusport.fr\/blog\/\",\"name\":\"Dicodusport\",\"description\":\"L&#039;encyclop\u00e9die de l&#039;actualit\u00e9 sportive\",\"publisher\":{\"@id\":\"https:\/\/dicodusport.fr\/blog\/#organization\"},\"potentialAction\":[{\"@type\":\"SearchAction\",\"target\":{\"@type\":\"EntryPoint\",\"urlTemplate\":\"https:\/\/dicodusport.fr\/blog\/?s={search_term_string}\"},\"query-input\":{\"@type\":\"PropertyValueSpecification\",\"valueRequired\":true,\"valueName\":\"search_term_string\"}}],\"inLanguage\":\"fr-FR\"},{\"@type\":\"NewsMediaOrganization\",\"@id\":\"https:\/\/dicodusport.fr\/blog\/#organization\",\"name\":\"Dicodusport\",\"url\":\"https:\/\/dicodusport.fr\/blog\/\",\"logo\":{\"@type\":\"ImageObject\",\"inLanguage\":\"fr-FR\",\"@id\":\"https:\/\/dicodusport.fr\/blog\/#\/schema\/logo\/image\/\",\"url\":\"https:\/\/dicodusport.fr\/blog\/wp-content\/uploads\/2020\/06\/cropped-LOGO-DICODUSPORT-2020-SANS-FOND-SANS-TEXTE.png\",\"contentUrl\":\"https:\/\/dicodusport.fr\/blog\/wp-content\/uploads\/2020\/06\/cropped-LOGO-DICODUSPORT-2020-SANS-FOND-SANS-TEXTE.png\",\"width\":512,\"height\":512,\"caption\":\"Dicodusport\"},\"image\":{\"@id\":\"https:\/\/dicodusport.fr\/blog\/#\/schema\/logo\/image\/\"},\"sameAs\":[\"https:\/\/www.facebook.com\/dicodusport\",\"https:\/\/x.com\/dicodusport\",\"https:\/\/www.instagram.com\/dicodusport\/\",\"https:\/\/www.youtube.com\/channel\/UC7V2KZ5sd3htJivAbA4ZG3w\"],\"description\":\"Dicodusport est l'encyclop\u00e9die de l'actualit\u00e9 sportive.\",\"email\":\"bonjour@dicodusport.fr\",\"legalName\":\"DICODUSPORT\",\"foundingDate\":\"2018-01-14\",\"vatID\":\"FR71834470973\",\"taxID\":\"83447097300043\",\"numberOfEmployees\":{\"@type\":\"QuantitativeValue\",\"minValue\":\"1\",\"maxValue\":\"10\"}},{\"@type\":\"Person\",\"@id\":\"https:\/\/dicodusport.fr\/blog\/#\/schema\/person\/37def232098a7a5cbab3974a3690abb0\",\"name\":\"Maxime Cazenave\",\"image\":{\"@type\":\"ImageObject\",\"inLanguage\":\"fr-FR\",\"@id\":\"https:\/\/dicodusport.fr\/blog\/#\/schema\/person\/image\/\",\"url\":\"https:\/\/dicodusport.fr\/blog\/wp-content\/uploads\/2021\/05\/Maxime-Cazenave-150x150.jpg\",\"contentUrl\":\"https:\/\/dicodusport.fr\/blog\/wp-content\/uploads\/2021\/05\/Maxime-Cazenave-150x150.jpg\",\"caption\":\"Maxime Cazenave\"},\"description\":\"Journaliste\/R\u00e9dacteur depuis 2012 - Berc\u00e9 par l\u2019amour des Girondins de Bordeaux, les \u00e9checs de Christophe Moreau sur le Tour de France sous l'\u00e8re Lance Armstrong et le fade-away l\u00e9tal de Dirk Nowitzki, ma passion d\u00e9vorante pour le sport a toujours \u00e9t\u00e9 un pan incontournable de ma vie. Transmettre ma passion \u00e0 l\u2019\u00e9crit a \u00e9t\u00e9 une transition naturelle. Suiveur assidu de basket et de hockey sur glace, je garde toujours un peu de place pour suivre le cyclisme, le football et le maximum de performances fran\u00e7aises.\",\"sameAs\":[\"https:\/\/x.com\/https:\/\/twitter.com\/Maxime_Caze\"],\"url\":\"https:\/\/dicodusport.fr\/blog\/author\/maximec\/\"}]}<\/script>\n<!-- \/ Yoast SEO Premium plugin. -->","yoast_head_json":{"title":"NHL : Le jeune gardien fran\u00e7ais Antoine Keller rep\u00each\u00e9 par les Washington Capitals","description":"NHL - Le gardien fran\u00e7ais Antoine Keller (Gen\u00e8ve-Servette) a \u00e9t\u00e9 rep\u00each\u00e9 en 206e position par les Washington Capitals.","robots":{"index":"index","follow":"follow","max-snippet":"max-snippet:-1","max-image-preview":"max-image-preview:large","max-video-preview":"max-video-preview:-1"},"canonical":"https:\/\/dicodusport.fr\/blog\/nhl-le-jeune-gardien-francais-antoine-keller-repeche-par-les-washington-capitals\/","og_locale":"fr_FR","og_type":"article","og_title":"NHL : Le jeune gardien fran\u00e7ais Antoine Keller rep\u00each\u00e9 par les Washington Capitals","og_description":"NHL - Le gardien fran\u00e7ais Antoine Keller (Gen\u00e8ve-Servette) a \u00e9t\u00e9 rep\u00each\u00e9 en 206e position par les Washington Capitals.","og_url":"https:\/\/dicodusport.fr\/blog\/nhl-le-jeune-gardien-francais-antoine-keller-repeche-par-les-washington-capitals\/","og_site_name":"Dicodusport","article_publisher":"https:\/\/www.facebook.com\/dicodusport","article_published_time":"2023-06-30T06:24:11+00:00","article_modified_time":"2023-06-30T06:30:37+00:00","og_image":[{"width":800,"height":445,"url":"https:\/\/dicodusport.fr\/blog\/wp-content\/uploads\/2022\/04\/Mondial-D1A-U18-Antoine-Keller-ange-gardien-des-Bleuets.png","type":"image\/png"}],"author":"Maxime Cazenave","twitter_card":"summary_large_image","twitter_title":"NHL : Le jeune gardien fran\u00e7ais Antoine Keller rep\u00each\u00e9 par les Washington Capitals","twitter_creator":"@https:\/\/twitter.com\/Maxime_Caze","twitter_site":"@dicodusport","schema":{"@context":"https:\/\/schema.org","@graph":[{"@type":"NewsArticle","@id":"https:\/\/dicodusport.fr\/blog\/nhl-le-jeune-gardien-francais-antoine-keller-repeche-par-les-washington-capitals\/#article","isPartOf":{"@id":"https:\/\/dicodusport.fr\/blog\/nhl-le-jeune-gardien-francais-antoine-keller-repeche-par-les-washington-capitals\/"},"author":{"name":"Maxime Cazenave","@id":"https:\/\/dicodusport.fr\/blog\/#\/schema\/person\/37def232098a7a5cbab3974a3690abb0"},"headline":"NHL : Le jeune gardien fran\u00e7ais Antoine Keller rep\u00each\u00e9 par les Washington Capitals","datePublished":"2023-06-30T06:24:11+00:00","dateModified":"2023-06-30T06:30:37+00:00","mainEntityOfPage":{"@id":"https:\/\/dicodusport.fr\/blog\/nhl-le-jeune-gardien-francais-antoine-keller-repeche-par-les-washington-capitals\/"},"wordCount":555,"commentCount":0,"publisher":{"@id":"https:\/\/dicodusport.fr\/blog\/#organization"},"image":{"@id":"https:\/\/dicodusport.fr\/blog\/nhl-le-jeune-gardien-francais-antoine-keller-repeche-par-les-washington-capitals\/#primaryimage"},"thumbnailUrl":"https:\/\/dicodusport.fr\/blog\/wp-content\/uploads\/2022\/04\/Mondial-D1A-U18-Antoine-Keller-ange-gardien-des-Bleuets.png","keywords":["Antoine Keller","br\u00e8ve","Gen\u00e8ve-Servette","NHL","Washington Capitals"],"articleSection":["Hockey sur glace"],"inLanguage":"fr-FR","potentialAction":[{"@type":"CommentAction","name":"Comment","target":["https:\/\/dicodusport.fr\/blog\/nhl-le-jeune-gardien-francais-antoine-keller-repeche-par-les-washington-capitals\/#respond"]}],"copyrightYear":"2023","copyrightHolder":{"@id":"https:\/\/dicodusport.fr\/blog\/#organization"}},{"@type":"WebPage","@id":"https:\/\/dicodusport.fr\/blog\/nhl-le-jeune-gardien-francais-antoine-keller-repeche-par-les-washington-capitals\/","url":"https:\/\/dicodusport.fr\/blog\/nhl-le-jeune-gardien-francais-antoine-keller-repeche-par-les-washington-capitals\/","name":"NHL : Le jeune gardien fran\u00e7ais Antoine Keller rep\u00each\u00e9 par les Washington Capitals","isPartOf":{"@id":"https:\/\/dicodusport.fr\/blog\/#website"},"primaryImageOfPage":{"@id":"https:\/\/dicodusport.fr\/blog\/nhl-le-jeune-gardien-francais-antoine-keller-repeche-par-les-washington-capitals\/#primaryimage"},"image":{"@id":"https:\/\/dicodusport.fr\/blog\/nhl-le-jeune-gardien-francais-antoine-keller-repeche-par-les-washington-capitals\/#primaryimage"},"thumbnailUrl":"https:\/\/dicodusport.fr\/blog\/wp-content\/uploads\/2022\/04\/Mondial-D1A-U18-Antoine-Keller-ange-gardien-des-Bleuets.png","datePublished":"2023-06-30T06:24:11+00:00","dateModified":"2023-06-30T06:30:37+00:00","description":"NHL - Le gardien fran\u00e7ais Antoine Keller (Gen\u00e8ve-Servette) a \u00e9t\u00e9 rep\u00each\u00e9 en 206e position par les Washington Capitals.","breadcrumb":{"@id":"https:\/\/dicodusport.fr\/blog\/nhl-le-jeune-gardien-francais-antoine-keller-repeche-par-les-washington-capitals\/#breadcrumb"},"inLanguage":"fr-FR","potentialAction":[{"@type":"ReadAction","target":["https:\/\/dicodusport.fr\/blog\/nhl-le-jeune-gardien-francais-antoine-keller-repeche-par-les-washington-capitals\/"]}]},{"@type":"ImageObject","inLanguage":"fr-FR","@id":"https:\/\/dicodusport.fr\/blog\/nhl-le-jeune-gardien-francais-antoine-keller-repeche-par-les-washington-capitals\/#primaryimage","url":"https:\/\/dicodusport.fr\/blog\/wp-content\/uploads\/2022\/04\/Mondial-D1A-U18-Antoine-Keller-ange-gardien-des-Bleuets.png","contentUrl":"https:\/\/dicodusport.fr\/blog\/wp-content\/uploads\/2022\/04\/Mondial-D1A-U18-Antoine-Keller-ange-gardien-des-Bleuets.png","width":800,"height":445,"caption":"Mondial D1A U18 Antoine Keller, ange gardien des Bleuets"},{"@type":"BreadcrumbList","@id":"https:\/\/dicodusport.fr\/blog\/nhl-le-jeune-gardien-francais-antoine-keller-repeche-par-les-washington-capitals\/#breadcrumb","itemListElement":[{"@type":"ListItem","position":1,"name":"Accueil","item":"https:\/\/dicodusport.fr\/blog\/"},{"@type":"ListItem","position":2,"name":"NHL : Le jeune gardien fran\u00e7ais Antoine Keller rep\u00each\u00e9 par les Washington Capitals"}]},{"@type":"WebSite","@id":"https:\/\/dicodusport.fr\/blog\/#website","url":"https:\/\/dicodusport.fr\/blog\/","name":"Dicodusport","description":"L&#039;encyclop\u00e9die de l&#039;actualit\u00e9 sportive","publisher":{"@id":"https:\/\/dicodusport.fr\/blog\/#organization"},"potentialAction":[{"@type":"SearchAction","target":{"@type":"EntryPoint","urlTemplate":"https:\/\/dicodusport.fr\/blog\/?s={search_term_string}"},"query-input":{"@type":"PropertyValueSpecification","valueRequired":true,"valueName":"search_term_string"}}],"inLanguage":"fr-FR"},{"@type":"NewsMediaOrganization","@id":"https:\/\/dicodusport.fr\/blog\/#organization","name":"Dicodusport","url":"https:\/\/dicodusport.fr\/blog\/","logo":{"@type":"ImageObject","inLanguage":"fr-FR","@id":"https:\/\/dicodusport.fr\/blog\/#\/schema\/logo\/image\/","url":"https:\/\/dicodusport.fr\/blog\/wp-content\/uploads\/2020\/06\/cropped-LOGO-DICODUSPORT-2020-SANS-FOND-SANS-TEXTE.png","contentUrl":"https:\/\/dicodusport.fr\/blog\/wp-content\/uploads\/2020\/06\/cropped-LOGO-DICODUSPORT-2020-SANS-FOND-SANS-TEXTE.png","width":512,"height":512,"caption":"Dicodusport"},"image":{"@id":"https:\/\/dicodusport.fr\/blog\/#\/schema\/logo\/image\/"},"sameAs":["https:\/\/www.facebook.com\/dicodusport","https:\/\/x.com\/dicodusport","https:\/\/www.instagram.com\/dicodusport\/","https:\/\/www.youtube.com\/channel\/UC7V2KZ5sd3htJivAbA4ZG3w"],"description":"Dicodusport est l'encyclop\u00e9die de l'actualit\u00e9 sportive.","email":"bonjour@dicodusport.fr","legalName":"DICODUSPORT","foundingDate":"2018-01-14","vatID":"FR71834470973","taxID":"83447097300043","numberOfEmployees":{"@type":"QuantitativeValue","minValue":"1","maxValue":"10"}},{"@type":"Person","@id":"https:\/\/dicodusport.fr\/blog\/#\/schema\/person\/37def232098a7a5cbab3974a3690abb0","name":"Maxime Cazenave","image":{"@type":"ImageObject","inLanguage":"fr-FR","@id":"https:\/\/dicodusport.fr\/blog\/#\/schema\/person\/image\/","url":"https:\/\/dicodusport.fr\/blog\/wp-content\/uploads\/2021\/05\/Maxime-Cazenave-150x150.jpg","contentUrl":"https:\/\/dicodusport.fr\/blog\/wp-content\/uploads\/2021\/05\/Maxime-Cazenave-150x150.jpg","caption":"Maxime Cazenave"},"description":"Journaliste\/R\u00e9dacteur depuis 2012 - Berc\u00e9 par l\u2019amour des Girondins de Bordeaux, les \u00e9checs de Christophe Moreau sur le Tour de France sous l'\u00e8re Lance Armstrong et le fade-away l\u00e9tal de Dirk Nowitzki, ma passion d\u00e9vorante pour le sport a toujours \u00e9t\u00e9 un pan incontournable de ma vie. Transmettre ma passion \u00e0 l\u2019\u00e9crit a \u00e9t\u00e9 une transition naturelle. Suiveur assidu de basket et de hockey sur glace, je garde toujours un peu de place pour suivre le cyclisme, le football et le maximum de performances fran\u00e7aises.","sameAs":["https:\/\/x.com\/https:\/\/twitter.com\/Maxime_Caze"],"url":"https:\/\/dicodusport.fr\/blog\/author\/maximec\/"}]}},"_links":{"self":[{"href":"https:\/\/dicodusport.fr\/blog\/wp-json\/wp\/v2\/posts\/395734","targetHints":{"allow":["GET"]}}],"collection":[{"href":"https:\/\/dicodusport.fr\/blog\/wp-json\/wp\/v2\/posts"}],"about":[{"href":"https:\/\/dicodusport.fr\/blog\/wp-json\/wp\/v2\/types\/post"}],"author":[{"embeddable":true,"href":"https:\/\/dicodusport.fr\/blog\/wp-json\/wp\/v2\/users\/55"}],"replies":[{"embeddable":true,"href":"https:\/\/dicodusport.fr\/blog\/wp-json\/wp\/v2\/comments?post=395734"}],"version-history":[{"count":0,"href":"https:\/\/dicodusport.fr\/blog\/wp-json\/wp\/v2\/posts\/395734\/revisions"}],"wp:featuredmedia":[{"embeddable":true,"href":"https:\/\/dicodusport.fr\/blog\/wp-json\/wp\/v2\/media\/215403"}],"wp:attachment":[{"href":"https:\/\/dicodusport.fr\/blog\/wp-json\/wp\/v2\/media?parent=395734"}],"wp:term":[{"taxonomy":"category","embeddable":true,"href":"https:\/\/dicodusport.fr\/blog\/wp-json\/wp\/v2\/categories?post=395734"},{"taxonomy":"post_tag","embeddable":true,"href":"https:\/\/dicodusport.fr\/blog\/wp-json\/wp\/v2\/tags?post=395734"}],"curies":[{"name":"wp","href":"https:\/\/api.w.org\/{rel}","templated":true}]}}