{"id":395934,"date":"2023-06-30T18:11:02","date_gmt":"2023-06-30T16:11:02","guid":{"rendered":"https:\/\/dicodusport.fr\/blog\/?p=395934&#038;preview=true&#038;preview_id=395934"},"modified":"2023-06-30T21:13:14","modified_gmt":"2023-06-30T19:13:14","slug":"vtt-xcc-val-di-sole-laura-stigger-lemporte-pauline-ferrand-prevot-troisieme","status":"publish","type":"post","link":"https:\/\/dicodusport.fr\/blog\/vtt-xcc-val-di-sole-laura-stigger-lemporte-pauline-ferrand-prevot-troisieme\/","title":{"rendered":"VTT XCC Val di Sole : Laura Stigger l&#8217;emporte, Pauline Ferrand-Pr\u00e9vot troisi\u00e8me"},"content":{"rendered":"<p style=\"text-align: justify;\" align=\"justify\"><em><strong>VTT XCC VAL DI SOLE &#8211; Laura Stigger remporte la 4\u1d49 manche de XCC \u00e0 Val di Sole (Italie). Elle a domin\u00e9 au sprint Puck Pieterse. Pauline Ferrand-Pr\u00e9vot r\u00e8gle le sprint des poursuivantes pour la 3\u1d49 place. C&rsquo;est la 2\u1d49 victoire en XCC de la saison pour l&rsquo;Autrichienne.<\/strong><\/em><\/p>\n<p style=\"text-align: justify;\">Apr\u00e8s sa victoire, lors de la derni\u00e8re manche \u00e0 Leogang, <strong>Pauline Ferrand-Pr\u00e9vot<\/strong> garde la main sur le podium. En prenant la 3\u1d49 place de la 4\u1d49 manche d&rsquo;XCC \u00e0 Val di Sole. La championne du monde de la sp\u00e9cialit\u00e9 pourra sans doute regretter d&rsquo;avoir \u00e9t\u00e9 enferm\u00e9e dans le dernier tour. L&#8217;emp\u00eachant de r\u00e9pondre directement aux attaques de <strong>Puck Pieterse<\/strong> et <strong>Laura Stigger<\/strong>, qui ont fait la diff\u00e9rence dans la bosse, dans le 7\u1d49 et ultime tour. Mais, elle a su remporter le sprint des poursuivantes. Pour prendre la 3\u1d49 place. Et, marquer des points pr\u00e9cieux, qui la maintiennent en t\u00eate du classement g\u00e9n\u00e9ral de la sp\u00e9cialit\u00e9.<\/p>\n<h2 style=\"text-align: justify;\">Ferrand-Pr\u00e9vot en forme, mais parfois \u00e0 contretemps<\/h2>\n<p style=\"text-align: justify;\"><strong>Evie Richard<\/strong>s (Trek Factory Racing) prend la t\u00eate de la course, mais doit rapidement s&rsquo;arr\u00eater, sans doute ralentie par <strong>Anne Tepstra<\/strong> et g\u00eane <strong>Pauline Ferrand-Pr\u00e9vot<\/strong> (INEOS Grenadiers). La Britannique commettra d&rsquo;autres erreurs dans sa course et disparaitra totalement (25\u1d49). C&rsquo;est d\u00e9sormais <strong>Puck Pieterse<\/strong> (Alpecin-Deceuninck) qui prend la t\u00eate de la course, avec une cassure. Et <em>PFP<\/em> se trouve dans le mauvais groupe. D\u00e9j\u00e0, des premiers efforts \u00e0 fournir pour revenir dans le groupe de t\u00eate. Mais, elle fait rapidement l&rsquo;effort pour recoller dans le bon groupe, toujours cal\u00e9e en 5\u1d49-6\u1d49 position.<\/p>\n<p style=\"text-align: justify;\">\u00c0 la mi-course, la Fran\u00e7aise porte une premi\u00e8re acc\u00e9l\u00e9ration dans les pierres, alors que c&rsquo;est au tour de <strong>Puck Pieterse<\/strong> de se retrouver \u00e0 pied. Sans grandes cons\u00e9quences. <strong>Alessandra Keller<\/strong> (Thomus Maxon) et <strong>Laura Stigger<\/strong> (Specialized) sont en embuscade. La premi\u00e8re cit\u00e9e contre m\u00eame la championne du monde et creuse le premier petit \u00e9cart, en \u00e9tirant le groupe de t\u00eate. Mais, personne ne parvient \u00e0 faire la diff\u00e9rence et c&rsquo;est un groupe de t\u00eate encore compact dans le 5\u1d49 tour. C&rsquo;est dans ce tour qu&rsquo;un quatuor se d\u00e9gage. On retrouve<strong> Puck Pieterse, Alessandra Keller, Laura Stigger<\/strong> et <strong>Pauline Ferrand-Prevot<\/strong>, qui recolle. Avec <strong>Jenny Rissveds<\/strong> et <strong>Rebecca Henderson<\/strong> qui sont revenues.<\/p>\n<p style=\"text-align: justify;\">Dans le dernier tour, dans la bosse, <strong>Puck Pieterse<\/strong> porte son attaque, mais se fait contrer violemment par <strong>Laura Stigger<\/strong>, alors que<strong> Pauline Ferrand-Pr\u00e9vot<\/strong>, enferm\u00e9e au d\u00e9but du dernier tour, n&rsquo;a pas pu r\u00e9pondre aux deux attaques. On croit que la N\u00e9erlandaise va l&#8217;emporter au sprint. Mais, au dernier moment, l&rsquo;Autrichienne trouve les ressources pour coiffer sa rivale sur le poteau. Et, obtenir son 2\u1d49 succ\u00e8s de la saison en Coupe du monde XCC.<\/p>\n<blockquote class=\"twitter-tweet\">\n<p dir=\"ltr\" lang=\"en\">Another frenetic <a href=\"https:\/\/twitter.com\/hashtag\/MTBWorldCup?src=hash&amp;ref_src=twsrc%5Etfw\">#MTBWorldCup<\/a> short track race sees <a href=\"https:\/\/twitter.com\/FERRANDPREVOT?ref_src=twsrc%5Etfw\">@FERRANDPREVOT<\/a> finish a close third after seven hotly contested laps!<\/p>\n<p>A great appetiser for Sunday&rsquo;s XCO race in Val di Sole \ud83d\udc4f <a href=\"https:\/\/t.co\/mOiRWOJ2no\">pic.twitter.com\/mOiRWOJ2no<\/a><\/p>\n<p>\u2014 INEOS Grenadiers (@INEOSGrenadiers) <a href=\"https:\/\/twitter.com\/INEOSGrenadiers\/status\/1674812224311885826?ref_src=twsrc%5Etfw\">June 30, 2023<\/a><\/p><\/blockquote>\n<p><script async src=\"https:\/\/platform.twitter.com\/widgets.js\" charset=\"utf-8\"><\/script><\/p>\n<h2>\u00c0 lire aussi<\/h2>\n<ul>\n<li style=\"text-align: justify;\"><strong><a href=\"https:\/\/dicodusport.fr\/blog\/vtt-xcc-val-di-sole-classement-de-la-course-femmes\/\">VTT XCC &#8211; Classement de la course femmes de Val di Sole<\/a>\u00a0<\/strong><\/li>\n<li style=\"text-align: justify;\"><a href=\"https:\/\/dicodusport.fr\/blog\/vtt-xc-coupe-du-monde-2023-calendrier-et-resultats\/\"><strong>Calendrier et r\u00e9sultats de la Coupe du monde de VTT XC 2023<\/strong><\/a><\/li>\n<li style=\"text-align: justify;\"><a href=\"https:\/\/dicodusport.fr\/blog\/vtt-cross-country-classement-general-coupe-du-monde-2023\/\"><strong>Classement g\u00e9n\u00e9ral de la Coupe du monde de VTT XC 2023<\/strong><\/a><\/li>\n<\/ul>\n","protected":false},"excerpt":{"rendered":"<p>VTT XCC VAL DI SOLE &#8211; Laura Stigger remporte la 4e manche de XCC \u00e0 Val di Sole (Italie). Elle a domin\u00e9 au sprint Puck Pieterse. Pauline Ferrand-Pr\u00e9vot r\u00e8gle le sprint des poursuivantes pour la 3\u1d49 place. C&rsquo;est la 2\u1d49 victoire en XCC de la saison pour l&rsquo;Autrichienne.<\/p>\n","protected":false},"author":83,"featured_media":396052,"comment_status":"open","ping_status":"closed","sticky":false,"template":"","format":"standard","meta":{"_acf_changed":false,"_daextam_enable_autolinks":"","footnotes":""},"categories":[10279],"tags":[16878,26328],"class_list":["post-395934","post","type-post","status-publish","format-standard","has-post-thumbnail","hentry","category-vtt","tag-breve","tag-vtt-xcc-val-di-sole"],"acf":[],"yoast_head":"<!-- This site is optimized with the Yoast SEO Premium plugin v26.7 (Yoast SEO v26.7) - https:\/\/yoast.com\/wordpress\/plugins\/seo\/ -->\n<title>VTT XCC Val di Sole : Laura Stigger l&#039;emporte, Pauline Ferrand-Pr\u00e9vot troisi\u00e8me<\/title>\n<meta name=\"description\" content=\"VTT XCC VAL DI SOLE - Laura Stigger remporte la 4e manche de XCC \u00e0 Val di Sole (Italie). Elle a domin\u00e9 au sprint Puck Pieterse.\" \/>\n<meta name=\"robots\" content=\"index, follow, max-snippet:-1, max-image-preview:large, max-video-preview:-1\" \/>\n<link rel=\"canonical\" href=\"https:\/\/dicodusport.fr\/blog\/vtt-xcc-val-di-sole-laura-stigger-lemporte-pauline-ferrand-prevot-troisieme\/\" \/>\n<meta property=\"og:locale\" content=\"fr_FR\" \/>\n<meta property=\"og:type\" content=\"article\" \/>\n<meta property=\"og:title\" content=\"VTT XCC Val di Sole : Laura Stigger l&#039;emporte, Pauline Ferrand-Pr\u00e9vot troisi\u00e8me\" \/>\n<meta property=\"og:description\" content=\"VTT XCC VAL DI SOLE - Laura Stigger remporte la 4e manche de XCC \u00e0 Val di Sole (Italie). Elle a domin\u00e9 au sprint Puck Pieterse.\" \/>\n<meta property=\"og:url\" content=\"https:\/\/dicodusport.fr\/blog\/vtt-xcc-val-di-sole-laura-stigger-lemporte-pauline-ferrand-prevot-troisieme\/\" \/>\n<meta property=\"og:site_name\" content=\"Dicodusport\" \/>\n<meta property=\"article:publisher\" content=\"https:\/\/www.facebook.com\/dicodusport\" \/>\n<meta property=\"article:published_time\" content=\"2023-06-30T16:11:02+00:00\" \/>\n<meta property=\"article:modified_time\" content=\"2023-06-30T19:13:14+00:00\" \/>\n<meta property=\"og:image\" content=\"https:\/\/dicodusport.fr\/blog\/wp-content\/uploads\/2023\/06\/VTT-XCC-Val-di-Sole-Laura-Stigger-lemporte-Pauline-Ferrand-Prevot-troisieme.png\" \/>\n\t<meta property=\"og:image:width\" content=\"800\" \/>\n\t<meta property=\"og:image:height\" content=\"445\" \/>\n\t<meta property=\"og:image:type\" content=\"image\/png\" \/>\n<meta name=\"author\" content=\"Etienne Goursaud\" \/>\n<meta name=\"twitter:card\" content=\"summary_large_image\" \/>\n<meta name=\"twitter:title\" content=\"VTT XCC Val di Sole : Laura Stigger l&#039;emporte, Pauline Ferrand-Pr\u00e9vot troisi\u00e8me\" \/>\n<meta name=\"twitter:creator\" content=\"@dicodusport\" \/>\n<meta name=\"twitter:site\" content=\"@dicodusport\" \/>\n<script type=\"application\/ld+json\" class=\"yoast-schema-graph\">{\"@context\":\"https:\/\/schema.org\",\"@graph\":[{\"@type\":\"NewsArticle\",\"@id\":\"https:\/\/dicodusport.fr\/blog\/vtt-xcc-val-di-sole-laura-stigger-lemporte-pauline-ferrand-prevot-troisieme\/#article\",\"isPartOf\":{\"@id\":\"https:\/\/dicodusport.fr\/blog\/vtt-xcc-val-di-sole-laura-stigger-lemporte-pauline-ferrand-prevot-troisieme\/\"},\"author\":{\"name\":\"Etienne Goursaud\",\"@id\":\"https:\/\/dicodusport.fr\/blog\/#\/schema\/person\/d603dd7da31fb2b46c82b9835a77ec13\"},\"headline\":\"VTT XCC Val di Sole : Laura Stigger l&#8217;emporte, Pauline Ferrand-Pr\u00e9vot troisi\u00e8me\",\"datePublished\":\"2023-06-30T16:11:02+00:00\",\"dateModified\":\"2023-06-30T19:13:14+00:00\",\"mainEntityOfPage\":{\"@id\":\"https:\/\/dicodusport.fr\/blog\/vtt-xcc-val-di-sole-laura-stigger-lemporte-pauline-ferrand-prevot-troisieme\/\"},\"wordCount\":567,\"commentCount\":0,\"publisher\":{\"@id\":\"https:\/\/dicodusport.fr\/blog\/#organization\"},\"image\":{\"@id\":\"https:\/\/dicodusport.fr\/blog\/vtt-xcc-val-di-sole-laura-stigger-lemporte-pauline-ferrand-prevot-troisieme\/#primaryimage\"},\"thumbnailUrl\":\"https:\/\/dicodusport.fr\/blog\/wp-content\/uploads\/2023\/06\/VTT-XCC-Val-di-Sole-Laura-Stigger-lemporte-Pauline-Ferrand-Prevot-troisieme.png\",\"keywords\":[\"br\u00e8ve\",\"VTT XCC Val di Sole\"],\"articleSection\":[\"VTT\"],\"inLanguage\":\"fr-FR\",\"potentialAction\":[{\"@type\":\"CommentAction\",\"name\":\"Comment\",\"target\":[\"https:\/\/dicodusport.fr\/blog\/vtt-xcc-val-di-sole-laura-stigger-lemporte-pauline-ferrand-prevot-troisieme\/#respond\"]}],\"copyrightYear\":\"2023\",\"copyrightHolder\":{\"@id\":\"https:\/\/dicodusport.fr\/blog\/#organization\"}},{\"@type\":\"WebPage\",\"@id\":\"https:\/\/dicodusport.fr\/blog\/vtt-xcc-val-di-sole-laura-stigger-lemporte-pauline-ferrand-prevot-troisieme\/\",\"url\":\"https:\/\/dicodusport.fr\/blog\/vtt-xcc-val-di-sole-laura-stigger-lemporte-pauline-ferrand-prevot-troisieme\/\",\"name\":\"VTT XCC Val di Sole : Laura Stigger l'emporte, Pauline Ferrand-Pr\u00e9vot troisi\u00e8me\",\"isPartOf\":{\"@id\":\"https:\/\/dicodusport.fr\/blog\/#website\"},\"primaryImageOfPage\":{\"@id\":\"https:\/\/dicodusport.fr\/blog\/vtt-xcc-val-di-sole-laura-stigger-lemporte-pauline-ferrand-prevot-troisieme\/#primaryimage\"},\"image\":{\"@id\":\"https:\/\/dicodusport.fr\/blog\/vtt-xcc-val-di-sole-laura-stigger-lemporte-pauline-ferrand-prevot-troisieme\/#primaryimage\"},\"thumbnailUrl\":\"https:\/\/dicodusport.fr\/blog\/wp-content\/uploads\/2023\/06\/VTT-XCC-Val-di-Sole-Laura-Stigger-lemporte-Pauline-Ferrand-Prevot-troisieme.png\",\"datePublished\":\"2023-06-30T16:11:02+00:00\",\"dateModified\":\"2023-06-30T19:13:14+00:00\",\"description\":\"VTT XCC VAL DI SOLE - Laura Stigger remporte la 4e manche de XCC \u00e0 Val di Sole (Italie). Elle a domin\u00e9 au sprint Puck Pieterse.\",\"breadcrumb\":{\"@id\":\"https:\/\/dicodusport.fr\/blog\/vtt-xcc-val-di-sole-laura-stigger-lemporte-pauline-ferrand-prevot-troisieme\/#breadcrumb\"},\"inLanguage\":\"fr-FR\",\"potentialAction\":[{\"@type\":\"ReadAction\",\"target\":[\"https:\/\/dicodusport.fr\/blog\/vtt-xcc-val-di-sole-laura-stigger-lemporte-pauline-ferrand-prevot-troisieme\/\"]}]},{\"@type\":\"ImageObject\",\"inLanguage\":\"fr-FR\",\"@id\":\"https:\/\/dicodusport.fr\/blog\/vtt-xcc-val-di-sole-laura-stigger-lemporte-pauline-ferrand-prevot-troisieme\/#primaryimage\",\"url\":\"https:\/\/dicodusport.fr\/blog\/wp-content\/uploads\/2023\/06\/VTT-XCC-Val-di-Sole-Laura-Stigger-lemporte-Pauline-Ferrand-Prevot-troisieme.png\",\"contentUrl\":\"https:\/\/dicodusport.fr\/blog\/wp-content\/uploads\/2023\/06\/VTT-XCC-Val-di-Sole-Laura-Stigger-lemporte-Pauline-Ferrand-Prevot-troisieme.png\",\"width\":800,\"height\":445,\"caption\":\"VTT XCC Val di Sole Laura Stigger l'emporte, Pauline Ferrand-Pr\u00e9vot troisi\u00e8me\"},{\"@type\":\"BreadcrumbList\",\"@id\":\"https:\/\/dicodusport.fr\/blog\/vtt-xcc-val-di-sole-laura-stigger-lemporte-pauline-ferrand-prevot-troisieme\/#breadcrumb\",\"itemListElement\":[{\"@type\":\"ListItem\",\"position\":1,\"name\":\"Accueil\",\"item\":\"https:\/\/dicodusport.fr\/blog\/\"},{\"@type\":\"ListItem\",\"position\":2,\"name\":\"VTT XCC Val di Sole : Laura Stigger l&#8217;emporte, Pauline Ferrand-Pr\u00e9vot troisi\u00e8me\"}]},{\"@type\":\"WebSite\",\"@id\":\"https:\/\/dicodusport.fr\/blog\/#website\",\"url\":\"https:\/\/dicodusport.fr\/blog\/\",\"name\":\"Dicodusport\",\"description\":\"L&#039;encyclop\u00e9die de l&#039;actualit\u00e9 sportive\",\"publisher\":{\"@id\":\"https:\/\/dicodusport.fr\/blog\/#organization\"},\"potentialAction\":[{\"@type\":\"SearchAction\",\"target\":{\"@type\":\"EntryPoint\",\"urlTemplate\":\"https:\/\/dicodusport.fr\/blog\/?s={search_term_string}\"},\"query-input\":{\"@type\":\"PropertyValueSpecification\",\"valueRequired\":true,\"valueName\":\"search_term_string\"}}],\"inLanguage\":\"fr-FR\"},{\"@type\":\"NewsMediaOrganization\",\"@id\":\"https:\/\/dicodusport.fr\/blog\/#organization\",\"name\":\"Dicodusport\",\"url\":\"https:\/\/dicodusport.fr\/blog\/\",\"logo\":{\"@type\":\"ImageObject\",\"inLanguage\":\"fr-FR\",\"@id\":\"https:\/\/dicodusport.fr\/blog\/#\/schema\/logo\/image\/\",\"url\":\"https:\/\/dicodusport.fr\/blog\/wp-content\/uploads\/2020\/06\/cropped-LOGO-DICODUSPORT-2020-SANS-FOND-SANS-TEXTE.png\",\"contentUrl\":\"https:\/\/dicodusport.fr\/blog\/wp-content\/uploads\/2020\/06\/cropped-LOGO-DICODUSPORT-2020-SANS-FOND-SANS-TEXTE.png\",\"width\":512,\"height\":512,\"caption\":\"Dicodusport\"},\"image\":{\"@id\":\"https:\/\/dicodusport.fr\/blog\/#\/schema\/logo\/image\/\"},\"sameAs\":[\"https:\/\/www.facebook.com\/dicodusport\",\"https:\/\/x.com\/dicodusport\",\"https:\/\/www.instagram.com\/dicodusport\/\",\"https:\/\/www.youtube.com\/channel\/UC7V2KZ5sd3htJivAbA4ZG3w\"],\"description\":\"Dicodusport est l'encyclop\u00e9die de l'actualit\u00e9 sportive.\",\"email\":\"bonjour@dicodusport.fr\",\"legalName\":\"DICODUSPORT\",\"foundingDate\":\"2018-01-14\",\"vatID\":\"FR71834470973\",\"taxID\":\"83447097300043\",\"numberOfEmployees\":{\"@type\":\"QuantitativeValue\",\"minValue\":\"1\",\"maxValue\":\"10\"}},{\"@type\":\"Person\",\"@id\":\"https:\/\/dicodusport.fr\/blog\/#\/schema\/person\/d603dd7da31fb2b46c82b9835a77ec13\",\"name\":\"Etienne Goursaud\",\"image\":{\"@type\":\"ImageObject\",\"inLanguage\":\"fr-FR\",\"@id\":\"https:\/\/dicodusport.fr\/blog\/#\/schema\/person\/image\/\",\"url\":\"https:\/\/dicodusport.fr\/blog\/wp-content\/uploads\/2023\/12\/410122264_10231602061736049_5565839791558026645_n-150x150.jpg\",\"contentUrl\":\"https:\/\/dicodusport.fr\/blog\/wp-content\/uploads\/2023\/12\/410122264_10231602061736049_5565839791558026645_n-150x150.jpg\",\"caption\":\"Etienne Goursaud\"},\"description\":\"Journaliste et amoureux de sport. Ancien footballeur reconverti athl\u00e8te quand ses muscles le laissent tranquille. \u00c9lev\u00e9 \u00e0 la sauce des exploits de Thomas Voeckler en 2004, du dernier essai de l\u00e9gende de Eunice Barber \u00e0 la longueur lors des championnats du monde d'athl\u00e9tisme de 2003 mais aussi Zidane, Omeyer et Titou Lamaison.\",\"url\":\"https:\/\/dicodusport.fr\/blog\/author\/etienne-goursaud\/\"}]}<\/script>\n<!-- \/ Yoast SEO Premium plugin. -->","yoast_head_json":{"title":"VTT XCC Val di Sole : Laura Stigger l'emporte, Pauline Ferrand-Pr\u00e9vot troisi\u00e8me","description":"VTT XCC VAL DI SOLE - Laura Stigger remporte la 4e manche de XCC \u00e0 Val di Sole (Italie). Elle a domin\u00e9 au sprint Puck Pieterse.","robots":{"index":"index","follow":"follow","max-snippet":"max-snippet:-1","max-image-preview":"max-image-preview:large","max-video-preview":"max-video-preview:-1"},"canonical":"https:\/\/dicodusport.fr\/blog\/vtt-xcc-val-di-sole-laura-stigger-lemporte-pauline-ferrand-prevot-troisieme\/","og_locale":"fr_FR","og_type":"article","og_title":"VTT XCC Val di Sole : Laura Stigger l'emporte, Pauline Ferrand-Pr\u00e9vot troisi\u00e8me","og_description":"VTT XCC VAL DI SOLE - Laura Stigger remporte la 4e manche de XCC \u00e0 Val di Sole (Italie). Elle a domin\u00e9 au sprint Puck Pieterse.","og_url":"https:\/\/dicodusport.fr\/blog\/vtt-xcc-val-di-sole-laura-stigger-lemporte-pauline-ferrand-prevot-troisieme\/","og_site_name":"Dicodusport","article_publisher":"https:\/\/www.facebook.com\/dicodusport","article_published_time":"2023-06-30T16:11:02+00:00","article_modified_time":"2023-06-30T19:13:14+00:00","og_image":[{"width":800,"height":445,"url":"https:\/\/dicodusport.fr\/blog\/wp-content\/uploads\/2023\/06\/VTT-XCC-Val-di-Sole-Laura-Stigger-lemporte-Pauline-Ferrand-Prevot-troisieme.png","type":"image\/png"}],"author":"Etienne Goursaud","twitter_card":"summary_large_image","twitter_title":"VTT XCC Val di Sole : Laura Stigger l'emporte, Pauline Ferrand-Pr\u00e9vot troisi\u00e8me","twitter_creator":"@dicodusport","twitter_site":"@dicodusport","schema":{"@context":"https:\/\/schema.org","@graph":[{"@type":"NewsArticle","@id":"https:\/\/dicodusport.fr\/blog\/vtt-xcc-val-di-sole-laura-stigger-lemporte-pauline-ferrand-prevot-troisieme\/#article","isPartOf":{"@id":"https:\/\/dicodusport.fr\/blog\/vtt-xcc-val-di-sole-laura-stigger-lemporte-pauline-ferrand-prevot-troisieme\/"},"author":{"name":"Etienne Goursaud","@id":"https:\/\/dicodusport.fr\/blog\/#\/schema\/person\/d603dd7da31fb2b46c82b9835a77ec13"},"headline":"VTT XCC Val di Sole : Laura Stigger l&#8217;emporte, Pauline Ferrand-Pr\u00e9vot troisi\u00e8me","datePublished":"2023-06-30T16:11:02+00:00","dateModified":"2023-06-30T19:13:14+00:00","mainEntityOfPage":{"@id":"https:\/\/dicodusport.fr\/blog\/vtt-xcc-val-di-sole-laura-stigger-lemporte-pauline-ferrand-prevot-troisieme\/"},"wordCount":567,"commentCount":0,"publisher":{"@id":"https:\/\/dicodusport.fr\/blog\/#organization"},"image":{"@id":"https:\/\/dicodusport.fr\/blog\/vtt-xcc-val-di-sole-laura-stigger-lemporte-pauline-ferrand-prevot-troisieme\/#primaryimage"},"thumbnailUrl":"https:\/\/dicodusport.fr\/blog\/wp-content\/uploads\/2023\/06\/VTT-XCC-Val-di-Sole-Laura-Stigger-lemporte-Pauline-Ferrand-Prevot-troisieme.png","keywords":["br\u00e8ve","VTT XCC Val di Sole"],"articleSection":["VTT"],"inLanguage":"fr-FR","potentialAction":[{"@type":"CommentAction","name":"Comment","target":["https:\/\/dicodusport.fr\/blog\/vtt-xcc-val-di-sole-laura-stigger-lemporte-pauline-ferrand-prevot-troisieme\/#respond"]}],"copyrightYear":"2023","copyrightHolder":{"@id":"https:\/\/dicodusport.fr\/blog\/#organization"}},{"@type":"WebPage","@id":"https:\/\/dicodusport.fr\/blog\/vtt-xcc-val-di-sole-laura-stigger-lemporte-pauline-ferrand-prevot-troisieme\/","url":"https:\/\/dicodusport.fr\/blog\/vtt-xcc-val-di-sole-laura-stigger-lemporte-pauline-ferrand-prevot-troisieme\/","name":"VTT XCC Val di Sole : Laura Stigger l'emporte, Pauline Ferrand-Pr\u00e9vot troisi\u00e8me","isPartOf":{"@id":"https:\/\/dicodusport.fr\/blog\/#website"},"primaryImageOfPage":{"@id":"https:\/\/dicodusport.fr\/blog\/vtt-xcc-val-di-sole-laura-stigger-lemporte-pauline-ferrand-prevot-troisieme\/#primaryimage"},"image":{"@id":"https:\/\/dicodusport.fr\/blog\/vtt-xcc-val-di-sole-laura-stigger-lemporte-pauline-ferrand-prevot-troisieme\/#primaryimage"},"thumbnailUrl":"https:\/\/dicodusport.fr\/blog\/wp-content\/uploads\/2023\/06\/VTT-XCC-Val-di-Sole-Laura-Stigger-lemporte-Pauline-Ferrand-Prevot-troisieme.png","datePublished":"2023-06-30T16:11:02+00:00","dateModified":"2023-06-30T19:13:14+00:00","description":"VTT XCC VAL DI SOLE - Laura Stigger remporte la 4e manche de XCC \u00e0 Val di Sole (Italie). Elle a domin\u00e9 au sprint Puck Pieterse.","breadcrumb":{"@id":"https:\/\/dicodusport.fr\/blog\/vtt-xcc-val-di-sole-laura-stigger-lemporte-pauline-ferrand-prevot-troisieme\/#breadcrumb"},"inLanguage":"fr-FR","potentialAction":[{"@type":"ReadAction","target":["https:\/\/dicodusport.fr\/blog\/vtt-xcc-val-di-sole-laura-stigger-lemporte-pauline-ferrand-prevot-troisieme\/"]}]},{"@type":"ImageObject","inLanguage":"fr-FR","@id":"https:\/\/dicodusport.fr\/blog\/vtt-xcc-val-di-sole-laura-stigger-lemporte-pauline-ferrand-prevot-troisieme\/#primaryimage","url":"https:\/\/dicodusport.fr\/blog\/wp-content\/uploads\/2023\/06\/VTT-XCC-Val-di-Sole-Laura-Stigger-lemporte-Pauline-Ferrand-Prevot-troisieme.png","contentUrl":"https:\/\/dicodusport.fr\/blog\/wp-content\/uploads\/2023\/06\/VTT-XCC-Val-di-Sole-Laura-Stigger-lemporte-Pauline-Ferrand-Prevot-troisieme.png","width":800,"height":445,"caption":"VTT XCC Val di Sole Laura Stigger l'emporte, Pauline Ferrand-Pr\u00e9vot troisi\u00e8me"},{"@type":"BreadcrumbList","@id":"https:\/\/dicodusport.fr\/blog\/vtt-xcc-val-di-sole-laura-stigger-lemporte-pauline-ferrand-prevot-troisieme\/#breadcrumb","itemListElement":[{"@type":"ListItem","position":1,"name":"Accueil","item":"https:\/\/dicodusport.fr\/blog\/"},{"@type":"ListItem","position":2,"name":"VTT XCC Val di Sole : Laura Stigger l&#8217;emporte, Pauline Ferrand-Pr\u00e9vot troisi\u00e8me"}]},{"@type":"WebSite","@id":"https:\/\/dicodusport.fr\/blog\/#website","url":"https:\/\/dicodusport.fr\/blog\/","name":"Dicodusport","description":"L&#039;encyclop\u00e9die de l&#039;actualit\u00e9 sportive","publisher":{"@id":"https:\/\/dicodusport.fr\/blog\/#organization"},"potentialAction":[{"@type":"SearchAction","target":{"@type":"EntryPoint","urlTemplate":"https:\/\/dicodusport.fr\/blog\/?s={search_term_string}"},"query-input":{"@type":"PropertyValueSpecification","valueRequired":true,"valueName":"search_term_string"}}],"inLanguage":"fr-FR"},{"@type":"NewsMediaOrganization","@id":"https:\/\/dicodusport.fr\/blog\/#organization","name":"Dicodusport","url":"https:\/\/dicodusport.fr\/blog\/","logo":{"@type":"ImageObject","inLanguage":"fr-FR","@id":"https:\/\/dicodusport.fr\/blog\/#\/schema\/logo\/image\/","url":"https:\/\/dicodusport.fr\/blog\/wp-content\/uploads\/2020\/06\/cropped-LOGO-DICODUSPORT-2020-SANS-FOND-SANS-TEXTE.png","contentUrl":"https:\/\/dicodusport.fr\/blog\/wp-content\/uploads\/2020\/06\/cropped-LOGO-DICODUSPORT-2020-SANS-FOND-SANS-TEXTE.png","width":512,"height":512,"caption":"Dicodusport"},"image":{"@id":"https:\/\/dicodusport.fr\/blog\/#\/schema\/logo\/image\/"},"sameAs":["https:\/\/www.facebook.com\/dicodusport","https:\/\/x.com\/dicodusport","https:\/\/www.instagram.com\/dicodusport\/","https:\/\/www.youtube.com\/channel\/UC7V2KZ5sd3htJivAbA4ZG3w"],"description":"Dicodusport est l'encyclop\u00e9die de l'actualit\u00e9 sportive.","email":"bonjour@dicodusport.fr","legalName":"DICODUSPORT","foundingDate":"2018-01-14","vatID":"FR71834470973","taxID":"83447097300043","numberOfEmployees":{"@type":"QuantitativeValue","minValue":"1","maxValue":"10"}},{"@type":"Person","@id":"https:\/\/dicodusport.fr\/blog\/#\/schema\/person\/d603dd7da31fb2b46c82b9835a77ec13","name":"Etienne Goursaud","image":{"@type":"ImageObject","inLanguage":"fr-FR","@id":"https:\/\/dicodusport.fr\/blog\/#\/schema\/person\/image\/","url":"https:\/\/dicodusport.fr\/blog\/wp-content\/uploads\/2023\/12\/410122264_10231602061736049_5565839791558026645_n-150x150.jpg","contentUrl":"https:\/\/dicodusport.fr\/blog\/wp-content\/uploads\/2023\/12\/410122264_10231602061736049_5565839791558026645_n-150x150.jpg","caption":"Etienne Goursaud"},"description":"Journaliste et amoureux de sport. Ancien footballeur reconverti athl\u00e8te quand ses muscles le laissent tranquille. \u00c9lev\u00e9 \u00e0 la sauce des exploits de Thomas Voeckler en 2004, du dernier essai de l\u00e9gende de Eunice Barber \u00e0 la longueur lors des championnats du monde d'athl\u00e9tisme de 2003 mais aussi Zidane, Omeyer et Titou Lamaison.","url":"https:\/\/dicodusport.fr\/blog\/author\/etienne-goursaud\/"}]}},"_links":{"self":[{"href":"https:\/\/dicodusport.fr\/blog\/wp-json\/wp\/v2\/posts\/395934","targetHints":{"allow":["GET"]}}],"collection":[{"href":"https:\/\/dicodusport.fr\/blog\/wp-json\/wp\/v2\/posts"}],"about":[{"href":"https:\/\/dicodusport.fr\/blog\/wp-json\/wp\/v2\/types\/post"}],"author":[{"embeddable":true,"href":"https:\/\/dicodusport.fr\/blog\/wp-json\/wp\/v2\/users\/83"}],"replies":[{"embeddable":true,"href":"https:\/\/dicodusport.fr\/blog\/wp-json\/wp\/v2\/comments?post=395934"}],"version-history":[{"count":0,"href":"https:\/\/dicodusport.fr\/blog\/wp-json\/wp\/v2\/posts\/395934\/revisions"}],"wp:featuredmedia":[{"embeddable":true,"href":"https:\/\/dicodusport.fr\/blog\/wp-json\/wp\/v2\/media\/396052"}],"wp:attachment":[{"href":"https:\/\/dicodusport.fr\/blog\/wp-json\/wp\/v2\/media?parent=395934"}],"wp:term":[{"taxonomy":"category","embeddable":true,"href":"https:\/\/dicodusport.fr\/blog\/wp-json\/wp\/v2\/categories?post=395934"},{"taxonomy":"post_tag","embeddable":true,"href":"https:\/\/dicodusport.fr\/blog\/wp-json\/wp\/v2\/tags?post=395934"}],"curies":[{"name":"wp","href":"https:\/\/api.w.org\/{rel}","templated":true}]}}