{"id":39608,"date":"2019-05-21T17:37:28","date_gmt":"2019-05-21T15:37:28","guid":{"rendered":"http:\/\/dicodusport.fr\/blog\/?p=39608"},"modified":"2019-05-21T17:59:49","modified_gmt":"2019-05-21T15:59:49","slug":"giro-2019-arnaud-demare-remporte-la-10eme-etape","status":"publish","type":"post","link":"https:\/\/dicodusport.fr\/blog\/giro-2019-arnaud-demare-remporte-la-10eme-etape\/","title":{"rendered":"Giro 2019 : Arnaud D\u00e9mare remporte la 10\u00e8me \u00e9tape"},"content":{"rendered":"<p style=\"text-align: justify;\"><strong><em><a href=\"https:\/\/dicodusport.fr\/blog\/tour-d-italie-2019-le-profil-des-etapes-du-giro\/\" target=\"_blank\" rel=\"noopener\">Giro 2019<\/a> &#8211; Le Fran\u00e7ais Arnaud D\u00e9mare (Groupama-FDJ) s&rsquo;est impos\u00e9 au sprint sur la 10\u00e8me \u00e9tape du Tour d&rsquo;Italie, \u00e0 Mod\u00e8ne. C&rsquo;est sa premi\u00e8re victoire d&rsquo;\u00e9tape sur le Giro, son premier succ\u00e8s cette saison \u00e9galement. Le Picard a devanc\u00e9 Elia Viviani (Deceuninck Quick-Step) et l&rsquo;Allemand Rudiger Selig (Bora-Hansgrohe).<br \/>\n<\/em><\/strong><\/p>\n<p style=\"text-align: justify;\">Il la tient, enfin ! Le Beauvaisien <strong>Arnaud D\u00e9mare (Groupama-FDJ)<\/strong> a \u00e9t\u00e9 le plus rapide lors de la 10\u00e8me \u00e9tape, s\u2019achevant \u00e0 Mod\u00e8ne.\u00a0 Au terme d&rsquo;une journ\u00e9e plut\u00f4t tranquille pour le peloton, le vainqueur de Milan-San Remo a devanc\u00e9 le champion d&rsquo;Italie <strong>Elia Viviani (Deceuninck Quick-Step)<\/strong>, qui loupe encore le coche, et l&rsquo;Allemand <strong>Rudiger Selig (Bora-Hansgrohe)<\/strong>. Ce dernier a suppl\u00e9\u00e9 son co\u00e9quipier <strong>Pascal Ackermann<\/strong>. Le maillot cyclamen a en effet \u00e9t\u00e9 pris dans une chute massive dans le dernier kilom\u00e8tre, dans laquelle le Fran\u00e7ais <strong>Tony Gallopin (AG2R La Mondiale)<\/strong> a \u00e9galement \u00e9t\u00e9 impliqu\u00e9.<\/p>\n<p style=\"text-align: justify;\">En revanche, pas de changement au classement g\u00e9n\u00e9ral. L&rsquo;Italien <strong>Valerio Conti (UAE Team)<\/strong> conserve le maillot rose. Demain, le peloton partira de <a href=\"https:\/\/dicodusport.fr\/blog\/tour-d-italie-2019-le-profil-des-etapes-du-giro\/11\/\" target=\"_blank\" rel=\"noopener\">Carpi et ralliera Novi Ligure pour une 11\u00e8me \u00e9tape longue de 221 km<\/a>, une nouvelle fois r\u00e9serv\u00e9e aux sprinteurs.<\/p>\n<p>https:\/\/twitter.com\/lachainelequipe\/status\/1130861109844545536<\/p>\n<p><strong><em>Dicodusport<br \/>\n<a href=\"https:\/\/www.facebook.com\/dicodusport\/\" target=\"_blank\" rel=\"noopener\"><img loading=\"lazy\" decoding=\"async\" class=\"alignnone wp-image-2909\" src=\"http:\/\/dicodusport.fr\/blog\/wp-content\/uploads\/2017\/07\/logo-facebook-150x150.png\" sizes=\"auto, (max-width: 40px) 100vw, 40px\" srcset=\"https:\/\/dicodusport.fr\/blog\/wp-content\/uploads\/2017\/07\/logo-facebook-150x150.png 150w, https:\/\/dicodusport.fr\/blog\/wp-content\/uploads\/2017\/07\/logo-facebook-300x300.png 300w, https:\/\/dicodusport.fr\/blog\/wp-content\/uploads\/2017\/07\/logo-facebook.png 400w\" alt=\"\" width=\"40\" height=\"40\" \/><\/a><a href=\"https:\/\/twitter.com\/dicodusport\" target=\"_blank\" rel=\"noopener\"><img loading=\"lazy\" decoding=\"async\" class=\"alignnone wp-image-2908\" src=\"http:\/\/dicodusport.fr\/blog\/wp-content\/uploads\/2017\/07\/logo-twitter-150x150.png\" alt=\"\" width=\"39\" height=\"39\" \/><\/a><\/em><\/strong><\/p>\n","protected":false},"excerpt":{"rendered":"<p>Giro 2019 &#8211; Le Fran\u00e7ais Arnaud D\u00e9mare (Groupama-FDJ) s&rsquo;est impos\u00e9 au sprint sur la 10\u00e8me \u00e9tape du Tour d&rsquo;Italie, \u00e0 Mod\u00e8ne. <\/p>\n","protected":false},"author":4,"featured_media":39624,"comment_status":"open","ping_status":"closed","sticky":false,"template":"","format":"standard","meta":{"_acf_changed":false,"_daextam_enable_autolinks":"","footnotes":""},"categories":[2,2307],"tags":[2830,4722],"class_list":["post-39608","post","type-post","status-publish","format-standard","has-post-thumbnail","hentry","category-actualites","category-cyclisme","tag-giro","tag-tour-ditalie"],"acf":[],"yoast_head":"<!-- This site is optimized with the Yoast SEO Premium plugin v26.7 (Yoast SEO v26.7) - https:\/\/yoast.com\/wordpress\/plugins\/seo\/ -->\n<title>Giro 2019 : Arnaud D\u00e9mare remporte la 10\u00e8me \u00e9tape<\/title>\n<meta name=\"description\" content=\"Giro 2019 - Le Fran\u00e7ais Arnaud D\u00e9mare (Groupama-FDJ) s&#039;est impos\u00e9 au sprint sur la 10\u00e8me \u00e9tape du Tour d&#039;Italie, \u00e0 Mod\u00e8ne.\" \/>\n<meta name=\"robots\" content=\"index, follow, max-snippet:-1, max-image-preview:large, max-video-preview:-1\" \/>\n<link rel=\"canonical\" href=\"https:\/\/dicodusport.fr\/blog\/giro-2019-arnaud-demare-remporte-la-10eme-etape\/\" \/>\n<meta property=\"og:locale\" content=\"fr_FR\" \/>\n<meta property=\"og:type\" content=\"article\" \/>\n<meta property=\"og:title\" content=\"Giro 2019 : Arnaud D\u00e9mare remporte la 10\u00e8me \u00e9tape\" \/>\n<meta property=\"og:description\" content=\"Giro 2019 - Le Fran\u00e7ais Arnaud D\u00e9mare (Groupama-FDJ) s&#039;est impos\u00e9 au sprint sur la 10\u00e8me \u00e9tape du Tour d&#039;Italie, \u00e0 Mod\u00e8ne.\" \/>\n<meta property=\"og:url\" content=\"https:\/\/dicodusport.fr\/blog\/giro-2019-arnaud-demare-remporte-la-10eme-etape\/\" \/>\n<meta property=\"og:site_name\" content=\"Dicodusport\" \/>\n<meta property=\"article:publisher\" content=\"https:\/\/www.facebook.com\/dicodusport\" \/>\n<meta property=\"article:author\" content=\"https:\/\/www.facebook.com\/florent.ostermann\" \/>\n<meta property=\"article:published_time\" content=\"2019-05-21T15:37:28+00:00\" \/>\n<meta property=\"article:modified_time\" content=\"2019-05-21T15:59:49+00:00\" \/>\n<meta property=\"og:image\" content=\"https:\/\/dicodusport.fr\/blog\/wp-content\/uploads\/2019\/05\/Arnaud-D\u00e9mare-Giro.png\" \/>\n\t<meta property=\"og:image:width\" content=\"800\" \/>\n\t<meta property=\"og:image:height\" content=\"445\" \/>\n\t<meta property=\"og:image:type\" content=\"image\/png\" \/>\n<meta name=\"author\" content=\"Flo Ostermann\" \/>\n<meta name=\"twitter:card\" content=\"summary_large_image\" \/>\n<meta name=\"twitter:creator\" content=\"@https:\/\/twitter.com\/FlOstermann\" \/>\n<meta name=\"twitter:site\" content=\"@dicodusport\" \/>\n<script type=\"application\/ld+json\" class=\"yoast-schema-graph\">{\"@context\":\"https:\/\/schema.org\",\"@graph\":[{\"@type\":\"NewsArticle\",\"@id\":\"https:\/\/dicodusport.fr\/blog\/giro-2019-arnaud-demare-remporte-la-10eme-etape\/#article\",\"isPartOf\":{\"@id\":\"https:\/\/dicodusport.fr\/blog\/giro-2019-arnaud-demare-remporte-la-10eme-etape\/\"},\"author\":{\"name\":\"Flo Ostermann\",\"@id\":\"https:\/\/dicodusport.fr\/blog\/#\/schema\/person\/cb02af4c173ce4a653b55e9baf388d4a\"},\"headline\":\"Giro 2019 : Arnaud D\u00e9mare remporte la 10\u00e8me \u00e9tape\",\"datePublished\":\"2019-05-21T15:37:28+00:00\",\"dateModified\":\"2019-05-21T15:59:49+00:00\",\"mainEntityOfPage\":{\"@id\":\"https:\/\/dicodusport.fr\/blog\/giro-2019-arnaud-demare-remporte-la-10eme-etape\/\"},\"wordCount\":218,\"commentCount\":0,\"publisher\":{\"@id\":\"https:\/\/dicodusport.fr\/blog\/#organization\"},\"image\":{\"@id\":\"https:\/\/dicodusport.fr\/blog\/giro-2019-arnaud-demare-remporte-la-10eme-etape\/#primaryimage\"},\"thumbnailUrl\":\"https:\/\/dicodusport.fr\/blog\/wp-content\/uploads\/2019\/05\/Arnaud-D\u00e9mare-Giro.png\",\"keywords\":[\"Giro\",\"Tour d'Italie\"],\"articleSection\":[\"Actualit\u00e9s\",\"Cyclisme\"],\"inLanguage\":\"fr-FR\",\"potentialAction\":[{\"@type\":\"CommentAction\",\"name\":\"Comment\",\"target\":[\"https:\/\/dicodusport.fr\/blog\/giro-2019-arnaud-demare-remporte-la-10eme-etape\/#respond\"]}],\"copyrightYear\":\"2019\",\"copyrightHolder\":{\"@id\":\"https:\/\/dicodusport.fr\/blog\/#organization\"}},{\"@type\":\"WebPage\",\"@id\":\"https:\/\/dicodusport.fr\/blog\/giro-2019-arnaud-demare-remporte-la-10eme-etape\/\",\"url\":\"https:\/\/dicodusport.fr\/blog\/giro-2019-arnaud-demare-remporte-la-10eme-etape\/\",\"name\":\"Giro 2019 : Arnaud D\u00e9mare remporte la 10\u00e8me \u00e9tape\",\"isPartOf\":{\"@id\":\"https:\/\/dicodusport.fr\/blog\/#website\"},\"primaryImageOfPage\":{\"@id\":\"https:\/\/dicodusport.fr\/blog\/giro-2019-arnaud-demare-remporte-la-10eme-etape\/#primaryimage\"},\"image\":{\"@id\":\"https:\/\/dicodusport.fr\/blog\/giro-2019-arnaud-demare-remporte-la-10eme-etape\/#primaryimage\"},\"thumbnailUrl\":\"https:\/\/dicodusport.fr\/blog\/wp-content\/uploads\/2019\/05\/Arnaud-D\u00e9mare-Giro.png\",\"datePublished\":\"2019-05-21T15:37:28+00:00\",\"dateModified\":\"2019-05-21T15:59:49+00:00\",\"description\":\"Giro 2019 - Le Fran\u00e7ais Arnaud D\u00e9mare (Groupama-FDJ) s'est impos\u00e9 au sprint sur la 10\u00e8me \u00e9tape du Tour d'Italie, \u00e0 Mod\u00e8ne.\",\"breadcrumb\":{\"@id\":\"https:\/\/dicodusport.fr\/blog\/giro-2019-arnaud-demare-remporte-la-10eme-etape\/#breadcrumb\"},\"inLanguage\":\"fr-FR\",\"potentialAction\":[{\"@type\":\"ReadAction\",\"target\":[\"https:\/\/dicodusport.fr\/blog\/giro-2019-arnaud-demare-remporte-la-10eme-etape\/\"]}]},{\"@type\":\"ImageObject\",\"inLanguage\":\"fr-FR\",\"@id\":\"https:\/\/dicodusport.fr\/blog\/giro-2019-arnaud-demare-remporte-la-10eme-etape\/#primaryimage\",\"url\":\"https:\/\/dicodusport.fr\/blog\/wp-content\/uploads\/2019\/05\/Arnaud-D\u00e9mare-Giro.png\",\"contentUrl\":\"https:\/\/dicodusport.fr\/blog\/wp-content\/uploads\/2019\/05\/Arnaud-D\u00e9mare-Giro.png\",\"width\":800,\"height\":445},{\"@type\":\"BreadcrumbList\",\"@id\":\"https:\/\/dicodusport.fr\/blog\/giro-2019-arnaud-demare-remporte-la-10eme-etape\/#breadcrumb\",\"itemListElement\":[{\"@type\":\"ListItem\",\"position\":1,\"name\":\"Accueil\",\"item\":\"https:\/\/dicodusport.fr\/blog\/\"},{\"@type\":\"ListItem\",\"position\":2,\"name\":\"Giro 2019 : Arnaud D\u00e9mare remporte la 10\u00e8me \u00e9tape\"}]},{\"@type\":\"WebSite\",\"@id\":\"https:\/\/dicodusport.fr\/blog\/#website\",\"url\":\"https:\/\/dicodusport.fr\/blog\/\",\"name\":\"Dicodusport\",\"description\":\"L&#039;encyclop\u00e9die de l&#039;actualit\u00e9 sportive\",\"publisher\":{\"@id\":\"https:\/\/dicodusport.fr\/blog\/#organization\"},\"potentialAction\":[{\"@type\":\"SearchAction\",\"target\":{\"@type\":\"EntryPoint\",\"urlTemplate\":\"https:\/\/dicodusport.fr\/blog\/?s={search_term_string}\"},\"query-input\":{\"@type\":\"PropertyValueSpecification\",\"valueRequired\":true,\"valueName\":\"search_term_string\"}}],\"inLanguage\":\"fr-FR\"},{\"@type\":\"NewsMediaOrganization\",\"@id\":\"https:\/\/dicodusport.fr\/blog\/#organization\",\"name\":\"Dicodusport\",\"url\":\"https:\/\/dicodusport.fr\/blog\/\",\"logo\":{\"@type\":\"ImageObject\",\"inLanguage\":\"fr-FR\",\"@id\":\"https:\/\/dicodusport.fr\/blog\/#\/schema\/logo\/image\/\",\"url\":\"https:\/\/dicodusport.fr\/blog\/wp-content\/uploads\/2020\/06\/cropped-LOGO-DICODUSPORT-2020-SANS-FOND-SANS-TEXTE.png\",\"contentUrl\":\"https:\/\/dicodusport.fr\/blog\/wp-content\/uploads\/2020\/06\/cropped-LOGO-DICODUSPORT-2020-SANS-FOND-SANS-TEXTE.png\",\"width\":512,\"height\":512,\"caption\":\"Dicodusport\"},\"image\":{\"@id\":\"https:\/\/dicodusport.fr\/blog\/#\/schema\/logo\/image\/\"},\"sameAs\":[\"https:\/\/www.facebook.com\/dicodusport\",\"https:\/\/x.com\/dicodusport\",\"https:\/\/www.instagram.com\/dicodusport\/\",\"https:\/\/www.youtube.com\/channel\/UC7V2KZ5sd3htJivAbA4ZG3w\"],\"description\":\"Dicodusport est l'encyclop\u00e9die de l'actualit\u00e9 sportive.\",\"email\":\"bonjour@dicodusport.fr\",\"legalName\":\"DICODUSPORT\",\"foundingDate\":\"2018-01-14\",\"vatID\":\"FR71834470973\",\"taxID\":\"83447097300043\",\"numberOfEmployees\":{\"@type\":\"QuantitativeValue\",\"minValue\":\"1\",\"maxValue\":\"10\"}},{\"@type\":\"Person\",\"@id\":\"https:\/\/dicodusport.fr\/blog\/#\/schema\/person\/cb02af4c173ce4a653b55e9baf388d4a\",\"name\":\"Flo Ostermann\",\"image\":{\"@type\":\"ImageObject\",\"inLanguage\":\"fr-FR\",\"@id\":\"https:\/\/dicodusport.fr\/blog\/#\/schema\/person\/image\/\",\"url\":\"https:\/\/dicodusport.fr\/blog\/wp-content\/uploads\/2021\/05\/Flo-Ostermann-150x150.jpg\",\"contentUrl\":\"https:\/\/dicodusport.fr\/blog\/wp-content\/uploads\/2021\/05\/Flo-Ostermann-150x150.jpg\",\"caption\":\"Flo Ostermann\"},\"description\":\"Journaliste\/R\u00e9dacteur depuis septembre 2015 - Mes premiers souvenirs dans le sport ? Les envol\u00e9es du Stade Toulousain et les duels Villeneuve-Schumacher et H\u00e4kkinen-Schumacher \u00e0 la fin des ann\u00e9es 90, la Coupe du monde de football en 1998, l\u2019exploit du XV de France face aux All Blacks en 1999, mais aussi Richard C\u0153ur de Lion qui vole sur les montagnes du Tour de France. Bien parti pour devenir professeur d\u2019EPS, les \u00e9v\u00e9nements de la vie (et la flemme d\u2019animer des s\u00e9ances de 3x500 m\u00e8tres toute ma vie) m\u2019ont conduit \u00e0 revoir mes plans. Me voil\u00e0 depuis fin 2017 sur Dicodusport, m\u00e9dia gr\u00e2ce (et pour) lequel je partage ma passion : le sport dans tous ses \u00e9tats. Le tout accompagn\u00e9 par les fous furieux et folles furieuses cit\u00e9s sur cette page !\",\"sameAs\":[\"https:\/\/www.facebook.com\/florent.ostermann\",\"https:\/\/x.com\/https:\/\/twitter.com\/FlOstermann\",\"admin\"],\"url\":\"https:\/\/dicodusport.fr\/blog\/author\/flo\/\"}]}<\/script>\n<!-- \/ Yoast SEO Premium plugin. -->","yoast_head_json":{"title":"Giro 2019 : Arnaud D\u00e9mare remporte la 10\u00e8me \u00e9tape","description":"Giro 2019 - Le Fran\u00e7ais Arnaud D\u00e9mare (Groupama-FDJ) s'est impos\u00e9 au sprint sur la 10\u00e8me \u00e9tape du Tour d'Italie, \u00e0 Mod\u00e8ne.","robots":{"index":"index","follow":"follow","max-snippet":"max-snippet:-1","max-image-preview":"max-image-preview:large","max-video-preview":"max-video-preview:-1"},"canonical":"https:\/\/dicodusport.fr\/blog\/giro-2019-arnaud-demare-remporte-la-10eme-etape\/","og_locale":"fr_FR","og_type":"article","og_title":"Giro 2019 : Arnaud D\u00e9mare remporte la 10\u00e8me \u00e9tape","og_description":"Giro 2019 - Le Fran\u00e7ais Arnaud D\u00e9mare (Groupama-FDJ) s'est impos\u00e9 au sprint sur la 10\u00e8me \u00e9tape du Tour d'Italie, \u00e0 Mod\u00e8ne.","og_url":"https:\/\/dicodusport.fr\/blog\/giro-2019-arnaud-demare-remporte-la-10eme-etape\/","og_site_name":"Dicodusport","article_publisher":"https:\/\/www.facebook.com\/dicodusport","article_author":"https:\/\/www.facebook.com\/florent.ostermann","article_published_time":"2019-05-21T15:37:28+00:00","article_modified_time":"2019-05-21T15:59:49+00:00","og_image":[{"width":800,"height":445,"url":"https:\/\/dicodusport.fr\/blog\/wp-content\/uploads\/2019\/05\/Arnaud-D\u00e9mare-Giro.png","type":"image\/png"}],"author":"Flo Ostermann","twitter_card":"summary_large_image","twitter_creator":"@https:\/\/twitter.com\/FlOstermann","twitter_site":"@dicodusport","schema":{"@context":"https:\/\/schema.org","@graph":[{"@type":"NewsArticle","@id":"https:\/\/dicodusport.fr\/blog\/giro-2019-arnaud-demare-remporte-la-10eme-etape\/#article","isPartOf":{"@id":"https:\/\/dicodusport.fr\/blog\/giro-2019-arnaud-demare-remporte-la-10eme-etape\/"},"author":{"name":"Flo Ostermann","@id":"https:\/\/dicodusport.fr\/blog\/#\/schema\/person\/cb02af4c173ce4a653b55e9baf388d4a"},"headline":"Giro 2019 : Arnaud D\u00e9mare remporte la 10\u00e8me \u00e9tape","datePublished":"2019-05-21T15:37:28+00:00","dateModified":"2019-05-21T15:59:49+00:00","mainEntityOfPage":{"@id":"https:\/\/dicodusport.fr\/blog\/giro-2019-arnaud-demare-remporte-la-10eme-etape\/"},"wordCount":218,"commentCount":0,"publisher":{"@id":"https:\/\/dicodusport.fr\/blog\/#organization"},"image":{"@id":"https:\/\/dicodusport.fr\/blog\/giro-2019-arnaud-demare-remporte-la-10eme-etape\/#primaryimage"},"thumbnailUrl":"https:\/\/dicodusport.fr\/blog\/wp-content\/uploads\/2019\/05\/Arnaud-D\u00e9mare-Giro.png","keywords":["Giro","Tour d'Italie"],"articleSection":["Actualit\u00e9s","Cyclisme"],"inLanguage":"fr-FR","potentialAction":[{"@type":"CommentAction","name":"Comment","target":["https:\/\/dicodusport.fr\/blog\/giro-2019-arnaud-demare-remporte-la-10eme-etape\/#respond"]}],"copyrightYear":"2019","copyrightHolder":{"@id":"https:\/\/dicodusport.fr\/blog\/#organization"}},{"@type":"WebPage","@id":"https:\/\/dicodusport.fr\/blog\/giro-2019-arnaud-demare-remporte-la-10eme-etape\/","url":"https:\/\/dicodusport.fr\/blog\/giro-2019-arnaud-demare-remporte-la-10eme-etape\/","name":"Giro 2019 : Arnaud D\u00e9mare remporte la 10\u00e8me \u00e9tape","isPartOf":{"@id":"https:\/\/dicodusport.fr\/blog\/#website"},"primaryImageOfPage":{"@id":"https:\/\/dicodusport.fr\/blog\/giro-2019-arnaud-demare-remporte-la-10eme-etape\/#primaryimage"},"image":{"@id":"https:\/\/dicodusport.fr\/blog\/giro-2019-arnaud-demare-remporte-la-10eme-etape\/#primaryimage"},"thumbnailUrl":"https:\/\/dicodusport.fr\/blog\/wp-content\/uploads\/2019\/05\/Arnaud-D\u00e9mare-Giro.png","datePublished":"2019-05-21T15:37:28+00:00","dateModified":"2019-05-21T15:59:49+00:00","description":"Giro 2019 - Le Fran\u00e7ais Arnaud D\u00e9mare (Groupama-FDJ) s'est impos\u00e9 au sprint sur la 10\u00e8me \u00e9tape du Tour d'Italie, \u00e0 Mod\u00e8ne.","breadcrumb":{"@id":"https:\/\/dicodusport.fr\/blog\/giro-2019-arnaud-demare-remporte-la-10eme-etape\/#breadcrumb"},"inLanguage":"fr-FR","potentialAction":[{"@type":"ReadAction","target":["https:\/\/dicodusport.fr\/blog\/giro-2019-arnaud-demare-remporte-la-10eme-etape\/"]}]},{"@type":"ImageObject","inLanguage":"fr-FR","@id":"https:\/\/dicodusport.fr\/blog\/giro-2019-arnaud-demare-remporte-la-10eme-etape\/#primaryimage","url":"https:\/\/dicodusport.fr\/blog\/wp-content\/uploads\/2019\/05\/Arnaud-D\u00e9mare-Giro.png","contentUrl":"https:\/\/dicodusport.fr\/blog\/wp-content\/uploads\/2019\/05\/Arnaud-D\u00e9mare-Giro.png","width":800,"height":445},{"@type":"BreadcrumbList","@id":"https:\/\/dicodusport.fr\/blog\/giro-2019-arnaud-demare-remporte-la-10eme-etape\/#breadcrumb","itemListElement":[{"@type":"ListItem","position":1,"name":"Accueil","item":"https:\/\/dicodusport.fr\/blog\/"},{"@type":"ListItem","position":2,"name":"Giro 2019 : Arnaud D\u00e9mare remporte la 10\u00e8me \u00e9tape"}]},{"@type":"WebSite","@id":"https:\/\/dicodusport.fr\/blog\/#website","url":"https:\/\/dicodusport.fr\/blog\/","name":"Dicodusport","description":"L&#039;encyclop\u00e9die de l&#039;actualit\u00e9 sportive","publisher":{"@id":"https:\/\/dicodusport.fr\/blog\/#organization"},"potentialAction":[{"@type":"SearchAction","target":{"@type":"EntryPoint","urlTemplate":"https:\/\/dicodusport.fr\/blog\/?s={search_term_string}"},"query-input":{"@type":"PropertyValueSpecification","valueRequired":true,"valueName":"search_term_string"}}],"inLanguage":"fr-FR"},{"@type":"NewsMediaOrganization","@id":"https:\/\/dicodusport.fr\/blog\/#organization","name":"Dicodusport","url":"https:\/\/dicodusport.fr\/blog\/","logo":{"@type":"ImageObject","inLanguage":"fr-FR","@id":"https:\/\/dicodusport.fr\/blog\/#\/schema\/logo\/image\/","url":"https:\/\/dicodusport.fr\/blog\/wp-content\/uploads\/2020\/06\/cropped-LOGO-DICODUSPORT-2020-SANS-FOND-SANS-TEXTE.png","contentUrl":"https:\/\/dicodusport.fr\/blog\/wp-content\/uploads\/2020\/06\/cropped-LOGO-DICODUSPORT-2020-SANS-FOND-SANS-TEXTE.png","width":512,"height":512,"caption":"Dicodusport"},"image":{"@id":"https:\/\/dicodusport.fr\/blog\/#\/schema\/logo\/image\/"},"sameAs":["https:\/\/www.facebook.com\/dicodusport","https:\/\/x.com\/dicodusport","https:\/\/www.instagram.com\/dicodusport\/","https:\/\/www.youtube.com\/channel\/UC7V2KZ5sd3htJivAbA4ZG3w"],"description":"Dicodusport est l'encyclop\u00e9die de l'actualit\u00e9 sportive.","email":"bonjour@dicodusport.fr","legalName":"DICODUSPORT","foundingDate":"2018-01-14","vatID":"FR71834470973","taxID":"83447097300043","numberOfEmployees":{"@type":"QuantitativeValue","minValue":"1","maxValue":"10"}},{"@type":"Person","@id":"https:\/\/dicodusport.fr\/blog\/#\/schema\/person\/cb02af4c173ce4a653b55e9baf388d4a","name":"Flo Ostermann","image":{"@type":"ImageObject","inLanguage":"fr-FR","@id":"https:\/\/dicodusport.fr\/blog\/#\/schema\/person\/image\/","url":"https:\/\/dicodusport.fr\/blog\/wp-content\/uploads\/2021\/05\/Flo-Ostermann-150x150.jpg","contentUrl":"https:\/\/dicodusport.fr\/blog\/wp-content\/uploads\/2021\/05\/Flo-Ostermann-150x150.jpg","caption":"Flo Ostermann"},"description":"Journaliste\/R\u00e9dacteur depuis septembre 2015 - Mes premiers souvenirs dans le sport ? Les envol\u00e9es du Stade Toulousain et les duels Villeneuve-Schumacher et H\u00e4kkinen-Schumacher \u00e0 la fin des ann\u00e9es 90, la Coupe du monde de football en 1998, l\u2019exploit du XV de France face aux All Blacks en 1999, mais aussi Richard C\u0153ur de Lion qui vole sur les montagnes du Tour de France. Bien parti pour devenir professeur d\u2019EPS, les \u00e9v\u00e9nements de la vie (et la flemme d\u2019animer des s\u00e9ances de 3x500 m\u00e8tres toute ma vie) m\u2019ont conduit \u00e0 revoir mes plans. Me voil\u00e0 depuis fin 2017 sur Dicodusport, m\u00e9dia gr\u00e2ce (et pour) lequel je partage ma passion : le sport dans tous ses \u00e9tats. Le tout accompagn\u00e9 par les fous furieux et folles furieuses cit\u00e9s sur cette page !","sameAs":["https:\/\/www.facebook.com\/florent.ostermann","https:\/\/x.com\/https:\/\/twitter.com\/FlOstermann","admin"],"url":"https:\/\/dicodusport.fr\/blog\/author\/flo\/"}]}},"_links":{"self":[{"href":"https:\/\/dicodusport.fr\/blog\/wp-json\/wp\/v2\/posts\/39608","targetHints":{"allow":["GET"]}}],"collection":[{"href":"https:\/\/dicodusport.fr\/blog\/wp-json\/wp\/v2\/posts"}],"about":[{"href":"https:\/\/dicodusport.fr\/blog\/wp-json\/wp\/v2\/types\/post"}],"author":[{"embeddable":true,"href":"https:\/\/dicodusport.fr\/blog\/wp-json\/wp\/v2\/users\/4"}],"replies":[{"embeddable":true,"href":"https:\/\/dicodusport.fr\/blog\/wp-json\/wp\/v2\/comments?post=39608"}],"version-history":[{"count":0,"href":"https:\/\/dicodusport.fr\/blog\/wp-json\/wp\/v2\/posts\/39608\/revisions"}],"wp:featuredmedia":[{"embeddable":true,"href":"https:\/\/dicodusport.fr\/blog\/wp-json\/wp\/v2\/media\/39624"}],"wp:attachment":[{"href":"https:\/\/dicodusport.fr\/blog\/wp-json\/wp\/v2\/media?parent=39608"}],"wp:term":[{"taxonomy":"category","embeddable":true,"href":"https:\/\/dicodusport.fr\/blog\/wp-json\/wp\/v2\/categories?post=39608"},{"taxonomy":"post_tag","embeddable":true,"href":"https:\/\/dicodusport.fr\/blog\/wp-json\/wp\/v2\/tags?post=39608"}],"curies":[{"name":"wp","href":"https:\/\/api.w.org\/{rel}","templated":true}]}}