{"id":396186,"date":"2023-07-01T14:18:15","date_gmt":"2023-07-01T12:18:15","guid":{"rendered":"https:\/\/dicodusport.fr\/blog\/?p=396186&#038;preview=true&#038;preview_id=396186"},"modified":"2023-07-01T15:21:55","modified_gmt":"2023-07-01T13:21:55","slug":"lfb-maxuella-lisowa-mbaka-complete-leffectif-de-villeneuve-dascq","status":"publish","type":"post","link":"https:\/\/dicodusport.fr\/blog\/lfb-maxuella-lisowa-mbaka-complete-leffectif-de-villeneuve-dascq\/","title":{"rendered":"LFB : Maxuella Lisowa-Mbaka compl\u00e8te l&rsquo;effectif de Villeneuve-d&rsquo;Ascq"},"content":{"rendered":"<p style=\"text-align: justify;\" align=\"justify\"><em><b>LIGUE F\u00c9MININE DE BASKET &#8211; Villeneuve-d&rsquo;Ascq a annonc\u00e9 la troisi\u00e8me et derni\u00e8re recrue de son \u00e9t\u00e9. Championne d&rsquo;Europe avec la Belgique sous les ordres de <\/b><strong>Rachid Meziane, Maxuella Lisowa-Mbaka va retrouver son s\u00e9lectionneur chez les Guerri\u00e8res.\u00a0<\/strong><\/em><\/p>\n<p style=\"text-align: justify;\" align=\"justify\"><a href=\"https:\/\/dicodusport.fr\/blog\/lfb-kamile-nacickaite-derniere-recrue-au-sein-dun-effectif-resserre-a-bourges\/\">Quelque temps apr\u00e8s <strong>Bourges<\/strong><\/a>, un autre favori au titre de champion de France vient d&rsquo;annoncer la fin de son recrutement. Avec encore six joueuses de l&rsquo;effectif de la saison derni\u00e8re pr\u00e9sentes pour la mouture \u00e0 venir, ainsi que les arriv\u00e9es d&rsquo;<strong>Aminata Gueye<\/strong> et<strong> Shavonte Zellous<\/strong>, <strong>Villeneuve d&rsquo;Ascq<\/strong> \u00e9tait \u00e0 la recherche d&rsquo;une derni\u00e8re joueuse pour compl\u00e9ter son effectif. Cela aurait d\u00fb \u00eatre <strong>Myriam Djekoundade<\/strong>, toujours sous contrat, mais l&rsquo;internationale fait partie <a href=\"https:\/\/dicodusport.fr\/blog\/basket-3x3-huit-joueuses-integrent-a-temps-plein-lequipe-de-france-en-vue-des-jeux-olympiques\/\">des joueuses r\u00e9quisitionn\u00e9es par la FFBB<\/a> pour pr\u00e9parer au mieux les Jeux Olympiques de Paris en 3X3.<\/p>\n<h2 style=\"text-align: justify;\" align=\"justify\">Une championne d&rsquo;Europe belge retrouve Rachid Meziane<\/h2>\n<p style=\"text-align: justify;\">Ainsi, sur le m\u00eame poste, <strong>Maxuella Lisowa-Mbaka<\/strong> a \u00e9t\u00e9 annonc\u00e9e ce vendredi. Aili\u00e8re de 22 ans, elle s&rsquo;est r\u00e9v\u00e9l\u00e9e au sein du championnat belge avec <strong>Braine<\/strong>, r\u00e9coltant au passage trois titres de championne de Belgique. Depuis 2021, elle s&rsquo;est expatri\u00e9e en encha\u00eenant trois exp\u00e9riences \u00e0 l&rsquo;\u00e9tranger. Tout d&rsquo;abord \u00e0 <strong>Fribourg<\/strong> (Suisse), puis \u00e0 l&rsquo;<strong>Elitzur Ramla<\/strong> (Isra\u00ebl) o\u00f9 elle a disput\u00e9 l&rsquo;EuroCoupe, avant un dernier furtif passage au <strong>Mura Lucca<\/strong> (Italie) pour boucler la saison derni\u00e8re.<\/p>\n<p style=\"text-align: justify;\">Au mois de juin, elle a fait partie de l&rsquo;\u00e9quipe de Belgique qui est parvenue \u00e0 remporter le premier <strong>EuroBasket<\/strong> de son histoire en \u00e9tant utilis\u00e9e en sortie de banc pour faire souffler le cinq majeur. Son s\u00e9lectionneur n&rsquo;\u00e9tait autre que <strong>Rachid Meziane<\/strong>. Le coach fran\u00e7ais est \u00e9galement en charge des <strong>Guerri\u00e8res<\/strong>, et ram\u00e8ne donc dans le Nord une joueuse qu&rsquo;il connait sur le bout des doigts.<\/p>\n<p style=\"text-align: justify;\">Du haut de ses 22 ans, cette jeune aili\u00e8re aura donc un r\u00f4le crucial en sortie de banc pour soulager <strong>Janelle Sala\u00fcn<\/strong>, titulaire indiscutable du poste. L&rsquo;ESBVA s&rsquo;appuiera donc sur<strong> neuf joueuses pour entamer la campagne 2023-2024<\/strong>, mais se laisse de la flexibilit\u00e9 pour la suite de la saison, comme l&rsquo;a pr\u00e9cis\u00e9 le Manager G\u00e9n\u00e9ral <strong>Christophe Vitoux<\/strong> dans le communiqu\u00e9 du club : \u00ab <em>L&rsquo;<\/em><i>\u00e9quipe est maintenant au complet pour d\u00e9marrer la saison<strong>,<\/strong> quitte \u00e0 \u00e9voluer plus tard si besoin, tout en respectant le cadre financier \u00bb.<\/i><\/p>\n<h3 style=\"text-align: justify;\">Le roster 2023-2024 de l&rsquo;ESBVA :<\/h3>\n<p style=\"text-align: justify;\"><span style=\"text-decoration: underline;\"><em>Meneuse<\/em><\/span> : Caroline H\u00c9RIAUD<\/p>\n<p style=\"text-align: justify;\"><span style=\"text-decoration: underline;\"><em>Arri\u00e8res\/Aili\u00e8res<\/em><\/span> : Kennedy BURKE, Kamiah SMALLS, Shavonte ZELLOUS<\/p>\n<p style=\"text-align: justify;\"><span style=\"text-decoration: underline;\"><em>Aili\u00e8res\/Aili\u00e8res Fortes<\/em><\/span> : Ma\u00efa HIRSCH, Maxuella LISOWA-MBAKA, Janelle SALA\u00dcN<\/p>\n<p style=\"text-align: justify;\"><span style=\"text-decoration: underline;\"><em>Pivots<\/em><\/span> : Kariata DIABY, Aminata GUEYE<\/p>\n<blockquote class=\"twitter-tweet\">\n<p dir=\"ltr\" lang=\"fr\">\ud835\udde0\ud835\uddd4\ud835\uddeb\ud835\udde8\ud835\uddd8\ud835\udddf\ud835\udddf\ud835\uddd4 \ud835\udddf\ud835\udddc\ud835\udde6\ud835\udde2\ud835\uddea\ud835\uddd4-\ud835\udde0\ud835\uddd5\ud835\uddd4\ud835\uddde\ud835\uddd4 \ud835\uddd8\ud835\udde6\ud835\udde7 \ud835\udde8\ud835\udde1\ud835\uddd8 \ud835\udde1\ud835\udde2\ud835\udde8\ud835\udde9\ud835\uddd8\ud835\udddf\ud835\udddf\ud835\uddd8 \ud835\uddda\ud835\udde8\ud835\uddd8\ud835\udde5\ud835\udde5\ud835\udddc\ud835\uddd8\ud835\udde5\ud835\uddd8 \ud83d\udd25<\/p>\n<p>\ud83d\udde3\ufe0f Voici ce qu&rsquo;a d\u00e9clar\u00e9 notre Manager G\u00e9n\u00e9ral, Christophe Vitoux, \u00e0 son sujet : <a href=\"https:\/\/t.co\/rjIrP8yWj2\">https:\/\/t.co\/rjIrP8yWj2<\/a> \u2b05\ufe0f<a href=\"https:\/\/twitter.com\/hashtag\/AllezLesGuerrieres?src=hash&amp;ref_src=twsrc%5Etfw\">#AllezLesGuerrieres<\/a> \ud83d\udd34\u26aa <a href=\"https:\/\/t.co\/IVN1yLcZ40\">pic.twitter.com\/IVN1yLcZ40<\/a><\/p>\n<p>\u2014 ESBVA-LM (@ESBVALM) <a href=\"https:\/\/twitter.com\/ESBVALM\/status\/1675039308670025731?ref_src=twsrc%5Etfw\">July 1, 2023<\/a><\/p><\/blockquote>\n<p><script async src=\"https:\/\/platform.twitter.com\/widgets.js\" charset=\"utf-8\"><\/script><\/p>\n","protected":false},"excerpt":{"rendered":"<p>LIGUE F\u00c9MININE DE BASKET &#8211; Villeneuve-d&rsquo;Ascq a annonc\u00e9 la troisi\u00e8me et derni\u00e8re recrue de son \u00e9t\u00e9. Championne d&rsquo;Europe avec la Belgique sous les ordres de Rachid Meziane, Maxuella Lisowa-Mbaka va retrouver son s\u00e9lectionneur chez les Guerri\u00e8res.\u00a0<\/p>\n","protected":false},"author":55,"featured_media":396191,"comment_status":"open","ping_status":"closed","sticky":false,"template":"","format":"standard","meta":{"_acf_changed":false,"_daextam_enable_autolinks":"","footnotes":""},"categories":[2305],"tags":[16878,31795,7888,24346,3416],"class_list":["post-396186","post","type-post","status-publish","format-standard","has-post-thumbnail","hentry","category-basket-ball","tag-breve","tag-esbva","tag-lfb","tag-ligue-feminine-de-basket","tag-villeneuve-dascq"],"acf":[],"yoast_head":"<!-- This site is optimized with the Yoast SEO Premium plugin v26.7 (Yoast SEO v26.7) - https:\/\/yoast.com\/wordpress\/plugins\/seo\/ -->\n<title>LFB : Maxuella Lisowa-Mbaka compl\u00e8te l&#039;effectif de Villeneuve-d&#039;Ascq<\/title>\n<meta name=\"description\" content=\"LIGUE F\u00c9MININE DE BASKET - Villeneuve-d&#039;Ascq s&#039;est attach\u00e9 les services de Maxuella Lisowa-Mbaka pouyr compl\u00e9ter son effectif.\" \/>\n<meta name=\"robots\" content=\"index, follow, max-snippet:-1, max-image-preview:large, max-video-preview:-1\" \/>\n<link rel=\"canonical\" href=\"https:\/\/dicodusport.fr\/blog\/lfb-maxuella-lisowa-mbaka-complete-leffectif-de-villeneuve-dascq\/\" \/>\n<meta property=\"og:locale\" content=\"fr_FR\" \/>\n<meta property=\"og:type\" content=\"article\" \/>\n<meta property=\"og:title\" content=\"LFB : Maxuella Lisowa-Mbaka compl\u00e8te l&#039;effectif de Villeneuve-d&#039;Ascq\" \/>\n<meta property=\"og:description\" content=\"LIGUE F\u00c9MININE DE BASKET - Villeneuve-d&#039;Ascq s&#039;est attach\u00e9 les services de Maxuella Lisowa-Mbaka pouyr compl\u00e9ter son effectif.\" \/>\n<meta property=\"og:url\" content=\"https:\/\/dicodusport.fr\/blog\/lfb-maxuella-lisowa-mbaka-complete-leffectif-de-villeneuve-dascq\/\" \/>\n<meta property=\"og:site_name\" content=\"Dicodusport\" \/>\n<meta property=\"article:publisher\" content=\"https:\/\/www.facebook.com\/dicodusport\" \/>\n<meta property=\"article:published_time\" content=\"2023-07-01T12:18:15+00:00\" \/>\n<meta property=\"article:modified_time\" content=\"2023-07-01T13:21:55+00:00\" \/>\n<meta property=\"og:image\" content=\"https:\/\/dicodusport.fr\/blog\/wp-content\/uploads\/2023\/07\/LFB-Maxuella-Lisowa-Mbaka-complete-leffectif-de-Villeneuve-dAscq.png\" \/>\n\t<meta property=\"og:image:width\" content=\"800\" \/>\n\t<meta property=\"og:image:height\" content=\"445\" \/>\n\t<meta property=\"og:image:type\" content=\"image\/png\" \/>\n<meta name=\"author\" content=\"Maxime Cazenave\" \/>\n<meta name=\"twitter:card\" content=\"summary_large_image\" \/>\n<meta name=\"twitter:title\" content=\"LFB : Maxuella Lisowa-Mbaka compl\u00e8te l&#039;effectif de Villeneuve-d&#039;Ascq\" \/>\n<meta name=\"twitter:creator\" content=\"@https:\/\/twitter.com\/Maxime_Caze\" \/>\n<meta name=\"twitter:site\" content=\"@dicodusport\" \/>\n<script type=\"application\/ld+json\" class=\"yoast-schema-graph\">{\"@context\":\"https:\/\/schema.org\",\"@graph\":[{\"@type\":\"NewsArticle\",\"@id\":\"https:\/\/dicodusport.fr\/blog\/lfb-maxuella-lisowa-mbaka-complete-leffectif-de-villeneuve-dascq\/#article\",\"isPartOf\":{\"@id\":\"https:\/\/dicodusport.fr\/blog\/lfb-maxuella-lisowa-mbaka-complete-leffectif-de-villeneuve-dascq\/\"},\"author\":{\"name\":\"Maxime Cazenave\",\"@id\":\"https:\/\/dicodusport.fr\/blog\/#\/schema\/person\/37def232098a7a5cbab3974a3690abb0\"},\"headline\":\"LFB : Maxuella Lisowa-Mbaka compl\u00e8te l&rsquo;effectif de Villeneuve-d&rsquo;Ascq\",\"datePublished\":\"2023-07-01T12:18:15+00:00\",\"dateModified\":\"2023-07-01T13:21:55+00:00\",\"mainEntityOfPage\":{\"@id\":\"https:\/\/dicodusport.fr\/blog\/lfb-maxuella-lisowa-mbaka-complete-leffectif-de-villeneuve-dascq\/\"},\"wordCount\":485,\"commentCount\":0,\"publisher\":{\"@id\":\"https:\/\/dicodusport.fr\/blog\/#organization\"},\"image\":{\"@id\":\"https:\/\/dicodusport.fr\/blog\/lfb-maxuella-lisowa-mbaka-complete-leffectif-de-villeneuve-dascq\/#primaryimage\"},\"thumbnailUrl\":\"https:\/\/dicodusport.fr\/blog\/wp-content\/uploads\/2023\/07\/LFB-Maxuella-Lisowa-Mbaka-complete-leffectif-de-Villeneuve-dAscq.png\",\"keywords\":[\"br\u00e8ve\",\"ESBVA\",\"LFB\",\"Ligue f\u00e9minine de Basket\",\"Villeneuve d'Ascq\"],\"articleSection\":[\"Basket-ball\"],\"inLanguage\":\"fr-FR\",\"potentialAction\":[{\"@type\":\"CommentAction\",\"name\":\"Comment\",\"target\":[\"https:\/\/dicodusport.fr\/blog\/lfb-maxuella-lisowa-mbaka-complete-leffectif-de-villeneuve-dascq\/#respond\"]}],\"copyrightYear\":\"2023\",\"copyrightHolder\":{\"@id\":\"https:\/\/dicodusport.fr\/blog\/#organization\"}},{\"@type\":\"WebPage\",\"@id\":\"https:\/\/dicodusport.fr\/blog\/lfb-maxuella-lisowa-mbaka-complete-leffectif-de-villeneuve-dascq\/\",\"url\":\"https:\/\/dicodusport.fr\/blog\/lfb-maxuella-lisowa-mbaka-complete-leffectif-de-villeneuve-dascq\/\",\"name\":\"LFB : Maxuella Lisowa-Mbaka compl\u00e8te l'effectif de Villeneuve-d'Ascq\",\"isPartOf\":{\"@id\":\"https:\/\/dicodusport.fr\/blog\/#website\"},\"primaryImageOfPage\":{\"@id\":\"https:\/\/dicodusport.fr\/blog\/lfb-maxuella-lisowa-mbaka-complete-leffectif-de-villeneuve-dascq\/#primaryimage\"},\"image\":{\"@id\":\"https:\/\/dicodusport.fr\/blog\/lfb-maxuella-lisowa-mbaka-complete-leffectif-de-villeneuve-dascq\/#primaryimage\"},\"thumbnailUrl\":\"https:\/\/dicodusport.fr\/blog\/wp-content\/uploads\/2023\/07\/LFB-Maxuella-Lisowa-Mbaka-complete-leffectif-de-Villeneuve-dAscq.png\",\"datePublished\":\"2023-07-01T12:18:15+00:00\",\"dateModified\":\"2023-07-01T13:21:55+00:00\",\"description\":\"LIGUE F\u00c9MININE DE BASKET - Villeneuve-d'Ascq s'est attach\u00e9 les services de Maxuella Lisowa-Mbaka pouyr compl\u00e9ter son effectif.\",\"breadcrumb\":{\"@id\":\"https:\/\/dicodusport.fr\/blog\/lfb-maxuella-lisowa-mbaka-complete-leffectif-de-villeneuve-dascq\/#breadcrumb\"},\"inLanguage\":\"fr-FR\",\"potentialAction\":[{\"@type\":\"ReadAction\",\"target\":[\"https:\/\/dicodusport.fr\/blog\/lfb-maxuella-lisowa-mbaka-complete-leffectif-de-villeneuve-dascq\/\"]}]},{\"@type\":\"ImageObject\",\"inLanguage\":\"fr-FR\",\"@id\":\"https:\/\/dicodusport.fr\/blog\/lfb-maxuella-lisowa-mbaka-complete-leffectif-de-villeneuve-dascq\/#primaryimage\",\"url\":\"https:\/\/dicodusport.fr\/blog\/wp-content\/uploads\/2023\/07\/LFB-Maxuella-Lisowa-Mbaka-complete-leffectif-de-Villeneuve-dAscq.png\",\"contentUrl\":\"https:\/\/dicodusport.fr\/blog\/wp-content\/uploads\/2023\/07\/LFB-Maxuella-Lisowa-Mbaka-complete-leffectif-de-Villeneuve-dAscq.png\",\"width\":800,\"height\":445,\"caption\":\"LFB Maxuella Lisowa-Mbaka compl\u00e8te l'effectif de Villeneuve-d'Ascq\"},{\"@type\":\"BreadcrumbList\",\"@id\":\"https:\/\/dicodusport.fr\/blog\/lfb-maxuella-lisowa-mbaka-complete-leffectif-de-villeneuve-dascq\/#breadcrumb\",\"itemListElement\":[{\"@type\":\"ListItem\",\"position\":1,\"name\":\"Accueil\",\"item\":\"https:\/\/dicodusport.fr\/blog\/\"},{\"@type\":\"ListItem\",\"position\":2,\"name\":\"LFB : Maxuella Lisowa-Mbaka compl\u00e8te l&rsquo;effectif de Villeneuve-d&rsquo;Ascq\"}]},{\"@type\":\"WebSite\",\"@id\":\"https:\/\/dicodusport.fr\/blog\/#website\",\"url\":\"https:\/\/dicodusport.fr\/blog\/\",\"name\":\"Dicodusport\",\"description\":\"L&#039;encyclop\u00e9die de l&#039;actualit\u00e9 sportive\",\"publisher\":{\"@id\":\"https:\/\/dicodusport.fr\/blog\/#organization\"},\"potentialAction\":[{\"@type\":\"SearchAction\",\"target\":{\"@type\":\"EntryPoint\",\"urlTemplate\":\"https:\/\/dicodusport.fr\/blog\/?s={search_term_string}\"},\"query-input\":{\"@type\":\"PropertyValueSpecification\",\"valueRequired\":true,\"valueName\":\"search_term_string\"}}],\"inLanguage\":\"fr-FR\"},{\"@type\":\"NewsMediaOrganization\",\"@id\":\"https:\/\/dicodusport.fr\/blog\/#organization\",\"name\":\"Dicodusport\",\"url\":\"https:\/\/dicodusport.fr\/blog\/\",\"logo\":{\"@type\":\"ImageObject\",\"inLanguage\":\"fr-FR\",\"@id\":\"https:\/\/dicodusport.fr\/blog\/#\/schema\/logo\/image\/\",\"url\":\"https:\/\/dicodusport.fr\/blog\/wp-content\/uploads\/2020\/06\/cropped-LOGO-DICODUSPORT-2020-SANS-FOND-SANS-TEXTE.png\",\"contentUrl\":\"https:\/\/dicodusport.fr\/blog\/wp-content\/uploads\/2020\/06\/cropped-LOGO-DICODUSPORT-2020-SANS-FOND-SANS-TEXTE.png\",\"width\":512,\"height\":512,\"caption\":\"Dicodusport\"},\"image\":{\"@id\":\"https:\/\/dicodusport.fr\/blog\/#\/schema\/logo\/image\/\"},\"sameAs\":[\"https:\/\/www.facebook.com\/dicodusport\",\"https:\/\/x.com\/dicodusport\",\"https:\/\/www.instagram.com\/dicodusport\/\",\"https:\/\/www.youtube.com\/channel\/UC7V2KZ5sd3htJivAbA4ZG3w\"],\"description\":\"Dicodusport est l'encyclop\u00e9die de l'actualit\u00e9 sportive.\",\"email\":\"bonjour@dicodusport.fr\",\"legalName\":\"DICODUSPORT\",\"foundingDate\":\"2018-01-14\",\"vatID\":\"FR71834470973\",\"taxID\":\"83447097300043\",\"numberOfEmployees\":{\"@type\":\"QuantitativeValue\",\"minValue\":\"1\",\"maxValue\":\"10\"}},{\"@type\":\"Person\",\"@id\":\"https:\/\/dicodusport.fr\/blog\/#\/schema\/person\/37def232098a7a5cbab3974a3690abb0\",\"name\":\"Maxime Cazenave\",\"image\":{\"@type\":\"ImageObject\",\"inLanguage\":\"fr-FR\",\"@id\":\"https:\/\/dicodusport.fr\/blog\/#\/schema\/person\/image\/\",\"url\":\"https:\/\/dicodusport.fr\/blog\/wp-content\/uploads\/2021\/05\/Maxime-Cazenave-150x150.jpg\",\"contentUrl\":\"https:\/\/dicodusport.fr\/blog\/wp-content\/uploads\/2021\/05\/Maxime-Cazenave-150x150.jpg\",\"caption\":\"Maxime Cazenave\"},\"description\":\"Journaliste\/R\u00e9dacteur depuis 2012 - Berc\u00e9 par l\u2019amour des Girondins de Bordeaux, les \u00e9checs de Christophe Moreau sur le Tour de France sous l'\u00e8re Lance Armstrong et le fade-away l\u00e9tal de Dirk Nowitzki, ma passion d\u00e9vorante pour le sport a toujours \u00e9t\u00e9 un pan incontournable de ma vie. Transmettre ma passion \u00e0 l\u2019\u00e9crit a \u00e9t\u00e9 une transition naturelle. Suiveur assidu de basket et de hockey sur glace, je garde toujours un peu de place pour suivre le cyclisme, le football et le maximum de performances fran\u00e7aises.\",\"sameAs\":[\"https:\/\/x.com\/https:\/\/twitter.com\/Maxime_Caze\"],\"url\":\"https:\/\/dicodusport.fr\/blog\/author\/maximec\/\"}]}<\/script>\n<!-- \/ Yoast SEO Premium plugin. -->","yoast_head_json":{"title":"LFB : Maxuella Lisowa-Mbaka compl\u00e8te l'effectif de Villeneuve-d'Ascq","description":"LIGUE F\u00c9MININE DE BASKET - Villeneuve-d'Ascq s'est attach\u00e9 les services de Maxuella Lisowa-Mbaka pouyr compl\u00e9ter son effectif.","robots":{"index":"index","follow":"follow","max-snippet":"max-snippet:-1","max-image-preview":"max-image-preview:large","max-video-preview":"max-video-preview:-1"},"canonical":"https:\/\/dicodusport.fr\/blog\/lfb-maxuella-lisowa-mbaka-complete-leffectif-de-villeneuve-dascq\/","og_locale":"fr_FR","og_type":"article","og_title":"LFB : Maxuella Lisowa-Mbaka compl\u00e8te l'effectif de Villeneuve-d'Ascq","og_description":"LIGUE F\u00c9MININE DE BASKET - Villeneuve-d'Ascq s'est attach\u00e9 les services de Maxuella Lisowa-Mbaka pouyr compl\u00e9ter son effectif.","og_url":"https:\/\/dicodusport.fr\/blog\/lfb-maxuella-lisowa-mbaka-complete-leffectif-de-villeneuve-dascq\/","og_site_name":"Dicodusport","article_publisher":"https:\/\/www.facebook.com\/dicodusport","article_published_time":"2023-07-01T12:18:15+00:00","article_modified_time":"2023-07-01T13:21:55+00:00","og_image":[{"width":800,"height":445,"url":"https:\/\/dicodusport.fr\/blog\/wp-content\/uploads\/2023\/07\/LFB-Maxuella-Lisowa-Mbaka-complete-leffectif-de-Villeneuve-dAscq.png","type":"image\/png"}],"author":"Maxime Cazenave","twitter_card":"summary_large_image","twitter_title":"LFB : Maxuella Lisowa-Mbaka compl\u00e8te l'effectif de Villeneuve-d'Ascq","twitter_creator":"@https:\/\/twitter.com\/Maxime_Caze","twitter_site":"@dicodusport","schema":{"@context":"https:\/\/schema.org","@graph":[{"@type":"NewsArticle","@id":"https:\/\/dicodusport.fr\/blog\/lfb-maxuella-lisowa-mbaka-complete-leffectif-de-villeneuve-dascq\/#article","isPartOf":{"@id":"https:\/\/dicodusport.fr\/blog\/lfb-maxuella-lisowa-mbaka-complete-leffectif-de-villeneuve-dascq\/"},"author":{"name":"Maxime Cazenave","@id":"https:\/\/dicodusport.fr\/blog\/#\/schema\/person\/37def232098a7a5cbab3974a3690abb0"},"headline":"LFB : Maxuella Lisowa-Mbaka compl\u00e8te l&rsquo;effectif de Villeneuve-d&rsquo;Ascq","datePublished":"2023-07-01T12:18:15+00:00","dateModified":"2023-07-01T13:21:55+00:00","mainEntityOfPage":{"@id":"https:\/\/dicodusport.fr\/blog\/lfb-maxuella-lisowa-mbaka-complete-leffectif-de-villeneuve-dascq\/"},"wordCount":485,"commentCount":0,"publisher":{"@id":"https:\/\/dicodusport.fr\/blog\/#organization"},"image":{"@id":"https:\/\/dicodusport.fr\/blog\/lfb-maxuella-lisowa-mbaka-complete-leffectif-de-villeneuve-dascq\/#primaryimage"},"thumbnailUrl":"https:\/\/dicodusport.fr\/blog\/wp-content\/uploads\/2023\/07\/LFB-Maxuella-Lisowa-Mbaka-complete-leffectif-de-Villeneuve-dAscq.png","keywords":["br\u00e8ve","ESBVA","LFB","Ligue f\u00e9minine de Basket","Villeneuve d'Ascq"],"articleSection":["Basket-ball"],"inLanguage":"fr-FR","potentialAction":[{"@type":"CommentAction","name":"Comment","target":["https:\/\/dicodusport.fr\/blog\/lfb-maxuella-lisowa-mbaka-complete-leffectif-de-villeneuve-dascq\/#respond"]}],"copyrightYear":"2023","copyrightHolder":{"@id":"https:\/\/dicodusport.fr\/blog\/#organization"}},{"@type":"WebPage","@id":"https:\/\/dicodusport.fr\/blog\/lfb-maxuella-lisowa-mbaka-complete-leffectif-de-villeneuve-dascq\/","url":"https:\/\/dicodusport.fr\/blog\/lfb-maxuella-lisowa-mbaka-complete-leffectif-de-villeneuve-dascq\/","name":"LFB : Maxuella Lisowa-Mbaka compl\u00e8te l'effectif de Villeneuve-d'Ascq","isPartOf":{"@id":"https:\/\/dicodusport.fr\/blog\/#website"},"primaryImageOfPage":{"@id":"https:\/\/dicodusport.fr\/blog\/lfb-maxuella-lisowa-mbaka-complete-leffectif-de-villeneuve-dascq\/#primaryimage"},"image":{"@id":"https:\/\/dicodusport.fr\/blog\/lfb-maxuella-lisowa-mbaka-complete-leffectif-de-villeneuve-dascq\/#primaryimage"},"thumbnailUrl":"https:\/\/dicodusport.fr\/blog\/wp-content\/uploads\/2023\/07\/LFB-Maxuella-Lisowa-Mbaka-complete-leffectif-de-Villeneuve-dAscq.png","datePublished":"2023-07-01T12:18:15+00:00","dateModified":"2023-07-01T13:21:55+00:00","description":"LIGUE F\u00c9MININE DE BASKET - Villeneuve-d'Ascq s'est attach\u00e9 les services de Maxuella Lisowa-Mbaka pouyr compl\u00e9ter son effectif.","breadcrumb":{"@id":"https:\/\/dicodusport.fr\/blog\/lfb-maxuella-lisowa-mbaka-complete-leffectif-de-villeneuve-dascq\/#breadcrumb"},"inLanguage":"fr-FR","potentialAction":[{"@type":"ReadAction","target":["https:\/\/dicodusport.fr\/blog\/lfb-maxuella-lisowa-mbaka-complete-leffectif-de-villeneuve-dascq\/"]}]},{"@type":"ImageObject","inLanguage":"fr-FR","@id":"https:\/\/dicodusport.fr\/blog\/lfb-maxuella-lisowa-mbaka-complete-leffectif-de-villeneuve-dascq\/#primaryimage","url":"https:\/\/dicodusport.fr\/blog\/wp-content\/uploads\/2023\/07\/LFB-Maxuella-Lisowa-Mbaka-complete-leffectif-de-Villeneuve-dAscq.png","contentUrl":"https:\/\/dicodusport.fr\/blog\/wp-content\/uploads\/2023\/07\/LFB-Maxuella-Lisowa-Mbaka-complete-leffectif-de-Villeneuve-dAscq.png","width":800,"height":445,"caption":"LFB Maxuella Lisowa-Mbaka compl\u00e8te l'effectif de Villeneuve-d'Ascq"},{"@type":"BreadcrumbList","@id":"https:\/\/dicodusport.fr\/blog\/lfb-maxuella-lisowa-mbaka-complete-leffectif-de-villeneuve-dascq\/#breadcrumb","itemListElement":[{"@type":"ListItem","position":1,"name":"Accueil","item":"https:\/\/dicodusport.fr\/blog\/"},{"@type":"ListItem","position":2,"name":"LFB : Maxuella Lisowa-Mbaka compl\u00e8te l&rsquo;effectif de Villeneuve-d&rsquo;Ascq"}]},{"@type":"WebSite","@id":"https:\/\/dicodusport.fr\/blog\/#website","url":"https:\/\/dicodusport.fr\/blog\/","name":"Dicodusport","description":"L&#039;encyclop\u00e9die de l&#039;actualit\u00e9 sportive","publisher":{"@id":"https:\/\/dicodusport.fr\/blog\/#organization"},"potentialAction":[{"@type":"SearchAction","target":{"@type":"EntryPoint","urlTemplate":"https:\/\/dicodusport.fr\/blog\/?s={search_term_string}"},"query-input":{"@type":"PropertyValueSpecification","valueRequired":true,"valueName":"search_term_string"}}],"inLanguage":"fr-FR"},{"@type":"NewsMediaOrganization","@id":"https:\/\/dicodusport.fr\/blog\/#organization","name":"Dicodusport","url":"https:\/\/dicodusport.fr\/blog\/","logo":{"@type":"ImageObject","inLanguage":"fr-FR","@id":"https:\/\/dicodusport.fr\/blog\/#\/schema\/logo\/image\/","url":"https:\/\/dicodusport.fr\/blog\/wp-content\/uploads\/2020\/06\/cropped-LOGO-DICODUSPORT-2020-SANS-FOND-SANS-TEXTE.png","contentUrl":"https:\/\/dicodusport.fr\/blog\/wp-content\/uploads\/2020\/06\/cropped-LOGO-DICODUSPORT-2020-SANS-FOND-SANS-TEXTE.png","width":512,"height":512,"caption":"Dicodusport"},"image":{"@id":"https:\/\/dicodusport.fr\/blog\/#\/schema\/logo\/image\/"},"sameAs":["https:\/\/www.facebook.com\/dicodusport","https:\/\/x.com\/dicodusport","https:\/\/www.instagram.com\/dicodusport\/","https:\/\/www.youtube.com\/channel\/UC7V2KZ5sd3htJivAbA4ZG3w"],"description":"Dicodusport est l'encyclop\u00e9die de l'actualit\u00e9 sportive.","email":"bonjour@dicodusport.fr","legalName":"DICODUSPORT","foundingDate":"2018-01-14","vatID":"FR71834470973","taxID":"83447097300043","numberOfEmployees":{"@type":"QuantitativeValue","minValue":"1","maxValue":"10"}},{"@type":"Person","@id":"https:\/\/dicodusport.fr\/blog\/#\/schema\/person\/37def232098a7a5cbab3974a3690abb0","name":"Maxime Cazenave","image":{"@type":"ImageObject","inLanguage":"fr-FR","@id":"https:\/\/dicodusport.fr\/blog\/#\/schema\/person\/image\/","url":"https:\/\/dicodusport.fr\/blog\/wp-content\/uploads\/2021\/05\/Maxime-Cazenave-150x150.jpg","contentUrl":"https:\/\/dicodusport.fr\/blog\/wp-content\/uploads\/2021\/05\/Maxime-Cazenave-150x150.jpg","caption":"Maxime Cazenave"},"description":"Journaliste\/R\u00e9dacteur depuis 2012 - Berc\u00e9 par l\u2019amour des Girondins de Bordeaux, les \u00e9checs de Christophe Moreau sur le Tour de France sous l'\u00e8re Lance Armstrong et le fade-away l\u00e9tal de Dirk Nowitzki, ma passion d\u00e9vorante pour le sport a toujours \u00e9t\u00e9 un pan incontournable de ma vie. Transmettre ma passion \u00e0 l\u2019\u00e9crit a \u00e9t\u00e9 une transition naturelle. Suiveur assidu de basket et de hockey sur glace, je garde toujours un peu de place pour suivre le cyclisme, le football et le maximum de performances fran\u00e7aises.","sameAs":["https:\/\/x.com\/https:\/\/twitter.com\/Maxime_Caze"],"url":"https:\/\/dicodusport.fr\/blog\/author\/maximec\/"}]}},"_links":{"self":[{"href":"https:\/\/dicodusport.fr\/blog\/wp-json\/wp\/v2\/posts\/396186","targetHints":{"allow":["GET"]}}],"collection":[{"href":"https:\/\/dicodusport.fr\/blog\/wp-json\/wp\/v2\/posts"}],"about":[{"href":"https:\/\/dicodusport.fr\/blog\/wp-json\/wp\/v2\/types\/post"}],"author":[{"embeddable":true,"href":"https:\/\/dicodusport.fr\/blog\/wp-json\/wp\/v2\/users\/55"}],"replies":[{"embeddable":true,"href":"https:\/\/dicodusport.fr\/blog\/wp-json\/wp\/v2\/comments?post=396186"}],"version-history":[{"count":0,"href":"https:\/\/dicodusport.fr\/blog\/wp-json\/wp\/v2\/posts\/396186\/revisions"}],"wp:featuredmedia":[{"embeddable":true,"href":"https:\/\/dicodusport.fr\/blog\/wp-json\/wp\/v2\/media\/396191"}],"wp:attachment":[{"href":"https:\/\/dicodusport.fr\/blog\/wp-json\/wp\/v2\/media?parent=396186"}],"wp:term":[{"taxonomy":"category","embeddable":true,"href":"https:\/\/dicodusport.fr\/blog\/wp-json\/wp\/v2\/categories?post=396186"},{"taxonomy":"post_tag","embeddable":true,"href":"https:\/\/dicodusport.fr\/blog\/wp-json\/wp\/v2\/tags?post=396186"}],"curies":[{"name":"wp","href":"https:\/\/api.w.org\/{rel}","templated":true}]}}