{"id":396202,"date":"2023-07-01T17:21:38","date_gmt":"2023-07-01T15:21:38","guid":{"rendered":"https:\/\/dicodusport.fr\/blog\/?p=396202&#038;preview=true&#038;preview_id=396202"},"modified":"2023-07-01T19:49:20","modified_gmt":"2023-07-01T17:49:20","slug":"tour-de-france-2023-adam-yates-sadjuge-la-1ere-etape","status":"publish","type":"post","link":"https:\/\/dicodusport.fr\/blog\/tour-de-france-2023-adam-yates-sadjuge-la-1ere-etape\/","title":{"rendered":"Tour de France 2023 : Adam Yates s&rsquo;adjuge la 1\u00e8re \u00e9tape"},"content":{"rendered":"<p style=\"text-align: justify;\"><b><i><a href=\"https:\/\/dicodusport.fr\/blog\/actualites\/cyclisme\/cyclisme-sur-route-2023\/tour-de-france-2023\/\">TOUR DE FRANCE 2023<\/a> &#8211; Adam Yates\u00a0 (UAE Team Emirates) a gagn\u00e9 la 1\u00e8re \u00e9tape de la Grande Boucle 2023 \u00e0 Bilbao, en Espagne, samedi. Il a devanc\u00e9 Simon Yates (Team Jayco AlUla). Tadej Pogacar (UAE Team Emirates) a compl\u00e9t\u00e9 le podium.\u00a0<\/i><\/b><\/p>\n<p style=\"text-align: justify;\">D&rsquo;abord, <strong>Simon Guglielmi<\/strong> (Ark\u00e9a-Samsic), <strong>Pascal Eenkhoorn<\/strong> (Lotto-Dstny), <strong>Jonas Gregaard<\/strong> (Uno X Pro Cycling), <strong>Valentin Ferron<\/strong> (TotalEnergies) et <strong>Lilian Calmejane<\/strong> (Intermarch\u00e9-Circus-Wanty) ont constitu\u00e9 la premi\u00e8re \u00e9chapp\u00e9e de cette 110\u00e8me \u00e9dition. <strong>Jonas Gregaard<\/strong> (Uno X Pro Cycling) a pris les deux points au classement de la montagne sur la C\u00f4te de Laukiz devant <strong>Pascal Eenkhoorn<\/strong> (Lotto-Dsnty). <strong>Gregaard<\/strong> a r\u00e9ussi \u00e0 se d\u00e9faire des adversaires \u00e0 700 m\u00e8tres du sommet.<\/p>\n<h2 style=\"text-align: justify;\">Cinq coureurs en \u00e9chapp\u00e9e<\/h2>\n<p style=\"text-align: justify;\">Puis, les \u00e9quipes Jumbo-Visma, Soudal Quick-Step et Alpecin-Deceuninck ont contr\u00f4l\u00e9 l&rsquo;\u00e9cart sous les deux minutes. <strong>Pascal Eenkhoorn<\/strong> (Lotto-Dstny) a empoch\u00e9 deux points, au sommet de la C\u00f4te de San Juan de Gaztelugatxe, devant <strong>Simon Guglielmi<\/strong> (Ark\u00e9a-Samsic). Le coureur n\u00e9erlandais avait remport\u00e9 le maillot de la montagne sur le dernier Tour de Suisse.<\/p>\n<p style=\"text-align: justify;\">Ensuite, <strong>Pascal Eenkhoorn<\/strong> (Lotto Dstny) a glan\u00e9 20 points au sprint interm\u00e9diaire devant <strong>Simon Guglielmi<\/strong> (Arkea-Samsic) et <strong>Valentin Ferron<\/strong> (TotalEnergies). Dans le peloton, \u00e0 1 minute 27, <strong>Mads Pedersen<\/strong> (Lidl-Trek) a pris 10 points devant <strong>Peter Sagan<\/strong> (TotalEnergies) et <strong>Jasper Philipsen<\/strong> (Alpecin-Deceuninck). Peu apr\u00e8s, <strong>Torstein Tr\u00e6en<\/strong> (Uno-X) a chut\u00e9 \u00e0 plus de 80 kilom\u00e8tres du terme et le coureur norv\u00e9gien est rapidement revenu dans le peloton. Victimes de crevaison, <strong>Pierre Latour<\/strong> (TotalEnergies) et <strong>Alexey Lutsenko<\/strong> (Astana Qazaqstan) ont r\u00e9ussi \u00e0 rentrer dans le peloton.<\/p>\n<h2 style=\"text-align: justify;\">Des attaquants repris loin de l&rsquo;arriv\u00e9e<\/h2>\n<p style=\"text-align: justify;\">Par la suite, le quint\u00e9 de t\u00eate a \u00e9t\u00e9 aval\u00e9 par le peloton \u00e0 50 kilom\u00e8tres de l&rsquo;arriv\u00e9e. Au sommet du Col de Morga, <strong>Jonas Abrahamsen<\/strong> (Uno X Pro Cycling) est pass\u00e9 en t\u00eate alors que les sprinteurs ont form\u00e9 le gruppetto. En effet, le peloton est mont\u00e9 \u00e0 vive allure dans cette ascension.<\/p>\n<p style=\"text-align: justify;\">Dans la C\u00f4te de Vivero, le vainqueur du contre-la-montre du dernier Dauphin\u00e9 <strong>Mikkel Bjerg<\/strong> (UAE Team Emirates) a impos\u00e9 un gros tempo d\u00e8s le pied afin de provoquer une premi\u00e8re s\u00e9lection au sein du peloton. Candidat au top 10, <strong>Alexey Lutsenko<\/strong> (Astana Qazaqstan) a \u00e9t\u00e9 distanc\u00e9. <strong>Neilson Powless<\/strong> (EF Education EasyPost) a bascul\u00e9 en t\u00eate devant <strong>Georg Zimmermann<\/strong> (Intermarch\u00e9-Circus-Wanty).<\/p>\n<h2 style=\"text-align: justify;\">Carapaz et Mas, \u00e9limin\u00e9s sur chute<\/h2>\n<p style=\"text-align: justify;\">Dans la descente, <strong>Enric Mas<\/strong> (Movistar) et <strong>Richard Carapaz<\/strong> (EF Education EasyPost) ont \u00e9t\u00e9 victimes d&rsquo;une grosse chute. Le leader de la Movistar a \u00e9t\u00e9 contraint \u00e0 l&rsquo;abandon tandis que le champion d&rsquo;\u00c9quateur a mis \u00e9norm\u00e9ment de temps pour repartir.<\/p>\n<blockquote class=\"twitter-tweet\">\n<p dir=\"ltr\" lang=\"fr\">\ud83d\ude2c CHUTE DE RICHARD CARAPAZ ET ENRIC MAS ! Le premier a pu repartir, le second pas encore, mais les deux peuvent d\u2019ores et d\u00e9j\u00e0 oublier le podium\u2026 <a href=\"https:\/\/twitter.com\/hashtag\/TDF2023?src=hash&amp;ref_src=twsrc%5Etfw\">#TDF2023<\/a><\/p>\n<p>Suivez le d\u00e9nouement de la 1\u00e8re \u00e9tape sur Eurosport avec <a href=\"https:\/\/twitter.com\/hashtag\/LesRP?src=hash&amp;ref_src=twsrc%5Etfw\">#LesRP<\/a> <a href=\"https:\/\/t.co\/CEas8hdYd5\">pic.twitter.com\/CEas8hdYd5<\/a><\/p>\n<p>\u2014 Eurosport France (@Eurosport_FR) <a href=\"https:\/\/twitter.com\/Eurosport_FR\/status\/1675157332303532033?ref_src=twsrc%5Etfw\">July 1, 2023<\/a><\/p><\/blockquote>\n<p><script async src=\"https:\/\/platform.twitter.com\/widgets.js\" charset=\"utf-8\"><\/script><\/p>\n<p style=\"text-align: justify;\">L&rsquo;\u00e9quipe UAE Team Emirates a fait exploser la course dans la difficile C\u00f4te de Pike avec un gros travail d&rsquo;Adam Yates. Apr\u00e8s une tentative de <strong>Mathieu Burgaudeau<\/strong> (TotalEnergies), trois coureurs se sont port\u00e9s \u00e0 l&rsquo;avant de la course : <strong>Jonas Vingegaard<\/strong> (Jumbo-Visma), <strong>Tadej Pogacar<\/strong> (UAE Team Emirates) et <strong>Victor Lafay<\/strong> (Cofidis). Ce dernier s&rsquo;est m\u00eame permis une petite acc\u00e9l\u00e9ration.<\/p>\n<p style=\"text-align: justify;\">Entr\u00e9s de l&rsquo;arri\u00e8re, <strong>Simon Yates<\/strong> (Team Jayco AlUla) et <strong>Adam Yates<\/strong> (UAE Team Emirates) sont sortis dans la descente.<\/p>\n<h2 style=\"text-align: justify;\">Une affaire de jumeaux<\/h2>\n<p style=\"text-align: justify;\">Finalement, <strong>Adam Yates<\/strong> (UAE Team Emirates) a pris le meilleur sur son fr\u00e8re jumeau <strong>Simon Yates<\/strong> (Team Jayco AlUla) pour d\u00e9crocher son premier succ\u00e8s en carri\u00e8re sur la Grande Boucle. Derri\u00e8re, <strong>Tadej Pogacar<\/strong> (UAE Team Emirates) a pris la troisi\u00e8me place, \u00e0 12 secondes, et quatre secondes de bonification. Le Slov\u00e8ne a devanc\u00e9 <strong>Thibaut Pinot<\/strong> (Groupama FDJ), <strong>Michael Woods<\/strong> (Israel Premier Tech) et <strong>Victor Lafay<\/strong> (Cofidis), au sein d&rsquo;un groupe de 12 coureurs. Un autre groupe avec 26 coureurs a franchi la ligne \u00e0 33 secondes avec <strong>Romain Bardet<\/strong> (Team DSM), <strong>Guillaume Martin<\/strong> (Cofidis), <strong>Ben O&rsquo;Connor<\/strong> (AG2R Citro\u00ebn), <strong>Egan Bernal<\/strong> (INEOS Grenadiers), <strong>Julian Alaphilippe<\/strong> (Soudal Quick-Step) et <strong>Mathieu van der Poel<\/strong> (Alpecin-Deceuninck).<\/p>\n<blockquote class=\"twitter-tweet\">\n<p dir=\"ltr\" lang=\"fr\">\ud83d\udc69\u200d\ud83d\udc66\u200d\ud83d\udc66 Maman doit \u00eatre (tr\u00e8s) fi\u00e8re : Adam Yates s&rsquo;impose devant son fr\u00e8re jumeau Simon et remporte la 1\u00e8re \u00e9tape du <a href=\"https:\/\/twitter.com\/hashtag\/TDF2023?src=hash&amp;ref_src=twsrc%5Etfw\">#TDF2023<\/a>, Pogacar r\u00e8gle le groupe des favoris <a href=\"https:\/\/twitter.com\/hashtag\/LesRP?src=hash&amp;ref_src=twsrc%5Etfw\">#LesRP<\/a> <a href=\"https:\/\/t.co\/OUVRvYl5eb\">pic.twitter.com\/OUVRvYl5eb<\/a><\/p>\n<p>\u2014 Eurosport France (@Eurosport_FR) <a href=\"https:\/\/twitter.com\/Eurosport_FR\/status\/1675163357094064128?ref_src=twsrc%5Etfw\">July 1, 2023<\/a><\/p><\/blockquote>\n<p><script async src=\"https:\/\/platform.twitter.com\/widgets.js\" charset=\"utf-8\"><\/script><\/p>\n<p style=\"text-align: justify;\">Au classement g\u00e9n\u00e9ral, <strong>Adam Yates<\/strong> (UAE Team Emirates) s&rsquo;est empar\u00e9 du premier maillot jaune, devant <strong>Simon Yates<\/strong> (Team Jayco AlUla), \u00e0 8 secondes, et <strong>Tadej Pogacar<\/strong> (UAE Team Emirates), \u00e0 18 secondes. <strong>Adam Yates<\/strong> retrouve le maillot jaune trois ans apr\u00e8s l&rsquo;avoir port\u00e9 pour la premi\u00e8re fois en 2020.<\/p>\n<h2 style=\"text-align: justify;\">\u00c0 lire aussi<\/h2>\n<ul>\n<li style=\"text-align: justify;\"><strong><a href=\"https:\/\/dicodusport.fr\/blog\/tour-de-france-2023-classement-1ere-etape\/\">Classement de la 1<sup>\u00e8re<\/sup> \u00e9tape du Tour de France<\/a>\u00a0<\/strong><\/li>\n<li style=\"text-align: justify;\"><b><a href=\"https:\/\/dicodusport.fr\/blog\/tour-de-france-2023-classement-general-maillot-jaune\/\">Le classement g\u00e9n\u00e9ral du Tour de France<\/a>\u00a0<\/b><\/li>\n<\/ul>\n<div class=\"vlp-link-container vlp-layout-article\"><a href=\"https:\/\/dicodusport.fr\/blog\/prize-money-tour-de-france-2023-ca-rapporte-combien-une-victoire-sur-la-grande-boucle\/\" class=\"vlp-link\" title=\"Prize money Tour de France 2023 : \u00c7a rapporte combien une victoire sur la Grande Boucle ?\"><\/a><div class=\"vlp-layout-zone-side\"><div class=\"vlp-block-4 vlp-link-image\"><img loading=\"lazy\" decoding=\"async\" style=\"max-width: 800px;\" width=\"800\" height=\"445\" src=\"https:\/\/dicodusport.fr\/blog\/wp-content\/uploads\/2023\/06\/Prize-money-Tour-de-France-2023-Ca-rapporte-combien-une-victoire-sur-la-Grande-Boucle-.png\" class=\"attachment-800x445 size-800x445\" alt=\"Prize money Tour de France 2023 \u00c7a rapporte combien une victoire sur la Grande Boucle\" srcset=\"https:\/\/dicodusport.fr\/blog\/wp-content\/uploads\/2023\/06\/Prize-money-Tour-de-France-2023-Ca-rapporte-combien-une-victoire-sur-la-Grande-Boucle-.png 800w, https:\/\/dicodusport.fr\/blog\/wp-content\/uploads\/2023\/06\/Prize-money-Tour-de-France-2023-Ca-rapporte-combien-une-victoire-sur-la-Grande-Boucle--300x167.png 300w, https:\/\/dicodusport.fr\/blog\/wp-content\/uploads\/2023\/06\/Prize-money-Tour-de-France-2023-Ca-rapporte-combien-une-victoire-sur-la-Grande-Boucle--768x427.png 768w\" sizes=\"auto, (max-width: 800px) 100vw, 800px\" \/><\/div><\/div><div class=\"vlp-layout-zone-main\"><div class=\"vlp-block-0 vlp-link-title\">Prize money Tour de France 2023 : \u00c7a rapporte combien une victoire sur la Grande Boucle ?<\/div><div class=\"vlp-block-1 vlp-link-summary\">TOUR DE FRANCE 2023 - Alors qu'il avait baiss\u00e9 entre l'\u00e9dition 2021 et le Tour 2022, le prize money du Tour de France 2023 est \u00e0 la hausse (+ 1,14 %), avec une enveloppe globale de 2 308 200 euros. On fait le point.<\/div><div class=\"vlp-block-2 vlp-link-button\">Lire l'article<\/div><div class=\"vlp-block-3 vlp-link-url\">dicodusport.fr<\/div><\/div><\/div>\n","protected":false},"excerpt":{"rendered":"<p>TOUR DE FRANCE 2023 &#8211; Adam Yates\u00a0 (UAE Team Emirates) a gagn\u00e9 la 1\u00e8re \u00e9tape de la Grande Boucle 2023 \u00e0 Bilbao, en Espagne, samedi. Il a devanc\u00e9 Simon Yates (Team Jayco AlUla). Tadej Pogacar (UAE Team Emirates) a compl\u00e9t\u00e9 le podium.\u00a0<\/p>\n","protected":false},"author":48,"featured_media":396372,"comment_status":"open","ping_status":"closed","sticky":false,"template":"","format":"standard","meta":{"_acf_changed":false,"_daextam_enable_autolinks":"","footnotes":""},"categories":[46995],"tags":[16878,24,1262],"class_list":["post-396202","post","type-post","status-publish","format-standard","has-post-thumbnail","hentry","category-tour-de-france","tag-breve","tag-sport","tag-tour-de-france"],"acf":[],"yoast_head":"<!-- This site is optimized with the Yoast SEO Premium plugin v26.7 (Yoast SEO v26.7) - https:\/\/yoast.com\/wordpress\/plugins\/seo\/ -->\n<title>Tour de France 2023 : Adam Yates s&#039;adjuge la 1\u00e8re \u00e9tape<\/title>\n<meta name=\"description\" content=\"TOUR DE FRANCE 2023 - Adam Yates\u00a0 (UAE Team Emirates) a gagn\u00e9 la 1\u00e8re \u00e9tape de la Grande Boucle 2023 \u00e0 Bilbao, en Espagne, samedi.\" \/>\n<meta name=\"robots\" content=\"index, follow, max-snippet:-1, max-image-preview:large, max-video-preview:-1\" \/>\n<link rel=\"canonical\" href=\"https:\/\/dicodusport.fr\/blog\/tour-de-france-2023-adam-yates-sadjuge-la-1ere-etape\/\" \/>\n<meta property=\"og:locale\" content=\"fr_FR\" \/>\n<meta property=\"og:type\" content=\"article\" \/>\n<meta property=\"og:title\" content=\"Tour de France 2023 : Adam Yates s&#039;adjuge la 1\u00e8re \u00e9tape\" \/>\n<meta property=\"og:description\" content=\"TOUR DE FRANCE 2023 - Adam Yates\u00a0 (UAE Team Emirates) a gagn\u00e9 la 1\u00e8re \u00e9tape de la Grande Boucle 2023 \u00e0 Bilbao, en Espagne, samedi.\" \/>\n<meta property=\"og:url\" content=\"https:\/\/dicodusport.fr\/blog\/tour-de-france-2023-adam-yates-sadjuge-la-1ere-etape\/\" \/>\n<meta property=\"og:site_name\" content=\"Dicodusport\" \/>\n<meta property=\"article:publisher\" content=\"https:\/\/www.facebook.com\/dicodusport\" \/>\n<meta property=\"article:author\" content=\"https:\/\/www.facebook.com\/groups\/LesRoisDuPeloton\" \/>\n<meta property=\"article:published_time\" content=\"2023-07-01T15:21:38+00:00\" \/>\n<meta property=\"article:modified_time\" content=\"2023-07-01T17:49:20+00:00\" \/>\n<meta property=\"og:image\" content=\"https:\/\/dicodusport.fr\/blog\/wp-content\/uploads\/2023\/07\/Tour-de-France-2023-Adam-Yates-sadjuge-la-1ere-etape-1.png\" \/>\n\t<meta property=\"og:image:width\" content=\"800\" \/>\n\t<meta property=\"og:image:height\" content=\"445\" \/>\n\t<meta property=\"og:image:type\" content=\"image\/png\" \/>\n<meta name=\"author\" content=\"Emilien Descampiaux\" \/>\n<meta name=\"twitter:card\" content=\"summary_large_image\" \/>\n<meta name=\"twitter:title\" content=\"Tour de France 2023 : Adam Yates s&#039;adjuge la 1\u00e8re \u00e9tape\" \/>\n<meta name=\"twitter:creator\" content=\"@https:\/\/twitter.com\/LRoisDuPeloton\" \/>\n<meta name=\"twitter:site\" content=\"@dicodusport\" \/>\n<script type=\"application\/ld+json\" class=\"yoast-schema-graph\">{\"@context\":\"https:\/\/schema.org\",\"@graph\":[{\"@type\":\"NewsArticle\",\"@id\":\"https:\/\/dicodusport.fr\/blog\/tour-de-france-2023-adam-yates-sadjuge-la-1ere-etape\/#article\",\"isPartOf\":{\"@id\":\"https:\/\/dicodusport.fr\/blog\/tour-de-france-2023-adam-yates-sadjuge-la-1ere-etape\/\"},\"author\":{\"name\":\"Emilien Descampiaux\",\"@id\":\"https:\/\/dicodusport.fr\/blog\/#\/schema\/person\/6db4bae06b171592211be385b32876a7\"},\"headline\":\"Tour de France 2023 : Adam Yates s&rsquo;adjuge la 1\u00e8re \u00e9tape\",\"datePublished\":\"2023-07-01T15:21:38+00:00\",\"dateModified\":\"2023-07-01T17:49:20+00:00\",\"mainEntityOfPage\":{\"@id\":\"https:\/\/dicodusport.fr\/blog\/tour-de-france-2023-adam-yates-sadjuge-la-1ere-etape\/\"},\"wordCount\":912,\"commentCount\":0,\"publisher\":{\"@id\":\"https:\/\/dicodusport.fr\/blog\/#organization\"},\"image\":{\"@id\":\"https:\/\/dicodusport.fr\/blog\/tour-de-france-2023-adam-yates-sadjuge-la-1ere-etape\/#primaryimage\"},\"thumbnailUrl\":\"https:\/\/dicodusport.fr\/blog\/wp-content\/uploads\/2023\/07\/Tour-de-France-2023-Adam-Yates-sadjuge-la-1ere-etape-1.png\",\"keywords\":[\"br\u00e8ve\",\"sport\",\"Tour de France\"],\"articleSection\":[\"Tour de France\"],\"inLanguage\":\"fr-FR\",\"potentialAction\":[{\"@type\":\"CommentAction\",\"name\":\"Comment\",\"target\":[\"https:\/\/dicodusport.fr\/blog\/tour-de-france-2023-adam-yates-sadjuge-la-1ere-etape\/#respond\"]}],\"copyrightYear\":\"2023\",\"copyrightHolder\":{\"@id\":\"https:\/\/dicodusport.fr\/blog\/#organization\"}},{\"@type\":\"WebPage\",\"@id\":\"https:\/\/dicodusport.fr\/blog\/tour-de-france-2023-adam-yates-sadjuge-la-1ere-etape\/\",\"url\":\"https:\/\/dicodusport.fr\/blog\/tour-de-france-2023-adam-yates-sadjuge-la-1ere-etape\/\",\"name\":\"Tour de France 2023 : Adam Yates s'adjuge la 1\u00e8re \u00e9tape\",\"isPartOf\":{\"@id\":\"https:\/\/dicodusport.fr\/blog\/#website\"},\"primaryImageOfPage\":{\"@id\":\"https:\/\/dicodusport.fr\/blog\/tour-de-france-2023-adam-yates-sadjuge-la-1ere-etape\/#primaryimage\"},\"image\":{\"@id\":\"https:\/\/dicodusport.fr\/blog\/tour-de-france-2023-adam-yates-sadjuge-la-1ere-etape\/#primaryimage\"},\"thumbnailUrl\":\"https:\/\/dicodusport.fr\/blog\/wp-content\/uploads\/2023\/07\/Tour-de-France-2023-Adam-Yates-sadjuge-la-1ere-etape-1.png\",\"datePublished\":\"2023-07-01T15:21:38+00:00\",\"dateModified\":\"2023-07-01T17:49:20+00:00\",\"description\":\"TOUR DE FRANCE 2023 - Adam Yates\u00a0 (UAE Team Emirates) a gagn\u00e9 la 1\u00e8re \u00e9tape de la Grande Boucle 2023 \u00e0 Bilbao, en Espagne, samedi.\",\"breadcrumb\":{\"@id\":\"https:\/\/dicodusport.fr\/blog\/tour-de-france-2023-adam-yates-sadjuge-la-1ere-etape\/#breadcrumb\"},\"inLanguage\":\"fr-FR\",\"potentialAction\":[{\"@type\":\"ReadAction\",\"target\":[\"https:\/\/dicodusport.fr\/blog\/tour-de-france-2023-adam-yates-sadjuge-la-1ere-etape\/\"]}]},{\"@type\":\"ImageObject\",\"inLanguage\":\"fr-FR\",\"@id\":\"https:\/\/dicodusport.fr\/blog\/tour-de-france-2023-adam-yates-sadjuge-la-1ere-etape\/#primaryimage\",\"url\":\"https:\/\/dicodusport.fr\/blog\/wp-content\/uploads\/2023\/07\/Tour-de-France-2023-Adam-Yates-sadjuge-la-1ere-etape-1.png\",\"contentUrl\":\"https:\/\/dicodusport.fr\/blog\/wp-content\/uploads\/2023\/07\/Tour-de-France-2023-Adam-Yates-sadjuge-la-1ere-etape-1.png\",\"width\":800,\"height\":445,\"caption\":\"Tour de France 2023 Adam Yates s'adjuge la 1\u00e8re \u00e9tape (1)\"},{\"@type\":\"BreadcrumbList\",\"@id\":\"https:\/\/dicodusport.fr\/blog\/tour-de-france-2023-adam-yates-sadjuge-la-1ere-etape\/#breadcrumb\",\"itemListElement\":[{\"@type\":\"ListItem\",\"position\":1,\"name\":\"Accueil\",\"item\":\"https:\/\/dicodusport.fr\/blog\/\"},{\"@type\":\"ListItem\",\"position\":2,\"name\":\"Tour de France 2023 : Adam Yates s&rsquo;adjuge la 1\u00e8re \u00e9tape\"}]},{\"@type\":\"WebSite\",\"@id\":\"https:\/\/dicodusport.fr\/blog\/#website\",\"url\":\"https:\/\/dicodusport.fr\/blog\/\",\"name\":\"Dicodusport\",\"description\":\"L&#039;encyclop\u00e9die de l&#039;actualit\u00e9 sportive\",\"publisher\":{\"@id\":\"https:\/\/dicodusport.fr\/blog\/#organization\"},\"potentialAction\":[{\"@type\":\"SearchAction\",\"target\":{\"@type\":\"EntryPoint\",\"urlTemplate\":\"https:\/\/dicodusport.fr\/blog\/?s={search_term_string}\"},\"query-input\":{\"@type\":\"PropertyValueSpecification\",\"valueRequired\":true,\"valueName\":\"search_term_string\"}}],\"inLanguage\":\"fr-FR\"},{\"@type\":\"NewsMediaOrganization\",\"@id\":\"https:\/\/dicodusport.fr\/blog\/#organization\",\"name\":\"Dicodusport\",\"url\":\"https:\/\/dicodusport.fr\/blog\/\",\"logo\":{\"@type\":\"ImageObject\",\"inLanguage\":\"fr-FR\",\"@id\":\"https:\/\/dicodusport.fr\/blog\/#\/schema\/logo\/image\/\",\"url\":\"https:\/\/dicodusport.fr\/blog\/wp-content\/uploads\/2020\/06\/cropped-LOGO-DICODUSPORT-2020-SANS-FOND-SANS-TEXTE.png\",\"contentUrl\":\"https:\/\/dicodusport.fr\/blog\/wp-content\/uploads\/2020\/06\/cropped-LOGO-DICODUSPORT-2020-SANS-FOND-SANS-TEXTE.png\",\"width\":512,\"height\":512,\"caption\":\"Dicodusport\"},\"image\":{\"@id\":\"https:\/\/dicodusport.fr\/blog\/#\/schema\/logo\/image\/\"},\"sameAs\":[\"https:\/\/www.facebook.com\/dicodusport\",\"https:\/\/x.com\/dicodusport\",\"https:\/\/www.instagram.com\/dicodusport\/\",\"https:\/\/www.youtube.com\/channel\/UC7V2KZ5sd3htJivAbA4ZG3w\"],\"description\":\"Dicodusport est l'encyclop\u00e9die de l'actualit\u00e9 sportive.\",\"email\":\"bonjour@dicodusport.fr\",\"legalName\":\"DICODUSPORT\",\"foundingDate\":\"2018-01-14\",\"vatID\":\"FR71834470973\",\"taxID\":\"83447097300043\",\"numberOfEmployees\":{\"@type\":\"QuantitativeValue\",\"minValue\":\"1\",\"maxValue\":\"10\"}},{\"@type\":\"Person\",\"@id\":\"https:\/\/dicodusport.fr\/blog\/#\/schema\/person\/6db4bae06b171592211be385b32876a7\",\"name\":\"Emilien Descampiaux\",\"image\":{\"@type\":\"ImageObject\",\"inLanguage\":\"fr-FR\",\"@id\":\"https:\/\/dicodusport.fr\/blog\/#\/schema\/person\/image\/\",\"url\":\"https:\/\/dicodusport.fr\/blog\/wp-content\/uploads\/2021\/05\/Emilien-Descampiaux-150x150.jpg\",\"contentUrl\":\"https:\/\/dicodusport.fr\/blog\/wp-content\/uploads\/2021\/05\/Emilien-Descampiaux-150x150.jpg\",\"caption\":\"Emilien Descampiaux\"},\"description\":\"Journaliste\/r\u00e9dacteur depuis 2014 - Fan de la classe de Frank Vandenbroucke, je vis cyclisme (et de ses paysages) depuis plus de 20 ans. Je suis tr\u00e8s impliqu\u00e9 sur mes diff\u00e9rents r\u00e9seaux sociaux pour partager ma passion sur le monde et l'Histoire de la bicyclette avec ma voix sur les images en noir et blanc du succ\u00e8s de Rik Van Steenbergen lors du Ronde sur le V\u00e9lodrome de Gand.\",\"sameAs\":[\"https:\/\/www.facebook.com\/groups\/LesRoisDuPeloton\",\"https:\/\/x.com\/https:\/\/twitter.com\/LRoisDuPeloton\"],\"url\":\"https:\/\/dicodusport.fr\/blog\/author\/emiliend\/\"}]}<\/script>\n<!-- \/ Yoast SEO Premium plugin. -->","yoast_head_json":{"title":"Tour de France 2023 : Adam Yates s'adjuge la 1\u00e8re \u00e9tape","description":"TOUR DE FRANCE 2023 - Adam Yates\u00a0 (UAE Team Emirates) a gagn\u00e9 la 1\u00e8re \u00e9tape de la Grande Boucle 2023 \u00e0 Bilbao, en Espagne, samedi.","robots":{"index":"index","follow":"follow","max-snippet":"max-snippet:-1","max-image-preview":"max-image-preview:large","max-video-preview":"max-video-preview:-1"},"canonical":"https:\/\/dicodusport.fr\/blog\/tour-de-france-2023-adam-yates-sadjuge-la-1ere-etape\/","og_locale":"fr_FR","og_type":"article","og_title":"Tour de France 2023 : Adam Yates s'adjuge la 1\u00e8re \u00e9tape","og_description":"TOUR DE FRANCE 2023 - Adam Yates\u00a0 (UAE Team Emirates) a gagn\u00e9 la 1\u00e8re \u00e9tape de la Grande Boucle 2023 \u00e0 Bilbao, en Espagne, samedi.","og_url":"https:\/\/dicodusport.fr\/blog\/tour-de-france-2023-adam-yates-sadjuge-la-1ere-etape\/","og_site_name":"Dicodusport","article_publisher":"https:\/\/www.facebook.com\/dicodusport","article_author":"https:\/\/www.facebook.com\/groups\/LesRoisDuPeloton","article_published_time":"2023-07-01T15:21:38+00:00","article_modified_time":"2023-07-01T17:49:20+00:00","og_image":[{"width":800,"height":445,"url":"https:\/\/dicodusport.fr\/blog\/wp-content\/uploads\/2023\/07\/Tour-de-France-2023-Adam-Yates-sadjuge-la-1ere-etape-1.png","type":"image\/png"}],"author":"Emilien Descampiaux","twitter_card":"summary_large_image","twitter_title":"Tour de France 2023 : Adam Yates s'adjuge la 1\u00e8re \u00e9tape","twitter_creator":"@https:\/\/twitter.com\/LRoisDuPeloton","twitter_site":"@dicodusport","schema":{"@context":"https:\/\/schema.org","@graph":[{"@type":"NewsArticle","@id":"https:\/\/dicodusport.fr\/blog\/tour-de-france-2023-adam-yates-sadjuge-la-1ere-etape\/#article","isPartOf":{"@id":"https:\/\/dicodusport.fr\/blog\/tour-de-france-2023-adam-yates-sadjuge-la-1ere-etape\/"},"author":{"name":"Emilien Descampiaux","@id":"https:\/\/dicodusport.fr\/blog\/#\/schema\/person\/6db4bae06b171592211be385b32876a7"},"headline":"Tour de France 2023 : Adam Yates s&rsquo;adjuge la 1\u00e8re \u00e9tape","datePublished":"2023-07-01T15:21:38+00:00","dateModified":"2023-07-01T17:49:20+00:00","mainEntityOfPage":{"@id":"https:\/\/dicodusport.fr\/blog\/tour-de-france-2023-adam-yates-sadjuge-la-1ere-etape\/"},"wordCount":912,"commentCount":0,"publisher":{"@id":"https:\/\/dicodusport.fr\/blog\/#organization"},"image":{"@id":"https:\/\/dicodusport.fr\/blog\/tour-de-france-2023-adam-yates-sadjuge-la-1ere-etape\/#primaryimage"},"thumbnailUrl":"https:\/\/dicodusport.fr\/blog\/wp-content\/uploads\/2023\/07\/Tour-de-France-2023-Adam-Yates-sadjuge-la-1ere-etape-1.png","keywords":["br\u00e8ve","sport","Tour de France"],"articleSection":["Tour de France"],"inLanguage":"fr-FR","potentialAction":[{"@type":"CommentAction","name":"Comment","target":["https:\/\/dicodusport.fr\/blog\/tour-de-france-2023-adam-yates-sadjuge-la-1ere-etape\/#respond"]}],"copyrightYear":"2023","copyrightHolder":{"@id":"https:\/\/dicodusport.fr\/blog\/#organization"}},{"@type":"WebPage","@id":"https:\/\/dicodusport.fr\/blog\/tour-de-france-2023-adam-yates-sadjuge-la-1ere-etape\/","url":"https:\/\/dicodusport.fr\/blog\/tour-de-france-2023-adam-yates-sadjuge-la-1ere-etape\/","name":"Tour de France 2023 : Adam Yates s'adjuge la 1\u00e8re \u00e9tape","isPartOf":{"@id":"https:\/\/dicodusport.fr\/blog\/#website"},"primaryImageOfPage":{"@id":"https:\/\/dicodusport.fr\/blog\/tour-de-france-2023-adam-yates-sadjuge-la-1ere-etape\/#primaryimage"},"image":{"@id":"https:\/\/dicodusport.fr\/blog\/tour-de-france-2023-adam-yates-sadjuge-la-1ere-etape\/#primaryimage"},"thumbnailUrl":"https:\/\/dicodusport.fr\/blog\/wp-content\/uploads\/2023\/07\/Tour-de-France-2023-Adam-Yates-sadjuge-la-1ere-etape-1.png","datePublished":"2023-07-01T15:21:38+00:00","dateModified":"2023-07-01T17:49:20+00:00","description":"TOUR DE FRANCE 2023 - Adam Yates\u00a0 (UAE Team Emirates) a gagn\u00e9 la 1\u00e8re \u00e9tape de la Grande Boucle 2023 \u00e0 Bilbao, en Espagne, samedi.","breadcrumb":{"@id":"https:\/\/dicodusport.fr\/blog\/tour-de-france-2023-adam-yates-sadjuge-la-1ere-etape\/#breadcrumb"},"inLanguage":"fr-FR","potentialAction":[{"@type":"ReadAction","target":["https:\/\/dicodusport.fr\/blog\/tour-de-france-2023-adam-yates-sadjuge-la-1ere-etape\/"]}]},{"@type":"ImageObject","inLanguage":"fr-FR","@id":"https:\/\/dicodusport.fr\/blog\/tour-de-france-2023-adam-yates-sadjuge-la-1ere-etape\/#primaryimage","url":"https:\/\/dicodusport.fr\/blog\/wp-content\/uploads\/2023\/07\/Tour-de-France-2023-Adam-Yates-sadjuge-la-1ere-etape-1.png","contentUrl":"https:\/\/dicodusport.fr\/blog\/wp-content\/uploads\/2023\/07\/Tour-de-France-2023-Adam-Yates-sadjuge-la-1ere-etape-1.png","width":800,"height":445,"caption":"Tour de France 2023 Adam Yates s'adjuge la 1\u00e8re \u00e9tape (1)"},{"@type":"BreadcrumbList","@id":"https:\/\/dicodusport.fr\/blog\/tour-de-france-2023-adam-yates-sadjuge-la-1ere-etape\/#breadcrumb","itemListElement":[{"@type":"ListItem","position":1,"name":"Accueil","item":"https:\/\/dicodusport.fr\/blog\/"},{"@type":"ListItem","position":2,"name":"Tour de France 2023 : Adam Yates s&rsquo;adjuge la 1\u00e8re \u00e9tape"}]},{"@type":"WebSite","@id":"https:\/\/dicodusport.fr\/blog\/#website","url":"https:\/\/dicodusport.fr\/blog\/","name":"Dicodusport","description":"L&#039;encyclop\u00e9die de l&#039;actualit\u00e9 sportive","publisher":{"@id":"https:\/\/dicodusport.fr\/blog\/#organization"},"potentialAction":[{"@type":"SearchAction","target":{"@type":"EntryPoint","urlTemplate":"https:\/\/dicodusport.fr\/blog\/?s={search_term_string}"},"query-input":{"@type":"PropertyValueSpecification","valueRequired":true,"valueName":"search_term_string"}}],"inLanguage":"fr-FR"},{"@type":"NewsMediaOrganization","@id":"https:\/\/dicodusport.fr\/blog\/#organization","name":"Dicodusport","url":"https:\/\/dicodusport.fr\/blog\/","logo":{"@type":"ImageObject","inLanguage":"fr-FR","@id":"https:\/\/dicodusport.fr\/blog\/#\/schema\/logo\/image\/","url":"https:\/\/dicodusport.fr\/blog\/wp-content\/uploads\/2020\/06\/cropped-LOGO-DICODUSPORT-2020-SANS-FOND-SANS-TEXTE.png","contentUrl":"https:\/\/dicodusport.fr\/blog\/wp-content\/uploads\/2020\/06\/cropped-LOGO-DICODUSPORT-2020-SANS-FOND-SANS-TEXTE.png","width":512,"height":512,"caption":"Dicodusport"},"image":{"@id":"https:\/\/dicodusport.fr\/blog\/#\/schema\/logo\/image\/"},"sameAs":["https:\/\/www.facebook.com\/dicodusport","https:\/\/x.com\/dicodusport","https:\/\/www.instagram.com\/dicodusport\/","https:\/\/www.youtube.com\/channel\/UC7V2KZ5sd3htJivAbA4ZG3w"],"description":"Dicodusport est l'encyclop\u00e9die de l'actualit\u00e9 sportive.","email":"bonjour@dicodusport.fr","legalName":"DICODUSPORT","foundingDate":"2018-01-14","vatID":"FR71834470973","taxID":"83447097300043","numberOfEmployees":{"@type":"QuantitativeValue","minValue":"1","maxValue":"10"}},{"@type":"Person","@id":"https:\/\/dicodusport.fr\/blog\/#\/schema\/person\/6db4bae06b171592211be385b32876a7","name":"Emilien Descampiaux","image":{"@type":"ImageObject","inLanguage":"fr-FR","@id":"https:\/\/dicodusport.fr\/blog\/#\/schema\/person\/image\/","url":"https:\/\/dicodusport.fr\/blog\/wp-content\/uploads\/2021\/05\/Emilien-Descampiaux-150x150.jpg","contentUrl":"https:\/\/dicodusport.fr\/blog\/wp-content\/uploads\/2021\/05\/Emilien-Descampiaux-150x150.jpg","caption":"Emilien Descampiaux"},"description":"Journaliste\/r\u00e9dacteur depuis 2014 - Fan de la classe de Frank Vandenbroucke, je vis cyclisme (et de ses paysages) depuis plus de 20 ans. Je suis tr\u00e8s impliqu\u00e9 sur mes diff\u00e9rents r\u00e9seaux sociaux pour partager ma passion sur le monde et l'Histoire de la bicyclette avec ma voix sur les images en noir et blanc du succ\u00e8s de Rik Van Steenbergen lors du Ronde sur le V\u00e9lodrome de Gand.","sameAs":["https:\/\/www.facebook.com\/groups\/LesRoisDuPeloton","https:\/\/x.com\/https:\/\/twitter.com\/LRoisDuPeloton"],"url":"https:\/\/dicodusport.fr\/blog\/author\/emiliend\/"}]}},"_links":{"self":[{"href":"https:\/\/dicodusport.fr\/blog\/wp-json\/wp\/v2\/posts\/396202","targetHints":{"allow":["GET"]}}],"collection":[{"href":"https:\/\/dicodusport.fr\/blog\/wp-json\/wp\/v2\/posts"}],"about":[{"href":"https:\/\/dicodusport.fr\/blog\/wp-json\/wp\/v2\/types\/post"}],"author":[{"embeddable":true,"href":"https:\/\/dicodusport.fr\/blog\/wp-json\/wp\/v2\/users\/48"}],"replies":[{"embeddable":true,"href":"https:\/\/dicodusport.fr\/blog\/wp-json\/wp\/v2\/comments?post=396202"}],"version-history":[{"count":0,"href":"https:\/\/dicodusport.fr\/blog\/wp-json\/wp\/v2\/posts\/396202\/revisions"}],"wp:featuredmedia":[{"embeddable":true,"href":"https:\/\/dicodusport.fr\/blog\/wp-json\/wp\/v2\/media\/396372"}],"wp:attachment":[{"href":"https:\/\/dicodusport.fr\/blog\/wp-json\/wp\/v2\/media?parent=396202"}],"wp:term":[{"taxonomy":"category","embeddable":true,"href":"https:\/\/dicodusport.fr\/blog\/wp-json\/wp\/v2\/categories?post=396202"},{"taxonomy":"post_tag","embeddable":true,"href":"https:\/\/dicodusport.fr\/blog\/wp-json\/wp\/v2\/tags?post=396202"}],"curies":[{"name":"wp","href":"https:\/\/api.w.org\/{rel}","templated":true}]}}