{"id":396317,"date":"2023-07-01T16:20:06","date_gmt":"2023-07-01T14:20:06","guid":{"rendered":"https:\/\/dicodusport.fr\/blog\/?p=396317&#038;preview=true&#038;preview_id=396317"},"modified":"2023-07-01T18:51:54","modified_gmt":"2023-07-01T16:51:54","slug":"mercato-psg-paris-fonce-sur-bradley-barcola","status":"publish","type":"post","link":"https:\/\/dicodusport.fr\/blog\/mercato-psg-paris-fonce-sur-bradley-barcola\/","title":{"rendered":"Mercato PSG : Paris fonce sur Bradley Barcola"},"content":{"rendered":"<p align=\"justify\"><em><strong>LIGUE 1 2023-2024 &#8211; Selon Fabrizio Romano, le Paris Saint-Germain s&rsquo;est positionn\u00e9 pour recruter Bradley Barcola cet \u00e9t\u00e9.\u00a0<\/strong><\/em><\/p>\n<p align=\"justify\">S&rsquo;il y a encore six mois, il \u00e9tait presque inconnu du grand public, <strong>Bradley<\/strong> <strong>Barcola<\/strong> a chang\u00e9 de dimension depuis l&rsquo;arriv\u00e9e de <strong>Laurent<\/strong> <strong>Blanc<\/strong>. L&rsquo;ailier de l&rsquo;<strong>Olympique Lyonnais<\/strong> a inscrit cinq buts et donn\u00e9 neuf passes d\u00e9cisives en 26 matchs de Ligue 1 cette saison. Ses performances lui ont permis de rejoindre l&rsquo;\u00e9quipe de France espoirs, et il brille actuellement \u00e0 l&rsquo;Euro.<\/p>\n<p align=\"justify\">L&rsquo;<strong>Olympique<\/strong> <strong>Lyonnais<\/strong> aimerait le conserver dans son effectif d&rsquo;un point de vue sportif, mais le club doit rapidement trouver des liquidit\u00e9s pour repasser devant la DNCG. <strong>Castello<\/strong> <strong>Lukeba<\/strong> est un candidat au d\u00e9part, mais <strong>Bradley<\/strong> <strong>Barcola<\/strong> a aussi une cote importante sur le march\u00e9. Deux clubs sont sur le coup pour le signer : le <strong>Paris Saint-Germain<\/strong> et Leipzig.<\/p>\n<h2 style=\"text-align: justify;\" align=\"justify\">L&rsquo;OL veut garder Bradley Barcola<\/h2>\n<p align=\"justify\">Sous contrat avec Lyon jusqu&rsquo;en juin 2026, <strong>Barcola<\/strong> a vu sa valeur marchande passer de 2 millions d&rsquo;euros \u00e0 18 millions d&rsquo;euros en quelques mois. Et, l&rsquo;<strong>Olympique Lyonnais<\/strong> pourrait m\u00eame probablement le vendre plus cher que cela, mais <strong>Laurent<\/strong> <strong>Blanc<\/strong> compte sur lui la saison prochaine. L&rsquo;OL va tenter de le conserver, mais un d\u00e9part n&rsquo;est pas \u00e0 exclure en fonction des offres transmises pour lui.<\/p>\n<p align=\"justify\">Le <strong>PSG<\/strong> et <strong>Leipzig<\/strong> aiment les joueurs de l&rsquo;Olympique Lyonnais. Les champions de France ont d\u00e9j\u00e0 un \u0153il sur <strong>Rayan<\/strong> <strong>Cherki<\/strong>, mais l&rsquo;OL a refus\u00e9 de le vendre cet hiver. Les Parisiens pourraient aussi revenir \u00e0 la charge cet \u00e9t\u00e9. De son c\u00f4t\u00e9, le club allemand est tr\u00e8s int\u00e9ress\u00e9 pour signer <strong>Castello<\/strong> <strong>Lukeba<\/strong> et attend de vendre <strong>Jo\u0161ko<\/strong> <strong>Gvardiol<\/strong> pour passer \u00e0 l&rsquo;action.<\/p>\n<blockquote class=\"twitter-tweet\">\n<p dir=\"ltr\" lang=\"en\">Understand Paris Saint-Germain and RB Leipzig are both showing interest in OL top talent Bradley Barcola. \u2728\ud83c\uddeb\ud83c\uddf7<\/p>\n<p>No decision yet as OL hope to keep the player but both clubs are informed on Barcola situation. <a href=\"https:\/\/t.co\/YK4uxM4IUX\">pic.twitter.com\/YK4uxM4IUX<\/a><\/p>\n<p>\u2014 Fabrizio Romano (@FabrizioRomano) <a href=\"https:\/\/twitter.com\/FabrizioRomano\/status\/1675143631542407171?ref_src=twsrc%5Etfw\">July 1, 2023<\/a><\/p><\/blockquote>\n<p><script async src=\"https:\/\/platform.twitter.com\/widgets.js\" charset=\"utf-8\"><\/script><\/p>\n","protected":false},"excerpt":{"rendered":"<p>LIGUE 1 2023-2024 &#8211; Selon Fabrizio Romano, le Paris Saint-Germain s&rsquo;est positionn\u00e9 pour recruter Bradley Barcola cet \u00e9t\u00e9.\u00a0<\/p>\n","protected":false},"author":1,"featured_media":396318,"comment_status":"open","ping_status":"closed","sticky":false,"template":"","format":"standard","meta":{"_acf_changed":false,"_daextam_enable_autolinks":"","footnotes":""},"categories":[2301,47045],"tags":[32494,30451,16878,75,1145],"class_list":["post-396317","post","type-post","status-publish","format-standard","has-post-thumbnail","hentry","category-football","category-ligue-1","tag-barcola","tag-bradley-barcola","tag-breve","tag-football","tag-ol"],"acf":[],"yoast_head":"<!-- This site is optimized with the Yoast SEO Premium plugin v26.7 (Yoast SEO v26.7) - https:\/\/yoast.com\/wordpress\/plugins\/seo\/ -->\n<title>Mercato PSG : Paris fonce sur Bradley Barcola<\/title>\n<meta name=\"description\" content=\"LIGUE 1 2023-2024 - Selon Fabrizio Romano, le Paris Saint-Germain s&#039;est positionn\u00e9 pour recruter Bradley Barcola cet \u00e9t\u00e9.\u00a0\" \/>\n<meta name=\"robots\" content=\"index, follow, max-snippet:-1, max-image-preview:large, max-video-preview:-1\" \/>\n<link rel=\"canonical\" href=\"https:\/\/dicodusport.fr\/blog\/mercato-psg-paris-fonce-sur-bradley-barcola\/\" \/>\n<meta property=\"og:locale\" content=\"fr_FR\" \/>\n<meta property=\"og:type\" content=\"article\" \/>\n<meta property=\"og:title\" content=\"Mercato PSG : Paris fonce sur Bradley Barcola\" \/>\n<meta property=\"og:description\" content=\"LIGUE 1 2023-2024 - Selon Fabrizio Romano, le Paris Saint-Germain s&#039;est positionn\u00e9 pour recruter Bradley Barcola cet \u00e9t\u00e9.\u00a0\" \/>\n<meta property=\"og:url\" content=\"https:\/\/dicodusport.fr\/blog\/mercato-psg-paris-fonce-sur-bradley-barcola\/\" \/>\n<meta property=\"og:site_name\" content=\"Dicodusport\" \/>\n<meta property=\"article:publisher\" content=\"https:\/\/www.facebook.com\/dicodusport\" \/>\n<meta property=\"article:author\" content=\"https:\/\/www.facebook.com\/dicodusport\" \/>\n<meta property=\"article:published_time\" content=\"2023-07-01T14:20:06+00:00\" \/>\n<meta property=\"article:modified_time\" content=\"2023-07-01T16:51:54+00:00\" \/>\n<meta property=\"og:image\" content=\"https:\/\/dicodusport.fr\/blog\/wp-content\/uploads\/2023\/07\/Mercato-PSG-Paris-fonce-sur-Bradley-Barcola.png\" \/>\n\t<meta property=\"og:image:width\" content=\"800\" \/>\n\t<meta property=\"og:image:height\" content=\"445\" \/>\n\t<meta property=\"og:image:type\" content=\"image\/png\" \/>\n<meta name=\"author\" content=\"Nicolas Jacquemard\" \/>\n<meta name=\"twitter:card\" content=\"summary_large_image\" \/>\n<meta name=\"twitter:title\" content=\"Mercato PSG : Paris fonce sur Bradley Barcola\" \/>\n<meta name=\"twitter:creator\" content=\"@https:\/\/twitter.com\/Nico_Jacquemard\" \/>\n<meta name=\"twitter:site\" content=\"@dicodusport\" \/>\n<script type=\"application\/ld+json\" class=\"yoast-schema-graph\">{\"@context\":\"https:\/\/schema.org\",\"@graph\":[{\"@type\":\"NewsArticle\",\"@id\":\"https:\/\/dicodusport.fr\/blog\/mercato-psg-paris-fonce-sur-bradley-barcola\/#article\",\"isPartOf\":{\"@id\":\"https:\/\/dicodusport.fr\/blog\/mercato-psg-paris-fonce-sur-bradley-barcola\/\"},\"author\":{\"name\":\"Nicolas Jacquemard\",\"@id\":\"https:\/\/dicodusport.fr\/blog\/#\/schema\/person\/55dcb50ad410894e431ed812bbb70191\"},\"headline\":\"Mercato PSG : Paris fonce sur Bradley Barcola\",\"datePublished\":\"2023-07-01T14:20:06+00:00\",\"dateModified\":\"2023-07-01T16:51:54+00:00\",\"mainEntityOfPage\":{\"@id\":\"https:\/\/dicodusport.fr\/blog\/mercato-psg-paris-fonce-sur-bradley-barcola\/\"},\"wordCount\":342,\"commentCount\":0,\"publisher\":{\"@id\":\"https:\/\/dicodusport.fr\/blog\/#organization\"},\"image\":{\"@id\":\"https:\/\/dicodusport.fr\/blog\/mercato-psg-paris-fonce-sur-bradley-barcola\/#primaryimage\"},\"thumbnailUrl\":\"https:\/\/dicodusport.fr\/blog\/wp-content\/uploads\/2023\/07\/Mercato-PSG-Paris-fonce-sur-Bradley-Barcola.png\",\"keywords\":[\"Barcola\",\"Bradley Barcola\",\"br\u00e8ve\",\"Football\",\"OL\"],\"articleSection\":[\"Football\",\"Ligue 1\"],\"inLanguage\":\"fr-FR\",\"potentialAction\":[{\"@type\":\"CommentAction\",\"name\":\"Comment\",\"target\":[\"https:\/\/dicodusport.fr\/blog\/mercato-psg-paris-fonce-sur-bradley-barcola\/#respond\"]}],\"copyrightYear\":\"2023\",\"copyrightHolder\":{\"@id\":\"https:\/\/dicodusport.fr\/blog\/#organization\"}},{\"@type\":\"WebPage\",\"@id\":\"https:\/\/dicodusport.fr\/blog\/mercato-psg-paris-fonce-sur-bradley-barcola\/\",\"url\":\"https:\/\/dicodusport.fr\/blog\/mercato-psg-paris-fonce-sur-bradley-barcola\/\",\"name\":\"Mercato PSG : Paris fonce sur Bradley Barcola\",\"isPartOf\":{\"@id\":\"https:\/\/dicodusport.fr\/blog\/#website\"},\"primaryImageOfPage\":{\"@id\":\"https:\/\/dicodusport.fr\/blog\/mercato-psg-paris-fonce-sur-bradley-barcola\/#primaryimage\"},\"image\":{\"@id\":\"https:\/\/dicodusport.fr\/blog\/mercato-psg-paris-fonce-sur-bradley-barcola\/#primaryimage\"},\"thumbnailUrl\":\"https:\/\/dicodusport.fr\/blog\/wp-content\/uploads\/2023\/07\/Mercato-PSG-Paris-fonce-sur-Bradley-Barcola.png\",\"datePublished\":\"2023-07-01T14:20:06+00:00\",\"dateModified\":\"2023-07-01T16:51:54+00:00\",\"description\":\"LIGUE 1 2023-2024 - Selon Fabrizio Romano, le Paris Saint-Germain s'est positionn\u00e9 pour recruter Bradley Barcola cet \u00e9t\u00e9.\u00a0\",\"breadcrumb\":{\"@id\":\"https:\/\/dicodusport.fr\/blog\/mercato-psg-paris-fonce-sur-bradley-barcola\/#breadcrumb\"},\"inLanguage\":\"fr-FR\",\"potentialAction\":[{\"@type\":\"ReadAction\",\"target\":[\"https:\/\/dicodusport.fr\/blog\/mercato-psg-paris-fonce-sur-bradley-barcola\/\"]}]},{\"@type\":\"ImageObject\",\"inLanguage\":\"fr-FR\",\"@id\":\"https:\/\/dicodusport.fr\/blog\/mercato-psg-paris-fonce-sur-bradley-barcola\/#primaryimage\",\"url\":\"https:\/\/dicodusport.fr\/blog\/wp-content\/uploads\/2023\/07\/Mercato-PSG-Paris-fonce-sur-Bradley-Barcola.png\",\"contentUrl\":\"https:\/\/dicodusport.fr\/blog\/wp-content\/uploads\/2023\/07\/Mercato-PSG-Paris-fonce-sur-Bradley-Barcola.png\",\"width\":800,\"height\":445},{\"@type\":\"BreadcrumbList\",\"@id\":\"https:\/\/dicodusport.fr\/blog\/mercato-psg-paris-fonce-sur-bradley-barcola\/#breadcrumb\",\"itemListElement\":[{\"@type\":\"ListItem\",\"position\":1,\"name\":\"Accueil\",\"item\":\"https:\/\/dicodusport.fr\/blog\/\"},{\"@type\":\"ListItem\",\"position\":2,\"name\":\"Mercato PSG : Paris fonce sur Bradley Barcola\"}]},{\"@type\":\"WebSite\",\"@id\":\"https:\/\/dicodusport.fr\/blog\/#website\",\"url\":\"https:\/\/dicodusport.fr\/blog\/\",\"name\":\"Dicodusport\",\"description\":\"L&#039;encyclop\u00e9die de l&#039;actualit\u00e9 sportive\",\"publisher\":{\"@id\":\"https:\/\/dicodusport.fr\/blog\/#organization\"},\"potentialAction\":[{\"@type\":\"SearchAction\",\"target\":{\"@type\":\"EntryPoint\",\"urlTemplate\":\"https:\/\/dicodusport.fr\/blog\/?s={search_term_string}\"},\"query-input\":{\"@type\":\"PropertyValueSpecification\",\"valueRequired\":true,\"valueName\":\"search_term_string\"}}],\"inLanguage\":\"fr-FR\"},{\"@type\":\"NewsMediaOrganization\",\"@id\":\"https:\/\/dicodusport.fr\/blog\/#organization\",\"name\":\"Dicodusport\",\"url\":\"https:\/\/dicodusport.fr\/blog\/\",\"logo\":{\"@type\":\"ImageObject\",\"inLanguage\":\"fr-FR\",\"@id\":\"https:\/\/dicodusport.fr\/blog\/#\/schema\/logo\/image\/\",\"url\":\"https:\/\/dicodusport.fr\/blog\/wp-content\/uploads\/2020\/06\/cropped-LOGO-DICODUSPORT-2020-SANS-FOND-SANS-TEXTE.png\",\"contentUrl\":\"https:\/\/dicodusport.fr\/blog\/wp-content\/uploads\/2020\/06\/cropped-LOGO-DICODUSPORT-2020-SANS-FOND-SANS-TEXTE.png\",\"width\":512,\"height\":512,\"caption\":\"Dicodusport\"},\"image\":{\"@id\":\"https:\/\/dicodusport.fr\/blog\/#\/schema\/logo\/image\/\"},\"sameAs\":[\"https:\/\/www.facebook.com\/dicodusport\",\"https:\/\/x.com\/dicodusport\",\"https:\/\/www.instagram.com\/dicodusport\/\",\"https:\/\/www.youtube.com\/channel\/UC7V2KZ5sd3htJivAbA4ZG3w\"],\"description\":\"Dicodusport est l'encyclop\u00e9die de l'actualit\u00e9 sportive.\",\"email\":\"bonjour@dicodusport.fr\",\"legalName\":\"DICODUSPORT\",\"foundingDate\":\"2018-01-14\",\"vatID\":\"FR71834470973\",\"taxID\":\"83447097300043\",\"numberOfEmployees\":{\"@type\":\"QuantitativeValue\",\"minValue\":\"1\",\"maxValue\":\"10\"}},{\"@type\":\"Person\",\"@id\":\"https:\/\/dicodusport.fr\/blog\/#\/schema\/person\/55dcb50ad410894e431ed812bbb70191\",\"name\":\"Nicolas Jacquemard\",\"image\":{\"@type\":\"ImageObject\",\"inLanguage\":\"fr-FR\",\"@id\":\"https:\/\/dicodusport.fr\/blog\/#\/schema\/person\/image\/\",\"url\":\"https:\/\/dicodusport.fr\/blog\/wp-content\/uploads\/2021\/05\/Nicolas-Jacquemard-150x150.jpeg\",\"contentUrl\":\"https:\/\/dicodusport.fr\/blog\/wp-content\/uploads\/2021\/05\/Nicolas-Jacquemard-150x150.jpeg\",\"caption\":\"Nicolas Jacquemard\"},\"description\":\"Passionn\u00e9 de sport et entrepreneur depuis mes 18 ans, la cr\u00e9ation de Dicodusport m'a sembl\u00e9 \u00e9vidente pour participer \u00e0 la m\u00e9diatisation d'un plus grand nombre de sports. Le chemin est long mais avec une \u00e9quipe des plus motiv\u00e9es et les Jeux Olympiques de Paris 2024 en point de mire, nous y arriverons ! Journaliste dans le monde du sport depuis plus de 5 ans, je traite aussi bien de football, de rugby, de biathlon que de cyclisme.\",\"sameAs\":[\"https:\/\/www.facebook.com\/dicodusport\",\"https:\/\/x.com\/https:\/\/twitter.com\/Nico_Jacquemard\"],\"url\":\"https:\/\/dicodusport.fr\/blog\/author\/dicodusport\/\"}]}<\/script>\n<!-- \/ Yoast SEO Premium plugin. -->","yoast_head_json":{"title":"Mercato PSG : Paris fonce sur Bradley Barcola","description":"LIGUE 1 2023-2024 - Selon Fabrizio Romano, le Paris Saint-Germain s'est positionn\u00e9 pour recruter Bradley Barcola cet \u00e9t\u00e9.\u00a0","robots":{"index":"index","follow":"follow","max-snippet":"max-snippet:-1","max-image-preview":"max-image-preview:large","max-video-preview":"max-video-preview:-1"},"canonical":"https:\/\/dicodusport.fr\/blog\/mercato-psg-paris-fonce-sur-bradley-barcola\/","og_locale":"fr_FR","og_type":"article","og_title":"Mercato PSG : Paris fonce sur Bradley Barcola","og_description":"LIGUE 1 2023-2024 - Selon Fabrizio Romano, le Paris Saint-Germain s'est positionn\u00e9 pour recruter Bradley Barcola cet \u00e9t\u00e9.\u00a0","og_url":"https:\/\/dicodusport.fr\/blog\/mercato-psg-paris-fonce-sur-bradley-barcola\/","og_site_name":"Dicodusport","article_publisher":"https:\/\/www.facebook.com\/dicodusport","article_author":"https:\/\/www.facebook.com\/dicodusport","article_published_time":"2023-07-01T14:20:06+00:00","article_modified_time":"2023-07-01T16:51:54+00:00","og_image":[{"width":800,"height":445,"url":"https:\/\/dicodusport.fr\/blog\/wp-content\/uploads\/2023\/07\/Mercato-PSG-Paris-fonce-sur-Bradley-Barcola.png","type":"image\/png"}],"author":"Nicolas Jacquemard","twitter_card":"summary_large_image","twitter_title":"Mercato PSG : Paris fonce sur Bradley Barcola","twitter_creator":"@https:\/\/twitter.com\/Nico_Jacquemard","twitter_site":"@dicodusport","schema":{"@context":"https:\/\/schema.org","@graph":[{"@type":"NewsArticle","@id":"https:\/\/dicodusport.fr\/blog\/mercato-psg-paris-fonce-sur-bradley-barcola\/#article","isPartOf":{"@id":"https:\/\/dicodusport.fr\/blog\/mercato-psg-paris-fonce-sur-bradley-barcola\/"},"author":{"name":"Nicolas Jacquemard","@id":"https:\/\/dicodusport.fr\/blog\/#\/schema\/person\/55dcb50ad410894e431ed812bbb70191"},"headline":"Mercato PSG : Paris fonce sur Bradley Barcola","datePublished":"2023-07-01T14:20:06+00:00","dateModified":"2023-07-01T16:51:54+00:00","mainEntityOfPage":{"@id":"https:\/\/dicodusport.fr\/blog\/mercato-psg-paris-fonce-sur-bradley-barcola\/"},"wordCount":342,"commentCount":0,"publisher":{"@id":"https:\/\/dicodusport.fr\/blog\/#organization"},"image":{"@id":"https:\/\/dicodusport.fr\/blog\/mercato-psg-paris-fonce-sur-bradley-barcola\/#primaryimage"},"thumbnailUrl":"https:\/\/dicodusport.fr\/blog\/wp-content\/uploads\/2023\/07\/Mercato-PSG-Paris-fonce-sur-Bradley-Barcola.png","keywords":["Barcola","Bradley Barcola","br\u00e8ve","Football","OL"],"articleSection":["Football","Ligue 1"],"inLanguage":"fr-FR","potentialAction":[{"@type":"CommentAction","name":"Comment","target":["https:\/\/dicodusport.fr\/blog\/mercato-psg-paris-fonce-sur-bradley-barcola\/#respond"]}],"copyrightYear":"2023","copyrightHolder":{"@id":"https:\/\/dicodusport.fr\/blog\/#organization"}},{"@type":"WebPage","@id":"https:\/\/dicodusport.fr\/blog\/mercato-psg-paris-fonce-sur-bradley-barcola\/","url":"https:\/\/dicodusport.fr\/blog\/mercato-psg-paris-fonce-sur-bradley-barcola\/","name":"Mercato PSG : Paris fonce sur Bradley Barcola","isPartOf":{"@id":"https:\/\/dicodusport.fr\/blog\/#website"},"primaryImageOfPage":{"@id":"https:\/\/dicodusport.fr\/blog\/mercato-psg-paris-fonce-sur-bradley-barcola\/#primaryimage"},"image":{"@id":"https:\/\/dicodusport.fr\/blog\/mercato-psg-paris-fonce-sur-bradley-barcola\/#primaryimage"},"thumbnailUrl":"https:\/\/dicodusport.fr\/blog\/wp-content\/uploads\/2023\/07\/Mercato-PSG-Paris-fonce-sur-Bradley-Barcola.png","datePublished":"2023-07-01T14:20:06+00:00","dateModified":"2023-07-01T16:51:54+00:00","description":"LIGUE 1 2023-2024 - Selon Fabrizio Romano, le Paris Saint-Germain s'est positionn\u00e9 pour recruter Bradley Barcola cet \u00e9t\u00e9.\u00a0","breadcrumb":{"@id":"https:\/\/dicodusport.fr\/blog\/mercato-psg-paris-fonce-sur-bradley-barcola\/#breadcrumb"},"inLanguage":"fr-FR","potentialAction":[{"@type":"ReadAction","target":["https:\/\/dicodusport.fr\/blog\/mercato-psg-paris-fonce-sur-bradley-barcola\/"]}]},{"@type":"ImageObject","inLanguage":"fr-FR","@id":"https:\/\/dicodusport.fr\/blog\/mercato-psg-paris-fonce-sur-bradley-barcola\/#primaryimage","url":"https:\/\/dicodusport.fr\/blog\/wp-content\/uploads\/2023\/07\/Mercato-PSG-Paris-fonce-sur-Bradley-Barcola.png","contentUrl":"https:\/\/dicodusport.fr\/blog\/wp-content\/uploads\/2023\/07\/Mercato-PSG-Paris-fonce-sur-Bradley-Barcola.png","width":800,"height":445},{"@type":"BreadcrumbList","@id":"https:\/\/dicodusport.fr\/blog\/mercato-psg-paris-fonce-sur-bradley-barcola\/#breadcrumb","itemListElement":[{"@type":"ListItem","position":1,"name":"Accueil","item":"https:\/\/dicodusport.fr\/blog\/"},{"@type":"ListItem","position":2,"name":"Mercato PSG : Paris fonce sur Bradley Barcola"}]},{"@type":"WebSite","@id":"https:\/\/dicodusport.fr\/blog\/#website","url":"https:\/\/dicodusport.fr\/blog\/","name":"Dicodusport","description":"L&#039;encyclop\u00e9die de l&#039;actualit\u00e9 sportive","publisher":{"@id":"https:\/\/dicodusport.fr\/blog\/#organization"},"potentialAction":[{"@type":"SearchAction","target":{"@type":"EntryPoint","urlTemplate":"https:\/\/dicodusport.fr\/blog\/?s={search_term_string}"},"query-input":{"@type":"PropertyValueSpecification","valueRequired":true,"valueName":"search_term_string"}}],"inLanguage":"fr-FR"},{"@type":"NewsMediaOrganization","@id":"https:\/\/dicodusport.fr\/blog\/#organization","name":"Dicodusport","url":"https:\/\/dicodusport.fr\/blog\/","logo":{"@type":"ImageObject","inLanguage":"fr-FR","@id":"https:\/\/dicodusport.fr\/blog\/#\/schema\/logo\/image\/","url":"https:\/\/dicodusport.fr\/blog\/wp-content\/uploads\/2020\/06\/cropped-LOGO-DICODUSPORT-2020-SANS-FOND-SANS-TEXTE.png","contentUrl":"https:\/\/dicodusport.fr\/blog\/wp-content\/uploads\/2020\/06\/cropped-LOGO-DICODUSPORT-2020-SANS-FOND-SANS-TEXTE.png","width":512,"height":512,"caption":"Dicodusport"},"image":{"@id":"https:\/\/dicodusport.fr\/blog\/#\/schema\/logo\/image\/"},"sameAs":["https:\/\/www.facebook.com\/dicodusport","https:\/\/x.com\/dicodusport","https:\/\/www.instagram.com\/dicodusport\/","https:\/\/www.youtube.com\/channel\/UC7V2KZ5sd3htJivAbA4ZG3w"],"description":"Dicodusport est l'encyclop\u00e9die de l'actualit\u00e9 sportive.","email":"bonjour@dicodusport.fr","legalName":"DICODUSPORT","foundingDate":"2018-01-14","vatID":"FR71834470973","taxID":"83447097300043","numberOfEmployees":{"@type":"QuantitativeValue","minValue":"1","maxValue":"10"}},{"@type":"Person","@id":"https:\/\/dicodusport.fr\/blog\/#\/schema\/person\/55dcb50ad410894e431ed812bbb70191","name":"Nicolas Jacquemard","image":{"@type":"ImageObject","inLanguage":"fr-FR","@id":"https:\/\/dicodusport.fr\/blog\/#\/schema\/person\/image\/","url":"https:\/\/dicodusport.fr\/blog\/wp-content\/uploads\/2021\/05\/Nicolas-Jacquemard-150x150.jpeg","contentUrl":"https:\/\/dicodusport.fr\/blog\/wp-content\/uploads\/2021\/05\/Nicolas-Jacquemard-150x150.jpeg","caption":"Nicolas Jacquemard"},"description":"Passionn\u00e9 de sport et entrepreneur depuis mes 18 ans, la cr\u00e9ation de Dicodusport m'a sembl\u00e9 \u00e9vidente pour participer \u00e0 la m\u00e9diatisation d'un plus grand nombre de sports. Le chemin est long mais avec une \u00e9quipe des plus motiv\u00e9es et les Jeux Olympiques de Paris 2024 en point de mire, nous y arriverons ! Journaliste dans le monde du sport depuis plus de 5 ans, je traite aussi bien de football, de rugby, de biathlon que de cyclisme.","sameAs":["https:\/\/www.facebook.com\/dicodusport","https:\/\/x.com\/https:\/\/twitter.com\/Nico_Jacquemard"],"url":"https:\/\/dicodusport.fr\/blog\/author\/dicodusport\/"}]}},"_links":{"self":[{"href":"https:\/\/dicodusport.fr\/blog\/wp-json\/wp\/v2\/posts\/396317","targetHints":{"allow":["GET"]}}],"collection":[{"href":"https:\/\/dicodusport.fr\/blog\/wp-json\/wp\/v2\/posts"}],"about":[{"href":"https:\/\/dicodusport.fr\/blog\/wp-json\/wp\/v2\/types\/post"}],"author":[{"embeddable":true,"href":"https:\/\/dicodusport.fr\/blog\/wp-json\/wp\/v2\/users\/1"}],"replies":[{"embeddable":true,"href":"https:\/\/dicodusport.fr\/blog\/wp-json\/wp\/v2\/comments?post=396317"}],"version-history":[{"count":0,"href":"https:\/\/dicodusport.fr\/blog\/wp-json\/wp\/v2\/posts\/396317\/revisions"}],"wp:featuredmedia":[{"embeddable":true,"href":"https:\/\/dicodusport.fr\/blog\/wp-json\/wp\/v2\/media\/396318"}],"wp:attachment":[{"href":"https:\/\/dicodusport.fr\/blog\/wp-json\/wp\/v2\/media?parent=396317"}],"wp:term":[{"taxonomy":"category","embeddable":true,"href":"https:\/\/dicodusport.fr\/blog\/wp-json\/wp\/v2\/categories?post=396317"},{"taxonomy":"post_tag","embeddable":true,"href":"https:\/\/dicodusport.fr\/blog\/wp-json\/wp\/v2\/tags?post=396317"}],"curies":[{"name":"wp","href":"https:\/\/api.w.org\/{rel}","templated":true}]}}