{"id":396343,"date":"2023-07-01T19:13:54","date_gmt":"2023-07-01T17:13:54","guid":{"rendered":"https:\/\/dicodusport.fr\/blog\/?p=396343&#038;preview=true&#038;preview_id=396343"},"modified":"2023-07-01T19:43:11","modified_gmt":"2023-07-01T17:43:11","slug":"tour-de-france-2023-victor-lafay-le-seul-a-avoir-pu-suivre-les-deux-geants","status":"publish","type":"post","link":"https:\/\/dicodusport.fr\/blog\/tour-de-france-2023-victor-lafay-le-seul-a-avoir-pu-suivre-les-deux-geants\/","title":{"rendered":"Tour de France 2023 : Victor Lafay, le seul \u00e0 avoir pu suivre les deux g\u00e9ants"},"content":{"rendered":"<p align=\"justify\"><em><strong><a href=\"https:\/\/dicodusport.fr\/blog\/actualites\/cyclisme\/cyclisme-sur-route-2023\/tour-de-france-2023\/\">TOUR DE FRANCE 2023<\/a> &#8211; Victor Lafay (Cofidis) a \u00e9t\u00e9 le seul coureur \u00e0 suivre Tadej Pogacar et Jonas Vingegaard dans la C\u00f4te de Pike, ce samedi. La derni\u00e8re difficult\u00e9 de la premi\u00e8re \u00e9tape du Tour de France. Le coureur fran\u00e7ais a montr\u00e9 sa forme. Il se place pour la suite de la Grande Boucle.<\/strong><\/em><\/p>\n<h2 style=\"text-align: justify;\" align=\"justify\">Jonas, Tadej&#8230; et Victor<\/h2>\n<p align=\"justify\">\u00c0 la hauteur des g\u00e9ants. Dans la C\u00f4te de Pike, derni\u00e8re difficult\u00e9 de cette premi\u00e8re \u00e9tape du Tour de France 2023, <strong>Tadej Pogacar<\/strong> (UAE Team Emirates) a attaqu\u00e9. Le double vainqueur du Tour s&rsquo;est isol\u00e9 comme pr\u00e9vu. Comme pr\u00e9vu aussi,<strong> Jonas Vingegaard<\/strong> (Jumbo-Visma) l&rsquo;a suivi comme son ombre. Des images vues et revues sur l&rsquo;\u00e9dition 2022. Mais, cette fois-ci, un troisi\u00e8me homme a pu accompagner les deux ultra-favoris de la Grande Boucle.<\/p>\n<p align=\"justify\">Le public fran\u00e7ais a eu le bonheur de voir <strong>Victor Lafay<\/strong> (Cofidis) les suivre. Et, le coureur de 27 ans a os\u00e9 contrer pour tenter sa chance. C&rsquo;\u00e9tait bien jou\u00e9, il n&rsquo;\u00e9tait pas dans la guerre psychologique entre les deux mastodontes. Malheureusement, on conna\u00eet l&rsquo;app\u00e9tit de glouton de<strong> Tadej Pogacar.<\/strong> Le Slov\u00e8ne a fait l&rsquo;effort pour revenir. Mais, que c&rsquo;\u00e9tait bon de voir un Fran\u00e7ais, pas forc\u00e9ment le plus attendu aujourd&rsquo;hui, rivaliser avec les meilleurs. Et, oser. Rares sont ceux, ces deux derni\u00e8res ann\u00e9es, dans un final difficile, \u00e0 avoir pu pr\u00e9tendre secouer le cocotier, comme l&rsquo;a fait le coureur de la Cofidis.<\/p>\n<blockquote class=\"twitter-tweet\">\n<p dir=\"ltr\" lang=\"fr\">Merci pour ce moment, Victor Lafay \ud83c\uddeb\ud83c\uddf7 <a href=\"https:\/\/twitter.com\/hashtag\/TDF2023?src=hash&amp;ref_src=twsrc%5Etfw\">#TDF2023<\/a> <a href=\"https:\/\/twitter.com\/hashtag\/LesRP?src=hash&amp;ref_src=twsrc%5Etfw\">#LesRP<\/a> <a href=\"https:\/\/t.co\/83urxOoy3z\">pic.twitter.com\/83urxOoy3z<\/a><\/p>\n<p>\u2014 Eurosport France (@Eurosport_FR) <a href=\"https:\/\/twitter.com\/Eurosport_FR\/status\/1675160094374342656?ref_src=twsrc%5Etfw\">July 1, 2023<\/a><\/p><\/blockquote>\n<p><script async src=\"https:\/\/platform.twitter.com\/widgets.js\" charset=\"utf-8\"><\/script><\/p>\n<h2 style=\"text-align: justify;\" align=\"justify\">Une forme mal r\u00e9compens\u00e9e<\/h2>\n<p align=\"justify\">Malheureusement pour lui et les supporters tricolores, l&rsquo;arriv\u00e9e n&rsquo;\u00e9tait pas au sommet de la C\u00f4te de Pike. Il fallait faire 10 kilom\u00e8tres. Ensuite, comme souvent, il ne suffit pas d&rsquo;\u00eatre fort, il faut \u00eatre malin. Et, les deux fr\u00e8res <strong>Yates, Adam<\/strong> (UAE-Team Emirates) et <strong>Simon<\/strong> (Jayco-AlUla) l&rsquo;ont diablement \u00e9t\u00e9. En faussant compagnie aux favoris, au moment o\u00f9 il y avait un flottement et un retour de l&rsquo;arri\u00e8re. On a vu <strong>Victor Lafay<\/strong>, comprenant qu&rsquo;il avait \u00e9t\u00e9 pi\u00e9g\u00e9, tenter de faire l&rsquo;effort. En vain. La <strong>Jumbo-Visma<\/strong> de <strong>Wout Van Aert<\/strong> n&rsquo;a pas davantage pu contenir les deux jumeaux, auteurs d&rsquo;un final \u00e9tourdissant, la victoire revenant \u00e0 Adam. <strong>Victor Lafay<\/strong> devant se contenter de la 6\u1d49 place.<\/p>\n<p align=\"justify\">Mais, c&rsquo;est porteur d&rsquo;espoirs. Il a montr\u00e9 qu&rsquo;il \u00e9tait en grande forme ! Et il y aura d&rsquo;autres occasions de briller. D\u00e8s ce dimanche vers le Pays Basque. Avec une nouvelle \u00e9tape difficile. Le vainqueur de la <a href=\"https:\/\/dicodusport.fr\/blog\/classement-classic-grand-besancon-doubs-2023\/\">Classic Grand Besan\u00e7on Doubs<\/a> sera sans doute attendu. Et s&rsquo;il pouvait s&#8217;emparer du maillot jaune ? Ce sera dur, car il faudra r\u00e9cup\u00e9rer 22 secondes sur <a href=\"https:\/\/dicodusport.fr\/blog\/tour-de-france-2023-adam-yates-sadjuge-la-1ere-etape\/\">un <strong>Adam Yates<\/strong> maillot jaune<\/a>. Mais, le Britannique n&rsquo;\u00e9tait pas dans la roue du Fran\u00e7ais. <strong>Victor Lafay<\/strong> se doit de repartir au combat d\u00e8s demain. Le sommet du mythique Jaizkibel sera \u00e0 18 kilom\u00e8tres de l&rsquo;arriv\u00e9e. Avec une petite mont\u00e9e non r\u00e9pertori\u00e9e \u00e0 six kilom\u00e8tres du but.<\/p>\n<p align=\"justify\">Et, si cela venait \u00e0 tourner dans le mauvais sens, une 10\u1d49 \u00e9tape vers Issoire ou une 12\u1d49 \u00e9tape vers Belleville-en-Beaujolais peut vraiment lui convenir. Le Tour de France commence \u00e0 peine pour le coureur de la Cofidis.<\/p>\n<h2 style=\"text-align: justify;\">\u00c0 lire aussi<\/h2>\n<ul>\n<li><strong><a href=\"https:\/\/dicodusport.fr\/blog\/tour-de-france-2023-classement-1ere-etape\/\">Classement de la 1<sup>\u00e8re<\/sup>\u00a0\u00e9tape du Tour de France<\/a>\u00a0<\/strong><\/li>\n<li><b><a href=\"https:\/\/dicodusport.fr\/blog\/tour-de-france-2023-classement-general-maillot-jaune\/\">Le classement g\u00e9n\u00e9ral du Tour de France<\/a>\u00a0<\/b><\/li>\n<li style=\"text-align: justify;\"><a href=\"https:\/\/dicodusport.fr\/blog\/tour-de-france-2023-classement-general-des-francais\/\"><strong>Le classement g\u00e9n\u00e9ral des Fran\u00e7ais<\/strong><\/a><\/li>\n<\/ul>\n<p>&nbsp;<\/p>\n","protected":false},"excerpt":{"rendered":"<p>TOUR DE FRANCE 2023 &#8211; Victor Lafay (Cofidis) a \u00e9t\u00e9 le seul coureur \u00e0 suivre Tadej Pogacar et Jonas Vingegaard dans la C\u00f4te de Pike, ce samedi. La derni\u00e8re difficult\u00e9 de la premi\u00e8re \u00e9tape du Tour de France. Le coureur fran\u00e7ais a montr\u00e9 sa forme. Il se place pour la suite de la Grande Boucle.<\/p>\n","protected":false},"author":83,"featured_media":396429,"comment_status":"open","ping_status":"closed","sticky":false,"template":"","format":"standard","meta":{"_acf_changed":false,"_daextam_enable_autolinks":"","footnotes":""},"categories":[46995],"tags":[16878,574,24,1262,3216],"class_list":["post-396343","post","type-post","status-publish","format-standard","has-post-thumbnail","hentry","category-tour-de-france","tag-breve","tag-cyclisme","tag-sport","tag-tour-de-france","tag-victor-lafay"],"acf":[],"yoast_head":"<!-- This site is optimized with the Yoast SEO Premium plugin v26.7 (Yoast SEO v26.7) - https:\/\/yoast.com\/wordpress\/plugins\/seo\/ -->\n<title>Tour de France 2023 : Victor Lafay, le seul \u00e0 avoir pu suivre les deux g\u00e9ants<\/title>\n<meta name=\"description\" content=\"TOUR DE FRANCE 2023 - Victor Lafay (Cofidis) a \u00e9t\u00e9 le seul coureur \u00e0 suivre Tadej Pogacar et Jonas Vingegaard dans la C\u00f4te de Pike.\" \/>\n<meta name=\"robots\" content=\"index, follow, max-snippet:-1, max-image-preview:large, max-video-preview:-1\" \/>\n<link rel=\"canonical\" href=\"https:\/\/dicodusport.fr\/blog\/tour-de-france-2023-victor-lafay-le-seul-a-avoir-pu-suivre-les-deux-geants\/\" \/>\n<meta property=\"og:locale\" content=\"fr_FR\" \/>\n<meta property=\"og:type\" content=\"article\" \/>\n<meta property=\"og:title\" content=\"Tour de France 2023 : Victor Lafay, le seul \u00e0 avoir pu suivre les deux g\u00e9ants\" \/>\n<meta property=\"og:description\" content=\"TOUR DE FRANCE 2023 - Victor Lafay (Cofidis) a \u00e9t\u00e9 le seul coureur \u00e0 suivre Tadej Pogacar et Jonas Vingegaard dans la C\u00f4te de Pike.\" \/>\n<meta property=\"og:url\" content=\"https:\/\/dicodusport.fr\/blog\/tour-de-france-2023-victor-lafay-le-seul-a-avoir-pu-suivre-les-deux-geants\/\" \/>\n<meta property=\"og:site_name\" content=\"Dicodusport\" \/>\n<meta property=\"article:publisher\" content=\"https:\/\/www.facebook.com\/dicodusport\" \/>\n<meta property=\"article:published_time\" content=\"2023-07-01T17:13:54+00:00\" \/>\n<meta property=\"article:modified_time\" content=\"2023-07-01T17:43:11+00:00\" \/>\n<meta property=\"og:image\" content=\"https:\/\/dicodusport.fr\/blog\/wp-content\/uploads\/2023\/07\/Tour-de-France-2023-Victor-Lafay-le-seul-a-avoir-pu-suivre-les-deux-geants.png\" \/>\n\t<meta property=\"og:image:width\" content=\"800\" \/>\n\t<meta property=\"og:image:height\" content=\"445\" \/>\n\t<meta property=\"og:image:type\" content=\"image\/png\" \/>\n<meta name=\"author\" content=\"Etienne Goursaud\" \/>\n<meta name=\"twitter:card\" content=\"summary_large_image\" \/>\n<meta name=\"twitter:title\" content=\"Tour de France 2023 : Victor Lafay, le seul \u00e0 avoir pu suivre les deux g\u00e9ants\" \/>\n<meta name=\"twitter:creator\" content=\"@dicodusport\" \/>\n<meta name=\"twitter:site\" content=\"@dicodusport\" \/>\n<script type=\"application\/ld+json\" class=\"yoast-schema-graph\">{\"@context\":\"https:\/\/schema.org\",\"@graph\":[{\"@type\":\"NewsArticle\",\"@id\":\"https:\/\/dicodusport.fr\/blog\/tour-de-france-2023-victor-lafay-le-seul-a-avoir-pu-suivre-les-deux-geants\/#article\",\"isPartOf\":{\"@id\":\"https:\/\/dicodusport.fr\/blog\/tour-de-france-2023-victor-lafay-le-seul-a-avoir-pu-suivre-les-deux-geants\/\"},\"author\":{\"name\":\"Etienne Goursaud\",\"@id\":\"https:\/\/dicodusport.fr\/blog\/#\/schema\/person\/d603dd7da31fb2b46c82b9835a77ec13\"},\"headline\":\"Tour de France 2023 : Victor Lafay, le seul \u00e0 avoir pu suivre les deux g\u00e9ants\",\"datePublished\":\"2023-07-01T17:13:54+00:00\",\"dateModified\":\"2023-07-01T17:43:11+00:00\",\"mainEntityOfPage\":{\"@id\":\"https:\/\/dicodusport.fr\/blog\/tour-de-france-2023-victor-lafay-le-seul-a-avoir-pu-suivre-les-deux-geants\/\"},\"wordCount\":609,\"commentCount\":0,\"publisher\":{\"@id\":\"https:\/\/dicodusport.fr\/blog\/#organization\"},\"image\":{\"@id\":\"https:\/\/dicodusport.fr\/blog\/tour-de-france-2023-victor-lafay-le-seul-a-avoir-pu-suivre-les-deux-geants\/#primaryimage\"},\"thumbnailUrl\":\"https:\/\/dicodusport.fr\/blog\/wp-content\/uploads\/2023\/07\/Tour-de-France-2023-Victor-Lafay-le-seul-a-avoir-pu-suivre-les-deux-geants.png\",\"keywords\":[\"br\u00e8ve\",\"Cyclisme\",\"sport\",\"Tour de France\",\"Victor Lafay\"],\"articleSection\":[\"Tour de France\"],\"inLanguage\":\"fr-FR\",\"potentialAction\":[{\"@type\":\"CommentAction\",\"name\":\"Comment\",\"target\":[\"https:\/\/dicodusport.fr\/blog\/tour-de-france-2023-victor-lafay-le-seul-a-avoir-pu-suivre-les-deux-geants\/#respond\"]}],\"copyrightYear\":\"2023\",\"copyrightHolder\":{\"@id\":\"https:\/\/dicodusport.fr\/blog\/#organization\"}},{\"@type\":\"WebPage\",\"@id\":\"https:\/\/dicodusport.fr\/blog\/tour-de-france-2023-victor-lafay-le-seul-a-avoir-pu-suivre-les-deux-geants\/\",\"url\":\"https:\/\/dicodusport.fr\/blog\/tour-de-france-2023-victor-lafay-le-seul-a-avoir-pu-suivre-les-deux-geants\/\",\"name\":\"Tour de France 2023 : Victor Lafay, le seul \u00e0 avoir pu suivre les deux g\u00e9ants\",\"isPartOf\":{\"@id\":\"https:\/\/dicodusport.fr\/blog\/#website\"},\"primaryImageOfPage\":{\"@id\":\"https:\/\/dicodusport.fr\/blog\/tour-de-france-2023-victor-lafay-le-seul-a-avoir-pu-suivre-les-deux-geants\/#primaryimage\"},\"image\":{\"@id\":\"https:\/\/dicodusport.fr\/blog\/tour-de-france-2023-victor-lafay-le-seul-a-avoir-pu-suivre-les-deux-geants\/#primaryimage\"},\"thumbnailUrl\":\"https:\/\/dicodusport.fr\/blog\/wp-content\/uploads\/2023\/07\/Tour-de-France-2023-Victor-Lafay-le-seul-a-avoir-pu-suivre-les-deux-geants.png\",\"datePublished\":\"2023-07-01T17:13:54+00:00\",\"dateModified\":\"2023-07-01T17:43:11+00:00\",\"description\":\"TOUR DE FRANCE 2023 - Victor Lafay (Cofidis) a \u00e9t\u00e9 le seul coureur \u00e0 suivre Tadej Pogacar et Jonas Vingegaard dans la C\u00f4te de Pike.\",\"breadcrumb\":{\"@id\":\"https:\/\/dicodusport.fr\/blog\/tour-de-france-2023-victor-lafay-le-seul-a-avoir-pu-suivre-les-deux-geants\/#breadcrumb\"},\"inLanguage\":\"fr-FR\",\"potentialAction\":[{\"@type\":\"ReadAction\",\"target\":[\"https:\/\/dicodusport.fr\/blog\/tour-de-france-2023-victor-lafay-le-seul-a-avoir-pu-suivre-les-deux-geants\/\"]}]},{\"@type\":\"ImageObject\",\"inLanguage\":\"fr-FR\",\"@id\":\"https:\/\/dicodusport.fr\/blog\/tour-de-france-2023-victor-lafay-le-seul-a-avoir-pu-suivre-les-deux-geants\/#primaryimage\",\"url\":\"https:\/\/dicodusport.fr\/blog\/wp-content\/uploads\/2023\/07\/Tour-de-France-2023-Victor-Lafay-le-seul-a-avoir-pu-suivre-les-deux-geants.png\",\"contentUrl\":\"https:\/\/dicodusport.fr\/blog\/wp-content\/uploads\/2023\/07\/Tour-de-France-2023-Victor-Lafay-le-seul-a-avoir-pu-suivre-les-deux-geants.png\",\"width\":800,\"height\":445,\"caption\":\"Tour de France 2023 Victor Lafay, le seul \u00e0 avoir pu suivre les deux g\u00e9ants\"},{\"@type\":\"BreadcrumbList\",\"@id\":\"https:\/\/dicodusport.fr\/blog\/tour-de-france-2023-victor-lafay-le-seul-a-avoir-pu-suivre-les-deux-geants\/#breadcrumb\",\"itemListElement\":[{\"@type\":\"ListItem\",\"position\":1,\"name\":\"Accueil\",\"item\":\"https:\/\/dicodusport.fr\/blog\/\"},{\"@type\":\"ListItem\",\"position\":2,\"name\":\"Tour de France 2023 : Victor Lafay, le seul \u00e0 avoir pu suivre les deux g\u00e9ants\"}]},{\"@type\":\"WebSite\",\"@id\":\"https:\/\/dicodusport.fr\/blog\/#website\",\"url\":\"https:\/\/dicodusport.fr\/blog\/\",\"name\":\"Dicodusport\",\"description\":\"L&#039;encyclop\u00e9die de l&#039;actualit\u00e9 sportive\",\"publisher\":{\"@id\":\"https:\/\/dicodusport.fr\/blog\/#organization\"},\"potentialAction\":[{\"@type\":\"SearchAction\",\"target\":{\"@type\":\"EntryPoint\",\"urlTemplate\":\"https:\/\/dicodusport.fr\/blog\/?s={search_term_string}\"},\"query-input\":{\"@type\":\"PropertyValueSpecification\",\"valueRequired\":true,\"valueName\":\"search_term_string\"}}],\"inLanguage\":\"fr-FR\"},{\"@type\":\"NewsMediaOrganization\",\"@id\":\"https:\/\/dicodusport.fr\/blog\/#organization\",\"name\":\"Dicodusport\",\"url\":\"https:\/\/dicodusport.fr\/blog\/\",\"logo\":{\"@type\":\"ImageObject\",\"inLanguage\":\"fr-FR\",\"@id\":\"https:\/\/dicodusport.fr\/blog\/#\/schema\/logo\/image\/\",\"url\":\"https:\/\/dicodusport.fr\/blog\/wp-content\/uploads\/2020\/06\/cropped-LOGO-DICODUSPORT-2020-SANS-FOND-SANS-TEXTE.png\",\"contentUrl\":\"https:\/\/dicodusport.fr\/blog\/wp-content\/uploads\/2020\/06\/cropped-LOGO-DICODUSPORT-2020-SANS-FOND-SANS-TEXTE.png\",\"width\":512,\"height\":512,\"caption\":\"Dicodusport\"},\"image\":{\"@id\":\"https:\/\/dicodusport.fr\/blog\/#\/schema\/logo\/image\/\"},\"sameAs\":[\"https:\/\/www.facebook.com\/dicodusport\",\"https:\/\/x.com\/dicodusport\",\"https:\/\/www.instagram.com\/dicodusport\/\",\"https:\/\/www.youtube.com\/channel\/UC7V2KZ5sd3htJivAbA4ZG3w\"],\"description\":\"Dicodusport est l'encyclop\u00e9die de l'actualit\u00e9 sportive.\",\"email\":\"bonjour@dicodusport.fr\",\"legalName\":\"DICODUSPORT\",\"foundingDate\":\"2018-01-14\",\"vatID\":\"FR71834470973\",\"taxID\":\"83447097300043\",\"numberOfEmployees\":{\"@type\":\"QuantitativeValue\",\"minValue\":\"1\",\"maxValue\":\"10\"}},{\"@type\":\"Person\",\"@id\":\"https:\/\/dicodusport.fr\/blog\/#\/schema\/person\/d603dd7da31fb2b46c82b9835a77ec13\",\"name\":\"Etienne Goursaud\",\"image\":{\"@type\":\"ImageObject\",\"inLanguage\":\"fr-FR\",\"@id\":\"https:\/\/dicodusport.fr\/blog\/#\/schema\/person\/image\/\",\"url\":\"https:\/\/dicodusport.fr\/blog\/wp-content\/uploads\/2023\/12\/410122264_10231602061736049_5565839791558026645_n-150x150.jpg\",\"contentUrl\":\"https:\/\/dicodusport.fr\/blog\/wp-content\/uploads\/2023\/12\/410122264_10231602061736049_5565839791558026645_n-150x150.jpg\",\"caption\":\"Etienne Goursaud\"},\"description\":\"Journaliste et amoureux de sport. Ancien footballeur reconverti athl\u00e8te quand ses muscles le laissent tranquille. \u00c9lev\u00e9 \u00e0 la sauce des exploits de Thomas Voeckler en 2004, du dernier essai de l\u00e9gende de Eunice Barber \u00e0 la longueur lors des championnats du monde d'athl\u00e9tisme de 2003 mais aussi Zidane, Omeyer et Titou Lamaison.\",\"url\":\"https:\/\/dicodusport.fr\/blog\/author\/etienne-goursaud\/\"}]}<\/script>\n<!-- \/ Yoast SEO Premium plugin. -->","yoast_head_json":{"title":"Tour de France 2023 : Victor Lafay, le seul \u00e0 avoir pu suivre les deux g\u00e9ants","description":"TOUR DE FRANCE 2023 - Victor Lafay (Cofidis) a \u00e9t\u00e9 le seul coureur \u00e0 suivre Tadej Pogacar et Jonas Vingegaard dans la C\u00f4te de Pike.","robots":{"index":"index","follow":"follow","max-snippet":"max-snippet:-1","max-image-preview":"max-image-preview:large","max-video-preview":"max-video-preview:-1"},"canonical":"https:\/\/dicodusport.fr\/blog\/tour-de-france-2023-victor-lafay-le-seul-a-avoir-pu-suivre-les-deux-geants\/","og_locale":"fr_FR","og_type":"article","og_title":"Tour de France 2023 : Victor Lafay, le seul \u00e0 avoir pu suivre les deux g\u00e9ants","og_description":"TOUR DE FRANCE 2023 - Victor Lafay (Cofidis) a \u00e9t\u00e9 le seul coureur \u00e0 suivre Tadej Pogacar et Jonas Vingegaard dans la C\u00f4te de Pike.","og_url":"https:\/\/dicodusport.fr\/blog\/tour-de-france-2023-victor-lafay-le-seul-a-avoir-pu-suivre-les-deux-geants\/","og_site_name":"Dicodusport","article_publisher":"https:\/\/www.facebook.com\/dicodusport","article_published_time":"2023-07-01T17:13:54+00:00","article_modified_time":"2023-07-01T17:43:11+00:00","og_image":[{"width":800,"height":445,"url":"https:\/\/dicodusport.fr\/blog\/wp-content\/uploads\/2023\/07\/Tour-de-France-2023-Victor-Lafay-le-seul-a-avoir-pu-suivre-les-deux-geants.png","type":"image\/png"}],"author":"Etienne Goursaud","twitter_card":"summary_large_image","twitter_title":"Tour de France 2023 : Victor Lafay, le seul \u00e0 avoir pu suivre les deux g\u00e9ants","twitter_creator":"@dicodusport","twitter_site":"@dicodusport","schema":{"@context":"https:\/\/schema.org","@graph":[{"@type":"NewsArticle","@id":"https:\/\/dicodusport.fr\/blog\/tour-de-france-2023-victor-lafay-le-seul-a-avoir-pu-suivre-les-deux-geants\/#article","isPartOf":{"@id":"https:\/\/dicodusport.fr\/blog\/tour-de-france-2023-victor-lafay-le-seul-a-avoir-pu-suivre-les-deux-geants\/"},"author":{"name":"Etienne Goursaud","@id":"https:\/\/dicodusport.fr\/blog\/#\/schema\/person\/d603dd7da31fb2b46c82b9835a77ec13"},"headline":"Tour de France 2023 : Victor Lafay, le seul \u00e0 avoir pu suivre les deux g\u00e9ants","datePublished":"2023-07-01T17:13:54+00:00","dateModified":"2023-07-01T17:43:11+00:00","mainEntityOfPage":{"@id":"https:\/\/dicodusport.fr\/blog\/tour-de-france-2023-victor-lafay-le-seul-a-avoir-pu-suivre-les-deux-geants\/"},"wordCount":609,"commentCount":0,"publisher":{"@id":"https:\/\/dicodusport.fr\/blog\/#organization"},"image":{"@id":"https:\/\/dicodusport.fr\/blog\/tour-de-france-2023-victor-lafay-le-seul-a-avoir-pu-suivre-les-deux-geants\/#primaryimage"},"thumbnailUrl":"https:\/\/dicodusport.fr\/blog\/wp-content\/uploads\/2023\/07\/Tour-de-France-2023-Victor-Lafay-le-seul-a-avoir-pu-suivre-les-deux-geants.png","keywords":["br\u00e8ve","Cyclisme","sport","Tour de France","Victor Lafay"],"articleSection":["Tour de France"],"inLanguage":"fr-FR","potentialAction":[{"@type":"CommentAction","name":"Comment","target":["https:\/\/dicodusport.fr\/blog\/tour-de-france-2023-victor-lafay-le-seul-a-avoir-pu-suivre-les-deux-geants\/#respond"]}],"copyrightYear":"2023","copyrightHolder":{"@id":"https:\/\/dicodusport.fr\/blog\/#organization"}},{"@type":"WebPage","@id":"https:\/\/dicodusport.fr\/blog\/tour-de-france-2023-victor-lafay-le-seul-a-avoir-pu-suivre-les-deux-geants\/","url":"https:\/\/dicodusport.fr\/blog\/tour-de-france-2023-victor-lafay-le-seul-a-avoir-pu-suivre-les-deux-geants\/","name":"Tour de France 2023 : Victor Lafay, le seul \u00e0 avoir pu suivre les deux g\u00e9ants","isPartOf":{"@id":"https:\/\/dicodusport.fr\/blog\/#website"},"primaryImageOfPage":{"@id":"https:\/\/dicodusport.fr\/blog\/tour-de-france-2023-victor-lafay-le-seul-a-avoir-pu-suivre-les-deux-geants\/#primaryimage"},"image":{"@id":"https:\/\/dicodusport.fr\/blog\/tour-de-france-2023-victor-lafay-le-seul-a-avoir-pu-suivre-les-deux-geants\/#primaryimage"},"thumbnailUrl":"https:\/\/dicodusport.fr\/blog\/wp-content\/uploads\/2023\/07\/Tour-de-France-2023-Victor-Lafay-le-seul-a-avoir-pu-suivre-les-deux-geants.png","datePublished":"2023-07-01T17:13:54+00:00","dateModified":"2023-07-01T17:43:11+00:00","description":"TOUR DE FRANCE 2023 - Victor Lafay (Cofidis) a \u00e9t\u00e9 le seul coureur \u00e0 suivre Tadej Pogacar et Jonas Vingegaard dans la C\u00f4te de Pike.","breadcrumb":{"@id":"https:\/\/dicodusport.fr\/blog\/tour-de-france-2023-victor-lafay-le-seul-a-avoir-pu-suivre-les-deux-geants\/#breadcrumb"},"inLanguage":"fr-FR","potentialAction":[{"@type":"ReadAction","target":["https:\/\/dicodusport.fr\/blog\/tour-de-france-2023-victor-lafay-le-seul-a-avoir-pu-suivre-les-deux-geants\/"]}]},{"@type":"ImageObject","inLanguage":"fr-FR","@id":"https:\/\/dicodusport.fr\/blog\/tour-de-france-2023-victor-lafay-le-seul-a-avoir-pu-suivre-les-deux-geants\/#primaryimage","url":"https:\/\/dicodusport.fr\/blog\/wp-content\/uploads\/2023\/07\/Tour-de-France-2023-Victor-Lafay-le-seul-a-avoir-pu-suivre-les-deux-geants.png","contentUrl":"https:\/\/dicodusport.fr\/blog\/wp-content\/uploads\/2023\/07\/Tour-de-France-2023-Victor-Lafay-le-seul-a-avoir-pu-suivre-les-deux-geants.png","width":800,"height":445,"caption":"Tour de France 2023 Victor Lafay, le seul \u00e0 avoir pu suivre les deux g\u00e9ants"},{"@type":"BreadcrumbList","@id":"https:\/\/dicodusport.fr\/blog\/tour-de-france-2023-victor-lafay-le-seul-a-avoir-pu-suivre-les-deux-geants\/#breadcrumb","itemListElement":[{"@type":"ListItem","position":1,"name":"Accueil","item":"https:\/\/dicodusport.fr\/blog\/"},{"@type":"ListItem","position":2,"name":"Tour de France 2023 : Victor Lafay, le seul \u00e0 avoir pu suivre les deux g\u00e9ants"}]},{"@type":"WebSite","@id":"https:\/\/dicodusport.fr\/blog\/#website","url":"https:\/\/dicodusport.fr\/blog\/","name":"Dicodusport","description":"L&#039;encyclop\u00e9die de l&#039;actualit\u00e9 sportive","publisher":{"@id":"https:\/\/dicodusport.fr\/blog\/#organization"},"potentialAction":[{"@type":"SearchAction","target":{"@type":"EntryPoint","urlTemplate":"https:\/\/dicodusport.fr\/blog\/?s={search_term_string}"},"query-input":{"@type":"PropertyValueSpecification","valueRequired":true,"valueName":"search_term_string"}}],"inLanguage":"fr-FR"},{"@type":"NewsMediaOrganization","@id":"https:\/\/dicodusport.fr\/blog\/#organization","name":"Dicodusport","url":"https:\/\/dicodusport.fr\/blog\/","logo":{"@type":"ImageObject","inLanguage":"fr-FR","@id":"https:\/\/dicodusport.fr\/blog\/#\/schema\/logo\/image\/","url":"https:\/\/dicodusport.fr\/blog\/wp-content\/uploads\/2020\/06\/cropped-LOGO-DICODUSPORT-2020-SANS-FOND-SANS-TEXTE.png","contentUrl":"https:\/\/dicodusport.fr\/blog\/wp-content\/uploads\/2020\/06\/cropped-LOGO-DICODUSPORT-2020-SANS-FOND-SANS-TEXTE.png","width":512,"height":512,"caption":"Dicodusport"},"image":{"@id":"https:\/\/dicodusport.fr\/blog\/#\/schema\/logo\/image\/"},"sameAs":["https:\/\/www.facebook.com\/dicodusport","https:\/\/x.com\/dicodusport","https:\/\/www.instagram.com\/dicodusport\/","https:\/\/www.youtube.com\/channel\/UC7V2KZ5sd3htJivAbA4ZG3w"],"description":"Dicodusport est l'encyclop\u00e9die de l'actualit\u00e9 sportive.","email":"bonjour@dicodusport.fr","legalName":"DICODUSPORT","foundingDate":"2018-01-14","vatID":"FR71834470973","taxID":"83447097300043","numberOfEmployees":{"@type":"QuantitativeValue","minValue":"1","maxValue":"10"}},{"@type":"Person","@id":"https:\/\/dicodusport.fr\/blog\/#\/schema\/person\/d603dd7da31fb2b46c82b9835a77ec13","name":"Etienne Goursaud","image":{"@type":"ImageObject","inLanguage":"fr-FR","@id":"https:\/\/dicodusport.fr\/blog\/#\/schema\/person\/image\/","url":"https:\/\/dicodusport.fr\/blog\/wp-content\/uploads\/2023\/12\/410122264_10231602061736049_5565839791558026645_n-150x150.jpg","contentUrl":"https:\/\/dicodusport.fr\/blog\/wp-content\/uploads\/2023\/12\/410122264_10231602061736049_5565839791558026645_n-150x150.jpg","caption":"Etienne Goursaud"},"description":"Journaliste et amoureux de sport. Ancien footballeur reconverti athl\u00e8te quand ses muscles le laissent tranquille. \u00c9lev\u00e9 \u00e0 la sauce des exploits de Thomas Voeckler en 2004, du dernier essai de l\u00e9gende de Eunice Barber \u00e0 la longueur lors des championnats du monde d'athl\u00e9tisme de 2003 mais aussi Zidane, Omeyer et Titou Lamaison.","url":"https:\/\/dicodusport.fr\/blog\/author\/etienne-goursaud\/"}]}},"_links":{"self":[{"href":"https:\/\/dicodusport.fr\/blog\/wp-json\/wp\/v2\/posts\/396343","targetHints":{"allow":["GET"]}}],"collection":[{"href":"https:\/\/dicodusport.fr\/blog\/wp-json\/wp\/v2\/posts"}],"about":[{"href":"https:\/\/dicodusport.fr\/blog\/wp-json\/wp\/v2\/types\/post"}],"author":[{"embeddable":true,"href":"https:\/\/dicodusport.fr\/blog\/wp-json\/wp\/v2\/users\/83"}],"replies":[{"embeddable":true,"href":"https:\/\/dicodusport.fr\/blog\/wp-json\/wp\/v2\/comments?post=396343"}],"version-history":[{"count":0,"href":"https:\/\/dicodusport.fr\/blog\/wp-json\/wp\/v2\/posts\/396343\/revisions"}],"wp:featuredmedia":[{"embeddable":true,"href":"https:\/\/dicodusport.fr\/blog\/wp-json\/wp\/v2\/media\/396429"}],"wp:attachment":[{"href":"https:\/\/dicodusport.fr\/blog\/wp-json\/wp\/v2\/media?parent=396343"}],"wp:term":[{"taxonomy":"category","embeddable":true,"href":"https:\/\/dicodusport.fr\/blog\/wp-json\/wp\/v2\/categories?post=396343"},{"taxonomy":"post_tag","embeddable":true,"href":"https:\/\/dicodusport.fr\/blog\/wp-json\/wp\/v2\/tags?post=396343"}],"curies":[{"name":"wp","href":"https:\/\/api.w.org\/{rel}","templated":true}]}}