{"id":396624,"date":"2023-07-02T14:24:06","date_gmt":"2023-07-02T12:24:06","guid":{"rendered":"https:\/\/dicodusport.fr\/blog\/?p=396624&#038;preview=true&#038;preview_id=396624"},"modified":"2023-07-02T15:00:56","modified_gmt":"2023-07-02T13:00:56","slug":"vtt-xco-val-di-sole-puck-pieterse-gagne-en-patronne-devant-martina-berta","status":"publish","type":"post","link":"https:\/\/dicodusport.fr\/blog\/vtt-xco-val-di-sole-puck-pieterse-gagne-en-patronne-devant-martina-berta\/","title":{"rendered":"VTT XCO Val di Sole : Puck Pieterse gagne en patronne devant Martina Berta"},"content":{"rendered":"<p align=\"justify\"><em><strong>VTT XCO VAL DI SOLE &#8211; Puck Pieterse n&rsquo;en finit plus de gagner. La N\u00e9erlandaise, tout juste sacr\u00e9e championne d&rsquo;Europe, s&rsquo;impose \u00e0 nouveau ce dimanche \u00e0 Val di Sole. Martina Berta et Rebecca Henderson montent sur leur premier podium cette saison.<\/strong><\/em><\/p>\n<p style=\"text-align: justify;\"><b>Puck Pieterse <\/b><span style=\"font-weight: 400;\">confirme qu&rsquo;elle est bien la grande dame de cette premi\u00e8re partie de saison. Troisi\u00e8me victoire en Coupe du Monde cette ann\u00e9e pour celle qui pourrait encore courir en espoirs. \u00c0 Val di Sole, dans les Alpes italiennes, la cycliste d&rsquo;Amersfoort est partie en solo d\u00e8s le premier tour et s&rsquo;est cr\u00e9\u00e9e une avance confortable. <\/span><b>Martina Berta <\/b><span style=\"font-weight: 400;\">et <\/span><b>Rebecca Henderson <\/b><span style=\"font-weight: 400;\">suivent, environ une minute derri\u00e8re la gagnante de ce XCO transalpin.<\/span><\/p>\n<p style=\"text-align: justify;\"><span style=\"font-weight: 400;\">Elle \u00e9tait la grande favorite du jour, <\/span><b>Puck Pieterse <\/b><span style=\"font-weight: 400;\">d\u00e9cide d&rsquo;acc\u00e9l\u00e9rer d\u00e8s le start loop. Elles sont seulement quatre \u00e0 pouvoir suivre le rythme de la r\u00e9cente championne d&rsquo;Europe de la discipline. Double tenante du titre dans le Trentin, <\/span><b>Pauline Ferrand-Pr\u00e9vot <\/b><span style=\"font-weight: 400;\">se met dans la roue de sa concurrente, de 10 ans sa cadette. Mais, PFP<\/span><b>\u00a0<\/b><span style=\"font-weight: 400;\">ne peut rester que quelques hectom\u00e8tres au contact. La Champenoise se retrouve rapidement \u00e0 une vingtaine de secondes, dans un groupe avec <\/span><b>Laura Stigger<\/b><span style=\"font-weight: 400;\">, <\/span><b>Martina Berta <\/b><span style=\"font-weight: 400;\">et <\/span><b>Alessandra Keller<\/b><span style=\"font-weight: 400;\">.\u00a0<\/span><\/p>\n<h2 style=\"text-align: justify;\" align=\"justify\">Pauline Ferrand-Pr\u00e9vot chute<\/h2>\n<p style=\"text-align: justify;\"><span style=\"font-weight: 400;\">Bien qu&rsquo;elle cr\u00e9e des \u00e9carts immenses en peu de temps, <\/span><b>Pieterse <\/b><span style=\"font-weight: 400;\">peut s&rsquo;\u00e9nerver. Son \u00e9quipe ne lui tend pas de bidon en zone technique et la N\u00e9erlandaise fronce les sourcils. Nous le voyons m\u00eame \u00e0 travers ses lunettes teint\u00e9es. C&rsquo;est \u00e9vident que la jeune v\u00e9t\u00e9tiste, \u00e9galement sp\u00e9cialiste du cyclo-cross, va s&rsquo;imposer. Au milieu du 3e des 5 tours, elle poss\u00e8de 50 secondes d&rsquo;avance sur ses premi\u00e8res poursuivantes.\u00a0<\/span><\/p>\n<p style=\"text-align: justify;\"><span style=\"font-weight: 400;\">Reste \u00e0 d\u00e9cider de l&rsquo;ordre du podium dans cette seconde partie de course. <\/span><b>Pauline Ferrand-Pr\u00e9vot <\/b><span style=\"font-weight: 400;\">\u00e9tait \u00e0 la lutte pour la 2\u1d49 place avec <\/span><b>Martina Berta<\/b><span style=\"font-weight: 400;\">, mais la Fran\u00e7aise a lourdement chut\u00e9, perdant une minute. Le maillot arc-en-ciel est devenu couleur boue, la Tricolore termine finalement \u00e0 une anecdotique 8\u1d49 position. C&rsquo;est donc la championne d&rsquo;Italie qui termine dauphine de <\/span><b>Puck Pieterse<\/b><span style=\"font-weight: 400;\">. <\/span><b>Rebecca Henderson <\/b><span style=\"font-weight: 400;\">s&rsquo;est d\u00e9men\u00e9e dans la derni\u00e8re boucle pour battre <\/span><b>Stigger<\/b><span style=\"font-weight: 400;\">, victorieuse de la XCC vendredi, et finir 3\u1d49. Rappelons que <strong>Loana Lecomte\u00a0<\/strong>fait l&rsquo;impasse sur cette \u00e9tape de Coupe du monde.<\/span><\/p>\n<blockquote class=\"twitter-tweet\">\n<p dir=\"ltr\" lang=\"fr\">Encore un podium qui s&rsquo;envole pour Pauline Ferrand-Pr\u00e9vot \ud83c\uddeb\ud83c\uddf7 : apr\u00e8s la crevaison \u00e0 Cracovie, la chute \u00e0 Val di Sole&#8230; <a href=\"https:\/\/twitter.com\/hashtag\/MTBWorldCup?src=hash&amp;ref_src=twsrc%5Etfw\">#MTBWorldCup<\/a> <a href=\"https:\/\/t.co\/tgRe2M8hTE\">pic.twitter.com\/tgRe2M8hTE<\/a><\/p>\n<p>\u2014 Eurosport France (@Eurosport_FR) <a href=\"https:\/\/twitter.com\/Eurosport_FR\/status\/1675478880340025345?ref_src=twsrc%5Etfw\">July 2, 2023<\/a><\/p><\/blockquote>\n<p><script async src=\"https:\/\/platform.twitter.com\/widgets.js\" charset=\"utf-8\"><\/script><\/p>\n<h2 style=\"text-align: justify;\">\u00c0 lire aussi<\/h2>\n<ul>\n<li style=\"text-align: justify;\"><strong><a href=\"https:\/\/dicodusport.fr\/blog\/vtt-xco-val-di-sole-classement-de-la-course-femmes\/\">VTT XCO \u2013 Classement de la course femmes de Val di Sole<\/a>\u00a0<\/strong><\/li>\n<li style=\"text-align: justify;\"><a href=\"https:\/\/dicodusport.fr\/blog\/vtt-xc-coupe-du-monde-2023-calendrier-et-resultats\/\"><strong>Calendrier et r\u00e9sultats de la Coupe du monde de VTT XC 2023<\/strong><\/a><\/li>\n<li style=\"text-align: justify;\"><a href=\"https:\/\/dicodusport.fr\/blog\/vtt-cross-country-classement-general-coupe-du-monde-2023\/\"><strong>Classement g\u00e9n\u00e9ral de la Coupe du monde de VTT XC 2023<\/strong><\/a><\/li>\n<\/ul>\n","protected":false},"excerpt":{"rendered":"<p>VTT XCO VAL DI SOLE &#8211; Puck Pieterse n&rsquo;en finit plus de gagner. La N\u00e9erlandaise, tout juste sacr\u00e9e championne d&rsquo;Europe, s&rsquo;impose \u00e0 nouveau ce dimanche \u00e0 Val di Sole. Martina Berta et Rebecca Henderson montent sur leur premier podium cette saison.<\/p>\n","protected":false},"author":61,"featured_media":396692,"comment_status":"open","ping_status":"closed","sticky":false,"template":"","format":"standard","meta":{"_acf_changed":false,"_daextam_enable_autolinks":"","footnotes":""},"categories":[10279],"tags":[16878,692,26380],"class_list":["post-396624","post","type-post","status-publish","format-standard","has-post-thumbnail","hentry","category-vtt","tag-breve","tag-vtt","tag-vtt-xco-val-di-sole"],"acf":[],"yoast_head":"<!-- This site is optimized with the Yoast SEO Premium plugin v26.7 (Yoast SEO v26.7) - https:\/\/yoast.com\/wordpress\/plugins\/seo\/ -->\n<title>VTT XCO Val di Sole : Puck Pieterse gagne en patronne devant Martina Berta<\/title>\n<meta name=\"description\" content=\"VTT XCO VAL DI SOLE - Puck Pieterse n&#039;en finit plus de gagner. La N\u00e9erlandaise, tout juste sacr\u00e9e championne d&#039;Europe, s&#039;impose \u00e0 Val di Sole.\" \/>\n<meta name=\"robots\" content=\"index, follow, max-snippet:-1, max-image-preview:large, max-video-preview:-1\" \/>\n<link rel=\"canonical\" href=\"https:\/\/dicodusport.fr\/blog\/vtt-xco-val-di-sole-puck-pieterse-gagne-en-patronne-devant-martina-berta\/\" \/>\n<meta property=\"og:locale\" content=\"fr_FR\" \/>\n<meta property=\"og:type\" content=\"article\" \/>\n<meta property=\"og:title\" content=\"VTT XCO Val di Sole : Puck Pieterse gagne en patronne devant Martina Berta\" \/>\n<meta property=\"og:description\" content=\"VTT XCO VAL DI SOLE - Puck Pieterse n&#039;en finit plus de gagner. La N\u00e9erlandaise, tout juste sacr\u00e9e championne d&#039;Europe, s&#039;impose \u00e0 Val di Sole.\" \/>\n<meta property=\"og:url\" content=\"https:\/\/dicodusport.fr\/blog\/vtt-xco-val-di-sole-puck-pieterse-gagne-en-patronne-devant-martina-berta\/\" \/>\n<meta property=\"og:site_name\" content=\"Dicodusport\" \/>\n<meta property=\"article:publisher\" content=\"https:\/\/www.facebook.com\/dicodusport\" \/>\n<meta property=\"article:published_time\" content=\"2023-07-02T12:24:06+00:00\" \/>\n<meta property=\"article:modified_time\" content=\"2023-07-02T13:00:56+00:00\" \/>\n<meta property=\"og:image\" content=\"https:\/\/dicodusport.fr\/blog\/wp-content\/uploads\/2023\/07\/VTT-XCO-Val-di-Sole-Puck-Pieterse-gagne-en-patronne-devant-Martina-Berta.png\" \/>\n\t<meta property=\"og:image:width\" content=\"800\" \/>\n\t<meta property=\"og:image:height\" content=\"445\" \/>\n\t<meta property=\"og:image:type\" content=\"image\/png\" \/>\n<meta name=\"author\" content=\"Pierre Gorce\" \/>\n<meta name=\"twitter:card\" content=\"summary_large_image\" \/>\n<meta name=\"twitter:title\" content=\"VTT XCO Val di Sole : Puck Pieterse gagne en patronne devant Martina Berta\" \/>\n<meta name=\"twitter:creator\" content=\"@https:\/\/twitter.com\/pierregorce12\" \/>\n<meta name=\"twitter:site\" content=\"@dicodusport\" \/>\n<script type=\"application\/ld+json\" class=\"yoast-schema-graph\">{\"@context\":\"https:\/\/schema.org\",\"@graph\":[{\"@type\":\"NewsArticle\",\"@id\":\"https:\/\/dicodusport.fr\/blog\/vtt-xco-val-di-sole-puck-pieterse-gagne-en-patronne-devant-martina-berta\/#article\",\"isPartOf\":{\"@id\":\"https:\/\/dicodusport.fr\/blog\/vtt-xco-val-di-sole-puck-pieterse-gagne-en-patronne-devant-martina-berta\/\"},\"author\":{\"name\":\"Pierre Gorce\",\"@id\":\"https:\/\/dicodusport.fr\/blog\/#\/schema\/person\/0eaf70b33d703a1a66b1155ac1bda018\"},\"headline\":\"VTT XCO Val di Sole : Puck Pieterse gagne en patronne devant Martina Berta\",\"datePublished\":\"2023-07-02T12:24:06+00:00\",\"dateModified\":\"2023-07-02T13:00:56+00:00\",\"mainEntityOfPage\":{\"@id\":\"https:\/\/dicodusport.fr\/blog\/vtt-xco-val-di-sole-puck-pieterse-gagne-en-patronne-devant-martina-berta\/\"},\"wordCount\":478,\"commentCount\":0,\"publisher\":{\"@id\":\"https:\/\/dicodusport.fr\/blog\/#organization\"},\"image\":{\"@id\":\"https:\/\/dicodusport.fr\/blog\/vtt-xco-val-di-sole-puck-pieterse-gagne-en-patronne-devant-martina-berta\/#primaryimage\"},\"thumbnailUrl\":\"https:\/\/dicodusport.fr\/blog\/wp-content\/uploads\/2023\/07\/VTT-XCO-Val-di-Sole-Puck-Pieterse-gagne-en-patronne-devant-Martina-Berta.png\",\"keywords\":[\"br\u00e8ve\",\"VTT\",\"VTT XCO Val di Sole\"],\"articleSection\":[\"VTT\"],\"inLanguage\":\"fr-FR\",\"potentialAction\":[{\"@type\":\"CommentAction\",\"name\":\"Comment\",\"target\":[\"https:\/\/dicodusport.fr\/blog\/vtt-xco-val-di-sole-puck-pieterse-gagne-en-patronne-devant-martina-berta\/#respond\"]}],\"copyrightYear\":\"2023\",\"copyrightHolder\":{\"@id\":\"https:\/\/dicodusport.fr\/blog\/#organization\"}},{\"@type\":\"WebPage\",\"@id\":\"https:\/\/dicodusport.fr\/blog\/vtt-xco-val-di-sole-puck-pieterse-gagne-en-patronne-devant-martina-berta\/\",\"url\":\"https:\/\/dicodusport.fr\/blog\/vtt-xco-val-di-sole-puck-pieterse-gagne-en-patronne-devant-martina-berta\/\",\"name\":\"VTT XCO Val di Sole : Puck Pieterse gagne en patronne devant Martina Berta\",\"isPartOf\":{\"@id\":\"https:\/\/dicodusport.fr\/blog\/#website\"},\"primaryImageOfPage\":{\"@id\":\"https:\/\/dicodusport.fr\/blog\/vtt-xco-val-di-sole-puck-pieterse-gagne-en-patronne-devant-martina-berta\/#primaryimage\"},\"image\":{\"@id\":\"https:\/\/dicodusport.fr\/blog\/vtt-xco-val-di-sole-puck-pieterse-gagne-en-patronne-devant-martina-berta\/#primaryimage\"},\"thumbnailUrl\":\"https:\/\/dicodusport.fr\/blog\/wp-content\/uploads\/2023\/07\/VTT-XCO-Val-di-Sole-Puck-Pieterse-gagne-en-patronne-devant-Martina-Berta.png\",\"datePublished\":\"2023-07-02T12:24:06+00:00\",\"dateModified\":\"2023-07-02T13:00:56+00:00\",\"description\":\"VTT XCO VAL DI SOLE - Puck Pieterse n'en finit plus de gagner. La N\u00e9erlandaise, tout juste sacr\u00e9e championne d'Europe, s'impose \u00e0 Val di Sole.\",\"breadcrumb\":{\"@id\":\"https:\/\/dicodusport.fr\/blog\/vtt-xco-val-di-sole-puck-pieterse-gagne-en-patronne-devant-martina-berta\/#breadcrumb\"},\"inLanguage\":\"fr-FR\",\"potentialAction\":[{\"@type\":\"ReadAction\",\"target\":[\"https:\/\/dicodusport.fr\/blog\/vtt-xco-val-di-sole-puck-pieterse-gagne-en-patronne-devant-martina-berta\/\"]}]},{\"@type\":\"ImageObject\",\"inLanguage\":\"fr-FR\",\"@id\":\"https:\/\/dicodusport.fr\/blog\/vtt-xco-val-di-sole-puck-pieterse-gagne-en-patronne-devant-martina-berta\/#primaryimage\",\"url\":\"https:\/\/dicodusport.fr\/blog\/wp-content\/uploads\/2023\/07\/VTT-XCO-Val-di-Sole-Puck-Pieterse-gagne-en-patronne-devant-Martina-Berta.png\",\"contentUrl\":\"https:\/\/dicodusport.fr\/blog\/wp-content\/uploads\/2023\/07\/VTT-XCO-Val-di-Sole-Puck-Pieterse-gagne-en-patronne-devant-Martina-Berta.png\",\"width\":800,\"height\":445,\"caption\":\"VTT XCO Val di Sole Puck Pieterse gagne en patronne devant Martina Berta\"},{\"@type\":\"BreadcrumbList\",\"@id\":\"https:\/\/dicodusport.fr\/blog\/vtt-xco-val-di-sole-puck-pieterse-gagne-en-patronne-devant-martina-berta\/#breadcrumb\",\"itemListElement\":[{\"@type\":\"ListItem\",\"position\":1,\"name\":\"Accueil\",\"item\":\"https:\/\/dicodusport.fr\/blog\/\"},{\"@type\":\"ListItem\",\"position\":2,\"name\":\"VTT XCO Val di Sole : Puck Pieterse gagne en patronne devant Martina Berta\"}]},{\"@type\":\"WebSite\",\"@id\":\"https:\/\/dicodusport.fr\/blog\/#website\",\"url\":\"https:\/\/dicodusport.fr\/blog\/\",\"name\":\"Dicodusport\",\"description\":\"L&#039;encyclop\u00e9die de l&#039;actualit\u00e9 sportive\",\"publisher\":{\"@id\":\"https:\/\/dicodusport.fr\/blog\/#organization\"},\"potentialAction\":[{\"@type\":\"SearchAction\",\"target\":{\"@type\":\"EntryPoint\",\"urlTemplate\":\"https:\/\/dicodusport.fr\/blog\/?s={search_term_string}\"},\"query-input\":{\"@type\":\"PropertyValueSpecification\",\"valueRequired\":true,\"valueName\":\"search_term_string\"}}],\"inLanguage\":\"fr-FR\"},{\"@type\":\"NewsMediaOrganization\",\"@id\":\"https:\/\/dicodusport.fr\/blog\/#organization\",\"name\":\"Dicodusport\",\"url\":\"https:\/\/dicodusport.fr\/blog\/\",\"logo\":{\"@type\":\"ImageObject\",\"inLanguage\":\"fr-FR\",\"@id\":\"https:\/\/dicodusport.fr\/blog\/#\/schema\/logo\/image\/\",\"url\":\"https:\/\/dicodusport.fr\/blog\/wp-content\/uploads\/2020\/06\/cropped-LOGO-DICODUSPORT-2020-SANS-FOND-SANS-TEXTE.png\",\"contentUrl\":\"https:\/\/dicodusport.fr\/blog\/wp-content\/uploads\/2020\/06\/cropped-LOGO-DICODUSPORT-2020-SANS-FOND-SANS-TEXTE.png\",\"width\":512,\"height\":512,\"caption\":\"Dicodusport\"},\"image\":{\"@id\":\"https:\/\/dicodusport.fr\/blog\/#\/schema\/logo\/image\/\"},\"sameAs\":[\"https:\/\/www.facebook.com\/dicodusport\",\"https:\/\/x.com\/dicodusport\",\"https:\/\/www.instagram.com\/dicodusport\/\",\"https:\/\/www.youtube.com\/channel\/UC7V2KZ5sd3htJivAbA4ZG3w\"],\"description\":\"Dicodusport est l'encyclop\u00e9die de l'actualit\u00e9 sportive.\",\"email\":\"bonjour@dicodusport.fr\",\"legalName\":\"DICODUSPORT\",\"foundingDate\":\"2018-01-14\",\"vatID\":\"FR71834470973\",\"taxID\":\"83447097300043\",\"numberOfEmployees\":{\"@type\":\"QuantitativeValue\",\"minValue\":\"1\",\"maxValue\":\"10\"}},{\"@type\":\"Person\",\"@id\":\"https:\/\/dicodusport.fr\/blog\/#\/schema\/person\/0eaf70b33d703a1a66b1155ac1bda018\",\"name\":\"Pierre Gorce\",\"image\":{\"@type\":\"ImageObject\",\"inLanguage\":\"fr-FR\",\"@id\":\"https:\/\/dicodusport.fr\/blog\/#\/schema\/person\/image\/\",\"url\":\"https:\/\/dicodusport.fr\/blog\/wp-content\/uploads\/2022\/03\/IMG_20211214_233053_722-150x150.jpg\",\"contentUrl\":\"https:\/\/dicodusport.fr\/blog\/wp-content\/uploads\/2022\/03\/IMG_20211214_233053_722-150x150.jpg\",\"caption\":\"Pierre Gorce\"},\"description\":\"Couteau suisse venant tout droit de Haute-Savoie. Habitu\u00e9 \u00e0 regarder du sport depuis petit, j'en ai maintenant fait mon m\u00e9tier. Des sports d'hiver au surf, en passant par le tennis, la F1, le handball et l'athl\u00e9tisme, j'essaie d'avoir mes yeux sur l'enti\u00e8ret\u00e9 de l'actualit\u00e9. Jeune homme berc\u00e9 par les exploits de Jean-Baptiste Grange, Sebastian Vettel et des Experts. Membre de la g\u00e9n\u00e9ration 1999 comme Luka Doncic, Sydney McLaughlin, Lando Norris et Loana Lecomte, mais avec beaucoup moins de talent qu'eux.\",\"sameAs\":[\"https:\/\/x.com\/https:\/\/twitter.com\/pierregorce12\"],\"birthDate\":\"1999-08-29\",\"url\":\"https:\/\/dicodusport.fr\/blog\/author\/pierreg\/\"}]}<\/script>\n<!-- \/ Yoast SEO Premium plugin. -->","yoast_head_json":{"title":"VTT XCO Val di Sole : Puck Pieterse gagne en patronne devant Martina Berta","description":"VTT XCO VAL DI SOLE - Puck Pieterse n'en finit plus de gagner. La N\u00e9erlandaise, tout juste sacr\u00e9e championne d'Europe, s'impose \u00e0 Val di Sole.","robots":{"index":"index","follow":"follow","max-snippet":"max-snippet:-1","max-image-preview":"max-image-preview:large","max-video-preview":"max-video-preview:-1"},"canonical":"https:\/\/dicodusport.fr\/blog\/vtt-xco-val-di-sole-puck-pieterse-gagne-en-patronne-devant-martina-berta\/","og_locale":"fr_FR","og_type":"article","og_title":"VTT XCO Val di Sole : Puck Pieterse gagne en patronne devant Martina Berta","og_description":"VTT XCO VAL DI SOLE - Puck Pieterse n'en finit plus de gagner. La N\u00e9erlandaise, tout juste sacr\u00e9e championne d'Europe, s'impose \u00e0 Val di Sole.","og_url":"https:\/\/dicodusport.fr\/blog\/vtt-xco-val-di-sole-puck-pieterse-gagne-en-patronne-devant-martina-berta\/","og_site_name":"Dicodusport","article_publisher":"https:\/\/www.facebook.com\/dicodusport","article_published_time":"2023-07-02T12:24:06+00:00","article_modified_time":"2023-07-02T13:00:56+00:00","og_image":[{"width":800,"height":445,"url":"https:\/\/dicodusport.fr\/blog\/wp-content\/uploads\/2023\/07\/VTT-XCO-Val-di-Sole-Puck-Pieterse-gagne-en-patronne-devant-Martina-Berta.png","type":"image\/png"}],"author":"Pierre Gorce","twitter_card":"summary_large_image","twitter_title":"VTT XCO Val di Sole : Puck Pieterse gagne en patronne devant Martina Berta","twitter_creator":"@https:\/\/twitter.com\/pierregorce12","twitter_site":"@dicodusport","schema":{"@context":"https:\/\/schema.org","@graph":[{"@type":"NewsArticle","@id":"https:\/\/dicodusport.fr\/blog\/vtt-xco-val-di-sole-puck-pieterse-gagne-en-patronne-devant-martina-berta\/#article","isPartOf":{"@id":"https:\/\/dicodusport.fr\/blog\/vtt-xco-val-di-sole-puck-pieterse-gagne-en-patronne-devant-martina-berta\/"},"author":{"name":"Pierre Gorce","@id":"https:\/\/dicodusport.fr\/blog\/#\/schema\/person\/0eaf70b33d703a1a66b1155ac1bda018"},"headline":"VTT XCO Val di Sole : Puck Pieterse gagne en patronne devant Martina Berta","datePublished":"2023-07-02T12:24:06+00:00","dateModified":"2023-07-02T13:00:56+00:00","mainEntityOfPage":{"@id":"https:\/\/dicodusport.fr\/blog\/vtt-xco-val-di-sole-puck-pieterse-gagne-en-patronne-devant-martina-berta\/"},"wordCount":478,"commentCount":0,"publisher":{"@id":"https:\/\/dicodusport.fr\/blog\/#organization"},"image":{"@id":"https:\/\/dicodusport.fr\/blog\/vtt-xco-val-di-sole-puck-pieterse-gagne-en-patronne-devant-martina-berta\/#primaryimage"},"thumbnailUrl":"https:\/\/dicodusport.fr\/blog\/wp-content\/uploads\/2023\/07\/VTT-XCO-Val-di-Sole-Puck-Pieterse-gagne-en-patronne-devant-Martina-Berta.png","keywords":["br\u00e8ve","VTT","VTT XCO Val di Sole"],"articleSection":["VTT"],"inLanguage":"fr-FR","potentialAction":[{"@type":"CommentAction","name":"Comment","target":["https:\/\/dicodusport.fr\/blog\/vtt-xco-val-di-sole-puck-pieterse-gagne-en-patronne-devant-martina-berta\/#respond"]}],"copyrightYear":"2023","copyrightHolder":{"@id":"https:\/\/dicodusport.fr\/blog\/#organization"}},{"@type":"WebPage","@id":"https:\/\/dicodusport.fr\/blog\/vtt-xco-val-di-sole-puck-pieterse-gagne-en-patronne-devant-martina-berta\/","url":"https:\/\/dicodusport.fr\/blog\/vtt-xco-val-di-sole-puck-pieterse-gagne-en-patronne-devant-martina-berta\/","name":"VTT XCO Val di Sole : Puck Pieterse gagne en patronne devant Martina Berta","isPartOf":{"@id":"https:\/\/dicodusport.fr\/blog\/#website"},"primaryImageOfPage":{"@id":"https:\/\/dicodusport.fr\/blog\/vtt-xco-val-di-sole-puck-pieterse-gagne-en-patronne-devant-martina-berta\/#primaryimage"},"image":{"@id":"https:\/\/dicodusport.fr\/blog\/vtt-xco-val-di-sole-puck-pieterse-gagne-en-patronne-devant-martina-berta\/#primaryimage"},"thumbnailUrl":"https:\/\/dicodusport.fr\/blog\/wp-content\/uploads\/2023\/07\/VTT-XCO-Val-di-Sole-Puck-Pieterse-gagne-en-patronne-devant-Martina-Berta.png","datePublished":"2023-07-02T12:24:06+00:00","dateModified":"2023-07-02T13:00:56+00:00","description":"VTT XCO VAL DI SOLE - Puck Pieterse n'en finit plus de gagner. La N\u00e9erlandaise, tout juste sacr\u00e9e championne d'Europe, s'impose \u00e0 Val di Sole.","breadcrumb":{"@id":"https:\/\/dicodusport.fr\/blog\/vtt-xco-val-di-sole-puck-pieterse-gagne-en-patronne-devant-martina-berta\/#breadcrumb"},"inLanguage":"fr-FR","potentialAction":[{"@type":"ReadAction","target":["https:\/\/dicodusport.fr\/blog\/vtt-xco-val-di-sole-puck-pieterse-gagne-en-patronne-devant-martina-berta\/"]}]},{"@type":"ImageObject","inLanguage":"fr-FR","@id":"https:\/\/dicodusport.fr\/blog\/vtt-xco-val-di-sole-puck-pieterse-gagne-en-patronne-devant-martina-berta\/#primaryimage","url":"https:\/\/dicodusport.fr\/blog\/wp-content\/uploads\/2023\/07\/VTT-XCO-Val-di-Sole-Puck-Pieterse-gagne-en-patronne-devant-Martina-Berta.png","contentUrl":"https:\/\/dicodusport.fr\/blog\/wp-content\/uploads\/2023\/07\/VTT-XCO-Val-di-Sole-Puck-Pieterse-gagne-en-patronne-devant-Martina-Berta.png","width":800,"height":445,"caption":"VTT XCO Val di Sole Puck Pieterse gagne en patronne devant Martina Berta"},{"@type":"BreadcrumbList","@id":"https:\/\/dicodusport.fr\/blog\/vtt-xco-val-di-sole-puck-pieterse-gagne-en-patronne-devant-martina-berta\/#breadcrumb","itemListElement":[{"@type":"ListItem","position":1,"name":"Accueil","item":"https:\/\/dicodusport.fr\/blog\/"},{"@type":"ListItem","position":2,"name":"VTT XCO Val di Sole : Puck Pieterse gagne en patronne devant Martina Berta"}]},{"@type":"WebSite","@id":"https:\/\/dicodusport.fr\/blog\/#website","url":"https:\/\/dicodusport.fr\/blog\/","name":"Dicodusport","description":"L&#039;encyclop\u00e9die de l&#039;actualit\u00e9 sportive","publisher":{"@id":"https:\/\/dicodusport.fr\/blog\/#organization"},"potentialAction":[{"@type":"SearchAction","target":{"@type":"EntryPoint","urlTemplate":"https:\/\/dicodusport.fr\/blog\/?s={search_term_string}"},"query-input":{"@type":"PropertyValueSpecification","valueRequired":true,"valueName":"search_term_string"}}],"inLanguage":"fr-FR"},{"@type":"NewsMediaOrganization","@id":"https:\/\/dicodusport.fr\/blog\/#organization","name":"Dicodusport","url":"https:\/\/dicodusport.fr\/blog\/","logo":{"@type":"ImageObject","inLanguage":"fr-FR","@id":"https:\/\/dicodusport.fr\/blog\/#\/schema\/logo\/image\/","url":"https:\/\/dicodusport.fr\/blog\/wp-content\/uploads\/2020\/06\/cropped-LOGO-DICODUSPORT-2020-SANS-FOND-SANS-TEXTE.png","contentUrl":"https:\/\/dicodusport.fr\/blog\/wp-content\/uploads\/2020\/06\/cropped-LOGO-DICODUSPORT-2020-SANS-FOND-SANS-TEXTE.png","width":512,"height":512,"caption":"Dicodusport"},"image":{"@id":"https:\/\/dicodusport.fr\/blog\/#\/schema\/logo\/image\/"},"sameAs":["https:\/\/www.facebook.com\/dicodusport","https:\/\/x.com\/dicodusport","https:\/\/www.instagram.com\/dicodusport\/","https:\/\/www.youtube.com\/channel\/UC7V2KZ5sd3htJivAbA4ZG3w"],"description":"Dicodusport est l'encyclop\u00e9die de l'actualit\u00e9 sportive.","email":"bonjour@dicodusport.fr","legalName":"DICODUSPORT","foundingDate":"2018-01-14","vatID":"FR71834470973","taxID":"83447097300043","numberOfEmployees":{"@type":"QuantitativeValue","minValue":"1","maxValue":"10"}},{"@type":"Person","@id":"https:\/\/dicodusport.fr\/blog\/#\/schema\/person\/0eaf70b33d703a1a66b1155ac1bda018","name":"Pierre Gorce","image":{"@type":"ImageObject","inLanguage":"fr-FR","@id":"https:\/\/dicodusport.fr\/blog\/#\/schema\/person\/image\/","url":"https:\/\/dicodusport.fr\/blog\/wp-content\/uploads\/2022\/03\/IMG_20211214_233053_722-150x150.jpg","contentUrl":"https:\/\/dicodusport.fr\/blog\/wp-content\/uploads\/2022\/03\/IMG_20211214_233053_722-150x150.jpg","caption":"Pierre Gorce"},"description":"Couteau suisse venant tout droit de Haute-Savoie. Habitu\u00e9 \u00e0 regarder du sport depuis petit, j'en ai maintenant fait mon m\u00e9tier. Des sports d'hiver au surf, en passant par le tennis, la F1, le handball et l'athl\u00e9tisme, j'essaie d'avoir mes yeux sur l'enti\u00e8ret\u00e9 de l'actualit\u00e9. Jeune homme berc\u00e9 par les exploits de Jean-Baptiste Grange, Sebastian Vettel et des Experts. Membre de la g\u00e9n\u00e9ration 1999 comme Luka Doncic, Sydney McLaughlin, Lando Norris et Loana Lecomte, mais avec beaucoup moins de talent qu'eux.","sameAs":["https:\/\/x.com\/https:\/\/twitter.com\/pierregorce12"],"birthDate":"1999-08-29","url":"https:\/\/dicodusport.fr\/blog\/author\/pierreg\/"}]}},"_links":{"self":[{"href":"https:\/\/dicodusport.fr\/blog\/wp-json\/wp\/v2\/posts\/396624","targetHints":{"allow":["GET"]}}],"collection":[{"href":"https:\/\/dicodusport.fr\/blog\/wp-json\/wp\/v2\/posts"}],"about":[{"href":"https:\/\/dicodusport.fr\/blog\/wp-json\/wp\/v2\/types\/post"}],"author":[{"embeddable":true,"href":"https:\/\/dicodusport.fr\/blog\/wp-json\/wp\/v2\/users\/61"}],"replies":[{"embeddable":true,"href":"https:\/\/dicodusport.fr\/blog\/wp-json\/wp\/v2\/comments?post=396624"}],"version-history":[{"count":0,"href":"https:\/\/dicodusport.fr\/blog\/wp-json\/wp\/v2\/posts\/396624\/revisions"}],"wp:featuredmedia":[{"embeddable":true,"href":"https:\/\/dicodusport.fr\/blog\/wp-json\/wp\/v2\/media\/396692"}],"wp:attachment":[{"href":"https:\/\/dicodusport.fr\/blog\/wp-json\/wp\/v2\/media?parent=396624"}],"wp:term":[{"taxonomy":"category","embeddable":true,"href":"https:\/\/dicodusport.fr\/blog\/wp-json\/wp\/v2\/categories?post=396624"},{"taxonomy":"post_tag","embeddable":true,"href":"https:\/\/dicodusport.fr\/blog\/wp-json\/wp\/v2\/tags?post=396624"}],"curies":[{"name":"wp","href":"https:\/\/api.w.org\/{rel}","templated":true}]}}