{"id":396709,"date":"2023-07-02T19:25:57","date_gmt":"2023-07-02T17:25:57","guid":{"rendered":"https:\/\/dicodusport.fr\/blog\/?p=396709&#038;preview=true&#038;preview_id=396709"},"modified":"2023-07-02T20:31:46","modified_gmt":"2023-07-02T18:31:46","slug":"tour-de-france-2023-la-jumbo-visma-a-eu-tout-faux-dans-le-final-de-la-2e-etape","status":"publish","type":"post","link":"https:\/\/dicodusport.fr\/blog\/tour-de-france-2023-la-jumbo-visma-a-eu-tout-faux-dans-le-final-de-la-2e-etape\/","title":{"rendered":"Tour de France 2023 : La Jumbo-Visma a eu tout faux dans le final de la 2e \u00e9tape"},"content":{"rendered":"<p align=\"justify\"><em><strong><a href=\"https:\/\/dicodusport.fr\/blog\/actualites\/cyclisme\/cyclisme-sur-route-2023\/tour-de-france-2023\/\">TOUR DE FRANCE 2023<\/a> &#8211; Chassant la victoire d&rsquo;\u00e9tape avec Wout Van Aert et le g\u00e9n\u00e9ral avec Jonas Vingegaard, la Jumbo-Visma a tout perdu. Battue par Victor Lafay (Cofidis). Jonas Vingegaard a, au total, conc\u00e9d\u00e9 sept secondes sur Tadej Pogacar au jeu des bonifications. Il en a d\u00e9j\u00e0 11 de retard au g\u00e9n\u00e9ral.<\/strong><\/em><\/p>\n<h2 style=\"text-align: justify;\" align=\"justify\">Van Aert a chass\u00e9 presque seul<\/h2>\n<p style=\"text-align: justify;\" align=\"justify\">Encore perdu pour <strong>Wout Van Aert<\/strong>. Comme hier, le polyvalent belge ne l\u00e8vera pas les bras sur le Tour de France. Il a \u00e9t\u00e9 surpris par la splendide attaque au kilom\u00e8tre de <strong>Victor Lafay<\/strong>, <a href=\"https:\/\/dicodusport.fr\/blog\/tour-de-france-2023-victoire-de-victor-lafay-sur-la-2eme-etape\/\">venu offrir la premi\u00e8re victoire en quinze ans pour l&rsquo;\u00e9quipe Cofidis<\/a>. Et n&rsquo;a pas pu sauter dans la roue du Fran\u00e7ais, qui a r\u00e9sist\u00e9 jusqu&rsquo;au bout, pour aller chercher ce magnifique succ\u00e8s. Et, pourtant, encore une fois, il y avait du personnel dans la formation n\u00e9erlandaise. Quatre coureurs, dans un groupe de seulement 24 \u00e9l\u00e9ments.<\/p>\n<p style=\"text-align: justify;\">Mais, en r\u00e9alit\u00e9, c&rsquo;est bien <strong>Wout Van Aert<\/strong> qui a fait la majeure partie du travail, pour tenter de s&rsquo;amener lui-m\u00eame vers la victoire d&rsquo;\u00e9tape. Il venait de sauter sur <strong>Mattias Skjelmose<\/strong> (Trek-Segafredo) quelques hectom\u00e8tres plus t\u00f4t. C&rsquo;est lui qui a en partie chass\u00e9 pour aller chercher <strong>Pello Bilbao<\/strong> (Bahrain-Victorious), qui s&rsquo;est \u00e9chapp\u00e9 dans la derni\u00e8re descente. Beaucoup d&rsquo;efforts, malgr\u00e9 l&rsquo;aide de <strong>Tiesj Benoot<\/strong> et <strong>Wilco Kelderman<\/strong>. Mais, comme samedi d\u00e9j\u00e0, dans la poursuite des fr\u00e8res Yates, les deux coureurs ont montr\u00e9 leurs limites. En revanche, <strong>Wout Van Aert<\/strong> a montr\u00e9 de la force. Mais, en cyclisme, on ne peut pas chasser tous les li\u00e8vres.<\/p>\n<h2 style=\"text-align: justify;\">Pogacar amen\u00e9 dans un fauteuil<\/h2>\n<p style=\"text-align: justify;\">Un mal pour un bien, pour <strong>Tadej Pogacar<\/strong>. Car c&rsquo;est le Slov\u00e8ne\u00a0qui prend la deuxi\u00e8me place du peloton. <strong>Jonas Vingegaard<\/strong> n&rsquo;\u00e9tant que 18\u1d49. M\u00eame si <strong>Wout Van Aert<\/strong> avait gagn\u00e9 l&rsquo;\u00e9tape, le Slov\u00e8ne aurait \u00e9t\u00e9 un des grands gagnants de la journ\u00e9e. Il prend finalement quatre secondes plus huit secondes au sommet du Jaizkibel. Soit 12 secondes glan\u00e9es aujourd&rsquo;hui, contre seulement cinq pour le vainqueur du Tour de France 2022. D\u00e9j\u00e0 rel\u00e9gu\u00e9 \u00e0 onze secondes du Slov\u00e8ne. On le sait, <strong>Pogacar<\/strong> est le plus v\u00e9loce des deux g\u00e9ants. Ces onze secondes sont peut-\u00eatre anecdotiques, mais il n&rsquo;a pas eu \u00e0 fournir \u00e9norm\u00e9ment d&rsquo;efforts.<\/p>\n<p style=\"text-align: justify;\">Au contraire, dans le final, il est rest\u00e9 viss\u00e9 \u00e0 la roue de <strong>Wout Van Aert<\/strong> et de la Jumbo-Visma, qui ont essay\u00e9 de sauter sur tous ceux qui bougeaient dans le final. Bien cal\u00e9, il n&rsquo;a certainement pas d\u00e9pens\u00e9 d&rsquo;\u00e9nergie, bien prot\u00e9g\u00e9 par ses principaux adversaires. Convertis en \u00e9quipiers de luxe dans ce final. L&rsquo;addition aurait presque pu \u00eatre plus belle sans un immense <strong>Victor Lafay<\/strong>. Mais, alors qu&rsquo;il pouvait redouter ce d\u00e9but de Tour de France,<strong> Tadej Pogacar<\/strong> en sort en tant que grand gagnant. Son \u00e9quipe a gagn\u00e9 ce samedi, avec <strong>Adam Yates.<\/strong> Le Britannique conserve le maillot. Pendant que chez Jumbo-Visma, cela doit \u00eatre la soupe \u00e0 la grimace.<\/p>\n<blockquote class=\"twitter-tweet\">\n<p dir=\"ltr\" lang=\"fr\">La Jumbo qui ne sait toujours pas si il faut courir pour Vingegaard ou pour Van Aert. R\u00e9sultat :<br \/>\n&#8211; Le danois perd du temps<br \/>\n&#8211; Le belge perd l&rsquo;\u00e9tape<br \/>\n\ud83e\udd42<a href=\"https:\/\/twitter.com\/hashtag\/TDF2023?src=hash&amp;ref_src=twsrc%5Etfw\">#TDF2023<\/a><\/p>\n<p>\u2014 Rog the rhubarb (@RogZeGod) <a href=\"https:\/\/twitter.com\/RogZeGod\/status\/1675535120160129025?ref_src=twsrc%5Etfw\">July 2, 2023<\/a><\/p><\/blockquote>\n<p><script async src=\"https:\/\/platform.twitter.com\/widgets.js\" charset=\"utf-8\"><\/script><\/p>\n<h2 style=\"text-align: justify;\">Jonas Vingegaard aurait-il pu aider la Jumbo-Visma ?<\/h2>\n<p style=\"text-align: justify;\">C&rsquo;est une question qui m\u00e9rite d&rsquo;\u00eatre pos\u00e9e. On a vu la force du Danois. Certes moins v\u00e9loce que <strong>Tadej Pogacar<\/strong>, mais qui n&rsquo;a jamais d\u00e9croch\u00e9 de la roue du Slov\u00e8ne. D\u00e8s lors, pouvait-il passer un relais dans le final, notamment pour aider le Belge, sur l&rsquo;attaque de <strong>Victor Lafay<\/strong> ? Ce n&rsquo;est clairement pas un relais de 800 m\u00e8tres qui aurait pu peser dans les jambes de <strong>Jonas Vingegaard<\/strong>, pour la suite du Tour de France. En faisant cela, il s&rsquo;assure clairement du soutien de<strong> Wout Van Aert<\/strong>, pour la suite de son Tour de France. Qui aurait eu son \u00e9tape.<\/p>\n<p style=\"text-align: justify;\">De plus, le Belge n&rsquo;est pas s\u00fbr de terminer ce Tour de France. Sa femme est sur le point d&rsquo;accoucher et il a fait comprendre que si cela arrivait pendant le Tour, il quitterait les routes de la Grande Boucle. S&rsquo;assurer du soutien d&rsquo;un co\u00e9quipier, oui. Mais, au final, ce Danois qui sait calculer et qui compte les efforts comme un apothicaire, pr\u00e9f\u00e8re sans doute ne pas voir gagner son co\u00e9quipier, et \u00ab\u00a0gagner\u00a0\u00bb deux ou six secondes sur un <strong>Tadej Pogacar<\/strong> qui avait faim dans ce final. Les gains marginaux tant vant\u00e9s par la Jumbo-Visma, <strong>Jonas Vingegaard<\/strong> les a bien int\u00e9gr\u00e9s.<\/p>\n<blockquote class=\"twitter-tweet\">\n<p dir=\"ltr\" lang=\"fr\">Tour de France : bidon jet\u00e9, d\u00e9part en voiture, la grande frustration de Wout van Aert \u00e0 l\u2019issue de la deuxi\u00e8me \u00e9tape <a href=\"https:\/\/twitter.com\/hashtag\/velortbf?src=hash&amp;ref_src=twsrc%5Etfw\">#velortbf<\/a> <a href=\"https:\/\/twitter.com\/hashtag\/tdf2021?src=hash&amp;ref_src=twsrc%5Etfw\">#tdf2021<\/a> <a href=\"https:\/\/t.co\/UmwHl9Kbon\">https:\/\/t.co\/UmwHl9Kbon<\/a><\/p>\n<p>\u2014 RTBF Sport (@RTBFsport) <a href=\"https:\/\/twitter.com\/RTBFsport\/status\/1675548145856532482?ref_src=twsrc%5Etfw\">July 2, 2023<\/a><\/p><\/blockquote>\n<p><script async src=\"https:\/\/platform.twitter.com\/widgets.js\" charset=\"utf-8\"><\/script><\/p>\n<h2 style=\"text-align: justify;\">\u00c0 lire aussi<\/h2>\n<ul>\n<li><strong><a href=\"https:\/\/dicodusport.fr\/blog\/tour-de-france-2023-classement-2eme-etape\/\">Classement de la 2eme \u00e9tape du Tour de France<\/a>\u00a0<\/strong><\/li>\n<li><b><a href=\"https:\/\/dicodusport.fr\/blog\/tour-de-france-2023-classement-general-maillot-jaune\/\">Le classement g\u00e9n\u00e9ral du Tour de France<\/a>\u00a0<\/b><\/li>\n<li style=\"text-align: justify;\"><a href=\"https:\/\/dicodusport.fr\/blog\/tour-de-france-2023-classement-general-des-francais\/\"><strong>Le classement g\u00e9n\u00e9ral des Fran\u00e7ais<\/strong><\/a><\/li>\n<\/ul>\n","protected":false},"excerpt":{"rendered":"<p>TOUR DE FRANCE 2023 &#8211; Chassant la victoire d&rsquo;\u00e9tape avec Wout Van Aert et le g\u00e9n\u00e9ral avec Jonas Vingegaard, la Jumbo-Visma a tout perdu. Battue par Victor Lafay (Cofidis). Jonas Vingegaard a, au total, conc\u00e9d\u00e9 sept secondes sur Tadej Pogacar au jeu des bonifications. Il en a d\u00e9j\u00e0 11 de retard au g\u00e9n\u00e9ral.<\/p>\n","protected":false},"author":83,"featured_media":396830,"comment_status":"open","ping_status":"closed","sticky":false,"template":"","format":"standard","meta":{"_acf_changed":false,"_daextam_enable_autolinks":"","footnotes":""},"categories":[46995],"tags":[16878,574,8551,1262,3216],"class_list":["post-396709","post","type-post","status-publish","format-standard","has-post-thumbnail","hentry","category-tour-de-france","tag-breve","tag-cyclisme","tag-jumbo-visma","tag-tour-de-france","tag-victor-lafay"],"acf":[],"yoast_head":"<!-- This site is optimized with the Yoast SEO Premium plugin v26.7 (Yoast SEO v26.7) - https:\/\/yoast.com\/wordpress\/plugins\/seo\/ -->\n<title>Tour de France 2023 : La Jumbo-Visma a eu tout faux dans le final de la 2e \u00e9tape<\/title>\n<meta name=\"description\" content=\"TOUR DE FRANCE 2023 - Chassant la victoire d&#039;\u00e9tape avec Wout Van Aert et le g\u00e9n\u00e9ral avec Jonas Vingegaard, la Jumbo-Visma a tout perdu.\" \/>\n<meta name=\"robots\" content=\"index, follow, max-snippet:-1, max-image-preview:large, max-video-preview:-1\" \/>\n<link rel=\"canonical\" href=\"https:\/\/dicodusport.fr\/blog\/tour-de-france-2023-la-jumbo-visma-a-eu-tout-faux-dans-le-final-de-la-2e-etape\/\" \/>\n<meta property=\"og:locale\" content=\"fr_FR\" \/>\n<meta property=\"og:type\" content=\"article\" \/>\n<meta property=\"og:title\" content=\"Tour de France 2023 : La Jumbo-Visma a eu tout faux dans le final de la 2e \u00e9tape\" \/>\n<meta property=\"og:description\" content=\"TOUR DE FRANCE 2023 - Chassant la victoire d&#039;\u00e9tape avec Wout Van Aert et le g\u00e9n\u00e9ral avec Jonas Vingegaard, la Jumbo-Visma a tout perdu.\" \/>\n<meta property=\"og:url\" content=\"https:\/\/dicodusport.fr\/blog\/tour-de-france-2023-la-jumbo-visma-a-eu-tout-faux-dans-le-final-de-la-2e-etape\/\" \/>\n<meta property=\"og:site_name\" content=\"Dicodusport\" \/>\n<meta property=\"article:publisher\" content=\"https:\/\/www.facebook.com\/dicodusport\" \/>\n<meta property=\"article:published_time\" content=\"2023-07-02T17:25:57+00:00\" \/>\n<meta property=\"article:modified_time\" content=\"2023-07-02T18:31:46+00:00\" \/>\n<meta property=\"og:image\" content=\"https:\/\/dicodusport.fr\/blog\/wp-content\/uploads\/2023\/07\/Tour-de-France-2023-La-Jumbo-Visma-a-eu-tout-faux-dans-le-final-de-la-2e-etape.png\" \/>\n\t<meta property=\"og:image:width\" content=\"800\" \/>\n\t<meta property=\"og:image:height\" content=\"445\" \/>\n\t<meta property=\"og:image:type\" content=\"image\/png\" \/>\n<meta name=\"author\" content=\"Etienne Goursaud\" \/>\n<meta name=\"twitter:card\" content=\"summary_large_image\" \/>\n<meta name=\"twitter:title\" content=\"Tour de France 2023 : La Jumbo-Visma a eu tout faux dans le final de la 2e \u00e9tape\" \/>\n<meta name=\"twitter:creator\" content=\"@dicodusport\" \/>\n<meta name=\"twitter:site\" content=\"@dicodusport\" \/>\n<script type=\"application\/ld+json\" class=\"yoast-schema-graph\">{\"@context\":\"https:\/\/schema.org\",\"@graph\":[{\"@type\":\"NewsArticle\",\"@id\":\"https:\/\/dicodusport.fr\/blog\/tour-de-france-2023-la-jumbo-visma-a-eu-tout-faux-dans-le-final-de-la-2e-etape\/#article\",\"isPartOf\":{\"@id\":\"https:\/\/dicodusport.fr\/blog\/tour-de-france-2023-la-jumbo-visma-a-eu-tout-faux-dans-le-final-de-la-2e-etape\/\"},\"author\":{\"name\":\"Etienne Goursaud\",\"@id\":\"https:\/\/dicodusport.fr\/blog\/#\/schema\/person\/d603dd7da31fb2b46c82b9835a77ec13\"},\"headline\":\"Tour de France 2023 : La Jumbo-Visma a eu tout faux dans le final de la 2e \u00e9tape\",\"datePublished\":\"2023-07-02T17:25:57+00:00\",\"dateModified\":\"2023-07-02T18:31:46+00:00\",\"mainEntityOfPage\":{\"@id\":\"https:\/\/dicodusport.fr\/blog\/tour-de-france-2023-la-jumbo-visma-a-eu-tout-faux-dans-le-final-de-la-2e-etape\/\"},\"wordCount\":871,\"commentCount\":0,\"publisher\":{\"@id\":\"https:\/\/dicodusport.fr\/blog\/#organization\"},\"image\":{\"@id\":\"https:\/\/dicodusport.fr\/blog\/tour-de-france-2023-la-jumbo-visma-a-eu-tout-faux-dans-le-final-de-la-2e-etape\/#primaryimage\"},\"thumbnailUrl\":\"https:\/\/dicodusport.fr\/blog\/wp-content\/uploads\/2023\/07\/Tour-de-France-2023-La-Jumbo-Visma-a-eu-tout-faux-dans-le-final-de-la-2e-etape.png\",\"keywords\":[\"br\u00e8ve\",\"Cyclisme\",\"Jumbo-Visma\",\"Tour de France\",\"Victor Lafay\"],\"articleSection\":[\"Tour de France\"],\"inLanguage\":\"fr-FR\",\"potentialAction\":[{\"@type\":\"CommentAction\",\"name\":\"Comment\",\"target\":[\"https:\/\/dicodusport.fr\/blog\/tour-de-france-2023-la-jumbo-visma-a-eu-tout-faux-dans-le-final-de-la-2e-etape\/#respond\"]}],\"copyrightYear\":\"2023\",\"copyrightHolder\":{\"@id\":\"https:\/\/dicodusport.fr\/blog\/#organization\"}},{\"@type\":\"WebPage\",\"@id\":\"https:\/\/dicodusport.fr\/blog\/tour-de-france-2023-la-jumbo-visma-a-eu-tout-faux-dans-le-final-de-la-2e-etape\/\",\"url\":\"https:\/\/dicodusport.fr\/blog\/tour-de-france-2023-la-jumbo-visma-a-eu-tout-faux-dans-le-final-de-la-2e-etape\/\",\"name\":\"Tour de France 2023 : La Jumbo-Visma a eu tout faux dans le final de la 2e \u00e9tape\",\"isPartOf\":{\"@id\":\"https:\/\/dicodusport.fr\/blog\/#website\"},\"primaryImageOfPage\":{\"@id\":\"https:\/\/dicodusport.fr\/blog\/tour-de-france-2023-la-jumbo-visma-a-eu-tout-faux-dans-le-final-de-la-2e-etape\/#primaryimage\"},\"image\":{\"@id\":\"https:\/\/dicodusport.fr\/blog\/tour-de-france-2023-la-jumbo-visma-a-eu-tout-faux-dans-le-final-de-la-2e-etape\/#primaryimage\"},\"thumbnailUrl\":\"https:\/\/dicodusport.fr\/blog\/wp-content\/uploads\/2023\/07\/Tour-de-France-2023-La-Jumbo-Visma-a-eu-tout-faux-dans-le-final-de-la-2e-etape.png\",\"datePublished\":\"2023-07-02T17:25:57+00:00\",\"dateModified\":\"2023-07-02T18:31:46+00:00\",\"description\":\"TOUR DE FRANCE 2023 - Chassant la victoire d'\u00e9tape avec Wout Van Aert et le g\u00e9n\u00e9ral avec Jonas Vingegaard, la Jumbo-Visma a tout perdu.\",\"breadcrumb\":{\"@id\":\"https:\/\/dicodusport.fr\/blog\/tour-de-france-2023-la-jumbo-visma-a-eu-tout-faux-dans-le-final-de-la-2e-etape\/#breadcrumb\"},\"inLanguage\":\"fr-FR\",\"potentialAction\":[{\"@type\":\"ReadAction\",\"target\":[\"https:\/\/dicodusport.fr\/blog\/tour-de-france-2023-la-jumbo-visma-a-eu-tout-faux-dans-le-final-de-la-2e-etape\/\"]}]},{\"@type\":\"ImageObject\",\"inLanguage\":\"fr-FR\",\"@id\":\"https:\/\/dicodusport.fr\/blog\/tour-de-france-2023-la-jumbo-visma-a-eu-tout-faux-dans-le-final-de-la-2e-etape\/#primaryimage\",\"url\":\"https:\/\/dicodusport.fr\/blog\/wp-content\/uploads\/2023\/07\/Tour-de-France-2023-La-Jumbo-Visma-a-eu-tout-faux-dans-le-final-de-la-2e-etape.png\",\"contentUrl\":\"https:\/\/dicodusport.fr\/blog\/wp-content\/uploads\/2023\/07\/Tour-de-France-2023-La-Jumbo-Visma-a-eu-tout-faux-dans-le-final-de-la-2e-etape.png\",\"width\":800,\"height\":445,\"caption\":\"Tour de France 2023 La Jumbo-Visma a eu tout faux dans le final de la 2e \u00e9tape\"},{\"@type\":\"BreadcrumbList\",\"@id\":\"https:\/\/dicodusport.fr\/blog\/tour-de-france-2023-la-jumbo-visma-a-eu-tout-faux-dans-le-final-de-la-2e-etape\/#breadcrumb\",\"itemListElement\":[{\"@type\":\"ListItem\",\"position\":1,\"name\":\"Accueil\",\"item\":\"https:\/\/dicodusport.fr\/blog\/\"},{\"@type\":\"ListItem\",\"position\":2,\"name\":\"Tour de France 2023 : La Jumbo-Visma a eu tout faux dans le final de la 2e \u00e9tape\"}]},{\"@type\":\"WebSite\",\"@id\":\"https:\/\/dicodusport.fr\/blog\/#website\",\"url\":\"https:\/\/dicodusport.fr\/blog\/\",\"name\":\"Dicodusport\",\"description\":\"L&#039;encyclop\u00e9die de l&#039;actualit\u00e9 sportive\",\"publisher\":{\"@id\":\"https:\/\/dicodusport.fr\/blog\/#organization\"},\"potentialAction\":[{\"@type\":\"SearchAction\",\"target\":{\"@type\":\"EntryPoint\",\"urlTemplate\":\"https:\/\/dicodusport.fr\/blog\/?s={search_term_string}\"},\"query-input\":{\"@type\":\"PropertyValueSpecification\",\"valueRequired\":true,\"valueName\":\"search_term_string\"}}],\"inLanguage\":\"fr-FR\"},{\"@type\":\"NewsMediaOrganization\",\"@id\":\"https:\/\/dicodusport.fr\/blog\/#organization\",\"name\":\"Dicodusport\",\"url\":\"https:\/\/dicodusport.fr\/blog\/\",\"logo\":{\"@type\":\"ImageObject\",\"inLanguage\":\"fr-FR\",\"@id\":\"https:\/\/dicodusport.fr\/blog\/#\/schema\/logo\/image\/\",\"url\":\"https:\/\/dicodusport.fr\/blog\/wp-content\/uploads\/2020\/06\/cropped-LOGO-DICODUSPORT-2020-SANS-FOND-SANS-TEXTE.png\",\"contentUrl\":\"https:\/\/dicodusport.fr\/blog\/wp-content\/uploads\/2020\/06\/cropped-LOGO-DICODUSPORT-2020-SANS-FOND-SANS-TEXTE.png\",\"width\":512,\"height\":512,\"caption\":\"Dicodusport\"},\"image\":{\"@id\":\"https:\/\/dicodusport.fr\/blog\/#\/schema\/logo\/image\/\"},\"sameAs\":[\"https:\/\/www.facebook.com\/dicodusport\",\"https:\/\/x.com\/dicodusport\",\"https:\/\/www.instagram.com\/dicodusport\/\",\"https:\/\/www.youtube.com\/channel\/UC7V2KZ5sd3htJivAbA4ZG3w\"],\"description\":\"Dicodusport est l'encyclop\u00e9die de l'actualit\u00e9 sportive.\",\"email\":\"bonjour@dicodusport.fr\",\"legalName\":\"DICODUSPORT\",\"foundingDate\":\"2018-01-14\",\"vatID\":\"FR71834470973\",\"taxID\":\"83447097300043\",\"numberOfEmployees\":{\"@type\":\"QuantitativeValue\",\"minValue\":\"1\",\"maxValue\":\"10\"}},{\"@type\":\"Person\",\"@id\":\"https:\/\/dicodusport.fr\/blog\/#\/schema\/person\/d603dd7da31fb2b46c82b9835a77ec13\",\"name\":\"Etienne Goursaud\",\"image\":{\"@type\":\"ImageObject\",\"inLanguage\":\"fr-FR\",\"@id\":\"https:\/\/dicodusport.fr\/blog\/#\/schema\/person\/image\/\",\"url\":\"https:\/\/dicodusport.fr\/blog\/wp-content\/uploads\/2023\/12\/410122264_10231602061736049_5565839791558026645_n-150x150.jpg\",\"contentUrl\":\"https:\/\/dicodusport.fr\/blog\/wp-content\/uploads\/2023\/12\/410122264_10231602061736049_5565839791558026645_n-150x150.jpg\",\"caption\":\"Etienne Goursaud\"},\"description\":\"Journaliste et amoureux de sport. Ancien footballeur reconverti athl\u00e8te quand ses muscles le laissent tranquille. \u00c9lev\u00e9 \u00e0 la sauce des exploits de Thomas Voeckler en 2004, du dernier essai de l\u00e9gende de Eunice Barber \u00e0 la longueur lors des championnats du monde d'athl\u00e9tisme de 2003 mais aussi Zidane, Omeyer et Titou Lamaison.\",\"url\":\"https:\/\/dicodusport.fr\/blog\/author\/etienne-goursaud\/\"}]}<\/script>\n<!-- \/ Yoast SEO Premium plugin. -->","yoast_head_json":{"title":"Tour de France 2023 : La Jumbo-Visma a eu tout faux dans le final de la 2e \u00e9tape","description":"TOUR DE FRANCE 2023 - Chassant la victoire d'\u00e9tape avec Wout Van Aert et le g\u00e9n\u00e9ral avec Jonas Vingegaard, la Jumbo-Visma a tout perdu.","robots":{"index":"index","follow":"follow","max-snippet":"max-snippet:-1","max-image-preview":"max-image-preview:large","max-video-preview":"max-video-preview:-1"},"canonical":"https:\/\/dicodusport.fr\/blog\/tour-de-france-2023-la-jumbo-visma-a-eu-tout-faux-dans-le-final-de-la-2e-etape\/","og_locale":"fr_FR","og_type":"article","og_title":"Tour de France 2023 : La Jumbo-Visma a eu tout faux dans le final de la 2e \u00e9tape","og_description":"TOUR DE FRANCE 2023 - Chassant la victoire d'\u00e9tape avec Wout Van Aert et le g\u00e9n\u00e9ral avec Jonas Vingegaard, la Jumbo-Visma a tout perdu.","og_url":"https:\/\/dicodusport.fr\/blog\/tour-de-france-2023-la-jumbo-visma-a-eu-tout-faux-dans-le-final-de-la-2e-etape\/","og_site_name":"Dicodusport","article_publisher":"https:\/\/www.facebook.com\/dicodusport","article_published_time":"2023-07-02T17:25:57+00:00","article_modified_time":"2023-07-02T18:31:46+00:00","og_image":[{"width":800,"height":445,"url":"https:\/\/dicodusport.fr\/blog\/wp-content\/uploads\/2023\/07\/Tour-de-France-2023-La-Jumbo-Visma-a-eu-tout-faux-dans-le-final-de-la-2e-etape.png","type":"image\/png"}],"author":"Etienne Goursaud","twitter_card":"summary_large_image","twitter_title":"Tour de France 2023 : La Jumbo-Visma a eu tout faux dans le final de la 2e \u00e9tape","twitter_creator":"@dicodusport","twitter_site":"@dicodusport","schema":{"@context":"https:\/\/schema.org","@graph":[{"@type":"NewsArticle","@id":"https:\/\/dicodusport.fr\/blog\/tour-de-france-2023-la-jumbo-visma-a-eu-tout-faux-dans-le-final-de-la-2e-etape\/#article","isPartOf":{"@id":"https:\/\/dicodusport.fr\/blog\/tour-de-france-2023-la-jumbo-visma-a-eu-tout-faux-dans-le-final-de-la-2e-etape\/"},"author":{"name":"Etienne Goursaud","@id":"https:\/\/dicodusport.fr\/blog\/#\/schema\/person\/d603dd7da31fb2b46c82b9835a77ec13"},"headline":"Tour de France 2023 : La Jumbo-Visma a eu tout faux dans le final de la 2e \u00e9tape","datePublished":"2023-07-02T17:25:57+00:00","dateModified":"2023-07-02T18:31:46+00:00","mainEntityOfPage":{"@id":"https:\/\/dicodusport.fr\/blog\/tour-de-france-2023-la-jumbo-visma-a-eu-tout-faux-dans-le-final-de-la-2e-etape\/"},"wordCount":871,"commentCount":0,"publisher":{"@id":"https:\/\/dicodusport.fr\/blog\/#organization"},"image":{"@id":"https:\/\/dicodusport.fr\/blog\/tour-de-france-2023-la-jumbo-visma-a-eu-tout-faux-dans-le-final-de-la-2e-etape\/#primaryimage"},"thumbnailUrl":"https:\/\/dicodusport.fr\/blog\/wp-content\/uploads\/2023\/07\/Tour-de-France-2023-La-Jumbo-Visma-a-eu-tout-faux-dans-le-final-de-la-2e-etape.png","keywords":["br\u00e8ve","Cyclisme","Jumbo-Visma","Tour de France","Victor Lafay"],"articleSection":["Tour de France"],"inLanguage":"fr-FR","potentialAction":[{"@type":"CommentAction","name":"Comment","target":["https:\/\/dicodusport.fr\/blog\/tour-de-france-2023-la-jumbo-visma-a-eu-tout-faux-dans-le-final-de-la-2e-etape\/#respond"]}],"copyrightYear":"2023","copyrightHolder":{"@id":"https:\/\/dicodusport.fr\/blog\/#organization"}},{"@type":"WebPage","@id":"https:\/\/dicodusport.fr\/blog\/tour-de-france-2023-la-jumbo-visma-a-eu-tout-faux-dans-le-final-de-la-2e-etape\/","url":"https:\/\/dicodusport.fr\/blog\/tour-de-france-2023-la-jumbo-visma-a-eu-tout-faux-dans-le-final-de-la-2e-etape\/","name":"Tour de France 2023 : La Jumbo-Visma a eu tout faux dans le final de la 2e \u00e9tape","isPartOf":{"@id":"https:\/\/dicodusport.fr\/blog\/#website"},"primaryImageOfPage":{"@id":"https:\/\/dicodusport.fr\/blog\/tour-de-france-2023-la-jumbo-visma-a-eu-tout-faux-dans-le-final-de-la-2e-etape\/#primaryimage"},"image":{"@id":"https:\/\/dicodusport.fr\/blog\/tour-de-france-2023-la-jumbo-visma-a-eu-tout-faux-dans-le-final-de-la-2e-etape\/#primaryimage"},"thumbnailUrl":"https:\/\/dicodusport.fr\/blog\/wp-content\/uploads\/2023\/07\/Tour-de-France-2023-La-Jumbo-Visma-a-eu-tout-faux-dans-le-final-de-la-2e-etape.png","datePublished":"2023-07-02T17:25:57+00:00","dateModified":"2023-07-02T18:31:46+00:00","description":"TOUR DE FRANCE 2023 - Chassant la victoire d'\u00e9tape avec Wout Van Aert et le g\u00e9n\u00e9ral avec Jonas Vingegaard, la Jumbo-Visma a tout perdu.","breadcrumb":{"@id":"https:\/\/dicodusport.fr\/blog\/tour-de-france-2023-la-jumbo-visma-a-eu-tout-faux-dans-le-final-de-la-2e-etape\/#breadcrumb"},"inLanguage":"fr-FR","potentialAction":[{"@type":"ReadAction","target":["https:\/\/dicodusport.fr\/blog\/tour-de-france-2023-la-jumbo-visma-a-eu-tout-faux-dans-le-final-de-la-2e-etape\/"]}]},{"@type":"ImageObject","inLanguage":"fr-FR","@id":"https:\/\/dicodusport.fr\/blog\/tour-de-france-2023-la-jumbo-visma-a-eu-tout-faux-dans-le-final-de-la-2e-etape\/#primaryimage","url":"https:\/\/dicodusport.fr\/blog\/wp-content\/uploads\/2023\/07\/Tour-de-France-2023-La-Jumbo-Visma-a-eu-tout-faux-dans-le-final-de-la-2e-etape.png","contentUrl":"https:\/\/dicodusport.fr\/blog\/wp-content\/uploads\/2023\/07\/Tour-de-France-2023-La-Jumbo-Visma-a-eu-tout-faux-dans-le-final-de-la-2e-etape.png","width":800,"height":445,"caption":"Tour de France 2023 La Jumbo-Visma a eu tout faux dans le final de la 2e \u00e9tape"},{"@type":"BreadcrumbList","@id":"https:\/\/dicodusport.fr\/blog\/tour-de-france-2023-la-jumbo-visma-a-eu-tout-faux-dans-le-final-de-la-2e-etape\/#breadcrumb","itemListElement":[{"@type":"ListItem","position":1,"name":"Accueil","item":"https:\/\/dicodusport.fr\/blog\/"},{"@type":"ListItem","position":2,"name":"Tour de France 2023 : La Jumbo-Visma a eu tout faux dans le final de la 2e \u00e9tape"}]},{"@type":"WebSite","@id":"https:\/\/dicodusport.fr\/blog\/#website","url":"https:\/\/dicodusport.fr\/blog\/","name":"Dicodusport","description":"L&#039;encyclop\u00e9die de l&#039;actualit\u00e9 sportive","publisher":{"@id":"https:\/\/dicodusport.fr\/blog\/#organization"},"potentialAction":[{"@type":"SearchAction","target":{"@type":"EntryPoint","urlTemplate":"https:\/\/dicodusport.fr\/blog\/?s={search_term_string}"},"query-input":{"@type":"PropertyValueSpecification","valueRequired":true,"valueName":"search_term_string"}}],"inLanguage":"fr-FR"},{"@type":"NewsMediaOrganization","@id":"https:\/\/dicodusport.fr\/blog\/#organization","name":"Dicodusport","url":"https:\/\/dicodusport.fr\/blog\/","logo":{"@type":"ImageObject","inLanguage":"fr-FR","@id":"https:\/\/dicodusport.fr\/blog\/#\/schema\/logo\/image\/","url":"https:\/\/dicodusport.fr\/blog\/wp-content\/uploads\/2020\/06\/cropped-LOGO-DICODUSPORT-2020-SANS-FOND-SANS-TEXTE.png","contentUrl":"https:\/\/dicodusport.fr\/blog\/wp-content\/uploads\/2020\/06\/cropped-LOGO-DICODUSPORT-2020-SANS-FOND-SANS-TEXTE.png","width":512,"height":512,"caption":"Dicodusport"},"image":{"@id":"https:\/\/dicodusport.fr\/blog\/#\/schema\/logo\/image\/"},"sameAs":["https:\/\/www.facebook.com\/dicodusport","https:\/\/x.com\/dicodusport","https:\/\/www.instagram.com\/dicodusport\/","https:\/\/www.youtube.com\/channel\/UC7V2KZ5sd3htJivAbA4ZG3w"],"description":"Dicodusport est l'encyclop\u00e9die de l'actualit\u00e9 sportive.","email":"bonjour@dicodusport.fr","legalName":"DICODUSPORT","foundingDate":"2018-01-14","vatID":"FR71834470973","taxID":"83447097300043","numberOfEmployees":{"@type":"QuantitativeValue","minValue":"1","maxValue":"10"}},{"@type":"Person","@id":"https:\/\/dicodusport.fr\/blog\/#\/schema\/person\/d603dd7da31fb2b46c82b9835a77ec13","name":"Etienne Goursaud","image":{"@type":"ImageObject","inLanguage":"fr-FR","@id":"https:\/\/dicodusport.fr\/blog\/#\/schema\/person\/image\/","url":"https:\/\/dicodusport.fr\/blog\/wp-content\/uploads\/2023\/12\/410122264_10231602061736049_5565839791558026645_n-150x150.jpg","contentUrl":"https:\/\/dicodusport.fr\/blog\/wp-content\/uploads\/2023\/12\/410122264_10231602061736049_5565839791558026645_n-150x150.jpg","caption":"Etienne Goursaud"},"description":"Journaliste et amoureux de sport. Ancien footballeur reconverti athl\u00e8te quand ses muscles le laissent tranquille. \u00c9lev\u00e9 \u00e0 la sauce des exploits de Thomas Voeckler en 2004, du dernier essai de l\u00e9gende de Eunice Barber \u00e0 la longueur lors des championnats du monde d'athl\u00e9tisme de 2003 mais aussi Zidane, Omeyer et Titou Lamaison.","url":"https:\/\/dicodusport.fr\/blog\/author\/etienne-goursaud\/"}]}},"_links":{"self":[{"href":"https:\/\/dicodusport.fr\/blog\/wp-json\/wp\/v2\/posts\/396709","targetHints":{"allow":["GET"]}}],"collection":[{"href":"https:\/\/dicodusport.fr\/blog\/wp-json\/wp\/v2\/posts"}],"about":[{"href":"https:\/\/dicodusport.fr\/blog\/wp-json\/wp\/v2\/types\/post"}],"author":[{"embeddable":true,"href":"https:\/\/dicodusport.fr\/blog\/wp-json\/wp\/v2\/users\/83"}],"replies":[{"embeddable":true,"href":"https:\/\/dicodusport.fr\/blog\/wp-json\/wp\/v2\/comments?post=396709"}],"version-history":[{"count":0,"href":"https:\/\/dicodusport.fr\/blog\/wp-json\/wp\/v2\/posts\/396709\/revisions"}],"wp:featuredmedia":[{"embeddable":true,"href":"https:\/\/dicodusport.fr\/blog\/wp-json\/wp\/v2\/media\/396830"}],"wp:attachment":[{"href":"https:\/\/dicodusport.fr\/blog\/wp-json\/wp\/v2\/media?parent=396709"}],"wp:term":[{"taxonomy":"category","embeddable":true,"href":"https:\/\/dicodusport.fr\/blog\/wp-json\/wp\/v2\/categories?post=396709"},{"taxonomy":"post_tag","embeddable":true,"href":"https:\/\/dicodusport.fr\/blog\/wp-json\/wp\/v2\/tags?post=396709"}],"curies":[{"name":"wp","href":"https:\/\/api.w.org\/{rel}","templated":true}]}}