{"id":39684,"date":"2019-05-22T17:28:47","date_gmt":"2019-05-22T15:28:47","guid":{"rendered":"http:\/\/dicodusport.fr\/blog\/?p=39684"},"modified":"2019-05-22T17:48:01","modified_gmt":"2019-05-22T15:48:01","slug":"giro-2019-caleb-ewan-s-impose-sur-la-11eme-etape","status":"publish","type":"post","link":"https:\/\/dicodusport.fr\/blog\/giro-2019-caleb-ewan-s-impose-sur-la-11eme-etape\/","title":{"rendered":"Giro 2019 : Caleb Ewan s&rsquo;impose sur la 11\u00e8me \u00e9tape"},"content":{"rendered":"<p style=\"text-align: justify;\"><strong><em><a href=\"https:\/\/dicodusport.fr\/blog\/tour-d-italie-2019-le-profil-des-etapes-du-giro\/\" target=\"_blank\" rel=\"noopener\">Giro 2019<\/a> &#8211; L&rsquo;Australien Caleb Ewan (Lotto-Soudal) s&rsquo;est impos\u00e9 au sprint lors de la 11\u00e8me \u00e9tape \u00e0 Novi Ligure. C&rsquo;est sa 2\u00e8me victoire sur ce Giro. Le Fran\u00e7ais Arnaud D\u00e9mare, vainqueur hier \u00e0 Mod\u00e8ne, termine deuxi\u00e8me et endosse le maillot cyclamen.<br \/>\n<\/em><\/strong><\/p>\n<p style=\"text-align: justify;\">D\u00e9j\u00e0 vainqueur \u00e0 Pesaro lors de la 8\u00e8me \u00e9tape, <strong>Caleb Ewan (Lotto-Soudal)<\/strong> a donc r\u00e9cidiv\u00e9 ce mercredi \u00e0 Novi Ligure. Le sprinteur australien a \u00e9t\u00e9 le plus rapide dans la (longue) ligne droite finale et a devanc\u00e9 <strong>Arnaud D\u00e9mare (Groupama-FDJ)<\/strong> et <strong>Pascal Ackermann (Bora-Hansgrohe). <\/strong>Le Fran\u00e7ais pourra se consoler avec le maillot cyclamen : le Picard comptait en effet un point de retard ce matin au d\u00e9part de Carpi sur le sprinteur allemand. Devant ce dernier au sprint interm\u00e9diaire et \u00e0 l&rsquo;arriv\u00e9e donc, Arnaud D\u00e9mare prend par cons\u00e9quent la t\u00eate du classement par points. En revanche, nouvelle d\u00e9ception pour <strong>Elia Viviani (Deceuninck Quick-Step)<\/strong>, encore battu et 4\u00e8me sur la ligne.<\/p>\n<p style=\"text-align: justify;\">Aucun changement au classement g\u00e9n\u00e9ral concernant les favoris. Demain, pour le compte de la 12\u00e8me \u00e9tape,<a href=\"https:\/\/dicodusport.fr\/blog\/tour-d-italie-2019-le-profil-des-etapes-du-giro\/12\/\" target=\"_blank\" rel=\"noopener\"> le peloton ralliera Pinerolo depuis Cuneo, avec la premi\u00e8re grosse difficult\u00e9 de ce Giro, le Montoso (1\u00e8re cat\u00e9gorie), dont le sommet est situ\u00e9 \u00e0 22 km de l&rsquo;arriv\u00e9e<\/a>.<\/p>\n<p><span class=\"CDo437YP9unHKUeV5dqzwJBjGAXWZ2bmlktfRpESFOy\"><\/p>\n<blockquote class=\"twitter-tweet\" data-width=\"550\" data-dnt=\"true\">\n<p lang=\"fr\" dir=\"ltr\">\u270c\u270c Deuxi\u00e8me succ\u00e8s pour Caleb Ewan dans ce Tour d&#39;Italie sur la 11e \u00e9tape, une victoire obtenue au forceps devant Arnaud D\u00e9mare ! <a href=\"https:\/\/twitter.com\/hashtag\/lequipeGIRO?src=hash&amp;ref_src=twsrc%5Etfw\">#lequipeGIRO<\/a> <a href=\"https:\/\/t.co\/Ii7HpRRK00\">pic.twitter.com\/Ii7HpRRK00<\/a><\/p>\n<p>&mdash; la chaine L&#39;\u00c9quipe (@lachainelequipe) <a href=\"https:\/\/twitter.com\/lachainelequipe\/status\/1131220644308426752?ref_src=twsrc%5Etfw\">May 22, 2019<\/a><\/p><\/blockquote>\n<p><script async src=\"https:\/\/platform.twitter.com\/widgets.js\" charset=\"utf-8\"><\/script><\/span><\/p>\n<p><strong><em>Dicodusport<br \/>\n<a href=\"https:\/\/www.facebook.com\/dicodusport\/\" target=\"_blank\" rel=\"noopener\"><img loading=\"lazy\" decoding=\"async\" class=\"alignnone wp-image-2909\" src=\"http:\/\/dicodusport.fr\/blog\/wp-content\/uploads\/2017\/07\/logo-facebook-150x150.png\" sizes=\"auto, (max-width: 40px) 100vw, 40px\" srcset=\"https:\/\/dicodusport.fr\/blog\/wp-content\/uploads\/2017\/07\/logo-facebook-150x150.png 150w, https:\/\/dicodusport.fr\/blog\/wp-content\/uploads\/2017\/07\/logo-facebook-300x300.png 300w, https:\/\/dicodusport.fr\/blog\/wp-content\/uploads\/2017\/07\/logo-facebook.png 400w\" alt=\"\" width=\"40\" height=\"40\" \/><\/a><a href=\"https:\/\/twitter.com\/dicodusport\" target=\"_blank\" rel=\"noopener\"><img loading=\"lazy\" decoding=\"async\" class=\"alignnone wp-image-2908\" src=\"http:\/\/dicodusport.fr\/blog\/wp-content\/uploads\/2017\/07\/logo-twitter-150x150.png\" alt=\"\" width=\"39\" height=\"39\" \/><\/a><\/em><\/strong><\/p>\n","protected":false},"excerpt":{"rendered":"<p>Giro 2019 &#8211; L&rsquo;Australien Caleb Ewan (Lotto-Soudal) s&rsquo;est impos\u00e9 au sprint lors de la 11\u00e8me \u00e9tape \u00e0 Novi Ligure. C&rsquo;est sa 2\u00e8me victoire sur ce Giro.<\/p>\n","protected":false},"author":4,"featured_media":39625,"comment_status":"open","ping_status":"closed","sticky":false,"template":"","format":"standard","meta":{"_acf_changed":false,"_daextam_enable_autolinks":"","footnotes":""},"categories":[2,2307],"tags":[2830,4722],"class_list":["post-39684","post","type-post","status-publish","format-standard","has-post-thumbnail","hentry","category-actualites","category-cyclisme","tag-giro","tag-tour-ditalie"],"acf":[],"yoast_head":"<!-- This site is optimized with the Yoast SEO Premium plugin v26.7 (Yoast SEO v26.7) - https:\/\/yoast.com\/wordpress\/plugins\/seo\/ -->\n<title>Giro 2019 : Caleb Ewan s&#039;impose sur la 11\u00e8me \u00e9tape<\/title>\n<meta name=\"description\" content=\"Giro 2019 - L&#039;Australien Caleb Ewan (Lotto-Soudal) s&#039;est impos\u00e9 au sprint lors de la 11\u00e8me \u00e9tape \u00e0 Novi Ligure. C&#039;est sa 2\u00e8me victoire sur ce Giro.\" \/>\n<meta name=\"robots\" content=\"index, follow, max-snippet:-1, max-image-preview:large, max-video-preview:-1\" \/>\n<link rel=\"canonical\" href=\"https:\/\/dicodusport.fr\/blog\/giro-2019-caleb-ewan-s-impose-sur-la-11eme-etape\/\" \/>\n<meta property=\"og:locale\" content=\"fr_FR\" \/>\n<meta property=\"og:type\" content=\"article\" \/>\n<meta property=\"og:title\" content=\"Giro 2019 : Caleb Ewan s&#039;impose sur la 11\u00e8me \u00e9tape\" \/>\n<meta property=\"og:description\" content=\"Giro 2019 - L&#039;Australien Caleb Ewan (Lotto-Soudal) s&#039;est impos\u00e9 au sprint lors de la 11\u00e8me \u00e9tape \u00e0 Novi Ligure. C&#039;est sa 2\u00e8me victoire sur ce Giro.\" \/>\n<meta property=\"og:url\" content=\"https:\/\/dicodusport.fr\/blog\/giro-2019-caleb-ewan-s-impose-sur-la-11eme-etape\/\" \/>\n<meta property=\"og:site_name\" content=\"Dicodusport\" \/>\n<meta property=\"article:publisher\" content=\"https:\/\/www.facebook.com\/dicodusport\" \/>\n<meta property=\"article:author\" content=\"https:\/\/www.facebook.com\/florent.ostermann\" \/>\n<meta property=\"article:published_time\" content=\"2019-05-22T15:28:47+00:00\" \/>\n<meta property=\"article:modified_time\" content=\"2019-05-22T15:48:01+00:00\" \/>\n<meta property=\"og:image\" content=\"https:\/\/dicodusport.fr\/blog\/wp-content\/uploads\/2019\/05\/Caleb-Ewan-Giro.png\" \/>\n\t<meta property=\"og:image:width\" content=\"800\" \/>\n\t<meta property=\"og:image:height\" content=\"445\" \/>\n\t<meta property=\"og:image:type\" content=\"image\/png\" \/>\n<meta name=\"author\" content=\"Flo Ostermann\" \/>\n<meta name=\"twitter:card\" content=\"summary_large_image\" \/>\n<meta name=\"twitter:creator\" content=\"@https:\/\/twitter.com\/FlOstermann\" \/>\n<meta name=\"twitter:site\" content=\"@dicodusport\" \/>\n<script type=\"application\/ld+json\" class=\"yoast-schema-graph\">{\"@context\":\"https:\/\/schema.org\",\"@graph\":[{\"@type\":\"NewsArticle\",\"@id\":\"https:\/\/dicodusport.fr\/blog\/giro-2019-caleb-ewan-s-impose-sur-la-11eme-etape\/#article\",\"isPartOf\":{\"@id\":\"https:\/\/dicodusport.fr\/blog\/giro-2019-caleb-ewan-s-impose-sur-la-11eme-etape\/\"},\"author\":{\"name\":\"Flo Ostermann\",\"@id\":\"https:\/\/dicodusport.fr\/blog\/#\/schema\/person\/cb02af4c173ce4a653b55e9baf388d4a\"},\"headline\":\"Giro 2019 : Caleb Ewan s&rsquo;impose sur la 11\u00e8me \u00e9tape\",\"datePublished\":\"2019-05-22T15:28:47+00:00\",\"dateModified\":\"2019-05-22T15:48:01+00:00\",\"mainEntityOfPage\":{\"@id\":\"https:\/\/dicodusport.fr\/blog\/giro-2019-caleb-ewan-s-impose-sur-la-11eme-etape\/\"},\"wordCount\":226,\"commentCount\":0,\"publisher\":{\"@id\":\"https:\/\/dicodusport.fr\/blog\/#organization\"},\"image\":{\"@id\":\"https:\/\/dicodusport.fr\/blog\/giro-2019-caleb-ewan-s-impose-sur-la-11eme-etape\/#primaryimage\"},\"thumbnailUrl\":\"https:\/\/dicodusport.fr\/blog\/wp-content\/uploads\/2019\/05\/Caleb-Ewan-Giro.png\",\"keywords\":[\"Giro\",\"Tour d'Italie\"],\"articleSection\":[\"Actualit\u00e9s\",\"Cyclisme\"],\"inLanguage\":\"fr-FR\",\"potentialAction\":[{\"@type\":\"CommentAction\",\"name\":\"Comment\",\"target\":[\"https:\/\/dicodusport.fr\/blog\/giro-2019-caleb-ewan-s-impose-sur-la-11eme-etape\/#respond\"]}],\"copyrightYear\":\"2019\",\"copyrightHolder\":{\"@id\":\"https:\/\/dicodusport.fr\/blog\/#organization\"}},{\"@type\":\"WebPage\",\"@id\":\"https:\/\/dicodusport.fr\/blog\/giro-2019-caleb-ewan-s-impose-sur-la-11eme-etape\/\",\"url\":\"https:\/\/dicodusport.fr\/blog\/giro-2019-caleb-ewan-s-impose-sur-la-11eme-etape\/\",\"name\":\"Giro 2019 : Caleb Ewan s'impose sur la 11\u00e8me \u00e9tape\",\"isPartOf\":{\"@id\":\"https:\/\/dicodusport.fr\/blog\/#website\"},\"primaryImageOfPage\":{\"@id\":\"https:\/\/dicodusport.fr\/blog\/giro-2019-caleb-ewan-s-impose-sur-la-11eme-etape\/#primaryimage\"},\"image\":{\"@id\":\"https:\/\/dicodusport.fr\/blog\/giro-2019-caleb-ewan-s-impose-sur-la-11eme-etape\/#primaryimage\"},\"thumbnailUrl\":\"https:\/\/dicodusport.fr\/blog\/wp-content\/uploads\/2019\/05\/Caleb-Ewan-Giro.png\",\"datePublished\":\"2019-05-22T15:28:47+00:00\",\"dateModified\":\"2019-05-22T15:48:01+00:00\",\"description\":\"Giro 2019 - L'Australien Caleb Ewan (Lotto-Soudal) s'est impos\u00e9 au sprint lors de la 11\u00e8me \u00e9tape \u00e0 Novi Ligure. C'est sa 2\u00e8me victoire sur ce Giro.\",\"breadcrumb\":{\"@id\":\"https:\/\/dicodusport.fr\/blog\/giro-2019-caleb-ewan-s-impose-sur-la-11eme-etape\/#breadcrumb\"},\"inLanguage\":\"fr-FR\",\"potentialAction\":[{\"@type\":\"ReadAction\",\"target\":[\"https:\/\/dicodusport.fr\/blog\/giro-2019-caleb-ewan-s-impose-sur-la-11eme-etape\/\"]}]},{\"@type\":\"ImageObject\",\"inLanguage\":\"fr-FR\",\"@id\":\"https:\/\/dicodusport.fr\/blog\/giro-2019-caleb-ewan-s-impose-sur-la-11eme-etape\/#primaryimage\",\"url\":\"https:\/\/dicodusport.fr\/blog\/wp-content\/uploads\/2019\/05\/Caleb-Ewan-Giro.png\",\"contentUrl\":\"https:\/\/dicodusport.fr\/blog\/wp-content\/uploads\/2019\/05\/Caleb-Ewan-Giro.png\",\"width\":800,\"height\":445},{\"@type\":\"BreadcrumbList\",\"@id\":\"https:\/\/dicodusport.fr\/blog\/giro-2019-caleb-ewan-s-impose-sur-la-11eme-etape\/#breadcrumb\",\"itemListElement\":[{\"@type\":\"ListItem\",\"position\":1,\"name\":\"Accueil\",\"item\":\"https:\/\/dicodusport.fr\/blog\/\"},{\"@type\":\"ListItem\",\"position\":2,\"name\":\"Giro 2019 : Caleb Ewan s&rsquo;impose sur la 11\u00e8me \u00e9tape\"}]},{\"@type\":\"WebSite\",\"@id\":\"https:\/\/dicodusport.fr\/blog\/#website\",\"url\":\"https:\/\/dicodusport.fr\/blog\/\",\"name\":\"Dicodusport\",\"description\":\"L&#039;encyclop\u00e9die de l&#039;actualit\u00e9 sportive\",\"publisher\":{\"@id\":\"https:\/\/dicodusport.fr\/blog\/#organization\"},\"potentialAction\":[{\"@type\":\"SearchAction\",\"target\":{\"@type\":\"EntryPoint\",\"urlTemplate\":\"https:\/\/dicodusport.fr\/blog\/?s={search_term_string}\"},\"query-input\":{\"@type\":\"PropertyValueSpecification\",\"valueRequired\":true,\"valueName\":\"search_term_string\"}}],\"inLanguage\":\"fr-FR\"},{\"@type\":\"NewsMediaOrganization\",\"@id\":\"https:\/\/dicodusport.fr\/blog\/#organization\",\"name\":\"Dicodusport\",\"url\":\"https:\/\/dicodusport.fr\/blog\/\",\"logo\":{\"@type\":\"ImageObject\",\"inLanguage\":\"fr-FR\",\"@id\":\"https:\/\/dicodusport.fr\/blog\/#\/schema\/logo\/image\/\",\"url\":\"https:\/\/dicodusport.fr\/blog\/wp-content\/uploads\/2020\/06\/cropped-LOGO-DICODUSPORT-2020-SANS-FOND-SANS-TEXTE.png\",\"contentUrl\":\"https:\/\/dicodusport.fr\/blog\/wp-content\/uploads\/2020\/06\/cropped-LOGO-DICODUSPORT-2020-SANS-FOND-SANS-TEXTE.png\",\"width\":512,\"height\":512,\"caption\":\"Dicodusport\"},\"image\":{\"@id\":\"https:\/\/dicodusport.fr\/blog\/#\/schema\/logo\/image\/\"},\"sameAs\":[\"https:\/\/www.facebook.com\/dicodusport\",\"https:\/\/x.com\/dicodusport\",\"https:\/\/www.instagram.com\/dicodusport\/\",\"https:\/\/www.youtube.com\/channel\/UC7V2KZ5sd3htJivAbA4ZG3w\"],\"description\":\"Dicodusport est l'encyclop\u00e9die de l'actualit\u00e9 sportive.\",\"email\":\"bonjour@dicodusport.fr\",\"legalName\":\"DICODUSPORT\",\"foundingDate\":\"2018-01-14\",\"vatID\":\"FR71834470973\",\"taxID\":\"83447097300043\",\"numberOfEmployees\":{\"@type\":\"QuantitativeValue\",\"minValue\":\"1\",\"maxValue\":\"10\"}},{\"@type\":\"Person\",\"@id\":\"https:\/\/dicodusport.fr\/blog\/#\/schema\/person\/cb02af4c173ce4a653b55e9baf388d4a\",\"name\":\"Flo Ostermann\",\"image\":{\"@type\":\"ImageObject\",\"inLanguage\":\"fr-FR\",\"@id\":\"https:\/\/dicodusport.fr\/blog\/#\/schema\/person\/image\/\",\"url\":\"https:\/\/dicodusport.fr\/blog\/wp-content\/uploads\/2021\/05\/Flo-Ostermann-150x150.jpg\",\"contentUrl\":\"https:\/\/dicodusport.fr\/blog\/wp-content\/uploads\/2021\/05\/Flo-Ostermann-150x150.jpg\",\"caption\":\"Flo Ostermann\"},\"description\":\"Journaliste\/R\u00e9dacteur depuis septembre 2015 - Mes premiers souvenirs dans le sport ? Les envol\u00e9es du Stade Toulousain et les duels Villeneuve-Schumacher et H\u00e4kkinen-Schumacher \u00e0 la fin des ann\u00e9es 90, la Coupe du monde de football en 1998, l\u2019exploit du XV de France face aux All Blacks en 1999, mais aussi Richard C\u0153ur de Lion qui vole sur les montagnes du Tour de France. Bien parti pour devenir professeur d\u2019EPS, les \u00e9v\u00e9nements de la vie (et la flemme d\u2019animer des s\u00e9ances de 3x500 m\u00e8tres toute ma vie) m\u2019ont conduit \u00e0 revoir mes plans. Me voil\u00e0 depuis fin 2017 sur Dicodusport, m\u00e9dia gr\u00e2ce (et pour) lequel je partage ma passion : le sport dans tous ses \u00e9tats. Le tout accompagn\u00e9 par les fous furieux et folles furieuses cit\u00e9s sur cette page !\",\"sameAs\":[\"https:\/\/www.facebook.com\/florent.ostermann\",\"https:\/\/x.com\/https:\/\/twitter.com\/FlOstermann\",\"admin\"],\"url\":\"https:\/\/dicodusport.fr\/blog\/author\/flo\/\"}]}<\/script>\n<!-- \/ Yoast SEO Premium plugin. -->","yoast_head_json":{"title":"Giro 2019 : Caleb Ewan s'impose sur la 11\u00e8me \u00e9tape","description":"Giro 2019 - L'Australien Caleb Ewan (Lotto-Soudal) s'est impos\u00e9 au sprint lors de la 11\u00e8me \u00e9tape \u00e0 Novi Ligure. C'est sa 2\u00e8me victoire sur ce Giro.","robots":{"index":"index","follow":"follow","max-snippet":"max-snippet:-1","max-image-preview":"max-image-preview:large","max-video-preview":"max-video-preview:-1"},"canonical":"https:\/\/dicodusport.fr\/blog\/giro-2019-caleb-ewan-s-impose-sur-la-11eme-etape\/","og_locale":"fr_FR","og_type":"article","og_title":"Giro 2019 : Caleb Ewan s'impose sur la 11\u00e8me \u00e9tape","og_description":"Giro 2019 - L'Australien Caleb Ewan (Lotto-Soudal) s'est impos\u00e9 au sprint lors de la 11\u00e8me \u00e9tape \u00e0 Novi Ligure. C'est sa 2\u00e8me victoire sur ce Giro.","og_url":"https:\/\/dicodusport.fr\/blog\/giro-2019-caleb-ewan-s-impose-sur-la-11eme-etape\/","og_site_name":"Dicodusport","article_publisher":"https:\/\/www.facebook.com\/dicodusport","article_author":"https:\/\/www.facebook.com\/florent.ostermann","article_published_time":"2019-05-22T15:28:47+00:00","article_modified_time":"2019-05-22T15:48:01+00:00","og_image":[{"width":800,"height":445,"url":"https:\/\/dicodusport.fr\/blog\/wp-content\/uploads\/2019\/05\/Caleb-Ewan-Giro.png","type":"image\/png"}],"author":"Flo Ostermann","twitter_card":"summary_large_image","twitter_creator":"@https:\/\/twitter.com\/FlOstermann","twitter_site":"@dicodusport","schema":{"@context":"https:\/\/schema.org","@graph":[{"@type":"NewsArticle","@id":"https:\/\/dicodusport.fr\/blog\/giro-2019-caleb-ewan-s-impose-sur-la-11eme-etape\/#article","isPartOf":{"@id":"https:\/\/dicodusport.fr\/blog\/giro-2019-caleb-ewan-s-impose-sur-la-11eme-etape\/"},"author":{"name":"Flo Ostermann","@id":"https:\/\/dicodusport.fr\/blog\/#\/schema\/person\/cb02af4c173ce4a653b55e9baf388d4a"},"headline":"Giro 2019 : Caleb Ewan s&rsquo;impose sur la 11\u00e8me \u00e9tape","datePublished":"2019-05-22T15:28:47+00:00","dateModified":"2019-05-22T15:48:01+00:00","mainEntityOfPage":{"@id":"https:\/\/dicodusport.fr\/blog\/giro-2019-caleb-ewan-s-impose-sur-la-11eme-etape\/"},"wordCount":226,"commentCount":0,"publisher":{"@id":"https:\/\/dicodusport.fr\/blog\/#organization"},"image":{"@id":"https:\/\/dicodusport.fr\/blog\/giro-2019-caleb-ewan-s-impose-sur-la-11eme-etape\/#primaryimage"},"thumbnailUrl":"https:\/\/dicodusport.fr\/blog\/wp-content\/uploads\/2019\/05\/Caleb-Ewan-Giro.png","keywords":["Giro","Tour d'Italie"],"articleSection":["Actualit\u00e9s","Cyclisme"],"inLanguage":"fr-FR","potentialAction":[{"@type":"CommentAction","name":"Comment","target":["https:\/\/dicodusport.fr\/blog\/giro-2019-caleb-ewan-s-impose-sur-la-11eme-etape\/#respond"]}],"copyrightYear":"2019","copyrightHolder":{"@id":"https:\/\/dicodusport.fr\/blog\/#organization"}},{"@type":"WebPage","@id":"https:\/\/dicodusport.fr\/blog\/giro-2019-caleb-ewan-s-impose-sur-la-11eme-etape\/","url":"https:\/\/dicodusport.fr\/blog\/giro-2019-caleb-ewan-s-impose-sur-la-11eme-etape\/","name":"Giro 2019 : Caleb Ewan s'impose sur la 11\u00e8me \u00e9tape","isPartOf":{"@id":"https:\/\/dicodusport.fr\/blog\/#website"},"primaryImageOfPage":{"@id":"https:\/\/dicodusport.fr\/blog\/giro-2019-caleb-ewan-s-impose-sur-la-11eme-etape\/#primaryimage"},"image":{"@id":"https:\/\/dicodusport.fr\/blog\/giro-2019-caleb-ewan-s-impose-sur-la-11eme-etape\/#primaryimage"},"thumbnailUrl":"https:\/\/dicodusport.fr\/blog\/wp-content\/uploads\/2019\/05\/Caleb-Ewan-Giro.png","datePublished":"2019-05-22T15:28:47+00:00","dateModified":"2019-05-22T15:48:01+00:00","description":"Giro 2019 - L'Australien Caleb Ewan (Lotto-Soudal) s'est impos\u00e9 au sprint lors de la 11\u00e8me \u00e9tape \u00e0 Novi Ligure. C'est sa 2\u00e8me victoire sur ce Giro.","breadcrumb":{"@id":"https:\/\/dicodusport.fr\/blog\/giro-2019-caleb-ewan-s-impose-sur-la-11eme-etape\/#breadcrumb"},"inLanguage":"fr-FR","potentialAction":[{"@type":"ReadAction","target":["https:\/\/dicodusport.fr\/blog\/giro-2019-caleb-ewan-s-impose-sur-la-11eme-etape\/"]}]},{"@type":"ImageObject","inLanguage":"fr-FR","@id":"https:\/\/dicodusport.fr\/blog\/giro-2019-caleb-ewan-s-impose-sur-la-11eme-etape\/#primaryimage","url":"https:\/\/dicodusport.fr\/blog\/wp-content\/uploads\/2019\/05\/Caleb-Ewan-Giro.png","contentUrl":"https:\/\/dicodusport.fr\/blog\/wp-content\/uploads\/2019\/05\/Caleb-Ewan-Giro.png","width":800,"height":445},{"@type":"BreadcrumbList","@id":"https:\/\/dicodusport.fr\/blog\/giro-2019-caleb-ewan-s-impose-sur-la-11eme-etape\/#breadcrumb","itemListElement":[{"@type":"ListItem","position":1,"name":"Accueil","item":"https:\/\/dicodusport.fr\/blog\/"},{"@type":"ListItem","position":2,"name":"Giro 2019 : Caleb Ewan s&rsquo;impose sur la 11\u00e8me \u00e9tape"}]},{"@type":"WebSite","@id":"https:\/\/dicodusport.fr\/blog\/#website","url":"https:\/\/dicodusport.fr\/blog\/","name":"Dicodusport","description":"L&#039;encyclop\u00e9die de l&#039;actualit\u00e9 sportive","publisher":{"@id":"https:\/\/dicodusport.fr\/blog\/#organization"},"potentialAction":[{"@type":"SearchAction","target":{"@type":"EntryPoint","urlTemplate":"https:\/\/dicodusport.fr\/blog\/?s={search_term_string}"},"query-input":{"@type":"PropertyValueSpecification","valueRequired":true,"valueName":"search_term_string"}}],"inLanguage":"fr-FR"},{"@type":"NewsMediaOrganization","@id":"https:\/\/dicodusport.fr\/blog\/#organization","name":"Dicodusport","url":"https:\/\/dicodusport.fr\/blog\/","logo":{"@type":"ImageObject","inLanguage":"fr-FR","@id":"https:\/\/dicodusport.fr\/blog\/#\/schema\/logo\/image\/","url":"https:\/\/dicodusport.fr\/blog\/wp-content\/uploads\/2020\/06\/cropped-LOGO-DICODUSPORT-2020-SANS-FOND-SANS-TEXTE.png","contentUrl":"https:\/\/dicodusport.fr\/blog\/wp-content\/uploads\/2020\/06\/cropped-LOGO-DICODUSPORT-2020-SANS-FOND-SANS-TEXTE.png","width":512,"height":512,"caption":"Dicodusport"},"image":{"@id":"https:\/\/dicodusport.fr\/blog\/#\/schema\/logo\/image\/"},"sameAs":["https:\/\/www.facebook.com\/dicodusport","https:\/\/x.com\/dicodusport","https:\/\/www.instagram.com\/dicodusport\/","https:\/\/www.youtube.com\/channel\/UC7V2KZ5sd3htJivAbA4ZG3w"],"description":"Dicodusport est l'encyclop\u00e9die de l'actualit\u00e9 sportive.","email":"bonjour@dicodusport.fr","legalName":"DICODUSPORT","foundingDate":"2018-01-14","vatID":"FR71834470973","taxID":"83447097300043","numberOfEmployees":{"@type":"QuantitativeValue","minValue":"1","maxValue":"10"}},{"@type":"Person","@id":"https:\/\/dicodusport.fr\/blog\/#\/schema\/person\/cb02af4c173ce4a653b55e9baf388d4a","name":"Flo Ostermann","image":{"@type":"ImageObject","inLanguage":"fr-FR","@id":"https:\/\/dicodusport.fr\/blog\/#\/schema\/person\/image\/","url":"https:\/\/dicodusport.fr\/blog\/wp-content\/uploads\/2021\/05\/Flo-Ostermann-150x150.jpg","contentUrl":"https:\/\/dicodusport.fr\/blog\/wp-content\/uploads\/2021\/05\/Flo-Ostermann-150x150.jpg","caption":"Flo Ostermann"},"description":"Journaliste\/R\u00e9dacteur depuis septembre 2015 - Mes premiers souvenirs dans le sport ? Les envol\u00e9es du Stade Toulousain et les duels Villeneuve-Schumacher et H\u00e4kkinen-Schumacher \u00e0 la fin des ann\u00e9es 90, la Coupe du monde de football en 1998, l\u2019exploit du XV de France face aux All Blacks en 1999, mais aussi Richard C\u0153ur de Lion qui vole sur les montagnes du Tour de France. Bien parti pour devenir professeur d\u2019EPS, les \u00e9v\u00e9nements de la vie (et la flemme d\u2019animer des s\u00e9ances de 3x500 m\u00e8tres toute ma vie) m\u2019ont conduit \u00e0 revoir mes plans. Me voil\u00e0 depuis fin 2017 sur Dicodusport, m\u00e9dia gr\u00e2ce (et pour) lequel je partage ma passion : le sport dans tous ses \u00e9tats. Le tout accompagn\u00e9 par les fous furieux et folles furieuses cit\u00e9s sur cette page !","sameAs":["https:\/\/www.facebook.com\/florent.ostermann","https:\/\/x.com\/https:\/\/twitter.com\/FlOstermann","admin"],"url":"https:\/\/dicodusport.fr\/blog\/author\/flo\/"}]}},"_links":{"self":[{"href":"https:\/\/dicodusport.fr\/blog\/wp-json\/wp\/v2\/posts\/39684","targetHints":{"allow":["GET"]}}],"collection":[{"href":"https:\/\/dicodusport.fr\/blog\/wp-json\/wp\/v2\/posts"}],"about":[{"href":"https:\/\/dicodusport.fr\/blog\/wp-json\/wp\/v2\/types\/post"}],"author":[{"embeddable":true,"href":"https:\/\/dicodusport.fr\/blog\/wp-json\/wp\/v2\/users\/4"}],"replies":[{"embeddable":true,"href":"https:\/\/dicodusport.fr\/blog\/wp-json\/wp\/v2\/comments?post=39684"}],"version-history":[{"count":0,"href":"https:\/\/dicodusport.fr\/blog\/wp-json\/wp\/v2\/posts\/39684\/revisions"}],"wp:featuredmedia":[{"embeddable":true,"href":"https:\/\/dicodusport.fr\/blog\/wp-json\/wp\/v2\/media\/39625"}],"wp:attachment":[{"href":"https:\/\/dicodusport.fr\/blog\/wp-json\/wp\/v2\/media?parent=39684"}],"wp:term":[{"taxonomy":"category","embeddable":true,"href":"https:\/\/dicodusport.fr\/blog\/wp-json\/wp\/v2\/categories?post=39684"},{"taxonomy":"post_tag","embeddable":true,"href":"https:\/\/dicodusport.fr\/blog\/wp-json\/wp\/v2\/tags?post=39684"}],"curies":[{"name":"wp","href":"https:\/\/api.w.org\/{rel}","templated":true}]}}