{"id":39689,"date":"2019-05-22T15:50:03","date_gmt":"2019-05-22T13:50:03","guid":{"rendered":"http:\/\/dicodusport.fr\/blog\/?p=39689"},"modified":"2019-05-22T15:57:03","modified_gmt":"2019-05-22T13:57:03","slug":"rudi-garcia-quitte-l-om-demission-ou-accord-en-interne","status":"publish","type":"post","link":"https:\/\/dicodusport.fr\/blog\/rudi-garcia-quitte-l-om-demission-ou-accord-en-interne\/","title":{"rendered":"Rudi Garcia quitte l&rsquo;OM : d\u00e9mission ou accord en interne ?"},"content":{"rendered":"<p style=\"text-align: justify;\"><em><strong>Son d\u00e9part \u00e9tait dans les tuyaux depuis plusieurs semaines, c&rsquo;est maintenant officiel. Rudi Garcia quittera l&rsquo;Olympique de Marseille \u00e0 la fin de la saison.<br \/>\n<\/strong><\/em><\/p>\n<p style=\"text-align: justify;\">En conf\u00e9rence de presse, \u00e0 c\u00f4t\u00e9 de son pr\u00e9sident, il a d\u00e9clar\u00e9 :<\/p>\n<blockquote>\n<p style=\"text-align: justify;\">J&rsquo;ai d\u00e9cid\u00e9 de quitter l&rsquo;OM, une d\u00e9cision accept\u00e9e par le pr\u00e9sident Jacques-Henri Eyraud.<\/p>\n<\/blockquote>\n<p style=\"text-align: justify;\">A \u00e9couter l&rsquo;entra\u00eeneur de l&rsquo;Olympique de Marseille, on peut comprendre qu&rsquo;il d\u00e9missionne et que par cons\u00e9quent, il s&rsquo;assoit sur ses deux ann\u00e9es de contrat restantes, mais aussi sur 10 millions d&rsquo;euros. <strong>Ce n&rsquo;est probablement pas ce qu&rsquo;il s&rsquo;est pass\u00e9, les deux parties ont d\u00fb n\u00e9gocier un d\u00e9part \u00e0 l&rsquo;amiable avec une bonne indemnit\u00e9, mais inf\u00e9rieure au 10 millions pr\u00e9vus en cas de licenciement<\/strong>.<\/p>\n<p style=\"text-align: justify;\">Cette solution conviendrait alors \u00e0 tout le monde, le coach annon\u00e7ant quant \u00e0 lui son d\u00e9part plut\u00f4t qu&rsquo;un licenciement. <strong>Marseille \u00e9conomise ainsi de l&rsquo;argent et surtout, le club olympien va pouvoir construire un nouveau projet, avec un nouvel homme fort<\/strong>. De son c\u00f4t\u00e9, Rudi Garcia quitte l&rsquo;Olympique de Marseille et son passage restera globalement un \u00e9chec. M\u00eame s&rsquo;il ne faut pas occulter la finale d&rsquo;Europa League, il n&rsquo;aura pas r\u00e9ussi \u00e0 qualifier son \u00e9quipe en Ligue des Champions.<\/p>\n<p><strong><em>Nicolas Jacquemard<\/em><\/strong><br \/>\n<a style=\"color: #000000;\" href=\"https:\/\/twitter.com\/Nico_Jacquemard\" target=\"_blank\" rel=\"noopener noreferrer\"><img loading=\"lazy\" decoding=\"async\" class=\"alignnone wp-image-2908\" src=\"http:\/\/dicodusport.fr\/blog\/wp-content\/uploads\/2017\/07\/logo-twitter-150x150.png\" alt=\"\" width=\"39\" height=\"39\" \/><\/a><a style=\"color: #000000;\" href=\"https:\/\/www.facebook.com\/dicodusport\/\" target=\"_blank\" rel=\"noopener noreferrer\"><img loading=\"lazy\" decoding=\"async\" class=\"alignnone wp-image-2909\" src=\"http:\/\/dicodusport.fr\/blog\/wp-content\/uploads\/2017\/07\/logo-facebook-150x150.png\" alt=\"\" width=\"40\" height=\"40\" \/><\/a><\/p>\n","protected":false},"excerpt":{"rendered":"<p>Son d\u00e9part \u00e9tait dans les tuyaux depuis plusieurs semaines, c&rsquo;est maintenant officiel. Rudi Garcia quittera l&rsquo;Olympique de Marseille \u00e0 la fin de la saison. <\/p>\n","protected":false},"author":1,"featured_media":39690,"comment_status":"open","ping_status":"closed","sticky":false,"template":"","format":"standard","meta":{"_acf_changed":false,"_daextam_enable_autolinks":"","footnotes":""},"categories":[2,2301],"tags":[75,1618,2924,1889,1954],"class_list":["post-39689","post","type-post","status-publish","format-standard","has-post-thumbnail","hentry","category-actualites","category-football","tag-football","tag-garcia","tag-olympique-de-marseille","tag-om","tag-rudi-garcia"],"acf":[],"yoast_head":"<!-- This site is optimized with the Yoast SEO Premium plugin v26.7 (Yoast SEO v26.7) - https:\/\/yoast.com\/wordpress\/plugins\/seo\/ -->\n<title>Rudi Garcia quitte l&#039;OM : d\u00e9mission ou accord en interne ?<\/title>\n<meta name=\"description\" content=\"Son d\u00e9part \u00e9tait dans les tuyaux depuis plusieurs semaines, c&#039;est maintenant officiel. Rudi Garcia quittera l&#039;Olympique de Marseille \u00e0 la fin de la saison.\" \/>\n<meta name=\"robots\" content=\"index, follow, max-snippet:-1, max-image-preview:large, max-video-preview:-1\" \/>\n<link rel=\"canonical\" href=\"https:\/\/dicodusport.fr\/blog\/rudi-garcia-quitte-l-om-demission-ou-accord-en-interne\/\" \/>\n<meta property=\"og:locale\" content=\"fr_FR\" \/>\n<meta property=\"og:type\" content=\"article\" \/>\n<meta property=\"og:title\" content=\"Rudi Garcia quitte l&#039;OM : d\u00e9mission ou accord en interne ?\" \/>\n<meta property=\"og:description\" content=\"Son d\u00e9part \u00e9tait dans les tuyaux depuis plusieurs semaines, c&#039;est maintenant officiel. Rudi Garcia quittera l&#039;Olympique de Marseille \u00e0 la fin de la saison.\" \/>\n<meta property=\"og:url\" content=\"https:\/\/dicodusport.fr\/blog\/rudi-garcia-quitte-l-om-demission-ou-accord-en-interne\/\" \/>\n<meta property=\"og:site_name\" content=\"Dicodusport\" \/>\n<meta property=\"article:publisher\" content=\"https:\/\/www.facebook.com\/dicodusport\" \/>\n<meta property=\"article:author\" content=\"https:\/\/www.facebook.com\/dicodusport\" \/>\n<meta property=\"article:published_time\" content=\"2019-05-22T13:50:03+00:00\" \/>\n<meta property=\"article:modified_time\" content=\"2019-05-22T13:57:03+00:00\" \/>\n<meta property=\"og:image\" content=\"https:\/\/dicodusport.fr\/blog\/wp-content\/uploads\/2019\/05\/Rudi-Garcia-OM.png\" \/>\n\t<meta property=\"og:image:width\" content=\"800\" \/>\n\t<meta property=\"og:image:height\" content=\"445\" \/>\n\t<meta property=\"og:image:type\" content=\"image\/png\" \/>\n<meta name=\"author\" content=\"Nicolas Jacquemard\" \/>\n<meta name=\"twitter:card\" content=\"summary_large_image\" \/>\n<meta name=\"twitter:creator\" content=\"@https:\/\/twitter.com\/Nico_Jacquemard\" \/>\n<meta name=\"twitter:site\" content=\"@dicodusport\" \/>\n<script type=\"application\/ld+json\" class=\"yoast-schema-graph\">{\"@context\":\"https:\/\/schema.org\",\"@graph\":[{\"@type\":\"NewsArticle\",\"@id\":\"https:\/\/dicodusport.fr\/blog\/rudi-garcia-quitte-l-om-demission-ou-accord-en-interne\/#article\",\"isPartOf\":{\"@id\":\"https:\/\/dicodusport.fr\/blog\/rudi-garcia-quitte-l-om-demission-ou-accord-en-interne\/\"},\"author\":{\"name\":\"Nicolas Jacquemard\",\"@id\":\"https:\/\/dicodusport.fr\/blog\/#\/schema\/person\/55dcb50ad410894e431ed812bbb70191\"},\"headline\":\"Rudi Garcia quitte l&rsquo;OM : d\u00e9mission ou accord en interne ?\",\"datePublished\":\"2019-05-22T13:50:03+00:00\",\"dateModified\":\"2019-05-22T13:57:03+00:00\",\"mainEntityOfPage\":{\"@id\":\"https:\/\/dicodusport.fr\/blog\/rudi-garcia-quitte-l-om-demission-ou-accord-en-interne\/\"},\"wordCount\":237,\"commentCount\":0,\"publisher\":{\"@id\":\"https:\/\/dicodusport.fr\/blog\/#organization\"},\"image\":{\"@id\":\"https:\/\/dicodusport.fr\/blog\/rudi-garcia-quitte-l-om-demission-ou-accord-en-interne\/#primaryimage\"},\"thumbnailUrl\":\"https:\/\/dicodusport.fr\/blog\/wp-content\/uploads\/2019\/05\/Rudi-Garcia-OM.png\",\"keywords\":[\"Football\",\"Garcia\",\"Olympique de Marseille\",\"OM\",\"Rudi Garcia\"],\"articleSection\":[\"Actualit\u00e9s\",\"Football\"],\"inLanguage\":\"fr-FR\",\"potentialAction\":[{\"@type\":\"CommentAction\",\"name\":\"Comment\",\"target\":[\"https:\/\/dicodusport.fr\/blog\/rudi-garcia-quitte-l-om-demission-ou-accord-en-interne\/#respond\"]}],\"copyrightYear\":\"2019\",\"copyrightHolder\":{\"@id\":\"https:\/\/dicodusport.fr\/blog\/#organization\"}},{\"@type\":\"WebPage\",\"@id\":\"https:\/\/dicodusport.fr\/blog\/rudi-garcia-quitte-l-om-demission-ou-accord-en-interne\/\",\"url\":\"https:\/\/dicodusport.fr\/blog\/rudi-garcia-quitte-l-om-demission-ou-accord-en-interne\/\",\"name\":\"Rudi Garcia quitte l'OM : d\u00e9mission ou accord en interne ?\",\"isPartOf\":{\"@id\":\"https:\/\/dicodusport.fr\/blog\/#website\"},\"primaryImageOfPage\":{\"@id\":\"https:\/\/dicodusport.fr\/blog\/rudi-garcia-quitte-l-om-demission-ou-accord-en-interne\/#primaryimage\"},\"image\":{\"@id\":\"https:\/\/dicodusport.fr\/blog\/rudi-garcia-quitte-l-om-demission-ou-accord-en-interne\/#primaryimage\"},\"thumbnailUrl\":\"https:\/\/dicodusport.fr\/blog\/wp-content\/uploads\/2019\/05\/Rudi-Garcia-OM.png\",\"datePublished\":\"2019-05-22T13:50:03+00:00\",\"dateModified\":\"2019-05-22T13:57:03+00:00\",\"description\":\"Son d\u00e9part \u00e9tait dans les tuyaux depuis plusieurs semaines, c'est maintenant officiel. Rudi Garcia quittera l'Olympique de Marseille \u00e0 la fin de la saison.\",\"breadcrumb\":{\"@id\":\"https:\/\/dicodusport.fr\/blog\/rudi-garcia-quitte-l-om-demission-ou-accord-en-interne\/#breadcrumb\"},\"inLanguage\":\"fr-FR\",\"potentialAction\":[{\"@type\":\"ReadAction\",\"target\":[\"https:\/\/dicodusport.fr\/blog\/rudi-garcia-quitte-l-om-demission-ou-accord-en-interne\/\"]}]},{\"@type\":\"ImageObject\",\"inLanguage\":\"fr-FR\",\"@id\":\"https:\/\/dicodusport.fr\/blog\/rudi-garcia-quitte-l-om-demission-ou-accord-en-interne\/#primaryimage\",\"url\":\"https:\/\/dicodusport.fr\/blog\/wp-content\/uploads\/2019\/05\/Rudi-Garcia-OM.png\",\"contentUrl\":\"https:\/\/dicodusport.fr\/blog\/wp-content\/uploads\/2019\/05\/Rudi-Garcia-OM.png\",\"width\":800,\"height\":445},{\"@type\":\"BreadcrumbList\",\"@id\":\"https:\/\/dicodusport.fr\/blog\/rudi-garcia-quitte-l-om-demission-ou-accord-en-interne\/#breadcrumb\",\"itemListElement\":[{\"@type\":\"ListItem\",\"position\":1,\"name\":\"Accueil\",\"item\":\"https:\/\/dicodusport.fr\/blog\/\"},{\"@type\":\"ListItem\",\"position\":2,\"name\":\"Rudi Garcia quitte l&rsquo;OM : d\u00e9mission ou accord en interne ?\"}]},{\"@type\":\"WebSite\",\"@id\":\"https:\/\/dicodusport.fr\/blog\/#website\",\"url\":\"https:\/\/dicodusport.fr\/blog\/\",\"name\":\"Dicodusport\",\"description\":\"L&#039;encyclop\u00e9die de l&#039;actualit\u00e9 sportive\",\"publisher\":{\"@id\":\"https:\/\/dicodusport.fr\/blog\/#organization\"},\"potentialAction\":[{\"@type\":\"SearchAction\",\"target\":{\"@type\":\"EntryPoint\",\"urlTemplate\":\"https:\/\/dicodusport.fr\/blog\/?s={search_term_string}\"},\"query-input\":{\"@type\":\"PropertyValueSpecification\",\"valueRequired\":true,\"valueName\":\"search_term_string\"}}],\"inLanguage\":\"fr-FR\"},{\"@type\":\"NewsMediaOrganization\",\"@id\":\"https:\/\/dicodusport.fr\/blog\/#organization\",\"name\":\"Dicodusport\",\"url\":\"https:\/\/dicodusport.fr\/blog\/\",\"logo\":{\"@type\":\"ImageObject\",\"inLanguage\":\"fr-FR\",\"@id\":\"https:\/\/dicodusport.fr\/blog\/#\/schema\/logo\/image\/\",\"url\":\"https:\/\/dicodusport.fr\/blog\/wp-content\/uploads\/2020\/06\/cropped-LOGO-DICODUSPORT-2020-SANS-FOND-SANS-TEXTE.png\",\"contentUrl\":\"https:\/\/dicodusport.fr\/blog\/wp-content\/uploads\/2020\/06\/cropped-LOGO-DICODUSPORT-2020-SANS-FOND-SANS-TEXTE.png\",\"width\":512,\"height\":512,\"caption\":\"Dicodusport\"},\"image\":{\"@id\":\"https:\/\/dicodusport.fr\/blog\/#\/schema\/logo\/image\/\"},\"sameAs\":[\"https:\/\/www.facebook.com\/dicodusport\",\"https:\/\/x.com\/dicodusport\",\"https:\/\/www.instagram.com\/dicodusport\/\",\"https:\/\/www.youtube.com\/channel\/UC7V2KZ5sd3htJivAbA4ZG3w\"],\"description\":\"Dicodusport est l'encyclop\u00e9die de l'actualit\u00e9 sportive.\",\"email\":\"bonjour@dicodusport.fr\",\"legalName\":\"DICODUSPORT\",\"foundingDate\":\"2018-01-14\",\"vatID\":\"FR71834470973\",\"taxID\":\"83447097300043\",\"numberOfEmployees\":{\"@type\":\"QuantitativeValue\",\"minValue\":\"1\",\"maxValue\":\"10\"}},{\"@type\":\"Person\",\"@id\":\"https:\/\/dicodusport.fr\/blog\/#\/schema\/person\/55dcb50ad410894e431ed812bbb70191\",\"name\":\"Nicolas Jacquemard\",\"image\":{\"@type\":\"ImageObject\",\"inLanguage\":\"fr-FR\",\"@id\":\"https:\/\/dicodusport.fr\/blog\/#\/schema\/person\/image\/\",\"url\":\"https:\/\/dicodusport.fr\/blog\/wp-content\/uploads\/2021\/05\/Nicolas-Jacquemard-150x150.jpeg\",\"contentUrl\":\"https:\/\/dicodusport.fr\/blog\/wp-content\/uploads\/2021\/05\/Nicolas-Jacquemard-150x150.jpeg\",\"caption\":\"Nicolas Jacquemard\"},\"description\":\"Passionn\u00e9 de sport et entrepreneur depuis mes 18 ans, la cr\u00e9ation de Dicodusport m'a sembl\u00e9 \u00e9vidente pour participer \u00e0 la m\u00e9diatisation d'un plus grand nombre de sports. Le chemin est long mais avec une \u00e9quipe des plus motiv\u00e9es et les Jeux Olympiques de Paris 2024 en point de mire, nous y arriverons ! Journaliste dans le monde du sport depuis plus de 5 ans, je traite aussi bien de football, de rugby, de biathlon que de cyclisme.\",\"sameAs\":[\"https:\/\/www.facebook.com\/dicodusport\",\"https:\/\/x.com\/https:\/\/twitter.com\/Nico_Jacquemard\"],\"url\":\"https:\/\/dicodusport.fr\/blog\/author\/dicodusport\/\"}]}<\/script>\n<!-- \/ Yoast SEO Premium plugin. -->","yoast_head_json":{"title":"Rudi Garcia quitte l'OM : d\u00e9mission ou accord en interne ?","description":"Son d\u00e9part \u00e9tait dans les tuyaux depuis plusieurs semaines, c'est maintenant officiel. Rudi Garcia quittera l'Olympique de Marseille \u00e0 la fin de la saison.","robots":{"index":"index","follow":"follow","max-snippet":"max-snippet:-1","max-image-preview":"max-image-preview:large","max-video-preview":"max-video-preview:-1"},"canonical":"https:\/\/dicodusport.fr\/blog\/rudi-garcia-quitte-l-om-demission-ou-accord-en-interne\/","og_locale":"fr_FR","og_type":"article","og_title":"Rudi Garcia quitte l'OM : d\u00e9mission ou accord en interne ?","og_description":"Son d\u00e9part \u00e9tait dans les tuyaux depuis plusieurs semaines, c'est maintenant officiel. Rudi Garcia quittera l'Olympique de Marseille \u00e0 la fin de la saison.","og_url":"https:\/\/dicodusport.fr\/blog\/rudi-garcia-quitte-l-om-demission-ou-accord-en-interne\/","og_site_name":"Dicodusport","article_publisher":"https:\/\/www.facebook.com\/dicodusport","article_author":"https:\/\/www.facebook.com\/dicodusport","article_published_time":"2019-05-22T13:50:03+00:00","article_modified_time":"2019-05-22T13:57:03+00:00","og_image":[{"width":800,"height":445,"url":"https:\/\/dicodusport.fr\/blog\/wp-content\/uploads\/2019\/05\/Rudi-Garcia-OM.png","type":"image\/png"}],"author":"Nicolas Jacquemard","twitter_card":"summary_large_image","twitter_creator":"@https:\/\/twitter.com\/Nico_Jacquemard","twitter_site":"@dicodusport","schema":{"@context":"https:\/\/schema.org","@graph":[{"@type":"NewsArticle","@id":"https:\/\/dicodusport.fr\/blog\/rudi-garcia-quitte-l-om-demission-ou-accord-en-interne\/#article","isPartOf":{"@id":"https:\/\/dicodusport.fr\/blog\/rudi-garcia-quitte-l-om-demission-ou-accord-en-interne\/"},"author":{"name":"Nicolas Jacquemard","@id":"https:\/\/dicodusport.fr\/blog\/#\/schema\/person\/55dcb50ad410894e431ed812bbb70191"},"headline":"Rudi Garcia quitte l&rsquo;OM : d\u00e9mission ou accord en interne ?","datePublished":"2019-05-22T13:50:03+00:00","dateModified":"2019-05-22T13:57:03+00:00","mainEntityOfPage":{"@id":"https:\/\/dicodusport.fr\/blog\/rudi-garcia-quitte-l-om-demission-ou-accord-en-interne\/"},"wordCount":237,"commentCount":0,"publisher":{"@id":"https:\/\/dicodusport.fr\/blog\/#organization"},"image":{"@id":"https:\/\/dicodusport.fr\/blog\/rudi-garcia-quitte-l-om-demission-ou-accord-en-interne\/#primaryimage"},"thumbnailUrl":"https:\/\/dicodusport.fr\/blog\/wp-content\/uploads\/2019\/05\/Rudi-Garcia-OM.png","keywords":["Football","Garcia","Olympique de Marseille","OM","Rudi Garcia"],"articleSection":["Actualit\u00e9s","Football"],"inLanguage":"fr-FR","potentialAction":[{"@type":"CommentAction","name":"Comment","target":["https:\/\/dicodusport.fr\/blog\/rudi-garcia-quitte-l-om-demission-ou-accord-en-interne\/#respond"]}],"copyrightYear":"2019","copyrightHolder":{"@id":"https:\/\/dicodusport.fr\/blog\/#organization"}},{"@type":"WebPage","@id":"https:\/\/dicodusport.fr\/blog\/rudi-garcia-quitte-l-om-demission-ou-accord-en-interne\/","url":"https:\/\/dicodusport.fr\/blog\/rudi-garcia-quitte-l-om-demission-ou-accord-en-interne\/","name":"Rudi Garcia quitte l'OM : d\u00e9mission ou accord en interne ?","isPartOf":{"@id":"https:\/\/dicodusport.fr\/blog\/#website"},"primaryImageOfPage":{"@id":"https:\/\/dicodusport.fr\/blog\/rudi-garcia-quitte-l-om-demission-ou-accord-en-interne\/#primaryimage"},"image":{"@id":"https:\/\/dicodusport.fr\/blog\/rudi-garcia-quitte-l-om-demission-ou-accord-en-interne\/#primaryimage"},"thumbnailUrl":"https:\/\/dicodusport.fr\/blog\/wp-content\/uploads\/2019\/05\/Rudi-Garcia-OM.png","datePublished":"2019-05-22T13:50:03+00:00","dateModified":"2019-05-22T13:57:03+00:00","description":"Son d\u00e9part \u00e9tait dans les tuyaux depuis plusieurs semaines, c'est maintenant officiel. Rudi Garcia quittera l'Olympique de Marseille \u00e0 la fin de la saison.","breadcrumb":{"@id":"https:\/\/dicodusport.fr\/blog\/rudi-garcia-quitte-l-om-demission-ou-accord-en-interne\/#breadcrumb"},"inLanguage":"fr-FR","potentialAction":[{"@type":"ReadAction","target":["https:\/\/dicodusport.fr\/blog\/rudi-garcia-quitte-l-om-demission-ou-accord-en-interne\/"]}]},{"@type":"ImageObject","inLanguage":"fr-FR","@id":"https:\/\/dicodusport.fr\/blog\/rudi-garcia-quitte-l-om-demission-ou-accord-en-interne\/#primaryimage","url":"https:\/\/dicodusport.fr\/blog\/wp-content\/uploads\/2019\/05\/Rudi-Garcia-OM.png","contentUrl":"https:\/\/dicodusport.fr\/blog\/wp-content\/uploads\/2019\/05\/Rudi-Garcia-OM.png","width":800,"height":445},{"@type":"BreadcrumbList","@id":"https:\/\/dicodusport.fr\/blog\/rudi-garcia-quitte-l-om-demission-ou-accord-en-interne\/#breadcrumb","itemListElement":[{"@type":"ListItem","position":1,"name":"Accueil","item":"https:\/\/dicodusport.fr\/blog\/"},{"@type":"ListItem","position":2,"name":"Rudi Garcia quitte l&rsquo;OM : d\u00e9mission ou accord en interne ?"}]},{"@type":"WebSite","@id":"https:\/\/dicodusport.fr\/blog\/#website","url":"https:\/\/dicodusport.fr\/blog\/","name":"Dicodusport","description":"L&#039;encyclop\u00e9die de l&#039;actualit\u00e9 sportive","publisher":{"@id":"https:\/\/dicodusport.fr\/blog\/#organization"},"potentialAction":[{"@type":"SearchAction","target":{"@type":"EntryPoint","urlTemplate":"https:\/\/dicodusport.fr\/blog\/?s={search_term_string}"},"query-input":{"@type":"PropertyValueSpecification","valueRequired":true,"valueName":"search_term_string"}}],"inLanguage":"fr-FR"},{"@type":"NewsMediaOrganization","@id":"https:\/\/dicodusport.fr\/blog\/#organization","name":"Dicodusport","url":"https:\/\/dicodusport.fr\/blog\/","logo":{"@type":"ImageObject","inLanguage":"fr-FR","@id":"https:\/\/dicodusport.fr\/blog\/#\/schema\/logo\/image\/","url":"https:\/\/dicodusport.fr\/blog\/wp-content\/uploads\/2020\/06\/cropped-LOGO-DICODUSPORT-2020-SANS-FOND-SANS-TEXTE.png","contentUrl":"https:\/\/dicodusport.fr\/blog\/wp-content\/uploads\/2020\/06\/cropped-LOGO-DICODUSPORT-2020-SANS-FOND-SANS-TEXTE.png","width":512,"height":512,"caption":"Dicodusport"},"image":{"@id":"https:\/\/dicodusport.fr\/blog\/#\/schema\/logo\/image\/"},"sameAs":["https:\/\/www.facebook.com\/dicodusport","https:\/\/x.com\/dicodusport","https:\/\/www.instagram.com\/dicodusport\/","https:\/\/www.youtube.com\/channel\/UC7V2KZ5sd3htJivAbA4ZG3w"],"description":"Dicodusport est l'encyclop\u00e9die de l'actualit\u00e9 sportive.","email":"bonjour@dicodusport.fr","legalName":"DICODUSPORT","foundingDate":"2018-01-14","vatID":"FR71834470973","taxID":"83447097300043","numberOfEmployees":{"@type":"QuantitativeValue","minValue":"1","maxValue":"10"}},{"@type":"Person","@id":"https:\/\/dicodusport.fr\/blog\/#\/schema\/person\/55dcb50ad410894e431ed812bbb70191","name":"Nicolas Jacquemard","image":{"@type":"ImageObject","inLanguage":"fr-FR","@id":"https:\/\/dicodusport.fr\/blog\/#\/schema\/person\/image\/","url":"https:\/\/dicodusport.fr\/blog\/wp-content\/uploads\/2021\/05\/Nicolas-Jacquemard-150x150.jpeg","contentUrl":"https:\/\/dicodusport.fr\/blog\/wp-content\/uploads\/2021\/05\/Nicolas-Jacquemard-150x150.jpeg","caption":"Nicolas Jacquemard"},"description":"Passionn\u00e9 de sport et entrepreneur depuis mes 18 ans, la cr\u00e9ation de Dicodusport m'a sembl\u00e9 \u00e9vidente pour participer \u00e0 la m\u00e9diatisation d'un plus grand nombre de sports. Le chemin est long mais avec une \u00e9quipe des plus motiv\u00e9es et les Jeux Olympiques de Paris 2024 en point de mire, nous y arriverons ! Journaliste dans le monde du sport depuis plus de 5 ans, je traite aussi bien de football, de rugby, de biathlon que de cyclisme.","sameAs":["https:\/\/www.facebook.com\/dicodusport","https:\/\/x.com\/https:\/\/twitter.com\/Nico_Jacquemard"],"url":"https:\/\/dicodusport.fr\/blog\/author\/dicodusport\/"}]}},"_links":{"self":[{"href":"https:\/\/dicodusport.fr\/blog\/wp-json\/wp\/v2\/posts\/39689","targetHints":{"allow":["GET"]}}],"collection":[{"href":"https:\/\/dicodusport.fr\/blog\/wp-json\/wp\/v2\/posts"}],"about":[{"href":"https:\/\/dicodusport.fr\/blog\/wp-json\/wp\/v2\/types\/post"}],"author":[{"embeddable":true,"href":"https:\/\/dicodusport.fr\/blog\/wp-json\/wp\/v2\/users\/1"}],"replies":[{"embeddable":true,"href":"https:\/\/dicodusport.fr\/blog\/wp-json\/wp\/v2\/comments?post=39689"}],"version-history":[{"count":0,"href":"https:\/\/dicodusport.fr\/blog\/wp-json\/wp\/v2\/posts\/39689\/revisions"}],"wp:featuredmedia":[{"embeddable":true,"href":"https:\/\/dicodusport.fr\/blog\/wp-json\/wp\/v2\/media\/39690"}],"wp:attachment":[{"href":"https:\/\/dicodusport.fr\/blog\/wp-json\/wp\/v2\/media?parent=39689"}],"wp:term":[{"taxonomy":"category","embeddable":true,"href":"https:\/\/dicodusport.fr\/blog\/wp-json\/wp\/v2\/categories?post=39689"},{"taxonomy":"post_tag","embeddable":true,"href":"https:\/\/dicodusport.fr\/blog\/wp-json\/wp\/v2\/tags?post=39689"}],"curies":[{"name":"wp","href":"https:\/\/api.w.org\/{rel}","templated":true}]}}