{"id":396985,"date":"2023-07-03T14:06:15","date_gmt":"2023-07-03T12:06:15","guid":{"rendered":"https:\/\/dicodusport.fr\/blog\/?p=396985&#038;preview=true&#038;preview_id=396985"},"modified":"2023-07-03T14:57:03","modified_gmt":"2023-07-03T12:57:03","slug":"atp-le-masters-1000-de-bercy-va-etre-delocalise-a-partir-de-2023","status":"publish","type":"post","link":"https:\/\/dicodusport.fr\/blog\/atp-le-masters-1000-de-bercy-va-etre-delocalise-a-partir-de-2023\/","title":{"rendered":"ATP : Le Masters 1000 de Bercy va \u00eatre d\u00e9localis\u00e9 \u00e0 partir de 2025"},"content":{"rendered":"<p align=\"justify\"><em><strong>ATP TENNIS &#8211; Le Masters 1000 de Bercy va d\u00e9m\u00e9nager du c\u00f4t\u00e9 de Paris La D\u00e9fense Arena \u00e0 partir de 2025. Apr\u00e8s une pr\u00e9sence \u00e0 Bercy depuis 1986 et la cr\u00e9ation du tournoi.<\/strong><\/em><\/p>\n<p align=\"justify\">C&rsquo;est la fin d&rsquo;une \u00e9poque pour le tennis fran\u00e7ais. Le <strong>Masters 1000 de Paris-Bercy<\/strong> va d\u00e9m\u00e9nager. Selon une information de nos confr\u00e8res de <em><a href=\"https:\/\/www.lequipe.fr\/Tennis\/Actualites\/Le-masters-1000-de-bercy-devrait-etre-delocalise-a-paris-la-defense-arena-a-partir-de-2025\/1406154\">L&rsquo;\u00c9quipe<\/a><\/em>, c&rsquo;est <strong>Paris La D\u00e9fense Arena<\/strong> qui va accueillir le second \u00e9v\u00e8nement du tennis fran\u00e7ais, dans son envergure, apr\u00e8s le Grand Chelem de Roland-Garros. Et, ce, \u00e0 partir de 2025. La D\u00e9fense, stade qui accueille les matchs du <strong>Racing 92<\/strong>, est aussi salle de spectacle, avec de nombreux concerts. Une salle de 40 000 places maximum, la plus grande en Europe.<\/p>\n<p align=\"justify\">La salle de Bercy, renomm\u00e9e depuis <strong>Accor Arena<\/strong>, accueillait le tournoi depuis 1986, mais ne correspond plus vraiment aux standards exig\u00e9s par l&rsquo;ATP, notamment au niveau des courtes annexes et des courts d&rsquo;entra\u00eenement. <strong>Guy Forget<\/strong> &#8211; qui a \u00e9t\u00e9 directeur du tournoi &#8211; l&rsquo;a remport\u00e9 en 1991. Tout comme <strong>S\u00e9bastien Grosjean<\/strong> en 2001 et <strong>Jo-Wilfried Tsonga<\/strong> en 2008. Troisi\u00e8me et dernier fran\u00e7ais \u00e0 avoir triomph\u00e9 \u00e0 Bercy.<\/p>\n<blockquote class=\"twitter-tweet\">\n<p dir=\"ltr\" lang=\"fr\">INFO L&rsquo;\u00c9QUIPE. Le Masters 1000 parisien de fin de saison, qui \u00e9tait organis\u00e9 \u00e0 Bercy depuis 1986, aura vraisemblablement lieu \u00e0 Paris La D\u00e9fense Arena, \u00e0 Nanterre, \u00e0 partir de 2025 : <a href=\"https:\/\/t.co\/83kx7xljMp\">https:\/\/t.co\/83kx7xljMp<\/a> <a href=\"https:\/\/t.co\/vGMcm3Gr33\">pic.twitter.com\/vGMcm3Gr33<\/a><\/p>\n<p>\u2014 L&rsquo;\u00c9QUIPE (@lequipe) <a href=\"https:\/\/twitter.com\/lequipe\/status\/1675807752516513792?ref_src=twsrc%5Etfw\">July 3, 2023<\/a><\/p><\/blockquote>\n<p><script async src=\"https:\/\/platform.twitter.com\/widgets.js\" charset=\"utf-8\"><\/script><\/p>\n","protected":false},"excerpt":{"rendered":"<p>ATP TENNIS &#8211; Le Masters 1000 de Bercy va d\u00e9m\u00e9nager du c\u00f4t\u00e9 de Paris La D\u00e9fense Arena \u00e0 partir de 2025. Apr\u00e8s une pr\u00e9sence \u00e0 Bercy depuis 1986 et la cr\u00e9ation du tournoi.<\/p>\n","protected":false},"author":83,"featured_media":396992,"comment_status":"open","ping_status":"closed","sticky":false,"template":"","format":"standard","meta":{"_acf_changed":false,"_daextam_enable_autolinks":"","footnotes":""},"categories":[2302],"tags":[156,16878,23367,4120,136],"class_list":["post-396985","post","type-post","status-publish","format-standard","has-post-thumbnail","hentry","category-tennis","tag-atp","tag-breve","tag-circuit-atp","tag-masters-1000","tag-tennis"],"acf":[],"yoast_head":"<!-- This site is optimized with the Yoast SEO Premium plugin v26.7 (Yoast SEO v26.7) - https:\/\/yoast.com\/wordpress\/plugins\/seo\/ -->\n<title>ATP : Le Masters 1000 de Bercy va \u00eatre d\u00e9localis\u00e9 \u00e0 partir de 2025<\/title>\n<meta name=\"description\" content=\"TENNIS - Le Masters 1000 de Bercy, cr\u00e9e en 1986, va d\u00e9m\u00e9nager du c\u00f4t\u00e9 de Paris La Defense Arena \u00e0 partir de 2025.\" \/>\n<meta name=\"robots\" content=\"index, follow, max-snippet:-1, max-image-preview:large, max-video-preview:-1\" \/>\n<link rel=\"canonical\" href=\"https:\/\/dicodusport.fr\/blog\/atp-le-masters-1000-de-bercy-va-etre-delocalise-a-partir-de-2023\/\" \/>\n<meta property=\"og:locale\" content=\"fr_FR\" \/>\n<meta property=\"og:type\" content=\"article\" \/>\n<meta property=\"og:title\" content=\"ATP : Le Masters 1000 de Bercy va \u00eatre d\u00e9localis\u00e9 \u00e0 partir de 2025\" \/>\n<meta property=\"og:description\" content=\"TENNIS - Le Masters 1000 de Bercy, cr\u00e9e en 1986, va d\u00e9m\u00e9nager du c\u00f4t\u00e9 de Paris La Defense Arena \u00e0 partir de 2025.\" \/>\n<meta property=\"og:url\" content=\"https:\/\/dicodusport.fr\/blog\/atp-le-masters-1000-de-bercy-va-etre-delocalise-a-partir-de-2023\/\" \/>\n<meta property=\"og:site_name\" content=\"Dicodusport\" \/>\n<meta property=\"article:publisher\" content=\"https:\/\/www.facebook.com\/dicodusport\" \/>\n<meta property=\"article:published_time\" content=\"2023-07-03T12:06:15+00:00\" \/>\n<meta property=\"article:modified_time\" content=\"2023-07-03T12:57:03+00:00\" \/>\n<meta property=\"og:image\" content=\"https:\/\/dicodusport.fr\/blog\/wp-content\/uploads\/2023\/07\/ATP-Le-Masters-1000-de-Bercy-va-etre-delocalise-a-partir-de-2023.png\" \/>\n\t<meta property=\"og:image:width\" content=\"800\" \/>\n\t<meta property=\"og:image:height\" content=\"445\" \/>\n\t<meta property=\"og:image:type\" content=\"image\/png\" \/>\n<meta name=\"author\" content=\"Etienne Goursaud\" \/>\n<meta name=\"twitter:card\" content=\"summary_large_image\" \/>\n<meta name=\"twitter:title\" content=\"ATP : Le Masters 1000 de Bercy va \u00eatre d\u00e9localis\u00e9 \u00e0 partir de 2025\" \/>\n<meta name=\"twitter:creator\" content=\"@dicodusport\" \/>\n<meta name=\"twitter:site\" content=\"@dicodusport\" \/>\n<script type=\"application\/ld+json\" class=\"yoast-schema-graph\">{\"@context\":\"https:\/\/schema.org\",\"@graph\":[{\"@type\":\"NewsArticle\",\"@id\":\"https:\/\/dicodusport.fr\/blog\/atp-le-masters-1000-de-bercy-va-etre-delocalise-a-partir-de-2023\/#article\",\"isPartOf\":{\"@id\":\"https:\/\/dicodusport.fr\/blog\/atp-le-masters-1000-de-bercy-va-etre-delocalise-a-partir-de-2023\/\"},\"author\":{\"name\":\"Etienne Goursaud\",\"@id\":\"https:\/\/dicodusport.fr\/blog\/#\/schema\/person\/d603dd7da31fb2b46c82b9835a77ec13\"},\"headline\":\"ATP : Le Masters 1000 de Bercy va \u00eatre d\u00e9localis\u00e9 \u00e0 partir de 2025\",\"datePublished\":\"2023-07-03T12:06:15+00:00\",\"dateModified\":\"2023-07-03T12:57:03+00:00\",\"mainEntityOfPage\":{\"@id\":\"https:\/\/dicodusport.fr\/blog\/atp-le-masters-1000-de-bercy-va-etre-delocalise-a-partir-de-2023\/\"},\"wordCount\":247,\"commentCount\":0,\"publisher\":{\"@id\":\"https:\/\/dicodusport.fr\/blog\/#organization\"},\"image\":{\"@id\":\"https:\/\/dicodusport.fr\/blog\/atp-le-masters-1000-de-bercy-va-etre-delocalise-a-partir-de-2023\/#primaryimage\"},\"thumbnailUrl\":\"https:\/\/dicodusport.fr\/blog\/wp-content\/uploads\/2023\/07\/ATP-Le-Masters-1000-de-Bercy-va-etre-delocalise-a-partir-de-2023.png\",\"keywords\":[\"ATP\",\"br\u00e8ve\",\"circuit ATP\",\"Masters 1000\",\"Tennis\"],\"articleSection\":[\"Tennis\"],\"inLanguage\":\"fr-FR\",\"potentialAction\":[{\"@type\":\"CommentAction\",\"name\":\"Comment\",\"target\":[\"https:\/\/dicodusport.fr\/blog\/atp-le-masters-1000-de-bercy-va-etre-delocalise-a-partir-de-2023\/#respond\"]}],\"copyrightYear\":\"2023\",\"copyrightHolder\":{\"@id\":\"https:\/\/dicodusport.fr\/blog\/#organization\"}},{\"@type\":\"WebPage\",\"@id\":\"https:\/\/dicodusport.fr\/blog\/atp-le-masters-1000-de-bercy-va-etre-delocalise-a-partir-de-2023\/\",\"url\":\"https:\/\/dicodusport.fr\/blog\/atp-le-masters-1000-de-bercy-va-etre-delocalise-a-partir-de-2023\/\",\"name\":\"ATP : Le Masters 1000 de Bercy va \u00eatre d\u00e9localis\u00e9 \u00e0 partir de 2025\",\"isPartOf\":{\"@id\":\"https:\/\/dicodusport.fr\/blog\/#website\"},\"primaryImageOfPage\":{\"@id\":\"https:\/\/dicodusport.fr\/blog\/atp-le-masters-1000-de-bercy-va-etre-delocalise-a-partir-de-2023\/#primaryimage\"},\"image\":{\"@id\":\"https:\/\/dicodusport.fr\/blog\/atp-le-masters-1000-de-bercy-va-etre-delocalise-a-partir-de-2023\/#primaryimage\"},\"thumbnailUrl\":\"https:\/\/dicodusport.fr\/blog\/wp-content\/uploads\/2023\/07\/ATP-Le-Masters-1000-de-Bercy-va-etre-delocalise-a-partir-de-2023.png\",\"datePublished\":\"2023-07-03T12:06:15+00:00\",\"dateModified\":\"2023-07-03T12:57:03+00:00\",\"description\":\"TENNIS - Le Masters 1000 de Bercy, cr\u00e9e en 1986, va d\u00e9m\u00e9nager du c\u00f4t\u00e9 de Paris La Defense Arena \u00e0 partir de 2025.\",\"breadcrumb\":{\"@id\":\"https:\/\/dicodusport.fr\/blog\/atp-le-masters-1000-de-bercy-va-etre-delocalise-a-partir-de-2023\/#breadcrumb\"},\"inLanguage\":\"fr-FR\",\"potentialAction\":[{\"@type\":\"ReadAction\",\"target\":[\"https:\/\/dicodusport.fr\/blog\/atp-le-masters-1000-de-bercy-va-etre-delocalise-a-partir-de-2023\/\"]}]},{\"@type\":\"ImageObject\",\"inLanguage\":\"fr-FR\",\"@id\":\"https:\/\/dicodusport.fr\/blog\/atp-le-masters-1000-de-bercy-va-etre-delocalise-a-partir-de-2023\/#primaryimage\",\"url\":\"https:\/\/dicodusport.fr\/blog\/wp-content\/uploads\/2023\/07\/ATP-Le-Masters-1000-de-Bercy-va-etre-delocalise-a-partir-de-2023.png\",\"contentUrl\":\"https:\/\/dicodusport.fr\/blog\/wp-content\/uploads\/2023\/07\/ATP-Le-Masters-1000-de-Bercy-va-etre-delocalise-a-partir-de-2023.png\",\"width\":800,\"height\":445,\"caption\":\"ATP Le Masters 1000 de Bercy va \u00eatre d\u00e9localis\u00e9 \u00e0 partir de 2023\"},{\"@type\":\"BreadcrumbList\",\"@id\":\"https:\/\/dicodusport.fr\/blog\/atp-le-masters-1000-de-bercy-va-etre-delocalise-a-partir-de-2023\/#breadcrumb\",\"itemListElement\":[{\"@type\":\"ListItem\",\"position\":1,\"name\":\"Accueil\",\"item\":\"https:\/\/dicodusport.fr\/blog\/\"},{\"@type\":\"ListItem\",\"position\":2,\"name\":\"ATP : Le Masters 1000 de Bercy va \u00eatre d\u00e9localis\u00e9 \u00e0 partir de 2025\"}]},{\"@type\":\"WebSite\",\"@id\":\"https:\/\/dicodusport.fr\/blog\/#website\",\"url\":\"https:\/\/dicodusport.fr\/blog\/\",\"name\":\"Dicodusport\",\"description\":\"L&#039;encyclop\u00e9die de l&#039;actualit\u00e9 sportive\",\"publisher\":{\"@id\":\"https:\/\/dicodusport.fr\/blog\/#organization\"},\"potentialAction\":[{\"@type\":\"SearchAction\",\"target\":{\"@type\":\"EntryPoint\",\"urlTemplate\":\"https:\/\/dicodusport.fr\/blog\/?s={search_term_string}\"},\"query-input\":{\"@type\":\"PropertyValueSpecification\",\"valueRequired\":true,\"valueName\":\"search_term_string\"}}],\"inLanguage\":\"fr-FR\"},{\"@type\":\"NewsMediaOrganization\",\"@id\":\"https:\/\/dicodusport.fr\/blog\/#organization\",\"name\":\"Dicodusport\",\"url\":\"https:\/\/dicodusport.fr\/blog\/\",\"logo\":{\"@type\":\"ImageObject\",\"inLanguage\":\"fr-FR\",\"@id\":\"https:\/\/dicodusport.fr\/blog\/#\/schema\/logo\/image\/\",\"url\":\"https:\/\/dicodusport.fr\/blog\/wp-content\/uploads\/2020\/06\/cropped-LOGO-DICODUSPORT-2020-SANS-FOND-SANS-TEXTE.png\",\"contentUrl\":\"https:\/\/dicodusport.fr\/blog\/wp-content\/uploads\/2020\/06\/cropped-LOGO-DICODUSPORT-2020-SANS-FOND-SANS-TEXTE.png\",\"width\":512,\"height\":512,\"caption\":\"Dicodusport\"},\"image\":{\"@id\":\"https:\/\/dicodusport.fr\/blog\/#\/schema\/logo\/image\/\"},\"sameAs\":[\"https:\/\/www.facebook.com\/dicodusport\",\"https:\/\/x.com\/dicodusport\",\"https:\/\/www.instagram.com\/dicodusport\/\",\"https:\/\/www.youtube.com\/channel\/UC7V2KZ5sd3htJivAbA4ZG3w\"],\"description\":\"Dicodusport est l'encyclop\u00e9die de l'actualit\u00e9 sportive.\",\"email\":\"bonjour@dicodusport.fr\",\"legalName\":\"DICODUSPORT\",\"foundingDate\":\"2018-01-14\",\"vatID\":\"FR71834470973\",\"taxID\":\"83447097300043\",\"numberOfEmployees\":{\"@type\":\"QuantitativeValue\",\"minValue\":\"1\",\"maxValue\":\"10\"}},{\"@type\":\"Person\",\"@id\":\"https:\/\/dicodusport.fr\/blog\/#\/schema\/person\/d603dd7da31fb2b46c82b9835a77ec13\",\"name\":\"Etienne Goursaud\",\"image\":{\"@type\":\"ImageObject\",\"inLanguage\":\"fr-FR\",\"@id\":\"https:\/\/dicodusport.fr\/blog\/#\/schema\/person\/image\/\",\"url\":\"https:\/\/dicodusport.fr\/blog\/wp-content\/uploads\/2023\/12\/410122264_10231602061736049_5565839791558026645_n-150x150.jpg\",\"contentUrl\":\"https:\/\/dicodusport.fr\/blog\/wp-content\/uploads\/2023\/12\/410122264_10231602061736049_5565839791558026645_n-150x150.jpg\",\"caption\":\"Etienne Goursaud\"},\"description\":\"Journaliste et amoureux de sport. Ancien footballeur reconverti athl\u00e8te quand ses muscles le laissent tranquille. \u00c9lev\u00e9 \u00e0 la sauce des exploits de Thomas Voeckler en 2004, du dernier essai de l\u00e9gende de Eunice Barber \u00e0 la longueur lors des championnats du monde d'athl\u00e9tisme de 2003 mais aussi Zidane, Omeyer et Titou Lamaison.\",\"url\":\"https:\/\/dicodusport.fr\/blog\/author\/etienne-goursaud\/\"}]}<\/script>\n<!-- \/ Yoast SEO Premium plugin. -->","yoast_head_json":{"title":"ATP : Le Masters 1000 de Bercy va \u00eatre d\u00e9localis\u00e9 \u00e0 partir de 2025","description":"TENNIS - Le Masters 1000 de Bercy, cr\u00e9e en 1986, va d\u00e9m\u00e9nager du c\u00f4t\u00e9 de Paris La Defense Arena \u00e0 partir de 2025.","robots":{"index":"index","follow":"follow","max-snippet":"max-snippet:-1","max-image-preview":"max-image-preview:large","max-video-preview":"max-video-preview:-1"},"canonical":"https:\/\/dicodusport.fr\/blog\/atp-le-masters-1000-de-bercy-va-etre-delocalise-a-partir-de-2023\/","og_locale":"fr_FR","og_type":"article","og_title":"ATP : Le Masters 1000 de Bercy va \u00eatre d\u00e9localis\u00e9 \u00e0 partir de 2025","og_description":"TENNIS - Le Masters 1000 de Bercy, cr\u00e9e en 1986, va d\u00e9m\u00e9nager du c\u00f4t\u00e9 de Paris La Defense Arena \u00e0 partir de 2025.","og_url":"https:\/\/dicodusport.fr\/blog\/atp-le-masters-1000-de-bercy-va-etre-delocalise-a-partir-de-2023\/","og_site_name":"Dicodusport","article_publisher":"https:\/\/www.facebook.com\/dicodusport","article_published_time":"2023-07-03T12:06:15+00:00","article_modified_time":"2023-07-03T12:57:03+00:00","og_image":[{"width":800,"height":445,"url":"https:\/\/dicodusport.fr\/blog\/wp-content\/uploads\/2023\/07\/ATP-Le-Masters-1000-de-Bercy-va-etre-delocalise-a-partir-de-2023.png","type":"image\/png"}],"author":"Etienne Goursaud","twitter_card":"summary_large_image","twitter_title":"ATP : Le Masters 1000 de Bercy va \u00eatre d\u00e9localis\u00e9 \u00e0 partir de 2025","twitter_creator":"@dicodusport","twitter_site":"@dicodusport","schema":{"@context":"https:\/\/schema.org","@graph":[{"@type":"NewsArticle","@id":"https:\/\/dicodusport.fr\/blog\/atp-le-masters-1000-de-bercy-va-etre-delocalise-a-partir-de-2023\/#article","isPartOf":{"@id":"https:\/\/dicodusport.fr\/blog\/atp-le-masters-1000-de-bercy-va-etre-delocalise-a-partir-de-2023\/"},"author":{"name":"Etienne Goursaud","@id":"https:\/\/dicodusport.fr\/blog\/#\/schema\/person\/d603dd7da31fb2b46c82b9835a77ec13"},"headline":"ATP : Le Masters 1000 de Bercy va \u00eatre d\u00e9localis\u00e9 \u00e0 partir de 2025","datePublished":"2023-07-03T12:06:15+00:00","dateModified":"2023-07-03T12:57:03+00:00","mainEntityOfPage":{"@id":"https:\/\/dicodusport.fr\/blog\/atp-le-masters-1000-de-bercy-va-etre-delocalise-a-partir-de-2023\/"},"wordCount":247,"commentCount":0,"publisher":{"@id":"https:\/\/dicodusport.fr\/blog\/#organization"},"image":{"@id":"https:\/\/dicodusport.fr\/blog\/atp-le-masters-1000-de-bercy-va-etre-delocalise-a-partir-de-2023\/#primaryimage"},"thumbnailUrl":"https:\/\/dicodusport.fr\/blog\/wp-content\/uploads\/2023\/07\/ATP-Le-Masters-1000-de-Bercy-va-etre-delocalise-a-partir-de-2023.png","keywords":["ATP","br\u00e8ve","circuit ATP","Masters 1000","Tennis"],"articleSection":["Tennis"],"inLanguage":"fr-FR","potentialAction":[{"@type":"CommentAction","name":"Comment","target":["https:\/\/dicodusport.fr\/blog\/atp-le-masters-1000-de-bercy-va-etre-delocalise-a-partir-de-2023\/#respond"]}],"copyrightYear":"2023","copyrightHolder":{"@id":"https:\/\/dicodusport.fr\/blog\/#organization"}},{"@type":"WebPage","@id":"https:\/\/dicodusport.fr\/blog\/atp-le-masters-1000-de-bercy-va-etre-delocalise-a-partir-de-2023\/","url":"https:\/\/dicodusport.fr\/blog\/atp-le-masters-1000-de-bercy-va-etre-delocalise-a-partir-de-2023\/","name":"ATP : Le Masters 1000 de Bercy va \u00eatre d\u00e9localis\u00e9 \u00e0 partir de 2025","isPartOf":{"@id":"https:\/\/dicodusport.fr\/blog\/#website"},"primaryImageOfPage":{"@id":"https:\/\/dicodusport.fr\/blog\/atp-le-masters-1000-de-bercy-va-etre-delocalise-a-partir-de-2023\/#primaryimage"},"image":{"@id":"https:\/\/dicodusport.fr\/blog\/atp-le-masters-1000-de-bercy-va-etre-delocalise-a-partir-de-2023\/#primaryimage"},"thumbnailUrl":"https:\/\/dicodusport.fr\/blog\/wp-content\/uploads\/2023\/07\/ATP-Le-Masters-1000-de-Bercy-va-etre-delocalise-a-partir-de-2023.png","datePublished":"2023-07-03T12:06:15+00:00","dateModified":"2023-07-03T12:57:03+00:00","description":"TENNIS - Le Masters 1000 de Bercy, cr\u00e9e en 1986, va d\u00e9m\u00e9nager du c\u00f4t\u00e9 de Paris La Defense Arena \u00e0 partir de 2025.","breadcrumb":{"@id":"https:\/\/dicodusport.fr\/blog\/atp-le-masters-1000-de-bercy-va-etre-delocalise-a-partir-de-2023\/#breadcrumb"},"inLanguage":"fr-FR","potentialAction":[{"@type":"ReadAction","target":["https:\/\/dicodusport.fr\/blog\/atp-le-masters-1000-de-bercy-va-etre-delocalise-a-partir-de-2023\/"]}]},{"@type":"ImageObject","inLanguage":"fr-FR","@id":"https:\/\/dicodusport.fr\/blog\/atp-le-masters-1000-de-bercy-va-etre-delocalise-a-partir-de-2023\/#primaryimage","url":"https:\/\/dicodusport.fr\/blog\/wp-content\/uploads\/2023\/07\/ATP-Le-Masters-1000-de-Bercy-va-etre-delocalise-a-partir-de-2023.png","contentUrl":"https:\/\/dicodusport.fr\/blog\/wp-content\/uploads\/2023\/07\/ATP-Le-Masters-1000-de-Bercy-va-etre-delocalise-a-partir-de-2023.png","width":800,"height":445,"caption":"ATP Le Masters 1000 de Bercy va \u00eatre d\u00e9localis\u00e9 \u00e0 partir de 2023"},{"@type":"BreadcrumbList","@id":"https:\/\/dicodusport.fr\/blog\/atp-le-masters-1000-de-bercy-va-etre-delocalise-a-partir-de-2023\/#breadcrumb","itemListElement":[{"@type":"ListItem","position":1,"name":"Accueil","item":"https:\/\/dicodusport.fr\/blog\/"},{"@type":"ListItem","position":2,"name":"ATP : Le Masters 1000 de Bercy va \u00eatre d\u00e9localis\u00e9 \u00e0 partir de 2025"}]},{"@type":"WebSite","@id":"https:\/\/dicodusport.fr\/blog\/#website","url":"https:\/\/dicodusport.fr\/blog\/","name":"Dicodusport","description":"L&#039;encyclop\u00e9die de l&#039;actualit\u00e9 sportive","publisher":{"@id":"https:\/\/dicodusport.fr\/blog\/#organization"},"potentialAction":[{"@type":"SearchAction","target":{"@type":"EntryPoint","urlTemplate":"https:\/\/dicodusport.fr\/blog\/?s={search_term_string}"},"query-input":{"@type":"PropertyValueSpecification","valueRequired":true,"valueName":"search_term_string"}}],"inLanguage":"fr-FR"},{"@type":"NewsMediaOrganization","@id":"https:\/\/dicodusport.fr\/blog\/#organization","name":"Dicodusport","url":"https:\/\/dicodusport.fr\/blog\/","logo":{"@type":"ImageObject","inLanguage":"fr-FR","@id":"https:\/\/dicodusport.fr\/blog\/#\/schema\/logo\/image\/","url":"https:\/\/dicodusport.fr\/blog\/wp-content\/uploads\/2020\/06\/cropped-LOGO-DICODUSPORT-2020-SANS-FOND-SANS-TEXTE.png","contentUrl":"https:\/\/dicodusport.fr\/blog\/wp-content\/uploads\/2020\/06\/cropped-LOGO-DICODUSPORT-2020-SANS-FOND-SANS-TEXTE.png","width":512,"height":512,"caption":"Dicodusport"},"image":{"@id":"https:\/\/dicodusport.fr\/blog\/#\/schema\/logo\/image\/"},"sameAs":["https:\/\/www.facebook.com\/dicodusport","https:\/\/x.com\/dicodusport","https:\/\/www.instagram.com\/dicodusport\/","https:\/\/www.youtube.com\/channel\/UC7V2KZ5sd3htJivAbA4ZG3w"],"description":"Dicodusport est l'encyclop\u00e9die de l'actualit\u00e9 sportive.","email":"bonjour@dicodusport.fr","legalName":"DICODUSPORT","foundingDate":"2018-01-14","vatID":"FR71834470973","taxID":"83447097300043","numberOfEmployees":{"@type":"QuantitativeValue","minValue":"1","maxValue":"10"}},{"@type":"Person","@id":"https:\/\/dicodusport.fr\/blog\/#\/schema\/person\/d603dd7da31fb2b46c82b9835a77ec13","name":"Etienne Goursaud","image":{"@type":"ImageObject","inLanguage":"fr-FR","@id":"https:\/\/dicodusport.fr\/blog\/#\/schema\/person\/image\/","url":"https:\/\/dicodusport.fr\/blog\/wp-content\/uploads\/2023\/12\/410122264_10231602061736049_5565839791558026645_n-150x150.jpg","contentUrl":"https:\/\/dicodusport.fr\/blog\/wp-content\/uploads\/2023\/12\/410122264_10231602061736049_5565839791558026645_n-150x150.jpg","caption":"Etienne Goursaud"},"description":"Journaliste et amoureux de sport. Ancien footballeur reconverti athl\u00e8te quand ses muscles le laissent tranquille. \u00c9lev\u00e9 \u00e0 la sauce des exploits de Thomas Voeckler en 2004, du dernier essai de l\u00e9gende de Eunice Barber \u00e0 la longueur lors des championnats du monde d'athl\u00e9tisme de 2003 mais aussi Zidane, Omeyer et Titou Lamaison.","url":"https:\/\/dicodusport.fr\/blog\/author\/etienne-goursaud\/"}]}},"_links":{"self":[{"href":"https:\/\/dicodusport.fr\/blog\/wp-json\/wp\/v2\/posts\/396985","targetHints":{"allow":["GET"]}}],"collection":[{"href":"https:\/\/dicodusport.fr\/blog\/wp-json\/wp\/v2\/posts"}],"about":[{"href":"https:\/\/dicodusport.fr\/blog\/wp-json\/wp\/v2\/types\/post"}],"author":[{"embeddable":true,"href":"https:\/\/dicodusport.fr\/blog\/wp-json\/wp\/v2\/users\/83"}],"replies":[{"embeddable":true,"href":"https:\/\/dicodusport.fr\/blog\/wp-json\/wp\/v2\/comments?post=396985"}],"version-history":[{"count":0,"href":"https:\/\/dicodusport.fr\/blog\/wp-json\/wp\/v2\/posts\/396985\/revisions"}],"wp:featuredmedia":[{"embeddable":true,"href":"https:\/\/dicodusport.fr\/blog\/wp-json\/wp\/v2\/media\/396992"}],"wp:attachment":[{"href":"https:\/\/dicodusport.fr\/blog\/wp-json\/wp\/v2\/media?parent=396985"}],"wp:term":[{"taxonomy":"category","embeddable":true,"href":"https:\/\/dicodusport.fr\/blog\/wp-json\/wp\/v2\/categories?post=396985"},{"taxonomy":"post_tag","embeddable":true,"href":"https:\/\/dicodusport.fr\/blog\/wp-json\/wp\/v2\/tags?post=396985"}],"curies":[{"name":"wp","href":"https:\/\/api.w.org\/{rel}","templated":true}]}}