{"id":39709,"date":"2019-05-22T21:55:37","date_gmt":"2019-05-22T19:55:37","guid":{"rendered":"http:\/\/dicodusport.fr\/blog\/?p=39709"},"modified":"2019-05-23T20:43:58","modified_gmt":"2019-05-23T18:43:58","slug":"roland-garros-qualifications-ce-qu-il-faut-retenir-de-la-3eme-journee","status":"publish","type":"post","link":"https:\/\/dicodusport.fr\/blog\/roland-garros-qualifications-ce-qu-il-faut-retenir-de-la-3eme-journee\/","title":{"rendered":"Roland-Garros \u2013 Qualifications : ce qu\u2019il faut retenir de la 3\u00e8me journ\u00e9e"},"content":{"rendered":"<p style=\"text-align: justify;\"><em><a href=\"https:\/\/www.rolandgarros.com\/fr-fr\/\" target=\"_blank\" rel=\"noopener\"><strong>Roland-Garros<\/strong><\/a><b>\u00a0\u2013 Aujourd\u2019hui \u00e0 la Porte d\u2019Auteuil\u00a0avait lieu le second tour des qualifications chez les hommes, tandis que les 16 derniers des 48 matchs du 1er tour femmes se d\u00e9roulaient. Parmi tout ce monde, 12 Fran\u00e7ais \u00e9taient en piste.\u00a0<\/b><\/em><\/p>\n<p style=\"text-align: justify;\">Le moins qu&rsquo;on puisse dire, c&rsquo;est que les tricolores r\u00e9alisent une excellente campagne de qualifications, du moins chez les hommes. Apr\u00e8s le fabuleux 11\/12 du premier tour (voir r\u00e9capitulatif <a href=\"https:\/\/dicodusport.fr\/blog\/roland-garros-qualifications-ce-qu-il-faut-retenir-de-la-1ere-journee\/\">Jour 1<\/a> et <a href=\"https:\/\/dicodusport.fr\/blog\/roland-garros-qualifications-ce-qu-il-faut-retenir-de-la-2eme-journee\/\">Jour 2<\/a>), on attendait nos Bleus au tournant, le niveau des adversaires montant d&rsquo;un cran. Dans un d\u00e9but de journ\u00e9e ensoleill\u00e9, trois jeunes Frenchies \u00e9taient sur le pont. Le premier de la journ\u00e9e, le junior\u00a0<strong>Hugo Gaston<\/strong>, n&rsquo;a pas pu confirmer <a href=\"https:\/\/dicodusport.fr\/blog\/roland-garros-qualifications-ce-qu-il-faut-retenir-de-la-1ere-journee\/\">sa belle performance de lundi.<\/a> Impossible pour lui de tenir la cadence du Russe Alexey Vatutin, qui \u00e9tait clairement un niveau au-dessus aujourd&rsquo;hui (d\u00e9faite 6\/1 6\/3). <strong>Matteo Martineau<\/strong> et <strong>Corentin Denolly,<\/strong> tous les deux oppos\u00e9s \u00e0 des adversaires belges, ont eux r\u00e9ussi \u00e0 prendre un set et d\u00e9cha\u00eener les foules, mais n&rsquo;ont pas pu conclure.<\/p>\n<p style=\"text-align: justify;\">Du c\u00f4t\u00e9 des femmes, la seule Bleue engag\u00e9e aujourd&rsquo;hui,\u00a0<strong>Tessah Andrianjafitrimo,\u00a0<\/strong>est pass\u00e9e \u00e0 deux doigts de la victoire. Menant 5\/1 dans le troisi\u00e8me set, la Fran\u00e7aise d&rsquo;origine Malgache a craqu\u00e9 au moment de conclure. Donnant trop de balles faciles \u00e0 son adversaire Am\u00e9ricaine, elle a rat\u00e9 deux balles de match avant de s&rsquo;incliner 7\/5 (d\u00e9faite 7\/6 4\/6 5\/7 dans un combat de 2h47). \u00c0 noter que de grosses surprises ont eu lieu sur le tableau f\u00e9minin, puisque les t\u00eates de s\u00e9ries 2 et 6 (la Suissesse Jil Belen Teichmann et l&rsquo;Am\u00e9ricaine Christina McHale) se sont faites sortir aujourd&rsquo;hui.<\/p>\n<h1 style=\"text-align: justify;\">Six Fran\u00e7ais au troisi\u00e8me tour !<\/h1>\n<p style=\"text-align: justify;\">Huit Fran\u00e7ais \u00e9taient list\u00e9s pour le reste de la journ\u00e9e, <strong>et c&rsquo;est au final un magnifique 6\/8<\/strong>\u00a0que ces derniers ont r\u00e9alis\u00e9 sur ce second tour !<strong> Alexandre Muller<\/strong> a continu\u00e9 sur <a href=\"https:\/\/dicodusport.fr\/blog\/roland-garros-qualifications-ce-qu-il-faut-retenir-de-la-1ere-journee\/\">sa lanc\u00e9e de matchs marathons<\/a> en battant Peter Polansky en 3 sets et 2h27 (6\/2 4\/6 7\/6). Avec 50% de points gagn\u00e9s sur retour, le natif de Poissy a su contrer l&rsquo;arme principale du Canadien, et s&rsquo;est qualifi\u00e9 pour un 3\u00e8me tour face \u00e0 Viktor Troicki. <strong>Eliott Benchetrit<\/strong> et <strong>Enzo Couacaud<\/strong> se sont qualifi\u00e9s facilement en battant respectivement Bjorn Fratangelo et Arthur De Greef en deux sets secs (6\/3 6\/4 et 6\/0 6\/3). Les deux Tricolores s&rsquo;affronteront vendredi au 3\u00e8me tour.<\/p>\n<p style=\"text-align: justify;\">Bonne nouvelle, <strong>nous aurons donc au moins un Fran\u00e7ais issu des qualifications dans le tableau principal ! <\/strong>Ensuite, c&rsquo;est le ph\u00e9nom\u00e8ne <strong>Manuel Guinard<\/strong> qui a r\u00e9cup\u00e9r\u00e9 son ticket pour le dernier tour. Le Breton n&rsquo;est pas venu seul \u00e0 Roland-Garros, puisqu&rsquo;il est soutenu \u00e0 chacun de ses matchs par un kop Breton en feu. Oppos\u00e9 \u00e0 l&rsquo;ancien n\u00b01 mondial Juniors, Gianluigi Quinzi, le Fran\u00e7ais a transcend\u00e9 son niveau de jeu, jouant avec le sourire et demandant constamment le soutien du public (victoire 6\/3 7\/6). Celui qui n&rsquo;a jamais d\u00e9pass\u00e9 les 1\/4 de finales d&rsquo;un Challenger va donc se retrouver \u00e0 jouer sa place dans la tableau principal de Roland-Garros. Il sera oppos\u00e9 \u00e0 Kimmer Coppejans, tombeur de son coll\u00e8gue Breton Matteo Martineau.<\/p>\n<p style=\"text-align: justify;\">Pour conclure la journ\u00e9e, <strong>Mathias Bourgue<\/strong> et Geoffrey Blancaneaux ont ravi les supporters venus en nombre en ce mercredi. Le premier, oppos\u00e9 au Serbe Milojevic, a livr\u00e9 une bataille \u00e9pique pour r\u00e9cup\u00e9rer son ticket pour le 3\u00e8me tour (2\/6 6\/4 7\/5). Souffrant de crampes apr\u00e8s plus de 4h de jeu en deux jours, Bourgue s&rsquo;est arrach\u00e9 au mental avec l&rsquo;aide du public du court n\u00b07. Nul doute qu&rsquo;il devra compter sur ce soutien au prochain tour, puisqu&rsquo;il affrontera la t\u00eate de s\u00e9rie n\u00b01 , l&rsquo;Am\u00e9ricain Tennys Sandgren. <strong>Geoffrey Blancaneaux<\/strong> s&rsquo;est lui aussi d\u00e9pass\u00e9 pour sortir le Tch\u00e8que Adam Pavlasek en 3 sets (6\/4 1\/6 7\/5).\u00a0 Le jeune Fran\u00e7ais montre <a href=\"https:\/\/dicodusport.fr\/blog\/roland-garros-qualifications-ce-qu-il-faut-retenir-de-la-2eme-journee\/\">sur cette semaine de qualifications de r\u00e9elles qualit\u00e9s \u00e0 la fois tennistiques et mentales<\/a>. Apr\u00e8s deux ann\u00e9es de gal\u00e8re depuis son titre \u00e0 Roland-Garros Juniors, c&rsquo;est un plaisir de le revoir au top niveau. Il sera oppos\u00e9 \u00e0 un sp\u00e9cialiste de la terre-battue au prochain tour, l&rsquo;Espagnol Pedro Martinez.<\/p>\n<p style=\"text-align: justify;\"><strong>Johan Tatlot<\/strong> et <strong>Arthur Cornut-Chauvinc<\/strong> se sont eux inclin\u00e9s en 3 sets, respectivement face au Su\u00e9dois Mikael Ymer et au Br\u00e9silien Thiago Monteiro, au terme de long combats. M\u00eame si la victoire n&rsquo;est pas au bout, ces jeunes ont engrang\u00e9 le maximum d&rsquo;exp\u00e9rience sur cette semaine de qualifications. L&rsquo;avenir est clair pour ces jeunes, et il est s\u00fbr qu&rsquo;ils reviendront encore plus fort l&rsquo;ann\u00e9e prochaine.<\/p>\n<p><span class=\"hBeI2j3stmRqHc9uAlgG8nKD\"><\/p>\n<blockquote class=\"twitter-tweet\" data-width=\"550\" data-dnt=\"true\">\n<p lang=\"fr\" dir=\"ltr\">Bilan positif pour les Tricolores : revivez la journ\u00e9e des Fran\u00e7ais lors de ce deuxi\u00e8me tour des qualifications \u00e0 Roland-Garros \ud83c\uddeb\ud83c\uddf7<br \/>Sur les onze fran\u00e7ais engag\u00e9s ce mercredi, 6 se sont qualifi\u00e9s pour le tour suivant et 5 ont \u00e9t\u00e9 \u00e9limin\u00e9s<a href=\"https:\/\/twitter.com\/hashtag\/RG19?src=hash&amp;ref_src=twsrc%5Etfw\">#RG19<\/a> <a href=\"https:\/\/twitter.com\/hashtag\/RG2019?src=hash&amp;ref_src=twsrc%5Etfw\">#RG2019<\/a> <a href=\"https:\/\/twitter.com\/hashtag\/RolandGarros?src=hash&amp;ref_src=twsrc%5Etfw\">#RolandGarros<\/a> <a href=\"https:\/\/twitter.com\/hashtag\/Qualifications?src=hash&amp;ref_src=twsrc%5Etfw\">#Qualifications<\/a> <a href=\"https:\/\/t.co\/E2HxPsQ29V\">pic.twitter.com\/E2HxPsQ29V<\/a><\/p>\n<p>&mdash; francetvsport (@francetvsport) <a href=\"https:\/\/twitter.com\/francetvsport\/status\/1131276383739629568?ref_src=twsrc%5Etfw\">May 22, 2019<\/a><\/p><\/blockquote>\n<p><script async src=\"https:\/\/platform.twitter.com\/widgets.js\" charset=\"utf-8\"><\/script><\/span><\/p>\n<p><em><strong>Tom Compayrot<\/strong><br \/>\n<\/em><a href=\"https:\/\/twitter.com\/tomxcpt?lang=fr\" target=\"_blank\" rel=\"noopener noreferrer\"><img loading=\"lazy\" decoding=\"async\" class=\"alignnone wp-image-2908\" src=\"http:\/\/dicodusport.fr\/blog\/wp-content\/uploads\/2017\/07\/logo-twitter-150x150.png\" alt=\"\" width=\"39\" height=\"39\" \/><\/a><\/p>\n","protected":false},"excerpt":{"rendered":"<p>Nous aurons donc 6 Fran\u00e7ais au troisi\u00e8me tour de ces qualifications de ce Roland-Garros, contre 0 en 2018. Les Tricolores se sont surpass\u00e9s cette ann\u00e9e !<\/p>\n","protected":false},"author":13,"featured_media":39713,"comment_status":"open","ping_status":"closed","sticky":false,"template":"","format":"standard","meta":{"_acf_changed":false,"_daextam_enable_autolinks":"","footnotes":""},"categories":[2,2365,2302],"tags":[7930,7927,1461,7929,7926,4939],"class_list":["post-39709","post","type-post","status-publish","format-standard","has-post-thumbnail","hentry","category-actualites","category-sports-de-raquette","category-tennis","tag-alexandre-muller","tag-enzo-couacaud","tag-geoffrey-blancaneaux","tag-manuel-guinard","tag-mathias-bourgue","tag-qualifications-roland-garros"],"acf":[],"yoast_head":"<!-- This site is optimized with the Yoast SEO Premium plugin v26.7 (Yoast SEO v26.7) - https:\/\/yoast.com\/wordpress\/plugins\/seo\/ -->\n<title>Roland-Garros \u2013 Qualifications : ce qu\u2019il faut retenir de la 3\u00e8me journ\u00e9e<\/title>\n<meta name=\"description\" content=\"Nous aurons donc 6 Fran\u00e7ais au troisi\u00e8me tour de ces qualifications de ce Roland-Garros, contre 0 en 2018. Les Tricolores se sont surpass\u00e9s cette ann\u00e9e !\" \/>\n<meta name=\"robots\" content=\"index, follow, max-snippet:-1, max-image-preview:large, max-video-preview:-1\" \/>\n<link rel=\"canonical\" href=\"https:\/\/dicodusport.fr\/blog\/roland-garros-qualifications-ce-qu-il-faut-retenir-de-la-3eme-journee\/\" \/>\n<meta property=\"og:locale\" content=\"fr_FR\" \/>\n<meta property=\"og:type\" content=\"article\" \/>\n<meta property=\"og:title\" content=\"Roland-Garros \u2013 Qualifications : ce qu\u2019il faut retenir de la 3\u00e8me journ\u00e9e\" \/>\n<meta property=\"og:description\" content=\"Nous aurons donc 6 Fran\u00e7ais au troisi\u00e8me tour de ces qualifications de ce Roland-Garros, contre 0 en 2018. Les Tricolores se sont surpass\u00e9s cette ann\u00e9e !\" \/>\n<meta property=\"og:url\" content=\"https:\/\/dicodusport.fr\/blog\/roland-garros-qualifications-ce-qu-il-faut-retenir-de-la-3eme-journee\/\" \/>\n<meta property=\"og:site_name\" content=\"Dicodusport\" \/>\n<meta property=\"article:publisher\" content=\"https:\/\/www.facebook.com\/dicodusport\" \/>\n<meta property=\"article:published_time\" content=\"2019-05-22T19:55:37+00:00\" \/>\n<meta property=\"article:modified_time\" content=\"2019-05-23T18:43:58+00:00\" \/>\n<meta property=\"og:image\" content=\"https:\/\/dicodusport.fr\/blog\/wp-content\/uploads\/2019\/05\/Visuel-dicodusport-3e-jour-RG.png\" \/>\n\t<meta property=\"og:image:width\" content=\"1200\" \/>\n\t<meta property=\"og:image:height\" content=\"670\" \/>\n\t<meta property=\"og:image:type\" content=\"image\/png\" \/>\n<meta name=\"author\" content=\"Tom Compayrot\" \/>\n<meta name=\"twitter:card\" content=\"summary_large_image\" \/>\n<meta name=\"twitter:creator\" content=\"@https:\/\/twitter.com\/Tom_Cprt\" \/>\n<meta name=\"twitter:site\" content=\"@dicodusport\" \/>\n<script type=\"application\/ld+json\" class=\"yoast-schema-graph\">{\"@context\":\"https:\/\/schema.org\",\"@graph\":[{\"@type\":\"NewsArticle\",\"@id\":\"https:\/\/dicodusport.fr\/blog\/roland-garros-qualifications-ce-qu-il-faut-retenir-de-la-3eme-journee\/#article\",\"isPartOf\":{\"@id\":\"https:\/\/dicodusport.fr\/blog\/roland-garros-qualifications-ce-qu-il-faut-retenir-de-la-3eme-journee\/\"},\"author\":{\"name\":\"Tom Compayrot\",\"@id\":\"https:\/\/dicodusport.fr\/blog\/#\/schema\/person\/bf1e4f404e108bd2be5b447b16bde9a7\"},\"headline\":\"Roland-Garros \u2013 Qualifications : ce qu\u2019il faut retenir de la 3\u00e8me journ\u00e9e\",\"datePublished\":\"2019-05-22T19:55:37+00:00\",\"dateModified\":\"2019-05-23T18:43:58+00:00\",\"mainEntityOfPage\":{\"@id\":\"https:\/\/dicodusport.fr\/blog\/roland-garros-qualifications-ce-qu-il-faut-retenir-de-la-3eme-journee\/\"},\"wordCount\":794,\"commentCount\":1,\"publisher\":{\"@id\":\"https:\/\/dicodusport.fr\/blog\/#organization\"},\"image\":{\"@id\":\"https:\/\/dicodusport.fr\/blog\/roland-garros-qualifications-ce-qu-il-faut-retenir-de-la-3eme-journee\/#primaryimage\"},\"thumbnailUrl\":\"https:\/\/dicodusport.fr\/blog\/wp-content\/uploads\/2019\/05\/Visuel-dicodusport-3e-jour-RG.png\",\"keywords\":[\"Alexandre M\u00fcller\",\"Enzo Couacaud\",\"Geoffrey Blancaneaux\",\"Manuel Guinard\",\"Mathias Bourgue\",\"Qualifications Roland-Garros\"],\"articleSection\":[\"Actualit\u00e9s\",\"Sports de raquette\",\"Tennis\"],\"inLanguage\":\"fr-FR\",\"potentialAction\":[{\"@type\":\"CommentAction\",\"name\":\"Comment\",\"target\":[\"https:\/\/dicodusport.fr\/blog\/roland-garros-qualifications-ce-qu-il-faut-retenir-de-la-3eme-journee\/#respond\"]}],\"copyrightYear\":\"2019\",\"copyrightHolder\":{\"@id\":\"https:\/\/dicodusport.fr\/blog\/#organization\"}},{\"@type\":\"WebPage\",\"@id\":\"https:\/\/dicodusport.fr\/blog\/roland-garros-qualifications-ce-qu-il-faut-retenir-de-la-3eme-journee\/\",\"url\":\"https:\/\/dicodusport.fr\/blog\/roland-garros-qualifications-ce-qu-il-faut-retenir-de-la-3eme-journee\/\",\"name\":\"Roland-Garros \u2013 Qualifications : ce qu\u2019il faut retenir de la 3\u00e8me journ\u00e9e\",\"isPartOf\":{\"@id\":\"https:\/\/dicodusport.fr\/blog\/#website\"},\"primaryImageOfPage\":{\"@id\":\"https:\/\/dicodusport.fr\/blog\/roland-garros-qualifications-ce-qu-il-faut-retenir-de-la-3eme-journee\/#primaryimage\"},\"image\":{\"@id\":\"https:\/\/dicodusport.fr\/blog\/roland-garros-qualifications-ce-qu-il-faut-retenir-de-la-3eme-journee\/#primaryimage\"},\"thumbnailUrl\":\"https:\/\/dicodusport.fr\/blog\/wp-content\/uploads\/2019\/05\/Visuel-dicodusport-3e-jour-RG.png\",\"datePublished\":\"2019-05-22T19:55:37+00:00\",\"dateModified\":\"2019-05-23T18:43:58+00:00\",\"description\":\"Nous aurons donc 6 Fran\u00e7ais au troisi\u00e8me tour de ces qualifications de ce Roland-Garros, contre 0 en 2018. Les Tricolores se sont surpass\u00e9s cette ann\u00e9e !\",\"breadcrumb\":{\"@id\":\"https:\/\/dicodusport.fr\/blog\/roland-garros-qualifications-ce-qu-il-faut-retenir-de-la-3eme-journee\/#breadcrumb\"},\"inLanguage\":\"fr-FR\",\"potentialAction\":[{\"@type\":\"ReadAction\",\"target\":[\"https:\/\/dicodusport.fr\/blog\/roland-garros-qualifications-ce-qu-il-faut-retenir-de-la-3eme-journee\/\"]}]},{\"@type\":\"ImageObject\",\"inLanguage\":\"fr-FR\",\"@id\":\"https:\/\/dicodusport.fr\/blog\/roland-garros-qualifications-ce-qu-il-faut-retenir-de-la-3eme-journee\/#primaryimage\",\"url\":\"https:\/\/dicodusport.fr\/blog\/wp-content\/uploads\/2019\/05\/Visuel-dicodusport-3e-jour-RG.png\",\"contentUrl\":\"https:\/\/dicodusport.fr\/blog\/wp-content\/uploads\/2019\/05\/Visuel-dicodusport-3e-jour-RG.png\",\"width\":1200,\"height\":670},{\"@type\":\"BreadcrumbList\",\"@id\":\"https:\/\/dicodusport.fr\/blog\/roland-garros-qualifications-ce-qu-il-faut-retenir-de-la-3eme-journee\/#breadcrumb\",\"itemListElement\":[{\"@type\":\"ListItem\",\"position\":1,\"name\":\"Accueil\",\"item\":\"https:\/\/dicodusport.fr\/blog\/\"},{\"@type\":\"ListItem\",\"position\":2,\"name\":\"Roland-Garros \u2013 Qualifications : ce qu\u2019il faut retenir de la 3\u00e8me journ\u00e9e\"}]},{\"@type\":\"WebSite\",\"@id\":\"https:\/\/dicodusport.fr\/blog\/#website\",\"url\":\"https:\/\/dicodusport.fr\/blog\/\",\"name\":\"Dicodusport\",\"description\":\"L&#039;encyclop\u00e9die de l&#039;actualit\u00e9 sportive\",\"publisher\":{\"@id\":\"https:\/\/dicodusport.fr\/blog\/#organization\"},\"potentialAction\":[{\"@type\":\"SearchAction\",\"target\":{\"@type\":\"EntryPoint\",\"urlTemplate\":\"https:\/\/dicodusport.fr\/blog\/?s={search_term_string}\"},\"query-input\":{\"@type\":\"PropertyValueSpecification\",\"valueRequired\":true,\"valueName\":\"search_term_string\"}}],\"inLanguage\":\"fr-FR\"},{\"@type\":\"NewsMediaOrganization\",\"@id\":\"https:\/\/dicodusport.fr\/blog\/#organization\",\"name\":\"Dicodusport\",\"url\":\"https:\/\/dicodusport.fr\/blog\/\",\"logo\":{\"@type\":\"ImageObject\",\"inLanguage\":\"fr-FR\",\"@id\":\"https:\/\/dicodusport.fr\/blog\/#\/schema\/logo\/image\/\",\"url\":\"https:\/\/dicodusport.fr\/blog\/wp-content\/uploads\/2020\/06\/cropped-LOGO-DICODUSPORT-2020-SANS-FOND-SANS-TEXTE.png\",\"contentUrl\":\"https:\/\/dicodusport.fr\/blog\/wp-content\/uploads\/2020\/06\/cropped-LOGO-DICODUSPORT-2020-SANS-FOND-SANS-TEXTE.png\",\"width\":512,\"height\":512,\"caption\":\"Dicodusport\"},\"image\":{\"@id\":\"https:\/\/dicodusport.fr\/blog\/#\/schema\/logo\/image\/\"},\"sameAs\":[\"https:\/\/www.facebook.com\/dicodusport\",\"https:\/\/x.com\/dicodusport\",\"https:\/\/www.instagram.com\/dicodusport\/\",\"https:\/\/www.youtube.com\/channel\/UC7V2KZ5sd3htJivAbA4ZG3w\"],\"description\":\"Dicodusport est l'encyclop\u00e9die de l'actualit\u00e9 sportive.\",\"email\":\"bonjour@dicodusport.fr\",\"legalName\":\"DICODUSPORT\",\"foundingDate\":\"2018-01-14\",\"vatID\":\"FR71834470973\",\"taxID\":\"83447097300043\",\"numberOfEmployees\":{\"@type\":\"QuantitativeValue\",\"minValue\":\"1\",\"maxValue\":\"10\"}},{\"@type\":\"Person\",\"@id\":\"https:\/\/dicodusport.fr\/blog\/#\/schema\/person\/bf1e4f404e108bd2be5b447b16bde9a7\",\"name\":\"Tom Compayrot\",\"image\":{\"@type\":\"ImageObject\",\"inLanguage\":\"fr-FR\",\"@id\":\"https:\/\/dicodusport.fr\/blog\/#\/schema\/person\/image\/\",\"url\":\"https:\/\/dicodusport.fr\/blog\/wp-content\/uploads\/2021\/05\/Tom-Compayrot-150x150.jpg\",\"contentUrl\":\"https:\/\/dicodusport.fr\/blog\/wp-content\/uploads\/2021\/05\/Tom-Compayrot-150x150.jpg\",\"caption\":\"Tom Compayrot\"},\"description\":\"Journaliste\/r\u00e9dacteur depuis mars 2017 - Amoureux de la petite balle jaune et du gros ballon orange qui tra\u00eene sa carcasse sur Dicodusport depuis 2017. Rafael Nadal et LeBron James sont les meilleurs joueurs de l'histoire.\",\"sameAs\":[\"https:\/\/x.com\/https:\/\/twitter.com\/Tom_Cprt\"],\"url\":\"https:\/\/dicodusport.fr\/blog\/author\/tom\/\"}]}<\/script>\n<!-- \/ Yoast SEO Premium plugin. -->","yoast_head_json":{"title":"Roland-Garros \u2013 Qualifications : ce qu\u2019il faut retenir de la 3\u00e8me journ\u00e9e","description":"Nous aurons donc 6 Fran\u00e7ais au troisi\u00e8me tour de ces qualifications de ce Roland-Garros, contre 0 en 2018. Les Tricolores se sont surpass\u00e9s cette ann\u00e9e !","robots":{"index":"index","follow":"follow","max-snippet":"max-snippet:-1","max-image-preview":"max-image-preview:large","max-video-preview":"max-video-preview:-1"},"canonical":"https:\/\/dicodusport.fr\/blog\/roland-garros-qualifications-ce-qu-il-faut-retenir-de-la-3eme-journee\/","og_locale":"fr_FR","og_type":"article","og_title":"Roland-Garros \u2013 Qualifications : ce qu\u2019il faut retenir de la 3\u00e8me journ\u00e9e","og_description":"Nous aurons donc 6 Fran\u00e7ais au troisi\u00e8me tour de ces qualifications de ce Roland-Garros, contre 0 en 2018. Les Tricolores se sont surpass\u00e9s cette ann\u00e9e !","og_url":"https:\/\/dicodusport.fr\/blog\/roland-garros-qualifications-ce-qu-il-faut-retenir-de-la-3eme-journee\/","og_site_name":"Dicodusport","article_publisher":"https:\/\/www.facebook.com\/dicodusport","article_published_time":"2019-05-22T19:55:37+00:00","article_modified_time":"2019-05-23T18:43:58+00:00","og_image":[{"width":1200,"height":670,"url":"https:\/\/dicodusport.fr\/blog\/wp-content\/uploads\/2019\/05\/Visuel-dicodusport-3e-jour-RG.png","type":"image\/png"}],"author":"Tom Compayrot","twitter_card":"summary_large_image","twitter_creator":"@https:\/\/twitter.com\/Tom_Cprt","twitter_site":"@dicodusport","schema":{"@context":"https:\/\/schema.org","@graph":[{"@type":"NewsArticle","@id":"https:\/\/dicodusport.fr\/blog\/roland-garros-qualifications-ce-qu-il-faut-retenir-de-la-3eme-journee\/#article","isPartOf":{"@id":"https:\/\/dicodusport.fr\/blog\/roland-garros-qualifications-ce-qu-il-faut-retenir-de-la-3eme-journee\/"},"author":{"name":"Tom Compayrot","@id":"https:\/\/dicodusport.fr\/blog\/#\/schema\/person\/bf1e4f404e108bd2be5b447b16bde9a7"},"headline":"Roland-Garros \u2013 Qualifications : ce qu\u2019il faut retenir de la 3\u00e8me journ\u00e9e","datePublished":"2019-05-22T19:55:37+00:00","dateModified":"2019-05-23T18:43:58+00:00","mainEntityOfPage":{"@id":"https:\/\/dicodusport.fr\/blog\/roland-garros-qualifications-ce-qu-il-faut-retenir-de-la-3eme-journee\/"},"wordCount":794,"commentCount":1,"publisher":{"@id":"https:\/\/dicodusport.fr\/blog\/#organization"},"image":{"@id":"https:\/\/dicodusport.fr\/blog\/roland-garros-qualifications-ce-qu-il-faut-retenir-de-la-3eme-journee\/#primaryimage"},"thumbnailUrl":"https:\/\/dicodusport.fr\/blog\/wp-content\/uploads\/2019\/05\/Visuel-dicodusport-3e-jour-RG.png","keywords":["Alexandre M\u00fcller","Enzo Couacaud","Geoffrey Blancaneaux","Manuel Guinard","Mathias Bourgue","Qualifications Roland-Garros"],"articleSection":["Actualit\u00e9s","Sports de raquette","Tennis"],"inLanguage":"fr-FR","potentialAction":[{"@type":"CommentAction","name":"Comment","target":["https:\/\/dicodusport.fr\/blog\/roland-garros-qualifications-ce-qu-il-faut-retenir-de-la-3eme-journee\/#respond"]}],"copyrightYear":"2019","copyrightHolder":{"@id":"https:\/\/dicodusport.fr\/blog\/#organization"}},{"@type":"WebPage","@id":"https:\/\/dicodusport.fr\/blog\/roland-garros-qualifications-ce-qu-il-faut-retenir-de-la-3eme-journee\/","url":"https:\/\/dicodusport.fr\/blog\/roland-garros-qualifications-ce-qu-il-faut-retenir-de-la-3eme-journee\/","name":"Roland-Garros \u2013 Qualifications : ce qu\u2019il faut retenir de la 3\u00e8me journ\u00e9e","isPartOf":{"@id":"https:\/\/dicodusport.fr\/blog\/#website"},"primaryImageOfPage":{"@id":"https:\/\/dicodusport.fr\/blog\/roland-garros-qualifications-ce-qu-il-faut-retenir-de-la-3eme-journee\/#primaryimage"},"image":{"@id":"https:\/\/dicodusport.fr\/blog\/roland-garros-qualifications-ce-qu-il-faut-retenir-de-la-3eme-journee\/#primaryimage"},"thumbnailUrl":"https:\/\/dicodusport.fr\/blog\/wp-content\/uploads\/2019\/05\/Visuel-dicodusport-3e-jour-RG.png","datePublished":"2019-05-22T19:55:37+00:00","dateModified":"2019-05-23T18:43:58+00:00","description":"Nous aurons donc 6 Fran\u00e7ais au troisi\u00e8me tour de ces qualifications de ce Roland-Garros, contre 0 en 2018. Les Tricolores se sont surpass\u00e9s cette ann\u00e9e !","breadcrumb":{"@id":"https:\/\/dicodusport.fr\/blog\/roland-garros-qualifications-ce-qu-il-faut-retenir-de-la-3eme-journee\/#breadcrumb"},"inLanguage":"fr-FR","potentialAction":[{"@type":"ReadAction","target":["https:\/\/dicodusport.fr\/blog\/roland-garros-qualifications-ce-qu-il-faut-retenir-de-la-3eme-journee\/"]}]},{"@type":"ImageObject","inLanguage":"fr-FR","@id":"https:\/\/dicodusport.fr\/blog\/roland-garros-qualifications-ce-qu-il-faut-retenir-de-la-3eme-journee\/#primaryimage","url":"https:\/\/dicodusport.fr\/blog\/wp-content\/uploads\/2019\/05\/Visuel-dicodusport-3e-jour-RG.png","contentUrl":"https:\/\/dicodusport.fr\/blog\/wp-content\/uploads\/2019\/05\/Visuel-dicodusport-3e-jour-RG.png","width":1200,"height":670},{"@type":"BreadcrumbList","@id":"https:\/\/dicodusport.fr\/blog\/roland-garros-qualifications-ce-qu-il-faut-retenir-de-la-3eme-journee\/#breadcrumb","itemListElement":[{"@type":"ListItem","position":1,"name":"Accueil","item":"https:\/\/dicodusport.fr\/blog\/"},{"@type":"ListItem","position":2,"name":"Roland-Garros \u2013 Qualifications : ce qu\u2019il faut retenir de la 3\u00e8me journ\u00e9e"}]},{"@type":"WebSite","@id":"https:\/\/dicodusport.fr\/blog\/#website","url":"https:\/\/dicodusport.fr\/blog\/","name":"Dicodusport","description":"L&#039;encyclop\u00e9die de l&#039;actualit\u00e9 sportive","publisher":{"@id":"https:\/\/dicodusport.fr\/blog\/#organization"},"potentialAction":[{"@type":"SearchAction","target":{"@type":"EntryPoint","urlTemplate":"https:\/\/dicodusport.fr\/blog\/?s={search_term_string}"},"query-input":{"@type":"PropertyValueSpecification","valueRequired":true,"valueName":"search_term_string"}}],"inLanguage":"fr-FR"},{"@type":"NewsMediaOrganization","@id":"https:\/\/dicodusport.fr\/blog\/#organization","name":"Dicodusport","url":"https:\/\/dicodusport.fr\/blog\/","logo":{"@type":"ImageObject","inLanguage":"fr-FR","@id":"https:\/\/dicodusport.fr\/blog\/#\/schema\/logo\/image\/","url":"https:\/\/dicodusport.fr\/blog\/wp-content\/uploads\/2020\/06\/cropped-LOGO-DICODUSPORT-2020-SANS-FOND-SANS-TEXTE.png","contentUrl":"https:\/\/dicodusport.fr\/blog\/wp-content\/uploads\/2020\/06\/cropped-LOGO-DICODUSPORT-2020-SANS-FOND-SANS-TEXTE.png","width":512,"height":512,"caption":"Dicodusport"},"image":{"@id":"https:\/\/dicodusport.fr\/blog\/#\/schema\/logo\/image\/"},"sameAs":["https:\/\/www.facebook.com\/dicodusport","https:\/\/x.com\/dicodusport","https:\/\/www.instagram.com\/dicodusport\/","https:\/\/www.youtube.com\/channel\/UC7V2KZ5sd3htJivAbA4ZG3w"],"description":"Dicodusport est l'encyclop\u00e9die de l'actualit\u00e9 sportive.","email":"bonjour@dicodusport.fr","legalName":"DICODUSPORT","foundingDate":"2018-01-14","vatID":"FR71834470973","taxID":"83447097300043","numberOfEmployees":{"@type":"QuantitativeValue","minValue":"1","maxValue":"10"}},{"@type":"Person","@id":"https:\/\/dicodusport.fr\/blog\/#\/schema\/person\/bf1e4f404e108bd2be5b447b16bde9a7","name":"Tom Compayrot","image":{"@type":"ImageObject","inLanguage":"fr-FR","@id":"https:\/\/dicodusport.fr\/blog\/#\/schema\/person\/image\/","url":"https:\/\/dicodusport.fr\/blog\/wp-content\/uploads\/2021\/05\/Tom-Compayrot-150x150.jpg","contentUrl":"https:\/\/dicodusport.fr\/blog\/wp-content\/uploads\/2021\/05\/Tom-Compayrot-150x150.jpg","caption":"Tom Compayrot"},"description":"Journaliste\/r\u00e9dacteur depuis mars 2017 - Amoureux de la petite balle jaune et du gros ballon orange qui tra\u00eene sa carcasse sur Dicodusport depuis 2017. Rafael Nadal et LeBron James sont les meilleurs joueurs de l'histoire.","sameAs":["https:\/\/x.com\/https:\/\/twitter.com\/Tom_Cprt"],"url":"https:\/\/dicodusport.fr\/blog\/author\/tom\/"}]}},"_links":{"self":[{"href":"https:\/\/dicodusport.fr\/blog\/wp-json\/wp\/v2\/posts\/39709","targetHints":{"allow":["GET"]}}],"collection":[{"href":"https:\/\/dicodusport.fr\/blog\/wp-json\/wp\/v2\/posts"}],"about":[{"href":"https:\/\/dicodusport.fr\/blog\/wp-json\/wp\/v2\/types\/post"}],"author":[{"embeddable":true,"href":"https:\/\/dicodusport.fr\/blog\/wp-json\/wp\/v2\/users\/13"}],"replies":[{"embeddable":true,"href":"https:\/\/dicodusport.fr\/blog\/wp-json\/wp\/v2\/comments?post=39709"}],"version-history":[{"count":0,"href":"https:\/\/dicodusport.fr\/blog\/wp-json\/wp\/v2\/posts\/39709\/revisions"}],"wp:featuredmedia":[{"embeddable":true,"href":"https:\/\/dicodusport.fr\/blog\/wp-json\/wp\/v2\/media\/39713"}],"wp:attachment":[{"href":"https:\/\/dicodusport.fr\/blog\/wp-json\/wp\/v2\/media?parent=39709"}],"wp:term":[{"taxonomy":"category","embeddable":true,"href":"https:\/\/dicodusport.fr\/blog\/wp-json\/wp\/v2\/categories?post=39709"},{"taxonomy":"post_tag","embeddable":true,"href":"https:\/\/dicodusport.fr\/blog\/wp-json\/wp\/v2\/tags?post=39709"}],"curies":[{"name":"wp","href":"https:\/\/api.w.org\/{rel}","templated":true}]}}