{"id":397245,"date":"2023-07-04T13:56:04","date_gmt":"2023-07-04T11:56:04","guid":{"rendered":"https:\/\/dicodusport.fr\/blog\/?p=397245&#038;preview=true&#038;preview_id=397245"},"modified":"2023-07-04T14:15:56","modified_gmt":"2023-07-04T12:15:56","slug":"mercato-ol-lyon-se-renseigne-pour-duje-caleta-car","status":"publish","type":"post","link":"https:\/\/dicodusport.fr\/blog\/mercato-ol-lyon-se-renseigne-pour-duje-caleta-car\/","title":{"rendered":"Mercato OL : Lyon se renseigne pour Duje Caleta-Car"},"content":{"rendered":"<p style=\"text-align: justify;\" align=\"justify\"><em><strong>LIGUE 1 2023-2024 &#8211; Selon Foot Mercato, l&rsquo;Olympique Lyonnais se renseigne pour recruter Duje Caleta-Car.<\/strong><\/em><\/p>\n<p style=\"text-align: justify;\" align=\"justify\">Parti \u00e0 Southampton l&rsquo;\u00e9t\u00e9 dernier, l&rsquo;ancien joueur de l&rsquo;<strong>Olympique de Marseille<\/strong> pourrait faire son retour en <strong>Ligue<\/strong> <strong>1<\/strong>. Pour sa premi\u00e8re saison en <strong>Premier<\/strong> <strong>League<\/strong>, <strong>Duje<\/strong> <strong>Caleta-Car<\/strong> a eu beaucoup de mal \u00e0 s&rsquo;imposer dans une \u00e9quipe \u00e0 l&rsquo;agonie. Dernier du championnat, <strong>Southampton<\/strong> a \u00e9t\u00e9 rel\u00e9gu\u00e9 en Championship et voudrait vendre le d\u00e9fenseur international croate.<\/p>\n<p style=\"text-align: justify;\" align=\"justify\">D\u00e9bauch\u00e9 par <strong>Southampton<\/strong> pour huit millions d&rsquo;euros l&rsquo;\u00e9t\u00e9 dernier alors qu&rsquo;il \u00e9voluait \u00e0 <strong>Marseille<\/strong>, le club anglais en voudrait un peu plus cet \u00e9t\u00e9. Un montant de 10 millions serait demand\u00e9 \u00e0 <strong>Lyon<\/strong> pour le recruter. Son profil coche toutes les cases et l&rsquo;<strong>OL<\/strong> veut absolument trouver un d\u00e9fenseur central pour se renforcer. Sa proximit\u00e9 avec son compatriote, <strong>Dejan Lovren<\/strong>, est un plus pour le club du Rh\u00f4ne dans ce dossier.<\/p>\n<h2 style=\"text-align: justify;\" align=\"justify\">Samuel Umtiti, l&rsquo;autre piste<\/h2>\n<p style=\"text-align: justify;\" align=\"justify\">L&rsquo;Olympique Lyonnais travaille sur d&rsquo;autres pistes en parall\u00e8le de celle de l&rsquo;international croate. Et la plus s\u00e9rieuse m\u00e8ne \u00e0 <strong>Samuel Umtiti<\/strong>, qui vient de rompre son contrat avec le FC Barcelone. Apr\u00e8s une bonne saison en <strong>Serie<\/strong> <strong>A<\/strong> avec <strong>Lecce<\/strong>, il pourrait revenir dans son club formateur. Ces derniers jours, il a \u00e9t\u00e9 aper\u00e7u en compagnie d&rsquo;<strong>Alexandre Lacazette<\/strong>, capitaine de Lyon.<\/p>\n<p style=\"text-align: justify;\" align=\"justify\">Si le club rhodanien veut \u00e0 tout prix recruter un d\u00e9fenseur central, c&rsquo;est que <strong>Castello<\/strong> <strong>Lukeba<\/strong> n&rsquo;a jamais \u00e9t\u00e9 aussi proche d&rsquo;un d\u00e9part. <strong>Leipzig<\/strong> devrait revenir avec une offre plus importante et l&rsquo;<strong>OL<\/strong> va probablement laisser filer son international espoirs dans les prochains jours. \u00c0 noter que pour le poste de lat\u00e9ral droit, <a href=\"https:\/\/dicodusport.fr\/blog\/mercato-lyon-ol-veut-soffrir-gonzalo-montiel\/\" target=\"_blank\" rel=\"noopener\">le club de John Textor voudrait s&rsquo;offrir Gonzalo Montiel<\/a>.<\/p>\n<blockquote class=\"twitter-tweet\">\n<p dir=\"ltr\" lang=\"fr\">Lyon piste l\u2019ancien marseillais Duje Caleta-Car \ud83c\udded\ud83c\uddf7 !<\/p>\n<p>\ud83d\uddde\ufe0f <a href=\"https:\/\/twitter.com\/sebnonda?ref_src=twsrc%5Etfw\">@sebnonda<\/a> <a href=\"https:\/\/twitter.com\/hashtag\/TeamOM?src=hash&amp;ref_src=twsrc%5Etfw\">#TeamOM<\/a> <a href=\"https:\/\/t.co\/KH69ZywxBt\">pic.twitter.com\/KH69ZywxBt<\/a><\/p>\n<p>\u2014 \ud835\udc01\ud835\udc1e\ud835\udc0e\ud835\udc0c (@Be_OM13) <a href=\"https:\/\/twitter.com\/Be_OM13\/status\/1676195530517430272?ref_src=twsrc%5Etfw\">July 4, 2023<\/a><\/p><\/blockquote>\n<p style=\"text-align: justify;\"><script async src=\"https:\/\/platform.twitter.com\/widgets.js\" charset=\"utf-8\"><\/script><\/p>\n","protected":false},"excerpt":{"rendered":"<p>LIGUE 1 2023-2024 &#8211; Selon Foot Mercato, l&rsquo;Olympique Lyonnais se renseigne pour recruter Duje Caleta-Car.<\/p>\n","protected":false},"author":1,"featured_media":397246,"comment_status":"open","ping_status":"closed","sticky":false,"template":"","format":"standard","meta":{"_acf_changed":false,"_daextam_enable_autolinks":"","footnotes":""},"categories":[2301,47045],"tags":[16878,18277,75,1145,1889],"class_list":["post-397245","post","type-post","status-publish","format-standard","has-post-thumbnail","hentry","category-football","category-ligue-1","tag-breve","tag-duje-caleta-car","tag-football","tag-ol","tag-om"],"acf":[],"yoast_head":"<!-- This site is optimized with the Yoast SEO Premium plugin v26.7 (Yoast SEO v26.7) - https:\/\/yoast.com\/wordpress\/plugins\/seo\/ -->\n<title>Mercato OL : Lyon se renseigne pour Duje Caleta-Car<\/title>\n<meta name=\"description\" content=\"LIGUE 1 2023-2024 - Selon Foot Mercato, l&#039;Olympique Lyonnais se renseigne pour recruter Duje Caleta-Car.\" \/>\n<meta name=\"robots\" content=\"index, follow, max-snippet:-1, max-image-preview:large, max-video-preview:-1\" \/>\n<link rel=\"canonical\" href=\"https:\/\/dicodusport.fr\/blog\/mercato-ol-lyon-se-renseigne-pour-duje-caleta-car\/\" \/>\n<meta property=\"og:locale\" content=\"fr_FR\" \/>\n<meta property=\"og:type\" content=\"article\" \/>\n<meta property=\"og:title\" content=\"Mercato OL : Lyon se renseigne pour Duje Caleta-Car\" \/>\n<meta property=\"og:description\" content=\"LIGUE 1 2023-2024 - Selon Foot Mercato, l&#039;Olympique Lyonnais se renseigne pour recruter Duje Caleta-Car.\" \/>\n<meta property=\"og:url\" content=\"https:\/\/dicodusport.fr\/blog\/mercato-ol-lyon-se-renseigne-pour-duje-caleta-car\/\" \/>\n<meta property=\"og:site_name\" content=\"Dicodusport\" \/>\n<meta property=\"article:publisher\" content=\"https:\/\/www.facebook.com\/dicodusport\" \/>\n<meta property=\"article:author\" content=\"https:\/\/www.facebook.com\/dicodusport\" \/>\n<meta property=\"article:published_time\" content=\"2023-07-04T11:56:04+00:00\" \/>\n<meta property=\"article:modified_time\" content=\"2023-07-04T12:15:56+00:00\" \/>\n<meta property=\"og:image\" content=\"https:\/\/dicodusport.fr\/blog\/wp-content\/uploads\/2023\/07\/Mercato-OL-Lyon-se-renseigne-pour-Duje-Caleta-Car.png\" \/>\n\t<meta property=\"og:image:width\" content=\"800\" \/>\n\t<meta property=\"og:image:height\" content=\"445\" \/>\n\t<meta property=\"og:image:type\" content=\"image\/png\" \/>\n<meta name=\"author\" content=\"Nicolas Jacquemard\" \/>\n<meta name=\"twitter:card\" content=\"summary_large_image\" \/>\n<meta name=\"twitter:title\" content=\"Mercato OL : Lyon se renseigne pour Duje Caleta-Car\" \/>\n<meta name=\"twitter:creator\" content=\"@https:\/\/twitter.com\/Nico_Jacquemard\" \/>\n<meta name=\"twitter:site\" content=\"@dicodusport\" \/>\n<script type=\"application\/ld+json\" class=\"yoast-schema-graph\">{\"@context\":\"https:\/\/schema.org\",\"@graph\":[{\"@type\":\"NewsArticle\",\"@id\":\"https:\/\/dicodusport.fr\/blog\/mercato-ol-lyon-se-renseigne-pour-duje-caleta-car\/#article\",\"isPartOf\":{\"@id\":\"https:\/\/dicodusport.fr\/blog\/mercato-ol-lyon-se-renseigne-pour-duje-caleta-car\/\"},\"author\":{\"name\":\"Nicolas Jacquemard\",\"@id\":\"https:\/\/dicodusport.fr\/blog\/#\/schema\/person\/55dcb50ad410894e431ed812bbb70191\"},\"headline\":\"Mercato OL : Lyon se renseigne pour Duje Caleta-Car\",\"datePublished\":\"2023-07-04T11:56:04+00:00\",\"dateModified\":\"2023-07-04T12:15:56+00:00\",\"mainEntityOfPage\":{\"@id\":\"https:\/\/dicodusport.fr\/blog\/mercato-ol-lyon-se-renseigne-pour-duje-caleta-car\/\"},\"wordCount\":316,\"commentCount\":0,\"publisher\":{\"@id\":\"https:\/\/dicodusport.fr\/blog\/#organization\"},\"image\":{\"@id\":\"https:\/\/dicodusport.fr\/blog\/mercato-ol-lyon-se-renseigne-pour-duje-caleta-car\/#primaryimage\"},\"thumbnailUrl\":\"https:\/\/dicodusport.fr\/blog\/wp-content\/uploads\/2023\/07\/Mercato-OL-Lyon-se-renseigne-pour-Duje-Caleta-Car.png\",\"keywords\":[\"br\u00e8ve\",\"Duje Caleta-Car\",\"Football\",\"OL\",\"OM\"],\"articleSection\":[\"Football\",\"Ligue 1\"],\"inLanguage\":\"fr-FR\",\"potentialAction\":[{\"@type\":\"CommentAction\",\"name\":\"Comment\",\"target\":[\"https:\/\/dicodusport.fr\/blog\/mercato-ol-lyon-se-renseigne-pour-duje-caleta-car\/#respond\"]}],\"copyrightYear\":\"2023\",\"copyrightHolder\":{\"@id\":\"https:\/\/dicodusport.fr\/blog\/#organization\"}},{\"@type\":\"WebPage\",\"@id\":\"https:\/\/dicodusport.fr\/blog\/mercato-ol-lyon-se-renseigne-pour-duje-caleta-car\/\",\"url\":\"https:\/\/dicodusport.fr\/blog\/mercato-ol-lyon-se-renseigne-pour-duje-caleta-car\/\",\"name\":\"Mercato OL : Lyon se renseigne pour Duje Caleta-Car\",\"isPartOf\":{\"@id\":\"https:\/\/dicodusport.fr\/blog\/#website\"},\"primaryImageOfPage\":{\"@id\":\"https:\/\/dicodusport.fr\/blog\/mercato-ol-lyon-se-renseigne-pour-duje-caleta-car\/#primaryimage\"},\"image\":{\"@id\":\"https:\/\/dicodusport.fr\/blog\/mercato-ol-lyon-se-renseigne-pour-duje-caleta-car\/#primaryimage\"},\"thumbnailUrl\":\"https:\/\/dicodusport.fr\/blog\/wp-content\/uploads\/2023\/07\/Mercato-OL-Lyon-se-renseigne-pour-Duje-Caleta-Car.png\",\"datePublished\":\"2023-07-04T11:56:04+00:00\",\"dateModified\":\"2023-07-04T12:15:56+00:00\",\"description\":\"LIGUE 1 2023-2024 - Selon Foot Mercato, l'Olympique Lyonnais se renseigne pour recruter Duje Caleta-Car.\",\"breadcrumb\":{\"@id\":\"https:\/\/dicodusport.fr\/blog\/mercato-ol-lyon-se-renseigne-pour-duje-caleta-car\/#breadcrumb\"},\"inLanguage\":\"fr-FR\",\"potentialAction\":[{\"@type\":\"ReadAction\",\"target\":[\"https:\/\/dicodusport.fr\/blog\/mercato-ol-lyon-se-renseigne-pour-duje-caleta-car\/\"]}]},{\"@type\":\"ImageObject\",\"inLanguage\":\"fr-FR\",\"@id\":\"https:\/\/dicodusport.fr\/blog\/mercato-ol-lyon-se-renseigne-pour-duje-caleta-car\/#primaryimage\",\"url\":\"https:\/\/dicodusport.fr\/blog\/wp-content\/uploads\/2023\/07\/Mercato-OL-Lyon-se-renseigne-pour-Duje-Caleta-Car.png\",\"contentUrl\":\"https:\/\/dicodusport.fr\/blog\/wp-content\/uploads\/2023\/07\/Mercato-OL-Lyon-se-renseigne-pour-Duje-Caleta-Car.png\",\"width\":800,\"height\":445},{\"@type\":\"BreadcrumbList\",\"@id\":\"https:\/\/dicodusport.fr\/blog\/mercato-ol-lyon-se-renseigne-pour-duje-caleta-car\/#breadcrumb\",\"itemListElement\":[{\"@type\":\"ListItem\",\"position\":1,\"name\":\"Accueil\",\"item\":\"https:\/\/dicodusport.fr\/blog\/\"},{\"@type\":\"ListItem\",\"position\":2,\"name\":\"Mercato OL : Lyon se renseigne pour Duje Caleta-Car\"}]},{\"@type\":\"WebSite\",\"@id\":\"https:\/\/dicodusport.fr\/blog\/#website\",\"url\":\"https:\/\/dicodusport.fr\/blog\/\",\"name\":\"Dicodusport\",\"description\":\"L&#039;encyclop\u00e9die de l&#039;actualit\u00e9 sportive\",\"publisher\":{\"@id\":\"https:\/\/dicodusport.fr\/blog\/#organization\"},\"potentialAction\":[{\"@type\":\"SearchAction\",\"target\":{\"@type\":\"EntryPoint\",\"urlTemplate\":\"https:\/\/dicodusport.fr\/blog\/?s={search_term_string}\"},\"query-input\":{\"@type\":\"PropertyValueSpecification\",\"valueRequired\":true,\"valueName\":\"search_term_string\"}}],\"inLanguage\":\"fr-FR\"},{\"@type\":\"NewsMediaOrganization\",\"@id\":\"https:\/\/dicodusport.fr\/blog\/#organization\",\"name\":\"Dicodusport\",\"url\":\"https:\/\/dicodusport.fr\/blog\/\",\"logo\":{\"@type\":\"ImageObject\",\"inLanguage\":\"fr-FR\",\"@id\":\"https:\/\/dicodusport.fr\/blog\/#\/schema\/logo\/image\/\",\"url\":\"https:\/\/dicodusport.fr\/blog\/wp-content\/uploads\/2020\/06\/cropped-LOGO-DICODUSPORT-2020-SANS-FOND-SANS-TEXTE.png\",\"contentUrl\":\"https:\/\/dicodusport.fr\/blog\/wp-content\/uploads\/2020\/06\/cropped-LOGO-DICODUSPORT-2020-SANS-FOND-SANS-TEXTE.png\",\"width\":512,\"height\":512,\"caption\":\"Dicodusport\"},\"image\":{\"@id\":\"https:\/\/dicodusport.fr\/blog\/#\/schema\/logo\/image\/\"},\"sameAs\":[\"https:\/\/www.facebook.com\/dicodusport\",\"https:\/\/x.com\/dicodusport\",\"https:\/\/www.instagram.com\/dicodusport\/\",\"https:\/\/www.youtube.com\/channel\/UC7V2KZ5sd3htJivAbA4ZG3w\"],\"description\":\"Dicodusport est l'encyclop\u00e9die de l'actualit\u00e9 sportive.\",\"email\":\"bonjour@dicodusport.fr\",\"legalName\":\"DICODUSPORT\",\"foundingDate\":\"2018-01-14\",\"vatID\":\"FR71834470973\",\"taxID\":\"83447097300043\",\"numberOfEmployees\":{\"@type\":\"QuantitativeValue\",\"minValue\":\"1\",\"maxValue\":\"10\"}},{\"@type\":\"Person\",\"@id\":\"https:\/\/dicodusport.fr\/blog\/#\/schema\/person\/55dcb50ad410894e431ed812bbb70191\",\"name\":\"Nicolas Jacquemard\",\"image\":{\"@type\":\"ImageObject\",\"inLanguage\":\"fr-FR\",\"@id\":\"https:\/\/dicodusport.fr\/blog\/#\/schema\/person\/image\/\",\"url\":\"https:\/\/dicodusport.fr\/blog\/wp-content\/uploads\/2021\/05\/Nicolas-Jacquemard-150x150.jpeg\",\"contentUrl\":\"https:\/\/dicodusport.fr\/blog\/wp-content\/uploads\/2021\/05\/Nicolas-Jacquemard-150x150.jpeg\",\"caption\":\"Nicolas Jacquemard\"},\"description\":\"Passionn\u00e9 de sport et entrepreneur depuis mes 18 ans, la cr\u00e9ation de Dicodusport m'a sembl\u00e9 \u00e9vidente pour participer \u00e0 la m\u00e9diatisation d'un plus grand nombre de sports. Le chemin est long mais avec une \u00e9quipe des plus motiv\u00e9es et les Jeux Olympiques de Paris 2024 en point de mire, nous y arriverons ! Journaliste dans le monde du sport depuis plus de 5 ans, je traite aussi bien de football, de rugby, de biathlon que de cyclisme.\",\"sameAs\":[\"https:\/\/www.facebook.com\/dicodusport\",\"https:\/\/x.com\/https:\/\/twitter.com\/Nico_Jacquemard\"],\"url\":\"https:\/\/dicodusport.fr\/blog\/author\/dicodusport\/\"}]}<\/script>\n<!-- \/ Yoast SEO Premium plugin. -->","yoast_head_json":{"title":"Mercato OL : Lyon se renseigne pour Duje Caleta-Car","description":"LIGUE 1 2023-2024 - Selon Foot Mercato, l'Olympique Lyonnais se renseigne pour recruter Duje Caleta-Car.","robots":{"index":"index","follow":"follow","max-snippet":"max-snippet:-1","max-image-preview":"max-image-preview:large","max-video-preview":"max-video-preview:-1"},"canonical":"https:\/\/dicodusport.fr\/blog\/mercato-ol-lyon-se-renseigne-pour-duje-caleta-car\/","og_locale":"fr_FR","og_type":"article","og_title":"Mercato OL : Lyon se renseigne pour Duje Caleta-Car","og_description":"LIGUE 1 2023-2024 - Selon Foot Mercato, l'Olympique Lyonnais se renseigne pour recruter Duje Caleta-Car.","og_url":"https:\/\/dicodusport.fr\/blog\/mercato-ol-lyon-se-renseigne-pour-duje-caleta-car\/","og_site_name":"Dicodusport","article_publisher":"https:\/\/www.facebook.com\/dicodusport","article_author":"https:\/\/www.facebook.com\/dicodusport","article_published_time":"2023-07-04T11:56:04+00:00","article_modified_time":"2023-07-04T12:15:56+00:00","og_image":[{"width":800,"height":445,"url":"https:\/\/dicodusport.fr\/blog\/wp-content\/uploads\/2023\/07\/Mercato-OL-Lyon-se-renseigne-pour-Duje-Caleta-Car.png","type":"image\/png"}],"author":"Nicolas Jacquemard","twitter_card":"summary_large_image","twitter_title":"Mercato OL : Lyon se renseigne pour Duje Caleta-Car","twitter_creator":"@https:\/\/twitter.com\/Nico_Jacquemard","twitter_site":"@dicodusport","schema":{"@context":"https:\/\/schema.org","@graph":[{"@type":"NewsArticle","@id":"https:\/\/dicodusport.fr\/blog\/mercato-ol-lyon-se-renseigne-pour-duje-caleta-car\/#article","isPartOf":{"@id":"https:\/\/dicodusport.fr\/blog\/mercato-ol-lyon-se-renseigne-pour-duje-caleta-car\/"},"author":{"name":"Nicolas Jacquemard","@id":"https:\/\/dicodusport.fr\/blog\/#\/schema\/person\/55dcb50ad410894e431ed812bbb70191"},"headline":"Mercato OL : Lyon se renseigne pour Duje Caleta-Car","datePublished":"2023-07-04T11:56:04+00:00","dateModified":"2023-07-04T12:15:56+00:00","mainEntityOfPage":{"@id":"https:\/\/dicodusport.fr\/blog\/mercato-ol-lyon-se-renseigne-pour-duje-caleta-car\/"},"wordCount":316,"commentCount":0,"publisher":{"@id":"https:\/\/dicodusport.fr\/blog\/#organization"},"image":{"@id":"https:\/\/dicodusport.fr\/blog\/mercato-ol-lyon-se-renseigne-pour-duje-caleta-car\/#primaryimage"},"thumbnailUrl":"https:\/\/dicodusport.fr\/blog\/wp-content\/uploads\/2023\/07\/Mercato-OL-Lyon-se-renseigne-pour-Duje-Caleta-Car.png","keywords":["br\u00e8ve","Duje Caleta-Car","Football","OL","OM"],"articleSection":["Football","Ligue 1"],"inLanguage":"fr-FR","potentialAction":[{"@type":"CommentAction","name":"Comment","target":["https:\/\/dicodusport.fr\/blog\/mercato-ol-lyon-se-renseigne-pour-duje-caleta-car\/#respond"]}],"copyrightYear":"2023","copyrightHolder":{"@id":"https:\/\/dicodusport.fr\/blog\/#organization"}},{"@type":"WebPage","@id":"https:\/\/dicodusport.fr\/blog\/mercato-ol-lyon-se-renseigne-pour-duje-caleta-car\/","url":"https:\/\/dicodusport.fr\/blog\/mercato-ol-lyon-se-renseigne-pour-duje-caleta-car\/","name":"Mercato OL : Lyon se renseigne pour Duje Caleta-Car","isPartOf":{"@id":"https:\/\/dicodusport.fr\/blog\/#website"},"primaryImageOfPage":{"@id":"https:\/\/dicodusport.fr\/blog\/mercato-ol-lyon-se-renseigne-pour-duje-caleta-car\/#primaryimage"},"image":{"@id":"https:\/\/dicodusport.fr\/blog\/mercato-ol-lyon-se-renseigne-pour-duje-caleta-car\/#primaryimage"},"thumbnailUrl":"https:\/\/dicodusport.fr\/blog\/wp-content\/uploads\/2023\/07\/Mercato-OL-Lyon-se-renseigne-pour-Duje-Caleta-Car.png","datePublished":"2023-07-04T11:56:04+00:00","dateModified":"2023-07-04T12:15:56+00:00","description":"LIGUE 1 2023-2024 - Selon Foot Mercato, l'Olympique Lyonnais se renseigne pour recruter Duje Caleta-Car.","breadcrumb":{"@id":"https:\/\/dicodusport.fr\/blog\/mercato-ol-lyon-se-renseigne-pour-duje-caleta-car\/#breadcrumb"},"inLanguage":"fr-FR","potentialAction":[{"@type":"ReadAction","target":["https:\/\/dicodusport.fr\/blog\/mercato-ol-lyon-se-renseigne-pour-duje-caleta-car\/"]}]},{"@type":"ImageObject","inLanguage":"fr-FR","@id":"https:\/\/dicodusport.fr\/blog\/mercato-ol-lyon-se-renseigne-pour-duje-caleta-car\/#primaryimage","url":"https:\/\/dicodusport.fr\/blog\/wp-content\/uploads\/2023\/07\/Mercato-OL-Lyon-se-renseigne-pour-Duje-Caleta-Car.png","contentUrl":"https:\/\/dicodusport.fr\/blog\/wp-content\/uploads\/2023\/07\/Mercato-OL-Lyon-se-renseigne-pour-Duje-Caleta-Car.png","width":800,"height":445},{"@type":"BreadcrumbList","@id":"https:\/\/dicodusport.fr\/blog\/mercato-ol-lyon-se-renseigne-pour-duje-caleta-car\/#breadcrumb","itemListElement":[{"@type":"ListItem","position":1,"name":"Accueil","item":"https:\/\/dicodusport.fr\/blog\/"},{"@type":"ListItem","position":2,"name":"Mercato OL : Lyon se renseigne pour Duje Caleta-Car"}]},{"@type":"WebSite","@id":"https:\/\/dicodusport.fr\/blog\/#website","url":"https:\/\/dicodusport.fr\/blog\/","name":"Dicodusport","description":"L&#039;encyclop\u00e9die de l&#039;actualit\u00e9 sportive","publisher":{"@id":"https:\/\/dicodusport.fr\/blog\/#organization"},"potentialAction":[{"@type":"SearchAction","target":{"@type":"EntryPoint","urlTemplate":"https:\/\/dicodusport.fr\/blog\/?s={search_term_string}"},"query-input":{"@type":"PropertyValueSpecification","valueRequired":true,"valueName":"search_term_string"}}],"inLanguage":"fr-FR"},{"@type":"NewsMediaOrganization","@id":"https:\/\/dicodusport.fr\/blog\/#organization","name":"Dicodusport","url":"https:\/\/dicodusport.fr\/blog\/","logo":{"@type":"ImageObject","inLanguage":"fr-FR","@id":"https:\/\/dicodusport.fr\/blog\/#\/schema\/logo\/image\/","url":"https:\/\/dicodusport.fr\/blog\/wp-content\/uploads\/2020\/06\/cropped-LOGO-DICODUSPORT-2020-SANS-FOND-SANS-TEXTE.png","contentUrl":"https:\/\/dicodusport.fr\/blog\/wp-content\/uploads\/2020\/06\/cropped-LOGO-DICODUSPORT-2020-SANS-FOND-SANS-TEXTE.png","width":512,"height":512,"caption":"Dicodusport"},"image":{"@id":"https:\/\/dicodusport.fr\/blog\/#\/schema\/logo\/image\/"},"sameAs":["https:\/\/www.facebook.com\/dicodusport","https:\/\/x.com\/dicodusport","https:\/\/www.instagram.com\/dicodusport\/","https:\/\/www.youtube.com\/channel\/UC7V2KZ5sd3htJivAbA4ZG3w"],"description":"Dicodusport est l'encyclop\u00e9die de l'actualit\u00e9 sportive.","email":"bonjour@dicodusport.fr","legalName":"DICODUSPORT","foundingDate":"2018-01-14","vatID":"FR71834470973","taxID":"83447097300043","numberOfEmployees":{"@type":"QuantitativeValue","minValue":"1","maxValue":"10"}},{"@type":"Person","@id":"https:\/\/dicodusport.fr\/blog\/#\/schema\/person\/55dcb50ad410894e431ed812bbb70191","name":"Nicolas Jacquemard","image":{"@type":"ImageObject","inLanguage":"fr-FR","@id":"https:\/\/dicodusport.fr\/blog\/#\/schema\/person\/image\/","url":"https:\/\/dicodusport.fr\/blog\/wp-content\/uploads\/2021\/05\/Nicolas-Jacquemard-150x150.jpeg","contentUrl":"https:\/\/dicodusport.fr\/blog\/wp-content\/uploads\/2021\/05\/Nicolas-Jacquemard-150x150.jpeg","caption":"Nicolas Jacquemard"},"description":"Passionn\u00e9 de sport et entrepreneur depuis mes 18 ans, la cr\u00e9ation de Dicodusport m'a sembl\u00e9 \u00e9vidente pour participer \u00e0 la m\u00e9diatisation d'un plus grand nombre de sports. Le chemin est long mais avec une \u00e9quipe des plus motiv\u00e9es et les Jeux Olympiques de Paris 2024 en point de mire, nous y arriverons ! Journaliste dans le monde du sport depuis plus de 5 ans, je traite aussi bien de football, de rugby, de biathlon que de cyclisme.","sameAs":["https:\/\/www.facebook.com\/dicodusport","https:\/\/x.com\/https:\/\/twitter.com\/Nico_Jacquemard"],"url":"https:\/\/dicodusport.fr\/blog\/author\/dicodusport\/"}]}},"_links":{"self":[{"href":"https:\/\/dicodusport.fr\/blog\/wp-json\/wp\/v2\/posts\/397245","targetHints":{"allow":["GET"]}}],"collection":[{"href":"https:\/\/dicodusport.fr\/blog\/wp-json\/wp\/v2\/posts"}],"about":[{"href":"https:\/\/dicodusport.fr\/blog\/wp-json\/wp\/v2\/types\/post"}],"author":[{"embeddable":true,"href":"https:\/\/dicodusport.fr\/blog\/wp-json\/wp\/v2\/users\/1"}],"replies":[{"embeddable":true,"href":"https:\/\/dicodusport.fr\/blog\/wp-json\/wp\/v2\/comments?post=397245"}],"version-history":[{"count":0,"href":"https:\/\/dicodusport.fr\/blog\/wp-json\/wp\/v2\/posts\/397245\/revisions"}],"wp:featuredmedia":[{"embeddable":true,"href":"https:\/\/dicodusport.fr\/blog\/wp-json\/wp\/v2\/media\/397246"}],"wp:attachment":[{"href":"https:\/\/dicodusport.fr\/blog\/wp-json\/wp\/v2\/media?parent=397245"}],"wp:term":[{"taxonomy":"category","embeddable":true,"href":"https:\/\/dicodusport.fr\/blog\/wp-json\/wp\/v2\/categories?post=397245"},{"taxonomy":"post_tag","embeddable":true,"href":"https:\/\/dicodusport.fr\/blog\/wp-json\/wp\/v2\/tags?post=397245"}],"curies":[{"name":"wp","href":"https:\/\/api.w.org\/{rel}","templated":true}]}}