{"id":397307,"date":"2023-07-05T10:00:10","date_gmt":"2023-07-05T08:00:10","guid":{"rendered":"https:\/\/dicodusport.fr\/blog\/?p=397307&#038;preview=true&#038;preview_id=397307"},"modified":"2023-07-05T08:01:49","modified_gmt":"2023-07-05T06:01:49","slug":"athletisme-championnats-deurope-espoirs-2023-la-selection-francaise","status":"publish","type":"post","link":"https:\/\/dicodusport.fr\/blog\/athletisme-championnats-deurope-espoirs-2023-la-selection-francaise\/","title":{"rendered":"Athl\u00e9tisme &#8211; Championnats d&rsquo;Europe espoirs 2023 : la s\u00e9lection fran\u00e7aise"},"content":{"rendered":"<p style=\"text-align: justify;\"><em><strong>Les Championnats d&rsquo;Europe espoirs d&rsquo;athl\u00e9tisme ont lieu du 13 au 16 juillet \u00e0 Espoo (Finlande). <\/strong><\/em><em><strong>L&rsquo;\u00e9quipe de France sera emmen\u00e9e par 15 r\u00e9cents <a href=\"https:\/\/dicodusport.fr\/blog\/calendrier-et-resultats-championnats-de-france-espoirs-dathletisme-2023\/\" target=\"_blank\" rel=\"noopener\">champions de France espoirs<\/a> comme Gemima Joseph, Louise Maraval, Flavien Szot ou encore Robin Emig.<\/strong><\/em><\/p>\n<p>En 2021, la France avait obtenu <strong>17 m\u00e9dailles<\/strong> dont 3 titres (<strong>Flavie Renouard<\/strong>\/3000 m steeple, <strong>relais 4X400 m masculin<\/strong> et <strong>Ethan Cormont<\/strong>\/perche).<\/p>\n<h2 style=\"text-align: justify;\">Femmes<\/h2>\n<div class=\"su-table su-table-alternate\">\n<table style=\"width: 100%;border-collapse: collapse\" border=\"2\" cellspacing=\"1\">\n<tbody>\n<tr>\n<td style=\"width: 25%;text-align: center;vertical-align: middle\"><strong>Nom<\/strong><\/td>\n<td style=\"width: 25%;text-align: center;vertical-align: middle\"><strong>Pr\u00e9nom<\/strong><\/td>\n<td style=\"text-align: center;width: 10%;vertical-align: middle\"><strong>\u00c2ge<\/strong><\/td>\n<td style=\"text-align: center;width: 20%;vertical-align: middle\"><strong>Discipline<\/strong><\/td>\n<td style=\"text-align: center;width: 20%;vertical-align: middle\"><strong>Club<\/strong><\/td>\n<\/tr>\n<tr>\n<td style=\"width: 25%;vertical-align: middle;text-align: center\">GALET<\/td>\n<td style=\"width: 25%;vertical-align: middle;text-align: center\">Chlo\u00e9<\/td>\n<td style=\"text-align: center;width: 10%;vertical-align: middle\">21<\/td>\n<td style=\"width: 20%;vertical-align: middle;text-align: center\">100 m &#8211; 4X100 m<\/td>\n<td style=\"width: 20%;vertical-align: middle;text-align: center\">Entente Sambre Avesnois 59<\/td>\n<\/tr>\n<tr>\n<td style=\"width: 25%;vertical-align: middle;text-align: center\">RIMLINGER<\/td>\n<td style=\"width: 25%;vertical-align: middle;text-align: center\">Marie-Ange<\/td>\n<td style=\"text-align: center;width: 10%;vertical-align: middle\">21<\/td>\n<td style=\"width: 20%;vertical-align: middle;text-align: center\">100 m &#8211; 4X100 m<\/td>\n<td style=\"width: 20%;vertical-align: middle;text-align: center\">US Forbach<\/td>\n<\/tr>\n<tr>\n<td style=\"width: 25%;vertical-align: middle;text-align: center\">JOSEPH<\/td>\n<td style=\"width: 25%;vertical-align: middle;text-align: center\">Gemima<\/td>\n<td style=\"text-align: center;width: 10%;vertical-align: middle\">21<\/td>\n<td style=\"width: 20%;vertical-align: middle;text-align: center\">200 m &#8211; 4X100 m<\/td>\n<td style=\"width: 20%;vertical-align: middle;text-align: center\">Rou Kou<\/td>\n<\/tr>\n<tr>\n<td style=\"width: 25%;vertical-align: middle;text-align: center\">PAMERA<\/td>\n<td style=\"width: 25%;vertical-align: middle;text-align: center\">Losange<\/td>\n<td style=\"text-align: center;width: 10%;vertical-align: middle\">20<\/td>\n<td style=\"width: 20%;vertical-align: middle;text-align: center\">200 m &#8211; 4X100 m<\/td>\n<td style=\"width: 20%;vertical-align: middle;text-align: center\">Entente Franconville Cesame Vo<\/td>\n<\/tr>\n<tr>\n<td style=\"width: 25%;vertical-align: middle;text-align: center\">CHEROT<\/td>\n<td style=\"width: 25%;vertical-align: middle;text-align: center\">Julia<\/td>\n<td style=\"text-align: center;width: 10%;vertical-align: middle\">21<\/td>\n<td style=\"width: 20%;vertical-align: middle;text-align: center\">800 m<\/td>\n<td style=\"width: 20%;vertical-align: middle;text-align: center\">Athle du Pays de Vannes<\/td>\n<\/tr>\n<tr>\n<td style=\"width: 25%;vertical-align: middle;text-align: center\">DROUIN<\/td>\n<td style=\"width: 25%;vertical-align: middle;text-align: center\">Maena<\/td>\n<td style=\"text-align: center;width: 10%;vertical-align: middle\">22<\/td>\n<td style=\"width: 20%;vertical-align: middle;text-align: center\">400 m haies<\/td>\n<td style=\"width: 20%;vertical-align: middle;text-align: center\">Ja Montfort-Gesnois<\/td>\n<\/tr>\n<tr>\n<td style=\"width: 25%;vertical-align: middle;text-align: center\">MARAVAL<\/td>\n<td style=\"width: 25%;vertical-align: middle;text-align: center\">Louise<\/td>\n<td style=\"text-align: center;width: 10%;vertical-align: middle\">21<\/td>\n<td style=\"width: 20%;vertical-align: middle;text-align: center\">400 m haies &#8211; 4X400 m<\/td>\n<td style=\"width: 20%;vertical-align: middle;text-align: center\">Entente Sevre<\/td>\n<\/tr>\n<tr>\n<td style=\"width: 25%;vertical-align: middle;text-align: center\">MAXWELL<\/td>\n<td style=\"width: 25%;vertical-align: middle;text-align: center\">Laureen<\/td>\n<td style=\"text-align: center;width: 10%;vertical-align: middle\">21<\/td>\n<td style=\"width: 20%;vertical-align: middle;text-align: center\">Hauteur<\/td>\n<td style=\"width: 20%;vertical-align: middle;text-align: center\">Athle 91<\/td>\n<\/tr>\n<tr>\n<td style=\"width: 25%;vertical-align: middle;text-align: center\">BONNIN<\/td>\n<td style=\"width: 25%;vertical-align: middle;text-align: center\">Marie-Julie<\/td>\n<td style=\"text-align: center;width: 10%;vertical-align: middle\">21<\/td>\n<td style=\"width: 20%;vertical-align: middle;text-align: center\">Perche<\/td>\n<td style=\"width: 20%;vertical-align: middle;text-align: center\">Stade Bordelais Athl\u00e9tisme<\/td>\n<\/tr>\n<tr>\n<td style=\"width: 25%;vertical-align: middle;text-align: center\">MAUBERRET<\/td>\n<td style=\"width: 25%;vertical-align: middle;text-align: center\">L\u00e9a<\/td>\n<td style=\"text-align: center;width: 10%;vertical-align: middle\">20<\/td>\n<td style=\"width: 20%;vertical-align: middle;text-align: center\">Perche<\/td>\n<td style=\"width: 20%;vertical-align: middle;text-align: center\">EA Grenoble<\/td>\n<\/tr>\n<tr>\n<td style=\"width: 25%;vertical-align: middle;text-align: center\">RUSSIS<\/td>\n<td style=\"width: 25%;vertical-align: middle;text-align: center\">Elise<\/td>\n<td style=\"text-align: center;width: 10%;vertical-align: middle\">19<\/td>\n<td style=\"width: 20%;vertical-align: middle;text-align: center\">Perche<\/td>\n<td style=\"width: 20%;vertical-align: middle;text-align: center\">Stade Sottevilais<\/td>\n<\/tr>\n<tr>\n<td style=\"width: 25%;vertical-align: middle;text-align: center\">MAUCHANT<\/td>\n<td style=\"width: 25%;vertical-align: middle;text-align: center\">Tiphaine<\/td>\n<td style=\"text-align: center;width: 10%;vertical-align: middle\">22<\/td>\n<td style=\"width: 20%;vertical-align: middle;text-align: center\">Longueur<\/td>\n<td style=\"width: 20%;vertical-align: middle;text-align: center\">Amiens Uc<\/td>\n<\/tr>\n<tr>\n<td style=\"width: 25%;vertical-align: middle;text-align: center\">BEAL<\/td>\n<td style=\"width: 25%;vertical-align: middle;text-align: center\">C\u00e9rane<\/td>\n<td style=\"text-align: center;width: 10%;vertical-align: middle\">21<\/td>\n<td style=\"width: 20%;vertical-align: middle;text-align: center\">Triple saut<\/td>\n<td style=\"width: 20%;vertical-align: middle;text-align: center\">Montpellier Athletic MM<\/td>\n<\/tr>\n<tr>\n<td style=\"width: 25%;vertical-align: middle;text-align: center\">ILUNGA MBUYI<\/td>\n<td style=\"width: 25%;vertical-align: middle;text-align: center\">Eunice<\/td>\n<td style=\"text-align: center;width: 10%;vertical-align: middle\">21<\/td>\n<td style=\"width: 20%;vertical-align: middle;text-align: center\">Triple saut<\/td>\n<td style=\"width: 20%;vertical-align: middle;text-align: center\">Ec Orl\u00e9ans Cercle Jules Ferry<\/td>\n<\/tr>\n<tr>\n<td style=\"width: 25%;vertical-align: middle;text-align: center\">WAMOKPEGO<\/td>\n<td style=\"width: 25%;vertical-align: middle;text-align: center\">Daniela-Martine<\/td>\n<td style=\"text-align: center;width: 10%;vertical-align: middle\">21<\/td>\n<td style=\"width: 20%;vertical-align: middle;text-align: center\">Triple saut<\/td>\n<td style=\"width: 20%;vertical-align: middle;text-align: center\">Entente Franconville Cesame Vo<\/td>\n<\/tr>\n<tr>\n<td style=\"width: 25%;vertical-align: middle;text-align: center\">LOGA<\/td>\n<td style=\"width: 25%;vertical-align: middle;text-align: center\">Rose<\/td>\n<td style=\"text-align: center;width: 10%;vertical-align: middle\">20<\/td>\n<td style=\"width: 20%;vertical-align: middle;text-align: center\">Marteau<\/td>\n<td style=\"width: 20%;vertical-align: middle;text-align: center\">Athle Chartres Luce Asptt<\/td>\n<\/tr>\n<tr>\n<td style=\"width: 25%;vertical-align: middle;text-align: center\">MARAVAL<\/td>\n<td style=\"width: 25%;vertical-align: middle;text-align: center\">Jade<\/td>\n<td style=\"text-align: center;width: 10%;vertical-align: middle\">21<\/td>\n<td style=\"width: 20%;vertical-align: middle;text-align: center\">Javelot<\/td>\n<td style=\"width: 20%;vertical-align: middle;text-align: center\">Montb\u00e9liard Belfort Athl\u00e9tisme<\/td>\n<\/tr>\n<tr>\n<td style=\"width: 25%;vertical-align: middle;text-align: center\">BIKEMBO<\/td>\n<td style=\"width: 25%;vertical-align: middle;text-align: center\">Pauline<\/td>\n<td style=\"text-align: center;width: 10%;vertical-align: middle\">20<\/td>\n<td style=\"width: 20%;vertical-align: middle;text-align: center\">Heptathlon<\/td>\n<td style=\"width: 20%;vertical-align: middle;text-align: center\">CA Montreuil 93<\/td>\n<\/tr>\n<tr>\n<td style=\"width: 25%;vertical-align: middle;text-align: center\">DESAILLY<\/td>\n<td style=\"width: 25%;vertical-align: middle;text-align: center\">No\u00e9mie<\/td>\n<td style=\"text-align: center;width: 10%;vertical-align: middle\">20<\/td>\n<td style=\"width: 20%;vertical-align: middle;text-align: center\">Heptathlon<\/td>\n<td style=\"width: 20%;vertical-align: middle;text-align: center\">Athl\u00e9 78<\/td>\n<\/tr>\n<tr>\n<td style=\"width: 25%;vertical-align: middle;text-align: center\">CARRE<\/td>\n<td style=\"width: 25%;vertical-align: middle;text-align: center\">Elvina<\/td>\n<td style=\"text-align: center;width: 10%;vertical-align: middle\">20<\/td>\n<td style=\"width: 20%;vertical-align: middle;text-align: center\">20 km marche<\/td>\n<td style=\"width: 20%;vertical-align: middle;text-align: center\">AS Tournus<\/td>\n<\/tr>\n<tr>\n<td style=\"width: 25%;vertical-align: middle;text-align: center\">MOUTARD<\/td>\n<td style=\"width: 25%;vertical-align: middle;text-align: center\">Camille<\/td>\n<td style=\"text-align: center;width: 10%;vertical-align: middle\">21<\/td>\n<td style=\"width: 20%;vertical-align: middle;text-align: center\">20 km marche<\/td>\n<td style=\"width: 20%;vertical-align: middle;text-align: center\">Athl\u00e9 21<\/td>\n<\/tr>\n<tr>\n<td style=\"width: 25%;vertical-align: middle;text-align: center\">STEY<\/td>\n<td style=\"width: 25%;vertical-align: middle;text-align: center\">Pauline<\/td>\n<td style=\"text-align: center;width: 10%;vertical-align: middle\">21<\/td>\n<td style=\"width: 20%;vertical-align: middle;text-align: center\">20 km marche<\/td>\n<td style=\"width: 20%;vertical-align: middle;text-align: center\">Alsace Nord Athl\u00e9tisme<\/td>\n<\/tr>\n<tr>\n<td style=\"width: 25%;vertical-align: middle;text-align: center\">GODE<\/td>\n<td style=\"width: 25%;vertical-align: middle;text-align: center\">Ange Hilary<\/td>\n<td style=\"text-align: center;width: 10%;vertical-align: middle\">19<\/td>\n<td style=\"width: 20%;vertical-align: middle;text-align: center\">4X100 m<\/td>\n<td style=\"width: 20%;vertical-align: middle;text-align: center\">Al Voiron<\/td>\n<\/tr>\n<tr>\n<td style=\"width: 25%;vertical-align: middle;text-align: center\">KOUASSI<\/td>\n<td style=\"width: 25%;vertical-align: middle;text-align: center\">Serena<\/td>\n<td style=\"text-align: center;width: 10%;vertical-align: middle\">19<\/td>\n<td style=\"width: 20%;vertical-align: middle;text-align: center\">4X100 m<\/td>\n<td style=\"width: 20%;vertical-align: middle;text-align: center\">AC Paris-Joinville<\/td>\n<\/tr>\n<tr>\n<td style=\"width: 25%;vertical-align: middle;text-align: center\">MARTIAL-EHOULET<\/td>\n<td style=\"width: 25%;vertical-align: middle;text-align: center\">Leelou<\/td>\n<td style=\"text-align: center;width: 10%;vertical-align: middle\">21<\/td>\n<td style=\"width: 20%;vertical-align: middle;text-align: center\">4X100 m<\/td>\n<td style=\"width: 20%;vertical-align: middle;text-align: center\">Good Luck Athletisme<\/td>\n<\/tr>\n<tr>\n<td style=\"width: 25%;vertical-align: middle;text-align: center\">DELAUNAY-BELLEVILLE<\/td>\n<td style=\"width: 25%;vertical-align: middle;text-align: center\">Cassandra<\/td>\n<td style=\"text-align: center;width: 10%;vertical-align: middle\">22<\/td>\n<td style=\"width: 20%;vertical-align: middle;text-align: center\">4X400 m<\/td>\n<td style=\"width: 20%;vertical-align: middle;text-align: center\">Montb\u00e9liard Belfort Athl\u00e9tisme<\/td>\n<\/tr>\n<tr>\n<td style=\"width: 25%;vertical-align: middle;text-align: center\">LASSERRE<\/td>\n<td style=\"width: 25%;vertical-align: middle;text-align: center\">Marina<\/td>\n<td style=\"text-align: center;width: 10%;vertical-align: middle\">20<\/td>\n<td style=\"width: 20%;vertical-align: middle;text-align: center\">4X400 m<\/td>\n<td style=\"width: 20%;vertical-align: middle;text-align: center\">AAS Sarcelles Athl\u00e9tisme<\/td>\n<\/tr>\n<tr>\n<td style=\"width: 25%;vertical-align: middle;text-align: center\">POUZANCRE HOYER<\/td>\n<td style=\"width: 25%;vertical-align: middle;text-align: center\">Lou-Anne<\/td>\n<td style=\"text-align: center;width: 10%;vertical-align: middle\">19<\/td>\n<td style=\"width: 20%;vertical-align: middle;text-align: center\">4X400 m<\/td>\n<td style=\"width: 20%;vertical-align: middle;text-align: center\">Entente N\u00eemes Athl\u00e9tisme<\/td>\n<\/tr>\n<tr>\n<td style=\"width: 25%;vertical-align: middle;text-align: center\">THERY<\/td>\n<td style=\"width: 25%;vertical-align: middle;text-align: center\">L\u00e9a<\/td>\n<td style=\"text-align: center;width: 10%;vertical-align: middle\">19<\/td>\n<td style=\"width: 20%;vertical-align: middle;text-align: center\">4X400 m<\/td>\n<td style=\"width: 20%;vertical-align: middle;text-align: center\">Villeneuve d&rsquo;Ascq Fretin Athl\u00e9<\/td>\n<\/tr>\n<tr>\n<td style=\"width: 25%;vertical-align: middle;text-align: center\">TORIEL<\/td>\n<td style=\"width: 25%;vertical-align: middle;text-align: center\">Pauline<\/td>\n<td style=\"text-align: center;width: 10%;vertical-align: middle\">22<\/td>\n<td style=\"width: 20%;vertical-align: middle;text-align: center\">4X400 m<\/td>\n<td style=\"width: 20%;vertical-align: middle;text-align: center\">EA Cergy Pontoise Athl\u00e9tisme<\/td>\n<\/tr>\n<\/tbody>\n<\/table>\n<\/div>\n<h2 style=\"text-align: justify;\">Hommes<\/h2>\n<div class=\"su-table su-table-alternate\">\n<table style=\"width: 100%;border-collapse: collapse\" border=\"2\" cellspacing=\"1\">\n<tbody>\n<tr>\n<td style=\"width: 25%;text-align: center;vertical-align: middle\"><strong>Nom<\/strong><\/td>\n<td style=\"width: 25%;text-align: center;vertical-align: middle\"><strong>Pr\u00e9nom<\/strong><\/td>\n<td style=\"text-align: center;width: 10%;vertical-align: middle\"><strong>\u00c2ge<\/strong><\/td>\n<td style=\"text-align: center;width: 20%;vertical-align: middle\"><strong>Discipline<\/strong><\/td>\n<td style=\"text-align: center;width: 20%;vertical-align: middle\"><strong>Club<\/strong><\/td>\n<\/tr>\n<tr>\n<td style=\"width: 25%;vertical-align: middle;text-align: center\">MATEO<\/td>\n<td style=\"width: 25%;vertical-align: middle;text-align: center\">Pablo<\/td>\n<td style=\"width: 10%;vertical-align: middle;text-align: center\">22<\/td>\n<td style=\"width: 20%;vertical-align: middle;text-align: center\">100 m &#8211; 4X100 m<\/td>\n<td style=\"width: 20%;vertical-align: middle;text-align: center\">Lisses Ac<\/td>\n<\/tr>\n<tr>\n<td style=\"width: 25%;vertical-align: middle;text-align: center\">ANICET<\/td>\n<td style=\"width: 25%;vertical-align: middle;text-align: center\">Jehan<\/td>\n<td style=\"width: 10%;vertical-align: middle;text-align: center\">22<\/td>\n<td style=\"width: 20%;vertical-align: middle;text-align: center\">200 m &#8211; 4X100 m<\/td>\n<td style=\"width: 20%;vertical-align: middle;text-align: center\">EFS Reims<\/td>\n<\/tr>\n<tr>\n<td style=\"width: 25%;vertical-align: middle;text-align: center\">CERRA<\/td>\n<td style=\"width: 25%;vertical-align: middle;text-align: center\">Hugo<\/td>\n<td style=\"width: 10%;vertical-align: middle;text-align: center\">2<\/td>\n<td style=\"width: 20%;vertical-align: middle;text-align: center\">200 m &#8211; 4X100 m<\/td>\n<td style=\"width: 20%;vertical-align: middle;text-align: center\">US Talence<\/td>\n<\/tr>\n<tr>\n<td style=\"width: 25%;vertical-align: middle;text-align: center\">JALCE<\/td>\n<td style=\"width: 25%;vertical-align: middle;text-align: center\">Jordan<\/td>\n<td style=\"width: 10%;vertical-align: middle;text-align: center\">20<\/td>\n<td style=\"width: 20%;vertical-align: middle;text-align: center\">200 m &#8211; 4X100 m<\/td>\n<td style=\"width: 20%;vertical-align: middle;text-align: center\">US Athl\u00e9tique de Li\u00e9vin<\/td>\n<\/tr>\n<tr>\n<td style=\"width: 25%;vertical-align: middle;text-align: center\">OUCENI<\/td>\n<td style=\"width: 25%;vertical-align: middle;text-align: center\">Ludovic<\/td>\n<td style=\"width: 10%;vertical-align: middle;text-align: center\">22<\/td>\n<td style=\"width: 20%;vertical-align: middle;text-align: center\">400 m &#8211; 4X400 m<\/td>\n<td style=\"width: 20%;vertical-align: middle;text-align: center\">Pierrefitte Multi Athlon<\/td>\n<\/tr>\n<tr>\n<td style=\"width: 25%;vertical-align: middle;text-align: center\">ANSELMINI<\/td>\n<td style=\"width: 25%;vertical-align: middle;text-align: center\">Paul<\/td>\n<td style=\"width: 10%;vertical-align: middle;text-align: center\">19<\/td>\n<td style=\"width: 20%;vertical-align: middle;text-align: center\">800 m<\/td>\n<td style=\"width: 20%;vertical-align: middle;text-align: center\">Entente Franconville Cesame Vo<\/td>\n<\/tr>\n<tr>\n<td style=\"width: 25%;vertical-align: middle;text-align: center\">MAGNOU<\/td>\n<td style=\"width: 25%;vertical-align: middle;text-align: center\">Corentin<\/td>\n<td style=\"width: 10%;vertical-align: middle;text-align: center\">21<\/td>\n<td style=\"width: 20%;vertical-align: middle;text-align: center\">800 m<\/td>\n<td style=\"width: 20%;vertical-align: middle;text-align: center\">US Talence<\/td>\n<\/tr>\n<tr>\n<td style=\"width: 25%;vertical-align: middle;text-align: center\">MEZIANE<\/td>\n<td style=\"width: 25%;vertical-align: middle;text-align: center\">Yanis<\/td>\n<td style=\"width: 10%;vertical-align: middle;text-align: center\">21<\/td>\n<td style=\"width: 20%;vertical-align: middle;text-align: center\">800 m<\/td>\n<td style=\"width: 20%;vertical-align: middle;text-align: center\">Athl\u00e9 91<\/td>\n<\/tr>\n<tr>\n<td style=\"width: 25%;vertical-align: middle;text-align: center\">DESMIDT<\/td>\n<td style=\"width: 25%;vertical-align: middle;text-align: center\">Martin<\/td>\n<td style=\"width: 10%;vertical-align: middle;text-align: center\">22<\/td>\n<td style=\"width: 20%;vertical-align: middle;text-align: center\">1500 m<\/td>\n<td style=\"width: 20%;vertical-align: middle;text-align: center\">Lille M\u00e9tropole Athl\u00e9tisme<\/td>\n<\/tr>\n<tr>\n<td style=\"width: 25%;vertical-align: middle;text-align: center\">PIQUART<\/td>\n<td style=\"width: 25%;vertical-align: middle;text-align: center\">Thomas<\/td>\n<td style=\"width: 10%;vertical-align: middle;text-align: center\">21<\/td>\n<td style=\"width: 20%;vertical-align: middle;text-align: center\">1500 m<\/td>\n<td style=\"width: 20%;vertical-align: middle;text-align: center\">Athl\u00e9 Bocage Vend\u00e9e<\/td>\n<\/tr>\n<tr>\n<td style=\"width: 25%;vertical-align: middle;text-align: center\">SZOT<\/td>\n<td style=\"width: 25%;vertical-align: middle;text-align: center\">Flavien<\/td>\n<td style=\"width: 10%;vertical-align: middle;text-align: center\">21<\/td>\n<td style=\"width: 20%;vertical-align: middle;text-align: center\">1500 m<\/td>\n<td style=\"width: 20%;vertical-align: middle;text-align: center\">Stade Bordelais Athl\u00e9tisme<\/td>\n<\/tr>\n<tr>\n<td style=\"width: 25%;vertical-align: middle;text-align: center\">SCOMPARIN<\/td>\n<td style=\"width: 25%;vertical-align: middle;text-align: center\">Lo\u00efc<\/td>\n<td style=\"width: 10%;vertical-align: middle;text-align: center\">22<\/td>\n<td style=\"width: 20%;vertical-align: middle;text-align: center\">5000 m<\/td>\n<td style=\"width: 20%;vertical-align: middle;text-align: center\">Montpellier Athletic MM<\/td>\n<\/tr>\n<tr>\n<td style=\"width: 25%;vertical-align: middle;text-align: center\">GUILHOT<\/td>\n<td style=\"width: 25%;vertical-align: middle;text-align: center\">Fran\u00e7ois<\/td>\n<td style=\"width: 10%;vertical-align: middle;text-align: center\">21<\/td>\n<td style=\"width: 20%;vertical-align: middle;text-align: center\">10000 m<\/td>\n<td style=\"width: 20%;vertical-align: middle;text-align: center\">EA Grenoble 38<\/td>\n<\/tr>\n<tr>\n<td style=\"width: 25%;vertical-align: middle;text-align: center\">MARQUANT<\/td>\n<td style=\"width: 25%;vertical-align: middle;text-align: center\">Antonin<\/td>\n<td style=\"width: 10%;vertical-align: middle;text-align: center\">21<\/td>\n<td style=\"width: 20%;vertical-align: middle;text-align: center\">10000 m<\/td>\n<td style=\"width: 20%;vertical-align: middle;text-align: center\">RC Arras<\/td>\n<\/tr>\n<tr>\n<td style=\"width: 25%;vertical-align: middle;text-align: center\">CINNA<\/td>\n<td style=\"width: 25%;vertical-align: middle;text-align: center\">Erwann<\/td>\n<td style=\"width: 10%;vertical-align: middle;text-align: center\">19<\/td>\n<td style=\"width: 20%;vertical-align: middle;text-align: center\">110 m haies<\/td>\n<td style=\"width: 20%;vertical-align: middle;text-align: center\">Athl\u00e9 91<\/td>\n<\/tr>\n<tr>\n<td style=\"width: 25%;vertical-align: middle;text-align: center\">FLETCHER<\/td>\n<td style=\"width: 25%;vertical-align: middle;text-align: center\">Kenny<\/td>\n<td style=\"width: 10%;vertical-align: middle;text-align: center\">22<\/td>\n<td style=\"width: 20%;vertical-align: middle;text-align: center\">110 m haies<\/td>\n<td style=\"width: 20%;vertical-align: middle;text-align: center\">Entente Franconville Cesame Vo<\/td>\n<\/tr>\n<tr>\n<td style=\"width: 25%;vertical-align: middle;text-align: center\">ZHOYA<\/td>\n<td style=\"width: 25%;vertical-align: middle;text-align: center\">Sasha<\/td>\n<td style=\"width: 10%;vertical-align: middle;text-align: center\">21<\/td>\n<td style=\"width: 20%;vertical-align: middle;text-align: center\">110 m haies<\/td>\n<td style=\"width: 20%;vertical-align: middle;text-align: center\">Clermont Auvergne Athl\u00e9tisme<\/td>\n<\/tr>\n<tr>\n<td style=\"width: 25%;vertical-align: middle;text-align: center\">CRISCI<\/td>\n<td style=\"width: 25%;vertical-align: middle;text-align: center\">Fantin<\/td>\n<td style=\"width: 10%;vertical-align: middle;text-align: center\">21<\/td>\n<td style=\"width: 20%;vertical-align: middle;text-align: center\">400 m haies<\/td>\n<td style=\"width: 20%;vertical-align: middle;text-align: center\">EA Grenoble 38<\/td>\n<\/tr>\n<tr>\n<td style=\"width: 25%;vertical-align: middle;text-align: center\">DUCOS<\/td>\n<td style=\"width: 25%;vertical-align: middle;text-align: center\">Cl\u00e9ment<\/td>\n<td style=\"width: 10%;vertical-align: middle;text-align: center\">22<\/td>\n<td style=\"width: 20%;vertical-align: middle;text-align: center\">400 m haies &#8211; 4X400 m<\/td>\n<td style=\"width: 20%;vertical-align: middle;text-align: center\">Bordeaux EC<\/td>\n<\/tr>\n<tr>\n<td style=\"width: 25%;vertical-align: middle;text-align: center\">MENIN<\/td>\n<td style=\"width: 25%;vertical-align: middle;text-align: center\">Hugo<\/td>\n<td style=\"width: 10%;vertical-align: middle;text-align: center\">22<\/td>\n<td style=\"width: 20%;vertical-align: middle;text-align: center\">400 m haies<\/td>\n<td style=\"width: 20%;vertical-align: middle;text-align: center\">Villeneuve d&rsquo;Ascq Fretin Athl\u00e9<\/td>\n<\/tr>\n<tr>\n<td style=\"width: 25%;vertical-align: middle;text-align: center\">BRESC<\/td>\n<td style=\"width: 25%;vertical-align: middle;text-align: center\">Valentin<\/td>\n<td style=\"width: 10%;vertical-align: middle;text-align: center\">22<\/td>\n<td style=\"width: 20%;vertical-align: middle;text-align: center\">3000 m steeple<\/td>\n<td style=\"width: 20%;vertical-align: middle;text-align: center\">Declines Meyzieu Athl\u00e9tisme<\/td>\n<\/tr>\n<tr>\n<td style=\"width: 25%;vertical-align: middle;text-align: center\">GUYON<\/td>\n<td style=\"width: 25%;vertical-align: middle;text-align: center\">Baptiste<\/td>\n<td style=\"width: 10%;vertical-align: middle;text-align: center\">22<\/td>\n<td style=\"width: 20%;vertical-align: middle;text-align: center\">3000 m steeple<\/td>\n<td style=\"width: 20%;vertical-align: middle;text-align: center\">AC Romorantin<\/td>\n<\/tr>\n<tr>\n<td style=\"width: 25%;vertical-align: middle;text-align: center\">LE BARON<\/td>\n<td style=\"width: 25%;vertical-align: middle;text-align: center\">Luc<\/td>\n<td style=\"width: 10%;vertical-align: middle;text-align: center\">21<\/td>\n<td style=\"width: 20%;vertical-align: middle;text-align: center\">3000 m steeple<\/td>\n<td style=\"width: 20%;vertical-align: middle;text-align: center\">Doubs Sud Athl\u00e9tisme<\/td>\n<\/tr>\n<tr>\n<td style=\"width: 25%;vertical-align: middle;text-align: center\">BAYINDOULA<\/td>\n<td style=\"width: 25%;vertical-align: middle;text-align: center\">Jason<\/td>\n<td style=\"width: 10%;vertical-align: middle;text-align: center\">21<\/td>\n<td style=\"width: 20%;vertical-align: middle;text-align: center\">Hauteur<\/td>\n<td style=\"width: 20%;vertical-align: middle;text-align: center\">EA Cergy Pontoise Athl\u00e9tisme<\/td>\n<\/tr>\n<tr>\n<td style=\"width: 25%;vertical-align: middle;text-align: center\">AMMIRATI<\/td>\n<td style=\"width: 25%;vertical-align: middle;text-align: center\">Anthony<\/td>\n<td style=\"width: 10%;vertical-align: middle;text-align: center\">19<\/td>\n<td style=\"width: 20%;vertical-align: middle;text-align: center\">Perche<\/td>\n<td style=\"width: 20%;vertical-align: middle;text-align: center\">E Pays Fayence Athl\u00e9tisme<\/td>\n<\/tr>\n<tr>\n<td style=\"width: 25%;vertical-align: middle;text-align: center\">EMIG<\/td>\n<td style=\"width: 25%;vertical-align: middle;text-align: center\">Robin<\/td>\n<td style=\"width: 10%;vertical-align: middle;text-align: center\">22<\/td>\n<td style=\"width: 20%;vertical-align: middle;text-align: center\">Perche<\/td>\n<td style=\"width: 20%;vertical-align: middle;text-align: center\">Gap Hautes Alpes Athl\u00e9tisme<\/td>\n<\/tr>\n<tr>\n<td style=\"width: 25%;vertical-align: middle;text-align: center\">THIERY<\/td>\n<td style=\"width: 25%;vertical-align: middle;text-align: center\">Baptiste<\/td>\n<td style=\"width: 10%;vertical-align: middle;text-align: center\">22<\/td>\n<td style=\"width: 20%;vertical-align: middle;text-align: center\">Perche<\/td>\n<td style=\"width: 20%;vertical-align: middle;text-align: center\">J. Sportive Franciscaine<\/td>\n<\/tr>\n<tr>\n<td style=\"width: 25%;vertical-align: middle;text-align: center\">DUFAG<\/td>\n<td style=\"width: 25%;vertical-align: middle;text-align: center\">Fr\u00e9d\u00e9ric<\/td>\n<td style=\"width: 10%;vertical-align: middle;text-align: center\">19<\/td>\n<td style=\"width: 20%;vertical-align: middle;text-align: center\">Longueur<\/td>\n<td style=\"width: 20%;vertical-align: middle;text-align: center\">EA Cergy Pontoise Athl\u00e9tisme<\/td>\n<\/tr>\n<tr>\n<td style=\"width: 25%;vertical-align: middle;text-align: center\">KONATE<\/td>\n<td style=\"width: 25%;vertical-align: middle;text-align: center\">Erwan<\/td>\n<td style=\"width: 10%;vertical-align: middle;text-align: center\">20<\/td>\n<td style=\"width: 20%;vertical-align: middle;text-align: center\">Longueur<\/td>\n<td style=\"width: 20%;vertical-align: middle;text-align: center\">Amiens UC<\/td>\n<\/tr>\n<tr>\n<td style=\"width: 25%;vertical-align: middle;text-align: center\">POMMERY<\/td>\n<td style=\"width: 25%;vertical-align: middle;text-align: center\">Jules<\/td>\n<td style=\"width: 10%;vertical-align: middle;text-align: center\">22<\/td>\n<td style=\"width: 20%;vertical-align: middle;text-align: center\">Longueur<\/td>\n<td style=\"width: 20%;vertical-align: middle;text-align: center\">Entente Athl\u00e9 58<\/td>\n<\/tr>\n<tr>\n<td style=\"width: 25%;vertical-align: middle;text-align: center\">GORE<\/td>\n<td style=\"width: 25%;vertical-align: middle;text-align: center\">Simon<\/td>\n<td style=\"width: 10%;vertical-align: middle;text-align: center\">21<\/td>\n<td style=\"width: 20%;vertical-align: middle;text-align: center\">Triple saut<\/td>\n<td style=\"width: 20%;vertical-align: middle;text-align: center\">Lille M\u00e9tropole Athl\u00e9tisme<\/td>\n<\/tr>\n<tr>\n<td style=\"width: 25%;vertical-align: middle;text-align: center\">MAILAGI<\/td>\n<td style=\"width: 25%;vertical-align: middle;text-align: center\">Stephen Louis<\/td>\n<td style=\"width: 10%;vertical-align: middle;text-align: center\">21<\/td>\n<td style=\"width: 20%;vertical-align: middle;text-align: center\">Poids<\/td>\n<td style=\"width: 20%;vertical-align: middle;text-align: center\">Entente Ouest Athl\u00e9 13<\/td>\n<\/tr>\n<tr>\n<td style=\"width: 25%;vertical-align: middle;text-align: center\">DELIN<\/td>\n<td style=\"width: 25%;vertical-align: middle;text-align: center\">Marc-Alexandre<\/td>\n<td style=\"width: 10%;vertical-align: middle;text-align: center\">21<\/td>\n<td style=\"width: 20%;vertical-align: middle;text-align: center\">Disque<\/td>\n<td style=\"width: 20%;vertical-align: middle;text-align: center\">ASC Zenith<\/td>\n<\/tr>\n<tr>\n<td style=\"width: 25%;vertical-align: middle;text-align: center\">BRUXELLE<\/td>\n<td style=\"width: 25%;vertical-align: middle;text-align: center\">Jean-Baptiste<\/td>\n<td style=\"width: 10%;vertical-align: middle;text-align: center\">20<\/td>\n<td style=\"width: 20%;vertical-align: middle;text-align: center\">Marteau<\/td>\n<td style=\"width: 20%;vertical-align: middle;text-align: center\">Amiens UC<\/td>\n<\/tr>\n<tr>\n<td style=\"width: 25%;vertical-align: middle;text-align: center\">BRISSEAULT<\/td>\n<td style=\"width: 25%;vertical-align: middle;text-align: center\">Lenny<\/td>\n<td style=\"width: 10%;vertical-align: middle;text-align: center\">20<\/td>\n<td style=\"width: 20%;vertical-align: middle;text-align: center\">Javelot<\/td>\n<td style=\"width: 20%;vertical-align: middle;text-align: center\">Nice C\u00f4te d&rsquo;Azur Athl\u00e9tisme<\/td>\n<\/tr>\n<tr>\n<td style=\"width: 25%;vertical-align: middle;text-align: center\">BASTIEN<\/td>\n<td style=\"width: 25%;vertical-align: middle;text-align: center\">T\u00e9o<\/td>\n<td style=\"width: 10%;vertical-align: middle;text-align: center\">20<\/td>\n<td style=\"width: 20%;vertical-align: middle;text-align: center\">D\u00e9cathlon<\/td>\n<td style=\"width: 20%;vertical-align: middle;text-align: center\">RC Arras<\/td>\n<\/tr>\n<tr>\n<td style=\"width: 25%;vertical-align: middle;text-align: center\">BLAECKE<\/td>\n<td style=\"width: 25%;vertical-align: middle;text-align: center\">Pierre<\/td>\n<td style=\"width: 10%;vertical-align: middle;text-align: center\">20<\/td>\n<td style=\"width: 20%;vertical-align: middle;text-align: center\">D\u00e9cathlon<\/td>\n<td style=\"width: 20%;vertical-align: middle;text-align: center\">EA Grenoble 38<\/td>\n<\/tr>\n<tr>\n<td style=\"width: 25%;vertical-align: middle;text-align: center\">BREWIN<\/td>\n<td style=\"width: 25%;vertical-align: middle;text-align: center\">Luc<\/td>\n<td style=\"width: 10%;vertical-align: middle;text-align: center\">20<\/td>\n<td style=\"width: 20%;vertical-align: middle;text-align: center\">D\u00e9cathlon<\/td>\n<td style=\"width: 20%;vertical-align: middle;text-align: center\">Vincennes Athletic<\/td>\n<\/tr>\n<tr>\n<td style=\"width: 25%;vertical-align: middle;text-align: center\">DUC<\/td>\n<td style=\"width: 25%;vertical-align: middle;text-align: center\">Matt\u00e9o<\/td>\n<td style=\"width: 10%;vertical-align: middle;text-align: center\">22<\/td>\n<td style=\"width: 20%;vertical-align: middle;text-align: center\">20 km marche<\/td>\n<td style=\"width: 20%;vertical-align: middle;text-align: center\">AS Aix-Les-Bains<\/td>\n<\/tr>\n<tr>\n<td style=\"width: 25%;vertical-align: middle;text-align: center\">MADELINE-DEGY<\/td>\n<td style=\"width: 25%;vertical-align: middle;text-align: center\">Martin<\/td>\n<td style=\"width: 10%;vertical-align: middle;text-align: center\">22<\/td>\n<td style=\"width: 20%;vertical-align: middle;text-align: center\">20 km marche<\/td>\n<td style=\"width: 20%;vertical-align: middle;text-align: center\">Blagnac SC<\/td>\n<\/tr>\n<tr>\n<td style=\"width: 25%;vertical-align: middle;text-align: center\">BADRU<\/td>\n<td style=\"width: 25%;vertical-align: middle;text-align: center\">Mohammed<\/td>\n<td style=\"width: 10%;vertical-align: middle;text-align: center\">20<\/td>\n<td style=\"width: 20%;vertical-align: middle;text-align: center\">4X100 m<\/td>\n<td style=\"width: 20%;vertical-align: middle;text-align: center\">Caen Athletic Club<\/td>\n<\/tr>\n<tr>\n<td style=\"width: 25%;vertical-align: middle;text-align: center\">LARUE<\/td>\n<td style=\"width: 25%;vertical-align: middle;text-align: center\">Aur\u00e9lien<\/td>\n<td style=\"width: 10%;vertical-align: middle;text-align: center\">22<\/td>\n<td style=\"width: 20%;vertical-align: middle;text-align: center\">4X100 m<\/td>\n<td style=\"width: 20%;vertical-align: middle;text-align: center\">Entente Oise Athl\u00e9tisme<\/td>\n<\/tr>\n<tr>\n<td style=\"width: 25%;vertical-align: middle;text-align: center\">VARELA<\/td>\n<td style=\"width: 25%;vertical-align: middle;text-align: center\">Edmilson<\/td>\n<td style=\"width: 10%;vertical-align: middle;text-align: center\">21<\/td>\n<td style=\"width: 20%;vertical-align: middle;text-align: center\">4X100 m<\/td>\n<td style=\"width: 20%;vertical-align: middle;text-align: center\">Vie au Grand Air De St Maur<\/td>\n<\/tr>\n<tr>\n<td style=\"width: 25%;vertical-align: middle;text-align: center\">AHOUE<\/td>\n<td style=\"width: 25%;vertical-align: middle;text-align: center\">Eymeric<\/td>\n<td style=\"width: 10%;vertical-align: middle;text-align: center\">21<\/td>\n<td style=\"width: 20%;vertical-align: middle;text-align: center\">4X400 m<\/td>\n<td style=\"width: 20%;vertical-align: middle;text-align: center\">Athletic Clubs 92<\/td>\n<\/tr>\n<tr>\n<td style=\"width: 25%;vertical-align: middle;text-align: center\">MOUDIO PRISO<\/td>\n<td style=\"width: 25%;vertical-align: middle;text-align: center\">Beno\u00eet<\/td>\n<td style=\"width: 10%;vertical-align: middle;text-align: center\">20<\/td>\n<td style=\"width: 20%;vertical-align: middle;text-align: center\">4X400 m<\/td>\n<td style=\"width: 20%;vertical-align: middle;text-align: center\">Athl\u00e9 91<\/td>\n<\/tr>\n<tr>\n<td style=\"width: 25%;vertical-align: middle;text-align: center\">ROBIN<\/td>\n<td style=\"width: 25%;vertical-align: middle;text-align: center\">Alphonse<\/td>\n<td style=\"width: 10%;vertical-align: middle;text-align: center\">21<\/td>\n<td style=\"width: 20%;vertical-align: middle;text-align: center\">4X400 m<\/td>\n<td style=\"width: 20%;vertical-align: middle;text-align: center\">Athl\u00e9 91<\/td>\n<\/tr>\n<tr>\n<td style=\"width: 25%;vertical-align: middle;text-align: center\">SPILLMAN<\/td>\n<td style=\"width: 25%;vertical-align: middle;text-align: center\">Yann<\/td>\n<td style=\"width: 10%;vertical-align: middle;text-align: center\">20<\/td>\n<td style=\"width: 20%;vertical-align: middle;text-align: center\">4X400 m<\/td>\n<td style=\"width: 20%;vertical-align: middle;text-align: center\">Entente Sud Lyonnais<\/td>\n<\/tr>\n<\/tbody>\n<\/table>\n<\/div>\n","protected":false},"excerpt":{"rendered":"<p>Les Championnats d&rsquo;Europe espoirs d&rsquo;athl\u00e9tisme ont lieu du 13 au 16 juillet \u00e0 Espoo (Finlande). L&rsquo;\u00e9quipe de France sera emmen\u00e9e par 15 r\u00e9cents champions de France espoirs comme Gemima Joseph, Louise Maraval, Flavien Szot ou encore Robin Emig.<\/p>\n","protected":false},"author":12,"featured_media":397426,"comment_status":"open","ping_status":"closed","sticky":false,"template":"","format":"standard","meta":{"_acf_changed":false,"_daextam_enable_autolinks":"","footnotes":""},"categories":[2308],"tags":[143,16878,17667],"class_list":["post-397307","post","type-post","status-publish","format-standard","has-post-thumbnail","hentry","category-athletisme","tag-athletisme","tag-breve","tag-championnats-deurope-espoirs-dathletisme"],"acf":[],"yoast_head":"<!-- This site is optimized with the Yoast SEO Premium plugin v26.7 (Yoast SEO v26.7) - https:\/\/yoast.com\/wordpress\/plugins\/seo\/ -->\n<title>Athl\u00e9tisme - Championnats d&#039;Europe espoirs 2023 : la s\u00e9lection fran\u00e7aise<\/title>\n<meta name=\"description\" content=\"Les Championnats d&#039;Europe espoirs d&#039;athl\u00e9tisme ont lieu du 13 au 16 juillet \u00e0 Espoo (Finlande). Voici la s\u00e9lection fran\u00e7aise.\" \/>\n<meta name=\"robots\" content=\"index, follow, max-snippet:-1, max-image-preview:large, max-video-preview:-1\" \/>\n<link rel=\"canonical\" href=\"https:\/\/dicodusport.fr\/blog\/athletisme-championnats-deurope-espoirs-2023-la-selection-francaise\/\" \/>\n<meta property=\"og:locale\" content=\"fr_FR\" \/>\n<meta property=\"og:type\" content=\"article\" \/>\n<meta property=\"og:title\" content=\"Athl\u00e9tisme - Championnats d&#039;Europe espoirs 2023 : la s\u00e9lection fran\u00e7aise\" \/>\n<meta property=\"og:description\" content=\"Les Championnats d&#039;Europe espoirs d&#039;athl\u00e9tisme ont lieu du 13 au 16 juillet \u00e0 Espoo (Finlande). Voici la s\u00e9lection fran\u00e7aise.\" \/>\n<meta property=\"og:url\" content=\"https:\/\/dicodusport.fr\/blog\/athletisme-championnats-deurope-espoirs-2023-la-selection-francaise\/\" \/>\n<meta property=\"og:site_name\" content=\"Dicodusport\" \/>\n<meta property=\"article:publisher\" content=\"https:\/\/www.facebook.com\/dicodusport\" \/>\n<meta property=\"article:published_time\" content=\"2023-07-05T08:00:10+00:00\" \/>\n<meta property=\"og:image\" content=\"https:\/\/dicodusport.fr\/blog\/wp-content\/uploads\/2023\/07\/Athletisme-Championnats-dEurope-espoirs-2023-la-selection-francaise.png\" \/>\n\t<meta property=\"og:image:width\" content=\"800\" \/>\n\t<meta property=\"og:image:height\" content=\"445\" \/>\n\t<meta property=\"og:image:type\" content=\"image\/png\" \/>\n<meta name=\"author\" content=\"Arlette Yeye\" \/>\n<meta name=\"twitter:card\" content=\"summary_large_image\" \/>\n<meta name=\"twitter:title\" content=\"Athl\u00e9tisme - Championnats d&#039;Europe espoirs 2023 : la s\u00e9lection fran\u00e7aise\" \/>\n<meta name=\"twitter:creator\" content=\"@https:\/\/twitter.com\/Shiclette94\" \/>\n<meta name=\"twitter:site\" content=\"@dicodusport\" \/>\n<script type=\"application\/ld+json\" class=\"yoast-schema-graph\">{\"@context\":\"https:\/\/schema.org\",\"@graph\":[{\"@type\":\"NewsArticle\",\"@id\":\"https:\/\/dicodusport.fr\/blog\/athletisme-championnats-deurope-espoirs-2023-la-selection-francaise\/#article\",\"isPartOf\":{\"@id\":\"https:\/\/dicodusport.fr\/blog\/athletisme-championnats-deurope-espoirs-2023-la-selection-francaise\/\"},\"author\":{\"name\":\"Arlette Yeye\",\"@id\":\"https:\/\/dicodusport.fr\/blog\/#\/schema\/person\/cce96fa88785bd8573e3d43078ac8c79\"},\"headline\":\"Athl\u00e9tisme &#8211; Championnats d&rsquo;Europe espoirs 2023 : la s\u00e9lection fran\u00e7aise\",\"datePublished\":\"2023-07-05T08:00:10+00:00\",\"mainEntityOfPage\":{\"@id\":\"https:\/\/dicodusport.fr\/blog\/athletisme-championnats-deurope-espoirs-2023-la-selection-francaise\/\"},\"wordCount\":657,\"commentCount\":0,\"publisher\":{\"@id\":\"https:\/\/dicodusport.fr\/blog\/#organization\"},\"image\":{\"@id\":\"https:\/\/dicodusport.fr\/blog\/athletisme-championnats-deurope-espoirs-2023-la-selection-francaise\/#primaryimage\"},\"thumbnailUrl\":\"https:\/\/dicodusport.fr\/blog\/wp-content\/uploads\/2023\/07\/Athletisme-Championnats-dEurope-espoirs-2023-la-selection-francaise.png\",\"keywords\":[\"Athl\u00e9tisme\",\"br\u00e8ve\",\"Championnats d'Europe espoirs d'athl\u00e9tisme\"],\"articleSection\":[\"Athl\u00e9tisme\"],\"inLanguage\":\"fr-FR\",\"potentialAction\":[{\"@type\":\"CommentAction\",\"name\":\"Comment\",\"target\":[\"https:\/\/dicodusport.fr\/blog\/athletisme-championnats-deurope-espoirs-2023-la-selection-francaise\/#respond\"]}],\"copyrightYear\":\"2023\",\"copyrightHolder\":{\"@id\":\"https:\/\/dicodusport.fr\/blog\/#organization\"}},{\"@type\":\"WebPage\",\"@id\":\"https:\/\/dicodusport.fr\/blog\/athletisme-championnats-deurope-espoirs-2023-la-selection-francaise\/\",\"url\":\"https:\/\/dicodusport.fr\/blog\/athletisme-championnats-deurope-espoirs-2023-la-selection-francaise\/\",\"name\":\"Athl\u00e9tisme - Championnats d'Europe espoirs 2023 : la s\u00e9lection fran\u00e7aise\",\"isPartOf\":{\"@id\":\"https:\/\/dicodusport.fr\/blog\/#website\"},\"primaryImageOfPage\":{\"@id\":\"https:\/\/dicodusport.fr\/blog\/athletisme-championnats-deurope-espoirs-2023-la-selection-francaise\/#primaryimage\"},\"image\":{\"@id\":\"https:\/\/dicodusport.fr\/blog\/athletisme-championnats-deurope-espoirs-2023-la-selection-francaise\/#primaryimage\"},\"thumbnailUrl\":\"https:\/\/dicodusport.fr\/blog\/wp-content\/uploads\/2023\/07\/Athletisme-Championnats-dEurope-espoirs-2023-la-selection-francaise.png\",\"datePublished\":\"2023-07-05T08:00:10+00:00\",\"description\":\"Les Championnats d'Europe espoirs d'athl\u00e9tisme ont lieu du 13 au 16 juillet \u00e0 Espoo (Finlande). Voici la s\u00e9lection fran\u00e7aise.\",\"breadcrumb\":{\"@id\":\"https:\/\/dicodusport.fr\/blog\/athletisme-championnats-deurope-espoirs-2023-la-selection-francaise\/#breadcrumb\"},\"inLanguage\":\"fr-FR\",\"potentialAction\":[{\"@type\":\"ReadAction\",\"target\":[\"https:\/\/dicodusport.fr\/blog\/athletisme-championnats-deurope-espoirs-2023-la-selection-francaise\/\"]}]},{\"@type\":\"ImageObject\",\"inLanguage\":\"fr-FR\",\"@id\":\"https:\/\/dicodusport.fr\/blog\/athletisme-championnats-deurope-espoirs-2023-la-selection-francaise\/#primaryimage\",\"url\":\"https:\/\/dicodusport.fr\/blog\/wp-content\/uploads\/2023\/07\/Athletisme-Championnats-dEurope-espoirs-2023-la-selection-francaise.png\",\"contentUrl\":\"https:\/\/dicodusport.fr\/blog\/wp-content\/uploads\/2023\/07\/Athletisme-Championnats-dEurope-espoirs-2023-la-selection-francaise.png\",\"width\":800,\"height\":445,\"caption\":\"Athl\u00e9tisme - Championnats d'Europe espoirs 2023 la s\u00e9lection fran\u00e7aise\"},{\"@type\":\"BreadcrumbList\",\"@id\":\"https:\/\/dicodusport.fr\/blog\/athletisme-championnats-deurope-espoirs-2023-la-selection-francaise\/#breadcrumb\",\"itemListElement\":[{\"@type\":\"ListItem\",\"position\":1,\"name\":\"Accueil\",\"item\":\"https:\/\/dicodusport.fr\/blog\/\"},{\"@type\":\"ListItem\",\"position\":2,\"name\":\"Athl\u00e9tisme &#8211; Championnats d&rsquo;Europe espoirs 2023 : la s\u00e9lection fran\u00e7aise\"}]},{\"@type\":\"WebSite\",\"@id\":\"https:\/\/dicodusport.fr\/blog\/#website\",\"url\":\"https:\/\/dicodusport.fr\/blog\/\",\"name\":\"Dicodusport\",\"description\":\"L&#039;encyclop\u00e9die de l&#039;actualit\u00e9 sportive\",\"publisher\":{\"@id\":\"https:\/\/dicodusport.fr\/blog\/#organization\"},\"potentialAction\":[{\"@type\":\"SearchAction\",\"target\":{\"@type\":\"EntryPoint\",\"urlTemplate\":\"https:\/\/dicodusport.fr\/blog\/?s={search_term_string}\"},\"query-input\":{\"@type\":\"PropertyValueSpecification\",\"valueRequired\":true,\"valueName\":\"search_term_string\"}}],\"inLanguage\":\"fr-FR\"},{\"@type\":\"NewsMediaOrganization\",\"@id\":\"https:\/\/dicodusport.fr\/blog\/#organization\",\"name\":\"Dicodusport\",\"url\":\"https:\/\/dicodusport.fr\/blog\/\",\"logo\":{\"@type\":\"ImageObject\",\"inLanguage\":\"fr-FR\",\"@id\":\"https:\/\/dicodusport.fr\/blog\/#\/schema\/logo\/image\/\",\"url\":\"https:\/\/dicodusport.fr\/blog\/wp-content\/uploads\/2020\/06\/cropped-LOGO-DICODUSPORT-2020-SANS-FOND-SANS-TEXTE.png\",\"contentUrl\":\"https:\/\/dicodusport.fr\/blog\/wp-content\/uploads\/2020\/06\/cropped-LOGO-DICODUSPORT-2020-SANS-FOND-SANS-TEXTE.png\",\"width\":512,\"height\":512,\"caption\":\"Dicodusport\"},\"image\":{\"@id\":\"https:\/\/dicodusport.fr\/blog\/#\/schema\/logo\/image\/\"},\"sameAs\":[\"https:\/\/www.facebook.com\/dicodusport\",\"https:\/\/x.com\/dicodusport\",\"https:\/\/www.instagram.com\/dicodusport\/\",\"https:\/\/www.youtube.com\/channel\/UC7V2KZ5sd3htJivAbA4ZG3w\"],\"description\":\"Dicodusport est l'encyclop\u00e9die de l'actualit\u00e9 sportive.\",\"email\":\"bonjour@dicodusport.fr\",\"legalName\":\"DICODUSPORT\",\"foundingDate\":\"2018-01-14\",\"vatID\":\"FR71834470973\",\"taxID\":\"83447097300043\",\"numberOfEmployees\":{\"@type\":\"QuantitativeValue\",\"minValue\":\"1\",\"maxValue\":\"10\"}},{\"@type\":\"Person\",\"@id\":\"https:\/\/dicodusport.fr\/blog\/#\/schema\/person\/cce96fa88785bd8573e3d43078ac8c79\",\"name\":\"Arlette Yeye\",\"image\":{\"@type\":\"ImageObject\",\"inLanguage\":\"fr-FR\",\"@id\":\"https:\/\/dicodusport.fr\/blog\/#\/schema\/person\/image\/\",\"url\":\"https:\/\/secure.gravatar.com\/avatar\/dca4a6239e6d708e46c45d60e160de6c?s=96&d=wp_user_avatar&r=g\",\"contentUrl\":\"https:\/\/secure.gravatar.com\/avatar\/dca4a6239e6d708e46c45d60e160de6c?s=96&d=wp_user_avatar&r=g\",\"caption\":\"Arlette Yeye\"},\"description\":\"Journaliste\/r\u00e9dactrice depuis septembre 2015 - Supportrice de Chelsea, j'ai pour sports de pr\u00e9dilection le handball, l'athl\u00e9tisme et le tennis. Si je tweete plus vite que mon ombre, vous pouvez aussi me retrouver les week-ends sur les playgrounds de Bruxelles pour un petit foot ou basket entre potes. Parcourir la France, l'Europe et plus si affinit\u00e9s pour suivre mes sportifs pr\u00e9f\u00e9r\u00e9s ? Mon kif ! Et c'est avec plaisir que je partage les r\u00e9sultats des sports populaires mais \u00e9galement plus confidentiels pour Dicodusport.\",\"sameAs\":[\"https:\/\/x.com\/https:\/\/twitter.com\/Shiclette94\"],\"url\":\"https:\/\/dicodusport.fr\/blog\/author\/arlette\/\"}]}<\/script>\n<!-- \/ Yoast SEO Premium plugin. -->","yoast_head_json":{"title":"Athl\u00e9tisme - Championnats d'Europe espoirs 2023 : la s\u00e9lection fran\u00e7aise","description":"Les Championnats d'Europe espoirs d'athl\u00e9tisme ont lieu du 13 au 16 juillet \u00e0 Espoo (Finlande). Voici la s\u00e9lection fran\u00e7aise.","robots":{"index":"index","follow":"follow","max-snippet":"max-snippet:-1","max-image-preview":"max-image-preview:large","max-video-preview":"max-video-preview:-1"},"canonical":"https:\/\/dicodusport.fr\/blog\/athletisme-championnats-deurope-espoirs-2023-la-selection-francaise\/","og_locale":"fr_FR","og_type":"article","og_title":"Athl\u00e9tisme - Championnats d'Europe espoirs 2023 : la s\u00e9lection fran\u00e7aise","og_description":"Les Championnats d'Europe espoirs d'athl\u00e9tisme ont lieu du 13 au 16 juillet \u00e0 Espoo (Finlande). Voici la s\u00e9lection fran\u00e7aise.","og_url":"https:\/\/dicodusport.fr\/blog\/athletisme-championnats-deurope-espoirs-2023-la-selection-francaise\/","og_site_name":"Dicodusport","article_publisher":"https:\/\/www.facebook.com\/dicodusport","article_published_time":"2023-07-05T08:00:10+00:00","og_image":[{"width":800,"height":445,"url":"https:\/\/dicodusport.fr\/blog\/wp-content\/uploads\/2023\/07\/Athletisme-Championnats-dEurope-espoirs-2023-la-selection-francaise.png","type":"image\/png"}],"author":"Arlette Yeye","twitter_card":"summary_large_image","twitter_title":"Athl\u00e9tisme - Championnats d'Europe espoirs 2023 : la s\u00e9lection fran\u00e7aise","twitter_creator":"@https:\/\/twitter.com\/Shiclette94","twitter_site":"@dicodusport","schema":{"@context":"https:\/\/schema.org","@graph":[{"@type":"NewsArticle","@id":"https:\/\/dicodusport.fr\/blog\/athletisme-championnats-deurope-espoirs-2023-la-selection-francaise\/#article","isPartOf":{"@id":"https:\/\/dicodusport.fr\/blog\/athletisme-championnats-deurope-espoirs-2023-la-selection-francaise\/"},"author":{"name":"Arlette Yeye","@id":"https:\/\/dicodusport.fr\/blog\/#\/schema\/person\/cce96fa88785bd8573e3d43078ac8c79"},"headline":"Athl\u00e9tisme &#8211; Championnats d&rsquo;Europe espoirs 2023 : la s\u00e9lection fran\u00e7aise","datePublished":"2023-07-05T08:00:10+00:00","mainEntityOfPage":{"@id":"https:\/\/dicodusport.fr\/blog\/athletisme-championnats-deurope-espoirs-2023-la-selection-francaise\/"},"wordCount":657,"commentCount":0,"publisher":{"@id":"https:\/\/dicodusport.fr\/blog\/#organization"},"image":{"@id":"https:\/\/dicodusport.fr\/blog\/athletisme-championnats-deurope-espoirs-2023-la-selection-francaise\/#primaryimage"},"thumbnailUrl":"https:\/\/dicodusport.fr\/blog\/wp-content\/uploads\/2023\/07\/Athletisme-Championnats-dEurope-espoirs-2023-la-selection-francaise.png","keywords":["Athl\u00e9tisme","br\u00e8ve","Championnats d'Europe espoirs d'athl\u00e9tisme"],"articleSection":["Athl\u00e9tisme"],"inLanguage":"fr-FR","potentialAction":[{"@type":"CommentAction","name":"Comment","target":["https:\/\/dicodusport.fr\/blog\/athletisme-championnats-deurope-espoirs-2023-la-selection-francaise\/#respond"]}],"copyrightYear":"2023","copyrightHolder":{"@id":"https:\/\/dicodusport.fr\/blog\/#organization"}},{"@type":"WebPage","@id":"https:\/\/dicodusport.fr\/blog\/athletisme-championnats-deurope-espoirs-2023-la-selection-francaise\/","url":"https:\/\/dicodusport.fr\/blog\/athletisme-championnats-deurope-espoirs-2023-la-selection-francaise\/","name":"Athl\u00e9tisme - Championnats d'Europe espoirs 2023 : la s\u00e9lection fran\u00e7aise","isPartOf":{"@id":"https:\/\/dicodusport.fr\/blog\/#website"},"primaryImageOfPage":{"@id":"https:\/\/dicodusport.fr\/blog\/athletisme-championnats-deurope-espoirs-2023-la-selection-francaise\/#primaryimage"},"image":{"@id":"https:\/\/dicodusport.fr\/blog\/athletisme-championnats-deurope-espoirs-2023-la-selection-francaise\/#primaryimage"},"thumbnailUrl":"https:\/\/dicodusport.fr\/blog\/wp-content\/uploads\/2023\/07\/Athletisme-Championnats-dEurope-espoirs-2023-la-selection-francaise.png","datePublished":"2023-07-05T08:00:10+00:00","description":"Les Championnats d'Europe espoirs d'athl\u00e9tisme ont lieu du 13 au 16 juillet \u00e0 Espoo (Finlande). Voici la s\u00e9lection fran\u00e7aise.","breadcrumb":{"@id":"https:\/\/dicodusport.fr\/blog\/athletisme-championnats-deurope-espoirs-2023-la-selection-francaise\/#breadcrumb"},"inLanguage":"fr-FR","potentialAction":[{"@type":"ReadAction","target":["https:\/\/dicodusport.fr\/blog\/athletisme-championnats-deurope-espoirs-2023-la-selection-francaise\/"]}]},{"@type":"ImageObject","inLanguage":"fr-FR","@id":"https:\/\/dicodusport.fr\/blog\/athletisme-championnats-deurope-espoirs-2023-la-selection-francaise\/#primaryimage","url":"https:\/\/dicodusport.fr\/blog\/wp-content\/uploads\/2023\/07\/Athletisme-Championnats-dEurope-espoirs-2023-la-selection-francaise.png","contentUrl":"https:\/\/dicodusport.fr\/blog\/wp-content\/uploads\/2023\/07\/Athletisme-Championnats-dEurope-espoirs-2023-la-selection-francaise.png","width":800,"height":445,"caption":"Athl\u00e9tisme - Championnats d'Europe espoirs 2023 la s\u00e9lection fran\u00e7aise"},{"@type":"BreadcrumbList","@id":"https:\/\/dicodusport.fr\/blog\/athletisme-championnats-deurope-espoirs-2023-la-selection-francaise\/#breadcrumb","itemListElement":[{"@type":"ListItem","position":1,"name":"Accueil","item":"https:\/\/dicodusport.fr\/blog\/"},{"@type":"ListItem","position":2,"name":"Athl\u00e9tisme &#8211; Championnats d&rsquo;Europe espoirs 2023 : la s\u00e9lection fran\u00e7aise"}]},{"@type":"WebSite","@id":"https:\/\/dicodusport.fr\/blog\/#website","url":"https:\/\/dicodusport.fr\/blog\/","name":"Dicodusport","description":"L&#039;encyclop\u00e9die de l&#039;actualit\u00e9 sportive","publisher":{"@id":"https:\/\/dicodusport.fr\/blog\/#organization"},"potentialAction":[{"@type":"SearchAction","target":{"@type":"EntryPoint","urlTemplate":"https:\/\/dicodusport.fr\/blog\/?s={search_term_string}"},"query-input":{"@type":"PropertyValueSpecification","valueRequired":true,"valueName":"search_term_string"}}],"inLanguage":"fr-FR"},{"@type":"NewsMediaOrganization","@id":"https:\/\/dicodusport.fr\/blog\/#organization","name":"Dicodusport","url":"https:\/\/dicodusport.fr\/blog\/","logo":{"@type":"ImageObject","inLanguage":"fr-FR","@id":"https:\/\/dicodusport.fr\/blog\/#\/schema\/logo\/image\/","url":"https:\/\/dicodusport.fr\/blog\/wp-content\/uploads\/2020\/06\/cropped-LOGO-DICODUSPORT-2020-SANS-FOND-SANS-TEXTE.png","contentUrl":"https:\/\/dicodusport.fr\/blog\/wp-content\/uploads\/2020\/06\/cropped-LOGO-DICODUSPORT-2020-SANS-FOND-SANS-TEXTE.png","width":512,"height":512,"caption":"Dicodusport"},"image":{"@id":"https:\/\/dicodusport.fr\/blog\/#\/schema\/logo\/image\/"},"sameAs":["https:\/\/www.facebook.com\/dicodusport","https:\/\/x.com\/dicodusport","https:\/\/www.instagram.com\/dicodusport\/","https:\/\/www.youtube.com\/channel\/UC7V2KZ5sd3htJivAbA4ZG3w"],"description":"Dicodusport est l'encyclop\u00e9die de l'actualit\u00e9 sportive.","email":"bonjour@dicodusport.fr","legalName":"DICODUSPORT","foundingDate":"2018-01-14","vatID":"FR71834470973","taxID":"83447097300043","numberOfEmployees":{"@type":"QuantitativeValue","minValue":"1","maxValue":"10"}},{"@type":"Person","@id":"https:\/\/dicodusport.fr\/blog\/#\/schema\/person\/cce96fa88785bd8573e3d43078ac8c79","name":"Arlette Yeye","image":{"@type":"ImageObject","inLanguage":"fr-FR","@id":"https:\/\/dicodusport.fr\/blog\/#\/schema\/person\/image\/","url":"https:\/\/secure.gravatar.com\/avatar\/dca4a6239e6d708e46c45d60e160de6c?s=96&d=wp_user_avatar&r=g","contentUrl":"https:\/\/secure.gravatar.com\/avatar\/dca4a6239e6d708e46c45d60e160de6c?s=96&d=wp_user_avatar&r=g","caption":"Arlette Yeye"},"description":"Journaliste\/r\u00e9dactrice depuis septembre 2015 - Supportrice de Chelsea, j'ai pour sports de pr\u00e9dilection le handball, l'athl\u00e9tisme et le tennis. Si je tweete plus vite que mon ombre, vous pouvez aussi me retrouver les week-ends sur les playgrounds de Bruxelles pour un petit foot ou basket entre potes. Parcourir la France, l'Europe et plus si affinit\u00e9s pour suivre mes sportifs pr\u00e9f\u00e9r\u00e9s ? Mon kif ! Et c'est avec plaisir que je partage les r\u00e9sultats des sports populaires mais \u00e9galement plus confidentiels pour Dicodusport.","sameAs":["https:\/\/x.com\/https:\/\/twitter.com\/Shiclette94"],"url":"https:\/\/dicodusport.fr\/blog\/author\/arlette\/"}]}},"_links":{"self":[{"href":"https:\/\/dicodusport.fr\/blog\/wp-json\/wp\/v2\/posts\/397307","targetHints":{"allow":["GET"]}}],"collection":[{"href":"https:\/\/dicodusport.fr\/blog\/wp-json\/wp\/v2\/posts"}],"about":[{"href":"https:\/\/dicodusport.fr\/blog\/wp-json\/wp\/v2\/types\/post"}],"author":[{"embeddable":true,"href":"https:\/\/dicodusport.fr\/blog\/wp-json\/wp\/v2\/users\/12"}],"replies":[{"embeddable":true,"href":"https:\/\/dicodusport.fr\/blog\/wp-json\/wp\/v2\/comments?post=397307"}],"version-history":[{"count":0,"href":"https:\/\/dicodusport.fr\/blog\/wp-json\/wp\/v2\/posts\/397307\/revisions"}],"wp:featuredmedia":[{"embeddable":true,"href":"https:\/\/dicodusport.fr\/blog\/wp-json\/wp\/v2\/media\/397426"}],"wp:attachment":[{"href":"https:\/\/dicodusport.fr\/blog\/wp-json\/wp\/v2\/media?parent=397307"}],"wp:term":[{"taxonomy":"category","embeddable":true,"href":"https:\/\/dicodusport.fr\/blog\/wp-json\/wp\/v2\/categories?post=397307"},{"taxonomy":"post_tag","embeddable":true,"href":"https:\/\/dicodusport.fr\/blog\/wp-json\/wp\/v2\/tags?post=397307"}],"curies":[{"name":"wp","href":"https:\/\/api.w.org\/{rel}","templated":true}]}}