{"id":397420,"date":"2023-07-16T18:21:19","date_gmt":"2023-07-16T16:21:19","guid":{"rendered":"https:\/\/dicodusport.fr\/blog\/?p=397420&#038;preview=true&#038;preview_id=397420"},"modified":"2023-07-16T19:11:09","modified_gmt":"2023-07-16T17:11:09","slug":"calendrier-et-resultats-championnats-deurope-espoirs-dathletisme-2023","status":"publish","type":"post","link":"https:\/\/dicodusport.fr\/blog\/calendrier-et-resultats-championnats-deurope-espoirs-dathletisme-2023\/","title":{"rendered":"Programme et r\u00e9sultats Championnats d&rsquo;Europe espoirs d&rsquo;athl\u00e9tisme 2023"},"content":{"rendered":"<p style=\"text-align: justify;\"><strong><em><a href=\"https:\/\/dicodusport.fr\/definition-sport\/athletisme\/\" target=\"_blank\" rel=\"noopener\">ATHL\u00c9TISME<\/a> &#8211; Les Championnats d&rsquo;Europe espoirs ont lieu du 12 au 16 juillet \u00e0 Espoo en Finlande. Voici le programme et les r\u00e9sultats de la comp\u00e9tition.<\/em><\/strong><\/p>\n<h3>Retransmission<\/h3>\n<p style=\"text-align: justify;\">Les Championnats sont \u00e0 suivre en int\u00e9gralit\u00e9 sur la <strong><a href=\"https:\/\/allathletics.tv\/\" target=\"_blank\" rel=\"noopener\">plateforme All athletics<\/a><\/strong>.<\/p>\n<ul>\n<li><strong>\u00c0 lire aussi : <\/strong><strong><a title=\"Athl\u00e9tisme \u2013 Championnats d\u2019Europe espoirs 2023 : la s\u00e9lection fran\u00e7aise\" href=\"https:\/\/dicodusport.fr\/blog\/athletisme-championnats-deurope-espoirs-2023-la-selection-francaise\/\" target=\"_blank\" rel=\"noopener\">Championnats d&rsquo;Europe espoirs 2023 : la s\u00e9lection fran\u00e7aise<\/a><\/strong><\/li>\n<\/ul>\n<hr \/>\n<h2 style=\"text-align: justify;\">Le programme complet<\/h2>\n<p style=\"text-align: justify;\"><div class=\"su-tabs su-tabs-style-default su-tabs-mobile-stack\" data-active=\"5\" data-scroll-offset=\"0\" data-anchor-in-url=\"no\"><div class=\"su-tabs-nav\"><span class=\"\" data-url=\"\" data-target=\"blank\" tabindex=\"0\" role=\"button\">Mercredi 12 juillet<\/span><span class=\"\" data-url=\"\" data-target=\"blank\" tabindex=\"0\" role=\"button\">Jeudi 13 juillet<\/span><span class=\"\" data-url=\"\" data-target=\"blank\" tabindex=\"0\" role=\"button\">Vendredi 14 juillet<\/span><span class=\"\" data-url=\"\" data-target=\"blank\" tabindex=\"0\" role=\"button\">Samedi 15 juillet<\/span><span class=\"\" data-url=\"\" data-target=\"blank\" tabindex=\"0\" role=\"button\">Dimanche 16 juillet<\/span><\/div><div class=\"su-tabs-panes\"><div class=\"su-tabs-pane su-u-clearfix su-u-trim\" data-title=\"Mercredi 12 juillet\">\n<p><strong>17h :<\/strong> <strong><a href=\"https:\/\/espoo23results.european-athletics.com\/resEAA\/pdf\/ESP2023\/ATH\/ESP2023_ATH_C73K_ATHW20KMWALK----------FNL-000100--.pdf\" target=\"_blank\" rel=\"noopener\">finale 20 km marche F<\/a>\u00a0 <span style=\"font-size: 14px;\"><em>\ud83c\uddeb\ud83c\uddf7<\/em><\/span><\/strong><span style=\"font-size: 14px;\"><em> Elvina Carr\u00e9, Camille Moutard, Pauline Stey<\/em><\/span><br \/>\n<strong>17h30 :<\/strong> <a href=\"https:\/\/espoo23results.european-athletics.com\/resEAA\/pdf\/ESP2023\/ATH\/ESP2023_ATH_C73K_ATHM20KMWALK----------FNL-000100--.pdf\" target=\"_blank\" rel=\"noopener\"><strong>finale 20 km marche H<\/strong><\/a>\u00a0 <strong><em>\ud83c\uddeb\ud83c\uddf7\u00a0<\/em><\/strong><span style=\"font-size: 14px;\"><em>Martin Madeline-Degy, Matt\u00e9o Duc<\/em><\/span><br \/>\n<span style=\"color: #800080;\"><strong>19h40 : C\u00e9r\u00e9monie 20 km marche F<\/strong><\/span><br \/>\n<span style=\"color: #800080;\"><strong>19h46 : C\u00e9r\u00e9monie 20 km marche H<\/strong><\/span><\/p>\n<p style=\"text-align: justify;\"><\/div>\n<div class=\"su-tabs-pane su-u-clearfix su-u-trim\" data-title=\"Jeudi 13 juillet\">\n<p><strong>8h40 :<\/strong> <a href=\"https:\/\/espoo23results.european-athletics.com\/resEAA\/pdf\/ESP2023\/ATH\/ESP2023_ATH_C73R_ATHWHAMMER------------QUAL--------.pdf\" target=\"_blank\" rel=\"noopener\">qualifications A lancer du marteau F<\/a><br \/>\n<strong>8h45 :<\/strong> <a href=\"https:\/\/espoo23results.european-athletics.com\/resEAA\/pdf\/ESP2023\/ATH\/ESP2023_ATH_C73D_ATHWHEPTATH-----------100H--------.pdf\" target=\"_blank\" rel=\"noopener\">heptathlon &#8211; 100 m haies<\/a>\u00a0\u00a0 <span style=\"font-size: 14px;\"><em>\ud83c\uddeb\ud83c\uddf7<\/em><\/span>\u00a0 <em><span style=\"font-size: 14px;\">No\u00e9mie Desailly, Pauline Bikembo<\/span><\/em><br \/>\n<strong>9h25 :<\/strong> <a href=\"https:\/\/espoo23results.european-athletics.com\/resEAA\/pdf\/ESP2023\/ATH\/ESP2023_ATH_C73B_ATHW100M--------------RND1--------.pdf\" target=\"_blank\" rel=\"noopener\">s\u00e9ries 100 m F<\/a>\u00a0\u00a0 <strong><em>\ud83c\uddeb\ud83c\uddf7<\/em><\/strong> <span style=\"font-size: 14px;\"><em>Chlo\u00e9 Galet, Marie-Ange Rimliniger<\/em><\/span><br \/>\n<strong>9h30 :<\/strong> <a href=\"https:\/\/espoo23results.european-athletics.com\/resEAA\/pdf\/ESP2023\/ATH\/ESP2023_ATH_C73N_ATHWHEPTATH-----------HJ----------.pdf\" target=\"_blank\" rel=\"noopener\">heptathlon &#8211; saut en hauteur<\/a>\u00a0\u00a0 <span style=\"font-size: 14px;\"><strong><em>\ud83c\uddeb\ud83c\uddf7<\/em><\/strong>\u00a0 <em>No\u00e9mie Desailly, Pauline Bikembo<br \/>\n<\/em><span style=\"font-size: 16px;\"><strong>9h40 :<\/strong> <a href=\"https:\/\/espoo23results.european-athletics.com\/resEAA\/pdf\/ESP2023\/ATH\/ESP2023_ATH_C73L_ATHWPLEVAULT----------QUAL--------.pdf\" target=\"_blank\" rel=\"noopener\">qualifications saut \u00e0 la perche F<\/a>\u00a0 <\/span><em>\ud83c\uddeb\ud83c\uddf7 Marie-Julie Bonnin, L\u00e9a Mauberret, Elise Russis<\/em><\/span><br \/>\n<strong>9h50 :<\/strong> <a href=\"https:\/\/espoo23results.european-athletics.com\/resEAA\/pdf\/ESP2023\/ATH\/ESP2023_ATH_C73R_ATHWHAMMER------------QUAL--------.pdf\" target=\"_blank\" rel=\"noopener\">qualifications lancer du marteau F groupe B\u00a0<\/a>\u00a0 <span style=\"font-size: 14px;\"><em>\ud83c\uddeb\ud83c\uddf7 Rose Loga<\/em><\/span><br \/>\n<strong>9h55 :<\/strong> <a href=\"https:\/\/espoo23results.european-athletics.com\/resEAA\/pdf\/ESP2023\/ATH\/ESP2023_ATH_C73B_ATHM100M--------------RND1--------.pdf\" target=\"_blank\" rel=\"noopener\">s\u00e9ries 100 m H<\/a>\u00a0\u00a0 <em><span style=\"font-size: 14px;\">\ud83c\uddeb\ud83c\uddf7 Pablo Mat\u00e9o<\/span><\/em><br \/>\n<strong>10h50 :<\/strong> <a href=\"https:\/\/espoo23results.european-athletics.com\/resEAA\/pdf\/ESP2023\/ATH\/ESP2023_ATH_C73H_ATHW800M--------------RND1--------.pdf\" target=\"_blank\" rel=\"noopener\">s\u00e9ries 800 m F<\/a>\u00a0\u00a0 <span style=\"font-size: 14px;\"><em><strong>\ud83c\uddeb\ud83c\uddf7<\/strong> Julia Ch\u00e9rot<\/em><\/span><br \/>\n<strong>11h05 :<\/strong> <a href=\"https:\/\/espoo23results.european-athletics.com\/resEAA\/pdf\/ESP2023\/ATH\/ESP2023_ATH_C73R_ATHMDISCUS------------QUAL--------.pdf\" target=\"_blank\" rel=\"noopener\">qualifications A lancer du disque H<\/a><br \/>\n<strong>11h40 :<\/strong> <a href=\"https:\/\/espoo23results.european-athletics.com\/resEAA\/pdf\/ESP2023\/ATH\/ESP2023_ATH_C73R_ATHWSHOTPUT-----------QUAL--------.pdf\" target=\"_blank\" rel=\"noopener\">qualifications lancer du poids F<\/a><br \/>\n<strong>11h20 :<\/strong> <a href=\"https:\/\/espoo23results.european-athletics.com\/resEAA\/pdf\/ESP2023\/ATH\/ESP2023_ATH_C73H_ATHM1500M-------------RND1--------.pdf\" target=\"_blank\" rel=\"noopener\">s\u00e9ries 1500 m H<\/a>\u00a0\u00a0 <span style=\"font-size: 14px;\"><em>\ud83c\uddeb\ud83c\uddf7 Thomas Piquart, Flavien Szot, Martin Desmidt<\/em><\/span><br \/>\n<strong>12h :<\/strong> <a href=\"https:\/\/espoo23results.european-athletics.com\/resEAA\/pdf\/ESP2023\/ATH\/ESP2023_ATH_C73B_ATHW400M--------------RND1--------.pdf\" target=\"_blank\" rel=\"noopener\">s\u00e9ries 400 m F<\/a><br \/>\n<strong>12h15 :<\/strong> <a href=\"https:\/\/espoo23results.european-athletics.com\/resEAA\/pdf\/ESP2023\/ATH\/ESP2023_ATH_C73R_ATHMDISCUS------------QUAL--------.pdf\" target=\"_blank\" rel=\"noopener\">qualifications B lancer du disque H<\/a>\u00a0\u00a0 <span style=\"font-size: 14px;\"><em>\ud83c\uddeb\ud83c\uddf7<\/em> <em>Marc-Alexandre Delin<\/em><\/span><br \/>\n<strong>12h30 :<\/strong> <a href=\"https:\/\/espoo23results.european-athletics.com\/resEAA\/pdf\/ESP2023\/ATH\/ESP2023_ATH_C73B_ATHM400M--------------RND1--------.pdf\" target=\"_blank\" rel=\"noopener\">s\u00e9ries 400 m H<\/a>\u00a0\u00a0 <span style=\"font-size: 14px;\"><em>\ud83c\uddeb\ud83c\uddf7<\/em> <em>Ludovic Ouceni<\/em><\/span><\/p>\n<p><strong>15h45 :<\/strong> <a href=\"https:\/\/espoo23results.european-athletics.com\/resEAA\/pdf\/ESP2023\/ATH\/ESP2023_ATH_C73T_ATHWHEPTATH-----------SP----------.pdf\" target=\"_blank\" rel=\"noopener\">heptathlon &#8211; lancer du poids<\/a>\u00a0 <span style=\"font-size: 14px;\"><em>\ud83c\uddeb\ud83c\uddf7<\/em><\/span>\u00a0 <em><span style=\"font-size: 14px;\">No\u00e9mie Desailly, Pauline Bikembo<\/span><\/em><br \/>\n<strong>16h05 :<\/strong> <a href=\"https:\/\/espoo23results.european-athletics.com\/resEAA\/pdf\/ESP2023\/ATH\/ESP2023_ATH_C73B_ATHW100M--------------SFNL--------.pdf\" target=\"_blank\" rel=\"noopener\">demi-finales 100 m F<\/a>\u00a0 <span style=\"font-size: 14px;\"><em>\ud83c\uddeb\ud83c\uddf7\u00a0<\/em><\/span> <span style=\"font-size: 14px;\"><em>Marie-Ange Rimliniger<\/em><\/span><br \/>\n<strong>16h20 :<\/strong> <a href=\"https:\/\/espoo23results.european-athletics.com\/resEAA\/pdf\/ESP2023\/ATH\/ESP2023_ATH_C73O_ATHMLONGJUMP----------QUAL--------.pdf\">qualifications saut en longueur H\u00a0<\/a> <span style=\"font-size: 14px;\"><em>\ud83c\uddeb\ud83c\uddf7<\/em> <em>Fr\u00e9d\u00e9ric Dufag, Jules Pommery, Erwan Konat\u00e9<\/em><\/span><br \/>\n<strong>16h30 :<\/strong> <a href=\"https:\/\/espoo23results.european-athletics.com\/resEAA\/pdf\/ESP2023\/ATH\/ESP2023_ATH_C73B_ATHM100M--------------SFNL--------.pdf\" target=\"_blank\" rel=\"noopener\">demi-finales 100 m H<\/a>\u00a0 <em><span style=\"font-size: 14px;\">\ud83c\uddeb\ud83c\uddf7 Pablo Mat\u00e9o<\/span><\/em><br \/>\n<strong>16h55 :<\/strong> <a href=\"https:\/\/espoo23results.european-athletics.com\/resEAA\/pdf\/ESP2023\/ATH\/ESP2023_ATH_C73B_ATHW400M--------------SFNL--------.pdf\">demi-finales 400 m F<\/a><br \/>\n<strong>17h05 :<\/strong> <a href=\"https:\/\/espoo23results.european-athletics.com\/resEAA\/pdf\/ESP2023\/ATH\/ESP2023_ATH_C73S_ATHWSHOTPUT-----------FNL---------.pdf\"><strong>finale lancer du poids F<\/strong><\/a><br \/>\n<strong>17h30 :<\/strong> <a href=\"https:\/\/espoo23results.european-athletics.com\/resEAA\/pdf\/ESP2023\/ATH\/ESP2023_ATH_C73B_ATHM400M--------------SFNL--------.pdf\">demi-finales 400 m H<\/a>\u00a0 <span style=\"font-size: 14px;\"><em>\ud83c\uddeb\ud83c\uddf7<\/em> <em>Ludovic Ouceni<\/em><\/span><br \/>\n<strong>17h45 :<\/strong> <a href=\"https:\/\/espoo23results.european-athletics.com\/resEAA\/pdf\/ESP2023\/ATH\/ESP2023_ATH_C73R_ATHMHAMMER------------QUAL--------.pdf\">qualifications A lancer du marteau H<\/a><br \/>\n<strong>18h :<\/strong> <a href=\"https:\/\/espoo23results.european-athletics.com\/resEAA\/pdf\/ESP2023\/ATH\/ESP2023_ATH_C73D_ATHWHEPTATH-----------200---------.pdf\">heptathlon &#8211; 200 m<\/a>\u00a0 <span style=\"font-size: 14px;\"><em>\ud83c\uddeb\ud83c\uddf7<\/em><\/span>\u00a0 <em><span style=\"font-size: 14px;\">No\u00e9mie Desailly, Pauline Bikembo<\/span><\/em><br \/>\n<strong>18h30 : <\/strong><a href=\"https:\/\/espoo23results.european-athletics.com\/resEAA\/pdf\/ESP2023\/ATH\/ESP2023_ATH_C73H_ATHW3000MST-----------RND1--------.pdf\">s\u00e9ries 3000 m steeple F<\/a><br \/>\n<strong>18h40 :<\/strong> <a href=\"https:\/\/espoo23results.european-athletics.com\/resEAA\/pdf\/ESP2023\/ATH\/ESP2023_ATH_C73O_ATHWTRPLJUMP----------QUAL--------.pdf\">qualifications triple saut F<\/a> <em><span style=\"font-size: 14px;\">\ud83c\uddeb\ud83c\uddf7 C\u00e9rane B\u00e9al, Eunice Ilunga Mbuyi, Daniela-Martine Wamokpego<\/span><\/em><br \/>\n<strong>18h50 :<\/strong> <a href=\"https:\/\/espoo23results.european-athletics.com\/resEAA\/pdf\/ESP2023\/ATH\/ESP2023_ATH_C73R_ATHMHAMMER------------QUAL--------.pdf\">qualifications B lancer du marteau H<\/a>\u00a0 \u00a0<em><span style=\"font-size: 14px;\">\ud83c\uddeb\ud83c\uddf7 Jean-Baptiste Bruxelle<\/span><\/em><br \/>\n<strong>19h35 :<\/strong> <a href=\"https:\/\/espoo23results.european-athletics.com\/resEAA\/pdf\/ESP2023\/ATH\/ESP2023_ATH_C73G_ATHW5000M-------------FNL-000100--.pdf\"><strong>finale 5000 m F<\/strong><\/a><br \/>\n<span style=\"color: #800080;\"><strong>20h : <\/strong><\/span><span style=\"color: #800080;\"><strong>C\u00e9r\u00e9monie lancer du poids F<\/strong><\/span><\/p>\n<p style=\"text-align: justify;\"><\/div>\n<div class=\"su-tabs-pane su-u-clearfix su-u-trim\" data-title=\"Vendredi 14 juillet\">\n<p><strong>8h40 :<\/strong> <a href=\"https:\/\/espoo23results.european-athletics.com\/resEAA\/pdf\/ESP2023\/ATH\/ESP2023_ATH_C73R_ATHWDISCUS------------QUAL--------.pdf\" target=\"_blank\" rel=\"noopener\">qualifications A lancer du disque F<\/a><br \/>\n<strong>9h :<\/strong> <a href=\"https:\/\/espoo23results.european-athletics.com\/resEAA\/pdf\/ESP2023\/ATH\/ESP2023_ATH_C73B_ATHM400MHURD----------RND1--------.pdf\" target=\"_blank\" rel=\"noopener\">s\u00e9ries 400 m haies H<\/a>\u00a0\u00a0 <span style=\"font-size: 14px;\"><em>\ud83c\uddeb\ud83c\uddf7 Cl\u00e9ment Ducos, Hugo Menin, Fantin Crisci<\/em> <\/span><br \/>\n<strong>9h15 :<\/strong> <a href=\"https:\/\/espoo23results.european-athletics.com\/resEAA\/pdf\/ESP2023\/ATH\/ESP2023_ATH_C73Q_ATHWHEPTATH-----------LJ----------.pdf\" target=\"_blank\" rel=\"noopener\">heptathlon &#8211; saut en longueur<\/a>\u00a0 <span style=\"font-size: 14px;\"><em>\ud83c\uddeb\ud83c\uddf7<\/em><\/span>\u00a0 <em><span style=\"font-size: 14px;\">No\u00e9mie Desailly, Pauline Bikembo<\/span><\/em><br \/>\n<strong>9h40 :<\/strong> <a href=\"https:\/\/espoo23results.european-athletics.com\/resEAA\/pdf\/ESP2023\/ATH\/ESP2023_ATH_C73B_ATHW400MHURD----------RND1--------.pdf\" target=\"_blank\" rel=\"noopener\">s\u00e9ries 400 m haies F<\/a>\u00a0\u00a0 <span style=\"font-size: 14px;\"><em>\ud83c\uddeb\ud83c\uddf7<\/em> <em>Ma\u00e9na Drouin, Louise Maraval<\/em><\/span><br \/>\n<strong>9h50 :<\/strong> <a href=\"https:\/\/espoo23results.european-athletics.com\/resEAA\/pdf\/ESP2023\/ATH\/ESP2023_ATH_C73R_ATHWDISCUS------------QUAL--------.pdf\" target=\"_blank\" rel=\"noopener\">qualifications B lancer du disque F<\/a><br \/>\n<strong>10h :<\/strong> <a href=\"https:\/\/espoo23results.european-athletics.com\/resEAA\/pdf\/ESP2023\/ATH\/ESP2023_ATH_C73L_ATHWHIGHJUMP----------QUAL--------.pdf\" target=\"_blank\" rel=\"noopener\">qualifications saut en hauteur F<\/a>\u00a0\u00a0 <span style=\"font-size: 14px;\"><em>\ud83c\uddeb\ud83c\uddf7<\/em> <em>Laureen Maxwell<\/em><\/span><br \/>\n<strong>10h30 :<\/strong> <a href=\"https:\/\/espoo23results.european-athletics.com\/resEAA\/pdf\/ESP2023\/ATH\/ESP2023_ATH_C73G_ATHM5000M-------------FNL-000100--.pdf\" target=\"_blank\" rel=\"noopener\"><strong>finale 5000 m H<\/strong><\/a> \u00a0 <span style=\"font-size: 14px;\"><em>\ud83c\uddeb\ud83c\uddf7<\/em> <em>Lo\u00efc Scomparin<\/em><\/span><br \/>\n<strong>11h05 :<\/strong> <a href=\"https:\/\/espoo23results.european-athletics.com\/resEAA\/pdf\/ESP2023\/ATH\/ESP2023_ATH_C73B_ATHM110MHURD----------RND1--------.pdf\" target=\"_blank\" rel=\"noopener\">s\u00e9ries 110 m haies<\/a>\u00a0\u00a0 <span style=\"font-size: 14px;\"><em>\ud83c\uddeb\ud83c\uddf7 Sasha Zhoya, Erwann Cinna, Kenny Fletcher<\/em><\/span><br \/>\n<strong>11h10 :<\/strong> <a href=\"https:\/\/espoo23results.european-athletics.com\/resEAA\/pdf\/ESP2023\/ATH\/ESP2023_ATH_C73R_ATHWJAVELIN-----------QUAL--------.pdf\" target=\"_blank\" rel=\"noopener\">qualifications A lancer du javelot F<\/a><br \/>\n<strong>11h15 :<\/strong> <a href=\"https:\/\/espoo23results.european-athletics.com\/resEAA\/pdf\/ESP2023\/ATH\/ESP2023_ATH_C73O_ATHMTRPLJUMP----------QUAL--------.pdf\" target=\"_blank\" rel=\"noopener\">qualifications triple saut H<\/a>\u00a0\u00a0 <span style=\"font-size: 14px;\"><em>\ud83c\uddeb\ud83c\uddf7 Simon Gore<\/em><\/span><br \/>\n<strong>11h55 : <\/strong><a href=\"https:\/\/espoo23results.european-athletics.com\/resEAA\/pdf\/ESP2023\/ATH\/ESP2023_ATH_C73B_ATHW100MHURD----------RND1--------.pdf\" target=\"_blank\" rel=\"noopener\">s\u00e9ries 100 m haies<\/a><br \/>\n<strong>12h20 :<\/strong> <a href=\"https:\/\/espoo23results.european-athletics.com\/resEAA\/pdf\/ESP2023\/ATH\/ESP2023_ATH_C73R_ATHWJAVELIN-----------QUAL--------.pdf\" target=\"_blank\" rel=\"noopener\">qualifications B lancer du javelot F<\/a>\u00a0\u00a0 <span style=\"font-size: 14px;\"><em>\ud83c\uddeb\ud83c\uddf7 Jade Maraval<\/em><\/span><br \/>\n<strong>12h40 :<\/strong> <a href=\"https:\/\/espoo23results.european-athletics.com\/resEAA\/pdf\/ESP2023\/ATH\/ESP2023_ATH_C73H_ATHM800M--------------RND1--------.pdf\" target=\"_blank\" rel=\"noopener\">s\u00e9ries 800 m H<\/a>\u00a0\u00a0 <span style=\"font-size: 14px;\"><em>\ud83c\uddeb\ud83c\uddf7<\/em> <em>Paul Anselmini, Corentin Magnou, Yanis Meziane<\/em><\/span><br \/>\n<span style=\"color: #800080;\"><strong>13h : <\/strong><\/span><span style=\"color: #800080;\"><strong>C\u00e9r\u00e9monie 5000 m F<\/strong><\/span><br \/>\n<span style=\"color: #800080;\"><strong>13h06 : <\/strong><\/span><span style=\"color: #800080;\"><strong>C\u00e9r\u00e9monie 5000 m H<\/strong><\/span><\/p>\n<p style=\"text-align: justify;\"><strong>16h : <\/strong><a href=\"https:\/\/espoo23results.european-athletics.com\/resEAA\/pdf\/ESP2023\/ATH\/ESP2023_ATH_C73T_ATHWHEPTATH-----------JT----------.pdf\">heptathlon &#8211; lancer du javelot A<\/a>\u00a0\u00a0 <span style=\"font-size: 14px;\"><em>\ud83c\uddeb\ud83c\uddf7 No\u00e9mie Desailly<\/em><\/span><\/p>\n<p style=\"text-align: justify;\"><span style=\"color: #ff0000;\"><strong>Programme retard\u00e9 par la pluie.<br \/>\n<\/strong><\/span><\/p>\n<p style=\"text-align: justify;\"><strong>17h : <\/strong><a href=\"https:\/\/espoo23results.european-athletics.com\/resEAA\/pdf\/ESP2023\/ATH\/ESP2023_ATH_C73B_ATHM110MHURD----------SFNL--------.pdf\" target=\"_blank\" rel=\"noopener\">demi-finales 110 m haies<\/a>\u00a0 <span style=\"font-size: 14px;\"><em>\ud83c\uddeb\ud83c\uddf7 Sasha Zhoya, Erwann Cinna, Kenny Fletcher<\/em><\/span><strong><br \/>\n18h : <\/strong><a href=\"https:\/\/espoo23results.european-athletics.com\/resEAA\/pdf\/ESP2023\/ATH\/ESP2023_ATH_C73T_ATHWHEPTATH-----------JT----------.pdf\">heptathlon &#8211; lancer du javelot B<\/a>\u00a0 <span style=\"font-size: 14px;\"><em>\ud83c\uddeb\ud83c\uddf7 Pauline Bikembo<\/em><\/span><br \/>\n<strong>18h : <a href=\"https:\/\/espoo23results.european-athletics.com\/resEAA\/pdf\/ESP2023\/ATH\/ESP2023_ATH_C73P_ATHWTRPLJUMP----------FNL---------.pdf\">finale triple saut F<\/a><\/strong><strong><br \/>\n19h : <\/strong><a href=\"https:\/\/espoo23results.european-athletics.com\/resEAA\/pdf\/ESP2023\/ATH\/ESP2023_ATH_C73B_ATHW100MHURD----------SFNL--------.pdf\">demi-finales 100 m haies<\/a><strong><br \/>\n19h05 : <a href=\"https:\/\/espoo23results.european-athletics.com\/resEAA\/pdf\/ESP2023\/ATH\/ESP2023_ATH_C73A_ATHW400M--------------FNL-000100--.pdf\">finale 400 m F<\/a><br \/>\n19h20 : <a href=\"https:\/\/espoo23results.european-athletics.com\/resEAA\/pdf\/ESP2023\/ATH\/ESP2023_ATH_C73A_ATHM400M--------------FNL-000100--.pdf\">finale 400 m H<\/a><br \/>\n19h35 : <a href=\"https:\/\/espoo23results.european-athletics.com\/resEAA\/pdf\/ESP2023\/ATH\/ESP2023_ATH_C73G_ATHW800M--------------FNL-000100--.pdf\">finale 800 m F<\/a><br \/>\n19h45 : <a href=\"https:\/\/espoo23results.european-athletics.com\/resEAA\/pdf\/ESP2023\/ATH\/ESP2023_ATH_C73S_ATHWHAMMER------------FNL---------.pdf\">finale lancer du marteau F<\/a><\/strong><span style=\"font-size: 14px;\"><em> \u00a0 \ud83c\uddeb\ud83c\uddf7 Rose Loga<\/em><\/span><strong><br \/>\n19h50 : <a href=\"https:\/\/espoo23results.european-athletics.com\/resEAA\/pdf\/ESP2023\/ATH\/ESP2023_ATH_C73P_ATHMLONGJUMP----------FNL---------.pdf\" target=\"_blank\" rel=\"noopener\">finale saut en longueur H<\/a><\/strong><span style=\"font-size: 14px;\"><em>\ud83c\uddeb\ud83c\uddf7<\/em> <em>Erwan Konate, Jules Pommery<\/em><\/span><br \/>\n<strong>19h55 : <a href=\"https:\/\/espoo23results.european-athletics.com\/resEAA\/pdf\/ESP2023\/ATH\/ESP2023_ATH_C73J_ATHWHEPTATH-----------800---------.pdf\">heptathlon &#8211; 800 m<\/a> &#8211; <a href=\"https:\/\/espoo23results.european-athletics.com\/resEAA\/pdf\/ESP2023\/ATH\/ESP2023_ATH_C73U_ATHWHEPTATH-----------800---------.pdf\" target=\"_blank\" rel=\"noopener\">R\u00e9sultats totaux<\/a>\u00a0 <\/strong><span style=\"font-size: 14px;\"><em>\ud83c\uddeb\ud83c\uddf7 <\/em><\/span><em><span style=\"font-size: 14px;\">No\u00e9mie Desailly, Pauline Bikembo<\/span><\/em><br \/>\n<strong>20h35 :<\/strong> <strong><a href=\"https:\/\/espoo23results.european-athletics.com\/resEAA\/pdf\/ESP2023\/ATH\/ESP2023_ATH_C73A_ATHW100M--------------FNL-000100--.pdf\">finale 100 m F<\/a>\u00a0 \u00a0<\/strong><span style=\"font-size: 14px;\"><em>\ud83c\uddeb\ud83c\uddf7\u00a0<\/em> <em>Marie-Ange Rimliniger<\/em><\/span><br \/>\n<strong>20h50 : <a href=\"https:\/\/espoo23results.european-athletics.com\/resEAA\/pdf\/ESP2023\/ATH\/ESP2023_ATH_C73A_ATHM100M--------------FNL-000100--.pdf\">finale 100 m H<\/a>\u00a0\u00a0 <\/strong><span style=\"font-size: 14px;\"><em>\ud83c\uddeb\ud83c\uddf7 Pablo Mat\u00e9o<\/em><\/span><br \/>\n<span style=\"color: #800080;\"><strong>20h : <\/strong><\/span><span style=\"color: #800080;\"><strong>C\u00e9r\u00e9monie 400 m F<\/strong><\/span><br \/>\n<span style=\"color: #800080;\"><strong>20h06 : <\/strong><\/span><span style=\"color: #800080;\"><strong>C\u00e9r\u00e9monie 400 m H<\/strong><\/span><br \/>\n<span style=\"color: #800080;\"><strong>20h12 : <\/strong><\/span><span style=\"color: #800080;\"><strong>C\u00e9r\u00e9monie triple saut F<\/strong><\/span><br \/>\n<span style=\"color: #800080;\"><strong>20h18 : <\/strong><\/span><span style=\"color: #800080;\"><strong>C\u00e9r\u00e9monie 800 m F<\/strong><\/span><br \/>\n<span style=\"color: #800080;\"><strong>20h24 : <\/strong><\/span><span style=\"color: #800080;\"><strong>C\u00e9r\u00e9monie heptathlon<\/strong><\/span><\/p>\n<p style=\"text-align: justify;\"><\/div>\n<div class=\"su-tabs-pane su-u-clearfix su-u-trim\" data-title=\"Samedi 15 juillet\">\n<p><strong>9h :<\/strong> <a href=\"https:\/\/espoo23results.european-athletics.com\/resEAA\/pdf\/ESP2023\/ATH\/ESP2023_ATH_C73D_ATHMDECATH------------100---------.pdf\" target=\"_blank\" rel=\"noopener\">d\u00e9cathlon &#8211; 100 m<\/a>\u00a0<span style=\"font-size: 14px;\">\u00a0 <em>\ud83c\uddeb\ud83c\uddf7<\/em> <em>Pierre Blaecke, T\u00e9o Bastien, Luc Brewin<\/em><\/span><br \/>\n<strong>9h :<\/strong> <a href=\"https:\/\/espoo23results.european-athletics.com\/resEAA\/pdf\/ESP2023\/ATH\/ESP2023_ATH_C73L_ATHMPLEVAULT----------QUAL--------.pdf\">qualifications saut \u00e0 la perche H<\/a>\u00a0\u00a0 <span style=\"font-size: 14px;\"><strong><em>\ud83c\uddeb\ud83c\uddf7 <\/em><\/strong><em>Anthony Ammirati, Robin Emig, Baptiste Thiery<\/em><\/span><br \/>\n<strong>9h20 :<\/strong> <a href=\"https:\/\/espoo23results.european-athletics.com\/resEAA\/pdf\/ESP2023\/ATH\/ESP2023_ATH_C73H_ATHM3000MST-----------RND1--------.pdf\">s\u00e9ries 3000 m steeple H<\/a>\u00a0\u00a0 <span style=\"font-size: 14px;\"><em>\ud83c\uddeb\ud83c\uddf7 Baptiste Guyon, Luc Le Baron, Valentin Bresc<\/em><\/span><br \/>\n<strong>9h50 :<\/strong> <a href=\"https:\/\/espoo23results.european-athletics.com\/resEAA\/pdf\/ESP2023\/ATH\/ESP2023_ATH_C73Q_ATHMDECATH------------LJ----------.pdf\">d\u00e9cathlon &#8211; saut en longueur<\/a>\u00a0\u00a0 <span style=\"font-size: 14px;\"><em>\ud83c\uddeb\ud83c\uddf7<\/em> <em>Pierre Blaecke, T\u00e9o Bastien, Luc Brewin<\/em><\/span><br \/>\n<strong>9h50 :<\/strong>\u00a0<b><a href=\"https:\/\/espoo23results.european-athletics.com\/resEAA\/pdf\/ESP2023\/ATH\/ESP2023_ATH_C73S_ATHMDISCUS------------FNL---------.pdf\">finale lancer du disque H<\/a>\u00a0 \u00a0<\/b><span style=\"font-size: 14px;\"><em>\ud83c\uddeb\ud83c\uddf7<\/em> <em>Marc-Alexandre Delin<\/em><\/span><br \/>\n<strong>10h15 :<\/strong> <a href=\"https:\/\/espoo23results.european-athletics.com\/resEAA\/pdf\/ESP2023\/ATH\/ESP2023_ATH_C73H_ATHW1500M-------------RND1--------.pdf\">s\u00e9ries 1500 m F<\/a><br \/>\n<strong>10h50 :<\/strong> <a href=\"https:\/\/espoo23results.european-athletics.com\/resEAA\/pdf\/ESP2023\/ATH\/ESP2023_ATH_C73B_ATHW400MHURD----------SFNL--------.pdf\">demi-finales 400 m haies F<\/a>\u00a0 <span style=\"font-size: 14px;\"><em>\ud83c\uddeb\ud83c\uddf7<\/em> <em>Ma\u00e9na Drouin, Louise Maraval<\/em><\/span><br \/>\n<strong>11h10 :<\/strong> <a href=\"https:\/\/espoo23results.european-athletics.com\/resEAA\/pdf\/ESP2023\/ATH\/ESP2023_ATH_C73B_ATHM400MHURD----------SFNL--------.pdf\">demi-finales 400 m haies H<\/a>\u00a0 <span style=\"font-size: 14px;\"><em>\ud83c\uddeb\ud83c\uddf7 Cl\u00e9ment Ducos, Hugo Menin, Fantin Crisci<\/em><\/span><br \/>\n<strong>11h30 :<\/strong> <a href=\"https:\/\/espoo23results.european-athletics.com\/resEAA\/pdf\/ESP2023\/ATH\/ESP2023_ATH_C74A_ATHM4X100M------------RND1--------.pdf\">s\u00e9ries relais 4 X 100 m H<\/a>\u00a0\u00a0 <span style=\"font-size: 14px;\"><em>\ud83c\uddeb\ud83c\uddf7 France<\/em><\/span><br \/>\n<strong>11h40 :<\/strong> <a href=\"https:\/\/espoo23results.european-athletics.com\/resEAA\/pdf\/ESP2023\/ATH\/ESP2023_ATH_C73T_ATHMDECATH------------SP----------.pdf\">d\u00e9cathlon &#8211; lancer du poids<\/a>\u00a0\u00a0 <span style=\"font-size: 14px;\"><em>\ud83c\uddeb\ud83c\uddf7<\/em> <em>Pierre Blaecke, T\u00e9o Bastien, Luc Brewin<\/em><\/span><br \/>\n<strong>11h40 :<\/strong> <a href=\"https:\/\/espoo23results.european-athletics.com\/resEAA\/pdf\/ESP2023\/ATH\/ESP2023_ATH_C73O_ATHWLONGJUMP----------QUAL--------.pdf\">qualifications saut en longueur F<\/a>\u00a0\u00a0 <span style=\"font-size: 14px;\"><em>\ud83c\uddeb\ud83c\uddf7<\/em> <em>Tiphaine Mauchant<\/em><\/span><br \/>\n<strong>11h45 :<\/strong> <strong><a href=\"https:\/\/espoo23results.european-athletics.com\/resEAA\/pdf\/ESP2023\/ATH\/ESP2023_ATH_C73S_ATHMHAMMER------------FNL---------.pdf\">finale lancer du marteau H<\/a>\u00a0\u00a0 <\/strong><span style=\"font-size: 14px;\"><em>\ud83c\uddeb\ud83c\uddf7 <\/em><em>Jean-Baptiste Bruxelle<\/em><\/span><br \/>\n<strong>11h50 : <\/strong><a href=\"https:\/\/espoo23results.european-athletics.com\/resEAA\/pdf\/ESP2023\/ATH\/ESP2023_ATH_C74A_ATHW4X100M------------RND1--------.pdf\">s\u00e9ries relais 4 X 100 m F<\/a><strong> \u00a0 <span style=\"font-size: 14px;\"><em>\ud83c\uddeb\ud83c\uddf7 <\/em><\/span><\/strong><span style=\"font-size: 14px;\"><em>France<\/em><\/span><strong><br \/>\n12h15 :<\/strong> <a href=\"https:\/\/espoo23results.european-athletics.com\/resEAA\/pdf\/ESP2023\/ATH\/ESP2023_ATH_C74A_ATHM4X400M------------RND1--------.pdf\">s\u00e9ries relais 4 X 400 m H<\/a>\u00a0\u00a0 <span style=\"font-size: 14px;\"><em>\ud83c\uddeb\ud83c\uddf7 France<\/em><\/span><br \/>\n<strong>12h35 :<\/strong> <a href=\"https:\/\/espoo23results.european-athletics.com\/resEAA\/pdf\/ESP2023\/ATH\/ESP2023_ATH_C74A_ATHW4X400M------------RND1--------.pdf\">s\u00e9ries relais 4 X 400 m F<\/a>\u00a0\u00a0 <span style=\"font-size: 14px;\"><em>\ud83c\uddeb\ud83c\uddf7 France<\/em><\/span><br \/>\n<span style=\"color: #800080;\"><strong>13h : <\/strong><\/span><span style=\"color: #800080;\"><strong>C\u00e9r\u00e9monie 100 m F<\/strong><\/span><br \/>\n<span style=\"color: #800080;\"><strong>13h06 : <\/strong><\/span><span style=\"color: #800080;\"><strong>C\u00e9r\u00e9monie 100 m H<\/strong><\/span><br \/>\n<span style=\"color: #800080;\"><strong>13h12 : <\/strong><\/span><span style=\"color: #800080;\"><strong>C\u00e9r\u00e9monie lancer du marteau H<\/strong><\/span><br \/>\n<span style=\"color: #800080;\"><strong>13h18 : <\/strong><\/span><span style=\"color: #800080;\"><strong>C\u00e9r\u00e9monie saut en longueur H<\/strong><\/span><br \/>\n<span style=\"color: #800080;\"><strong>13h24 : <\/strong><\/span><span style=\"color: #800080;\"><strong>C\u00e9r\u00e9monie lancer du disque H<br \/>\n13h30 : C\u00e9r\u00e9monie lancer du marteau F<\/strong><\/span><\/p>\n<p style=\"text-align: justify;\"><strong>15h : <\/strong><a href=\"https:\/\/espoo23results.european-athletics.com\/resEAA\/pdf\/ESP2023\/ATH\/ESP2023_ATH_C73N_ATHMDECATH------------HJ----------.pdf\">d\u00e9cathlon &#8211; saut en hauteur<\/a>\u00a0\u00a0 <span style=\"font-size: 14px;\"><em>\ud83c\uddeb\ud83c\uddf7<\/em> <em>Pierre Blaecke, T\u00e9o Bastien, Luc Brewin<\/em><\/span><br \/>\n<strong>15h35 : <a href=\"https:\/\/espoo23results.european-athletics.com\/resEAA\/pdf\/ESP2023\/ATH\/ESP2023_ATH_C73M_ATHWPLEVAULT----------FNL---------.pdf\">finale saut \u00e0 la perche F<\/a>\u00a0 <\/strong><span style=\"font-size: 14px;\"><em>\ud83c\uddeb\ud83c\uddf7 <\/em><\/span><span style=\"font-size: 14px;\"><em>Marie-Julie Bonnin, L\u00e9a Mauberret, Elise Russis<\/em><\/span><br \/>\n<strong>15h40 : <a href=\"https:\/\/espoo23results.european-athletics.com\/resEAA\/pdf\/ESP2023\/ATH\/ESP2023_ATH_C73E_ATHW4X100M------------FNL-000100--.pdf\">finale relais 4 X 100 m F<\/a>\u00a0\u00a0 <\/strong><span style=\"font-size: 14px;\"><em>\ud83c\uddeb\ud83c\uddf7 France<\/em><\/span><br \/>\n<strong>15h45 : <a href=\"https:\/\/espoo23results.european-athletics.com\/resEAA\/pdf\/ESP2023\/ATH\/ESP2023_ATH_C73S_ATHMJAVELIN-----------FNL---------.pdf\">finale lancer du javelot H<\/a>\u00a0\u00a0 <\/strong><span style=\"font-size: 14px;\"><em>\ud83c\uddeb\ud83c\uddf7<\/em> <em>Lenny<\/em> <em>Brisseault<\/em><\/span><br \/>\n<strong>15h50 : <a href=\"https:\/\/espoo23results.european-athletics.com\/resEAA\/pdf\/ESP2023\/ATH\/ESP2023_ATH_C73E_ATHM4X100M------------FNL-000100--.pdf\">finale relais 4 X 100 m H<\/a>\u00a0\u00a0 <\/strong><span style=\"font-size: 14px;\"><em>\ud83c\uddeb\ud83c\uddf7 France<\/em><\/span><br \/>\n<strong>16h05 : <a href=\"https:\/\/espoo23results.european-athletics.com\/resEAA\/pdf\/ESP2023\/ATH\/ESP2023_ATH_C73G_ATHW3000MST-----------FNL-000100--.pdf\">finale 3000 m steeple F<\/a><\/strong><br \/>\n<strong>16h25 : <a href=\"https:\/\/espoo23results.european-athletics.com\/resEAA\/pdf\/ESP2023\/ATH\/ESP2023_ATH_C73G_ATHM1500M-------------FNL-000100--.pdf\">finale 1500 m<\/a><\/strong><a href=\"https:\/\/espoo23results.european-athletics.com\/resEAA\/pdf\/ESP2023\/ATH\/ESP2023_ATH_C73G_ATHM1500M-------------FNL-000100--.pdf\"> <strong>H<\/strong><\/a>\u00a0 \u00a0<span style=\"font-size: 14px;\"><em>\ud83c\uddeb\ud83c\uddf7 Flavien Szot<\/em><\/span><strong><br \/>\n16h40 : <a href=\"https:\/\/espoo23results.european-athletics.com\/resEAA\/pdf\/ESP2023\/ATH\/ESP2023_ATH_C73G_ATHW10000M------------FNL-000100--.pdf\">finale 10000 m F<\/a><\/strong><br \/>\n<strong>17h20 : <a href=\"https:\/\/espoo23results.european-athletics.com\/resEAA\/pdf\/ESP2023\/ATH\/ESP2023_ATH_C73S_ATHMSHOTPUT-----------FNL---------.pdf\">finale lancer du poids H<\/a><\/strong> \u00a0 <span style=\"font-size: 14px;\"><em>\ud83c\uddeb\ud83c\uddf7 Stephen Mailagi<\/em><\/span><br \/>\n<strong>17h25 : <\/strong><a href=\"https:\/\/espoo23results.european-athletics.com\/resEAA\/pdf\/ESP2023\/ATH\/ESP2023_ATH_C73B_ATHW200M--------------RND1--------.pdf\">s\u00e9ries 200 m F<\/a>\u00a0\u00a0 <span style=\"font-size: 14px;\"><em>\ud83c\uddeb\ud83c\uddf7 Gemima Joseph, Pam\u00e9ra Losange<\/em><\/span><br \/>\n<strong>17h45 : <a href=\"https:\/\/espoo23results.european-athletics.com\/resEAA\/pdf\/ESP2023\/ATH\/ESP2023_ATH_C73M_ATHMHIGHJUMP----------FNL---------.pdf\">finale saut en hauteur H<\/a>\u00a0\u00a0 <\/strong><strong><span style=\"font-size: 14px;\"><em>\ud83c\uddeb\ud83c\uddf7 <\/em><\/span><\/strong><span style=\"font-size: 14px;\"><em>Jason Bayindoula<\/em><\/span><strong><br \/>\n17h50 : <\/strong><a href=\"https:\/\/espoo23results.european-athletics.com\/resEAA\/pdf\/ESP2023\/ATH\/ESP2023_ATH_C73B_ATHM200M--------------RND1--------.pdf\">s\u00e9ries 200 m H<\/a>\u00a0\u00a0 <span style=\"font-size: 14px;\"><em>\ud83c\uddeb\ud83c\uddf7 Jordan Jalce, Hugo Cerra, Jehan Anicet<\/em><\/span><br \/>\n<strong>18h05 : <a href=\"https:\/\/espoo23results.european-athletics.com\/resEAA\/pdf\/ESP2023\/ATH\/ESP2023_ATH_C73P_ATHMTRPLJUMP----------FNL---------.pdf\">finale triple saut H<\/a>\u00a0 <\/strong><span style=\"font-size: 14px;\"><em>\ud83c\uddeb\ud83c\uddf7 Simon Gore<\/em><\/span><br \/>\n<strong>18h30 : <\/strong><a href=\"https:\/\/espoo23results.european-athletics.com\/resEAA\/pdf\/ESP2023\/ATH\/ESP2023_ATH_C73D_ATHMDECATH------------400---------.pdf\">d\u00e9cathlon &#8211; 400 m<\/a>\u00a0\u00a0 <span style=\"font-size: 14px;\"><em>\ud83c\uddeb\ud83c\uddf7<\/em> <em>Pierre Blaecke, T\u00e9o Bastien, Luc Brewin<\/em><\/span><br \/>\n<strong>18h55 : <a href=\"https:\/\/espoo23results.european-athletics.com\/resEAA\/pdf\/ESP2023\/ATH\/ESP2023_ATH_C73A_ATHM110MHURD----------FNL-000100--.pdf\">finale 110 m haies<\/a>\u00a0\u00a0 <\/strong><em><span style=\"font-size: 14px;\">\ud83c\uddeb\ud83c\uddf7<\/span> <\/em><span style=\"font-size: 14px;\"><em>Sasha Zhoya, Erwann Cinna<\/em><\/span><br \/>\n<strong>19h10 : <a href=\"https:\/\/espoo23results.european-athletics.com\/resEAA\/pdf\/ESP2023\/ATH\/ESP2023_ATH_C73A_ATHW100MHURD----------FNL-000100--.pdf\">finale 100 m haies<\/a><\/strong><br \/>\n<strong><span style=\"color: #800080;\">19h15 : <\/span><span style=\"color: #800080;\">C\u00e9r\u00e9monie lancer du javelot H<\/span><br \/>\n<span style=\"color: #800080;\">19h21 : <\/span><span style=\"color: #800080;\">C\u00e9r\u00e9monie saut \u00e0 la perche F<\/span><br \/>\n<span style=\"color: #800080;\">19h27 : <\/span><span style=\"color: #800080;\">C\u00e9r\u00e9monie 3000 m steeple<\/span><br \/>\n<span style=\"color: #800080;\">19h33 : <\/span><span style=\"color: #800080;\">C\u00e9r\u00e9monie lancer du poids H<\/span><br \/>\n<span style=\"color: #800080;\">19h39 : <\/span><span style=\"color: #800080;\">C\u00e9r\u00e9monie relais 4 X 100 m F<\/span><br \/>\n<span style=\"color: #800080;\">19h45 : <\/span><span style=\"color: #800080;\">C\u00e9r\u00e9monie relais 4 X 100 m H<\/span><br \/>\n<\/strong><\/p>\n<p style=\"text-align: justify;\"><\/div>\n<div class=\"su-tabs-pane su-u-clearfix su-u-trim\" data-title=\"Dimanche 16 juillet\">\n<p><strong>9h :<\/strong> <a href=\"https:\/\/espoo23results.european-athletics.com\/resEAA\/pdf\/ESP2023\/ATH\/ESP2023_ATH_C73D_ATHMDECATH------------110H--------.pdf\">d\u00e9cathlon &#8211; 110 m haies<\/a>\u00a0\u00a0 <span style=\"font-size: 14px;\"><em>\ud83c\uddeb\ud83c\uddf7<\/em> <em>Pierre Blaecke, T\u00e9o Bastien, Luc Brewin<\/em><\/span><br \/>\n<strong>9h40 :<\/strong> <a href=\"https:\/\/espoo23results.european-athletics.com\/resEAA\/pdf\/ESP2023\/ATH\/ESP2023_ATH_C73T_ATHMDECATH------------DT----------.pdf\">d\u00e9cathlon &#8211; lancer du disque A<\/a>\u00a0\u00a0 <span style=\"font-size: 14px;\"><em>\ud83c\uddeb\ud83c\uddf7<\/em> <em>Pierre Blaecke<\/em><\/span><br \/>\n<strong>9h50 :<\/strong> <a href=\"https:\/\/espoo23results.european-athletics.com\/resEAA\/pdf\/ESP2023\/ATH\/ESP2023_ATH_C73G_ATHM10000M------------FNL-000100--.pdf\"><strong>finale 10000 m H<\/strong><\/a> \u00a0 <span style=\"font-size: 14px;\"><em>\ud83c\uddeb\ud83c\uddf7<\/em> <em>Fran\u00e7ois Guilhot, Antonin Marquant<\/em><\/span><br \/>\n<strong>10h30 :<\/strong> <a href=\"https:\/\/espoo23results.european-athletics.com\/resEAA\/pdf\/ESP2023\/ATH\/ESP2023_ATH_C73B_ATHW200M--------------SFNL--------.pdf\">demi-finales 200 m F<\/a>\u00a0\u00a0 <span style=\"font-size: 14px;\"><em>\ud83c\uddeb\ud83c\uddf7<\/em> <em>G\u00e9mima Joseph, Pam\u00e9ra Losange<\/em><\/span><br \/>\n<strong>10h45 :<\/strong> <a href=\"https:\/\/espoo23results.european-athletics.com\/resEAA\/pdf\/ESP2023\/ATH\/ESP2023_ATH_C73T_ATHMDECATH------------DT----------.pdf\">d\u00e9cathlon &#8211; lancer du disque B<\/a>\u00a0\u00a0 <span style=\"font-size: 14px;\"><em>\ud83c\uddeb\ud83c\uddf7<\/em> <em>T\u00e9o Bastien, Luc Brewin<\/em><\/span><br \/>\n<strong>10h45 :<\/strong> <a href=\"https:\/\/espoo23results.european-athletics.com\/resEAA\/pdf\/ESP2023\/ATH\/ESP2023_ATH_C73B_ATHM200M--------------SFNL--------.pdf\">demi-finales 200 m H<\/a>\u00a0\u00a0 <span style=\"font-size: 14px;\"><em>\ud83c\uddeb\ud83c\uddf7<\/em> <em>Hugo Cerra<\/em><\/span><br \/>\n<strong>11h15 :<\/strong> <strong><a href=\"https:\/\/espoo23results.european-athletics.com\/resEAA\/pdf\/ESP2023\/ATH\/ESP2023_ATH_C73A_ATHM400MHURD----------FNL-000100--.pdf\">finale 400 m haies H<\/a>\u00a0\u00a0 <\/strong><span style=\"font-size: 14px;\"><em>\ud83c\uddeb\ud83c\uddf7 Cl\u00e9ment Ducos, Fantin Crisci<\/em><\/span><br \/>\n<strong>11h30 :<\/strong> <a href=\"https:\/\/espoo23results.european-athletics.com\/resEAA\/pdf\/ESP2023\/ATH\/ESP2023_ATH_C73N_ATHMDECATH------------PV----------.pdf\">d\u00e9cathlon &#8211; saut \u00e0 la perche A<\/a>\u00a0\u00a0 <span style=\"font-size: 14px;\"><em>\ud83c\uddeb\ud83c\uddf7<\/em> <em>Pierre Blaecke<\/em><\/span><br \/>\n<strong>11h35 :<\/strong> <strong><a href=\"https:\/\/espoo23results.european-athletics.com\/resEAA\/pdf\/ESP2023\/ATH\/ESP2023_ATH_C73A_ATHM400MHURD----------FNL-000100--.pdf\">finale 400 m haies F<\/a>\u00a0\u00a0 <\/strong><span style=\"font-size: 14px;\"><em>\ud83c\uddeb\ud83c\uddf7<\/em>\u00a0 <em>Louise Maraval<\/em><\/span><br \/>\n<strong>12h : <a href=\"https:\/\/espoo23results.european-athletics.com\/resEAA\/pdf\/ESP2023\/ATH\/ESP2023_ATH_C73S_ATHWDISCUS------------FNL---------.pdf\">finale lancer du disque F<\/a><\/strong><em><br \/>\n<\/em><strong>12h35 :\u00a0<\/strong><a href=\"https:\/\/espoo23results.european-athletics.com\/resEAA\/pdf\/ESP2023\/ATH\/ESP2023_ATH_C73N_ATHMDECATH------------PV----------.pdf\">d\u00e9cathlon &#8211; saut \u00e0 la perche B<\/a>\u00a0\u00a0 <span style=\"font-size: 14px;\"><em>\ud83c\uddeb\ud83c\uddf7<\/em> <em>T\u00e9o Bastien, Luc Brewin<\/em><\/span><br \/>\n<strong><span style=\"color: #800080;\">13h : <\/span><span style=\"color: #800080;\">C\u00e9r\u00e9monie 1500 m H<\/span><br \/>\n<span style=\"color: #800080;\">13h06 : <\/span><span style=\"color: #800080;\">C\u00e9r\u00e9monie 10000 m F<\/span><br \/>\n<span style=\"color: #800080;\">13h12 : <\/span><span style=\"color: #800080;\">C\u00e9r\u00e9monie triple saut H<\/span><br \/>\n<span style=\"color: #800080;\">13h18 : <\/span><span style=\"color: #800080;\">C\u00e9r\u00e9monie 100 m haies<\/span><br \/>\n<span style=\"color: #800080;\">13h24 : <\/span><span style=\"color: #800080;\">C\u00e9r\u00e9monie 110 m haies<\/span><br \/>\n<span style=\"color: #800080;\">13h30 : <\/span><span style=\"color: #800080;\">C\u00e9r\u00e9monie saut en hauteur H<\/span><\/strong><em><br \/>\n<\/em><\/p>\n<p><strong><span style=\"color: #800080;\">15h25 : <\/span><span style=\"color: #800080;\">C\u00e9r\u00e9monie lancer du disque F<br \/>\n<\/span><\/strong><strong>15h30 :<\/strong> <a href=\"https:\/\/espoo23results.european-athletics.com\/resEAA\/pdf\/ESP2023\/ATH\/ESP2023_ATH_C73T_ATHMDECATH------------JT----------.pdf\">d\u00e9cathlon &#8211; lancer du javelot A<\/a><br \/>\n<strong><span style=\"color: #800080;\">15h31 : <\/span><span style=\"color: #800080;\">C\u00e9r\u00e9monie 10000 m H<\/span><\/strong><br \/>\n<strong><span style=\"color: #800080;\">15h37 : <\/span><span style=\"color: #800080;\">C\u00e9r\u00e9monie 400 m haies H<\/span><\/strong><br \/>\n<strong><span style=\"color: #800080;\">15h43 : <\/span><span style=\"color: #800080;\">C\u00e9r\u00e9monie 400 m haies F<\/span><\/strong><strong><br \/>\n15h50 : <a href=\"https:\/\/espoo23results.european-athletics.com\/resEAA\/pdf\/ESP2023\/ATH\/ESP2023_ATH_C73M_ATHWHIGHJUMP----------FNL---------.pdf\">finale saut en hauteur F<\/a>\u00a0\u00a0\u00a0 <\/strong><span style=\"font-size: 14px;\"><em>\ud83c\uddeb\ud83c\uddf7<\/em> <em>Laureen Maxwell<\/em><\/span><strong><br \/>\n16h10 : <a href=\"https:\/\/espoo23results.european-athletics.com\/resEAA\/pdf\/ESP2023\/ATH\/ESP2023_ATH_C73M_ATHMPLEVAULT----------FNL---------.pdf\">finale saut \u00e0 la perche H<\/a><\/strong><span style=\"font-size: 14px;\"><em> \u00a0 \ud83c\uddeb\ud83c\uddf7 <\/em><em>Anthony Ammirati, Robin Emig, Baptiste Thiery<\/em><\/span><strong><br \/>\n16h15 : <a href=\"https:\/\/espoo23results.european-athletics.com\/resEAA\/pdf\/ESP2023\/ATH\/ESP2023_ATH_C73G_ATHM3000MST-----------FNL-000100--.pdf\">finale 3000 m steeple H<\/a> \u00a0 <\/strong><span style=\"font-size: 14px;\"><em>\ud83c\uddeb\ud83c\uddf7 Baptiste Guyon, Luc Le Baron, Valentin Bresc<\/em><\/span><strong><br \/>\n16h35 : <\/strong><a href=\"https:\/\/espoo23results.european-athletics.com\/resEAA\/pdf\/ESP2023\/ATH\/ESP2023_ATH_C73T_ATHMDECATH------------JT----------.pdf\">d\u00e9cathlon &#8211; lancer du javelot B<\/a><strong><br \/>\n16h40 : <a href=\"https:\/\/espoo23results.european-athletics.com\/resEAA\/pdf\/ESP2023\/ATH\/ESP2023_ATH_C73A_ATHW200M--------------FNL-000100--.pdf\">finale 200 m F<\/a>\u00a0\u00a0 <\/strong><span style=\"font-size: 14px;\"><em>\ud83c\uddeb\ud83c\uddf7<\/em><em> Pam\u00e9ra Losange<\/em><\/span><br \/>\n<strong>16h55 : <a href=\"https:\/\/espoo23results.european-athletics.com\/resEAA\/pdf\/ESP2023\/ATH\/ESP2023_ATH_C73A_ATHM200M--------------FNL-000100--.pdf\">finale 200 m H<\/a><br \/>\n<span style=\"color: #800080;\">17h : <\/span><span style=\"color: #800080;\">C\u00e9r\u00e9monie 3000 m steeple H<\/span><br \/>\n17h10 : <a href=\"https:\/\/espoo23results.european-athletics.com\/resEAA\/pdf\/ESP2023\/ATH\/ESP2023_ATH_C73G_ATHM800M--------------FNL-000100--.pdf\">finale 800 m H<\/a>\u00a0\u00a0 <\/strong><span style=\"font-size: 14px;\"><em>\ud83c\uddeb\ud83c\uddf7<\/em> <em>Paul Anselmini, Yanis Meziane<\/em><\/span><em><br \/>\n<\/em><strong><span style=\"color: #800080;\">17h15<\/span><\/strong><strong><span style=\"color: #800080;\">\u00a0: <\/span><span style=\"color: #800080;\">C\u00e9r\u00e9monie 200 m F<\/span><\/strong><strong><br \/>\n17h25 : <a href=\"https:\/\/espoo23results.european-athletics.com\/resEAA\/pdf\/ESP2023\/ATH\/ESP2023_ATH_C73G_ATHW1500M-------------FNL-000100--.pdf\">finale 1500 m F<\/a><\/strong><em><br \/>\n<\/em><strong><span style=\"color: #800080;\">17h30 : <\/span><span style=\"color: #800080;\">C\u00e9r\u00e9monie 200 m H<\/span><\/strong><br \/>\n<strong>17h35 : <a href=\"https:\/\/espoo23results.european-athletics.com\/resEAA\/pdf\/ESP2023\/ATH\/ESP2023_ATH_C73P_ATHWLONGJUMP----------FNL---------.pdf\">finale saut en longueur F<\/a><\/strong><em><span style=\"font-size: 14px;\"> \u00a0 \ud83c\uddeb\ud83c\uddf7 Tiphaine Mauchant<\/span><br \/>\n<\/em><strong>17h45 : <a href=\"https:\/\/espoo23results.european-athletics.com\/resEAA\/pdf\/ESP2023\/ATH\/ESP2023_ATH_C73S_ATHWJAVELIN-----------FNL---------.pdf\">finale lancer du javelot F<\/a><\/strong><br \/>\n<strong>17h45 : <a href=\"https:\/\/espoo23results.european-athletics.com\/resEAA\/pdf\/ESP2023\/ATH\/ESP2023_ATH_C73E_ATHM4X400M------------FNL-000100--.pdf\">finale relais 4 X 400 m H<\/a><br \/>\n<span style=\"color: #800080;\">17h50 : <\/span><span style=\"color: #800080;\">C\u00e9r\u00e9monie 800 m H<\/span><\/strong><strong><br \/>\n18h05 : <a href=\"https:\/\/espoo23results.european-athletics.com\/resEAA\/pdf\/ESP2023\/ATH\/ESP2023_ATH_C73E_ATHW4X400M------------FNL-000100--.pdf\">finale relais 4 X 400 m F<\/a><\/strong><em> \u00a0 <span style=\"font-size: 14px;\">\ud83c\uddeb\ud83c\uddf7 France<\/span><br \/>\n<\/em><strong><span style=\"color: #800080;\">18h10 : <\/span><span style=\"color: #800080;\">C\u00e9r\u00e9monie 1500 m F<\/span><\/strong><em><br \/>\n<\/em><strong><span style=\"color: #800080;\">18h16 : <\/span><span style=\"color: #800080;\">C\u00e9r\u00e9monie saut en hauteur F<\/span><\/strong><br \/>\n<strong>18h30 : d\u00e9cathlon &#8211; <a href=\"https:\/\/espoo23results.european-athletics.com\/resEAA\/pdf\/ESP2023\/ATH\/ESP2023_ATH_C73I_ATHMDECATH------------1500000100--.pdf\">1500 m<\/a> &#8211; <a href=\"https:\/\/espoo23results.european-athletics.com\/resEAA\/pdf\/ESP2023\/ATH\/ESP2023_ATH_C73U_ATHMDECATH------------1500--------.pdf\">R\u00e9sultats finaux<\/a><\/strong><br \/>\n<strong><span style=\"color: #800080;\">18h56 : <\/span><span style=\"color: #800080;\">C\u00e9r\u00e9monie saut \u00e0 la perche H<\/span><\/strong><br \/>\n<strong><span style=\"color: #800080;\">19h02 : <\/span><span style=\"color: #800080;\">C\u00e9r\u00e9monie saut en longueur F<\/span><\/strong><br \/>\n<strong><span style=\"color: #800080;\">19h08 : <\/span><span style=\"color: #800080;\">C\u00e9r\u00e9monie lancer du javelot F<\/span><\/strong><br \/>\n<strong><span style=\"color: #800080;\">19h14 : <\/span><span style=\"color: #800080;\">C\u00e9r\u00e9monie d\u00e9cathlon<\/span><\/strong><br \/>\n<strong><span style=\"color: #800080;\">19h20 : <\/span><span style=\"color: #800080;\">C\u00e9r\u00e9monie relais 4 X 400 m H<br \/>\n19h26 : C\u00e9r\u00e9monie relais 4 X 400 m F<\/span><\/strong><\/p>\n<p style=\"text-align: justify;\"><\/div><\/div><\/div>\n<p><a href=\"https:\/\/espoo23results.european-athletics.com\/en\/results\/athletics\/daily-schedule-date=2023-07-13.htm\" target=\"_blank\" rel=\"noopener\"><span style=\"font-size: 20px;\"><strong>Tous les r\u00e9sultats<\/strong><\/span><\/a><\/p>\n<h2>Les m\u00e9daill\u00e9s<\/h2>\n<h3 style=\"text-align: justify;\">Femmes<\/h3>\n<div class=\"su-table su-table-alternate\">\n<table style=\"width: 800px;border-collapse: collapse\">\n<tbody>\n<tr>\n<td style=\"text-align: center;width: 200px;vertical-align: middle\"><strong>\u00c9preuves<\/strong><\/td>\n<td style=\"background-color: #fff242;text-align: center;width: 200px;vertical-align: middle\"><strong>\ud83e\udd47 Or<\/strong><\/td>\n<td style=\"background-color: #a8a8a8;text-align: center;width: 200px;vertical-align: middle\"><strong>\ud83e\udd48 Argent<\/strong><\/td>\n<td style=\"background-color: #c97159;text-align: center;width: 200px;vertical-align: middle\"><strong>\ud83e\udd49 Bronze<\/strong><\/td>\n<\/tr>\n<tr>\n<td style=\"text-align: center;width: 200px;vertical-align: middle\"><strong>100 m<\/strong><\/td>\n<td style=\"text-align: center;width: 200px;vertical-align: middle\">\ud83c\uddf3\ud83c\uddf1 <strong>N&rsquo;Ketia Seedo<br \/>\n11.22<\/strong><\/td>\n<td style=\"text-align: center;width: 200px;vertical-align: middle\">\ud83c\udded\ud83c\uddfa Boglarka Takacs<br \/>\n11.30<\/td>\n<td style=\"text-align: center;width: 200px;vertical-align: middle\">\ud83c\udde8\ud83c\udded Melissa Gutschmidt<br \/>\n11.33 m<\/td>\n<\/tr>\n<tr>\n<td style=\"text-align: center;width: 200px;vertical-align: middle\"><strong>200 m<\/strong><\/td>\n<td style=\"text-align: center;width: 200px;vertical-align: middle\">\ud83c\udde7\ud83c\uddea <strong>Delphine Nkansa<br \/>\n23.31<\/strong><\/td>\n<td style=\"text-align: center;width: 200px;vertical-align: middle\">\ud83c\udded\ud83c\uddfa Boglarka Takacs<br \/>\n23.33<\/td>\n<td style=\"text-align: center;width: 200px;vertical-align: middle\">\ud83c\uddec\ud83c\uddf7 Polyniki Emmanouilidou<br \/>\n23.41<\/td>\n<\/tr>\n<tr>\n<td style=\"text-align: center;width: 200px;vertical-align: middle\"><strong>400 m<\/strong><\/td>\n<td style=\"width: 200px;text-align: center\">\ud83c\uddec\ud83c\udde7 <strong>Yemi Mary John<br \/>\n51.04 PB<\/strong><\/td>\n<td style=\"width: 200px;text-align: center\">\ud83c\uddf3\ud83c\uddf4 Henriette Jaeger<br \/>\n51.06 <strong>NR<\/strong><\/td>\n<td style=\"width: 200px;text-align: center\">\ud83c\uddec\ud83c\udde7 Keely Hodgkinson<br \/>\n51.76 <strong>PB<\/strong><\/td>\n<\/tr>\n<tr>\n<td style=\"text-align: center;width: 200px;vertical-align: middle\"><strong>800 m<\/strong><\/td>\n<td style=\"text-align: center;width: 200px;vertical-align: middle\">\ud83c\uddea\ud83c\uddf8 <strong>Daniela Garcia<br \/>\n2:02.96<\/strong><\/td>\n<td style=\"text-align: center;width: 200px;vertical-align: middle\">\ud83c\uddeb\ud83c\uddee Veera Mattila<br \/>\n2:03.14 <strong>PB<\/strong><\/td>\n<td style=\"text-align: center;width: 200px;vertical-align: middle\">\ud83c\uddec\ud83c\uddf7 Georgia-Maria Despollari<br \/>\n2:04.14<\/td>\n<\/tr>\n<tr>\n<td style=\"text-align: center;width: 200px;vertical-align: middle\"><strong>1500 m<\/strong><\/td>\n<td style=\"text-align: center;width: 200px;vertical-align: middle\">\ud83c\uddee\ud83c\uddea <strong>Sophie O&rsquo;Sullivan<br \/>\n4:07.18 PB<\/strong><\/td>\n<td style=\"text-align: center;width: 200px;vertical-align: middle\">\ud83c\uddee\ud83c\uddea Sarah Healy<br \/>\n4:07.36<\/td>\n<td style=\"text-align: center;width: 200px;vertical-align: middle\">\ud83c\uddec\ud83c\udde7 Shannon Flockhart<br \/>\n4:08.37 <strong>PB<\/strong><\/td>\n<\/tr>\n<tr>\n<td style=\"text-align: center;width: 200px;vertical-align: middle\"><strong>5000 m<\/strong><\/td>\n<td style=\"text-align: center;width: 200px;vertical-align: middle\">\ud83c\uddec\ud83c\udde7 <strong>Megan Keith<br \/>\n15:34.33<\/strong><\/td>\n<td style=\"text-align: center;width: 200px;vertical-align: middle\">\ud83c\uddea\ud83c\uddf8 Maria Forero<br \/>\n15:43.22<\/td>\n<td style=\"text-align: center;width: 200px;vertical-align: middle\">\ud83c\uddf3\ud83c\uddf1 Amina Maatoug<br \/>\n15:50.83<\/td>\n<\/tr>\n<tr>\n<td style=\"text-align: center;width: 200px;vertical-align: middle\"><strong>10000 m<\/strong><\/td>\n<td style=\"text-align: center;width: 200px;vertical-align: middle\">\ud83c\uddec\ud83c\udde7 <strong>Alice Goodall<br \/>\n33:16.45<\/strong><\/td>\n<td style=\"text-align: center;width: 200px;vertical-align: middle\">\ud83c\uddee\ud83c\uddf9 Sara Nestola<br \/>\n33:17.51<\/td>\n<td style=\"text-align: center;width: 200px;vertical-align: middle\">\ud83c\uddee\ud83c\uddf9 Aurora Bado<br \/>\n34:12.75<\/td>\n<\/tr>\n<tr>\n<td style=\"text-align: center;width: 200px;vertical-align: middle\"><strong>100 m haies<\/strong><\/td>\n<td style=\"text-align: center;width: 200px;vertical-align: middle\">\ud83c\udde8\ud83c\udded <strong>Ditaji Kambundji<br \/>\n12.68 CR<\/strong><\/td>\n<td style=\"text-align: center;width: 200px;vertical-align: middle\">\ud83c\uddee\ud83c\uddf9 Elena Carraro<br \/>\n12.97 (.962)<\/td>\n<td style=\"text-align: center;width: 200px;vertical-align: middle\">\ud83c\udded\ud83c\uddfa Anna Toth<br \/>\n12.97 (.967)<\/td>\n<\/tr>\n<tr>\n<td style=\"text-align: center;width: 200px;vertical-align: middle\"><strong>400 m haies<\/strong><\/td>\n<td style=\"width: 200px;text-align: center\">\ud83c\uddf3\ud83c\uddf4 <strong>Andrea Rooth<br \/>\n55.78 EU23L<\/strong><\/td>\n<td style=\"width: 200px;text-align: center\">\ud83c\uddeb\ud83c\uddf7 <a title=\"Athl\u00e9tisme : Louise Maraval vice-championne d\u2019Europe espoirs du 400 m haies\" href=\"https:\/\/dicodusport.fr\/blog\/athletisme-louise-maraval-vice-championne-deurope-espoirs-du-400-m-haies\/\" target=\"_blank\" rel=\"noopener\">Louise Maraval<\/a><br \/>\n55.83 <strong>PB<\/strong><\/td>\n<td style=\"width: 200px;text-align: center\">\ud83c\udde6\ud83c\uddf9 Lena Pressler<br \/>\n55.94 <strong>NR<\/strong><\/td>\n<\/tr>\n<tr>\n<td style=\"text-align: center;width: 200px;vertical-align: middle\"><strong>3000 m steeple<\/strong><\/td>\n<td style=\"text-align: center;width: 200px;vertical-align: middle\">\ud83c\udde9\ud83c\uddea <strong>Olivia G\u00fcrth<br \/>\n9:26.98 CR<\/strong><\/td>\n<td style=\"text-align: center;width: 200px;vertical-align: middle\">\ud83c\uddf1\ud83c\uddf9 Greta Karinauskaite<br \/>\n9:30.96<\/td>\n<td style=\"text-align: center;width: 200px;vertical-align: middle\">\ud83c\uddea\ud83c\uddf8 Marta Serrano<br \/>\n9:41.47<\/td>\n<\/tr>\n<tr>\n<td style=\"text-align: center;width: 200px;vertical-align: middle\"><strong>20 km marche<\/strong><\/td>\n<td style=\"text-align: center;width: 200px;vertical-align: middle\">\ud83c\uddeb\ud83c\uddf7 <strong><a title=\"Athl\u00e9tisme : Pauline Stey championne d\u2019Europe espoirs, Camille Moutard en bronze !\" href=\"https:\/\/dicodusport.fr\/blog\/athletisme-pauline-stey-championne-deurope-espoirs-camille-moutard-en-bronze\/\" target=\"_blank\" rel=\"noopener\">Pauline Stey<\/a><br \/>\n1:31.17 NU23R<\/strong><\/td>\n<td style=\"text-align: center;width: 200px;vertical-align: middle\">\ud83c\uddee\ud83c\uddf9 Alexandrina Mihai<br \/>\n1:32.32 <strong>PB<\/strong><\/td>\n<td style=\"text-align: center;width: 200px;vertical-align: middle\">\ud83c\uddeb\ud83c\uddf7 <a title=\"Athl\u00e9tisme : Pauline Stey championne d\u2019Europe espoirs, Camille Moutard en bronze !\" href=\"https:\/\/dicodusport.fr\/blog\/athletisme-pauline-stey-championne-deurope-espoirs-camille-moutard-en-bronze\/\" target=\"_blank\" rel=\"noopener\">Camille Moutard<\/a><br \/>\n1:35.40<\/td>\n<\/tr>\n<tr>\n<td style=\"text-align: center;width: 200px;vertical-align: middle\"><strong>4 X 100 m<\/strong><\/td>\n<td style=\"text-align: center;width: 200px;vertical-align: middle\">\ud83c\uddec\ud83c\udde7 <strong>Grande-Bretagne &amp; Irlande du nord<br \/>\n43.04 CR<\/strong><\/td>\n<td style=\"text-align: center;width: 200px;vertical-align: middle\">\ud83c\uddeb\ud83c\uddf7 <a title=\"Championnat d\u2019Europe espoirs d\u2019athl\u00e9tisme 2023 : Les deux relais 4X100 m fran\u00e7ais en argent !\" href=\"https:\/\/dicodusport.fr\/blog\/championnat-deurope-espoirs-dathletisme-2023-les-deux-relais-4x100-m-francais-en-argent\/\" target=\"_blank\" rel=\"noopener\">France<\/a><br \/>\n43.39 <strong>SB<\/strong><\/td>\n<td style=\"text-align: center;width: 200px;vertical-align: middle\">\ud83c\udde8\ud83c\udded Suisse<br \/>\n43.59 <strong>NU23R<\/strong><\/td>\n<\/tr>\n<tr>\n<td style=\"text-align: center;width: 200px;vertical-align: middle\"><strong>4 X 400 m<\/strong><\/td>\n<td style=\"text-align: center;width: 200px;vertical-align: middle\">\ud83c\uddeb\ud83c\uddf7 <strong><a title=\"Athl\u00e9tisme : Le relais 4\u00d7400 m f\u00e9minin titr\u00e9 apr\u00e8s le show Louise Maraval !\" href=\"https:\/\/dicodusport.fr\/blog\/athletisme-le-relais-4x400-m-feminin-titre-apres-le-show-louise-maraval\/\" target=\"_blank\" rel=\"noopener\">France<\/a><br \/>\n3:30.60 EU23L<\/strong><\/td>\n<td style=\"text-align: center;width: 200px;vertical-align: middle\">\ud83c\udde8\ud83c\udded Suisse<br \/>\n3:30.62 NU23R<\/td>\n<td style=\"text-align: center;width: 200px;vertical-align: middle\">\ud83c\uddea\ud83c\uddf8 Espagne<br \/>\n3:31.11 NU23R<\/td>\n<\/tr>\n<tr>\n<td style=\"text-align: center;width: 200px;vertical-align: middle\"><strong>Saut en hauteur<\/strong><\/td>\n<td style=\"text-align: center;width: 200px;vertical-align: middle\">\ud83c\udde8\ud83c\uddfe <strong>Elena Kulichenko<br \/>\n1.91 m<\/strong><\/td>\n<td style=\"text-align: center;width: 200px;vertical-align: middle\">\ud83c\uddec\ud83c\uddf7 Panagiota Dosi<br \/>\n1.89 m <strong>PB<\/strong><\/td>\n<td style=\"text-align: center;width: 200px;vertical-align: middle\">\ud83c\uddf5\ud83c\uddf1 Wiktoria Maso<br \/>\n1.87 m <strong>SB<\/strong><\/td>\n<\/tr>\n<tr>\n<td style=\"text-align: center;width: 200px;vertical-align: middle\"><strong>Saut \u00e0 la perche<\/strong><\/td>\n<td style=\"text-align: center;width: 200px;vertical-align: middle\">\ud83c\uddeb\ud83c\uddf7 <strong><a title=\"Athl\u00e9tisme : Marie-Julie Bonnin est championne d\u2019Europe espoirs !\" href=\"https:\/\/dicodusport.fr\/blog\/athletisme-marie-julie-bonnin-est-championne-deurope-espoirs\/\" target=\"_blank\" rel=\"noopener\">Marie-Julie Bonnin<\/a><br \/>\n4.50 m =EU23L<br \/>\n<\/strong><\/td>\n<td style=\"text-align: center;width: 200px;vertical-align: middle\">\ud83c\udde7\ud83c\uddea Elien Vekemans<br \/>\n4.45 m<\/td>\n<td style=\"text-align: center;width: 200px;vertical-align: middle\">\ud83c\uddf3\ud83c\uddf4 Kitty Friele Faye<br \/>\n4.40 m <strong>PB<\/strong><\/td>\n<\/tr>\n<tr>\n<td style=\"text-align: center;width: 200px;vertical-align: middle\"><strong>Saut en longueur<\/strong><\/td>\n<td style=\"text-align: center;width: 200px;vertical-align: middle\">\ud83c\uddee\ud83c\uddf9 <strong>Larissa Iapichino<br \/>\n6.93 m =EL<\/strong><\/td>\n<td style=\"text-align: center;width: 200px;vertical-align: middle\">\ud83c\uddf8\ud83c\uddea Maja Askag<br \/>\n6.73 m<\/td>\n<td style=\"text-align: center;width: 200px;vertical-align: middle\">\ud83c\uddea\ud83c\uddf8 Tessy Ebosele<br \/>\n6.63 m<\/td>\n<\/tr>\n<tr>\n<td style=\"text-align: center;width: 200px;vertical-align: middle\"><strong>Triple saut<\/strong><\/td>\n<td style=\"text-align: center;width: 200px;vertical-align: middle\">\ud83c\uddea\ud83c\uddf8 <strong>Maria Vicente<br \/>\n14.21 m =EU23L<\/strong><\/td>\n<td style=\"text-align: center;width: 200px;vertical-align: middle\">\ud83c\uddf8\ud83c\uddea Maja Askag<br \/>\n13.76 m<\/td>\n<td style=\"text-align: center;width: 200px;vertical-align: middle\">\ud83c\uddeb\ud83c\uddee Jessica Kahara<br \/>\n13.59 m<\/td>\n<\/tr>\n<tr>\n<td style=\"text-align: center;width: 200px;vertical-align: middle\"><strong>Lancer du poids<\/strong><\/td>\n<td style=\"text-align: center;width: 200px;vertical-align: middle\">\ud83c\uddf3\ud83c\uddf1 <strong>Alida van Daalen<br \/>\n18.32 m EU23L<\/strong><\/td>\n<td style=\"text-align: center;width: 200px;vertical-align: middle\">\ud83c\uddec\ud83c\udde7 Serena Vincent<br \/>\n16.93 m <strong>PB<\/strong><\/td>\n<td style=\"text-align: center;width: 200px;vertical-align: middle\">\ud83c\uddeb\ud83c\uddee Emillia Kangas<br \/>\n16.75 m<\/td>\n<\/tr>\n<tr>\n<td style=\"text-align: center;width: 200px;vertical-align: middle\"><strong>Lancer du javelot<\/strong><\/td>\n<td style=\"text-align: center;width: 200px;vertical-align: middle\">\ud83c\uddec\ud83c\uddf7 <strong>Elina Tzengko<br \/>\n60.73 m<\/strong><\/td>\n<td style=\"text-align: center;width: 200px;vertical-align: middle\">\ud83c\uddea\ud83c\uddea Gedly Tugi<br \/>\n57.62 m<\/td>\n<td style=\"text-align: center;width: 200px;vertical-align: middle\">\ud83c\uddeb\ud83c\uddee Anni-Linnea Alanen<br \/>\n56.67 m<\/td>\n<\/tr>\n<tr>\n<td style=\"text-align: center;width: 200px;vertical-align: middle\"><strong>Lancer du disque<\/strong><\/td>\n<td style=\"text-align: center;width: 200px;vertical-align: middle\">\ud83c\uddf3\ud83c\uddf1 <strong>Alida van Daalen<br \/>\n56.77 m<\/strong><\/td>\n<td style=\"text-align: center;width: 200px;vertical-align: middle\">\ud83c\uddf9\ud83c\uddf7 \u00d6zlem Becerek<br \/>\n55.38 m<\/td>\n<td style=\"text-align: center;width: 200px;vertical-align: middle\">\ud83c\uddf3\ud83c\uddf4 Lotta Flatum<br \/>\n54.45 m<\/td>\n<\/tr>\n<tr>\n<td style=\"text-align: center;width: 200px;vertical-align: middle\"><strong>Lancer du marteau<\/strong><\/td>\n<td style=\"width: 200px;text-align: center\">\ud83c\uddeb\ud83c\uddee <strong>Silja Kosonen<br \/>\n73.71 m CR<\/strong><\/td>\n<td style=\"width: 200px;text-align: center\">\ud83c\uddec\ud83c\udde7 Charlotte Payne<br \/>\n69.22 m<\/td>\n<td style=\"width: 200px;text-align: center\">\ud83c\udde9\ud83c\uddea Aileen Kuhn<br \/>\n68.30 m<\/td>\n<\/tr>\n<tr>\n<td style=\"text-align: center;width: 200px;vertical-align: middle\"><strong>Heptathlon<\/strong><\/td>\n<td style=\"text-align: center;width: 200px;vertical-align: middle\">\ud83c\uddeb\ud83c\uddee<strong> Saga Vanninen<br \/>\n6317 pts<\/strong><\/td>\n<td style=\"text-align: center;width: 200px;vertical-align: middle\">\ud83c\uddf3\ud83c\uddf1 Sofie Dokter<br \/>\n6256 pts<\/td>\n<td style=\"text-align: center;width: 200px;vertical-align: middle\">\ud83c\uddea\ud83c\uddea Pippi Lotta Enok<br \/>\n6002 pts<\/td>\n<\/tr>\n<\/tbody>\n<\/table>\n<\/div>\n<h3 style=\"text-align: justify;\">Hommes<\/h3>\n<div class=\"su-table su-table-alternate\">\n<table style=\"width: 800px;border-collapse: collapse\">\n<tbody>\n<tr>\n<td style=\"text-align: center;width: 200px;vertical-align: middle\"><strong>\u00c9preuves<\/strong><\/td>\n<td style=\"background-color: #fff242;text-align: center;width: 200px;vertical-align: middle\"><strong>\ud83e\udd47 Or<\/strong><\/td>\n<td style=\"background-color: #a8a8a8;text-align: center;width: 200px;vertical-align: middle\"><strong>\ud83e\udd48 Argent<\/strong><\/td>\n<td style=\"background-color: #c97159;text-align: center;width: 200px;vertical-align: middle\"><strong>\ud83e\udd49 Bronze<\/strong><\/td>\n<\/tr>\n<tr>\n<td style=\"text-align: center;width: 200px;vertical-align: middle\"><strong>100 m<\/strong><\/td>\n<td style=\"text-align: center;width: 200px;vertical-align: middle\">\ud83c\uddec\ud83c\udde7 <strong>Jeremiah Azu<br \/>\n10.05<\/strong><\/td>\n<td style=\"text-align: center;width: 200px;vertical-align: middle\">\ud83c\uddf3\ud83c\uddf1 Raphael Bouju<br \/>\n10.17<\/td>\n<td style=\"text-align: center;width: 200px;vertical-align: middle\">\ud83c\uddeb\ud83c\uddf7 <a href=\"https:\/\/dicodusport.fr\/blog\/championnat-deurope-espoirs-dathletisme-2023-pablo-mateo-en-bronze-au-100-m\/\" target=\"_blank\" rel=\"noopener\">Pablo Mateo<\/a><br \/>\n10.18<\/td>\n<\/tr>\n<tr>\n<td style=\"text-align: center;width: 200px;vertical-align: middle\"><strong>200 m<\/strong><\/td>\n<td style=\"text-align: center;width: 200px;vertical-align: middle\">\ud83c\uddee\ud83c\uddf1 <strong>Blessing Akwasi Afrifah<br \/>\n20.67<\/strong><\/td>\n<td style=\"text-align: center;width: 200px;vertical-align: middle\">\ud83c\uddf3\ud83c\uddf1 Raphael Bouju<br \/>\n20.68<\/td>\n<td style=\"text-align: center;width: 200px;vertical-align: middle\">\ud83c\udde8\ud83c\udded Timoth\u00e9 Mumenthaler<br \/>\n20.85<\/td>\n<\/tr>\n<tr>\n<td style=\"text-align: center;width: 200px;vertical-align: middle\"><strong>400 m<\/strong><\/td>\n<td style=\"text-align: center;width: 200px;vertical-align: middle\">\ud83c\uddf3\ud83c\uddf4 <strong>Havard Bentdal Ingvaldsen<br \/>\n45.13<\/strong><\/td>\n<td style=\"text-align: center;width: 200px;vertical-align: middle\">\ud83c\udde8\ud83c\udded Lionel Spitz<br \/>\n45.27 <strong>PB<\/strong><\/td>\n<td style=\"text-align: center;width: 200px;vertical-align: middle\">\ud83c\udded\ud83c\uddfa Attila Molnar<br \/>\n45.36<\/td>\n<\/tr>\n<tr>\n<td style=\"text-align: center;width: 200px;vertical-align: middle\"><strong>800 m<\/strong><\/td>\n<td style=\"text-align: center;width: 200px;vertical-align: middle\">\ud83c\uddeb\ud83c\uddf7 <a title=\"Athl\u00e9tisme : Yanis Meziane champion d\u2019Europe du 800 m, Paul Anselmini en bronze !\" href=\"https:\/\/dicodusport.fr\/blog\/athletisme-yanis-meziane-champion-deurope-du-800-m-paul-anselmini-en-bronze\/\" target=\"_blank\" rel=\"noopener\"><strong>Yanis Meziane<\/strong><\/a><br \/>\n<strong>1:45.92<\/strong><\/td>\n<td style=\"text-align: center;width: 200px;vertical-align: middle\">\ud83c\uddec\ud83c\udde7 Ethan Hussey<br \/>\n1:45.95<\/td>\n<td style=\"text-align: center;width: 200px;vertical-align: middle\">\ud83c\uddeb\ud83c\uddf7 <a title=\"Athl\u00e9tisme : Yanis Meziane champion d\u2019Europe du 800 m, Paul Anselmini en bronze !\" href=\"https:\/\/dicodusport.fr\/blog\/athletisme-yanis-meziane-champion-deurope-du-800-m-paul-anselmini-en-bronze\/\" target=\"_blank\" rel=\"noopener\">Paul Anselmini<\/a><br \/>\n1:45.99<\/td>\n<\/tr>\n<tr>\n<td style=\"text-align: center;width: 200px;vertical-align: middle\"><strong>1500 m<\/strong><\/td>\n<td style=\"text-align: center;width: 200px;vertical-align: middle\">\ud83c\uddf3\ud83c\uddf1 <strong>Stefan Nillessen<br \/>\n3:43.35<\/strong><\/td>\n<td style=\"width: 200px;text-align: center;vertical-align: middle\">\ud83c\uddea\ud83c\uddf8 Mohamed Attaoui<br \/>\n3:43.63<\/td>\n<td style=\"width: 200px;text-align: center;vertical-align: middle\">\ud83c\uddf8\ud83c\uddea Samuel Pihlstr\u00f6m<br \/>\n3:43.73<\/td>\n<\/tr>\n<tr>\n<td style=\"text-align: center;width: 200px;vertical-align: middle\"><strong>5000 m<\/strong><\/td>\n<td style=\"text-align: center;width: 200px;vertical-align: middle\">\ud83c\uddec\ud83c\udde7\u00a0<strong>Charles Hicks<br \/>\n13:35.07<\/strong><\/td>\n<td style=\"text-align: center;width: 200px;vertical-align: middle\">\ud83c\uddeb\ud83c\uddee Eemil Helander<br \/>\n13:40.15 <strong>PB<\/strong><\/td>\n<td style=\"text-align: center;width: 200px;vertical-align: middle\">\ud83c\uddec\ud83c\udde7 Will Barnicoat<br \/>\n13:45.24 <strong>PB<\/strong><\/td>\n<\/tr>\n<tr>\n<td style=\"text-align: center;width: 200px;vertical-align: middle\"><strong>10 000 m<\/strong><\/td>\n<td style=\"text-align: center;width: 200px;vertical-align: middle\">\ud83c\uddec\ud83c\udde7 <strong>Rory Leonard<br \/>\n29:08.33<\/strong><\/td>\n<td style=\"text-align: center;width: 200px;vertical-align: middle\">\ud83c\uddee\ud83c\uddf9 Francesco Guerra<br \/>\n29:11.86<\/td>\n<td style=\"text-align: center;width: 200px;vertical-align: middle\"><strong>\ud83c\uddea\ud83c\uddf8<\/strong> Miguel Baidal<br \/>\n29:14.91<\/td>\n<\/tr>\n<tr>\n<td style=\"text-align: center;width: 200px;vertical-align: middle\"><strong>110 m haies<\/strong><\/td>\n<td style=\"text-align: center;width: 200px;vertical-align: middle\">\ud83c\uddeb\ud83c\uddf7 <strong><a title=\"Athl\u00e9tisme : Sasha Zhoya est champion d\u2019Europe espoirs du 110 m haies, Erwann Cinna en bronze !\" href=\"https:\/\/dicodusport.fr\/blog\/athletisme-sasha-zhoya-est-champion-deurope-espoirs-du-110-m-haies-erwann-cinna-en-bronze\/\" target=\"_blank\" rel=\"noopener\">Sasha Zhoya<\/a><br \/>\n13.31<\/strong><\/td>\n<td style=\"text-align: center;width: 200px;vertical-align: middle\">\ud83c\uddee\ud83c\uddf9 Lorenzo Ndele Zimonelli<br \/>\n13.36<\/td>\n<td style=\"text-align: center;width: 200px;vertical-align: middle\">\ud83c\uddeb\ud83c\uddf7 <a title=\"Athl\u00e9tisme : Sasha Zhoya est champion d\u2019Europe espoirs du 110 m haies, Erwann Cinna en bronze !\" href=\"https:\/\/dicodusport.fr\/blog\/athletisme-sasha-zhoya-est-champion-deurope-espoirs-du-110-m-haies-erwann-cinna-en-bronze\/\" target=\"_blank\" rel=\"noopener\">Erwann Cinna<\/a><br \/>\n13.47 <strong>PB<\/strong><\/td>\n<\/tr>\n<tr>\n<td style=\"text-align: center;width: 200px;vertical-align: middle\"><strong>400 m haies<\/strong><\/td>\n<td style=\"text-align: center;width: 200px;vertical-align: middle\">\ud83c\uddf9\ud83c\uddf7 <strong>Ismail Nezir<br \/>\n49.19<\/strong><\/td>\n<td style=\"text-align: center;width: 200px;vertical-align: middle\">\ud83c\uddf9\ud83c\uddf7 Berke Ak\u00e7am<br \/>\n49.48 <strong>SB<\/strong><\/td>\n<td style=\"text-align: center;width: 200px;vertical-align: middle\">\ud83c\uddf8\ud83c\uddea Oskar Edlund<br \/>\n49.57 <strong>PB<\/strong><\/td>\n<\/tr>\n<tr>\n<td style=\"text-align: center;width: 200px;vertical-align: middle\"><strong>3000 m steeple<\/strong><strong><br \/>\n<\/strong><\/td>\n<td style=\"text-align: center;width: 200px;vertical-align: middle\">\ud83c\uddea\ud83c\uddf8 <strong>Alejandro Quijada<br \/>\n8:28.91 PB<\/strong><\/td>\n<td style=\"text-align: center;width: 200px;vertical-align: middle\">\ud83c\uddf5\ud83c\uddf9 Etson Barros<br \/>\n8:32.08<\/td>\n<td style=\"text-align: center;width: 200px;vertical-align: middle\">\ud83c\uddeb\ud83c\uddf7 <a title=\"Championnats d\u2019Europe espoirs d\u2019athl\u00e9tisme 2023 : Baptiste Guyon en bronze au 3000 m steeple\" href=\"https:\/\/dicodusport.fr\/blog\/championnats-deurope-espoirs-dathletisme-2023-baptiste-guyon-en-bronze-au-3000-m-steeple\/\" target=\"_blank\" rel=\"noopener\">Baptiste Guyon<\/a><br \/>\n8:33.64<\/td>\n<\/tr>\n<tr>\n<td style=\"text-align: center;width: 200px;vertical-align: middle\"><strong>20 km marche<\/strong><strong><br \/>\n<\/strong><\/td>\n<td style=\"text-align: center;width: 200px;vertical-align: middle\"><strong>\ud83c\uddea\ud83c\uddf8 Paul McGrath<\/strong><br \/>\n<strong>1:21.03 PB<\/strong><\/td>\n<td style=\"text-align: center;width: 200px;vertical-align: middle\">\ud83c\uddee\ud83c\uddf9 Andrea Cosi<br \/>\n1:23.02<\/td>\n<td style=\"text-align: center;width: 200px;vertical-align: middle\">\ud83c\uddeb\ud83c\uddee Jerry Jokinen<br \/>\n1:24.41 <strong>NU23R<\/strong><\/td>\n<\/tr>\n<tr>\n<td style=\"text-align: center;width: 200px;vertical-align: middle\"><strong>4 X 100 m<\/strong><\/td>\n<td style=\"text-align: center;width: 200px;vertical-align: middle\">\ud83c\uddee\ud83c\uddf9 <strong>Italie<br \/>\n38.92 NU23R<\/strong><\/td>\n<td style=\"text-align: center;width: 200px;vertical-align: middle\">\ud83c\uddeb\ud83c\uddf7 <a title=\"Championnat d\u2019Europe espoirs d\u2019athl\u00e9tisme 2023 : Les deux relais 4X100 m fran\u00e7ais en argent !\" href=\"https:\/\/dicodusport.fr\/blog\/championnat-deurope-espoirs-dathletisme-2023-les-deux-relais-4x100-m-francais-en-argent\/\" target=\"_blank\" rel=\"noopener\">France<\/a><br \/>\n38.92 <strong>SB<\/strong><\/td>\n<td style=\"text-align: center;width: 200px;vertical-align: middle\">\ud83c\uddf5\ud83c\uddf1 Pologne<br \/>\n39.06<\/td>\n<\/tr>\n<tr>\n<td style=\"text-align: center;width: 200px;vertical-align: middle\"><strong>4 X 400 m<\/strong><\/td>\n<td style=\"text-align: center;width: 200px;vertical-align: middle\">\ud83c\uddee\ud83c\uddf9 <strong>Italie<br \/>\n3:02.49 EU23L<br \/>\n<\/strong><\/td>\n<td style=\"text-align: center;width: 200px;vertical-align: middle\">\ud83c\uddf9\ud83c\uddf7 Turquie<br \/>\n3:03.04 NU23R<\/td>\n<td style=\"text-align: center;width: 200px;vertical-align: middle\">\ud83c\uddec\ud83c\udde7 Grande-Bretagne &amp; Irlande du Nord<br \/>\n3:03.12 <strong>SB<\/strong><\/td>\n<\/tr>\n<tr>\n<td style=\"text-align: center;width: 200px;vertical-align: middle\"><strong>Saut en hauteur<\/strong><\/td>\n<td style=\"text-align: center;width: 200px;vertical-align: middle\">\ud83c\uddf9\ud83c\uddf7 <strong>Ali Eren \u00fcnl\u00fc<\/strong><br \/>\n<strong>2.22 m<\/strong><\/td>\n<td style=\"text-align: center;width: 200px;vertical-align: middle\">\ud83c\uddfa\ud83c\udde6 Oleh Doroshchuk<br \/>\n2.19 m<\/td>\n<td style=\"text-align: center;width: 200px;vertical-align: middle\">\ud83c\uddfa\ud83c\udde6 Roman Petruk<br \/>\n2.19 m<\/td>\n<\/tr>\n<tr>\n<td style=\"text-align: center;width: 200px;vertical-align: middle\"><strong>Saut \u00e0 la perche<\/strong><\/td>\n<td style=\"text-align: center;width: 200px;vertical-align: middle\">\ud83c\uddeb\ud83c\uddee <strong>Juho Alasaari<br \/>\n5.71 m =NU23R<\/strong><\/td>\n<td style=\"text-align: center;width: 200px;vertical-align: middle\">\ud83c\uddeb\ud83c\uddf7 <a title=\"Athl\u00e9tisme : Robin Emig vice-champion d\u2019Europe espoirs du saut \u00e0 la perche\" href=\"https:\/\/dicodusport.fr\/blog\/athletisme-robin-emig-vice-champion-deurope-espoirs-du-saut-a-la-perche\/\" target=\"_blank\" rel=\"noopener\">Robin Emig<\/a><br \/>\n5.66 m<\/td>\n<td style=\"text-align: center;width: 200px;vertical-align: middle\">\ud83c\uddf3\ud83c\uddf4 Pal Haugen Lillefosse<br \/>\n5.66 m<\/td>\n<\/tr>\n<tr>\n<td style=\"text-align: center;width: 200px;vertical-align: middle\"><strong>Saut en longueur<\/strong><\/td>\n<td style=\"text-align: center;width: 200px;vertical-align: middle\">\ud83c\uddf3\ud83c\uddf4 <strong>Henrik Flatnes<\/strong><br \/>\n<strong>7.96 m PB<\/strong><\/td>\n<td style=\"text-align: center;width: 200px;vertical-align: middle\">\ud83c\udde9\ud83c\uddea Simon Batz<br \/>\n7.72 m<\/td>\n<td style=\"text-align: center;width: 200px;vertical-align: middle\">\ud83c\udded\ud83c\uddfa Matyas Nemeth<br \/>\n7.71 m<\/td>\n<\/tr>\n<tr>\n<td style=\"text-align: center;width: 200px;vertical-align: middle\"><strong>Triple saut<\/strong><\/td>\n<td style=\"text-align: center;width: 200px;vertical-align: middle\">\ud83c\uddeb\ud83c\uddf7 <strong><a title=\"Athl\u00e9tisme : Simon Gore champion d\u2019Europe espoirs 2023 au triple saut !\" href=\"https:\/\/dicodusport.fr\/blog\/athletisme-simon-gore-champion-deurope-espoirs-2023-au-triple-saut\/\" target=\"_blank\" rel=\"noopener\">Simon Gore<\/a><br \/>\n16.40 m SB<\/strong><\/td>\n<td style=\"text-align: center;width: 200px;vertical-align: middle\">\ud83c\uddf8\ud83c\uddea Gabriel Wallmark<br \/>\n16.24 m <strong>SB<\/strong><\/td>\n<td style=\"text-align: center;width: 200px;vertical-align: middle\">\ud83c\uddf9\ud83c\uddf7 Batuhan Cakir<br \/>\n16.16 m<\/td>\n<\/tr>\n<tr>\n<td style=\"text-align: center;width: 200px;vertical-align: middle\"><strong>Lancer du poids<\/strong><\/td>\n<td style=\"text-align: center;width: 200px;vertical-align: middle\">\ud83c\udde9\ud83c\uddea <strong>Tizian Lauria<br \/>\n19.80 m <\/strong>PB<\/td>\n<td style=\"text-align: center;width: 200px;vertical-align: middle\">\ud83c\udde9\ud83c\uddea Eric Maih\u00f6fer<br \/>\n19.44 m <strong>SB<\/strong><\/td>\n<td style=\"text-align: center;width: 200px;vertical-align: middle\">\ud83c\uddfd\ud83c\uddf0 Muhamet Ramadani<br \/>\n19.20 m<\/td>\n<\/tr>\n<tr>\n<td style=\"text-align: center;width: 200px;vertical-align: middle\"><strong>Lancer du javelot<\/strong><\/td>\n<td style=\"text-align: center;width: 200px;vertical-align: middle\">\ud83c\uddfa\ud83c\udde6 <strong>Artur Felfner<br \/>\n83.04 m EU23L<\/strong><\/td>\n<td style=\"text-align: center;width: 200px;vertical-align: middle\">\ud83c\uddeb\ud83c\uddee Topias Laine<br \/>\n79.77 m<\/td>\n<td style=\"text-align: center;width: 200px;vertical-align: middle\">\ud83c\uddee\ud83c\uddf9 Michele Fina<br \/>\n77.23 m <strong>PB<\/strong><\/td>\n<\/tr>\n<tr>\n<td style=\"text-align: center;width: 200px;vertical-align: middle\"><strong>Lancer du disque<\/strong><\/td>\n<td style=\"text-align: center;width: 200px;vertical-align: middle\">\ud83c\uddf1\ud83c\uddf9 <strong>Mykolas Alekna<\/strong><br \/>\n<strong>68.34 m CR<\/strong><\/td>\n<td style=\"text-align: center;width: 200px;vertical-align: middle\">\ud83c\udde9\ud83c\uddea Marius Karges<br \/>\n62.53 m<\/td>\n<td style=\"text-align: center;width: 200px;vertical-align: middle\"><strong>\ud83c\uddea\ud83c\uddf8<\/strong> Yasiel Sotero<br \/>\n61.69 m<\/td>\n<\/tr>\n<tr>\n<td style=\"text-align: center;width: 200px;vertical-align: middle\"><strong>Lancer du marteau<\/strong><\/td>\n<td style=\"text-align: center;width: 200px;vertical-align: middle\">\ud83c\uddfa\ud83c\udde6 <strong>Mykhaylo Kokhan<\/strong><br \/>\n<strong>77.21 m SB<\/strong><\/td>\n<td style=\"text-align: center;width: 200px;vertical-align: middle\">\ud83c\udde9\ud83c\uddea Merlin Hummel<br \/>\n75.61 m<\/td>\n<td style=\"text-align: center;width: 200px;vertical-align: middle\">\ud83c\udde9\ud83c\uddea S\u00f6ren Klose<br \/>\n73.70 m<\/td>\n<\/tr>\n<tr>\n<td style=\"text-align: center;width: 200px;vertical-align: middle\"><strong>D\u00e9cathlon<\/strong><\/td>\n<td style=\"text-align: center;width: 200px;vertical-align: middle\">\ud83c\uddf3\ud83c\uddf4 <strong>Markus Rooth<br \/>\n8608 pts CR<\/strong><\/td>\n<td style=\"text-align: center;width: 200px;vertical-align: middle\">\ud83c\uddf3\ud83c\uddf4 Sander Skotheim<br \/>\n8561 pts<\/td>\n<td style=\"text-align: center;width: 200px;vertical-align: middle\">\ud83c\uddf3\ud83c\uddf1 Sven Roosen<br \/>\n8128 pts<\/td>\n<\/tr>\n<\/tbody>\n<\/table>\n<\/div>\n<p style=\"text-align: justify;\"><em><span style=\"font-size: 14px;\">PB : Record personnel<\/span><\/em><br \/>\n<em><span style=\"font-size: 14px;\">SB : Meilleure performance personnelle de la saison<\/span><\/em><br \/>\n<em><span style=\"font-size: 14px;\">CR : Record des Championnats<\/span><\/em><br \/>\n<em><span style=\"font-size: 14px;\">NR : Record national<br \/>\nNU23R : Record national espoirs<\/span><\/em><em><span style=\"font-size: 14px;\"><br \/>\nEU23L : Meilleure performance europ\u00e9enne de l&rsquo;ann\u00e9e espoirs<br \/>\nEL : Meilleure performance europ\u00e9enne de l&rsquo;ann\u00e9e<br \/>\nEU23R : Record europ\u00e9en espoirs<br \/>\n<\/span><\/em><\/p>\n","protected":false},"excerpt":{"rendered":"<p>ATHL\u00c9TISME &#8211; Les Championnats d&rsquo;Europe espoirs ont lieu du 12 au 16 juillet \u00e0 Espoo en Finlande. Voici le programme et les r\u00e9sultats de la comp\u00e9tition.<\/p>\n","protected":false},"author":12,"featured_media":398893,"comment_status":"open","ping_status":"closed","sticky":false,"template":"","format":"standard","meta":{"_acf_changed":false,"_daextam_enable_autolinks":"","footnotes":""},"categories":[2308],"tags":[143,16878,17667,17825],"class_list":["post-397420","post","type-post","status-publish","format-standard","has-post-thumbnail","hentry","category-athletisme","tag-athletisme","tag-breve","tag-championnats-deurope-espoirs-dathletisme","tag-championnats-deurope-u23-athletisme"],"acf":[],"yoast_head":"<!-- This site is optimized with the Yoast SEO Premium plugin v26.7 (Yoast SEO v26.7) - https:\/\/yoast.com\/wordpress\/plugins\/seo\/ -->\n<title>Programme et r\u00e9sultats Championnats d&#039;Europe espoirs d&#039;athl\u00e9tisme 2023<\/title>\n<meta name=\"description\" content=\"ATHL\u00c9TISME - Les Championnats d&#039;Europe espoirs ont lieu du 12 au 16 juillet. Voici le programme et les r\u00e9sultats de la comp\u00e9tition.\" \/>\n<meta name=\"robots\" content=\"index, follow, max-snippet:-1, max-image-preview:large, max-video-preview:-1\" \/>\n<link rel=\"canonical\" href=\"https:\/\/dicodusport.fr\/blog\/calendrier-et-resultats-championnats-deurope-espoirs-dathletisme-2023\/\" \/>\n<meta property=\"og:locale\" content=\"fr_FR\" \/>\n<meta property=\"og:type\" content=\"article\" \/>\n<meta property=\"og:title\" content=\"Programme et r\u00e9sultats Championnats d&#039;Europe espoirs d&#039;athl\u00e9tisme 2023\" \/>\n<meta property=\"og:description\" content=\"ATHL\u00c9TISME - Les Championnats d&#039;Europe espoirs ont lieu du 12 au 16 juillet. Voici le programme et les r\u00e9sultats de la comp\u00e9tition.\" \/>\n<meta property=\"og:url\" content=\"https:\/\/dicodusport.fr\/blog\/calendrier-et-resultats-championnats-deurope-espoirs-dathletisme-2023\/\" \/>\n<meta property=\"og:site_name\" content=\"Dicodusport\" \/>\n<meta property=\"article:publisher\" content=\"https:\/\/www.facebook.com\/dicodusport\" \/>\n<meta property=\"article:published_time\" content=\"2023-07-16T16:21:19+00:00\" \/>\n<meta property=\"article:modified_time\" content=\"2023-07-16T17:11:09+00:00\" \/>\n<meta property=\"og:image\" content=\"https:\/\/dicodusport.fr\/blog\/wp-content\/uploads\/2023\/07\/Programme-et-resultats-Championnats-dEurope-espoirs-dathletisme-2023.png\" \/>\n\t<meta property=\"og:image:width\" content=\"1200\" \/>\n\t<meta property=\"og:image:height\" content=\"670\" \/>\n\t<meta property=\"og:image:type\" content=\"image\/png\" \/>\n<meta name=\"author\" content=\"Arlette Yeye\" \/>\n<meta name=\"twitter:card\" content=\"summary_large_image\" \/>\n<meta name=\"twitter:title\" content=\"Programme et r\u00e9sultats Championnats d&#039;Europe espoirs d&#039;athl\u00e9tisme 2023\" \/>\n<meta name=\"twitter:creator\" content=\"@https:\/\/twitter.com\/Shiclette94\" \/>\n<meta name=\"twitter:site\" content=\"@dicodusport\" \/>\n<script type=\"application\/ld+json\" class=\"yoast-schema-graph\">{\"@context\":\"https:\/\/schema.org\",\"@graph\":[{\"@type\":\"NewsArticle\",\"@id\":\"https:\/\/dicodusport.fr\/blog\/calendrier-et-resultats-championnats-deurope-espoirs-dathletisme-2023\/#article\",\"isPartOf\":{\"@id\":\"https:\/\/dicodusport.fr\/blog\/calendrier-et-resultats-championnats-deurope-espoirs-dathletisme-2023\/\"},\"author\":{\"name\":\"Arlette Yeye\",\"@id\":\"https:\/\/dicodusport.fr\/blog\/#\/schema\/person\/cce96fa88785bd8573e3d43078ac8c79\"},\"headline\":\"Programme et r\u00e9sultats Championnats d&rsquo;Europe espoirs d&rsquo;athl\u00e9tisme 2023\",\"datePublished\":\"2023-07-16T16:21:19+00:00\",\"dateModified\":\"2023-07-16T17:11:09+00:00\",\"mainEntityOfPage\":{\"@id\":\"https:\/\/dicodusport.fr\/blog\/calendrier-et-resultats-championnats-deurope-espoirs-dathletisme-2023\/\"},\"wordCount\":1964,\"commentCount\":0,\"publisher\":{\"@id\":\"https:\/\/dicodusport.fr\/blog\/#organization\"},\"image\":{\"@id\":\"https:\/\/dicodusport.fr\/blog\/calendrier-et-resultats-championnats-deurope-espoirs-dathletisme-2023\/#primaryimage\"},\"thumbnailUrl\":\"https:\/\/dicodusport.fr\/blog\/wp-content\/uploads\/2023\/07\/Programme-et-resultats-Championnats-dEurope-espoirs-dathletisme-2023.png\",\"keywords\":[\"Athl\u00e9tisme\",\"br\u00e8ve\",\"Championnats d'Europe espoirs d'athl\u00e9tisme\",\"Championnats d'Europe U23 athl\u00e9tisme\"],\"articleSection\":[\"Athl\u00e9tisme\"],\"inLanguage\":\"fr-FR\",\"potentialAction\":[{\"@type\":\"CommentAction\",\"name\":\"Comment\",\"target\":[\"https:\/\/dicodusport.fr\/blog\/calendrier-et-resultats-championnats-deurope-espoirs-dathletisme-2023\/#respond\"]}],\"copyrightYear\":\"2023\",\"copyrightHolder\":{\"@id\":\"https:\/\/dicodusport.fr\/blog\/#organization\"}},{\"@type\":\"WebPage\",\"@id\":\"https:\/\/dicodusport.fr\/blog\/calendrier-et-resultats-championnats-deurope-espoirs-dathletisme-2023\/\",\"url\":\"https:\/\/dicodusport.fr\/blog\/calendrier-et-resultats-championnats-deurope-espoirs-dathletisme-2023\/\",\"name\":\"Programme et r\u00e9sultats Championnats d'Europe espoirs d'athl\u00e9tisme 2023\",\"isPartOf\":{\"@id\":\"https:\/\/dicodusport.fr\/blog\/#website\"},\"primaryImageOfPage\":{\"@id\":\"https:\/\/dicodusport.fr\/blog\/calendrier-et-resultats-championnats-deurope-espoirs-dathletisme-2023\/#primaryimage\"},\"image\":{\"@id\":\"https:\/\/dicodusport.fr\/blog\/calendrier-et-resultats-championnats-deurope-espoirs-dathletisme-2023\/#primaryimage\"},\"thumbnailUrl\":\"https:\/\/dicodusport.fr\/blog\/wp-content\/uploads\/2023\/07\/Programme-et-resultats-Championnats-dEurope-espoirs-dathletisme-2023.png\",\"datePublished\":\"2023-07-16T16:21:19+00:00\",\"dateModified\":\"2023-07-16T17:11:09+00:00\",\"description\":\"ATHL\u00c9TISME - Les Championnats d'Europe espoirs ont lieu du 12 au 16 juillet. Voici le programme et les r\u00e9sultats de la comp\u00e9tition.\",\"breadcrumb\":{\"@id\":\"https:\/\/dicodusport.fr\/blog\/calendrier-et-resultats-championnats-deurope-espoirs-dathletisme-2023\/#breadcrumb\"},\"inLanguage\":\"fr-FR\",\"potentialAction\":[{\"@type\":\"ReadAction\",\"target\":[\"https:\/\/dicodusport.fr\/blog\/calendrier-et-resultats-championnats-deurope-espoirs-dathletisme-2023\/\"]}]},{\"@type\":\"ImageObject\",\"inLanguage\":\"fr-FR\",\"@id\":\"https:\/\/dicodusport.fr\/blog\/calendrier-et-resultats-championnats-deurope-espoirs-dathletisme-2023\/#primaryimage\",\"url\":\"https:\/\/dicodusport.fr\/blog\/wp-content\/uploads\/2023\/07\/Programme-et-resultats-Championnats-dEurope-espoirs-dathletisme-2023.png\",\"contentUrl\":\"https:\/\/dicodusport.fr\/blog\/wp-content\/uploads\/2023\/07\/Programme-et-resultats-Championnats-dEurope-espoirs-dathletisme-2023.png\",\"width\":1200,\"height\":670,\"caption\":\"Programme et r\u00e9sultats Championnats d'Europe espoirs d'athl\u00e9tisme 2023\"},{\"@type\":\"BreadcrumbList\",\"@id\":\"https:\/\/dicodusport.fr\/blog\/calendrier-et-resultats-championnats-deurope-espoirs-dathletisme-2023\/#breadcrumb\",\"itemListElement\":[{\"@type\":\"ListItem\",\"position\":1,\"name\":\"Accueil\",\"item\":\"https:\/\/dicodusport.fr\/blog\/\"},{\"@type\":\"ListItem\",\"position\":2,\"name\":\"Programme et r\u00e9sultats Championnats d&rsquo;Europe espoirs d&rsquo;athl\u00e9tisme 2023\"}]},{\"@type\":\"WebSite\",\"@id\":\"https:\/\/dicodusport.fr\/blog\/#website\",\"url\":\"https:\/\/dicodusport.fr\/blog\/\",\"name\":\"Dicodusport\",\"description\":\"L&#039;encyclop\u00e9die de l&#039;actualit\u00e9 sportive\",\"publisher\":{\"@id\":\"https:\/\/dicodusport.fr\/blog\/#organization\"},\"potentialAction\":[{\"@type\":\"SearchAction\",\"target\":{\"@type\":\"EntryPoint\",\"urlTemplate\":\"https:\/\/dicodusport.fr\/blog\/?s={search_term_string}\"},\"query-input\":{\"@type\":\"PropertyValueSpecification\",\"valueRequired\":true,\"valueName\":\"search_term_string\"}}],\"inLanguage\":\"fr-FR\"},{\"@type\":\"NewsMediaOrganization\",\"@id\":\"https:\/\/dicodusport.fr\/blog\/#organization\",\"name\":\"Dicodusport\",\"url\":\"https:\/\/dicodusport.fr\/blog\/\",\"logo\":{\"@type\":\"ImageObject\",\"inLanguage\":\"fr-FR\",\"@id\":\"https:\/\/dicodusport.fr\/blog\/#\/schema\/logo\/image\/\",\"url\":\"https:\/\/dicodusport.fr\/blog\/wp-content\/uploads\/2020\/06\/cropped-LOGO-DICODUSPORT-2020-SANS-FOND-SANS-TEXTE.png\",\"contentUrl\":\"https:\/\/dicodusport.fr\/blog\/wp-content\/uploads\/2020\/06\/cropped-LOGO-DICODUSPORT-2020-SANS-FOND-SANS-TEXTE.png\",\"width\":512,\"height\":512,\"caption\":\"Dicodusport\"},\"image\":{\"@id\":\"https:\/\/dicodusport.fr\/blog\/#\/schema\/logo\/image\/\"},\"sameAs\":[\"https:\/\/www.facebook.com\/dicodusport\",\"https:\/\/x.com\/dicodusport\",\"https:\/\/www.instagram.com\/dicodusport\/\",\"https:\/\/www.youtube.com\/channel\/UC7V2KZ5sd3htJivAbA4ZG3w\"],\"description\":\"Dicodusport est l'encyclop\u00e9die de l'actualit\u00e9 sportive.\",\"email\":\"bonjour@dicodusport.fr\",\"legalName\":\"DICODUSPORT\",\"foundingDate\":\"2018-01-14\",\"vatID\":\"FR71834470973\",\"taxID\":\"83447097300043\",\"numberOfEmployees\":{\"@type\":\"QuantitativeValue\",\"minValue\":\"1\",\"maxValue\":\"10\"}},{\"@type\":\"Person\",\"@id\":\"https:\/\/dicodusport.fr\/blog\/#\/schema\/person\/cce96fa88785bd8573e3d43078ac8c79\",\"name\":\"Arlette Yeye\",\"image\":{\"@type\":\"ImageObject\",\"inLanguage\":\"fr-FR\",\"@id\":\"https:\/\/dicodusport.fr\/blog\/#\/schema\/person\/image\/\",\"url\":\"https:\/\/secure.gravatar.com\/avatar\/dca4a6239e6d708e46c45d60e160de6c?s=96&d=wp_user_avatar&r=g\",\"contentUrl\":\"https:\/\/secure.gravatar.com\/avatar\/dca4a6239e6d708e46c45d60e160de6c?s=96&d=wp_user_avatar&r=g\",\"caption\":\"Arlette Yeye\"},\"description\":\"Journaliste\/r\u00e9dactrice depuis septembre 2015 - Supportrice de Chelsea, j'ai pour sports de pr\u00e9dilection le handball, l'athl\u00e9tisme et le tennis. Si je tweete plus vite que mon ombre, vous pouvez aussi me retrouver les week-ends sur les playgrounds de Bruxelles pour un petit foot ou basket entre potes. Parcourir la France, l'Europe et plus si affinit\u00e9s pour suivre mes sportifs pr\u00e9f\u00e9r\u00e9s ? Mon kif ! Et c'est avec plaisir que je partage les r\u00e9sultats des sports populaires mais \u00e9galement plus confidentiels pour Dicodusport.\",\"sameAs\":[\"https:\/\/x.com\/https:\/\/twitter.com\/Shiclette94\"],\"url\":\"https:\/\/dicodusport.fr\/blog\/author\/arlette\/\"}]}<\/script>\n<!-- \/ Yoast SEO Premium plugin. -->","yoast_head_json":{"title":"Programme et r\u00e9sultats Championnats d'Europe espoirs d'athl\u00e9tisme 2023","description":"ATHL\u00c9TISME - Les Championnats d'Europe espoirs ont lieu du 12 au 16 juillet. Voici le programme et les r\u00e9sultats de la comp\u00e9tition.","robots":{"index":"index","follow":"follow","max-snippet":"max-snippet:-1","max-image-preview":"max-image-preview:large","max-video-preview":"max-video-preview:-1"},"canonical":"https:\/\/dicodusport.fr\/blog\/calendrier-et-resultats-championnats-deurope-espoirs-dathletisme-2023\/","og_locale":"fr_FR","og_type":"article","og_title":"Programme et r\u00e9sultats Championnats d'Europe espoirs d'athl\u00e9tisme 2023","og_description":"ATHL\u00c9TISME - Les Championnats d'Europe espoirs ont lieu du 12 au 16 juillet. Voici le programme et les r\u00e9sultats de la comp\u00e9tition.","og_url":"https:\/\/dicodusport.fr\/blog\/calendrier-et-resultats-championnats-deurope-espoirs-dathletisme-2023\/","og_site_name":"Dicodusport","article_publisher":"https:\/\/www.facebook.com\/dicodusport","article_published_time":"2023-07-16T16:21:19+00:00","article_modified_time":"2023-07-16T17:11:09+00:00","og_image":[{"width":1200,"height":670,"url":"https:\/\/dicodusport.fr\/blog\/wp-content\/uploads\/2023\/07\/Programme-et-resultats-Championnats-dEurope-espoirs-dathletisme-2023.png","type":"image\/png"}],"author":"Arlette Yeye","twitter_card":"summary_large_image","twitter_title":"Programme et r\u00e9sultats Championnats d'Europe espoirs d'athl\u00e9tisme 2023","twitter_creator":"@https:\/\/twitter.com\/Shiclette94","twitter_site":"@dicodusport","schema":{"@context":"https:\/\/schema.org","@graph":[{"@type":"NewsArticle","@id":"https:\/\/dicodusport.fr\/blog\/calendrier-et-resultats-championnats-deurope-espoirs-dathletisme-2023\/#article","isPartOf":{"@id":"https:\/\/dicodusport.fr\/blog\/calendrier-et-resultats-championnats-deurope-espoirs-dathletisme-2023\/"},"author":{"name":"Arlette Yeye","@id":"https:\/\/dicodusport.fr\/blog\/#\/schema\/person\/cce96fa88785bd8573e3d43078ac8c79"},"headline":"Programme et r\u00e9sultats Championnats d&rsquo;Europe espoirs d&rsquo;athl\u00e9tisme 2023","datePublished":"2023-07-16T16:21:19+00:00","dateModified":"2023-07-16T17:11:09+00:00","mainEntityOfPage":{"@id":"https:\/\/dicodusport.fr\/blog\/calendrier-et-resultats-championnats-deurope-espoirs-dathletisme-2023\/"},"wordCount":1964,"commentCount":0,"publisher":{"@id":"https:\/\/dicodusport.fr\/blog\/#organization"},"image":{"@id":"https:\/\/dicodusport.fr\/blog\/calendrier-et-resultats-championnats-deurope-espoirs-dathletisme-2023\/#primaryimage"},"thumbnailUrl":"https:\/\/dicodusport.fr\/blog\/wp-content\/uploads\/2023\/07\/Programme-et-resultats-Championnats-dEurope-espoirs-dathletisme-2023.png","keywords":["Athl\u00e9tisme","br\u00e8ve","Championnats d'Europe espoirs d'athl\u00e9tisme","Championnats d'Europe U23 athl\u00e9tisme"],"articleSection":["Athl\u00e9tisme"],"inLanguage":"fr-FR","potentialAction":[{"@type":"CommentAction","name":"Comment","target":["https:\/\/dicodusport.fr\/blog\/calendrier-et-resultats-championnats-deurope-espoirs-dathletisme-2023\/#respond"]}],"copyrightYear":"2023","copyrightHolder":{"@id":"https:\/\/dicodusport.fr\/blog\/#organization"}},{"@type":"WebPage","@id":"https:\/\/dicodusport.fr\/blog\/calendrier-et-resultats-championnats-deurope-espoirs-dathletisme-2023\/","url":"https:\/\/dicodusport.fr\/blog\/calendrier-et-resultats-championnats-deurope-espoirs-dathletisme-2023\/","name":"Programme et r\u00e9sultats Championnats d'Europe espoirs d'athl\u00e9tisme 2023","isPartOf":{"@id":"https:\/\/dicodusport.fr\/blog\/#website"},"primaryImageOfPage":{"@id":"https:\/\/dicodusport.fr\/blog\/calendrier-et-resultats-championnats-deurope-espoirs-dathletisme-2023\/#primaryimage"},"image":{"@id":"https:\/\/dicodusport.fr\/blog\/calendrier-et-resultats-championnats-deurope-espoirs-dathletisme-2023\/#primaryimage"},"thumbnailUrl":"https:\/\/dicodusport.fr\/blog\/wp-content\/uploads\/2023\/07\/Programme-et-resultats-Championnats-dEurope-espoirs-dathletisme-2023.png","datePublished":"2023-07-16T16:21:19+00:00","dateModified":"2023-07-16T17:11:09+00:00","description":"ATHL\u00c9TISME - Les Championnats d'Europe espoirs ont lieu du 12 au 16 juillet. Voici le programme et les r\u00e9sultats de la comp\u00e9tition.","breadcrumb":{"@id":"https:\/\/dicodusport.fr\/blog\/calendrier-et-resultats-championnats-deurope-espoirs-dathletisme-2023\/#breadcrumb"},"inLanguage":"fr-FR","potentialAction":[{"@type":"ReadAction","target":["https:\/\/dicodusport.fr\/blog\/calendrier-et-resultats-championnats-deurope-espoirs-dathletisme-2023\/"]}]},{"@type":"ImageObject","inLanguage":"fr-FR","@id":"https:\/\/dicodusport.fr\/blog\/calendrier-et-resultats-championnats-deurope-espoirs-dathletisme-2023\/#primaryimage","url":"https:\/\/dicodusport.fr\/blog\/wp-content\/uploads\/2023\/07\/Programme-et-resultats-Championnats-dEurope-espoirs-dathletisme-2023.png","contentUrl":"https:\/\/dicodusport.fr\/blog\/wp-content\/uploads\/2023\/07\/Programme-et-resultats-Championnats-dEurope-espoirs-dathletisme-2023.png","width":1200,"height":670,"caption":"Programme et r\u00e9sultats Championnats d'Europe espoirs d'athl\u00e9tisme 2023"},{"@type":"BreadcrumbList","@id":"https:\/\/dicodusport.fr\/blog\/calendrier-et-resultats-championnats-deurope-espoirs-dathletisme-2023\/#breadcrumb","itemListElement":[{"@type":"ListItem","position":1,"name":"Accueil","item":"https:\/\/dicodusport.fr\/blog\/"},{"@type":"ListItem","position":2,"name":"Programme et r\u00e9sultats Championnats d&rsquo;Europe espoirs d&rsquo;athl\u00e9tisme 2023"}]},{"@type":"WebSite","@id":"https:\/\/dicodusport.fr\/blog\/#website","url":"https:\/\/dicodusport.fr\/blog\/","name":"Dicodusport","description":"L&#039;encyclop\u00e9die de l&#039;actualit\u00e9 sportive","publisher":{"@id":"https:\/\/dicodusport.fr\/blog\/#organization"},"potentialAction":[{"@type":"SearchAction","target":{"@type":"EntryPoint","urlTemplate":"https:\/\/dicodusport.fr\/blog\/?s={search_term_string}"},"query-input":{"@type":"PropertyValueSpecification","valueRequired":true,"valueName":"search_term_string"}}],"inLanguage":"fr-FR"},{"@type":"NewsMediaOrganization","@id":"https:\/\/dicodusport.fr\/blog\/#organization","name":"Dicodusport","url":"https:\/\/dicodusport.fr\/blog\/","logo":{"@type":"ImageObject","inLanguage":"fr-FR","@id":"https:\/\/dicodusport.fr\/blog\/#\/schema\/logo\/image\/","url":"https:\/\/dicodusport.fr\/blog\/wp-content\/uploads\/2020\/06\/cropped-LOGO-DICODUSPORT-2020-SANS-FOND-SANS-TEXTE.png","contentUrl":"https:\/\/dicodusport.fr\/blog\/wp-content\/uploads\/2020\/06\/cropped-LOGO-DICODUSPORT-2020-SANS-FOND-SANS-TEXTE.png","width":512,"height":512,"caption":"Dicodusport"},"image":{"@id":"https:\/\/dicodusport.fr\/blog\/#\/schema\/logo\/image\/"},"sameAs":["https:\/\/www.facebook.com\/dicodusport","https:\/\/x.com\/dicodusport","https:\/\/www.instagram.com\/dicodusport\/","https:\/\/www.youtube.com\/channel\/UC7V2KZ5sd3htJivAbA4ZG3w"],"description":"Dicodusport est l'encyclop\u00e9die de l'actualit\u00e9 sportive.","email":"bonjour@dicodusport.fr","legalName":"DICODUSPORT","foundingDate":"2018-01-14","vatID":"FR71834470973","taxID":"83447097300043","numberOfEmployees":{"@type":"QuantitativeValue","minValue":"1","maxValue":"10"}},{"@type":"Person","@id":"https:\/\/dicodusport.fr\/blog\/#\/schema\/person\/cce96fa88785bd8573e3d43078ac8c79","name":"Arlette Yeye","image":{"@type":"ImageObject","inLanguage":"fr-FR","@id":"https:\/\/dicodusport.fr\/blog\/#\/schema\/person\/image\/","url":"https:\/\/secure.gravatar.com\/avatar\/dca4a6239e6d708e46c45d60e160de6c?s=96&d=wp_user_avatar&r=g","contentUrl":"https:\/\/secure.gravatar.com\/avatar\/dca4a6239e6d708e46c45d60e160de6c?s=96&d=wp_user_avatar&r=g","caption":"Arlette Yeye"},"description":"Journaliste\/r\u00e9dactrice depuis septembre 2015 - Supportrice de Chelsea, j'ai pour sports de pr\u00e9dilection le handball, l'athl\u00e9tisme et le tennis. Si je tweete plus vite que mon ombre, vous pouvez aussi me retrouver les week-ends sur les playgrounds de Bruxelles pour un petit foot ou basket entre potes. Parcourir la France, l'Europe et plus si affinit\u00e9s pour suivre mes sportifs pr\u00e9f\u00e9r\u00e9s ? Mon kif ! Et c'est avec plaisir que je partage les r\u00e9sultats des sports populaires mais \u00e9galement plus confidentiels pour Dicodusport.","sameAs":["https:\/\/x.com\/https:\/\/twitter.com\/Shiclette94"],"url":"https:\/\/dicodusport.fr\/blog\/author\/arlette\/"}]}},"_links":{"self":[{"href":"https:\/\/dicodusport.fr\/blog\/wp-json\/wp\/v2\/posts\/397420","targetHints":{"allow":["GET"]}}],"collection":[{"href":"https:\/\/dicodusport.fr\/blog\/wp-json\/wp\/v2\/posts"}],"about":[{"href":"https:\/\/dicodusport.fr\/blog\/wp-json\/wp\/v2\/types\/post"}],"author":[{"embeddable":true,"href":"https:\/\/dicodusport.fr\/blog\/wp-json\/wp\/v2\/users\/12"}],"replies":[{"embeddable":true,"href":"https:\/\/dicodusport.fr\/blog\/wp-json\/wp\/v2\/comments?post=397420"}],"version-history":[{"count":0,"href":"https:\/\/dicodusport.fr\/blog\/wp-json\/wp\/v2\/posts\/397420\/revisions"}],"wp:featuredmedia":[{"embeddable":true,"href":"https:\/\/dicodusport.fr\/blog\/wp-json\/wp\/v2\/media\/398893"}],"wp:attachment":[{"href":"https:\/\/dicodusport.fr\/blog\/wp-json\/wp\/v2\/media?parent=397420"}],"wp:term":[{"taxonomy":"category","embeddable":true,"href":"https:\/\/dicodusport.fr\/blog\/wp-json\/wp\/v2\/categories?post=397420"},{"taxonomy":"post_tag","embeddable":true,"href":"https:\/\/dicodusport.fr\/blog\/wp-json\/wp\/v2\/tags?post=397420"}],"curies":[{"name":"wp","href":"https:\/\/api.w.org\/{rel}","templated":true}]}}