{"id":39761,"date":"2019-05-23T16:32:10","date_gmt":"2019-05-23T14:32:10","guid":{"rendered":"http:\/\/dicodusport.fr\/blog\/?p=39761"},"modified":"2019-05-23T17:28:59","modified_gmt":"2019-05-23T15:28:59","slug":"wta-strasbourg-deux-francaises-en-demi-finales","status":"publish","type":"post","link":"https:\/\/dicodusport.fr\/blog\/wta-strasbourg-deux-francaises-en-demi-finales\/","title":{"rendered":"WTA Strasbourg : deux Fran\u00e7aises en demi-finales"},"content":{"rendered":"<p style=\"text-align: justify;\"><em><strong>Aujourd&rsquo;hui se jouaient les quarts de finale du tournoi <a href=\"https:\/\/www.internationaux-strasbourg.fr\/fr\" target=\"_blank\" rel=\"noopener\">WTA de Strasbourg<\/a>. Avec un 3 sur 4 hier, les Fran\u00e7aises d\u00e9fendaient sur la terre battue strasbourgeoise leurs chances pour acc\u00e9der au dernier carr\u00e9. Galvanis\u00e9es de jouer \u00e0 domicile, les 3 Bleues du jour n&rsquo;ont pas d\u00e9m\u00e9rit\u00e9. Mais seules Chlo\u00e9 Paquet et Caroline Garcia joueront les demies, Fiona Ferro ayant \u00e9t\u00e9 \u00e9limin\u00e9e. R\u00e9sum\u00e9 de la journ\u00e9e de nos 3 Tricolores.<\/strong><\/em><\/p>\n<h1>Paquet \u00e9tait \u00e0 fond<\/h1>\n<p style=\"text-align: justify;\"><strong>Chlo\u00e9 Paquet<\/strong> s&rsquo;est d\u00e9faite facilement hier de la Chinoise\u00a0<strong>Xin-Yun Han<\/strong> en 2 sets. Mais ce matin, \u00e0 11h, elle avait rendez-vous avec du lourd : <strong>Daria Gavrilova<\/strong>. M\u00eame si l&rsquo;Australienne est dans une mauvaise passe, elle restait tout de m\u00eame dangereuse, comme le prouve sa performance hier en \u00e9liminant la Fran\u00e7aise <strong>Amandine Hesse<\/strong>. En effet, men\u00e9e 1 set 0, Gavrilova a remport\u00e9 le match en 3 manches au terme de 2h17 d&rsquo;efforts. C&rsquo;est d&rsquo;ailleurs ce qui lui a peut-\u00eatre co\u00fbt\u00e9 sa pi\u00e8tre performance du jour.<\/p>\n<p style=\"text-align: justify;\">En deux sets, Paquet a\u00a0 en effet\u00a0 domin\u00e9 la 63\u00e8me joueuse mondiale, alors qu&rsquo;elle est elle-m\u00eame class\u00e9e 223\u00e8me. En breakant d\u00e8s le d\u00e9but du match, elle s&rsquo;est m\u00eame offerte 4 balles de set sur le service de l&rsquo;Australienne en fin de premier set. Elle a cependant d\u00fb servir pour le remporter et mener 6-3. La seconde manche a \u00e9t\u00e9 beaucoup plus disput\u00e9e. Si Gavrilova est la premi\u00e8re \u00e0 \u00eatre break\u00e9e, elle recollait tout de m\u00eame \u00e0 4-4 en s&rsquo;offrant par la suite 3 balles de set sur le service de la native de Versailles. Mais Paquet donnait tout ce qu&rsquo;elle avait pour forcer le tie-break, qu&rsquo;elle a finalement obtenu. Et quel tie-break&#8230; en l&#8217;emportant 7-1, la Fran\u00e7aise s&rsquo;offrait une tr\u00e8s belle victoire et s&rsquo;ouvrait les portes des demi-finales.<\/p>\n<h1 style=\"text-align: justify;\">Ferro pas en jambe<\/h1>\n<p style=\"text-align: justify;\"><strong>Fiona Ferro<\/strong> a souffert cet apr\u00e8s-midi. Apr\u00e8s sa performance exceptionnelle hier en s&rsquo;imposant face \u00e0 <strong>Qiang Wang,<\/strong> num\u00e9ro 16 mondiale, la Fran\u00e7aise a subi la loi de l&rsquo;Ukrainienne <strong>Dayana Yastremska<\/strong>. Le score est lourd, 6-1 6-3, mais le parcours est beau. Ferro n&rsquo;a rivalis\u00e9 que pendant les 10 premi\u00e8res minutes du match, en \u00e9tant break\u00e9e et en d\u00e9brakant de suite. Mais, asphyxi\u00e9e par le jeu de la 42\u00e8me mondiale, elle perdait totalement le fil du set.<\/p>\n<p style=\"text-align: justify;\">La seconde manche est tout aussi difficile. M\u00eame si Ferro se procurait 3 balles de break sur le premier service de ce set, elle n&rsquo;arrivait pas \u00e0 les convertir. Elle n&rsquo;en concr\u00e9tisera d&rsquo;ailleurs qu&rsquo;une sur les 6 obtenues. Men\u00e9e 5-1, c&rsquo;est \u00e0 ce moment l\u00e0 qu&rsquo;elle r\u00e9ussissait \u00e0 breaker. Elle \u00e9cartait m\u00eame 3 balles de match en tout pour revenir \u00e0 5-3. Mais Yastremska ne tremblait pas sur son service et mettait fin au match. 6-3.<\/p>\n<h1>Garcia, la patronne<\/h1>\n<p style=\"text-align: justify;\">Difficilement mais s\u00fbrement, la 24\u00e8me au classement WTA a remont\u00e9 la pente impos\u00e9e par son adversaire dans ce match. Apr\u00e8s deux matches hier (un le matin face \u00e0 <strong>Shelby Rogers <\/strong>et un l&rsquo;apr\u00e8s-midi contre<strong> Rebecca Peterson<\/strong>) et presque 4h sur les courts strasbourgeois, <strong>Caroline Garcia<\/strong> s&rsquo;est impos\u00e9e face \u00e0 l&rsquo;Ukrainienne <strong>Marta Kostyuk<\/strong>. Mais que ce fut difficile et laborieux&#8230; Un premier set mal n\u00e9goci\u00e9 (3-6 pour la 264\u00e8me joueuse mondiale) avec notamment des jeux de service \u00e0 rallonge, la partie \u00e9tait entam\u00e9e.<\/p>\n<p style=\"text-align: justify;\">Mais Garcia a su se relever et breaker rapidement dans la deuxi\u00e8me manche. Elle concluait ainsi ce deuxi\u00e8me set sur sa premi\u00e8re balle de set et s&rsquo;offrait l&rsquo;opportunit\u00e9 de batailler pour une ultime manche. La t\u00eate de s\u00e9rie num\u00e9ro 4 du tournoi n&rsquo;y a fait qu&rsquo;une bouch\u00e9e de la jeune ukrainienne de 16 ans en breakant ses deux premiers jeux de service. Au bout du suspens, la Fran\u00e7aise s&rsquo;offrait l&rsquo;ultime set 6-2.<\/p>\n<p><strong><em>Maxime Giralt<br \/>\n<a href=\"https:\/\/www.facebook.com\/Max11me\" target=\"_blank\" rel=\"noopener\"><img loading=\"lazy\" decoding=\"async\" class=\"alignnone wp-image-2909\" src=\"http:\/\/dicodusport.fr\/blog\/wp-content\/uploads\/2017\/07\/logo-facebook.png\" alt=\"\" width=\"38\" height=\"38\" \/><\/a><\/em><\/strong><a href=\"https:\/\/l.facebook.com\/l.php?u=https%3A%2F%2Fwww.linkedin.com%2Fin%2Fmaxime-giralt-1461a917b%2F%3Ffbclid%3DIwAR2o5nEQF1MbwOxhcZA53vciCrvhvHic9QZkhVnMl6B-BY_Hnj32ZE--uew&amp;h=AT0LoCNeRcbrBR7e8K1V93ja3oJ6Y-mNjmtrSMMYYjgplVOS3HK2KUlvJOSwWegSKG3Oe3hzQbAIm94g7G6qYCFYQQWPI1BS9WhzZoe-sPpYMw4rBaFo2prjau_nWQ-RyZQ\" target=\"_blank\" rel=\"noopener\"><img loading=\"lazy\" decoding=\"async\" class=\"alignnone wp-image-3711\" src=\"http:\/\/dicodusport.fr\/blog\/wp-content\/uploads\/2017\/08\/signature-linkedin.png\" alt=\"\" width=\"38\" height=\"38\" srcset=\"https:\/\/dicodusport.fr\/blog\/wp-content\/uploads\/2017\/08\/signature-linkedin.png 295w, https:\/\/dicodusport.fr\/blog\/wp-content\/uploads\/2017\/08\/signature-linkedin-150x150.png 150w\" sizes=\"auto, (max-width: 38px) 100vw, 38px\" \/><\/a><\/p>\n","protected":false},"excerpt":{"rendered":"<p>WTA Strasbourg &#8211; Les 3 Bleues du jour n&rsquo;ont pas d\u00e9m\u00e9rit\u00e9. Mais seules Chlo\u00e9 Paquet et Caroline Garcia joueront les demies.<\/p>\n","protected":false},"author":38,"featured_media":31945,"comment_status":"open","ping_status":"closed","sticky":false,"template":"","format":"standard","meta":{"_acf_changed":false,"_daextam_enable_autolinks":"","footnotes":""},"categories":[2,2365,2302],"tags":[3771,2000,7938,7937,4537],"class_list":["post-39761","post","type-post","status-publish","format-standard","has-post-thumbnail","hentry","category-actualites","category-sports-de-raquette","category-tennis","tag-amandine-hesse","tag-caroline-garcia","tag-chloe-paquet","tag-fiona-ferro","tag-internationaux-de-strasbourg"],"acf":[],"yoast_head":"<!-- This site is optimized with the Yoast SEO Premium plugin v26.7 (Yoast SEO v26.7) - https:\/\/yoast.com\/wordpress\/plugins\/seo\/ -->\n<title>WTA Strasbourg : deux Fran\u00e7aises en demi-finales<\/title>\n<meta name=\"description\" content=\"WTA Strasbourg - Les 3 Bleues du jour n&#039;ont pas d\u00e9m\u00e9rit\u00e9. Mais seules Chlo\u00e9 Paquet et Caroline Garcia joueront les demies.\" \/>\n<meta name=\"robots\" content=\"index, follow, max-snippet:-1, max-image-preview:large, max-video-preview:-1\" \/>\n<link rel=\"canonical\" href=\"https:\/\/dicodusport.fr\/blog\/wta-strasbourg-deux-francaises-en-demi-finales\/\" \/>\n<meta property=\"og:locale\" content=\"fr_FR\" \/>\n<meta property=\"og:type\" content=\"article\" \/>\n<meta property=\"og:title\" content=\"WTA Strasbourg : deux Fran\u00e7aises en demi-finales\" \/>\n<meta property=\"og:description\" content=\"WTA Strasbourg - Les 3 Bleues du jour n&#039;ont pas d\u00e9m\u00e9rit\u00e9. Mais seules Chlo\u00e9 Paquet et Caroline Garcia joueront les demies.\" \/>\n<meta property=\"og:url\" content=\"https:\/\/dicodusport.fr\/blog\/wta-strasbourg-deux-francaises-en-demi-finales\/\" \/>\n<meta property=\"og:site_name\" content=\"Dicodusport\" \/>\n<meta property=\"article:publisher\" content=\"https:\/\/www.facebook.com\/dicodusport\" \/>\n<meta property=\"article:published_time\" content=\"2019-05-23T14:32:10+00:00\" \/>\n<meta property=\"article:modified_time\" content=\"2019-05-23T15:28:59+00:00\" \/>\n<meta property=\"og:image\" content=\"https:\/\/dicodusport.fr\/blog\/wp-content\/uploads\/2019\/01\/Caroline-Garcia-Open-dAustralie.png\" \/>\n\t<meta property=\"og:image:width\" content=\"800\" \/>\n\t<meta property=\"og:image:height\" content=\"445\" \/>\n\t<meta property=\"og:image:type\" content=\"image\/png\" \/>\n<meta name=\"author\" content=\"Maxime Giralt\" \/>\n<meta name=\"twitter:card\" content=\"summary_large_image\" \/>\n<meta name=\"twitter:creator\" content=\"@dicodusport\" \/>\n<meta name=\"twitter:site\" content=\"@dicodusport\" \/>\n<script type=\"application\/ld+json\" class=\"yoast-schema-graph\">{\"@context\":\"https:\/\/schema.org\",\"@graph\":[{\"@type\":\"NewsArticle\",\"@id\":\"https:\/\/dicodusport.fr\/blog\/wta-strasbourg-deux-francaises-en-demi-finales\/#article\",\"isPartOf\":{\"@id\":\"https:\/\/dicodusport.fr\/blog\/wta-strasbourg-deux-francaises-en-demi-finales\/\"},\"author\":{\"name\":\"Maxime Giralt\",\"@id\":\"https:\/\/dicodusport.fr\/blog\/#\/schema\/person\/48bad9bec547f458f90c709b91a41248\"},\"headline\":\"WTA Strasbourg : deux Fran\u00e7aises en demi-finales\",\"datePublished\":\"2019-05-23T14:32:10+00:00\",\"dateModified\":\"2019-05-23T15:28:59+00:00\",\"mainEntityOfPage\":{\"@id\":\"https:\/\/dicodusport.fr\/blog\/wta-strasbourg-deux-francaises-en-demi-finales\/\"},\"wordCount\":668,\"commentCount\":0,\"publisher\":{\"@id\":\"https:\/\/dicodusport.fr\/blog\/#organization\"},\"image\":{\"@id\":\"https:\/\/dicodusport.fr\/blog\/wta-strasbourg-deux-francaises-en-demi-finales\/#primaryimage\"},\"thumbnailUrl\":\"https:\/\/dicodusport.fr\/blog\/wp-content\/uploads\/2019\/01\/Caroline-Garcia-Open-dAustralie.png\",\"keywords\":[\"Amandine Hesse\",\"Caroline Garcia\",\"Chlo\u00e9 Paquet\",\"Fiona Ferro\",\"internationaux de strasbourg\"],\"articleSection\":[\"Actualit\u00e9s\",\"Sports de raquette\",\"Tennis\"],\"inLanguage\":\"fr-FR\",\"potentialAction\":[{\"@type\":\"CommentAction\",\"name\":\"Comment\",\"target\":[\"https:\/\/dicodusport.fr\/blog\/wta-strasbourg-deux-francaises-en-demi-finales\/#respond\"]}],\"copyrightYear\":\"2019\",\"copyrightHolder\":{\"@id\":\"https:\/\/dicodusport.fr\/blog\/#organization\"}},{\"@type\":\"WebPage\",\"@id\":\"https:\/\/dicodusport.fr\/blog\/wta-strasbourg-deux-francaises-en-demi-finales\/\",\"url\":\"https:\/\/dicodusport.fr\/blog\/wta-strasbourg-deux-francaises-en-demi-finales\/\",\"name\":\"WTA Strasbourg : deux Fran\u00e7aises en demi-finales\",\"isPartOf\":{\"@id\":\"https:\/\/dicodusport.fr\/blog\/#website\"},\"primaryImageOfPage\":{\"@id\":\"https:\/\/dicodusport.fr\/blog\/wta-strasbourg-deux-francaises-en-demi-finales\/#primaryimage\"},\"image\":{\"@id\":\"https:\/\/dicodusport.fr\/blog\/wta-strasbourg-deux-francaises-en-demi-finales\/#primaryimage\"},\"thumbnailUrl\":\"https:\/\/dicodusport.fr\/blog\/wp-content\/uploads\/2019\/01\/Caroline-Garcia-Open-dAustralie.png\",\"datePublished\":\"2019-05-23T14:32:10+00:00\",\"dateModified\":\"2019-05-23T15:28:59+00:00\",\"description\":\"WTA Strasbourg - Les 3 Bleues du jour n'ont pas d\u00e9m\u00e9rit\u00e9. Mais seules Chlo\u00e9 Paquet et Caroline Garcia joueront les demies.\",\"breadcrumb\":{\"@id\":\"https:\/\/dicodusport.fr\/blog\/wta-strasbourg-deux-francaises-en-demi-finales\/#breadcrumb\"},\"inLanguage\":\"fr-FR\",\"potentialAction\":[{\"@type\":\"ReadAction\",\"target\":[\"https:\/\/dicodusport.fr\/blog\/wta-strasbourg-deux-francaises-en-demi-finales\/\"]}]},{\"@type\":\"ImageObject\",\"inLanguage\":\"fr-FR\",\"@id\":\"https:\/\/dicodusport.fr\/blog\/wta-strasbourg-deux-francaises-en-demi-finales\/#primaryimage\",\"url\":\"https:\/\/dicodusport.fr\/blog\/wp-content\/uploads\/2019\/01\/Caroline-Garcia-Open-dAustralie.png\",\"contentUrl\":\"https:\/\/dicodusport.fr\/blog\/wp-content\/uploads\/2019\/01\/Caroline-Garcia-Open-dAustralie.png\",\"width\":800,\"height\":445},{\"@type\":\"BreadcrumbList\",\"@id\":\"https:\/\/dicodusport.fr\/blog\/wta-strasbourg-deux-francaises-en-demi-finales\/#breadcrumb\",\"itemListElement\":[{\"@type\":\"ListItem\",\"position\":1,\"name\":\"Accueil\",\"item\":\"https:\/\/dicodusport.fr\/blog\/\"},{\"@type\":\"ListItem\",\"position\":2,\"name\":\"WTA Strasbourg : deux Fran\u00e7aises en demi-finales\"}]},{\"@type\":\"WebSite\",\"@id\":\"https:\/\/dicodusport.fr\/blog\/#website\",\"url\":\"https:\/\/dicodusport.fr\/blog\/\",\"name\":\"Dicodusport\",\"description\":\"L&#039;encyclop\u00e9die de l&#039;actualit\u00e9 sportive\",\"publisher\":{\"@id\":\"https:\/\/dicodusport.fr\/blog\/#organization\"},\"potentialAction\":[{\"@type\":\"SearchAction\",\"target\":{\"@type\":\"EntryPoint\",\"urlTemplate\":\"https:\/\/dicodusport.fr\/blog\/?s={search_term_string}\"},\"query-input\":{\"@type\":\"PropertyValueSpecification\",\"valueRequired\":true,\"valueName\":\"search_term_string\"}}],\"inLanguage\":\"fr-FR\"},{\"@type\":\"NewsMediaOrganization\",\"@id\":\"https:\/\/dicodusport.fr\/blog\/#organization\",\"name\":\"Dicodusport\",\"url\":\"https:\/\/dicodusport.fr\/blog\/\",\"logo\":{\"@type\":\"ImageObject\",\"inLanguage\":\"fr-FR\",\"@id\":\"https:\/\/dicodusport.fr\/blog\/#\/schema\/logo\/image\/\",\"url\":\"https:\/\/dicodusport.fr\/blog\/wp-content\/uploads\/2020\/06\/cropped-LOGO-DICODUSPORT-2020-SANS-FOND-SANS-TEXTE.png\",\"contentUrl\":\"https:\/\/dicodusport.fr\/blog\/wp-content\/uploads\/2020\/06\/cropped-LOGO-DICODUSPORT-2020-SANS-FOND-SANS-TEXTE.png\",\"width\":512,\"height\":512,\"caption\":\"Dicodusport\"},\"image\":{\"@id\":\"https:\/\/dicodusport.fr\/blog\/#\/schema\/logo\/image\/\"},\"sameAs\":[\"https:\/\/www.facebook.com\/dicodusport\",\"https:\/\/x.com\/dicodusport\",\"https:\/\/www.instagram.com\/dicodusport\/\",\"https:\/\/www.youtube.com\/channel\/UC7V2KZ5sd3htJivAbA4ZG3w\"],\"description\":\"Dicodusport est l'encyclop\u00e9die de l'actualit\u00e9 sportive.\",\"email\":\"bonjour@dicodusport.fr\",\"legalName\":\"DICODUSPORT\",\"foundingDate\":\"2018-01-14\",\"vatID\":\"FR71834470973\",\"taxID\":\"83447097300043\",\"numberOfEmployees\":{\"@type\":\"QuantitativeValue\",\"minValue\":\"1\",\"maxValue\":\"10\"}},{\"@type\":\"Person\",\"@id\":\"https:\/\/dicodusport.fr\/blog\/#\/schema\/person\/48bad9bec547f458f90c709b91a41248\",\"name\":\"Maxime Giralt\",\"image\":{\"@type\":\"ImageObject\",\"inLanguage\":\"fr-FR\",\"@id\":\"https:\/\/dicodusport.fr\/blog\/#\/schema\/person\/image\/\",\"url\":\"https:\/\/dicodusport.fr\/blog\/wp-content\/uploads\/2017\/01\/logo-dicodusport-sans-fond-150x150.png\",\"contentUrl\":\"https:\/\/dicodusport.fr\/blog\/wp-content\/uploads\/2017\/01\/logo-dicodusport-sans-fond-150x150.png\",\"caption\":\"Maxime Giralt\"},\"url\":\"https:\/\/dicodusport.fr\/blog\/author\/maxime\/\"}]}<\/script>\n<!-- \/ Yoast SEO Premium plugin. -->","yoast_head_json":{"title":"WTA Strasbourg : deux Fran\u00e7aises en demi-finales","description":"WTA Strasbourg - Les 3 Bleues du jour n'ont pas d\u00e9m\u00e9rit\u00e9. Mais seules Chlo\u00e9 Paquet et Caroline Garcia joueront les demies.","robots":{"index":"index","follow":"follow","max-snippet":"max-snippet:-1","max-image-preview":"max-image-preview:large","max-video-preview":"max-video-preview:-1"},"canonical":"https:\/\/dicodusport.fr\/blog\/wta-strasbourg-deux-francaises-en-demi-finales\/","og_locale":"fr_FR","og_type":"article","og_title":"WTA Strasbourg : deux Fran\u00e7aises en demi-finales","og_description":"WTA Strasbourg - Les 3 Bleues du jour n'ont pas d\u00e9m\u00e9rit\u00e9. Mais seules Chlo\u00e9 Paquet et Caroline Garcia joueront les demies.","og_url":"https:\/\/dicodusport.fr\/blog\/wta-strasbourg-deux-francaises-en-demi-finales\/","og_site_name":"Dicodusport","article_publisher":"https:\/\/www.facebook.com\/dicodusport","article_published_time":"2019-05-23T14:32:10+00:00","article_modified_time":"2019-05-23T15:28:59+00:00","og_image":[{"width":800,"height":445,"url":"https:\/\/dicodusport.fr\/blog\/wp-content\/uploads\/2019\/01\/Caroline-Garcia-Open-dAustralie.png","type":"image\/png"}],"author":"Maxime Giralt","twitter_card":"summary_large_image","twitter_creator":"@dicodusport","twitter_site":"@dicodusport","schema":{"@context":"https:\/\/schema.org","@graph":[{"@type":"NewsArticle","@id":"https:\/\/dicodusport.fr\/blog\/wta-strasbourg-deux-francaises-en-demi-finales\/#article","isPartOf":{"@id":"https:\/\/dicodusport.fr\/blog\/wta-strasbourg-deux-francaises-en-demi-finales\/"},"author":{"name":"Maxime Giralt","@id":"https:\/\/dicodusport.fr\/blog\/#\/schema\/person\/48bad9bec547f458f90c709b91a41248"},"headline":"WTA Strasbourg : deux Fran\u00e7aises en demi-finales","datePublished":"2019-05-23T14:32:10+00:00","dateModified":"2019-05-23T15:28:59+00:00","mainEntityOfPage":{"@id":"https:\/\/dicodusport.fr\/blog\/wta-strasbourg-deux-francaises-en-demi-finales\/"},"wordCount":668,"commentCount":0,"publisher":{"@id":"https:\/\/dicodusport.fr\/blog\/#organization"},"image":{"@id":"https:\/\/dicodusport.fr\/blog\/wta-strasbourg-deux-francaises-en-demi-finales\/#primaryimage"},"thumbnailUrl":"https:\/\/dicodusport.fr\/blog\/wp-content\/uploads\/2019\/01\/Caroline-Garcia-Open-dAustralie.png","keywords":["Amandine Hesse","Caroline Garcia","Chlo\u00e9 Paquet","Fiona Ferro","internationaux de strasbourg"],"articleSection":["Actualit\u00e9s","Sports de raquette","Tennis"],"inLanguage":"fr-FR","potentialAction":[{"@type":"CommentAction","name":"Comment","target":["https:\/\/dicodusport.fr\/blog\/wta-strasbourg-deux-francaises-en-demi-finales\/#respond"]}],"copyrightYear":"2019","copyrightHolder":{"@id":"https:\/\/dicodusport.fr\/blog\/#organization"}},{"@type":"WebPage","@id":"https:\/\/dicodusport.fr\/blog\/wta-strasbourg-deux-francaises-en-demi-finales\/","url":"https:\/\/dicodusport.fr\/blog\/wta-strasbourg-deux-francaises-en-demi-finales\/","name":"WTA Strasbourg : deux Fran\u00e7aises en demi-finales","isPartOf":{"@id":"https:\/\/dicodusport.fr\/blog\/#website"},"primaryImageOfPage":{"@id":"https:\/\/dicodusport.fr\/blog\/wta-strasbourg-deux-francaises-en-demi-finales\/#primaryimage"},"image":{"@id":"https:\/\/dicodusport.fr\/blog\/wta-strasbourg-deux-francaises-en-demi-finales\/#primaryimage"},"thumbnailUrl":"https:\/\/dicodusport.fr\/blog\/wp-content\/uploads\/2019\/01\/Caroline-Garcia-Open-dAustralie.png","datePublished":"2019-05-23T14:32:10+00:00","dateModified":"2019-05-23T15:28:59+00:00","description":"WTA Strasbourg - Les 3 Bleues du jour n'ont pas d\u00e9m\u00e9rit\u00e9. Mais seules Chlo\u00e9 Paquet et Caroline Garcia joueront les demies.","breadcrumb":{"@id":"https:\/\/dicodusport.fr\/blog\/wta-strasbourg-deux-francaises-en-demi-finales\/#breadcrumb"},"inLanguage":"fr-FR","potentialAction":[{"@type":"ReadAction","target":["https:\/\/dicodusport.fr\/blog\/wta-strasbourg-deux-francaises-en-demi-finales\/"]}]},{"@type":"ImageObject","inLanguage":"fr-FR","@id":"https:\/\/dicodusport.fr\/blog\/wta-strasbourg-deux-francaises-en-demi-finales\/#primaryimage","url":"https:\/\/dicodusport.fr\/blog\/wp-content\/uploads\/2019\/01\/Caroline-Garcia-Open-dAustralie.png","contentUrl":"https:\/\/dicodusport.fr\/blog\/wp-content\/uploads\/2019\/01\/Caroline-Garcia-Open-dAustralie.png","width":800,"height":445},{"@type":"BreadcrumbList","@id":"https:\/\/dicodusport.fr\/blog\/wta-strasbourg-deux-francaises-en-demi-finales\/#breadcrumb","itemListElement":[{"@type":"ListItem","position":1,"name":"Accueil","item":"https:\/\/dicodusport.fr\/blog\/"},{"@type":"ListItem","position":2,"name":"WTA Strasbourg : deux Fran\u00e7aises en demi-finales"}]},{"@type":"WebSite","@id":"https:\/\/dicodusport.fr\/blog\/#website","url":"https:\/\/dicodusport.fr\/blog\/","name":"Dicodusport","description":"L&#039;encyclop\u00e9die de l&#039;actualit\u00e9 sportive","publisher":{"@id":"https:\/\/dicodusport.fr\/blog\/#organization"},"potentialAction":[{"@type":"SearchAction","target":{"@type":"EntryPoint","urlTemplate":"https:\/\/dicodusport.fr\/blog\/?s={search_term_string}"},"query-input":{"@type":"PropertyValueSpecification","valueRequired":true,"valueName":"search_term_string"}}],"inLanguage":"fr-FR"},{"@type":"NewsMediaOrganization","@id":"https:\/\/dicodusport.fr\/blog\/#organization","name":"Dicodusport","url":"https:\/\/dicodusport.fr\/blog\/","logo":{"@type":"ImageObject","inLanguage":"fr-FR","@id":"https:\/\/dicodusport.fr\/blog\/#\/schema\/logo\/image\/","url":"https:\/\/dicodusport.fr\/blog\/wp-content\/uploads\/2020\/06\/cropped-LOGO-DICODUSPORT-2020-SANS-FOND-SANS-TEXTE.png","contentUrl":"https:\/\/dicodusport.fr\/blog\/wp-content\/uploads\/2020\/06\/cropped-LOGO-DICODUSPORT-2020-SANS-FOND-SANS-TEXTE.png","width":512,"height":512,"caption":"Dicodusport"},"image":{"@id":"https:\/\/dicodusport.fr\/blog\/#\/schema\/logo\/image\/"},"sameAs":["https:\/\/www.facebook.com\/dicodusport","https:\/\/x.com\/dicodusport","https:\/\/www.instagram.com\/dicodusport\/","https:\/\/www.youtube.com\/channel\/UC7V2KZ5sd3htJivAbA4ZG3w"],"description":"Dicodusport est l'encyclop\u00e9die de l'actualit\u00e9 sportive.","email":"bonjour@dicodusport.fr","legalName":"DICODUSPORT","foundingDate":"2018-01-14","vatID":"FR71834470973","taxID":"83447097300043","numberOfEmployees":{"@type":"QuantitativeValue","minValue":"1","maxValue":"10"}},{"@type":"Person","@id":"https:\/\/dicodusport.fr\/blog\/#\/schema\/person\/48bad9bec547f458f90c709b91a41248","name":"Maxime Giralt","image":{"@type":"ImageObject","inLanguage":"fr-FR","@id":"https:\/\/dicodusport.fr\/blog\/#\/schema\/person\/image\/","url":"https:\/\/dicodusport.fr\/blog\/wp-content\/uploads\/2017\/01\/logo-dicodusport-sans-fond-150x150.png","contentUrl":"https:\/\/dicodusport.fr\/blog\/wp-content\/uploads\/2017\/01\/logo-dicodusport-sans-fond-150x150.png","caption":"Maxime Giralt"},"url":"https:\/\/dicodusport.fr\/blog\/author\/maxime\/"}]}},"_links":{"self":[{"href":"https:\/\/dicodusport.fr\/blog\/wp-json\/wp\/v2\/posts\/39761","targetHints":{"allow":["GET"]}}],"collection":[{"href":"https:\/\/dicodusport.fr\/blog\/wp-json\/wp\/v2\/posts"}],"about":[{"href":"https:\/\/dicodusport.fr\/blog\/wp-json\/wp\/v2\/types\/post"}],"author":[{"embeddable":true,"href":"https:\/\/dicodusport.fr\/blog\/wp-json\/wp\/v2\/users\/38"}],"replies":[{"embeddable":true,"href":"https:\/\/dicodusport.fr\/blog\/wp-json\/wp\/v2\/comments?post=39761"}],"version-history":[{"count":0,"href":"https:\/\/dicodusport.fr\/blog\/wp-json\/wp\/v2\/posts\/39761\/revisions"}],"wp:featuredmedia":[{"embeddable":true,"href":"https:\/\/dicodusport.fr\/blog\/wp-json\/wp\/v2\/media\/31945"}],"wp:attachment":[{"href":"https:\/\/dicodusport.fr\/blog\/wp-json\/wp\/v2\/media?parent=39761"}],"wp:term":[{"taxonomy":"category","embeddable":true,"href":"https:\/\/dicodusport.fr\/blog\/wp-json\/wp\/v2\/categories?post=39761"},{"taxonomy":"post_tag","embeddable":true,"href":"https:\/\/dicodusport.fr\/blog\/wp-json\/wp\/v2\/tags?post=39761"}],"curies":[{"name":"wp","href":"https:\/\/api.w.org\/{rel}","templated":true}]}}