{"id":3977,"date":"2017-08-12T07:21:33","date_gmt":"2017-08-12T06:21:33","guid":{"rendered":"http:\/\/dicodusport.fr\/blog\/?p=3977"},"modified":"2021-04-13T23:18:59","modified_gmt":"2021-04-13T21:18:59","slug":"coline-devillard-premiere-medaille-scene-internationale","status":"publish","type":"post","link":"https:\/\/dicodusport.fr\/blog\/coline-devillard-premiere-medaille-scene-internationale\/","title":{"rendered":"Coline Devillard, une premi\u00e8re m\u00e9daille sur la sc\u00e8ne internationale"},"content":{"rendered":"<p style=\"text-align: justify;\"><span style=\"color: #000000;\"><em>Nous avons rencontr\u00e9 Coline Devillard, championne fran\u00e7aise de gymnastique, qui a remport\u00e9 les championnats d&rsquo;Europe en saut de cheval cette ann\u00e9e.<\/em><\/span><\/p>\n<p style=\"text-align: justify;\"><span style=\"color: #000000; font-size: 20px;\"><strong>Coline, peux-tu te pr\u00e9senter en quelques mots\u00a0?<\/strong><\/span><\/p>\n<p style=\"text-align: justify;\"><span style=\"color: #000000;\">Je m&rsquo;appelle Coline Devillard, j&rsquo;ai 16 ans, j&rsquo;habite \u00e0 Digoin et je fais de la gymnastique \u00e0 haut niveau.<\/span><\/p>\n<p style=\"text-align: justify;\"><span style=\"color: #000000; font-size: 20px;\"><strong>Comment as-tu commenc\u00e9 la <span style=\"color: #0000ff;\"><a style=\"color: #0000ff;\" href=\"https:\/\/dicodusport.fr\/definition-sport\/gymnastique\/\" target=\"_blank\" rel=\"noopener noreferrer\">gymnastique<\/a><\/span>\u00a0?<\/strong><\/span><\/p>\n<p style=\"text-align: justify;\"><span style=\"color: #000000;\">Mes parents m&rsquo;ont inscrit \u00e0 la baby gym et j&rsquo;ai continu\u00e9 car j&rsquo;ai accroch\u00e9 avec ce sport.<\/span><\/p>\n<p style=\"text-align: justify;\"><span style=\"color: #000000; font-size: 20px;\"><strong>Quel est ton agr\u00e8s de pr\u00e9dilection\u00a0? Celui que tu aimes le moins\u00a0?<\/strong><\/span><\/p>\n<p style=\"text-align: justify;\"><span style=\"color: #000000;\">C&rsquo;est le saut de cheval que je pr\u00e9f\u00e8re, l&rsquo;agr\u00e8s sur lequel j&rsquo;ai \u00e9t\u00e9 championne d&rsquo;Europe. Et celui que j&rsquo;aime le moins ce sont\u00a0les barres asym\u00e9triques !<\/span><\/p>\n<p style=\"text-align: justify;\"><span style=\"color: #000000; font-size: 20px;\"><strong>Peux-tu nous d\u00e9crire une semaine type d\u2019entra\u00eenement pour toi\u00a0?<\/strong><\/span><\/p>\n<p style=\"text-align: justify;\"><span style=\"color: #000000;\">Je fais 6 heures de gym dans la journ\u00e9e le lundi, le mardi et le jeudi. Le mercredi, le vendredi\u00a0et le samedi\u00a0j&rsquo;en fais un petit peu moins, 3 heures.<\/span><\/p>\n<p style=\"text-align: justify;\"><span style=\"color: #000000; font-size: 20px;\"><strong>Tu as r\u00e9cemment \u00e9t\u00e9 sacr\u00e9e championne d\u2019Europe au saut de cheval, peux-tu nous raconter ta finale\u00a0?<\/strong><\/span><\/p>\n<p style=\"text-align: justify;\"><span style=\"color: #000000;\">Apres m&rsquo;\u00eatre pr\u00e9sent\u00e9e sur le podium je repasse en salle d&rsquo;\u00e9chauffement. A la 5\u00e8me gymnaste je reviens sur le plateau de comp\u00e9tition, je dois passer en derni\u00e8re position. Je pars pour mon premier saut et je pense juste \u00e0 bien attaquer le saut. Je reste bien concentr\u00e9e pour mon deuxi\u00e8me saut, je pense \u00e0 la technique. Je suis tr\u00e8s contente d&rsquo;avoir r\u00e9ussi mes deux sauts. J&rsquo;attends le r\u00e9sultat sans m&rsquo;attendre \u00e0 quelque chose. Je vois que je suis premi\u00e8re et je n&rsquo;y crois pas je pense juste \u00e0 ma famille et \u00e0 remercier mon coach.<\/span><\/p>\n<p style=\"text-align: justify;\"><span style=\"color: #000000; font-size: 20px;\"><strong>A court terme quels sont tes prochains objectifs\u00a0?<\/strong><\/span><\/p>\n<p style=\"text-align: justify;\"><span style=\"color: #000000;\">Cette ann\u00e9e il reste deux grosses comp\u00e9titions qui me tiennent \u00e0 coeur : les internationaux \u00e0 Bercy et les Championnats du Monde.<\/span><\/p>\n<p style=\"text-align: justify;\"><span style=\"color: #000000; font-size: 20px;\"><strong>Penses-tu d\u00e9j\u00e0 \u00e0 Tokyo 2020\u00a0?<\/strong><\/span><\/p>\n<p style=\"text-align: justify;\"><span style=\"color: #000000;\">C&rsquo;est dans le coin de ma t\u00eate \u00e9videmment mais je pense plus \u00e0 vivre au jour le jour et \u00e0 progresser !\u00a0<\/span><\/p>\n<p style=\"text-align: justify;\"><span style=\"color: #000000; font-size: 20px;\"><strong>Et Paris 2024, tu te vois \u00eatre encore gymnaste pour cet \u00e9v\u00e9nement\u00a0?<\/strong><\/span><\/p>\n<p style=\"text-align: justify;\"><span style=\"color: #000000;\">Euuuh c&rsquo;est tr\u00e8s compliqu\u00e9 on verra si mon corps en d\u00e9cide ainsi. (Rires)\u00a0<\/span><\/p>\n<p style=\"text-align: justify;\"><span style=\"color: #000000; font-size: 20px;\"><strong>As-tu une idole en gym ou dans le monde du sport\u00a0?<\/strong><\/span><\/p>\n<p style=\"text-align: justify;\"><span style=\"color: #000000;\">Thomas Bouhail.<\/span><\/p>\n<p style=\"text-align: justify;\"><span style=\"color: #000000; font-size: 20px;\"><strong>As-tu le temps de t\u2019int\u00e9resser \u00e0 d\u2019autres sports\u00a0?<\/strong><\/span><\/p>\n<p style=\"text-align: justify;\"><span style=\"color: #000000;\">Oui j&rsquo;aime bien\u00a0regarder de temps en temps l&rsquo;athl\u00e9tisme et je suis aussi le rugby !\u00a0<\/span><\/p>\n<p style=\"text-align: justify;\"><em><span style=\"color: #000000;\"><strong>Nicolas Jacquemard<\/strong><\/span><br \/>\n<\/em><a href=\"https:\/\/twitter.com\/Nico_Jacquemard\" target=\"_blank\" rel=\"noopener noreferrer\"><img loading=\"lazy\" decoding=\"async\" class=\"alignnone wp-image-2908\" src=\"http:\/\/dicodusport.fr\/blog\/wp-content\/uploads\/2017\/07\/logo-twitter-150x150.png\" alt=\"\" width=\"39\" height=\"39\" \/><\/a><a href=\"https:\/\/www.facebook.com\/dicodusport\/\" target=\"_blank\" rel=\"noopener noreferrer\"><img loading=\"lazy\" decoding=\"async\" class=\"alignnone wp-image-2909\" src=\"http:\/\/dicodusport.fr\/blog\/wp-content\/uploads\/2017\/07\/logo-facebook-150x150.png\" alt=\"\" width=\"40\" height=\"40\" \/><\/a><\/p>\n<p style=\"text-align: justify;\"><a href=\"http:\/\/dicodusport.fr\/\"><img loading=\"lazy\" decoding=\"async\" class=\"aligncenter wp-image-1000\" src=\"http:\/\/dicodusport.fr\/blog\/wp-content\/uploads\/2017\/01\/cropped-logo-dicodusport-sans-fond-1-300x300.png\" alt=\"\" width=\"110\" height=\"110\" srcset=\"https:\/\/dicodusport.fr\/blog\/wp-content\/uploads\/2017\/01\/cropped-logo-dicodusport-sans-fond-1-300x300.png 300w, https:\/\/dicodusport.fr\/blog\/wp-content\/uploads\/2017\/01\/cropped-logo-dicodusport-sans-fond-1-150x150.png 150w, https:\/\/dicodusport.fr\/blog\/wp-content\/uploads\/2017\/01\/cropped-logo-dicodusport-sans-fond-1-270x270.png 270w, https:\/\/dicodusport.fr\/blog\/wp-content\/uploads\/2017\/01\/cropped-logo-dicodusport-sans-fond-1-192x192.png 192w, https:\/\/dicodusport.fr\/blog\/wp-content\/uploads\/2017\/01\/cropped-logo-dicodusport-sans-fond-1-180x180.png 180w, https:\/\/dicodusport.fr\/blog\/wp-content\/uploads\/2017\/01\/cropped-logo-dicodusport-sans-fond-1-32x32.png 32w, https:\/\/dicodusport.fr\/blog\/wp-content\/uploads\/2017\/01\/cropped-logo-dicodusport-sans-fond-1.png 512w\" sizes=\"auto, (max-width: 110px) 100vw, 110px\" \/><\/a><\/p>\n","protected":false},"excerpt":{"rendered":"<p>Nous avons rencontr\u00e9 Coline Devillard, championne fran\u00e7aise de gymnastique, qui a remport\u00e9 les championnats d&rsquo;Europe en saut de cheval cette ann\u00e9e. Coline, peux-tu te pr\u00e9senter en quelques mots\u00a0? Je m&rsquo;appelle Coline Devillard, j&rsquo;ai 16 ans, j&rsquo;habite \u00e0 Digoin et je fais de la gymnastique \u00e0 haut niveau. Comment as-tu commenc\u00e9 la gymnastique\u00a0? Mes parents m&rsquo;ont [&hellip;]<\/p>\n","protected":false},"author":1,"featured_media":3978,"comment_status":"open","ping_status":"closed","sticky":false,"template":"","format":"standard","meta":{"_acf_changed":false,"_daextam_enable_autolinks":"","footnotes":""},"categories":[4],"tags":[1595,714],"class_list":["post-3977","post","type-post","status-publish","format-standard","has-post-thumbnail","hentry","category-portraits","tag-coline-devillard","tag-gym"],"acf":[],"yoast_head":"<!-- This site is optimized with the Yoast SEO Premium plugin v26.7 (Yoast SEO v26.7) - https:\/\/yoast.com\/wordpress\/plugins\/seo\/ -->\n<title>Coline Devillard, une premi\u00e8re m\u00e9daille sur la sc\u00e8ne internationale<\/title>\n<meta name=\"description\" content=\"Nous avons rencontr\u00e9 Coline Devillard, championne fran\u00e7aise de gymnastique, qui a remport\u00e9 les championnats d&#039;Europe en saut de cheval cette ann\u00e9e.\" \/>\n<meta name=\"robots\" content=\"index, follow, max-snippet:-1, max-image-preview:large, max-video-preview:-1\" \/>\n<link rel=\"canonical\" href=\"https:\/\/dicodusport.fr\/blog\/coline-devillard-premiere-medaille-scene-internationale\/\" \/>\n<meta property=\"og:locale\" content=\"fr_FR\" \/>\n<meta property=\"og:type\" content=\"article\" \/>\n<meta property=\"og:title\" content=\"Coline Devillard, une premi\u00e8re m\u00e9daille sur la sc\u00e8ne internationale\" \/>\n<meta property=\"og:description\" content=\"Nous avons rencontr\u00e9 Coline Devillard, championne fran\u00e7aise de gymnastique, qui a remport\u00e9 les championnats d&#039;Europe en saut de cheval cette ann\u00e9e.\" \/>\n<meta property=\"og:url\" content=\"https:\/\/dicodusport.fr\/blog\/coline-devillard-premiere-medaille-scene-internationale\/\" \/>\n<meta property=\"og:site_name\" content=\"Dicodusport\" \/>\n<meta property=\"article:publisher\" content=\"https:\/\/www.facebook.com\/dicodusport\" \/>\n<meta property=\"article:author\" content=\"https:\/\/www.facebook.com\/dicodusport\" \/>\n<meta property=\"article:published_time\" content=\"2017-08-12T06:21:33+00:00\" \/>\n<meta property=\"article:modified_time\" content=\"2021-04-13T21:18:59+00:00\" \/>\n<meta property=\"og:image\" content=\"https:\/\/dicodusport.fr\/blog\/wp-content\/uploads\/2017\/08\/Coline-Devillard.png\" \/>\n\t<meta property=\"og:image:width\" content=\"1200\" \/>\n\t<meta property=\"og:image:height\" content=\"670\" \/>\n\t<meta property=\"og:image:type\" content=\"image\/png\" \/>\n<meta name=\"author\" content=\"Nicolas Jacquemard\" \/>\n<meta name=\"twitter:card\" content=\"summary_large_image\" \/>\n<meta name=\"twitter:creator\" content=\"@https:\/\/twitter.com\/Nico_Jacquemard\" \/>\n<meta name=\"twitter:site\" content=\"@dicodusport\" \/>\n<script type=\"application\/ld+json\" class=\"yoast-schema-graph\">{\"@context\":\"https:\/\/schema.org\",\"@graph\":[{\"@type\":\"NewsArticle\",\"@id\":\"https:\/\/dicodusport.fr\/blog\/coline-devillard-premiere-medaille-scene-internationale\/#article\",\"isPartOf\":{\"@id\":\"https:\/\/dicodusport.fr\/blog\/coline-devillard-premiere-medaille-scene-internationale\/\"},\"author\":{\"name\":\"Nicolas Jacquemard\",\"@id\":\"https:\/\/dicodusport.fr\/blog\/#\/schema\/person\/55dcb50ad410894e431ed812bbb70191\"},\"headline\":\"Coline Devillard, une premi\u00e8re m\u00e9daille sur la sc\u00e8ne internationale\",\"datePublished\":\"2017-08-12T06:21:33+00:00\",\"dateModified\":\"2021-04-13T21:18:59+00:00\",\"mainEntityOfPage\":{\"@id\":\"https:\/\/dicodusport.fr\/blog\/coline-devillard-premiere-medaille-scene-internationale\/\"},\"wordCount\":429,\"commentCount\":0,\"publisher\":{\"@id\":\"https:\/\/dicodusport.fr\/blog\/#organization\"},\"image\":{\"@id\":\"https:\/\/dicodusport.fr\/blog\/coline-devillard-premiere-medaille-scene-internationale\/#primaryimage\"},\"thumbnailUrl\":\"https:\/\/dicodusport.fr\/blog\/wp-content\/uploads\/2017\/08\/Coline-Devillard.png\",\"keywords\":[\"Coline Devillard\",\"gym\"],\"articleSection\":[\"Portraits\"],\"inLanguage\":\"fr-FR\",\"potentialAction\":[{\"@type\":\"CommentAction\",\"name\":\"Comment\",\"target\":[\"https:\/\/dicodusport.fr\/blog\/coline-devillard-premiere-medaille-scene-internationale\/#respond\"]}],\"copyrightYear\":\"2017\",\"copyrightHolder\":{\"@id\":\"https:\/\/dicodusport.fr\/blog\/#organization\"}},{\"@type\":\"WebPage\",\"@id\":\"https:\/\/dicodusport.fr\/blog\/coline-devillard-premiere-medaille-scene-internationale\/\",\"url\":\"https:\/\/dicodusport.fr\/blog\/coline-devillard-premiere-medaille-scene-internationale\/\",\"name\":\"Coline Devillard, une premi\u00e8re m\u00e9daille sur la sc\u00e8ne internationale\",\"isPartOf\":{\"@id\":\"https:\/\/dicodusport.fr\/blog\/#website\"},\"primaryImageOfPage\":{\"@id\":\"https:\/\/dicodusport.fr\/blog\/coline-devillard-premiere-medaille-scene-internationale\/#primaryimage\"},\"image\":{\"@id\":\"https:\/\/dicodusport.fr\/blog\/coline-devillard-premiere-medaille-scene-internationale\/#primaryimage\"},\"thumbnailUrl\":\"https:\/\/dicodusport.fr\/blog\/wp-content\/uploads\/2017\/08\/Coline-Devillard.png\",\"datePublished\":\"2017-08-12T06:21:33+00:00\",\"dateModified\":\"2021-04-13T21:18:59+00:00\",\"description\":\"Nous avons rencontr\u00e9 Coline Devillard, championne fran\u00e7aise de gymnastique, qui a remport\u00e9 les championnats d'Europe en saut de cheval cette ann\u00e9e.\",\"breadcrumb\":{\"@id\":\"https:\/\/dicodusport.fr\/blog\/coline-devillard-premiere-medaille-scene-internationale\/#breadcrumb\"},\"inLanguage\":\"fr-FR\",\"potentialAction\":[{\"@type\":\"ReadAction\",\"target\":[\"https:\/\/dicodusport.fr\/blog\/coline-devillard-premiere-medaille-scene-internationale\/\"]}]},{\"@type\":\"ImageObject\",\"inLanguage\":\"fr-FR\",\"@id\":\"https:\/\/dicodusport.fr\/blog\/coline-devillard-premiere-medaille-scene-internationale\/#primaryimage\",\"url\":\"https:\/\/dicodusport.fr\/blog\/wp-content\/uploads\/2017\/08\/Coline-Devillard.png\",\"contentUrl\":\"https:\/\/dicodusport.fr\/blog\/wp-content\/uploads\/2017\/08\/Coline-Devillard.png\",\"width\":1200,\"height\":670,\"caption\":\"Coline Devillard\"},{\"@type\":\"BreadcrumbList\",\"@id\":\"https:\/\/dicodusport.fr\/blog\/coline-devillard-premiere-medaille-scene-internationale\/#breadcrumb\",\"itemListElement\":[{\"@type\":\"ListItem\",\"position\":1,\"name\":\"Accueil\",\"item\":\"https:\/\/dicodusport.fr\/blog\/\"},{\"@type\":\"ListItem\",\"position\":2,\"name\":\"Coline Devillard, une premi\u00e8re m\u00e9daille sur la sc\u00e8ne internationale\"}]},{\"@type\":\"WebSite\",\"@id\":\"https:\/\/dicodusport.fr\/blog\/#website\",\"url\":\"https:\/\/dicodusport.fr\/blog\/\",\"name\":\"Dicodusport\",\"description\":\"L&#039;encyclop\u00e9die de l&#039;actualit\u00e9 sportive\",\"publisher\":{\"@id\":\"https:\/\/dicodusport.fr\/blog\/#organization\"},\"potentialAction\":[{\"@type\":\"SearchAction\",\"target\":{\"@type\":\"EntryPoint\",\"urlTemplate\":\"https:\/\/dicodusport.fr\/blog\/?s={search_term_string}\"},\"query-input\":{\"@type\":\"PropertyValueSpecification\",\"valueRequired\":true,\"valueName\":\"search_term_string\"}}],\"inLanguage\":\"fr-FR\"},{\"@type\":\"NewsMediaOrganization\",\"@id\":\"https:\/\/dicodusport.fr\/blog\/#organization\",\"name\":\"Dicodusport\",\"url\":\"https:\/\/dicodusport.fr\/blog\/\",\"logo\":{\"@type\":\"ImageObject\",\"inLanguage\":\"fr-FR\",\"@id\":\"https:\/\/dicodusport.fr\/blog\/#\/schema\/logo\/image\/\",\"url\":\"https:\/\/dicodusport.fr\/blog\/wp-content\/uploads\/2020\/06\/cropped-LOGO-DICODUSPORT-2020-SANS-FOND-SANS-TEXTE.png\",\"contentUrl\":\"https:\/\/dicodusport.fr\/blog\/wp-content\/uploads\/2020\/06\/cropped-LOGO-DICODUSPORT-2020-SANS-FOND-SANS-TEXTE.png\",\"width\":512,\"height\":512,\"caption\":\"Dicodusport\"},\"image\":{\"@id\":\"https:\/\/dicodusport.fr\/blog\/#\/schema\/logo\/image\/\"},\"sameAs\":[\"https:\/\/www.facebook.com\/dicodusport\",\"https:\/\/x.com\/dicodusport\",\"https:\/\/www.instagram.com\/dicodusport\/\",\"https:\/\/www.youtube.com\/channel\/UC7V2KZ5sd3htJivAbA4ZG3w\"],\"description\":\"Dicodusport est l'encyclop\u00e9die de l'actualit\u00e9 sportive.\",\"email\":\"bonjour@dicodusport.fr\",\"legalName\":\"DICODUSPORT\",\"foundingDate\":\"2018-01-14\",\"vatID\":\"FR71834470973\",\"taxID\":\"83447097300043\",\"numberOfEmployees\":{\"@type\":\"QuantitativeValue\",\"minValue\":\"1\",\"maxValue\":\"10\"}},{\"@type\":\"Person\",\"@id\":\"https:\/\/dicodusport.fr\/blog\/#\/schema\/person\/55dcb50ad410894e431ed812bbb70191\",\"name\":\"Nicolas Jacquemard\",\"image\":{\"@type\":\"ImageObject\",\"inLanguage\":\"fr-FR\",\"@id\":\"https:\/\/dicodusport.fr\/blog\/#\/schema\/person\/image\/\",\"url\":\"https:\/\/dicodusport.fr\/blog\/wp-content\/uploads\/2021\/05\/Nicolas-Jacquemard-150x150.jpeg\",\"contentUrl\":\"https:\/\/dicodusport.fr\/blog\/wp-content\/uploads\/2021\/05\/Nicolas-Jacquemard-150x150.jpeg\",\"caption\":\"Nicolas Jacquemard\"},\"description\":\"Passionn\u00e9 de sport et entrepreneur depuis mes 18 ans, la cr\u00e9ation de Dicodusport m'a sembl\u00e9 \u00e9vidente pour participer \u00e0 la m\u00e9diatisation d'un plus grand nombre de sports. Le chemin est long mais avec une \u00e9quipe des plus motiv\u00e9es et les Jeux Olympiques de Paris 2024 en point de mire, nous y arriverons ! Journaliste dans le monde du sport depuis plus de 5 ans, je traite aussi bien de football, de rugby, de biathlon que de cyclisme.\",\"sameAs\":[\"https:\/\/www.facebook.com\/dicodusport\",\"https:\/\/x.com\/https:\/\/twitter.com\/Nico_Jacquemard\"],\"url\":\"https:\/\/dicodusport.fr\/blog\/author\/dicodusport\/\"}]}<\/script>\n<!-- \/ Yoast SEO Premium plugin. -->","yoast_head_json":{"title":"Coline Devillard, une premi\u00e8re m\u00e9daille sur la sc\u00e8ne internationale","description":"Nous avons rencontr\u00e9 Coline Devillard, championne fran\u00e7aise de gymnastique, qui a remport\u00e9 les championnats d'Europe en saut de cheval cette ann\u00e9e.","robots":{"index":"index","follow":"follow","max-snippet":"max-snippet:-1","max-image-preview":"max-image-preview:large","max-video-preview":"max-video-preview:-1"},"canonical":"https:\/\/dicodusport.fr\/blog\/coline-devillard-premiere-medaille-scene-internationale\/","og_locale":"fr_FR","og_type":"article","og_title":"Coline Devillard, une premi\u00e8re m\u00e9daille sur la sc\u00e8ne internationale","og_description":"Nous avons rencontr\u00e9 Coline Devillard, championne fran\u00e7aise de gymnastique, qui a remport\u00e9 les championnats d'Europe en saut de cheval cette ann\u00e9e.","og_url":"https:\/\/dicodusport.fr\/blog\/coline-devillard-premiere-medaille-scene-internationale\/","og_site_name":"Dicodusport","article_publisher":"https:\/\/www.facebook.com\/dicodusport","article_author":"https:\/\/www.facebook.com\/dicodusport","article_published_time":"2017-08-12T06:21:33+00:00","article_modified_time":"2021-04-13T21:18:59+00:00","og_image":[{"width":1200,"height":670,"url":"https:\/\/dicodusport.fr\/blog\/wp-content\/uploads\/2017\/08\/Coline-Devillard.png","type":"image\/png"}],"author":"Nicolas Jacquemard","twitter_card":"summary_large_image","twitter_creator":"@https:\/\/twitter.com\/Nico_Jacquemard","twitter_site":"@dicodusport","schema":{"@context":"https:\/\/schema.org","@graph":[{"@type":"NewsArticle","@id":"https:\/\/dicodusport.fr\/blog\/coline-devillard-premiere-medaille-scene-internationale\/#article","isPartOf":{"@id":"https:\/\/dicodusport.fr\/blog\/coline-devillard-premiere-medaille-scene-internationale\/"},"author":{"name":"Nicolas Jacquemard","@id":"https:\/\/dicodusport.fr\/blog\/#\/schema\/person\/55dcb50ad410894e431ed812bbb70191"},"headline":"Coline Devillard, une premi\u00e8re m\u00e9daille sur la sc\u00e8ne internationale","datePublished":"2017-08-12T06:21:33+00:00","dateModified":"2021-04-13T21:18:59+00:00","mainEntityOfPage":{"@id":"https:\/\/dicodusport.fr\/blog\/coline-devillard-premiere-medaille-scene-internationale\/"},"wordCount":429,"commentCount":0,"publisher":{"@id":"https:\/\/dicodusport.fr\/blog\/#organization"},"image":{"@id":"https:\/\/dicodusport.fr\/blog\/coline-devillard-premiere-medaille-scene-internationale\/#primaryimage"},"thumbnailUrl":"https:\/\/dicodusport.fr\/blog\/wp-content\/uploads\/2017\/08\/Coline-Devillard.png","keywords":["Coline Devillard","gym"],"articleSection":["Portraits"],"inLanguage":"fr-FR","potentialAction":[{"@type":"CommentAction","name":"Comment","target":["https:\/\/dicodusport.fr\/blog\/coline-devillard-premiere-medaille-scene-internationale\/#respond"]}],"copyrightYear":"2017","copyrightHolder":{"@id":"https:\/\/dicodusport.fr\/blog\/#organization"}},{"@type":"WebPage","@id":"https:\/\/dicodusport.fr\/blog\/coline-devillard-premiere-medaille-scene-internationale\/","url":"https:\/\/dicodusport.fr\/blog\/coline-devillard-premiere-medaille-scene-internationale\/","name":"Coline Devillard, une premi\u00e8re m\u00e9daille sur la sc\u00e8ne internationale","isPartOf":{"@id":"https:\/\/dicodusport.fr\/blog\/#website"},"primaryImageOfPage":{"@id":"https:\/\/dicodusport.fr\/blog\/coline-devillard-premiere-medaille-scene-internationale\/#primaryimage"},"image":{"@id":"https:\/\/dicodusport.fr\/blog\/coline-devillard-premiere-medaille-scene-internationale\/#primaryimage"},"thumbnailUrl":"https:\/\/dicodusport.fr\/blog\/wp-content\/uploads\/2017\/08\/Coline-Devillard.png","datePublished":"2017-08-12T06:21:33+00:00","dateModified":"2021-04-13T21:18:59+00:00","description":"Nous avons rencontr\u00e9 Coline Devillard, championne fran\u00e7aise de gymnastique, qui a remport\u00e9 les championnats d'Europe en saut de cheval cette ann\u00e9e.","breadcrumb":{"@id":"https:\/\/dicodusport.fr\/blog\/coline-devillard-premiere-medaille-scene-internationale\/#breadcrumb"},"inLanguage":"fr-FR","potentialAction":[{"@type":"ReadAction","target":["https:\/\/dicodusport.fr\/blog\/coline-devillard-premiere-medaille-scene-internationale\/"]}]},{"@type":"ImageObject","inLanguage":"fr-FR","@id":"https:\/\/dicodusport.fr\/blog\/coline-devillard-premiere-medaille-scene-internationale\/#primaryimage","url":"https:\/\/dicodusport.fr\/blog\/wp-content\/uploads\/2017\/08\/Coline-Devillard.png","contentUrl":"https:\/\/dicodusport.fr\/blog\/wp-content\/uploads\/2017\/08\/Coline-Devillard.png","width":1200,"height":670,"caption":"Coline Devillard"},{"@type":"BreadcrumbList","@id":"https:\/\/dicodusport.fr\/blog\/coline-devillard-premiere-medaille-scene-internationale\/#breadcrumb","itemListElement":[{"@type":"ListItem","position":1,"name":"Accueil","item":"https:\/\/dicodusport.fr\/blog\/"},{"@type":"ListItem","position":2,"name":"Coline Devillard, une premi\u00e8re m\u00e9daille sur la sc\u00e8ne internationale"}]},{"@type":"WebSite","@id":"https:\/\/dicodusport.fr\/blog\/#website","url":"https:\/\/dicodusport.fr\/blog\/","name":"Dicodusport","description":"L&#039;encyclop\u00e9die de l&#039;actualit\u00e9 sportive","publisher":{"@id":"https:\/\/dicodusport.fr\/blog\/#organization"},"potentialAction":[{"@type":"SearchAction","target":{"@type":"EntryPoint","urlTemplate":"https:\/\/dicodusport.fr\/blog\/?s={search_term_string}"},"query-input":{"@type":"PropertyValueSpecification","valueRequired":true,"valueName":"search_term_string"}}],"inLanguage":"fr-FR"},{"@type":"NewsMediaOrganization","@id":"https:\/\/dicodusport.fr\/blog\/#organization","name":"Dicodusport","url":"https:\/\/dicodusport.fr\/blog\/","logo":{"@type":"ImageObject","inLanguage":"fr-FR","@id":"https:\/\/dicodusport.fr\/blog\/#\/schema\/logo\/image\/","url":"https:\/\/dicodusport.fr\/blog\/wp-content\/uploads\/2020\/06\/cropped-LOGO-DICODUSPORT-2020-SANS-FOND-SANS-TEXTE.png","contentUrl":"https:\/\/dicodusport.fr\/blog\/wp-content\/uploads\/2020\/06\/cropped-LOGO-DICODUSPORT-2020-SANS-FOND-SANS-TEXTE.png","width":512,"height":512,"caption":"Dicodusport"},"image":{"@id":"https:\/\/dicodusport.fr\/blog\/#\/schema\/logo\/image\/"},"sameAs":["https:\/\/www.facebook.com\/dicodusport","https:\/\/x.com\/dicodusport","https:\/\/www.instagram.com\/dicodusport\/","https:\/\/www.youtube.com\/channel\/UC7V2KZ5sd3htJivAbA4ZG3w"],"description":"Dicodusport est l'encyclop\u00e9die de l'actualit\u00e9 sportive.","email":"bonjour@dicodusport.fr","legalName":"DICODUSPORT","foundingDate":"2018-01-14","vatID":"FR71834470973","taxID":"83447097300043","numberOfEmployees":{"@type":"QuantitativeValue","minValue":"1","maxValue":"10"}},{"@type":"Person","@id":"https:\/\/dicodusport.fr\/blog\/#\/schema\/person\/55dcb50ad410894e431ed812bbb70191","name":"Nicolas Jacquemard","image":{"@type":"ImageObject","inLanguage":"fr-FR","@id":"https:\/\/dicodusport.fr\/blog\/#\/schema\/person\/image\/","url":"https:\/\/dicodusport.fr\/blog\/wp-content\/uploads\/2021\/05\/Nicolas-Jacquemard-150x150.jpeg","contentUrl":"https:\/\/dicodusport.fr\/blog\/wp-content\/uploads\/2021\/05\/Nicolas-Jacquemard-150x150.jpeg","caption":"Nicolas Jacquemard"},"description":"Passionn\u00e9 de sport et entrepreneur depuis mes 18 ans, la cr\u00e9ation de Dicodusport m'a sembl\u00e9 \u00e9vidente pour participer \u00e0 la m\u00e9diatisation d'un plus grand nombre de sports. Le chemin est long mais avec une \u00e9quipe des plus motiv\u00e9es et les Jeux Olympiques de Paris 2024 en point de mire, nous y arriverons ! Journaliste dans le monde du sport depuis plus de 5 ans, je traite aussi bien de football, de rugby, de biathlon que de cyclisme.","sameAs":["https:\/\/www.facebook.com\/dicodusport","https:\/\/x.com\/https:\/\/twitter.com\/Nico_Jacquemard"],"url":"https:\/\/dicodusport.fr\/blog\/author\/dicodusport\/"}]}},"_links":{"self":[{"href":"https:\/\/dicodusport.fr\/blog\/wp-json\/wp\/v2\/posts\/3977","targetHints":{"allow":["GET"]}}],"collection":[{"href":"https:\/\/dicodusport.fr\/blog\/wp-json\/wp\/v2\/posts"}],"about":[{"href":"https:\/\/dicodusport.fr\/blog\/wp-json\/wp\/v2\/types\/post"}],"author":[{"embeddable":true,"href":"https:\/\/dicodusport.fr\/blog\/wp-json\/wp\/v2\/users\/1"}],"replies":[{"embeddable":true,"href":"https:\/\/dicodusport.fr\/blog\/wp-json\/wp\/v2\/comments?post=3977"}],"version-history":[{"count":0,"href":"https:\/\/dicodusport.fr\/blog\/wp-json\/wp\/v2\/posts\/3977\/revisions"}],"wp:featuredmedia":[{"embeddable":true,"href":"https:\/\/dicodusport.fr\/blog\/wp-json\/wp\/v2\/media\/3978"}],"wp:attachment":[{"href":"https:\/\/dicodusport.fr\/blog\/wp-json\/wp\/v2\/media?parent=3977"}],"wp:term":[{"taxonomy":"category","embeddable":true,"href":"https:\/\/dicodusport.fr\/blog\/wp-json\/wp\/v2\/categories?post=3977"},{"taxonomy":"post_tag","embeddable":true,"href":"https:\/\/dicodusport.fr\/blog\/wp-json\/wp\/v2\/tags?post=3977"}],"curies":[{"name":"wp","href":"https:\/\/api.w.org\/{rel}","templated":true}]}}