{"id":397880,"date":"2023-07-06T19:02:42","date_gmt":"2023-07-06T17:02:42","guid":{"rendered":"https:\/\/dicodusport.fr\/blog\/?p=397880&#038;preview=true&#038;preview_id=397880"},"modified":"2023-07-07T13:45:15","modified_gmt":"2023-07-07T11:45:15","slug":"pogacar-vs-vingegaard-deja-dans-la-legende-des-duels-du-tour-de-france","status":"publish","type":"post","link":"https:\/\/dicodusport.fr\/blog\/pogacar-vs-vingegaard-deja-dans-la-legende-des-duels-du-tour-de-france\/","title":{"rendered":"Pogacar vs Vingegaard, d\u00e9j\u00e0 dans la l\u00e9gende des duels du Tour de France"},"content":{"rendered":"<p align=\"justify\"><em><strong><a href=\"https:\/\/dicodusport.fr\/blog\/actualites\/cyclisme\/cyclisme-sur-route-2023\/tour-de-france-2023\/\">TOUR DE FRANCE 2023<\/a> &#8211; Mercredi, Jonas Vingegaard (Jumbo-Visma) estomaquait Tadej Pogacar \u00e0 Laruns. Le Slov\u00e8ne lui a r\u00e9pondu ce jeudi \u00e0 Cauterets. Le duel est total entre les deux hommes, s\u00e9par\u00e9s de 25 secondes au g\u00e9n\u00e9ral. Les duels ont anim\u00e9 l&rsquo;histoire du Tour de France et fa\u00e7onn\u00e9 son histoire.<\/strong><\/em><\/p>\n<h2 style=\"text-align: justify;\" align=\"justify\">Premier round Vingegaard, deuxi\u00e8me round Pogacar<\/h2>\n<p style=\"text-align: justify;\">Et dire que l&rsquo;on pensait que c&rsquo;\u00e9tait pli\u00e9 mercredi soir. Apr\u00e8s le coup de force de <strong>Jonas Vingegaard<\/strong> (Jumbo-Visma) du c\u00f4t\u00e9 de Laruns. Le Danois, vainqueur du Tour de France 2022, a repris 1:04 \u00e0 <strong>Tadej Pogacar<\/strong> (UAE-Team Emirates), au terme d&rsquo;une attaque terrible dans les derniers hectom\u00e8tres du col de Marie-Blanque. Mais, la r\u00e9ponse du Slov\u00e8ne a \u00e9t\u00e9 cinglante, ce jeudi, sur les routes de Cauterets. Vingt-huit secondes reprises pour le vainqueur du Tour 2020 et 2021. Qui pointe \u00e0 25 secondes de son adversaire, qui a pris le maillot jaune de <strong>Jai Hindley<\/strong> (Bora-Hansgrohe). Apr\u00e8s deux immenses combats, les deux g\u00e9ants se sont d\u00e9j\u00e0 isol\u00e9s au classement g\u00e9n\u00e9ral. Simon Yates, 4\u1d49, est \u00e0 3:14. Sepp Kuss, 10\u1d49, est \u00e0 5:28. Et, il n&rsquo;y a que 21 coureurs sous les 10 minutes. Des \u00e9carts d\u00e9j\u00e0 \u00e9normes apr\u00e8s six \u00e9tapes et deux de montagne.<\/p>\n<blockquote class=\"twitter-tweet\">\n<p dir=\"ltr\" lang=\"fr\">Au bout de six \u00e9tapes, le 4e du g\u00e9n\u00e9ral est \u00e0 3:14 du maillot jaune<\/p>\n<p>Le 10e est \u00e0 5:28<\/p>\n<p>Et 21 coureurs sont sous les 10 minutes !<a href=\"https:\/\/twitter.com\/hashtag\/TDF2023?src=hash&amp;ref_src=twsrc%5Etfw\">#TDF2023<\/a><\/p>\n<p>\u2014 Etienne Goursaud \u270d\ufe0f (@EtienneGoursaud) <a href=\"https:\/\/twitter.com\/EtienneGoursaud\/status\/1676978216047726592?ref_src=twsrc%5Etfw\">July 6, 2023<\/a><\/p><\/blockquote>\n<p><script async src=\"https:\/\/platform.twitter.com\/widgets.js\" charset=\"utf-8\"><\/script><\/p>\n<p style=\"text-align: justify;\">On le savait, les deux coureurs sont totalement au-dessus du lot. Le record du Col de Marie-Blanque a vol\u00e9 en \u00e9clats ce mercredi. Jonas Vingegaard a escalad\u00e9 la partie la plus dure pr\u00e8s de 1:20 plus rapidement que <strong>Tadej Pogacar<\/strong> en 2020. Ce dernier, m\u00eame en \u00e9tant estomaqu\u00e9, a largement battu son ancien record. Ce jeudi, dans le Tourmalet, en partant de Sainte-Marie-de-Campan, les deux coureurs ont battu de deux minutes le record d&rsquo;ascension d&rsquo;un col souvent escalad\u00e9 sur le Tour de France. Et, o\u00f9 <strong>Jonas Vingegaard<\/strong> a d\u00e9gain\u00e9 ses attaques, mais sans parvenir \u00e0 sortir le Slov\u00e8ne de sa roue. Au terme d&rsquo;une mont\u00e9e d&rsquo;une intensit\u00e9 folle, o\u00f9 ils ont rel\u00e9gu\u00e9 tous les autres favoris \u00e0 deux minutes. Des favoris qui n&rsquo;ont pas amus\u00e9 la galerie, car ils ont roul\u00e9 au niveau de l&rsquo;ancien record.<\/p>\n<blockquote class=\"twitter-tweet\">\n<p dir=\"ltr\" lang=\"sl\"><a href=\"https:\/\/twitter.com\/hashtag\/TDF2023?src=hash&amp;ref_src=twsrc%5Etfw\">#TDF2023<\/a> Tour de France 2023, Stage 5<\/p>\n<p>\u26f0\ufe0f COL DE MARIE-BLANQUE (last and steepest 5.27 km, 10.42%)<\/p>\n<p>\u23f1\ufe0f 2020 | Poga\u010dar, Rogli\u010d | 17:36<\/p>\n<p>\u23f1\ufe0f 2023 | Vingegaard | 16:17 | NEW RECORD<br \/>\n+35&Prime; | Poga\u010dar, Kuss | 16:52<br \/>\n+1&rsquo;22\u00a0\u00bb | \ud83c\udfc6 Hindley | 17:39<\/p>\n<p>\u2014 Watts going on Cycling (@CyclingWatts) <a href=\"https:\/\/twitter.com\/CyclingWatts\/status\/1676640594553176078?ref_src=twsrc%5Etfw\">July 5, 2023<\/a><\/p><\/blockquote>\n<p><script async src=\"https:\/\/platform.twitter.com\/widgets.js\" charset=\"utf-8\"><\/script><\/p>\n<h2 style=\"text-align: justify;\" align=\"justify\">Les duels ont fa\u00e7onn\u00e9 la l\u00e9gende du Tour de France<\/h2>\n<p style=\"text-align: justify;\">Si le Tour de France a pu entrer dans la l\u00e9gende et dans les foyers des Fran\u00e7ais et amoureux de la petite reine, c&rsquo;est aussi en partie gr\u00e2ce aux duels. Des duels qui tiennent en haleine spectateurs et t\u00e9l\u00e9spectateurs. On se souvient de <strong>Laurent Fignon<\/strong> et <strong>Greg Lemond<\/strong> en 1989. Au-del\u00e0 de l&rsquo;aspect tragique de la d\u00e9faite dans le chrono final et des huit secondes de retard du Fran\u00e7ais sur l&rsquo;Am\u00e9ricain, les deux coureurs s&rsquo;\u00e9taient \u00e9chang\u00e9s le maillot jaune tout au long de ce Tour de France de l\u00e9gende. On se souvient aussi d&rsquo;un <strong>Luis Oca\u00f1a<\/strong>, venant mater <strong>Eddy Merckx<\/strong>, \u00e0 Orci\u00e8res-Merlette, lors du Tour 1971. Avant de connaitre une grosse chute, quelques jours plus tard, dans le Col de Mente, qui le prive sans doute d&rsquo;un Tour de France.<\/p>\n<p style=\"text-align: justify;\">Plus r\u00e9cemment, <strong>Andy Schleck<\/strong> et <strong>Alberto<\/strong> <strong>Contador<\/strong> ont livr\u00e9 de grandes batailles dans la montagne. Pour leur troisi\u00e8me affrontement, <strong>Jonas Vingegaard<\/strong> et <strong>Tadej Pogacar<\/strong> inscrivent d\u00e9j\u00e0 le leur dans la l\u00e9gende de la Grande Boucle. Tant par l&rsquo;intensit\u00e9 que par le fait qu&rsquo;ils soient vraiment seuls au monde. Ils captent la quasi-int\u00e9gralit\u00e9 de la lumi\u00e8re m\u00e9diatique. Chacun guette les signes de faiblesse de l&rsquo;autre. En esp\u00e9rant la moindre petite d\u00e9faillance pour reprendre des secondes pr\u00e9cieuses. Et, quand on \u00e9voque des duels de l\u00e9gende, comment ne pas parler de <strong>Jacques Anquetil<\/strong> et de <strong>Raymond Poulidor<\/strong>. On se souvient des deux coureurs, presque au coude \u00e0 coude dans la mont\u00e9e du Puy-de-D\u00f4me, un des juges de paix du Tour 1964. Le Puy-de-D\u00f4me, qui sera justement escalad\u00e9 dimanche par les coureurs de ce Tour de France 2023. On en salive d&rsquo;avance.<\/p>\n<blockquote class=\"twitter-tweet\">\n<p dir=\"ltr\" lang=\"fr\">\ud83c\udfc6 \ud835\udc13\ud835\udc00\ud835\udc03\ud835\udc04\ud835\udc09 \ud835\udc0f\ud835\udc0e\ud835\udc06\ud835\udc00\ud835\udc02\ud835\udc00\ud835\udc11 \ud835\udc0d&rsquo;\ud835\udc00 \ud835\udc0f\ud835\udc00\ud835\udc12 \ud835\udc03\ud835\udc08\ud835\udc13 \ud835\udc12\ud835\udc0e\ud835\udc0d \ud835\udc03\ud835\udc04\ud835\udc11\ud835\udc0d\ud835\udc08\ud835\udc04\ud835\udc11 \ud835\udc0c\ud835\udc0e\ud835\udc13 ! Le Slov\u00e8ne s&rsquo;impose en solitaire sur la 6\u00e8me \u00e9tape du Tour de France ! <a href=\"https:\/\/twitter.com\/hashtag\/TDF2023?src=hash&amp;ref_src=twsrc%5Etfw\">#TDF2023<\/a><\/p>\n<p>Vingegaard, en jaune, va cogiter ! \ud83d\udca5 <a href=\"https:\/\/t.co\/1SI9n1wTj7\">pic.twitter.com\/1SI9n1wTj7<\/a><\/p>\n<p>\u2014 Dicodusport \u2b50\u2b50 (@dicodusport) <a href=\"https:\/\/twitter.com\/dicodusport\/status\/1676974936764698625?ref_src=twsrc%5Etfw\">July 6, 2023<\/a><\/p><\/blockquote>\n<p><script async src=\"https:\/\/platform.twitter.com\/widgets.js\" charset=\"utf-8\"><\/script><\/p>\n<h2 style=\"text-align: justify;\">\u00c0 lire aussi<\/h2>\n<ul>\n<li><a href=\"https:\/\/dicodusport.fr\/blog\/tour-de-france-2023-classement-6eme-etape\/\"><strong>Classement de la 6eme \u00e9tape du Tour de France<\/strong><\/a><\/li>\n<li><b><a href=\"https:\/\/dicodusport.fr\/blog\/tour-de-france-2023-classement-general-maillot-jaune\/\">Le classement g\u00e9n\u00e9ral du Tour de France<\/a>\u00a0<\/b><\/li>\n<li style=\"text-align: justify;\"><a href=\"https:\/\/dicodusport.fr\/blog\/tour-de-france-2023-classement-general-des-francais\/\"><strong>Le classement g\u00e9n\u00e9ral des Fran\u00e7ais<\/strong><\/a><\/li>\n<\/ul>\n","protected":false},"excerpt":{"rendered":"<p>TOUR DE FRANCE 2023 &#8211; Jonas Vingegaard (Jumbo-Visma) a mis une claque \u00e0 Tadej Pogacar (UAE-Team Emirates) sur la 5e \u00e9tape. Il lui a repris 1:04. Le Danois a affich\u00e9 une force impressionnante dans le Col de Marie-Blanque, derni\u00e8re difficult\u00e9 de ce mercredi. Est-il imbattable ?\u00a0<\/p>\n","protected":false},"author":83,"featured_media":397920,"comment_status":"open","ping_status":"closed","sticky":false,"template":"","format":"standard","meta":{"_acf_changed":false,"_daextam_enable_autolinks":"","footnotes":""},"categories":[46995],"tags":[16878,574,17721,8551,24,1262],"class_list":["post-397880","post","type-post","status-publish","format-standard","has-post-thumbnail","hentry","category-tour-de-france","tag-breve","tag-cyclisme","tag-jonas-vingegaard","tag-jumbo-visma","tag-sport","tag-tour-de-france"],"acf":[],"yoast_head":"<!-- This site is optimized with the Yoast SEO Premium plugin v26.7 (Yoast SEO v26.7) - https:\/\/yoast.com\/wordpress\/plugins\/seo\/ -->\n<title>Pogacar vs Vingegaard, d\u00e9j\u00e0 dans la l\u00e9gende des duels du Tour de France<\/title>\n<meta name=\"description\" content=\"TOUR DE FRANCE 2023 - Jonas Vingegaard (Jumbo-Visma) estomaque Tadej Pogacar \u00e0 Laruns. Le Slov\u00e8ne lui r\u00e9pond ce jeudi \u00e0 Cauterets.\" \/>\n<meta name=\"robots\" content=\"index, follow, max-snippet:-1, max-image-preview:large, max-video-preview:-1\" \/>\n<link rel=\"canonical\" href=\"https:\/\/dicodusport.fr\/blog\/pogacar-vs-vingegaard-deja-dans-la-legende-des-duels-du-tour-de-france\/\" \/>\n<meta property=\"og:locale\" content=\"fr_FR\" \/>\n<meta property=\"og:type\" content=\"article\" \/>\n<meta property=\"og:title\" content=\"Pogacar vs Vingegaard, d\u00e9j\u00e0 dans la l\u00e9gende des duels du Tour de France\" \/>\n<meta property=\"og:description\" content=\"TOUR DE FRANCE 2023 - Jonas Vingegaard (Jumbo-Visma) estomaque Tadej Pogacar \u00e0 Laruns. Le Slov\u00e8ne lui r\u00e9pond ce jeudi \u00e0 Cauterets.\" \/>\n<meta property=\"og:url\" content=\"https:\/\/dicodusport.fr\/blog\/pogacar-vs-vingegaard-deja-dans-la-legende-des-duels-du-tour-de-france\/\" \/>\n<meta property=\"og:site_name\" content=\"Dicodusport\" \/>\n<meta property=\"article:publisher\" content=\"https:\/\/www.facebook.com\/dicodusport\" \/>\n<meta property=\"article:published_time\" content=\"2023-07-06T17:02:42+00:00\" \/>\n<meta property=\"article:modified_time\" content=\"2023-07-07T11:45:15+00:00\" \/>\n<meta property=\"og:image\" content=\"https:\/\/dicodusport.fr\/blog\/wp-content\/uploads\/2023\/07\/Pogacar-vs-Vingegaard-deja-dans-la-legende-des-duels-du-Tour-de-France.png\" \/>\n\t<meta property=\"og:image:width\" content=\"800\" \/>\n\t<meta property=\"og:image:height\" content=\"445\" \/>\n\t<meta property=\"og:image:type\" content=\"image\/png\" \/>\n<meta name=\"author\" content=\"Etienne Goursaud\" \/>\n<meta name=\"twitter:card\" content=\"summary_large_image\" \/>\n<meta name=\"twitter:title\" content=\"Pogacar vs Vingegaard, d\u00e9j\u00e0 dans la l\u00e9gende des duels du Tour de France\" \/>\n<meta name=\"twitter:creator\" content=\"@dicodusport\" \/>\n<meta name=\"twitter:site\" content=\"@dicodusport\" \/>\n<script type=\"application\/ld+json\" class=\"yoast-schema-graph\">{\"@context\":\"https:\/\/schema.org\",\"@graph\":[{\"@type\":\"NewsArticle\",\"@id\":\"https:\/\/dicodusport.fr\/blog\/pogacar-vs-vingegaard-deja-dans-la-legende-des-duels-du-tour-de-france\/#article\",\"isPartOf\":{\"@id\":\"https:\/\/dicodusport.fr\/blog\/pogacar-vs-vingegaard-deja-dans-la-legende-des-duels-du-tour-de-france\/\"},\"author\":{\"name\":\"Etienne Goursaud\",\"@id\":\"https:\/\/dicodusport.fr\/blog\/#\/schema\/person\/d603dd7da31fb2b46c82b9835a77ec13\"},\"headline\":\"Pogacar vs Vingegaard, d\u00e9j\u00e0 dans la l\u00e9gende des duels du Tour de France\",\"datePublished\":\"2023-07-06T17:02:42+00:00\",\"dateModified\":\"2023-07-07T11:45:15+00:00\",\"mainEntityOfPage\":{\"@id\":\"https:\/\/dicodusport.fr\/blog\/pogacar-vs-vingegaard-deja-dans-la-legende-des-duels-du-tour-de-france\/\"},\"wordCount\":791,\"commentCount\":0,\"publisher\":{\"@id\":\"https:\/\/dicodusport.fr\/blog\/#organization\"},\"image\":{\"@id\":\"https:\/\/dicodusport.fr\/blog\/pogacar-vs-vingegaard-deja-dans-la-legende-des-duels-du-tour-de-france\/#primaryimage\"},\"thumbnailUrl\":\"https:\/\/dicodusport.fr\/blog\/wp-content\/uploads\/2023\/07\/Pogacar-vs-Vingegaard-deja-dans-la-legende-des-duels-du-Tour-de-France.png\",\"keywords\":[\"br\u00e8ve\",\"Cyclisme\",\"Jonas Vingegaard\",\"Jumbo-Visma\",\"sport\",\"Tour de France\"],\"articleSection\":[\"Tour de France\"],\"inLanguage\":\"fr-FR\",\"potentialAction\":[{\"@type\":\"CommentAction\",\"name\":\"Comment\",\"target\":[\"https:\/\/dicodusport.fr\/blog\/pogacar-vs-vingegaard-deja-dans-la-legende-des-duels-du-tour-de-france\/#respond\"]}],\"copyrightYear\":\"2023\",\"copyrightHolder\":{\"@id\":\"https:\/\/dicodusport.fr\/blog\/#organization\"}},{\"@type\":\"WebPage\",\"@id\":\"https:\/\/dicodusport.fr\/blog\/pogacar-vs-vingegaard-deja-dans-la-legende-des-duels-du-tour-de-france\/\",\"url\":\"https:\/\/dicodusport.fr\/blog\/pogacar-vs-vingegaard-deja-dans-la-legende-des-duels-du-tour-de-france\/\",\"name\":\"Pogacar vs Vingegaard, d\u00e9j\u00e0 dans la l\u00e9gende des duels du Tour de France\",\"isPartOf\":{\"@id\":\"https:\/\/dicodusport.fr\/blog\/#website\"},\"primaryImageOfPage\":{\"@id\":\"https:\/\/dicodusport.fr\/blog\/pogacar-vs-vingegaard-deja-dans-la-legende-des-duels-du-tour-de-france\/#primaryimage\"},\"image\":{\"@id\":\"https:\/\/dicodusport.fr\/blog\/pogacar-vs-vingegaard-deja-dans-la-legende-des-duels-du-tour-de-france\/#primaryimage\"},\"thumbnailUrl\":\"https:\/\/dicodusport.fr\/blog\/wp-content\/uploads\/2023\/07\/Pogacar-vs-Vingegaard-deja-dans-la-legende-des-duels-du-Tour-de-France.png\",\"datePublished\":\"2023-07-06T17:02:42+00:00\",\"dateModified\":\"2023-07-07T11:45:15+00:00\",\"description\":\"TOUR DE FRANCE 2023 - Jonas Vingegaard (Jumbo-Visma) estomaque Tadej Pogacar \u00e0 Laruns. Le Slov\u00e8ne lui r\u00e9pond ce jeudi \u00e0 Cauterets.\",\"breadcrumb\":{\"@id\":\"https:\/\/dicodusport.fr\/blog\/pogacar-vs-vingegaard-deja-dans-la-legende-des-duels-du-tour-de-france\/#breadcrumb\"},\"inLanguage\":\"fr-FR\",\"potentialAction\":[{\"@type\":\"ReadAction\",\"target\":[\"https:\/\/dicodusport.fr\/blog\/pogacar-vs-vingegaard-deja-dans-la-legende-des-duels-du-tour-de-france\/\"]}]},{\"@type\":\"ImageObject\",\"inLanguage\":\"fr-FR\",\"@id\":\"https:\/\/dicodusport.fr\/blog\/pogacar-vs-vingegaard-deja-dans-la-legende-des-duels-du-tour-de-france\/#primaryimage\",\"url\":\"https:\/\/dicodusport.fr\/blog\/wp-content\/uploads\/2023\/07\/Pogacar-vs-Vingegaard-deja-dans-la-legende-des-duels-du-Tour-de-France.png\",\"contentUrl\":\"https:\/\/dicodusport.fr\/blog\/wp-content\/uploads\/2023\/07\/Pogacar-vs-Vingegaard-deja-dans-la-legende-des-duels-du-Tour-de-France.png\",\"width\":800,\"height\":445,\"caption\":\"Pogacar vs Vingegaard, d\u00e9j\u00e0 dans la l\u00e9gende des duels du Tour de France\"},{\"@type\":\"BreadcrumbList\",\"@id\":\"https:\/\/dicodusport.fr\/blog\/pogacar-vs-vingegaard-deja-dans-la-legende-des-duels-du-tour-de-france\/#breadcrumb\",\"itemListElement\":[{\"@type\":\"ListItem\",\"position\":1,\"name\":\"Accueil\",\"item\":\"https:\/\/dicodusport.fr\/blog\/\"},{\"@type\":\"ListItem\",\"position\":2,\"name\":\"Pogacar vs Vingegaard, d\u00e9j\u00e0 dans la l\u00e9gende des duels du Tour de France\"}]},{\"@type\":\"WebSite\",\"@id\":\"https:\/\/dicodusport.fr\/blog\/#website\",\"url\":\"https:\/\/dicodusport.fr\/blog\/\",\"name\":\"Dicodusport\",\"description\":\"L&#039;encyclop\u00e9die de l&#039;actualit\u00e9 sportive\",\"publisher\":{\"@id\":\"https:\/\/dicodusport.fr\/blog\/#organization\"},\"potentialAction\":[{\"@type\":\"SearchAction\",\"target\":{\"@type\":\"EntryPoint\",\"urlTemplate\":\"https:\/\/dicodusport.fr\/blog\/?s={search_term_string}\"},\"query-input\":{\"@type\":\"PropertyValueSpecification\",\"valueRequired\":true,\"valueName\":\"search_term_string\"}}],\"inLanguage\":\"fr-FR\"},{\"@type\":\"NewsMediaOrganization\",\"@id\":\"https:\/\/dicodusport.fr\/blog\/#organization\",\"name\":\"Dicodusport\",\"url\":\"https:\/\/dicodusport.fr\/blog\/\",\"logo\":{\"@type\":\"ImageObject\",\"inLanguage\":\"fr-FR\",\"@id\":\"https:\/\/dicodusport.fr\/blog\/#\/schema\/logo\/image\/\",\"url\":\"https:\/\/dicodusport.fr\/blog\/wp-content\/uploads\/2020\/06\/cropped-LOGO-DICODUSPORT-2020-SANS-FOND-SANS-TEXTE.png\",\"contentUrl\":\"https:\/\/dicodusport.fr\/blog\/wp-content\/uploads\/2020\/06\/cropped-LOGO-DICODUSPORT-2020-SANS-FOND-SANS-TEXTE.png\",\"width\":512,\"height\":512,\"caption\":\"Dicodusport\"},\"image\":{\"@id\":\"https:\/\/dicodusport.fr\/blog\/#\/schema\/logo\/image\/\"},\"sameAs\":[\"https:\/\/www.facebook.com\/dicodusport\",\"https:\/\/x.com\/dicodusport\",\"https:\/\/www.instagram.com\/dicodusport\/\",\"https:\/\/www.youtube.com\/channel\/UC7V2KZ5sd3htJivAbA4ZG3w\"],\"description\":\"Dicodusport est l'encyclop\u00e9die de l'actualit\u00e9 sportive.\",\"email\":\"bonjour@dicodusport.fr\",\"legalName\":\"DICODUSPORT\",\"foundingDate\":\"2018-01-14\",\"vatID\":\"FR71834470973\",\"taxID\":\"83447097300043\",\"numberOfEmployees\":{\"@type\":\"QuantitativeValue\",\"minValue\":\"1\",\"maxValue\":\"10\"}},{\"@type\":\"Person\",\"@id\":\"https:\/\/dicodusport.fr\/blog\/#\/schema\/person\/d603dd7da31fb2b46c82b9835a77ec13\",\"name\":\"Etienne Goursaud\",\"image\":{\"@type\":\"ImageObject\",\"inLanguage\":\"fr-FR\",\"@id\":\"https:\/\/dicodusport.fr\/blog\/#\/schema\/person\/image\/\",\"url\":\"https:\/\/dicodusport.fr\/blog\/wp-content\/uploads\/2023\/12\/410122264_10231602061736049_5565839791558026645_n-150x150.jpg\",\"contentUrl\":\"https:\/\/dicodusport.fr\/blog\/wp-content\/uploads\/2023\/12\/410122264_10231602061736049_5565839791558026645_n-150x150.jpg\",\"caption\":\"Etienne Goursaud\"},\"description\":\"Journaliste et amoureux de sport. Ancien footballeur reconverti athl\u00e8te quand ses muscles le laissent tranquille. \u00c9lev\u00e9 \u00e0 la sauce des exploits de Thomas Voeckler en 2004, du dernier essai de l\u00e9gende de Eunice Barber \u00e0 la longueur lors des championnats du monde d'athl\u00e9tisme de 2003 mais aussi Zidane, Omeyer et Titou Lamaison.\",\"url\":\"https:\/\/dicodusport.fr\/blog\/author\/etienne-goursaud\/\"}]}<\/script>\n<!-- \/ Yoast SEO Premium plugin. -->","yoast_head_json":{"title":"Pogacar vs Vingegaard, d\u00e9j\u00e0 dans la l\u00e9gende des duels du Tour de France","description":"TOUR DE FRANCE 2023 - Jonas Vingegaard (Jumbo-Visma) estomaque Tadej Pogacar \u00e0 Laruns. Le Slov\u00e8ne lui r\u00e9pond ce jeudi \u00e0 Cauterets.","robots":{"index":"index","follow":"follow","max-snippet":"max-snippet:-1","max-image-preview":"max-image-preview:large","max-video-preview":"max-video-preview:-1"},"canonical":"https:\/\/dicodusport.fr\/blog\/pogacar-vs-vingegaard-deja-dans-la-legende-des-duels-du-tour-de-france\/","og_locale":"fr_FR","og_type":"article","og_title":"Pogacar vs Vingegaard, d\u00e9j\u00e0 dans la l\u00e9gende des duels du Tour de France","og_description":"TOUR DE FRANCE 2023 - Jonas Vingegaard (Jumbo-Visma) estomaque Tadej Pogacar \u00e0 Laruns. Le Slov\u00e8ne lui r\u00e9pond ce jeudi \u00e0 Cauterets.","og_url":"https:\/\/dicodusport.fr\/blog\/pogacar-vs-vingegaard-deja-dans-la-legende-des-duels-du-tour-de-france\/","og_site_name":"Dicodusport","article_publisher":"https:\/\/www.facebook.com\/dicodusport","article_published_time":"2023-07-06T17:02:42+00:00","article_modified_time":"2023-07-07T11:45:15+00:00","og_image":[{"width":800,"height":445,"url":"https:\/\/dicodusport.fr\/blog\/wp-content\/uploads\/2023\/07\/Pogacar-vs-Vingegaard-deja-dans-la-legende-des-duels-du-Tour-de-France.png","type":"image\/png"}],"author":"Etienne Goursaud","twitter_card":"summary_large_image","twitter_title":"Pogacar vs Vingegaard, d\u00e9j\u00e0 dans la l\u00e9gende des duels du Tour de France","twitter_creator":"@dicodusport","twitter_site":"@dicodusport","schema":{"@context":"https:\/\/schema.org","@graph":[{"@type":"NewsArticle","@id":"https:\/\/dicodusport.fr\/blog\/pogacar-vs-vingegaard-deja-dans-la-legende-des-duels-du-tour-de-france\/#article","isPartOf":{"@id":"https:\/\/dicodusport.fr\/blog\/pogacar-vs-vingegaard-deja-dans-la-legende-des-duels-du-tour-de-france\/"},"author":{"name":"Etienne Goursaud","@id":"https:\/\/dicodusport.fr\/blog\/#\/schema\/person\/d603dd7da31fb2b46c82b9835a77ec13"},"headline":"Pogacar vs Vingegaard, d\u00e9j\u00e0 dans la l\u00e9gende des duels du Tour de France","datePublished":"2023-07-06T17:02:42+00:00","dateModified":"2023-07-07T11:45:15+00:00","mainEntityOfPage":{"@id":"https:\/\/dicodusport.fr\/blog\/pogacar-vs-vingegaard-deja-dans-la-legende-des-duels-du-tour-de-france\/"},"wordCount":791,"commentCount":0,"publisher":{"@id":"https:\/\/dicodusport.fr\/blog\/#organization"},"image":{"@id":"https:\/\/dicodusport.fr\/blog\/pogacar-vs-vingegaard-deja-dans-la-legende-des-duels-du-tour-de-france\/#primaryimage"},"thumbnailUrl":"https:\/\/dicodusport.fr\/blog\/wp-content\/uploads\/2023\/07\/Pogacar-vs-Vingegaard-deja-dans-la-legende-des-duels-du-Tour-de-France.png","keywords":["br\u00e8ve","Cyclisme","Jonas Vingegaard","Jumbo-Visma","sport","Tour de France"],"articleSection":["Tour de France"],"inLanguage":"fr-FR","potentialAction":[{"@type":"CommentAction","name":"Comment","target":["https:\/\/dicodusport.fr\/blog\/pogacar-vs-vingegaard-deja-dans-la-legende-des-duels-du-tour-de-france\/#respond"]}],"copyrightYear":"2023","copyrightHolder":{"@id":"https:\/\/dicodusport.fr\/blog\/#organization"}},{"@type":"WebPage","@id":"https:\/\/dicodusport.fr\/blog\/pogacar-vs-vingegaard-deja-dans-la-legende-des-duels-du-tour-de-france\/","url":"https:\/\/dicodusport.fr\/blog\/pogacar-vs-vingegaard-deja-dans-la-legende-des-duels-du-tour-de-france\/","name":"Pogacar vs Vingegaard, d\u00e9j\u00e0 dans la l\u00e9gende des duels du Tour de France","isPartOf":{"@id":"https:\/\/dicodusport.fr\/blog\/#website"},"primaryImageOfPage":{"@id":"https:\/\/dicodusport.fr\/blog\/pogacar-vs-vingegaard-deja-dans-la-legende-des-duels-du-tour-de-france\/#primaryimage"},"image":{"@id":"https:\/\/dicodusport.fr\/blog\/pogacar-vs-vingegaard-deja-dans-la-legende-des-duels-du-tour-de-france\/#primaryimage"},"thumbnailUrl":"https:\/\/dicodusport.fr\/blog\/wp-content\/uploads\/2023\/07\/Pogacar-vs-Vingegaard-deja-dans-la-legende-des-duels-du-Tour-de-France.png","datePublished":"2023-07-06T17:02:42+00:00","dateModified":"2023-07-07T11:45:15+00:00","description":"TOUR DE FRANCE 2023 - Jonas Vingegaard (Jumbo-Visma) estomaque Tadej Pogacar \u00e0 Laruns. Le Slov\u00e8ne lui r\u00e9pond ce jeudi \u00e0 Cauterets.","breadcrumb":{"@id":"https:\/\/dicodusport.fr\/blog\/pogacar-vs-vingegaard-deja-dans-la-legende-des-duels-du-tour-de-france\/#breadcrumb"},"inLanguage":"fr-FR","potentialAction":[{"@type":"ReadAction","target":["https:\/\/dicodusport.fr\/blog\/pogacar-vs-vingegaard-deja-dans-la-legende-des-duels-du-tour-de-france\/"]}]},{"@type":"ImageObject","inLanguage":"fr-FR","@id":"https:\/\/dicodusport.fr\/blog\/pogacar-vs-vingegaard-deja-dans-la-legende-des-duels-du-tour-de-france\/#primaryimage","url":"https:\/\/dicodusport.fr\/blog\/wp-content\/uploads\/2023\/07\/Pogacar-vs-Vingegaard-deja-dans-la-legende-des-duels-du-Tour-de-France.png","contentUrl":"https:\/\/dicodusport.fr\/blog\/wp-content\/uploads\/2023\/07\/Pogacar-vs-Vingegaard-deja-dans-la-legende-des-duels-du-Tour-de-France.png","width":800,"height":445,"caption":"Pogacar vs Vingegaard, d\u00e9j\u00e0 dans la l\u00e9gende des duels du Tour de France"},{"@type":"BreadcrumbList","@id":"https:\/\/dicodusport.fr\/blog\/pogacar-vs-vingegaard-deja-dans-la-legende-des-duels-du-tour-de-france\/#breadcrumb","itemListElement":[{"@type":"ListItem","position":1,"name":"Accueil","item":"https:\/\/dicodusport.fr\/blog\/"},{"@type":"ListItem","position":2,"name":"Pogacar vs Vingegaard, d\u00e9j\u00e0 dans la l\u00e9gende des duels du Tour de France"}]},{"@type":"WebSite","@id":"https:\/\/dicodusport.fr\/blog\/#website","url":"https:\/\/dicodusport.fr\/blog\/","name":"Dicodusport","description":"L&#039;encyclop\u00e9die de l&#039;actualit\u00e9 sportive","publisher":{"@id":"https:\/\/dicodusport.fr\/blog\/#organization"},"potentialAction":[{"@type":"SearchAction","target":{"@type":"EntryPoint","urlTemplate":"https:\/\/dicodusport.fr\/blog\/?s={search_term_string}"},"query-input":{"@type":"PropertyValueSpecification","valueRequired":true,"valueName":"search_term_string"}}],"inLanguage":"fr-FR"},{"@type":"NewsMediaOrganization","@id":"https:\/\/dicodusport.fr\/blog\/#organization","name":"Dicodusport","url":"https:\/\/dicodusport.fr\/blog\/","logo":{"@type":"ImageObject","inLanguage":"fr-FR","@id":"https:\/\/dicodusport.fr\/blog\/#\/schema\/logo\/image\/","url":"https:\/\/dicodusport.fr\/blog\/wp-content\/uploads\/2020\/06\/cropped-LOGO-DICODUSPORT-2020-SANS-FOND-SANS-TEXTE.png","contentUrl":"https:\/\/dicodusport.fr\/blog\/wp-content\/uploads\/2020\/06\/cropped-LOGO-DICODUSPORT-2020-SANS-FOND-SANS-TEXTE.png","width":512,"height":512,"caption":"Dicodusport"},"image":{"@id":"https:\/\/dicodusport.fr\/blog\/#\/schema\/logo\/image\/"},"sameAs":["https:\/\/www.facebook.com\/dicodusport","https:\/\/x.com\/dicodusport","https:\/\/www.instagram.com\/dicodusport\/","https:\/\/www.youtube.com\/channel\/UC7V2KZ5sd3htJivAbA4ZG3w"],"description":"Dicodusport est l'encyclop\u00e9die de l'actualit\u00e9 sportive.","email":"bonjour@dicodusport.fr","legalName":"DICODUSPORT","foundingDate":"2018-01-14","vatID":"FR71834470973","taxID":"83447097300043","numberOfEmployees":{"@type":"QuantitativeValue","minValue":"1","maxValue":"10"}},{"@type":"Person","@id":"https:\/\/dicodusport.fr\/blog\/#\/schema\/person\/d603dd7da31fb2b46c82b9835a77ec13","name":"Etienne Goursaud","image":{"@type":"ImageObject","inLanguage":"fr-FR","@id":"https:\/\/dicodusport.fr\/blog\/#\/schema\/person\/image\/","url":"https:\/\/dicodusport.fr\/blog\/wp-content\/uploads\/2023\/12\/410122264_10231602061736049_5565839791558026645_n-150x150.jpg","contentUrl":"https:\/\/dicodusport.fr\/blog\/wp-content\/uploads\/2023\/12\/410122264_10231602061736049_5565839791558026645_n-150x150.jpg","caption":"Etienne Goursaud"},"description":"Journaliste et amoureux de sport. Ancien footballeur reconverti athl\u00e8te quand ses muscles le laissent tranquille. \u00c9lev\u00e9 \u00e0 la sauce des exploits de Thomas Voeckler en 2004, du dernier essai de l\u00e9gende de Eunice Barber \u00e0 la longueur lors des championnats du monde d'athl\u00e9tisme de 2003 mais aussi Zidane, Omeyer et Titou Lamaison.","url":"https:\/\/dicodusport.fr\/blog\/author\/etienne-goursaud\/"}]}},"_links":{"self":[{"href":"https:\/\/dicodusport.fr\/blog\/wp-json\/wp\/v2\/posts\/397880","targetHints":{"allow":["GET"]}}],"collection":[{"href":"https:\/\/dicodusport.fr\/blog\/wp-json\/wp\/v2\/posts"}],"about":[{"href":"https:\/\/dicodusport.fr\/blog\/wp-json\/wp\/v2\/types\/post"}],"author":[{"embeddable":true,"href":"https:\/\/dicodusport.fr\/blog\/wp-json\/wp\/v2\/users\/83"}],"replies":[{"embeddable":true,"href":"https:\/\/dicodusport.fr\/blog\/wp-json\/wp\/v2\/comments?post=397880"}],"version-history":[{"count":0,"href":"https:\/\/dicodusport.fr\/blog\/wp-json\/wp\/v2\/posts\/397880\/revisions"}],"wp:featuredmedia":[{"embeddable":true,"href":"https:\/\/dicodusport.fr\/blog\/wp-json\/wp\/v2\/media\/397920"}],"wp:attachment":[{"href":"https:\/\/dicodusport.fr\/blog\/wp-json\/wp\/v2\/media?parent=397880"}],"wp:term":[{"taxonomy":"category","embeddable":true,"href":"https:\/\/dicodusport.fr\/blog\/wp-json\/wp\/v2\/categories?post=397880"},{"taxonomy":"post_tag","embeddable":true,"href":"https:\/\/dicodusport.fr\/blog\/wp-json\/wp\/v2\/tags?post=397880"}],"curies":[{"name":"wp","href":"https:\/\/api.w.org\/{rel}","templated":true}]}}