{"id":398122,"date":"2023-07-07T16:36:40","date_gmt":"2023-07-07T14:36:40","guid":{"rendered":"https:\/\/dicodusport.fr\/blog\/?p=398122&#038;preview=true&#038;preview_id=398122"},"modified":"2023-07-07T17:11:37","modified_gmt":"2023-07-07T15:11:37","slug":"football-le-toulouse-fc-autorise-a-participer-a-la-ligue-europa-la-saison-prochaine","status":"publish","type":"post","link":"https:\/\/dicodusport.fr\/blog\/football-le-toulouse-fc-autorise-a-participer-a-la-ligue-europa-la-saison-prochaine\/","title":{"rendered":"Football : Le Toulouse FC autoris\u00e9 \u00e0 participer \u00e0 la Ligue Europa la saison prochaine"},"content":{"rendered":"<p style=\"text-align: justify;\" align=\"justify\"><em><strong>LIGUE EUROPA 2023\/2024 &#8211; Incertaine en raison d&rsquo;un probl\u00e8me de propri\u00e9t\u00e9, la participation du TFC \u00e0 la prochaine Ligue Europa est d\u00e9sormais officielle.\u00a0<\/strong><\/em><\/p>\n<p style=\"text-align: justify;\" align=\"justify\">Fin avril, le Toulouse Football Club remportait sa deuxi\u00e8me Coupe de France <a href=\"https:\/\/dicodusport.fr\/blog\/coupe-de-france-toulouse-sacre-pour-la-deuxieme-fois-apres-avoir-humilie-nantes\/\">apr\u00e8s avoir r\u00e9alis\u00e9 une d\u00e9monstration face \u00e0 Nantes<\/a>. Ainsi, le club validait une qualification en Ligue Europa pour la saison prochaine, mais celle-ci avait \u00e9t\u00e9 mise en suspens par l&rsquo;UEFA. En effet, l&rsquo;actionnaire majoritaire du club est \u00e9galement celui du Milan AC, \u00e9galement qualifi\u00e9 pour cette comp\u00e9tition par le biais du Championnat italien, et cela avait soulev\u00e9 un probl\u00e8me \u00e9thique.<\/p>\n<p style=\"text-align: justify;\" align=\"justify\">Mais heureusement pour le TFC, le pire n&rsquo;aura pas lieu. L&rsquo;instance europ\u00e9enne vient de valider apr\u00e8s \u00e9tude la participation du club haut garonnais \u00e0 la Ligue Europa pour la saison 2023\/2024. Toulouse peut pousser un ouf de soulagement, tant une interdiction aurait paru injuste. Mais ce genre de cas va sans doute se multiplier \u00e0 l&rsquo;avenir, en esp\u00e9rant que l&rsquo;UEFA l\u00e9gif\u00e8re efficacement sur le sujet.<\/p>\n<blockquote class=\"twitter-tweet\">\n<p dir=\"ltr\" lang=\"fr\">\ud83d\udea8 TOULOUSE PARTICIPERA \u00c0 LA LIGUE EUROPA LA SAISON PROCHAINE ! \ud83d\udc9c\u2705<\/p>\n<p>L\u2019UEFA a donn\u00e9 son feu vert.<\/p>\n<p>(<a href=\"https:\/\/twitter.com\/lequipe?ref_src=twsrc%5Etfw\">@lequipe<\/a>) <a href=\"https:\/\/t.co\/qMMJQODZ4G\">pic.twitter.com\/qMMJQODZ4G<\/a><\/p>\n<p>\u2014 Actu Ligue 1 (@ActuL1_) <a href=\"https:\/\/twitter.com\/ActuL1_\/status\/1677320760187133952?ref_src=twsrc%5Etfw\">July 7, 2023<\/a><\/p><\/blockquote>\n<p style=\"text-align: justify;\"><script async src=\"https:\/\/platform.twitter.com\/widgets.js\" charset=\"utf-8\"><\/script><\/p>\n","protected":false},"excerpt":{"rendered":"<p>LIGUE EUROPA 2023\/2024 &#8211; Incertaine en raison d&rsquo;un probl\u00e8me de propri\u00e9t\u00e9, la participation du TFC \u00e0 la prochaine Ligue Europa est d\u00e9sormais officielle.\u00a0<\/p>\n","protected":false},"author":59,"featured_media":398129,"comment_status":"open","ping_status":"closed","sticky":false,"template":"","format":"standard","meta":{"_acf_changed":false,"_daextam_enable_autolinks":"","footnotes":""},"categories":[2301],"tags":[16878,75,6531,5777],"class_list":["post-398122","post","type-post","status-publish","format-standard","has-post-thumbnail","hentry","category-football","tag-breve","tag-football","tag-football-francais","tag-toulouse-fc"],"acf":[],"yoast_head":"<!-- This site is optimized with the Yoast SEO Premium plugin v26.7 (Yoast SEO v26.7) - https:\/\/yoast.com\/wordpress\/plugins\/seo\/ -->\n<title>Football : Le Toulouse FC autoris\u00e9 \u00e0 participer \u00e0 la Ligue Europa la saison prochaine<\/title>\n<meta name=\"description\" content=\"LIGUE EUROPA 2023\/2024 - Incertaine en raison d&#039;un probl\u00e8me de propri\u00e9t\u00e9, la participation du TFC \u00e0 la prochaine Ligue Europa est d\u00e9sormais officielle.\u00a0\" \/>\n<meta name=\"robots\" content=\"index, follow, max-snippet:-1, max-image-preview:large, max-video-preview:-1\" \/>\n<link rel=\"canonical\" href=\"https:\/\/dicodusport.fr\/blog\/football-le-toulouse-fc-autorise-a-participer-a-la-ligue-europa-la-saison-prochaine\/\" \/>\n<meta property=\"og:locale\" content=\"fr_FR\" \/>\n<meta property=\"og:type\" content=\"article\" \/>\n<meta property=\"og:title\" content=\"Football : Le Toulouse FC autoris\u00e9 \u00e0 participer \u00e0 la Ligue Europa la saison prochaine\" \/>\n<meta property=\"og:description\" content=\"LIGUE EUROPA 2023\/2024 - Incertaine en raison d&#039;un probl\u00e8me de propri\u00e9t\u00e9, la participation du TFC \u00e0 la prochaine Ligue Europa est d\u00e9sormais officielle.\u00a0\" \/>\n<meta property=\"og:url\" content=\"https:\/\/dicodusport.fr\/blog\/football-le-toulouse-fc-autorise-a-participer-a-la-ligue-europa-la-saison-prochaine\/\" \/>\n<meta property=\"og:site_name\" content=\"Dicodusport\" \/>\n<meta property=\"article:publisher\" content=\"https:\/\/www.facebook.com\/dicodusport\" \/>\n<meta property=\"article:author\" content=\"https:\/\/www.facebook.com\/sebastien.gente\/\" \/>\n<meta property=\"article:published_time\" content=\"2023-07-07T14:36:40+00:00\" \/>\n<meta property=\"article:modified_time\" content=\"2023-07-07T15:11:37+00:00\" \/>\n<meta property=\"og:image\" content=\"https:\/\/dicodusport.fr\/blog\/wp-content\/uploads\/2023\/07\/Football-Le-Toulouse-FC-autorise-a-participer-a-la-Ligue-Europa-la-saison-prochaine.png\" \/>\n\t<meta property=\"og:image:width\" content=\"800\" \/>\n\t<meta property=\"og:image:height\" content=\"445\" \/>\n\t<meta property=\"og:image:type\" content=\"image\/png\" \/>\n<meta name=\"author\" content=\"S\u00e9bastien Gente\" \/>\n<meta name=\"twitter:card\" content=\"summary_large_image\" \/>\n<meta name=\"twitter:title\" content=\"Football : Le Toulouse FC autoris\u00e9 \u00e0 participer \u00e0 la Ligue Europa la saison prochaine\" \/>\n<meta name=\"twitter:creator\" content=\"@https:\/\/twitter.com\/globulo24\" \/>\n<meta name=\"twitter:site\" content=\"@dicodusport\" \/>\n<script type=\"application\/ld+json\" class=\"yoast-schema-graph\">{\"@context\":\"https:\/\/schema.org\",\"@graph\":[{\"@type\":\"NewsArticle\",\"@id\":\"https:\/\/dicodusport.fr\/blog\/football-le-toulouse-fc-autorise-a-participer-a-la-ligue-europa-la-saison-prochaine\/#article\",\"isPartOf\":{\"@id\":\"https:\/\/dicodusport.fr\/blog\/football-le-toulouse-fc-autorise-a-participer-a-la-ligue-europa-la-saison-prochaine\/\"},\"author\":{\"name\":\"S\u00e9bastien Gente\",\"@id\":\"https:\/\/dicodusport.fr\/blog\/#\/schema\/person\/627966a6cde45dbd8c5e36ac85d783da\"},\"headline\":\"Football : Le Toulouse FC autoris\u00e9 \u00e0 participer \u00e0 la Ligue Europa la saison prochaine\",\"datePublished\":\"2023-07-07T14:36:40+00:00\",\"dateModified\":\"2023-07-07T15:11:37+00:00\",\"mainEntityOfPage\":{\"@id\":\"https:\/\/dicodusport.fr\/blog\/football-le-toulouse-fc-autorise-a-participer-a-la-ligue-europa-la-saison-prochaine\/\"},\"wordCount\":212,\"commentCount\":0,\"publisher\":{\"@id\":\"https:\/\/dicodusport.fr\/blog\/#organization\"},\"image\":{\"@id\":\"https:\/\/dicodusport.fr\/blog\/football-le-toulouse-fc-autorise-a-participer-a-la-ligue-europa-la-saison-prochaine\/#primaryimage\"},\"thumbnailUrl\":\"https:\/\/dicodusport.fr\/blog\/wp-content\/uploads\/2023\/07\/Football-Le-Toulouse-FC-autorise-a-participer-a-la-Ligue-Europa-la-saison-prochaine.png\",\"keywords\":[\"br\u00e8ve\",\"Football\",\"Football Fran\u00e7ais\",\"Toulouse FC\"],\"articleSection\":[\"Football\"],\"inLanguage\":\"fr-FR\",\"potentialAction\":[{\"@type\":\"CommentAction\",\"name\":\"Comment\",\"target\":[\"https:\/\/dicodusport.fr\/blog\/football-le-toulouse-fc-autorise-a-participer-a-la-ligue-europa-la-saison-prochaine\/#respond\"]}],\"copyrightYear\":\"2023\",\"copyrightHolder\":{\"@id\":\"https:\/\/dicodusport.fr\/blog\/#organization\"}},{\"@type\":\"WebPage\",\"@id\":\"https:\/\/dicodusport.fr\/blog\/football-le-toulouse-fc-autorise-a-participer-a-la-ligue-europa-la-saison-prochaine\/\",\"url\":\"https:\/\/dicodusport.fr\/blog\/football-le-toulouse-fc-autorise-a-participer-a-la-ligue-europa-la-saison-prochaine\/\",\"name\":\"Football : Le Toulouse FC autoris\u00e9 \u00e0 participer \u00e0 la Ligue Europa la saison prochaine\",\"isPartOf\":{\"@id\":\"https:\/\/dicodusport.fr\/blog\/#website\"},\"primaryImageOfPage\":{\"@id\":\"https:\/\/dicodusport.fr\/blog\/football-le-toulouse-fc-autorise-a-participer-a-la-ligue-europa-la-saison-prochaine\/#primaryimage\"},\"image\":{\"@id\":\"https:\/\/dicodusport.fr\/blog\/football-le-toulouse-fc-autorise-a-participer-a-la-ligue-europa-la-saison-prochaine\/#primaryimage\"},\"thumbnailUrl\":\"https:\/\/dicodusport.fr\/blog\/wp-content\/uploads\/2023\/07\/Football-Le-Toulouse-FC-autorise-a-participer-a-la-Ligue-Europa-la-saison-prochaine.png\",\"datePublished\":\"2023-07-07T14:36:40+00:00\",\"dateModified\":\"2023-07-07T15:11:37+00:00\",\"description\":\"LIGUE EUROPA 2023\/2024 - Incertaine en raison d'un probl\u00e8me de propri\u00e9t\u00e9, la participation du TFC \u00e0 la prochaine Ligue Europa est d\u00e9sormais officielle.\u00a0\",\"breadcrumb\":{\"@id\":\"https:\/\/dicodusport.fr\/blog\/football-le-toulouse-fc-autorise-a-participer-a-la-ligue-europa-la-saison-prochaine\/#breadcrumb\"},\"inLanguage\":\"fr-FR\",\"potentialAction\":[{\"@type\":\"ReadAction\",\"target\":[\"https:\/\/dicodusport.fr\/blog\/football-le-toulouse-fc-autorise-a-participer-a-la-ligue-europa-la-saison-prochaine\/\"]}]},{\"@type\":\"ImageObject\",\"inLanguage\":\"fr-FR\",\"@id\":\"https:\/\/dicodusport.fr\/blog\/football-le-toulouse-fc-autorise-a-participer-a-la-ligue-europa-la-saison-prochaine\/#primaryimage\",\"url\":\"https:\/\/dicodusport.fr\/blog\/wp-content\/uploads\/2023\/07\/Football-Le-Toulouse-FC-autorise-a-participer-a-la-Ligue-Europa-la-saison-prochaine.png\",\"contentUrl\":\"https:\/\/dicodusport.fr\/blog\/wp-content\/uploads\/2023\/07\/Football-Le-Toulouse-FC-autorise-a-participer-a-la-Ligue-Europa-la-saison-prochaine.png\",\"width\":800,\"height\":445,\"caption\":\"Football Le Toulouse FC autoris\u00e9 \u00e0 participer \u00e0 la Ligue Europa la saison prochaine\"},{\"@type\":\"BreadcrumbList\",\"@id\":\"https:\/\/dicodusport.fr\/blog\/football-le-toulouse-fc-autorise-a-participer-a-la-ligue-europa-la-saison-prochaine\/#breadcrumb\",\"itemListElement\":[{\"@type\":\"ListItem\",\"position\":1,\"name\":\"Accueil\",\"item\":\"https:\/\/dicodusport.fr\/blog\/\"},{\"@type\":\"ListItem\",\"position\":2,\"name\":\"Football : Le Toulouse FC autoris\u00e9 \u00e0 participer \u00e0 la Ligue Europa la saison prochaine\"}]},{\"@type\":\"WebSite\",\"@id\":\"https:\/\/dicodusport.fr\/blog\/#website\",\"url\":\"https:\/\/dicodusport.fr\/blog\/\",\"name\":\"Dicodusport\",\"description\":\"L&#039;encyclop\u00e9die de l&#039;actualit\u00e9 sportive\",\"publisher\":{\"@id\":\"https:\/\/dicodusport.fr\/blog\/#organization\"},\"potentialAction\":[{\"@type\":\"SearchAction\",\"target\":{\"@type\":\"EntryPoint\",\"urlTemplate\":\"https:\/\/dicodusport.fr\/blog\/?s={search_term_string}\"},\"query-input\":{\"@type\":\"PropertyValueSpecification\",\"valueRequired\":true,\"valueName\":\"search_term_string\"}}],\"inLanguage\":\"fr-FR\"},{\"@type\":\"NewsMediaOrganization\",\"@id\":\"https:\/\/dicodusport.fr\/blog\/#organization\",\"name\":\"Dicodusport\",\"url\":\"https:\/\/dicodusport.fr\/blog\/\",\"logo\":{\"@type\":\"ImageObject\",\"inLanguage\":\"fr-FR\",\"@id\":\"https:\/\/dicodusport.fr\/blog\/#\/schema\/logo\/image\/\",\"url\":\"https:\/\/dicodusport.fr\/blog\/wp-content\/uploads\/2020\/06\/cropped-LOGO-DICODUSPORT-2020-SANS-FOND-SANS-TEXTE.png\",\"contentUrl\":\"https:\/\/dicodusport.fr\/blog\/wp-content\/uploads\/2020\/06\/cropped-LOGO-DICODUSPORT-2020-SANS-FOND-SANS-TEXTE.png\",\"width\":512,\"height\":512,\"caption\":\"Dicodusport\"},\"image\":{\"@id\":\"https:\/\/dicodusport.fr\/blog\/#\/schema\/logo\/image\/\"},\"sameAs\":[\"https:\/\/www.facebook.com\/dicodusport\",\"https:\/\/x.com\/dicodusport\",\"https:\/\/www.instagram.com\/dicodusport\/\",\"https:\/\/www.youtube.com\/channel\/UC7V2KZ5sd3htJivAbA4ZG3w\"],\"description\":\"Dicodusport est l'encyclop\u00e9die de l'actualit\u00e9 sportive.\",\"email\":\"bonjour@dicodusport.fr\",\"legalName\":\"DICODUSPORT\",\"foundingDate\":\"2018-01-14\",\"vatID\":\"FR71834470973\",\"taxID\":\"83447097300043\",\"numberOfEmployees\":{\"@type\":\"QuantitativeValue\",\"minValue\":\"1\",\"maxValue\":\"10\"}},{\"@type\":\"Person\",\"@id\":\"https:\/\/dicodusport.fr\/blog\/#\/schema\/person\/627966a6cde45dbd8c5e36ac85d783da\",\"name\":\"S\u00e9bastien Gente\",\"image\":{\"@type\":\"ImageObject\",\"inLanguage\":\"fr-FR\",\"@id\":\"https:\/\/dicodusport.fr\/blog\/#\/schema\/person\/image\/\",\"url\":\"https:\/\/dicodusport.fr\/blog\/wp-content\/uploads\/2021\/09\/1510990_10205810251400683_4124423575079401707_n-150x150.jpg\",\"contentUrl\":\"https:\/\/dicodusport.fr\/blog\/wp-content\/uploads\/2021\/09\/1510990_10205810251400683_4124423575079401707_n-150x150.jpg\",\"caption\":\"S\u00e9bastien Gente\"},\"description\":\"John Stockton, Gianni Bugno, Zinedine Zidane, Steffi Graf, Frode Andresen, St\u00e9phane Stoecklin, Davis Kamoga, Primoz Peterka, Werner Schlager et Aur\u00e9lien Rougerie. Point commun entre ces sportifs? Ils m'ont fait r\u00eaver et ont berc\u00e9 mon adolescence. Je suis un fondu de sports et j'essaie de retranscrire ma passion \u00e0 travers mes articles. Originaire du P\u00e9rigord, ma passion pour les Girondins, les Jaunards et les Jazzmen transpire dans mes \u00e9crits. \u00c0 Dicodusport depuis 2021, je d\u00e9niche les sports m\u00e9connus dans lesquels la France brille, et il y en a !\",\"sameAs\":[\"https:\/\/www.facebook.com\/sebastien.gente\/\",\"https:\/\/www.instagram.com\/sebgente\/\",\"https:\/\/www.linkedin.com\/in\/sbastien-gente-a29583169\/\",\"https:\/\/x.com\/https:\/\/twitter.com\/globulo24\",\"SebastienGente\"],\"worksFor\":\"S\u00e9bastien GENTE\",\"url\":\"https:\/\/dicodusport.fr\/blog\/author\/sebastiengente\/\"}]}<\/script>\n<!-- \/ Yoast SEO Premium plugin. -->","yoast_head_json":{"title":"Football : Le Toulouse FC autoris\u00e9 \u00e0 participer \u00e0 la Ligue Europa la saison prochaine","description":"LIGUE EUROPA 2023\/2024 - Incertaine en raison d'un probl\u00e8me de propri\u00e9t\u00e9, la participation du TFC \u00e0 la prochaine Ligue Europa est d\u00e9sormais officielle.\u00a0","robots":{"index":"index","follow":"follow","max-snippet":"max-snippet:-1","max-image-preview":"max-image-preview:large","max-video-preview":"max-video-preview:-1"},"canonical":"https:\/\/dicodusport.fr\/blog\/football-le-toulouse-fc-autorise-a-participer-a-la-ligue-europa-la-saison-prochaine\/","og_locale":"fr_FR","og_type":"article","og_title":"Football : Le Toulouse FC autoris\u00e9 \u00e0 participer \u00e0 la Ligue Europa la saison prochaine","og_description":"LIGUE EUROPA 2023\/2024 - Incertaine en raison d'un probl\u00e8me de propri\u00e9t\u00e9, la participation du TFC \u00e0 la prochaine Ligue Europa est d\u00e9sormais officielle.\u00a0","og_url":"https:\/\/dicodusport.fr\/blog\/football-le-toulouse-fc-autorise-a-participer-a-la-ligue-europa-la-saison-prochaine\/","og_site_name":"Dicodusport","article_publisher":"https:\/\/www.facebook.com\/dicodusport","article_author":"https:\/\/www.facebook.com\/sebastien.gente\/","article_published_time":"2023-07-07T14:36:40+00:00","article_modified_time":"2023-07-07T15:11:37+00:00","og_image":[{"width":800,"height":445,"url":"https:\/\/dicodusport.fr\/blog\/wp-content\/uploads\/2023\/07\/Football-Le-Toulouse-FC-autorise-a-participer-a-la-Ligue-Europa-la-saison-prochaine.png","type":"image\/png"}],"author":"S\u00e9bastien Gente","twitter_card":"summary_large_image","twitter_title":"Football : Le Toulouse FC autoris\u00e9 \u00e0 participer \u00e0 la Ligue Europa la saison prochaine","twitter_creator":"@https:\/\/twitter.com\/globulo24","twitter_site":"@dicodusport","schema":{"@context":"https:\/\/schema.org","@graph":[{"@type":"NewsArticle","@id":"https:\/\/dicodusport.fr\/blog\/football-le-toulouse-fc-autorise-a-participer-a-la-ligue-europa-la-saison-prochaine\/#article","isPartOf":{"@id":"https:\/\/dicodusport.fr\/blog\/football-le-toulouse-fc-autorise-a-participer-a-la-ligue-europa-la-saison-prochaine\/"},"author":{"name":"S\u00e9bastien Gente","@id":"https:\/\/dicodusport.fr\/blog\/#\/schema\/person\/627966a6cde45dbd8c5e36ac85d783da"},"headline":"Football : Le Toulouse FC autoris\u00e9 \u00e0 participer \u00e0 la Ligue Europa la saison prochaine","datePublished":"2023-07-07T14:36:40+00:00","dateModified":"2023-07-07T15:11:37+00:00","mainEntityOfPage":{"@id":"https:\/\/dicodusport.fr\/blog\/football-le-toulouse-fc-autorise-a-participer-a-la-ligue-europa-la-saison-prochaine\/"},"wordCount":212,"commentCount":0,"publisher":{"@id":"https:\/\/dicodusport.fr\/blog\/#organization"},"image":{"@id":"https:\/\/dicodusport.fr\/blog\/football-le-toulouse-fc-autorise-a-participer-a-la-ligue-europa-la-saison-prochaine\/#primaryimage"},"thumbnailUrl":"https:\/\/dicodusport.fr\/blog\/wp-content\/uploads\/2023\/07\/Football-Le-Toulouse-FC-autorise-a-participer-a-la-Ligue-Europa-la-saison-prochaine.png","keywords":["br\u00e8ve","Football","Football Fran\u00e7ais","Toulouse FC"],"articleSection":["Football"],"inLanguage":"fr-FR","potentialAction":[{"@type":"CommentAction","name":"Comment","target":["https:\/\/dicodusport.fr\/blog\/football-le-toulouse-fc-autorise-a-participer-a-la-ligue-europa-la-saison-prochaine\/#respond"]}],"copyrightYear":"2023","copyrightHolder":{"@id":"https:\/\/dicodusport.fr\/blog\/#organization"}},{"@type":"WebPage","@id":"https:\/\/dicodusport.fr\/blog\/football-le-toulouse-fc-autorise-a-participer-a-la-ligue-europa-la-saison-prochaine\/","url":"https:\/\/dicodusport.fr\/blog\/football-le-toulouse-fc-autorise-a-participer-a-la-ligue-europa-la-saison-prochaine\/","name":"Football : Le Toulouse FC autoris\u00e9 \u00e0 participer \u00e0 la Ligue Europa la saison prochaine","isPartOf":{"@id":"https:\/\/dicodusport.fr\/blog\/#website"},"primaryImageOfPage":{"@id":"https:\/\/dicodusport.fr\/blog\/football-le-toulouse-fc-autorise-a-participer-a-la-ligue-europa-la-saison-prochaine\/#primaryimage"},"image":{"@id":"https:\/\/dicodusport.fr\/blog\/football-le-toulouse-fc-autorise-a-participer-a-la-ligue-europa-la-saison-prochaine\/#primaryimage"},"thumbnailUrl":"https:\/\/dicodusport.fr\/blog\/wp-content\/uploads\/2023\/07\/Football-Le-Toulouse-FC-autorise-a-participer-a-la-Ligue-Europa-la-saison-prochaine.png","datePublished":"2023-07-07T14:36:40+00:00","dateModified":"2023-07-07T15:11:37+00:00","description":"LIGUE EUROPA 2023\/2024 - Incertaine en raison d'un probl\u00e8me de propri\u00e9t\u00e9, la participation du TFC \u00e0 la prochaine Ligue Europa est d\u00e9sormais officielle.\u00a0","breadcrumb":{"@id":"https:\/\/dicodusport.fr\/blog\/football-le-toulouse-fc-autorise-a-participer-a-la-ligue-europa-la-saison-prochaine\/#breadcrumb"},"inLanguage":"fr-FR","potentialAction":[{"@type":"ReadAction","target":["https:\/\/dicodusport.fr\/blog\/football-le-toulouse-fc-autorise-a-participer-a-la-ligue-europa-la-saison-prochaine\/"]}]},{"@type":"ImageObject","inLanguage":"fr-FR","@id":"https:\/\/dicodusport.fr\/blog\/football-le-toulouse-fc-autorise-a-participer-a-la-ligue-europa-la-saison-prochaine\/#primaryimage","url":"https:\/\/dicodusport.fr\/blog\/wp-content\/uploads\/2023\/07\/Football-Le-Toulouse-FC-autorise-a-participer-a-la-Ligue-Europa-la-saison-prochaine.png","contentUrl":"https:\/\/dicodusport.fr\/blog\/wp-content\/uploads\/2023\/07\/Football-Le-Toulouse-FC-autorise-a-participer-a-la-Ligue-Europa-la-saison-prochaine.png","width":800,"height":445,"caption":"Football Le Toulouse FC autoris\u00e9 \u00e0 participer \u00e0 la Ligue Europa la saison prochaine"},{"@type":"BreadcrumbList","@id":"https:\/\/dicodusport.fr\/blog\/football-le-toulouse-fc-autorise-a-participer-a-la-ligue-europa-la-saison-prochaine\/#breadcrumb","itemListElement":[{"@type":"ListItem","position":1,"name":"Accueil","item":"https:\/\/dicodusport.fr\/blog\/"},{"@type":"ListItem","position":2,"name":"Football : Le Toulouse FC autoris\u00e9 \u00e0 participer \u00e0 la Ligue Europa la saison prochaine"}]},{"@type":"WebSite","@id":"https:\/\/dicodusport.fr\/blog\/#website","url":"https:\/\/dicodusport.fr\/blog\/","name":"Dicodusport","description":"L&#039;encyclop\u00e9die de l&#039;actualit\u00e9 sportive","publisher":{"@id":"https:\/\/dicodusport.fr\/blog\/#organization"},"potentialAction":[{"@type":"SearchAction","target":{"@type":"EntryPoint","urlTemplate":"https:\/\/dicodusport.fr\/blog\/?s={search_term_string}"},"query-input":{"@type":"PropertyValueSpecification","valueRequired":true,"valueName":"search_term_string"}}],"inLanguage":"fr-FR"},{"@type":"NewsMediaOrganization","@id":"https:\/\/dicodusport.fr\/blog\/#organization","name":"Dicodusport","url":"https:\/\/dicodusport.fr\/blog\/","logo":{"@type":"ImageObject","inLanguage":"fr-FR","@id":"https:\/\/dicodusport.fr\/blog\/#\/schema\/logo\/image\/","url":"https:\/\/dicodusport.fr\/blog\/wp-content\/uploads\/2020\/06\/cropped-LOGO-DICODUSPORT-2020-SANS-FOND-SANS-TEXTE.png","contentUrl":"https:\/\/dicodusport.fr\/blog\/wp-content\/uploads\/2020\/06\/cropped-LOGO-DICODUSPORT-2020-SANS-FOND-SANS-TEXTE.png","width":512,"height":512,"caption":"Dicodusport"},"image":{"@id":"https:\/\/dicodusport.fr\/blog\/#\/schema\/logo\/image\/"},"sameAs":["https:\/\/www.facebook.com\/dicodusport","https:\/\/x.com\/dicodusport","https:\/\/www.instagram.com\/dicodusport\/","https:\/\/www.youtube.com\/channel\/UC7V2KZ5sd3htJivAbA4ZG3w"],"description":"Dicodusport est l'encyclop\u00e9die de l'actualit\u00e9 sportive.","email":"bonjour@dicodusport.fr","legalName":"DICODUSPORT","foundingDate":"2018-01-14","vatID":"FR71834470973","taxID":"83447097300043","numberOfEmployees":{"@type":"QuantitativeValue","minValue":"1","maxValue":"10"}},{"@type":"Person","@id":"https:\/\/dicodusport.fr\/blog\/#\/schema\/person\/627966a6cde45dbd8c5e36ac85d783da","name":"S\u00e9bastien Gente","image":{"@type":"ImageObject","inLanguage":"fr-FR","@id":"https:\/\/dicodusport.fr\/blog\/#\/schema\/person\/image\/","url":"https:\/\/dicodusport.fr\/blog\/wp-content\/uploads\/2021\/09\/1510990_10205810251400683_4124423575079401707_n-150x150.jpg","contentUrl":"https:\/\/dicodusport.fr\/blog\/wp-content\/uploads\/2021\/09\/1510990_10205810251400683_4124423575079401707_n-150x150.jpg","caption":"S\u00e9bastien Gente"},"description":"John Stockton, Gianni Bugno, Zinedine Zidane, Steffi Graf, Frode Andresen, St\u00e9phane Stoecklin, Davis Kamoga, Primoz Peterka, Werner Schlager et Aur\u00e9lien Rougerie. Point commun entre ces sportifs? Ils m'ont fait r\u00eaver et ont berc\u00e9 mon adolescence. Je suis un fondu de sports et j'essaie de retranscrire ma passion \u00e0 travers mes articles. Originaire du P\u00e9rigord, ma passion pour les Girondins, les Jaunards et les Jazzmen transpire dans mes \u00e9crits. \u00c0 Dicodusport depuis 2021, je d\u00e9niche les sports m\u00e9connus dans lesquels la France brille, et il y en a !","sameAs":["https:\/\/www.facebook.com\/sebastien.gente\/","https:\/\/www.instagram.com\/sebgente\/","https:\/\/www.linkedin.com\/in\/sbastien-gente-a29583169\/","https:\/\/x.com\/https:\/\/twitter.com\/globulo24","SebastienGente"],"worksFor":"S\u00e9bastien GENTE","url":"https:\/\/dicodusport.fr\/blog\/author\/sebastiengente\/"}]}},"_links":{"self":[{"href":"https:\/\/dicodusport.fr\/blog\/wp-json\/wp\/v2\/posts\/398122","targetHints":{"allow":["GET"]}}],"collection":[{"href":"https:\/\/dicodusport.fr\/blog\/wp-json\/wp\/v2\/posts"}],"about":[{"href":"https:\/\/dicodusport.fr\/blog\/wp-json\/wp\/v2\/types\/post"}],"author":[{"embeddable":true,"href":"https:\/\/dicodusport.fr\/blog\/wp-json\/wp\/v2\/users\/59"}],"replies":[{"embeddable":true,"href":"https:\/\/dicodusport.fr\/blog\/wp-json\/wp\/v2\/comments?post=398122"}],"version-history":[{"count":0,"href":"https:\/\/dicodusport.fr\/blog\/wp-json\/wp\/v2\/posts\/398122\/revisions"}],"wp:featuredmedia":[{"embeddable":true,"href":"https:\/\/dicodusport.fr\/blog\/wp-json\/wp\/v2\/media\/398129"}],"wp:attachment":[{"href":"https:\/\/dicodusport.fr\/blog\/wp-json\/wp\/v2\/media?parent=398122"}],"wp:term":[{"taxonomy":"category","embeddable":true,"href":"https:\/\/dicodusport.fr\/blog\/wp-json\/wp\/v2\/categories?post=398122"},{"taxonomy":"post_tag","embeddable":true,"href":"https:\/\/dicodusport.fr\/blog\/wp-json\/wp\/v2\/tags?post=398122"}],"curies":[{"name":"wp","href":"https:\/\/api.w.org\/{rel}","templated":true}]}}