{"id":398371,"date":"2023-07-08T18:17:58","date_gmt":"2023-07-08T16:17:58","guid":{"rendered":"https:\/\/dicodusport.fr\/blog\/?p=398371&#038;preview=true&#038;preview_id=398371"},"modified":"2023-07-08T18:21:03","modified_gmt":"2023-07-08T16:21:03","slug":"tour-de-france-2023-mads-pedersen-ce-champion-si-sous-cote","status":"publish","type":"post","link":"https:\/\/dicodusport.fr\/blog\/tour-de-france-2023-mads-pedersen-ce-champion-si-sous-cote\/","title":{"rendered":"Tour de France 2023 : Mads Pedersen, ce champion si sous-cot\u00e9"},"content":{"rendered":"<p align=\"justify\"><em><strong><a href=\"https:\/\/dicodusport.fr\/blog\/actualites\/cyclisme\/cyclisme-sur-route-2023\/tour-de-france-2023\/\">TOUR DE FRANCE 2023<\/a> &#8211; Mads Pedersen (Lidl-Trek) a remport\u00e9 la 8\u1d49 \u00e9tape du Tour. Il avait d\u00e9j\u00e0 lev\u00e9 les bras sur le Giro. Il r\u00e9alise une saison exceptionnelle avec des victoires et de nombreuses places d&rsquo;honneur. Pourtant, le champion du monde 2019 souffre d&rsquo;un certain d\u00e9ficit d&rsquo;image vis-\u00e0-vis de coureurs comme Wout Van Aert.<\/strong><\/em><\/p>\n<p style=\"text-align: justify;\">Ce samedi matin \u00e0 Libourne, il faisait partie des grands favoris. Aux c\u00f4t\u00e9s de <strong>Wout Van Aert<\/strong> (Jumbo-Visma), <strong>Biniam Girmay<\/strong> (Intermarch\u00e9-Circus-Wanty), et du duo d&rsquo;Alpecin-Deceuninck, incarn\u00e9 par <strong>Mathieu van der Poel<\/strong> et <strong>Jasper Philipsen<\/strong>. Ce final en faux-plat montant convenait comme un gant \u00e0 <strong>Mads Pedersen<\/strong> (Lidl-Trek). <a href=\"https:\/\/dicodusport.fr\/blog\/tour-de-france-2023-mads-pedersen-sadjuge-la-8eme-etape\/\">Ce n&rsquo;est pas un hasard de le voir lever les bras ce samedi \u00e0 Limoges<\/a>. En parall\u00e8le, les suiveurs ont toujours tendance \u00e0 ne pas consid\u00e9rer le Danois \u00e0 sa juste valeur. Souvent rel\u00e9gu\u00e9 en second rideau tout au long de la saison. Pourtant, il d\u00e9croche son 4\u1d49 succ\u00e8s en 2023. Il r\u00e9alise une belle performance : \u00e0 savoir gagner une \u00e9tape du Giro et du Tour la m\u00eame ann\u00e9e. <strong>Mads Pedersen<\/strong> sous-cot\u00e9, c&rsquo;est ind\u00e9niable.<\/p>\n<blockquote class=\"twitter-tweet\">\n<p dir=\"ltr\" lang=\"fr\">\ud83c\udfc6\ud83c\udde9\ud83c\uddf0 <a href=\"https:\/\/twitter.com\/Mads__Pedersen?ref_src=twsrc%5Etfw\">@Mads__Pedersen<\/a> wins in <a href=\"https:\/\/twitter.com\/VilleLimoges87?ref_src=twsrc%5Etfw\">@VilleLimoges87<\/a>!<\/p>\n<p>\ud83c\udfc6\ud83c\udde9\ud83c\uddf0 <a href=\"https:\/\/twitter.com\/Mads__Pedersen?ref_src=twsrc%5Etfw\">@Mads__Pedersen<\/a> s\u2019impose \u00e0 Limoges !<a href=\"https:\/\/twitter.com\/hashtag\/TDF2023?src=hash&amp;ref_src=twsrc%5Etfw\">#TDF2023<\/a> <a href=\"https:\/\/t.co\/TB086U0HbR\">pic.twitter.com\/TB086U0HbR<\/a><\/p>\n<p>\u2014 Tour de France\u2122 (@LeTour) <a href=\"https:\/\/twitter.com\/LeTour\/status\/1677695534100889603?ref_src=twsrc%5Etfw\">July 8, 2023<\/a><\/p><\/blockquote>\n<p><script async src=\"https:\/\/platform.twitter.com\/widgets.js\" charset=\"utf-8\"><\/script><\/p>\n<h2 style=\"text-align: justify;\" align=\"justify\">\u00ab Pire champion du monde de l&rsquo;histoire \u00bb, selon les r\u00e9seaux sociaux<\/h2>\n<p style=\"text-align: justify;\">Une image qui lui colle \u00e0 la peau. Divine surprise des championnats du monde 2019 \u00e0 Harrogate. Dans une course rendue dantesque par le froid et la pluie, il avait devanc\u00e9 <strong>Matteo Trentin<\/strong>, pour lever les bras. Malgr\u00e9 une startlist de folie et une course tr\u00e8s ouverte en Angleterre. Point commun entre le Yorkshire et le Limousin ? La course difficile. Aujourd&rsquo;hui, la moyenne de l&rsquo;\u00e9tape a d\u00e9pass\u00e9 les 47 kilom\u00e8tres\/heure de moyenne, malgr\u00e9 70 derniers kilom\u00e8tres tr\u00e8s escarp\u00e9s. Certains organismes ont sans doute souffert au moment de d\u00e9clencher le sprint. Dont <strong>Jasper Philipsen<\/strong>, triple vainqueur sur ce Tour de France 2023, mais qui a d\u00fb s&rsquo;incliner, apr\u00e8s \u00eatre revenu au niveau du p\u00e9dalier de son adversaire danois. Qui n&rsquo;a jamais faibli, malgr\u00e9 le d\u00e9clenchement de son sprint fait tr\u00e8s loin.<\/p>\n<p style=\"text-align: justify;\">Replongeons-nous apr\u00e8s son titre mondial. Le Danois, en arc-en-ciel, peine \u00e0 confirmer en d\u00e9but d&rsquo;ann\u00e9e 2020. Un hiver sans r\u00e9sultat notable et au service de son \u00e9quipe de la Trek-Segafredo. D\u00e8s lors, les critiques se d\u00e9cha\u00eenent sur les r\u00e9seaux sociaux. On peut lire des <em>\u00ab pire champion du monde de l&rsquo;histoire \u00bb<\/em>, <em>\u00ab une honte \u00bb<\/em>. Puis vient le Covid. Pas de comp\u00e9titions de mars \u00e0 ao\u00fbt. Et, pour son retour, il est bien l\u00e0. Il gagne une \u00e9tape du Tour de Pologne, signe deux 2e place sur le Tour de France 2020. Avant de remporter une \u00e9tape du Binckbank Tour et de glaner Gand-Wevelgem. Certains champions du monde auraient sign\u00e9 pour une ann\u00e9e rat\u00e9e comme cela. Surtout quand on connait la l\u00e9gendaire mal\u00e9diction arc-en-ciel.<\/p>\n<blockquote class=\"twitter-tweet\">\n<p dir=\"ltr\" lang=\"fr\">Mads Pedersen qui lance son sprint \u00e0 300m de l&rsquo;arriv\u00e9e au moment o\u00f9 Van der Poel d\u00e9marre pour lancer Philipsen et tient jusqu&rsquo;au bout, ce sprint de buffle \ud83e\udd2f <a href=\"https:\/\/twitter.com\/hashtag\/TDF2023?src=hash&amp;ref_src=twsrc%5Etfw\">#TDF2023<\/a> <a href=\"https:\/\/t.co\/9dWDycGMMD\">https:\/\/t.co\/9dWDycGMMD<\/a><\/p>\n<p>\u2014 Matthieu (@matthieusrvnt) <a href=\"https:\/\/twitter.com\/matthieusrvnt\/status\/1677699283200491520?ref_src=twsrc%5Etfw\">July 8, 2023<\/a><\/p><\/blockquote>\n<p><script async src=\"https:\/\/platform.twitter.com\/widgets.js\" charset=\"utf-8\"><\/script><\/p>\n<h2 style=\"text-align: justify;\">Une saison 2023 de haute vol\u00e9e pour Mads Pedersen<\/h2>\n<p style=\"text-align: justify;\">Au fil des ann\u00e9es, il s&rsquo;affirme. Le Danois s&rsquo;offre de grandes courses. Dont une \u00e9tape sur le Tour de France l&rsquo;an pass\u00e9. Il termine dans le Top 10 au classement UCI. Son ann\u00e9e 2023 est tout simplement incroyable ! Une victoire d&rsquo;\u00e9tape sur l&rsquo;\u00c9toile de Bess\u00e8ges, une sur Paris-Nice. S&rsquo;il n&rsquo;est pas victorieux sur sa campagne de classiques, il s&rsquo;offre une 6\u1d49 place \u00e0 Milan-San Remo, une 3\u1d49 place sur le Tour des Flandres et une 4\u1d49 place sur Paris-Roubaix. Seuls les g\u00e9ants, <strong>Tadej Pogacar, Wout Van Aert <\/strong>et<strong> Mathieu van der Poel<\/strong> sont devant le Danois. Sur le Giro, il est rattrap\u00e9 par le Covid, alors qu&rsquo;il \u00e9tait un candidat s\u00e9rieux au maillot cyclamen. Vainqueur de la 6\u1d49 \u00e9tape, et cinq fois dans le top 4 d&rsquo;\u00e9tape.<\/p>\n<p style=\"text-align: justify;\">Sur le Tour de France, il a mis un peu de temps \u00e0 se lancer. Avec une 9\u1d49 place au mieux, lors de la 3\u1d49 \u00e9tape \u00e0 Bayonne. Mais il claque son \u00e9tape. Et, concr\u00e9tise la confiance de sa formation Lidl-Trek, qui a \u00e9norm\u00e9ment donn\u00e9 ! La formation avec qui il a d\u00e9couvert le World Tour en 2017, \u00e0 21 ans. <strong>Mads Pedersen<\/strong> a toujours eu la pleine confiance de l&rsquo;\u00e9quipe am\u00e9ricaine. Qui semble le consid\u00e9rer \u00e0 sa juste valeur depuis ses d\u00e9buts. Car ne nous trompons pas, <strong>Mads Pedersen<\/strong> appartient \u00e0 la trempe des grands champions.<\/p>\n<h2 style=\"text-align: justify;\">\u00c0 lire aussi<\/h2>\n<ul>\n<li><a href=\"https:\/\/dicodusport.fr\/blog\/tour-de-france-2023-classement-8eme-etape\/\"><strong>Classement de la 8eme \u00e9tape du Tour de France<\/strong><\/a><\/li>\n<li><b><a href=\"https:\/\/dicodusport.fr\/blog\/tour-de-france-2023-classement-general-maillot-jaune\/\">Le classement g\u00e9n\u00e9ral du Tour de France<\/a>\u00a0<\/b><\/li>\n<\/ul>\n","protected":false},"excerpt":{"rendered":"<p>TOUR DE FRANCE 2023 &#8211; Mads Pedersen (Lidl-Trek) a remport\u00e9 la 8\u1d49 \u00e9tape du Tour. Il avait d\u00e9j\u00e0 lev\u00e9 les bras sur le Giro. Il r\u00e9alise une saison exceptionnelle avec des victoires et de nombreuses places d&rsquo;honneur. Pourtant, le champion du monde 2019 souffre d&rsquo;un certain d\u00e9ficit d&rsquo;image vis-\u00e0-vis de coureurs comme Wout Van Aert.<\/p>\n","protected":false},"author":83,"featured_media":398421,"comment_status":"open","ping_status":"closed","sticky":false,"template":"","format":"standard","meta":{"_acf_changed":false,"_daextam_enable_autolinks":"","footnotes":""},"categories":[46995],"tags":[16878,574,26327,24,1262],"class_list":["post-398371","post","type-post","status-publish","format-standard","has-post-thumbnail","hentry","category-tour-de-france","tag-breve","tag-cyclisme","tag-mads-pedersen","tag-sport","tag-tour-de-france"],"acf":[],"yoast_head":"<!-- This site is optimized with the Yoast SEO Premium plugin v26.7 (Yoast SEO v26.7) - https:\/\/yoast.com\/wordpress\/plugins\/seo\/ -->\n<title>Tour de France 2023 : Mads Pedersen, ce champion si sous-cot\u00e9<\/title>\n<meta name=\"description\" content=\"TOUR DE FRANCE 2023 - Mads Pedersen (Lidl-Trek) a remport\u00e9 la 8\u1d49 \u00e9tape du Tour. Il avait d\u00e9j\u00e0 lev\u00e9 les bras sur le Giro.\" \/>\n<meta name=\"robots\" content=\"index, follow, max-snippet:-1, max-image-preview:large, max-video-preview:-1\" \/>\n<link rel=\"canonical\" href=\"https:\/\/dicodusport.fr\/blog\/tour-de-france-2023-mads-pedersen-ce-champion-si-sous-cote\/\" \/>\n<meta property=\"og:locale\" content=\"fr_FR\" \/>\n<meta property=\"og:type\" content=\"article\" \/>\n<meta property=\"og:title\" content=\"Tour de France 2023 : Mads Pedersen, ce champion si sous-cot\u00e9\" \/>\n<meta property=\"og:description\" content=\"TOUR DE FRANCE 2023 - Mads Pedersen (Lidl-Trek) a remport\u00e9 la 8\u1d49 \u00e9tape du Tour. Il avait d\u00e9j\u00e0 lev\u00e9 les bras sur le Giro.\" \/>\n<meta property=\"og:url\" content=\"https:\/\/dicodusport.fr\/blog\/tour-de-france-2023-mads-pedersen-ce-champion-si-sous-cote\/\" \/>\n<meta property=\"og:site_name\" content=\"Dicodusport\" \/>\n<meta property=\"article:publisher\" content=\"https:\/\/www.facebook.com\/dicodusport\" \/>\n<meta property=\"article:published_time\" content=\"2023-07-08T16:17:58+00:00\" \/>\n<meta property=\"article:modified_time\" content=\"2023-07-08T16:21:03+00:00\" \/>\n<meta property=\"og:image\" content=\"https:\/\/dicodusport.fr\/blog\/wp-content\/uploads\/2023\/07\/Tour-de-France-2023-Mads-Pedersen-ce-champion-si-sous-cote.png\" \/>\n\t<meta property=\"og:image:width\" content=\"800\" \/>\n\t<meta property=\"og:image:height\" content=\"445\" \/>\n\t<meta property=\"og:image:type\" content=\"image\/png\" \/>\n<meta name=\"author\" content=\"Etienne Goursaud\" \/>\n<meta name=\"twitter:card\" content=\"summary_large_image\" \/>\n<meta name=\"twitter:title\" content=\"Tour de France 2023 : Mads Pedersen, ce champion si sous-cot\u00e9\" \/>\n<meta name=\"twitter:creator\" content=\"@dicodusport\" \/>\n<meta name=\"twitter:site\" content=\"@dicodusport\" \/>\n<script type=\"application\/ld+json\" class=\"yoast-schema-graph\">{\"@context\":\"https:\/\/schema.org\",\"@graph\":[{\"@type\":\"NewsArticle\",\"@id\":\"https:\/\/dicodusport.fr\/blog\/tour-de-france-2023-mads-pedersen-ce-champion-si-sous-cote\/#article\",\"isPartOf\":{\"@id\":\"https:\/\/dicodusport.fr\/blog\/tour-de-france-2023-mads-pedersen-ce-champion-si-sous-cote\/\"},\"author\":{\"name\":\"Etienne Goursaud\",\"@id\":\"https:\/\/dicodusport.fr\/blog\/#\/schema\/person\/d603dd7da31fb2b46c82b9835a77ec13\"},\"headline\":\"Tour de France 2023 : Mads Pedersen, ce champion si sous-cot\u00e9\",\"datePublished\":\"2023-07-08T16:17:58+00:00\",\"dateModified\":\"2023-07-08T16:21:03+00:00\",\"mainEntityOfPage\":{\"@id\":\"https:\/\/dicodusport.fr\/blog\/tour-de-france-2023-mads-pedersen-ce-champion-si-sous-cote\/\"},\"wordCount\":799,\"commentCount\":0,\"publisher\":{\"@id\":\"https:\/\/dicodusport.fr\/blog\/#organization\"},\"image\":{\"@id\":\"https:\/\/dicodusport.fr\/blog\/tour-de-france-2023-mads-pedersen-ce-champion-si-sous-cote\/#primaryimage\"},\"thumbnailUrl\":\"https:\/\/dicodusport.fr\/blog\/wp-content\/uploads\/2023\/07\/Tour-de-France-2023-Mads-Pedersen-ce-champion-si-sous-cote.png\",\"keywords\":[\"br\u00e8ve\",\"Cyclisme\",\"Mads Pedersen\",\"sport\",\"Tour de France\"],\"articleSection\":[\"Tour de France\"],\"inLanguage\":\"fr-FR\",\"potentialAction\":[{\"@type\":\"CommentAction\",\"name\":\"Comment\",\"target\":[\"https:\/\/dicodusport.fr\/blog\/tour-de-france-2023-mads-pedersen-ce-champion-si-sous-cote\/#respond\"]}],\"copyrightYear\":\"2023\",\"copyrightHolder\":{\"@id\":\"https:\/\/dicodusport.fr\/blog\/#organization\"}},{\"@type\":\"WebPage\",\"@id\":\"https:\/\/dicodusport.fr\/blog\/tour-de-france-2023-mads-pedersen-ce-champion-si-sous-cote\/\",\"url\":\"https:\/\/dicodusport.fr\/blog\/tour-de-france-2023-mads-pedersen-ce-champion-si-sous-cote\/\",\"name\":\"Tour de France 2023 : Mads Pedersen, ce champion si sous-cot\u00e9\",\"isPartOf\":{\"@id\":\"https:\/\/dicodusport.fr\/blog\/#website\"},\"primaryImageOfPage\":{\"@id\":\"https:\/\/dicodusport.fr\/blog\/tour-de-france-2023-mads-pedersen-ce-champion-si-sous-cote\/#primaryimage\"},\"image\":{\"@id\":\"https:\/\/dicodusport.fr\/blog\/tour-de-france-2023-mads-pedersen-ce-champion-si-sous-cote\/#primaryimage\"},\"thumbnailUrl\":\"https:\/\/dicodusport.fr\/blog\/wp-content\/uploads\/2023\/07\/Tour-de-France-2023-Mads-Pedersen-ce-champion-si-sous-cote.png\",\"datePublished\":\"2023-07-08T16:17:58+00:00\",\"dateModified\":\"2023-07-08T16:21:03+00:00\",\"description\":\"TOUR DE FRANCE 2023 - Mads Pedersen (Lidl-Trek) a remport\u00e9 la 8\u1d49 \u00e9tape du Tour. Il avait d\u00e9j\u00e0 lev\u00e9 les bras sur le Giro.\",\"breadcrumb\":{\"@id\":\"https:\/\/dicodusport.fr\/blog\/tour-de-france-2023-mads-pedersen-ce-champion-si-sous-cote\/#breadcrumb\"},\"inLanguage\":\"fr-FR\",\"potentialAction\":[{\"@type\":\"ReadAction\",\"target\":[\"https:\/\/dicodusport.fr\/blog\/tour-de-france-2023-mads-pedersen-ce-champion-si-sous-cote\/\"]}]},{\"@type\":\"ImageObject\",\"inLanguage\":\"fr-FR\",\"@id\":\"https:\/\/dicodusport.fr\/blog\/tour-de-france-2023-mads-pedersen-ce-champion-si-sous-cote\/#primaryimage\",\"url\":\"https:\/\/dicodusport.fr\/blog\/wp-content\/uploads\/2023\/07\/Tour-de-France-2023-Mads-Pedersen-ce-champion-si-sous-cote.png\",\"contentUrl\":\"https:\/\/dicodusport.fr\/blog\/wp-content\/uploads\/2023\/07\/Tour-de-France-2023-Mads-Pedersen-ce-champion-si-sous-cote.png\",\"width\":800,\"height\":445,\"caption\":\"Tour de France 2023 Mads Pedersen, ce champion si sous-cot\u00e9\"},{\"@type\":\"BreadcrumbList\",\"@id\":\"https:\/\/dicodusport.fr\/blog\/tour-de-france-2023-mads-pedersen-ce-champion-si-sous-cote\/#breadcrumb\",\"itemListElement\":[{\"@type\":\"ListItem\",\"position\":1,\"name\":\"Accueil\",\"item\":\"https:\/\/dicodusport.fr\/blog\/\"},{\"@type\":\"ListItem\",\"position\":2,\"name\":\"Tour de France 2023 : Mads Pedersen, ce champion si sous-cot\u00e9\"}]},{\"@type\":\"WebSite\",\"@id\":\"https:\/\/dicodusport.fr\/blog\/#website\",\"url\":\"https:\/\/dicodusport.fr\/blog\/\",\"name\":\"Dicodusport\",\"description\":\"L&#039;encyclop\u00e9die de l&#039;actualit\u00e9 sportive\",\"publisher\":{\"@id\":\"https:\/\/dicodusport.fr\/blog\/#organization\"},\"potentialAction\":[{\"@type\":\"SearchAction\",\"target\":{\"@type\":\"EntryPoint\",\"urlTemplate\":\"https:\/\/dicodusport.fr\/blog\/?s={search_term_string}\"},\"query-input\":{\"@type\":\"PropertyValueSpecification\",\"valueRequired\":true,\"valueName\":\"search_term_string\"}}],\"inLanguage\":\"fr-FR\"},{\"@type\":\"NewsMediaOrganization\",\"@id\":\"https:\/\/dicodusport.fr\/blog\/#organization\",\"name\":\"Dicodusport\",\"url\":\"https:\/\/dicodusport.fr\/blog\/\",\"logo\":{\"@type\":\"ImageObject\",\"inLanguage\":\"fr-FR\",\"@id\":\"https:\/\/dicodusport.fr\/blog\/#\/schema\/logo\/image\/\",\"url\":\"https:\/\/dicodusport.fr\/blog\/wp-content\/uploads\/2020\/06\/cropped-LOGO-DICODUSPORT-2020-SANS-FOND-SANS-TEXTE.png\",\"contentUrl\":\"https:\/\/dicodusport.fr\/blog\/wp-content\/uploads\/2020\/06\/cropped-LOGO-DICODUSPORT-2020-SANS-FOND-SANS-TEXTE.png\",\"width\":512,\"height\":512,\"caption\":\"Dicodusport\"},\"image\":{\"@id\":\"https:\/\/dicodusport.fr\/blog\/#\/schema\/logo\/image\/\"},\"sameAs\":[\"https:\/\/www.facebook.com\/dicodusport\",\"https:\/\/x.com\/dicodusport\",\"https:\/\/www.instagram.com\/dicodusport\/\",\"https:\/\/www.youtube.com\/channel\/UC7V2KZ5sd3htJivAbA4ZG3w\"],\"description\":\"Dicodusport est l'encyclop\u00e9die de l'actualit\u00e9 sportive.\",\"email\":\"bonjour@dicodusport.fr\",\"legalName\":\"DICODUSPORT\",\"foundingDate\":\"2018-01-14\",\"vatID\":\"FR71834470973\",\"taxID\":\"83447097300043\",\"numberOfEmployees\":{\"@type\":\"QuantitativeValue\",\"minValue\":\"1\",\"maxValue\":\"10\"}},{\"@type\":\"Person\",\"@id\":\"https:\/\/dicodusport.fr\/blog\/#\/schema\/person\/d603dd7da31fb2b46c82b9835a77ec13\",\"name\":\"Etienne Goursaud\",\"image\":{\"@type\":\"ImageObject\",\"inLanguage\":\"fr-FR\",\"@id\":\"https:\/\/dicodusport.fr\/blog\/#\/schema\/person\/image\/\",\"url\":\"https:\/\/dicodusport.fr\/blog\/wp-content\/uploads\/2023\/12\/410122264_10231602061736049_5565839791558026645_n-150x150.jpg\",\"contentUrl\":\"https:\/\/dicodusport.fr\/blog\/wp-content\/uploads\/2023\/12\/410122264_10231602061736049_5565839791558026645_n-150x150.jpg\",\"caption\":\"Etienne Goursaud\"},\"description\":\"Journaliste et amoureux de sport. Ancien footballeur reconverti athl\u00e8te quand ses muscles le laissent tranquille. \u00c9lev\u00e9 \u00e0 la sauce des exploits de Thomas Voeckler en 2004, du dernier essai de l\u00e9gende de Eunice Barber \u00e0 la longueur lors des championnats du monde d'athl\u00e9tisme de 2003 mais aussi Zidane, Omeyer et Titou Lamaison.\",\"url\":\"https:\/\/dicodusport.fr\/blog\/author\/etienne-goursaud\/\"}]}<\/script>\n<!-- \/ Yoast SEO Premium plugin. -->","yoast_head_json":{"title":"Tour de France 2023 : Mads Pedersen, ce champion si sous-cot\u00e9","description":"TOUR DE FRANCE 2023 - Mads Pedersen (Lidl-Trek) a remport\u00e9 la 8\u1d49 \u00e9tape du Tour. Il avait d\u00e9j\u00e0 lev\u00e9 les bras sur le Giro.","robots":{"index":"index","follow":"follow","max-snippet":"max-snippet:-1","max-image-preview":"max-image-preview:large","max-video-preview":"max-video-preview:-1"},"canonical":"https:\/\/dicodusport.fr\/blog\/tour-de-france-2023-mads-pedersen-ce-champion-si-sous-cote\/","og_locale":"fr_FR","og_type":"article","og_title":"Tour de France 2023 : Mads Pedersen, ce champion si sous-cot\u00e9","og_description":"TOUR DE FRANCE 2023 - Mads Pedersen (Lidl-Trek) a remport\u00e9 la 8\u1d49 \u00e9tape du Tour. Il avait d\u00e9j\u00e0 lev\u00e9 les bras sur le Giro.","og_url":"https:\/\/dicodusport.fr\/blog\/tour-de-france-2023-mads-pedersen-ce-champion-si-sous-cote\/","og_site_name":"Dicodusport","article_publisher":"https:\/\/www.facebook.com\/dicodusport","article_published_time":"2023-07-08T16:17:58+00:00","article_modified_time":"2023-07-08T16:21:03+00:00","og_image":[{"width":800,"height":445,"url":"https:\/\/dicodusport.fr\/blog\/wp-content\/uploads\/2023\/07\/Tour-de-France-2023-Mads-Pedersen-ce-champion-si-sous-cote.png","type":"image\/png"}],"author":"Etienne Goursaud","twitter_card":"summary_large_image","twitter_title":"Tour de France 2023 : Mads Pedersen, ce champion si sous-cot\u00e9","twitter_creator":"@dicodusport","twitter_site":"@dicodusport","schema":{"@context":"https:\/\/schema.org","@graph":[{"@type":"NewsArticle","@id":"https:\/\/dicodusport.fr\/blog\/tour-de-france-2023-mads-pedersen-ce-champion-si-sous-cote\/#article","isPartOf":{"@id":"https:\/\/dicodusport.fr\/blog\/tour-de-france-2023-mads-pedersen-ce-champion-si-sous-cote\/"},"author":{"name":"Etienne Goursaud","@id":"https:\/\/dicodusport.fr\/blog\/#\/schema\/person\/d603dd7da31fb2b46c82b9835a77ec13"},"headline":"Tour de France 2023 : Mads Pedersen, ce champion si sous-cot\u00e9","datePublished":"2023-07-08T16:17:58+00:00","dateModified":"2023-07-08T16:21:03+00:00","mainEntityOfPage":{"@id":"https:\/\/dicodusport.fr\/blog\/tour-de-france-2023-mads-pedersen-ce-champion-si-sous-cote\/"},"wordCount":799,"commentCount":0,"publisher":{"@id":"https:\/\/dicodusport.fr\/blog\/#organization"},"image":{"@id":"https:\/\/dicodusport.fr\/blog\/tour-de-france-2023-mads-pedersen-ce-champion-si-sous-cote\/#primaryimage"},"thumbnailUrl":"https:\/\/dicodusport.fr\/blog\/wp-content\/uploads\/2023\/07\/Tour-de-France-2023-Mads-Pedersen-ce-champion-si-sous-cote.png","keywords":["br\u00e8ve","Cyclisme","Mads Pedersen","sport","Tour de France"],"articleSection":["Tour de France"],"inLanguage":"fr-FR","potentialAction":[{"@type":"CommentAction","name":"Comment","target":["https:\/\/dicodusport.fr\/blog\/tour-de-france-2023-mads-pedersen-ce-champion-si-sous-cote\/#respond"]}],"copyrightYear":"2023","copyrightHolder":{"@id":"https:\/\/dicodusport.fr\/blog\/#organization"}},{"@type":"WebPage","@id":"https:\/\/dicodusport.fr\/blog\/tour-de-france-2023-mads-pedersen-ce-champion-si-sous-cote\/","url":"https:\/\/dicodusport.fr\/blog\/tour-de-france-2023-mads-pedersen-ce-champion-si-sous-cote\/","name":"Tour de France 2023 : Mads Pedersen, ce champion si sous-cot\u00e9","isPartOf":{"@id":"https:\/\/dicodusport.fr\/blog\/#website"},"primaryImageOfPage":{"@id":"https:\/\/dicodusport.fr\/blog\/tour-de-france-2023-mads-pedersen-ce-champion-si-sous-cote\/#primaryimage"},"image":{"@id":"https:\/\/dicodusport.fr\/blog\/tour-de-france-2023-mads-pedersen-ce-champion-si-sous-cote\/#primaryimage"},"thumbnailUrl":"https:\/\/dicodusport.fr\/blog\/wp-content\/uploads\/2023\/07\/Tour-de-France-2023-Mads-Pedersen-ce-champion-si-sous-cote.png","datePublished":"2023-07-08T16:17:58+00:00","dateModified":"2023-07-08T16:21:03+00:00","description":"TOUR DE FRANCE 2023 - Mads Pedersen (Lidl-Trek) a remport\u00e9 la 8\u1d49 \u00e9tape du Tour. Il avait d\u00e9j\u00e0 lev\u00e9 les bras sur le Giro.","breadcrumb":{"@id":"https:\/\/dicodusport.fr\/blog\/tour-de-france-2023-mads-pedersen-ce-champion-si-sous-cote\/#breadcrumb"},"inLanguage":"fr-FR","potentialAction":[{"@type":"ReadAction","target":["https:\/\/dicodusport.fr\/blog\/tour-de-france-2023-mads-pedersen-ce-champion-si-sous-cote\/"]}]},{"@type":"ImageObject","inLanguage":"fr-FR","@id":"https:\/\/dicodusport.fr\/blog\/tour-de-france-2023-mads-pedersen-ce-champion-si-sous-cote\/#primaryimage","url":"https:\/\/dicodusport.fr\/blog\/wp-content\/uploads\/2023\/07\/Tour-de-France-2023-Mads-Pedersen-ce-champion-si-sous-cote.png","contentUrl":"https:\/\/dicodusport.fr\/blog\/wp-content\/uploads\/2023\/07\/Tour-de-France-2023-Mads-Pedersen-ce-champion-si-sous-cote.png","width":800,"height":445,"caption":"Tour de France 2023 Mads Pedersen, ce champion si sous-cot\u00e9"},{"@type":"BreadcrumbList","@id":"https:\/\/dicodusport.fr\/blog\/tour-de-france-2023-mads-pedersen-ce-champion-si-sous-cote\/#breadcrumb","itemListElement":[{"@type":"ListItem","position":1,"name":"Accueil","item":"https:\/\/dicodusport.fr\/blog\/"},{"@type":"ListItem","position":2,"name":"Tour de France 2023 : Mads Pedersen, ce champion si sous-cot\u00e9"}]},{"@type":"WebSite","@id":"https:\/\/dicodusport.fr\/blog\/#website","url":"https:\/\/dicodusport.fr\/blog\/","name":"Dicodusport","description":"L&#039;encyclop\u00e9die de l&#039;actualit\u00e9 sportive","publisher":{"@id":"https:\/\/dicodusport.fr\/blog\/#organization"},"potentialAction":[{"@type":"SearchAction","target":{"@type":"EntryPoint","urlTemplate":"https:\/\/dicodusport.fr\/blog\/?s={search_term_string}"},"query-input":{"@type":"PropertyValueSpecification","valueRequired":true,"valueName":"search_term_string"}}],"inLanguage":"fr-FR"},{"@type":"NewsMediaOrganization","@id":"https:\/\/dicodusport.fr\/blog\/#organization","name":"Dicodusport","url":"https:\/\/dicodusport.fr\/blog\/","logo":{"@type":"ImageObject","inLanguage":"fr-FR","@id":"https:\/\/dicodusport.fr\/blog\/#\/schema\/logo\/image\/","url":"https:\/\/dicodusport.fr\/blog\/wp-content\/uploads\/2020\/06\/cropped-LOGO-DICODUSPORT-2020-SANS-FOND-SANS-TEXTE.png","contentUrl":"https:\/\/dicodusport.fr\/blog\/wp-content\/uploads\/2020\/06\/cropped-LOGO-DICODUSPORT-2020-SANS-FOND-SANS-TEXTE.png","width":512,"height":512,"caption":"Dicodusport"},"image":{"@id":"https:\/\/dicodusport.fr\/blog\/#\/schema\/logo\/image\/"},"sameAs":["https:\/\/www.facebook.com\/dicodusport","https:\/\/x.com\/dicodusport","https:\/\/www.instagram.com\/dicodusport\/","https:\/\/www.youtube.com\/channel\/UC7V2KZ5sd3htJivAbA4ZG3w"],"description":"Dicodusport est l'encyclop\u00e9die de l'actualit\u00e9 sportive.","email":"bonjour@dicodusport.fr","legalName":"DICODUSPORT","foundingDate":"2018-01-14","vatID":"FR71834470973","taxID":"83447097300043","numberOfEmployees":{"@type":"QuantitativeValue","minValue":"1","maxValue":"10"}},{"@type":"Person","@id":"https:\/\/dicodusport.fr\/blog\/#\/schema\/person\/d603dd7da31fb2b46c82b9835a77ec13","name":"Etienne Goursaud","image":{"@type":"ImageObject","inLanguage":"fr-FR","@id":"https:\/\/dicodusport.fr\/blog\/#\/schema\/person\/image\/","url":"https:\/\/dicodusport.fr\/blog\/wp-content\/uploads\/2023\/12\/410122264_10231602061736049_5565839791558026645_n-150x150.jpg","contentUrl":"https:\/\/dicodusport.fr\/blog\/wp-content\/uploads\/2023\/12\/410122264_10231602061736049_5565839791558026645_n-150x150.jpg","caption":"Etienne Goursaud"},"description":"Journaliste et amoureux de sport. Ancien footballeur reconverti athl\u00e8te quand ses muscles le laissent tranquille. \u00c9lev\u00e9 \u00e0 la sauce des exploits de Thomas Voeckler en 2004, du dernier essai de l\u00e9gende de Eunice Barber \u00e0 la longueur lors des championnats du monde d'athl\u00e9tisme de 2003 mais aussi Zidane, Omeyer et Titou Lamaison.","url":"https:\/\/dicodusport.fr\/blog\/author\/etienne-goursaud\/"}]}},"_links":{"self":[{"href":"https:\/\/dicodusport.fr\/blog\/wp-json\/wp\/v2\/posts\/398371","targetHints":{"allow":["GET"]}}],"collection":[{"href":"https:\/\/dicodusport.fr\/blog\/wp-json\/wp\/v2\/posts"}],"about":[{"href":"https:\/\/dicodusport.fr\/blog\/wp-json\/wp\/v2\/types\/post"}],"author":[{"embeddable":true,"href":"https:\/\/dicodusport.fr\/blog\/wp-json\/wp\/v2\/users\/83"}],"replies":[{"embeddable":true,"href":"https:\/\/dicodusport.fr\/blog\/wp-json\/wp\/v2\/comments?post=398371"}],"version-history":[{"count":0,"href":"https:\/\/dicodusport.fr\/blog\/wp-json\/wp\/v2\/posts\/398371\/revisions"}],"wp:featuredmedia":[{"embeddable":true,"href":"https:\/\/dicodusport.fr\/blog\/wp-json\/wp\/v2\/media\/398421"}],"wp:attachment":[{"href":"https:\/\/dicodusport.fr\/blog\/wp-json\/wp\/v2\/media?parent=398371"}],"wp:term":[{"taxonomy":"category","embeddable":true,"href":"https:\/\/dicodusport.fr\/blog\/wp-json\/wp\/v2\/categories?post=398371"},{"taxonomy":"post_tag","embeddable":true,"href":"https:\/\/dicodusport.fr\/blog\/wp-json\/wp\/v2\/tags?post=398371"}],"curies":[{"name":"wp","href":"https:\/\/api.w.org\/{rel}","templated":true}]}}