{"id":398581,"date":"2023-07-09T18:14:48","date_gmt":"2023-07-09T16:14:48","guid":{"rendered":"https:\/\/dicodusport.fr\/blog\/?p=398581&#038;preview=true&#038;preview_id=398581"},"modified":"2023-07-09T18:48:47","modified_gmt":"2023-07-09T16:48:47","slug":"tour-de-france-2023-michael-woods-remporte-la-9eme-etape-au-sommet-du-puy-de-dome","status":"publish","type":"post","link":"https:\/\/dicodusport.fr\/blog\/tour-de-france-2023-michael-woods-remporte-la-9eme-etape-au-sommet-du-puy-de-dome\/","title":{"rendered":"Tour de France 2023 : Michael Woods remporte la 9\u00e8me \u00e9tape au sommet du Puy-de-D\u00f4me"},"content":{"rendered":"<p style=\"text-align: justify;\"><b><i><a href=\"https:\/\/dicodusport.fr\/blog\/actualites\/cyclisme\/cyclisme-sur-route-2023\/tour-de-france-2023\/\">TOUR DE FRANCE 2023<\/a> \u2013 Michael Woods (Israel Premier Tech)\u00a0 s&rsquo;est impos\u00e9 au sommet du Puy-de-D\u00f4me lors de la 9\u00e8me \u00e9tape, dimanche. Il a devanc\u00e9 Pierre Latour (TotalEnergies) et Matej Mohoric (Bahrain Victorious).\u00a0<\/i><\/b><\/p>\n<p style=\"text-align: justify;\">D&rsquo;abord, quatorze coureurs sont sortis d\u00e8s le d\u00e9part r\u00e9el : le porteur du maillot \u00e0 pois <strong>Neilson Powless<\/strong> (EF Education EasyPost), <strong>Matej Mohoric<\/strong> (Bahrain Victorious), <strong>Cl\u00e9ment Berthet<\/strong> (AG2r Citr\u00f6en), <strong>Gorka Izagirre, Matteo Jorgenson<\/strong> (Movistar Team), <strong>Michael Woods, Guillaume Boivin<\/strong> (Israel Premier Tech), <strong>Victor Campenaerts<\/strong> (Lotto Dstny), <strong>David de la Cruz<\/strong>, <strong>Alexey Lutsenko<\/strong> (Astana Qazaqstan), <strong>Jonas Abrahamsen, Jonas Gregaard<\/strong> (Uno X Pro Cycling X), <strong>Mathieu Burgaudeau<\/strong> et <strong>Pierre Latour<\/strong> (TotalEnergies). Absentes dans l&rsquo;\u00e9chapp\u00e9e, les \u00e9quipes Cofidis, Soudal Quick-Step et Lidl-Trek ont tent\u00e9 en vain de se rapprocher des fuyards.<\/p>\n<h2 style=\"text-align: justify;\">Les baroudeurs enfin r\u00e9compens\u00e9s<\/h2>\n<p style=\"text-align: justify;\">Ensuite, <strong>Jonas Abrahamsen<\/strong> (Uno-X Pro Cycling) est pass\u00e9 en premier lors du sprint interm\u00e9diaire du Lac de Vassivi\u00e8re devant <strong>Matej Mohoric<\/strong> (Bahrain Victorious) et <strong>Jonas Gregaard<\/strong> (UNO X Pro Cycling). L&rsquo;\u00e9cart en faveur des attaquants est mont\u00e9 jusqu&rsquo;\u00e0 16 minutes. Puis, <strong>Neilson Powless<\/strong> est pass\u00e9 en t\u00eate au sommet des c\u00f4tes de Felletin, de Pontcharraud et de Pontaumur alors que l&rsquo;\u00e9quipe Jumbo-Visma a g\u00e9r\u00e9 l&rsquo;allure du peloton. Mais, dans cette derni\u00e8re petite difficult\u00e9, les premi\u00e8res offensives ont eu lieu au sein de l&rsquo;\u00e9chapp\u00e9e.<\/p>\n<p style=\"text-align: justify;\">\u00c0 plus de 40 kilom\u00e8tres l&rsquo;arriv\u00e9e, <strong>Matteo Jorgenson<\/strong> (Movistar) a r\u00e9ussi \u00e0 s&rsquo;isoler dans une portion en faux plat montant. Derri\u00e8re, <strong>Matej Mohoric<\/strong> (Bahrain Victorious),<strong> Neilson Powless<\/strong> (EF Education EasyPost), <strong>Mathieu Burgaudeau<\/strong> (TotalEnergies) et <strong>David De la Cruz<\/strong> (Astana Qazaqstan) sont sortis en contre, \u00e0 30 kilom\u00e8tres. Alors que le quatuor s&rsquo;\u00e9tait rapproch\u00e9 \u00e0 une vingtaine de secondes du coureur am\u00e9ricain, <strong>Matteo Jorgenson<\/strong> (Movistar) a entam\u00e9 la mont\u00e9e finale avec plus d&rsquo;une minute d&rsquo;avance sur le trio de chasse qui a perdu <strong>David De la Cruz<\/strong> (Astana Qazaqstan) \u00e0 cause d&rsquo;un probl\u00e8me m\u00e9canique. Le vainqueur du Tour d&rsquo;Oman a r\u00e9ussi \u00e0 creuser dans la descente sur Clermont-Ferrand. Du c\u00f4t\u00e9 du peloton, ce dernier a attaqu\u00e9 cette ascension finale avec plus de 15 minutes de retard. D\u00e8s le pied du Puy-de-D\u00f4me, les \u00e9quipiers de <strong>Jonas Vingegaard<\/strong> (Jumbo-Visma) ont impos\u00e9 le tempo.<\/p>\n<h2 style=\"text-align: justify;\">Cruel pour Jorgenson, Woods r\u00e9compens\u00e9<\/h2>\n<p style=\"text-align: justify;\">Par la suite, <strong>Matej Mohoric<\/strong> (Bahrain Victorious) a l\u00e2ch\u00e9 ses compagnons du groupe de chasse dans les quatre derniers kilom\u00e8tres, tout comme <strong>Michael Woods<\/strong> (Israel Premier Tech) \u00e0 un troisi\u00e8me \u00e9chelon. Le Canadien a d\u00e9pass\u00e9 <strong>Matej Mohoric<\/strong> (Bahrain Victorious) et surtout <strong>Matteo Jorgenson<\/strong> (Movistar) \u00e0 moins de 500 m\u00e8tres de l&rsquo;arriv\u00e9e. D\u00e8s le d\u00e9but des 4 derniers kilom\u00e8tres \u00e0 plus de 11 %, le groupe maillot jaune a explos\u00e9 sous l&rsquo;impulsion de <strong>Wilco Kelderman<\/strong> et surtout de <strong>Sepp Kuss<\/strong> (Jumbo-Visma). Seuls, <strong>Tadej Pogacar<\/strong> (UAE Team Emirates), <strong>Simon Yates<\/strong> (Team Jayco AlUla), <strong>Tom Pidcock<\/strong> et <strong>Carlos Rodriguez\u00a0<\/strong>(INEOS Grenadiers) ont pu suivre. <strong>Tadej Pogacar<\/strong> (UAE Team Emirates) a port\u00e9 une puissante attaque \u00e0 moins de deux kilom\u00e8tres du sommet. <strong>Jonas Vingegaard<\/strong> (Jumbo-Visma) a perdu progressivement le contact avec le Slov\u00e8ne.<\/p>\n<p style=\"text-align: justify;\">Finalement, <strong>Michael Woods<\/strong> (Israel Premier Tech) s&rsquo;est impos\u00e9 en solitaire apr\u00e8s avoir bouch\u00e9 un trou de deux minutes en 4 kilom\u00e8tres. Il a devanc\u00e9 <strong>Pierre Latour<\/strong> (TotalEnergies) \u00e0 24 secondes. Matej Mohoric (Bahrain Victorious) a compl\u00e9t\u00e9 le podium \u00e0 35 secondes devant <strong>Matteo Jorgenson<\/strong> (Movistar).<\/p>\n<blockquote class=\"twitter-tweet\">\n<p dir=\"ltr\" lang=\"fr\">\ud83d\ude2c Oh que c&rsquo;est cruel pour Matteo Jorgenson, auteur d&rsquo;un effort solitaire incroyable mais finalement d\u00e9pass\u00e9 dans le Puy de D\u00f4me par Michael Woods, vainqueur de l&rsquo;\u00e9tape !<\/p>\n<p>Suivez le <a href=\"https:\/\/twitter.com\/hashtag\/TDF2023?src=hash&amp;ref_src=twsrc%5Etfw\">#TDF2023<\/a> sur Eurosport avec <a href=\"https:\/\/twitter.com\/hashtag\/LesRP?src=hash&amp;ref_src=twsrc%5Etfw\">#LesRP<\/a> <a href=\"https:\/\/t.co\/JeG7lKTMLb\">pic.twitter.com\/JeG7lKTMLb<\/a><\/p>\n<p>\u2014 Eurosport France (@Eurosport_FR) <a href=\"https:\/\/twitter.com\/Eurosport_FR\/status\/1678072623685664770?ref_src=twsrc%5Etfw\">July 9, 2023<\/a><\/p><\/blockquote>\n<p><script async src=\"https:\/\/platform.twitter.com\/widgets.js\" charset=\"utf-8\"><\/script><\/p>\n<h2 style=\"text-align: justify;\">Pogacar grignote son retard<\/h2>\n<p style=\"text-align: justify;\"><strong>Tadej Pogacar<\/strong> (UAE Team Emirates) a franchi la ligne avec 8:19 de retard sur le Canadien et a repris huit secondes \u00e0 <strong>Jonas Vingegaard<\/strong> (Jumbo-Visma). Ainsi, le Slov\u00e8ne s&rsquo;est rapproch\u00e9 \u00e0 17 secondes du maillot jaune. <strong>Simon Yates<\/strong> (Team Jayco AlUla) et <strong>Tom Pidcock <\/strong>(INEOS Grenadiers) ont fini \u00e0 9:10 et <strong>Carlos Rodriguez\u00a0<\/strong>(INEOS Grenadiers) \u00e0 9:19. N\u00e9anmoins, <strong>Jai Hindley<\/strong> (Bora Hansgrohe) a gard\u00e9 sa troisi\u00e8me position au classement g\u00e9n\u00e9ral, \u00e0 la veille de la premi\u00e8re journ\u00e9e de repos, en c\u00e9dant une vingtaine de secondes \u00e0 ses rivaux.<\/p>\n<blockquote class=\"twitter-tweet\">\n<p dir=\"ltr\" lang=\"fr\">TADEJ POGACAR REFAIT LE COUP \u00c0 JONAS VINGEGAARD ET LUI REPREND 8 SECONDES \u2694\ufe0f<\/p>\n<p>Le <a href=\"https:\/\/twitter.com\/hashtag\/TDF2023?src=hash&amp;ref_src=twsrc%5Etfw\">#TDF2023<\/a>, \u00e7a se passe sur Eurosport avec <a href=\"https:\/\/twitter.com\/hashtag\/LesRP?src=hash&amp;ref_src=twsrc%5Etfw\">#LesRP<\/a> <a href=\"https:\/\/t.co\/k7Ey7OY8zl\">pic.twitter.com\/k7Ey7OY8zl<\/a><\/p>\n<p>\u2014 Eurosport France (@Eurosport_FR) <a href=\"https:\/\/twitter.com\/Eurosport_FR\/status\/1678075150766338051?ref_src=twsrc%5Etfw\">July 9, 2023<\/a><\/p><\/blockquote>\n<p><script async src=\"https:\/\/platform.twitter.com\/widgets.js\" charset=\"utf-8\"><\/script><\/p>\n<h2 style=\"text-align: justify;\">\u00c0 lire aussi<\/h2>\n<ul>\n<li style=\"text-align: justify;\"><strong><a href=\"https:\/\/dicodusport.fr\/blog\/tour-de-france-2023-classement-9eme-etape\/\">Le classement de la 9\u00e8me \u00e9tape<\/a>\u00a0<\/strong><\/li>\n<li style=\"text-align: justify;\"><a href=\"https:\/\/dicodusport.fr\/blog\/tour-de-france-2023-classement-general-maillot-jaune\/\"><strong>Classement g\u00e9n\u00e9ral du Tour de France 2023<\/strong><\/a><\/li>\n<li style=\"text-align: justify;\"><a href=\"https:\/\/dicodusport.fr\/blog\/tour-de-france-2023-classement-par-points-maillot-vert\/\"><strong>Classement du Maillot vert du Tour de France 2023<\/strong><\/a><\/li>\n<li style=\"text-align: justify;\"><a href=\"https:\/\/dicodusport.fr\/blog\/tour-de-france-2023-classement-montagne-maillot-a-pois\/\"><strong>Classement du Maillot \u00e0 pois du Tour de France 2023<\/strong><\/a><\/li>\n<li style=\"text-align: justify;\"><a href=\"https:\/\/dicodusport.fr\/blog\/tour-de-france-2023-classement-meilleur-jeune-maillot-blanc\/\"><strong>Classement du Maillot blanc du Tour de France 2023<\/strong><\/a><\/li>\n<li style=\"text-align: justify;\"><a href=\"https:\/\/dicodusport.fr\/blog\/le-profil-des-21-etapes-du-tour-de-france-2023\/\" target=\"_blank\" rel=\"noopener\"><b>Le profil des 21 \u00e9tapes du Tour de France 2023<\/b><\/a><\/li>\n<\/ul>\n<div class=\"vlp-link-container vlp-layout-article\"><a href=\"https:\/\/dicodusport.fr\/blog\/alaphilippe-van-der-poel-evenepoel-les-salaires-des-stars-du-cyclisme-en-2023\/\" class=\"vlp-link\" title=\"Alaphilippe, van der Poel, Evenepoel : Les salaires des stars du cyclisme en 2023\"><\/a><div class=\"vlp-layout-zone-side\"><div class=\"vlp-block-4 vlp-link-image\"><img loading=\"lazy\" decoding=\"async\" style=\"max-width: 800px;\" width=\"800\" height=\"445\" src=\"https:\/\/dicodusport.fr\/blog\/wp-content\/uploads\/2023\/07\/Alaphilippe-van-der-Poel-Evenepoel-Les-salaires-des-stars-du-cyclisme-en-2023.png\" class=\"attachment-800x445 size-800x445\" alt=\"Alaphilippe, van der Poel, Evenepoel Les salaires des stars du cyclisme en 2023\" srcset=\"https:\/\/dicodusport.fr\/blog\/wp-content\/uploads\/2023\/07\/Alaphilippe-van-der-Poel-Evenepoel-Les-salaires-des-stars-du-cyclisme-en-2023.png 800w, https:\/\/dicodusport.fr\/blog\/wp-content\/uploads\/2023\/07\/Alaphilippe-van-der-Poel-Evenepoel-Les-salaires-des-stars-du-cyclisme-en-2023-300x167.png 300w, https:\/\/dicodusport.fr\/blog\/wp-content\/uploads\/2023\/07\/Alaphilippe-van-der-Poel-Evenepoel-Les-salaires-des-stars-du-cyclisme-en-2023-768x427.png 768w\" sizes=\"auto, (max-width: 800px) 100vw, 800px\" \/><\/div><\/div><div class=\"vlp-layout-zone-main\"><div class=\"vlp-block-0 vlp-link-title\">Alaphilippe, van der Poel, Evenepoel : Les salaires des stars du cyclisme en 2023<\/div><div class=\"vlp-block-1 vlp-link-summary\">CYCLISME SUR ROUTE 2023 - \u00c0 l'approche du Tour de France 2023, une question revient avec insistance : combien gagnent les stars du peloton ? On fait le point, avec les derni\u00e8res estimations d\u00e9voil\u00e9es par la Gazzetta dello Sport et Total Velo.<\/div><div class=\"vlp-block-2 vlp-link-button\">Lire l'article<\/div><div class=\"vlp-block-3 vlp-link-url\">dicodusport.fr<\/div><\/div><\/div>\n","protected":false},"excerpt":{"rendered":"<p>TOUR DE FRANCE 2023 \u2013 Michael Woods (Israel Premier Tech)\u00a0 s&rsquo;est impos\u00e9 au sommet du Puy-de-D\u00f4me lors de la 9\u00e8me \u00e9tape, dimanche. Il a devanc\u00e9 Pierre Latour (TotalEnergies) et Matej Mohoric (Bahrain Victorious).\u00a0<\/p>\n","protected":false},"author":48,"featured_media":398739,"comment_status":"open","ping_status":"closed","sticky":false,"template":"","format":"standard","meta":{"_acf_changed":false,"_daextam_enable_autolinks":"","footnotes":""},"categories":[46995],"tags":[16878,24,1262],"class_list":["post-398581","post","type-post","status-publish","format-standard","has-post-thumbnail","hentry","category-tour-de-france","tag-breve","tag-sport","tag-tour-de-france"],"acf":[],"yoast_head":"<!-- This site is optimized with the Yoast SEO Premium plugin v26.7 (Yoast SEO v26.7) - https:\/\/yoast.com\/wordpress\/plugins\/seo\/ -->\n<title>Tour de France 2023 : Michael Woods remporte la 9\u00e8me \u00e9tape au sommet du Puy-de-D\u00f4me<\/title>\n<meta name=\"description\" content=\"TOUR DE FRANCE 2023 \u2013 Michael Woods (Israel Premier Tech) s&#039;est impos\u00e9 au Puy de D\u00f4me lors de la 9\u00e8me \u00e9tape, dimanche.\" \/>\n<meta name=\"robots\" content=\"index, follow, max-snippet:-1, max-image-preview:large, max-video-preview:-1\" \/>\n<link rel=\"canonical\" href=\"https:\/\/dicodusport.fr\/blog\/tour-de-france-2023-michael-woods-remporte-la-9eme-etape-au-sommet-du-puy-de-dome\/\" \/>\n<meta property=\"og:locale\" content=\"fr_FR\" \/>\n<meta property=\"og:type\" content=\"article\" \/>\n<meta property=\"og:title\" content=\"Tour de France 2023 : Michael Woods remporte la 9\u00e8me \u00e9tape au sommet du Puy-de-D\u00f4me\" \/>\n<meta property=\"og:description\" content=\"TOUR DE FRANCE 2023 \u2013 Michael Woods (Israel Premier Tech) s&#039;est impos\u00e9 au Puy de D\u00f4me lors de la 9\u00e8me \u00e9tape, dimanche.\" \/>\n<meta property=\"og:url\" content=\"https:\/\/dicodusport.fr\/blog\/tour-de-france-2023-michael-woods-remporte-la-9eme-etape-au-sommet-du-puy-de-dome\/\" \/>\n<meta property=\"og:site_name\" content=\"Dicodusport\" \/>\n<meta property=\"article:publisher\" content=\"https:\/\/www.facebook.com\/dicodusport\" \/>\n<meta property=\"article:author\" content=\"https:\/\/www.facebook.com\/groups\/LesRoisDuPeloton\" \/>\n<meta property=\"article:published_time\" content=\"2023-07-09T16:14:48+00:00\" \/>\n<meta property=\"article:modified_time\" content=\"2023-07-09T16:48:47+00:00\" \/>\n<meta property=\"og:image\" content=\"https:\/\/dicodusport.fr\/blog\/wp-content\/uploads\/2023\/07\/Tour-de-France-2023-Michael-Woods-remporte-la-9eme-etape-au-sommet-du-Puy-de-Dome-1.png\" \/>\n\t<meta property=\"og:image:width\" content=\"800\" \/>\n\t<meta property=\"og:image:height\" content=\"445\" \/>\n\t<meta property=\"og:image:type\" content=\"image\/png\" \/>\n<meta name=\"author\" content=\"Emilien Descampiaux\" \/>\n<meta name=\"twitter:card\" content=\"summary_large_image\" \/>\n<meta name=\"twitter:title\" content=\"Tour de France 2023 : Michael Woods remporte la 9\u00e8me \u00e9tape au sommet du Puy-de-D\u00f4me\" \/>\n<meta name=\"twitter:creator\" content=\"@https:\/\/twitter.com\/LRoisDuPeloton\" \/>\n<meta name=\"twitter:site\" content=\"@dicodusport\" \/>\n<script type=\"application\/ld+json\" class=\"yoast-schema-graph\">{\"@context\":\"https:\/\/schema.org\",\"@graph\":[{\"@type\":\"NewsArticle\",\"@id\":\"https:\/\/dicodusport.fr\/blog\/tour-de-france-2023-michael-woods-remporte-la-9eme-etape-au-sommet-du-puy-de-dome\/#article\",\"isPartOf\":{\"@id\":\"https:\/\/dicodusport.fr\/blog\/tour-de-france-2023-michael-woods-remporte-la-9eme-etape-au-sommet-du-puy-de-dome\/\"},\"author\":{\"name\":\"Emilien Descampiaux\",\"@id\":\"https:\/\/dicodusport.fr\/blog\/#\/schema\/person\/6db4bae06b171592211be385b32876a7\"},\"headline\":\"Tour de France 2023 : Michael Woods remporte la 9\u00e8me \u00e9tape au sommet du Puy-de-D\u00f4me\",\"datePublished\":\"2023-07-09T16:14:48+00:00\",\"dateModified\":\"2023-07-09T16:48:47+00:00\",\"mainEntityOfPage\":{\"@id\":\"https:\/\/dicodusport.fr\/blog\/tour-de-france-2023-michael-woods-remporte-la-9eme-etape-au-sommet-du-puy-de-dome\/\"},\"wordCount\":895,\"commentCount\":0,\"publisher\":{\"@id\":\"https:\/\/dicodusport.fr\/blog\/#organization\"},\"image\":{\"@id\":\"https:\/\/dicodusport.fr\/blog\/tour-de-france-2023-michael-woods-remporte-la-9eme-etape-au-sommet-du-puy-de-dome\/#primaryimage\"},\"thumbnailUrl\":\"https:\/\/dicodusport.fr\/blog\/wp-content\/uploads\/2023\/07\/Tour-de-France-2023-Michael-Woods-remporte-la-9eme-etape-au-sommet-du-Puy-de-Dome-1.png\",\"keywords\":[\"br\u00e8ve\",\"sport\",\"Tour de France\"],\"articleSection\":[\"Tour de France\"],\"inLanguage\":\"fr-FR\",\"potentialAction\":[{\"@type\":\"CommentAction\",\"name\":\"Comment\",\"target\":[\"https:\/\/dicodusport.fr\/blog\/tour-de-france-2023-michael-woods-remporte-la-9eme-etape-au-sommet-du-puy-de-dome\/#respond\"]}],\"copyrightYear\":\"2023\",\"copyrightHolder\":{\"@id\":\"https:\/\/dicodusport.fr\/blog\/#organization\"}},{\"@type\":\"WebPage\",\"@id\":\"https:\/\/dicodusport.fr\/blog\/tour-de-france-2023-michael-woods-remporte-la-9eme-etape-au-sommet-du-puy-de-dome\/\",\"url\":\"https:\/\/dicodusport.fr\/blog\/tour-de-france-2023-michael-woods-remporte-la-9eme-etape-au-sommet-du-puy-de-dome\/\",\"name\":\"Tour de France 2023 : Michael Woods remporte la 9\u00e8me \u00e9tape au sommet du Puy-de-D\u00f4me\",\"isPartOf\":{\"@id\":\"https:\/\/dicodusport.fr\/blog\/#website\"},\"primaryImageOfPage\":{\"@id\":\"https:\/\/dicodusport.fr\/blog\/tour-de-france-2023-michael-woods-remporte-la-9eme-etape-au-sommet-du-puy-de-dome\/#primaryimage\"},\"image\":{\"@id\":\"https:\/\/dicodusport.fr\/blog\/tour-de-france-2023-michael-woods-remporte-la-9eme-etape-au-sommet-du-puy-de-dome\/#primaryimage\"},\"thumbnailUrl\":\"https:\/\/dicodusport.fr\/blog\/wp-content\/uploads\/2023\/07\/Tour-de-France-2023-Michael-Woods-remporte-la-9eme-etape-au-sommet-du-Puy-de-Dome-1.png\",\"datePublished\":\"2023-07-09T16:14:48+00:00\",\"dateModified\":\"2023-07-09T16:48:47+00:00\",\"description\":\"TOUR DE FRANCE 2023 \u2013 Michael Woods (Israel Premier Tech) s'est impos\u00e9 au Puy de D\u00f4me lors de la 9\u00e8me \u00e9tape, dimanche.\",\"breadcrumb\":{\"@id\":\"https:\/\/dicodusport.fr\/blog\/tour-de-france-2023-michael-woods-remporte-la-9eme-etape-au-sommet-du-puy-de-dome\/#breadcrumb\"},\"inLanguage\":\"fr-FR\",\"potentialAction\":[{\"@type\":\"ReadAction\",\"target\":[\"https:\/\/dicodusport.fr\/blog\/tour-de-france-2023-michael-woods-remporte-la-9eme-etape-au-sommet-du-puy-de-dome\/\"]}]},{\"@type\":\"ImageObject\",\"inLanguage\":\"fr-FR\",\"@id\":\"https:\/\/dicodusport.fr\/blog\/tour-de-france-2023-michael-woods-remporte-la-9eme-etape-au-sommet-du-puy-de-dome\/#primaryimage\",\"url\":\"https:\/\/dicodusport.fr\/blog\/wp-content\/uploads\/2023\/07\/Tour-de-France-2023-Michael-Woods-remporte-la-9eme-etape-au-sommet-du-Puy-de-Dome-1.png\",\"contentUrl\":\"https:\/\/dicodusport.fr\/blog\/wp-content\/uploads\/2023\/07\/Tour-de-France-2023-Michael-Woods-remporte-la-9eme-etape-au-sommet-du-Puy-de-Dome-1.png\",\"width\":800,\"height\":445,\"caption\":\"Tour de France 2023 Michael Woods remporte la 9\u00e8me \u00e9tape au sommet du Puy-de-D\u00f4me (1)\"},{\"@type\":\"BreadcrumbList\",\"@id\":\"https:\/\/dicodusport.fr\/blog\/tour-de-france-2023-michael-woods-remporte-la-9eme-etape-au-sommet-du-puy-de-dome\/#breadcrumb\",\"itemListElement\":[{\"@type\":\"ListItem\",\"position\":1,\"name\":\"Accueil\",\"item\":\"https:\/\/dicodusport.fr\/blog\/\"},{\"@type\":\"ListItem\",\"position\":2,\"name\":\"Tour de France 2023 : Michael Woods remporte la 9\u00e8me \u00e9tape au sommet du Puy-de-D\u00f4me\"}]},{\"@type\":\"WebSite\",\"@id\":\"https:\/\/dicodusport.fr\/blog\/#website\",\"url\":\"https:\/\/dicodusport.fr\/blog\/\",\"name\":\"Dicodusport\",\"description\":\"L&#039;encyclop\u00e9die de l&#039;actualit\u00e9 sportive\",\"publisher\":{\"@id\":\"https:\/\/dicodusport.fr\/blog\/#organization\"},\"potentialAction\":[{\"@type\":\"SearchAction\",\"target\":{\"@type\":\"EntryPoint\",\"urlTemplate\":\"https:\/\/dicodusport.fr\/blog\/?s={search_term_string}\"},\"query-input\":{\"@type\":\"PropertyValueSpecification\",\"valueRequired\":true,\"valueName\":\"search_term_string\"}}],\"inLanguage\":\"fr-FR\"},{\"@type\":\"NewsMediaOrganization\",\"@id\":\"https:\/\/dicodusport.fr\/blog\/#organization\",\"name\":\"Dicodusport\",\"url\":\"https:\/\/dicodusport.fr\/blog\/\",\"logo\":{\"@type\":\"ImageObject\",\"inLanguage\":\"fr-FR\",\"@id\":\"https:\/\/dicodusport.fr\/blog\/#\/schema\/logo\/image\/\",\"url\":\"https:\/\/dicodusport.fr\/blog\/wp-content\/uploads\/2020\/06\/cropped-LOGO-DICODUSPORT-2020-SANS-FOND-SANS-TEXTE.png\",\"contentUrl\":\"https:\/\/dicodusport.fr\/blog\/wp-content\/uploads\/2020\/06\/cropped-LOGO-DICODUSPORT-2020-SANS-FOND-SANS-TEXTE.png\",\"width\":512,\"height\":512,\"caption\":\"Dicodusport\"},\"image\":{\"@id\":\"https:\/\/dicodusport.fr\/blog\/#\/schema\/logo\/image\/\"},\"sameAs\":[\"https:\/\/www.facebook.com\/dicodusport\",\"https:\/\/x.com\/dicodusport\",\"https:\/\/www.instagram.com\/dicodusport\/\",\"https:\/\/www.youtube.com\/channel\/UC7V2KZ5sd3htJivAbA4ZG3w\"],\"description\":\"Dicodusport est l'encyclop\u00e9die de l'actualit\u00e9 sportive.\",\"email\":\"bonjour@dicodusport.fr\",\"legalName\":\"DICODUSPORT\",\"foundingDate\":\"2018-01-14\",\"vatID\":\"FR71834470973\",\"taxID\":\"83447097300043\",\"numberOfEmployees\":{\"@type\":\"QuantitativeValue\",\"minValue\":\"1\",\"maxValue\":\"10\"}},{\"@type\":\"Person\",\"@id\":\"https:\/\/dicodusport.fr\/blog\/#\/schema\/person\/6db4bae06b171592211be385b32876a7\",\"name\":\"Emilien Descampiaux\",\"image\":{\"@type\":\"ImageObject\",\"inLanguage\":\"fr-FR\",\"@id\":\"https:\/\/dicodusport.fr\/blog\/#\/schema\/person\/image\/\",\"url\":\"https:\/\/dicodusport.fr\/blog\/wp-content\/uploads\/2021\/05\/Emilien-Descampiaux-150x150.jpg\",\"contentUrl\":\"https:\/\/dicodusport.fr\/blog\/wp-content\/uploads\/2021\/05\/Emilien-Descampiaux-150x150.jpg\",\"caption\":\"Emilien Descampiaux\"},\"description\":\"Journaliste\/r\u00e9dacteur depuis 2014 - Fan de la classe de Frank Vandenbroucke, je vis cyclisme (et de ses paysages) depuis plus de 20 ans. Je suis tr\u00e8s impliqu\u00e9 sur mes diff\u00e9rents r\u00e9seaux sociaux pour partager ma passion sur le monde et l'Histoire de la bicyclette avec ma voix sur les images en noir et blanc du succ\u00e8s de Rik Van Steenbergen lors du Ronde sur le V\u00e9lodrome de Gand.\",\"sameAs\":[\"https:\/\/www.facebook.com\/groups\/LesRoisDuPeloton\",\"https:\/\/x.com\/https:\/\/twitter.com\/LRoisDuPeloton\"],\"url\":\"https:\/\/dicodusport.fr\/blog\/author\/emiliend\/\"}]}<\/script>\n<!-- \/ Yoast SEO Premium plugin. -->","yoast_head_json":{"title":"Tour de France 2023 : Michael Woods remporte la 9\u00e8me \u00e9tape au sommet du Puy-de-D\u00f4me","description":"TOUR DE FRANCE 2023 \u2013 Michael Woods (Israel Premier Tech) s'est impos\u00e9 au Puy de D\u00f4me lors de la 9\u00e8me \u00e9tape, dimanche.","robots":{"index":"index","follow":"follow","max-snippet":"max-snippet:-1","max-image-preview":"max-image-preview:large","max-video-preview":"max-video-preview:-1"},"canonical":"https:\/\/dicodusport.fr\/blog\/tour-de-france-2023-michael-woods-remporte-la-9eme-etape-au-sommet-du-puy-de-dome\/","og_locale":"fr_FR","og_type":"article","og_title":"Tour de France 2023 : Michael Woods remporte la 9\u00e8me \u00e9tape au sommet du Puy-de-D\u00f4me","og_description":"TOUR DE FRANCE 2023 \u2013 Michael Woods (Israel Premier Tech) s'est impos\u00e9 au Puy de D\u00f4me lors de la 9\u00e8me \u00e9tape, dimanche.","og_url":"https:\/\/dicodusport.fr\/blog\/tour-de-france-2023-michael-woods-remporte-la-9eme-etape-au-sommet-du-puy-de-dome\/","og_site_name":"Dicodusport","article_publisher":"https:\/\/www.facebook.com\/dicodusport","article_author":"https:\/\/www.facebook.com\/groups\/LesRoisDuPeloton","article_published_time":"2023-07-09T16:14:48+00:00","article_modified_time":"2023-07-09T16:48:47+00:00","og_image":[{"width":800,"height":445,"url":"https:\/\/dicodusport.fr\/blog\/wp-content\/uploads\/2023\/07\/Tour-de-France-2023-Michael-Woods-remporte-la-9eme-etape-au-sommet-du-Puy-de-Dome-1.png","type":"image\/png"}],"author":"Emilien Descampiaux","twitter_card":"summary_large_image","twitter_title":"Tour de France 2023 : Michael Woods remporte la 9\u00e8me \u00e9tape au sommet du Puy-de-D\u00f4me","twitter_creator":"@https:\/\/twitter.com\/LRoisDuPeloton","twitter_site":"@dicodusport","schema":{"@context":"https:\/\/schema.org","@graph":[{"@type":"NewsArticle","@id":"https:\/\/dicodusport.fr\/blog\/tour-de-france-2023-michael-woods-remporte-la-9eme-etape-au-sommet-du-puy-de-dome\/#article","isPartOf":{"@id":"https:\/\/dicodusport.fr\/blog\/tour-de-france-2023-michael-woods-remporte-la-9eme-etape-au-sommet-du-puy-de-dome\/"},"author":{"name":"Emilien Descampiaux","@id":"https:\/\/dicodusport.fr\/blog\/#\/schema\/person\/6db4bae06b171592211be385b32876a7"},"headline":"Tour de France 2023 : Michael Woods remporte la 9\u00e8me \u00e9tape au sommet du Puy-de-D\u00f4me","datePublished":"2023-07-09T16:14:48+00:00","dateModified":"2023-07-09T16:48:47+00:00","mainEntityOfPage":{"@id":"https:\/\/dicodusport.fr\/blog\/tour-de-france-2023-michael-woods-remporte-la-9eme-etape-au-sommet-du-puy-de-dome\/"},"wordCount":895,"commentCount":0,"publisher":{"@id":"https:\/\/dicodusport.fr\/blog\/#organization"},"image":{"@id":"https:\/\/dicodusport.fr\/blog\/tour-de-france-2023-michael-woods-remporte-la-9eme-etape-au-sommet-du-puy-de-dome\/#primaryimage"},"thumbnailUrl":"https:\/\/dicodusport.fr\/blog\/wp-content\/uploads\/2023\/07\/Tour-de-France-2023-Michael-Woods-remporte-la-9eme-etape-au-sommet-du-Puy-de-Dome-1.png","keywords":["br\u00e8ve","sport","Tour de France"],"articleSection":["Tour de France"],"inLanguage":"fr-FR","potentialAction":[{"@type":"CommentAction","name":"Comment","target":["https:\/\/dicodusport.fr\/blog\/tour-de-france-2023-michael-woods-remporte-la-9eme-etape-au-sommet-du-puy-de-dome\/#respond"]}],"copyrightYear":"2023","copyrightHolder":{"@id":"https:\/\/dicodusport.fr\/blog\/#organization"}},{"@type":"WebPage","@id":"https:\/\/dicodusport.fr\/blog\/tour-de-france-2023-michael-woods-remporte-la-9eme-etape-au-sommet-du-puy-de-dome\/","url":"https:\/\/dicodusport.fr\/blog\/tour-de-france-2023-michael-woods-remporte-la-9eme-etape-au-sommet-du-puy-de-dome\/","name":"Tour de France 2023 : Michael Woods remporte la 9\u00e8me \u00e9tape au sommet du Puy-de-D\u00f4me","isPartOf":{"@id":"https:\/\/dicodusport.fr\/blog\/#website"},"primaryImageOfPage":{"@id":"https:\/\/dicodusport.fr\/blog\/tour-de-france-2023-michael-woods-remporte-la-9eme-etape-au-sommet-du-puy-de-dome\/#primaryimage"},"image":{"@id":"https:\/\/dicodusport.fr\/blog\/tour-de-france-2023-michael-woods-remporte-la-9eme-etape-au-sommet-du-puy-de-dome\/#primaryimage"},"thumbnailUrl":"https:\/\/dicodusport.fr\/blog\/wp-content\/uploads\/2023\/07\/Tour-de-France-2023-Michael-Woods-remporte-la-9eme-etape-au-sommet-du-Puy-de-Dome-1.png","datePublished":"2023-07-09T16:14:48+00:00","dateModified":"2023-07-09T16:48:47+00:00","description":"TOUR DE FRANCE 2023 \u2013 Michael Woods (Israel Premier Tech) s'est impos\u00e9 au Puy de D\u00f4me lors de la 9\u00e8me \u00e9tape, dimanche.","breadcrumb":{"@id":"https:\/\/dicodusport.fr\/blog\/tour-de-france-2023-michael-woods-remporte-la-9eme-etape-au-sommet-du-puy-de-dome\/#breadcrumb"},"inLanguage":"fr-FR","potentialAction":[{"@type":"ReadAction","target":["https:\/\/dicodusport.fr\/blog\/tour-de-france-2023-michael-woods-remporte-la-9eme-etape-au-sommet-du-puy-de-dome\/"]}]},{"@type":"ImageObject","inLanguage":"fr-FR","@id":"https:\/\/dicodusport.fr\/blog\/tour-de-france-2023-michael-woods-remporte-la-9eme-etape-au-sommet-du-puy-de-dome\/#primaryimage","url":"https:\/\/dicodusport.fr\/blog\/wp-content\/uploads\/2023\/07\/Tour-de-France-2023-Michael-Woods-remporte-la-9eme-etape-au-sommet-du-Puy-de-Dome-1.png","contentUrl":"https:\/\/dicodusport.fr\/blog\/wp-content\/uploads\/2023\/07\/Tour-de-France-2023-Michael-Woods-remporte-la-9eme-etape-au-sommet-du-Puy-de-Dome-1.png","width":800,"height":445,"caption":"Tour de France 2023 Michael Woods remporte la 9\u00e8me \u00e9tape au sommet du Puy-de-D\u00f4me (1)"},{"@type":"BreadcrumbList","@id":"https:\/\/dicodusport.fr\/blog\/tour-de-france-2023-michael-woods-remporte-la-9eme-etape-au-sommet-du-puy-de-dome\/#breadcrumb","itemListElement":[{"@type":"ListItem","position":1,"name":"Accueil","item":"https:\/\/dicodusport.fr\/blog\/"},{"@type":"ListItem","position":2,"name":"Tour de France 2023 : Michael Woods remporte la 9\u00e8me \u00e9tape au sommet du Puy-de-D\u00f4me"}]},{"@type":"WebSite","@id":"https:\/\/dicodusport.fr\/blog\/#website","url":"https:\/\/dicodusport.fr\/blog\/","name":"Dicodusport","description":"L&#039;encyclop\u00e9die de l&#039;actualit\u00e9 sportive","publisher":{"@id":"https:\/\/dicodusport.fr\/blog\/#organization"},"potentialAction":[{"@type":"SearchAction","target":{"@type":"EntryPoint","urlTemplate":"https:\/\/dicodusport.fr\/blog\/?s={search_term_string}"},"query-input":{"@type":"PropertyValueSpecification","valueRequired":true,"valueName":"search_term_string"}}],"inLanguage":"fr-FR"},{"@type":"NewsMediaOrganization","@id":"https:\/\/dicodusport.fr\/blog\/#organization","name":"Dicodusport","url":"https:\/\/dicodusport.fr\/blog\/","logo":{"@type":"ImageObject","inLanguage":"fr-FR","@id":"https:\/\/dicodusport.fr\/blog\/#\/schema\/logo\/image\/","url":"https:\/\/dicodusport.fr\/blog\/wp-content\/uploads\/2020\/06\/cropped-LOGO-DICODUSPORT-2020-SANS-FOND-SANS-TEXTE.png","contentUrl":"https:\/\/dicodusport.fr\/blog\/wp-content\/uploads\/2020\/06\/cropped-LOGO-DICODUSPORT-2020-SANS-FOND-SANS-TEXTE.png","width":512,"height":512,"caption":"Dicodusport"},"image":{"@id":"https:\/\/dicodusport.fr\/blog\/#\/schema\/logo\/image\/"},"sameAs":["https:\/\/www.facebook.com\/dicodusport","https:\/\/x.com\/dicodusport","https:\/\/www.instagram.com\/dicodusport\/","https:\/\/www.youtube.com\/channel\/UC7V2KZ5sd3htJivAbA4ZG3w"],"description":"Dicodusport est l'encyclop\u00e9die de l'actualit\u00e9 sportive.","email":"bonjour@dicodusport.fr","legalName":"DICODUSPORT","foundingDate":"2018-01-14","vatID":"FR71834470973","taxID":"83447097300043","numberOfEmployees":{"@type":"QuantitativeValue","minValue":"1","maxValue":"10"}},{"@type":"Person","@id":"https:\/\/dicodusport.fr\/blog\/#\/schema\/person\/6db4bae06b171592211be385b32876a7","name":"Emilien Descampiaux","image":{"@type":"ImageObject","inLanguage":"fr-FR","@id":"https:\/\/dicodusport.fr\/blog\/#\/schema\/person\/image\/","url":"https:\/\/dicodusport.fr\/blog\/wp-content\/uploads\/2021\/05\/Emilien-Descampiaux-150x150.jpg","contentUrl":"https:\/\/dicodusport.fr\/blog\/wp-content\/uploads\/2021\/05\/Emilien-Descampiaux-150x150.jpg","caption":"Emilien Descampiaux"},"description":"Journaliste\/r\u00e9dacteur depuis 2014 - Fan de la classe de Frank Vandenbroucke, je vis cyclisme (et de ses paysages) depuis plus de 20 ans. Je suis tr\u00e8s impliqu\u00e9 sur mes diff\u00e9rents r\u00e9seaux sociaux pour partager ma passion sur le monde et l'Histoire de la bicyclette avec ma voix sur les images en noir et blanc du succ\u00e8s de Rik Van Steenbergen lors du Ronde sur le V\u00e9lodrome de Gand.","sameAs":["https:\/\/www.facebook.com\/groups\/LesRoisDuPeloton","https:\/\/x.com\/https:\/\/twitter.com\/LRoisDuPeloton"],"url":"https:\/\/dicodusport.fr\/blog\/author\/emiliend\/"}]}},"_links":{"self":[{"href":"https:\/\/dicodusport.fr\/blog\/wp-json\/wp\/v2\/posts\/398581","targetHints":{"allow":["GET"]}}],"collection":[{"href":"https:\/\/dicodusport.fr\/blog\/wp-json\/wp\/v2\/posts"}],"about":[{"href":"https:\/\/dicodusport.fr\/blog\/wp-json\/wp\/v2\/types\/post"}],"author":[{"embeddable":true,"href":"https:\/\/dicodusport.fr\/blog\/wp-json\/wp\/v2\/users\/48"}],"replies":[{"embeddable":true,"href":"https:\/\/dicodusport.fr\/blog\/wp-json\/wp\/v2\/comments?post=398581"}],"version-history":[{"count":0,"href":"https:\/\/dicodusport.fr\/blog\/wp-json\/wp\/v2\/posts\/398581\/revisions"}],"wp:featuredmedia":[{"embeddable":true,"href":"https:\/\/dicodusport.fr\/blog\/wp-json\/wp\/v2\/media\/398739"}],"wp:attachment":[{"href":"https:\/\/dicodusport.fr\/blog\/wp-json\/wp\/v2\/media?parent=398581"}],"wp:term":[{"taxonomy":"category","embeddable":true,"href":"https:\/\/dicodusport.fr\/blog\/wp-json\/wp\/v2\/categories?post=398581"},{"taxonomy":"post_tag","embeddable":true,"href":"https:\/\/dicodusport.fr\/blog\/wp-json\/wp\/v2\/tags?post=398581"}],"curies":[{"name":"wp","href":"https:\/\/api.w.org\/{rel}","templated":true}]}}