{"id":398594,"date":"2023-07-09T14:36:48","date_gmt":"2023-07-09T12:36:48","guid":{"rendered":"https:\/\/dicodusport.fr\/blog\/?p=398594&#038;preview=true&#038;preview_id=398594"},"modified":"2023-07-09T15:03:00","modified_gmt":"2023-07-09T13:03:00","slug":"ecosse-stuart-hogg-met-un-terme-a-sa-carriere-avec-effet-immediat","status":"publish","type":"post","link":"https:\/\/dicodusport.fr\/blog\/ecosse-stuart-hogg-met-un-terme-a-sa-carriere-avec-effet-immediat\/","title":{"rendered":"\u00c9cosse : Stuart Hogg met un terme \u00e0 sa carri\u00e8re avec effet imm\u00e9diat"},"content":{"rendered":"<p align=\"justify\"><em><strong>RUGBY \u00c0 XV &#8211; Ce dimanche, Stuart Hogg (31 ans), Monument du rugby \u00e9cossais, a annonc\u00e9 mettre un terme \u00e0 sa carri\u00e8re avec effet imm\u00e9diat. L&rsquo;arri\u00e8re aux 100 s\u00e9lections avec le XV du Chardon estime avoir \u00ab tout essay\u00e9 pour faire partie du groupe, mais [son] corps ne fait pas les choses n\u00e9cessaires pour y arriver \u00bb.<\/strong><\/em><\/p>\n<p align=\"justify\"><strong>Stuart Hogg<\/strong> ne disputera pas une troisi\u00e8me Coupe du monde avec le <strong>XV du Chardon<\/strong>. L&rsquo;arri\u00e8re \u00e9cossais de 31 ans, a annonc\u00e9 sur ses r\u00e9seaux sociaux qu&rsquo;il mettait un terme \u00e0 sa carri\u00e8re avec effet imm\u00e9diat. Le joueur aux 100 s\u00e9lections avec l&rsquo;<strong>\u00c9cosse<\/strong>, <a href=\"https:\/\/dicodusport.fr\/blog\/ecosse-stuart-hogg-mettra-un-terme-a-sa-carriere-internationale-apres-le-mondial-2023\/\">devait arr\u00eater \u00e0 l&rsquo;issue de la Coupe du monde en France<\/a>. En mars dernier, \u00e0 l&rsquo;annonce de sa retraite post-Mondial 2023, <strong>Stuart Hogg<\/strong> \u00e9voquait un corps us\u00e9. Pas \u00e9pargn\u00e9 par les p\u00e9pins physiques depuis plusieurs saisons, celui qui a entam\u00e9 sa carri\u00e8re internationale \u00e0 l&rsquo;\u00e2ge de 19 ans, en 2012, a finalement d\u00e9cid\u00e9 de mettre la fl\u00e8che avant l&rsquo;\u00e9ch\u00e9ance internationale. Une fois de plus, trahi par son physique.<\/p>\n<blockquote>\n<p style=\"text-align: justify;\" align=\"justify\">J&rsquo;ai tout essay\u00e9 pour faire partie du groupe, mais mon corps ne fait pas les choses n\u00e9cessaires pour y arriver. Nous savions que ce jour viendrait, mais je n&rsquo;aurais jamais pens\u00e9 que ce serait si t\u00f4t. Il est difficile de mettre des mots sur l&rsquo;impact que ce sport a eu sur ma vie. Je prendrai ma retraite en sachant que j&rsquo;ai donn\u00e9 mon corps et mon c\u0153ur au rugby. Je serai \u00e0 jamais reconnaissant envers cette incroyable communaut\u00e9 et j&rsquo;ai h\u00e2te de commencer mon voyage en tant que fier supporter de l&rsquo;\u00e9quipe d&rsquo;\u00c9cosse.<\/p>\n<\/blockquote>\n<p style=\"text-align: justify;\" align=\"justify\">Joueur supersonique et cr\u00e9atif sur le terrain, <strong>Stuart Hogg<\/strong> laissera une trace ind\u00e9l\u00e9bile dans l&rsquo;histoire du rugby \u00e9cossais, et m\u00eame europ\u00e9en. Champion d&rsquo;Angleterre et d&rsquo;Europe en 2020 avec les <strong>Chiefs d&rsquo;Exeter<\/strong>, il aura inscrit 27 essais en 100 s\u00e9lections avec le <strong>XV du Chardon<\/strong>, disputant cons\u00e9cutivement 11 Tournois des 6 Nations, entre 2013 et 2023.<\/p>\n<blockquote class=\"twitter-tweet\">\n<p dir=\"ltr\" lang=\"qme\">\u2764\ufe0f <a href=\"https:\/\/t.co\/weaUWLqEQy\">pic.twitter.com\/weaUWLqEQy<\/a><\/p>\n<p>\u2014 Stuart W Hogg (@StuartWHOGG_) <a href=\"https:\/\/twitter.com\/StuartWHOGG_\/status\/1678013588546437120?ref_src=twsrc%5Etfw\">July 9, 2023<\/a><\/p><\/blockquote>\n<p><script async src=\"https:\/\/platform.twitter.com\/widgets.js\" charset=\"utf-8\"><\/script><\/p>\n<h2 style=\"text-align: justify;\">La carri\u00e8re de Stuart Hogg en chiffres<\/h2>\n<h3 style=\"text-align: justify;\">En club<\/h3>\n<p style=\"text-align: justify;\"><strong>Glasgow Warriors (2010-2019) :<\/strong> 121 matchs (228 points)<br \/>\n<strong>Exeter Chiefs (2019-) :<\/strong> 71 matchs (104 points)<\/p>\n<p style=\"text-align: justify;\"><strong>Champion de la Ligue Celte<\/strong> avec Glasgow en 2015<br \/>\n<strong>Champion d&rsquo;Angleterre et d&rsquo;Europe<\/strong> avec Exeter en 2020<\/p>\n<h3 style=\"text-align: justify;\">En s\u00e9lection \u00e9cossaise<\/h3>\n<p style=\"text-align: justify;\"><strong>100 s\u00e9lections (99 fois titulaire) :<\/strong> 171 points (27 essais, 5 p\u00e9nalit\u00e9s, 9 transformations, 1 drop)<br \/>\nCapitaine \u00e0 27 reprises<br \/>\n<strong>Onze Tournois des Six Nations disput\u00e9s cons\u00e9cutivement<\/strong>, entre 2013 et 2023<br \/>\n<strong>Deux Coupes du monde disput\u00e9es<\/strong>, en 2015 et 2019<br \/>\n<strong>Meilleur joueur du Tournoi des Six Nations en 2016 et 2017<\/strong><\/p>\n","protected":false},"excerpt":{"rendered":"<p>RUGBY \u00c0 XV &#8211; Ce dimanche, Stuart Hogg, Monument du rugby \u00e9cossais, a annonc\u00e9 mettre un terme \u00e0 sa carri\u00e8re avec effet imm\u00e9diat. L&rsquo;arri\u00e8re aux 100 s\u00e9lections avec le Chardon estime avoir \u00ab tout essay\u00e9 pour faire partie du groupe, mais [son] corps ne fait pas les choses n\u00e9cessaires pour y arriver \u00bb.<\/p>\n","protected":false},"author":4,"featured_media":398597,"comment_status":"open","ping_status":"closed","sticky":false,"template":"","format":"standard","meta":{"_acf_changed":false,"_daextam_enable_autolinks":"","footnotes":""},"categories":[9129],"tags":[16878,1332,13,3155],"class_list":["post-398594","post","type-post","status-publish","format-standard","has-post-thumbnail","hentry","category-rugby-a-xv","tag-breve","tag-ecosse","tag-rugby","tag-stuart-hogg"],"acf":[],"yoast_head":"<!-- This site is optimized with the Yoast SEO Premium plugin v26.7 (Yoast SEO v26.7) - https:\/\/yoast.com\/wordpress\/plugins\/seo\/ -->\n<title>\u00c9cosse : Stuart Hogg met un terme \u00e0 sa carri\u00e8re avec effet imm\u00e9diat<\/title>\n<meta name=\"description\" content=\"RUGBY \u00c0 XV - Ce dimanche, Stuart Hogg, Monument du rugby \u00e9cossais, a annonc\u00e9 mettre un terme \u00e0 sa carri\u00e8re avec effet imm\u00e9diat.\" \/>\n<meta name=\"robots\" content=\"index, follow, max-snippet:-1, max-image-preview:large, max-video-preview:-1\" \/>\n<link rel=\"canonical\" href=\"https:\/\/dicodusport.fr\/blog\/ecosse-stuart-hogg-met-un-terme-a-sa-carriere-avec-effet-immediat\/\" \/>\n<meta property=\"og:locale\" content=\"fr_FR\" \/>\n<meta property=\"og:type\" content=\"article\" \/>\n<meta property=\"og:title\" content=\"\u00c9cosse : Stuart Hogg met un terme \u00e0 sa carri\u00e8re avec effet imm\u00e9diat\" \/>\n<meta property=\"og:description\" content=\"RUGBY \u00c0 XV - Ce dimanche, Stuart Hogg, Monument du rugby \u00e9cossais, a annonc\u00e9 mettre un terme \u00e0 sa carri\u00e8re avec effet imm\u00e9diat.\" \/>\n<meta property=\"og:url\" content=\"https:\/\/dicodusport.fr\/blog\/ecosse-stuart-hogg-met-un-terme-a-sa-carriere-avec-effet-immediat\/\" \/>\n<meta property=\"og:site_name\" content=\"Dicodusport\" \/>\n<meta property=\"article:publisher\" content=\"https:\/\/www.facebook.com\/dicodusport\" \/>\n<meta property=\"article:author\" content=\"https:\/\/www.facebook.com\/florent.ostermann\" \/>\n<meta property=\"article:published_time\" content=\"2023-07-09T12:36:48+00:00\" \/>\n<meta property=\"article:modified_time\" content=\"2023-07-09T13:03:00+00:00\" \/>\n<meta property=\"og:image\" content=\"https:\/\/dicodusport.fr\/blog\/wp-content\/uploads\/2023\/07\/Ecosse-Stuart-Hogg-met-un-terme-a-sa-carriere-avec-effet-immediat.png\" \/>\n\t<meta property=\"og:image:width\" content=\"800\" \/>\n\t<meta property=\"og:image:height\" content=\"445\" \/>\n\t<meta property=\"og:image:type\" content=\"image\/png\" \/>\n<meta name=\"author\" content=\"Flo Ostermann\" \/>\n<meta name=\"twitter:card\" content=\"summary_large_image\" \/>\n<meta name=\"twitter:title\" content=\"\u00c9cosse : Stuart Hogg met un terme \u00e0 sa carri\u00e8re avec effet imm\u00e9diat\" \/>\n<meta name=\"twitter:creator\" content=\"@https:\/\/twitter.com\/FlOstermann\" \/>\n<meta name=\"twitter:site\" content=\"@dicodusport\" \/>\n<script type=\"application\/ld+json\" class=\"yoast-schema-graph\">{\"@context\":\"https:\/\/schema.org\",\"@graph\":[{\"@type\":\"NewsArticle\",\"@id\":\"https:\/\/dicodusport.fr\/blog\/ecosse-stuart-hogg-met-un-terme-a-sa-carriere-avec-effet-immediat\/#article\",\"isPartOf\":{\"@id\":\"https:\/\/dicodusport.fr\/blog\/ecosse-stuart-hogg-met-un-terme-a-sa-carriere-avec-effet-immediat\/\"},\"author\":{\"name\":\"Flo Ostermann\",\"@id\":\"https:\/\/dicodusport.fr\/blog\/#\/schema\/person\/cb02af4c173ce4a653b55e9baf388d4a\"},\"headline\":\"\u00c9cosse : Stuart Hogg met un terme \u00e0 sa carri\u00e8re avec effet imm\u00e9diat\",\"datePublished\":\"2023-07-09T12:36:48+00:00\",\"dateModified\":\"2023-07-09T13:03:00+00:00\",\"mainEntityOfPage\":{\"@id\":\"https:\/\/dicodusport.fr\/blog\/ecosse-stuart-hogg-met-un-terme-a-sa-carriere-avec-effet-immediat\/\"},\"wordCount\":444,\"commentCount\":0,\"publisher\":{\"@id\":\"https:\/\/dicodusport.fr\/blog\/#organization\"},\"image\":{\"@id\":\"https:\/\/dicodusport.fr\/blog\/ecosse-stuart-hogg-met-un-terme-a-sa-carriere-avec-effet-immediat\/#primaryimage\"},\"thumbnailUrl\":\"https:\/\/dicodusport.fr\/blog\/wp-content\/uploads\/2023\/07\/Ecosse-Stuart-Hogg-met-un-terme-a-sa-carriere-avec-effet-immediat.png\",\"keywords\":[\"br\u00e8ve\",\"Ecosse\",\"Rugby\",\"Stuart Hogg\"],\"articleSection\":[\"Rugby \u00e0 XV\"],\"inLanguage\":\"fr-FR\",\"potentialAction\":[{\"@type\":\"CommentAction\",\"name\":\"Comment\",\"target\":[\"https:\/\/dicodusport.fr\/blog\/ecosse-stuart-hogg-met-un-terme-a-sa-carriere-avec-effet-immediat\/#respond\"]}],\"copyrightYear\":\"2023\",\"copyrightHolder\":{\"@id\":\"https:\/\/dicodusport.fr\/blog\/#organization\"}},{\"@type\":\"WebPage\",\"@id\":\"https:\/\/dicodusport.fr\/blog\/ecosse-stuart-hogg-met-un-terme-a-sa-carriere-avec-effet-immediat\/\",\"url\":\"https:\/\/dicodusport.fr\/blog\/ecosse-stuart-hogg-met-un-terme-a-sa-carriere-avec-effet-immediat\/\",\"name\":\"\u00c9cosse : Stuart Hogg met un terme \u00e0 sa carri\u00e8re avec effet imm\u00e9diat\",\"isPartOf\":{\"@id\":\"https:\/\/dicodusport.fr\/blog\/#website\"},\"primaryImageOfPage\":{\"@id\":\"https:\/\/dicodusport.fr\/blog\/ecosse-stuart-hogg-met-un-terme-a-sa-carriere-avec-effet-immediat\/#primaryimage\"},\"image\":{\"@id\":\"https:\/\/dicodusport.fr\/blog\/ecosse-stuart-hogg-met-un-terme-a-sa-carriere-avec-effet-immediat\/#primaryimage\"},\"thumbnailUrl\":\"https:\/\/dicodusport.fr\/blog\/wp-content\/uploads\/2023\/07\/Ecosse-Stuart-Hogg-met-un-terme-a-sa-carriere-avec-effet-immediat.png\",\"datePublished\":\"2023-07-09T12:36:48+00:00\",\"dateModified\":\"2023-07-09T13:03:00+00:00\",\"description\":\"RUGBY \u00c0 XV - Ce dimanche, Stuart Hogg, Monument du rugby \u00e9cossais, a annonc\u00e9 mettre un terme \u00e0 sa carri\u00e8re avec effet imm\u00e9diat.\",\"breadcrumb\":{\"@id\":\"https:\/\/dicodusport.fr\/blog\/ecosse-stuart-hogg-met-un-terme-a-sa-carriere-avec-effet-immediat\/#breadcrumb\"},\"inLanguage\":\"fr-FR\",\"potentialAction\":[{\"@type\":\"ReadAction\",\"target\":[\"https:\/\/dicodusport.fr\/blog\/ecosse-stuart-hogg-met-un-terme-a-sa-carriere-avec-effet-immediat\/\"]}]},{\"@type\":\"ImageObject\",\"inLanguage\":\"fr-FR\",\"@id\":\"https:\/\/dicodusport.fr\/blog\/ecosse-stuart-hogg-met-un-terme-a-sa-carriere-avec-effet-immediat\/#primaryimage\",\"url\":\"https:\/\/dicodusport.fr\/blog\/wp-content\/uploads\/2023\/07\/Ecosse-Stuart-Hogg-met-un-terme-a-sa-carriere-avec-effet-immediat.png\",\"contentUrl\":\"https:\/\/dicodusport.fr\/blog\/wp-content\/uploads\/2023\/07\/Ecosse-Stuart-Hogg-met-un-terme-a-sa-carriere-avec-effet-immediat.png\",\"width\":800,\"height\":445,\"caption\":\"\u00c9cosse Stuart Hogg met un terme \u00e0 sa carri\u00e8re avec effet imm\u00e9diat\"},{\"@type\":\"BreadcrumbList\",\"@id\":\"https:\/\/dicodusport.fr\/blog\/ecosse-stuart-hogg-met-un-terme-a-sa-carriere-avec-effet-immediat\/#breadcrumb\",\"itemListElement\":[{\"@type\":\"ListItem\",\"position\":1,\"name\":\"Accueil\",\"item\":\"https:\/\/dicodusport.fr\/blog\/\"},{\"@type\":\"ListItem\",\"position\":2,\"name\":\"\u00c9cosse : Stuart Hogg met un terme \u00e0 sa carri\u00e8re avec effet imm\u00e9diat\"}]},{\"@type\":\"WebSite\",\"@id\":\"https:\/\/dicodusport.fr\/blog\/#website\",\"url\":\"https:\/\/dicodusport.fr\/blog\/\",\"name\":\"Dicodusport\",\"description\":\"L&#039;encyclop\u00e9die de l&#039;actualit\u00e9 sportive\",\"publisher\":{\"@id\":\"https:\/\/dicodusport.fr\/blog\/#organization\"},\"potentialAction\":[{\"@type\":\"SearchAction\",\"target\":{\"@type\":\"EntryPoint\",\"urlTemplate\":\"https:\/\/dicodusport.fr\/blog\/?s={search_term_string}\"},\"query-input\":{\"@type\":\"PropertyValueSpecification\",\"valueRequired\":true,\"valueName\":\"search_term_string\"}}],\"inLanguage\":\"fr-FR\"},{\"@type\":\"NewsMediaOrganization\",\"@id\":\"https:\/\/dicodusport.fr\/blog\/#organization\",\"name\":\"Dicodusport\",\"url\":\"https:\/\/dicodusport.fr\/blog\/\",\"logo\":{\"@type\":\"ImageObject\",\"inLanguage\":\"fr-FR\",\"@id\":\"https:\/\/dicodusport.fr\/blog\/#\/schema\/logo\/image\/\",\"url\":\"https:\/\/dicodusport.fr\/blog\/wp-content\/uploads\/2020\/06\/cropped-LOGO-DICODUSPORT-2020-SANS-FOND-SANS-TEXTE.png\",\"contentUrl\":\"https:\/\/dicodusport.fr\/blog\/wp-content\/uploads\/2020\/06\/cropped-LOGO-DICODUSPORT-2020-SANS-FOND-SANS-TEXTE.png\",\"width\":512,\"height\":512,\"caption\":\"Dicodusport\"},\"image\":{\"@id\":\"https:\/\/dicodusport.fr\/blog\/#\/schema\/logo\/image\/\"},\"sameAs\":[\"https:\/\/www.facebook.com\/dicodusport\",\"https:\/\/x.com\/dicodusport\",\"https:\/\/www.instagram.com\/dicodusport\/\",\"https:\/\/www.youtube.com\/channel\/UC7V2KZ5sd3htJivAbA4ZG3w\"],\"description\":\"Dicodusport est l'encyclop\u00e9die de l'actualit\u00e9 sportive.\",\"email\":\"bonjour@dicodusport.fr\",\"legalName\":\"DICODUSPORT\",\"foundingDate\":\"2018-01-14\",\"vatID\":\"FR71834470973\",\"taxID\":\"83447097300043\",\"numberOfEmployees\":{\"@type\":\"QuantitativeValue\",\"minValue\":\"1\",\"maxValue\":\"10\"}},{\"@type\":\"Person\",\"@id\":\"https:\/\/dicodusport.fr\/blog\/#\/schema\/person\/cb02af4c173ce4a653b55e9baf388d4a\",\"name\":\"Flo Ostermann\",\"image\":{\"@type\":\"ImageObject\",\"inLanguage\":\"fr-FR\",\"@id\":\"https:\/\/dicodusport.fr\/blog\/#\/schema\/person\/image\/\",\"url\":\"https:\/\/dicodusport.fr\/blog\/wp-content\/uploads\/2021\/05\/Flo-Ostermann-150x150.jpg\",\"contentUrl\":\"https:\/\/dicodusport.fr\/blog\/wp-content\/uploads\/2021\/05\/Flo-Ostermann-150x150.jpg\",\"caption\":\"Flo Ostermann\"},\"description\":\"Journaliste\/R\u00e9dacteur depuis septembre 2015 - Mes premiers souvenirs dans le sport ? Les envol\u00e9es du Stade Toulousain et les duels Villeneuve-Schumacher et H\u00e4kkinen-Schumacher \u00e0 la fin des ann\u00e9es 90, la Coupe du monde de football en 1998, l\u2019exploit du XV de France face aux All Blacks en 1999, mais aussi Richard C\u0153ur de Lion qui vole sur les montagnes du Tour de France. Bien parti pour devenir professeur d\u2019EPS, les \u00e9v\u00e9nements de la vie (et la flemme d\u2019animer des s\u00e9ances de 3x500 m\u00e8tres toute ma vie) m\u2019ont conduit \u00e0 revoir mes plans. Me voil\u00e0 depuis fin 2017 sur Dicodusport, m\u00e9dia gr\u00e2ce (et pour) lequel je partage ma passion : le sport dans tous ses \u00e9tats. Le tout accompagn\u00e9 par les fous furieux et folles furieuses cit\u00e9s sur cette page !\",\"sameAs\":[\"https:\/\/www.facebook.com\/florent.ostermann\",\"https:\/\/x.com\/https:\/\/twitter.com\/FlOstermann\",\"admin\"],\"url\":\"https:\/\/dicodusport.fr\/blog\/author\/flo\/\"}]}<\/script>\n<!-- \/ Yoast SEO Premium plugin. -->","yoast_head_json":{"title":"\u00c9cosse : Stuart Hogg met un terme \u00e0 sa carri\u00e8re avec effet imm\u00e9diat","description":"RUGBY \u00c0 XV - Ce dimanche, Stuart Hogg, Monument du rugby \u00e9cossais, a annonc\u00e9 mettre un terme \u00e0 sa carri\u00e8re avec effet imm\u00e9diat.","robots":{"index":"index","follow":"follow","max-snippet":"max-snippet:-1","max-image-preview":"max-image-preview:large","max-video-preview":"max-video-preview:-1"},"canonical":"https:\/\/dicodusport.fr\/blog\/ecosse-stuart-hogg-met-un-terme-a-sa-carriere-avec-effet-immediat\/","og_locale":"fr_FR","og_type":"article","og_title":"\u00c9cosse : Stuart Hogg met un terme \u00e0 sa carri\u00e8re avec effet imm\u00e9diat","og_description":"RUGBY \u00c0 XV - Ce dimanche, Stuart Hogg, Monument du rugby \u00e9cossais, a annonc\u00e9 mettre un terme \u00e0 sa carri\u00e8re avec effet imm\u00e9diat.","og_url":"https:\/\/dicodusport.fr\/blog\/ecosse-stuart-hogg-met-un-terme-a-sa-carriere-avec-effet-immediat\/","og_site_name":"Dicodusport","article_publisher":"https:\/\/www.facebook.com\/dicodusport","article_author":"https:\/\/www.facebook.com\/florent.ostermann","article_published_time":"2023-07-09T12:36:48+00:00","article_modified_time":"2023-07-09T13:03:00+00:00","og_image":[{"width":800,"height":445,"url":"https:\/\/dicodusport.fr\/blog\/wp-content\/uploads\/2023\/07\/Ecosse-Stuart-Hogg-met-un-terme-a-sa-carriere-avec-effet-immediat.png","type":"image\/png"}],"author":"Flo Ostermann","twitter_card":"summary_large_image","twitter_title":"\u00c9cosse : Stuart Hogg met un terme \u00e0 sa carri\u00e8re avec effet imm\u00e9diat","twitter_creator":"@https:\/\/twitter.com\/FlOstermann","twitter_site":"@dicodusport","schema":{"@context":"https:\/\/schema.org","@graph":[{"@type":"NewsArticle","@id":"https:\/\/dicodusport.fr\/blog\/ecosse-stuart-hogg-met-un-terme-a-sa-carriere-avec-effet-immediat\/#article","isPartOf":{"@id":"https:\/\/dicodusport.fr\/blog\/ecosse-stuart-hogg-met-un-terme-a-sa-carriere-avec-effet-immediat\/"},"author":{"name":"Flo Ostermann","@id":"https:\/\/dicodusport.fr\/blog\/#\/schema\/person\/cb02af4c173ce4a653b55e9baf388d4a"},"headline":"\u00c9cosse : Stuart Hogg met un terme \u00e0 sa carri\u00e8re avec effet imm\u00e9diat","datePublished":"2023-07-09T12:36:48+00:00","dateModified":"2023-07-09T13:03:00+00:00","mainEntityOfPage":{"@id":"https:\/\/dicodusport.fr\/blog\/ecosse-stuart-hogg-met-un-terme-a-sa-carriere-avec-effet-immediat\/"},"wordCount":444,"commentCount":0,"publisher":{"@id":"https:\/\/dicodusport.fr\/blog\/#organization"},"image":{"@id":"https:\/\/dicodusport.fr\/blog\/ecosse-stuart-hogg-met-un-terme-a-sa-carriere-avec-effet-immediat\/#primaryimage"},"thumbnailUrl":"https:\/\/dicodusport.fr\/blog\/wp-content\/uploads\/2023\/07\/Ecosse-Stuart-Hogg-met-un-terme-a-sa-carriere-avec-effet-immediat.png","keywords":["br\u00e8ve","Ecosse","Rugby","Stuart Hogg"],"articleSection":["Rugby \u00e0 XV"],"inLanguage":"fr-FR","potentialAction":[{"@type":"CommentAction","name":"Comment","target":["https:\/\/dicodusport.fr\/blog\/ecosse-stuart-hogg-met-un-terme-a-sa-carriere-avec-effet-immediat\/#respond"]}],"copyrightYear":"2023","copyrightHolder":{"@id":"https:\/\/dicodusport.fr\/blog\/#organization"}},{"@type":"WebPage","@id":"https:\/\/dicodusport.fr\/blog\/ecosse-stuart-hogg-met-un-terme-a-sa-carriere-avec-effet-immediat\/","url":"https:\/\/dicodusport.fr\/blog\/ecosse-stuart-hogg-met-un-terme-a-sa-carriere-avec-effet-immediat\/","name":"\u00c9cosse : Stuart Hogg met un terme \u00e0 sa carri\u00e8re avec effet imm\u00e9diat","isPartOf":{"@id":"https:\/\/dicodusport.fr\/blog\/#website"},"primaryImageOfPage":{"@id":"https:\/\/dicodusport.fr\/blog\/ecosse-stuart-hogg-met-un-terme-a-sa-carriere-avec-effet-immediat\/#primaryimage"},"image":{"@id":"https:\/\/dicodusport.fr\/blog\/ecosse-stuart-hogg-met-un-terme-a-sa-carriere-avec-effet-immediat\/#primaryimage"},"thumbnailUrl":"https:\/\/dicodusport.fr\/blog\/wp-content\/uploads\/2023\/07\/Ecosse-Stuart-Hogg-met-un-terme-a-sa-carriere-avec-effet-immediat.png","datePublished":"2023-07-09T12:36:48+00:00","dateModified":"2023-07-09T13:03:00+00:00","description":"RUGBY \u00c0 XV - Ce dimanche, Stuart Hogg, Monument du rugby \u00e9cossais, a annonc\u00e9 mettre un terme \u00e0 sa carri\u00e8re avec effet imm\u00e9diat.","breadcrumb":{"@id":"https:\/\/dicodusport.fr\/blog\/ecosse-stuart-hogg-met-un-terme-a-sa-carriere-avec-effet-immediat\/#breadcrumb"},"inLanguage":"fr-FR","potentialAction":[{"@type":"ReadAction","target":["https:\/\/dicodusport.fr\/blog\/ecosse-stuart-hogg-met-un-terme-a-sa-carriere-avec-effet-immediat\/"]}]},{"@type":"ImageObject","inLanguage":"fr-FR","@id":"https:\/\/dicodusport.fr\/blog\/ecosse-stuart-hogg-met-un-terme-a-sa-carriere-avec-effet-immediat\/#primaryimage","url":"https:\/\/dicodusport.fr\/blog\/wp-content\/uploads\/2023\/07\/Ecosse-Stuart-Hogg-met-un-terme-a-sa-carriere-avec-effet-immediat.png","contentUrl":"https:\/\/dicodusport.fr\/blog\/wp-content\/uploads\/2023\/07\/Ecosse-Stuart-Hogg-met-un-terme-a-sa-carriere-avec-effet-immediat.png","width":800,"height":445,"caption":"\u00c9cosse Stuart Hogg met un terme \u00e0 sa carri\u00e8re avec effet imm\u00e9diat"},{"@type":"BreadcrumbList","@id":"https:\/\/dicodusport.fr\/blog\/ecosse-stuart-hogg-met-un-terme-a-sa-carriere-avec-effet-immediat\/#breadcrumb","itemListElement":[{"@type":"ListItem","position":1,"name":"Accueil","item":"https:\/\/dicodusport.fr\/blog\/"},{"@type":"ListItem","position":2,"name":"\u00c9cosse : Stuart Hogg met un terme \u00e0 sa carri\u00e8re avec effet imm\u00e9diat"}]},{"@type":"WebSite","@id":"https:\/\/dicodusport.fr\/blog\/#website","url":"https:\/\/dicodusport.fr\/blog\/","name":"Dicodusport","description":"L&#039;encyclop\u00e9die de l&#039;actualit\u00e9 sportive","publisher":{"@id":"https:\/\/dicodusport.fr\/blog\/#organization"},"potentialAction":[{"@type":"SearchAction","target":{"@type":"EntryPoint","urlTemplate":"https:\/\/dicodusport.fr\/blog\/?s={search_term_string}"},"query-input":{"@type":"PropertyValueSpecification","valueRequired":true,"valueName":"search_term_string"}}],"inLanguage":"fr-FR"},{"@type":"NewsMediaOrganization","@id":"https:\/\/dicodusport.fr\/blog\/#organization","name":"Dicodusport","url":"https:\/\/dicodusport.fr\/blog\/","logo":{"@type":"ImageObject","inLanguage":"fr-FR","@id":"https:\/\/dicodusport.fr\/blog\/#\/schema\/logo\/image\/","url":"https:\/\/dicodusport.fr\/blog\/wp-content\/uploads\/2020\/06\/cropped-LOGO-DICODUSPORT-2020-SANS-FOND-SANS-TEXTE.png","contentUrl":"https:\/\/dicodusport.fr\/blog\/wp-content\/uploads\/2020\/06\/cropped-LOGO-DICODUSPORT-2020-SANS-FOND-SANS-TEXTE.png","width":512,"height":512,"caption":"Dicodusport"},"image":{"@id":"https:\/\/dicodusport.fr\/blog\/#\/schema\/logo\/image\/"},"sameAs":["https:\/\/www.facebook.com\/dicodusport","https:\/\/x.com\/dicodusport","https:\/\/www.instagram.com\/dicodusport\/","https:\/\/www.youtube.com\/channel\/UC7V2KZ5sd3htJivAbA4ZG3w"],"description":"Dicodusport est l'encyclop\u00e9die de l'actualit\u00e9 sportive.","email":"bonjour@dicodusport.fr","legalName":"DICODUSPORT","foundingDate":"2018-01-14","vatID":"FR71834470973","taxID":"83447097300043","numberOfEmployees":{"@type":"QuantitativeValue","minValue":"1","maxValue":"10"}},{"@type":"Person","@id":"https:\/\/dicodusport.fr\/blog\/#\/schema\/person\/cb02af4c173ce4a653b55e9baf388d4a","name":"Flo Ostermann","image":{"@type":"ImageObject","inLanguage":"fr-FR","@id":"https:\/\/dicodusport.fr\/blog\/#\/schema\/person\/image\/","url":"https:\/\/dicodusport.fr\/blog\/wp-content\/uploads\/2021\/05\/Flo-Ostermann-150x150.jpg","contentUrl":"https:\/\/dicodusport.fr\/blog\/wp-content\/uploads\/2021\/05\/Flo-Ostermann-150x150.jpg","caption":"Flo Ostermann"},"description":"Journaliste\/R\u00e9dacteur depuis septembre 2015 - Mes premiers souvenirs dans le sport ? Les envol\u00e9es du Stade Toulousain et les duels Villeneuve-Schumacher et H\u00e4kkinen-Schumacher \u00e0 la fin des ann\u00e9es 90, la Coupe du monde de football en 1998, l\u2019exploit du XV de France face aux All Blacks en 1999, mais aussi Richard C\u0153ur de Lion qui vole sur les montagnes du Tour de France. Bien parti pour devenir professeur d\u2019EPS, les \u00e9v\u00e9nements de la vie (et la flemme d\u2019animer des s\u00e9ances de 3x500 m\u00e8tres toute ma vie) m\u2019ont conduit \u00e0 revoir mes plans. Me voil\u00e0 depuis fin 2017 sur Dicodusport, m\u00e9dia gr\u00e2ce (et pour) lequel je partage ma passion : le sport dans tous ses \u00e9tats. Le tout accompagn\u00e9 par les fous furieux et folles furieuses cit\u00e9s sur cette page !","sameAs":["https:\/\/www.facebook.com\/florent.ostermann","https:\/\/x.com\/https:\/\/twitter.com\/FlOstermann","admin"],"url":"https:\/\/dicodusport.fr\/blog\/author\/flo\/"}]}},"_links":{"self":[{"href":"https:\/\/dicodusport.fr\/blog\/wp-json\/wp\/v2\/posts\/398594","targetHints":{"allow":["GET"]}}],"collection":[{"href":"https:\/\/dicodusport.fr\/blog\/wp-json\/wp\/v2\/posts"}],"about":[{"href":"https:\/\/dicodusport.fr\/blog\/wp-json\/wp\/v2\/types\/post"}],"author":[{"embeddable":true,"href":"https:\/\/dicodusport.fr\/blog\/wp-json\/wp\/v2\/users\/4"}],"replies":[{"embeddable":true,"href":"https:\/\/dicodusport.fr\/blog\/wp-json\/wp\/v2\/comments?post=398594"}],"version-history":[{"count":0,"href":"https:\/\/dicodusport.fr\/blog\/wp-json\/wp\/v2\/posts\/398594\/revisions"}],"wp:featuredmedia":[{"embeddable":true,"href":"https:\/\/dicodusport.fr\/blog\/wp-json\/wp\/v2\/media\/398597"}],"wp:attachment":[{"href":"https:\/\/dicodusport.fr\/blog\/wp-json\/wp\/v2\/media?parent=398594"}],"wp:term":[{"taxonomy":"category","embeddable":true,"href":"https:\/\/dicodusport.fr\/blog\/wp-json\/wp\/v2\/categories?post=398594"},{"taxonomy":"post_tag","embeddable":true,"href":"https:\/\/dicodusport.fr\/blog\/wp-json\/wp\/v2\/tags?post=398594"}],"curies":[{"name":"wp","href":"https:\/\/api.w.org\/{rel}","templated":true}]}}