{"id":398889,"date":"2023-07-10T10:47:01","date_gmt":"2023-07-10T08:47:01","guid":{"rendered":"https:\/\/dicodusport.fr\/blog\/?p=398889&#038;preview=true&#038;preview_id=398889"},"modified":"2023-07-10T10:58:57","modified_gmt":"2023-07-10T08:58:57","slug":"escalade-trois-medailles-pour-les-bleus-sur-la-manche-de-coupe-du-monde-de-chamonix","status":"publish","type":"post","link":"https:\/\/dicodusport.fr\/blog\/escalade-trois-medailles-pour-les-bleus-sur-la-manche-de-coupe-du-monde-de-chamonix\/","title":{"rendered":"Escalade : Trois m\u00e9dailles pour les Bleus sur la manche de Coupe du monde de Chamonix"},"content":{"rendered":"<p style=\"text-align: justify;\"><b><i>COUPE DU MONDE D&rsquo;ESCALADE &#8211; Que ce soit en vitesse ou en difficult\u00e9, les Bleus ont r\u00e9gal\u00e9 leur public qui a vu Victoire Andrier, H\u00e9l\u00e8ne Janicot et Sam Avezou monter sur le podium.<\/i><\/b><\/p>\n<p style=\"text-align: justify;\">\u00c0 domicile, les Bleus ont \u00e9t\u00e9 en r\u00e9ussite. D\u00e8s l&rsquo;\u00e9preuve de vitesse, ils se sont mis au niveau, ce qui a d\u00e9bouch\u00e9 sur une m\u00e9daille d&rsquo;argent assez inattendue. Voil\u00e0 cinq ans que <strong>Victoire Andrier<\/strong> n&rsquo;\u00e9tait plus mont\u00e9e sur un podium de Coupe du monde, et c&rsquo;est \u00e0 Chamonix qu&rsquo;elle a remis \u00e7a. Manche apr\u00e8s manche, elle a domin\u00e9 ses rivales avant de s&rsquo;incliner contre <strong>Rajiah Sallsabillah<\/strong> en finale. Une belle mani\u00e8re de lancer les hostilit\u00e9s.<\/p>\n<blockquote class=\"twitter-tweet\">\n<p dir=\"ltr\" lang=\"fr\">Coupe du monde de vitesse : m\u00e9daill\u00e9e d&rsquo;argent, Victoire Andrier renverse Chamonix \ud83e\udd48<a href=\"https:\/\/t.co\/KVImxgYB8F\">https:\/\/t.co\/KVImxgYB8F<\/a> <a href=\"https:\/\/twitter.com\/thenorthface?ref_src=twsrc%5Etfw\">@thenorthface<\/a> <a href=\"https:\/\/twitter.com\/TheNorthFaceEU?ref_src=twsrc%5Etfw\">@TheNorthFaceEU<\/a> <a href=\"https:\/\/twitter.com\/Au_VieuxCampeur?ref_src=twsrc%5Etfw\">@Au_VieuxCampeur<\/a> <a href=\"https:\/\/twitter.com\/Eurosport_FR?ref_src=twsrc%5Etfw\">@Eurosport_FR<\/a><\/p>\n<p>\u2014 FF Montagne Escalade (@FFME_officiel) <a href=\"https:\/\/twitter.com\/FFME_officiel\/status\/1677965242242945025?ref_src=twsrc%5Etfw\">July 9, 2023<\/a><\/p><\/blockquote>\n<p style=\"text-align: justify;\"><script async src=\"https:\/\/platform.twitter.com\/widgets.js\" charset=\"utf-8\"><\/script><br \/>\nCar sur l&rsquo;\u00e9preuve de difficult\u00e9, les Bleus ont fait coup double. <strong>H\u00e9l\u00e8ne Janicot<\/strong> a sign\u00e9 un retour fracassant au plus haut niveau en prenant le bronze apr\u00e8s rien de moins que neuf ans sans m\u00e9dailles. Une belle performance magnifi\u00e9e par la deuxi\u00e8me place de<strong> Sam Avezou<\/strong> dans la comp\u00e9tition masculine. <a href=\"https:\/\/dicodusport.fr\/blog\/championnats-europeens-largent-pour-sam-avezou-en-escalade\/\">Vice-champion d&rsquo;Europe de bloc l&rsquo;\u00e9t\u00e9 dernier<\/a>, c&rsquo;est en difficult\u00e9 qu&rsquo;il a cette fois brill\u00e9. Trois m\u00e9dailles, une belle performance, et les Bleus auront l&rsquo;occasion de remettre \u00e7a d\u00e8s le weekend prochain \u00e0 Brian\u00e7on.<\/p>\n","protected":false},"excerpt":{"rendered":"<p>COUPE DU MONDE D&rsquo;ESCALADE &#8211; Que ce soit en vitesse ou en difficult\u00e9, les Bleus ont r\u00e9gal\u00e9 leur public qui a vu Victoire Andrier, H\u00e9l\u00e8ne Janicot et Sam Avezou monter sur le podium.<\/p>\n","protected":false},"author":59,"featured_media":398891,"comment_status":"open","ping_status":"closed","sticky":false,"template":"","format":"standard","meta":{"_acf_changed":false,"_daextam_enable_autolinks":"","footnotes":""},"categories":[10930],"tags":[16878,23681,477,25772],"class_list":["post-398889","post","type-post","status-publish","format-standard","has-post-thumbnail","hentry","category-escalade","tag-breve","tag-coupe-du-monde-descalade","tag-escalade","tag-sam-avezou"],"acf":[],"yoast_head":"<!-- This site is optimized with the Yoast SEO Premium plugin v26.7 (Yoast SEO v26.7) - https:\/\/yoast.com\/wordpress\/plugins\/seo\/ -->\n<title>Escalade - Escalade : Trois m\u00e9dailles pour les Bleus sur la manche de Coupe du monde de Chamonix - Dicodusport<\/title>\n<meta name=\"description\" content=\"COUPE DU MONDE D&#039;ESCALADE - es Bleus ont r\u00e9gal\u00e9 leur public qui a vu Victoire Andrier, H\u00e9l\u00e8ne Janicot et Sam Avezou monter sur le podium.\" \/>\n<meta name=\"robots\" content=\"index, follow, max-snippet:-1, max-image-preview:large, max-video-preview:-1\" \/>\n<link rel=\"canonical\" href=\"https:\/\/dicodusport.fr\/blog\/escalade-trois-medailles-pour-les-bleus-sur-la-manche-de-coupe-du-monde-de-chamonix\/\" \/>\n<meta property=\"og:locale\" content=\"fr_FR\" \/>\n<meta property=\"og:type\" content=\"article\" \/>\n<meta property=\"og:title\" content=\"Escalade : Trois m\u00e9dailles pour les Bleus sur la manche de Coupe du monde de Chamonix\" \/>\n<meta property=\"og:description\" content=\"COUPE DU MONDE D&#039;ESCALADE - es Bleus ont r\u00e9gal\u00e9 leur public qui a vu Victoire Andrier, H\u00e9l\u00e8ne Janicot et Sam Avezou monter sur le podium.\" \/>\n<meta property=\"og:url\" content=\"https:\/\/dicodusport.fr\/blog\/escalade-trois-medailles-pour-les-bleus-sur-la-manche-de-coupe-du-monde-de-chamonix\/\" \/>\n<meta property=\"og:site_name\" content=\"Dicodusport\" \/>\n<meta property=\"article:publisher\" content=\"https:\/\/www.facebook.com\/dicodusport\" \/>\n<meta property=\"article:author\" content=\"https:\/\/www.facebook.com\/sebastien.gente\/\" \/>\n<meta property=\"article:published_time\" content=\"2023-07-10T08:47:01+00:00\" \/>\n<meta property=\"article:modified_time\" content=\"2023-07-10T08:58:57+00:00\" \/>\n<meta property=\"og:image\" content=\"https:\/\/dicodusport.fr\/blog\/wp-content\/uploads\/2023\/07\/Escalade-Trois-medailles-pour-les-Bleus-sur-la-manche-de-Coupe-du-monde-de-Chamonix.png\" \/>\n\t<meta property=\"og:image:width\" content=\"800\" \/>\n\t<meta property=\"og:image:height\" content=\"445\" \/>\n\t<meta property=\"og:image:type\" content=\"image\/png\" \/>\n<meta name=\"author\" content=\"S\u00e9bastien Gente\" \/>\n<meta name=\"twitter:card\" content=\"summary_large_image\" \/>\n<meta name=\"twitter:title\" content=\"Escalade : Trois m\u00e9dailles pour les Bleus sur la manche de Coupe du monde de Chamonix\" \/>\n<meta name=\"twitter:creator\" content=\"@https:\/\/twitter.com\/globulo24\" \/>\n<meta name=\"twitter:site\" content=\"@dicodusport\" \/>\n<script type=\"application\/ld+json\" class=\"yoast-schema-graph\">{\"@context\":\"https:\/\/schema.org\",\"@graph\":[{\"@type\":\"NewsArticle\",\"@id\":\"https:\/\/dicodusport.fr\/blog\/escalade-trois-medailles-pour-les-bleus-sur-la-manche-de-coupe-du-monde-de-chamonix\/#article\",\"isPartOf\":{\"@id\":\"https:\/\/dicodusport.fr\/blog\/escalade-trois-medailles-pour-les-bleus-sur-la-manche-de-coupe-du-monde-de-chamonix\/\"},\"author\":{\"name\":\"S\u00e9bastien Gente\",\"@id\":\"https:\/\/dicodusport.fr\/blog\/#\/schema\/person\/627966a6cde45dbd8c5e36ac85d783da\"},\"headline\":\"Escalade : Trois m\u00e9dailles pour les Bleus sur la manche de Coupe du monde de Chamonix\",\"datePublished\":\"2023-07-10T08:47:01+00:00\",\"dateModified\":\"2023-07-10T08:58:57+00:00\",\"mainEntityOfPage\":{\"@id\":\"https:\/\/dicodusport.fr\/blog\/escalade-trois-medailles-pour-les-bleus-sur-la-manche-de-coupe-du-monde-de-chamonix\/\"},\"wordCount\":269,\"commentCount\":0,\"publisher\":{\"@id\":\"https:\/\/dicodusport.fr\/blog\/#organization\"},\"image\":{\"@id\":\"https:\/\/dicodusport.fr\/blog\/escalade-trois-medailles-pour-les-bleus-sur-la-manche-de-coupe-du-monde-de-chamonix\/#primaryimage\"},\"thumbnailUrl\":\"https:\/\/dicodusport.fr\/blog\/wp-content\/uploads\/2023\/07\/Escalade-Trois-medailles-pour-les-Bleus-sur-la-manche-de-Coupe-du-monde-de-Chamonix.png\",\"keywords\":[\"br\u00e8ve\",\"Coupe du monde d'escalade\",\"Escalade\",\"Sam Avezou\"],\"articleSection\":[\"Escalade\"],\"inLanguage\":\"fr-FR\",\"potentialAction\":[{\"@type\":\"CommentAction\",\"name\":\"Comment\",\"target\":[\"https:\/\/dicodusport.fr\/blog\/escalade-trois-medailles-pour-les-bleus-sur-la-manche-de-coupe-du-monde-de-chamonix\/#respond\"]}],\"copyrightYear\":\"2023\",\"copyrightHolder\":{\"@id\":\"https:\/\/dicodusport.fr\/blog\/#organization\"}},{\"@type\":\"WebPage\",\"@id\":\"https:\/\/dicodusport.fr\/blog\/escalade-trois-medailles-pour-les-bleus-sur-la-manche-de-coupe-du-monde-de-chamonix\/\",\"url\":\"https:\/\/dicodusport.fr\/blog\/escalade-trois-medailles-pour-les-bleus-sur-la-manche-de-coupe-du-monde-de-chamonix\/\",\"name\":\"Escalade - Escalade : Trois m\u00e9dailles pour les Bleus sur la manche de Coupe du monde de Chamonix - Dicodusport\",\"isPartOf\":{\"@id\":\"https:\/\/dicodusport.fr\/blog\/#website\"},\"primaryImageOfPage\":{\"@id\":\"https:\/\/dicodusport.fr\/blog\/escalade-trois-medailles-pour-les-bleus-sur-la-manche-de-coupe-du-monde-de-chamonix\/#primaryimage\"},\"image\":{\"@id\":\"https:\/\/dicodusport.fr\/blog\/escalade-trois-medailles-pour-les-bleus-sur-la-manche-de-coupe-du-monde-de-chamonix\/#primaryimage\"},\"thumbnailUrl\":\"https:\/\/dicodusport.fr\/blog\/wp-content\/uploads\/2023\/07\/Escalade-Trois-medailles-pour-les-Bleus-sur-la-manche-de-Coupe-du-monde-de-Chamonix.png\",\"datePublished\":\"2023-07-10T08:47:01+00:00\",\"dateModified\":\"2023-07-10T08:58:57+00:00\",\"description\":\"COUPE DU MONDE D'ESCALADE - es Bleus ont r\u00e9gal\u00e9 leur public qui a vu Victoire Andrier, H\u00e9l\u00e8ne Janicot et Sam Avezou monter sur le podium.\",\"breadcrumb\":{\"@id\":\"https:\/\/dicodusport.fr\/blog\/escalade-trois-medailles-pour-les-bleus-sur-la-manche-de-coupe-du-monde-de-chamonix\/#breadcrumb\"},\"inLanguage\":\"fr-FR\",\"potentialAction\":[{\"@type\":\"ReadAction\",\"target\":[\"https:\/\/dicodusport.fr\/blog\/escalade-trois-medailles-pour-les-bleus-sur-la-manche-de-coupe-du-monde-de-chamonix\/\"]}]},{\"@type\":\"ImageObject\",\"inLanguage\":\"fr-FR\",\"@id\":\"https:\/\/dicodusport.fr\/blog\/escalade-trois-medailles-pour-les-bleus-sur-la-manche-de-coupe-du-monde-de-chamonix\/#primaryimage\",\"url\":\"https:\/\/dicodusport.fr\/blog\/wp-content\/uploads\/2023\/07\/Escalade-Trois-medailles-pour-les-Bleus-sur-la-manche-de-Coupe-du-monde-de-Chamonix.png\",\"contentUrl\":\"https:\/\/dicodusport.fr\/blog\/wp-content\/uploads\/2023\/07\/Escalade-Trois-medailles-pour-les-Bleus-sur-la-manche-de-Coupe-du-monde-de-Chamonix.png\",\"width\":800,\"height\":445,\"caption\":\"Escalade Trois m\u00e9dailles pour les Bleus sur la manche de Coupe du monde de Chamonix\"},{\"@type\":\"BreadcrumbList\",\"@id\":\"https:\/\/dicodusport.fr\/blog\/escalade-trois-medailles-pour-les-bleus-sur-la-manche-de-coupe-du-monde-de-chamonix\/#breadcrumb\",\"itemListElement\":[{\"@type\":\"ListItem\",\"position\":1,\"name\":\"Accueil\",\"item\":\"https:\/\/dicodusport.fr\/blog\/\"},{\"@type\":\"ListItem\",\"position\":2,\"name\":\"Escalade : Trois m\u00e9dailles pour les Bleus sur la manche de Coupe du monde de Chamonix\"}]},{\"@type\":\"WebSite\",\"@id\":\"https:\/\/dicodusport.fr\/blog\/#website\",\"url\":\"https:\/\/dicodusport.fr\/blog\/\",\"name\":\"Dicodusport\",\"description\":\"L&#039;encyclop\u00e9die de l&#039;actualit\u00e9 sportive\",\"publisher\":{\"@id\":\"https:\/\/dicodusport.fr\/blog\/#organization\"},\"potentialAction\":[{\"@type\":\"SearchAction\",\"target\":{\"@type\":\"EntryPoint\",\"urlTemplate\":\"https:\/\/dicodusport.fr\/blog\/?s={search_term_string}\"},\"query-input\":{\"@type\":\"PropertyValueSpecification\",\"valueRequired\":true,\"valueName\":\"search_term_string\"}}],\"inLanguage\":\"fr-FR\"},{\"@type\":\"NewsMediaOrganization\",\"@id\":\"https:\/\/dicodusport.fr\/blog\/#organization\",\"name\":\"Dicodusport\",\"url\":\"https:\/\/dicodusport.fr\/blog\/\",\"logo\":{\"@type\":\"ImageObject\",\"inLanguage\":\"fr-FR\",\"@id\":\"https:\/\/dicodusport.fr\/blog\/#\/schema\/logo\/image\/\",\"url\":\"https:\/\/dicodusport.fr\/blog\/wp-content\/uploads\/2020\/06\/cropped-LOGO-DICODUSPORT-2020-SANS-FOND-SANS-TEXTE.png\",\"contentUrl\":\"https:\/\/dicodusport.fr\/blog\/wp-content\/uploads\/2020\/06\/cropped-LOGO-DICODUSPORT-2020-SANS-FOND-SANS-TEXTE.png\",\"width\":512,\"height\":512,\"caption\":\"Dicodusport\"},\"image\":{\"@id\":\"https:\/\/dicodusport.fr\/blog\/#\/schema\/logo\/image\/\"},\"sameAs\":[\"https:\/\/www.facebook.com\/dicodusport\",\"https:\/\/x.com\/dicodusport\",\"https:\/\/www.instagram.com\/dicodusport\/\",\"https:\/\/www.youtube.com\/channel\/UC7V2KZ5sd3htJivAbA4ZG3w\"],\"description\":\"Dicodusport est l'encyclop\u00e9die de l'actualit\u00e9 sportive.\",\"email\":\"bonjour@dicodusport.fr\",\"legalName\":\"DICODUSPORT\",\"foundingDate\":\"2018-01-14\",\"vatID\":\"FR71834470973\",\"taxID\":\"83447097300043\",\"numberOfEmployees\":{\"@type\":\"QuantitativeValue\",\"minValue\":\"1\",\"maxValue\":\"10\"}},{\"@type\":\"Person\",\"@id\":\"https:\/\/dicodusport.fr\/blog\/#\/schema\/person\/627966a6cde45dbd8c5e36ac85d783da\",\"name\":\"S\u00e9bastien Gente\",\"image\":{\"@type\":\"ImageObject\",\"inLanguage\":\"fr-FR\",\"@id\":\"https:\/\/dicodusport.fr\/blog\/#\/schema\/person\/image\/\",\"url\":\"https:\/\/dicodusport.fr\/blog\/wp-content\/uploads\/2021\/09\/1510990_10205810251400683_4124423575079401707_n-150x150.jpg\",\"contentUrl\":\"https:\/\/dicodusport.fr\/blog\/wp-content\/uploads\/2021\/09\/1510990_10205810251400683_4124423575079401707_n-150x150.jpg\",\"caption\":\"S\u00e9bastien Gente\"},\"description\":\"John Stockton, Gianni Bugno, Zinedine Zidane, Steffi Graf, Frode Andresen, St\u00e9phane Stoecklin, Davis Kamoga, Primoz Peterka, Werner Schlager et Aur\u00e9lien Rougerie. Point commun entre ces sportifs? Ils m'ont fait r\u00eaver et ont berc\u00e9 mon adolescence. Je suis un fondu de sports et j'essaie de retranscrire ma passion \u00e0 travers mes articles. Originaire du P\u00e9rigord, ma passion pour les Girondins, les Jaunards et les Jazzmen transpire dans mes \u00e9crits. \u00c0 Dicodusport depuis 2021, je d\u00e9niche les sports m\u00e9connus dans lesquels la France brille, et il y en a !\",\"sameAs\":[\"https:\/\/www.facebook.com\/sebastien.gente\/\",\"https:\/\/www.instagram.com\/sebgente\/\",\"https:\/\/www.linkedin.com\/in\/sbastien-gente-a29583169\/\",\"https:\/\/x.com\/https:\/\/twitter.com\/globulo24\",\"SebastienGente\"],\"worksFor\":\"S\u00e9bastien GENTE\",\"url\":\"https:\/\/dicodusport.fr\/blog\/author\/sebastiengente\/\"}]}<\/script>\n<!-- \/ Yoast SEO Premium plugin. -->","yoast_head_json":{"title":"Escalade - Escalade : Trois m\u00e9dailles pour les Bleus sur la manche de Coupe du monde de Chamonix - Dicodusport","description":"COUPE DU MONDE D'ESCALADE - es Bleus ont r\u00e9gal\u00e9 leur public qui a vu Victoire Andrier, H\u00e9l\u00e8ne Janicot et Sam Avezou monter sur le podium.","robots":{"index":"index","follow":"follow","max-snippet":"max-snippet:-1","max-image-preview":"max-image-preview:large","max-video-preview":"max-video-preview:-1"},"canonical":"https:\/\/dicodusport.fr\/blog\/escalade-trois-medailles-pour-les-bleus-sur-la-manche-de-coupe-du-monde-de-chamonix\/","og_locale":"fr_FR","og_type":"article","og_title":"Escalade : Trois m\u00e9dailles pour les Bleus sur la manche de Coupe du monde de Chamonix","og_description":"COUPE DU MONDE D'ESCALADE - es Bleus ont r\u00e9gal\u00e9 leur public qui a vu Victoire Andrier, H\u00e9l\u00e8ne Janicot et Sam Avezou monter sur le podium.","og_url":"https:\/\/dicodusport.fr\/blog\/escalade-trois-medailles-pour-les-bleus-sur-la-manche-de-coupe-du-monde-de-chamonix\/","og_site_name":"Dicodusport","article_publisher":"https:\/\/www.facebook.com\/dicodusport","article_author":"https:\/\/www.facebook.com\/sebastien.gente\/","article_published_time":"2023-07-10T08:47:01+00:00","article_modified_time":"2023-07-10T08:58:57+00:00","og_image":[{"width":800,"height":445,"url":"https:\/\/dicodusport.fr\/blog\/wp-content\/uploads\/2023\/07\/Escalade-Trois-medailles-pour-les-Bleus-sur-la-manche-de-Coupe-du-monde-de-Chamonix.png","type":"image\/png"}],"author":"S\u00e9bastien Gente","twitter_card":"summary_large_image","twitter_title":"Escalade : Trois m\u00e9dailles pour les Bleus sur la manche de Coupe du monde de Chamonix","twitter_creator":"@https:\/\/twitter.com\/globulo24","twitter_site":"@dicodusport","schema":{"@context":"https:\/\/schema.org","@graph":[{"@type":"NewsArticle","@id":"https:\/\/dicodusport.fr\/blog\/escalade-trois-medailles-pour-les-bleus-sur-la-manche-de-coupe-du-monde-de-chamonix\/#article","isPartOf":{"@id":"https:\/\/dicodusport.fr\/blog\/escalade-trois-medailles-pour-les-bleus-sur-la-manche-de-coupe-du-monde-de-chamonix\/"},"author":{"name":"S\u00e9bastien Gente","@id":"https:\/\/dicodusport.fr\/blog\/#\/schema\/person\/627966a6cde45dbd8c5e36ac85d783da"},"headline":"Escalade : Trois m\u00e9dailles pour les Bleus sur la manche de Coupe du monde de Chamonix","datePublished":"2023-07-10T08:47:01+00:00","dateModified":"2023-07-10T08:58:57+00:00","mainEntityOfPage":{"@id":"https:\/\/dicodusport.fr\/blog\/escalade-trois-medailles-pour-les-bleus-sur-la-manche-de-coupe-du-monde-de-chamonix\/"},"wordCount":269,"commentCount":0,"publisher":{"@id":"https:\/\/dicodusport.fr\/blog\/#organization"},"image":{"@id":"https:\/\/dicodusport.fr\/blog\/escalade-trois-medailles-pour-les-bleus-sur-la-manche-de-coupe-du-monde-de-chamonix\/#primaryimage"},"thumbnailUrl":"https:\/\/dicodusport.fr\/blog\/wp-content\/uploads\/2023\/07\/Escalade-Trois-medailles-pour-les-Bleus-sur-la-manche-de-Coupe-du-monde-de-Chamonix.png","keywords":["br\u00e8ve","Coupe du monde d'escalade","Escalade","Sam Avezou"],"articleSection":["Escalade"],"inLanguage":"fr-FR","potentialAction":[{"@type":"CommentAction","name":"Comment","target":["https:\/\/dicodusport.fr\/blog\/escalade-trois-medailles-pour-les-bleus-sur-la-manche-de-coupe-du-monde-de-chamonix\/#respond"]}],"copyrightYear":"2023","copyrightHolder":{"@id":"https:\/\/dicodusport.fr\/blog\/#organization"}},{"@type":"WebPage","@id":"https:\/\/dicodusport.fr\/blog\/escalade-trois-medailles-pour-les-bleus-sur-la-manche-de-coupe-du-monde-de-chamonix\/","url":"https:\/\/dicodusport.fr\/blog\/escalade-trois-medailles-pour-les-bleus-sur-la-manche-de-coupe-du-monde-de-chamonix\/","name":"Escalade - Escalade : Trois m\u00e9dailles pour les Bleus sur la manche de Coupe du monde de Chamonix - Dicodusport","isPartOf":{"@id":"https:\/\/dicodusport.fr\/blog\/#website"},"primaryImageOfPage":{"@id":"https:\/\/dicodusport.fr\/blog\/escalade-trois-medailles-pour-les-bleus-sur-la-manche-de-coupe-du-monde-de-chamonix\/#primaryimage"},"image":{"@id":"https:\/\/dicodusport.fr\/blog\/escalade-trois-medailles-pour-les-bleus-sur-la-manche-de-coupe-du-monde-de-chamonix\/#primaryimage"},"thumbnailUrl":"https:\/\/dicodusport.fr\/blog\/wp-content\/uploads\/2023\/07\/Escalade-Trois-medailles-pour-les-Bleus-sur-la-manche-de-Coupe-du-monde-de-Chamonix.png","datePublished":"2023-07-10T08:47:01+00:00","dateModified":"2023-07-10T08:58:57+00:00","description":"COUPE DU MONDE D'ESCALADE - es Bleus ont r\u00e9gal\u00e9 leur public qui a vu Victoire Andrier, H\u00e9l\u00e8ne Janicot et Sam Avezou monter sur le podium.","breadcrumb":{"@id":"https:\/\/dicodusport.fr\/blog\/escalade-trois-medailles-pour-les-bleus-sur-la-manche-de-coupe-du-monde-de-chamonix\/#breadcrumb"},"inLanguage":"fr-FR","potentialAction":[{"@type":"ReadAction","target":["https:\/\/dicodusport.fr\/blog\/escalade-trois-medailles-pour-les-bleus-sur-la-manche-de-coupe-du-monde-de-chamonix\/"]}]},{"@type":"ImageObject","inLanguage":"fr-FR","@id":"https:\/\/dicodusport.fr\/blog\/escalade-trois-medailles-pour-les-bleus-sur-la-manche-de-coupe-du-monde-de-chamonix\/#primaryimage","url":"https:\/\/dicodusport.fr\/blog\/wp-content\/uploads\/2023\/07\/Escalade-Trois-medailles-pour-les-Bleus-sur-la-manche-de-Coupe-du-monde-de-Chamonix.png","contentUrl":"https:\/\/dicodusport.fr\/blog\/wp-content\/uploads\/2023\/07\/Escalade-Trois-medailles-pour-les-Bleus-sur-la-manche-de-Coupe-du-monde-de-Chamonix.png","width":800,"height":445,"caption":"Escalade Trois m\u00e9dailles pour les Bleus sur la manche de Coupe du monde de Chamonix"},{"@type":"BreadcrumbList","@id":"https:\/\/dicodusport.fr\/blog\/escalade-trois-medailles-pour-les-bleus-sur-la-manche-de-coupe-du-monde-de-chamonix\/#breadcrumb","itemListElement":[{"@type":"ListItem","position":1,"name":"Accueil","item":"https:\/\/dicodusport.fr\/blog\/"},{"@type":"ListItem","position":2,"name":"Escalade : Trois m\u00e9dailles pour les Bleus sur la manche de Coupe du monde de Chamonix"}]},{"@type":"WebSite","@id":"https:\/\/dicodusport.fr\/blog\/#website","url":"https:\/\/dicodusport.fr\/blog\/","name":"Dicodusport","description":"L&#039;encyclop\u00e9die de l&#039;actualit\u00e9 sportive","publisher":{"@id":"https:\/\/dicodusport.fr\/blog\/#organization"},"potentialAction":[{"@type":"SearchAction","target":{"@type":"EntryPoint","urlTemplate":"https:\/\/dicodusport.fr\/blog\/?s={search_term_string}"},"query-input":{"@type":"PropertyValueSpecification","valueRequired":true,"valueName":"search_term_string"}}],"inLanguage":"fr-FR"},{"@type":"NewsMediaOrganization","@id":"https:\/\/dicodusport.fr\/blog\/#organization","name":"Dicodusport","url":"https:\/\/dicodusport.fr\/blog\/","logo":{"@type":"ImageObject","inLanguage":"fr-FR","@id":"https:\/\/dicodusport.fr\/blog\/#\/schema\/logo\/image\/","url":"https:\/\/dicodusport.fr\/blog\/wp-content\/uploads\/2020\/06\/cropped-LOGO-DICODUSPORT-2020-SANS-FOND-SANS-TEXTE.png","contentUrl":"https:\/\/dicodusport.fr\/blog\/wp-content\/uploads\/2020\/06\/cropped-LOGO-DICODUSPORT-2020-SANS-FOND-SANS-TEXTE.png","width":512,"height":512,"caption":"Dicodusport"},"image":{"@id":"https:\/\/dicodusport.fr\/blog\/#\/schema\/logo\/image\/"},"sameAs":["https:\/\/www.facebook.com\/dicodusport","https:\/\/x.com\/dicodusport","https:\/\/www.instagram.com\/dicodusport\/","https:\/\/www.youtube.com\/channel\/UC7V2KZ5sd3htJivAbA4ZG3w"],"description":"Dicodusport est l'encyclop\u00e9die de l'actualit\u00e9 sportive.","email":"bonjour@dicodusport.fr","legalName":"DICODUSPORT","foundingDate":"2018-01-14","vatID":"FR71834470973","taxID":"83447097300043","numberOfEmployees":{"@type":"QuantitativeValue","minValue":"1","maxValue":"10"}},{"@type":"Person","@id":"https:\/\/dicodusport.fr\/blog\/#\/schema\/person\/627966a6cde45dbd8c5e36ac85d783da","name":"S\u00e9bastien Gente","image":{"@type":"ImageObject","inLanguage":"fr-FR","@id":"https:\/\/dicodusport.fr\/blog\/#\/schema\/person\/image\/","url":"https:\/\/dicodusport.fr\/blog\/wp-content\/uploads\/2021\/09\/1510990_10205810251400683_4124423575079401707_n-150x150.jpg","contentUrl":"https:\/\/dicodusport.fr\/blog\/wp-content\/uploads\/2021\/09\/1510990_10205810251400683_4124423575079401707_n-150x150.jpg","caption":"S\u00e9bastien Gente"},"description":"John Stockton, Gianni Bugno, Zinedine Zidane, Steffi Graf, Frode Andresen, St\u00e9phane Stoecklin, Davis Kamoga, Primoz Peterka, Werner Schlager et Aur\u00e9lien Rougerie. Point commun entre ces sportifs? Ils m'ont fait r\u00eaver et ont berc\u00e9 mon adolescence. Je suis un fondu de sports et j'essaie de retranscrire ma passion \u00e0 travers mes articles. Originaire du P\u00e9rigord, ma passion pour les Girondins, les Jaunards et les Jazzmen transpire dans mes \u00e9crits. \u00c0 Dicodusport depuis 2021, je d\u00e9niche les sports m\u00e9connus dans lesquels la France brille, et il y en a !","sameAs":["https:\/\/www.facebook.com\/sebastien.gente\/","https:\/\/www.instagram.com\/sebgente\/","https:\/\/www.linkedin.com\/in\/sbastien-gente-a29583169\/","https:\/\/x.com\/https:\/\/twitter.com\/globulo24","SebastienGente"],"worksFor":"S\u00e9bastien GENTE","url":"https:\/\/dicodusport.fr\/blog\/author\/sebastiengente\/"}]}},"_links":{"self":[{"href":"https:\/\/dicodusport.fr\/blog\/wp-json\/wp\/v2\/posts\/398889","targetHints":{"allow":["GET"]}}],"collection":[{"href":"https:\/\/dicodusport.fr\/blog\/wp-json\/wp\/v2\/posts"}],"about":[{"href":"https:\/\/dicodusport.fr\/blog\/wp-json\/wp\/v2\/types\/post"}],"author":[{"embeddable":true,"href":"https:\/\/dicodusport.fr\/blog\/wp-json\/wp\/v2\/users\/59"}],"replies":[{"embeddable":true,"href":"https:\/\/dicodusport.fr\/blog\/wp-json\/wp\/v2\/comments?post=398889"}],"version-history":[{"count":0,"href":"https:\/\/dicodusport.fr\/blog\/wp-json\/wp\/v2\/posts\/398889\/revisions"}],"wp:featuredmedia":[{"embeddable":true,"href":"https:\/\/dicodusport.fr\/blog\/wp-json\/wp\/v2\/media\/398891"}],"wp:attachment":[{"href":"https:\/\/dicodusport.fr\/blog\/wp-json\/wp\/v2\/media?parent=398889"}],"wp:term":[{"taxonomy":"category","embeddable":true,"href":"https:\/\/dicodusport.fr\/blog\/wp-json\/wp\/v2\/categories?post=398889"},{"taxonomy":"post_tag","embeddable":true,"href":"https:\/\/dicodusport.fr\/blog\/wp-json\/wp\/v2\/tags?post=398889"}],"curies":[{"name":"wp","href":"https:\/\/api.w.org\/{rel}","templated":true}]}}