{"id":398894,"date":"2023-07-10T15:46:14","date_gmt":"2023-07-10T13:46:14","guid":{"rendered":"https:\/\/dicodusport.fr\/blog\/?p=398894&#038;preview=true&#038;preview_id=398894"},"modified":"2023-07-10T15:46:14","modified_gmt":"2023-07-10T13:46:14","slug":"eurobasket-feminin-u18-rayonnante-a-konya-marine-dursus-prend-date-pour-lavenir","status":"publish","type":"post","link":"https:\/\/dicodusport.fr\/blog\/eurobasket-feminin-u18-rayonnante-a-konya-marine-dursus-prend-date-pour-lavenir\/","title":{"rendered":"EuroBasket F\u00e9minin U18 : Rayonnante \u00e0 Konya, Marine Dursus prend date pour l&rsquo;avenir"},"content":{"rendered":"<p style=\"text-align: justify;\" align=\"justify\"><em><a style=\"font-weight: bold;\" href=\"https:\/\/dicodusport.fr\/blog\/calendrier-et-resultats-eurobasket-u18-feminin-2023\/\">EUROBASKET F\u00c9MININ U18 2023<\/a><b> &#8211; \u00c9lue dans le 5 majeur de la comp\u00e9tition et meilleure marqueuse tricolore, Marine Dursus a de nouveau fait admirer son incroyable potentiel durant dix jours \u00e0 Konya. Avant d&rsquo;entamer sa premi\u00e8re saison en LFB, la future angevine ne cesse de franchir les \u00e9tapes une \u00e0 une.<\/b><\/em><\/p>\n<p align=\"justify\">Le pr\u00e9nom <strong>Marine<\/strong> commence s\u00e9rieusement \u00e0 avoir la cote en <strong>\u00e9quipe de France<\/strong>. Alors que <strong>Johann\u00e8s<\/strong> et <strong>Fauthoux<\/strong> se sont impos\u00e9es ces derni\u00e8res ann\u00e9es, voil\u00e0 qu&rsquo;une troisi\u00e8me pointe de plus en plus le bout de son nez. Alors qu&rsquo;elle f\u00eatera ses 18 ans le 26 ao\u00fbt prochain, <strong>Marine Dursus<\/strong> s&rsquo;affirme au fil des mois comme l&rsquo;un des plus grands espoirs du basket f\u00e9minin fran\u00e7ais. \u00c0 <strong>Konya<\/strong>, elle l&rsquo;a de nouveau montr\u00e9 avec l&rsquo;\u00e9quipe U18, <a href=\"https:\/\/dicodusport.fr\/blog\/eurobasket-feminin-u18-vaincues-en-finale-les-bleuettes-repartent-avec-la-medaille-dargent\/\">m\u00e9daill\u00e9e d&rsquo;argent<\/a>.<\/p>\n<h2 style=\"text-align: justify;\" align=\"justify\">Une incroyable r\u00e9gularit\u00e9 avec les Bleuettes<\/h2>\n<p align=\"justify\">Il s&rsquo;agit au passage de la troisi\u00e8me breloque r\u00e9colt\u00e9e par la joueuse en deux \u00e9t\u00e9s, puisqu&rsquo;elle avait pris part au bronze d\u00e9croch\u00e9 \u00e0 la <strong>Coupe du monde U17<\/strong>, mais \u00e9galement \u00e0 celui obtenu \u00e0 l&rsquo;<strong>EuroBasket U18<\/strong> lors de l&rsquo;ann\u00e9e 2022. Plut\u00f4t un beau palmar\u00e8s pour celle qui n&rsquo;a pas encore atteint la majorit\u00e9. Cela n&rsquo;est toutefois pas une surprise tant l&rsquo;Alsacienne est devenue incontournable partout o\u00f9 elle a mis les pieds. Son aventure tricolore avait d\u00e9but\u00e9 d\u00e8s l&rsquo;\u00e9t\u00e9 2021 par l&rsquo;<strong>EuroBasket U16<\/strong>, o\u00f9 elle avait d\u00e9j\u00e0 d\u00e9ploy\u00e9 une belle panoplie offensive (12,6 points) au relais de la dominante <strong>Dominique Malonga<\/strong>.<\/p>\n<p align=\"justify\">\u00c0 l&rsquo;\u00e9poque, elle brillait par sa capacit\u00e9 \u00e0 attaquer le cercle en profitant d&rsquo;un <em>handle<\/em> d\u00e9j\u00e0 tr\u00e8s solide. Depuis, elle a renforc\u00e9 ses acquis tout en s&rsquo;offrant aussi un shoot ext\u00e9rieur bien plus consistant. Lors de cet <strong>EuroBasket U18<\/strong>, elle a termin\u00e9 \u00e0 <strong>plus de 42% de moyenne derri\u00e8re l&rsquo;arc<\/strong>, et paie son 1\/6 en finale face \u00e0 la Slov\u00e9nie. Au passage, sa seule filoche r\u00e9ussie lors de ce match aura \u00e9t\u00e9 un incroyable tir \u00e0 neuf m\u00e8tres en fin de possession, et \u00e0 -9.<\/p>\n<h2 style=\"text-align: justify;\" align=\"justify\">Une progression constante<\/h2>\n<p align=\"justify\">En l&rsquo;absence de l&rsquo;\u00e9l\u00e9ment phare de la g\u00e9n\u00e9ration 2005, <strong>Dominique Malonga, Marine Dursus<\/strong> a pris du galon pour devenir la meilleure scoreuse tricolore avec <strong>13 unit\u00e9s de moyenne<\/strong>. R\u00e9guli\u00e8re et appliqu\u00e9e, sa pr\u00e9sence sur le parquet a constamment bonifi\u00e9 le collectif. Son association avec <strong>Nell Angloma<\/strong> a notamment fait des ravages. Ce n&rsquo;est pas l&rsquo;Espagne qui dira le contraire, elle qui s&rsquo;est fait terrasser par les 41 points cumul\u00e9s des deux joueuses.<\/p>\n<p align=\"justify\">\u00c0 titre individuel, <strong>Dursus<\/strong> a sign\u00e9 son meilleur match de la comp\u00e9tition en compilant 20 points, mais \u00e9galement 4 passes et quatre interceptions. En dehors de son \u00e9norme impact offensif, la future angevine a aussi \u00e9norm\u00e9ment progress\u00e9 d\u00e9fensivement. Tenace dans les duels en un contre un, vive sur les switchs, elle a aussi conserv\u00e9 des mains actives avec <strong>2,3 ballons vol\u00e9s par match <\/strong>! Une statistique solide dans la lign\u00e9e de ce qu&rsquo;elle produit chaque \u00e9t\u00e9 en bleu.<\/p>\n<blockquote class=\"twitter-tweet\">\n<p dir=\"ltr\" lang=\"fr\">Envie d\u2019appeler ma fille Marine, pour qu\u2019elle joue en \u00e9quipe de France et en LFB \ud83d\udd25 <a href=\"https:\/\/twitter.com\/hashtag\/MarineDursus?src=hash&amp;ref_src=twsrc%5Etfw\">#MarineDursus<\/a> <a href=\"https:\/\/t.co\/rxlMCX42sU\">pic.twitter.com\/rxlMCX42sU<\/a><\/p>\n<p>\u2014 Lukas Nicot (@LukasNicot) <a href=\"https:\/\/twitter.com\/LukasNicot\/status\/1678129695320047618?ref_src=twsrc%5Etfw\">July 9, 2023<\/a><\/p><\/blockquote>\n<p><script async src=\"https:\/\/platform.twitter.com\/widgets.js\" charset=\"utf-8\"><\/script><\/p>\n<h2 style=\"text-align: justify;\" align=\"justify\">Angers en guise de tremplin en LFB<\/h2>\n<p align=\"justify\">D\u00e9sormais, la prochaine \u00e9tape sera en club. Int\u00e9gr\u00e9e au <strong>P\u00f4le France<\/strong> en 2020, elle a quitt\u00e9 ce dernier en fin de saison apr\u00e8s une ann\u00e9e tr\u00e8s int\u00e9ressante en <strong>LF2<\/strong> (9,6 points \u00e0 46% en global dont 34% derri\u00e8re l&rsquo;arc, 2,6 rebonds, 1,6 interception). Pour lancer sa carri\u00e8re professionnelle et d\u00e9couvrir la <strong>LFB<\/strong>, la jeune arri\u00e8re a d\u00e9cid\u00e9 d&rsquo;int\u00e9grer les rangs d&rsquo;Angers. En Anjou, elle sera coach\u00e9e par <strong>Aur\u00e9lie Bonnan<\/strong>, ancienne aili\u00e8re internationale \u00e0 la carri\u00e8re longue comme le bras. L&rsquo;<strong>UFAB<\/strong> sait qu&rsquo;elle tient l\u00e0 une joueuse de grand talent, et va sans doute la prot\u00e9ger lors des premiers mois. Son r\u00f4le sera sans aucun doute mineur lors des premi\u00e8res rencontres, mais cela devrait \u00e9voluer rapidement.<\/p>\n<p align=\"justify\">Avec son exp\u00e9rience internationale et d\u00e9j\u00e0 <strong>deux saisons compl\u00e8tes de LF2 au compteur<\/strong>, <strong>Marine Dursus<\/strong> dispose d\u00e9j\u00e0 d&rsquo;un bagage solide malgr\u00e9 son jeune \u00e2ge. Si son d\u00e9veloppement se poursuit de fa\u00e7on aussi lin\u00e9aire, elle devrait pouvoir avoir un r\u00e9el impact en <strong>LFB <\/strong>plus rapidement que pr\u00e9vu. En tout cas, ses futurs adversaires sont pr\u00e9venues. Une nouvelle Marine est de sortie, et compte bien suivre les traces de ses a\u00een\u00e9es !<\/p>\n<p><iframe loading=\"lazy\" style=\"border: none; overflow: hidden;\" src=\"https:\/\/www.facebook.com\/plugins\/post.php?href=https%3A%2F%2Fwww.facebook.com%2Fufab49%2Fposts%2Fpfbid02rhg2cvaqf9zQLJpLTGkUtKRsRYMJqWkQVQCCc2KepJ2bqKZHQPyzjVmeogRgnXYgl&amp;show_text=true&amp;width=500\" width=\"500\" height=\"765\" frameborder=\"0\" scrolling=\"no\" allowfullscreen=\"allowfullscreen\"><\/iframe><\/p>\n","protected":false},"excerpt":{"rendered":"<p>EUROBASKET F\u00c9MININ U18 2023 &#8211; Un an apr\u00e8s la terrible d\u00e9faite en demi-finales de la Coupe du monde U17, l&rsquo;\u00e9quipe de France a pris sa revanche. Les Bleuettes ont terrass\u00e9 l&rsquo;Espagne en demi-finales de l&rsquo;EuroBasket U18 ce samedi soir, 82-49. Dans le sillage du duo Nell Angloma &#8211; Marine Dursus, les Fran\u00e7aises ont \u00e9t\u00e9 en t\u00eate durant l&rsquo;int\u00e9gralit\u00e9 de la rencontre. Dimanche, elles affronteront la Slov\u00e9nie en finale.\u00a0<\/p>\n","protected":false},"author":55,"featured_media":398916,"comment_status":"open","ping_status":"closed","sticky":false,"template":"","format":"standard","meta":{"_acf_changed":false,"_daextam_enable_autolinks":"","footnotes":""},"categories":[2305],"tags":[3214,16878,32322,22890,7888],"class_list":["post-398894","post","type-post","status-publish","format-standard","has-post-thumbnail","hentry","category-basket-ball","tag-angers","tag-breve","tag-equipe-de-france-jeunes-basket","tag-france-u18","tag-lfb"],"acf":[],"yoast_head":"<!-- This site is optimized with the Yoast SEO Premium plugin v26.7 (Yoast SEO v26.7) - https:\/\/yoast.com\/wordpress\/plugins\/seo\/ -->\n<title>EuroBasket F\u00e9minin U18 : Rayonnante \u00e0 Konya, Marine Dursus prend date pour l&#039;avenir<\/title>\n<meta name=\"description\" content=\"EUROBASKET F\u00c9MININ U18 2023 - Nomm\u00e9e dans le 5 Majeur de la comp\u00e9tition, Marine Dursus a une nouvelle fois rayonn\u00e9 avec les Bleuettes.\" \/>\n<meta name=\"robots\" content=\"index, follow, max-snippet:-1, max-image-preview:large, max-video-preview:-1\" \/>\n<link rel=\"canonical\" href=\"https:\/\/dicodusport.fr\/blog\/?p=398894&preview=true&preview_id=398894\" \/>\n<meta property=\"og:locale\" content=\"fr_FR\" \/>\n<meta property=\"og:type\" content=\"article\" \/>\n<meta property=\"og:title\" content=\"EuroBasket F\u00e9minin U18 : Rayonnante \u00e0 Konya, Marine Dursus prend date pour l&#039;avenir\" \/>\n<meta property=\"og:description\" content=\"EUROBASKET F\u00c9MININ U18 2023 - Nomm\u00e9e dans le 5 Majeur de la comp\u00e9tition, Marine Dursus a une nouvelle fois rayonn\u00e9 avec les Bleuettes.\" \/>\n<meta property=\"og:url\" content=\"https:\/\/dicodusport.fr\/blog\/?p=398894&amp;preview=true&amp;preview_id=398894\" \/>\n<meta property=\"og:site_name\" content=\"Dicodusport\" \/>\n<meta property=\"article:publisher\" content=\"https:\/\/www.facebook.com\/dicodusport\" \/>\n<meta property=\"article:published_time\" content=\"2023-07-10T13:46:14+00:00\" \/>\n<meta property=\"og:image\" content=\"https:\/\/dicodusport.fr\/blog\/wp-content\/uploads\/2023\/07\/EuroBasket-Feminin-U18-Marine-Dursus.png\" \/>\n\t<meta property=\"og:image:width\" content=\"800\" \/>\n\t<meta property=\"og:image:height\" content=\"445\" \/>\n\t<meta property=\"og:image:type\" content=\"image\/png\" \/>\n<meta name=\"author\" content=\"Maxime Cazenave\" \/>\n<meta name=\"twitter:card\" content=\"summary_large_image\" \/>\n<meta name=\"twitter:title\" content=\"EuroBasket F\u00e9minin U18 : Rayonnante \u00e0 Konya, Marine Dursus prend date pour l&#039;avenir\" \/>\n<meta name=\"twitter:creator\" content=\"@https:\/\/twitter.com\/Maxime_Caze\" \/>\n<meta name=\"twitter:site\" content=\"@dicodusport\" \/>\n<script type=\"application\/ld+json\" class=\"yoast-schema-graph\">{\"@context\":\"https:\/\/schema.org\",\"@graph\":[{\"@type\":\"NewsArticle\",\"@id\":\"https:\/\/dicodusport.fr\/blog\/?p=398894&preview=true&preview_id=398894#article\",\"isPartOf\":{\"@id\":\"https:\/\/dicodusport.fr\/blog\/?p=398894&preview=true&preview_id=398894\"},\"author\":{\"name\":\"Maxime Cazenave\",\"@id\":\"https:\/\/dicodusport.fr\/blog\/#\/schema\/person\/37def232098a7a5cbab3974a3690abb0\"},\"headline\":\"EuroBasket F\u00e9minin U18 : Rayonnante \u00e0 Konya, Marine Dursus prend date pour l&rsquo;avenir\",\"datePublished\":\"2023-07-10T13:46:14+00:00\",\"mainEntityOfPage\":{\"@id\":\"https:\/\/dicodusport.fr\/blog\/?p=398894&preview=true&preview_id=398894\"},\"wordCount\":780,\"commentCount\":0,\"publisher\":{\"@id\":\"https:\/\/dicodusport.fr\/blog\/#organization\"},\"image\":{\"@id\":\"https:\/\/dicodusport.fr\/blog\/?p=398894&preview=true&preview_id=398894#primaryimage\"},\"thumbnailUrl\":\"https:\/\/dicodusport.fr\/blog\/wp-content\/uploads\/2023\/07\/EuroBasket-Feminin-U18-Marine-Dursus.png\",\"keywords\":[\"Angers\",\"br\u00e8ve\",\"Equipe de France jeunes basket\",\"France U18\",\"LFB\"],\"articleSection\":[\"Basket-ball\"],\"inLanguage\":\"fr-FR\",\"potentialAction\":[{\"@type\":\"CommentAction\",\"name\":\"Comment\",\"target\":[\"https:\/\/dicodusport.fr\/blog\/?p=398894&preview=true&preview_id=398894#respond\"]}],\"copyrightYear\":\"2023\",\"copyrightHolder\":{\"@id\":\"https:\/\/dicodusport.fr\/blog\/#organization\"}},{\"@type\":\"WebPage\",\"@id\":\"https:\/\/dicodusport.fr\/blog\/?p=398894&preview=true&preview_id=398894\",\"url\":\"https:\/\/dicodusport.fr\/blog\/?p=398894&preview=true&preview_id=398894\",\"name\":\"EuroBasket F\u00e9minin U18 : Rayonnante \u00e0 Konya, Marine Dursus prend date pour l'avenir\",\"isPartOf\":{\"@id\":\"https:\/\/dicodusport.fr\/blog\/#website\"},\"primaryImageOfPage\":{\"@id\":\"https:\/\/dicodusport.fr\/blog\/?p=398894&preview=true&preview_id=398894#primaryimage\"},\"image\":{\"@id\":\"https:\/\/dicodusport.fr\/blog\/?p=398894&preview=true&preview_id=398894#primaryimage\"},\"thumbnailUrl\":\"https:\/\/dicodusport.fr\/blog\/wp-content\/uploads\/2023\/07\/EuroBasket-Feminin-U18-Marine-Dursus.png\",\"datePublished\":\"2023-07-10T13:46:14+00:00\",\"description\":\"EUROBASKET F\u00c9MININ U18 2023 - Nomm\u00e9e dans le 5 Majeur de la comp\u00e9tition, Marine Dursus a une nouvelle fois rayonn\u00e9 avec les Bleuettes.\",\"breadcrumb\":{\"@id\":\"https:\/\/dicodusport.fr\/blog\/?p=398894&preview=true&preview_id=398894#breadcrumb\"},\"inLanguage\":\"fr-FR\",\"potentialAction\":[{\"@type\":\"ReadAction\",\"target\":[\"https:\/\/dicodusport.fr\/blog\/?p=398894&preview=true&preview_id=398894\"]}]},{\"@type\":\"ImageObject\",\"inLanguage\":\"fr-FR\",\"@id\":\"https:\/\/dicodusport.fr\/blog\/?p=398894&preview=true&preview_id=398894#primaryimage\",\"url\":\"https:\/\/dicodusport.fr\/blog\/wp-content\/uploads\/2023\/07\/EuroBasket-Feminin-U18-Marine-Dursus.png\",\"contentUrl\":\"https:\/\/dicodusport.fr\/blog\/wp-content\/uploads\/2023\/07\/EuroBasket-Feminin-U18-Marine-Dursus.png\",\"width\":800,\"height\":445,\"caption\":\"EuroBasket F\u00e9minin U18 Marine Dursus\"},{\"@type\":\"BreadcrumbList\",\"@id\":\"https:\/\/dicodusport.fr\/blog\/?p=398894&preview=true&preview_id=398894#breadcrumb\",\"itemListElement\":[{\"@type\":\"ListItem\",\"position\":1,\"name\":\"Accueil\",\"item\":\"https:\/\/dicodusport.fr\/blog\/\"},{\"@type\":\"ListItem\",\"position\":2,\"name\":\"EuroBasket F\u00e9minin U18 : Rayonnante \u00e0 Konya, Marine Dursus prend date pour l&rsquo;avenir\"}]},{\"@type\":\"WebSite\",\"@id\":\"https:\/\/dicodusport.fr\/blog\/#website\",\"url\":\"https:\/\/dicodusport.fr\/blog\/\",\"name\":\"Dicodusport\",\"description\":\"L&#039;encyclop\u00e9die de l&#039;actualit\u00e9 sportive\",\"publisher\":{\"@id\":\"https:\/\/dicodusport.fr\/blog\/#organization\"},\"potentialAction\":[{\"@type\":\"SearchAction\",\"target\":{\"@type\":\"EntryPoint\",\"urlTemplate\":\"https:\/\/dicodusport.fr\/blog\/?s={search_term_string}\"},\"query-input\":{\"@type\":\"PropertyValueSpecification\",\"valueRequired\":true,\"valueName\":\"search_term_string\"}}],\"inLanguage\":\"fr-FR\"},{\"@type\":\"NewsMediaOrganization\",\"@id\":\"https:\/\/dicodusport.fr\/blog\/#organization\",\"name\":\"Dicodusport\",\"url\":\"https:\/\/dicodusport.fr\/blog\/\",\"logo\":{\"@type\":\"ImageObject\",\"inLanguage\":\"fr-FR\",\"@id\":\"https:\/\/dicodusport.fr\/blog\/#\/schema\/logo\/image\/\",\"url\":\"https:\/\/dicodusport.fr\/blog\/wp-content\/uploads\/2020\/06\/cropped-LOGO-DICODUSPORT-2020-SANS-FOND-SANS-TEXTE.png\",\"contentUrl\":\"https:\/\/dicodusport.fr\/blog\/wp-content\/uploads\/2020\/06\/cropped-LOGO-DICODUSPORT-2020-SANS-FOND-SANS-TEXTE.png\",\"width\":512,\"height\":512,\"caption\":\"Dicodusport\"},\"image\":{\"@id\":\"https:\/\/dicodusport.fr\/blog\/#\/schema\/logo\/image\/\"},\"sameAs\":[\"https:\/\/www.facebook.com\/dicodusport\",\"https:\/\/x.com\/dicodusport\",\"https:\/\/www.instagram.com\/dicodusport\/\",\"https:\/\/www.youtube.com\/channel\/UC7V2KZ5sd3htJivAbA4ZG3w\"],\"description\":\"Dicodusport est l'encyclop\u00e9die de l'actualit\u00e9 sportive.\",\"email\":\"bonjour@dicodusport.fr\",\"legalName\":\"DICODUSPORT\",\"foundingDate\":\"2018-01-14\",\"vatID\":\"FR71834470973\",\"taxID\":\"83447097300043\",\"numberOfEmployees\":{\"@type\":\"QuantitativeValue\",\"minValue\":\"1\",\"maxValue\":\"10\"}},{\"@type\":\"Person\",\"@id\":\"https:\/\/dicodusport.fr\/blog\/#\/schema\/person\/37def232098a7a5cbab3974a3690abb0\",\"name\":\"Maxime Cazenave\",\"image\":{\"@type\":\"ImageObject\",\"inLanguage\":\"fr-FR\",\"@id\":\"https:\/\/dicodusport.fr\/blog\/#\/schema\/person\/image\/\",\"url\":\"https:\/\/dicodusport.fr\/blog\/wp-content\/uploads\/2021\/05\/Maxime-Cazenave-150x150.jpg\",\"contentUrl\":\"https:\/\/dicodusport.fr\/blog\/wp-content\/uploads\/2021\/05\/Maxime-Cazenave-150x150.jpg\",\"caption\":\"Maxime Cazenave\"},\"description\":\"Journaliste\/R\u00e9dacteur depuis 2012 - Berc\u00e9 par l\u2019amour des Girondins de Bordeaux, les \u00e9checs de Christophe Moreau sur le Tour de France sous l'\u00e8re Lance Armstrong et le fade-away l\u00e9tal de Dirk Nowitzki, ma passion d\u00e9vorante pour le sport a toujours \u00e9t\u00e9 un pan incontournable de ma vie. Transmettre ma passion \u00e0 l\u2019\u00e9crit a \u00e9t\u00e9 une transition naturelle. Suiveur assidu de basket et de hockey sur glace, je garde toujours un peu de place pour suivre le cyclisme, le football et le maximum de performances fran\u00e7aises.\",\"sameAs\":[\"https:\/\/x.com\/https:\/\/twitter.com\/Maxime_Caze\"],\"url\":\"https:\/\/dicodusport.fr\/blog\/author\/maximec\/\"}]}<\/script>\n<!-- \/ Yoast SEO Premium plugin. -->","yoast_head_json":{"title":"EuroBasket F\u00e9minin U18 : Rayonnante \u00e0 Konya, Marine Dursus prend date pour l'avenir","description":"EUROBASKET F\u00c9MININ U18 2023 - Nomm\u00e9e dans le 5 Majeur de la comp\u00e9tition, Marine Dursus a une nouvelle fois rayonn\u00e9 avec les Bleuettes.","robots":{"index":"index","follow":"follow","max-snippet":"max-snippet:-1","max-image-preview":"max-image-preview:large","max-video-preview":"max-video-preview:-1"},"canonical":"https:\/\/dicodusport.fr\/blog\/?p=398894&preview=true&preview_id=398894","og_locale":"fr_FR","og_type":"article","og_title":"EuroBasket F\u00e9minin U18 : Rayonnante \u00e0 Konya, Marine Dursus prend date pour l'avenir","og_description":"EUROBASKET F\u00c9MININ U18 2023 - Nomm\u00e9e dans le 5 Majeur de la comp\u00e9tition, Marine Dursus a une nouvelle fois rayonn\u00e9 avec les Bleuettes.","og_url":"https:\/\/dicodusport.fr\/blog\/?p=398894&preview=true&preview_id=398894","og_site_name":"Dicodusport","article_publisher":"https:\/\/www.facebook.com\/dicodusport","article_published_time":"2023-07-10T13:46:14+00:00","og_image":[{"width":800,"height":445,"url":"https:\/\/dicodusport.fr\/blog\/wp-content\/uploads\/2023\/07\/EuroBasket-Feminin-U18-Marine-Dursus.png","type":"image\/png"}],"author":"Maxime Cazenave","twitter_card":"summary_large_image","twitter_title":"EuroBasket F\u00e9minin U18 : Rayonnante \u00e0 Konya, Marine Dursus prend date pour l'avenir","twitter_creator":"@https:\/\/twitter.com\/Maxime_Caze","twitter_site":"@dicodusport","schema":{"@context":"https:\/\/schema.org","@graph":[{"@type":"NewsArticle","@id":"https:\/\/dicodusport.fr\/blog\/?p=398894&preview=true&preview_id=398894#article","isPartOf":{"@id":"https:\/\/dicodusport.fr\/blog\/?p=398894&preview=true&preview_id=398894"},"author":{"name":"Maxime Cazenave","@id":"https:\/\/dicodusport.fr\/blog\/#\/schema\/person\/37def232098a7a5cbab3974a3690abb0"},"headline":"EuroBasket F\u00e9minin U18 : Rayonnante \u00e0 Konya, Marine Dursus prend date pour l&rsquo;avenir","datePublished":"2023-07-10T13:46:14+00:00","mainEntityOfPage":{"@id":"https:\/\/dicodusport.fr\/blog\/?p=398894&preview=true&preview_id=398894"},"wordCount":780,"commentCount":0,"publisher":{"@id":"https:\/\/dicodusport.fr\/blog\/#organization"},"image":{"@id":"https:\/\/dicodusport.fr\/blog\/?p=398894&preview=true&preview_id=398894#primaryimage"},"thumbnailUrl":"https:\/\/dicodusport.fr\/blog\/wp-content\/uploads\/2023\/07\/EuroBasket-Feminin-U18-Marine-Dursus.png","keywords":["Angers","br\u00e8ve","Equipe de France jeunes basket","France U18","LFB"],"articleSection":["Basket-ball"],"inLanguage":"fr-FR","potentialAction":[{"@type":"CommentAction","name":"Comment","target":["https:\/\/dicodusport.fr\/blog\/?p=398894&preview=true&preview_id=398894#respond"]}],"copyrightYear":"2023","copyrightHolder":{"@id":"https:\/\/dicodusport.fr\/blog\/#organization"}},{"@type":"WebPage","@id":"https:\/\/dicodusport.fr\/blog\/?p=398894&preview=true&preview_id=398894","url":"https:\/\/dicodusport.fr\/blog\/?p=398894&preview=true&preview_id=398894","name":"EuroBasket F\u00e9minin U18 : Rayonnante \u00e0 Konya, Marine Dursus prend date pour l'avenir","isPartOf":{"@id":"https:\/\/dicodusport.fr\/blog\/#website"},"primaryImageOfPage":{"@id":"https:\/\/dicodusport.fr\/blog\/?p=398894&preview=true&preview_id=398894#primaryimage"},"image":{"@id":"https:\/\/dicodusport.fr\/blog\/?p=398894&preview=true&preview_id=398894#primaryimage"},"thumbnailUrl":"https:\/\/dicodusport.fr\/blog\/wp-content\/uploads\/2023\/07\/EuroBasket-Feminin-U18-Marine-Dursus.png","datePublished":"2023-07-10T13:46:14+00:00","description":"EUROBASKET F\u00c9MININ U18 2023 - Nomm\u00e9e dans le 5 Majeur de la comp\u00e9tition, Marine Dursus a une nouvelle fois rayonn\u00e9 avec les Bleuettes.","breadcrumb":{"@id":"https:\/\/dicodusport.fr\/blog\/?p=398894&preview=true&preview_id=398894#breadcrumb"},"inLanguage":"fr-FR","potentialAction":[{"@type":"ReadAction","target":["https:\/\/dicodusport.fr\/blog\/?p=398894&preview=true&preview_id=398894"]}]},{"@type":"ImageObject","inLanguage":"fr-FR","@id":"https:\/\/dicodusport.fr\/blog\/?p=398894&preview=true&preview_id=398894#primaryimage","url":"https:\/\/dicodusport.fr\/blog\/wp-content\/uploads\/2023\/07\/EuroBasket-Feminin-U18-Marine-Dursus.png","contentUrl":"https:\/\/dicodusport.fr\/blog\/wp-content\/uploads\/2023\/07\/EuroBasket-Feminin-U18-Marine-Dursus.png","width":800,"height":445,"caption":"EuroBasket F\u00e9minin U18 Marine Dursus"},{"@type":"BreadcrumbList","@id":"https:\/\/dicodusport.fr\/blog\/?p=398894&preview=true&preview_id=398894#breadcrumb","itemListElement":[{"@type":"ListItem","position":1,"name":"Accueil","item":"https:\/\/dicodusport.fr\/blog\/"},{"@type":"ListItem","position":2,"name":"EuroBasket F\u00e9minin U18 : Rayonnante \u00e0 Konya, Marine Dursus prend date pour l&rsquo;avenir"}]},{"@type":"WebSite","@id":"https:\/\/dicodusport.fr\/blog\/#website","url":"https:\/\/dicodusport.fr\/blog\/","name":"Dicodusport","description":"L&#039;encyclop\u00e9die de l&#039;actualit\u00e9 sportive","publisher":{"@id":"https:\/\/dicodusport.fr\/blog\/#organization"},"potentialAction":[{"@type":"SearchAction","target":{"@type":"EntryPoint","urlTemplate":"https:\/\/dicodusport.fr\/blog\/?s={search_term_string}"},"query-input":{"@type":"PropertyValueSpecification","valueRequired":true,"valueName":"search_term_string"}}],"inLanguage":"fr-FR"},{"@type":"NewsMediaOrganization","@id":"https:\/\/dicodusport.fr\/blog\/#organization","name":"Dicodusport","url":"https:\/\/dicodusport.fr\/blog\/","logo":{"@type":"ImageObject","inLanguage":"fr-FR","@id":"https:\/\/dicodusport.fr\/blog\/#\/schema\/logo\/image\/","url":"https:\/\/dicodusport.fr\/blog\/wp-content\/uploads\/2020\/06\/cropped-LOGO-DICODUSPORT-2020-SANS-FOND-SANS-TEXTE.png","contentUrl":"https:\/\/dicodusport.fr\/blog\/wp-content\/uploads\/2020\/06\/cropped-LOGO-DICODUSPORT-2020-SANS-FOND-SANS-TEXTE.png","width":512,"height":512,"caption":"Dicodusport"},"image":{"@id":"https:\/\/dicodusport.fr\/blog\/#\/schema\/logo\/image\/"},"sameAs":["https:\/\/www.facebook.com\/dicodusport","https:\/\/x.com\/dicodusport","https:\/\/www.instagram.com\/dicodusport\/","https:\/\/www.youtube.com\/channel\/UC7V2KZ5sd3htJivAbA4ZG3w"],"description":"Dicodusport est l'encyclop\u00e9die de l'actualit\u00e9 sportive.","email":"bonjour@dicodusport.fr","legalName":"DICODUSPORT","foundingDate":"2018-01-14","vatID":"FR71834470973","taxID":"83447097300043","numberOfEmployees":{"@type":"QuantitativeValue","minValue":"1","maxValue":"10"}},{"@type":"Person","@id":"https:\/\/dicodusport.fr\/blog\/#\/schema\/person\/37def232098a7a5cbab3974a3690abb0","name":"Maxime Cazenave","image":{"@type":"ImageObject","inLanguage":"fr-FR","@id":"https:\/\/dicodusport.fr\/blog\/#\/schema\/person\/image\/","url":"https:\/\/dicodusport.fr\/blog\/wp-content\/uploads\/2021\/05\/Maxime-Cazenave-150x150.jpg","contentUrl":"https:\/\/dicodusport.fr\/blog\/wp-content\/uploads\/2021\/05\/Maxime-Cazenave-150x150.jpg","caption":"Maxime Cazenave"},"description":"Journaliste\/R\u00e9dacteur depuis 2012 - Berc\u00e9 par l\u2019amour des Girondins de Bordeaux, les \u00e9checs de Christophe Moreau sur le Tour de France sous l'\u00e8re Lance Armstrong et le fade-away l\u00e9tal de Dirk Nowitzki, ma passion d\u00e9vorante pour le sport a toujours \u00e9t\u00e9 un pan incontournable de ma vie. Transmettre ma passion \u00e0 l\u2019\u00e9crit a \u00e9t\u00e9 une transition naturelle. Suiveur assidu de basket et de hockey sur glace, je garde toujours un peu de place pour suivre le cyclisme, le football et le maximum de performances fran\u00e7aises.","sameAs":["https:\/\/x.com\/https:\/\/twitter.com\/Maxime_Caze"],"url":"https:\/\/dicodusport.fr\/blog\/author\/maximec\/"}]}},"_links":{"self":[{"href":"https:\/\/dicodusport.fr\/blog\/wp-json\/wp\/v2\/posts\/398894","targetHints":{"allow":["GET"]}}],"collection":[{"href":"https:\/\/dicodusport.fr\/blog\/wp-json\/wp\/v2\/posts"}],"about":[{"href":"https:\/\/dicodusport.fr\/blog\/wp-json\/wp\/v2\/types\/post"}],"author":[{"embeddable":true,"href":"https:\/\/dicodusport.fr\/blog\/wp-json\/wp\/v2\/users\/55"}],"replies":[{"embeddable":true,"href":"https:\/\/dicodusport.fr\/blog\/wp-json\/wp\/v2\/comments?post=398894"}],"version-history":[{"count":0,"href":"https:\/\/dicodusport.fr\/blog\/wp-json\/wp\/v2\/posts\/398894\/revisions"}],"wp:featuredmedia":[{"embeddable":true,"href":"https:\/\/dicodusport.fr\/blog\/wp-json\/wp\/v2\/media\/398916"}],"wp:attachment":[{"href":"https:\/\/dicodusport.fr\/blog\/wp-json\/wp\/v2\/media?parent=398894"}],"wp:term":[{"taxonomy":"category","embeddable":true,"href":"https:\/\/dicodusport.fr\/blog\/wp-json\/wp\/v2\/categories?post=398894"},{"taxonomy":"post_tag","embeddable":true,"href":"https:\/\/dicodusport.fr\/blog\/wp-json\/wp\/v2\/tags?post=398894"}],"curies":[{"name":"wp","href":"https:\/\/api.w.org\/{rel}","templated":true}]}}