{"id":398897,"date":"2023-07-10T11:08:10","date_gmt":"2023-07-10T09:08:10","guid":{"rendered":"https:\/\/dicodusport.fr\/blog\/?p=398897&#038;preview=true&#038;preview_id=398897"},"modified":"2023-07-10T11:25:30","modified_gmt":"2023-07-10T09:25:30","slug":"halterophilie-sara-iafrate-double-championne-deurope-u17","status":"publish","type":"post","link":"https:\/\/dicodusport.fr\/blog\/halterophilie-sara-iafrate-double-championne-deurope-u17\/","title":{"rendered":"Halt\u00e9rophilie : Sara Iafrate double championne d&rsquo;Europe U17 !"},"content":{"rendered":"<p style=\"text-align: justify;\" align=\"justify\"><em><strong>CHAMPIONNATS D&rsquo;EUROPE JEUNES D&rsquo;HALT\u00c9ROPHILIE &#8211; Sacr\u00e9e performance de Sara Iafrate, qui s&rsquo;est offert 3 m\u00e9dailles dont deux en or chez les -64 kg.<\/strong><\/em><\/p>\n<p style=\"text-align: justify;\" align=\"justify\">Finaliste aux Mondiaux de sa cat\u00e9gorie d&rsquo;\u00e2ge en d\u00e9but d&rsquo;ann\u00e9e,<strong> Sara Iafrate<\/strong> a pass\u00e9 la vitesse sup\u00e9rieure. Aux Championnats d&rsquo;Europe, elle a sauv\u00e9 \u00e0 elle seule le bilan de la d\u00e9l\u00e9gation fran\u00e7aise. Apr\u00e8s une deuxi\u00e8me place \u00e0 l&rsquo;arrach\u00e9, \u00e0 un petit kg de la victoire, elle a survol\u00e9 l&rsquo;\u00e9preuve d&rsquo;\u00e9paul\u00e9-jet\u00e9, \u00e9tant la seule \u00e0 franchir la barre des 100 kg.<\/p>\n<p style=\"text-align: justify;\" align=\"justify\">Avec 102 kg, elle s&rsquo;offrait la m\u00e9daille d&rsquo;or, mais puisqu&rsquo;elle avait mis 3 unit\u00e9s \u00e0 sa plus proche rivale, la Turque <strong>Canan Kor\u00e7ak<\/strong>, elle remportait \u00e9galement le total avec 183 kg, contre 181 pour son adversaire. Trois m\u00e9dailles, deux en or : pas de doute, <strong>Sara Iafrate<\/strong> incarne la rel\u00e8ve de l&rsquo;halt\u00e9rophilie tricolore. Derni\u00e8re Fran\u00e7aise engag\u00e9e, elle \u00e9vite le z\u00e9ro point\u00e9 \u00e0 la d\u00e9l\u00e9gation tricolore en prime.<\/p>\n<p style=\"text-align: justify;\"><iframe loading=\"lazy\" style=\"border: none; overflow: hidden;\" src=\"https:\/\/www.facebook.com\/plugins\/post.php?href=https%3A%2F%2Fwww.facebook.com%2FFederationFrancaiseHalteroMuscu%2Fposts%2Fpfbid029sLqgdmBCN4gDV2gWyyiao7K9VTayr4UVv3o6j1W9AdFGTKtRimTSoz7euUav6uDl&amp;show_text=true&amp;width=500\" width=\"500\" height=\"714\" frameborder=\"0\" scrolling=\"no\" allowfullscreen=\"allowfullscreen\"><\/iframe><\/p>\n","protected":false},"excerpt":{"rendered":"<p>CHAMPIONNATS D&rsquo;EUROPE JEUNES D&rsquo;HALT\u00c9ROPHILIE &#8211; Sacr\u00e9e performance de Sara Iafrate, qui s&rsquo;est offert 3 m\u00e9dailles dont deux en or chez les -64 kg.<\/p>\n","protected":false},"author":59,"featured_media":398899,"comment_status":"open","ping_status":"closed","sticky":false,"template":"","format":"standard","meta":{"_acf_changed":false,"_daextam_enable_autolinks":"","footnotes":""},"categories":[15701],"tags":[16878],"class_list":["post-398897","post","type-post","status-publish","format-standard","has-post-thumbnail","hentry","category-halterophilie","tag-breve"],"acf":[],"yoast_head":"<!-- This site is optimized with the Yoast SEO Premium plugin v26.7 (Yoast SEO v26.7) - https:\/\/yoast.com\/wordpress\/plugins\/seo\/ -->\n<title>Halt\u00e9rophilie : Sara Iafrate double championne d&#039;Europe U17 !<\/title>\n<meta name=\"description\" content=\"CHAMPIONNATS D&#039;EUROPE JEUNES D&#039;HALT\u00c9ROPHILIE - Sacr\u00e9e performance de Sara Iafrate, qui s&#039;est offert 3 m\u00e9dailles dont deux en or.\" \/>\n<meta name=\"robots\" content=\"index, follow, max-snippet:-1, max-image-preview:large, max-video-preview:-1\" \/>\n<link rel=\"canonical\" href=\"https:\/\/dicodusport.fr\/blog\/halterophilie-sara-iafrate-double-championne-deurope-u17\/\" \/>\n<meta property=\"og:locale\" content=\"fr_FR\" \/>\n<meta property=\"og:type\" content=\"article\" \/>\n<meta property=\"og:title\" content=\"Halt\u00e9rophilie : Sara Iafrate double championne d&#039;Europe U17 !\" \/>\n<meta property=\"og:description\" content=\"CHAMPIONNATS D&#039;EUROPE JEUNES D&#039;HALT\u00c9ROPHILIE - Sacr\u00e9e performance de Sara Iafrate, qui s&#039;est offert 3 m\u00e9dailles dont deux en or.\" \/>\n<meta property=\"og:url\" content=\"https:\/\/dicodusport.fr\/blog\/halterophilie-sara-iafrate-double-championne-deurope-u17\/\" \/>\n<meta property=\"og:site_name\" content=\"Dicodusport\" \/>\n<meta property=\"article:publisher\" content=\"https:\/\/www.facebook.com\/dicodusport\" \/>\n<meta property=\"article:author\" content=\"https:\/\/www.facebook.com\/sebastien.gente\/\" \/>\n<meta property=\"article:published_time\" content=\"2023-07-10T09:08:10+00:00\" \/>\n<meta property=\"article:modified_time\" content=\"2023-07-10T09:25:30+00:00\" \/>\n<meta property=\"og:image\" content=\"https:\/\/dicodusport.fr\/blog\/wp-content\/uploads\/2023\/07\/Halterophilie-Sara-Iafrate-double-championne-dEurope-U17-.png\" \/>\n\t<meta property=\"og:image:width\" content=\"800\" \/>\n\t<meta property=\"og:image:height\" content=\"445\" \/>\n\t<meta property=\"og:image:type\" content=\"image\/png\" \/>\n<meta name=\"author\" content=\"S\u00e9bastien Gente\" \/>\n<meta name=\"twitter:card\" content=\"summary_large_image\" \/>\n<meta name=\"twitter:title\" content=\"Halt\u00e9rophilie : Sara Iafrate double championne d&#039;Europe U17 !\" \/>\n<meta name=\"twitter:creator\" content=\"@https:\/\/twitter.com\/globulo24\" \/>\n<meta name=\"twitter:site\" content=\"@dicodusport\" \/>\n<script type=\"application\/ld+json\" class=\"yoast-schema-graph\">{\"@context\":\"https:\/\/schema.org\",\"@graph\":[{\"@type\":\"NewsArticle\",\"@id\":\"https:\/\/dicodusport.fr\/blog\/halterophilie-sara-iafrate-double-championne-deurope-u17\/#article\",\"isPartOf\":{\"@id\":\"https:\/\/dicodusport.fr\/blog\/halterophilie-sara-iafrate-double-championne-deurope-u17\/\"},\"author\":{\"name\":\"S\u00e9bastien Gente\",\"@id\":\"https:\/\/dicodusport.fr\/blog\/#\/schema\/person\/627966a6cde45dbd8c5e36ac85d783da\"},\"headline\":\"Halt\u00e9rophilie : Sara Iafrate double championne d&rsquo;Europe U17 !\",\"datePublished\":\"2023-07-10T09:08:10+00:00\",\"dateModified\":\"2023-07-10T09:25:30+00:00\",\"mainEntityOfPage\":{\"@id\":\"https:\/\/dicodusport.fr\/blog\/halterophilie-sara-iafrate-double-championne-deurope-u17\/\"},\"wordCount\":184,\"commentCount\":0,\"publisher\":{\"@id\":\"https:\/\/dicodusport.fr\/blog\/#organization\"},\"image\":{\"@id\":\"https:\/\/dicodusport.fr\/blog\/halterophilie-sara-iafrate-double-championne-deurope-u17\/#primaryimage\"},\"thumbnailUrl\":\"https:\/\/dicodusport.fr\/blog\/wp-content\/uploads\/2023\/07\/Halterophilie-Sara-Iafrate-double-championne-dEurope-U17-.png\",\"keywords\":[\"br\u00e8ve\"],\"articleSection\":[\"Halt\u00e9rophilie\"],\"inLanguage\":\"fr-FR\",\"potentialAction\":[{\"@type\":\"CommentAction\",\"name\":\"Comment\",\"target\":[\"https:\/\/dicodusport.fr\/blog\/halterophilie-sara-iafrate-double-championne-deurope-u17\/#respond\"]}],\"copyrightYear\":\"2023\",\"copyrightHolder\":{\"@id\":\"https:\/\/dicodusport.fr\/blog\/#organization\"}},{\"@type\":\"WebPage\",\"@id\":\"https:\/\/dicodusport.fr\/blog\/halterophilie-sara-iafrate-double-championne-deurope-u17\/\",\"url\":\"https:\/\/dicodusport.fr\/blog\/halterophilie-sara-iafrate-double-championne-deurope-u17\/\",\"name\":\"Halt\u00e9rophilie : Sara Iafrate double championne d'Europe U17 !\",\"isPartOf\":{\"@id\":\"https:\/\/dicodusport.fr\/blog\/#website\"},\"primaryImageOfPage\":{\"@id\":\"https:\/\/dicodusport.fr\/blog\/halterophilie-sara-iafrate-double-championne-deurope-u17\/#primaryimage\"},\"image\":{\"@id\":\"https:\/\/dicodusport.fr\/blog\/halterophilie-sara-iafrate-double-championne-deurope-u17\/#primaryimage\"},\"thumbnailUrl\":\"https:\/\/dicodusport.fr\/blog\/wp-content\/uploads\/2023\/07\/Halterophilie-Sara-Iafrate-double-championne-dEurope-U17-.png\",\"datePublished\":\"2023-07-10T09:08:10+00:00\",\"dateModified\":\"2023-07-10T09:25:30+00:00\",\"description\":\"CHAMPIONNATS D'EUROPE JEUNES D'HALT\u00c9ROPHILIE - Sacr\u00e9e performance de Sara Iafrate, qui s'est offert 3 m\u00e9dailles dont deux en or.\",\"breadcrumb\":{\"@id\":\"https:\/\/dicodusport.fr\/blog\/halterophilie-sara-iafrate-double-championne-deurope-u17\/#breadcrumb\"},\"inLanguage\":\"fr-FR\",\"potentialAction\":[{\"@type\":\"ReadAction\",\"target\":[\"https:\/\/dicodusport.fr\/blog\/halterophilie-sara-iafrate-double-championne-deurope-u17\/\"]}]},{\"@type\":\"ImageObject\",\"inLanguage\":\"fr-FR\",\"@id\":\"https:\/\/dicodusport.fr\/blog\/halterophilie-sara-iafrate-double-championne-deurope-u17\/#primaryimage\",\"url\":\"https:\/\/dicodusport.fr\/blog\/wp-content\/uploads\/2023\/07\/Halterophilie-Sara-Iafrate-double-championne-dEurope-U17-.png\",\"contentUrl\":\"https:\/\/dicodusport.fr\/blog\/wp-content\/uploads\/2023\/07\/Halterophilie-Sara-Iafrate-double-championne-dEurope-U17-.png\",\"width\":800,\"height\":445,\"caption\":\"Halt\u00e9rophilie Sara Iafrate double championne d'Europe U17 !\"},{\"@type\":\"BreadcrumbList\",\"@id\":\"https:\/\/dicodusport.fr\/blog\/halterophilie-sara-iafrate-double-championne-deurope-u17\/#breadcrumb\",\"itemListElement\":[{\"@type\":\"ListItem\",\"position\":1,\"name\":\"Accueil\",\"item\":\"https:\/\/dicodusport.fr\/blog\/\"},{\"@type\":\"ListItem\",\"position\":2,\"name\":\"Halt\u00e9rophilie : Sara Iafrate double championne d&rsquo;Europe U17 !\"}]},{\"@type\":\"WebSite\",\"@id\":\"https:\/\/dicodusport.fr\/blog\/#website\",\"url\":\"https:\/\/dicodusport.fr\/blog\/\",\"name\":\"Dicodusport\",\"description\":\"L&#039;encyclop\u00e9die de l&#039;actualit\u00e9 sportive\",\"publisher\":{\"@id\":\"https:\/\/dicodusport.fr\/blog\/#organization\"},\"potentialAction\":[{\"@type\":\"SearchAction\",\"target\":{\"@type\":\"EntryPoint\",\"urlTemplate\":\"https:\/\/dicodusport.fr\/blog\/?s={search_term_string}\"},\"query-input\":{\"@type\":\"PropertyValueSpecification\",\"valueRequired\":true,\"valueName\":\"search_term_string\"}}],\"inLanguage\":\"fr-FR\"},{\"@type\":\"NewsMediaOrganization\",\"@id\":\"https:\/\/dicodusport.fr\/blog\/#organization\",\"name\":\"Dicodusport\",\"url\":\"https:\/\/dicodusport.fr\/blog\/\",\"logo\":{\"@type\":\"ImageObject\",\"inLanguage\":\"fr-FR\",\"@id\":\"https:\/\/dicodusport.fr\/blog\/#\/schema\/logo\/image\/\",\"url\":\"https:\/\/dicodusport.fr\/blog\/wp-content\/uploads\/2020\/06\/cropped-LOGO-DICODUSPORT-2020-SANS-FOND-SANS-TEXTE.png\",\"contentUrl\":\"https:\/\/dicodusport.fr\/blog\/wp-content\/uploads\/2020\/06\/cropped-LOGO-DICODUSPORT-2020-SANS-FOND-SANS-TEXTE.png\",\"width\":512,\"height\":512,\"caption\":\"Dicodusport\"},\"image\":{\"@id\":\"https:\/\/dicodusport.fr\/blog\/#\/schema\/logo\/image\/\"},\"sameAs\":[\"https:\/\/www.facebook.com\/dicodusport\",\"https:\/\/x.com\/dicodusport\",\"https:\/\/www.instagram.com\/dicodusport\/\",\"https:\/\/www.youtube.com\/channel\/UC7V2KZ5sd3htJivAbA4ZG3w\"],\"description\":\"Dicodusport est l'encyclop\u00e9die de l'actualit\u00e9 sportive.\",\"email\":\"bonjour@dicodusport.fr\",\"legalName\":\"DICODUSPORT\",\"foundingDate\":\"2018-01-14\",\"vatID\":\"FR71834470973\",\"taxID\":\"83447097300043\",\"numberOfEmployees\":{\"@type\":\"QuantitativeValue\",\"minValue\":\"1\",\"maxValue\":\"10\"}},{\"@type\":\"Person\",\"@id\":\"https:\/\/dicodusport.fr\/blog\/#\/schema\/person\/627966a6cde45dbd8c5e36ac85d783da\",\"name\":\"S\u00e9bastien Gente\",\"image\":{\"@type\":\"ImageObject\",\"inLanguage\":\"fr-FR\",\"@id\":\"https:\/\/dicodusport.fr\/blog\/#\/schema\/person\/image\/\",\"url\":\"https:\/\/dicodusport.fr\/blog\/wp-content\/uploads\/2021\/09\/1510990_10205810251400683_4124423575079401707_n-150x150.jpg\",\"contentUrl\":\"https:\/\/dicodusport.fr\/blog\/wp-content\/uploads\/2021\/09\/1510990_10205810251400683_4124423575079401707_n-150x150.jpg\",\"caption\":\"S\u00e9bastien Gente\"},\"description\":\"John Stockton, Gianni Bugno, Zinedine Zidane, Steffi Graf, Frode Andresen, St\u00e9phane Stoecklin, Davis Kamoga, Primoz Peterka, Werner Schlager et Aur\u00e9lien Rougerie. Point commun entre ces sportifs? Ils m'ont fait r\u00eaver et ont berc\u00e9 mon adolescence. Je suis un fondu de sports et j'essaie de retranscrire ma passion \u00e0 travers mes articles. Originaire du P\u00e9rigord, ma passion pour les Girondins, les Jaunards et les Jazzmen transpire dans mes \u00e9crits. \u00c0 Dicodusport depuis 2021, je d\u00e9niche les sports m\u00e9connus dans lesquels la France brille, et il y en a !\",\"sameAs\":[\"https:\/\/www.facebook.com\/sebastien.gente\/\",\"https:\/\/www.instagram.com\/sebgente\/\",\"https:\/\/www.linkedin.com\/in\/sbastien-gente-a29583169\/\",\"https:\/\/x.com\/https:\/\/twitter.com\/globulo24\",\"SebastienGente\"],\"worksFor\":\"S\u00e9bastien GENTE\",\"url\":\"https:\/\/dicodusport.fr\/blog\/author\/sebastiengente\/\"}]}<\/script>\n<!-- \/ Yoast SEO Premium plugin. -->","yoast_head_json":{"title":"Halt\u00e9rophilie : Sara Iafrate double championne d'Europe U17 !","description":"CHAMPIONNATS D'EUROPE JEUNES D'HALT\u00c9ROPHILIE - Sacr\u00e9e performance de Sara Iafrate, qui s'est offert 3 m\u00e9dailles dont deux en or.","robots":{"index":"index","follow":"follow","max-snippet":"max-snippet:-1","max-image-preview":"max-image-preview:large","max-video-preview":"max-video-preview:-1"},"canonical":"https:\/\/dicodusport.fr\/blog\/halterophilie-sara-iafrate-double-championne-deurope-u17\/","og_locale":"fr_FR","og_type":"article","og_title":"Halt\u00e9rophilie : Sara Iafrate double championne d'Europe U17 !","og_description":"CHAMPIONNATS D'EUROPE JEUNES D'HALT\u00c9ROPHILIE - Sacr\u00e9e performance de Sara Iafrate, qui s'est offert 3 m\u00e9dailles dont deux en or.","og_url":"https:\/\/dicodusport.fr\/blog\/halterophilie-sara-iafrate-double-championne-deurope-u17\/","og_site_name":"Dicodusport","article_publisher":"https:\/\/www.facebook.com\/dicodusport","article_author":"https:\/\/www.facebook.com\/sebastien.gente\/","article_published_time":"2023-07-10T09:08:10+00:00","article_modified_time":"2023-07-10T09:25:30+00:00","og_image":[{"width":800,"height":445,"url":"https:\/\/dicodusport.fr\/blog\/wp-content\/uploads\/2023\/07\/Halterophilie-Sara-Iafrate-double-championne-dEurope-U17-.png","type":"image\/png"}],"author":"S\u00e9bastien Gente","twitter_card":"summary_large_image","twitter_title":"Halt\u00e9rophilie : Sara Iafrate double championne d'Europe U17 !","twitter_creator":"@https:\/\/twitter.com\/globulo24","twitter_site":"@dicodusport","schema":{"@context":"https:\/\/schema.org","@graph":[{"@type":"NewsArticle","@id":"https:\/\/dicodusport.fr\/blog\/halterophilie-sara-iafrate-double-championne-deurope-u17\/#article","isPartOf":{"@id":"https:\/\/dicodusport.fr\/blog\/halterophilie-sara-iafrate-double-championne-deurope-u17\/"},"author":{"name":"S\u00e9bastien Gente","@id":"https:\/\/dicodusport.fr\/blog\/#\/schema\/person\/627966a6cde45dbd8c5e36ac85d783da"},"headline":"Halt\u00e9rophilie : Sara Iafrate double championne d&rsquo;Europe U17 !","datePublished":"2023-07-10T09:08:10+00:00","dateModified":"2023-07-10T09:25:30+00:00","mainEntityOfPage":{"@id":"https:\/\/dicodusport.fr\/blog\/halterophilie-sara-iafrate-double-championne-deurope-u17\/"},"wordCount":184,"commentCount":0,"publisher":{"@id":"https:\/\/dicodusport.fr\/blog\/#organization"},"image":{"@id":"https:\/\/dicodusport.fr\/blog\/halterophilie-sara-iafrate-double-championne-deurope-u17\/#primaryimage"},"thumbnailUrl":"https:\/\/dicodusport.fr\/blog\/wp-content\/uploads\/2023\/07\/Halterophilie-Sara-Iafrate-double-championne-dEurope-U17-.png","keywords":["br\u00e8ve"],"articleSection":["Halt\u00e9rophilie"],"inLanguage":"fr-FR","potentialAction":[{"@type":"CommentAction","name":"Comment","target":["https:\/\/dicodusport.fr\/blog\/halterophilie-sara-iafrate-double-championne-deurope-u17\/#respond"]}],"copyrightYear":"2023","copyrightHolder":{"@id":"https:\/\/dicodusport.fr\/blog\/#organization"}},{"@type":"WebPage","@id":"https:\/\/dicodusport.fr\/blog\/halterophilie-sara-iafrate-double-championne-deurope-u17\/","url":"https:\/\/dicodusport.fr\/blog\/halterophilie-sara-iafrate-double-championne-deurope-u17\/","name":"Halt\u00e9rophilie : Sara Iafrate double championne d'Europe U17 !","isPartOf":{"@id":"https:\/\/dicodusport.fr\/blog\/#website"},"primaryImageOfPage":{"@id":"https:\/\/dicodusport.fr\/blog\/halterophilie-sara-iafrate-double-championne-deurope-u17\/#primaryimage"},"image":{"@id":"https:\/\/dicodusport.fr\/blog\/halterophilie-sara-iafrate-double-championne-deurope-u17\/#primaryimage"},"thumbnailUrl":"https:\/\/dicodusport.fr\/blog\/wp-content\/uploads\/2023\/07\/Halterophilie-Sara-Iafrate-double-championne-dEurope-U17-.png","datePublished":"2023-07-10T09:08:10+00:00","dateModified":"2023-07-10T09:25:30+00:00","description":"CHAMPIONNATS D'EUROPE JEUNES D'HALT\u00c9ROPHILIE - Sacr\u00e9e performance de Sara Iafrate, qui s'est offert 3 m\u00e9dailles dont deux en or.","breadcrumb":{"@id":"https:\/\/dicodusport.fr\/blog\/halterophilie-sara-iafrate-double-championne-deurope-u17\/#breadcrumb"},"inLanguage":"fr-FR","potentialAction":[{"@type":"ReadAction","target":["https:\/\/dicodusport.fr\/blog\/halterophilie-sara-iafrate-double-championne-deurope-u17\/"]}]},{"@type":"ImageObject","inLanguage":"fr-FR","@id":"https:\/\/dicodusport.fr\/blog\/halterophilie-sara-iafrate-double-championne-deurope-u17\/#primaryimage","url":"https:\/\/dicodusport.fr\/blog\/wp-content\/uploads\/2023\/07\/Halterophilie-Sara-Iafrate-double-championne-dEurope-U17-.png","contentUrl":"https:\/\/dicodusport.fr\/blog\/wp-content\/uploads\/2023\/07\/Halterophilie-Sara-Iafrate-double-championne-dEurope-U17-.png","width":800,"height":445,"caption":"Halt\u00e9rophilie Sara Iafrate double championne d'Europe U17 !"},{"@type":"BreadcrumbList","@id":"https:\/\/dicodusport.fr\/blog\/halterophilie-sara-iafrate-double-championne-deurope-u17\/#breadcrumb","itemListElement":[{"@type":"ListItem","position":1,"name":"Accueil","item":"https:\/\/dicodusport.fr\/blog\/"},{"@type":"ListItem","position":2,"name":"Halt\u00e9rophilie : Sara Iafrate double championne d&rsquo;Europe U17 !"}]},{"@type":"WebSite","@id":"https:\/\/dicodusport.fr\/blog\/#website","url":"https:\/\/dicodusport.fr\/blog\/","name":"Dicodusport","description":"L&#039;encyclop\u00e9die de l&#039;actualit\u00e9 sportive","publisher":{"@id":"https:\/\/dicodusport.fr\/blog\/#organization"},"potentialAction":[{"@type":"SearchAction","target":{"@type":"EntryPoint","urlTemplate":"https:\/\/dicodusport.fr\/blog\/?s={search_term_string}"},"query-input":{"@type":"PropertyValueSpecification","valueRequired":true,"valueName":"search_term_string"}}],"inLanguage":"fr-FR"},{"@type":"NewsMediaOrganization","@id":"https:\/\/dicodusport.fr\/blog\/#organization","name":"Dicodusport","url":"https:\/\/dicodusport.fr\/blog\/","logo":{"@type":"ImageObject","inLanguage":"fr-FR","@id":"https:\/\/dicodusport.fr\/blog\/#\/schema\/logo\/image\/","url":"https:\/\/dicodusport.fr\/blog\/wp-content\/uploads\/2020\/06\/cropped-LOGO-DICODUSPORT-2020-SANS-FOND-SANS-TEXTE.png","contentUrl":"https:\/\/dicodusport.fr\/blog\/wp-content\/uploads\/2020\/06\/cropped-LOGO-DICODUSPORT-2020-SANS-FOND-SANS-TEXTE.png","width":512,"height":512,"caption":"Dicodusport"},"image":{"@id":"https:\/\/dicodusport.fr\/blog\/#\/schema\/logo\/image\/"},"sameAs":["https:\/\/www.facebook.com\/dicodusport","https:\/\/x.com\/dicodusport","https:\/\/www.instagram.com\/dicodusport\/","https:\/\/www.youtube.com\/channel\/UC7V2KZ5sd3htJivAbA4ZG3w"],"description":"Dicodusport est l'encyclop\u00e9die de l'actualit\u00e9 sportive.","email":"bonjour@dicodusport.fr","legalName":"DICODUSPORT","foundingDate":"2018-01-14","vatID":"FR71834470973","taxID":"83447097300043","numberOfEmployees":{"@type":"QuantitativeValue","minValue":"1","maxValue":"10"}},{"@type":"Person","@id":"https:\/\/dicodusport.fr\/blog\/#\/schema\/person\/627966a6cde45dbd8c5e36ac85d783da","name":"S\u00e9bastien Gente","image":{"@type":"ImageObject","inLanguage":"fr-FR","@id":"https:\/\/dicodusport.fr\/blog\/#\/schema\/person\/image\/","url":"https:\/\/dicodusport.fr\/blog\/wp-content\/uploads\/2021\/09\/1510990_10205810251400683_4124423575079401707_n-150x150.jpg","contentUrl":"https:\/\/dicodusport.fr\/blog\/wp-content\/uploads\/2021\/09\/1510990_10205810251400683_4124423575079401707_n-150x150.jpg","caption":"S\u00e9bastien Gente"},"description":"John Stockton, Gianni Bugno, Zinedine Zidane, Steffi Graf, Frode Andresen, St\u00e9phane Stoecklin, Davis Kamoga, Primoz Peterka, Werner Schlager et Aur\u00e9lien Rougerie. Point commun entre ces sportifs? Ils m'ont fait r\u00eaver et ont berc\u00e9 mon adolescence. Je suis un fondu de sports et j'essaie de retranscrire ma passion \u00e0 travers mes articles. Originaire du P\u00e9rigord, ma passion pour les Girondins, les Jaunards et les Jazzmen transpire dans mes \u00e9crits. \u00c0 Dicodusport depuis 2021, je d\u00e9niche les sports m\u00e9connus dans lesquels la France brille, et il y en a !","sameAs":["https:\/\/www.facebook.com\/sebastien.gente\/","https:\/\/www.instagram.com\/sebgente\/","https:\/\/www.linkedin.com\/in\/sbastien-gente-a29583169\/","https:\/\/x.com\/https:\/\/twitter.com\/globulo24","SebastienGente"],"worksFor":"S\u00e9bastien GENTE","url":"https:\/\/dicodusport.fr\/blog\/author\/sebastiengente\/"}]}},"_links":{"self":[{"href":"https:\/\/dicodusport.fr\/blog\/wp-json\/wp\/v2\/posts\/398897","targetHints":{"allow":["GET"]}}],"collection":[{"href":"https:\/\/dicodusport.fr\/blog\/wp-json\/wp\/v2\/posts"}],"about":[{"href":"https:\/\/dicodusport.fr\/blog\/wp-json\/wp\/v2\/types\/post"}],"author":[{"embeddable":true,"href":"https:\/\/dicodusport.fr\/blog\/wp-json\/wp\/v2\/users\/59"}],"replies":[{"embeddable":true,"href":"https:\/\/dicodusport.fr\/blog\/wp-json\/wp\/v2\/comments?post=398897"}],"version-history":[{"count":0,"href":"https:\/\/dicodusport.fr\/blog\/wp-json\/wp\/v2\/posts\/398897\/revisions"}],"wp:featuredmedia":[{"embeddable":true,"href":"https:\/\/dicodusport.fr\/blog\/wp-json\/wp\/v2\/media\/398899"}],"wp:attachment":[{"href":"https:\/\/dicodusport.fr\/blog\/wp-json\/wp\/v2\/media?parent=398897"}],"wp:term":[{"taxonomy":"category","embeddable":true,"href":"https:\/\/dicodusport.fr\/blog\/wp-json\/wp\/v2\/categories?post=398897"},{"taxonomy":"post_tag","embeddable":true,"href":"https:\/\/dicodusport.fr\/blog\/wp-json\/wp\/v2\/tags?post=398897"}],"curies":[{"name":"wp","href":"https:\/\/api.w.org\/{rel}","templated":true}]}}